{"id":9314,"date":"2019-06-23T16:00:27","date_gmt":"2019-06-23T16:00:27","guid":{"rendered":"http:\/\/avrupapress.com\/main\/?p=9314"},"modified":"2019-06-23T16:00:28","modified_gmt":"2019-06-23T16:00:28","slug":"altin-bogaz-odullerine-cok-sayida-unlu-sanatcilar-katildi","status":"publish","type":"post","link":"https:\/\/avrupapress.com\/main\/2019\/06\/23\/altin-bogaz-odullerine-cok-sayida-unlu-sanatcilar-katildi\/","title":{"rendered":"Alt\u0131n bo\u011faz \u00f6d\u00fcllerine \u00e7ok say\u0131da \u00fcnl\u00fc sanat\u00e7\u0131lar kat\u0131ld\u0131"},"content":{"rendered":"\n<p>\n\nKahya Medya Grup \u015eirketinin Down Sendromlu Bireylere fark\u0131ndal\u0131k yaratmak amac\u0131 ile d\u00fczenlemi\u015f oldu\u011fu Alt\u0131n Bo\u011faz \u00d6d\u00fclleri birinci etap Tayfun Kahya,Do\u011fukan Cihantimur, Gizem Deniz Kiri\u015f\u00e7i Kahya\u2019n\u0131n organizat\u00f6rl\u00fc\u011f\u00fcnde Portaxe\u2019da ger\u00e7ekle\u015ftirildi.<br>&nbsp;L\u00fctf\u00fc Sapmaz\u2019\u0131n ev sahipli\u011finde ger\u00e7ekle\u015fen t\u00f6rende sekt\u00f6r\u00fcnde ba\u015far\u0131l\u0131 isimlerin yan\u0131 s\u0131ra Serdar Orta\u00e7, Ferman Toprak, Ahmet Sel\u00e7uk \u0130lkan, Y\u0131lmaz Morg\u00fcl ve Aydan Kaya gibi isimler \u00f6d\u00fcl ald\u0131.<\/p>\n\n\n\n<p>\u00a0\u00dcnl\u00fc sanat\u00e7\u0131lardan; Serdar Orta\u00e7, Y\u0131lmaz Morg\u00fcl, Ferman Toprak, \u00c7a\u011fla, \u0130vana Sert, Bet\u00fcl Demir, Ufuk Beydemir, Umut Aky\u00fcrek, Sema Tun\u00e7 ,\u0130\u015f d\u00fcnyas\u0131ndan;Say Menajerlik Filiz Ko\u00e7, Ba\u015far Ak\u0131nc\u0131, \u00d6zlem Kurt,Yusuf K\u00f6ksal, \u0130brahim Y\u0131lmaz, Mehmet Y\u0131ld\u0131r\u0131m, Murat \u00c7\u00f6zer, Serdar S\u00f6zbir , Bas\u0131n gruplar\u0131ndan; Cnn T\u00fcrk, Show Tv, Kanal D, Bloomberg, Tgrt Haber, Tv100, 24 Tv, E kot\u00fcrk , Yaz\u0131l\u0131 bas\u0131ndan; Sabah Gazetesi G\u00fcnayd\u0131n, Vip Turkey Dergisi, Klass Magazin Dergisi, Magazinkolik.com sitesi, Bulunduklar\u0131 sekt\u00f6rde liderle\u015fmi\u015f markalar ve sekt\u00f6re y\u00f6n veren ba\u015far\u0131l\u0131 isimler yer ald\u0131.\u00d6d\u00fcl gecesinde Ferman Topark, Sema Tun\u00e7, Umut Aky\u00fcrek, Y\u0131lmaz Morg\u00fcl,sahnede \u015fark\u0131lar s\u00f6ylediler. Say Menajerlik solisti olan Sema Tun\u00e7 verdi\u011fi r\u00f6portajda T\u00fcrk Sanat M\u00fczi\u011finde bu yaz damgas\u0131n\u0131 vuraca\u011f\u0131n\u0131 belirtti.<\/p>\n\n\n\n<figure class=\"wp-block-image\"><img loading=\"lazy\" decoding=\"async\" width=\"960\" height=\"540\" src=\"http:\/\/avrupapress.com\/main\/wp-content\/uploads\/2019\/06\/thumbnail_65089187_2370934863164065_4666689435499233280_n.jpg\" alt=\"\" class=\"wp-image-9315\" srcset=\"https:\/\/avrupapress.com\/main\/wp-content\/uploads\/2019\/06\/thumbnail_65089187_2370934863164065_4666689435499233280_n.jpg 960w, https:\/\/avrupapress.com\/main\/wp-content\/uploads\/2019\/06\/thumbnail_65089187_2370934863164065_4666689435499233280_n-300x169.jpg 300w, https:\/\/avrupapress.com\/main\/wp-content\/uploads\/2019\/06\/thumbnail_65089187_2370934863164065_4666689435499233280_n-768x432.jpg 768w\" sizes=\"auto, (max-width: 960px) 100vw, 960px\" \/><\/figure>\n\n\n\n<figure class=\"wp-block-image\"><img loading=\"lazy\" decoding=\"async\" width=\"960\" height=\"640\" src=\"http:\/\/avrupapress.com\/main\/wp-content\/uploads\/2019\/06\/thumbnail_64866659_397535804193060_6846230551892852736_n.jpg\" alt=\"\" class=\"wp-image-9316\" srcset=\"https:\/\/avrupapress.com\/main\/wp-content\/uploads\/2019\/06\/thumbnail_64866659_397535804193060_6846230551892852736_n.jpg 960w, https:\/\/avrupapress.com\/main\/wp-content\/uploads\/2019\/06\/thumbnail_64866659_397535804193060_6846230551892852736_n-300x200.jpg 300w, https:\/\/avrupapress.com\/main\/wp-content\/uploads\/2019\/06\/thumbnail_64866659_397535804193060_6846230551892852736_n-768x512.jpg 768w\" sizes=\"auto, (max-width: 960px) 100vw, 960px\" \/><\/figure>\n\n\n\n<p><\/p>\n\n\n\n<figure class=\"wp-block-image\"><img loading=\"lazy\" decoding=\"async\" width=\"960\" height=\"647\" src=\"http:\/\/avrupapress.com\/main\/wp-content\/uploads\/2019\/06\/thumbnail_64929822_364840154216788_7998930066820038656_n.jpg\" alt=\"\" class=\"wp-image-9317\" srcset=\"https:\/\/avrupapress.com\/main\/wp-content\/uploads\/2019\/06\/thumbnail_64929822_364840154216788_7998930066820038656_n.jpg 960w, https:\/\/avrupapress.com\/main\/wp-content\/uploads\/2019\/06\/thumbnail_64929822_364840154216788_7998930066820038656_n-300x202.jpg 300w, https:\/\/avrupapress.com\/main\/wp-content\/uploads\/2019\/06\/thumbnail_64929822_364840154216788_7998930066820038656_n-768x518.jpg 768w\" sizes=\"auto, (max-width: 960px) 100vw, 960px\" \/><\/figure>\n\n\n\n<figure class=\"wp-block-image\"><img loading=\"lazy\" decoding=\"async\" width=\"605\" height=\"960\" src=\"http:\/\/avrupapress.com\/main\/wp-content\/uploads\/2019\/06\/thumbnail_64651037_767375866993901_8429888073143156736_n.jpg\" alt=\"\" class=\"wp-image-9318\" srcset=\"https:\/\/avrupapress.com\/main\/wp-content\/uploads\/2019\/06\/thumbnail_64651037_767375866993901_8429888073143156736_n.jpg 605w, https:\/\/avrupapress.com\/main\/wp-content\/uploads\/2019\/06\/thumbnail_64651037_767375866993901_8429888073143156736_n-189x300.jpg 189w\" sizes=\"auto, (max-width: 605px) 100vw, 605px\" \/><\/figure>\n\n\n\n<figure class=\"wp-block-image\"><img loading=\"lazy\" decoding=\"async\" width=\"528\" height=\"960\" src=\"http:\/\/avrupapress.com\/main\/wp-content\/uploads\/2019\/06\/thumbnail_64947674_442758529881271_3607927224772067328_n.jpg\" alt=\"\" class=\"wp-image-9319\" srcset=\"https:\/\/avrupapress.com\/main\/wp-content\/uploads\/2019\/06\/thumbnail_64947674_442758529881271_3607927224772067328_n.jpg 528w, https:\/\/avrupapress.com\/main\/wp-content\/uploads\/2019\/06\/thumbnail_64947674_442758529881271_3607927224772067328_n-165x300.jpg 165w\" sizes=\"auto, (max-width: 528px) 100vw, 528px\" \/><\/figure>\n\n\n\n<p><strong>F\u0130L\u0130Z KO\u00c7 \/ MET\u0130N DURMAZ \/ \u0130STANBUL \/ AVRUPAPRESS<\/strong> <\/p>\n","protected":false},"excerpt":{"rendered":"<p>Kahya Medya Grup \u015eirketinin Down Sendromlu Bireylere fark\u0131ndal\u0131k yaratmak amac\u0131 ile d\u00fczenlemi\u015f oldu\u011fu Alt\u0131n Bo\u011faz \u00d6d\u00fclleri birinci etap Tayfun Kahya,Do\u011fukan Cihantimur, Gizem Deniz Kiri\u015f\u00e7i Kahya\u2019n\u0131n organizat\u00f6rl\u00fc\u011f\u00fcnde Portaxe\u2019da ger\u00e7ekle\u015ftirildi.&nbsp;L\u00fctf\u00fc Sapmaz\u2019\u0131n ev sahipli\u011finde ger\u00e7ekle\u015fen t\u00f6rende sekt\u00f6r\u00fcnde ba\u015far\u0131l\u0131 isimlerin yan\u0131 s\u0131ra Serdar Orta\u00e7, Ferman Toprak, Ahmet Sel\u00e7uk \u0130lkan, Y\u0131lmaz Morg\u00fcl ve Aydan Kaya gibi isimler \u00f6d\u00fcl ald\u0131. \u00a0\u00dcnl\u00fc [&hellip;]<\/p>\n","protected":false},"author":3,"featured_media":9315,"comment_status":"open","ping_status":"open","sticky":false,"template":"","format":"standard","meta":{"footnotes":""},"categories":[18,19,2,1],"tags":[4844],"class_list":["post-9314","post","type-post","status-publish","format-standard","has-post-thumbnail","hentry","category-kultur-sanat","category-tanitim","category-turkiye","category-uncategorized","tag-altin-bogaz-odullerine-cok-sayida-unlu-sanatcilar-katildi"],"yoast_head":"<!-- This site is optimized with the Yoast SEO plugin v26.9 - https:\/\/yoast.com\/product\/yoast-seo-wordpress\/ -->\n<title>Alt\u0131n bo\u011faz \u00f6d\u00fcllerine \u00e7ok say\u0131da \u00fcnl\u00fc sanat\u00e7\u0131lar kat\u0131ld\u0131 - AvrupaPress<\/title>\n<meta name=\"robots\" content=\"index, follow, max-snippet:-1, max-image-preview:large, max-video-preview:-1\" \/>\n<link rel=\"canonical\" href=\"https:\/\/avrupapress.com\/2019\/06\/23\/altin-bogaz-odullerine-cok-sayida-unlu-sanatcilar-katildi\/\" \/>\n<meta property=\"og:locale\" content=\"fr_FR\" \/>\n<meta property=\"og:type\" content=\"article\" \/>\n<meta property=\"og:title\" content=\"Alt\u0131n bo\u011faz \u00f6d\u00fcllerine \u00e7ok say\u0131da \u00fcnl\u00fc sanat\u00e7\u0131lar kat\u0131ld\u0131 - AvrupaPress\" \/>\n<meta property=\"og:description\" content=\"Kahya Medya Grup \u015eirketinin Down Sendromlu Bireylere fark\u0131ndal\u0131k yaratmak amac\u0131 ile d\u00fczenlemi\u015f oldu\u011fu Alt\u0131n Bo\u011faz \u00d6d\u00fclleri birinci etap Tayfun Kahya,Do\u011fukan Cihantimur, Gizem Deniz Kiri\u015f\u00e7i Kahya\u2019n\u0131n organizat\u00f6rl\u00fc\u011f\u00fcnde Portaxe\u2019da ger\u00e7ekle\u015ftirildi.&nbsp;L\u00fctf\u00fc Sapmaz\u2019\u0131n ev sahipli\u011finde ger\u00e7ekle\u015fen t\u00f6rende sekt\u00f6r\u00fcnde ba\u015far\u0131l\u0131 isimlerin yan\u0131 s\u0131ra Serdar Orta\u00e7, Ferman Toprak, Ahmet Sel\u00e7uk \u0130lkan, Y\u0131lmaz Morg\u00fcl ve Aydan Kaya gibi isimler \u00f6d\u00fcl ald\u0131. \u00a0\u00dcnl\u00fc [&hellip;]\" \/>\n<meta property=\"og:url\" content=\"https:\/\/avrupapress.com\/2019\/06\/23\/altin-bogaz-odullerine-cok-sayida-unlu-sanatcilar-katildi\/\" \/>\n<meta property=\"og:site_name\" content=\"AvrupaPress\" \/>\n<meta property=\"article:published_time\" content=\"2019-06-23T16:00:27+00:00\" \/>\n<meta property=\"article:modified_time\" content=\"2019-06-23T16:00:28+00:00\" \/>\n<meta property=\"og:image\" content=\"https:\/\/avrupapress.com\/wp-content\/uploads\/2019\/06\/thumbnail_65089187_2370934863164065_4666689435499233280_n.jpg\" \/>\n\t<meta property=\"og:image:width\" content=\"960\" \/>\n\t<meta property=\"og:image:height\" content=\"540\" \/>\n\t<meta property=\"og:image:type\" content=\"image\/jpeg\" \/>\n<meta name=\"author\" content=\"Edit\u00f6r\" \/>\n<meta name=\"twitter:card\" content=\"summary_large_image\" \/>\n<meta name=\"twitter:label1\" content=\"\u00c9crit par\" \/>\n\t<meta name=\"twitter:data1\" content=\"Edit\u00f6r\" \/>\n\t<meta name=\"twitter:label2\" content=\"Dur\u00e9e de lecture est.\" \/>\n\t<meta name=\"twitter:data2\" content=\"1 minute\" \/>\n<script type=\"application\/ld+json\" class=\"yoast-schema-graph\">{\"@context\":\"https:\/\/schema.org\",\"@graph\":[{\"@type\":\"Article\",\"@id\":\"https:\/\/avrupapress.com\/2019\/06\/23\/altin-bogaz-odullerine-cok-sayida-unlu-sanatcilar-katildi\/#article\",\"isPartOf\":{\"@id\":\"https:\/\/avrupapress.com\/2019\/06\/23\/altin-bogaz-odullerine-cok-sayida-unlu-sanatcilar-katildi\/\"},\"author\":{\"name\":\"Edit\u00f6r\",\"@id\":\"https:\/\/avrupapress.com\/#\/schema\/person\/68428444ec60970d1e1b700cf4ca1e8f\"},\"headline\":\"Alt\u0131n bo\u011faz \u00f6d\u00fcllerine \u00e7ok say\u0131da \u00fcnl\u00fc sanat\u00e7\u0131lar kat\u0131ld\u0131\",\"datePublished\":\"2019-06-23T16:00:27+00:00\",\"dateModified\":\"2019-06-23T16:00:28+00:00\",\"mainEntityOfPage\":{\"@id\":\"https:\/\/avrupapress.com\/2019\/06\/23\/altin-bogaz-odullerine-cok-sayida-unlu-sanatcilar-katildi\/\"},\"wordCount\":262,\"commentCount\":0,\"publisher\":{\"@id\":\"https:\/\/avrupapress.com\/#\/schema\/person\/0223dca19c72c43575bf30d1a2d8f4fa\"},\"image\":{\"@id\":\"https:\/\/avrupapress.com\/2019\/06\/23\/altin-bogaz-odullerine-cok-sayida-unlu-sanatcilar-katildi\/#primaryimage\"},\"thumbnailUrl\":\"https:\/\/avrupapress.com\/main\/wp-content\/uploads\/2019\/06\/thumbnail_65089187_2370934863164065_4666689435499233280_n.jpg\",\"keywords\":[\"Alt\u0131n bo\u011faz \u00f6d\u00fcllerine \u00e7ok say\u0131da \u00fcnl\u00fc sanat\u00e7\u0131lar kat\u0131ld\u0131\"],\"articleSection\":[\"K\u00fclt\u00fcr-Sanat\",\"Tan\u0131t\u0131m\",\"T\u00fcrkiye\",\"Uncategorized\"],\"inLanguage\":\"fr-BE\",\"potentialAction\":[{\"@type\":\"CommentAction\",\"name\":\"Comment\",\"target\":[\"https:\/\/avrupapress.com\/2019\/06\/23\/altin-bogaz-odullerine-cok-sayida-unlu-sanatcilar-katildi\/#respond\"]}]},{\"@type\":\"WebPage\",\"@id\":\"https:\/\/avrupapress.com\/2019\/06\/23\/altin-bogaz-odullerine-cok-sayida-unlu-sanatcilar-katildi\/\",\"url\":\"https:\/\/avrupapress.com\/2019\/06\/23\/altin-bogaz-odullerine-cok-sayida-unlu-sanatcilar-katildi\/\",\"name\":\"Alt\u0131n bo\u011faz \u00f6d\u00fcllerine \u00e7ok say\u0131da \u00fcnl\u00fc sanat\u00e7\u0131lar kat\u0131ld\u0131 - AvrupaPress\",\"isPartOf\":{\"@id\":\"https:\/\/avrupapress.com\/#website\"},\"primaryImageOfPage\":{\"@id\":\"https:\/\/avrupapress.com\/2019\/06\/23\/altin-bogaz-odullerine-cok-sayida-unlu-sanatcilar-katildi\/#primaryimage\"},\"image\":{\"@id\":\"https:\/\/avrupapress.com\/2019\/06\/23\/altin-bogaz-odullerine-cok-sayida-unlu-sanatcilar-katildi\/#primaryimage\"},\"thumbnailUrl\":\"https:\/\/avrupapress.com\/main\/wp-content\/uploads\/2019\/06\/thumbnail_65089187_2370934863164065_4666689435499233280_n.jpg\",\"datePublished\":\"2019-06-23T16:00:27+00:00\",\"dateModified\":\"2019-06-23T16:00:28+00:00\",\"breadcrumb\":{\"@id\":\"https:\/\/avrupapress.com\/2019\/06\/23\/altin-bogaz-odullerine-cok-sayida-unlu-sanatcilar-katildi\/#breadcrumb\"},\"inLanguage\":\"fr-BE\",\"potentialAction\":[{\"@type\":\"ReadAction\",\"target\":[\"https:\/\/avrupapress.com\/2019\/06\/23\/altin-bogaz-odullerine-cok-sayida-unlu-sanatcilar-katildi\/\"]}]},{\"@type\":\"ImageObject\",\"inLanguage\":\"fr-BE\",\"@id\":\"https:\/\/avrupapress.com\/2019\/06\/23\/altin-bogaz-odullerine-cok-sayida-unlu-sanatcilar-katildi\/#primaryimage\",\"url\":\"https:\/\/avrupapress.com\/main\/wp-content\/uploads\/2019\/06\/thumbnail_65089187_2370934863164065_4666689435499233280_n.jpg\",\"contentUrl\":\"https:\/\/avrupapress.com\/main\/wp-content\/uploads\/2019\/06\/thumbnail_65089187_2370934863164065_4666689435499233280_n.jpg\",\"width\":960,\"height\":540},{\"@type\":\"BreadcrumbList\",\"@id\":\"https:\/\/avrupapress.com\/2019\/06\/23\/altin-bogaz-odullerine-cok-sayida-unlu-sanatcilar-katildi\/#breadcrumb\",\"itemListElement\":[{\"@type\":\"ListItem\",\"position\":1,\"name\":\"Anasayfa\",\"item\":\"https:\/\/avrupapress.com\/\"},{\"@type\":\"ListItem\",\"position\":2,\"name\":\"Alt\u0131n bo\u011faz \u00f6d\u00fcllerine \u00e7ok say\u0131da \u00fcnl\u00fc sanat\u00e7\u0131lar kat\u0131ld\u0131\"}]},{\"@type\":\"WebSite\",\"@id\":\"https:\/\/avrupapress.com\/#website\",\"url\":\"https:\/\/avrupapress.com\/\",\"name\":\"AvrupaPress\",\"description\":\"Haberin Adresi\",\"publisher\":{\"@id\":\"https:\/\/avrupapress.com\/#\/schema\/person\/0223dca19c72c43575bf30d1a2d8f4fa\"},\"potentialAction\":[{\"@type\":\"SearchAction\",\"target\":{\"@type\":\"EntryPoint\",\"urlTemplate\":\"https:\/\/avrupapress.com\/?s={search_term_string}\"},\"query-input\":{\"@type\":\"PropertyValueSpecification\",\"valueRequired\":true,\"valueName\":\"search_term_string\"}}],\"inLanguage\":\"fr-BE\"},{\"@type\":[\"Person\",\"Organization\"],\"@id\":\"https:\/\/avrupapress.com\/#\/schema\/person\/0223dca19c72c43575bf30d1a2d8f4fa\",\"name\":\"Bilgin \u00d6z\u00e7ift\u00e7i\",\"image\":{\"@type\":\"ImageObject\",\"inLanguage\":\"fr-BE\",\"@id\":\"https:\/\/avrupapress.com\/#\/schema\/person\/image\/\",\"url\":\"https:\/\/secure.gravatar.com\/avatar\/0f23b280433a21e1ea7a0adcc46ed0ad16afe3ad8e630fd13d8a017dcbd54ef3?s=96&d=mm&r=g\",\"contentUrl\":\"https:\/\/secure.gravatar.com\/avatar\/0f23b280433a21e1ea7a0adcc46ed0ad16afe3ad8e630fd13d8a017dcbd54ef3?s=96&d=mm&r=g\",\"caption\":\"Bilgin \u00d6z\u00e7ift\u00e7i\"},\"logo\":{\"@id\":\"https:\/\/avrupapress.com\/#\/schema\/person\/image\/\"},\"description\":\"Ne ben, nede sen... Biz ancak \\\"biz\\\" olursak g\u00fc\u00e7l\u00fc olabiliriz\"},{\"@type\":\"Person\",\"@id\":\"https:\/\/avrupapress.com\/#\/schema\/person\/68428444ec60970d1e1b700cf4ca1e8f\",\"name\":\"Edit\u00f6r\",\"image\":{\"@type\":\"ImageObject\",\"inLanguage\":\"fr-BE\",\"@id\":\"https:\/\/avrupapress.com\/#\/schema\/person\/image\/\",\"url\":\"https:\/\/secure.gravatar.com\/avatar\/74996b0977aa5f1559ba9883776652508b229005c0d78fb2597897f0bd651c09?s=96&d=mm&r=g\",\"contentUrl\":\"https:\/\/secure.gravatar.com\/avatar\/74996b0977aa5f1559ba9883776652508b229005c0d78fb2597897f0bd651c09?s=96&d=mm&r=g\",\"caption\":\"Edit\u00f6r\"},\"sameAs\":[\"http:\/\/www.avrupapress.com\"],\"url\":\"https:\/\/avrupapress.com\/main\/author\/editor\/\"}]}<\/script>\n<!-- \/ Yoast SEO plugin. -->","yoast_head_json":{"title":"Alt\u0131n bo\u011faz \u00f6d\u00fcllerine \u00e7ok say\u0131da \u00fcnl\u00fc sanat\u00e7\u0131lar kat\u0131ld\u0131 - AvrupaPress","robots":{"index":"index","follow":"follow","max-snippet":"max-snippet:-1","max-image-preview":"max-image-preview:large","max-video-preview":"max-video-preview:-1"},"canonical":"https:\/\/avrupapress.com\/2019\/06\/23\/altin-bogaz-odullerine-cok-sayida-unlu-sanatcilar-katildi\/","og_locale":"fr_FR","og_type":"article","og_title":"Alt\u0131n bo\u011faz \u00f6d\u00fcllerine \u00e7ok say\u0131da \u00fcnl\u00fc sanat\u00e7\u0131lar kat\u0131ld\u0131 - AvrupaPress","og_description":"Kahya Medya Grup \u015eirketinin Down Sendromlu Bireylere fark\u0131ndal\u0131k yaratmak amac\u0131 ile d\u00fczenlemi\u015f oldu\u011fu Alt\u0131n Bo\u011faz \u00d6d\u00fclleri birinci etap Tayfun Kahya,Do\u011fukan Cihantimur, Gizem Deniz Kiri\u015f\u00e7i Kahya\u2019n\u0131n organizat\u00f6rl\u00fc\u011f\u00fcnde Portaxe\u2019da ger\u00e7ekle\u015ftirildi.&nbsp;L\u00fctf\u00fc Sapmaz\u2019\u0131n ev sahipli\u011finde ger\u00e7ekle\u015fen t\u00f6rende sekt\u00f6r\u00fcnde ba\u015far\u0131l\u0131 isimlerin yan\u0131 s\u0131ra Serdar Orta\u00e7, Ferman Toprak, Ahmet Sel\u00e7uk \u0130lkan, Y\u0131lmaz Morg\u00fcl ve Aydan Kaya gibi isimler \u00f6d\u00fcl ald\u0131. \u00a0\u00dcnl\u00fc [&hellip;]","og_url":"https:\/\/avrupapress.com\/2019\/06\/23\/altin-bogaz-odullerine-cok-sayida-unlu-sanatcilar-katildi\/","og_site_name":"AvrupaPress","article_published_time":"2019-06-23T16:00:27+00:00","article_modified_time":"2019-06-23T16:00:28+00:00","og_image":[{"width":960,"height":540,"url":"https:\/\/avrupapress.com\/wp-content\/uploads\/2019\/06\/thumbnail_65089187_2370934863164065_4666689435499233280_n.jpg","type":"image\/jpeg"}],"author":"Edit\u00f6r","twitter_card":"summary_large_image","twitter_misc":{"\u00c9crit par":"Edit\u00f6r","Dur\u00e9e de lecture est.":"1 minute"},"schema":{"@context":"https:\/\/schema.org","@graph":[{"@type":"Article","@id":"https:\/\/avrupapress.com\/2019\/06\/23\/altin-bogaz-odullerine-cok-sayida-unlu-sanatcilar-katildi\/#article","isPartOf":{"@id":"https:\/\/avrupapress.com\/2019\/06\/23\/altin-bogaz-odullerine-cok-sayida-unlu-sanatcilar-katildi\/"},"author":{"name":"Edit\u00f6r","@id":"https:\/\/avrupapress.com\/#\/schema\/person\/68428444ec60970d1e1b700cf4ca1e8f"},"headline":"Alt\u0131n bo\u011faz \u00f6d\u00fcllerine \u00e7ok say\u0131da \u00fcnl\u00fc sanat\u00e7\u0131lar kat\u0131ld\u0131","datePublished":"2019-06-23T16:00:27+00:00","dateModified":"2019-06-23T16:00:28+00:00","mainEntityOfPage":{"@id":"https:\/\/avrupapress.com\/2019\/06\/23\/altin-bogaz-odullerine-cok-sayida-unlu-sanatcilar-katildi\/"},"wordCount":262,"commentCount":0,"publisher":{"@id":"https:\/\/avrupapress.com\/#\/schema\/person\/0223dca19c72c43575bf30d1a2d8f4fa"},"image":{"@id":"https:\/\/avrupapress.com\/2019\/06\/23\/altin-bogaz-odullerine-cok-sayida-unlu-sanatcilar-katildi\/#primaryimage"},"thumbnailUrl":"https:\/\/avrupapress.com\/main\/wp-content\/uploads\/2019\/06\/thumbnail_65089187_2370934863164065_4666689435499233280_n.jpg","keywords":["Alt\u0131n bo\u011faz \u00f6d\u00fcllerine \u00e7ok say\u0131da \u00fcnl\u00fc sanat\u00e7\u0131lar kat\u0131ld\u0131"],"articleSection":["K\u00fclt\u00fcr-Sanat","Tan\u0131t\u0131m","T\u00fcrkiye","Uncategorized"],"inLanguage":"fr-BE","potentialAction":[{"@type":"CommentAction","name":"Comment","target":["https:\/\/avrupapress.com\/2019\/06\/23\/altin-bogaz-odullerine-cok-sayida-unlu-sanatcilar-katildi\/#respond"]}]},{"@type":"WebPage","@id":"https:\/\/avrupapress.com\/2019\/06\/23\/altin-bogaz-odullerine-cok-sayida-unlu-sanatcilar-katildi\/","url":"https:\/\/avrupapress.com\/2019\/06\/23\/altin-bogaz-odullerine-cok-sayida-unlu-sanatcilar-katildi\/","name":"Alt\u0131n bo\u011faz \u00f6d\u00fcllerine \u00e7ok say\u0131da \u00fcnl\u00fc sanat\u00e7\u0131lar kat\u0131ld\u0131 - AvrupaPress","isPartOf":{"@id":"https:\/\/avrupapress.com\/#website"},"primaryImageOfPage":{"@id":"https:\/\/avrupapress.com\/2019\/06\/23\/altin-bogaz-odullerine-cok-sayida-unlu-sanatcilar-katildi\/#primaryimage"},"image":{"@id":"https:\/\/avrupapress.com\/2019\/06\/23\/altin-bogaz-odullerine-cok-sayida-unlu-sanatcilar-katildi\/#primaryimage"},"thumbnailUrl":"https:\/\/avrupapress.com\/main\/wp-content\/uploads\/2019\/06\/thumbnail_65089187_2370934863164065_4666689435499233280_n.jpg","datePublished":"2019-06-23T16:00:27+00:00","dateModified":"2019-06-23T16:00:28+00:00","breadcrumb":{"@id":"https:\/\/avrupapress.com\/2019\/06\/23\/altin-bogaz-odullerine-cok-sayida-unlu-sanatcilar-katildi\/#breadcrumb"},"inLanguage":"fr-BE","potentialAction":[{"@type":"ReadAction","target":["https:\/\/avrupapress.com\/2019\/06\/23\/altin-bogaz-odullerine-cok-sayida-unlu-sanatcilar-katildi\/"]}]},{"@type":"ImageObject","inLanguage":"fr-BE","@id":"https:\/\/avrupapress.com\/2019\/06\/23\/altin-bogaz-odullerine-cok-sayida-unlu-sanatcilar-katildi\/#primaryimage","url":"https:\/\/avrupapress.com\/main\/wp-content\/uploads\/2019\/06\/thumbnail_65089187_2370934863164065_4666689435499233280_n.jpg","contentUrl":"https:\/\/avrupapress.com\/main\/wp-content\/uploads\/2019\/06\/thumbnail_65089187_2370934863164065_4666689435499233280_n.jpg","width":960,"height":540},{"@type":"BreadcrumbList","@id":"https:\/\/avrupapress.com\/2019\/06\/23\/altin-bogaz-odullerine-cok-sayida-unlu-sanatcilar-katildi\/#breadcrumb","itemListElement":[{"@type":"ListItem","position":1,"name":"Anasayfa","item":"https:\/\/avrupapress.com\/"},{"@type":"ListItem","position":2,"name":"Alt\u0131n bo\u011faz \u00f6d\u00fcllerine \u00e7ok say\u0131da \u00fcnl\u00fc sanat\u00e7\u0131lar kat\u0131ld\u0131"}]},{"@type":"WebSite","@id":"https:\/\/avrupapress.com\/#website","url":"https:\/\/avrupapress.com\/","name":"AvrupaPress","description":"Haberin Adresi","publisher":{"@id":"https:\/\/avrupapress.com\/#\/schema\/person\/0223dca19c72c43575bf30d1a2d8f4fa"},"potentialAction":[{"@type":"SearchAction","target":{"@type":"EntryPoint","urlTemplate":"https:\/\/avrupapress.com\/?s={search_term_string}"},"query-input":{"@type":"PropertyValueSpecification","valueRequired":true,"valueName":"search_term_string"}}],"inLanguage":"fr-BE"},{"@type":["Person","Organization"],"@id":"https:\/\/avrupapress.com\/#\/schema\/person\/0223dca19c72c43575bf30d1a2d8f4fa","name":"Bilgin \u00d6z\u00e7ift\u00e7i","image":{"@type":"ImageObject","inLanguage":"fr-BE","@id":"https:\/\/avrupapress.com\/#\/schema\/person\/image\/","url":"https:\/\/secure.gravatar.com\/avatar\/0f23b280433a21e1ea7a0adcc46ed0ad16afe3ad8e630fd13d8a017dcbd54ef3?s=96&d=mm&r=g","contentUrl":"https:\/\/secure.gravatar.com\/avatar\/0f23b280433a21e1ea7a0adcc46ed0ad16afe3ad8e630fd13d8a017dcbd54ef3?s=96&d=mm&r=g","caption":"Bilgin \u00d6z\u00e7ift\u00e7i"},"logo":{"@id":"https:\/\/avrupapress.com\/#\/schema\/person\/image\/"},"description":"Ne ben, nede sen... Biz ancak \"biz\" olursak g\u00fc\u00e7l\u00fc olabiliriz"},{"@type":"Person","@id":"https:\/\/avrupapress.com\/#\/schema\/person\/68428444ec60970d1e1b700cf4ca1e8f","name":"Edit\u00f6r","image":{"@type":"ImageObject","inLanguage":"fr-BE","@id":"https:\/\/avrupapress.com\/#\/schema\/person\/image\/","url":"https:\/\/secure.gravatar.com\/avatar\/74996b0977aa5f1559ba9883776652508b229005c0d78fb2597897f0bd651c09?s=96&d=mm&r=g","contentUrl":"https:\/\/secure.gravatar.com\/avatar\/74996b0977aa5f1559ba9883776652508b229005c0d78fb2597897f0bd651c09?s=96&d=mm&r=g","caption":"Edit\u00f6r"},"sameAs":["http:\/\/www.avrupapress.com"],"url":"https:\/\/avrupapress.com\/main\/author\/editor\/"}]}},"_links":{"self":[{"href":"https:\/\/avrupapress.com\/main\/wp-json\/wp\/v2\/posts\/9314","targetHints":{"allow":["GET"]}}],"collection":[{"href":"https:\/\/avrupapress.com\/main\/wp-json\/wp\/v2\/posts"}],"about":[{"href":"https:\/\/avrupapress.com\/main\/wp-json\/wp\/v2\/types\/post"}],"author":[{"embeddable":true,"href":"https:\/\/avrupapress.com\/main\/wp-json\/wp\/v2\/users\/3"}],"replies":[{"embeddable":true,"href":"https:\/\/avrupapress.com\/main\/wp-json\/wp\/v2\/comments?post=9314"}],"version-history":[{"count":1,"href":"https:\/\/avrupapress.com\/main\/wp-json\/wp\/v2\/posts\/9314\/revisions"}],"predecessor-version":[{"id":9320,"href":"https:\/\/avrupapress.com\/main\/wp-json\/wp\/v2\/posts\/9314\/revisions\/9320"}],"wp:featuredmedia":[{"embeddable":true,"href":"https:\/\/avrupapress.com\/main\/wp-json\/wp\/v2\/media\/9315"}],"wp:attachment":[{"href":"https:\/\/avrupapress.com\/main\/wp-json\/wp\/v2\/media?parent=9314"}],"wp:term":[{"taxonomy":"category","embeddable":true,"href":"https:\/\/avrupapress.com\/main\/wp-json\/wp\/v2\/categories?post=9314"},{"taxonomy":"post_tag","embeddable":true,"href":"https:\/\/avrupapress.com\/main\/wp-json\/wp\/v2\/tags?post=9314"}],"curies":[{"name":"wp","href":"https:\/\/api.w.org\/{rel}","templated":true}]}}