{"id":9311,"date":"2019-06-21T21:40:04","date_gmt":"2019-06-21T21:40:04","guid":{"rendered":"http:\/\/avrupapress.com\/main\/?p=9311"},"modified":"2021-06-11T22:57:31","modified_gmt":"2021-06-11T22:57:31","slug":"adi-ela","status":"publish","type":"post","link":"https:\/\/avrupapress.com\/main\/2019\/06\/21\/adi-ela\/","title":{"rendered":"Ad\u0131 Ela!"},"content":{"rendered":"\n<p> Sene 2001. Babam, \u2018\u2019Bu sene yayla \u015fenlikleri erken olacak \u00f6yle karar ald\u0131k\u2018\u2019 dedi. Babambelediyede gorevliydi ama ku\u00e7uk bir il\u00e7e oldugumuz i\u00e7in biz k\u00f6yde ya\u015f\u0131yorduk. Daha g\u00fczel ve daharahatt\u0131 ye\u015filliklerin i\u00e7indeydi evimiz. \u00c7ok \u015fansl\u0131 bir \u00e7ocuklugum olmu\u015ftu. \u00c7\u00fcnk\u00fc ben babam\u0131nprensesiydim. Birbirine sayg\u0131s\u0131 olan bir ailenin i\u00e7inde buyumu\u015ftum. Annemle babam benim ve abimind\u00fc\u015f\u00fcncelerini sayg\u0131yla ve her zaman anlay\u0131\u015fla kar\u015f\u0131m\u0131\u015flard\u0131. Abim 21 ya\u015f\u0131nda ben ise 17 ya\u015f\u0131ndayd\u0131m.\u00c7ok iyi anla\u015f\u0131yorduk abimle arkada\u015f gibiydik. Evet bahar gelmi\u015fti, papatyalar ye\u015fil \u00e7imenlerinaras\u0131ndan \u00e7\u0131kmaya ba\u015flam\u0131\u015ft\u0131, toprag\u0131n \u0131slak kokusunu doyas\u0131ya i\u00e7ime \u00e7ekiyordum, a\u011fa\u00e7lar ye\u015filin herrengine boyanm\u0131\u015f, denizin o muhte\u015fem kokusu her \u015feye de\u011fer. Ne g\u00fczel bir g\u00fcn insan hayat\u0131 doyadoya ya\u015famal\u0131 \u00e7\u00fcnk\u00fc hayat \u00e7ok g\u00fczel ve her zaman ya\u015famaya de\u011fer. Babam \u00e7ok yo\u011fundu yayla\u015fenlikleriyle ugra\u015f\u0131yor ben de okuldan sonra babama yard\u0131m etmeye gidiyordum. Abim bizimleya\u015fam\u0131yordu. Ankara\u2019 da bir \u00f6\u011frenci evinde kal\u0131yordu ve son iki y\u0131l\u0131 kalm\u0131\u015ft\u0131. O y\u00fczden elimdengeldi\u011fi kadar babama ben yard\u0131m etmeye \u00e7al\u0131\u015f\u0131yordum. \u2018\u2019Son bir ay\u0131m\u0131z var \u00e7ok guzel ge\u00e7ecek, busene yayla \u015fenlikleri \u00e7ok say\u0131da \u00fcnl\u00fc gelecek, bu sene \u00e7ok farkl\u0131 olacak.\u2018\u2019 diyordu babam . Benimokulumun bitmesine de cok az bir zaman kalm\u0131\u015ft\u0131. Tatil ba\u015flamak \u00fczereydi ve g\u00fcnler su gibi ge\u00e7iyorduson haz\u0131rl\u0131klar yap\u0131l\u0131yor. Babam ise \u00e7ok heyecanl\u0131 var g\u00fcc\u00fcyle bu program i\u00e7in \u00e7al\u0131\u015f\u0131yordu. Can\u0131mbabam gelece\u011fimin kaderimin \u00e7izgisini \u00e7iziyormu\u015f, bilseydi asla b\u00f6yle bir \u015fenli\u011fi d\u00fczenlemezdi. O gecebiz de e\u015fyalar\u0131m\u0131z\u0131 toplay\u0131p yayladaki evimize do\u011fru yola c\u0131kt\u0131k. Sabah\u0131n erken saatlerinde vard\u0131k.Biraz dinlendikden sonra panay\u0131r\u0131n oraya gittik. \u00c7ok g\u00fczel bir k\u00f6y kahvalt\u0131s\u0131yla g\u00fcne ba\u015flad\u0131k. Art\u0131kinsanlar da gelmeye ba\u015flam\u0131\u015ft\u0131. Yak\u0131n illerden otob\u00fcsler, \u00f6zel arabalar, siyasetciler, sanatc\u0131lar, muhti\u015fbir kalabal\u0131k olmaya ba\u015flami\u015ft\u0131. Biraz so\u011fuk olsada guzel bir hava vard\u0131. Ben de arkada\u015f\u0131m Buse`yibekliyordum. Buse`nin annesi ve babas\u0131yla da ailecek g\u00f6r\u00fc\u015f\u00fcyorduk. \u00c7ok seviyordum Kadir abiyi veElif ablay\u0131. Buselerde gelmi\u015fti ve ben arkada\u015fimla dola\u015fmaya \u00e7\u0131km\u0131\u015ft\u0131m. Y\u00fcr\u00fcrken Buse`yearkadas\u0131ndan biri seslendi, \u2018\u2019Merhaba Buse, g\u00f6rmeden ge\u00e7iyorsun beni \u2018\u2019. Buse tan\u0131yordu o genc\u0130yan\u0131na g\u0131tt\u0131 \u2018\u2019Ho\u015fgeldin Furkan\u2018\u2019 dedi. Buse Antalya`ya tatile gittiklerinde tanim\u0131\u015f Furkan`\u0131. Onlardatatile gelmi\u015f Antalya`ya. Furkan`la biraz konu\u015ftuktan sonra Buse yan\u0131ma geldi \u2018\u2019\u00e7ok iyi bir \u00e7ocukFurkan. Tan\u0131yorum onu ve ailesin\u2018\u2019 dedi. Babam\u0131 da gormek istiyor en k\u0131sa zamanda Furkan. Birazdaha dola\u015ft\u0131ktan sonra \u015fenliklerin oldu\u011fu yere vard\u0131k. \u00d6\u011fle saatleri olmu\u015ftu annem, \u2018\u2019 hadi art\u0131kyeme\u011fe gelin ac\u0131kt\u0131k\u2018\u2019 dedi. \u00c7ok g\u00fczel bir masa haz\u0131rlam\u0131\u015flard\u0131 Elif ablayla annem. Buse yemekteFurkan`dan bahsetti. Buse`nin babas\u0131 cok seviyordu Furkan\u0131. Ak\u015fama konser vard\u0131, Buse ile konseregidecektik. Haz\u0131rlanmaya Buselere gittik. Buselerin evi daha yak\u0131nd\u0131 \u015fenlik alan\u0131na. Haz\u0131rland\u0131ktansonra \u015fenliklerin oldu\u011fu yere tekrar gelik. Gen\u00e7ler toplanm\u0131\u015f t\u00fcrk\u00fcler s\u00f6yl\u00fcyorlard\u0131 saz\u0131nkemen\u00e7enin e\u015fli\u011finde. Bilde onlara kad\u0131lt\u0131k \u00e7ok e\u011fleniyorduk sahilin muhte\u015fem dalgalar\u0131 da e\u015flikediyordu bize. O s\u0131ra da furkan\u0131n sesini duydum. Buse ile konu\u015fuyordu. Ben de arkam\u0131 d\u00f6nd\u00fcm.Furka`n\u0131n yan\u0131nda daha \u00f6nce hi\u00e7 g\u00f6rmedi\u011fim bir arkada\u015f\u0131 vard\u0131. \u0130\u00e7imde \u00f6yle tuhaf bir duygu olu\u015ftu kisanki s\u0131cak su d\u00f6kt\u00fcler. Buse \u2018\u2019Ela gelsene\u2018\u2019 diye seslendi bana. \u0130\u015fte o an kalbim duracak gibiydi. Neoluyordu bana neden b\u00f6yle olmu\u015ftum. Furka`n\u0131n arkada\u015f\u0131da bana bak\u0131yor ve g\u00fcl\u00fcms\u00fcyordu.Yanlar\u0131na gittim, tan\u0131\u015ft\u0131k. Ad\u0131 Arif`ti ve ben daha once ya\u015famad\u0131g\u0131m duygular ya\u015f\u0131yordum. Arif`inbak\u0131\u015flar\u0131ndan onunda bana kar\u015f\u0131 bir \u015feyler hissetti\u011fini anlami\u015ft\u0131m. Konserde \u00e7ok e\u011flendik. Konserbitince beraber y\u00fcr\u00fcd\u00fck. Biraz sonra yar\u0131n i\u00e7in bir plan yap\u0131p ayr\u0131ld\u0131k. Buse \u2018\u2019Ela ne oluyor niyeboylesin Arif sana gore biri de\u011fil \u00e7\u00fcnk\u00fc yurtd\u0131\u015f\u0131ndan tatil i\u00e7in gelmi\u015f Buraklara. Burak`\u0131n arkada\u015f\u0131 ong\u00fcn sonra d\u00f6necek \u00fclkesine, l\u00fctfen Ela sa\u00e7ma sapan \u015feyler du\u015funme. \u2018\u2019 Evet sa\u00e7ma sapand\u0131 belki amaben kalbime s\u00f6z ge\u00e7iremiyordum, s\u00fcrekli Arif`in g\u00fcl\u00fc\u015f\u00fc g\u00f6z\u00fcm\u00fcn \u00f6\u011fn\u00fcne geliyordu. Sabah olmu\u015ftuen g\u00fczel elbisemi giydim, sa\u00e7lar\u0131m\u0131 yapt\u0131m, kahvalt\u0131ya indim. S\u0131cac\u0131k ekmek kokusu geliyordumutfaktan. Annem fark ett\u0131 bendeki heycan\u0131, \u2018\u2019Hay\u0131rd\u0131r k\u0131z\u0131m bu mutlulu\u011funu neye bor\u00e7luyuz?\u2018\u2019 dedi.Annecigim bir bilseydi i\u00e7imde ya\u015fad\u0131\u011f\u0131m duygular\u0131. Nas\u0131l s\u00f6ylerim ben b\u00f6yle bir \u015feyi anneme,imkans\u0131z. Kahvalt\u0131m\u0131z\u0131 ettikten sonra Elif ablara gittik. Annemle Elif abla otururken biz sahilearkada\u015flar\u0131m\u0131z\u0131n yan\u0131na gidiyoruz diye \u00e7\u0131kt\u0131k. Furkan ile Arif sahilde bekliyordu bizi. \u00c7ok heyecanl\u0131yd\u0131mbiraz da belli ediyordum san\u0131r\u0131m Arif \u2018\u2019Nas\u0131ls\u0131n\u0131z han\u0131mlar, sizin i\u00e7in ne yapabiliriz, nereye gidelim? \u2018\u2019\u00a0dedi. Arif Fransa`dan gelmi\u015fti. Orda do\u011fmu\u015f bir firmada muhasebeci olarak \u00e7al\u0131\u015f\u0131yormu\u015f on g\u00fcnl\u00fckizni varmi\u015f. Sonra annesini babas\u0131n\u0131 anlatt\u0131, ya\u015fant\u0131s\u0131n\u0131. Tek \u00e7ocuktu ve ailesiyle ya\u015f\u0131yordu. O kendinianlat\u0131rken ben onun ruhuna iniyordum sanki, Arif`i ya\u015f\u0131yordum. Galiba ben a\u015f\u0131k olmu\u015ftum. Busefark\u0131ndayd\u0131 ve Arif`i \u00e7ok sevmiyordu. \u2018\u2019Hadi Ela gidelim art\u0131k \u00e7ok ge\u00e7 kald\u0131k.\u2018\u2019 dedi. Furkan \u2018\u2019Kadir abiyig\u00f6rece\u011fim biz de sizinle gelelim.\u2018\u2019 dedi. Hep beraber babamlar\u0131n yan\u0131na gittik. Kadir abi Furkan`asar\u0131ld\u0131, \u2018\u2019\u00d6zlemi\u015fim seninle ma\u00e7 yapmay\u0131.\u2018\u2019 dedi \u015fakala\u015ft\u0131 Furkan ile. Babamla da tan\u0131\u015ft\u0131 Furkan ve Arif.Furkan \u00e7ok sevimli bir \u00e7ocuktu ama maalesef Arif`i \u00e7ok sevemediler. Onlar\u0131n sevemedi\u011fi adama bena\u015f\u0131k olmu\u015ftum. Furkan ve Arif vedala\u015f\u0131p gitti. \u00dczg\u00fcnd\u00fcm babam ilk kez biri hakk\u0131nda yorum yapt\u0131,\u2018\u2019Arif ile \u00e7ok yak\u0131n olman\u0131z\u0131 istemiyorum.\u2018\u2019 dedi Buse ile bana. \u00c7ok \u00fcz\u00fclm\u00fc\u015ft\u00fcm babam Arif`isevmemi\u015fti. Ben nas\u0131l anlatacakt\u0131m duygular\u0131m\u0131 \u015fimdi babama. Sabah olunca tekrar \u015fenl\u0130klerin orayagittik. \u00c7\u00fcnk\u00fc turnuva vard\u0131 b\u00fcg\u00fcn. Arif ile Furkan`da ordayd\u0131. Biz daha \u00e7ok yakla\u015fmaya ba\u015flam\u0131\u015ft\u0131kArif`le. Buse surekli beni uyar\u0131yor daha fazla kendini kapt\u0131rma uzuleceksin diyordu. Bense t\u00fcmkalbimle bu adama a\u015f\u0131k olmu\u015ftum ve hi\u00e7bir \u015feyi g\u00f6z\u00fcm g\u00f6rm\u00fcyordu. Arif hafif\u00e7e e\u011filerek kula\u011f\u0131ma\u2018\u2019Seni seviyorum ve seninle evlenmek istiyorum\u2018\u2019 dedi. Kalbim sanki yerinden \u00e7\u0131kacakt\u0131 \u00e7okmutluydum ve ben bu evlilik teklifini kabul edecektim. Peki ya babam ne olacakt\u0131 nas\u0131l soyleyecektimben evlenmeye karar verdim diye. Bir ay sonra daha on sekiz ya\u015f\u0131ma yeni girecektim. Ama karar\u0131m\u0131vermi\u015ftim ben bu adamla evlenecektim.\u0130\u00e7imi hafif bir h\u00fcz\u00fcn sarm\u0131\u015ft\u0131. Babam \u00e7ok \u00fcz\u00fclecekti ama ben Arif\u2019ten de vazge\u00e7meyecektim.\u015eenliklerin son g\u00fcn\u00fcyd\u00fc herkes \u00e7ok mutlu, \u00e7ok iyi ge\u00e7mi\u015fti , babam \u00e7ok mutluydu hay\u0131rl\u0131s\u0131yla bunu daatlatt\u0131k, umdu\u011fumdan da g\u00fczel ge\u00e7ti. Arif ile bulu\u015ftuk ayr\u0131l\u0131k vakti gelmi\u015fti. \u00c7ok \u00fczg\u00fcnd\u00fcm Arif banabir ay sonra ailesiyle beni istemeye gelece\u011fini s\u00f6yledi, \u201cL\u00fctfen ailene bunu anlat, bize bir tarihversinler, hay\u0131rl\u0131s\u0131yla bu i\u015f olsun.\u201d dedi. \u00c7ok mutluydum biraz da do\u011fru muydu yapt\u0131\u011f\u0131mbilemiyordum. Arif\u2019in gidi\u015fine \u00fcz\u00fcl\u00fcyordum , babam nas\u0131l bir tepki verecekti anneme, abime nas\u0131ls\u00f6yleyecektim? Bu konuyu Elif ablaya anlatmaya karar verdim. Elif ablaya onunla konu\u015fmakistedi\u011fimi, \u00e7ok \u00f6nemli oldu\u011funu s\u00f6yledim , Elif abla, \u201c Tabii ki ne zaman istersen konu\u015furuz Ela, birsorun mu var?\u201d dedi. Biraz korkak biraz da \u00fcrkek bir \u015fekilde, \u201cAnlataca\u011f\u0131m Elif abla.\u201d dedim. \u0130\u00e7imdeyayamad\u0131\u011f\u0131m b\u00fct\u00fcn duygular\u0131 anlatt\u0131m, annem ve babamla konu\u015fmas\u0131n\u0131 rica ettim. Elif abla \u015fokya\u015f\u0131yordu, \u201cYanl\u0131\u015f Ela, \u00e7ok yanl\u0131\u015f!\u201d dedi. Ben karar\u0131m\u0131 verdim evlenece\u011fim Arif ile.Elif abla ve Kadir abi bize geldiler ayn\u0131 g\u00fcn\u00fcn ak\u015fam\u0131, ben ve Buse benim odama ge\u00e7tik. Buse,yalvar\u0131yordu \u201cYanl\u0131\u015f yap\u0131yorsun, hayat\u0131n\u0131 da aileni de bitireceksin, yapma Ela\u201d diyordu. Ama kimsenins\u00f6z\u00fcn\u00fc dinlemiyordum, evlenecektim! Salondan babam\u0131n sesi geldi, \u201dEla \u00e7abuk buraya gel!\u201d. Evet\u00f6\u011frenmi\u015fti babam y\u00fcz y\u00fcze gelme vakti gelmi\u015fti ve ben ne cevap verece\u011fimi bilmiyordum. Babamb\u00f6yle bir \u015feyi asla kabul etmeyece\u011fini ve bu yanl\u0131\u015ftan vazge\u00e7mem gerekti\u011fini s\u00f6yledi. \u00c7ok kararl\u0131yd\u0131,ilk kez babam\u0131 b\u00f6yle sinirli, k\u0131zg\u0131n ve \u00fczg\u00fcn g\u00f6rm\u00fc\u015ft\u00fcm ama vazge\u00e7meyecektim, karar\u0131m\u0131 vermi\u015ftim.Babama da karar\u0131m\u0131 verdi\u011fimi evlenece\u011fimi s\u00f6yledim ve odama \u00e7\u0131kt\u0131m. Aradan bir hafta ge\u00e7ti kimsebenimle konu\u015fmuyordu, k\u00f6t\u00fc bir h\u00fcz\u00fcn kaplam\u0131\u015ft\u0131 evin her yerini, mutluluk yerini \u00fcz\u00fcnt\u00fcyeb\u0131rakm\u0131\u015ft\u0131 evimizde ve bende \u00e7ok \u00fczg\u00fcnd\u00fcm bu durumdan. \u0130ki hafta sonra abim de geldi. Abimins\u0131navlar\u0131 oldu\u011fu i\u00e7in kimse benim karar\u0131mdan ona bahsetmemi\u015fti.Sonunda babam ve annem abime anlatm\u0131\u015f, \u201cYapamaz benim karde\u015fim b\u00f6yle bir \u015fey!\u201d demi\u015f. Abimsaatlerce konu\u015ftu benimle, ancak konu\u015fmas\u0131 hi\u00e7bir \u015feyi de\u011fi\u015ftirmedi. Arif arad\u0131 ve haftayageleceklerini s\u00f6yledi. Annem benimle \u00e7ok konu\u015fmuyordu bu y\u00fczden Elif ablaya s\u00f6yledim. Arifler haftasonu beni istemeye gelecekler diye g\u00f6n\u00fcls\u00fcz haz\u0131rl\u0131klar yap\u0131ld\u0131 ve Arif anne ve babas\u0131yla beniistemeye geldiler. Ya\u015fl\u0131yd\u0131 Arif\u2019in ailesi ama iyi insanlard\u0131. Arif\u2019in babas\u0131 konuyu a\u00e7t\u0131 ve konu\u015ftu, Kadirabi, abim ve benim can\u0131m babamla. Hi\u00e7bir \u015fey s\u00f6ylemiyordu babam sadece g\u00f6zleri ac\u0131 i\u00e7indebak\u0131yordu ve o g\u00f6zler ac\u0131 \u00e7ekiyordu. Bu ac\u0131y\u0131 ona \u00e7ektiren prensesiydi, benim de can\u0131m \u00e7ok yan\u0131yorduama Arif\u2019ten de vazge\u00e7emiyordum. \u0130stemeyerek de olsa kabul etmi\u015flerdi, bir hafta sonra y\u00fcz\u00fck\u00a0takmaya geleceklerdi. Zaman su gibi ak\u0131p gitti buruk bir nik\u00e2h k\u0131na ve d\u00fc\u011f\u00fcn hepsi olmu\u015ftu. Bir aysonra Fransa\u2019ya gelin olarak gidecektim.Ayr\u0131l\u0131k vakti yakla\u015fm\u0131\u015ft\u0131 vizem \u00e7\u0131km\u0131\u015ft\u0131. Arif beni almaya geldi, ayr\u0131l\u0131yordum, veda ediyordum babama,anneme, abime, Buselere. Can\u0131m yan\u0131yordu bir yanda da \u00e7ok mutluydum \u00e7\u00fcnk\u00fc Arif\u2019i \u00e7ok seviyordum.Can\u0131m babam, annem, abim, sol yan\u0131m, her \u015feylerim sizi de \u00e7ok seviyorum beni affedin! Vedaedemedim, aileme k\u00fc\u00e7\u00fck bir not yaz\u0131p \u00e7\u0131kt\u0131m evden. Biliyordum ben bu ayr\u0131l\u0131\u011fa dayanamayacakt\u0131m,haz\u0131rd\u0131m gidiyordum sevdi\u011fim adamla ve \u00e7ok mutluydum. Havaalan\u0131na gittik, biletlerimizi \u00f6ncedenalm\u0131\u015ft\u0131 Arif. \u0130ki saat sonra gidiyorduk, son kez bakt\u0131m doyas\u0131ya g\u00f6zya\u015f\u0131m dinmiyordu. Arif, \u201c\u00dc\u00e7 aysonra seni g\u00f6nderirim, \u00fcz\u00fclme\u201d diyordu. U\u00e7a\u011fa bindik ve gidiyordum vedala\u015fmadan. U\u00e7aktanindikten sonra Arif\u2019in anne ve babas\u0131n\u0131n yan\u0131na gittik ve beraber yemek yedik. Bana \u00e7ok iyidavran\u0131yorlard\u0131, mutluydum onlar\u0131n yan\u0131nda. Sonra kendi evimize ge\u00e7tik, k\u00fc\u00e7\u00fck bir apartmandairesiydi, d\u00f6rd\u00fcnc\u00fc kat\u0131n arka cephesiydi, olsun zamanla \u00e7\u0131kar\u0131z \u015fimdilik buras\u0131 benim evim. G\u00fcnlersu gibi ge\u00e7iyordu, Arif sabahlar\u0131 gidiyor ak\u015fam be\u015f gibi geliyordu bazen beni bir yerlere getiriyorbazen \u00e7ok yorgunum yar\u0131n \u00e7\u0131kar\u0131z diye ge\u00e7i\u015ftiriyordu. Belli etmesem de sevmiyordum b\u00f6yle ya\u015famay\u0131.\u0130ki ay olmu\u015ftu geleli Arif de\u011fi\u015fmeye ba\u015flam\u0131\u015ft\u0131. Ak\u015famlar\u0131 ge\u00e7 geliyor, benimle hi\u00e7bir \u015fey yapmakistemiyordu ve her zaman bir bahanesi vard\u0131. Evde \u00e7ok bunal\u0131yordum, al\u0131\u015ft\u0131\u011f\u0131m b\u00fcy\u00fcd\u00fc\u011f\u00fcm evlerb\u00f6yle de\u011fildi ve ailemi \u00e7ok \u00f6zlemi\u015ftim. Hata yapm\u0131\u015ft\u0131m evlenmekle ve hatam\u0131 kabul etmekistemiyordum. O ak\u015fam arif yine ge\u00e7 geldi eve, tart\u0131\u015fmaya ba\u015flad\u0131k. Arif\u2019i hi\u00e7 \u00f6yle g\u00f6rmemi\u015ftim.\u00dczerime y\u00fcr\u00fcd\u00fc ve ben ka\u00e7 yumruk yedi\u011fimi hat\u0131rlam\u0131yorum, bay\u0131lm\u0131\u015ft\u0131m. Sabah uyand\u0131\u011f\u0131mda Arifgitmi\u015f bense yerde kanlar i\u00e7inde yat\u0131yordum. Y\u00fcz\u00fcm tan\u0131nmayacak haldeydi. Biraz kendime geldiktensonra yaralar\u0131m\u0131 temizledim. Ak\u015fam olmu\u015f Arif eve gelmi\u015fti, ben ise \u00e7ok korkuyordum, hi\u00e7bir \u015feydemeden yatak odas\u0131na ge\u00e7ip oday\u0131 \u00fcst\u00fcne kilitledi. \u0130ki hafta ge\u00e7ti hi\u00e7 konu\u015fmuyorduk, bir gece yar\u0131s\u0131i\u00e7kili halde geldi, ilk kez i\u00e7ti\u011fini g\u00f6rm\u00fc\u015ft\u00fcm. Yan\u0131ma yakla\u015ft\u0131 ve sa\u00e7\u0131mdan tuttu, cebinden \u00e7\u0131kard\u0131\u011f\u0131jiletle sa\u00e7lar\u0131m\u0131 kesti. Yalvarmam, a\u011flamam hi\u00e7 \u00f6nemli de\u011fildi onun i\u00e7in. Ben ne yapaca\u011f\u0131m\u0131bilmiyordum, \u00e7ok yaln\u0131z ve \u00e7aresizdim. G\u00fcnler ge\u00e7iyordu \u00f6\u011fle vakti eve geldi, yemek istedi evde hi\u00e7bir \u015fey olmad\u0131\u011f\u0131n\u0131 s\u00f6yledim, \u00e7ok k\u0131zd\u0131, sigaras\u0131n\u0131 yakt\u0131 ve yak\u0131p yak\u0131p v\u00fccudumda s\u00f6nd\u00fcrd\u00fc. Camlar\u0131nkilitlerini, kap\u0131lar\u0131n kollar\u0131n\u0131 \u00e7\u0131kard\u0131, \u00fczerlerini farkl\u0131 \u015feylerle yap\u0131\u015ft\u0131rd\u0131. Kap\u0131lar\u0131 kilitledi, hapsolmu\u015ftumart\u0131k bu kafese. G\u00fcnler ge\u00e7iyor her g\u00fcn bir bahaneyle i\u015fkence ediyordu bana. Kaynar suya ellerimisokuyor, bacaklar\u0131ma \u00fct\u00fc vuruyor, so\u011fuk suyun alt\u0131nda saatlerce b\u0131rak\u0131yordu ellerimi ba\u011flayarak ,art\u0131k bitmi\u015ftim ve \u00f6lmek istiyordum. Kurtulu\u015f yolu bulam\u0131yordum ve \u00e7aresizlik i\u00e7inde bekliyordumart\u0131k. V\u00fccudum da bitmi\u015fti, tan\u0131nmayacak haldeydim, benim o halime bak\u0131p g\u00fcl\u00fcyordu. Ben birpsikopatla evliydim, yaln\u0131z ve \u00e7aresizdim. Evde yiyecek hi\u00e7bir \u015fey yoktu sadece makarna yiyordum.D\u00f6rt ay ge\u00e7ti b\u00f6yle, \u00e7aresiz d\u00f6rt ay farkl\u0131 i\u015fkenceler&#8230; Her seferinde sesim \u00e7\u0131kmas\u0131n diye kapatt\u0131\u011f\u0131a\u011fz\u0131m yaralar i\u00e7indeydi, v\u00fccuduma att\u0131\u011f\u0131 jiletlerin demirin ve sigaran\u0131n izleri ge\u00e7meden ba\u015fkai\u015fkenceler uyguluyordu. Bir gece s\u0131zm\u0131\u015ft\u0131 i\u00e7kiden yatak odas\u0131n\u0131n arka cam\u0131n\u0131n yan\u0131na \u00e7ekildim, kar\u015f\u0131camda bir el hayali g\u00f6rd\u00fcm. Bir \u015feyler yap\u0131yordu , cama yap\u0131\u015ft\u0131rd\u0131\u011f\u0131 \u015feyi kaz\u0131maya ba\u015flad\u0131m, ya\u015fl\u0131 birkad\u0131n bana bir \u015feyler yap\u0131yordu. Galiba bu kad\u0131n bana yap\u0131lanlar\u0131 g\u00f6rm\u00fc\u015ft\u00fc. Hayal mi g\u00f6r\u00fcyorum diyedu\u015fundum. Acaba hayal miydi g\u00f6rd\u00fcklerim? Sabah uyand\u0131\u011f\u0131mda evde yoktu Arif.Hemen arka cama gidip tekrar kaz\u0131maya ba\u015flad\u0131m, \u00e7ok az bir yer a\u00e7abilmi\u015ftim ama ya\u015fl\u0131 kad\u0131n camdayoktu , hayal mi g\u00f6rd\u00fcm diye d\u00fc\u015f\u00fcnd\u00fcm aradan bir saat ge\u00e7ti tekrar bakt\u0131m ,evet kad\u0131n ordayd\u0131 , birka\u011f\u0131da T\u00fcrk\u00e7e yaz\u0131 yazd\u0131rm\u0131\u015ft\u0131 ve sana yard\u0131m edece\u011fim yaz\u0131yordu. \u00c7ok mutluydum ya\u015fl\u0131 kad\u0131n banatekrar bir ka\u011f\u0131t daha g\u00f6sterdi. A\u015fa\u011f\u0131ya po\u015fet sal yaz\u0131yordu ama camlar a\u00e7\u0131lm\u0131yordu nas\u0131l yapabilirdim ,kad\u0131n di\u011fer ka\u011f\u0131d\u0131 g\u00f6sterdi. O ka\u011f\u0131tta da banyonun penceresi a\u00e7\u0131k yaz\u0131yordu. Hemen banyoya ge\u00e7ipa\u015fa\u011f\u0131ya po\u015feti sald\u0131m, po\u015fetin i\u00e7ine bir \u015fi\u015fe ve bir pamuk koymu\u015ftu. Ya\u015fl\u0131 kad\u0131n bana tekrar yaz\u0131g\u00f6sterdi, bu ak\u015fam seni a\u015fa\u011f\u0131da bekleyece\u011fim , sak\u0131n korkma yaz\u0131yordu. Hemen saklad\u0131m \u015fi\u015feyi vehaz\u0131rlanmaya ba\u015flad\u0131m. Peri\u015fan haldeydim pasaportlar\u0131m\u0131 buldum k\u00fc\u00e7\u00fck bir \u00e7anta yap\u0131p saklad\u0131m.Ak\u015fam olmu\u015ftu eve geldi ve \u00e7ok yorgun g\u00f6r\u00fcn\u00fcyordu , \u00e7ok a\u00e7t\u0131m sadece suda ha\u015flanan makarnay\u0131\u00a0yiyordum , \u00e7\u00fcnk\u00fc ba\u015fka hi\u00e7 bir \u015fey yoktu evde alm\u0131yordu, odas\u0131na ge\u00e7ti ve sonra salondaki koltu\u011fauzand\u0131 , \u00e7ok korkuyordum bug\u00fcn bana bir \u015fey yapacak m\u0131 diye, elini ba\u015f\u0131n\u0131n alt\u0131na koydu sadecetavana bak\u0131yordu. Ben ise bir k\u00f6\u015fede korku dolu g\u00f6zlerle ona bak\u0131yordum ,yar\u0131m saat sonrauyudu\u011funu anlad\u0131m , hemen \u015fi\u015fedeki s\u0131v\u0131y\u0131 pamu\u011fa d\u00f6kt\u00fcm, sessizce yan\u0131na gittim ve b\u00fct\u00fcn g\u00fcc\u00fcmleburnuna tuttum. Evet evet ba\u015farm\u0131\u015ft\u0131m bay\u0131lm\u0131\u015ft\u0131 , hemen yast\u0131\u011f\u0131n alt\u0131ndaki anahtar\u0131 ve haz\u0131rlad\u0131\u011f\u0131m\u00e7antay\u0131 al\u0131p kap\u0131y\u0131 a\u00e7\u0131p a\u015fa\u011f\u0131ya ka\u00e7t\u0131m , ya\u015fl\u0131 kad\u0131n ve bir araba beni bekliyordu. Kad\u0131n Frans\u0131z\u2019d\u0131.Elimden tuttu , beni hava liman\u0131na getirdi, bilet ald\u0131ktan sonra g\u00f6revlilerle bir \u015fey konu\u015fup benibinece\u011fim u\u00e7a\u011f\u0131n kap\u0131s\u0131na kadar getirdi. Elime para verdi, ya\u015f dolu g\u00f6zerleriyle beni yana\u011f\u0131mdan \u00f6pt\u00fcve gitti. Bir saat sonra u\u00e7a\u011fa bindim ama \u00e7ok korkuyordum Arif gelecek diye \u00e7ok zor ge\u00e7irdim o birsaati , u\u00e7a\u011f\u0131n i\u00e7indeydim art\u0131k ve u\u00e7ak havalanm\u0131\u015ft\u0131 \u00e7\u0131\u011fl\u0131k atmak istiyordum, doyas\u0131ya hayk\u0131rmak.Kurulmu\u015ftum. Yolculuk bitti u\u00e7aktan indim dizlerimi yere \u00e7\u00f6k\u00fcp doyas\u0131ya a\u011flad\u0131m. Ben buradancan\u0131mdan \u00e7ok sevdi\u011fim ailemi b\u0131rak\u0131p yedi ay \u00f6nce sevdi\u011fim adamla gitmi\u015ftim, \u00e7ok gen\u00e7 ve \u00fczg\u00fcn\u00fcm,anlayamad\u0131m hatam\u0131. Ya\u015fl\u0131 kad\u0131n\u0131n bana verdi\u011fi paray\u0131 bozdurup taksiye bindim, evime gidiyordumama \u00e7aresiz ve ac\u0131larla dolu bir haldeyim. Taksiden indim babam\u0131n g\u00fclleri ve k\u00fc\u00e7\u00fck elma a\u011fa\u00e7lar\u0131duruyordu , benim en g\u00fczel y\u0131llar\u0131m babam\u0131n dizinde burada ge\u00e7mi\u015fti. Hen\u00fcz daha bahar gelmemi\u015ftive k\u0131\u015f sonuydu, kap\u0131ya vurdum kimse duymad\u0131 tekrar vurdum , annemin sesi geldi i\u00e7erden ve ,kap\u0131a\u00e7\u0131ld\u0131. Annem sadece bakt\u0131. Onunla yedi ayd\u0131r hi\u00e7 konu\u015fmam\u0131\u015ft\u0131k. Annem konu\u015fam\u0131yor g\u00f6zlerikocaman olmu\u015f bana bak\u0131yordu , sonra babam\u0131n sesi geldi i\u00e7eriden ve kap\u0131da belirdi. Nur y\u00fczl\u00fcbabam beni g\u00f6r\u00fcnce \u00e7ok k\u00f6t\u00fc oldu. Benim ela g\u00f6zl\u00fcm bu sen misin dedi. Evet benim y\u00fcz\u00fcm de\u011fildibu ben bile tan\u0131yam\u0131yordum kendimi. Annem elimden tuttu annemin eli elimdeydi inanam\u0131yordum\u00f6yle doyas\u0131ya \u00f6pt\u00fcm ki annemin elini i\u00e7ime \u00e7ektim doyas\u0131ya kokular\u0131n\u0131. Beni affedin, affedin annemdedim. Salona ge\u00e7tik babam elimin \u00fczerindeki \u00fct\u00fc izini fark etti , aya\u011fa kalk\u0131p kolumu s\u0131y\u0131rd\u0131. \u0130\u015fkenceizlerini fark etti ve k\u0131yafetlerimi \u00e7\u0131kartmaya ba\u015flad\u0131. Annemin \u201d Annem bunlar ne, sana ne oldu. \u201cdemesi, babam\u0131n ise g\u00f6rd\u00fcklerine daha fazla dayanamay\u0131p d\u0131\u015far\u0131ya ka\u00e7mas\u0131yla ben de kendimibanyoya at\u0131p saatlerce a\u011flad\u0131m. Bir kere daha babam\u0131n can\u0131n\u0131 yak\u0131\u015ft\u0131m, v\u00fccudumdaki yaralardan daha\u00e7ok ac\u0131t\u0131yordu can\u0131m\u0131 onlara ya\u015fatt\u0131\u011f\u0131m bu ac\u0131. Bir du\u015f al\u0131p abimin pijamalar\u0131n\u0131 giyip bah\u00e7eyebabam\u0131n yan\u0131na gittim g\u00f6zleri kan olmu\u015ftu a\u011flamaktan. Sen \u00fcz\u00fclme babam benim su\u00e7um , senin hi\u00e7bir su\u00e7un yok , benim hatam ama hatam\u0131n bedelini a\u011f\u0131r \u00f6dedim dedim. Babam beni \u00f6zel birhastaneye getirdi \u00e7\u00fcnk\u00fc kapanmaya iltihapl\u0131 izler vard\u0131. Babam\u0131n doktor olan arkada\u015f\u0131 g\u00f6rd\u00fcklerineinanamad\u0131 , bunu bir insan yapamaz sen bunlara nas\u0131l dayand\u0131n ben bakmaya dayanam\u0131yorum dedi.Doktora psikolojik yard\u0131m almam gerekti\u011fini kabuslar g\u00f6rd\u00fc\u011f\u00fcm\u00fc s\u00f6yledim. K\u0131sa bir zaman sonraabim de geldi deh\u015fet i\u00e7indeydi, \u00e7ok \u00f6fkeli ve \u00e7ok k\u0131zg\u0131nd\u0131. Konsoloslu\u011fa ba\u015f vurdu doktordan ald\u0131\u011f\u0131raporlarla Arif\u2019i yakalatt\u0131rmak i\u00e7in. Can\u0131m babam b\u00fcy\u00fcd\u00fc\u011f\u00fc yerde olan b\u00fct\u00fcn mal varl\u0131\u011f\u0131n\u0131 sat\u0131p b\u00fcy\u00fck\u015fehre gitmeye karar verdi. Benim tedavim i\u00e7in gerekli olan paray\u0131 hastaneye yat\u0131rd\u0131, art\u0131k tedavilerimba\u015flam\u0131\u015ft\u0131. Ben ise hi\u00e7 konu\u015fmuyor , s\u00fcrekli susuyorum. Aylar ge\u00e7ti art\u0131k hafifliyordu ac\u0131lar, azalmayaba\u015flam\u0131\u015ft\u0131. Can\u0131m arkada\u015f\u0131m Buse\u2019m hi\u00e7 yaln\u0131z b\u0131rakmad\u0131 beni , hi\u00e7 y\u00fcz\u00fcme vurmad\u0131 hatalar\u0131m. Abimher \u015feyim, nefesim iyile\u015fmemdeki en b\u00fcy\u00fck destek\u00e7im. Annem benim kalp at\u0131\u015f\u0131m, sa\u00e7\u0131n\u0131n telinekurban oldu\u011fum , beni affet sana bunlar\u0131 ya\u015fatt\u0131\u011f\u0131m i\u00e7in. Babam duvar\u0131m, sol yan\u0131m , sendin benimtek a\u015fk\u0131m , senin sevgin her \u015feye de\u011ferdi benim i\u00e7in. Ben seni \u00e7ok \u00fczd\u00fcm , can\u0131m babam affet beni,sana ya\u015fatt\u0131klar\u0131m i\u00e7in ve seni de bu \u00e7\u0131kmaz\u0131n i\u00e7ine soktu\u011fum i\u00e7in. Hi\u00e7 \u015fik\u00e2yet\u00e7i olmad\u0131n iki sene beniiyile\u015ftirmek i\u00e7in sava\u015ft\u0131n. Babam, kalbimin sevdi\u011fi tek ADAM ! <\/p>\n\n\n\n<p><strong>SEVDA OZEN \/ AVRUPAPRESS<\/strong><\/p>\n","protected":false},"excerpt":{"rendered":"<p>Sene 2001. Babam, \u2018\u2019Bu sene yayla \u015fenlikleri erken olacak \u00f6yle karar ald\u0131k\u2018\u2019 dedi. Babambelediyede gorevliydi ama ku\u00e7uk bir il\u00e7e oldugumuz i\u00e7in biz k\u00f6yde ya\u015f\u0131yorduk. Daha g\u00fczel ve daharahatt\u0131 ye\u015filliklerin i\u00e7indeydi evimiz. \u00c7ok \u015fansl\u0131 bir \u00e7ocuklugum olmu\u015ftu. \u00c7\u00fcnk\u00fc ben babam\u0131nprensesiydim. Birbirine sayg\u0131s\u0131 olan bir ailenin i\u00e7inde buyumu\u015ftum. Annemle babam benim ve abimind\u00fc\u015f\u00fcncelerini sayg\u0131yla ve her zaman [&hellip;]<\/p>\n","protected":false},"author":35,"featured_media":9046,"comment_status":"open","ping_status":"open","sticky":false,"template":"","format":"standard","meta":{"footnotes":""},"categories":[14,16,3,17,18,15,19,2,1],"tags":[4841],"class_list":["post-9311","post","type-post","status-publish","format-standard","has-post-thumbnail","hentry","category-avrupa","category-belcika","category-dunya","category-ekonomi","category-kultur-sanat","category-spor","category-tanitim","category-turkiye","category-uncategorized","tag-adi-ela"],"yoast_head":"<!-- This site is optimized with the Yoast SEO plugin v26.9 - https:\/\/yoast.com\/product\/yoast-seo-wordpress\/ -->\n<title>Ad\u0131 Ela! - AvrupaPress<\/title>\n<meta name=\"robots\" content=\"index, follow, max-snippet:-1, max-image-preview:large, max-video-preview:-1\" \/>\n<link rel=\"canonical\" href=\"https:\/\/avrupapress.com\/2019\/06\/21\/adi-ela\/\" \/>\n<meta property=\"og:locale\" content=\"fr_FR\" \/>\n<meta property=\"og:type\" content=\"article\" \/>\n<meta property=\"og:title\" content=\"Ad\u0131 Ela! - AvrupaPress\" \/>\n<meta property=\"og:description\" content=\"Sene 2001. Babam, \u2018\u2019Bu sene yayla \u015fenlikleri erken olacak \u00f6yle karar ald\u0131k\u2018\u2019 dedi. Babambelediyede gorevliydi ama ku\u00e7uk bir il\u00e7e oldugumuz i\u00e7in biz k\u00f6yde ya\u015f\u0131yorduk. Daha g\u00fczel ve daharahatt\u0131 ye\u015filliklerin i\u00e7indeydi evimiz. \u00c7ok \u015fansl\u0131 bir \u00e7ocuklugum olmu\u015ftu. \u00c7\u00fcnk\u00fc ben babam\u0131nprensesiydim. Birbirine sayg\u0131s\u0131 olan bir ailenin i\u00e7inde buyumu\u015ftum. Annemle babam benim ve abimind\u00fc\u015f\u00fcncelerini sayg\u0131yla ve her zaman [&hellip;]\" \/>\n<meta property=\"og:url\" content=\"https:\/\/avrupapress.com\/2019\/06\/21\/adi-ela\/\" \/>\n<meta property=\"og:site_name\" content=\"AvrupaPress\" \/>\n<meta property=\"article:published_time\" content=\"2019-06-21T21:40:04+00:00\" \/>\n<meta property=\"article:modified_time\" content=\"2021-06-11T22:57:31+00:00\" \/>\n<meta property=\"og:image\" content=\"https:\/\/avrupapress.com\/wp-content\/uploads\/2019\/05\/591f5c4f-9659-42e4-a211-d01b8e384f0c.jpg\" \/>\n\t<meta property=\"og:image:width\" content=\"841\" \/>\n\t<meta property=\"og:image:height\" content=\"1233\" \/>\n\t<meta property=\"og:image:type\" content=\"image\/jpeg\" \/>\n<meta name=\"author\" content=\"Sevda \u00d6zen\" \/>\n<meta name=\"twitter:card\" content=\"summary_large_image\" \/>\n<meta name=\"twitter:label1\" content=\"\u00c9crit par\" \/>\n\t<meta name=\"twitter:data1\" content=\"Sevda \u00d6zen\" \/>\n\t<meta name=\"twitter:label2\" content=\"Dur\u00e9e de lecture est.\" \/>\n\t<meta name=\"twitter:data2\" content=\"17 minutes\" \/>\n<script type=\"application\/ld+json\" class=\"yoast-schema-graph\">{\"@context\":\"https:\/\/schema.org\",\"@graph\":[{\"@type\":\"Article\",\"@id\":\"https:\/\/avrupapress.com\/2019\/06\/21\/adi-ela\/#article\",\"isPartOf\":{\"@id\":\"https:\/\/avrupapress.com\/2019\/06\/21\/adi-ela\/\"},\"author\":{\"name\":\"Sevda \u00d6zen\",\"@id\":\"https:\/\/avrupapress.com\/#\/schema\/person\/4fe8ba0a167845e224c57f81dbb8fb35\"},\"headline\":\"Ad\u0131 Ela!\",\"datePublished\":\"2019-06-21T21:40:04+00:00\",\"dateModified\":\"2021-06-11T22:57:31+00:00\",\"mainEntityOfPage\":{\"@id\":\"https:\/\/avrupapress.com\/2019\/06\/21\/adi-ela\/\"},\"wordCount\":3378,\"commentCount\":0,\"publisher\":{\"@id\":\"https:\/\/avrupapress.com\/#\/schema\/person\/0223dca19c72c43575bf30d1a2d8f4fa\"},\"image\":{\"@id\":\"https:\/\/avrupapress.com\/2019\/06\/21\/adi-ela\/#primaryimage\"},\"thumbnailUrl\":\"https:\/\/avrupapress.com\/main\/wp-content\/uploads\/2019\/05\/591f5c4f-9659-42e4-a211-d01b8e384f0c.jpg\",\"keywords\":[\"Ad\u0131 Ela!\"],\"articleSection\":[\"Avrupa\",\"Bel\u00e7ika\",\"D\u00fcnya\",\"Ekonomi\",\"K\u00fclt\u00fcr-Sanat\",\"Spor\",\"Tan\u0131t\u0131m\",\"T\u00fcrkiye\",\"Uncategorized\"],\"inLanguage\":\"fr-BE\",\"potentialAction\":[{\"@type\":\"CommentAction\",\"name\":\"Comment\",\"target\":[\"https:\/\/avrupapress.com\/2019\/06\/21\/adi-ela\/#respond\"]}]},{\"@type\":\"WebPage\",\"@id\":\"https:\/\/avrupapress.com\/2019\/06\/21\/adi-ela\/\",\"url\":\"https:\/\/avrupapress.com\/2019\/06\/21\/adi-ela\/\",\"name\":\"Ad\u0131 Ela! - AvrupaPress\",\"isPartOf\":{\"@id\":\"https:\/\/avrupapress.com\/#website\"},\"primaryImageOfPage\":{\"@id\":\"https:\/\/avrupapress.com\/2019\/06\/21\/adi-ela\/#primaryimage\"},\"image\":{\"@id\":\"https:\/\/avrupapress.com\/2019\/06\/21\/adi-ela\/#primaryimage\"},\"thumbnailUrl\":\"https:\/\/avrupapress.com\/main\/wp-content\/uploads\/2019\/05\/591f5c4f-9659-42e4-a211-d01b8e384f0c.jpg\",\"datePublished\":\"2019-06-21T21:40:04+00:00\",\"dateModified\":\"2021-06-11T22:57:31+00:00\",\"breadcrumb\":{\"@id\":\"https:\/\/avrupapress.com\/2019\/06\/21\/adi-ela\/#breadcrumb\"},\"inLanguage\":\"fr-BE\",\"potentialAction\":[{\"@type\":\"ReadAction\",\"target\":[\"https:\/\/avrupapress.com\/2019\/06\/21\/adi-ela\/\"]}]},{\"@type\":\"ImageObject\",\"inLanguage\":\"fr-BE\",\"@id\":\"https:\/\/avrupapress.com\/2019\/06\/21\/adi-ela\/#primaryimage\",\"url\":\"https:\/\/avrupapress.com\/main\/wp-content\/uploads\/2019\/05\/591f5c4f-9659-42e4-a211-d01b8e384f0c.jpg\",\"contentUrl\":\"https:\/\/avrupapress.com\/main\/wp-content\/uploads\/2019\/05\/591f5c4f-9659-42e4-a211-d01b8e384f0c.jpg\",\"width\":841,\"height\":1233},{\"@type\":\"BreadcrumbList\",\"@id\":\"https:\/\/avrupapress.com\/2019\/06\/21\/adi-ela\/#breadcrumb\",\"itemListElement\":[{\"@type\":\"ListItem\",\"position\":1,\"name\":\"Anasayfa\",\"item\":\"https:\/\/avrupapress.com\/\"},{\"@type\":\"ListItem\",\"position\":2,\"name\":\"Ad\u0131 Ela!\"}]},{\"@type\":\"WebSite\",\"@id\":\"https:\/\/avrupapress.com\/#website\",\"url\":\"https:\/\/avrupapress.com\/\",\"name\":\"AvrupaPress\",\"description\":\"Haberin Adresi\",\"publisher\":{\"@id\":\"https:\/\/avrupapress.com\/#\/schema\/person\/0223dca19c72c43575bf30d1a2d8f4fa\"},\"potentialAction\":[{\"@type\":\"SearchAction\",\"target\":{\"@type\":\"EntryPoint\",\"urlTemplate\":\"https:\/\/avrupapress.com\/?s={search_term_string}\"},\"query-input\":{\"@type\":\"PropertyValueSpecification\",\"valueRequired\":true,\"valueName\":\"search_term_string\"}}],\"inLanguage\":\"fr-BE\"},{\"@type\":[\"Person\",\"Organization\"],\"@id\":\"https:\/\/avrupapress.com\/#\/schema\/person\/0223dca19c72c43575bf30d1a2d8f4fa\",\"name\":\"Bilgin \u00d6z\u00e7ift\u00e7i\",\"image\":{\"@type\":\"ImageObject\",\"inLanguage\":\"fr-BE\",\"@id\":\"https:\/\/avrupapress.com\/#\/schema\/person\/image\/\",\"url\":\"https:\/\/secure.gravatar.com\/avatar\/0f23b280433a21e1ea7a0adcc46ed0ad16afe3ad8e630fd13d8a017dcbd54ef3?s=96&d=mm&r=g\",\"contentUrl\":\"https:\/\/secure.gravatar.com\/avatar\/0f23b280433a21e1ea7a0adcc46ed0ad16afe3ad8e630fd13d8a017dcbd54ef3?s=96&d=mm&r=g\",\"caption\":\"Bilgin \u00d6z\u00e7ift\u00e7i\"},\"logo\":{\"@id\":\"https:\/\/avrupapress.com\/#\/schema\/person\/image\/\"},\"description\":\"Ne ben, nede sen... Biz ancak \\\"biz\\\" olursak g\u00fc\u00e7l\u00fc olabiliriz\"},{\"@type\":\"Person\",\"@id\":\"https:\/\/avrupapress.com\/#\/schema\/person\/4fe8ba0a167845e224c57f81dbb8fb35\",\"name\":\"Sevda \u00d6zen\",\"image\":{\"@type\":\"ImageObject\",\"inLanguage\":\"fr-BE\",\"@id\":\"https:\/\/avrupapress.com\/#\/schema\/person\/image\/\",\"url\":\"https:\/\/secure.gravatar.com\/avatar\/72326969886dc85a94e24c49f139216ca15e04c3cec21ff94e806e8c74277918?s=96&d=mm&r=g\",\"contentUrl\":\"https:\/\/secure.gravatar.com\/avatar\/72326969886dc85a94e24c49f139216ca15e04c3cec21ff94e806e8c74277918?s=96&d=mm&r=g\",\"caption\":\"Sevda \u00d6zen\"},\"url\":\"https:\/\/avrupapress.com\/main\/author\/sevda\/\"}]}<\/script>\n<!-- \/ Yoast SEO plugin. -->","yoast_head_json":{"title":"Ad\u0131 Ela! - AvrupaPress","robots":{"index":"index","follow":"follow","max-snippet":"max-snippet:-1","max-image-preview":"max-image-preview:large","max-video-preview":"max-video-preview:-1"},"canonical":"https:\/\/avrupapress.com\/2019\/06\/21\/adi-ela\/","og_locale":"fr_FR","og_type":"article","og_title":"Ad\u0131 Ela! - AvrupaPress","og_description":"Sene 2001. Babam, \u2018\u2019Bu sene yayla \u015fenlikleri erken olacak \u00f6yle karar ald\u0131k\u2018\u2019 dedi. Babambelediyede gorevliydi ama ku\u00e7uk bir il\u00e7e oldugumuz i\u00e7in biz k\u00f6yde ya\u015f\u0131yorduk. Daha g\u00fczel ve daharahatt\u0131 ye\u015filliklerin i\u00e7indeydi evimiz. \u00c7ok \u015fansl\u0131 bir \u00e7ocuklugum olmu\u015ftu. \u00c7\u00fcnk\u00fc ben babam\u0131nprensesiydim. Birbirine sayg\u0131s\u0131 olan bir ailenin i\u00e7inde buyumu\u015ftum. Annemle babam benim ve abimind\u00fc\u015f\u00fcncelerini sayg\u0131yla ve her zaman [&hellip;]","og_url":"https:\/\/avrupapress.com\/2019\/06\/21\/adi-ela\/","og_site_name":"AvrupaPress","article_published_time":"2019-06-21T21:40:04+00:00","article_modified_time":"2021-06-11T22:57:31+00:00","og_image":[{"width":841,"height":1233,"url":"https:\/\/avrupapress.com\/wp-content\/uploads\/2019\/05\/591f5c4f-9659-42e4-a211-d01b8e384f0c.jpg","type":"image\/jpeg"}],"author":"Sevda \u00d6zen","twitter_card":"summary_large_image","twitter_misc":{"\u00c9crit par":"Sevda \u00d6zen","Dur\u00e9e de lecture est.":"17 minutes"},"schema":{"@context":"https:\/\/schema.org","@graph":[{"@type":"Article","@id":"https:\/\/avrupapress.com\/2019\/06\/21\/adi-ela\/#article","isPartOf":{"@id":"https:\/\/avrupapress.com\/2019\/06\/21\/adi-ela\/"},"author":{"name":"Sevda \u00d6zen","@id":"https:\/\/avrupapress.com\/#\/schema\/person\/4fe8ba0a167845e224c57f81dbb8fb35"},"headline":"Ad\u0131 Ela!","datePublished":"2019-06-21T21:40:04+00:00","dateModified":"2021-06-11T22:57:31+00:00","mainEntityOfPage":{"@id":"https:\/\/avrupapress.com\/2019\/06\/21\/adi-ela\/"},"wordCount":3378,"commentCount":0,"publisher":{"@id":"https:\/\/avrupapress.com\/#\/schema\/person\/0223dca19c72c43575bf30d1a2d8f4fa"},"image":{"@id":"https:\/\/avrupapress.com\/2019\/06\/21\/adi-ela\/#primaryimage"},"thumbnailUrl":"https:\/\/avrupapress.com\/main\/wp-content\/uploads\/2019\/05\/591f5c4f-9659-42e4-a211-d01b8e384f0c.jpg","keywords":["Ad\u0131 Ela!"],"articleSection":["Avrupa","Bel\u00e7ika","D\u00fcnya","Ekonomi","K\u00fclt\u00fcr-Sanat","Spor","Tan\u0131t\u0131m","T\u00fcrkiye","Uncategorized"],"inLanguage":"fr-BE","potentialAction":[{"@type":"CommentAction","name":"Comment","target":["https:\/\/avrupapress.com\/2019\/06\/21\/adi-ela\/#respond"]}]},{"@type":"WebPage","@id":"https:\/\/avrupapress.com\/2019\/06\/21\/adi-ela\/","url":"https:\/\/avrupapress.com\/2019\/06\/21\/adi-ela\/","name":"Ad\u0131 Ela! - AvrupaPress","isPartOf":{"@id":"https:\/\/avrupapress.com\/#website"},"primaryImageOfPage":{"@id":"https:\/\/avrupapress.com\/2019\/06\/21\/adi-ela\/#primaryimage"},"image":{"@id":"https:\/\/avrupapress.com\/2019\/06\/21\/adi-ela\/#primaryimage"},"thumbnailUrl":"https:\/\/avrupapress.com\/main\/wp-content\/uploads\/2019\/05\/591f5c4f-9659-42e4-a211-d01b8e384f0c.jpg","datePublished":"2019-06-21T21:40:04+00:00","dateModified":"2021-06-11T22:57:31+00:00","breadcrumb":{"@id":"https:\/\/avrupapress.com\/2019\/06\/21\/adi-ela\/#breadcrumb"},"inLanguage":"fr-BE","potentialAction":[{"@type":"ReadAction","target":["https:\/\/avrupapress.com\/2019\/06\/21\/adi-ela\/"]}]},{"@type":"ImageObject","inLanguage":"fr-BE","@id":"https:\/\/avrupapress.com\/2019\/06\/21\/adi-ela\/#primaryimage","url":"https:\/\/avrupapress.com\/main\/wp-content\/uploads\/2019\/05\/591f5c4f-9659-42e4-a211-d01b8e384f0c.jpg","contentUrl":"https:\/\/avrupapress.com\/main\/wp-content\/uploads\/2019\/05\/591f5c4f-9659-42e4-a211-d01b8e384f0c.jpg","width":841,"height":1233},{"@type":"BreadcrumbList","@id":"https:\/\/avrupapress.com\/2019\/06\/21\/adi-ela\/#breadcrumb","itemListElement":[{"@type":"ListItem","position":1,"name":"Anasayfa","item":"https:\/\/avrupapress.com\/"},{"@type":"ListItem","position":2,"name":"Ad\u0131 Ela!"}]},{"@type":"WebSite","@id":"https:\/\/avrupapress.com\/#website","url":"https:\/\/avrupapress.com\/","name":"AvrupaPress","description":"Haberin Adresi","publisher":{"@id":"https:\/\/avrupapress.com\/#\/schema\/person\/0223dca19c72c43575bf30d1a2d8f4fa"},"potentialAction":[{"@type":"SearchAction","target":{"@type":"EntryPoint","urlTemplate":"https:\/\/avrupapress.com\/?s={search_term_string}"},"query-input":{"@type":"PropertyValueSpecification","valueRequired":true,"valueName":"search_term_string"}}],"inLanguage":"fr-BE"},{"@type":["Person","Organization"],"@id":"https:\/\/avrupapress.com\/#\/schema\/person\/0223dca19c72c43575bf30d1a2d8f4fa","name":"Bilgin \u00d6z\u00e7ift\u00e7i","image":{"@type":"ImageObject","inLanguage":"fr-BE","@id":"https:\/\/avrupapress.com\/#\/schema\/person\/image\/","url":"https:\/\/secure.gravatar.com\/avatar\/0f23b280433a21e1ea7a0adcc46ed0ad16afe3ad8e630fd13d8a017dcbd54ef3?s=96&d=mm&r=g","contentUrl":"https:\/\/secure.gravatar.com\/avatar\/0f23b280433a21e1ea7a0adcc46ed0ad16afe3ad8e630fd13d8a017dcbd54ef3?s=96&d=mm&r=g","caption":"Bilgin \u00d6z\u00e7ift\u00e7i"},"logo":{"@id":"https:\/\/avrupapress.com\/#\/schema\/person\/image\/"},"description":"Ne ben, nede sen... Biz ancak \"biz\" olursak g\u00fc\u00e7l\u00fc olabiliriz"},{"@type":"Person","@id":"https:\/\/avrupapress.com\/#\/schema\/person\/4fe8ba0a167845e224c57f81dbb8fb35","name":"Sevda \u00d6zen","image":{"@type":"ImageObject","inLanguage":"fr-BE","@id":"https:\/\/avrupapress.com\/#\/schema\/person\/image\/","url":"https:\/\/secure.gravatar.com\/avatar\/72326969886dc85a94e24c49f139216ca15e04c3cec21ff94e806e8c74277918?s=96&d=mm&r=g","contentUrl":"https:\/\/secure.gravatar.com\/avatar\/72326969886dc85a94e24c49f139216ca15e04c3cec21ff94e806e8c74277918?s=96&d=mm&r=g","caption":"Sevda \u00d6zen"},"url":"https:\/\/avrupapress.com\/main\/author\/sevda\/"}]}},"_links":{"self":[{"href":"https:\/\/avrupapress.com\/main\/wp-json\/wp\/v2\/posts\/9311","targetHints":{"allow":["GET"]}}],"collection":[{"href":"https:\/\/avrupapress.com\/main\/wp-json\/wp\/v2\/posts"}],"about":[{"href":"https:\/\/avrupapress.com\/main\/wp-json\/wp\/v2\/types\/post"}],"author":[{"embeddable":true,"href":"https:\/\/avrupapress.com\/main\/wp-json\/wp\/v2\/users\/35"}],"replies":[{"embeddable":true,"href":"https:\/\/avrupapress.com\/main\/wp-json\/wp\/v2\/comments?post=9311"}],"version-history":[{"count":1,"href":"https:\/\/avrupapress.com\/main\/wp-json\/wp\/v2\/posts\/9311\/revisions"}],"predecessor-version":[{"id":9312,"href":"https:\/\/avrupapress.com\/main\/wp-json\/wp\/v2\/posts\/9311\/revisions\/9312"}],"wp:featuredmedia":[{"embeddable":true,"href":"https:\/\/avrupapress.com\/main\/wp-json\/wp\/v2\/media\/9046"}],"wp:attachment":[{"href":"https:\/\/avrupapress.com\/main\/wp-json\/wp\/v2\/media?parent=9311"}],"wp:term":[{"taxonomy":"category","embeddable":true,"href":"https:\/\/avrupapress.com\/main\/wp-json\/wp\/v2\/categories?post=9311"},{"taxonomy":"post_tag","embeddable":true,"href":"https:\/\/avrupapress.com\/main\/wp-json\/wp\/v2\/tags?post=9311"}],"curies":[{"name":"wp","href":"https:\/\/api.w.org\/{rel}","templated":true}]}}