{"id":9308,"date":"2019-06-21T20:58:57","date_gmt":"2019-06-21T20:58:57","guid":{"rendered":"http:\/\/avrupapress.com\/main\/?p=9308"},"modified":"2019-06-21T20:58:59","modified_gmt":"2019-06-21T20:58:59","slug":"turkiyeyi-bolmek-isteyen-karanlik-gucler-gene-devrede","status":"publish","type":"post","link":"https:\/\/avrupapress.com\/main\/2019\/06\/21\/turkiyeyi-bolmek-isteyen-karanlik-gucler-gene-devrede\/","title":{"rendered":"T\u00fcrkiye&rsquo;yi b\u00f6lmek isteyen karanl\u0131k g\u00fc\u00e7ler gene devrede!"},"content":{"rendered":"\n<p>\n\n\u0130stanbul B\u00fcy\u00fck\u015fehir Belediye Ba\u015fkanl\u0131\u011f\u0131 se\u00e7imlerinin Y\u00fcksek Se\u00e7im Kurulu (YSK) taraf\u0131ndan iptal ederek 23 Haziran&rsquo;da yeniden sand\u0131\u011fa gidilece\u011finin a\u00e7\u0131klamas\u0131n\u0131n ard\u0131ndan sosyal medya \u00fczerinden \u00e7ok \u00e7arp\u0131c\u0131 g\u00f6r\u00fcnt\u00fcler payla\u015f\u0131lmaya ba\u015fland\u0131.<br>\u0130stanbul Esenler&rsquo;de T\u00fcrkiye&rsquo;nin kurucusu Mustafa Kemal Atat\u00fcrk&rsquo;\u00fcn at \u00fczerine binmi\u015f bir heykelini yanarak g\u00f6steren bu foto\u011fraf sahte \u00e7\u0131kt\u0131.Sadece Esenler olarak belirtilen b\u00f6lgede ne bir Okulun nede bir Resmi Kurumun b\u00f6yle bir olay olmad\u0131\u011f\u0131n\u0131 belirten yetkililer ortal\u0131\u011f\u0131 kar\u0131\u015ft\u0131rmak isteyen baz\u0131 karanl\u0131k g\u00fc\u00e7lerin bir oyunudur dediler.<br>T\u00fcrkiye&rsquo;de b\u00fcy\u00fck bir kaos yaratmak isteyen T\u00fcrk d\u00fc\u015fman\u0131 ter\u00f6r odaklar\u0131 T\u00fcrkiye&rsquo;yi b\u00f6lmek ve Cumhurba\u015fkan\u0131 Recep Tayyip Erdo\u011fan&rsquo;\u0131 y\u0131kmak i\u00e7in her t\u00fcrl\u00fc oyun oynamaya devam ediliyor dediler.Maksat 2023&rsquo;de Lozan anla\u015fmas\u0131 bitiyor bunlar\u0131n b\u00fct\u00fcn amac\u0131 ortal\u0131\u011f\u0131 kar\u0131\u015ft\u0131r\u0131p H\u00fck\u00fcmeti y\u0131kmak ve T\u00fcrkiye&rsquo;nin \u00f6n\u00fcn\u00fc kesmek Irak ve Suriye gibi T\u00fcrkiye&rsquo;yi par\u00e7alamak dediler.<\/p>\n\n\n\n<p><strong>HABER MET\u0130N DURMAZ\/\u0130STANBUL \/ AVRUPAPRESS<\/strong><\/p>\n\n\n\n<p><\/p>\n","protected":false},"excerpt":{"rendered":"<p>\u0130stanbul B\u00fcy\u00fck\u015fehir Belediye Ba\u015fkanl\u0131\u011f\u0131 se\u00e7imlerinin Y\u00fcksek Se\u00e7im Kurulu (YSK) taraf\u0131ndan iptal ederek 23 Haziran&rsquo;da yeniden sand\u0131\u011fa gidilece\u011finin a\u00e7\u0131klamas\u0131n\u0131n ard\u0131ndan sosyal medya \u00fczerinden \u00e7ok \u00e7arp\u0131c\u0131 g\u00f6r\u00fcnt\u00fcler payla\u015f\u0131lmaya ba\u015fland\u0131.\u0130stanbul Esenler&rsquo;de T\u00fcrkiye&rsquo;nin kurucusu Mustafa Kemal Atat\u00fcrk&rsquo;\u00fcn at \u00fczerine binmi\u015f bir heykelini yanarak g\u00f6steren bu foto\u011fraf sahte \u00e7\u0131kt\u0131.Sadece Esenler olarak belirtilen b\u00f6lgede ne bir Okulun nede bir Resmi Kurumun [&hellip;]<\/p>\n","protected":false},"author":3,"featured_media":9309,"comment_status":"open","ping_status":"open","sticky":false,"template":"","format":"standard","meta":{"footnotes":""},"categories":[2],"tags":[],"class_list":["post-9308","post","type-post","status-publish","format-standard","has-post-thumbnail","hentry","category-turkiye"],"yoast_head":"<!-- This site is optimized with the Yoast SEO plugin v26.9 - https:\/\/yoast.com\/product\/yoast-seo-wordpress\/ -->\n<title>T\u00fcrkiye&#039;yi b\u00f6lmek isteyen karanl\u0131k g\u00fc\u00e7ler gene devrede! - AvrupaPress<\/title>\n<meta name=\"robots\" content=\"index, follow, max-snippet:-1, max-image-preview:large, max-video-preview:-1\" \/>\n<link rel=\"canonical\" href=\"https:\/\/avrupapress.com\/2019\/06\/21\/turkiyeyi-bolmek-isteyen-karanlik-gucler-gene-devrede\/\" \/>\n<meta property=\"og:locale\" content=\"fr_FR\" \/>\n<meta property=\"og:type\" content=\"article\" \/>\n<meta property=\"og:title\" content=\"T\u00fcrkiye&#039;yi b\u00f6lmek isteyen karanl\u0131k g\u00fc\u00e7ler gene devrede! - AvrupaPress\" \/>\n<meta property=\"og:description\" content=\"\u0130stanbul B\u00fcy\u00fck\u015fehir Belediye Ba\u015fkanl\u0131\u011f\u0131 se\u00e7imlerinin Y\u00fcksek Se\u00e7im Kurulu (YSK) taraf\u0131ndan iptal ederek 23 Haziran&rsquo;da yeniden sand\u0131\u011fa gidilece\u011finin a\u00e7\u0131klamas\u0131n\u0131n ard\u0131ndan sosyal medya \u00fczerinden \u00e7ok \u00e7arp\u0131c\u0131 g\u00f6r\u00fcnt\u00fcler payla\u015f\u0131lmaya ba\u015fland\u0131.\u0130stanbul Esenler&rsquo;de T\u00fcrkiye&rsquo;nin kurucusu Mustafa Kemal Atat\u00fcrk&rsquo;\u00fcn at \u00fczerine binmi\u015f bir heykelini yanarak g\u00f6steren bu foto\u011fraf sahte \u00e7\u0131kt\u0131.Sadece Esenler olarak belirtilen b\u00f6lgede ne bir Okulun nede bir Resmi Kurumun [&hellip;]\" \/>\n<meta property=\"og:url\" content=\"https:\/\/avrupapress.com\/2019\/06\/21\/turkiyeyi-bolmek-isteyen-karanlik-gucler-gene-devrede\/\" \/>\n<meta property=\"og:site_name\" content=\"AvrupaPress\" \/>\n<meta property=\"article:published_time\" content=\"2019-06-21T20:58:57+00:00\" \/>\n<meta property=\"article:modified_time\" content=\"2019-06-21T20:58:59+00:00\" \/>\n<meta property=\"og:image\" content=\"https:\/\/avrupapress.com\/wp-content\/uploads\/2019\/06\/thumbnail_65059398_1981524665285813_2062576551194525696_n.jpg\" \/>\n\t<meta property=\"og:image:width\" content=\"703\" \/>\n\t<meta property=\"og:image:height\" content=\"769\" \/>\n\t<meta property=\"og:image:type\" content=\"image\/jpeg\" \/>\n<meta name=\"author\" content=\"Edit\u00f6r\" \/>\n<meta name=\"twitter:card\" content=\"summary_large_image\" \/>\n<meta name=\"twitter:label1\" content=\"\u00c9crit par\" \/>\n\t<meta name=\"twitter:data1\" content=\"Edit\u00f6r\" \/>\n\t<meta name=\"twitter:label2\" content=\"Dur\u00e9e de lecture est.\" \/>\n\t<meta name=\"twitter:data2\" content=\"1 minute\" \/>\n<script type=\"application\/ld+json\" class=\"yoast-schema-graph\">{\"@context\":\"https:\/\/schema.org\",\"@graph\":[{\"@type\":\"Article\",\"@id\":\"https:\/\/avrupapress.com\/2019\/06\/21\/turkiyeyi-bolmek-isteyen-karanlik-gucler-gene-devrede\/#article\",\"isPartOf\":{\"@id\":\"https:\/\/avrupapress.com\/2019\/06\/21\/turkiyeyi-bolmek-isteyen-karanlik-gucler-gene-devrede\/\"},\"author\":{\"name\":\"Edit\u00f6r\",\"@id\":\"https:\/\/avrupapress.com\/#\/schema\/person\/68428444ec60970d1e1b700cf4ca1e8f\"},\"headline\":\"T\u00fcrkiye&rsquo;yi b\u00f6lmek isteyen karanl\u0131k g\u00fc\u00e7ler gene devrede!\",\"datePublished\":\"2019-06-21T20:58:57+00:00\",\"dateModified\":\"2019-06-21T20:58:59+00:00\",\"mainEntityOfPage\":{\"@id\":\"https:\/\/avrupapress.com\/2019\/06\/21\/turkiyeyi-bolmek-isteyen-karanlik-gucler-gene-devrede\/\"},\"wordCount\":196,\"commentCount\":0,\"publisher\":{\"@id\":\"https:\/\/avrupapress.com\/#\/schema\/person\/0223dca19c72c43575bf30d1a2d8f4fa\"},\"image\":{\"@id\":\"https:\/\/avrupapress.com\/2019\/06\/21\/turkiyeyi-bolmek-isteyen-karanlik-gucler-gene-devrede\/#primaryimage\"},\"thumbnailUrl\":\"https:\/\/avrupapress.com\/main\/wp-content\/uploads\/2019\/06\/thumbnail_65059398_1981524665285813_2062576551194525696_n.jpg\",\"articleSection\":[\"T\u00fcrkiye\"],\"inLanguage\":\"fr-BE\",\"potentialAction\":[{\"@type\":\"CommentAction\",\"name\":\"Comment\",\"target\":[\"https:\/\/avrupapress.com\/2019\/06\/21\/turkiyeyi-bolmek-isteyen-karanlik-gucler-gene-devrede\/#respond\"]}]},{\"@type\":\"WebPage\",\"@id\":\"https:\/\/avrupapress.com\/2019\/06\/21\/turkiyeyi-bolmek-isteyen-karanlik-gucler-gene-devrede\/\",\"url\":\"https:\/\/avrupapress.com\/2019\/06\/21\/turkiyeyi-bolmek-isteyen-karanlik-gucler-gene-devrede\/\",\"name\":\"T\u00fcrkiye'yi b\u00f6lmek isteyen karanl\u0131k g\u00fc\u00e7ler gene devrede! - AvrupaPress\",\"isPartOf\":{\"@id\":\"https:\/\/avrupapress.com\/#website\"},\"primaryImageOfPage\":{\"@id\":\"https:\/\/avrupapress.com\/2019\/06\/21\/turkiyeyi-bolmek-isteyen-karanlik-gucler-gene-devrede\/#primaryimage\"},\"image\":{\"@id\":\"https:\/\/avrupapress.com\/2019\/06\/21\/turkiyeyi-bolmek-isteyen-karanlik-gucler-gene-devrede\/#primaryimage\"},\"thumbnailUrl\":\"https:\/\/avrupapress.com\/main\/wp-content\/uploads\/2019\/06\/thumbnail_65059398_1981524665285813_2062576551194525696_n.jpg\",\"datePublished\":\"2019-06-21T20:58:57+00:00\",\"dateModified\":\"2019-06-21T20:58:59+00:00\",\"breadcrumb\":{\"@id\":\"https:\/\/avrupapress.com\/2019\/06\/21\/turkiyeyi-bolmek-isteyen-karanlik-gucler-gene-devrede\/#breadcrumb\"},\"inLanguage\":\"fr-BE\",\"potentialAction\":[{\"@type\":\"ReadAction\",\"target\":[\"https:\/\/avrupapress.com\/2019\/06\/21\/turkiyeyi-bolmek-isteyen-karanlik-gucler-gene-devrede\/\"]}]},{\"@type\":\"ImageObject\",\"inLanguage\":\"fr-BE\",\"@id\":\"https:\/\/avrupapress.com\/2019\/06\/21\/turkiyeyi-bolmek-isteyen-karanlik-gucler-gene-devrede\/#primaryimage\",\"url\":\"https:\/\/avrupapress.com\/main\/wp-content\/uploads\/2019\/06\/thumbnail_65059398_1981524665285813_2062576551194525696_n.jpg\",\"contentUrl\":\"https:\/\/avrupapress.com\/main\/wp-content\/uploads\/2019\/06\/thumbnail_65059398_1981524665285813_2062576551194525696_n.jpg\",\"width\":703,\"height\":769},{\"@type\":\"BreadcrumbList\",\"@id\":\"https:\/\/avrupapress.com\/2019\/06\/21\/turkiyeyi-bolmek-isteyen-karanlik-gucler-gene-devrede\/#breadcrumb\",\"itemListElement\":[{\"@type\":\"ListItem\",\"position\":1,\"name\":\"Anasayfa\",\"item\":\"https:\/\/avrupapress.com\/\"},{\"@type\":\"ListItem\",\"position\":2,\"name\":\"T\u00fcrkiye&#8217;yi b\u00f6lmek isteyen karanl\u0131k g\u00fc\u00e7ler gene devrede!\"}]},{\"@type\":\"WebSite\",\"@id\":\"https:\/\/avrupapress.com\/#website\",\"url\":\"https:\/\/avrupapress.com\/\",\"name\":\"AvrupaPress\",\"description\":\"Haberin Adresi\",\"publisher\":{\"@id\":\"https:\/\/avrupapress.com\/#\/schema\/person\/0223dca19c72c43575bf30d1a2d8f4fa\"},\"potentialAction\":[{\"@type\":\"SearchAction\",\"target\":{\"@type\":\"EntryPoint\",\"urlTemplate\":\"https:\/\/avrupapress.com\/?s={search_term_string}\"},\"query-input\":{\"@type\":\"PropertyValueSpecification\",\"valueRequired\":true,\"valueName\":\"search_term_string\"}}],\"inLanguage\":\"fr-BE\"},{\"@type\":[\"Person\",\"Organization\"],\"@id\":\"https:\/\/avrupapress.com\/#\/schema\/person\/0223dca19c72c43575bf30d1a2d8f4fa\",\"name\":\"Bilgin \u00d6z\u00e7ift\u00e7i\",\"image\":{\"@type\":\"ImageObject\",\"inLanguage\":\"fr-BE\",\"@id\":\"https:\/\/avrupapress.com\/#\/schema\/person\/image\/\",\"url\":\"https:\/\/secure.gravatar.com\/avatar\/0f23b280433a21e1ea7a0adcc46ed0ad16afe3ad8e630fd13d8a017dcbd54ef3?s=96&d=mm&r=g\",\"contentUrl\":\"https:\/\/secure.gravatar.com\/avatar\/0f23b280433a21e1ea7a0adcc46ed0ad16afe3ad8e630fd13d8a017dcbd54ef3?s=96&d=mm&r=g\",\"caption\":\"Bilgin \u00d6z\u00e7ift\u00e7i\"},\"logo\":{\"@id\":\"https:\/\/avrupapress.com\/#\/schema\/person\/image\/\"},\"description\":\"Ne ben, nede sen... Biz ancak \\\"biz\\\" olursak g\u00fc\u00e7l\u00fc olabiliriz\"},{\"@type\":\"Person\",\"@id\":\"https:\/\/avrupapress.com\/#\/schema\/person\/68428444ec60970d1e1b700cf4ca1e8f\",\"name\":\"Edit\u00f6r\",\"image\":{\"@type\":\"ImageObject\",\"inLanguage\":\"fr-BE\",\"@id\":\"https:\/\/avrupapress.com\/#\/schema\/person\/image\/\",\"url\":\"https:\/\/secure.gravatar.com\/avatar\/74996b0977aa5f1559ba9883776652508b229005c0d78fb2597897f0bd651c09?s=96&d=mm&r=g\",\"contentUrl\":\"https:\/\/secure.gravatar.com\/avatar\/74996b0977aa5f1559ba9883776652508b229005c0d78fb2597897f0bd651c09?s=96&d=mm&r=g\",\"caption\":\"Edit\u00f6r\"},\"sameAs\":[\"http:\/\/www.avrupapress.com\"],\"url\":\"https:\/\/avrupapress.com\/main\/author\/editor\/\"}]}<\/script>\n<!-- \/ Yoast SEO plugin. -->","yoast_head_json":{"title":"T\u00fcrkiye'yi b\u00f6lmek isteyen karanl\u0131k g\u00fc\u00e7ler gene devrede! - AvrupaPress","robots":{"index":"index","follow":"follow","max-snippet":"max-snippet:-1","max-image-preview":"max-image-preview:large","max-video-preview":"max-video-preview:-1"},"canonical":"https:\/\/avrupapress.com\/2019\/06\/21\/turkiyeyi-bolmek-isteyen-karanlik-gucler-gene-devrede\/","og_locale":"fr_FR","og_type":"article","og_title":"T\u00fcrkiye'yi b\u00f6lmek isteyen karanl\u0131k g\u00fc\u00e7ler gene devrede! - AvrupaPress","og_description":"\u0130stanbul B\u00fcy\u00fck\u015fehir Belediye Ba\u015fkanl\u0131\u011f\u0131 se\u00e7imlerinin Y\u00fcksek Se\u00e7im Kurulu (YSK) taraf\u0131ndan iptal ederek 23 Haziran&rsquo;da yeniden sand\u0131\u011fa gidilece\u011finin a\u00e7\u0131klamas\u0131n\u0131n ard\u0131ndan sosyal medya \u00fczerinden \u00e7ok \u00e7arp\u0131c\u0131 g\u00f6r\u00fcnt\u00fcler payla\u015f\u0131lmaya ba\u015fland\u0131.\u0130stanbul Esenler&rsquo;de T\u00fcrkiye&rsquo;nin kurucusu Mustafa Kemal Atat\u00fcrk&rsquo;\u00fcn at \u00fczerine binmi\u015f bir heykelini yanarak g\u00f6steren bu foto\u011fraf sahte \u00e7\u0131kt\u0131.Sadece Esenler olarak belirtilen b\u00f6lgede ne bir Okulun nede bir Resmi Kurumun [&hellip;]","og_url":"https:\/\/avrupapress.com\/2019\/06\/21\/turkiyeyi-bolmek-isteyen-karanlik-gucler-gene-devrede\/","og_site_name":"AvrupaPress","article_published_time":"2019-06-21T20:58:57+00:00","article_modified_time":"2019-06-21T20:58:59+00:00","og_image":[{"width":703,"height":769,"url":"https:\/\/avrupapress.com\/wp-content\/uploads\/2019\/06\/thumbnail_65059398_1981524665285813_2062576551194525696_n.jpg","type":"image\/jpeg"}],"author":"Edit\u00f6r","twitter_card":"summary_large_image","twitter_misc":{"\u00c9crit par":"Edit\u00f6r","Dur\u00e9e de lecture est.":"1 minute"},"schema":{"@context":"https:\/\/schema.org","@graph":[{"@type":"Article","@id":"https:\/\/avrupapress.com\/2019\/06\/21\/turkiyeyi-bolmek-isteyen-karanlik-gucler-gene-devrede\/#article","isPartOf":{"@id":"https:\/\/avrupapress.com\/2019\/06\/21\/turkiyeyi-bolmek-isteyen-karanlik-gucler-gene-devrede\/"},"author":{"name":"Edit\u00f6r","@id":"https:\/\/avrupapress.com\/#\/schema\/person\/68428444ec60970d1e1b700cf4ca1e8f"},"headline":"T\u00fcrkiye&rsquo;yi b\u00f6lmek isteyen karanl\u0131k g\u00fc\u00e7ler gene devrede!","datePublished":"2019-06-21T20:58:57+00:00","dateModified":"2019-06-21T20:58:59+00:00","mainEntityOfPage":{"@id":"https:\/\/avrupapress.com\/2019\/06\/21\/turkiyeyi-bolmek-isteyen-karanlik-gucler-gene-devrede\/"},"wordCount":196,"commentCount":0,"publisher":{"@id":"https:\/\/avrupapress.com\/#\/schema\/person\/0223dca19c72c43575bf30d1a2d8f4fa"},"image":{"@id":"https:\/\/avrupapress.com\/2019\/06\/21\/turkiyeyi-bolmek-isteyen-karanlik-gucler-gene-devrede\/#primaryimage"},"thumbnailUrl":"https:\/\/avrupapress.com\/main\/wp-content\/uploads\/2019\/06\/thumbnail_65059398_1981524665285813_2062576551194525696_n.jpg","articleSection":["T\u00fcrkiye"],"inLanguage":"fr-BE","potentialAction":[{"@type":"CommentAction","name":"Comment","target":["https:\/\/avrupapress.com\/2019\/06\/21\/turkiyeyi-bolmek-isteyen-karanlik-gucler-gene-devrede\/#respond"]}]},{"@type":"WebPage","@id":"https:\/\/avrupapress.com\/2019\/06\/21\/turkiyeyi-bolmek-isteyen-karanlik-gucler-gene-devrede\/","url":"https:\/\/avrupapress.com\/2019\/06\/21\/turkiyeyi-bolmek-isteyen-karanlik-gucler-gene-devrede\/","name":"T\u00fcrkiye'yi b\u00f6lmek isteyen karanl\u0131k g\u00fc\u00e7ler gene devrede! - AvrupaPress","isPartOf":{"@id":"https:\/\/avrupapress.com\/#website"},"primaryImageOfPage":{"@id":"https:\/\/avrupapress.com\/2019\/06\/21\/turkiyeyi-bolmek-isteyen-karanlik-gucler-gene-devrede\/#primaryimage"},"image":{"@id":"https:\/\/avrupapress.com\/2019\/06\/21\/turkiyeyi-bolmek-isteyen-karanlik-gucler-gene-devrede\/#primaryimage"},"thumbnailUrl":"https:\/\/avrupapress.com\/main\/wp-content\/uploads\/2019\/06\/thumbnail_65059398_1981524665285813_2062576551194525696_n.jpg","datePublished":"2019-06-21T20:58:57+00:00","dateModified":"2019-06-21T20:58:59+00:00","breadcrumb":{"@id":"https:\/\/avrupapress.com\/2019\/06\/21\/turkiyeyi-bolmek-isteyen-karanlik-gucler-gene-devrede\/#breadcrumb"},"inLanguage":"fr-BE","potentialAction":[{"@type":"ReadAction","target":["https:\/\/avrupapress.com\/2019\/06\/21\/turkiyeyi-bolmek-isteyen-karanlik-gucler-gene-devrede\/"]}]},{"@type":"ImageObject","inLanguage":"fr-BE","@id":"https:\/\/avrupapress.com\/2019\/06\/21\/turkiyeyi-bolmek-isteyen-karanlik-gucler-gene-devrede\/#primaryimage","url":"https:\/\/avrupapress.com\/main\/wp-content\/uploads\/2019\/06\/thumbnail_65059398_1981524665285813_2062576551194525696_n.jpg","contentUrl":"https:\/\/avrupapress.com\/main\/wp-content\/uploads\/2019\/06\/thumbnail_65059398_1981524665285813_2062576551194525696_n.jpg","width":703,"height":769},{"@type":"BreadcrumbList","@id":"https:\/\/avrupapress.com\/2019\/06\/21\/turkiyeyi-bolmek-isteyen-karanlik-gucler-gene-devrede\/#breadcrumb","itemListElement":[{"@type":"ListItem","position":1,"name":"Anasayfa","item":"https:\/\/avrupapress.com\/"},{"@type":"ListItem","position":2,"name":"T\u00fcrkiye&#8217;yi b\u00f6lmek isteyen karanl\u0131k g\u00fc\u00e7ler gene devrede!"}]},{"@type":"WebSite","@id":"https:\/\/avrupapress.com\/#website","url":"https:\/\/avrupapress.com\/","name":"AvrupaPress","description":"Haberin Adresi","publisher":{"@id":"https:\/\/avrupapress.com\/#\/schema\/person\/0223dca19c72c43575bf30d1a2d8f4fa"},"potentialAction":[{"@type":"SearchAction","target":{"@type":"EntryPoint","urlTemplate":"https:\/\/avrupapress.com\/?s={search_term_string}"},"query-input":{"@type":"PropertyValueSpecification","valueRequired":true,"valueName":"search_term_string"}}],"inLanguage":"fr-BE"},{"@type":["Person","Organization"],"@id":"https:\/\/avrupapress.com\/#\/schema\/person\/0223dca19c72c43575bf30d1a2d8f4fa","name":"Bilgin \u00d6z\u00e7ift\u00e7i","image":{"@type":"ImageObject","inLanguage":"fr-BE","@id":"https:\/\/avrupapress.com\/#\/schema\/person\/image\/","url":"https:\/\/secure.gravatar.com\/avatar\/0f23b280433a21e1ea7a0adcc46ed0ad16afe3ad8e630fd13d8a017dcbd54ef3?s=96&d=mm&r=g","contentUrl":"https:\/\/secure.gravatar.com\/avatar\/0f23b280433a21e1ea7a0adcc46ed0ad16afe3ad8e630fd13d8a017dcbd54ef3?s=96&d=mm&r=g","caption":"Bilgin \u00d6z\u00e7ift\u00e7i"},"logo":{"@id":"https:\/\/avrupapress.com\/#\/schema\/person\/image\/"},"description":"Ne ben, nede sen... Biz ancak \"biz\" olursak g\u00fc\u00e7l\u00fc olabiliriz"},{"@type":"Person","@id":"https:\/\/avrupapress.com\/#\/schema\/person\/68428444ec60970d1e1b700cf4ca1e8f","name":"Edit\u00f6r","image":{"@type":"ImageObject","inLanguage":"fr-BE","@id":"https:\/\/avrupapress.com\/#\/schema\/person\/image\/","url":"https:\/\/secure.gravatar.com\/avatar\/74996b0977aa5f1559ba9883776652508b229005c0d78fb2597897f0bd651c09?s=96&d=mm&r=g","contentUrl":"https:\/\/secure.gravatar.com\/avatar\/74996b0977aa5f1559ba9883776652508b229005c0d78fb2597897f0bd651c09?s=96&d=mm&r=g","caption":"Edit\u00f6r"},"sameAs":["http:\/\/www.avrupapress.com"],"url":"https:\/\/avrupapress.com\/main\/author\/editor\/"}]}},"_links":{"self":[{"href":"https:\/\/avrupapress.com\/main\/wp-json\/wp\/v2\/posts\/9308","targetHints":{"allow":["GET"]}}],"collection":[{"href":"https:\/\/avrupapress.com\/main\/wp-json\/wp\/v2\/posts"}],"about":[{"href":"https:\/\/avrupapress.com\/main\/wp-json\/wp\/v2\/types\/post"}],"author":[{"embeddable":true,"href":"https:\/\/avrupapress.com\/main\/wp-json\/wp\/v2\/users\/3"}],"replies":[{"embeddable":true,"href":"https:\/\/avrupapress.com\/main\/wp-json\/wp\/v2\/comments?post=9308"}],"version-history":[{"count":1,"href":"https:\/\/avrupapress.com\/main\/wp-json\/wp\/v2\/posts\/9308\/revisions"}],"predecessor-version":[{"id":9310,"href":"https:\/\/avrupapress.com\/main\/wp-json\/wp\/v2\/posts\/9308\/revisions\/9310"}],"wp:featuredmedia":[{"embeddable":true,"href":"https:\/\/avrupapress.com\/main\/wp-json\/wp\/v2\/media\/9309"}],"wp:attachment":[{"href":"https:\/\/avrupapress.com\/main\/wp-json\/wp\/v2\/media?parent=9308"}],"wp:term":[{"taxonomy":"category","embeddable":true,"href":"https:\/\/avrupapress.com\/main\/wp-json\/wp\/v2\/categories?post=9308"},{"taxonomy":"post_tag","embeddable":true,"href":"https:\/\/avrupapress.com\/main\/wp-json\/wp\/v2\/tags?post=9308"}],"curies":[{"name":"wp","href":"https:\/\/api.w.org\/{rel}","templated":true}]}}