{"id":9305,"date":"2019-06-20T20:18:49","date_gmt":"2019-06-20T20:18:49","guid":{"rendered":"http:\/\/avrupapress.com\/main\/?p=9305"},"modified":"2019-06-20T20:18:50","modified_gmt":"2019-06-20T20:18:50","slug":"aile-calisma-ve-sosyal-hizmetler-bakani-acikladi-4321-personel-alinacak","status":"publish","type":"post","link":"https:\/\/avrupapress.com\/main\/2019\/06\/20\/aile-calisma-ve-sosyal-hizmetler-bakani-acikladi-4321-personel-alinacak\/","title":{"rendered":"Aile, \u00c7al\u0131\u015fma ve Sosyal Hizmetler Bakan\u0131 a\u00e7\u0131klad\u0131: 4321 personel al\u0131nacak"},"content":{"rendered":"\n<h2 class=\"wp-block-heading\">Aile, \u00c7al\u0131\u015fma ve Sosyal Hizmetler Bakan\u0131 Zehra Z\u00fcmr\u00fct Sel\u00e7uk, Twitter hesab\u0131ndan \u00ab\u00a0Bu y\u0131l i\u00e7erisinde al\u0131m ilan\u0131na \u00e7\u0131karak 1000\u2019i ASDEP, 1000\u2019i i\u015f\u00e7i, 2321\u2019i s\u00f6zle\u015fmeli personel olmak \u00fczere toplam 4321 personel istihdam\u0131 ger\u00e7ekle\u015ftirece\u011fiz.\u00a0\u00bb a\u00e7\u0131klamas\u0131nda bulundu.<\/h2>\n\n\n\n<p>Sel\u00e7uk, Twitter hesab\u0131ndan yapt\u0131\u011f\u0131 payla\u015f\u0131mda, bu y\u0131l i\u00e7erisinde personel al\u0131m ilan\u0131na \u00e7\u0131kacaklar\u0131n\u0131 bildirdi.<\/p>\n\n\n\n<p>\u00ab\u00a0Bu y\u0131l i\u00e7erisinde al\u0131m ilan\u0131na \u00e7\u0131karak 1000&rsquo;i ASDEP, 1000&rsquo;i i\u015f\u00e7i, 2 bin 321&rsquo;i s\u00f6zle\u015fmeli personel olmak \u00fczere toplam 4 bin 321 personel istihdam\u0131 ger\u00e7ekle\u015ftirece\u011fiz.\u00a0\u00bb ifadesini kullanan Sel\u00e7uk, \u00ab\u00a0Sosyal hizmetlerimizi daha etkin sunabilmek i\u00e7in \u00e7al\u0131\u015fan ailemiz b\u00fcy\u00fcyor&#8230;\u00a0\u00bb payla\u015f\u0131m\u0131nda bulundu.<\/p>\n\n\n\n<figure class=\"wp-block-image\"><a href=\"https:\/\/twitter.com\/ZehraZumrutS\"><img decoding=\"async\" src=\"https:\/\/pbs.twimg.com\/profile_images\/1042583180883177473\/thjbT9pI_normal.jpg\" alt=\"\"\/><\/a><\/figure>\n\n\n\n<p><a href=\"https:\/\/twitter.com\/ZehraZumrutS\"><strong>Zehra Z\u00fcmr\u00fct Sel\u00e7uk&nbsp;<\/strong><strong>\u2714<\/strong>@ZehraZumrutS<\/a><a href=\"https:\/\/twitter.com\/ZehraZumrutS\/status\/1141739046298951680\"><\/a><\/p>\n\n\n\n<p>Bu y\u0131l i\u00e7erisinde al\u0131m ilan\u0131na \u00e7\u0131karak 1000\u2019i ASDEP, 1000\u2019i i\u015f\u00e7i, 2321\u2019i s\u00f6zle\u015fmeli personel olmak \u00fczere toplam 4321 personel istihdam\u0131 ger\u00e7ekle\u015ftirece\u011fiz.<br>Sosyal hizmetlerimizi daha etkin sunabilmek i\u00e7in \u00e7al\u0131\u015fan ailemiz b\u00fcy\u00fcyor..<\/p>\n","protected":false},"excerpt":{"rendered":"<p>Aile, \u00c7al\u0131\u015fma ve Sosyal Hizmetler Bakan\u0131 Zehra Z\u00fcmr\u00fct Sel\u00e7uk, Twitter hesab\u0131ndan \u00ab\u00a0Bu y\u0131l i\u00e7erisinde al\u0131m ilan\u0131na \u00e7\u0131karak 1000\u2019i ASDEP, 1000\u2019i i\u015f\u00e7i, 2321\u2019i s\u00f6zle\u015fmeli personel olmak \u00fczere toplam 4321 personel istihdam\u0131 ger\u00e7ekle\u015ftirece\u011fiz.\u00a0\u00bb a\u00e7\u0131klamas\u0131nda bulundu. Sel\u00e7uk, Twitter hesab\u0131ndan yapt\u0131\u011f\u0131 payla\u015f\u0131mda, bu y\u0131l i\u00e7erisinde personel al\u0131m ilan\u0131na \u00e7\u0131kacaklar\u0131n\u0131 bildirdi. \u00ab\u00a0Bu y\u0131l i\u00e7erisinde al\u0131m ilan\u0131na \u00e7\u0131karak 1000&rsquo;i ASDEP, 1000&rsquo;i [&hellip;]<\/p>\n","protected":false},"author":3,"featured_media":9306,"comment_status":"open","ping_status":"open","sticky":false,"template":"","format":"standard","meta":{"footnotes":""},"categories":[14,16,3,17,18,19,2,1],"tags":[201],"class_list":["post-9305","post","type-post","status-publish","format-standard","has-post-thumbnail","hentry","category-avrupa","category-belcika","category-dunya","category-ekonomi","category-kultur-sanat","category-tanitim","category-turkiye","category-uncategorized","tag-aile"],"yoast_head":"<!-- This site is optimized with the Yoast SEO plugin v26.9 - https:\/\/yoast.com\/product\/yoast-seo-wordpress\/ -->\n<title>Aile, \u00c7al\u0131\u015fma ve Sosyal Hizmetler Bakan\u0131 a\u00e7\u0131klad\u0131: 4321 personel al\u0131nacak - AvrupaPress<\/title>\n<meta name=\"robots\" content=\"index, follow, max-snippet:-1, max-image-preview:large, max-video-preview:-1\" \/>\n<link rel=\"canonical\" href=\"https:\/\/avrupapress.com\/2019\/06\/20\/aile-calisma-ve-sosyal-hizmetler-bakani-acikladi-4321-personel-alinacak\/\" \/>\n<meta property=\"og:locale\" content=\"fr_FR\" \/>\n<meta property=\"og:type\" content=\"article\" \/>\n<meta property=\"og:title\" content=\"Aile, \u00c7al\u0131\u015fma ve Sosyal Hizmetler Bakan\u0131 a\u00e7\u0131klad\u0131: 4321 personel al\u0131nacak - AvrupaPress\" \/>\n<meta property=\"og:description\" content=\"Aile, \u00c7al\u0131\u015fma ve Sosyal Hizmetler Bakan\u0131 Zehra Z\u00fcmr\u00fct Sel\u00e7uk, Twitter hesab\u0131ndan \u00ab\u00a0Bu y\u0131l i\u00e7erisinde al\u0131m ilan\u0131na \u00e7\u0131karak 1000\u2019i ASDEP, 1000\u2019i i\u015f\u00e7i, 2321\u2019i s\u00f6zle\u015fmeli personel olmak \u00fczere toplam 4321 personel istihdam\u0131 ger\u00e7ekle\u015ftirece\u011fiz.\u00a0\u00bb a\u00e7\u0131klamas\u0131nda bulundu. Sel\u00e7uk, Twitter hesab\u0131ndan yapt\u0131\u011f\u0131 payla\u015f\u0131mda, bu y\u0131l i\u00e7erisinde personel al\u0131m ilan\u0131na \u00e7\u0131kacaklar\u0131n\u0131 bildirdi. \u00ab\u00a0Bu y\u0131l i\u00e7erisinde al\u0131m ilan\u0131na \u00e7\u0131karak 1000&rsquo;i ASDEP, 1000&rsquo;i [&hellip;]\" \/>\n<meta property=\"og:url\" content=\"https:\/\/avrupapress.com\/2019\/06\/20\/aile-calisma-ve-sosyal-hizmetler-bakani-acikladi-4321-personel-alinacak\/\" \/>\n<meta property=\"og:site_name\" content=\"AvrupaPress\" \/>\n<meta property=\"article:published_time\" content=\"2019-06-20T20:18:49+00:00\" \/>\n<meta property=\"article:modified_time\" content=\"2019-06-20T20:18:50+00:00\" \/>\n<meta property=\"og:image\" content=\"https:\/\/avrupapress.com\/wp-content\/uploads\/2019\/06\/5d0bccaa67b0a924d0832467.jpg\" \/>\n\t<meta property=\"og:image:width\" content=\"750\" \/>\n\t<meta property=\"og:image:height\" content=\"422\" \/>\n\t<meta property=\"og:image:type\" content=\"image\/jpeg\" \/>\n<meta name=\"author\" content=\"Edit\u00f6r\" \/>\n<meta name=\"twitter:card\" content=\"summary_large_image\" \/>\n<meta name=\"twitter:label1\" content=\"\u00c9crit par\" \/>\n\t<meta name=\"twitter:data1\" content=\"Edit\u00f6r\" \/>\n\t<meta name=\"twitter:label2\" content=\"Dur\u00e9e de lecture est.\" \/>\n\t<meta name=\"twitter:data2\" content=\"1 minute\" \/>\n<script type=\"application\/ld+json\" class=\"yoast-schema-graph\">{\"@context\":\"https:\/\/schema.org\",\"@graph\":[{\"@type\":\"Article\",\"@id\":\"https:\/\/avrupapress.com\/2019\/06\/20\/aile-calisma-ve-sosyal-hizmetler-bakani-acikladi-4321-personel-alinacak\/#article\",\"isPartOf\":{\"@id\":\"https:\/\/avrupapress.com\/2019\/06\/20\/aile-calisma-ve-sosyal-hizmetler-bakani-acikladi-4321-personel-alinacak\/\"},\"author\":{\"name\":\"Edit\u00f6r\",\"@id\":\"https:\/\/avrupapress.com\/#\/schema\/person\/68428444ec60970d1e1b700cf4ca1e8f\"},\"headline\":\"Aile, \u00c7al\u0131\u015fma ve Sosyal Hizmetler Bakan\u0131 a\u00e7\u0131klad\u0131: 4321 personel al\u0131nacak\",\"datePublished\":\"2019-06-20T20:18:49+00:00\",\"dateModified\":\"2019-06-20T20:18:50+00:00\",\"mainEntityOfPage\":{\"@id\":\"https:\/\/avrupapress.com\/2019\/06\/20\/aile-calisma-ve-sosyal-hizmetler-bakani-acikladi-4321-personel-alinacak\/\"},\"wordCount\":184,\"commentCount\":0,\"publisher\":{\"@id\":\"https:\/\/avrupapress.com\/#\/schema\/person\/0223dca19c72c43575bf30d1a2d8f4fa\"},\"image\":{\"@id\":\"https:\/\/avrupapress.com\/2019\/06\/20\/aile-calisma-ve-sosyal-hizmetler-bakani-acikladi-4321-personel-alinacak\/#primaryimage\"},\"thumbnailUrl\":\"https:\/\/avrupapress.com\/main\/wp-content\/uploads\/2019\/06\/5d0bccaa67b0a924d0832467.jpg\",\"keywords\":[\"aile\"],\"articleSection\":[\"Avrupa\",\"Bel\u00e7ika\",\"D\u00fcnya\",\"Ekonomi\",\"K\u00fclt\u00fcr-Sanat\",\"Tan\u0131t\u0131m\",\"T\u00fcrkiye\",\"Uncategorized\"],\"inLanguage\":\"fr-BE\",\"potentialAction\":[{\"@type\":\"CommentAction\",\"name\":\"Comment\",\"target\":[\"https:\/\/avrupapress.com\/2019\/06\/20\/aile-calisma-ve-sosyal-hizmetler-bakani-acikladi-4321-personel-alinacak\/#respond\"]}]},{\"@type\":\"WebPage\",\"@id\":\"https:\/\/avrupapress.com\/2019\/06\/20\/aile-calisma-ve-sosyal-hizmetler-bakani-acikladi-4321-personel-alinacak\/\",\"url\":\"https:\/\/avrupapress.com\/2019\/06\/20\/aile-calisma-ve-sosyal-hizmetler-bakani-acikladi-4321-personel-alinacak\/\",\"name\":\"Aile, \u00c7al\u0131\u015fma ve Sosyal Hizmetler Bakan\u0131 a\u00e7\u0131klad\u0131: 4321 personel al\u0131nacak - AvrupaPress\",\"isPartOf\":{\"@id\":\"https:\/\/avrupapress.com\/#website\"},\"primaryImageOfPage\":{\"@id\":\"https:\/\/avrupapress.com\/2019\/06\/20\/aile-calisma-ve-sosyal-hizmetler-bakani-acikladi-4321-personel-alinacak\/#primaryimage\"},\"image\":{\"@id\":\"https:\/\/avrupapress.com\/2019\/06\/20\/aile-calisma-ve-sosyal-hizmetler-bakani-acikladi-4321-personel-alinacak\/#primaryimage\"},\"thumbnailUrl\":\"https:\/\/avrupapress.com\/main\/wp-content\/uploads\/2019\/06\/5d0bccaa67b0a924d0832467.jpg\",\"datePublished\":\"2019-06-20T20:18:49+00:00\",\"dateModified\":\"2019-06-20T20:18:50+00:00\",\"breadcrumb\":{\"@id\":\"https:\/\/avrupapress.com\/2019\/06\/20\/aile-calisma-ve-sosyal-hizmetler-bakani-acikladi-4321-personel-alinacak\/#breadcrumb\"},\"inLanguage\":\"fr-BE\",\"potentialAction\":[{\"@type\":\"ReadAction\",\"target\":[\"https:\/\/avrupapress.com\/2019\/06\/20\/aile-calisma-ve-sosyal-hizmetler-bakani-acikladi-4321-personel-alinacak\/\"]}]},{\"@type\":\"ImageObject\",\"inLanguage\":\"fr-BE\",\"@id\":\"https:\/\/avrupapress.com\/2019\/06\/20\/aile-calisma-ve-sosyal-hizmetler-bakani-acikladi-4321-personel-alinacak\/#primaryimage\",\"url\":\"https:\/\/avrupapress.com\/main\/wp-content\/uploads\/2019\/06\/5d0bccaa67b0a924d0832467.jpg\",\"contentUrl\":\"https:\/\/avrupapress.com\/main\/wp-content\/uploads\/2019\/06\/5d0bccaa67b0a924d0832467.jpg\",\"width\":750,\"height\":422},{\"@type\":\"BreadcrumbList\",\"@id\":\"https:\/\/avrupapress.com\/2019\/06\/20\/aile-calisma-ve-sosyal-hizmetler-bakani-acikladi-4321-personel-alinacak\/#breadcrumb\",\"itemListElement\":[{\"@type\":\"ListItem\",\"position\":1,\"name\":\"Anasayfa\",\"item\":\"https:\/\/avrupapress.com\/\"},{\"@type\":\"ListItem\",\"position\":2,\"name\":\"Aile, \u00c7al\u0131\u015fma ve Sosyal Hizmetler Bakan\u0131 a\u00e7\u0131klad\u0131: 4321 personel al\u0131nacak\"}]},{\"@type\":\"WebSite\",\"@id\":\"https:\/\/avrupapress.com\/#website\",\"url\":\"https:\/\/avrupapress.com\/\",\"name\":\"AvrupaPress\",\"description\":\"Haberin Adresi\",\"publisher\":{\"@id\":\"https:\/\/avrupapress.com\/#\/schema\/person\/0223dca19c72c43575bf30d1a2d8f4fa\"},\"potentialAction\":[{\"@type\":\"SearchAction\",\"target\":{\"@type\":\"EntryPoint\",\"urlTemplate\":\"https:\/\/avrupapress.com\/?s={search_term_string}\"},\"query-input\":{\"@type\":\"PropertyValueSpecification\",\"valueRequired\":true,\"valueName\":\"search_term_string\"}}],\"inLanguage\":\"fr-BE\"},{\"@type\":[\"Person\",\"Organization\"],\"@id\":\"https:\/\/avrupapress.com\/#\/schema\/person\/0223dca19c72c43575bf30d1a2d8f4fa\",\"name\":\"Bilgin \u00d6z\u00e7ift\u00e7i\",\"image\":{\"@type\":\"ImageObject\",\"inLanguage\":\"fr-BE\",\"@id\":\"https:\/\/avrupapress.com\/#\/schema\/person\/image\/\",\"url\":\"https:\/\/secure.gravatar.com\/avatar\/0f23b280433a21e1ea7a0adcc46ed0ad16afe3ad8e630fd13d8a017dcbd54ef3?s=96&d=mm&r=g\",\"contentUrl\":\"https:\/\/secure.gravatar.com\/avatar\/0f23b280433a21e1ea7a0adcc46ed0ad16afe3ad8e630fd13d8a017dcbd54ef3?s=96&d=mm&r=g\",\"caption\":\"Bilgin \u00d6z\u00e7ift\u00e7i\"},\"logo\":{\"@id\":\"https:\/\/avrupapress.com\/#\/schema\/person\/image\/\"},\"description\":\"Ne ben, nede sen... Biz ancak \\\"biz\\\" olursak g\u00fc\u00e7l\u00fc olabiliriz\"},{\"@type\":\"Person\",\"@id\":\"https:\/\/avrupapress.com\/#\/schema\/person\/68428444ec60970d1e1b700cf4ca1e8f\",\"name\":\"Edit\u00f6r\",\"image\":{\"@type\":\"ImageObject\",\"inLanguage\":\"fr-BE\",\"@id\":\"https:\/\/avrupapress.com\/#\/schema\/person\/image\/\",\"url\":\"https:\/\/secure.gravatar.com\/avatar\/74996b0977aa5f1559ba9883776652508b229005c0d78fb2597897f0bd651c09?s=96&d=mm&r=g\",\"contentUrl\":\"https:\/\/secure.gravatar.com\/avatar\/74996b0977aa5f1559ba9883776652508b229005c0d78fb2597897f0bd651c09?s=96&d=mm&r=g\",\"caption\":\"Edit\u00f6r\"},\"sameAs\":[\"http:\/\/www.avrupapress.com\"],\"url\":\"https:\/\/avrupapress.com\/main\/author\/editor\/\"}]}<\/script>\n<!-- \/ Yoast SEO plugin. -->","yoast_head_json":{"title":"Aile, \u00c7al\u0131\u015fma ve Sosyal Hizmetler Bakan\u0131 a\u00e7\u0131klad\u0131: 4321 personel al\u0131nacak - AvrupaPress","robots":{"index":"index","follow":"follow","max-snippet":"max-snippet:-1","max-image-preview":"max-image-preview:large","max-video-preview":"max-video-preview:-1"},"canonical":"https:\/\/avrupapress.com\/2019\/06\/20\/aile-calisma-ve-sosyal-hizmetler-bakani-acikladi-4321-personel-alinacak\/","og_locale":"fr_FR","og_type":"article","og_title":"Aile, \u00c7al\u0131\u015fma ve Sosyal Hizmetler Bakan\u0131 a\u00e7\u0131klad\u0131: 4321 personel al\u0131nacak - AvrupaPress","og_description":"Aile, \u00c7al\u0131\u015fma ve Sosyal Hizmetler Bakan\u0131 Zehra Z\u00fcmr\u00fct Sel\u00e7uk, Twitter hesab\u0131ndan \u00ab\u00a0Bu y\u0131l i\u00e7erisinde al\u0131m ilan\u0131na \u00e7\u0131karak 1000\u2019i ASDEP, 1000\u2019i i\u015f\u00e7i, 2321\u2019i s\u00f6zle\u015fmeli personel olmak \u00fczere toplam 4321 personel istihdam\u0131 ger\u00e7ekle\u015ftirece\u011fiz.\u00a0\u00bb a\u00e7\u0131klamas\u0131nda bulundu. Sel\u00e7uk, Twitter hesab\u0131ndan yapt\u0131\u011f\u0131 payla\u015f\u0131mda, bu y\u0131l i\u00e7erisinde personel al\u0131m ilan\u0131na \u00e7\u0131kacaklar\u0131n\u0131 bildirdi. \u00ab\u00a0Bu y\u0131l i\u00e7erisinde al\u0131m ilan\u0131na \u00e7\u0131karak 1000&rsquo;i ASDEP, 1000&rsquo;i [&hellip;]","og_url":"https:\/\/avrupapress.com\/2019\/06\/20\/aile-calisma-ve-sosyal-hizmetler-bakani-acikladi-4321-personel-alinacak\/","og_site_name":"AvrupaPress","article_published_time":"2019-06-20T20:18:49+00:00","article_modified_time":"2019-06-20T20:18:50+00:00","og_image":[{"width":750,"height":422,"url":"https:\/\/avrupapress.com\/wp-content\/uploads\/2019\/06\/5d0bccaa67b0a924d0832467.jpg","type":"image\/jpeg"}],"author":"Edit\u00f6r","twitter_card":"summary_large_image","twitter_misc":{"\u00c9crit par":"Edit\u00f6r","Dur\u00e9e de lecture est.":"1 minute"},"schema":{"@context":"https:\/\/schema.org","@graph":[{"@type":"Article","@id":"https:\/\/avrupapress.com\/2019\/06\/20\/aile-calisma-ve-sosyal-hizmetler-bakani-acikladi-4321-personel-alinacak\/#article","isPartOf":{"@id":"https:\/\/avrupapress.com\/2019\/06\/20\/aile-calisma-ve-sosyal-hizmetler-bakani-acikladi-4321-personel-alinacak\/"},"author":{"name":"Edit\u00f6r","@id":"https:\/\/avrupapress.com\/#\/schema\/person\/68428444ec60970d1e1b700cf4ca1e8f"},"headline":"Aile, \u00c7al\u0131\u015fma ve Sosyal Hizmetler Bakan\u0131 a\u00e7\u0131klad\u0131: 4321 personel al\u0131nacak","datePublished":"2019-06-20T20:18:49+00:00","dateModified":"2019-06-20T20:18:50+00:00","mainEntityOfPage":{"@id":"https:\/\/avrupapress.com\/2019\/06\/20\/aile-calisma-ve-sosyal-hizmetler-bakani-acikladi-4321-personel-alinacak\/"},"wordCount":184,"commentCount":0,"publisher":{"@id":"https:\/\/avrupapress.com\/#\/schema\/person\/0223dca19c72c43575bf30d1a2d8f4fa"},"image":{"@id":"https:\/\/avrupapress.com\/2019\/06\/20\/aile-calisma-ve-sosyal-hizmetler-bakani-acikladi-4321-personel-alinacak\/#primaryimage"},"thumbnailUrl":"https:\/\/avrupapress.com\/main\/wp-content\/uploads\/2019\/06\/5d0bccaa67b0a924d0832467.jpg","keywords":["aile"],"articleSection":["Avrupa","Bel\u00e7ika","D\u00fcnya","Ekonomi","K\u00fclt\u00fcr-Sanat","Tan\u0131t\u0131m","T\u00fcrkiye","Uncategorized"],"inLanguage":"fr-BE","potentialAction":[{"@type":"CommentAction","name":"Comment","target":["https:\/\/avrupapress.com\/2019\/06\/20\/aile-calisma-ve-sosyal-hizmetler-bakani-acikladi-4321-personel-alinacak\/#respond"]}]},{"@type":"WebPage","@id":"https:\/\/avrupapress.com\/2019\/06\/20\/aile-calisma-ve-sosyal-hizmetler-bakani-acikladi-4321-personel-alinacak\/","url":"https:\/\/avrupapress.com\/2019\/06\/20\/aile-calisma-ve-sosyal-hizmetler-bakani-acikladi-4321-personel-alinacak\/","name":"Aile, \u00c7al\u0131\u015fma ve Sosyal Hizmetler Bakan\u0131 a\u00e7\u0131klad\u0131: 4321 personel al\u0131nacak - AvrupaPress","isPartOf":{"@id":"https:\/\/avrupapress.com\/#website"},"primaryImageOfPage":{"@id":"https:\/\/avrupapress.com\/2019\/06\/20\/aile-calisma-ve-sosyal-hizmetler-bakani-acikladi-4321-personel-alinacak\/#primaryimage"},"image":{"@id":"https:\/\/avrupapress.com\/2019\/06\/20\/aile-calisma-ve-sosyal-hizmetler-bakani-acikladi-4321-personel-alinacak\/#primaryimage"},"thumbnailUrl":"https:\/\/avrupapress.com\/main\/wp-content\/uploads\/2019\/06\/5d0bccaa67b0a924d0832467.jpg","datePublished":"2019-06-20T20:18:49+00:00","dateModified":"2019-06-20T20:18:50+00:00","breadcrumb":{"@id":"https:\/\/avrupapress.com\/2019\/06\/20\/aile-calisma-ve-sosyal-hizmetler-bakani-acikladi-4321-personel-alinacak\/#breadcrumb"},"inLanguage":"fr-BE","potentialAction":[{"@type":"ReadAction","target":["https:\/\/avrupapress.com\/2019\/06\/20\/aile-calisma-ve-sosyal-hizmetler-bakani-acikladi-4321-personel-alinacak\/"]}]},{"@type":"ImageObject","inLanguage":"fr-BE","@id":"https:\/\/avrupapress.com\/2019\/06\/20\/aile-calisma-ve-sosyal-hizmetler-bakani-acikladi-4321-personel-alinacak\/#primaryimage","url":"https:\/\/avrupapress.com\/main\/wp-content\/uploads\/2019\/06\/5d0bccaa67b0a924d0832467.jpg","contentUrl":"https:\/\/avrupapress.com\/main\/wp-content\/uploads\/2019\/06\/5d0bccaa67b0a924d0832467.jpg","width":750,"height":422},{"@type":"BreadcrumbList","@id":"https:\/\/avrupapress.com\/2019\/06\/20\/aile-calisma-ve-sosyal-hizmetler-bakani-acikladi-4321-personel-alinacak\/#breadcrumb","itemListElement":[{"@type":"ListItem","position":1,"name":"Anasayfa","item":"https:\/\/avrupapress.com\/"},{"@type":"ListItem","position":2,"name":"Aile, \u00c7al\u0131\u015fma ve Sosyal Hizmetler Bakan\u0131 a\u00e7\u0131klad\u0131: 4321 personel al\u0131nacak"}]},{"@type":"WebSite","@id":"https:\/\/avrupapress.com\/#website","url":"https:\/\/avrupapress.com\/","name":"AvrupaPress","description":"Haberin Adresi","publisher":{"@id":"https:\/\/avrupapress.com\/#\/schema\/person\/0223dca19c72c43575bf30d1a2d8f4fa"},"potentialAction":[{"@type":"SearchAction","target":{"@type":"EntryPoint","urlTemplate":"https:\/\/avrupapress.com\/?s={search_term_string}"},"query-input":{"@type":"PropertyValueSpecification","valueRequired":true,"valueName":"search_term_string"}}],"inLanguage":"fr-BE"},{"@type":["Person","Organization"],"@id":"https:\/\/avrupapress.com\/#\/schema\/person\/0223dca19c72c43575bf30d1a2d8f4fa","name":"Bilgin \u00d6z\u00e7ift\u00e7i","image":{"@type":"ImageObject","inLanguage":"fr-BE","@id":"https:\/\/avrupapress.com\/#\/schema\/person\/image\/","url":"https:\/\/secure.gravatar.com\/avatar\/0f23b280433a21e1ea7a0adcc46ed0ad16afe3ad8e630fd13d8a017dcbd54ef3?s=96&d=mm&r=g","contentUrl":"https:\/\/secure.gravatar.com\/avatar\/0f23b280433a21e1ea7a0adcc46ed0ad16afe3ad8e630fd13d8a017dcbd54ef3?s=96&d=mm&r=g","caption":"Bilgin \u00d6z\u00e7ift\u00e7i"},"logo":{"@id":"https:\/\/avrupapress.com\/#\/schema\/person\/image\/"},"description":"Ne ben, nede sen... Biz ancak \"biz\" olursak g\u00fc\u00e7l\u00fc olabiliriz"},{"@type":"Person","@id":"https:\/\/avrupapress.com\/#\/schema\/person\/68428444ec60970d1e1b700cf4ca1e8f","name":"Edit\u00f6r","image":{"@type":"ImageObject","inLanguage":"fr-BE","@id":"https:\/\/avrupapress.com\/#\/schema\/person\/image\/","url":"https:\/\/secure.gravatar.com\/avatar\/74996b0977aa5f1559ba9883776652508b229005c0d78fb2597897f0bd651c09?s=96&d=mm&r=g","contentUrl":"https:\/\/secure.gravatar.com\/avatar\/74996b0977aa5f1559ba9883776652508b229005c0d78fb2597897f0bd651c09?s=96&d=mm&r=g","caption":"Edit\u00f6r"},"sameAs":["http:\/\/www.avrupapress.com"],"url":"https:\/\/avrupapress.com\/main\/author\/editor\/"}]}},"_links":{"self":[{"href":"https:\/\/avrupapress.com\/main\/wp-json\/wp\/v2\/posts\/9305","targetHints":{"allow":["GET"]}}],"collection":[{"href":"https:\/\/avrupapress.com\/main\/wp-json\/wp\/v2\/posts"}],"about":[{"href":"https:\/\/avrupapress.com\/main\/wp-json\/wp\/v2\/types\/post"}],"author":[{"embeddable":true,"href":"https:\/\/avrupapress.com\/main\/wp-json\/wp\/v2\/users\/3"}],"replies":[{"embeddable":true,"href":"https:\/\/avrupapress.com\/main\/wp-json\/wp\/v2\/comments?post=9305"}],"version-history":[{"count":1,"href":"https:\/\/avrupapress.com\/main\/wp-json\/wp\/v2\/posts\/9305\/revisions"}],"predecessor-version":[{"id":9307,"href":"https:\/\/avrupapress.com\/main\/wp-json\/wp\/v2\/posts\/9305\/revisions\/9307"}],"wp:featuredmedia":[{"embeddable":true,"href":"https:\/\/avrupapress.com\/main\/wp-json\/wp\/v2\/media\/9306"}],"wp:attachment":[{"href":"https:\/\/avrupapress.com\/main\/wp-json\/wp\/v2\/media?parent=9305"}],"wp:term":[{"taxonomy":"category","embeddable":true,"href":"https:\/\/avrupapress.com\/main\/wp-json\/wp\/v2\/categories?post=9305"},{"taxonomy":"post_tag","embeddable":true,"href":"https:\/\/avrupapress.com\/main\/wp-json\/wp\/v2\/tags?post=9305"}],"curies":[{"name":"wp","href":"https:\/\/api.w.org\/{rel}","templated":true}]}}