{"id":9289,"date":"2019-06-20T18:43:15","date_gmt":"2019-06-20T18:43:15","guid":{"rendered":"http:\/\/avrupapress.com\/main\/?p=9289"},"modified":"2019-06-20T18:43:15","modified_gmt":"2019-06-20T18:43:15","slug":"dokuz-yil-sonra-universiteyi-kazandi","status":"publish","type":"post","link":"https:\/\/avrupapress.com\/main\/2019\/06\/20\/dokuz-yil-sonra-universiteyi-kazandi\/","title":{"rendered":"Dokuz y\u0131l sonra \u00dcniversiteyi kazand\u0131!"},"content":{"rendered":"\n<p>&nbsp;Liseden mezun olduktan 9 y\u0131l sonra \u00dcniversite s\u0131navlar\u0131na girip kazand\u0131 ve<\/p>\n\n\n\n<p>5 ya\u015f\u0131ndaki o\u011fluyla 2019 Haziran\u0131nda mezun oldu.<\/p>\n\n\n\n<p>Magnesia E\u011fitim ve K\u00fclt\u00fcr Derne\u011fi g\u00f6n\u00fcll\u00fc \u00e7al\u0131\u015fan\u0131 Rabia AKDEN\u0130Z, Liseden 9 y\u0131l sonra 2015 y\u0131l\u0131nda girdi\u011fi \u00fcniversite s\u0131nav\u0131nda Dokuz Eyl\u00fcl \u00dcniversitesi \u0130ngilizce \u00d6\u011fretmenli\u011fi b\u00f6l\u00fcm\u00fcn\u00fc kazan\u0131p 2019 haziran\u0131nda y\u0131l\u0131nda mezun oldu ve d\u00f6nem arkada\u015flar\u0131 ile kep f\u0131rlatt\u0131.<\/p>\n\n\n\n<p>Rabia Akdeniz, sevincini \u015f\u00f6yle dile getirdi \u201c Manisa Anadolu Ticaret Meslek Lisesi\u2019ne 2002 y\u0131l\u0131nda kaydolup 2006 y\u0131l\u0131nda mezun oldum. Haz\u0131rl\u0131kta ve di\u011fer y\u0131llarda bana \u0130ngilizceyi sevdiren \u0130ngilizce \u00d6\u011fretmenlerim Ali \u015eahin SARIZEYBEK, Atilla \u00dcZ\u00dcM, H\u00fclya T\u00fcre ve e\u015fim Mustafa AKDEN\u0130Z sayesinde bu ba\u015far\u0131y\u0131 yakalad\u0131m.\u201d<\/p>\n\n\n\n<p>Akdeniz; s\u00f6zlerine \u015f\u00f6yle devam etti, \u201c2015 y\u0131l\u0131nda e\u015fimin deste\u011fiyle girdi\u011fim \u00fcniversite s\u0131nav\u0131nda Dokuz Eyl\u00fcl \u00dcniversitesi \u0130ngilizce \u00d6\u011fretmenli\u011fi b\u00f6l\u00fcm\u00fcn\u00fc kazand\u0131m. \u00dcniversite haz\u0131rl\u0131k b\u00f6l\u00fcm\u00fcn\u00fc s\u0131navla ge\u00e7tim.<\/p>\n\n\n\n<p>\u00dcniversiteye ba\u015flad\u0131\u011f\u0131mda o\u011flum Aykutalp hen\u00fcz bir ya\u015f\u0131nda ve emzirme d\u00f6nemindeydi. \u00c7ocu\u011fum ak\u015fama kadar benim \u00fcniversiteden d\u00f6nmemi \u00f6zlemle bekliyordu. Bu d\u00f6nemde \u00e7ocu\u011fumu anneme emanet ettim. Ba\u015far\u0131mda o\u011flumla \u00e7ok b\u00fcy\u00fck bir fedak\u00e2rl\u0131kla ilgilenen anneme de \u00e7ok \u015fey bor\u00e7luyum.<\/p>\n\n\n\n<p>\u00dcniversitede ilk y\u0131l\u0131mdan itibaren ders notlar\u0131m y\u00fcksek oldu\u011fu i\u00e7in her y\u0131l \u00fcst s\u0131n\u0131flardan ders ald\u0131m ve ba\u015far\u0131yla derslerimden ge\u00e7tim.\u201d<\/p>\n\n\n\n<p>Rabia Akdeniz2in gen\u00e7lere tavsiyesi ise \u015f\u00f6yle;<\/p>\n\n\n\n<p>Hi\u00e7bir zaman \u00fcmidinizi yitirmeyin ve inand\u0131\u011f\u0131n\u0131z yolda y\u00fcr\u00fcy\u00fcn. Siz, inan\u0131p pes etmezseniz her \u015fey size yard\u0131mc\u0131 olmak i\u00e7in \u00e7al\u0131\u015f\u0131r.Benim ba\u015far\u0131m\u0131n s\u0131rr\u0131;E\u011fitime destek veren bir ailemin olmas\u0131 ve y\u0131lmadan,gayretle,\u00f6zveriyle \u00e7al\u0131\u015fmam.Ba\u015far\u0131m\u0131n herkese \u00f6rnek olmas\u0131 dile\u011fimle. Magnesia Derne\u011fi Ba\u015fkan\u0131 Ali \u015eahin Sarizeybek ise; Derne\u011fimizin g\u00f6n\u00fcll\u00fc \u00e7al\u0131\u015fan\u0131 say\u0131n Rabia Akdeniz t\u00fcm zorluklara ra\u011fmen b\u00fcy\u00fck bir ba\u015far\u0131 elde etmi\u015ftir. Derne\u011fimizi yurt d\u0131\u015f\u0131nda da temsil etmi\u015ftir. Ba\u015far\u0131s\u0131n\u0131n devam\u0131n\u0131 diliyorum dedi.<\/p>\n\n\n\n<p><\/p>\n\n\n\n<figure class=\"wp-block-image\"><img loading=\"lazy\" decoding=\"async\" width=\"1024\" height=\"768\" src=\"http:\/\/avrupapress.com\/main\/wp-content\/uploads\/2019\/06\/thumbnail_20190614_162738-1024x768.jpg\" alt=\"\" class=\"wp-image-9290\" srcset=\"https:\/\/avrupapress.com\/main\/wp-content\/uploads\/2019\/06\/thumbnail_20190614_162738-1024x768.jpg 1024w, https:\/\/avrupapress.com\/main\/wp-content\/uploads\/2019\/06\/thumbnail_20190614_162738-300x225.jpg 300w, https:\/\/avrupapress.com\/main\/wp-content\/uploads\/2019\/06\/thumbnail_20190614_162738-768x576.jpg 768w, https:\/\/avrupapress.com\/main\/wp-content\/uploads\/2019\/06\/thumbnail_20190614_162738.jpg 1280w\" sizes=\"auto, (max-width: 1024px) 100vw, 1024px\" \/><\/figure>\n\n\n\n<figure class=\"wp-block-image\"><img loading=\"lazy\" decoding=\"async\" width=\"768\" height=\"1024\" src=\"http:\/\/avrupapress.com\/main\/wp-content\/uploads\/2019\/06\/thumbnail_20190614_161717-768x1024.jpg\" alt=\"\" class=\"wp-image-9291\" srcset=\"https:\/\/avrupapress.com\/main\/wp-content\/uploads\/2019\/06\/thumbnail_20190614_161717-768x1024.jpg 768w, https:\/\/avrupapress.com\/main\/wp-content\/uploads\/2019\/06\/thumbnail_20190614_161717-225x300.jpg 225w, https:\/\/avrupapress.com\/main\/wp-content\/uploads\/2019\/06\/thumbnail_20190614_161717.jpg 960w\" sizes=\"auto, (max-width: 768px) 100vw, 768px\" \/><\/figure>\n\n\n\n<figure class=\"wp-block-image\"><img loading=\"lazy\" decoding=\"async\" width=\"768\" height=\"1024\" src=\"http:\/\/avrupapress.com\/main\/wp-content\/uploads\/2019\/06\/thumbnail_thumbnail_20190614_155817-768x1024.jpg\" alt=\"\" class=\"wp-image-9292\" srcset=\"https:\/\/avrupapress.com\/main\/wp-content\/uploads\/2019\/06\/thumbnail_thumbnail_20190614_155817-768x1024.jpg 768w, https:\/\/avrupapress.com\/main\/wp-content\/uploads\/2019\/06\/thumbnail_thumbnail_20190614_155817-225x300.jpg 225w, https:\/\/avrupapress.com\/main\/wp-content\/uploads\/2019\/06\/thumbnail_thumbnail_20190614_155817.jpg 960w\" sizes=\"auto, (max-width: 768px) 100vw, 768px\" \/><\/figure>\n\n\n\n<p><strong>HABER MET\u0130N DURMAZ\/\u0130ZM\u0130R \/AVRUPAPRESS<\/strong><br><\/p>\n","protected":false},"excerpt":{"rendered":"<p>&nbsp;Liseden mezun olduktan 9 y\u0131l sonra \u00dcniversite s\u0131navlar\u0131na girip kazand\u0131 ve 5 ya\u015f\u0131ndaki o\u011fluyla 2019 Haziran\u0131nda mezun oldu. Magnesia E\u011fitim ve K\u00fclt\u00fcr Derne\u011fi g\u00f6n\u00fcll\u00fc \u00e7al\u0131\u015fan\u0131 Rabia AKDEN\u0130Z, Liseden 9 y\u0131l sonra 2015 y\u0131l\u0131nda girdi\u011fi \u00fcniversite s\u0131nav\u0131nda Dokuz Eyl\u00fcl \u00dcniversitesi \u0130ngilizce \u00d6\u011fretmenli\u011fi b\u00f6l\u00fcm\u00fcn\u00fc kazan\u0131p 2019 haziran\u0131nda y\u0131l\u0131nda mezun oldu ve d\u00f6nem arkada\u015flar\u0131 ile kep f\u0131rlatt\u0131. Rabia [&hellip;]<\/p>\n","protected":false},"author":3,"featured_media":9291,"comment_status":"open","ping_status":"open","sticky":false,"template":"","format":"standard","meta":{"footnotes":""},"categories":[19,2,1],"tags":[4839],"class_list":["post-9289","post","type-post","status-publish","format-standard","has-post-thumbnail","hentry","category-tanitim","category-turkiye","category-uncategorized","tag-dokuz-yil-sonra-universiteyi-kazandi"],"yoast_head":"<!-- This site is optimized with the Yoast SEO plugin v26.9 - https:\/\/yoast.com\/product\/yoast-seo-wordpress\/ -->\n<title>Dokuz y\u0131l sonra \u00dcniversiteyi kazand\u0131! - AvrupaPress<\/title>\n<meta name=\"robots\" content=\"index, follow, max-snippet:-1, max-image-preview:large, max-video-preview:-1\" \/>\n<link rel=\"canonical\" href=\"https:\/\/avrupapress.com\/2019\/06\/20\/dokuz-yil-sonra-universiteyi-kazandi\/\" \/>\n<meta property=\"og:locale\" content=\"fr_FR\" \/>\n<meta property=\"og:type\" content=\"article\" \/>\n<meta property=\"og:title\" content=\"Dokuz y\u0131l sonra \u00dcniversiteyi kazand\u0131! - AvrupaPress\" \/>\n<meta property=\"og:description\" content=\"&nbsp;Liseden mezun olduktan 9 y\u0131l sonra \u00dcniversite s\u0131navlar\u0131na girip kazand\u0131 ve 5 ya\u015f\u0131ndaki o\u011fluyla 2019 Haziran\u0131nda mezun oldu. Magnesia E\u011fitim ve K\u00fclt\u00fcr Derne\u011fi g\u00f6n\u00fcll\u00fc \u00e7al\u0131\u015fan\u0131 Rabia AKDEN\u0130Z, Liseden 9 y\u0131l sonra 2015 y\u0131l\u0131nda girdi\u011fi \u00fcniversite s\u0131nav\u0131nda Dokuz Eyl\u00fcl \u00dcniversitesi \u0130ngilizce \u00d6\u011fretmenli\u011fi b\u00f6l\u00fcm\u00fcn\u00fc kazan\u0131p 2019 haziran\u0131nda y\u0131l\u0131nda mezun oldu ve d\u00f6nem arkada\u015flar\u0131 ile kep f\u0131rlatt\u0131. Rabia [&hellip;]\" \/>\n<meta property=\"og:url\" content=\"https:\/\/avrupapress.com\/2019\/06\/20\/dokuz-yil-sonra-universiteyi-kazandi\/\" \/>\n<meta property=\"og:site_name\" content=\"AvrupaPress\" \/>\n<meta property=\"article:published_time\" content=\"2019-06-20T18:43:15+00:00\" \/>\n<meta property=\"og:image\" content=\"https:\/\/avrupapress.com\/wp-content\/uploads\/2019\/06\/thumbnail_20190614_161717.jpg\" \/>\n\t<meta property=\"og:image:width\" content=\"960\" \/>\n\t<meta property=\"og:image:height\" content=\"1280\" \/>\n\t<meta property=\"og:image:type\" content=\"image\/jpeg\" \/>\n<meta name=\"author\" content=\"Edit\u00f6r\" \/>\n<meta name=\"twitter:card\" content=\"summary_large_image\" \/>\n<meta name=\"twitter:label1\" content=\"\u00c9crit par\" \/>\n\t<meta name=\"twitter:data1\" content=\"Edit\u00f6r\" \/>\n\t<meta name=\"twitter:label2\" content=\"Dur\u00e9e de lecture est.\" \/>\n\t<meta name=\"twitter:data2\" content=\"2 minutes\" \/>\n<script type=\"application\/ld+json\" class=\"yoast-schema-graph\">{\"@context\":\"https:\/\/schema.org\",\"@graph\":[{\"@type\":\"Article\",\"@id\":\"https:\/\/avrupapress.com\/2019\/06\/20\/dokuz-yil-sonra-universiteyi-kazandi\/#article\",\"isPartOf\":{\"@id\":\"https:\/\/avrupapress.com\/2019\/06\/20\/dokuz-yil-sonra-universiteyi-kazandi\/\"},\"author\":{\"name\":\"Edit\u00f6r\",\"@id\":\"https:\/\/avrupapress.com\/#\/schema\/person\/68428444ec60970d1e1b700cf4ca1e8f\"},\"headline\":\"Dokuz y\u0131l sonra \u00dcniversiteyi kazand\u0131!\",\"datePublished\":\"2019-06-20T18:43:15+00:00\",\"mainEntityOfPage\":{\"@id\":\"https:\/\/avrupapress.com\/2019\/06\/20\/dokuz-yil-sonra-universiteyi-kazandi\/\"},\"wordCount\":401,\"commentCount\":0,\"publisher\":{\"@id\":\"https:\/\/avrupapress.com\/#\/schema\/person\/0223dca19c72c43575bf30d1a2d8f4fa\"},\"image\":{\"@id\":\"https:\/\/avrupapress.com\/2019\/06\/20\/dokuz-yil-sonra-universiteyi-kazandi\/#primaryimage\"},\"thumbnailUrl\":\"https:\/\/avrupapress.com\/main\/wp-content\/uploads\/2019\/06\/thumbnail_20190614_161717.jpg\",\"keywords\":[\"Dokuz y\u0131l sonra \u00dcniversiteyi kazand\u0131!\"],\"articleSection\":[\"Tan\u0131t\u0131m\",\"T\u00fcrkiye\",\"Uncategorized\"],\"inLanguage\":\"fr-BE\",\"potentialAction\":[{\"@type\":\"CommentAction\",\"name\":\"Comment\",\"target\":[\"https:\/\/avrupapress.com\/2019\/06\/20\/dokuz-yil-sonra-universiteyi-kazandi\/#respond\"]}]},{\"@type\":\"WebPage\",\"@id\":\"https:\/\/avrupapress.com\/2019\/06\/20\/dokuz-yil-sonra-universiteyi-kazandi\/\",\"url\":\"https:\/\/avrupapress.com\/2019\/06\/20\/dokuz-yil-sonra-universiteyi-kazandi\/\",\"name\":\"Dokuz y\u0131l sonra \u00dcniversiteyi kazand\u0131! - AvrupaPress\",\"isPartOf\":{\"@id\":\"https:\/\/avrupapress.com\/#website\"},\"primaryImageOfPage\":{\"@id\":\"https:\/\/avrupapress.com\/2019\/06\/20\/dokuz-yil-sonra-universiteyi-kazandi\/#primaryimage\"},\"image\":{\"@id\":\"https:\/\/avrupapress.com\/2019\/06\/20\/dokuz-yil-sonra-universiteyi-kazandi\/#primaryimage\"},\"thumbnailUrl\":\"https:\/\/avrupapress.com\/main\/wp-content\/uploads\/2019\/06\/thumbnail_20190614_161717.jpg\",\"datePublished\":\"2019-06-20T18:43:15+00:00\",\"breadcrumb\":{\"@id\":\"https:\/\/avrupapress.com\/2019\/06\/20\/dokuz-yil-sonra-universiteyi-kazandi\/#breadcrumb\"},\"inLanguage\":\"fr-BE\",\"potentialAction\":[{\"@type\":\"ReadAction\",\"target\":[\"https:\/\/avrupapress.com\/2019\/06\/20\/dokuz-yil-sonra-universiteyi-kazandi\/\"]}]},{\"@type\":\"ImageObject\",\"inLanguage\":\"fr-BE\",\"@id\":\"https:\/\/avrupapress.com\/2019\/06\/20\/dokuz-yil-sonra-universiteyi-kazandi\/#primaryimage\",\"url\":\"https:\/\/avrupapress.com\/main\/wp-content\/uploads\/2019\/06\/thumbnail_20190614_161717.jpg\",\"contentUrl\":\"https:\/\/avrupapress.com\/main\/wp-content\/uploads\/2019\/06\/thumbnail_20190614_161717.jpg\",\"width\":960,\"height\":1280},{\"@type\":\"BreadcrumbList\",\"@id\":\"https:\/\/avrupapress.com\/2019\/06\/20\/dokuz-yil-sonra-universiteyi-kazandi\/#breadcrumb\",\"itemListElement\":[{\"@type\":\"ListItem\",\"position\":1,\"name\":\"Anasayfa\",\"item\":\"https:\/\/avrupapress.com\/\"},{\"@type\":\"ListItem\",\"position\":2,\"name\":\"Dokuz y\u0131l sonra \u00dcniversiteyi kazand\u0131!\"}]},{\"@type\":\"WebSite\",\"@id\":\"https:\/\/avrupapress.com\/#website\",\"url\":\"https:\/\/avrupapress.com\/\",\"name\":\"AvrupaPress\",\"description\":\"Haberin Adresi\",\"publisher\":{\"@id\":\"https:\/\/avrupapress.com\/#\/schema\/person\/0223dca19c72c43575bf30d1a2d8f4fa\"},\"potentialAction\":[{\"@type\":\"SearchAction\",\"target\":{\"@type\":\"EntryPoint\",\"urlTemplate\":\"https:\/\/avrupapress.com\/?s={search_term_string}\"},\"query-input\":{\"@type\":\"PropertyValueSpecification\",\"valueRequired\":true,\"valueName\":\"search_term_string\"}}],\"inLanguage\":\"fr-BE\"},{\"@type\":[\"Person\",\"Organization\"],\"@id\":\"https:\/\/avrupapress.com\/#\/schema\/person\/0223dca19c72c43575bf30d1a2d8f4fa\",\"name\":\"Bilgin \u00d6z\u00e7ift\u00e7i\",\"image\":{\"@type\":\"ImageObject\",\"inLanguage\":\"fr-BE\",\"@id\":\"https:\/\/avrupapress.com\/#\/schema\/person\/image\/\",\"url\":\"https:\/\/secure.gravatar.com\/avatar\/0f23b280433a21e1ea7a0adcc46ed0ad16afe3ad8e630fd13d8a017dcbd54ef3?s=96&d=mm&r=g\",\"contentUrl\":\"https:\/\/secure.gravatar.com\/avatar\/0f23b280433a21e1ea7a0adcc46ed0ad16afe3ad8e630fd13d8a017dcbd54ef3?s=96&d=mm&r=g\",\"caption\":\"Bilgin \u00d6z\u00e7ift\u00e7i\"},\"logo\":{\"@id\":\"https:\/\/avrupapress.com\/#\/schema\/person\/image\/\"},\"description\":\"Ne ben, nede sen... Biz ancak \\\"biz\\\" olursak g\u00fc\u00e7l\u00fc olabiliriz\"},{\"@type\":\"Person\",\"@id\":\"https:\/\/avrupapress.com\/#\/schema\/person\/68428444ec60970d1e1b700cf4ca1e8f\",\"name\":\"Edit\u00f6r\",\"image\":{\"@type\":\"ImageObject\",\"inLanguage\":\"fr-BE\",\"@id\":\"https:\/\/avrupapress.com\/#\/schema\/person\/image\/\",\"url\":\"https:\/\/secure.gravatar.com\/avatar\/74996b0977aa5f1559ba9883776652508b229005c0d78fb2597897f0bd651c09?s=96&d=mm&r=g\",\"contentUrl\":\"https:\/\/secure.gravatar.com\/avatar\/74996b0977aa5f1559ba9883776652508b229005c0d78fb2597897f0bd651c09?s=96&d=mm&r=g\",\"caption\":\"Edit\u00f6r\"},\"sameAs\":[\"http:\/\/www.avrupapress.com\"],\"url\":\"https:\/\/avrupapress.com\/main\/author\/editor\/\"}]}<\/script>\n<!-- \/ Yoast SEO plugin. -->","yoast_head_json":{"title":"Dokuz y\u0131l sonra \u00dcniversiteyi kazand\u0131! - AvrupaPress","robots":{"index":"index","follow":"follow","max-snippet":"max-snippet:-1","max-image-preview":"max-image-preview:large","max-video-preview":"max-video-preview:-1"},"canonical":"https:\/\/avrupapress.com\/2019\/06\/20\/dokuz-yil-sonra-universiteyi-kazandi\/","og_locale":"fr_FR","og_type":"article","og_title":"Dokuz y\u0131l sonra \u00dcniversiteyi kazand\u0131! - AvrupaPress","og_description":"&nbsp;Liseden mezun olduktan 9 y\u0131l sonra \u00dcniversite s\u0131navlar\u0131na girip kazand\u0131 ve 5 ya\u015f\u0131ndaki o\u011fluyla 2019 Haziran\u0131nda mezun oldu. Magnesia E\u011fitim ve K\u00fclt\u00fcr Derne\u011fi g\u00f6n\u00fcll\u00fc \u00e7al\u0131\u015fan\u0131 Rabia AKDEN\u0130Z, Liseden 9 y\u0131l sonra 2015 y\u0131l\u0131nda girdi\u011fi \u00fcniversite s\u0131nav\u0131nda Dokuz Eyl\u00fcl \u00dcniversitesi \u0130ngilizce \u00d6\u011fretmenli\u011fi b\u00f6l\u00fcm\u00fcn\u00fc kazan\u0131p 2019 haziran\u0131nda y\u0131l\u0131nda mezun oldu ve d\u00f6nem arkada\u015flar\u0131 ile kep f\u0131rlatt\u0131. Rabia [&hellip;]","og_url":"https:\/\/avrupapress.com\/2019\/06\/20\/dokuz-yil-sonra-universiteyi-kazandi\/","og_site_name":"AvrupaPress","article_published_time":"2019-06-20T18:43:15+00:00","og_image":[{"width":960,"height":1280,"url":"https:\/\/avrupapress.com\/wp-content\/uploads\/2019\/06\/thumbnail_20190614_161717.jpg","type":"image\/jpeg"}],"author":"Edit\u00f6r","twitter_card":"summary_large_image","twitter_misc":{"\u00c9crit par":"Edit\u00f6r","Dur\u00e9e de lecture est.":"2 minutes"},"schema":{"@context":"https:\/\/schema.org","@graph":[{"@type":"Article","@id":"https:\/\/avrupapress.com\/2019\/06\/20\/dokuz-yil-sonra-universiteyi-kazandi\/#article","isPartOf":{"@id":"https:\/\/avrupapress.com\/2019\/06\/20\/dokuz-yil-sonra-universiteyi-kazandi\/"},"author":{"name":"Edit\u00f6r","@id":"https:\/\/avrupapress.com\/#\/schema\/person\/68428444ec60970d1e1b700cf4ca1e8f"},"headline":"Dokuz y\u0131l sonra \u00dcniversiteyi kazand\u0131!","datePublished":"2019-06-20T18:43:15+00:00","mainEntityOfPage":{"@id":"https:\/\/avrupapress.com\/2019\/06\/20\/dokuz-yil-sonra-universiteyi-kazandi\/"},"wordCount":401,"commentCount":0,"publisher":{"@id":"https:\/\/avrupapress.com\/#\/schema\/person\/0223dca19c72c43575bf30d1a2d8f4fa"},"image":{"@id":"https:\/\/avrupapress.com\/2019\/06\/20\/dokuz-yil-sonra-universiteyi-kazandi\/#primaryimage"},"thumbnailUrl":"https:\/\/avrupapress.com\/main\/wp-content\/uploads\/2019\/06\/thumbnail_20190614_161717.jpg","keywords":["Dokuz y\u0131l sonra \u00dcniversiteyi kazand\u0131!"],"articleSection":["Tan\u0131t\u0131m","T\u00fcrkiye","Uncategorized"],"inLanguage":"fr-BE","potentialAction":[{"@type":"CommentAction","name":"Comment","target":["https:\/\/avrupapress.com\/2019\/06\/20\/dokuz-yil-sonra-universiteyi-kazandi\/#respond"]}]},{"@type":"WebPage","@id":"https:\/\/avrupapress.com\/2019\/06\/20\/dokuz-yil-sonra-universiteyi-kazandi\/","url":"https:\/\/avrupapress.com\/2019\/06\/20\/dokuz-yil-sonra-universiteyi-kazandi\/","name":"Dokuz y\u0131l sonra \u00dcniversiteyi kazand\u0131! - AvrupaPress","isPartOf":{"@id":"https:\/\/avrupapress.com\/#website"},"primaryImageOfPage":{"@id":"https:\/\/avrupapress.com\/2019\/06\/20\/dokuz-yil-sonra-universiteyi-kazandi\/#primaryimage"},"image":{"@id":"https:\/\/avrupapress.com\/2019\/06\/20\/dokuz-yil-sonra-universiteyi-kazandi\/#primaryimage"},"thumbnailUrl":"https:\/\/avrupapress.com\/main\/wp-content\/uploads\/2019\/06\/thumbnail_20190614_161717.jpg","datePublished":"2019-06-20T18:43:15+00:00","breadcrumb":{"@id":"https:\/\/avrupapress.com\/2019\/06\/20\/dokuz-yil-sonra-universiteyi-kazandi\/#breadcrumb"},"inLanguage":"fr-BE","potentialAction":[{"@type":"ReadAction","target":["https:\/\/avrupapress.com\/2019\/06\/20\/dokuz-yil-sonra-universiteyi-kazandi\/"]}]},{"@type":"ImageObject","inLanguage":"fr-BE","@id":"https:\/\/avrupapress.com\/2019\/06\/20\/dokuz-yil-sonra-universiteyi-kazandi\/#primaryimage","url":"https:\/\/avrupapress.com\/main\/wp-content\/uploads\/2019\/06\/thumbnail_20190614_161717.jpg","contentUrl":"https:\/\/avrupapress.com\/main\/wp-content\/uploads\/2019\/06\/thumbnail_20190614_161717.jpg","width":960,"height":1280},{"@type":"BreadcrumbList","@id":"https:\/\/avrupapress.com\/2019\/06\/20\/dokuz-yil-sonra-universiteyi-kazandi\/#breadcrumb","itemListElement":[{"@type":"ListItem","position":1,"name":"Anasayfa","item":"https:\/\/avrupapress.com\/"},{"@type":"ListItem","position":2,"name":"Dokuz y\u0131l sonra \u00dcniversiteyi kazand\u0131!"}]},{"@type":"WebSite","@id":"https:\/\/avrupapress.com\/#website","url":"https:\/\/avrupapress.com\/","name":"AvrupaPress","description":"Haberin Adresi","publisher":{"@id":"https:\/\/avrupapress.com\/#\/schema\/person\/0223dca19c72c43575bf30d1a2d8f4fa"},"potentialAction":[{"@type":"SearchAction","target":{"@type":"EntryPoint","urlTemplate":"https:\/\/avrupapress.com\/?s={search_term_string}"},"query-input":{"@type":"PropertyValueSpecification","valueRequired":true,"valueName":"search_term_string"}}],"inLanguage":"fr-BE"},{"@type":["Person","Organization"],"@id":"https:\/\/avrupapress.com\/#\/schema\/person\/0223dca19c72c43575bf30d1a2d8f4fa","name":"Bilgin \u00d6z\u00e7ift\u00e7i","image":{"@type":"ImageObject","inLanguage":"fr-BE","@id":"https:\/\/avrupapress.com\/#\/schema\/person\/image\/","url":"https:\/\/secure.gravatar.com\/avatar\/0f23b280433a21e1ea7a0adcc46ed0ad16afe3ad8e630fd13d8a017dcbd54ef3?s=96&d=mm&r=g","contentUrl":"https:\/\/secure.gravatar.com\/avatar\/0f23b280433a21e1ea7a0adcc46ed0ad16afe3ad8e630fd13d8a017dcbd54ef3?s=96&d=mm&r=g","caption":"Bilgin \u00d6z\u00e7ift\u00e7i"},"logo":{"@id":"https:\/\/avrupapress.com\/#\/schema\/person\/image\/"},"description":"Ne ben, nede sen... Biz ancak \"biz\" olursak g\u00fc\u00e7l\u00fc olabiliriz"},{"@type":"Person","@id":"https:\/\/avrupapress.com\/#\/schema\/person\/68428444ec60970d1e1b700cf4ca1e8f","name":"Edit\u00f6r","image":{"@type":"ImageObject","inLanguage":"fr-BE","@id":"https:\/\/avrupapress.com\/#\/schema\/person\/image\/","url":"https:\/\/secure.gravatar.com\/avatar\/74996b0977aa5f1559ba9883776652508b229005c0d78fb2597897f0bd651c09?s=96&d=mm&r=g","contentUrl":"https:\/\/secure.gravatar.com\/avatar\/74996b0977aa5f1559ba9883776652508b229005c0d78fb2597897f0bd651c09?s=96&d=mm&r=g","caption":"Edit\u00f6r"},"sameAs":["http:\/\/www.avrupapress.com"],"url":"https:\/\/avrupapress.com\/main\/author\/editor\/"}]}},"_links":{"self":[{"href":"https:\/\/avrupapress.com\/main\/wp-json\/wp\/v2\/posts\/9289","targetHints":{"allow":["GET"]}}],"collection":[{"href":"https:\/\/avrupapress.com\/main\/wp-json\/wp\/v2\/posts"}],"about":[{"href":"https:\/\/avrupapress.com\/main\/wp-json\/wp\/v2\/types\/post"}],"author":[{"embeddable":true,"href":"https:\/\/avrupapress.com\/main\/wp-json\/wp\/v2\/users\/3"}],"replies":[{"embeddable":true,"href":"https:\/\/avrupapress.com\/main\/wp-json\/wp\/v2\/comments?post=9289"}],"version-history":[{"count":1,"href":"https:\/\/avrupapress.com\/main\/wp-json\/wp\/v2\/posts\/9289\/revisions"}],"predecessor-version":[{"id":9293,"href":"https:\/\/avrupapress.com\/main\/wp-json\/wp\/v2\/posts\/9289\/revisions\/9293"}],"wp:featuredmedia":[{"embeddable":true,"href":"https:\/\/avrupapress.com\/main\/wp-json\/wp\/v2\/media\/9291"}],"wp:attachment":[{"href":"https:\/\/avrupapress.com\/main\/wp-json\/wp\/v2\/media?parent=9289"}],"wp:term":[{"taxonomy":"category","embeddable":true,"href":"https:\/\/avrupapress.com\/main\/wp-json\/wp\/v2\/categories?post=9289"},{"taxonomy":"post_tag","embeddable":true,"href":"https:\/\/avrupapress.com\/main\/wp-json\/wp\/v2\/tags?post=9289"}],"curies":[{"name":"wp","href":"https:\/\/api.w.org\/{rel}","templated":true}]}}