{"id":9284,"date":"2019-06-19T20:21:19","date_gmt":"2019-06-19T20:21:19","guid":{"rendered":"http:\/\/avrupapress.com\/main\/?p=9284"},"modified":"2019-06-19T20:21:21","modified_gmt":"2019-06-19T20:21:21","slug":"ab-liderleri-brukselde-toplanacak","status":"publish","type":"post","link":"https:\/\/avrupapress.com\/main\/2019\/06\/19\/ab-liderleri-brukselde-toplanacak\/","title":{"rendered":"AB liderleri Br\u00fcksel&rsquo;de toplanacak"},"content":{"rendered":"\n<h2 class=\"wp-block-heading\">Avrupa Birli\u011fi \u00fcyesi 28 \u00fclkenin lideri, Liderler Zirvesi i\u00e7in yar\u0131n Br\u00fcksel&rsquo;de bir araya gelecek.<\/h2>\n\n\n\n<p>\n\nAvrupa Birli\u011fi (AB) \u00fcyesi 28 \u00fclkenin lideri, Liderler Zirvesi i\u00e7in yar\u0131n Br\u00fcksel&rsquo;de bir araya gelecek.<br>Bel\u00e7ika&rsquo;n\u0131n ba\u015fkenti Br\u00fcksel&rsquo;de 20-21 Haziran&rsquo;da ger\u00e7ekle\u015fecek zirve, \u00fcye \u00fclkelerin devlet ve h\u00fck\u00fcmet ba\u015fkanlar\u0131n\u0131n kat\u0131l\u0131m\u0131yla yap\u0131lacak.<br>Zirve program\u0131na g\u00f6re, liderlerin g\u00fcndem maddeleri aras\u0131nda, AB kurumlar\u0131n\u0131n yeni ba\u015fkanlar\u0131n\u0131n belirlenmesi, Birli\u011fin 2019-2024 Stratejik G\u00fcndemi, 2021-2027 \u00c7ok Y\u0131ll\u0131 Mali \u00c7er\u00e7eve (MFF) ve \u0130ngiltere&rsquo;nin AB&rsquo;den ayr\u0131l\u0131k s\u00fcreci (Brexit) yer alacak.<br>Liderler, d\u0131\u015f politika alan\u0131nda ise Ukrayna&rsquo;n\u0131n do\u011fusu ile Azak Denizi&rsquo;nde ya\u015fanan geli\u015fmeleri ve Rusya&rsquo;ya ekonomik yapt\u0131r\u0131mlar\u0131n uzat\u0131lmas\u0131n\u0131 ele alacak. Bunun yan\u0131 s\u0131ra, T\u00fcrkiye&rsquo;nin Do\u011fu Akdeniz&rsquo;deki sondaj ve gaz arama faaliyetleri de zirvede g\u00fcndeme gelecek.<br>\u00d6te yandan, zirvenin ikinci g\u00fcn\u00fcnde Avro Grubu toplant\u0131s\u0131 yap\u0131lacak.\n\n<\/p>\n\n\n\n<p><\/p>\n\n\n\n<figure class=\"wp-block-image\"><img loading=\"lazy\" decoding=\"async\" width=\"696\" height=\"444\" src=\"http:\/\/avrupapress.com\/main\/wp-content\/uploads\/2019\/06\/ab-liderleri-bruksel-de-toplanacak-12161763_amp.jpg\" alt=\"\" class=\"wp-image-9285\" srcset=\"https:\/\/avrupapress.com\/main\/wp-content\/uploads\/2019\/06\/ab-liderleri-bruksel-de-toplanacak-12161763_amp.jpg 696w, https:\/\/avrupapress.com\/main\/wp-content\/uploads\/2019\/06\/ab-liderleri-bruksel-de-toplanacak-12161763_amp-300x191.jpg 300w\" sizes=\"auto, (max-width: 696px) 100vw, 696px\" \/><\/figure>\n\n\n\n<figure class=\"wp-block-image\"><img loading=\"lazy\" decoding=\"async\" width=\"750\" height=\"422\" src=\"http:\/\/avrupapress.com\/main\/wp-content\/uploads\/2019\/06\/5d0a49970f254429f4755f15.jpg\" alt=\"\" class=\"wp-image-9286\" srcset=\"https:\/\/avrupapress.com\/main\/wp-content\/uploads\/2019\/06\/5d0a49970f254429f4755f15.jpg 750w, https:\/\/avrupapress.com\/main\/wp-content\/uploads\/2019\/06\/5d0a49970f254429f4755f15-300x169.jpg 300w\" sizes=\"auto, (max-width: 750px) 100vw, 750px\" \/><\/figure>\n","protected":false},"excerpt":{"rendered":"<p>Avrupa Birli\u011fi \u00fcyesi 28 \u00fclkenin lideri, Liderler Zirvesi i\u00e7in yar\u0131n Br\u00fcksel&rsquo;de bir araya gelecek. Avrupa Birli\u011fi (AB) \u00fcyesi 28 \u00fclkenin lideri, Liderler Zirvesi i\u00e7in yar\u0131n Br\u00fcksel&rsquo;de bir araya gelecek.Bel\u00e7ika&rsquo;n\u0131n ba\u015fkenti Br\u00fcksel&rsquo;de 20-21 Haziran&rsquo;da ger\u00e7ekle\u015fecek zirve, \u00fcye \u00fclkelerin devlet ve h\u00fck\u00fcmet ba\u015fkanlar\u0131n\u0131n kat\u0131l\u0131m\u0131yla yap\u0131lacak.Zirve program\u0131na g\u00f6re, liderlerin g\u00fcndem maddeleri aras\u0131nda, AB kurumlar\u0131n\u0131n yeni ba\u015fkanlar\u0131n\u0131n belirlenmesi, Birli\u011fin [&hellip;]<\/p>\n","protected":false},"author":3,"featured_media":9286,"comment_status":"open","ping_status":"open","sticky":false,"template":"","format":"standard","meta":{"footnotes":""},"categories":[14,16,3,17,18,19,2,1],"tags":[],"class_list":["post-9284","post","type-post","status-publish","format-standard","has-post-thumbnail","hentry","category-avrupa","category-belcika","category-dunya","category-ekonomi","category-kultur-sanat","category-tanitim","category-turkiye","category-uncategorized"],"yoast_head":"<!-- This site is optimized with the Yoast SEO plugin v26.9 - https:\/\/yoast.com\/product\/yoast-seo-wordpress\/ -->\n<title>AB liderleri Br\u00fcksel&#039;de toplanacak - AvrupaPress<\/title>\n<meta name=\"robots\" content=\"index, follow, max-snippet:-1, max-image-preview:large, max-video-preview:-1\" \/>\n<link rel=\"canonical\" href=\"https:\/\/avrupapress.com\/2019\/06\/19\/ab-liderleri-brukselde-toplanacak\/\" \/>\n<meta property=\"og:locale\" content=\"fr_FR\" \/>\n<meta property=\"og:type\" content=\"article\" \/>\n<meta property=\"og:title\" content=\"AB liderleri Br\u00fcksel&#039;de toplanacak - AvrupaPress\" \/>\n<meta property=\"og:description\" content=\"Avrupa Birli\u011fi \u00fcyesi 28 \u00fclkenin lideri, Liderler Zirvesi i\u00e7in yar\u0131n Br\u00fcksel&rsquo;de bir araya gelecek. Avrupa Birli\u011fi (AB) \u00fcyesi 28 \u00fclkenin lideri, Liderler Zirvesi i\u00e7in yar\u0131n Br\u00fcksel&rsquo;de bir araya gelecek.Bel\u00e7ika&rsquo;n\u0131n ba\u015fkenti Br\u00fcksel&rsquo;de 20-21 Haziran&rsquo;da ger\u00e7ekle\u015fecek zirve, \u00fcye \u00fclkelerin devlet ve h\u00fck\u00fcmet ba\u015fkanlar\u0131n\u0131n kat\u0131l\u0131m\u0131yla yap\u0131lacak.Zirve program\u0131na g\u00f6re, liderlerin g\u00fcndem maddeleri aras\u0131nda, AB kurumlar\u0131n\u0131n yeni ba\u015fkanlar\u0131n\u0131n belirlenmesi, Birli\u011fin [&hellip;]\" \/>\n<meta property=\"og:url\" content=\"https:\/\/avrupapress.com\/2019\/06\/19\/ab-liderleri-brukselde-toplanacak\/\" \/>\n<meta property=\"og:site_name\" content=\"AvrupaPress\" \/>\n<meta property=\"article:published_time\" content=\"2019-06-19T20:21:19+00:00\" \/>\n<meta property=\"article:modified_time\" content=\"2019-06-19T20:21:21+00:00\" \/>\n<meta property=\"og:image\" content=\"https:\/\/avrupapress.com\/wp-content\/uploads\/2019\/06\/5d0a49970f254429f4755f15.jpg\" \/>\n\t<meta property=\"og:image:width\" content=\"750\" \/>\n\t<meta property=\"og:image:height\" content=\"422\" \/>\n\t<meta property=\"og:image:type\" content=\"image\/jpeg\" \/>\n<meta name=\"author\" content=\"Edit\u00f6r\" \/>\n<meta name=\"twitter:card\" content=\"summary_large_image\" \/>\n<meta name=\"twitter:label1\" content=\"\u00c9crit par\" \/>\n\t<meta name=\"twitter:data1\" content=\"Edit\u00f6r\" \/>\n\t<meta name=\"twitter:label2\" content=\"Dur\u00e9e de lecture est.\" \/>\n\t<meta name=\"twitter:data2\" content=\"1 minute\" \/>\n<script type=\"application\/ld+json\" class=\"yoast-schema-graph\">{\"@context\":\"https:\/\/schema.org\",\"@graph\":[{\"@type\":\"Article\",\"@id\":\"https:\/\/avrupapress.com\/2019\/06\/19\/ab-liderleri-brukselde-toplanacak\/#article\",\"isPartOf\":{\"@id\":\"https:\/\/avrupapress.com\/2019\/06\/19\/ab-liderleri-brukselde-toplanacak\/\"},\"author\":{\"name\":\"Edit\u00f6r\",\"@id\":\"https:\/\/avrupapress.com\/#\/schema\/person\/68428444ec60970d1e1b700cf4ca1e8f\"},\"headline\":\"AB liderleri Br\u00fcksel&rsquo;de toplanacak\",\"datePublished\":\"2019-06-19T20:21:19+00:00\",\"dateModified\":\"2019-06-19T20:21:21+00:00\",\"mainEntityOfPage\":{\"@id\":\"https:\/\/avrupapress.com\/2019\/06\/19\/ab-liderleri-brukselde-toplanacak\/\"},\"wordCount\":177,\"commentCount\":0,\"publisher\":{\"@id\":\"https:\/\/avrupapress.com\/#\/schema\/person\/0223dca19c72c43575bf30d1a2d8f4fa\"},\"image\":{\"@id\":\"https:\/\/avrupapress.com\/2019\/06\/19\/ab-liderleri-brukselde-toplanacak\/#primaryimage\"},\"thumbnailUrl\":\"https:\/\/avrupapress.com\/main\/wp-content\/uploads\/2019\/06\/5d0a49970f254429f4755f15.jpg\",\"articleSection\":[\"Avrupa\",\"Bel\u00e7ika\",\"D\u00fcnya\",\"Ekonomi\",\"K\u00fclt\u00fcr-Sanat\",\"Tan\u0131t\u0131m\",\"T\u00fcrkiye\",\"Uncategorized\"],\"inLanguage\":\"fr-BE\",\"potentialAction\":[{\"@type\":\"CommentAction\",\"name\":\"Comment\",\"target\":[\"https:\/\/avrupapress.com\/2019\/06\/19\/ab-liderleri-brukselde-toplanacak\/#respond\"]}]},{\"@type\":\"WebPage\",\"@id\":\"https:\/\/avrupapress.com\/2019\/06\/19\/ab-liderleri-brukselde-toplanacak\/\",\"url\":\"https:\/\/avrupapress.com\/2019\/06\/19\/ab-liderleri-brukselde-toplanacak\/\",\"name\":\"AB liderleri Br\u00fcksel'de toplanacak - AvrupaPress\",\"isPartOf\":{\"@id\":\"https:\/\/avrupapress.com\/#website\"},\"primaryImageOfPage\":{\"@id\":\"https:\/\/avrupapress.com\/2019\/06\/19\/ab-liderleri-brukselde-toplanacak\/#primaryimage\"},\"image\":{\"@id\":\"https:\/\/avrupapress.com\/2019\/06\/19\/ab-liderleri-brukselde-toplanacak\/#primaryimage\"},\"thumbnailUrl\":\"https:\/\/avrupapress.com\/main\/wp-content\/uploads\/2019\/06\/5d0a49970f254429f4755f15.jpg\",\"datePublished\":\"2019-06-19T20:21:19+00:00\",\"dateModified\":\"2019-06-19T20:21:21+00:00\",\"breadcrumb\":{\"@id\":\"https:\/\/avrupapress.com\/2019\/06\/19\/ab-liderleri-brukselde-toplanacak\/#breadcrumb\"},\"inLanguage\":\"fr-BE\",\"potentialAction\":[{\"@type\":\"ReadAction\",\"target\":[\"https:\/\/avrupapress.com\/2019\/06\/19\/ab-liderleri-brukselde-toplanacak\/\"]}]},{\"@type\":\"ImageObject\",\"inLanguage\":\"fr-BE\",\"@id\":\"https:\/\/avrupapress.com\/2019\/06\/19\/ab-liderleri-brukselde-toplanacak\/#primaryimage\",\"url\":\"https:\/\/avrupapress.com\/main\/wp-content\/uploads\/2019\/06\/5d0a49970f254429f4755f15.jpg\",\"contentUrl\":\"https:\/\/avrupapress.com\/main\/wp-content\/uploads\/2019\/06\/5d0a49970f254429f4755f15.jpg\",\"width\":750,\"height\":422},{\"@type\":\"BreadcrumbList\",\"@id\":\"https:\/\/avrupapress.com\/2019\/06\/19\/ab-liderleri-brukselde-toplanacak\/#breadcrumb\",\"itemListElement\":[{\"@type\":\"ListItem\",\"position\":1,\"name\":\"Anasayfa\",\"item\":\"https:\/\/avrupapress.com\/\"},{\"@type\":\"ListItem\",\"position\":2,\"name\":\"AB liderleri Br\u00fcksel&#8217;de toplanacak\"}]},{\"@type\":\"WebSite\",\"@id\":\"https:\/\/avrupapress.com\/#website\",\"url\":\"https:\/\/avrupapress.com\/\",\"name\":\"AvrupaPress\",\"description\":\"Haberin Adresi\",\"publisher\":{\"@id\":\"https:\/\/avrupapress.com\/#\/schema\/person\/0223dca19c72c43575bf30d1a2d8f4fa\"},\"potentialAction\":[{\"@type\":\"SearchAction\",\"target\":{\"@type\":\"EntryPoint\",\"urlTemplate\":\"https:\/\/avrupapress.com\/?s={search_term_string}\"},\"query-input\":{\"@type\":\"PropertyValueSpecification\",\"valueRequired\":true,\"valueName\":\"search_term_string\"}}],\"inLanguage\":\"fr-BE\"},{\"@type\":[\"Person\",\"Organization\"],\"@id\":\"https:\/\/avrupapress.com\/#\/schema\/person\/0223dca19c72c43575bf30d1a2d8f4fa\",\"name\":\"Bilgin \u00d6z\u00e7ift\u00e7i\",\"image\":{\"@type\":\"ImageObject\",\"inLanguage\":\"fr-BE\",\"@id\":\"https:\/\/avrupapress.com\/#\/schema\/person\/image\/\",\"url\":\"https:\/\/secure.gravatar.com\/avatar\/0f23b280433a21e1ea7a0adcc46ed0ad16afe3ad8e630fd13d8a017dcbd54ef3?s=96&d=mm&r=g\",\"contentUrl\":\"https:\/\/secure.gravatar.com\/avatar\/0f23b280433a21e1ea7a0adcc46ed0ad16afe3ad8e630fd13d8a017dcbd54ef3?s=96&d=mm&r=g\",\"caption\":\"Bilgin \u00d6z\u00e7ift\u00e7i\"},\"logo\":{\"@id\":\"https:\/\/avrupapress.com\/#\/schema\/person\/image\/\"},\"description\":\"Ne ben, nede sen... Biz ancak \\\"biz\\\" olursak g\u00fc\u00e7l\u00fc olabiliriz\"},{\"@type\":\"Person\",\"@id\":\"https:\/\/avrupapress.com\/#\/schema\/person\/68428444ec60970d1e1b700cf4ca1e8f\",\"name\":\"Edit\u00f6r\",\"image\":{\"@type\":\"ImageObject\",\"inLanguage\":\"fr-BE\",\"@id\":\"https:\/\/avrupapress.com\/#\/schema\/person\/image\/\",\"url\":\"https:\/\/secure.gravatar.com\/avatar\/74996b0977aa5f1559ba9883776652508b229005c0d78fb2597897f0bd651c09?s=96&d=mm&r=g\",\"contentUrl\":\"https:\/\/secure.gravatar.com\/avatar\/74996b0977aa5f1559ba9883776652508b229005c0d78fb2597897f0bd651c09?s=96&d=mm&r=g\",\"caption\":\"Edit\u00f6r\"},\"sameAs\":[\"http:\/\/www.avrupapress.com\"],\"url\":\"https:\/\/avrupapress.com\/main\/author\/editor\/\"}]}<\/script>\n<!-- \/ Yoast SEO plugin. -->","yoast_head_json":{"title":"AB liderleri Br\u00fcksel'de toplanacak - AvrupaPress","robots":{"index":"index","follow":"follow","max-snippet":"max-snippet:-1","max-image-preview":"max-image-preview:large","max-video-preview":"max-video-preview:-1"},"canonical":"https:\/\/avrupapress.com\/2019\/06\/19\/ab-liderleri-brukselde-toplanacak\/","og_locale":"fr_FR","og_type":"article","og_title":"AB liderleri Br\u00fcksel'de toplanacak - AvrupaPress","og_description":"Avrupa Birli\u011fi \u00fcyesi 28 \u00fclkenin lideri, Liderler Zirvesi i\u00e7in yar\u0131n Br\u00fcksel&rsquo;de bir araya gelecek. Avrupa Birli\u011fi (AB) \u00fcyesi 28 \u00fclkenin lideri, Liderler Zirvesi i\u00e7in yar\u0131n Br\u00fcksel&rsquo;de bir araya gelecek.Bel\u00e7ika&rsquo;n\u0131n ba\u015fkenti Br\u00fcksel&rsquo;de 20-21 Haziran&rsquo;da ger\u00e7ekle\u015fecek zirve, \u00fcye \u00fclkelerin devlet ve h\u00fck\u00fcmet ba\u015fkanlar\u0131n\u0131n kat\u0131l\u0131m\u0131yla yap\u0131lacak.Zirve program\u0131na g\u00f6re, liderlerin g\u00fcndem maddeleri aras\u0131nda, AB kurumlar\u0131n\u0131n yeni ba\u015fkanlar\u0131n\u0131n belirlenmesi, Birli\u011fin [&hellip;]","og_url":"https:\/\/avrupapress.com\/2019\/06\/19\/ab-liderleri-brukselde-toplanacak\/","og_site_name":"AvrupaPress","article_published_time":"2019-06-19T20:21:19+00:00","article_modified_time":"2019-06-19T20:21:21+00:00","og_image":[{"width":750,"height":422,"url":"https:\/\/avrupapress.com\/wp-content\/uploads\/2019\/06\/5d0a49970f254429f4755f15.jpg","type":"image\/jpeg"}],"author":"Edit\u00f6r","twitter_card":"summary_large_image","twitter_misc":{"\u00c9crit par":"Edit\u00f6r","Dur\u00e9e de lecture est.":"1 minute"},"schema":{"@context":"https:\/\/schema.org","@graph":[{"@type":"Article","@id":"https:\/\/avrupapress.com\/2019\/06\/19\/ab-liderleri-brukselde-toplanacak\/#article","isPartOf":{"@id":"https:\/\/avrupapress.com\/2019\/06\/19\/ab-liderleri-brukselde-toplanacak\/"},"author":{"name":"Edit\u00f6r","@id":"https:\/\/avrupapress.com\/#\/schema\/person\/68428444ec60970d1e1b700cf4ca1e8f"},"headline":"AB liderleri Br\u00fcksel&rsquo;de toplanacak","datePublished":"2019-06-19T20:21:19+00:00","dateModified":"2019-06-19T20:21:21+00:00","mainEntityOfPage":{"@id":"https:\/\/avrupapress.com\/2019\/06\/19\/ab-liderleri-brukselde-toplanacak\/"},"wordCount":177,"commentCount":0,"publisher":{"@id":"https:\/\/avrupapress.com\/#\/schema\/person\/0223dca19c72c43575bf30d1a2d8f4fa"},"image":{"@id":"https:\/\/avrupapress.com\/2019\/06\/19\/ab-liderleri-brukselde-toplanacak\/#primaryimage"},"thumbnailUrl":"https:\/\/avrupapress.com\/main\/wp-content\/uploads\/2019\/06\/5d0a49970f254429f4755f15.jpg","articleSection":["Avrupa","Bel\u00e7ika","D\u00fcnya","Ekonomi","K\u00fclt\u00fcr-Sanat","Tan\u0131t\u0131m","T\u00fcrkiye","Uncategorized"],"inLanguage":"fr-BE","potentialAction":[{"@type":"CommentAction","name":"Comment","target":["https:\/\/avrupapress.com\/2019\/06\/19\/ab-liderleri-brukselde-toplanacak\/#respond"]}]},{"@type":"WebPage","@id":"https:\/\/avrupapress.com\/2019\/06\/19\/ab-liderleri-brukselde-toplanacak\/","url":"https:\/\/avrupapress.com\/2019\/06\/19\/ab-liderleri-brukselde-toplanacak\/","name":"AB liderleri Br\u00fcksel'de toplanacak - AvrupaPress","isPartOf":{"@id":"https:\/\/avrupapress.com\/#website"},"primaryImageOfPage":{"@id":"https:\/\/avrupapress.com\/2019\/06\/19\/ab-liderleri-brukselde-toplanacak\/#primaryimage"},"image":{"@id":"https:\/\/avrupapress.com\/2019\/06\/19\/ab-liderleri-brukselde-toplanacak\/#primaryimage"},"thumbnailUrl":"https:\/\/avrupapress.com\/main\/wp-content\/uploads\/2019\/06\/5d0a49970f254429f4755f15.jpg","datePublished":"2019-06-19T20:21:19+00:00","dateModified":"2019-06-19T20:21:21+00:00","breadcrumb":{"@id":"https:\/\/avrupapress.com\/2019\/06\/19\/ab-liderleri-brukselde-toplanacak\/#breadcrumb"},"inLanguage":"fr-BE","potentialAction":[{"@type":"ReadAction","target":["https:\/\/avrupapress.com\/2019\/06\/19\/ab-liderleri-brukselde-toplanacak\/"]}]},{"@type":"ImageObject","inLanguage":"fr-BE","@id":"https:\/\/avrupapress.com\/2019\/06\/19\/ab-liderleri-brukselde-toplanacak\/#primaryimage","url":"https:\/\/avrupapress.com\/main\/wp-content\/uploads\/2019\/06\/5d0a49970f254429f4755f15.jpg","contentUrl":"https:\/\/avrupapress.com\/main\/wp-content\/uploads\/2019\/06\/5d0a49970f254429f4755f15.jpg","width":750,"height":422},{"@type":"BreadcrumbList","@id":"https:\/\/avrupapress.com\/2019\/06\/19\/ab-liderleri-brukselde-toplanacak\/#breadcrumb","itemListElement":[{"@type":"ListItem","position":1,"name":"Anasayfa","item":"https:\/\/avrupapress.com\/"},{"@type":"ListItem","position":2,"name":"AB liderleri Br\u00fcksel&#8217;de toplanacak"}]},{"@type":"WebSite","@id":"https:\/\/avrupapress.com\/#website","url":"https:\/\/avrupapress.com\/","name":"AvrupaPress","description":"Haberin Adresi","publisher":{"@id":"https:\/\/avrupapress.com\/#\/schema\/person\/0223dca19c72c43575bf30d1a2d8f4fa"},"potentialAction":[{"@type":"SearchAction","target":{"@type":"EntryPoint","urlTemplate":"https:\/\/avrupapress.com\/?s={search_term_string}"},"query-input":{"@type":"PropertyValueSpecification","valueRequired":true,"valueName":"search_term_string"}}],"inLanguage":"fr-BE"},{"@type":["Person","Organization"],"@id":"https:\/\/avrupapress.com\/#\/schema\/person\/0223dca19c72c43575bf30d1a2d8f4fa","name":"Bilgin \u00d6z\u00e7ift\u00e7i","image":{"@type":"ImageObject","inLanguage":"fr-BE","@id":"https:\/\/avrupapress.com\/#\/schema\/person\/image\/","url":"https:\/\/secure.gravatar.com\/avatar\/0f23b280433a21e1ea7a0adcc46ed0ad16afe3ad8e630fd13d8a017dcbd54ef3?s=96&d=mm&r=g","contentUrl":"https:\/\/secure.gravatar.com\/avatar\/0f23b280433a21e1ea7a0adcc46ed0ad16afe3ad8e630fd13d8a017dcbd54ef3?s=96&d=mm&r=g","caption":"Bilgin \u00d6z\u00e7ift\u00e7i"},"logo":{"@id":"https:\/\/avrupapress.com\/#\/schema\/person\/image\/"},"description":"Ne ben, nede sen... Biz ancak \"biz\" olursak g\u00fc\u00e7l\u00fc olabiliriz"},{"@type":"Person","@id":"https:\/\/avrupapress.com\/#\/schema\/person\/68428444ec60970d1e1b700cf4ca1e8f","name":"Edit\u00f6r","image":{"@type":"ImageObject","inLanguage":"fr-BE","@id":"https:\/\/avrupapress.com\/#\/schema\/person\/image\/","url":"https:\/\/secure.gravatar.com\/avatar\/74996b0977aa5f1559ba9883776652508b229005c0d78fb2597897f0bd651c09?s=96&d=mm&r=g","contentUrl":"https:\/\/secure.gravatar.com\/avatar\/74996b0977aa5f1559ba9883776652508b229005c0d78fb2597897f0bd651c09?s=96&d=mm&r=g","caption":"Edit\u00f6r"},"sameAs":["http:\/\/www.avrupapress.com"],"url":"https:\/\/avrupapress.com\/main\/author\/editor\/"}]}},"_links":{"self":[{"href":"https:\/\/avrupapress.com\/main\/wp-json\/wp\/v2\/posts\/9284","targetHints":{"allow":["GET"]}}],"collection":[{"href":"https:\/\/avrupapress.com\/main\/wp-json\/wp\/v2\/posts"}],"about":[{"href":"https:\/\/avrupapress.com\/main\/wp-json\/wp\/v2\/types\/post"}],"author":[{"embeddable":true,"href":"https:\/\/avrupapress.com\/main\/wp-json\/wp\/v2\/users\/3"}],"replies":[{"embeddable":true,"href":"https:\/\/avrupapress.com\/main\/wp-json\/wp\/v2\/comments?post=9284"}],"version-history":[{"count":1,"href":"https:\/\/avrupapress.com\/main\/wp-json\/wp\/v2\/posts\/9284\/revisions"}],"predecessor-version":[{"id":9287,"href":"https:\/\/avrupapress.com\/main\/wp-json\/wp\/v2\/posts\/9284\/revisions\/9287"}],"wp:featuredmedia":[{"embeddable":true,"href":"https:\/\/avrupapress.com\/main\/wp-json\/wp\/v2\/media\/9286"}],"wp:attachment":[{"href":"https:\/\/avrupapress.com\/main\/wp-json\/wp\/v2\/media?parent=9284"}],"wp:term":[{"taxonomy":"category","embeddable":true,"href":"https:\/\/avrupapress.com\/main\/wp-json\/wp\/v2\/categories?post=9284"},{"taxonomy":"post_tag","embeddable":true,"href":"https:\/\/avrupapress.com\/main\/wp-json\/wp\/v2\/tags?post=9284"}],"curies":[{"name":"wp","href":"https:\/\/api.w.org\/{rel}","templated":true}]}}