{"id":9281,"date":"2019-06-19T19:47:02","date_gmt":"2019-06-19T19:47:02","guid":{"rendered":"http:\/\/avrupapress.com\/main\/?p=9281"},"modified":"2019-06-19T19:47:03","modified_gmt":"2019-06-19T19:47:03","slug":"manisada-su-zammi-mahkemeye-tasindi","status":"publish","type":"post","link":"https:\/\/avrupapress.com\/main\/2019\/06\/19\/manisada-su-zammi-mahkemeye-tasindi\/","title":{"rendered":"Manisa&rsquo;da su zamm\u0131 mahkemeye ta\u015f\u0131nd\u0131!"},"content":{"rendered":"\n<p>Manisa B\u00fcy\u00fck\u015fehir Belediyesine ba\u011fl\u0131 Su ve Kanalizasyon idaresi MASK\u0130 nin 20 May\u0131s 2019 tarihindeki genel kurul toplant\u0131s\u0131nda 2019 y\u0131l\u0131 \u00fccret tarifelerinin art\u0131r\u0131lmas\u0131 g\u00fcndemi ile su tarifelerine yapm\u0131\u015f oldu\u011fu ve 1 haziran 2019 tarihinden ge\u00e7erli olan \u00fccret zamm\u0131 karar\u0131n\u0131n y\u00fcr\u00fctmesinin durdurulmas\u0131 ve yarg\u0131lama sonucu iptali isteminde bulundu\u011fumuz davam\u0131z\u0131 bug\u00fcn Manisa idare mahkemesine a\u00e7\u0131yoruz.<br>Manisa yurtta\u015f inisiyatifi olarak 17 il\u00e7esiyle b\u00fct\u00fcn Manisa halk\u0131n\u0131n en temel hakk\u0131 olan suya eri\u015fim hakk\u0131ndan olumsuz etkiledi\u011fini d\u00fc\u015f\u00fcnd\u00fc\u011f\u00fcm\u00fcz bu karara kar\u015f\u0131 ba\u015flatt\u0131\u011f\u0131m\u0131z Anayasal hak arama ve hukuk m\u00fccadelesinde; Manisa da ya\u015fayan ve 2577 Say\u0131l\u0131 \u0130dari Yarg\u0131lama Usul\u00fc Yasas\u0131\u2019n\u0131n 2. maddesine g\u00f6re dava a\u00e7ma ehliyetleri bulunan 25 Manisal\u0131 yurtta\u015f davac\u0131 olarak avukat\u0131m\u0131z Ahu TAHM\u0130LC\u0130 ye vekalet vererek hak arama m\u00fccadelemizi ba\u015flatm\u0131\u015f bulunuyoruz.<br>Manisa halk\u0131 ad\u0131na daha \u00f6nce a\u00e7m\u0131\u015f oldu\u011fumuz ULUPARK\u2019a katl\u0131 otopark yap\u0131lmas\u0131na ve BEYAZF\u0130L\u2019in tescilinin kald\u0131r\u0131lmas\u0131 ve y\u0131k\u0131lmas\u0131na kar\u015f\u0131 oldu\u011fumuz davalarda; Manisa halk\u0131 lehine verilmi\u015f kararlarda oldu\u011fu gibi; a\u00e7m\u0131\u015f oldu\u011fumuz bu davada da Manisa idare mahkemelerine ve yarg\u0131\u00e7lar\u0131na g\u00fcveniyoruz dediler.<br><br>MAN\u0130SA YURTTA\u015e \u0130N\u0130S\u0130F\u0130YAT\u0130&nbsp;\u200bBilindi\u011fi gibi Manisa B\u00fcy\u00fck\u015fehir Belediyesi MASK\u0130 20 May\u0131s 2019 tarihli meclis toplant\u0131s\u0131nda 1 Haziran 2019 tarihinden ge\u00e7erli olmak \u00fczere suya %35 ve \u00fczeri oranlarda zam karar\u0131 ald\u0131. Oysa 31 Mart yerel se\u00e7imlerinden sonra bir \u00e7ok ilde ve \u0130stanbul, Ankara, \u0130zmir gibi b\u00fcy\u00fck\u015fehirlerde suya ciddi oranlarda indirim yap\u0131lm\u0131\u015fken ve \u00fcstelik Manisa B\u00fcy\u00fck\u015fehir Belediye ba\u015fkan\u0131 Cengiz Erg\u00fcn se\u00e7imlerden \u00f6nce 2018 y\u0131l\u0131 MASK\u0130 ikinci genel kurulunda 2019 y\u0131l\u0131nda suya ve MASK\u0130 nin hi\u00e7bir hizmetine zam yok s\u00f6z\u00fc vermi\u015f olmas\u0131na ra\u011fmen; \u015fimdi Manisa halk\u0131 ile dalga ge\u00e7er gibi su tarifelerine ve di\u011fer hizmetlere fahi\u015f oranlarda zam karar\u0131 alm\u0131\u015flard\u0131r.<br><br>Oysa; temiz ve i\u00e7ilebilir su, insan\u0131n sa\u011fl\u0131kl\u0131 ve insanca ya\u015fam\u0131n\u0131n en temel ko\u015fuludur. Bu nedenle suya eri\u015fim hakk\u0131 ya da k\u0131saca su hakk\u0131 ya\u015fam hakk\u0131n\u0131n zorunlu bir unsurudur.&nbsp;<br>D\u00fcnya Sa\u011fl\u0131k \u00d6rg\u00fct\u00fc de temiz suyun b\u00fct\u00fcn ko\u015fullardan ba\u011f\u0131ms\u0131z olarak bireye mutlaka ula\u015ft\u0131r\u0131lmas\u0131 gereken bir sa\u011fl\u0131k hizmeti oldu\u011funu ifade etmi\u015ftir. Yine evrensel t\u00fcketici haklar\u0131n\u0131n ba\u015f\u0131nda t\u00fcketicilerin en temel gereksinmesi olan yeterli ve sa\u011fl\u0131kl\u0131 suya eri\u015fim hakk\u0131 vard\u0131r. B\u00fct\u00fcn bu d\u00fczenlemelerden anla\u015f\u0131l\u0131yor ki, \u201csa\u011fl\u0131kl\u0131 ve yeterli suya eri\u015fim hakk\u0131\u201d temel anayasal ilkelerimizden birisi olan insan haklar\u0131 kavram\u0131 i\u00e7erisinde yer bulmaktad\u0131r. Su hakk\u0131, devleti halk\u0131n \u00f6deyebilece\u011fi, g\u00fcvenli i\u00e7me suyuna eri\u015fimini sa\u011flamakla y\u00fck\u00fcml\u00fc k\u0131lmaktad\u0131r. Devlet suya eri\u015fim i\u00e7in gerekli ekonomik, sosyal ve siyasal \u015fartlar\u0131 yaratacak politikalar ve stratejiler geli\u015ftirmelidir.&nbsp;<br>Birle\u015fmi\u015f Milletler ekonomik, sosyal ve k\u00fclt\u00fcrel haklar uluslar aras\u0131 s\u00f6zle\u015fmesinde&nbsp;<br>Devletlerin yarg\u0131 alan\u0131 dahilinde, su ve suyla ilgili tesis ve hizmetlerin hi\u00e7bir ay\u0131r\u0131m g\u00f6zetmeksizin herkes taraf\u0131ndan eri\u015filebilir olmas\u0131 zorunlu\u201d oldu\u011fu belirtilmekte \u201cEkonomik eri\u015filebilirlik olarak da; Su ve suyla ilgili tesis ve hizmetler herkes taraf\u0131ndan kar\u015f\u0131lanabilir olmas\u0131, suyun g\u00fcvenli\u011finin sa\u011flanmas\u0131 ile ilgili do\u011frudan ve dolayl\u0131 masraf ve \u00fccretlerin \u00f6denebilir olmas\u0131 ve S\u00f6zle\u015fmede yer alan di\u011fer haklar\u0131n ger\u00e7ekle\u015ftirilmesini tehlikeye atmamas\u0131 veya tehdit etmemesi gerekti\u011fi\u201d vurgulanmaktad\u0131r.<br>S\u00f6zle\u015fmeye taraf devletlerin ki; T.C Devleti de bu s\u00f6zle\u015fmeye taraft\u0131r \u201csuyun maddi olarak kar\u015f\u0131lanabilir olmas\u0131n\u0131 sa\u011flamak i\u00e7in, gerekli bir tak\u0131m tedbirleri almas\u0131, uygun ve d\u00fc\u015f\u00fck maliyetli bir dizi tekniklerin ve teknolojilerin kullan\u0131lmas\u0131; bu kapsamda \u00fccretsiz veya d\u00fc\u015f\u00fck maliyetli su temini gibi uygun \u00fccret politikalar\u0131 uygulamas\u0131,; g\u00f6rece daha yoksul hane halklar\u0131 \u00fczerine su giderlerinin orans\u0131z bir y\u00fck olarak binmemesi i\u00e7in gereken \u00f6nlemleri almas\u0131\u201d gerekmektedir.<br>Oysa; Manisa B\u00fcy\u00fck\u015fehir Belediyesi MASK\u0130 ald\u0131\u011f\u0131 bu kararla; s\u00f6zle\u015fmenin taraf\u0131 olan T.C devletine y\u00fckledi\u011fi, \u00fccretsiz veya d\u00fc\u015f\u00fck maliyetli su temini gibi uygun \u00fccret politikalar\u0131 uygulama, g\u00f6rece daha yoksul hane halklar\u0131 \u00fczerine su giderlerinin orans\u0131z bir y\u00fck olarak binmemesi i\u00e7in gereken \u00f6nlemleri alma y\u00fck\u00fcml\u00fcl\u00fcklerini yok saym\u0131\u015ft\u0131r. Hakk\u0131n kullan\u0131lmas\u0131n\u0131 engelleyen bu karar a\u00e7\u0131k\u00e7a hukuka ve suya eri\u015fim hakk\u0131na ayk\u0131r\u0131 oldu\u011fu ortadad\u0131r.<br><br>Bu nedenle Manisa da ya\u015fayan yurtta\u015flar olarak anayasadan do\u011fan yasal hakk\u0131m\u0131z\u0131 kullan\u0131yoruz ve MASK\u0130 nin yapm\u0131\u015f oldu\u011fu fahi\u015f su zamm\u0131 karar\u0131n\u0131n y\u00fcr\u00fctmesinin durdurulmas\u0131 ve yarg\u0131lama sonucu iptalini istiyoruz ve Manisa idare mahkemesine dava a\u00e7\u0131yoruz. Bu konuda b\u00fct\u00fcn Manisa halk\u0131ndan destek bekliyoruz.<\/p>\n\n\n\n<p><strong>HABER; MET\u0130N DURMAZ \/ AVRUPAPRESS<\/strong><br><br><br><\/p>\n","protected":false},"excerpt":{"rendered":"<p>Manisa B\u00fcy\u00fck\u015fehir Belediyesine ba\u011fl\u0131 Su ve Kanalizasyon idaresi MASK\u0130 nin 20 May\u0131s 2019 tarihindeki genel kurul toplant\u0131s\u0131nda 2019 y\u0131l\u0131 \u00fccret tarifelerinin art\u0131r\u0131lmas\u0131 g\u00fcndemi ile su tarifelerine yapm\u0131\u015f oldu\u011fu ve 1 haziran 2019 tarihinden ge\u00e7erli olan \u00fccret zamm\u0131 karar\u0131n\u0131n y\u00fcr\u00fctmesinin durdurulmas\u0131 ve yarg\u0131lama sonucu iptali isteminde bulundu\u011fumuz davam\u0131z\u0131 bug\u00fcn Manisa idare mahkemesine a\u00e7\u0131yoruz.Manisa yurtta\u015f inisiyatifi olarak [&hellip;]<\/p>\n","protected":false},"author":3,"featured_media":9282,"comment_status":"open","ping_status":"open","sticky":false,"template":"","format":"standard","meta":{"footnotes":""},"categories":[17,19,2,1],"tags":[],"class_list":["post-9281","post","type-post","status-publish","format-standard","has-post-thumbnail","hentry","category-ekonomi","category-tanitim","category-turkiye","category-uncategorized"],"yoast_head":"<!-- This site is optimized with the Yoast SEO plugin v26.9 - https:\/\/yoast.com\/product\/yoast-seo-wordpress\/ -->\n<title>Manisa&#039;da su zamm\u0131 mahkemeye ta\u015f\u0131nd\u0131! - AvrupaPress<\/title>\n<meta name=\"robots\" content=\"index, follow, max-snippet:-1, max-image-preview:large, max-video-preview:-1\" \/>\n<link rel=\"canonical\" href=\"https:\/\/avrupapress.com\/2019\/06\/19\/manisada-su-zammi-mahkemeye-tasindi\/\" \/>\n<meta property=\"og:locale\" content=\"fr_FR\" \/>\n<meta property=\"og:type\" content=\"article\" \/>\n<meta property=\"og:title\" content=\"Manisa&#039;da su zamm\u0131 mahkemeye ta\u015f\u0131nd\u0131! - AvrupaPress\" \/>\n<meta property=\"og:description\" content=\"Manisa B\u00fcy\u00fck\u015fehir Belediyesine ba\u011fl\u0131 Su ve Kanalizasyon idaresi MASK\u0130 nin 20 May\u0131s 2019 tarihindeki genel kurul toplant\u0131s\u0131nda 2019 y\u0131l\u0131 \u00fccret tarifelerinin art\u0131r\u0131lmas\u0131 g\u00fcndemi ile su tarifelerine yapm\u0131\u015f oldu\u011fu ve 1 haziran 2019 tarihinden ge\u00e7erli olan \u00fccret zamm\u0131 karar\u0131n\u0131n y\u00fcr\u00fctmesinin durdurulmas\u0131 ve yarg\u0131lama sonucu iptali isteminde bulundu\u011fumuz davam\u0131z\u0131 bug\u00fcn Manisa idare mahkemesine a\u00e7\u0131yoruz.Manisa yurtta\u015f inisiyatifi olarak [&hellip;]\" \/>\n<meta property=\"og:url\" content=\"https:\/\/avrupapress.com\/2019\/06\/19\/manisada-su-zammi-mahkemeye-tasindi\/\" \/>\n<meta property=\"og:site_name\" content=\"AvrupaPress\" \/>\n<meta property=\"article:published_time\" content=\"2019-06-19T19:47:02+00:00\" \/>\n<meta property=\"article:modified_time\" content=\"2019-06-19T19:47:03+00:00\" \/>\n<meta property=\"og:image\" content=\"https:\/\/avrupapress.com\/wp-content\/uploads\/2019\/06\/thumbnail_65018215_10215271990375333_3837145677989675008_n.jpg\" \/>\n\t<meta property=\"og:image:width\" content=\"960\" \/>\n\t<meta property=\"og:image:height\" content=\"720\" \/>\n\t<meta property=\"og:image:type\" content=\"image\/jpeg\" \/>\n<meta name=\"author\" content=\"Edit\u00f6r\" \/>\n<meta name=\"twitter:card\" content=\"summary_large_image\" \/>\n<meta name=\"twitter:label1\" content=\"\u00c9crit par\" \/>\n\t<meta name=\"twitter:data1\" content=\"Edit\u00f6r\" \/>\n\t<meta name=\"twitter:label2\" content=\"Dur\u00e9e de lecture est.\" \/>\n\t<meta name=\"twitter:data2\" content=\"4 minutes\" \/>\n<script type=\"application\/ld+json\" class=\"yoast-schema-graph\">{\"@context\":\"https:\/\/schema.org\",\"@graph\":[{\"@type\":\"Article\",\"@id\":\"https:\/\/avrupapress.com\/2019\/06\/19\/manisada-su-zammi-mahkemeye-tasindi\/#article\",\"isPartOf\":{\"@id\":\"https:\/\/avrupapress.com\/2019\/06\/19\/manisada-su-zammi-mahkemeye-tasindi\/\"},\"author\":{\"name\":\"Edit\u00f6r\",\"@id\":\"https:\/\/avrupapress.com\/#\/schema\/person\/68428444ec60970d1e1b700cf4ca1e8f\"},\"headline\":\"Manisa&rsquo;da su zamm\u0131 mahkemeye ta\u015f\u0131nd\u0131!\",\"datePublished\":\"2019-06-19T19:47:02+00:00\",\"dateModified\":\"2019-06-19T19:47:03+00:00\",\"mainEntityOfPage\":{\"@id\":\"https:\/\/avrupapress.com\/2019\/06\/19\/manisada-su-zammi-mahkemeye-tasindi\/\"},\"wordCount\":853,\"commentCount\":0,\"publisher\":{\"@id\":\"https:\/\/avrupapress.com\/#\/schema\/person\/0223dca19c72c43575bf30d1a2d8f4fa\"},\"image\":{\"@id\":\"https:\/\/avrupapress.com\/2019\/06\/19\/manisada-su-zammi-mahkemeye-tasindi\/#primaryimage\"},\"thumbnailUrl\":\"https:\/\/avrupapress.com\/main\/wp-content\/uploads\/2019\/06\/thumbnail_65018215_10215271990375333_3837145677989675008_n.jpg\",\"articleSection\":[\"Ekonomi\",\"Tan\u0131t\u0131m\",\"T\u00fcrkiye\",\"Uncategorized\"],\"inLanguage\":\"fr-BE\",\"potentialAction\":[{\"@type\":\"CommentAction\",\"name\":\"Comment\",\"target\":[\"https:\/\/avrupapress.com\/2019\/06\/19\/manisada-su-zammi-mahkemeye-tasindi\/#respond\"]}]},{\"@type\":\"WebPage\",\"@id\":\"https:\/\/avrupapress.com\/2019\/06\/19\/manisada-su-zammi-mahkemeye-tasindi\/\",\"url\":\"https:\/\/avrupapress.com\/2019\/06\/19\/manisada-su-zammi-mahkemeye-tasindi\/\",\"name\":\"Manisa'da su zamm\u0131 mahkemeye ta\u015f\u0131nd\u0131! - AvrupaPress\",\"isPartOf\":{\"@id\":\"https:\/\/avrupapress.com\/#website\"},\"primaryImageOfPage\":{\"@id\":\"https:\/\/avrupapress.com\/2019\/06\/19\/manisada-su-zammi-mahkemeye-tasindi\/#primaryimage\"},\"image\":{\"@id\":\"https:\/\/avrupapress.com\/2019\/06\/19\/manisada-su-zammi-mahkemeye-tasindi\/#primaryimage\"},\"thumbnailUrl\":\"https:\/\/avrupapress.com\/main\/wp-content\/uploads\/2019\/06\/thumbnail_65018215_10215271990375333_3837145677989675008_n.jpg\",\"datePublished\":\"2019-06-19T19:47:02+00:00\",\"dateModified\":\"2019-06-19T19:47:03+00:00\",\"breadcrumb\":{\"@id\":\"https:\/\/avrupapress.com\/2019\/06\/19\/manisada-su-zammi-mahkemeye-tasindi\/#breadcrumb\"},\"inLanguage\":\"fr-BE\",\"potentialAction\":[{\"@type\":\"ReadAction\",\"target\":[\"https:\/\/avrupapress.com\/2019\/06\/19\/manisada-su-zammi-mahkemeye-tasindi\/\"]}]},{\"@type\":\"ImageObject\",\"inLanguage\":\"fr-BE\",\"@id\":\"https:\/\/avrupapress.com\/2019\/06\/19\/manisada-su-zammi-mahkemeye-tasindi\/#primaryimage\",\"url\":\"https:\/\/avrupapress.com\/main\/wp-content\/uploads\/2019\/06\/thumbnail_65018215_10215271990375333_3837145677989675008_n.jpg\",\"contentUrl\":\"https:\/\/avrupapress.com\/main\/wp-content\/uploads\/2019\/06\/thumbnail_65018215_10215271990375333_3837145677989675008_n.jpg\",\"width\":960,\"height\":720},{\"@type\":\"BreadcrumbList\",\"@id\":\"https:\/\/avrupapress.com\/2019\/06\/19\/manisada-su-zammi-mahkemeye-tasindi\/#breadcrumb\",\"itemListElement\":[{\"@type\":\"ListItem\",\"position\":1,\"name\":\"Anasayfa\",\"item\":\"https:\/\/avrupapress.com\/\"},{\"@type\":\"ListItem\",\"position\":2,\"name\":\"Manisa&#8217;da su zamm\u0131 mahkemeye ta\u015f\u0131nd\u0131!\"}]},{\"@type\":\"WebSite\",\"@id\":\"https:\/\/avrupapress.com\/#website\",\"url\":\"https:\/\/avrupapress.com\/\",\"name\":\"AvrupaPress\",\"description\":\"Haberin Adresi\",\"publisher\":{\"@id\":\"https:\/\/avrupapress.com\/#\/schema\/person\/0223dca19c72c43575bf30d1a2d8f4fa\"},\"potentialAction\":[{\"@type\":\"SearchAction\",\"target\":{\"@type\":\"EntryPoint\",\"urlTemplate\":\"https:\/\/avrupapress.com\/?s={search_term_string}\"},\"query-input\":{\"@type\":\"PropertyValueSpecification\",\"valueRequired\":true,\"valueName\":\"search_term_string\"}}],\"inLanguage\":\"fr-BE\"},{\"@type\":[\"Person\",\"Organization\"],\"@id\":\"https:\/\/avrupapress.com\/#\/schema\/person\/0223dca19c72c43575bf30d1a2d8f4fa\",\"name\":\"Bilgin \u00d6z\u00e7ift\u00e7i\",\"image\":{\"@type\":\"ImageObject\",\"inLanguage\":\"fr-BE\",\"@id\":\"https:\/\/avrupapress.com\/#\/schema\/person\/image\/\",\"url\":\"https:\/\/secure.gravatar.com\/avatar\/0f23b280433a21e1ea7a0adcc46ed0ad16afe3ad8e630fd13d8a017dcbd54ef3?s=96&d=mm&r=g\",\"contentUrl\":\"https:\/\/secure.gravatar.com\/avatar\/0f23b280433a21e1ea7a0adcc46ed0ad16afe3ad8e630fd13d8a017dcbd54ef3?s=96&d=mm&r=g\",\"caption\":\"Bilgin \u00d6z\u00e7ift\u00e7i\"},\"logo\":{\"@id\":\"https:\/\/avrupapress.com\/#\/schema\/person\/image\/\"},\"description\":\"Ne ben, nede sen... Biz ancak \\\"biz\\\" olursak g\u00fc\u00e7l\u00fc olabiliriz\"},{\"@type\":\"Person\",\"@id\":\"https:\/\/avrupapress.com\/#\/schema\/person\/68428444ec60970d1e1b700cf4ca1e8f\",\"name\":\"Edit\u00f6r\",\"image\":{\"@type\":\"ImageObject\",\"inLanguage\":\"fr-BE\",\"@id\":\"https:\/\/avrupapress.com\/#\/schema\/person\/image\/\",\"url\":\"https:\/\/secure.gravatar.com\/avatar\/74996b0977aa5f1559ba9883776652508b229005c0d78fb2597897f0bd651c09?s=96&d=mm&r=g\",\"contentUrl\":\"https:\/\/secure.gravatar.com\/avatar\/74996b0977aa5f1559ba9883776652508b229005c0d78fb2597897f0bd651c09?s=96&d=mm&r=g\",\"caption\":\"Edit\u00f6r\"},\"sameAs\":[\"http:\/\/www.avrupapress.com\"],\"url\":\"https:\/\/avrupapress.com\/main\/author\/editor\/\"}]}<\/script>\n<!-- \/ Yoast SEO plugin. -->","yoast_head_json":{"title":"Manisa'da su zamm\u0131 mahkemeye ta\u015f\u0131nd\u0131! - AvrupaPress","robots":{"index":"index","follow":"follow","max-snippet":"max-snippet:-1","max-image-preview":"max-image-preview:large","max-video-preview":"max-video-preview:-1"},"canonical":"https:\/\/avrupapress.com\/2019\/06\/19\/manisada-su-zammi-mahkemeye-tasindi\/","og_locale":"fr_FR","og_type":"article","og_title":"Manisa'da su zamm\u0131 mahkemeye ta\u015f\u0131nd\u0131! - AvrupaPress","og_description":"Manisa B\u00fcy\u00fck\u015fehir Belediyesine ba\u011fl\u0131 Su ve Kanalizasyon idaresi MASK\u0130 nin 20 May\u0131s 2019 tarihindeki genel kurul toplant\u0131s\u0131nda 2019 y\u0131l\u0131 \u00fccret tarifelerinin art\u0131r\u0131lmas\u0131 g\u00fcndemi ile su tarifelerine yapm\u0131\u015f oldu\u011fu ve 1 haziran 2019 tarihinden ge\u00e7erli olan \u00fccret zamm\u0131 karar\u0131n\u0131n y\u00fcr\u00fctmesinin durdurulmas\u0131 ve yarg\u0131lama sonucu iptali isteminde bulundu\u011fumuz davam\u0131z\u0131 bug\u00fcn Manisa idare mahkemesine a\u00e7\u0131yoruz.Manisa yurtta\u015f inisiyatifi olarak [&hellip;]","og_url":"https:\/\/avrupapress.com\/2019\/06\/19\/manisada-su-zammi-mahkemeye-tasindi\/","og_site_name":"AvrupaPress","article_published_time":"2019-06-19T19:47:02+00:00","article_modified_time":"2019-06-19T19:47:03+00:00","og_image":[{"width":960,"height":720,"url":"https:\/\/avrupapress.com\/wp-content\/uploads\/2019\/06\/thumbnail_65018215_10215271990375333_3837145677989675008_n.jpg","type":"image\/jpeg"}],"author":"Edit\u00f6r","twitter_card":"summary_large_image","twitter_misc":{"\u00c9crit par":"Edit\u00f6r","Dur\u00e9e de lecture est.":"4 minutes"},"schema":{"@context":"https:\/\/schema.org","@graph":[{"@type":"Article","@id":"https:\/\/avrupapress.com\/2019\/06\/19\/manisada-su-zammi-mahkemeye-tasindi\/#article","isPartOf":{"@id":"https:\/\/avrupapress.com\/2019\/06\/19\/manisada-su-zammi-mahkemeye-tasindi\/"},"author":{"name":"Edit\u00f6r","@id":"https:\/\/avrupapress.com\/#\/schema\/person\/68428444ec60970d1e1b700cf4ca1e8f"},"headline":"Manisa&rsquo;da su zamm\u0131 mahkemeye ta\u015f\u0131nd\u0131!","datePublished":"2019-06-19T19:47:02+00:00","dateModified":"2019-06-19T19:47:03+00:00","mainEntityOfPage":{"@id":"https:\/\/avrupapress.com\/2019\/06\/19\/manisada-su-zammi-mahkemeye-tasindi\/"},"wordCount":853,"commentCount":0,"publisher":{"@id":"https:\/\/avrupapress.com\/#\/schema\/person\/0223dca19c72c43575bf30d1a2d8f4fa"},"image":{"@id":"https:\/\/avrupapress.com\/2019\/06\/19\/manisada-su-zammi-mahkemeye-tasindi\/#primaryimage"},"thumbnailUrl":"https:\/\/avrupapress.com\/main\/wp-content\/uploads\/2019\/06\/thumbnail_65018215_10215271990375333_3837145677989675008_n.jpg","articleSection":["Ekonomi","Tan\u0131t\u0131m","T\u00fcrkiye","Uncategorized"],"inLanguage":"fr-BE","potentialAction":[{"@type":"CommentAction","name":"Comment","target":["https:\/\/avrupapress.com\/2019\/06\/19\/manisada-su-zammi-mahkemeye-tasindi\/#respond"]}]},{"@type":"WebPage","@id":"https:\/\/avrupapress.com\/2019\/06\/19\/manisada-su-zammi-mahkemeye-tasindi\/","url":"https:\/\/avrupapress.com\/2019\/06\/19\/manisada-su-zammi-mahkemeye-tasindi\/","name":"Manisa'da su zamm\u0131 mahkemeye ta\u015f\u0131nd\u0131! - AvrupaPress","isPartOf":{"@id":"https:\/\/avrupapress.com\/#website"},"primaryImageOfPage":{"@id":"https:\/\/avrupapress.com\/2019\/06\/19\/manisada-su-zammi-mahkemeye-tasindi\/#primaryimage"},"image":{"@id":"https:\/\/avrupapress.com\/2019\/06\/19\/manisada-su-zammi-mahkemeye-tasindi\/#primaryimage"},"thumbnailUrl":"https:\/\/avrupapress.com\/main\/wp-content\/uploads\/2019\/06\/thumbnail_65018215_10215271990375333_3837145677989675008_n.jpg","datePublished":"2019-06-19T19:47:02+00:00","dateModified":"2019-06-19T19:47:03+00:00","breadcrumb":{"@id":"https:\/\/avrupapress.com\/2019\/06\/19\/manisada-su-zammi-mahkemeye-tasindi\/#breadcrumb"},"inLanguage":"fr-BE","potentialAction":[{"@type":"ReadAction","target":["https:\/\/avrupapress.com\/2019\/06\/19\/manisada-su-zammi-mahkemeye-tasindi\/"]}]},{"@type":"ImageObject","inLanguage":"fr-BE","@id":"https:\/\/avrupapress.com\/2019\/06\/19\/manisada-su-zammi-mahkemeye-tasindi\/#primaryimage","url":"https:\/\/avrupapress.com\/main\/wp-content\/uploads\/2019\/06\/thumbnail_65018215_10215271990375333_3837145677989675008_n.jpg","contentUrl":"https:\/\/avrupapress.com\/main\/wp-content\/uploads\/2019\/06\/thumbnail_65018215_10215271990375333_3837145677989675008_n.jpg","width":960,"height":720},{"@type":"BreadcrumbList","@id":"https:\/\/avrupapress.com\/2019\/06\/19\/manisada-su-zammi-mahkemeye-tasindi\/#breadcrumb","itemListElement":[{"@type":"ListItem","position":1,"name":"Anasayfa","item":"https:\/\/avrupapress.com\/"},{"@type":"ListItem","position":2,"name":"Manisa&#8217;da su zamm\u0131 mahkemeye ta\u015f\u0131nd\u0131!"}]},{"@type":"WebSite","@id":"https:\/\/avrupapress.com\/#website","url":"https:\/\/avrupapress.com\/","name":"AvrupaPress","description":"Haberin Adresi","publisher":{"@id":"https:\/\/avrupapress.com\/#\/schema\/person\/0223dca19c72c43575bf30d1a2d8f4fa"},"potentialAction":[{"@type":"SearchAction","target":{"@type":"EntryPoint","urlTemplate":"https:\/\/avrupapress.com\/?s={search_term_string}"},"query-input":{"@type":"PropertyValueSpecification","valueRequired":true,"valueName":"search_term_string"}}],"inLanguage":"fr-BE"},{"@type":["Person","Organization"],"@id":"https:\/\/avrupapress.com\/#\/schema\/person\/0223dca19c72c43575bf30d1a2d8f4fa","name":"Bilgin \u00d6z\u00e7ift\u00e7i","image":{"@type":"ImageObject","inLanguage":"fr-BE","@id":"https:\/\/avrupapress.com\/#\/schema\/person\/image\/","url":"https:\/\/secure.gravatar.com\/avatar\/0f23b280433a21e1ea7a0adcc46ed0ad16afe3ad8e630fd13d8a017dcbd54ef3?s=96&d=mm&r=g","contentUrl":"https:\/\/secure.gravatar.com\/avatar\/0f23b280433a21e1ea7a0adcc46ed0ad16afe3ad8e630fd13d8a017dcbd54ef3?s=96&d=mm&r=g","caption":"Bilgin \u00d6z\u00e7ift\u00e7i"},"logo":{"@id":"https:\/\/avrupapress.com\/#\/schema\/person\/image\/"},"description":"Ne ben, nede sen... Biz ancak \"biz\" olursak g\u00fc\u00e7l\u00fc olabiliriz"},{"@type":"Person","@id":"https:\/\/avrupapress.com\/#\/schema\/person\/68428444ec60970d1e1b700cf4ca1e8f","name":"Edit\u00f6r","image":{"@type":"ImageObject","inLanguage":"fr-BE","@id":"https:\/\/avrupapress.com\/#\/schema\/person\/image\/","url":"https:\/\/secure.gravatar.com\/avatar\/74996b0977aa5f1559ba9883776652508b229005c0d78fb2597897f0bd651c09?s=96&d=mm&r=g","contentUrl":"https:\/\/secure.gravatar.com\/avatar\/74996b0977aa5f1559ba9883776652508b229005c0d78fb2597897f0bd651c09?s=96&d=mm&r=g","caption":"Edit\u00f6r"},"sameAs":["http:\/\/www.avrupapress.com"],"url":"https:\/\/avrupapress.com\/main\/author\/editor\/"}]}},"_links":{"self":[{"href":"https:\/\/avrupapress.com\/main\/wp-json\/wp\/v2\/posts\/9281","targetHints":{"allow":["GET"]}}],"collection":[{"href":"https:\/\/avrupapress.com\/main\/wp-json\/wp\/v2\/posts"}],"about":[{"href":"https:\/\/avrupapress.com\/main\/wp-json\/wp\/v2\/types\/post"}],"author":[{"embeddable":true,"href":"https:\/\/avrupapress.com\/main\/wp-json\/wp\/v2\/users\/3"}],"replies":[{"embeddable":true,"href":"https:\/\/avrupapress.com\/main\/wp-json\/wp\/v2\/comments?post=9281"}],"version-history":[{"count":1,"href":"https:\/\/avrupapress.com\/main\/wp-json\/wp\/v2\/posts\/9281\/revisions"}],"predecessor-version":[{"id":9283,"href":"https:\/\/avrupapress.com\/main\/wp-json\/wp\/v2\/posts\/9281\/revisions\/9283"}],"wp:featuredmedia":[{"embeddable":true,"href":"https:\/\/avrupapress.com\/main\/wp-json\/wp\/v2\/media\/9282"}],"wp:attachment":[{"href":"https:\/\/avrupapress.com\/main\/wp-json\/wp\/v2\/media?parent=9281"}],"wp:term":[{"taxonomy":"category","embeddable":true,"href":"https:\/\/avrupapress.com\/main\/wp-json\/wp\/v2\/categories?post=9281"},{"taxonomy":"post_tag","embeddable":true,"href":"https:\/\/avrupapress.com\/main\/wp-json\/wp\/v2\/tags?post=9281"}],"curies":[{"name":"wp","href":"https:\/\/api.w.org\/{rel}","templated":true}]}}