{"id":9274,"date":"2019-06-19T19:37:52","date_gmt":"2019-06-19T19:37:52","guid":{"rendered":"http:\/\/avrupapress.com\/main\/?p=9274"},"modified":"2019-06-20T18:49:06","modified_gmt":"2019-06-20T18:49:06","slug":"mutlu-kalin-demircinin-gozdesi-olan-yun-ve-halinin-onemini-anlatti","status":"publish","type":"post","link":"https:\/\/avrupapress.com\/main\/2019\/06\/19\/mutlu-kalin-demircinin-gozdesi-olan-yun-ve-halinin-onemini-anlatti\/","title":{"rendered":"Can Dede Demirci&rsquo;nin g\u00f6zdesi olan y\u00fcn ve hal\u0131n\u0131n \u00f6nemini anlatt\u0131"},"content":{"rendered":"\n<p> <strong>Y\u00dcN HALI \u00d6NEM\u0130 <\/strong><\/p>\n\n\n\n<p>Demirci Manisa ilinin 41000 n\u00fcfuslu bir il\u00e7esidir. \u0130l\u00e7enin co\u011frafi konumu ve iklimi itibari ile Egede yayla Turizmi a\u00e7\u0131s\u0131ndan sakin huzurlu bir ya\u015fam \u015fehridir..Y\u00fcz\u00f6l\u00e7\u00fcm\u00fc b\u00fcy\u00fckl\u00fc\u011f\u00fc bak\u0131m\u0131ndan Manisa ili il\u00e7eleri i\u00e7ersinde \u00f6n s\u0131ralardad\u0131r.Topraklar\u0131n tar\u0131ma elveri\u015fsiz olmas\u0131ndan dolay\u0131 ekonomik olarak hal\u0131c\u0131l\u0131k sanat\u0131 devletimizin deste\u011fiyle zamanla geli\u015fmi\u015ftir.Demircinin di\u011fer bir ad\u0131 \u2018\u2019Hal\u0131kent\u2019\u2019ile \u00f6zde\u015fle\u015fmi\u015ftir.G\u00fcn\u00fcm\u00fczde hal\u0131 \u00fcretimi el ve makine hal\u0131s\u0131 olarak \u00fcretilmektedir.G\u00fcn\u00fcm\u00fczde El hal\u0131c\u0131l\u0131\u011f\u0131 yurt d\u0131\u015f\u0131ndan ithal ucuz el hal\u0131lar\u0131n gelmesi ile el dokuma hal\u0131c\u0131l\u0131\u011f\u0131 yok denilemiyecek kadar azalm\u0131\u015ft\u0131r.Ancak makine hal\u0131c\u0131l\u0131\u011f\u0131 Cami hal\u0131s\u0131,Otel hal\u0131s\u0131,yurt hal\u0131s\u0131 ve par\u00e7a el hal\u0131s\u0131 \u00fcretimi \u00f6ne \u00e7\u0131kmaktad\u0131r.<\/p>\n\n\n\n<p>Bu hal\u0131lar\u0131n b\u00fcy\u00fck k\u0131sm\u0131 %100 y\u00fcn hal\u0131 olarak \u00fcretilmektedir. \u00dcretim yapan firmalar \u00fcrettikleri hal\u0131lar\u0131n %100 y\u00fcn oldu\u011funu T\u00fcrkak\u2019a akredite olan laboratuvarlardan ald\u0131klar\u0131 belge ve raporlarla ispatlamaktad\u0131rlar. Ayr\u0131ca g\u00fcn\u00fcm\u00fczde otel yurt gibi yerlerde \u00e7\u0131kan yang\u0131nlarda akrilit hal\u0131n\u0131n daha yan\u0131c\u0131, zehirliyeci oldu\u011fu i\u00e7in y\u00fcnden yap\u0131lan hal\u0131lar tercih edilmektedir. Y\u00fcn hal\u0131n\u0131n \u00f6zellikleri ve tercih sebebleri nedir bunlar hakk\u0131nda bilgilendirelim.<\/p>\n\n\n\n<p>Y\u00fcn\u00fcn sadece hava g\u00fcn \u0131\u015f\u0131\u011f\u0131 ve \u00e7imen t\u00fcketen koyunlar \u00fczerinde y\u0131l boyunca b\u00fcy\u00fcyen tamamen do\u011fal bir elyaf olmas\u0131 en \u00f6nemli tercih sebebidir, Y\u00fcn hal\u0131 di\u011fer hal\u0131lardan \u00e7ok uzun s\u00fcre orijinal g\u00f6r\u00fcm\u00fcn\u00fc korur.Hacim ve esnekli\u011fi sayesinde y\u00fcksek bas\u0131n\u00e7 ve yo\u011fun yaya trafi\u011fine uzun y\u0131llar direnebilir.<\/p>\n\n\n\n<p>Y\u00fcn hal\u0131 toksid olmad\u0131\u011f\u0131 gibi alerjik de\u011fildir.Ayr\u0131ca bakteri olu\u015fumuna izin vermeyen yap\u0131dad\u0131r.Y\u00fcksek nem i\u00e7eri\u011fiyle y\u00fcn,statik elektiri\u011fi azatl\u0131\u011f\u0131n\u2019dan ak\u0131m \u015farj risklerini ortadan kald\u0131r\u0131r.Y\u00fcn hal\u0131 formaldehit,nitrojen dioksit gibi genel hava kirleticileri elyaf dokusun i\u00e7ine hapsederek i\u00e7 mekan havas\u0131n\u0131 temizler.Y\u00fcn hal\u0131lar i\u00e7 mekan havas\u0131n\u0131 30 y\u0131la kadar d\u00fczenli olarak temizleyebilir..Y\u00fcn\u00fcn do\u011fal sarmal k\u0131vr\u0131ml\u0131 yap\u0131s\u0131n\u0131n bir di\u011fer avantaj\u0131 ise oda \u0131s\u0131s\u0131n\u0131 d\u00fczenleme yarayan milyonlarca hava deliklerinin olu\u015fumunu sa\u011flamas\u0131d\u0131r.Y\u00fcksek nem i\u00e7eri\u011fi ve protein bile\u015fenleri y\u00fcn\u00fc yanmay\u0131 geciktiren ,alev almayan do\u011fal bir \u00f6zelli\u011fe sahip olmas\u0131n\u0131 sa\u011flar.Yanma s\u0131ras\u0131nda sentetik elyaflardaki zehirli gaz sal\u0131n\u0131ma g\u00f6re y\u00fcndeki zehirli gaz sal\u0131n\u0131m\u0131 \u00e7ok d\u00fc\u015f\u00fck oldu\u011fundan ,olas\u0131 zehirlenme olaylar\u0131n\u0131n da b\u00fcy\u00fck oranda \u00f6n\u00fcne ge\u00e7ilmi\u015f olunur.<\/p>\n\n\n\n<p>Y\u00fcn kendi a\u011f\u0131rl\u0131\u011f\u0131n\u0131n %30\u2019 una varan miktarlarda su buhar\u0131n\u0131 absorbe etme \u00f6zelli\u011fine sahipken herhangi bir \u0131slak hissi vermez. B\u00f6ylelikle ortamda nem oran\u0131na da d\u00fczenlemeye yarar. Y\u00fcn hem \u0131s\u0131 hem de ses a\u00e7\u0131s\u0131ndan do\u011fal bir izalat\u00f6r g\u00f6revi g\u00f6r\u00fcr. Hidroskopik oldu\u011fu i\u00e7in ya nemi absorbe eder ya da s\u0131cakl\u0131k olu\u015fturarak nemiz azalt\u0131r. Bu nedenli y\u00fcn k\u0131\u015f\u0131n s\u0131cak yaz\u0131n serin tutar. Y\u00fcn\u00fcn ince tabakalardan olu\u015fan yap\u0131s\u0131 kir zerreciklerini y\u00fczeyde toplayarak derine n\u00fcfuz etmesini \u00f6nler ve hem kolayca temizlenebilmesini hem de dayan\u0131kl\u0131l\u0131\u011f\u0131n\u0131n artmas\u0131n\u0131 sa\u011flar. B\u00f6ylece havada bulunan alerjenleri\u2019de solunan havadan uzakla\u015ft\u0131r\u0131r. Bu durum 2005 y\u0131l\u0131nda Alman Alerji ve ast\u0131m Enstit\u00fcs\u00fc (DAAB) taraf\u0131ndan yap\u0131lan ara\u015ft\u0131rmalarda da ispatlanm\u0131\u015ft\u0131r. Ayr\u0131ca \u0130ngiliz Temizleme Ara\u015ft\u0131rma Enstit\u00fcs\u00fc (CAMRASO), Y\u00fcn hal\u0131n\u0131n sentetik hal\u0131dan daha az kirlendi\u011fini ve daha kolay temizlendi\u011fini ara\u015ft\u0131rmalara teyit etmi\u015ftir.<\/p>\n\n\n\n<p>Y\u00fcn hal\u0131lar hacim esneklik sayesinde di\u011fer elyaflardan \u00fcretilen hal\u0131lara g\u00f6re binalardaki darbe ve alt katlara ses iletimini daha \u00e7ok keserek y\u00fczeysel ses yay\u0131lmas\u0131n\u0131 \u00f6nledi\u011fi gibi havada dola\u015fan sesi de emerek g\u00fcr\u00fclt\u00fcn\u00fcn kontrol\u00fcnde olduk\u00e7a etkili olur.Bu \u00f6zellik sayesinde ses kayna\u011f\u0131ndan emilerek yank\u0131lanman\u0131n da \u00f6n\u00fcne ge\u00e7ilmektedir.<\/p>\n\n\n\n<p>B\u00fct\u00fcn bu faydalar\u0131 sa\u011flayacak y\u00fcn hal\u0131y\u0131 se\u00e7erken hangi \u00f6zelikler olmas\u0131na dikkat etmelidir Kaliteli bir y\u00fcn hal\u0131 sentetik kar\u0131\u015f\u0131mlar\u0131 olmayan % 100 y\u00fcn iplikten imal edilmi\u015f olmal\u0131d\u0131r. Bu iplik canl\u0131 k\u0131rk\u0131m yapak y\u00fcn\u00fcnden imal edilmi\u015f ve iyi y\u0131kamadan ge\u00e7irilmi\u015f olmal\u0131d\u0131r.<\/p>\n\n\n\n<p>Hal\u0131n\u0131n ve hav\u0131n\u0131n a\u011f\u0131rl\u0131\u011f\u0131 metrekareye d\u00fc\u015fen y\u00fcn\u00fcn a\u011f\u0131rl\u0131\u011f\u0131 ile \u00f6l\u00e7\u00fcl\u00fcr. Y\u00fcn\u00fcn s\u0131kl\u0131\u011f\u0131 direkt olarak hal\u0131n\u0131n kal\u0131c\u0131l\u0131\u011f\u0131n\u0131 ve performans\u0131n\u0131n etkiler. Bu sebeplerden hal\u0131n\u0131n toplam metrekare a\u011f\u0131rl\u0131\u011f\u0131 en az 3.500 kg olmal\u0131, hal\u0131n\u0131n toplam y\u00fcksekli\u011fi 12 mm ile 17 mm aras\u0131nda olmal\u0131d\u0131r. Yeterli s\u0131kl\u0131k ve kaliteyi verebilmek i\u00e7in tarak adedi en az 300\/metre ve atk\u0131 adedi de en az 500\/metre olmal\u0131d\u0131r. Metrekarede en az 300.000 u\u00e7 say\u0131s\u0131 olmal\u0131d\u0131r. Boyal\u0131 olarak kullan\u0131lan ipliklerin \u0131\u015f\u0131k hasl\u0131klar\u0131 a\u00e7\u0131k renklerde en az 3-4 aras\u0131 orta renklerde en az 4-5 aras\u0131 koyu renklerde en az 5-6 aras\u0131 olmal\u0131d\u0131r,Hal\u0131n\u0131n s\u00fcrtme hasl\u0131\u011f\u0131 en az 3,y\u0131kama hasl\u0131\u011f\u0131 da en az 3 olmal\u0131d\u0131r.G\u00fcve yemezlik ,alev almazl\u0131k ve di\u011fer sertifikalar\u0131 olmal\u0131 ve Akredite olmu\u015f bir laboratuardan al\u0131nm\u0131\u015f olmal\u0131d\u0131r.<\/p>\n\n\n\n<p>Yukar\u0131da belirtti\u011fim Y\u00fcn hal\u0131 ile ilgili konular Demirci\u2019de Y\u00fcn Hal\u0131 \u0130malat\u0131 yapan b\u00fct\u00fcn firmalar\u0131n Demirci Ticaret Ve Sanayi Odas\u0131 \u00f6nderli\u011finde bir araya gelerek uzun g\u00f6r\u00fc\u015fmeler neticesinde mutabakatlar\u0131yla ortaya \u00e7\u0131km\u0131\u015ft\u0131r.<\/p>\n\n\n\n<p>G\u00fcn\u00fcm\u00fczde nas\u0131l g\u0131dalarda organik tar\u0131m organik meyve sebze aran\u0131yorsa sa\u011fl\u0131k y\u00f6n\u00fcnden kulland\u0131\u011f\u0131m\u0131z hal\u0131larda g\u00fcn\u00fcm\u00fcz \u015fartlar\u0131nda insan sa\u011fl\u0131\u011f\u0131 i\u00e7in o kadar \u00f6nem arz etmektedir.<\/p>\n\n\n\n<figure class=\"wp-block-image\"><img loading=\"lazy\" decoding=\"async\" width=\"600\" height=\"446\" src=\"http:\/\/avrupapress.com\/main\/wp-content\/uploads\/2019\/06\/thumbnail_1210278.jpg\" alt=\"\" class=\"wp-image-9275\" srcset=\"https:\/\/avrupapress.com\/main\/wp-content\/uploads\/2019\/06\/thumbnail_1210278.jpg 600w, https:\/\/avrupapress.com\/main\/wp-content\/uploads\/2019\/06\/thumbnail_1210278-300x223.jpg 300w\" sizes=\"auto, (max-width: 600px) 100vw, 600px\" \/><\/figure>\n\n\n\n<figure class=\"wp-block-image\"><img loading=\"lazy\" decoding=\"async\" width=\"583\" height=\"437\" src=\"http:\/\/avrupapress.com\/main\/wp-content\/uploads\/2019\/06\/thumbnail_demirci-halilari.jpg\" alt=\"\" class=\"wp-image-9276\" srcset=\"https:\/\/avrupapress.com\/main\/wp-content\/uploads\/2019\/06\/thumbnail_demirci-halilari.jpg 583w, https:\/\/avrupapress.com\/main\/wp-content\/uploads\/2019\/06\/thumbnail_demirci-halilari-300x225.jpg 300w\" sizes=\"auto, (max-width: 583px) 100vw, 583px\" \/><\/figure>\n\n\n\n<figure class=\"wp-block-image\"><img loading=\"lazy\" decoding=\"async\" width=\"672\" height=\"896\" src=\"http:\/\/avrupapress.com\/main\/wp-content\/uploads\/2019\/06\/thumbnail_64620094_851818651850191_3490962131291996160_n.jpg\" alt=\"\" class=\"wp-image-9277\" srcset=\"https:\/\/avrupapress.com\/main\/wp-content\/uploads\/2019\/06\/thumbnail_64620094_851818651850191_3490962131291996160_n.jpg 672w, https:\/\/avrupapress.com\/main\/wp-content\/uploads\/2019\/06\/thumbnail_64620094_851818651850191_3490962131291996160_n-225x300.jpg 225w\" sizes=\"auto, (max-width: 672px) 100vw, 672px\" \/><\/figure>\n\n\n\n<figure class=\"wp-block-image\"><img loading=\"lazy\" decoding=\"async\" width=\"800\" height=\"528\" src=\"http:\/\/avrupapress.com\/main\/wp-content\/uploads\/2019\/06\/thumbnail_03002044_demiYrciY_hali_deseniY_ciYziYmiY5.jpg\" alt=\"\" class=\"wp-image-9278\" srcset=\"https:\/\/avrupapress.com\/main\/wp-content\/uploads\/2019\/06\/thumbnail_03002044_demiYrciY_hali_deseniY_ciYziYmiY5.jpg 800w, https:\/\/avrupapress.com\/main\/wp-content\/uploads\/2019\/06\/thumbnail_03002044_demiYrciY_hali_deseniY_ciYziYmiY5-300x198.jpg 300w, https:\/\/avrupapress.com\/main\/wp-content\/uploads\/2019\/06\/thumbnail_03002044_demiYrciY_hali_deseniY_ciYziYmiY5-768x507.jpg 768w\" sizes=\"auto, (max-width: 800px) 100vw, 800px\" \/><\/figure>\n\n\n\n<p><\/p>\n\n\n\n<figure class=\"wp-block-image\"><img loading=\"lazy\" decoding=\"async\" width=\"1024\" height=\"768\" src=\"http:\/\/avrupapress.com\/main\/wp-content\/uploads\/2019\/06\/bd0831d8-3d16-4830-be5c-9ffa9eab9fa9-1024x768.jpg\" alt=\"\" class=\"wp-image-9279\" srcset=\"https:\/\/avrupapress.com\/main\/wp-content\/uploads\/2019\/06\/bd0831d8-3d16-4830-be5c-9ffa9eab9fa9.jpg 1024w, https:\/\/avrupapress.com\/main\/wp-content\/uploads\/2019\/06\/bd0831d8-3d16-4830-be5c-9ffa9eab9fa9-300x225.jpg 300w, https:\/\/avrupapress.com\/main\/wp-content\/uploads\/2019\/06\/bd0831d8-3d16-4830-be5c-9ffa9eab9fa9-768x576.jpg 768w\" sizes=\"auto, (max-width: 1024px) 100vw, 1024px\" \/><\/figure>\n\n\n\n<p><strong>DERLEYEN: EM\u0130N YAPAR \/ MET\u0130N DURMAZ \/ AVRUPAPRESS<\/strong><br><\/p>\n","protected":false},"excerpt":{"rendered":"<p>Y\u00dcN HALI \u00d6NEM\u0130 Demirci Manisa ilinin 41000 n\u00fcfuslu bir il\u00e7esidir. \u0130l\u00e7enin co\u011frafi konumu ve iklimi itibari ile Egede yayla Turizmi a\u00e7\u0131s\u0131ndan sakin huzurlu bir ya\u015fam \u015fehridir..Y\u00fcz\u00f6l\u00e7\u00fcm\u00fc b\u00fcy\u00fckl\u00fc\u011f\u00fc bak\u0131m\u0131ndan Manisa ili il\u00e7eleri i\u00e7ersinde \u00f6n s\u0131ralardad\u0131r.Topraklar\u0131n tar\u0131ma elveri\u015fsiz olmas\u0131ndan dolay\u0131 ekonomik olarak hal\u0131c\u0131l\u0131k sanat\u0131 devletimizin deste\u011fiyle zamanla geli\u015fmi\u015ftir.Demircinin di\u011fer bir ad\u0131 \u2018\u2019Hal\u0131kent\u2019\u2019ile \u00f6zde\u015fle\u015fmi\u015ftir.G\u00fcn\u00fcm\u00fczde hal\u0131 \u00fcretimi el ve [&hellip;]<\/p>\n","protected":false},"author":3,"featured_media":9275,"comment_status":"open","ping_status":"open","sticky":false,"template":"","format":"standard","meta":{"footnotes":""},"categories":[18,19,2],"tags":[],"class_list":["post-9274","post","type-post","status-publish","format-standard","has-post-thumbnail","hentry","category-kultur-sanat","category-tanitim","category-turkiye"],"yoast_head":"<!-- This site is optimized with the Yoast SEO plugin v26.9 - https:\/\/yoast.com\/product\/yoast-seo-wordpress\/ -->\n<title>Can Dede Demirci&#039;nin g\u00f6zdesi olan y\u00fcn ve hal\u0131n\u0131n \u00f6nemini anlatt\u0131 - AvrupaPress<\/title>\n<meta name=\"robots\" content=\"index, follow, max-snippet:-1, max-image-preview:large, max-video-preview:-1\" \/>\n<link rel=\"canonical\" href=\"https:\/\/avrupapress.com\/2019\/06\/19\/mutlu-kalin-demircinin-gozdesi-olan-yun-ve-halinin-onemini-anlatti\/\" \/>\n<meta property=\"og:locale\" content=\"fr_FR\" \/>\n<meta property=\"og:type\" content=\"article\" \/>\n<meta property=\"og:title\" content=\"Can Dede Demirci&#039;nin g\u00f6zdesi olan y\u00fcn ve hal\u0131n\u0131n \u00f6nemini anlatt\u0131 - AvrupaPress\" \/>\n<meta property=\"og:description\" content=\"Y\u00dcN HALI \u00d6NEM\u0130 Demirci Manisa ilinin 41000 n\u00fcfuslu bir il\u00e7esidir. \u0130l\u00e7enin co\u011frafi konumu ve iklimi itibari ile Egede yayla Turizmi a\u00e7\u0131s\u0131ndan sakin huzurlu bir ya\u015fam \u015fehridir..Y\u00fcz\u00f6l\u00e7\u00fcm\u00fc b\u00fcy\u00fckl\u00fc\u011f\u00fc bak\u0131m\u0131ndan Manisa ili il\u00e7eleri i\u00e7ersinde \u00f6n s\u0131ralardad\u0131r.Topraklar\u0131n tar\u0131ma elveri\u015fsiz olmas\u0131ndan dolay\u0131 ekonomik olarak hal\u0131c\u0131l\u0131k sanat\u0131 devletimizin deste\u011fiyle zamanla geli\u015fmi\u015ftir.Demircinin di\u011fer bir ad\u0131 \u2018\u2019Hal\u0131kent\u2019\u2019ile \u00f6zde\u015fle\u015fmi\u015ftir.G\u00fcn\u00fcm\u00fczde hal\u0131 \u00fcretimi el ve [&hellip;]\" \/>\n<meta property=\"og:url\" content=\"https:\/\/avrupapress.com\/2019\/06\/19\/mutlu-kalin-demircinin-gozdesi-olan-yun-ve-halinin-onemini-anlatti\/\" \/>\n<meta property=\"og:site_name\" content=\"AvrupaPress\" \/>\n<meta property=\"article:published_time\" content=\"2019-06-19T19:37:52+00:00\" \/>\n<meta property=\"article:modified_time\" content=\"2019-06-20T18:49:06+00:00\" \/>\n<meta property=\"og:image\" content=\"https:\/\/avrupapress.com\/wp-content\/uploads\/2019\/06\/thumbnail_1210278.jpg\" \/>\n\t<meta property=\"og:image:width\" content=\"600\" \/>\n\t<meta property=\"og:image:height\" content=\"446\" \/>\n\t<meta property=\"og:image:type\" content=\"image\/jpeg\" \/>\n<meta name=\"author\" content=\"Edit\u00f6r\" \/>\n<meta name=\"twitter:card\" content=\"summary_large_image\" \/>\n<meta name=\"twitter:label1\" content=\"\u00c9crit par\" \/>\n\t<meta name=\"twitter:data1\" content=\"Edit\u00f6r\" \/>\n\t<meta name=\"twitter:label2\" content=\"Dur\u00e9e de lecture est.\" \/>\n\t<meta name=\"twitter:data2\" content=\"5 minutes\" \/>\n<script type=\"application\/ld+json\" class=\"yoast-schema-graph\">{\"@context\":\"https:\/\/schema.org\",\"@graph\":[{\"@type\":\"Article\",\"@id\":\"https:\/\/avrupapress.com\/2019\/06\/19\/mutlu-kalin-demircinin-gozdesi-olan-yun-ve-halinin-onemini-anlatti\/#article\",\"isPartOf\":{\"@id\":\"https:\/\/avrupapress.com\/2019\/06\/19\/mutlu-kalin-demircinin-gozdesi-olan-yun-ve-halinin-onemini-anlatti\/\"},\"author\":{\"name\":\"Edit\u00f6r\",\"@id\":\"https:\/\/avrupapress.com\/#\/schema\/person\/68428444ec60970d1e1b700cf4ca1e8f\"},\"headline\":\"Can Dede Demirci&rsquo;nin g\u00f6zdesi olan y\u00fcn ve hal\u0131n\u0131n \u00f6nemini anlatt\u0131\",\"datePublished\":\"2019-06-19T19:37:52+00:00\",\"dateModified\":\"2019-06-20T18:49:06+00:00\",\"mainEntityOfPage\":{\"@id\":\"https:\/\/avrupapress.com\/2019\/06\/19\/mutlu-kalin-demircinin-gozdesi-olan-yun-ve-halinin-onemini-anlatti\/\"},\"wordCount\":1068,\"commentCount\":0,\"publisher\":{\"@id\":\"https:\/\/avrupapress.com\/#\/schema\/person\/0223dca19c72c43575bf30d1a2d8f4fa\"},\"image\":{\"@id\":\"https:\/\/avrupapress.com\/2019\/06\/19\/mutlu-kalin-demircinin-gozdesi-olan-yun-ve-halinin-onemini-anlatti\/#primaryimage\"},\"thumbnailUrl\":\"https:\/\/avrupapress.com\/main\/wp-content\/uploads\/2019\/06\/thumbnail_1210278.jpg\",\"articleSection\":[\"K\u00fclt\u00fcr-Sanat\",\"Tan\u0131t\u0131m\",\"T\u00fcrkiye\"],\"inLanguage\":\"fr-BE\",\"potentialAction\":[{\"@type\":\"CommentAction\",\"name\":\"Comment\",\"target\":[\"https:\/\/avrupapress.com\/2019\/06\/19\/mutlu-kalin-demircinin-gozdesi-olan-yun-ve-halinin-onemini-anlatti\/#respond\"]}]},{\"@type\":\"WebPage\",\"@id\":\"https:\/\/avrupapress.com\/2019\/06\/19\/mutlu-kalin-demircinin-gozdesi-olan-yun-ve-halinin-onemini-anlatti\/\",\"url\":\"https:\/\/avrupapress.com\/2019\/06\/19\/mutlu-kalin-demircinin-gozdesi-olan-yun-ve-halinin-onemini-anlatti\/\",\"name\":\"Can Dede Demirci'nin g\u00f6zdesi olan y\u00fcn ve hal\u0131n\u0131n \u00f6nemini anlatt\u0131 - AvrupaPress\",\"isPartOf\":{\"@id\":\"https:\/\/avrupapress.com\/#website\"},\"primaryImageOfPage\":{\"@id\":\"https:\/\/avrupapress.com\/2019\/06\/19\/mutlu-kalin-demircinin-gozdesi-olan-yun-ve-halinin-onemini-anlatti\/#primaryimage\"},\"image\":{\"@id\":\"https:\/\/avrupapress.com\/2019\/06\/19\/mutlu-kalin-demircinin-gozdesi-olan-yun-ve-halinin-onemini-anlatti\/#primaryimage\"},\"thumbnailUrl\":\"https:\/\/avrupapress.com\/main\/wp-content\/uploads\/2019\/06\/thumbnail_1210278.jpg\",\"datePublished\":\"2019-06-19T19:37:52+00:00\",\"dateModified\":\"2019-06-20T18:49:06+00:00\",\"breadcrumb\":{\"@id\":\"https:\/\/avrupapress.com\/2019\/06\/19\/mutlu-kalin-demircinin-gozdesi-olan-yun-ve-halinin-onemini-anlatti\/#breadcrumb\"},\"inLanguage\":\"fr-BE\",\"potentialAction\":[{\"@type\":\"ReadAction\",\"target\":[\"https:\/\/avrupapress.com\/2019\/06\/19\/mutlu-kalin-demircinin-gozdesi-olan-yun-ve-halinin-onemini-anlatti\/\"]}]},{\"@type\":\"ImageObject\",\"inLanguage\":\"fr-BE\",\"@id\":\"https:\/\/avrupapress.com\/2019\/06\/19\/mutlu-kalin-demircinin-gozdesi-olan-yun-ve-halinin-onemini-anlatti\/#primaryimage\",\"url\":\"https:\/\/avrupapress.com\/main\/wp-content\/uploads\/2019\/06\/thumbnail_1210278.jpg\",\"contentUrl\":\"https:\/\/avrupapress.com\/main\/wp-content\/uploads\/2019\/06\/thumbnail_1210278.jpg\",\"width\":600,\"height\":446},{\"@type\":\"BreadcrumbList\",\"@id\":\"https:\/\/avrupapress.com\/2019\/06\/19\/mutlu-kalin-demircinin-gozdesi-olan-yun-ve-halinin-onemini-anlatti\/#breadcrumb\",\"itemListElement\":[{\"@type\":\"ListItem\",\"position\":1,\"name\":\"Anasayfa\",\"item\":\"https:\/\/avrupapress.com\/\"},{\"@type\":\"ListItem\",\"position\":2,\"name\":\"Can Dede Demirci&#8217;nin g\u00f6zdesi olan y\u00fcn ve hal\u0131n\u0131n \u00f6nemini anlatt\u0131\"}]},{\"@type\":\"WebSite\",\"@id\":\"https:\/\/avrupapress.com\/#website\",\"url\":\"https:\/\/avrupapress.com\/\",\"name\":\"AvrupaPress\",\"description\":\"Haberin Adresi\",\"publisher\":{\"@id\":\"https:\/\/avrupapress.com\/#\/schema\/person\/0223dca19c72c43575bf30d1a2d8f4fa\"},\"potentialAction\":[{\"@type\":\"SearchAction\",\"target\":{\"@type\":\"EntryPoint\",\"urlTemplate\":\"https:\/\/avrupapress.com\/?s={search_term_string}\"},\"query-input\":{\"@type\":\"PropertyValueSpecification\",\"valueRequired\":true,\"valueName\":\"search_term_string\"}}],\"inLanguage\":\"fr-BE\"},{\"@type\":[\"Person\",\"Organization\"],\"@id\":\"https:\/\/avrupapress.com\/#\/schema\/person\/0223dca19c72c43575bf30d1a2d8f4fa\",\"name\":\"Bilgin \u00d6z\u00e7ift\u00e7i\",\"image\":{\"@type\":\"ImageObject\",\"inLanguage\":\"fr-BE\",\"@id\":\"https:\/\/avrupapress.com\/#\/schema\/person\/image\/\",\"url\":\"https:\/\/secure.gravatar.com\/avatar\/0f23b280433a21e1ea7a0adcc46ed0ad16afe3ad8e630fd13d8a017dcbd54ef3?s=96&d=mm&r=g\",\"contentUrl\":\"https:\/\/secure.gravatar.com\/avatar\/0f23b280433a21e1ea7a0adcc46ed0ad16afe3ad8e630fd13d8a017dcbd54ef3?s=96&d=mm&r=g\",\"caption\":\"Bilgin \u00d6z\u00e7ift\u00e7i\"},\"logo\":{\"@id\":\"https:\/\/avrupapress.com\/#\/schema\/person\/image\/\"},\"description\":\"Ne ben, nede sen... Biz ancak \\\"biz\\\" olursak g\u00fc\u00e7l\u00fc olabiliriz\"},{\"@type\":\"Person\",\"@id\":\"https:\/\/avrupapress.com\/#\/schema\/person\/68428444ec60970d1e1b700cf4ca1e8f\",\"name\":\"Edit\u00f6r\",\"image\":{\"@type\":\"ImageObject\",\"inLanguage\":\"fr-BE\",\"@id\":\"https:\/\/avrupapress.com\/#\/schema\/person\/image\/\",\"url\":\"https:\/\/secure.gravatar.com\/avatar\/74996b0977aa5f1559ba9883776652508b229005c0d78fb2597897f0bd651c09?s=96&d=mm&r=g\",\"contentUrl\":\"https:\/\/secure.gravatar.com\/avatar\/74996b0977aa5f1559ba9883776652508b229005c0d78fb2597897f0bd651c09?s=96&d=mm&r=g\",\"caption\":\"Edit\u00f6r\"},\"sameAs\":[\"http:\/\/www.avrupapress.com\"],\"url\":\"https:\/\/avrupapress.com\/main\/author\/editor\/\"}]}<\/script>\n<!-- \/ Yoast SEO plugin. -->","yoast_head_json":{"title":"Can Dede Demirci'nin g\u00f6zdesi olan y\u00fcn ve hal\u0131n\u0131n \u00f6nemini anlatt\u0131 - AvrupaPress","robots":{"index":"index","follow":"follow","max-snippet":"max-snippet:-1","max-image-preview":"max-image-preview:large","max-video-preview":"max-video-preview:-1"},"canonical":"https:\/\/avrupapress.com\/2019\/06\/19\/mutlu-kalin-demircinin-gozdesi-olan-yun-ve-halinin-onemini-anlatti\/","og_locale":"fr_FR","og_type":"article","og_title":"Can Dede Demirci'nin g\u00f6zdesi olan y\u00fcn ve hal\u0131n\u0131n \u00f6nemini anlatt\u0131 - AvrupaPress","og_description":"Y\u00dcN HALI \u00d6NEM\u0130 Demirci Manisa ilinin 41000 n\u00fcfuslu bir il\u00e7esidir. \u0130l\u00e7enin co\u011frafi konumu ve iklimi itibari ile Egede yayla Turizmi a\u00e7\u0131s\u0131ndan sakin huzurlu bir ya\u015fam \u015fehridir..Y\u00fcz\u00f6l\u00e7\u00fcm\u00fc b\u00fcy\u00fckl\u00fc\u011f\u00fc bak\u0131m\u0131ndan Manisa ili il\u00e7eleri i\u00e7ersinde \u00f6n s\u0131ralardad\u0131r.Topraklar\u0131n tar\u0131ma elveri\u015fsiz olmas\u0131ndan dolay\u0131 ekonomik olarak hal\u0131c\u0131l\u0131k sanat\u0131 devletimizin deste\u011fiyle zamanla geli\u015fmi\u015ftir.Demircinin di\u011fer bir ad\u0131 \u2018\u2019Hal\u0131kent\u2019\u2019ile \u00f6zde\u015fle\u015fmi\u015ftir.G\u00fcn\u00fcm\u00fczde hal\u0131 \u00fcretimi el ve [&hellip;]","og_url":"https:\/\/avrupapress.com\/2019\/06\/19\/mutlu-kalin-demircinin-gozdesi-olan-yun-ve-halinin-onemini-anlatti\/","og_site_name":"AvrupaPress","article_published_time":"2019-06-19T19:37:52+00:00","article_modified_time":"2019-06-20T18:49:06+00:00","og_image":[{"width":600,"height":446,"url":"https:\/\/avrupapress.com\/wp-content\/uploads\/2019\/06\/thumbnail_1210278.jpg","type":"image\/jpeg"}],"author":"Edit\u00f6r","twitter_card":"summary_large_image","twitter_misc":{"\u00c9crit par":"Edit\u00f6r","Dur\u00e9e de lecture est.":"5 minutes"},"schema":{"@context":"https:\/\/schema.org","@graph":[{"@type":"Article","@id":"https:\/\/avrupapress.com\/2019\/06\/19\/mutlu-kalin-demircinin-gozdesi-olan-yun-ve-halinin-onemini-anlatti\/#article","isPartOf":{"@id":"https:\/\/avrupapress.com\/2019\/06\/19\/mutlu-kalin-demircinin-gozdesi-olan-yun-ve-halinin-onemini-anlatti\/"},"author":{"name":"Edit\u00f6r","@id":"https:\/\/avrupapress.com\/#\/schema\/person\/68428444ec60970d1e1b700cf4ca1e8f"},"headline":"Can Dede Demirci&rsquo;nin g\u00f6zdesi olan y\u00fcn ve hal\u0131n\u0131n \u00f6nemini anlatt\u0131","datePublished":"2019-06-19T19:37:52+00:00","dateModified":"2019-06-20T18:49:06+00:00","mainEntityOfPage":{"@id":"https:\/\/avrupapress.com\/2019\/06\/19\/mutlu-kalin-demircinin-gozdesi-olan-yun-ve-halinin-onemini-anlatti\/"},"wordCount":1068,"commentCount":0,"publisher":{"@id":"https:\/\/avrupapress.com\/#\/schema\/person\/0223dca19c72c43575bf30d1a2d8f4fa"},"image":{"@id":"https:\/\/avrupapress.com\/2019\/06\/19\/mutlu-kalin-demircinin-gozdesi-olan-yun-ve-halinin-onemini-anlatti\/#primaryimage"},"thumbnailUrl":"https:\/\/avrupapress.com\/main\/wp-content\/uploads\/2019\/06\/thumbnail_1210278.jpg","articleSection":["K\u00fclt\u00fcr-Sanat","Tan\u0131t\u0131m","T\u00fcrkiye"],"inLanguage":"fr-BE","potentialAction":[{"@type":"CommentAction","name":"Comment","target":["https:\/\/avrupapress.com\/2019\/06\/19\/mutlu-kalin-demircinin-gozdesi-olan-yun-ve-halinin-onemini-anlatti\/#respond"]}]},{"@type":"WebPage","@id":"https:\/\/avrupapress.com\/2019\/06\/19\/mutlu-kalin-demircinin-gozdesi-olan-yun-ve-halinin-onemini-anlatti\/","url":"https:\/\/avrupapress.com\/2019\/06\/19\/mutlu-kalin-demircinin-gozdesi-olan-yun-ve-halinin-onemini-anlatti\/","name":"Can Dede Demirci'nin g\u00f6zdesi olan y\u00fcn ve hal\u0131n\u0131n \u00f6nemini anlatt\u0131 - AvrupaPress","isPartOf":{"@id":"https:\/\/avrupapress.com\/#website"},"primaryImageOfPage":{"@id":"https:\/\/avrupapress.com\/2019\/06\/19\/mutlu-kalin-demircinin-gozdesi-olan-yun-ve-halinin-onemini-anlatti\/#primaryimage"},"image":{"@id":"https:\/\/avrupapress.com\/2019\/06\/19\/mutlu-kalin-demircinin-gozdesi-olan-yun-ve-halinin-onemini-anlatti\/#primaryimage"},"thumbnailUrl":"https:\/\/avrupapress.com\/main\/wp-content\/uploads\/2019\/06\/thumbnail_1210278.jpg","datePublished":"2019-06-19T19:37:52+00:00","dateModified":"2019-06-20T18:49:06+00:00","breadcrumb":{"@id":"https:\/\/avrupapress.com\/2019\/06\/19\/mutlu-kalin-demircinin-gozdesi-olan-yun-ve-halinin-onemini-anlatti\/#breadcrumb"},"inLanguage":"fr-BE","potentialAction":[{"@type":"ReadAction","target":["https:\/\/avrupapress.com\/2019\/06\/19\/mutlu-kalin-demircinin-gozdesi-olan-yun-ve-halinin-onemini-anlatti\/"]}]},{"@type":"ImageObject","inLanguage":"fr-BE","@id":"https:\/\/avrupapress.com\/2019\/06\/19\/mutlu-kalin-demircinin-gozdesi-olan-yun-ve-halinin-onemini-anlatti\/#primaryimage","url":"https:\/\/avrupapress.com\/main\/wp-content\/uploads\/2019\/06\/thumbnail_1210278.jpg","contentUrl":"https:\/\/avrupapress.com\/main\/wp-content\/uploads\/2019\/06\/thumbnail_1210278.jpg","width":600,"height":446},{"@type":"BreadcrumbList","@id":"https:\/\/avrupapress.com\/2019\/06\/19\/mutlu-kalin-demircinin-gozdesi-olan-yun-ve-halinin-onemini-anlatti\/#breadcrumb","itemListElement":[{"@type":"ListItem","position":1,"name":"Anasayfa","item":"https:\/\/avrupapress.com\/"},{"@type":"ListItem","position":2,"name":"Can Dede Demirci&#8217;nin g\u00f6zdesi olan y\u00fcn ve hal\u0131n\u0131n \u00f6nemini anlatt\u0131"}]},{"@type":"WebSite","@id":"https:\/\/avrupapress.com\/#website","url":"https:\/\/avrupapress.com\/","name":"AvrupaPress","description":"Haberin Adresi","publisher":{"@id":"https:\/\/avrupapress.com\/#\/schema\/person\/0223dca19c72c43575bf30d1a2d8f4fa"},"potentialAction":[{"@type":"SearchAction","target":{"@type":"EntryPoint","urlTemplate":"https:\/\/avrupapress.com\/?s={search_term_string}"},"query-input":{"@type":"PropertyValueSpecification","valueRequired":true,"valueName":"search_term_string"}}],"inLanguage":"fr-BE"},{"@type":["Person","Organization"],"@id":"https:\/\/avrupapress.com\/#\/schema\/person\/0223dca19c72c43575bf30d1a2d8f4fa","name":"Bilgin \u00d6z\u00e7ift\u00e7i","image":{"@type":"ImageObject","inLanguage":"fr-BE","@id":"https:\/\/avrupapress.com\/#\/schema\/person\/image\/","url":"https:\/\/secure.gravatar.com\/avatar\/0f23b280433a21e1ea7a0adcc46ed0ad16afe3ad8e630fd13d8a017dcbd54ef3?s=96&d=mm&r=g","contentUrl":"https:\/\/secure.gravatar.com\/avatar\/0f23b280433a21e1ea7a0adcc46ed0ad16afe3ad8e630fd13d8a017dcbd54ef3?s=96&d=mm&r=g","caption":"Bilgin \u00d6z\u00e7ift\u00e7i"},"logo":{"@id":"https:\/\/avrupapress.com\/#\/schema\/person\/image\/"},"description":"Ne ben, nede sen... Biz ancak \"biz\" olursak g\u00fc\u00e7l\u00fc olabiliriz"},{"@type":"Person","@id":"https:\/\/avrupapress.com\/#\/schema\/person\/68428444ec60970d1e1b700cf4ca1e8f","name":"Edit\u00f6r","image":{"@type":"ImageObject","inLanguage":"fr-BE","@id":"https:\/\/avrupapress.com\/#\/schema\/person\/image\/","url":"https:\/\/secure.gravatar.com\/avatar\/74996b0977aa5f1559ba9883776652508b229005c0d78fb2597897f0bd651c09?s=96&d=mm&r=g","contentUrl":"https:\/\/secure.gravatar.com\/avatar\/74996b0977aa5f1559ba9883776652508b229005c0d78fb2597897f0bd651c09?s=96&d=mm&r=g","caption":"Edit\u00f6r"},"sameAs":["http:\/\/www.avrupapress.com"],"url":"https:\/\/avrupapress.com\/main\/author\/editor\/"}]}},"_links":{"self":[{"href":"https:\/\/avrupapress.com\/main\/wp-json\/wp\/v2\/posts\/9274","targetHints":{"allow":["GET"]}}],"collection":[{"href":"https:\/\/avrupapress.com\/main\/wp-json\/wp\/v2\/posts"}],"about":[{"href":"https:\/\/avrupapress.com\/main\/wp-json\/wp\/v2\/types\/post"}],"author":[{"embeddable":true,"href":"https:\/\/avrupapress.com\/main\/wp-json\/wp\/v2\/users\/3"}],"replies":[{"embeddable":true,"href":"https:\/\/avrupapress.com\/main\/wp-json\/wp\/v2\/comments?post=9274"}],"version-history":[{"count":2,"href":"https:\/\/avrupapress.com\/main\/wp-json\/wp\/v2\/posts\/9274\/revisions"}],"predecessor-version":[{"id":9294,"href":"https:\/\/avrupapress.com\/main\/wp-json\/wp\/v2\/posts\/9274\/revisions\/9294"}],"wp:featuredmedia":[{"embeddable":true,"href":"https:\/\/avrupapress.com\/main\/wp-json\/wp\/v2\/media\/9275"}],"wp:attachment":[{"href":"https:\/\/avrupapress.com\/main\/wp-json\/wp\/v2\/media?parent=9274"}],"wp:term":[{"taxonomy":"category","embeddable":true,"href":"https:\/\/avrupapress.com\/main\/wp-json\/wp\/v2\/categories?post=9274"},{"taxonomy":"post_tag","embeddable":true,"href":"https:\/\/avrupapress.com\/main\/wp-json\/wp\/v2\/tags?post=9274"}],"curies":[{"name":"wp","href":"https:\/\/api.w.org\/{rel}","templated":true}]}}