{"id":9271,"date":"2019-06-18T18:02:20","date_gmt":"2019-06-18T18:02:20","guid":{"rendered":"http:\/\/avrupapress.com\/main\/?p=9271"},"modified":"2019-06-18T18:02:22","modified_gmt":"2019-06-18T18:02:22","slug":"askerligi-6-aya-dusuren-madde-tbmmde-kabul-edildi","status":"publish","type":"post","link":"https:\/\/avrupapress.com\/main\/2019\/06\/18\/askerligi-6-aya-dusuren-madde-tbmmde-kabul-edildi\/","title":{"rendered":"Askerli\u011fi 6 aya d\u00fc\u015f\u00fcren madde TBMM&rsquo;de kabul edildi"},"content":{"rendered":"\n<h2 class=\"wp-block-heading\">Askerlik s\u00fcresini 6 aya d\u00fc\u015f\u00fcren madde TBMM Genel Kurulu&rsquo;nda kabul edildi. Cumhurba\u015fkan\u0131&rsquo;na askerlik s\u00fcresini de\u011fi\u015ftirme yetkisi veren 5. madde ortak \u00f6nergeyle de\u011fi\u015ftirildi.<\/h2>\n\n\n\n<p>Askerlik s\u00fcresini 6 aya d\u00fc\u015f\u00fcren madde&nbsp;<a href=\"https:\/\/www.haberler.com\/turkiye\/\">T\u00fcrkiye<\/a>&nbsp;B\u00fcy\u00fck Millet Meclisi Genel Kurulu&rsquo;nda kabul edildi. Bununla birlikte&nbsp;<a href=\"https:\/\/www.haberler.com\/cumhurbaskani\/\">Cumhurba\u015fkan\u0131<\/a>&lsquo;na askerlik s\u00fcresini de\u011fi\u015ftirme yetkisi veren 5. madde ortak \u00f6nergeyle de\u011fi\u015ftirildi.<\/p>\n\n\n\n<p><strong>TERH\u0130S OLMAYANLARA 2 B\u0130N L\u0130RA MAA\u015e \u00d6DENECEK<\/strong><\/p>\n\n\n\n<p>TBMM&rsquo;de yeni askerlik d\u00fczenlemesi g\u00f6r\u00fc\u015fmeleri devam ederken, \u00fc\u00e7 b\u00f6l\u00fcmden olu\u015fan teklife g\u00f6re;askerlik hizmeti yedek subay, yedek astsubay, erba\u015f ve er olarak yerine getirilecek.<\/p>\n\n\n\n<p>Terhis olmayanlara 2 bin lira maa\u015f \u00f6demesi yap\u0131lacak.<\/p>\n\n\n\n<p><strong>ERLER \u0130\u00c7\u0130N ASKERL\u0130K 6 AY<\/strong><\/p>\n\n\n\n<p>Hizmet s\u00fcresi, erba\u015f ve erler i\u00e7in 6 ay, yedek subay ve yedek astsubaylar i\u00e7in 12 ay olacak. Erba\u015f ve erlerden istekli olanlar, s\u0131ral\u0131 disiplin amirlerinin olumlu de\u011ferlendirmesiyle terhise hak kazand\u0131\u011f\u0131 tarihten itibaren Milli Savunma Bakanl\u0131\u011f\u0131nca uygun g\u00f6r\u00fclecek say\u0131da ve 6 ay s\u00fcreyle s\u0131n\u0131rl\u0131 olmak \u00fczere askerlik hizmetine devam edecek, bu s\u00fcrenin sonunda terhis edilecek.<\/p>\n\n\n\n<p>Askerlik \u00e7a\u011f\u0131, Cumhurba\u015fkan\u0131nca 5 y\u0131la kadar uzat\u0131labilecek veya k\u0131salt\u0131labilecek.<\/p>\n\n\n\n<figure class=\"wp-block-image\"><img decoding=\"async\" src=\"https:\/\/foto.haberler.com\/haber\/2019\/06\/18\/son-dakika-askerligi-6-aya-dusuren-madde-tbmm-de-12158384_6029_amp.jpg\" alt=\"\"\/><\/figure>\n\n\n\n<p><strong>Bilgin Ozcifci \/ Avrupapress<\/strong><\/p>\n","protected":false},"excerpt":{"rendered":"<p>Askerlik s\u00fcresini 6 aya d\u00fc\u015f\u00fcren madde TBMM Genel Kurulu&rsquo;nda kabul edildi. Cumhurba\u015fkan\u0131&rsquo;na askerlik s\u00fcresini de\u011fi\u015ftirme yetkisi veren 5. madde ortak \u00f6nergeyle de\u011fi\u015ftirildi. Askerlik s\u00fcresini 6 aya d\u00fc\u015f\u00fcren madde&nbsp;T\u00fcrkiye&nbsp;B\u00fcy\u00fck Millet Meclisi Genel Kurulu&rsquo;nda kabul edildi. Bununla birlikte&nbsp;Cumhurba\u015fkan\u0131&lsquo;na askerlik s\u00fcresini de\u011fi\u015ftirme yetkisi veren 5. madde ortak \u00f6nergeyle de\u011fi\u015ftirildi. TERH\u0130S OLMAYANLARA 2 B\u0130N L\u0130RA MAA\u015e \u00d6DENECEK TBMM&rsquo;de yeni [&hellip;]<\/p>\n","protected":false},"author":3,"featured_media":9272,"comment_status":"open","ping_status":"open","sticky":false,"template":"","format":"standard","meta":{"footnotes":""},"categories":[14,16,3,17,18,19,2,1],"tags":[],"class_list":["post-9271","post","type-post","status-publish","format-standard","has-post-thumbnail","hentry","category-avrupa","category-belcika","category-dunya","category-ekonomi","category-kultur-sanat","category-tanitim","category-turkiye","category-uncategorized"],"yoast_head":"<!-- This site is optimized with the Yoast SEO plugin v26.9 - https:\/\/yoast.com\/product\/yoast-seo-wordpress\/ -->\n<title>Askerli\u011fi 6 aya d\u00fc\u015f\u00fcren madde TBMM&#039;de kabul edildi - AvrupaPress<\/title>\n<meta name=\"robots\" content=\"index, follow, max-snippet:-1, max-image-preview:large, max-video-preview:-1\" \/>\n<link rel=\"canonical\" href=\"https:\/\/avrupapress.com\/2019\/06\/18\/askerligi-6-aya-dusuren-madde-tbmmde-kabul-edildi\/\" \/>\n<meta property=\"og:locale\" content=\"fr_FR\" \/>\n<meta property=\"og:type\" content=\"article\" \/>\n<meta property=\"og:title\" content=\"Askerli\u011fi 6 aya d\u00fc\u015f\u00fcren madde TBMM&#039;de kabul edildi - AvrupaPress\" \/>\n<meta property=\"og:description\" content=\"Askerlik s\u00fcresini 6 aya d\u00fc\u015f\u00fcren madde TBMM Genel Kurulu&rsquo;nda kabul edildi. Cumhurba\u015fkan\u0131&rsquo;na askerlik s\u00fcresini de\u011fi\u015ftirme yetkisi veren 5. madde ortak \u00f6nergeyle de\u011fi\u015ftirildi. Askerlik s\u00fcresini 6 aya d\u00fc\u015f\u00fcren madde&nbsp;T\u00fcrkiye&nbsp;B\u00fcy\u00fck Millet Meclisi Genel Kurulu&rsquo;nda kabul edildi. Bununla birlikte&nbsp;Cumhurba\u015fkan\u0131&lsquo;na askerlik s\u00fcresini de\u011fi\u015ftirme yetkisi veren 5. madde ortak \u00f6nergeyle de\u011fi\u015ftirildi. TERH\u0130S OLMAYANLARA 2 B\u0130N L\u0130RA MAA\u015e \u00d6DENECEK TBMM&rsquo;de yeni [&hellip;]\" \/>\n<meta property=\"og:url\" content=\"https:\/\/avrupapress.com\/2019\/06\/18\/askerligi-6-aya-dusuren-madde-tbmmde-kabul-edildi\/\" \/>\n<meta property=\"og:site_name\" content=\"AvrupaPress\" \/>\n<meta property=\"article:published_time\" content=\"2019-06-18T18:02:20+00:00\" \/>\n<meta property=\"article:modified_time\" content=\"2019-06-18T18:02:22+00:00\" \/>\n<meta property=\"og:image\" content=\"https:\/\/avrupapress.com\/wp-content\/uploads\/2019\/06\/askerligi-6-aya-dusuren-madde-meclis-te-kabul_12158384_582_z2.jpg\" \/>\n\t<meta property=\"og:image:width\" content=\"680\" \/>\n\t<meta property=\"og:image:height\" content=\"360\" \/>\n\t<meta property=\"og:image:type\" content=\"image\/jpeg\" \/>\n<meta name=\"author\" content=\"Edit\u00f6r\" \/>\n<meta name=\"twitter:card\" content=\"summary_large_image\" \/>\n<meta name=\"twitter:label1\" content=\"\u00c9crit par\" \/>\n\t<meta name=\"twitter:data1\" content=\"Edit\u00f6r\" \/>\n\t<meta name=\"twitter:label2\" content=\"Dur\u00e9e de lecture est.\" \/>\n\t<meta name=\"twitter:data2\" content=\"1 minute\" \/>\n<script type=\"application\/ld+json\" class=\"yoast-schema-graph\">{\"@context\":\"https:\/\/schema.org\",\"@graph\":[{\"@type\":\"Article\",\"@id\":\"https:\/\/avrupapress.com\/2019\/06\/18\/askerligi-6-aya-dusuren-madde-tbmmde-kabul-edildi\/#article\",\"isPartOf\":{\"@id\":\"https:\/\/avrupapress.com\/2019\/06\/18\/askerligi-6-aya-dusuren-madde-tbmmde-kabul-edildi\/\"},\"author\":{\"name\":\"Edit\u00f6r\",\"@id\":\"https:\/\/avrupapress.com\/#\/schema\/person\/68428444ec60970d1e1b700cf4ca1e8f\"},\"headline\":\"Askerli\u011fi 6 aya d\u00fc\u015f\u00fcren madde TBMM&rsquo;de kabul edildi\",\"datePublished\":\"2019-06-18T18:02:20+00:00\",\"dateModified\":\"2019-06-18T18:02:22+00:00\",\"mainEntityOfPage\":{\"@id\":\"https:\/\/avrupapress.com\/2019\/06\/18\/askerligi-6-aya-dusuren-madde-tbmmde-kabul-edildi\/\"},\"wordCount\":211,\"commentCount\":0,\"publisher\":{\"@id\":\"https:\/\/avrupapress.com\/#\/schema\/person\/0223dca19c72c43575bf30d1a2d8f4fa\"},\"image\":{\"@id\":\"https:\/\/avrupapress.com\/2019\/06\/18\/askerligi-6-aya-dusuren-madde-tbmmde-kabul-edildi\/#primaryimage\"},\"thumbnailUrl\":\"https:\/\/avrupapress.com\/main\/wp-content\/uploads\/2019\/06\/askerligi-6-aya-dusuren-madde-meclis-te-kabul_12158384_582_z2.jpg\",\"articleSection\":[\"Avrupa\",\"Bel\u00e7ika\",\"D\u00fcnya\",\"Ekonomi\",\"K\u00fclt\u00fcr-Sanat\",\"Tan\u0131t\u0131m\",\"T\u00fcrkiye\",\"Uncategorized\"],\"inLanguage\":\"fr-BE\",\"potentialAction\":[{\"@type\":\"CommentAction\",\"name\":\"Comment\",\"target\":[\"https:\/\/avrupapress.com\/2019\/06\/18\/askerligi-6-aya-dusuren-madde-tbmmde-kabul-edildi\/#respond\"]}]},{\"@type\":\"WebPage\",\"@id\":\"https:\/\/avrupapress.com\/2019\/06\/18\/askerligi-6-aya-dusuren-madde-tbmmde-kabul-edildi\/\",\"url\":\"https:\/\/avrupapress.com\/2019\/06\/18\/askerligi-6-aya-dusuren-madde-tbmmde-kabul-edildi\/\",\"name\":\"Askerli\u011fi 6 aya d\u00fc\u015f\u00fcren madde TBMM'de kabul edildi - AvrupaPress\",\"isPartOf\":{\"@id\":\"https:\/\/avrupapress.com\/#website\"},\"primaryImageOfPage\":{\"@id\":\"https:\/\/avrupapress.com\/2019\/06\/18\/askerligi-6-aya-dusuren-madde-tbmmde-kabul-edildi\/#primaryimage\"},\"image\":{\"@id\":\"https:\/\/avrupapress.com\/2019\/06\/18\/askerligi-6-aya-dusuren-madde-tbmmde-kabul-edildi\/#primaryimage\"},\"thumbnailUrl\":\"https:\/\/avrupapress.com\/main\/wp-content\/uploads\/2019\/06\/askerligi-6-aya-dusuren-madde-meclis-te-kabul_12158384_582_z2.jpg\",\"datePublished\":\"2019-06-18T18:02:20+00:00\",\"dateModified\":\"2019-06-18T18:02:22+00:00\",\"breadcrumb\":{\"@id\":\"https:\/\/avrupapress.com\/2019\/06\/18\/askerligi-6-aya-dusuren-madde-tbmmde-kabul-edildi\/#breadcrumb\"},\"inLanguage\":\"fr-BE\",\"potentialAction\":[{\"@type\":\"ReadAction\",\"target\":[\"https:\/\/avrupapress.com\/2019\/06\/18\/askerligi-6-aya-dusuren-madde-tbmmde-kabul-edildi\/\"]}]},{\"@type\":\"ImageObject\",\"inLanguage\":\"fr-BE\",\"@id\":\"https:\/\/avrupapress.com\/2019\/06\/18\/askerligi-6-aya-dusuren-madde-tbmmde-kabul-edildi\/#primaryimage\",\"url\":\"https:\/\/avrupapress.com\/main\/wp-content\/uploads\/2019\/06\/askerligi-6-aya-dusuren-madde-meclis-te-kabul_12158384_582_z2.jpg\",\"contentUrl\":\"https:\/\/avrupapress.com\/main\/wp-content\/uploads\/2019\/06\/askerligi-6-aya-dusuren-madde-meclis-te-kabul_12158384_582_z2.jpg\",\"width\":680,\"height\":360},{\"@type\":\"BreadcrumbList\",\"@id\":\"https:\/\/avrupapress.com\/2019\/06\/18\/askerligi-6-aya-dusuren-madde-tbmmde-kabul-edildi\/#breadcrumb\",\"itemListElement\":[{\"@type\":\"ListItem\",\"position\":1,\"name\":\"Anasayfa\",\"item\":\"https:\/\/avrupapress.com\/\"},{\"@type\":\"ListItem\",\"position\":2,\"name\":\"Askerli\u011fi 6 aya d\u00fc\u015f\u00fcren madde TBMM&#8217;de kabul edildi\"}]},{\"@type\":\"WebSite\",\"@id\":\"https:\/\/avrupapress.com\/#website\",\"url\":\"https:\/\/avrupapress.com\/\",\"name\":\"AvrupaPress\",\"description\":\"Haberin Adresi\",\"publisher\":{\"@id\":\"https:\/\/avrupapress.com\/#\/schema\/person\/0223dca19c72c43575bf30d1a2d8f4fa\"},\"potentialAction\":[{\"@type\":\"SearchAction\",\"target\":{\"@type\":\"EntryPoint\",\"urlTemplate\":\"https:\/\/avrupapress.com\/?s={search_term_string}\"},\"query-input\":{\"@type\":\"PropertyValueSpecification\",\"valueRequired\":true,\"valueName\":\"search_term_string\"}}],\"inLanguage\":\"fr-BE\"},{\"@type\":[\"Person\",\"Organization\"],\"@id\":\"https:\/\/avrupapress.com\/#\/schema\/person\/0223dca19c72c43575bf30d1a2d8f4fa\",\"name\":\"Bilgin \u00d6z\u00e7ift\u00e7i\",\"image\":{\"@type\":\"ImageObject\",\"inLanguage\":\"fr-BE\",\"@id\":\"https:\/\/avrupapress.com\/#\/schema\/person\/image\/\",\"url\":\"https:\/\/secure.gravatar.com\/avatar\/0f23b280433a21e1ea7a0adcc46ed0ad16afe3ad8e630fd13d8a017dcbd54ef3?s=96&d=mm&r=g\",\"contentUrl\":\"https:\/\/secure.gravatar.com\/avatar\/0f23b280433a21e1ea7a0adcc46ed0ad16afe3ad8e630fd13d8a017dcbd54ef3?s=96&d=mm&r=g\",\"caption\":\"Bilgin \u00d6z\u00e7ift\u00e7i\"},\"logo\":{\"@id\":\"https:\/\/avrupapress.com\/#\/schema\/person\/image\/\"},\"description\":\"Ne ben, nede sen... Biz ancak \\\"biz\\\" olursak g\u00fc\u00e7l\u00fc olabiliriz\"},{\"@type\":\"Person\",\"@id\":\"https:\/\/avrupapress.com\/#\/schema\/person\/68428444ec60970d1e1b700cf4ca1e8f\",\"name\":\"Edit\u00f6r\",\"image\":{\"@type\":\"ImageObject\",\"inLanguage\":\"fr-BE\",\"@id\":\"https:\/\/avrupapress.com\/#\/schema\/person\/image\/\",\"url\":\"https:\/\/secure.gravatar.com\/avatar\/74996b0977aa5f1559ba9883776652508b229005c0d78fb2597897f0bd651c09?s=96&d=mm&r=g\",\"contentUrl\":\"https:\/\/secure.gravatar.com\/avatar\/74996b0977aa5f1559ba9883776652508b229005c0d78fb2597897f0bd651c09?s=96&d=mm&r=g\",\"caption\":\"Edit\u00f6r\"},\"sameAs\":[\"http:\/\/www.avrupapress.com\"],\"url\":\"https:\/\/avrupapress.com\/main\/author\/editor\/\"}]}<\/script>\n<!-- \/ Yoast SEO plugin. -->","yoast_head_json":{"title":"Askerli\u011fi 6 aya d\u00fc\u015f\u00fcren madde TBMM'de kabul edildi - AvrupaPress","robots":{"index":"index","follow":"follow","max-snippet":"max-snippet:-1","max-image-preview":"max-image-preview:large","max-video-preview":"max-video-preview:-1"},"canonical":"https:\/\/avrupapress.com\/2019\/06\/18\/askerligi-6-aya-dusuren-madde-tbmmde-kabul-edildi\/","og_locale":"fr_FR","og_type":"article","og_title":"Askerli\u011fi 6 aya d\u00fc\u015f\u00fcren madde TBMM'de kabul edildi - AvrupaPress","og_description":"Askerlik s\u00fcresini 6 aya d\u00fc\u015f\u00fcren madde TBMM Genel Kurulu&rsquo;nda kabul edildi. Cumhurba\u015fkan\u0131&rsquo;na askerlik s\u00fcresini de\u011fi\u015ftirme yetkisi veren 5. madde ortak \u00f6nergeyle de\u011fi\u015ftirildi. Askerlik s\u00fcresini 6 aya d\u00fc\u015f\u00fcren madde&nbsp;T\u00fcrkiye&nbsp;B\u00fcy\u00fck Millet Meclisi Genel Kurulu&rsquo;nda kabul edildi. Bununla birlikte&nbsp;Cumhurba\u015fkan\u0131&lsquo;na askerlik s\u00fcresini de\u011fi\u015ftirme yetkisi veren 5. madde ortak \u00f6nergeyle de\u011fi\u015ftirildi. TERH\u0130S OLMAYANLARA 2 B\u0130N L\u0130RA MAA\u015e \u00d6DENECEK TBMM&rsquo;de yeni [&hellip;]","og_url":"https:\/\/avrupapress.com\/2019\/06\/18\/askerligi-6-aya-dusuren-madde-tbmmde-kabul-edildi\/","og_site_name":"AvrupaPress","article_published_time":"2019-06-18T18:02:20+00:00","article_modified_time":"2019-06-18T18:02:22+00:00","og_image":[{"width":680,"height":360,"url":"https:\/\/avrupapress.com\/wp-content\/uploads\/2019\/06\/askerligi-6-aya-dusuren-madde-meclis-te-kabul_12158384_582_z2.jpg","type":"image\/jpeg"}],"author":"Edit\u00f6r","twitter_card":"summary_large_image","twitter_misc":{"\u00c9crit par":"Edit\u00f6r","Dur\u00e9e de lecture est.":"1 minute"},"schema":{"@context":"https:\/\/schema.org","@graph":[{"@type":"Article","@id":"https:\/\/avrupapress.com\/2019\/06\/18\/askerligi-6-aya-dusuren-madde-tbmmde-kabul-edildi\/#article","isPartOf":{"@id":"https:\/\/avrupapress.com\/2019\/06\/18\/askerligi-6-aya-dusuren-madde-tbmmde-kabul-edildi\/"},"author":{"name":"Edit\u00f6r","@id":"https:\/\/avrupapress.com\/#\/schema\/person\/68428444ec60970d1e1b700cf4ca1e8f"},"headline":"Askerli\u011fi 6 aya d\u00fc\u015f\u00fcren madde TBMM&rsquo;de kabul edildi","datePublished":"2019-06-18T18:02:20+00:00","dateModified":"2019-06-18T18:02:22+00:00","mainEntityOfPage":{"@id":"https:\/\/avrupapress.com\/2019\/06\/18\/askerligi-6-aya-dusuren-madde-tbmmde-kabul-edildi\/"},"wordCount":211,"commentCount":0,"publisher":{"@id":"https:\/\/avrupapress.com\/#\/schema\/person\/0223dca19c72c43575bf30d1a2d8f4fa"},"image":{"@id":"https:\/\/avrupapress.com\/2019\/06\/18\/askerligi-6-aya-dusuren-madde-tbmmde-kabul-edildi\/#primaryimage"},"thumbnailUrl":"https:\/\/avrupapress.com\/main\/wp-content\/uploads\/2019\/06\/askerligi-6-aya-dusuren-madde-meclis-te-kabul_12158384_582_z2.jpg","articleSection":["Avrupa","Bel\u00e7ika","D\u00fcnya","Ekonomi","K\u00fclt\u00fcr-Sanat","Tan\u0131t\u0131m","T\u00fcrkiye","Uncategorized"],"inLanguage":"fr-BE","potentialAction":[{"@type":"CommentAction","name":"Comment","target":["https:\/\/avrupapress.com\/2019\/06\/18\/askerligi-6-aya-dusuren-madde-tbmmde-kabul-edildi\/#respond"]}]},{"@type":"WebPage","@id":"https:\/\/avrupapress.com\/2019\/06\/18\/askerligi-6-aya-dusuren-madde-tbmmde-kabul-edildi\/","url":"https:\/\/avrupapress.com\/2019\/06\/18\/askerligi-6-aya-dusuren-madde-tbmmde-kabul-edildi\/","name":"Askerli\u011fi 6 aya d\u00fc\u015f\u00fcren madde TBMM'de kabul edildi - AvrupaPress","isPartOf":{"@id":"https:\/\/avrupapress.com\/#website"},"primaryImageOfPage":{"@id":"https:\/\/avrupapress.com\/2019\/06\/18\/askerligi-6-aya-dusuren-madde-tbmmde-kabul-edildi\/#primaryimage"},"image":{"@id":"https:\/\/avrupapress.com\/2019\/06\/18\/askerligi-6-aya-dusuren-madde-tbmmde-kabul-edildi\/#primaryimage"},"thumbnailUrl":"https:\/\/avrupapress.com\/main\/wp-content\/uploads\/2019\/06\/askerligi-6-aya-dusuren-madde-meclis-te-kabul_12158384_582_z2.jpg","datePublished":"2019-06-18T18:02:20+00:00","dateModified":"2019-06-18T18:02:22+00:00","breadcrumb":{"@id":"https:\/\/avrupapress.com\/2019\/06\/18\/askerligi-6-aya-dusuren-madde-tbmmde-kabul-edildi\/#breadcrumb"},"inLanguage":"fr-BE","potentialAction":[{"@type":"ReadAction","target":["https:\/\/avrupapress.com\/2019\/06\/18\/askerligi-6-aya-dusuren-madde-tbmmde-kabul-edildi\/"]}]},{"@type":"ImageObject","inLanguage":"fr-BE","@id":"https:\/\/avrupapress.com\/2019\/06\/18\/askerligi-6-aya-dusuren-madde-tbmmde-kabul-edildi\/#primaryimage","url":"https:\/\/avrupapress.com\/main\/wp-content\/uploads\/2019\/06\/askerligi-6-aya-dusuren-madde-meclis-te-kabul_12158384_582_z2.jpg","contentUrl":"https:\/\/avrupapress.com\/main\/wp-content\/uploads\/2019\/06\/askerligi-6-aya-dusuren-madde-meclis-te-kabul_12158384_582_z2.jpg","width":680,"height":360},{"@type":"BreadcrumbList","@id":"https:\/\/avrupapress.com\/2019\/06\/18\/askerligi-6-aya-dusuren-madde-tbmmde-kabul-edildi\/#breadcrumb","itemListElement":[{"@type":"ListItem","position":1,"name":"Anasayfa","item":"https:\/\/avrupapress.com\/"},{"@type":"ListItem","position":2,"name":"Askerli\u011fi 6 aya d\u00fc\u015f\u00fcren madde TBMM&#8217;de kabul edildi"}]},{"@type":"WebSite","@id":"https:\/\/avrupapress.com\/#website","url":"https:\/\/avrupapress.com\/","name":"AvrupaPress","description":"Haberin Adresi","publisher":{"@id":"https:\/\/avrupapress.com\/#\/schema\/person\/0223dca19c72c43575bf30d1a2d8f4fa"},"potentialAction":[{"@type":"SearchAction","target":{"@type":"EntryPoint","urlTemplate":"https:\/\/avrupapress.com\/?s={search_term_string}"},"query-input":{"@type":"PropertyValueSpecification","valueRequired":true,"valueName":"search_term_string"}}],"inLanguage":"fr-BE"},{"@type":["Person","Organization"],"@id":"https:\/\/avrupapress.com\/#\/schema\/person\/0223dca19c72c43575bf30d1a2d8f4fa","name":"Bilgin \u00d6z\u00e7ift\u00e7i","image":{"@type":"ImageObject","inLanguage":"fr-BE","@id":"https:\/\/avrupapress.com\/#\/schema\/person\/image\/","url":"https:\/\/secure.gravatar.com\/avatar\/0f23b280433a21e1ea7a0adcc46ed0ad16afe3ad8e630fd13d8a017dcbd54ef3?s=96&d=mm&r=g","contentUrl":"https:\/\/secure.gravatar.com\/avatar\/0f23b280433a21e1ea7a0adcc46ed0ad16afe3ad8e630fd13d8a017dcbd54ef3?s=96&d=mm&r=g","caption":"Bilgin \u00d6z\u00e7ift\u00e7i"},"logo":{"@id":"https:\/\/avrupapress.com\/#\/schema\/person\/image\/"},"description":"Ne ben, nede sen... Biz ancak \"biz\" olursak g\u00fc\u00e7l\u00fc olabiliriz"},{"@type":"Person","@id":"https:\/\/avrupapress.com\/#\/schema\/person\/68428444ec60970d1e1b700cf4ca1e8f","name":"Edit\u00f6r","image":{"@type":"ImageObject","inLanguage":"fr-BE","@id":"https:\/\/avrupapress.com\/#\/schema\/person\/image\/","url":"https:\/\/secure.gravatar.com\/avatar\/74996b0977aa5f1559ba9883776652508b229005c0d78fb2597897f0bd651c09?s=96&d=mm&r=g","contentUrl":"https:\/\/secure.gravatar.com\/avatar\/74996b0977aa5f1559ba9883776652508b229005c0d78fb2597897f0bd651c09?s=96&d=mm&r=g","caption":"Edit\u00f6r"},"sameAs":["http:\/\/www.avrupapress.com"],"url":"https:\/\/avrupapress.com\/main\/author\/editor\/"}]}},"_links":{"self":[{"href":"https:\/\/avrupapress.com\/main\/wp-json\/wp\/v2\/posts\/9271","targetHints":{"allow":["GET"]}}],"collection":[{"href":"https:\/\/avrupapress.com\/main\/wp-json\/wp\/v2\/posts"}],"about":[{"href":"https:\/\/avrupapress.com\/main\/wp-json\/wp\/v2\/types\/post"}],"author":[{"embeddable":true,"href":"https:\/\/avrupapress.com\/main\/wp-json\/wp\/v2\/users\/3"}],"replies":[{"embeddable":true,"href":"https:\/\/avrupapress.com\/main\/wp-json\/wp\/v2\/comments?post=9271"}],"version-history":[{"count":1,"href":"https:\/\/avrupapress.com\/main\/wp-json\/wp\/v2\/posts\/9271\/revisions"}],"predecessor-version":[{"id":9273,"href":"https:\/\/avrupapress.com\/main\/wp-json\/wp\/v2\/posts\/9271\/revisions\/9273"}],"wp:featuredmedia":[{"embeddable":true,"href":"https:\/\/avrupapress.com\/main\/wp-json\/wp\/v2\/media\/9272"}],"wp:attachment":[{"href":"https:\/\/avrupapress.com\/main\/wp-json\/wp\/v2\/media?parent=9271"}],"wp:term":[{"taxonomy":"category","embeddable":true,"href":"https:\/\/avrupapress.com\/main\/wp-json\/wp\/v2\/categories?post=9271"},{"taxonomy":"post_tag","embeddable":true,"href":"https:\/\/avrupapress.com\/main\/wp-json\/wp\/v2\/tags?post=9271"}],"curies":[{"name":"wp","href":"https:\/\/api.w.org\/{rel}","templated":true}]}}