{"id":9266,"date":"2019-06-18T17:42:37","date_gmt":"2019-06-18T17:42:37","guid":{"rendered":"http:\/\/avrupapress.com\/main\/?p=9266"},"modified":"2019-06-18T17:46:00","modified_gmt":"2019-06-18T17:46:00","slug":"gent-kultur-merkezi-de-centrale-2018-2019-sezonunu-23-haziran-pazar-gunu-gerceklestirilecek-ucretsiz-iki-konser-ve-piknikle-kapatiyor","status":"publish","type":"post","link":"https:\/\/avrupapress.com\/main\/2019\/06\/18\/gent-kultur-merkezi-de-centrale-2018-2019-sezonunu-23-haziran-pazar-gunu-gerceklestirilecek-ucretsiz-iki-konser-ve-piknikle-kapatiyor\/","title":{"rendered":"Gent K\u00fclt\u00fcr Merkezi De Centrale 2018-2019 sezonunu 23 Haziran Pazar g\u00fcn\u00fc ger\u00e7ekle\u015ftirilecek \u00fccretsiz iki konser ve piknikle kapat\u0131yor."},"content":{"rendered":"\n<p> <strong>23 Haziran g\u00fcn\u00fc ilk olarak saat 14.00\u2019de Gentli sanat\u00e7\u0131lar B\u00fclent G\u00f6k ve Melike Tarhan\u2019\u0131n sahne alaca\u011f\u0131 De Centrale ve \u0130n-Gent dernekleri taraf\u0131ndan d\u00fczenlenen konser ve piknik ger\u00e7ekle\u015ftirilecek.<\/strong> <\/p>\n\n\n\n<p>Gent K\u00fclt\u00fcr Merkezi De Centrale 2018-2019 sezonunu 23 Haziran Pazar g\u00fcn\u00fc ger\u00e7ekle\u015ftirilecek \u00fccretsiz iki konser ve piknikle kapat\u0131yor.<\/p>\n\n\n\n<p>23 Haziran g\u00fcn\u00fc ilk olarak saat 14.00\u2019de Gentli sanat\u00e7\u0131lar B\u00fclent G\u00f6k ve Melike Tarhan\u2019\u0131n sahne alaca\u011f\u0131 De Centrale ve \u0130n-Gent dernekleri taraf\u0131ndan d\u00fczenlenen konser ve piknik ger\u00e7ekle\u015ftirilecek.<\/p>\n\n\n\n<p>Bu konserden sonra saat 16.00\u2019da gene ayn\u0131 adreste ancak kapal\u0131 bir salonda Azerbaycanl\u0131 \u00fcnl\u00fc sanat\u00e7\u0131 Mansum \u0130brahimov ve Karaba\u011f Makam Grubu sahne alacak. Gene \u00fccretsiz olarak ger\u00e7ekle\u015ftirilecek bu konser i\u00e7in attila.bakiroglu@stad.gent adresinden rezervasyon yapt\u0131r\u0131lmas\u0131 gerekiyor.<\/p>\n\n\n\n<p>23 Haziran Pazar saat 14.00 Piknik ve B\u00fclent G\u00f6k &amp; Melike Tarhan Konseri \/ \u00fccretsiz<\/p>\n\n\n\n<p>Yer : Coyendanspark 1 9000 Gent<\/p>\n\n\n\n<p>23 Haziran Pazar saat 16.00 Mansum \u0130brahimov ve Karaba\u011f Makam Ensemble \/ \u00fccretsiz, rezervasyon zorunlu<\/p>\n\n\n\n<p>Yer : Sint-Baafsabdij Voorhoutkaai 35 9000 Gent<\/p>\n\n\n\n<p>www.decentrale.be<\/p>\n\n\n\n<p><\/p>\n\n\n\n<figure class=\"wp-block-image\"><img loading=\"lazy\" decoding=\"async\" width=\"600\" height=\"849\" src=\"http:\/\/avrupapress.com\/main\/wp-content\/uploads\/2019\/06\/thumbnail_DC_Piknik_aff-1.jpg\" alt=\"\" class=\"wp-image-9267\" srcset=\"https:\/\/avrupapress.com\/main\/wp-content\/uploads\/2019\/06\/thumbnail_DC_Piknik_aff-1.jpg 600w, https:\/\/avrupapress.com\/main\/wp-content\/uploads\/2019\/06\/thumbnail_DC_Piknik_aff-1-212x300.jpg 212w\" sizes=\"auto, (max-width: 600px) 100vw, 600px\" \/><\/figure>\n\n\n\n<figure class=\"wp-block-image\"><img loading=\"lazy\" decoding=\"async\" width=\"600\" height=\"849\" src=\"http:\/\/avrupapress.com\/main\/wp-content\/uploads\/2019\/06\/thumbnail_DC_Piknik_aff-2.jpg\" alt=\"\" class=\"wp-image-9268\" srcset=\"https:\/\/avrupapress.com\/main\/wp-content\/uploads\/2019\/06\/thumbnail_DC_Piknik_aff-2.jpg 600w, https:\/\/avrupapress.com\/main\/wp-content\/uploads\/2019\/06\/thumbnail_DC_Piknik_aff-2-212x300.jpg 212w\" sizes=\"auto, (max-width: 600px) 100vw, 600px\" \/><\/figure>\n\n\n\n<p><strong>Bilgin Ozcifci \/ Avrupapress<\/strong><\/p>\n","protected":false},"excerpt":{"rendered":"<p>23 Haziran g\u00fcn\u00fc ilk olarak saat 14.00\u2019de Gentli sanat\u00e7\u0131lar B\u00fclent G\u00f6k ve Melike Tarhan\u2019\u0131n sahne alaca\u011f\u0131 De Centrale ve \u0130n-Gent dernekleri taraf\u0131ndan d\u00fczenlenen konser ve piknik ger\u00e7ekle\u015ftirilecek. Gent K\u00fclt\u00fcr Merkezi De Centrale 2018-2019 sezonunu 23 Haziran Pazar g\u00fcn\u00fc ger\u00e7ekle\u015ftirilecek \u00fccretsiz iki konser ve piknikle kapat\u0131yor. 23 Haziran g\u00fcn\u00fc ilk olarak saat 14.00\u2019de Gentli sanat\u00e7\u0131lar B\u00fclent [&hellip;]<\/p>\n","protected":false},"author":3,"featured_media":9270,"comment_status":"open","ping_status":"open","sticky":false,"template":"","format":"standard","meta":{"footnotes":""},"categories":[14,16,3,17,18,19,2,1],"tags":[4834],"class_list":["post-9266","post","type-post","status-publish","format-standard","has-post-thumbnail","hentry","category-avrupa","category-belcika","category-dunya","category-ekonomi","category-kultur-sanat","category-tanitim","category-turkiye","category-uncategorized","tag-gent-kultur-merkezi-de-centrale-2018-2019-sezonunu-23-haziran-pazar-gunu"],"yoast_head":"<!-- This site is optimized with the Yoast SEO plugin v26.9 - https:\/\/yoast.com\/product\/yoast-seo-wordpress\/ -->\n<title>Gent K\u00fclt\u00fcr Merkezi De Centrale 2018-2019 sezonunu 23 Haziran Pazar g\u00fcn\u00fc ger\u00e7ekle\u015ftirilecek \u00fccretsiz iki konser ve piknikle kapat\u0131yor. - AvrupaPress<\/title>\n<meta name=\"robots\" content=\"index, follow, max-snippet:-1, max-image-preview:large, max-video-preview:-1\" \/>\n<link rel=\"canonical\" href=\"https:\/\/avrupapress.com\/2019\/06\/18\/gent-kultur-merkezi-de-centrale-2018-2019-sezonunu-23-haziran-pazar-gunu-gerceklestirilecek-ucretsiz-iki-konser-ve-piknikle-kapatiyor\/\" \/>\n<meta property=\"og:locale\" content=\"fr_FR\" \/>\n<meta property=\"og:type\" content=\"article\" \/>\n<meta property=\"og:title\" content=\"Gent K\u00fclt\u00fcr Merkezi De Centrale 2018-2019 sezonunu 23 Haziran Pazar g\u00fcn\u00fc ger\u00e7ekle\u015ftirilecek \u00fccretsiz iki konser ve piknikle kapat\u0131yor. - AvrupaPress\" \/>\n<meta property=\"og:description\" content=\"23 Haziran g\u00fcn\u00fc ilk olarak saat 14.00\u2019de Gentli sanat\u00e7\u0131lar B\u00fclent G\u00f6k ve Melike Tarhan\u2019\u0131n sahne alaca\u011f\u0131 De Centrale ve \u0130n-Gent dernekleri taraf\u0131ndan d\u00fczenlenen konser ve piknik ger\u00e7ekle\u015ftirilecek. Gent K\u00fclt\u00fcr Merkezi De Centrale 2018-2019 sezonunu 23 Haziran Pazar g\u00fcn\u00fc ger\u00e7ekle\u015ftirilecek \u00fccretsiz iki konser ve piknikle kapat\u0131yor. 23 Haziran g\u00fcn\u00fc ilk olarak saat 14.00\u2019de Gentli sanat\u00e7\u0131lar B\u00fclent [&hellip;]\" \/>\n<meta property=\"og:url\" content=\"https:\/\/avrupapress.com\/2019\/06\/18\/gent-kultur-merkezi-de-centrale-2018-2019-sezonunu-23-haziran-pazar-gunu-gerceklestirilecek-ucretsiz-iki-konser-ve-piknikle-kapatiyor\/\" \/>\n<meta property=\"og:site_name\" content=\"AvrupaPress\" \/>\n<meta property=\"article:published_time\" content=\"2019-06-18T17:42:37+00:00\" \/>\n<meta property=\"article:modified_time\" content=\"2019-06-18T17:46:00+00:00\" \/>\n<meta property=\"og:image\" content=\"https:\/\/avrupapress.com\/wp-content\/uploads\/2019\/06\/62408212_2434370839941697_8951320424549974016_n.jpg\" \/>\n\t<meta property=\"og:image:width\" content=\"851\" \/>\n\t<meta property=\"og:image:height\" content=\"315\" \/>\n\t<meta property=\"og:image:type\" content=\"image\/jpeg\" \/>\n<meta name=\"author\" content=\"Edit\u00f6r\" \/>\n<meta name=\"twitter:card\" content=\"summary_large_image\" \/>\n<meta name=\"twitter:label1\" content=\"\u00c9crit par\" \/>\n\t<meta name=\"twitter:data1\" content=\"Edit\u00f6r\" \/>\n\t<meta name=\"twitter:label2\" content=\"Dur\u00e9e de lecture est.\" \/>\n\t<meta name=\"twitter:data2\" content=\"1 minute\" \/>\n<script type=\"application\/ld+json\" class=\"yoast-schema-graph\">{\"@context\":\"https:\/\/schema.org\",\"@graph\":[{\"@type\":\"Article\",\"@id\":\"https:\/\/avrupapress.com\/2019\/06\/18\/gent-kultur-merkezi-de-centrale-2018-2019-sezonunu-23-haziran-pazar-gunu-gerceklestirilecek-ucretsiz-iki-konser-ve-piknikle-kapatiyor\/#article\",\"isPartOf\":{\"@id\":\"https:\/\/avrupapress.com\/2019\/06\/18\/gent-kultur-merkezi-de-centrale-2018-2019-sezonunu-23-haziran-pazar-gunu-gerceklestirilecek-ucretsiz-iki-konser-ve-piknikle-kapatiyor\/\"},\"author\":{\"name\":\"Edit\u00f6r\",\"@id\":\"https:\/\/avrupapress.com\/#\/schema\/person\/68428444ec60970d1e1b700cf4ca1e8f\"},\"headline\":\"Gent K\u00fclt\u00fcr Merkezi De Centrale 2018-2019 sezonunu 23 Haziran Pazar g\u00fcn\u00fc ger\u00e7ekle\u015ftirilecek \u00fccretsiz iki konser ve piknikle kapat\u0131yor.\",\"datePublished\":\"2019-06-18T17:42:37+00:00\",\"dateModified\":\"2019-06-18T17:46:00+00:00\",\"mainEntityOfPage\":{\"@id\":\"https:\/\/avrupapress.com\/2019\/06\/18\/gent-kultur-merkezi-de-centrale-2018-2019-sezonunu-23-haziran-pazar-gunu-gerceklestirilecek-ucretsiz-iki-konser-ve-piknikle-kapatiyor\/\"},\"wordCount\":198,\"commentCount\":0,\"publisher\":{\"@id\":\"https:\/\/avrupapress.com\/#\/schema\/person\/0223dca19c72c43575bf30d1a2d8f4fa\"},\"image\":{\"@id\":\"https:\/\/avrupapress.com\/2019\/06\/18\/gent-kultur-merkezi-de-centrale-2018-2019-sezonunu-23-haziran-pazar-gunu-gerceklestirilecek-ucretsiz-iki-konser-ve-piknikle-kapatiyor\/#primaryimage\"},\"thumbnailUrl\":\"https:\/\/avrupapress.com\/main\/wp-content\/uploads\/2019\/06\/62408212_2434370839941697_8951320424549974016_n.jpg\",\"keywords\":[\"Gent K\u00fclt\u00fcr Merkezi De Centrale 2018-2019 sezonunu 23 Haziran Pazar g\u00fcn\u00fc\"],\"articleSection\":[\"Avrupa\",\"Bel\u00e7ika\",\"D\u00fcnya\",\"Ekonomi\",\"K\u00fclt\u00fcr-Sanat\",\"Tan\u0131t\u0131m\",\"T\u00fcrkiye\",\"Uncategorized\"],\"inLanguage\":\"fr-BE\",\"potentialAction\":[{\"@type\":\"CommentAction\",\"name\":\"Comment\",\"target\":[\"https:\/\/avrupapress.com\/2019\/06\/18\/gent-kultur-merkezi-de-centrale-2018-2019-sezonunu-23-haziran-pazar-gunu-gerceklestirilecek-ucretsiz-iki-konser-ve-piknikle-kapatiyor\/#respond\"]}]},{\"@type\":\"WebPage\",\"@id\":\"https:\/\/avrupapress.com\/2019\/06\/18\/gent-kultur-merkezi-de-centrale-2018-2019-sezonunu-23-haziran-pazar-gunu-gerceklestirilecek-ucretsiz-iki-konser-ve-piknikle-kapatiyor\/\",\"url\":\"https:\/\/avrupapress.com\/2019\/06\/18\/gent-kultur-merkezi-de-centrale-2018-2019-sezonunu-23-haziran-pazar-gunu-gerceklestirilecek-ucretsiz-iki-konser-ve-piknikle-kapatiyor\/\",\"name\":\"Gent K\u00fclt\u00fcr Merkezi De Centrale 2018-2019 sezonunu 23 Haziran Pazar g\u00fcn\u00fc ger\u00e7ekle\u015ftirilecek \u00fccretsiz iki konser ve piknikle kapat\u0131yor. - AvrupaPress\",\"isPartOf\":{\"@id\":\"https:\/\/avrupapress.com\/#website\"},\"primaryImageOfPage\":{\"@id\":\"https:\/\/avrupapress.com\/2019\/06\/18\/gent-kultur-merkezi-de-centrale-2018-2019-sezonunu-23-haziran-pazar-gunu-gerceklestirilecek-ucretsiz-iki-konser-ve-piknikle-kapatiyor\/#primaryimage\"},\"image\":{\"@id\":\"https:\/\/avrupapress.com\/2019\/06\/18\/gent-kultur-merkezi-de-centrale-2018-2019-sezonunu-23-haziran-pazar-gunu-gerceklestirilecek-ucretsiz-iki-konser-ve-piknikle-kapatiyor\/#primaryimage\"},\"thumbnailUrl\":\"https:\/\/avrupapress.com\/main\/wp-content\/uploads\/2019\/06\/62408212_2434370839941697_8951320424549974016_n.jpg\",\"datePublished\":\"2019-06-18T17:42:37+00:00\",\"dateModified\":\"2019-06-18T17:46:00+00:00\",\"breadcrumb\":{\"@id\":\"https:\/\/avrupapress.com\/2019\/06\/18\/gent-kultur-merkezi-de-centrale-2018-2019-sezonunu-23-haziran-pazar-gunu-gerceklestirilecek-ucretsiz-iki-konser-ve-piknikle-kapatiyor\/#breadcrumb\"},\"inLanguage\":\"fr-BE\",\"potentialAction\":[{\"@type\":\"ReadAction\",\"target\":[\"https:\/\/avrupapress.com\/2019\/06\/18\/gent-kultur-merkezi-de-centrale-2018-2019-sezonunu-23-haziran-pazar-gunu-gerceklestirilecek-ucretsiz-iki-konser-ve-piknikle-kapatiyor\/\"]}]},{\"@type\":\"ImageObject\",\"inLanguage\":\"fr-BE\",\"@id\":\"https:\/\/avrupapress.com\/2019\/06\/18\/gent-kultur-merkezi-de-centrale-2018-2019-sezonunu-23-haziran-pazar-gunu-gerceklestirilecek-ucretsiz-iki-konser-ve-piknikle-kapatiyor\/#primaryimage\",\"url\":\"https:\/\/avrupapress.com\/main\/wp-content\/uploads\/2019\/06\/62408212_2434370839941697_8951320424549974016_n.jpg\",\"contentUrl\":\"https:\/\/avrupapress.com\/main\/wp-content\/uploads\/2019\/06\/62408212_2434370839941697_8951320424549974016_n.jpg\",\"width\":851,\"height\":315},{\"@type\":\"BreadcrumbList\",\"@id\":\"https:\/\/avrupapress.com\/2019\/06\/18\/gent-kultur-merkezi-de-centrale-2018-2019-sezonunu-23-haziran-pazar-gunu-gerceklestirilecek-ucretsiz-iki-konser-ve-piknikle-kapatiyor\/#breadcrumb\",\"itemListElement\":[{\"@type\":\"ListItem\",\"position\":1,\"name\":\"Anasayfa\",\"item\":\"https:\/\/avrupapress.com\/\"},{\"@type\":\"ListItem\",\"position\":2,\"name\":\"Gent K\u00fclt\u00fcr Merkezi De Centrale 2018-2019 sezonunu 23 Haziran Pazar g\u00fcn\u00fc ger\u00e7ekle\u015ftirilecek \u00fccretsiz iki konser ve piknikle kapat\u0131yor.\"}]},{\"@type\":\"WebSite\",\"@id\":\"https:\/\/avrupapress.com\/#website\",\"url\":\"https:\/\/avrupapress.com\/\",\"name\":\"AvrupaPress\",\"description\":\"Haberin Adresi\",\"publisher\":{\"@id\":\"https:\/\/avrupapress.com\/#\/schema\/person\/0223dca19c72c43575bf30d1a2d8f4fa\"},\"potentialAction\":[{\"@type\":\"SearchAction\",\"target\":{\"@type\":\"EntryPoint\",\"urlTemplate\":\"https:\/\/avrupapress.com\/?s={search_term_string}\"},\"query-input\":{\"@type\":\"PropertyValueSpecification\",\"valueRequired\":true,\"valueName\":\"search_term_string\"}}],\"inLanguage\":\"fr-BE\"},{\"@type\":[\"Person\",\"Organization\"],\"@id\":\"https:\/\/avrupapress.com\/#\/schema\/person\/0223dca19c72c43575bf30d1a2d8f4fa\",\"name\":\"Bilgin \u00d6z\u00e7ift\u00e7i\",\"image\":{\"@type\":\"ImageObject\",\"inLanguage\":\"fr-BE\",\"@id\":\"https:\/\/avrupapress.com\/#\/schema\/person\/image\/\",\"url\":\"https:\/\/secure.gravatar.com\/avatar\/0f23b280433a21e1ea7a0adcc46ed0ad16afe3ad8e630fd13d8a017dcbd54ef3?s=96&d=mm&r=g\",\"contentUrl\":\"https:\/\/secure.gravatar.com\/avatar\/0f23b280433a21e1ea7a0adcc46ed0ad16afe3ad8e630fd13d8a017dcbd54ef3?s=96&d=mm&r=g\",\"caption\":\"Bilgin \u00d6z\u00e7ift\u00e7i\"},\"logo\":{\"@id\":\"https:\/\/avrupapress.com\/#\/schema\/person\/image\/\"},\"description\":\"Ne ben, nede sen... Biz ancak \\\"biz\\\" olursak g\u00fc\u00e7l\u00fc olabiliriz\"},{\"@type\":\"Person\",\"@id\":\"https:\/\/avrupapress.com\/#\/schema\/person\/68428444ec60970d1e1b700cf4ca1e8f\",\"name\":\"Edit\u00f6r\",\"image\":{\"@type\":\"ImageObject\",\"inLanguage\":\"fr-BE\",\"@id\":\"https:\/\/avrupapress.com\/#\/schema\/person\/image\/\",\"url\":\"https:\/\/secure.gravatar.com\/avatar\/74996b0977aa5f1559ba9883776652508b229005c0d78fb2597897f0bd651c09?s=96&d=mm&r=g\",\"contentUrl\":\"https:\/\/secure.gravatar.com\/avatar\/74996b0977aa5f1559ba9883776652508b229005c0d78fb2597897f0bd651c09?s=96&d=mm&r=g\",\"caption\":\"Edit\u00f6r\"},\"sameAs\":[\"http:\/\/www.avrupapress.com\"],\"url\":\"https:\/\/avrupapress.com\/main\/author\/editor\/\"}]}<\/script>\n<!-- \/ Yoast SEO plugin. -->","yoast_head_json":{"title":"Gent K\u00fclt\u00fcr Merkezi De Centrale 2018-2019 sezonunu 23 Haziran Pazar g\u00fcn\u00fc ger\u00e7ekle\u015ftirilecek \u00fccretsiz iki konser ve piknikle kapat\u0131yor. - AvrupaPress","robots":{"index":"index","follow":"follow","max-snippet":"max-snippet:-1","max-image-preview":"max-image-preview:large","max-video-preview":"max-video-preview:-1"},"canonical":"https:\/\/avrupapress.com\/2019\/06\/18\/gent-kultur-merkezi-de-centrale-2018-2019-sezonunu-23-haziran-pazar-gunu-gerceklestirilecek-ucretsiz-iki-konser-ve-piknikle-kapatiyor\/","og_locale":"fr_FR","og_type":"article","og_title":"Gent K\u00fclt\u00fcr Merkezi De Centrale 2018-2019 sezonunu 23 Haziran Pazar g\u00fcn\u00fc ger\u00e7ekle\u015ftirilecek \u00fccretsiz iki konser ve piknikle kapat\u0131yor. - AvrupaPress","og_description":"23 Haziran g\u00fcn\u00fc ilk olarak saat 14.00\u2019de Gentli sanat\u00e7\u0131lar B\u00fclent G\u00f6k ve Melike Tarhan\u2019\u0131n sahne alaca\u011f\u0131 De Centrale ve \u0130n-Gent dernekleri taraf\u0131ndan d\u00fczenlenen konser ve piknik ger\u00e7ekle\u015ftirilecek. Gent K\u00fclt\u00fcr Merkezi De Centrale 2018-2019 sezonunu 23 Haziran Pazar g\u00fcn\u00fc ger\u00e7ekle\u015ftirilecek \u00fccretsiz iki konser ve piknikle kapat\u0131yor. 23 Haziran g\u00fcn\u00fc ilk olarak saat 14.00\u2019de Gentli sanat\u00e7\u0131lar B\u00fclent [&hellip;]","og_url":"https:\/\/avrupapress.com\/2019\/06\/18\/gent-kultur-merkezi-de-centrale-2018-2019-sezonunu-23-haziran-pazar-gunu-gerceklestirilecek-ucretsiz-iki-konser-ve-piknikle-kapatiyor\/","og_site_name":"AvrupaPress","article_published_time":"2019-06-18T17:42:37+00:00","article_modified_time":"2019-06-18T17:46:00+00:00","og_image":[{"width":851,"height":315,"url":"https:\/\/avrupapress.com\/wp-content\/uploads\/2019\/06\/62408212_2434370839941697_8951320424549974016_n.jpg","type":"image\/jpeg"}],"author":"Edit\u00f6r","twitter_card":"summary_large_image","twitter_misc":{"\u00c9crit par":"Edit\u00f6r","Dur\u00e9e de lecture est.":"1 minute"},"schema":{"@context":"https:\/\/schema.org","@graph":[{"@type":"Article","@id":"https:\/\/avrupapress.com\/2019\/06\/18\/gent-kultur-merkezi-de-centrale-2018-2019-sezonunu-23-haziran-pazar-gunu-gerceklestirilecek-ucretsiz-iki-konser-ve-piknikle-kapatiyor\/#article","isPartOf":{"@id":"https:\/\/avrupapress.com\/2019\/06\/18\/gent-kultur-merkezi-de-centrale-2018-2019-sezonunu-23-haziran-pazar-gunu-gerceklestirilecek-ucretsiz-iki-konser-ve-piknikle-kapatiyor\/"},"author":{"name":"Edit\u00f6r","@id":"https:\/\/avrupapress.com\/#\/schema\/person\/68428444ec60970d1e1b700cf4ca1e8f"},"headline":"Gent K\u00fclt\u00fcr Merkezi De Centrale 2018-2019 sezonunu 23 Haziran Pazar g\u00fcn\u00fc ger\u00e7ekle\u015ftirilecek \u00fccretsiz iki konser ve piknikle kapat\u0131yor.","datePublished":"2019-06-18T17:42:37+00:00","dateModified":"2019-06-18T17:46:00+00:00","mainEntityOfPage":{"@id":"https:\/\/avrupapress.com\/2019\/06\/18\/gent-kultur-merkezi-de-centrale-2018-2019-sezonunu-23-haziran-pazar-gunu-gerceklestirilecek-ucretsiz-iki-konser-ve-piknikle-kapatiyor\/"},"wordCount":198,"commentCount":0,"publisher":{"@id":"https:\/\/avrupapress.com\/#\/schema\/person\/0223dca19c72c43575bf30d1a2d8f4fa"},"image":{"@id":"https:\/\/avrupapress.com\/2019\/06\/18\/gent-kultur-merkezi-de-centrale-2018-2019-sezonunu-23-haziran-pazar-gunu-gerceklestirilecek-ucretsiz-iki-konser-ve-piknikle-kapatiyor\/#primaryimage"},"thumbnailUrl":"https:\/\/avrupapress.com\/main\/wp-content\/uploads\/2019\/06\/62408212_2434370839941697_8951320424549974016_n.jpg","keywords":["Gent K\u00fclt\u00fcr Merkezi De Centrale 2018-2019 sezonunu 23 Haziran Pazar g\u00fcn\u00fc"],"articleSection":["Avrupa","Bel\u00e7ika","D\u00fcnya","Ekonomi","K\u00fclt\u00fcr-Sanat","Tan\u0131t\u0131m","T\u00fcrkiye","Uncategorized"],"inLanguage":"fr-BE","potentialAction":[{"@type":"CommentAction","name":"Comment","target":["https:\/\/avrupapress.com\/2019\/06\/18\/gent-kultur-merkezi-de-centrale-2018-2019-sezonunu-23-haziran-pazar-gunu-gerceklestirilecek-ucretsiz-iki-konser-ve-piknikle-kapatiyor\/#respond"]}]},{"@type":"WebPage","@id":"https:\/\/avrupapress.com\/2019\/06\/18\/gent-kultur-merkezi-de-centrale-2018-2019-sezonunu-23-haziran-pazar-gunu-gerceklestirilecek-ucretsiz-iki-konser-ve-piknikle-kapatiyor\/","url":"https:\/\/avrupapress.com\/2019\/06\/18\/gent-kultur-merkezi-de-centrale-2018-2019-sezonunu-23-haziran-pazar-gunu-gerceklestirilecek-ucretsiz-iki-konser-ve-piknikle-kapatiyor\/","name":"Gent K\u00fclt\u00fcr Merkezi De Centrale 2018-2019 sezonunu 23 Haziran Pazar g\u00fcn\u00fc ger\u00e7ekle\u015ftirilecek \u00fccretsiz iki konser ve piknikle kapat\u0131yor. - AvrupaPress","isPartOf":{"@id":"https:\/\/avrupapress.com\/#website"},"primaryImageOfPage":{"@id":"https:\/\/avrupapress.com\/2019\/06\/18\/gent-kultur-merkezi-de-centrale-2018-2019-sezonunu-23-haziran-pazar-gunu-gerceklestirilecek-ucretsiz-iki-konser-ve-piknikle-kapatiyor\/#primaryimage"},"image":{"@id":"https:\/\/avrupapress.com\/2019\/06\/18\/gent-kultur-merkezi-de-centrale-2018-2019-sezonunu-23-haziran-pazar-gunu-gerceklestirilecek-ucretsiz-iki-konser-ve-piknikle-kapatiyor\/#primaryimage"},"thumbnailUrl":"https:\/\/avrupapress.com\/main\/wp-content\/uploads\/2019\/06\/62408212_2434370839941697_8951320424549974016_n.jpg","datePublished":"2019-06-18T17:42:37+00:00","dateModified":"2019-06-18T17:46:00+00:00","breadcrumb":{"@id":"https:\/\/avrupapress.com\/2019\/06\/18\/gent-kultur-merkezi-de-centrale-2018-2019-sezonunu-23-haziran-pazar-gunu-gerceklestirilecek-ucretsiz-iki-konser-ve-piknikle-kapatiyor\/#breadcrumb"},"inLanguage":"fr-BE","potentialAction":[{"@type":"ReadAction","target":["https:\/\/avrupapress.com\/2019\/06\/18\/gent-kultur-merkezi-de-centrale-2018-2019-sezonunu-23-haziran-pazar-gunu-gerceklestirilecek-ucretsiz-iki-konser-ve-piknikle-kapatiyor\/"]}]},{"@type":"ImageObject","inLanguage":"fr-BE","@id":"https:\/\/avrupapress.com\/2019\/06\/18\/gent-kultur-merkezi-de-centrale-2018-2019-sezonunu-23-haziran-pazar-gunu-gerceklestirilecek-ucretsiz-iki-konser-ve-piknikle-kapatiyor\/#primaryimage","url":"https:\/\/avrupapress.com\/main\/wp-content\/uploads\/2019\/06\/62408212_2434370839941697_8951320424549974016_n.jpg","contentUrl":"https:\/\/avrupapress.com\/main\/wp-content\/uploads\/2019\/06\/62408212_2434370839941697_8951320424549974016_n.jpg","width":851,"height":315},{"@type":"BreadcrumbList","@id":"https:\/\/avrupapress.com\/2019\/06\/18\/gent-kultur-merkezi-de-centrale-2018-2019-sezonunu-23-haziran-pazar-gunu-gerceklestirilecek-ucretsiz-iki-konser-ve-piknikle-kapatiyor\/#breadcrumb","itemListElement":[{"@type":"ListItem","position":1,"name":"Anasayfa","item":"https:\/\/avrupapress.com\/"},{"@type":"ListItem","position":2,"name":"Gent K\u00fclt\u00fcr Merkezi De Centrale 2018-2019 sezonunu 23 Haziran Pazar g\u00fcn\u00fc ger\u00e7ekle\u015ftirilecek \u00fccretsiz iki konser ve piknikle kapat\u0131yor."}]},{"@type":"WebSite","@id":"https:\/\/avrupapress.com\/#website","url":"https:\/\/avrupapress.com\/","name":"AvrupaPress","description":"Haberin Adresi","publisher":{"@id":"https:\/\/avrupapress.com\/#\/schema\/person\/0223dca19c72c43575bf30d1a2d8f4fa"},"potentialAction":[{"@type":"SearchAction","target":{"@type":"EntryPoint","urlTemplate":"https:\/\/avrupapress.com\/?s={search_term_string}"},"query-input":{"@type":"PropertyValueSpecification","valueRequired":true,"valueName":"search_term_string"}}],"inLanguage":"fr-BE"},{"@type":["Person","Organization"],"@id":"https:\/\/avrupapress.com\/#\/schema\/person\/0223dca19c72c43575bf30d1a2d8f4fa","name":"Bilgin \u00d6z\u00e7ift\u00e7i","image":{"@type":"ImageObject","inLanguage":"fr-BE","@id":"https:\/\/avrupapress.com\/#\/schema\/person\/image\/","url":"https:\/\/secure.gravatar.com\/avatar\/0f23b280433a21e1ea7a0adcc46ed0ad16afe3ad8e630fd13d8a017dcbd54ef3?s=96&d=mm&r=g","contentUrl":"https:\/\/secure.gravatar.com\/avatar\/0f23b280433a21e1ea7a0adcc46ed0ad16afe3ad8e630fd13d8a017dcbd54ef3?s=96&d=mm&r=g","caption":"Bilgin \u00d6z\u00e7ift\u00e7i"},"logo":{"@id":"https:\/\/avrupapress.com\/#\/schema\/person\/image\/"},"description":"Ne ben, nede sen... Biz ancak \"biz\" olursak g\u00fc\u00e7l\u00fc olabiliriz"},{"@type":"Person","@id":"https:\/\/avrupapress.com\/#\/schema\/person\/68428444ec60970d1e1b700cf4ca1e8f","name":"Edit\u00f6r","image":{"@type":"ImageObject","inLanguage":"fr-BE","@id":"https:\/\/avrupapress.com\/#\/schema\/person\/image\/","url":"https:\/\/secure.gravatar.com\/avatar\/74996b0977aa5f1559ba9883776652508b229005c0d78fb2597897f0bd651c09?s=96&d=mm&r=g","contentUrl":"https:\/\/secure.gravatar.com\/avatar\/74996b0977aa5f1559ba9883776652508b229005c0d78fb2597897f0bd651c09?s=96&d=mm&r=g","caption":"Edit\u00f6r"},"sameAs":["http:\/\/www.avrupapress.com"],"url":"https:\/\/avrupapress.com\/main\/author\/editor\/"}]}},"_links":{"self":[{"href":"https:\/\/avrupapress.com\/main\/wp-json\/wp\/v2\/posts\/9266","targetHints":{"allow":["GET"]}}],"collection":[{"href":"https:\/\/avrupapress.com\/main\/wp-json\/wp\/v2\/posts"}],"about":[{"href":"https:\/\/avrupapress.com\/main\/wp-json\/wp\/v2\/types\/post"}],"author":[{"embeddable":true,"href":"https:\/\/avrupapress.com\/main\/wp-json\/wp\/v2\/users\/3"}],"replies":[{"embeddable":true,"href":"https:\/\/avrupapress.com\/main\/wp-json\/wp\/v2\/comments?post=9266"}],"version-history":[{"count":1,"href":"https:\/\/avrupapress.com\/main\/wp-json\/wp\/v2\/posts\/9266\/revisions"}],"predecessor-version":[{"id":9269,"href":"https:\/\/avrupapress.com\/main\/wp-json\/wp\/v2\/posts\/9266\/revisions\/9269"}],"wp:featuredmedia":[{"embeddable":true,"href":"https:\/\/avrupapress.com\/main\/wp-json\/wp\/v2\/media\/9270"}],"wp:attachment":[{"href":"https:\/\/avrupapress.com\/main\/wp-json\/wp\/v2\/media?parent=9266"}],"wp:term":[{"taxonomy":"category","embeddable":true,"href":"https:\/\/avrupapress.com\/main\/wp-json\/wp\/v2\/categories?post=9266"},{"taxonomy":"post_tag","embeddable":true,"href":"https:\/\/avrupapress.com\/main\/wp-json\/wp\/v2\/tags?post=9266"}],"curies":[{"name":"wp","href":"https:\/\/api.w.org\/{rel}","templated":true}]}}