{"id":9258,"date":"2019-06-18T17:32:26","date_gmt":"2019-06-18T17:32:26","guid":{"rendered":"http:\/\/avrupapress.com\/main\/?p=9258"},"modified":"2019-06-18T17:32:27","modified_gmt":"2019-06-18T17:32:27","slug":"moris-sinasi-cocuk-hastanesinin-disardan-gelen-yardim-paralarini-kimler-yedi","status":"publish","type":"post","link":"https:\/\/avrupapress.com\/main\/2019\/06\/18\/moris-sinasi-cocuk-hastanesinin-disardan-gelen-yardim-paralarini-kimler-yedi\/","title":{"rendered":"Moris-\u015einasi \u00c7ocuk Hastanesinin D\u0131\u015fardan Gelen Yard\u0131m Paralar\u0131n\u0131 Kimler Yedi?"},"content":{"rendered":"\n<p> \u200b<strong>ABD&rsquo;den Manisa Moris-\u015einasi \u00c7ocuk Hastanesine g\u00f6nderilen yard\u0131m paralar\u0131n\u0131 kimler yedi kimlere pe\u015fke\u015f \u00e7ekildi.Manisa&rsquo;da uzun s\u00fcredir Kamuoyunu me\u015fgul eden bu soru gene g\u00fcndeme geldi.Pek yak\u0131nda yapt\u0131\u011f\u0131m\u0131z ara\u015ft\u0131rmalara g\u00f6re kapat\u0131lan Morsi-\u015einasi \u00c7ocuk Hastanesinin ABD&rsquo;den gelen Banka fonuna aktar\u0131lan bu paralar kimler taraf\u0131ndan yenildi ve nerede kullan\u0131ld\u0131\u00a0 ortaya \u00e7\u0131karaca\u011f\u0131z.Daha \u00f6nce Manisa CHP Milletvekili \u00d6zg\u00fcr \u00d6zel taraf\u0131ndan\u00a0\u200bMorsi-\u015einasi \u00c7ocuk Hastanesi i\u00e7in ABD&rsquo;den gelen yard\u0131mlar\u0131n nerede kullan\u0131ld\u0131\u011f\u0131 i\u00e7in Meclise bir \u00f6ner vermi\u015fti. <\/strong><\/p>\n\n\n\n<p>\n\nABD&rsquo;den Manisa Moris-\u015einasi \u00c7ocuk Hastanesine g\u00f6nderilen yard\u0131m paralar\u0131n\u0131 kimler yedi kimlere pe\u015fke\u015f \u00e7ekildi.Manisa&rsquo;da uzun s\u00fcredir Kamuoyunu me\u015fgul eden bu soru gene g\u00fcndeme geldi.Pek yak\u0131nda yapt\u0131\u011f\u0131m\u0131z ara\u015ft\u0131rmalara g\u00f6re kapat\u0131lan Morsi-\u015einasi \u00c7ocuk Hastanesinin ABD&rsquo;den gelen Banka fonuna aktar\u0131lan bu paralar kimler taraf\u0131ndan yenildi ve nerede kullan\u0131ld\u0131&nbsp; ortaya \u00e7\u0131karaca\u011f\u0131z.Daha \u00f6nce Manisa CHP Milletvekili \u00d6zg\u00fcr \u00d6zel taraf\u0131ndan&nbsp;\u200bMorsi-\u015einasi \u00c7ocuk Hastanesi i\u00e7in ABD&rsquo;den gelen yard\u0131mlar\u0131n nerede kullan\u0131ld\u0131\u011f\u0131 i\u00e7in Meclise bir \u00f6ner vermi\u015fti.<\/p>\n\n\n\n<h2 class=\"wp-block-heading\">Manisa Moris \u015einasi Milletler Aras\u0131 \u00c7ocuk Hastanesi\u2019ne yap\u0131lan yard\u0131mlar\u0131n y\u0131llar boyunca Fettullah G\u00fclen Cemaati soru\u015fturmas\u0131nda kapat\u0131lan bir derne\u011fe aktar\u0131ld\u0131\u011f\u0131 ortaya \u00e7\u0131km\u0131\u015ft\u0131.<\/h2>\n\n\n\n<p>CHP Grup Ba\u015fkanvekili&nbsp; Manisa Milletvekili \u00d6zg\u00fcr \u00d6zel\u2019in, Moris \u015einasi Milletler Aras\u0131 \u00c7ocuk Hastanesi ile ilgili sundu\u011fu \u00f6nergenin 2015 y\u0131l\u0131nda yan\u0131tland\u0131\u011f\u0131 s\u00f6ylemi\u015fti.<\/p>\n\n\n\n<p>&nbsp;Manisa\u2019da bulunan Moris \u015einasi Milletler Aras\u0131 \u00c7ocuk Hastanesi\u2019ne J.P. Morgan Private Bank taraf\u0131ndan g\u00f6nderilen yard\u0131m paralar\u0131n\u0131n 23 Temmuz\u2019da G\u00fclen Cemaati ile irtibatl\u0131 oldu\u011fu ortaya \u00e7\u0131kan ve kapat\u0131lan Moris \u015einasi Milletler Aras\u0131 \u00c7ocuk Sa\u011fl\u0131\u011f\u0131 Derne\u011fi\u2019ne verildi\u011fi Sa\u011fl\u0131k Bakanl\u0131\u011f\u0131 taraf\u0131ndan do\u011fruland\u0131. Derne\u011fin Moris \u015einasi i\u00e7in yap\u0131lan \u00e7e\u015fmeye 31 bin TL harcama yapmas\u0131 dikkatlerden ka\u00e7mam\u0131\u015ft\u0131.<\/p>\n\n\n\n<p>Dernek ba\u015fkan\u0131 \u00dcroloji uzman\u0131 Dr. Fahrettin Er ise ge\u00e7en \u015eubat ay\u0131nda G\u00fclen Cemaati soru\u015fturmas\u0131 kapsam\u0131nda tutuklanm\u0131\u015f ve hakk\u0131nda y\u00fcr\u00fct\u00fclen soru\u015fturma sonucunda \u00e7ete kurarak G\u00fclen Cemaati&rsquo;ne para aktard\u0131\u011f\u0131 iddialar\u0131 ortaya \u00e7\u0131km\u0131\u015ft\u0131.<\/p>\n\n\n\n<p>Moris \u015einasi Milletler Aras\u0131 \u00c7ocuk Hastanesi, 2010 y\u0131l\u0131nda sa\u011fl\u0131kta d\u00f6n\u00fc\u015f\u00fcm kapsam\u0131nda Manisa Do\u011fum Evi ve Merkez Efendi Devlet Hastanesi ba\u015fhekimlikleri ile tek \u00e7at\u0131 alt\u0131nda birle\u015fmi\u015fti.<\/p>\n\n\n\n<p>Manisa Milletvekili \u00d6zg\u00fcr \u00d6zel, son 10 y\u0131l i\u00e7inde Moris \u015einasi Milletler Aras\u0131 \u00c7ocuk Hastanesi\u2019ne Moris \u015einasi\u2019nin banka fonundan yap\u0131lan yard\u0131mlar\u0131n y\u0131llara g\u00f6re miktar\u0131n\u0131 ve bu kaynaklar\u0131n nerede kullan\u0131ld\u0131\u011f\u0131n\u0131n yan\u0131tlanmas\u0131 \u00fczerine Sa\u011fl\u0131k Bakanl\u0131\u011f\u0131\u2019na bir soru \u00f6nergesi vermi\u015fti.&nbsp; &nbsp;\u00d6zel, yakla\u015f\u0131k 3 y\u0131ld\u0131r \u00f6nergeye cevap verilmedi\u011fini ifade etmi\u015fti.Manisa CHP Milletvekili \u00d6zg\u00fcr \u00d6zel&rsquo;in sundu\u011fu \u00f6nergenin 2015 y\u0131l\u0131nda Zaman\u0131n Sa\u011fl\u0131k Bakan\u0131&nbsp;Mehmet M\u00fcezzino\u011flu taraf\u0131ndan verilen cevapta \u201c2002-2013 y\u0131llar\u0131 aras\u0131nda Amerika\u2019daki Moris \u015einasi fonundan J.P. Morgan Private Bank kanal\u0131yla g\u00f6nderilen 877,844.53 dolar\u0131n Moris \u015einasi Milletler Aras\u0131 \u00c7ocuk Sa\u011fl\u0131\u011f\u0131 Derne\u011fi taraf\u0131ndan kullan\u0131lm\u0131\u015ft\u0131r demi\u015fti. Cevab\u0131n devam\u0131nda \u201c2010 y\u0131l\u0131ndan \u00f6nce g\u00f6nderilen 345,917 bin dolar d\u00f6ner sermayeye aktar\u0131lm\u0131\u015f ve hastane ihtiya\u00e7lar\u0131 i\u00e7in kullan\u0131lm\u0131\u015ft\u0131r. 2010-2013 aras\u0131nda hastane ihtiya\u00e7lar\u0131 i\u00e7in harcanan tutar 888,819 bin TLoldu\u011funu s\u00f6ylemi\u015fti.<\/p>\n\n\n\n<p>Dernek ba\u015fkan\u0131 \u00dcroloji uzman\u0131 Dr Fahrettin Er, ilk olarak ge\u00e7en y\u0131l Kas\u0131m ay\u0131nda Manisa\u2019da y\u00fcr\u00fct\u00fclen G\u00fclen Cemaati soru\u015fturmas\u0131 kapsam\u0131nda g\u00f6zalt\u0131na al\u0131nm\u0131\u015f ve adli kontrol \u015fart\u0131yla serbest b\u0131rak\u0131lm\u0131\u015ft\u0131. \u015eubat ay\u0131nda tekrar g\u00f6zalt\u0131na al\u0131nan&nbsp; Er, tutuklanarak cezaevine g\u00f6nderilmi\u015fti. Ve \u015fu an cezaevinden \u00e7\u0131kan Fahrettin Er G\u00fclen Cemaati soru\u015fturmas\u0131 kapsam\u0131nda tutuklanan Er hakk\u0131nda \u00e7ete kurarak G\u00fclen Cemaati&rsquo;ne para aktard\u0131\u011f\u0131 iddialar\u0131 ortaya at\u0131lm\u0131\u015ft\u0131. 23 Temmuz\u2019da G\u00fclen Cemaati kapsam\u0131nda bulunan derneklerin kapat\u0131lm\u0131\u015f ve kapat\u0131lan dernekler aras\u0131nda Moris \u015einasi Milletler Aras\u0131 \u00c7ocuk Sa\u011fl\u0131\u011f\u0131 Derne\u011fi de oldu\u011fu tespit edilmi\u015fti.<\/p>\n\n\n\n<p>Dernek taraf\u0131ndan hastane i\u00e7in 2010-2013 y\u0131llar\u0131 aras\u0131nda yap\u0131lan harcamalarda ise fiyat u\u00e7urumlar\u0131 bulunuyor. Hastanede Moris \u015einasi ad\u0131na yap\u0131lan \u00e7e\u015fme i\u00e7in 31 bin TL \u00f6denmesi dikkat \u00e7ekerken Hastanede yap\u0131lan \u00e7at\u0131 onar\u0131m\u0131 ve baz\u0131 i\u00e7 tadilatlar i\u00e7in 168 bin TL \u00f6dendi\u011fi de \u00f6\u011frenildi. Maliyeti en fazla 10 bin TL olan \u00e7e\u015fmenin 31 bin TL\u2019ye mal edilmesi, 168 bin TL gibi y\u00fcksek bir maliyetle \u00e7at\u0131 onar\u0131m\u0131 ve tadilat yap\u0131lmas\u0131 aktar\u0131lan paralar\u0131n birilerine pe\u015fke\u015f \u00e7ekildi\u011fi \u015f\u00fcphelerini art\u0131rm\u0131\u015ft\u0131.<\/p>\n\n\n\n<p>Hastaneye 2004 y\u0131l\u0131 aras\u0131nda Moris \u015einasi Milletler Aras\u0131 \u00c7ocuk Hastanesi\u2019nin t\u00fczel ki\u015fili\u011finin bitti\u011fi d\u00f6nem olan 2009\u2019a kadar devlet taraf\u0131ndan 44 milyon 333 bin TL kaynak aktar\u0131l\u0131rken bu kaynaklar\u0131n sadece 3 milyon 882 bin TL\u2019si yat\u0131r\u0131m ama\u00e7l\u0131 kullan\u0131ld\u0131. Geri kalan 40 milyon TL\u2019nin ak\u0131beti ise hen\u00fcz belli olmam\u0131\u015ft\u0131.Cumhurba\u015fkan\u0131 Recep Tayyip Erdo\u011fan&rsquo;\u0131n ba\u015flatm\u0131\u015f oldu\u011fu \u015fehir Hastaneleri projesinde Manisa&rsquo;da yeni a\u00e7\u0131lan Manisa \u015eehir Hastanesi a\u00e7\u0131lmas\u0131ndan sonra Moris-\u015einasi \u00c7ocuk Hastanesi kapat\u0131lm\u0131\u015ft\u0131.ABD Bankas\u0131ndan y\u0131ll\u0131k olarak yakla\u015f\u0131k 174.000 bin dolar yard\u0131m g\u00f6nderilen bu yard\u0131m&rsquo;da kesilmi\u015f oldu ve ABD&rsquo;nin hazinesine kald\u0131.\u200bMUSA ESKENAZ\u0130 K\u0130MD\u0130R?<\/p>\n\n\n\n<p>Morris Schinasi 1855\u2019te Manisa &lsquo;da do\u011fan d\u00f6rt \u00e7ocuklu fakir bir Yahudi ailesinin \u00fc\u00e7\u00fcnc\u00fc \u00e7ocu\u011fu olarak do\u011far ve as\u0131l ad\u0131 Moiz(Musa) ESKENAZ\u0130&rsquo;dir. \u00c7ocuklu\u011funda Manisa da tarlalarda ve ba\u011flarda \u00e7al\u0131\u015f\u0131r. Sekiz, dokuz ya\u015flar\u0131nda yakaland\u0131\u011f\u0131 bir hastal\u0131ktan Osmanl\u0131 imparatorlu\u011funun en g\u00fc\u00e7l\u00fc padi\u015fah\u0131 olan Kanuni&rsquo;nin annesi Hafsa Sultan ad\u0131na 1538 y\u0131l\u0131nda Manisa\u2019da yapt\u0131rd\u0131\u011f\u0131 Sultan Camii Dar\u00fc\u015f\u015fifas\u0131nda tedavi g\u00f6rerek sa\u011fl\u0131\u011f\u0131na kavu\u015fur.\u00a0 Manisa Dar\u00fc\u015f\u015fifas\u0131nda iyile\u015fir ve taburcu olaca\u011f\u0131 g\u00fcn babas\u0131n\u0131n kollar\u0131nda taburcu olur.. Babas\u0131n\u0131n hi\u00e7 paras\u0131 yoktur \u00e7aresizlik i\u00e7inde hastane yetkililerine paras\u0131 olmad\u0131\u011f\u0131n\u0131 ve nas\u0131l taburcu edece\u011finin s\u0131k\u0131larak anlat\u0131r. Hastane yetkililerinin buras\u0131n\u0131n bir vak\u0131f hastanesi oldu\u011funu paras\u0131 olmayanlardan para al\u0131nmad\u0131\u011f\u0131n\u0131 s\u00f6ylemesi ile \u00e7ok mutlu olur. Bunu duyan k\u00fc\u00e7\u00fck Moiz kendi kendine s\u00f6z verir. \u0130leride zengin olursa do\u011fdu\u011fu ve tedavi oldu\u011fu bu \u015fehre t\u0131pk\u0131 bu vak\u0131f hastane gibi fakirlerden para al\u0131nmayan bir vak\u0131f hastanesi yapt\u0131racakt\u0131r. Manisa\u2019da hastane \u00e7\u0131k\u0131\u015f\u0131ndan bir m\u00fcddet sonra \u00e7al\u0131\u015fmak i\u00e7in i\u015f arar Moiz. \u00d6nce mezarl\u0131k bek\u00e7ili\u011finde i\u015f bulur. Ancak okuma yazma bilmedi\u011fi i\u00e7in bu i\u015fte fazla kalamaz. Girdi\u011fi di\u011fer i\u015fleri de uzun s\u00fcre devam ettiremez. O zamanlar f\u0131rsatlar \u00fclkesi olarak s\u00fcrekli konu\u015fulan ve gidilmesi hayal edilen Amerika&rsquo;ya gitmek \u00fczere abisi Salamon ile yaya olarak geldi\u011fi \u0130zmir Liman\u0131ndaki bir geminin Amerika&rsquo;ya gitti\u011fini zannederek ka\u00e7ak olarak binerler.\u00a0 Oysa Amerika\u2019ya gitti\u011fini sand\u0131klar\u0131 gemi M\u0131s\u0131r&rsquo;\u0131n \u0130skenderiye liman\u0131na gitmektedir. \u0130skenderiye liman\u0131na var\u0131nca limandaki t\u00fct\u00fcn y\u00fckl\u00fc ba\u015fka bir gemide hamal olarak \u00e7al\u0131\u015f\u0131rlar. \u00c7al\u0131\u015fmas\u0131n\u0131 be\u011fenen t\u00fct\u00fcn y\u00fckl\u00fc geminin sahibi Grafallo ad\u0131ndaki Yunan as\u0131ll\u0131 t\u00fct\u00fcn t\u00fcccar\u0131 Moiz\u2019i \u00e7ok be\u011fenir ve yan\u0131nda i\u015fe al\u0131r. Ona t\u00fct\u00fcn i\u015fini, ticareti ve sigara yapmay\u0131 \u00f6\u011fretir. \u00a0Hayalinde bir \u015fekilde Amerika\u2019ya gitmek olan Moiz 1893 y\u0131l\u0131nda patronundan \u00f6d\u00fcn\u00e7 ald\u0131\u011f\u0131 25.000 dolarla M\u0131s\u0131r\u2019dan Amerika&rsquo;ya g\u00f6\u00e7 eder. New-York g\u00fcmr\u00fc\u011f\u00fcnde o d\u00f6nemin Amerika\u2019s\u0131nda var olan Yahudi d\u00fc\u015fmanl\u0131\u011f\u0131ndan \u00e7ekindi\u011fi i\u00e7in tipik Yahudi\u00a0 ismi olan Moiz&rsquo;i\u00a0 Morris\u00a0 ve yine \u00e7ok\u00a0 bilinen bir Yahudi soyad\u0131 olan\u00a0 Eskenazi&rsquo;yi ( do\u011fu Avrupa Yahudilerine verilen isim)\u00a0\u00a0 \u015einasi (Schinasi)\u00a0 olarak de\u011fi\u015ftirir. Kendisine Manisa da bak\u0131p tedavi eden doktorun ad\u0131n\u0131n da \u015einasi Bey olmas\u0131 t\u00fcm Manisal\u0131lar taraf\u0131ndan\u00a0 bilinir bu da \u00e7ok enteresand\u0131r. Amerika\u2019n\u0131n \u015eikago kentinde d\u00fczenlenen bir fuarda bir m\u00fchendisle birlikte geli\u015ftirdikleri sigara sarma makinesi ile y\u0131ld\u0131z\u0131 parlar. Karde\u015fi Salamon ile kurduklar\u0131 \u201cSCH\u0130NAS\u0130 BRADHER TOBACCO CAMPANY\u201d\u00a0 adl\u0131 \u015firkette makina imalat\u0131 ve Manisa&rsquo;dan getirdikleri t\u00fct\u00fcnlerden sigara \u00fcretimine ba\u015flarlar. Bu d\u00f6nemde sigara bir\u00e7ok doktor taraf\u0131ndan \u00f6zellikle psikolojik hastalara ila\u00e7 olarak \u00f6nerilmektedir. Bu sekt\u00f6rdeki ak\u0131ll\u0131ca yat\u0131r\u0131mlar\u0131 sonucu k\u0131sa s\u00fcrede \u00e7ok zengin olurlar. \u00a0 Fabrikalar\u0131nda i\u015fledikleri t\u00fct\u00fcnleri Osmanl\u0131&rsquo;dan ald\u0131\u011f\u0131 ve i\u015f\u00e7ilerinin \u00e7o\u011funu da Manisa&rsquo;dan getirttikleri i\u00e7in ( yakla\u015f\u0131k 200 Musevi aileyi Manisa\u2019dan Brooklyn\u2019e ta\u015f\u0131r \u2013bu ailelerden Amerika\u2019ya gitti\u011finizde g\u00f6r\u00fcp tan\u0131\u015fma imkan\u0131n\u0131z, hatta misafir olma ihtimaliniz vard\u0131r) Moris \u015einasi ve ortaklar\u0131 II.Abd\u00fclhamit taraf\u0131ndan 17 \u015eubat 1908 tarihinde \u00fc\u00e7\u00fcnc\u00fc dereceden \u00a0\u00bb MEC\u0130DYE N\u0130\u015eANI \u00a0\u00bb ile onurland\u0131r\u0131l\u0131rlar.\u00a0\u00a0 II. Abdulhamit\u2019in M. \u015einasi\u2019ye verdi\u011fi Mecidiye ni\u015fan\u0131 Morris \u015einasi do\u011fdu\u011fu ve Dar\u00fc\u015f\u015fifas\u0131nda \u015fifa buldu\u011fu Manisa&rsquo;y\u0131 hi\u00e7 unutmaz. 1929 Eyl\u00fcl\u00fcnde vefat etti\u011finde vasiyetnamesinde \u00ab\u00a0Memleketi Manisa&rsquo;ya en modern t\u0131bbi donan\u0131mlara sahip bir 40 yatakl\u0131 bir hastane in\u015fa edilmesini artan paran\u0131n y\u0131ll\u0131k geliri ile hastane giderlerinin kar\u015f\u0131lanmas\u0131n\u0131 ayr\u0131ca fakir hastalardan \u00fccret al\u0131nmamas\u0131n\u0131 \u00a0\u00bb isteyen bir vasiyet \u00e7\u0131kar. \u00c7ocuklu\u011funda verdi\u011fi s\u00f6z\u00fc unutmam\u0131\u015ft\u0131r Morris \u015einasi. Manisa\u2019da \u00e7ocuk hastanesi yapt\u0131rmak istemektedir.\u00a0 Moris \u015einasi servetinin b\u00fcy\u00fck bir k\u0131sm\u0131n\u0131 kendi ad\u0131yla an\u0131lacak hastaneye vakfederek b\u00fcy\u00fck bir vefa \u00f6rne\u011fi g\u00f6sterir. Moris \u015einasi\u2019nin e\u015fi Lauretta 1930 y\u0131l\u0131nda gemi ile \u00f6nce \u0130stanbul\u2019a oradan Ankara\u2019ya ge\u00e7erek yetkililerle hastene yap\u0131m\u0131 hakk\u0131nda g\u00f6r\u00fc\u015fmeler yapar. Devrin Sa\u011fl\u0131k Bakan\u0131 Dr. Refik Saydam\u2019la ayr\u0131nt\u0131l\u0131 g\u00f6r\u00fc\u015fmeler yaparak oradan trenle Manisa&rsquo;ya gelerek Sa\u011fl\u0131k Bakanl\u0131\u011f\u0131n\u0131n tahsis etti\u011fi bug\u00fcn Moris \u015einasi \u00c7ocuk Hastanesinin bulundu\u011fu arsada hastanenin temelini at\u0131l\u0131r.\u00a0 23\/08\/1931 y\u0131l\u0131nda \u00e7\u0131kar\u0131lan \u00f6zel bir kanunla hastanenin yasal dayana\u011f\u0131 ve hastane i\u00e7in Amerika\u2019dan getirilecek olan in\u015faat ve t\u0131bbi malzemenin g\u00fcmr\u00fck vergisinden muaf olmas\u0131n\u0131 sa\u011flayan kanun \u00e7\u0131kar\u0131l\u0131r.(Kanunun kopyas\u0131 elimizdedir) 180 bin dolara mal olan 40 yatakl\u0131 Moris \u015einasi \u00c7ocuk Hastanesi 1933 y\u0131l\u0131nda hizmete a\u00e7\u0131lm\u0131\u015ft\u0131r. 1933 y\u0131l\u0131ndan bu g\u00fcne y\u00fcz binlerce Manisal\u0131y\u0131 ve Egeli \u2018ye \u015fifa kayna\u011f\u0131 olmu\u015ftur. Moris \u015einasi\u2019nin Manisa\u2019da yapt\u0131rd\u0131\u011f\u0131 hastane i\u00e7in vakfetti\u011fi 1 milyon dolar\u0131n kalan 820 bin dolar\u0131 Amerika\u2019n\u0131n en \u00f6nemli bankas\u0131nda geliri Manisa da ki kurulan hastanenin ihtiya\u00e7lar\u0131n\u0131 gidermesi i\u00e7in fon olarak yat\u0131r\u0131l\u0131r. Moris \u015einasi hastanesi ba\u015flang\u0131\u00e7ta Amerikal\u0131 m\u00fcd\u00fcr, bir Amerikal\u0131 ba\u015fhem\u015fire ve banka temsilcisi taraf\u0131ndan idare edilir.\u00a0 Vakfedilen ve bir Amerikan bankas\u0131na yat\u0131r\u0131lan paran\u0131n geliri ve Amerikal\u0131lar taraf\u0131ndan idare edilen \u00fclkemizin bu ilk ve en modern hastanesi.1965\u2019li y\u0131llara kadar m\u00fcteveffa Morris \u015einasi\u2019nin vasiyeti gere\u011fi vakfedilen paran\u0131n geliri ile \u00e7ok rahat olarak hastanenin t\u00fcm giderleri (maa\u015f, ila\u00e7, t\u0131bbi sarf malzemesi, yiyecek i\u00e7ecek, \u0131s\u0131nma ve enerji vb. ) kar\u015f\u0131lanm\u0131\u015f ve vasiyet gere\u011fi 40 yata\u011f\u0131n b\u00fcy\u00fck \u00e7o\u011funlu\u011fundan \u00fccret al\u0131nmadan hastalar tedavi edilmi\u015ftir. Baz\u0131 y\u0131llarda T\u00fcrk ekonomisindeki enflasyonun y\u00fckselmeye ba\u015flamas\u0131 sonras\u0131 Amerika\u2019dan gelen vak\u0131f kaynaklar\u0131 hastaneyi idare etmekte zorlanmas\u0131 \u00fczere hastane 1965 sonras\u0131 hastane T\u00fcrkiye Cumhuriyeti Sa\u011fl\u0131k Bakanl\u0131\u011f\u0131na devredilmi\u015ftir. \u0130lk kuruldu\u011funda genel hastane stat\u00fcs\u00fcnde olan bu hastane daha sonra\u00a0 \u201cMorris \u015einasi Milletleraras\u0131 \u00c7ocuk Hastanesi \u201c\u00a0 ad\u0131 ile \u00e7ocuk hastanesine \u00e7evrilmi\u015ftir. Ancak m\u00fcteveffa Morris \u015einasi\u2019nin vasiyeti gere\u011fi Amerika\u2019da ki banka da ki fon gelirlerinin Morris \u015einasi Hastanesine g\u00f6nderilmesinin devaml\u0131l\u0131\u011f\u0131n\u0131n ve yasal zeminin sa\u011flanmas\u0131 i\u00e7in \u201cMorris \u015einasi Milletleraras\u0131 \u00c7ocuk Sa\u011fl\u0131\u011f\u0131 Derne\u011fi\u201d kurmu\u015ftur. O tarihten beri\u00a0 her y\u0131l\u00a0\u00a0 \u00f6nceleri\u00a0 vasiyet gere\u011fi\u00a0 Amerika\u2019daki\u00a0 Cehmical N.Bank \u2018 a yat\u0131r\u0131lan para\u00a0 daha sonra Amerika da ki Banka birle\u015fmeleri ile\u00a0 bug\u00fcnk\u00fc ad\u0131 ile J.P M\u2026 C.Bank\u2019a aktar\u0131lm\u0131\u015f ve her y\u0131l d\u00fczenli olarak\u00a0 fon olarak yat\u0131r\u0131lan\u00a0 paran\u0131n geliri bu dernek kanal\u0131 ile al\u0131nmakta ve tamam\u0131 hastane i\u00e7in harcanmaktad\u0131r. Morris \u015einasi kendisine yap\u0131lan iyili\u011fe iyilikle kar\u015f\u0131l\u0131k vererek do\u011fdu\u011fu ve sa\u011fl\u0131\u011f\u0131na kavu\u015ftu\u011fu bu \u015fehre vefal\u0131 biri oldu\u011funu en g\u00fczel \u015fekilde g\u00f6stermi\u015ftir. Uzun y\u0131llar Amerika\u2019daki Morris \u015einasi Fonunun T\u00fcrkiye temsilcili\u011fini Coca-Cola\u2019n\u0131n CEO\u2019su olan Muhtar Kent\u2019in 1950 -1955 y\u0131llar\u0131 aras\u0131nda New-York Konsoloslu\u011fu yapan babas\u0131 merhum B\u00fcy\u00fckel\u00e7i Necdet KENT yapm\u0131\u015ft\u0131r. Daha sonraki y\u0131llarda dernek ba\u015fkanlar\u0131 genellikle Hastanenin Ba\u015fhekimleri olmu\u015ftur. Daha sonra 23\/11\/2004 y\u0131l\u0131nda T\u00fcrkiye\u2019de \u00e7\u0131kar\u0131lan 5253 say\u0131l\u0131 dernekler kanunundan sonra idarecilerin bu tarz derneklere y\u00f6netici olamayaca\u011f\u0131n\u0131 \u00f6ng\u00f6rmesinden sonra Moris \u015einasi Milletleraras\u0131 \u00c7ocuk Sa\u011fl\u0131\u011f\u0131 Derne\u011fi de bu i\u015fe istekli ve \u00f6zverili insanlar taraf\u0131ndan idare edilmeye ba\u015flanm\u0131\u015ft\u0131r.\u015euanda kapat\u0131lan\u00a0 Moris \u015einasi \u00c7ocuk Hastanesi i\u00e7in baz\u0131 Manisa&rsquo;n\u0131n \u00f6nde gelen ki\u015fileri bu Hastanenin kapat\u0131lmas\u0131na kar\u015f\u0131 \u00e7\u0131ksalar da Ben ak\u0131ll\u0131y\u0131m diyen keskin siyaset\u00e7iler T\u00fcrkiye ve Manisa&rsquo;ya b\u00fcy\u00fck yard\u0131mda bulunan yakla\u015f\u0131k her y\u0131l 174.00 bin dolar\u0131 geri \u00e7evirmi\u015f oldular.Hep ben bilirim diyen Manisa&rsquo;l\u0131 siyaset\u00e7iler Manisa \u015eehir Hastanesini k\u0131rt\u0131k mezarl\u0131\u011f\u0131na yapt\u0131klar\u0131 gibi.<\/p>\n\n\n\n<figure class=\"wp-block-image\"><img loading=\"lazy\" decoding=\"async\" width=\"960\" height=\"576\" src=\"http:\/\/avrupapress.com\/main\/wp-content\/uploads\/2019\/06\/thumbnail_58380549_2333363930286145_2415973572775247872_n.jpg\" alt=\"\" class=\"wp-image-9259\" srcset=\"https:\/\/avrupapress.com\/main\/wp-content\/uploads\/2019\/06\/thumbnail_58380549_2333363930286145_2415973572775247872_n.jpg 960w, https:\/\/avrupapress.com\/main\/wp-content\/uploads\/2019\/06\/thumbnail_58380549_2333363930286145_2415973572775247872_n-300x180.jpg 300w, https:\/\/avrupapress.com\/main\/wp-content\/uploads\/2019\/06\/thumbnail_58380549_2333363930286145_2415973572775247872_n-768x461.jpg 768w\" sizes=\"auto, (max-width: 960px) 100vw, 960px\" \/><\/figure>\n\n\n\n<figure class=\"wp-block-image\"><img loading=\"lazy\" decoding=\"async\" width=\"454\" height=\"252\" src=\"http:\/\/avrupapress.com\/main\/wp-content\/uploads\/2019\/06\/thumbnail_2_190.jpg\" alt=\"\" class=\"wp-image-9260\" srcset=\"https:\/\/avrupapress.com\/main\/wp-content\/uploads\/2019\/06\/thumbnail_2_190.jpg 454w, https:\/\/avrupapress.com\/main\/wp-content\/uploads\/2019\/06\/thumbnail_2_190-300x167.jpg 300w\" sizes=\"auto, (max-width: 454px) 100vw, 454px\" \/><\/figure>\n\n\n\n<figure class=\"wp-block-image\"><img loading=\"lazy\" decoding=\"async\" width=\"454\" height=\"503\" src=\"http:\/\/avrupapress.com\/main\/wp-content\/uploads\/2019\/06\/thumbnail_1_166.jpg\" alt=\"\" class=\"wp-image-9261\" srcset=\"https:\/\/avrupapress.com\/main\/wp-content\/uploads\/2019\/06\/thumbnail_1_166.jpg 454w, https:\/\/avrupapress.com\/main\/wp-content\/uploads\/2019\/06\/thumbnail_1_166-271x300.jpg 271w\" sizes=\"auto, (max-width: 454px) 100vw, 454px\" \/><\/figure>\n\n\n\n<figure class=\"wp-block-image\"><img loading=\"lazy\" decoding=\"async\" width=\"439\" height=\"960\" src=\"http:\/\/avrupapress.com\/main\/wp-content\/uploads\/2019\/06\/thumbnail_48366228_329304734570161_6754004199454801920_n.jpg\" alt=\"\" class=\"wp-image-9262\" srcset=\"https:\/\/avrupapress.com\/main\/wp-content\/uploads\/2019\/06\/thumbnail_48366228_329304734570161_6754004199454801920_n.jpg 439w, https:\/\/avrupapress.com\/main\/wp-content\/uploads\/2019\/06\/thumbnail_48366228_329304734570161_6754004199454801920_n-137x300.jpg 137w\" sizes=\"auto, (max-width: 439px) 100vw, 439px\" \/><\/figure>\n\n\n\n<p><\/p>\n\n\n\n<figure class=\"wp-block-image\"><img loading=\"lazy\" decoding=\"async\" width=\"960\" height=\"576\" src=\"http:\/\/avrupapress.com\/main\/wp-content\/uploads\/2019\/06\/thumbnail_58381750_677863309337684_7415183250391302144_n.jpg\" alt=\"\" class=\"wp-image-9263\" srcset=\"https:\/\/avrupapress.com\/main\/wp-content\/uploads\/2019\/06\/thumbnail_58381750_677863309337684_7415183250391302144_n.jpg 960w, https:\/\/avrupapress.com\/main\/wp-content\/uploads\/2019\/06\/thumbnail_58381750_677863309337684_7415183250391302144_n-300x180.jpg 300w, https:\/\/avrupapress.com\/main\/wp-content\/uploads\/2019\/06\/thumbnail_58381750_677863309337684_7415183250391302144_n-768x461.jpg 768w\" sizes=\"auto, (max-width: 960px) 100vw, 960px\" \/><\/figure>\n\n\n\n<figure class=\"wp-block-image\"><img loading=\"lazy\" decoding=\"async\" width=\"1024\" height=\"614\" src=\"http:\/\/avrupapress.com\/main\/wp-content\/uploads\/2019\/06\/48358702_1028334027374201_8611609956208082944_n-1024x614.jpg\" alt=\"\" class=\"wp-image-9264\" srcset=\"https:\/\/avrupapress.com\/main\/wp-content\/uploads\/2019\/06\/48358702_1028334027374201_8611609956208082944_n-1024x614.jpg 1024w, https:\/\/avrupapress.com\/main\/wp-content\/uploads\/2019\/06\/48358702_1028334027374201_8611609956208082944_n-300x180.jpg 300w, https:\/\/avrupapress.com\/main\/wp-content\/uploads\/2019\/06\/48358702_1028334027374201_8611609956208082944_n-768x461.jpg 768w, https:\/\/avrupapress.com\/main\/wp-content\/uploads\/2019\/06\/48358702_1028334027374201_8611609956208082944_n.jpg 1440w\" sizes=\"auto, (max-width: 1024px) 100vw, 1024px\" \/><\/figure>\n\n\n\n<p><strong>\u00d6ZEL HABER MET\u0130N DURMAZ \/ AVRUPAPRESS<\/strong><\/p>\n","protected":false},"excerpt":{"rendered":"<p>\u200bABD&rsquo;den Manisa Moris-\u015einasi \u00c7ocuk Hastanesine g\u00f6nderilen yard\u0131m paralar\u0131n\u0131 kimler yedi kimlere pe\u015fke\u015f \u00e7ekildi.Manisa&rsquo;da uzun s\u00fcredir Kamuoyunu me\u015fgul eden bu soru gene g\u00fcndeme geldi.Pek yak\u0131nda yapt\u0131\u011f\u0131m\u0131z ara\u015ft\u0131rmalara g\u00f6re kapat\u0131lan Morsi-\u015einasi \u00c7ocuk Hastanesinin ABD&rsquo;den gelen Banka fonuna aktar\u0131lan bu paralar kimler taraf\u0131ndan yenildi ve nerede kullan\u0131ld\u0131\u00a0 ortaya \u00e7\u0131karaca\u011f\u0131z.Daha \u00f6nce Manisa CHP Milletvekili \u00d6zg\u00fcr \u00d6zel taraf\u0131ndan\u00a0\u200bMorsi-\u015einasi \u00c7ocuk Hastanesi [&hellip;]<\/p>\n","protected":false},"author":3,"featured_media":9259,"comment_status":"open","ping_status":"open","sticky":false,"template":"","format":"standard","meta":{"footnotes":""},"categories":[2],"tags":[4833],"class_list":["post-9258","post","type-post","status-publish","format-standard","has-post-thumbnail","hentry","category-turkiye","tag-moris-sinasi-cocuk-hastanesinin-disardan-gelen-yardim-paralarini-kimler-yedi"],"yoast_head":"<!-- This site is optimized with the Yoast SEO plugin v26.9 - https:\/\/yoast.com\/product\/yoast-seo-wordpress\/ -->\n<title>Moris-\u015einasi \u00c7ocuk Hastanesinin D\u0131\u015fardan Gelen Yard\u0131m Paralar\u0131n\u0131 Kimler Yedi? - AvrupaPress<\/title>\n<meta name=\"robots\" content=\"index, follow, max-snippet:-1, max-image-preview:large, max-video-preview:-1\" \/>\n<link rel=\"canonical\" href=\"https:\/\/avrupapress.com\/2019\/06\/18\/moris-sinasi-cocuk-hastanesinin-disardan-gelen-yardim-paralarini-kimler-yedi\/\" \/>\n<meta property=\"og:locale\" content=\"fr_FR\" \/>\n<meta property=\"og:type\" content=\"article\" \/>\n<meta property=\"og:title\" content=\"Moris-\u015einasi \u00c7ocuk Hastanesinin D\u0131\u015fardan Gelen Yard\u0131m Paralar\u0131n\u0131 Kimler Yedi? - AvrupaPress\" \/>\n<meta property=\"og:description\" content=\"\u200bABD&rsquo;den Manisa Moris-\u015einasi \u00c7ocuk Hastanesine g\u00f6nderilen yard\u0131m paralar\u0131n\u0131 kimler yedi kimlere pe\u015fke\u015f \u00e7ekildi.Manisa&rsquo;da uzun s\u00fcredir Kamuoyunu me\u015fgul eden bu soru gene g\u00fcndeme geldi.Pek yak\u0131nda yapt\u0131\u011f\u0131m\u0131z ara\u015ft\u0131rmalara g\u00f6re kapat\u0131lan Morsi-\u015einasi \u00c7ocuk Hastanesinin ABD&rsquo;den gelen Banka fonuna aktar\u0131lan bu paralar kimler taraf\u0131ndan yenildi ve nerede kullan\u0131ld\u0131\u00a0 ortaya \u00e7\u0131karaca\u011f\u0131z.Daha \u00f6nce Manisa CHP Milletvekili \u00d6zg\u00fcr \u00d6zel taraf\u0131ndan\u00a0\u200bMorsi-\u015einasi \u00c7ocuk Hastanesi [&hellip;]\" \/>\n<meta property=\"og:url\" content=\"https:\/\/avrupapress.com\/2019\/06\/18\/moris-sinasi-cocuk-hastanesinin-disardan-gelen-yardim-paralarini-kimler-yedi\/\" \/>\n<meta property=\"og:site_name\" content=\"AvrupaPress\" \/>\n<meta property=\"article:published_time\" content=\"2019-06-18T17:32:26+00:00\" \/>\n<meta property=\"article:modified_time\" content=\"2019-06-18T17:32:27+00:00\" \/>\n<meta property=\"og:image\" content=\"https:\/\/avrupapress.com\/wp-content\/uploads\/2019\/06\/thumbnail_58380549_2333363930286145_2415973572775247872_n.jpg\" \/>\n\t<meta property=\"og:image:width\" content=\"960\" \/>\n\t<meta property=\"og:image:height\" content=\"576\" \/>\n\t<meta property=\"og:image:type\" content=\"image\/jpeg\" \/>\n<meta name=\"author\" content=\"Edit\u00f6r\" \/>\n<meta name=\"twitter:card\" content=\"summary_large_image\" \/>\n<meta name=\"twitter:label1\" content=\"\u00c9crit par\" \/>\n\t<meta name=\"twitter:data1\" content=\"Edit\u00f6r\" \/>\n\t<meta name=\"twitter:label2\" content=\"Dur\u00e9e de lecture est.\" \/>\n\t<meta name=\"twitter:data2\" content=\"12 minutes\" \/>\n<script type=\"application\/ld+json\" class=\"yoast-schema-graph\">{\"@context\":\"https:\/\/schema.org\",\"@graph\":[{\"@type\":\"Article\",\"@id\":\"https:\/\/avrupapress.com\/2019\/06\/18\/moris-sinasi-cocuk-hastanesinin-disardan-gelen-yardim-paralarini-kimler-yedi\/#article\",\"isPartOf\":{\"@id\":\"https:\/\/avrupapress.com\/2019\/06\/18\/moris-sinasi-cocuk-hastanesinin-disardan-gelen-yardim-paralarini-kimler-yedi\/\"},\"author\":{\"name\":\"Edit\u00f6r\",\"@id\":\"https:\/\/avrupapress.com\/#\/schema\/person\/68428444ec60970d1e1b700cf4ca1e8f\"},\"headline\":\"Moris-\u015einasi \u00c7ocuk Hastanesinin D\u0131\u015fardan Gelen Yard\u0131m Paralar\u0131n\u0131 Kimler Yedi?\",\"datePublished\":\"2019-06-18T17:32:26+00:00\",\"dateModified\":\"2019-06-18T17:32:27+00:00\",\"mainEntityOfPage\":{\"@id\":\"https:\/\/avrupapress.com\/2019\/06\/18\/moris-sinasi-cocuk-hastanesinin-disardan-gelen-yardim-paralarini-kimler-yedi\/\"},\"wordCount\":2356,\"commentCount\":0,\"publisher\":{\"@id\":\"https:\/\/avrupapress.com\/#\/schema\/person\/0223dca19c72c43575bf30d1a2d8f4fa\"},\"image\":{\"@id\":\"https:\/\/avrupapress.com\/2019\/06\/18\/moris-sinasi-cocuk-hastanesinin-disardan-gelen-yardim-paralarini-kimler-yedi\/#primaryimage\"},\"thumbnailUrl\":\"https:\/\/avrupapress.com\/main\/wp-content\/uploads\/2019\/06\/thumbnail_58380549_2333363930286145_2415973572775247872_n.jpg\",\"keywords\":[\"Moris-\u015einasi \u00c7ocuk Hastanesinin D\u0131\u015fardan Gelen Yard\u0131m Paralar\u0131n\u0131 Kimler Yedi?\"],\"articleSection\":[\"T\u00fcrkiye\"],\"inLanguage\":\"fr-BE\",\"potentialAction\":[{\"@type\":\"CommentAction\",\"name\":\"Comment\",\"target\":[\"https:\/\/avrupapress.com\/2019\/06\/18\/moris-sinasi-cocuk-hastanesinin-disardan-gelen-yardim-paralarini-kimler-yedi\/#respond\"]}]},{\"@type\":\"WebPage\",\"@id\":\"https:\/\/avrupapress.com\/2019\/06\/18\/moris-sinasi-cocuk-hastanesinin-disardan-gelen-yardim-paralarini-kimler-yedi\/\",\"url\":\"https:\/\/avrupapress.com\/2019\/06\/18\/moris-sinasi-cocuk-hastanesinin-disardan-gelen-yardim-paralarini-kimler-yedi\/\",\"name\":\"Moris-\u015einasi \u00c7ocuk Hastanesinin D\u0131\u015fardan Gelen Yard\u0131m Paralar\u0131n\u0131 Kimler Yedi? - AvrupaPress\",\"isPartOf\":{\"@id\":\"https:\/\/avrupapress.com\/#website\"},\"primaryImageOfPage\":{\"@id\":\"https:\/\/avrupapress.com\/2019\/06\/18\/moris-sinasi-cocuk-hastanesinin-disardan-gelen-yardim-paralarini-kimler-yedi\/#primaryimage\"},\"image\":{\"@id\":\"https:\/\/avrupapress.com\/2019\/06\/18\/moris-sinasi-cocuk-hastanesinin-disardan-gelen-yardim-paralarini-kimler-yedi\/#primaryimage\"},\"thumbnailUrl\":\"https:\/\/avrupapress.com\/main\/wp-content\/uploads\/2019\/06\/thumbnail_58380549_2333363930286145_2415973572775247872_n.jpg\",\"datePublished\":\"2019-06-18T17:32:26+00:00\",\"dateModified\":\"2019-06-18T17:32:27+00:00\",\"breadcrumb\":{\"@id\":\"https:\/\/avrupapress.com\/2019\/06\/18\/moris-sinasi-cocuk-hastanesinin-disardan-gelen-yardim-paralarini-kimler-yedi\/#breadcrumb\"},\"inLanguage\":\"fr-BE\",\"potentialAction\":[{\"@type\":\"ReadAction\",\"target\":[\"https:\/\/avrupapress.com\/2019\/06\/18\/moris-sinasi-cocuk-hastanesinin-disardan-gelen-yardim-paralarini-kimler-yedi\/\"]}]},{\"@type\":\"ImageObject\",\"inLanguage\":\"fr-BE\",\"@id\":\"https:\/\/avrupapress.com\/2019\/06\/18\/moris-sinasi-cocuk-hastanesinin-disardan-gelen-yardim-paralarini-kimler-yedi\/#primaryimage\",\"url\":\"https:\/\/avrupapress.com\/main\/wp-content\/uploads\/2019\/06\/thumbnail_58380549_2333363930286145_2415973572775247872_n.jpg\",\"contentUrl\":\"https:\/\/avrupapress.com\/main\/wp-content\/uploads\/2019\/06\/thumbnail_58380549_2333363930286145_2415973572775247872_n.jpg\",\"width\":960,\"height\":576},{\"@type\":\"BreadcrumbList\",\"@id\":\"https:\/\/avrupapress.com\/2019\/06\/18\/moris-sinasi-cocuk-hastanesinin-disardan-gelen-yardim-paralarini-kimler-yedi\/#breadcrumb\",\"itemListElement\":[{\"@type\":\"ListItem\",\"position\":1,\"name\":\"Anasayfa\",\"item\":\"https:\/\/avrupapress.com\/\"},{\"@type\":\"ListItem\",\"position\":2,\"name\":\"Moris-\u015einasi \u00c7ocuk Hastanesinin D\u0131\u015fardan Gelen Yard\u0131m Paralar\u0131n\u0131 Kimler Yedi?\"}]},{\"@type\":\"WebSite\",\"@id\":\"https:\/\/avrupapress.com\/#website\",\"url\":\"https:\/\/avrupapress.com\/\",\"name\":\"AvrupaPress\",\"description\":\"Haberin Adresi\",\"publisher\":{\"@id\":\"https:\/\/avrupapress.com\/#\/schema\/person\/0223dca19c72c43575bf30d1a2d8f4fa\"},\"potentialAction\":[{\"@type\":\"SearchAction\",\"target\":{\"@type\":\"EntryPoint\",\"urlTemplate\":\"https:\/\/avrupapress.com\/?s={search_term_string}\"},\"query-input\":{\"@type\":\"PropertyValueSpecification\",\"valueRequired\":true,\"valueName\":\"search_term_string\"}}],\"inLanguage\":\"fr-BE\"},{\"@type\":[\"Person\",\"Organization\"],\"@id\":\"https:\/\/avrupapress.com\/#\/schema\/person\/0223dca19c72c43575bf30d1a2d8f4fa\",\"name\":\"Bilgin \u00d6z\u00e7ift\u00e7i\",\"image\":{\"@type\":\"ImageObject\",\"inLanguage\":\"fr-BE\",\"@id\":\"https:\/\/avrupapress.com\/#\/schema\/person\/image\/\",\"url\":\"https:\/\/secure.gravatar.com\/avatar\/0f23b280433a21e1ea7a0adcc46ed0ad16afe3ad8e630fd13d8a017dcbd54ef3?s=96&d=mm&r=g\",\"contentUrl\":\"https:\/\/secure.gravatar.com\/avatar\/0f23b280433a21e1ea7a0adcc46ed0ad16afe3ad8e630fd13d8a017dcbd54ef3?s=96&d=mm&r=g\",\"caption\":\"Bilgin \u00d6z\u00e7ift\u00e7i\"},\"logo\":{\"@id\":\"https:\/\/avrupapress.com\/#\/schema\/person\/image\/\"},\"description\":\"Ne ben, nede sen... Biz ancak \\\"biz\\\" olursak g\u00fc\u00e7l\u00fc olabiliriz\"},{\"@type\":\"Person\",\"@id\":\"https:\/\/avrupapress.com\/#\/schema\/person\/68428444ec60970d1e1b700cf4ca1e8f\",\"name\":\"Edit\u00f6r\",\"image\":{\"@type\":\"ImageObject\",\"inLanguage\":\"fr-BE\",\"@id\":\"https:\/\/avrupapress.com\/#\/schema\/person\/image\/\",\"url\":\"https:\/\/secure.gravatar.com\/avatar\/74996b0977aa5f1559ba9883776652508b229005c0d78fb2597897f0bd651c09?s=96&d=mm&r=g\",\"contentUrl\":\"https:\/\/secure.gravatar.com\/avatar\/74996b0977aa5f1559ba9883776652508b229005c0d78fb2597897f0bd651c09?s=96&d=mm&r=g\",\"caption\":\"Edit\u00f6r\"},\"sameAs\":[\"http:\/\/www.avrupapress.com\"],\"url\":\"https:\/\/avrupapress.com\/main\/author\/editor\/\"}]}<\/script>\n<!-- \/ Yoast SEO plugin. -->","yoast_head_json":{"title":"Moris-\u015einasi \u00c7ocuk Hastanesinin D\u0131\u015fardan Gelen Yard\u0131m Paralar\u0131n\u0131 Kimler Yedi? - AvrupaPress","robots":{"index":"index","follow":"follow","max-snippet":"max-snippet:-1","max-image-preview":"max-image-preview:large","max-video-preview":"max-video-preview:-1"},"canonical":"https:\/\/avrupapress.com\/2019\/06\/18\/moris-sinasi-cocuk-hastanesinin-disardan-gelen-yardim-paralarini-kimler-yedi\/","og_locale":"fr_FR","og_type":"article","og_title":"Moris-\u015einasi \u00c7ocuk Hastanesinin D\u0131\u015fardan Gelen Yard\u0131m Paralar\u0131n\u0131 Kimler Yedi? - AvrupaPress","og_description":"\u200bABD&rsquo;den Manisa Moris-\u015einasi \u00c7ocuk Hastanesine g\u00f6nderilen yard\u0131m paralar\u0131n\u0131 kimler yedi kimlere pe\u015fke\u015f \u00e7ekildi.Manisa&rsquo;da uzun s\u00fcredir Kamuoyunu me\u015fgul eden bu soru gene g\u00fcndeme geldi.Pek yak\u0131nda yapt\u0131\u011f\u0131m\u0131z ara\u015ft\u0131rmalara g\u00f6re kapat\u0131lan Morsi-\u015einasi \u00c7ocuk Hastanesinin ABD&rsquo;den gelen Banka fonuna aktar\u0131lan bu paralar kimler taraf\u0131ndan yenildi ve nerede kullan\u0131ld\u0131\u00a0 ortaya \u00e7\u0131karaca\u011f\u0131z.Daha \u00f6nce Manisa CHP Milletvekili \u00d6zg\u00fcr \u00d6zel taraf\u0131ndan\u00a0\u200bMorsi-\u015einasi \u00c7ocuk Hastanesi [&hellip;]","og_url":"https:\/\/avrupapress.com\/2019\/06\/18\/moris-sinasi-cocuk-hastanesinin-disardan-gelen-yardim-paralarini-kimler-yedi\/","og_site_name":"AvrupaPress","article_published_time":"2019-06-18T17:32:26+00:00","article_modified_time":"2019-06-18T17:32:27+00:00","og_image":[{"width":960,"height":576,"url":"https:\/\/avrupapress.com\/wp-content\/uploads\/2019\/06\/thumbnail_58380549_2333363930286145_2415973572775247872_n.jpg","type":"image\/jpeg"}],"author":"Edit\u00f6r","twitter_card":"summary_large_image","twitter_misc":{"\u00c9crit par":"Edit\u00f6r","Dur\u00e9e de lecture est.":"12 minutes"},"schema":{"@context":"https:\/\/schema.org","@graph":[{"@type":"Article","@id":"https:\/\/avrupapress.com\/2019\/06\/18\/moris-sinasi-cocuk-hastanesinin-disardan-gelen-yardim-paralarini-kimler-yedi\/#article","isPartOf":{"@id":"https:\/\/avrupapress.com\/2019\/06\/18\/moris-sinasi-cocuk-hastanesinin-disardan-gelen-yardim-paralarini-kimler-yedi\/"},"author":{"name":"Edit\u00f6r","@id":"https:\/\/avrupapress.com\/#\/schema\/person\/68428444ec60970d1e1b700cf4ca1e8f"},"headline":"Moris-\u015einasi \u00c7ocuk Hastanesinin D\u0131\u015fardan Gelen Yard\u0131m Paralar\u0131n\u0131 Kimler Yedi?","datePublished":"2019-06-18T17:32:26+00:00","dateModified":"2019-06-18T17:32:27+00:00","mainEntityOfPage":{"@id":"https:\/\/avrupapress.com\/2019\/06\/18\/moris-sinasi-cocuk-hastanesinin-disardan-gelen-yardim-paralarini-kimler-yedi\/"},"wordCount":2356,"commentCount":0,"publisher":{"@id":"https:\/\/avrupapress.com\/#\/schema\/person\/0223dca19c72c43575bf30d1a2d8f4fa"},"image":{"@id":"https:\/\/avrupapress.com\/2019\/06\/18\/moris-sinasi-cocuk-hastanesinin-disardan-gelen-yardim-paralarini-kimler-yedi\/#primaryimage"},"thumbnailUrl":"https:\/\/avrupapress.com\/main\/wp-content\/uploads\/2019\/06\/thumbnail_58380549_2333363930286145_2415973572775247872_n.jpg","keywords":["Moris-\u015einasi \u00c7ocuk Hastanesinin D\u0131\u015fardan Gelen Yard\u0131m Paralar\u0131n\u0131 Kimler Yedi?"],"articleSection":["T\u00fcrkiye"],"inLanguage":"fr-BE","potentialAction":[{"@type":"CommentAction","name":"Comment","target":["https:\/\/avrupapress.com\/2019\/06\/18\/moris-sinasi-cocuk-hastanesinin-disardan-gelen-yardim-paralarini-kimler-yedi\/#respond"]}]},{"@type":"WebPage","@id":"https:\/\/avrupapress.com\/2019\/06\/18\/moris-sinasi-cocuk-hastanesinin-disardan-gelen-yardim-paralarini-kimler-yedi\/","url":"https:\/\/avrupapress.com\/2019\/06\/18\/moris-sinasi-cocuk-hastanesinin-disardan-gelen-yardim-paralarini-kimler-yedi\/","name":"Moris-\u015einasi \u00c7ocuk Hastanesinin D\u0131\u015fardan Gelen Yard\u0131m Paralar\u0131n\u0131 Kimler Yedi? - AvrupaPress","isPartOf":{"@id":"https:\/\/avrupapress.com\/#website"},"primaryImageOfPage":{"@id":"https:\/\/avrupapress.com\/2019\/06\/18\/moris-sinasi-cocuk-hastanesinin-disardan-gelen-yardim-paralarini-kimler-yedi\/#primaryimage"},"image":{"@id":"https:\/\/avrupapress.com\/2019\/06\/18\/moris-sinasi-cocuk-hastanesinin-disardan-gelen-yardim-paralarini-kimler-yedi\/#primaryimage"},"thumbnailUrl":"https:\/\/avrupapress.com\/main\/wp-content\/uploads\/2019\/06\/thumbnail_58380549_2333363930286145_2415973572775247872_n.jpg","datePublished":"2019-06-18T17:32:26+00:00","dateModified":"2019-06-18T17:32:27+00:00","breadcrumb":{"@id":"https:\/\/avrupapress.com\/2019\/06\/18\/moris-sinasi-cocuk-hastanesinin-disardan-gelen-yardim-paralarini-kimler-yedi\/#breadcrumb"},"inLanguage":"fr-BE","potentialAction":[{"@type":"ReadAction","target":["https:\/\/avrupapress.com\/2019\/06\/18\/moris-sinasi-cocuk-hastanesinin-disardan-gelen-yardim-paralarini-kimler-yedi\/"]}]},{"@type":"ImageObject","inLanguage":"fr-BE","@id":"https:\/\/avrupapress.com\/2019\/06\/18\/moris-sinasi-cocuk-hastanesinin-disardan-gelen-yardim-paralarini-kimler-yedi\/#primaryimage","url":"https:\/\/avrupapress.com\/main\/wp-content\/uploads\/2019\/06\/thumbnail_58380549_2333363930286145_2415973572775247872_n.jpg","contentUrl":"https:\/\/avrupapress.com\/main\/wp-content\/uploads\/2019\/06\/thumbnail_58380549_2333363930286145_2415973572775247872_n.jpg","width":960,"height":576},{"@type":"BreadcrumbList","@id":"https:\/\/avrupapress.com\/2019\/06\/18\/moris-sinasi-cocuk-hastanesinin-disardan-gelen-yardim-paralarini-kimler-yedi\/#breadcrumb","itemListElement":[{"@type":"ListItem","position":1,"name":"Anasayfa","item":"https:\/\/avrupapress.com\/"},{"@type":"ListItem","position":2,"name":"Moris-\u015einasi \u00c7ocuk Hastanesinin D\u0131\u015fardan Gelen Yard\u0131m Paralar\u0131n\u0131 Kimler Yedi?"}]},{"@type":"WebSite","@id":"https:\/\/avrupapress.com\/#website","url":"https:\/\/avrupapress.com\/","name":"AvrupaPress","description":"Haberin Adresi","publisher":{"@id":"https:\/\/avrupapress.com\/#\/schema\/person\/0223dca19c72c43575bf30d1a2d8f4fa"},"potentialAction":[{"@type":"SearchAction","target":{"@type":"EntryPoint","urlTemplate":"https:\/\/avrupapress.com\/?s={search_term_string}"},"query-input":{"@type":"PropertyValueSpecification","valueRequired":true,"valueName":"search_term_string"}}],"inLanguage":"fr-BE"},{"@type":["Person","Organization"],"@id":"https:\/\/avrupapress.com\/#\/schema\/person\/0223dca19c72c43575bf30d1a2d8f4fa","name":"Bilgin \u00d6z\u00e7ift\u00e7i","image":{"@type":"ImageObject","inLanguage":"fr-BE","@id":"https:\/\/avrupapress.com\/#\/schema\/person\/image\/","url":"https:\/\/secure.gravatar.com\/avatar\/0f23b280433a21e1ea7a0adcc46ed0ad16afe3ad8e630fd13d8a017dcbd54ef3?s=96&d=mm&r=g","contentUrl":"https:\/\/secure.gravatar.com\/avatar\/0f23b280433a21e1ea7a0adcc46ed0ad16afe3ad8e630fd13d8a017dcbd54ef3?s=96&d=mm&r=g","caption":"Bilgin \u00d6z\u00e7ift\u00e7i"},"logo":{"@id":"https:\/\/avrupapress.com\/#\/schema\/person\/image\/"},"description":"Ne ben, nede sen... Biz ancak \"biz\" olursak g\u00fc\u00e7l\u00fc olabiliriz"},{"@type":"Person","@id":"https:\/\/avrupapress.com\/#\/schema\/person\/68428444ec60970d1e1b700cf4ca1e8f","name":"Edit\u00f6r","image":{"@type":"ImageObject","inLanguage":"fr-BE","@id":"https:\/\/avrupapress.com\/#\/schema\/person\/image\/","url":"https:\/\/secure.gravatar.com\/avatar\/74996b0977aa5f1559ba9883776652508b229005c0d78fb2597897f0bd651c09?s=96&d=mm&r=g","contentUrl":"https:\/\/secure.gravatar.com\/avatar\/74996b0977aa5f1559ba9883776652508b229005c0d78fb2597897f0bd651c09?s=96&d=mm&r=g","caption":"Edit\u00f6r"},"sameAs":["http:\/\/www.avrupapress.com"],"url":"https:\/\/avrupapress.com\/main\/author\/editor\/"}]}},"_links":{"self":[{"href":"https:\/\/avrupapress.com\/main\/wp-json\/wp\/v2\/posts\/9258","targetHints":{"allow":["GET"]}}],"collection":[{"href":"https:\/\/avrupapress.com\/main\/wp-json\/wp\/v2\/posts"}],"about":[{"href":"https:\/\/avrupapress.com\/main\/wp-json\/wp\/v2\/types\/post"}],"author":[{"embeddable":true,"href":"https:\/\/avrupapress.com\/main\/wp-json\/wp\/v2\/users\/3"}],"replies":[{"embeddable":true,"href":"https:\/\/avrupapress.com\/main\/wp-json\/wp\/v2\/comments?post=9258"}],"version-history":[{"count":1,"href":"https:\/\/avrupapress.com\/main\/wp-json\/wp\/v2\/posts\/9258\/revisions"}],"predecessor-version":[{"id":9265,"href":"https:\/\/avrupapress.com\/main\/wp-json\/wp\/v2\/posts\/9258\/revisions\/9265"}],"wp:featuredmedia":[{"embeddable":true,"href":"https:\/\/avrupapress.com\/main\/wp-json\/wp\/v2\/media\/9259"}],"wp:attachment":[{"href":"https:\/\/avrupapress.com\/main\/wp-json\/wp\/v2\/media?parent=9258"}],"wp:term":[{"taxonomy":"category","embeddable":true,"href":"https:\/\/avrupapress.com\/main\/wp-json\/wp\/v2\/categories?post=9258"},{"taxonomy":"post_tag","embeddable":true,"href":"https:\/\/avrupapress.com\/main\/wp-json\/wp\/v2\/tags?post=9258"}],"curies":[{"name":"wp","href":"https:\/\/api.w.org\/{rel}","templated":true}]}}