{"id":9255,"date":"2019-06-16T22:37:11","date_gmt":"2019-06-16T22:37:11","guid":{"rendered":"http:\/\/avrupapress.com\/main\/?p=9255"},"modified":"2019-06-16T22:37:12","modified_gmt":"2019-06-16T22:37:12","slug":"natodan-cok-kritik-aciklama-gerekirse-turkiyenin-yaptigini-yapariz","status":"publish","type":"post","link":"https:\/\/avrupapress.com\/main\/2019\/06\/16\/natodan-cok-kritik-aciklama-gerekirse-turkiyenin-yaptigini-yapariz\/","title":{"rendered":"NATO&rsquo;dan \u00e7ok kritik a\u00e7\u0131klama: Gerekirse T\u00fcrkiye&rsquo;nin yapt\u0131\u011f\u0131n\u0131 yapar\u0131z"},"content":{"rendered":"\n<h2 class=\"wp-block-heading\">Kuzey Atlantik Antla\u015fmas\u0131 \u00d6rg\u00fct\u00fc NATO&rsquo;da g\u00fcndem AWACS sistemi. Kurulu\u015fun \u00ab\u00a0g\u00f6ky\u00fcz\u00fcndeki g\u00f6z\u00fc\u00a0\u00bb olarak da bilinen hava g\u00f6zlem sisteminin eskimesi tart\u0131\u015fma yaratt\u0131. AWACS sisteminin g\u00fcncellenmesi ya da yenilenmesi tart\u0131\u015fmas\u0131 aras\u0131nda, \u00ab\u00a0T\u00fcrkiye gibi Boeing&rsquo;in geli\u015ftirdi\u011fi daha yeni bir radar sistemi olan E-7&rsquo;yi alabiliriz\u00a0\u00bb dedi.<\/h2>\n\n\n\n<p>\n\nSon d\u00f6nemde m\u00fcttefikleri aras\u0131nda ciddi bir krizin patlak verdi\u011fi NATO&rsquo;nun bir di\u011fer g\u00fcndem maddesi ise kurulu\u015fun \u00ab\u00a0g\u00f6ky\u00fcz\u00fcndeki g\u00f6zleri\u00a0\u00bb olarak tan\u0131mlanan AWACS sistemlerinin eskimesi. \u015eu an 14 Boeing E-3A Hava Kontrol ve Uyar\u0131 Sistemi\u2019ne sahip olan NATO&rsquo;nun AWACS&rsquo;lardan sorumlu yetkilisi Michael Gschossmann, a\u00e7\u0131klamalarda bulundu.<br>Gschossmann bu y\u0131l\u0131n Aral\u0131k ay\u0131nda Boeing ile bir anla\u015fma yap\u0131laca\u011f\u0131n\u0131 a\u00e7\u0131klarken, \u00ab\u00a0Bir an \u00f6nce filoyu yenilememiz ve yenilerini almam\u0131z gerek, ara\u015ft\u0131rmalar bir an \u00f6nce tamamlanmal\u0131\u00a0\u00bb ifadesini kulland\u0131. Reuters&rsquo;a konu\u015fan Gschossmann NATO&rsquo;nun bir an \u00f6nce karar vermesi gerekti\u011fini vurgulayarak, \u00ab\u00a0NATO, Boeing&rsquo;in yeni radar u\u00e7a\u011f\u0131 E-7&rsquo;yi sat\u0131n alan \u00fcye \u00fclkeler \u0130ngiltere ve T\u00fcrkiye&rsquo;yi takip edebilir. Bu hava ara\u00e7lar\u0131 yeni eklemeler yapabilecek kadar geni\u015f ve gelecek y\u0131llarda izleme mesafesini geli\u015ftirebilecek\u00a0\u00bb dedi.<br>NATO&rsquo;nun \u00fcst d\u00fczey yetkilisi olan Gschossmann, e\u011fer yak\u0131n zamanda karar verilmezse hem maddi hem de operasyonel olarak NATO&rsquo;nun zarar g\u00f6rece\u011fini belirtti. Gschossmann, gelecekte de kullan\u0131labilecek bir sistem kullan\u0131lmas\u0131 gerekti\u011fini aktard\u0131.\n\n<\/p>\n","protected":false},"excerpt":{"rendered":"<p>Kuzey Atlantik Antla\u015fmas\u0131 \u00d6rg\u00fct\u00fc NATO&rsquo;da g\u00fcndem AWACS sistemi. Kurulu\u015fun \u00ab\u00a0g\u00f6ky\u00fcz\u00fcndeki g\u00f6z\u00fc\u00a0\u00bb olarak da bilinen hava g\u00f6zlem sisteminin eskimesi tart\u0131\u015fma yaratt\u0131. AWACS sisteminin g\u00fcncellenmesi ya da yenilenmesi tart\u0131\u015fmas\u0131 aras\u0131nda, \u00ab\u00a0T\u00fcrkiye gibi Boeing&rsquo;in geli\u015ftirdi\u011fi daha yeni bir radar sistemi olan E-7&rsquo;yi alabiliriz\u00a0\u00bb dedi. Son d\u00f6nemde m\u00fcttefikleri aras\u0131nda ciddi bir krizin patlak verdi\u011fi NATO&rsquo;nun bir di\u011fer g\u00fcndem maddesi [&hellip;]<\/p>\n","protected":false},"author":3,"featured_media":9256,"comment_status":"open","ping_status":"open","sticky":false,"template":"","format":"standard","meta":{"footnotes":""},"categories":[14,16,3,17,18,19,2,1],"tags":[],"class_list":["post-9255","post","type-post","status-publish","format-standard","has-post-thumbnail","hentry","category-avrupa","category-belcika","category-dunya","category-ekonomi","category-kultur-sanat","category-tanitim","category-turkiye","category-uncategorized"],"yoast_head":"<!-- This site is optimized with the Yoast SEO plugin v26.9 - https:\/\/yoast.com\/product\/yoast-seo-wordpress\/ -->\n<title>NATO&#039;dan \u00e7ok kritik a\u00e7\u0131klama: Gerekirse T\u00fcrkiye&#039;nin yapt\u0131\u011f\u0131n\u0131 yapar\u0131z - AvrupaPress<\/title>\n<meta name=\"robots\" content=\"index, follow, max-snippet:-1, max-image-preview:large, max-video-preview:-1\" \/>\n<link rel=\"canonical\" href=\"https:\/\/avrupapress.com\/2019\/06\/16\/natodan-cok-kritik-aciklama-gerekirse-turkiyenin-yaptigini-yapariz\/\" \/>\n<meta property=\"og:locale\" content=\"fr_FR\" \/>\n<meta property=\"og:type\" content=\"article\" \/>\n<meta property=\"og:title\" content=\"NATO&#039;dan \u00e7ok kritik a\u00e7\u0131klama: Gerekirse T\u00fcrkiye&#039;nin yapt\u0131\u011f\u0131n\u0131 yapar\u0131z - AvrupaPress\" \/>\n<meta property=\"og:description\" content=\"Kuzey Atlantik Antla\u015fmas\u0131 \u00d6rg\u00fct\u00fc NATO&rsquo;da g\u00fcndem AWACS sistemi. Kurulu\u015fun \u00ab\u00a0g\u00f6ky\u00fcz\u00fcndeki g\u00f6z\u00fc\u00a0\u00bb olarak da bilinen hava g\u00f6zlem sisteminin eskimesi tart\u0131\u015fma yaratt\u0131. AWACS sisteminin g\u00fcncellenmesi ya da yenilenmesi tart\u0131\u015fmas\u0131 aras\u0131nda, \u00ab\u00a0T\u00fcrkiye gibi Boeing&rsquo;in geli\u015ftirdi\u011fi daha yeni bir radar sistemi olan E-7&rsquo;yi alabiliriz\u00a0\u00bb dedi. Son d\u00f6nemde m\u00fcttefikleri aras\u0131nda ciddi bir krizin patlak verdi\u011fi NATO&rsquo;nun bir di\u011fer g\u00fcndem maddesi [&hellip;]\" \/>\n<meta property=\"og:url\" content=\"https:\/\/avrupapress.com\/2019\/06\/16\/natodan-cok-kritik-aciklama-gerekirse-turkiyenin-yaptigini-yapariz\/\" \/>\n<meta property=\"og:site_name\" content=\"AvrupaPress\" \/>\n<meta property=\"article:published_time\" content=\"2019-06-16T22:37:11+00:00\" \/>\n<meta property=\"article:modified_time\" content=\"2019-06-16T22:37:12+00:00\" \/>\n<meta property=\"og:image\" content=\"https:\/\/avrupapress.com\/wp-content\/uploads\/2019\/06\/natodan_cok_kritik_aciklama_gerekirse_turkiyenin_yaptigini_yapariz_1560665250_3228.jpg\" \/>\n\t<meta property=\"og:image:width\" content=\"620\" \/>\n\t<meta property=\"og:image:height\" content=\"360\" \/>\n\t<meta property=\"og:image:type\" content=\"image\/jpeg\" \/>\n<meta name=\"author\" content=\"Edit\u00f6r\" \/>\n<meta name=\"twitter:card\" content=\"summary_large_image\" \/>\n<meta name=\"twitter:label1\" content=\"\u00c9crit par\" \/>\n\t<meta name=\"twitter:data1\" content=\"Edit\u00f6r\" \/>\n\t<meta name=\"twitter:label2\" content=\"Dur\u00e9e de lecture est.\" \/>\n\t<meta name=\"twitter:data2\" content=\"1 minute\" \/>\n<script type=\"application\/ld+json\" class=\"yoast-schema-graph\">{\"@context\":\"https:\/\/schema.org\",\"@graph\":[{\"@type\":\"Article\",\"@id\":\"https:\/\/avrupapress.com\/2019\/06\/16\/natodan-cok-kritik-aciklama-gerekirse-turkiyenin-yaptigini-yapariz\/#article\",\"isPartOf\":{\"@id\":\"https:\/\/avrupapress.com\/2019\/06\/16\/natodan-cok-kritik-aciklama-gerekirse-turkiyenin-yaptigini-yapariz\/\"},\"author\":{\"name\":\"Edit\u00f6r\",\"@id\":\"https:\/\/avrupapress.com\/#\/schema\/person\/68428444ec60970d1e1b700cf4ca1e8f\"},\"headline\":\"NATO&rsquo;dan \u00e7ok kritik a\u00e7\u0131klama: Gerekirse T\u00fcrkiye&rsquo;nin yapt\u0131\u011f\u0131n\u0131 yapar\u0131z\",\"datePublished\":\"2019-06-16T22:37:11+00:00\",\"dateModified\":\"2019-06-16T22:37:12+00:00\",\"mainEntityOfPage\":{\"@id\":\"https:\/\/avrupapress.com\/2019\/06\/16\/natodan-cok-kritik-aciklama-gerekirse-turkiyenin-yaptigini-yapariz\/\"},\"wordCount\":253,\"commentCount\":0,\"publisher\":{\"@id\":\"https:\/\/avrupapress.com\/#\/schema\/person\/0223dca19c72c43575bf30d1a2d8f4fa\"},\"image\":{\"@id\":\"https:\/\/avrupapress.com\/2019\/06\/16\/natodan-cok-kritik-aciklama-gerekirse-turkiyenin-yaptigini-yapariz\/#primaryimage\"},\"thumbnailUrl\":\"https:\/\/avrupapress.com\/main\/wp-content\/uploads\/2019\/06\/natodan_cok_kritik_aciklama_gerekirse_turkiyenin_yaptigini_yapariz_1560665250_3228.jpg\",\"articleSection\":[\"Avrupa\",\"Bel\u00e7ika\",\"D\u00fcnya\",\"Ekonomi\",\"K\u00fclt\u00fcr-Sanat\",\"Tan\u0131t\u0131m\",\"T\u00fcrkiye\",\"Uncategorized\"],\"inLanguage\":\"fr-BE\",\"potentialAction\":[{\"@type\":\"CommentAction\",\"name\":\"Comment\",\"target\":[\"https:\/\/avrupapress.com\/2019\/06\/16\/natodan-cok-kritik-aciklama-gerekirse-turkiyenin-yaptigini-yapariz\/#respond\"]}]},{\"@type\":\"WebPage\",\"@id\":\"https:\/\/avrupapress.com\/2019\/06\/16\/natodan-cok-kritik-aciklama-gerekirse-turkiyenin-yaptigini-yapariz\/\",\"url\":\"https:\/\/avrupapress.com\/2019\/06\/16\/natodan-cok-kritik-aciklama-gerekirse-turkiyenin-yaptigini-yapariz\/\",\"name\":\"NATO'dan \u00e7ok kritik a\u00e7\u0131klama: Gerekirse T\u00fcrkiye'nin yapt\u0131\u011f\u0131n\u0131 yapar\u0131z - AvrupaPress\",\"isPartOf\":{\"@id\":\"https:\/\/avrupapress.com\/#website\"},\"primaryImageOfPage\":{\"@id\":\"https:\/\/avrupapress.com\/2019\/06\/16\/natodan-cok-kritik-aciklama-gerekirse-turkiyenin-yaptigini-yapariz\/#primaryimage\"},\"image\":{\"@id\":\"https:\/\/avrupapress.com\/2019\/06\/16\/natodan-cok-kritik-aciklama-gerekirse-turkiyenin-yaptigini-yapariz\/#primaryimage\"},\"thumbnailUrl\":\"https:\/\/avrupapress.com\/main\/wp-content\/uploads\/2019\/06\/natodan_cok_kritik_aciklama_gerekirse_turkiyenin_yaptigini_yapariz_1560665250_3228.jpg\",\"datePublished\":\"2019-06-16T22:37:11+00:00\",\"dateModified\":\"2019-06-16T22:37:12+00:00\",\"breadcrumb\":{\"@id\":\"https:\/\/avrupapress.com\/2019\/06\/16\/natodan-cok-kritik-aciklama-gerekirse-turkiyenin-yaptigini-yapariz\/#breadcrumb\"},\"inLanguage\":\"fr-BE\",\"potentialAction\":[{\"@type\":\"ReadAction\",\"target\":[\"https:\/\/avrupapress.com\/2019\/06\/16\/natodan-cok-kritik-aciklama-gerekirse-turkiyenin-yaptigini-yapariz\/\"]}]},{\"@type\":\"ImageObject\",\"inLanguage\":\"fr-BE\",\"@id\":\"https:\/\/avrupapress.com\/2019\/06\/16\/natodan-cok-kritik-aciklama-gerekirse-turkiyenin-yaptigini-yapariz\/#primaryimage\",\"url\":\"https:\/\/avrupapress.com\/main\/wp-content\/uploads\/2019\/06\/natodan_cok_kritik_aciklama_gerekirse_turkiyenin_yaptigini_yapariz_1560665250_3228.jpg\",\"contentUrl\":\"https:\/\/avrupapress.com\/main\/wp-content\/uploads\/2019\/06\/natodan_cok_kritik_aciklama_gerekirse_turkiyenin_yaptigini_yapariz_1560665250_3228.jpg\",\"width\":620,\"height\":360},{\"@type\":\"BreadcrumbList\",\"@id\":\"https:\/\/avrupapress.com\/2019\/06\/16\/natodan-cok-kritik-aciklama-gerekirse-turkiyenin-yaptigini-yapariz\/#breadcrumb\",\"itemListElement\":[{\"@type\":\"ListItem\",\"position\":1,\"name\":\"Anasayfa\",\"item\":\"https:\/\/avrupapress.com\/\"},{\"@type\":\"ListItem\",\"position\":2,\"name\":\"NATO&#8217;dan \u00e7ok kritik a\u00e7\u0131klama: Gerekirse T\u00fcrkiye&#8217;nin yapt\u0131\u011f\u0131n\u0131 yapar\u0131z\"}]},{\"@type\":\"WebSite\",\"@id\":\"https:\/\/avrupapress.com\/#website\",\"url\":\"https:\/\/avrupapress.com\/\",\"name\":\"AvrupaPress\",\"description\":\"Haberin Adresi\",\"publisher\":{\"@id\":\"https:\/\/avrupapress.com\/#\/schema\/person\/0223dca19c72c43575bf30d1a2d8f4fa\"},\"potentialAction\":[{\"@type\":\"SearchAction\",\"target\":{\"@type\":\"EntryPoint\",\"urlTemplate\":\"https:\/\/avrupapress.com\/?s={search_term_string}\"},\"query-input\":{\"@type\":\"PropertyValueSpecification\",\"valueRequired\":true,\"valueName\":\"search_term_string\"}}],\"inLanguage\":\"fr-BE\"},{\"@type\":[\"Person\",\"Organization\"],\"@id\":\"https:\/\/avrupapress.com\/#\/schema\/person\/0223dca19c72c43575bf30d1a2d8f4fa\",\"name\":\"Bilgin \u00d6z\u00e7ift\u00e7i\",\"image\":{\"@type\":\"ImageObject\",\"inLanguage\":\"fr-BE\",\"@id\":\"https:\/\/avrupapress.com\/#\/schema\/person\/image\/\",\"url\":\"https:\/\/secure.gravatar.com\/avatar\/0f23b280433a21e1ea7a0adcc46ed0ad16afe3ad8e630fd13d8a017dcbd54ef3?s=96&d=mm&r=g\",\"contentUrl\":\"https:\/\/secure.gravatar.com\/avatar\/0f23b280433a21e1ea7a0adcc46ed0ad16afe3ad8e630fd13d8a017dcbd54ef3?s=96&d=mm&r=g\",\"caption\":\"Bilgin \u00d6z\u00e7ift\u00e7i\"},\"logo\":{\"@id\":\"https:\/\/avrupapress.com\/#\/schema\/person\/image\/\"},\"description\":\"Ne ben, nede sen... Biz ancak \\\"biz\\\" olursak g\u00fc\u00e7l\u00fc olabiliriz\"},{\"@type\":\"Person\",\"@id\":\"https:\/\/avrupapress.com\/#\/schema\/person\/68428444ec60970d1e1b700cf4ca1e8f\",\"name\":\"Edit\u00f6r\",\"image\":{\"@type\":\"ImageObject\",\"inLanguage\":\"fr-BE\",\"@id\":\"https:\/\/avrupapress.com\/#\/schema\/person\/image\/\",\"url\":\"https:\/\/secure.gravatar.com\/avatar\/74996b0977aa5f1559ba9883776652508b229005c0d78fb2597897f0bd651c09?s=96&d=mm&r=g\",\"contentUrl\":\"https:\/\/secure.gravatar.com\/avatar\/74996b0977aa5f1559ba9883776652508b229005c0d78fb2597897f0bd651c09?s=96&d=mm&r=g\",\"caption\":\"Edit\u00f6r\"},\"sameAs\":[\"http:\/\/www.avrupapress.com\"],\"url\":\"https:\/\/avrupapress.com\/main\/author\/editor\/\"}]}<\/script>\n<!-- \/ Yoast SEO plugin. -->","yoast_head_json":{"title":"NATO'dan \u00e7ok kritik a\u00e7\u0131klama: Gerekirse T\u00fcrkiye'nin yapt\u0131\u011f\u0131n\u0131 yapar\u0131z - AvrupaPress","robots":{"index":"index","follow":"follow","max-snippet":"max-snippet:-1","max-image-preview":"max-image-preview:large","max-video-preview":"max-video-preview:-1"},"canonical":"https:\/\/avrupapress.com\/2019\/06\/16\/natodan-cok-kritik-aciklama-gerekirse-turkiyenin-yaptigini-yapariz\/","og_locale":"fr_FR","og_type":"article","og_title":"NATO'dan \u00e7ok kritik a\u00e7\u0131klama: Gerekirse T\u00fcrkiye'nin yapt\u0131\u011f\u0131n\u0131 yapar\u0131z - AvrupaPress","og_description":"Kuzey Atlantik Antla\u015fmas\u0131 \u00d6rg\u00fct\u00fc NATO&rsquo;da g\u00fcndem AWACS sistemi. Kurulu\u015fun \u00ab\u00a0g\u00f6ky\u00fcz\u00fcndeki g\u00f6z\u00fc\u00a0\u00bb olarak da bilinen hava g\u00f6zlem sisteminin eskimesi tart\u0131\u015fma yaratt\u0131. AWACS sisteminin g\u00fcncellenmesi ya da yenilenmesi tart\u0131\u015fmas\u0131 aras\u0131nda, \u00ab\u00a0T\u00fcrkiye gibi Boeing&rsquo;in geli\u015ftirdi\u011fi daha yeni bir radar sistemi olan E-7&rsquo;yi alabiliriz\u00a0\u00bb dedi. Son d\u00f6nemde m\u00fcttefikleri aras\u0131nda ciddi bir krizin patlak verdi\u011fi NATO&rsquo;nun bir di\u011fer g\u00fcndem maddesi [&hellip;]","og_url":"https:\/\/avrupapress.com\/2019\/06\/16\/natodan-cok-kritik-aciklama-gerekirse-turkiyenin-yaptigini-yapariz\/","og_site_name":"AvrupaPress","article_published_time":"2019-06-16T22:37:11+00:00","article_modified_time":"2019-06-16T22:37:12+00:00","og_image":[{"width":620,"height":360,"url":"https:\/\/avrupapress.com\/wp-content\/uploads\/2019\/06\/natodan_cok_kritik_aciklama_gerekirse_turkiyenin_yaptigini_yapariz_1560665250_3228.jpg","type":"image\/jpeg"}],"author":"Edit\u00f6r","twitter_card":"summary_large_image","twitter_misc":{"\u00c9crit par":"Edit\u00f6r","Dur\u00e9e de lecture est.":"1 minute"},"schema":{"@context":"https:\/\/schema.org","@graph":[{"@type":"Article","@id":"https:\/\/avrupapress.com\/2019\/06\/16\/natodan-cok-kritik-aciklama-gerekirse-turkiyenin-yaptigini-yapariz\/#article","isPartOf":{"@id":"https:\/\/avrupapress.com\/2019\/06\/16\/natodan-cok-kritik-aciklama-gerekirse-turkiyenin-yaptigini-yapariz\/"},"author":{"name":"Edit\u00f6r","@id":"https:\/\/avrupapress.com\/#\/schema\/person\/68428444ec60970d1e1b700cf4ca1e8f"},"headline":"NATO&rsquo;dan \u00e7ok kritik a\u00e7\u0131klama: Gerekirse T\u00fcrkiye&rsquo;nin yapt\u0131\u011f\u0131n\u0131 yapar\u0131z","datePublished":"2019-06-16T22:37:11+00:00","dateModified":"2019-06-16T22:37:12+00:00","mainEntityOfPage":{"@id":"https:\/\/avrupapress.com\/2019\/06\/16\/natodan-cok-kritik-aciklama-gerekirse-turkiyenin-yaptigini-yapariz\/"},"wordCount":253,"commentCount":0,"publisher":{"@id":"https:\/\/avrupapress.com\/#\/schema\/person\/0223dca19c72c43575bf30d1a2d8f4fa"},"image":{"@id":"https:\/\/avrupapress.com\/2019\/06\/16\/natodan-cok-kritik-aciklama-gerekirse-turkiyenin-yaptigini-yapariz\/#primaryimage"},"thumbnailUrl":"https:\/\/avrupapress.com\/main\/wp-content\/uploads\/2019\/06\/natodan_cok_kritik_aciklama_gerekirse_turkiyenin_yaptigini_yapariz_1560665250_3228.jpg","articleSection":["Avrupa","Bel\u00e7ika","D\u00fcnya","Ekonomi","K\u00fclt\u00fcr-Sanat","Tan\u0131t\u0131m","T\u00fcrkiye","Uncategorized"],"inLanguage":"fr-BE","potentialAction":[{"@type":"CommentAction","name":"Comment","target":["https:\/\/avrupapress.com\/2019\/06\/16\/natodan-cok-kritik-aciklama-gerekirse-turkiyenin-yaptigini-yapariz\/#respond"]}]},{"@type":"WebPage","@id":"https:\/\/avrupapress.com\/2019\/06\/16\/natodan-cok-kritik-aciklama-gerekirse-turkiyenin-yaptigini-yapariz\/","url":"https:\/\/avrupapress.com\/2019\/06\/16\/natodan-cok-kritik-aciklama-gerekirse-turkiyenin-yaptigini-yapariz\/","name":"NATO'dan \u00e7ok kritik a\u00e7\u0131klama: Gerekirse T\u00fcrkiye'nin yapt\u0131\u011f\u0131n\u0131 yapar\u0131z - AvrupaPress","isPartOf":{"@id":"https:\/\/avrupapress.com\/#website"},"primaryImageOfPage":{"@id":"https:\/\/avrupapress.com\/2019\/06\/16\/natodan-cok-kritik-aciklama-gerekirse-turkiyenin-yaptigini-yapariz\/#primaryimage"},"image":{"@id":"https:\/\/avrupapress.com\/2019\/06\/16\/natodan-cok-kritik-aciklama-gerekirse-turkiyenin-yaptigini-yapariz\/#primaryimage"},"thumbnailUrl":"https:\/\/avrupapress.com\/main\/wp-content\/uploads\/2019\/06\/natodan_cok_kritik_aciklama_gerekirse_turkiyenin_yaptigini_yapariz_1560665250_3228.jpg","datePublished":"2019-06-16T22:37:11+00:00","dateModified":"2019-06-16T22:37:12+00:00","breadcrumb":{"@id":"https:\/\/avrupapress.com\/2019\/06\/16\/natodan-cok-kritik-aciklama-gerekirse-turkiyenin-yaptigini-yapariz\/#breadcrumb"},"inLanguage":"fr-BE","potentialAction":[{"@type":"ReadAction","target":["https:\/\/avrupapress.com\/2019\/06\/16\/natodan-cok-kritik-aciklama-gerekirse-turkiyenin-yaptigini-yapariz\/"]}]},{"@type":"ImageObject","inLanguage":"fr-BE","@id":"https:\/\/avrupapress.com\/2019\/06\/16\/natodan-cok-kritik-aciklama-gerekirse-turkiyenin-yaptigini-yapariz\/#primaryimage","url":"https:\/\/avrupapress.com\/main\/wp-content\/uploads\/2019\/06\/natodan_cok_kritik_aciklama_gerekirse_turkiyenin_yaptigini_yapariz_1560665250_3228.jpg","contentUrl":"https:\/\/avrupapress.com\/main\/wp-content\/uploads\/2019\/06\/natodan_cok_kritik_aciklama_gerekirse_turkiyenin_yaptigini_yapariz_1560665250_3228.jpg","width":620,"height":360},{"@type":"BreadcrumbList","@id":"https:\/\/avrupapress.com\/2019\/06\/16\/natodan-cok-kritik-aciklama-gerekirse-turkiyenin-yaptigini-yapariz\/#breadcrumb","itemListElement":[{"@type":"ListItem","position":1,"name":"Anasayfa","item":"https:\/\/avrupapress.com\/"},{"@type":"ListItem","position":2,"name":"NATO&#8217;dan \u00e7ok kritik a\u00e7\u0131klama: Gerekirse T\u00fcrkiye&#8217;nin yapt\u0131\u011f\u0131n\u0131 yapar\u0131z"}]},{"@type":"WebSite","@id":"https:\/\/avrupapress.com\/#website","url":"https:\/\/avrupapress.com\/","name":"AvrupaPress","description":"Haberin Adresi","publisher":{"@id":"https:\/\/avrupapress.com\/#\/schema\/person\/0223dca19c72c43575bf30d1a2d8f4fa"},"potentialAction":[{"@type":"SearchAction","target":{"@type":"EntryPoint","urlTemplate":"https:\/\/avrupapress.com\/?s={search_term_string}"},"query-input":{"@type":"PropertyValueSpecification","valueRequired":true,"valueName":"search_term_string"}}],"inLanguage":"fr-BE"},{"@type":["Person","Organization"],"@id":"https:\/\/avrupapress.com\/#\/schema\/person\/0223dca19c72c43575bf30d1a2d8f4fa","name":"Bilgin \u00d6z\u00e7ift\u00e7i","image":{"@type":"ImageObject","inLanguage":"fr-BE","@id":"https:\/\/avrupapress.com\/#\/schema\/person\/image\/","url":"https:\/\/secure.gravatar.com\/avatar\/0f23b280433a21e1ea7a0adcc46ed0ad16afe3ad8e630fd13d8a017dcbd54ef3?s=96&d=mm&r=g","contentUrl":"https:\/\/secure.gravatar.com\/avatar\/0f23b280433a21e1ea7a0adcc46ed0ad16afe3ad8e630fd13d8a017dcbd54ef3?s=96&d=mm&r=g","caption":"Bilgin \u00d6z\u00e7ift\u00e7i"},"logo":{"@id":"https:\/\/avrupapress.com\/#\/schema\/person\/image\/"},"description":"Ne ben, nede sen... Biz ancak \"biz\" olursak g\u00fc\u00e7l\u00fc olabiliriz"},{"@type":"Person","@id":"https:\/\/avrupapress.com\/#\/schema\/person\/68428444ec60970d1e1b700cf4ca1e8f","name":"Edit\u00f6r","image":{"@type":"ImageObject","inLanguage":"fr-BE","@id":"https:\/\/avrupapress.com\/#\/schema\/person\/image\/","url":"https:\/\/secure.gravatar.com\/avatar\/74996b0977aa5f1559ba9883776652508b229005c0d78fb2597897f0bd651c09?s=96&d=mm&r=g","contentUrl":"https:\/\/secure.gravatar.com\/avatar\/74996b0977aa5f1559ba9883776652508b229005c0d78fb2597897f0bd651c09?s=96&d=mm&r=g","caption":"Edit\u00f6r"},"sameAs":["http:\/\/www.avrupapress.com"],"url":"https:\/\/avrupapress.com\/main\/author\/editor\/"}]}},"_links":{"self":[{"href":"https:\/\/avrupapress.com\/main\/wp-json\/wp\/v2\/posts\/9255","targetHints":{"allow":["GET"]}}],"collection":[{"href":"https:\/\/avrupapress.com\/main\/wp-json\/wp\/v2\/posts"}],"about":[{"href":"https:\/\/avrupapress.com\/main\/wp-json\/wp\/v2\/types\/post"}],"author":[{"embeddable":true,"href":"https:\/\/avrupapress.com\/main\/wp-json\/wp\/v2\/users\/3"}],"replies":[{"embeddable":true,"href":"https:\/\/avrupapress.com\/main\/wp-json\/wp\/v2\/comments?post=9255"}],"version-history":[{"count":1,"href":"https:\/\/avrupapress.com\/main\/wp-json\/wp\/v2\/posts\/9255\/revisions"}],"predecessor-version":[{"id":9257,"href":"https:\/\/avrupapress.com\/main\/wp-json\/wp\/v2\/posts\/9255\/revisions\/9257"}],"wp:featuredmedia":[{"embeddable":true,"href":"https:\/\/avrupapress.com\/main\/wp-json\/wp\/v2\/media\/9256"}],"wp:attachment":[{"href":"https:\/\/avrupapress.com\/main\/wp-json\/wp\/v2\/media?parent=9255"}],"wp:term":[{"taxonomy":"category","embeddable":true,"href":"https:\/\/avrupapress.com\/main\/wp-json\/wp\/v2\/categories?post=9255"},{"taxonomy":"post_tag","embeddable":true,"href":"https:\/\/avrupapress.com\/main\/wp-json\/wp\/v2\/tags?post=9255"}],"curies":[{"name":"wp","href":"https:\/\/api.w.org\/{rel}","templated":true}]}}