{"id":9250,"date":"2019-06-16T22:18:08","date_gmt":"2019-06-16T22:18:08","guid":{"rendered":"http:\/\/avrupapress.com\/main\/?p=9250"},"modified":"2019-06-16T22:18:10","modified_gmt":"2019-06-16T22:18:10","slug":"international-city-awards-uluslararasi-odul-toreni","status":"publish","type":"post","link":"https:\/\/avrupapress.com\/main\/2019\/06\/16\/international-city-awards-uluslararasi-odul-toreni\/","title":{"rendered":"\u0130NTERNAT\u0130ONAL C\u0130TY AWARDS ULUSLARARASI \u00d6D\u00dcL T\u00d6REN\u0130"},"content":{"rendered":"\n<h2 class=\"wp-block-heading\">International City Awards-Uluslararas\u0131 \u015eehir \u00d6d\u00fclleri Tu\u011fba \u00d6zay ve Murat Parasayar\u2019\u0131n sunumuyla Teddy Club \u0130stanbul\u2019da sahiplerini buldu.<\/h2>\n\n\n\n<p>Ata \u00c7a\u011flayan organizasyonuyla ger\u00e7ekle\u015fen Uluslararas\u0131 \u015eehir \u00d6d\u00fclleri t\u00f6reninde \u015eehrin En \u0130yi Markalar\u0131, En \u0130yi Giri\u015fimleri, En \u0130yi Projeleri, En \u0130yi \u0130\u015fletmeleri, En \u0130yi Mekanlar\u0131, En \u0130yi Televizyon Programlar\u0131 ile En \u0130yi Tiyatro Oyunlar\u0131 , En \u0130yi \u00c7\u0131k\u0131\u015f Yapan Sanat\u00e7\u0131lar \u00f6d\u00fcllendirildi.<\/p>\n\n\n\n<p>Alanlar\u0131nda en iyi ve se\u00e7kin markalar, \u00f6d\u00fcllerini \u00fcnl\u00fc isimlerin ellerinden ald\u0131.<\/p>\n\n\n\n<p>Gecede; KANAL D ANA HABER \u2013 EN \u0130Y\u0130 ANA HABER B\u00dcLTEN\u0130<br><\/p>\n\n\n\n<p>ERAN TAPAN \u2013 YILIN G\u0130R\u0130\u015e\u0130MC\u0130 \u0130\u015e \u0130NSANI<\/p>\n\n\n\n<p>SEMA TUN\u00c7- YILIN EN \u0130Y\u0130 \u00c7IKI\u015e YAPAN T\u00dcRK SANAT M\u00dcZ\u0130\u011e\u0130 SANAT\u00c7ISI&nbsp;<\/p>\n\n\n\n<p>\u0130VANA SERT \u2013 YILIN D\u0130KKAT \u00c7EKEN G\u0130R\u0130\u015e\u0130MC\u0130 KADINI<\/p>\n\n\n\n<p>BANU NOYAN \u2013 YILIN \u0130LET\u0130\u015e\u0130M VE MARKA Y\u00d6NET\u0130M AJANSI<\/p>\n\n\n\n<p>SHOW TV MAGAZ\u0130N PAZAR S\u00dcRPR\u0130Z\u0130 \u2013 YILIN BA\u015eARILI MAGAZ\u0130N PROGRAMI<\/p>\n\n\n\n<p>\u00c7\u0130\u011eDEM TUN\u00c7 \u2013 YILIN BA\u015eARILI T\u0130YATROSU<\/p>\n\n\n\n<p>AHSEN ALMAZ FEAT DJ YUSUF \u015eAH\u0130N\u2013 YILIN D\u0130KKAT \u00c7EKEN COVER \u015eARKISI<\/p>\n\n\n\n<p>BERNA TAN \u2013 YILIN BA\u015eARILI POP \u015eARKICISI<br><\/p>\n\n\n\n<p>TU\u011eBA \u00dcNAL- YILIN EN D\u0130KKAT \u00c7EKEN POP SANAT\u00c7ISI<\/p>\n\n\n\n<p>TEDDY CLUB \u2013 \u0130\u015eLETMEC\u0130 O\u011eUZHAN DURU \u2013 YILIN D\u0130KKAT \u00c7EKEN E\u011eLENCE MEKANI \u2013 YILIN D\u0130KKAT \u00c7EKEN \u0130\u015eLETMEC\u0130S\u0130 \u00f6d\u00fcllerinin sahibi oldu.<\/p>\n\n\n\n<p>Uluslararas\u0131 \u015eehir \u00d6d\u00fclleri gecesine, i\u015f, sanat ve cemiyet hayat\u0131n\u0131n \u00fcnl\u00fc simalar\u0131 kat\u0131ld\u0131.Say Menajerlik solistleri olan T\u00fcrk Sanat M\u00fczi\u011fi Sanat\u00e7\u0131s\u0131 Sema TUN\u00c7 ve Pop Sanat\u00e7\u0131s\u0131 Tu\u011fba \u00dcNAL \u00f6d\u00fcle lay\u0131k g\u00f6r\u00fcld\u00fc.Kimya \u00f6\u011fretmeni olan T\u00fcrk Sanat M\u00fczi\u011fi Sanat\u00e7\u0131s\u0131 Sema TUN\u00c7 s\u00fcpriz projesi olduk\u00e7a ses getirecek .Gecenin finalinde ise ikinci\u00a0 kez sahne alan T\u00fcrk Sanat M\u00fczi\u011fi Sanat\u00e7\u0131s\u0131 SEMA TUN\u00c7 alk\u0131\u015flarla t\u00fcm davetlilere e\u015fsiz m\u00fczik ziyafeti verdi.<\/p>\n\n\n\n<figure class=\"wp-block-image\"><img loading=\"lazy\" decoding=\"async\" width=\"512\" height=\"341\" src=\"http:\/\/avrupapress.com\/main\/wp-content\/uploads\/2019\/06\/thumbnail_sema45.jpg\" alt=\"\" class=\"wp-image-9251\" srcset=\"https:\/\/avrupapress.com\/main\/wp-content\/uploads\/2019\/06\/thumbnail_sema45.jpg 512w, https:\/\/avrupapress.com\/main\/wp-content\/uploads\/2019\/06\/thumbnail_sema45-300x200.jpg 300w\" sizes=\"auto, (max-width: 512px) 100vw, 512px\" \/><\/figure>\n\n\n\n<p><\/p>\n\n\n\n<figure class=\"wp-block-image\"><img loading=\"lazy\" decoding=\"async\" width=\"341\" height=\"512\" src=\"http:\/\/avrupapress.com\/main\/wp-content\/uploads\/2019\/06\/thumbnail_sema47.jpg\" alt=\"\" class=\"wp-image-9252\" srcset=\"https:\/\/avrupapress.com\/main\/wp-content\/uploads\/2019\/06\/thumbnail_sema47.jpg 341w, https:\/\/avrupapress.com\/main\/wp-content\/uploads\/2019\/06\/thumbnail_sema47-200x300.jpg 200w\" sizes=\"auto, (max-width: 341px) 100vw, 341px\" \/><\/figure>\n\n\n\n<figure class=\"wp-block-image\"><img loading=\"lazy\" decoding=\"async\" width=\"341\" height=\"512\" src=\"http:\/\/avrupapress.com\/main\/wp-content\/uploads\/2019\/06\/thumbnail_sema22.jpg\" alt=\"\" class=\"wp-image-9253\" srcset=\"https:\/\/avrupapress.com\/main\/wp-content\/uploads\/2019\/06\/thumbnail_sema22.jpg 341w, https:\/\/avrupapress.com\/main\/wp-content\/uploads\/2019\/06\/thumbnail_sema22-200x300.jpg 200w\" sizes=\"auto, (max-width: 341px) 100vw, 341px\" \/><\/figure>\n\n\n\n<p><strong>MET\u0130N DURMAZ\/F\u0130L\u0130Z KO\u00c7\/ \u0130STANBUL MAGAZ\u0130N \/AVRUPAPRESS<\/strong><br><\/p>\n","protected":false},"excerpt":{"rendered":"<p>International City Awards-Uluslararas\u0131 \u015eehir \u00d6d\u00fclleri Tu\u011fba \u00d6zay ve Murat Parasayar\u2019\u0131n sunumuyla Teddy Club \u0130stanbul\u2019da sahiplerini buldu. Ata \u00c7a\u011flayan organizasyonuyla ger\u00e7ekle\u015fen Uluslararas\u0131 \u015eehir \u00d6d\u00fclleri t\u00f6reninde \u015eehrin En \u0130yi Markalar\u0131, En \u0130yi Giri\u015fimleri, En \u0130yi Projeleri, En \u0130yi \u0130\u015fletmeleri, En \u0130yi Mekanlar\u0131, En \u0130yi Televizyon Programlar\u0131 ile En \u0130yi Tiyatro Oyunlar\u0131 , En \u0130yi \u00c7\u0131k\u0131\u015f Yapan Sanat\u00e7\u0131lar [&hellip;]<\/p>\n","protected":false},"author":3,"featured_media":9251,"comment_status":"open","ping_status":"open","sticky":false,"template":"","format":"standard","meta":{"footnotes":""},"categories":[14,16,3,17,18,19,2,1],"tags":[4831],"class_list":["post-9250","post","type-post","status-publish","format-standard","has-post-thumbnail","hentry","category-avrupa","category-belcika","category-dunya","category-ekonomi","category-kultur-sanat","category-tanitim","category-turkiye","category-uncategorized","tag-international-city-awards-uluslararasi-odul-toreni"],"yoast_head":"<!-- This site is optimized with the Yoast SEO plugin v26.9 - https:\/\/yoast.com\/product\/yoast-seo-wordpress\/ -->\n<title>\u0130NTERNAT\u0130ONAL C\u0130TY AWARDS ULUSLARARASI \u00d6D\u00dcL T\u00d6REN\u0130 - AvrupaPress<\/title>\n<meta name=\"robots\" content=\"index, follow, max-snippet:-1, max-image-preview:large, max-video-preview:-1\" \/>\n<link rel=\"canonical\" href=\"https:\/\/avrupapress.com\/2019\/06\/16\/international-city-awards-uluslararasi-odul-toreni\/\" \/>\n<meta property=\"og:locale\" content=\"fr_FR\" \/>\n<meta property=\"og:type\" content=\"article\" \/>\n<meta property=\"og:title\" content=\"\u0130NTERNAT\u0130ONAL C\u0130TY AWARDS ULUSLARARASI \u00d6D\u00dcL T\u00d6REN\u0130 - AvrupaPress\" \/>\n<meta property=\"og:description\" content=\"International City Awards-Uluslararas\u0131 \u015eehir \u00d6d\u00fclleri Tu\u011fba \u00d6zay ve Murat Parasayar\u2019\u0131n sunumuyla Teddy Club \u0130stanbul\u2019da sahiplerini buldu. Ata \u00c7a\u011flayan organizasyonuyla ger\u00e7ekle\u015fen Uluslararas\u0131 \u015eehir \u00d6d\u00fclleri t\u00f6reninde \u015eehrin En \u0130yi Markalar\u0131, En \u0130yi Giri\u015fimleri, En \u0130yi Projeleri, En \u0130yi \u0130\u015fletmeleri, En \u0130yi Mekanlar\u0131, En \u0130yi Televizyon Programlar\u0131 ile En \u0130yi Tiyatro Oyunlar\u0131 , En \u0130yi \u00c7\u0131k\u0131\u015f Yapan Sanat\u00e7\u0131lar [&hellip;]\" \/>\n<meta property=\"og:url\" content=\"https:\/\/avrupapress.com\/2019\/06\/16\/international-city-awards-uluslararasi-odul-toreni\/\" \/>\n<meta property=\"og:site_name\" content=\"AvrupaPress\" \/>\n<meta property=\"article:published_time\" content=\"2019-06-16T22:18:08+00:00\" \/>\n<meta property=\"article:modified_time\" content=\"2019-06-16T22:18:10+00:00\" \/>\n<meta property=\"og:image\" content=\"https:\/\/avrupapress.com\/wp-content\/uploads\/2019\/06\/thumbnail_sema45.jpg\" \/>\n\t<meta property=\"og:image:width\" content=\"512\" \/>\n\t<meta property=\"og:image:height\" content=\"341\" \/>\n\t<meta property=\"og:image:type\" content=\"image\/jpeg\" \/>\n<meta name=\"author\" content=\"Edit\u00f6r\" \/>\n<meta name=\"twitter:card\" content=\"summary_large_image\" \/>\n<meta name=\"twitter:label1\" content=\"\u00c9crit par\" \/>\n\t<meta name=\"twitter:data1\" content=\"Edit\u00f6r\" \/>\n\t<meta name=\"twitter:label2\" content=\"Dur\u00e9e de lecture est.\" \/>\n\t<meta name=\"twitter:data2\" content=\"2 minutes\" \/>\n<script type=\"application\/ld+json\" class=\"yoast-schema-graph\">{\"@context\":\"https:\/\/schema.org\",\"@graph\":[{\"@type\":\"Article\",\"@id\":\"https:\/\/avrupapress.com\/2019\/06\/16\/international-city-awards-uluslararasi-odul-toreni\/#article\",\"isPartOf\":{\"@id\":\"https:\/\/avrupapress.com\/2019\/06\/16\/international-city-awards-uluslararasi-odul-toreni\/\"},\"author\":{\"name\":\"Edit\u00f6r\",\"@id\":\"https:\/\/avrupapress.com\/#\/schema\/person\/68428444ec60970d1e1b700cf4ca1e8f\"},\"headline\":\"\u0130NTERNAT\u0130ONAL C\u0130TY AWARDS ULUSLARARASI \u00d6D\u00dcL T\u00d6REN\u0130\",\"datePublished\":\"2019-06-16T22:18:08+00:00\",\"dateModified\":\"2019-06-16T22:18:10+00:00\",\"mainEntityOfPage\":{\"@id\":\"https:\/\/avrupapress.com\/2019\/06\/16\/international-city-awards-uluslararasi-odul-toreni\/\"},\"wordCount\":324,\"commentCount\":0,\"publisher\":{\"@id\":\"https:\/\/avrupapress.com\/#\/schema\/person\/0223dca19c72c43575bf30d1a2d8f4fa\"},\"image\":{\"@id\":\"https:\/\/avrupapress.com\/2019\/06\/16\/international-city-awards-uluslararasi-odul-toreni\/#primaryimage\"},\"thumbnailUrl\":\"https:\/\/avrupapress.com\/main\/wp-content\/uploads\/2019\/06\/thumbnail_sema45.jpg\",\"keywords\":[\"\u0130NTERNAT\u0130ONAL C\u0130TY AWARDS ULUSLARARASI \u00d6D\u00dcL T\u00d6REN\u0130\"],\"articleSection\":[\"Avrupa\",\"Bel\u00e7ika\",\"D\u00fcnya\",\"Ekonomi\",\"K\u00fclt\u00fcr-Sanat\",\"Tan\u0131t\u0131m\",\"T\u00fcrkiye\",\"Uncategorized\"],\"inLanguage\":\"fr-BE\",\"potentialAction\":[{\"@type\":\"CommentAction\",\"name\":\"Comment\",\"target\":[\"https:\/\/avrupapress.com\/2019\/06\/16\/international-city-awards-uluslararasi-odul-toreni\/#respond\"]}]},{\"@type\":\"WebPage\",\"@id\":\"https:\/\/avrupapress.com\/2019\/06\/16\/international-city-awards-uluslararasi-odul-toreni\/\",\"url\":\"https:\/\/avrupapress.com\/2019\/06\/16\/international-city-awards-uluslararasi-odul-toreni\/\",\"name\":\"\u0130NTERNAT\u0130ONAL C\u0130TY AWARDS ULUSLARARASI \u00d6D\u00dcL T\u00d6REN\u0130 - AvrupaPress\",\"isPartOf\":{\"@id\":\"https:\/\/avrupapress.com\/#website\"},\"primaryImageOfPage\":{\"@id\":\"https:\/\/avrupapress.com\/2019\/06\/16\/international-city-awards-uluslararasi-odul-toreni\/#primaryimage\"},\"image\":{\"@id\":\"https:\/\/avrupapress.com\/2019\/06\/16\/international-city-awards-uluslararasi-odul-toreni\/#primaryimage\"},\"thumbnailUrl\":\"https:\/\/avrupapress.com\/main\/wp-content\/uploads\/2019\/06\/thumbnail_sema45.jpg\",\"datePublished\":\"2019-06-16T22:18:08+00:00\",\"dateModified\":\"2019-06-16T22:18:10+00:00\",\"breadcrumb\":{\"@id\":\"https:\/\/avrupapress.com\/2019\/06\/16\/international-city-awards-uluslararasi-odul-toreni\/#breadcrumb\"},\"inLanguage\":\"fr-BE\",\"potentialAction\":[{\"@type\":\"ReadAction\",\"target\":[\"https:\/\/avrupapress.com\/2019\/06\/16\/international-city-awards-uluslararasi-odul-toreni\/\"]}]},{\"@type\":\"ImageObject\",\"inLanguage\":\"fr-BE\",\"@id\":\"https:\/\/avrupapress.com\/2019\/06\/16\/international-city-awards-uluslararasi-odul-toreni\/#primaryimage\",\"url\":\"https:\/\/avrupapress.com\/main\/wp-content\/uploads\/2019\/06\/thumbnail_sema45.jpg\",\"contentUrl\":\"https:\/\/avrupapress.com\/main\/wp-content\/uploads\/2019\/06\/thumbnail_sema45.jpg\",\"width\":512,\"height\":341},{\"@type\":\"BreadcrumbList\",\"@id\":\"https:\/\/avrupapress.com\/2019\/06\/16\/international-city-awards-uluslararasi-odul-toreni\/#breadcrumb\",\"itemListElement\":[{\"@type\":\"ListItem\",\"position\":1,\"name\":\"Anasayfa\",\"item\":\"https:\/\/avrupapress.com\/\"},{\"@type\":\"ListItem\",\"position\":2,\"name\":\"\u0130NTERNAT\u0130ONAL C\u0130TY AWARDS ULUSLARARASI \u00d6D\u00dcL T\u00d6REN\u0130\"}]},{\"@type\":\"WebSite\",\"@id\":\"https:\/\/avrupapress.com\/#website\",\"url\":\"https:\/\/avrupapress.com\/\",\"name\":\"AvrupaPress\",\"description\":\"Haberin Adresi\",\"publisher\":{\"@id\":\"https:\/\/avrupapress.com\/#\/schema\/person\/0223dca19c72c43575bf30d1a2d8f4fa\"},\"potentialAction\":[{\"@type\":\"SearchAction\",\"target\":{\"@type\":\"EntryPoint\",\"urlTemplate\":\"https:\/\/avrupapress.com\/?s={search_term_string}\"},\"query-input\":{\"@type\":\"PropertyValueSpecification\",\"valueRequired\":true,\"valueName\":\"search_term_string\"}}],\"inLanguage\":\"fr-BE\"},{\"@type\":[\"Person\",\"Organization\"],\"@id\":\"https:\/\/avrupapress.com\/#\/schema\/person\/0223dca19c72c43575bf30d1a2d8f4fa\",\"name\":\"Bilgin \u00d6z\u00e7ift\u00e7i\",\"image\":{\"@type\":\"ImageObject\",\"inLanguage\":\"fr-BE\",\"@id\":\"https:\/\/avrupapress.com\/#\/schema\/person\/image\/\",\"url\":\"https:\/\/secure.gravatar.com\/avatar\/0f23b280433a21e1ea7a0adcc46ed0ad16afe3ad8e630fd13d8a017dcbd54ef3?s=96&d=mm&r=g\",\"contentUrl\":\"https:\/\/secure.gravatar.com\/avatar\/0f23b280433a21e1ea7a0adcc46ed0ad16afe3ad8e630fd13d8a017dcbd54ef3?s=96&d=mm&r=g\",\"caption\":\"Bilgin \u00d6z\u00e7ift\u00e7i\"},\"logo\":{\"@id\":\"https:\/\/avrupapress.com\/#\/schema\/person\/image\/\"},\"description\":\"Ne ben, nede sen... Biz ancak \\\"biz\\\" olursak g\u00fc\u00e7l\u00fc olabiliriz\"},{\"@type\":\"Person\",\"@id\":\"https:\/\/avrupapress.com\/#\/schema\/person\/68428444ec60970d1e1b700cf4ca1e8f\",\"name\":\"Edit\u00f6r\",\"image\":{\"@type\":\"ImageObject\",\"inLanguage\":\"fr-BE\",\"@id\":\"https:\/\/avrupapress.com\/#\/schema\/person\/image\/\",\"url\":\"https:\/\/secure.gravatar.com\/avatar\/74996b0977aa5f1559ba9883776652508b229005c0d78fb2597897f0bd651c09?s=96&d=mm&r=g\",\"contentUrl\":\"https:\/\/secure.gravatar.com\/avatar\/74996b0977aa5f1559ba9883776652508b229005c0d78fb2597897f0bd651c09?s=96&d=mm&r=g\",\"caption\":\"Edit\u00f6r\"},\"sameAs\":[\"http:\/\/www.avrupapress.com\"],\"url\":\"https:\/\/avrupapress.com\/main\/author\/editor\/\"}]}<\/script>\n<!-- \/ Yoast SEO plugin. -->","yoast_head_json":{"title":"\u0130NTERNAT\u0130ONAL C\u0130TY AWARDS ULUSLARARASI \u00d6D\u00dcL T\u00d6REN\u0130 - AvrupaPress","robots":{"index":"index","follow":"follow","max-snippet":"max-snippet:-1","max-image-preview":"max-image-preview:large","max-video-preview":"max-video-preview:-1"},"canonical":"https:\/\/avrupapress.com\/2019\/06\/16\/international-city-awards-uluslararasi-odul-toreni\/","og_locale":"fr_FR","og_type":"article","og_title":"\u0130NTERNAT\u0130ONAL C\u0130TY AWARDS ULUSLARARASI \u00d6D\u00dcL T\u00d6REN\u0130 - AvrupaPress","og_description":"International City Awards-Uluslararas\u0131 \u015eehir \u00d6d\u00fclleri Tu\u011fba \u00d6zay ve Murat Parasayar\u2019\u0131n sunumuyla Teddy Club \u0130stanbul\u2019da sahiplerini buldu. Ata \u00c7a\u011flayan organizasyonuyla ger\u00e7ekle\u015fen Uluslararas\u0131 \u015eehir \u00d6d\u00fclleri t\u00f6reninde \u015eehrin En \u0130yi Markalar\u0131, En \u0130yi Giri\u015fimleri, En \u0130yi Projeleri, En \u0130yi \u0130\u015fletmeleri, En \u0130yi Mekanlar\u0131, En \u0130yi Televizyon Programlar\u0131 ile En \u0130yi Tiyatro Oyunlar\u0131 , En \u0130yi \u00c7\u0131k\u0131\u015f Yapan Sanat\u00e7\u0131lar [&hellip;]","og_url":"https:\/\/avrupapress.com\/2019\/06\/16\/international-city-awards-uluslararasi-odul-toreni\/","og_site_name":"AvrupaPress","article_published_time":"2019-06-16T22:18:08+00:00","article_modified_time":"2019-06-16T22:18:10+00:00","og_image":[{"width":512,"height":341,"url":"https:\/\/avrupapress.com\/wp-content\/uploads\/2019\/06\/thumbnail_sema45.jpg","type":"image\/jpeg"}],"author":"Edit\u00f6r","twitter_card":"summary_large_image","twitter_misc":{"\u00c9crit par":"Edit\u00f6r","Dur\u00e9e de lecture est.":"2 minutes"},"schema":{"@context":"https:\/\/schema.org","@graph":[{"@type":"Article","@id":"https:\/\/avrupapress.com\/2019\/06\/16\/international-city-awards-uluslararasi-odul-toreni\/#article","isPartOf":{"@id":"https:\/\/avrupapress.com\/2019\/06\/16\/international-city-awards-uluslararasi-odul-toreni\/"},"author":{"name":"Edit\u00f6r","@id":"https:\/\/avrupapress.com\/#\/schema\/person\/68428444ec60970d1e1b700cf4ca1e8f"},"headline":"\u0130NTERNAT\u0130ONAL C\u0130TY AWARDS ULUSLARARASI \u00d6D\u00dcL T\u00d6REN\u0130","datePublished":"2019-06-16T22:18:08+00:00","dateModified":"2019-06-16T22:18:10+00:00","mainEntityOfPage":{"@id":"https:\/\/avrupapress.com\/2019\/06\/16\/international-city-awards-uluslararasi-odul-toreni\/"},"wordCount":324,"commentCount":0,"publisher":{"@id":"https:\/\/avrupapress.com\/#\/schema\/person\/0223dca19c72c43575bf30d1a2d8f4fa"},"image":{"@id":"https:\/\/avrupapress.com\/2019\/06\/16\/international-city-awards-uluslararasi-odul-toreni\/#primaryimage"},"thumbnailUrl":"https:\/\/avrupapress.com\/main\/wp-content\/uploads\/2019\/06\/thumbnail_sema45.jpg","keywords":["\u0130NTERNAT\u0130ONAL C\u0130TY AWARDS ULUSLARARASI \u00d6D\u00dcL T\u00d6REN\u0130"],"articleSection":["Avrupa","Bel\u00e7ika","D\u00fcnya","Ekonomi","K\u00fclt\u00fcr-Sanat","Tan\u0131t\u0131m","T\u00fcrkiye","Uncategorized"],"inLanguage":"fr-BE","potentialAction":[{"@type":"CommentAction","name":"Comment","target":["https:\/\/avrupapress.com\/2019\/06\/16\/international-city-awards-uluslararasi-odul-toreni\/#respond"]}]},{"@type":"WebPage","@id":"https:\/\/avrupapress.com\/2019\/06\/16\/international-city-awards-uluslararasi-odul-toreni\/","url":"https:\/\/avrupapress.com\/2019\/06\/16\/international-city-awards-uluslararasi-odul-toreni\/","name":"\u0130NTERNAT\u0130ONAL C\u0130TY AWARDS ULUSLARARASI \u00d6D\u00dcL T\u00d6REN\u0130 - AvrupaPress","isPartOf":{"@id":"https:\/\/avrupapress.com\/#website"},"primaryImageOfPage":{"@id":"https:\/\/avrupapress.com\/2019\/06\/16\/international-city-awards-uluslararasi-odul-toreni\/#primaryimage"},"image":{"@id":"https:\/\/avrupapress.com\/2019\/06\/16\/international-city-awards-uluslararasi-odul-toreni\/#primaryimage"},"thumbnailUrl":"https:\/\/avrupapress.com\/main\/wp-content\/uploads\/2019\/06\/thumbnail_sema45.jpg","datePublished":"2019-06-16T22:18:08+00:00","dateModified":"2019-06-16T22:18:10+00:00","breadcrumb":{"@id":"https:\/\/avrupapress.com\/2019\/06\/16\/international-city-awards-uluslararasi-odul-toreni\/#breadcrumb"},"inLanguage":"fr-BE","potentialAction":[{"@type":"ReadAction","target":["https:\/\/avrupapress.com\/2019\/06\/16\/international-city-awards-uluslararasi-odul-toreni\/"]}]},{"@type":"ImageObject","inLanguage":"fr-BE","@id":"https:\/\/avrupapress.com\/2019\/06\/16\/international-city-awards-uluslararasi-odul-toreni\/#primaryimage","url":"https:\/\/avrupapress.com\/main\/wp-content\/uploads\/2019\/06\/thumbnail_sema45.jpg","contentUrl":"https:\/\/avrupapress.com\/main\/wp-content\/uploads\/2019\/06\/thumbnail_sema45.jpg","width":512,"height":341},{"@type":"BreadcrumbList","@id":"https:\/\/avrupapress.com\/2019\/06\/16\/international-city-awards-uluslararasi-odul-toreni\/#breadcrumb","itemListElement":[{"@type":"ListItem","position":1,"name":"Anasayfa","item":"https:\/\/avrupapress.com\/"},{"@type":"ListItem","position":2,"name":"\u0130NTERNAT\u0130ONAL C\u0130TY AWARDS ULUSLARARASI \u00d6D\u00dcL T\u00d6REN\u0130"}]},{"@type":"WebSite","@id":"https:\/\/avrupapress.com\/#website","url":"https:\/\/avrupapress.com\/","name":"AvrupaPress","description":"Haberin Adresi","publisher":{"@id":"https:\/\/avrupapress.com\/#\/schema\/person\/0223dca19c72c43575bf30d1a2d8f4fa"},"potentialAction":[{"@type":"SearchAction","target":{"@type":"EntryPoint","urlTemplate":"https:\/\/avrupapress.com\/?s={search_term_string}"},"query-input":{"@type":"PropertyValueSpecification","valueRequired":true,"valueName":"search_term_string"}}],"inLanguage":"fr-BE"},{"@type":["Person","Organization"],"@id":"https:\/\/avrupapress.com\/#\/schema\/person\/0223dca19c72c43575bf30d1a2d8f4fa","name":"Bilgin \u00d6z\u00e7ift\u00e7i","image":{"@type":"ImageObject","inLanguage":"fr-BE","@id":"https:\/\/avrupapress.com\/#\/schema\/person\/image\/","url":"https:\/\/secure.gravatar.com\/avatar\/0f23b280433a21e1ea7a0adcc46ed0ad16afe3ad8e630fd13d8a017dcbd54ef3?s=96&d=mm&r=g","contentUrl":"https:\/\/secure.gravatar.com\/avatar\/0f23b280433a21e1ea7a0adcc46ed0ad16afe3ad8e630fd13d8a017dcbd54ef3?s=96&d=mm&r=g","caption":"Bilgin \u00d6z\u00e7ift\u00e7i"},"logo":{"@id":"https:\/\/avrupapress.com\/#\/schema\/person\/image\/"},"description":"Ne ben, nede sen... Biz ancak \"biz\" olursak g\u00fc\u00e7l\u00fc olabiliriz"},{"@type":"Person","@id":"https:\/\/avrupapress.com\/#\/schema\/person\/68428444ec60970d1e1b700cf4ca1e8f","name":"Edit\u00f6r","image":{"@type":"ImageObject","inLanguage":"fr-BE","@id":"https:\/\/avrupapress.com\/#\/schema\/person\/image\/","url":"https:\/\/secure.gravatar.com\/avatar\/74996b0977aa5f1559ba9883776652508b229005c0d78fb2597897f0bd651c09?s=96&d=mm&r=g","contentUrl":"https:\/\/secure.gravatar.com\/avatar\/74996b0977aa5f1559ba9883776652508b229005c0d78fb2597897f0bd651c09?s=96&d=mm&r=g","caption":"Edit\u00f6r"},"sameAs":["http:\/\/www.avrupapress.com"],"url":"https:\/\/avrupapress.com\/main\/author\/editor\/"}]}},"_links":{"self":[{"href":"https:\/\/avrupapress.com\/main\/wp-json\/wp\/v2\/posts\/9250","targetHints":{"allow":["GET"]}}],"collection":[{"href":"https:\/\/avrupapress.com\/main\/wp-json\/wp\/v2\/posts"}],"about":[{"href":"https:\/\/avrupapress.com\/main\/wp-json\/wp\/v2\/types\/post"}],"author":[{"embeddable":true,"href":"https:\/\/avrupapress.com\/main\/wp-json\/wp\/v2\/users\/3"}],"replies":[{"embeddable":true,"href":"https:\/\/avrupapress.com\/main\/wp-json\/wp\/v2\/comments?post=9250"}],"version-history":[{"count":1,"href":"https:\/\/avrupapress.com\/main\/wp-json\/wp\/v2\/posts\/9250\/revisions"}],"predecessor-version":[{"id":9254,"href":"https:\/\/avrupapress.com\/main\/wp-json\/wp\/v2\/posts\/9250\/revisions\/9254"}],"wp:featuredmedia":[{"embeddable":true,"href":"https:\/\/avrupapress.com\/main\/wp-json\/wp\/v2\/media\/9251"}],"wp:attachment":[{"href":"https:\/\/avrupapress.com\/main\/wp-json\/wp\/v2\/media?parent=9250"}],"wp:term":[{"taxonomy":"category","embeddable":true,"href":"https:\/\/avrupapress.com\/main\/wp-json\/wp\/v2\/categories?post=9250"},{"taxonomy":"post_tag","embeddable":true,"href":"https:\/\/avrupapress.com\/main\/wp-json\/wp\/v2\/tags?post=9250"}],"curies":[{"name":"wp","href":"https:\/\/api.w.org\/{rel}","templated":true}]}}