{"id":9247,"date":"2019-06-16T07:57:26","date_gmt":"2019-06-16T07:57:26","guid":{"rendered":"http:\/\/avrupapress.com\/main\/?p=9247"},"modified":"2019-06-16T07:57:28","modified_gmt":"2019-06-16T07:57:28","slug":"bugun-babalar-gunu-babalar-gununuz-kutlu-olsun","status":"publish","type":"post","link":"https:\/\/avrupapress.com\/main\/2019\/06\/16\/bugun-babalar-gunu-babalar-gununuz-kutlu-olsun\/","title":{"rendered":"Bug\u00fcn Babalar G\u00fcn\u00fc&#8230; Babalar G\u00fcn\u00fcn\u00fcz Kutlu Olsun&#8230;"},"content":{"rendered":"\n<p><\/p>\n\n\n\n<h2 class=\"wp-block-heading\">Hayatlar\u0131n\u0131 \u00e7ocuklar\u0131na adayan babalar\u0131n kendilerini \u00f6zel hissetmeleri i\u00e7in y\u0131lda bir g\u00fcn &lsquo;Babalar G\u00fcn\u00fc&rsquo; olarak kutlan\u0131yor. Anneler G\u00fcn\u00fc kutlamalar\u0131 kadar pop\u00fcler olmasa da uzun y\u0131llad\u0131r kutlanmaya devam eden Babalar G\u00fcn\u00fc 2019&rsquo;da da t\u00fcm d\u00fcnyada kutlanmaya devam edecek. Peki, 2019 Babalar G\u00fcn\u00fc ne zaman?<\/h2>\n\n\n\n<p>Geleneksel olarak her y\u0131l haziran ay\u0131nda kutlanan&nbsp;<a href=\"http:\/\/www.hurriyet.com.tr\/haberleri\/babalar-gunu\" target=\"_blank\" rel=\"noreferrer noopener\">Babalar G\u00fcn\u00fc<\/a>&lsquo;n\u00fcn 2019 y\u0131l\u0131nda hangi tarihte kutlanaca\u011f\u0131 \u015fimdiden merak konusu oldu. Babalar G\u00fcn\u00fc i\u00e7in \u015fimdiden plan yapmak isteyen vatanda\u015flar, 2019 Babalar G\u00fcn\u00fc&rsquo;n\u00fcn tarihini \u00f6\u011frenmek istiyor. \u0130\u015fte, konuya ili\u015fkin ayr\u0131nt\u0131lar&#8230;<\/p>\n\n\n\n<p><strong>BABALAR G\u00dcN\u00dc NE ZAMAN?<\/strong><\/p>\n\n\n\n<p>T\u00fcm d\u00fcnyada oldu\u011fu gibi T\u00fcrkiye&rsquo;de de kutlanan Babalar G\u00fcn\u00fc, geleneksel olarak her haziran ay\u0131n\u0131n \u00fc\u00e7\u00fcnc\u00fc haftas\u0131n\u0131n pazar g\u00fcn\u00fc kutlan\u0131yor. Bu bilgiler do\u011frultusunda Babalar G\u00fcn\u00fc gelecek y\u0131l yani 2019&rsquo;de 16 Haziran Pazar g\u00fcn\u00fc kutlanacak.<\/p>\n\n\n\n<p><strong>BABALAR G\u00dcN\u00dc NED\u0130R?<\/strong><\/p>\n\n\n\n<p>Bir Amerikan \u0130\u00e7 Sava\u015f\u0131 gazisinin k\u0131z\u0131 olan Sonora Smart Dodd, Anneler G\u00fcn\u00fc gibi babalar\u0131n da bir g\u00fcn\u00fc olmas\u0131 gerekti\u011fini d\u00fc\u015f\u00fcnmekteydi. Dodd&rsquo;un babas\u0131 annelerinin yoklu\u011funda alt\u0131 \u00e7ocu\u011funu tek ba\u015f\u0131na b\u00fcy\u00fctm\u00fc\u015ft\u00fc. Babas\u0131n\u0131n do\u011fum g\u00fcn\u00fc olan 5 Haziran&rsquo;\u0131n Babalar G\u00fcn\u00fc ilan edilmesi i\u00e7in \u00e7al\u0131\u015fmalara ba\u015flam\u0131\u015f ama bu \u00e7al\u0131\u015fmalar o tarihe yeti\u015femeyerek kutlamalar haziran ay\u0131n\u0131n \u00fc\u00e7\u00fcnc\u00fc pazar g\u00fcn\u00fcne ertelenmi\u015ftir.<\/p>\n\n\n\n<p>Bu y\u00fczden Babalar G\u00fcn\u00fc Haziran ay\u0131nda kutlan\u0131r. Babalar G\u00fcn\u00fc ilk kez 19 Haziran 1910\u2032da Washington&rsquo;un Spokane \u015fehrinde kutlanm\u0131\u015ft\u0131r. 1924 y\u0131l\u0131nda Amerika Birle\u015fik Devletleri Ba\u015fkan\u0131 Calvin Coolidge kutlamalar\u0131 desteklemi\u015f; ama resmi olarak Babalar G\u00fcn\u00fc ilan etmemi\u015ftir. 1966 y\u0131l\u0131nda ise o d\u00f6nemin ba\u015fkan\u0131 Lyndon Johnson, her y\u0131l haziran ay\u0131n\u0131n \u00fc\u00e7\u00fcnc\u00fc pazar\u0131n\u0131n Babalar G\u00fcn\u00fc olarak kutlanaca\u011f\u0131n\u0131 a\u00e7\u0131klayan bir bildiri yay\u0131mlam\u0131\u015ft\u0131r. 1972 y\u0131l\u0131ndaysa ba\u015fkan Richard Nixon&rsquo;\u0131n imzas\u0131yla Babalar G\u00fcn\u00fc yasal olarak ABD&rsquo;de resmi tatil ilan edilmi\u015ftir.<\/p>\n\n\n\n<p><strong>Bilgin Ozcifci \/ Avrupapress<\/strong><\/p>\n","protected":false},"excerpt":{"rendered":"<p>Hayatlar\u0131n\u0131 \u00e7ocuklar\u0131na adayan babalar\u0131n kendilerini \u00f6zel hissetmeleri i\u00e7in y\u0131lda bir g\u00fcn &lsquo;Babalar G\u00fcn\u00fc&rsquo; olarak kutlan\u0131yor. Anneler G\u00fcn\u00fc kutlamalar\u0131 kadar pop\u00fcler olmasa da uzun y\u0131llad\u0131r kutlanmaya devam eden Babalar G\u00fcn\u00fc 2019&rsquo;da da t\u00fcm d\u00fcnyada kutlanmaya devam edecek. Peki, 2019 Babalar G\u00fcn\u00fc ne zaman? Geleneksel olarak her y\u0131l haziran ay\u0131nda kutlanan&nbsp;Babalar G\u00fcn\u00fc&lsquo;n\u00fcn 2019 y\u0131l\u0131nda hangi tarihte kutlanaca\u011f\u0131 [&hellip;]<\/p>\n","protected":false},"author":3,"featured_media":9248,"comment_status":"open","ping_status":"open","sticky":false,"template":"","format":"standard","meta":{"footnotes":""},"categories":[14,16,3,17,18,15,19,2,1],"tags":[4830],"class_list":["post-9247","post","type-post","status-publish","format-standard","has-post-thumbnail","hentry","category-avrupa","category-belcika","category-dunya","category-ekonomi","category-kultur-sanat","category-spor","category-tanitim","category-turkiye","category-uncategorized","tag-bugun-babalar-gunu-babalar-gununuz-kutlu-olsun"],"yoast_head":"<!-- This site is optimized with the Yoast SEO plugin v26.9 - https:\/\/yoast.com\/product\/yoast-seo-wordpress\/ -->\n<title>Bug\u00fcn Babalar G\u00fcn\u00fc... Babalar G\u00fcn\u00fcn\u00fcz Kutlu Olsun... - AvrupaPress<\/title>\n<meta name=\"robots\" content=\"index, follow, max-snippet:-1, max-image-preview:large, max-video-preview:-1\" \/>\n<link rel=\"canonical\" href=\"https:\/\/avrupapress.com\/2019\/06\/16\/bugun-babalar-gunu-babalar-gununuz-kutlu-olsun\/\" \/>\n<meta property=\"og:locale\" content=\"fr_FR\" \/>\n<meta property=\"og:type\" content=\"article\" \/>\n<meta property=\"og:title\" content=\"Bug\u00fcn Babalar G\u00fcn\u00fc... Babalar G\u00fcn\u00fcn\u00fcz Kutlu Olsun... - AvrupaPress\" \/>\n<meta property=\"og:description\" content=\"Hayatlar\u0131n\u0131 \u00e7ocuklar\u0131na adayan babalar\u0131n kendilerini \u00f6zel hissetmeleri i\u00e7in y\u0131lda bir g\u00fcn &lsquo;Babalar G\u00fcn\u00fc&rsquo; olarak kutlan\u0131yor. Anneler G\u00fcn\u00fc kutlamalar\u0131 kadar pop\u00fcler olmasa da uzun y\u0131llad\u0131r kutlanmaya devam eden Babalar G\u00fcn\u00fc 2019&rsquo;da da t\u00fcm d\u00fcnyada kutlanmaya devam edecek. Peki, 2019 Babalar G\u00fcn\u00fc ne zaman? Geleneksel olarak her y\u0131l haziran ay\u0131nda kutlanan&nbsp;Babalar G\u00fcn\u00fc&lsquo;n\u00fcn 2019 y\u0131l\u0131nda hangi tarihte kutlanaca\u011f\u0131 [&hellip;]\" \/>\n<meta property=\"og:url\" content=\"https:\/\/avrupapress.com\/2019\/06\/16\/bugun-babalar-gunu-babalar-gununuz-kutlu-olsun\/\" \/>\n<meta property=\"og:site_name\" content=\"AvrupaPress\" \/>\n<meta property=\"article:published_time\" content=\"2019-06-16T07:57:26+00:00\" \/>\n<meta property=\"article:modified_time\" content=\"2019-06-16T07:57:28+00:00\" \/>\n<meta property=\"og:image\" content=\"https:\/\/avrupapress.com\/wp-content\/uploads\/2019\/06\/babalar-gunu-mesajlari-2018-babalar-gunu-sozleri-guncel-arsivi-728x410.jpg\" \/>\n\t<meta property=\"og:image:width\" content=\"728\" \/>\n\t<meta property=\"og:image:height\" content=\"410\" \/>\n\t<meta property=\"og:image:type\" content=\"image\/jpeg\" \/>\n<meta name=\"author\" content=\"Edit\u00f6r\" \/>\n<meta name=\"twitter:card\" content=\"summary_large_image\" \/>\n<meta name=\"twitter:label1\" content=\"\u00c9crit par\" \/>\n\t<meta name=\"twitter:data1\" content=\"Edit\u00f6r\" \/>\n\t<meta name=\"twitter:label2\" content=\"Dur\u00e9e de lecture est.\" \/>\n\t<meta name=\"twitter:data2\" content=\"2 minutes\" \/>\n<script type=\"application\/ld+json\" class=\"yoast-schema-graph\">{\"@context\":\"https:\/\/schema.org\",\"@graph\":[{\"@type\":\"Article\",\"@id\":\"https:\/\/avrupapress.com\/2019\/06\/16\/bugun-babalar-gunu-babalar-gununuz-kutlu-olsun\/#article\",\"isPartOf\":{\"@id\":\"https:\/\/avrupapress.com\/2019\/06\/16\/bugun-babalar-gunu-babalar-gununuz-kutlu-olsun\/\"},\"author\":{\"name\":\"Edit\u00f6r\",\"@id\":\"https:\/\/avrupapress.com\/#\/schema\/person\/68428444ec60970d1e1b700cf4ca1e8f\"},\"headline\":\"Bug\u00fcn Babalar G\u00fcn\u00fc&#8230; Babalar G\u00fcn\u00fcn\u00fcz Kutlu Olsun&#8230;\",\"datePublished\":\"2019-06-16T07:57:26+00:00\",\"dateModified\":\"2019-06-16T07:57:28+00:00\",\"mainEntityOfPage\":{\"@id\":\"https:\/\/avrupapress.com\/2019\/06\/16\/bugun-babalar-gunu-babalar-gununuz-kutlu-olsun\/\"},\"wordCount\":365,\"commentCount\":0,\"publisher\":{\"@id\":\"https:\/\/avrupapress.com\/#\/schema\/person\/0223dca19c72c43575bf30d1a2d8f4fa\"},\"image\":{\"@id\":\"https:\/\/avrupapress.com\/2019\/06\/16\/bugun-babalar-gunu-babalar-gununuz-kutlu-olsun\/#primaryimage\"},\"thumbnailUrl\":\"https:\/\/avrupapress.com\/main\/wp-content\/uploads\/2019\/06\/babalar-gunu-mesajlari-2018-babalar-gunu-sozleri-guncel-arsivi-728x410.jpg\",\"keywords\":[\"Bug\u00fcn Babalar G\u00fcn\u00fc... Babalar G\u00fcn\u00fcn\u00fcz Kutlu Olsun...\"],\"articleSection\":[\"Avrupa\",\"Bel\u00e7ika\",\"D\u00fcnya\",\"Ekonomi\",\"K\u00fclt\u00fcr-Sanat\",\"Spor\",\"Tan\u0131t\u0131m\",\"T\u00fcrkiye\",\"Uncategorized\"],\"inLanguage\":\"fr-BE\",\"potentialAction\":[{\"@type\":\"CommentAction\",\"name\":\"Comment\",\"target\":[\"https:\/\/avrupapress.com\/2019\/06\/16\/bugun-babalar-gunu-babalar-gununuz-kutlu-olsun\/#respond\"]}]},{\"@type\":\"WebPage\",\"@id\":\"https:\/\/avrupapress.com\/2019\/06\/16\/bugun-babalar-gunu-babalar-gununuz-kutlu-olsun\/\",\"url\":\"https:\/\/avrupapress.com\/2019\/06\/16\/bugun-babalar-gunu-babalar-gununuz-kutlu-olsun\/\",\"name\":\"Bug\u00fcn Babalar G\u00fcn\u00fc... Babalar G\u00fcn\u00fcn\u00fcz Kutlu Olsun... - AvrupaPress\",\"isPartOf\":{\"@id\":\"https:\/\/avrupapress.com\/#website\"},\"primaryImageOfPage\":{\"@id\":\"https:\/\/avrupapress.com\/2019\/06\/16\/bugun-babalar-gunu-babalar-gununuz-kutlu-olsun\/#primaryimage\"},\"image\":{\"@id\":\"https:\/\/avrupapress.com\/2019\/06\/16\/bugun-babalar-gunu-babalar-gununuz-kutlu-olsun\/#primaryimage\"},\"thumbnailUrl\":\"https:\/\/avrupapress.com\/main\/wp-content\/uploads\/2019\/06\/babalar-gunu-mesajlari-2018-babalar-gunu-sozleri-guncel-arsivi-728x410.jpg\",\"datePublished\":\"2019-06-16T07:57:26+00:00\",\"dateModified\":\"2019-06-16T07:57:28+00:00\",\"breadcrumb\":{\"@id\":\"https:\/\/avrupapress.com\/2019\/06\/16\/bugun-babalar-gunu-babalar-gununuz-kutlu-olsun\/#breadcrumb\"},\"inLanguage\":\"fr-BE\",\"potentialAction\":[{\"@type\":\"ReadAction\",\"target\":[\"https:\/\/avrupapress.com\/2019\/06\/16\/bugun-babalar-gunu-babalar-gununuz-kutlu-olsun\/\"]}]},{\"@type\":\"ImageObject\",\"inLanguage\":\"fr-BE\",\"@id\":\"https:\/\/avrupapress.com\/2019\/06\/16\/bugun-babalar-gunu-babalar-gununuz-kutlu-olsun\/#primaryimage\",\"url\":\"https:\/\/avrupapress.com\/main\/wp-content\/uploads\/2019\/06\/babalar-gunu-mesajlari-2018-babalar-gunu-sozleri-guncel-arsivi-728x410.jpg\",\"contentUrl\":\"https:\/\/avrupapress.com\/main\/wp-content\/uploads\/2019\/06\/babalar-gunu-mesajlari-2018-babalar-gunu-sozleri-guncel-arsivi-728x410.jpg\",\"width\":728,\"height\":410},{\"@type\":\"BreadcrumbList\",\"@id\":\"https:\/\/avrupapress.com\/2019\/06\/16\/bugun-babalar-gunu-babalar-gununuz-kutlu-olsun\/#breadcrumb\",\"itemListElement\":[{\"@type\":\"ListItem\",\"position\":1,\"name\":\"Anasayfa\",\"item\":\"https:\/\/avrupapress.com\/\"},{\"@type\":\"ListItem\",\"position\":2,\"name\":\"Bug\u00fcn Babalar G\u00fcn\u00fc&#8230; Babalar G\u00fcn\u00fcn\u00fcz Kutlu Olsun&#8230;\"}]},{\"@type\":\"WebSite\",\"@id\":\"https:\/\/avrupapress.com\/#website\",\"url\":\"https:\/\/avrupapress.com\/\",\"name\":\"AvrupaPress\",\"description\":\"Haberin Adresi\",\"publisher\":{\"@id\":\"https:\/\/avrupapress.com\/#\/schema\/person\/0223dca19c72c43575bf30d1a2d8f4fa\"},\"potentialAction\":[{\"@type\":\"SearchAction\",\"target\":{\"@type\":\"EntryPoint\",\"urlTemplate\":\"https:\/\/avrupapress.com\/?s={search_term_string}\"},\"query-input\":{\"@type\":\"PropertyValueSpecification\",\"valueRequired\":true,\"valueName\":\"search_term_string\"}}],\"inLanguage\":\"fr-BE\"},{\"@type\":[\"Person\",\"Organization\"],\"@id\":\"https:\/\/avrupapress.com\/#\/schema\/person\/0223dca19c72c43575bf30d1a2d8f4fa\",\"name\":\"Bilgin \u00d6z\u00e7ift\u00e7i\",\"image\":{\"@type\":\"ImageObject\",\"inLanguage\":\"fr-BE\",\"@id\":\"https:\/\/avrupapress.com\/#\/schema\/person\/image\/\",\"url\":\"https:\/\/secure.gravatar.com\/avatar\/0f23b280433a21e1ea7a0adcc46ed0ad16afe3ad8e630fd13d8a017dcbd54ef3?s=96&d=mm&r=g\",\"contentUrl\":\"https:\/\/secure.gravatar.com\/avatar\/0f23b280433a21e1ea7a0adcc46ed0ad16afe3ad8e630fd13d8a017dcbd54ef3?s=96&d=mm&r=g\",\"caption\":\"Bilgin \u00d6z\u00e7ift\u00e7i\"},\"logo\":{\"@id\":\"https:\/\/avrupapress.com\/#\/schema\/person\/image\/\"},\"description\":\"Ne ben, nede sen... Biz ancak \\\"biz\\\" olursak g\u00fc\u00e7l\u00fc olabiliriz\"},{\"@type\":\"Person\",\"@id\":\"https:\/\/avrupapress.com\/#\/schema\/person\/68428444ec60970d1e1b700cf4ca1e8f\",\"name\":\"Edit\u00f6r\",\"image\":{\"@type\":\"ImageObject\",\"inLanguage\":\"fr-BE\",\"@id\":\"https:\/\/avrupapress.com\/#\/schema\/person\/image\/\",\"url\":\"https:\/\/secure.gravatar.com\/avatar\/74996b0977aa5f1559ba9883776652508b229005c0d78fb2597897f0bd651c09?s=96&d=mm&r=g\",\"contentUrl\":\"https:\/\/secure.gravatar.com\/avatar\/74996b0977aa5f1559ba9883776652508b229005c0d78fb2597897f0bd651c09?s=96&d=mm&r=g\",\"caption\":\"Edit\u00f6r\"},\"sameAs\":[\"http:\/\/www.avrupapress.com\"],\"url\":\"https:\/\/avrupapress.com\/main\/author\/editor\/\"}]}<\/script>\n<!-- \/ Yoast SEO plugin. -->","yoast_head_json":{"title":"Bug\u00fcn Babalar G\u00fcn\u00fc... Babalar G\u00fcn\u00fcn\u00fcz Kutlu Olsun... - AvrupaPress","robots":{"index":"index","follow":"follow","max-snippet":"max-snippet:-1","max-image-preview":"max-image-preview:large","max-video-preview":"max-video-preview:-1"},"canonical":"https:\/\/avrupapress.com\/2019\/06\/16\/bugun-babalar-gunu-babalar-gununuz-kutlu-olsun\/","og_locale":"fr_FR","og_type":"article","og_title":"Bug\u00fcn Babalar G\u00fcn\u00fc... Babalar G\u00fcn\u00fcn\u00fcz Kutlu Olsun... - AvrupaPress","og_description":"Hayatlar\u0131n\u0131 \u00e7ocuklar\u0131na adayan babalar\u0131n kendilerini \u00f6zel hissetmeleri i\u00e7in y\u0131lda bir g\u00fcn &lsquo;Babalar G\u00fcn\u00fc&rsquo; olarak kutlan\u0131yor. Anneler G\u00fcn\u00fc kutlamalar\u0131 kadar pop\u00fcler olmasa da uzun y\u0131llad\u0131r kutlanmaya devam eden Babalar G\u00fcn\u00fc 2019&rsquo;da da t\u00fcm d\u00fcnyada kutlanmaya devam edecek. Peki, 2019 Babalar G\u00fcn\u00fc ne zaman? Geleneksel olarak her y\u0131l haziran ay\u0131nda kutlanan&nbsp;Babalar G\u00fcn\u00fc&lsquo;n\u00fcn 2019 y\u0131l\u0131nda hangi tarihte kutlanaca\u011f\u0131 [&hellip;]","og_url":"https:\/\/avrupapress.com\/2019\/06\/16\/bugun-babalar-gunu-babalar-gununuz-kutlu-olsun\/","og_site_name":"AvrupaPress","article_published_time":"2019-06-16T07:57:26+00:00","article_modified_time":"2019-06-16T07:57:28+00:00","og_image":[{"width":728,"height":410,"url":"https:\/\/avrupapress.com\/wp-content\/uploads\/2019\/06\/babalar-gunu-mesajlari-2018-babalar-gunu-sozleri-guncel-arsivi-728x410.jpg","type":"image\/jpeg"}],"author":"Edit\u00f6r","twitter_card":"summary_large_image","twitter_misc":{"\u00c9crit par":"Edit\u00f6r","Dur\u00e9e de lecture est.":"2 minutes"},"schema":{"@context":"https:\/\/schema.org","@graph":[{"@type":"Article","@id":"https:\/\/avrupapress.com\/2019\/06\/16\/bugun-babalar-gunu-babalar-gununuz-kutlu-olsun\/#article","isPartOf":{"@id":"https:\/\/avrupapress.com\/2019\/06\/16\/bugun-babalar-gunu-babalar-gununuz-kutlu-olsun\/"},"author":{"name":"Edit\u00f6r","@id":"https:\/\/avrupapress.com\/#\/schema\/person\/68428444ec60970d1e1b700cf4ca1e8f"},"headline":"Bug\u00fcn Babalar G\u00fcn\u00fc&#8230; Babalar G\u00fcn\u00fcn\u00fcz Kutlu Olsun&#8230;","datePublished":"2019-06-16T07:57:26+00:00","dateModified":"2019-06-16T07:57:28+00:00","mainEntityOfPage":{"@id":"https:\/\/avrupapress.com\/2019\/06\/16\/bugun-babalar-gunu-babalar-gununuz-kutlu-olsun\/"},"wordCount":365,"commentCount":0,"publisher":{"@id":"https:\/\/avrupapress.com\/#\/schema\/person\/0223dca19c72c43575bf30d1a2d8f4fa"},"image":{"@id":"https:\/\/avrupapress.com\/2019\/06\/16\/bugun-babalar-gunu-babalar-gununuz-kutlu-olsun\/#primaryimage"},"thumbnailUrl":"https:\/\/avrupapress.com\/main\/wp-content\/uploads\/2019\/06\/babalar-gunu-mesajlari-2018-babalar-gunu-sozleri-guncel-arsivi-728x410.jpg","keywords":["Bug\u00fcn Babalar G\u00fcn\u00fc... Babalar G\u00fcn\u00fcn\u00fcz Kutlu Olsun..."],"articleSection":["Avrupa","Bel\u00e7ika","D\u00fcnya","Ekonomi","K\u00fclt\u00fcr-Sanat","Spor","Tan\u0131t\u0131m","T\u00fcrkiye","Uncategorized"],"inLanguage":"fr-BE","potentialAction":[{"@type":"CommentAction","name":"Comment","target":["https:\/\/avrupapress.com\/2019\/06\/16\/bugun-babalar-gunu-babalar-gununuz-kutlu-olsun\/#respond"]}]},{"@type":"WebPage","@id":"https:\/\/avrupapress.com\/2019\/06\/16\/bugun-babalar-gunu-babalar-gununuz-kutlu-olsun\/","url":"https:\/\/avrupapress.com\/2019\/06\/16\/bugun-babalar-gunu-babalar-gununuz-kutlu-olsun\/","name":"Bug\u00fcn Babalar G\u00fcn\u00fc... Babalar G\u00fcn\u00fcn\u00fcz Kutlu Olsun... - AvrupaPress","isPartOf":{"@id":"https:\/\/avrupapress.com\/#website"},"primaryImageOfPage":{"@id":"https:\/\/avrupapress.com\/2019\/06\/16\/bugun-babalar-gunu-babalar-gununuz-kutlu-olsun\/#primaryimage"},"image":{"@id":"https:\/\/avrupapress.com\/2019\/06\/16\/bugun-babalar-gunu-babalar-gununuz-kutlu-olsun\/#primaryimage"},"thumbnailUrl":"https:\/\/avrupapress.com\/main\/wp-content\/uploads\/2019\/06\/babalar-gunu-mesajlari-2018-babalar-gunu-sozleri-guncel-arsivi-728x410.jpg","datePublished":"2019-06-16T07:57:26+00:00","dateModified":"2019-06-16T07:57:28+00:00","breadcrumb":{"@id":"https:\/\/avrupapress.com\/2019\/06\/16\/bugun-babalar-gunu-babalar-gununuz-kutlu-olsun\/#breadcrumb"},"inLanguage":"fr-BE","potentialAction":[{"@type":"ReadAction","target":["https:\/\/avrupapress.com\/2019\/06\/16\/bugun-babalar-gunu-babalar-gununuz-kutlu-olsun\/"]}]},{"@type":"ImageObject","inLanguage":"fr-BE","@id":"https:\/\/avrupapress.com\/2019\/06\/16\/bugun-babalar-gunu-babalar-gununuz-kutlu-olsun\/#primaryimage","url":"https:\/\/avrupapress.com\/main\/wp-content\/uploads\/2019\/06\/babalar-gunu-mesajlari-2018-babalar-gunu-sozleri-guncel-arsivi-728x410.jpg","contentUrl":"https:\/\/avrupapress.com\/main\/wp-content\/uploads\/2019\/06\/babalar-gunu-mesajlari-2018-babalar-gunu-sozleri-guncel-arsivi-728x410.jpg","width":728,"height":410},{"@type":"BreadcrumbList","@id":"https:\/\/avrupapress.com\/2019\/06\/16\/bugun-babalar-gunu-babalar-gununuz-kutlu-olsun\/#breadcrumb","itemListElement":[{"@type":"ListItem","position":1,"name":"Anasayfa","item":"https:\/\/avrupapress.com\/"},{"@type":"ListItem","position":2,"name":"Bug\u00fcn Babalar G\u00fcn\u00fc&#8230; Babalar G\u00fcn\u00fcn\u00fcz Kutlu Olsun&#8230;"}]},{"@type":"WebSite","@id":"https:\/\/avrupapress.com\/#website","url":"https:\/\/avrupapress.com\/","name":"AvrupaPress","description":"Haberin Adresi","publisher":{"@id":"https:\/\/avrupapress.com\/#\/schema\/person\/0223dca19c72c43575bf30d1a2d8f4fa"},"potentialAction":[{"@type":"SearchAction","target":{"@type":"EntryPoint","urlTemplate":"https:\/\/avrupapress.com\/?s={search_term_string}"},"query-input":{"@type":"PropertyValueSpecification","valueRequired":true,"valueName":"search_term_string"}}],"inLanguage":"fr-BE"},{"@type":["Person","Organization"],"@id":"https:\/\/avrupapress.com\/#\/schema\/person\/0223dca19c72c43575bf30d1a2d8f4fa","name":"Bilgin \u00d6z\u00e7ift\u00e7i","image":{"@type":"ImageObject","inLanguage":"fr-BE","@id":"https:\/\/avrupapress.com\/#\/schema\/person\/image\/","url":"https:\/\/secure.gravatar.com\/avatar\/0f23b280433a21e1ea7a0adcc46ed0ad16afe3ad8e630fd13d8a017dcbd54ef3?s=96&d=mm&r=g","contentUrl":"https:\/\/secure.gravatar.com\/avatar\/0f23b280433a21e1ea7a0adcc46ed0ad16afe3ad8e630fd13d8a017dcbd54ef3?s=96&d=mm&r=g","caption":"Bilgin \u00d6z\u00e7ift\u00e7i"},"logo":{"@id":"https:\/\/avrupapress.com\/#\/schema\/person\/image\/"},"description":"Ne ben, nede sen... Biz ancak \"biz\" olursak g\u00fc\u00e7l\u00fc olabiliriz"},{"@type":"Person","@id":"https:\/\/avrupapress.com\/#\/schema\/person\/68428444ec60970d1e1b700cf4ca1e8f","name":"Edit\u00f6r","image":{"@type":"ImageObject","inLanguage":"fr-BE","@id":"https:\/\/avrupapress.com\/#\/schema\/person\/image\/","url":"https:\/\/secure.gravatar.com\/avatar\/74996b0977aa5f1559ba9883776652508b229005c0d78fb2597897f0bd651c09?s=96&d=mm&r=g","contentUrl":"https:\/\/secure.gravatar.com\/avatar\/74996b0977aa5f1559ba9883776652508b229005c0d78fb2597897f0bd651c09?s=96&d=mm&r=g","caption":"Edit\u00f6r"},"sameAs":["http:\/\/www.avrupapress.com"],"url":"https:\/\/avrupapress.com\/main\/author\/editor\/"}]}},"_links":{"self":[{"href":"https:\/\/avrupapress.com\/main\/wp-json\/wp\/v2\/posts\/9247","targetHints":{"allow":["GET"]}}],"collection":[{"href":"https:\/\/avrupapress.com\/main\/wp-json\/wp\/v2\/posts"}],"about":[{"href":"https:\/\/avrupapress.com\/main\/wp-json\/wp\/v2\/types\/post"}],"author":[{"embeddable":true,"href":"https:\/\/avrupapress.com\/main\/wp-json\/wp\/v2\/users\/3"}],"replies":[{"embeddable":true,"href":"https:\/\/avrupapress.com\/main\/wp-json\/wp\/v2\/comments?post=9247"}],"version-history":[{"count":1,"href":"https:\/\/avrupapress.com\/main\/wp-json\/wp\/v2\/posts\/9247\/revisions"}],"predecessor-version":[{"id":9249,"href":"https:\/\/avrupapress.com\/main\/wp-json\/wp\/v2\/posts\/9247\/revisions\/9249"}],"wp:featuredmedia":[{"embeddable":true,"href":"https:\/\/avrupapress.com\/main\/wp-json\/wp\/v2\/media\/9248"}],"wp:attachment":[{"href":"https:\/\/avrupapress.com\/main\/wp-json\/wp\/v2\/media?parent=9247"}],"wp:term":[{"taxonomy":"category","embeddable":true,"href":"https:\/\/avrupapress.com\/main\/wp-json\/wp\/v2\/categories?post=9247"},{"taxonomy":"post_tag","embeddable":true,"href":"https:\/\/avrupapress.com\/main\/wp-json\/wp\/v2\/tags?post=9247"}],"curies":[{"name":"wp","href":"https:\/\/api.w.org\/{rel}","templated":true}]}}