{"id":9244,"date":"2019-06-15T21:40:18","date_gmt":"2019-06-15T21:40:18","guid":{"rendered":"http:\/\/avrupapress.com\/main\/?p=9244"},"modified":"2019-06-15T21:40:19","modified_gmt":"2019-06-15T21:40:19","slug":"turkiyede-issiz-annelere-gunde-80-lira","status":"publish","type":"post","link":"https:\/\/avrupapress.com\/main\/2019\/06\/15\/turkiyede-issiz-annelere-gunde-80-lira\/","title":{"rendered":"T\u00fcrkiye&rsquo;de \u0130\u015fsiz annelere g\u00fcnde 80 lira!"},"content":{"rendered":"\n<h2 class=\"wp-block-heading\">\u0130\u015eKUR, \u0130\u015fte Anne projesi ile 15 ya\u015f\u0131ndan k\u00fc\u00e7\u00fck \u00e7ocu\u011fu olan ve \u00e7al\u0131\u015fmayan annelere g\u00fcnl\u00fck 80 lira har\u00e7l\u0131k veriyor. \u0130\u015eKUR, i\u015fsiz anneler har\u00e7l\u0131k projesiyle, \u0130\u015eKUR\u2019a kay\u0131tl\u0131 herhangi bir mesle\u011fi olmayan, bir mesle\u011fi olmakla birlikte mesle\u011finde i\u015f bulamayan veya mesle\u011finde yeterli olamayan i\u015fsizlerin niteliklerini geli\u015ftirerek istihdam edilebilirliklerini art\u0131rmay\u0131 ama\u00e7l\u0131yor. \u0130\u015fte, \u0130\u015eKUR i\u015fsiz anne har\u00e7l\u0131\u011f\u0131na ba\u015fvuru \u015fartlar\u0131<\/h2>\n\n\n\n<p>\n\n\u0130\u015fsiz annelere g\u00fcnde 80 lira ayl\u0131k 2 bin 400 lira har\u00e7l\u0131kla i\u015fba\u015f\u0131 e\u011fitim program\u0131 kapsam\u0131nda yap\u0131lan \u0130\u015fte Anne projesinin detaylar\u0131 merak ediliyor. 15 ya\u015f\u0131ndan k\u00fc\u00e7\u00fck \u00e7ocu\u011fu olmas\u0131, annelerden ba\u015fvurular\u0131 s\u0131ras\u0131nda aranan en \u00f6nemli ko\u015ful. Programa kat\u0131lan anneler \u00e7ocuk bak\u0131m deste\u011finden yararlanma \u015fartlar\u0131n\u0131 ta\u015f\u0131yorsa, ayr\u0131ca Bak\u0131m Deste\u011fi de alabilirler. Detaylar haberimizde.<br>\u0130\u015eKUR \u0130\u015eS\u0130Z ANNE HAR\u00c7LI\u011eINA BA\u015eVURU \u015eARTLARI NELER?<br>\u0130\u015fte Anne Projesi kapsam\u0131nda sunulan destekten yararlanmak i\u00e7in Y\u00f6netmeli\u011fin 32\u2019nci maddesinde belirtilen mesleki e\u011fitim kurslar\u0131na kat\u0131lma \u015fartlar\u0131na ve 52\u2019nci maddesinde belirtilen i\u015fba\u015f\u0131 e\u011fitim programlar\u0131na kat\u0131lma \u015fartlar\u0131na kurs\/program s\u00fcresince haiz olunmas\u0131 gerekmekte olup ayr\u0131ca projeden yararlanacak kad\u0131nlar\u0131n kurs ve programlara kat\u0131lmadan \u00f6nce i\u015f ve meslek dan\u0131\u015fmanl\u0131\u011f\u0131 hizmetinden yararlanmas\u0131 gerekmektedir.<br>\u0130\u015fte Anne Projesi kapsam\u0131nda sunulan destekten, sosyal yard\u0131m ya da sosyal ve ekonomik destek alan kad\u0131nlar ile Aile, \u00c7al\u0131\u015fma ve Sosyal Hizmet Bakanl\u0131\u011f\u0131\u2019n\u0131n (Bakanl\u0131k) kad\u0131na y\u00f6nelik \u015fiddetle m\u00fccadele alan\u0131nda hizmet sunan kurulu\u015flar\u0131ndan faydalanan kad\u0131nlar \u00f6ncelikli olmak \u00fczere Genel M\u00fcd\u00fcrl\u00fck taraf\u0131ndan belirlenecek gruplar i\u00e7erisinde yer alan di\u011fer kad\u0131nlarda yararlanabilecektir.Projeden yaln\u0131zca 0-15 ya\u015f aras\u0131nda (15 ya\u015f d\u00e2hil) \u00e7ocu\u011fu olan kad\u0131nlar yararlanabilecek olup \u00e7ocu\u011fun proje devam ederken 15 ya\u015f\u0131n\u0131 tamamlamas\u0131 projeden yararlanmaya engel olmayacakt\u0131r. Kad\u0131nlar\u0131n evlatl\u0131k edindi\u011fi \u00e7ocuklar\u0131 i\u00e7in de destekten yararlanma hakk\u0131 bulunmaktad\u0131r.<br>\u201cSanayi Sekt\u00f6r\u00fcndeki Mesleklerde D\u00fczenlenen Mesleki E\u011fitim Kurslar\u0131na ve \u0130malat Sekt\u00f6r\u00fcndeki Mesleklerde D\u00fczenlenen \u0130\u015fba\u015f\u0131 E\u011fitim Programlar\u0131na Kat\u0131lan Kad\u0131nlara \u00c7ocuk Bak\u0131m Deste\u011fi Verilmesine \u0130li\u015fkin Usul Ve Esaslar\u201d kapsam\u0131nda d\u00fczenlenen kurs veya programlara kat\u0131lanlardan \u00e7ocuk bak\u0131m deste\u011finden yararlanma \u015fartlar\u0131n\u0131 ta\u015f\u0131yanlara ayr\u0131ca Bak\u0131m Deste\u011fi de \u00f6denebilecektir.<br>\u0130\u015eS\u0130Z ANNELERE 80 L\u0130RA HAR\u00c7LIK PROJES\u0130 \u0130\u00c7\u0130N GEREKL\u0130 BELGELER<br>0-15 ya\u015f aras\u0131nda \u00e7ocu\u011fu olan kad\u0131nlar\u0131n \u00e7ocuk sahibi olduklar\u0131n\u0131 g\u00f6sterir belgeyi \u0130l M\u00fcd\u00fcrl\u00fc\u011f\u00fcne ibraz etmesi gerekmektedir.<br>Ayr\u0131ca, \u201cSanayi Sekt\u00f6r\u00fcndeki Mesleklerde D\u00fczenlenen Mesleki E\u011fitim Kurslar\u0131na ve \u0130malat Sekt\u00f6r\u00fcndeki Mesleklerde D\u00fczenlenen \u0130\u015fba\u015f\u0131 E\u011fitim Programlar\u0131na Kat\u0131lan Kad\u0131nlara \u00c7ocuk Bak\u0131m Deste\u011fi Verilmesine \u0130li\u015fkin Usul Ve Esaslar\u201d kapsam\u0131nda d\u00fczenlenen kurs veya programlara kat\u0131lanlardan \u00e7ocuk bak\u0131m deste\u011finden yararlanma \u015fartlar\u0131n\u0131 ta\u015f\u0131yan kursiyer\/kat\u0131l\u0131mc\u0131lar\u0131n ilgili mevzuat kapsam\u0131nda talep edilen belgeleri de ibraz etmesi gerekmektedir.\n\n<\/p>\n","protected":false},"excerpt":{"rendered":"<p>\u0130\u015eKUR, \u0130\u015fte Anne projesi ile 15 ya\u015f\u0131ndan k\u00fc\u00e7\u00fck \u00e7ocu\u011fu olan ve \u00e7al\u0131\u015fmayan annelere g\u00fcnl\u00fck 80 lira har\u00e7l\u0131k veriyor. \u0130\u015eKUR, i\u015fsiz anneler har\u00e7l\u0131k projesiyle, \u0130\u015eKUR\u2019a kay\u0131tl\u0131 herhangi bir mesle\u011fi olmayan, bir mesle\u011fi olmakla birlikte mesle\u011finde i\u015f bulamayan veya mesle\u011finde yeterli olamayan i\u015fsizlerin niteliklerini geli\u015ftirerek istihdam edilebilirliklerini art\u0131rmay\u0131 ama\u00e7l\u0131yor. \u0130\u015fte, \u0130\u015eKUR i\u015fsiz anne har\u00e7l\u0131\u011f\u0131na ba\u015fvuru \u015fartlar\u0131 \u0130\u015fsiz [&hellip;]<\/p>\n","protected":false},"author":3,"featured_media":9245,"comment_status":"open","ping_status":"open","sticky":false,"template":"","format":"standard","meta":{"footnotes":""},"categories":[14,16,3,17,18,19,2,1],"tags":[],"class_list":["post-9244","post","type-post","status-publish","format-standard","has-post-thumbnail","hentry","category-avrupa","category-belcika","category-dunya","category-ekonomi","category-kultur-sanat","category-tanitim","category-turkiye","category-uncategorized"],"yoast_head":"<!-- This site is optimized with the Yoast SEO plugin v26.9 - https:\/\/yoast.com\/product\/yoast-seo-wordpress\/ -->\n<title>T\u00fcrkiye&#039;de \u0130\u015fsiz annelere g\u00fcnde 80 lira! - AvrupaPress<\/title>\n<meta name=\"robots\" content=\"index, follow, max-snippet:-1, max-image-preview:large, max-video-preview:-1\" \/>\n<link rel=\"canonical\" href=\"https:\/\/avrupapress.com\/2019\/06\/15\/turkiyede-issiz-annelere-gunde-80-lira\/\" \/>\n<meta property=\"og:locale\" content=\"fr_FR\" \/>\n<meta property=\"og:type\" content=\"article\" \/>\n<meta property=\"og:title\" content=\"T\u00fcrkiye&#039;de \u0130\u015fsiz annelere g\u00fcnde 80 lira! - AvrupaPress\" \/>\n<meta property=\"og:description\" content=\"\u0130\u015eKUR, \u0130\u015fte Anne projesi ile 15 ya\u015f\u0131ndan k\u00fc\u00e7\u00fck \u00e7ocu\u011fu olan ve \u00e7al\u0131\u015fmayan annelere g\u00fcnl\u00fck 80 lira har\u00e7l\u0131k veriyor. \u0130\u015eKUR, i\u015fsiz anneler har\u00e7l\u0131k projesiyle, \u0130\u015eKUR\u2019a kay\u0131tl\u0131 herhangi bir mesle\u011fi olmayan, bir mesle\u011fi olmakla birlikte mesle\u011finde i\u015f bulamayan veya mesle\u011finde yeterli olamayan i\u015fsizlerin niteliklerini geli\u015ftirerek istihdam edilebilirliklerini art\u0131rmay\u0131 ama\u00e7l\u0131yor. \u0130\u015fte, \u0130\u015eKUR i\u015fsiz anne har\u00e7l\u0131\u011f\u0131na ba\u015fvuru \u015fartlar\u0131 \u0130\u015fsiz [&hellip;]\" \/>\n<meta property=\"og:url\" content=\"https:\/\/avrupapress.com\/2019\/06\/15\/turkiyede-issiz-annelere-gunde-80-lira\/\" \/>\n<meta property=\"og:site_name\" content=\"AvrupaPress\" \/>\n<meta property=\"article:published_time\" content=\"2019-06-15T21:40:18+00:00\" \/>\n<meta property=\"article:modified_time\" content=\"2019-06-15T21:40:19+00:00\" \/>\n<meta property=\"og:image\" content=\"https:\/\/avrupapress.com\/wp-content\/uploads\/2019\/06\/issizlik_fonunda_dusus_1557994652_3589.jpg\" \/>\n\t<meta property=\"og:image:width\" content=\"620\" \/>\n\t<meta property=\"og:image:height\" content=\"360\" \/>\n\t<meta property=\"og:image:type\" content=\"image\/jpeg\" \/>\n<meta name=\"author\" content=\"Edit\u00f6r\" \/>\n<meta name=\"twitter:card\" content=\"summary_large_image\" \/>\n<meta name=\"twitter:label1\" content=\"\u00c9crit par\" \/>\n\t<meta name=\"twitter:data1\" content=\"Edit\u00f6r\" \/>\n\t<meta name=\"twitter:label2\" content=\"Dur\u00e9e de lecture est.\" \/>\n\t<meta name=\"twitter:data2\" content=\"3 minutes\" \/>\n<script type=\"application\/ld+json\" class=\"yoast-schema-graph\">{\"@context\":\"https:\/\/schema.org\",\"@graph\":[{\"@type\":\"Article\",\"@id\":\"https:\/\/avrupapress.com\/2019\/06\/15\/turkiyede-issiz-annelere-gunde-80-lira\/#article\",\"isPartOf\":{\"@id\":\"https:\/\/avrupapress.com\/2019\/06\/15\/turkiyede-issiz-annelere-gunde-80-lira\/\"},\"author\":{\"name\":\"Edit\u00f6r\",\"@id\":\"https:\/\/avrupapress.com\/#\/schema\/person\/68428444ec60970d1e1b700cf4ca1e8f\"},\"headline\":\"T\u00fcrkiye&rsquo;de \u0130\u015fsiz annelere g\u00fcnde 80 lira!\",\"datePublished\":\"2019-06-15T21:40:18+00:00\",\"dateModified\":\"2019-06-15T21:40:19+00:00\",\"mainEntityOfPage\":{\"@id\":\"https:\/\/avrupapress.com\/2019\/06\/15\/turkiyede-issiz-annelere-gunde-80-lira\/\"},\"wordCount\":529,\"commentCount\":0,\"publisher\":{\"@id\":\"https:\/\/avrupapress.com\/#\/schema\/person\/0223dca19c72c43575bf30d1a2d8f4fa\"},\"image\":{\"@id\":\"https:\/\/avrupapress.com\/2019\/06\/15\/turkiyede-issiz-annelere-gunde-80-lira\/#primaryimage\"},\"thumbnailUrl\":\"https:\/\/avrupapress.com\/main\/wp-content\/uploads\/2019\/06\/issizlik_fonunda_dusus_1557994652_3589.jpg\",\"articleSection\":[\"Avrupa\",\"Bel\u00e7ika\",\"D\u00fcnya\",\"Ekonomi\",\"K\u00fclt\u00fcr-Sanat\",\"Tan\u0131t\u0131m\",\"T\u00fcrkiye\",\"Uncategorized\"],\"inLanguage\":\"fr-BE\",\"potentialAction\":[{\"@type\":\"CommentAction\",\"name\":\"Comment\",\"target\":[\"https:\/\/avrupapress.com\/2019\/06\/15\/turkiyede-issiz-annelere-gunde-80-lira\/#respond\"]}]},{\"@type\":\"WebPage\",\"@id\":\"https:\/\/avrupapress.com\/2019\/06\/15\/turkiyede-issiz-annelere-gunde-80-lira\/\",\"url\":\"https:\/\/avrupapress.com\/2019\/06\/15\/turkiyede-issiz-annelere-gunde-80-lira\/\",\"name\":\"T\u00fcrkiye'de \u0130\u015fsiz annelere g\u00fcnde 80 lira! - AvrupaPress\",\"isPartOf\":{\"@id\":\"https:\/\/avrupapress.com\/#website\"},\"primaryImageOfPage\":{\"@id\":\"https:\/\/avrupapress.com\/2019\/06\/15\/turkiyede-issiz-annelere-gunde-80-lira\/#primaryimage\"},\"image\":{\"@id\":\"https:\/\/avrupapress.com\/2019\/06\/15\/turkiyede-issiz-annelere-gunde-80-lira\/#primaryimage\"},\"thumbnailUrl\":\"https:\/\/avrupapress.com\/main\/wp-content\/uploads\/2019\/06\/issizlik_fonunda_dusus_1557994652_3589.jpg\",\"datePublished\":\"2019-06-15T21:40:18+00:00\",\"dateModified\":\"2019-06-15T21:40:19+00:00\",\"breadcrumb\":{\"@id\":\"https:\/\/avrupapress.com\/2019\/06\/15\/turkiyede-issiz-annelere-gunde-80-lira\/#breadcrumb\"},\"inLanguage\":\"fr-BE\",\"potentialAction\":[{\"@type\":\"ReadAction\",\"target\":[\"https:\/\/avrupapress.com\/2019\/06\/15\/turkiyede-issiz-annelere-gunde-80-lira\/\"]}]},{\"@type\":\"ImageObject\",\"inLanguage\":\"fr-BE\",\"@id\":\"https:\/\/avrupapress.com\/2019\/06\/15\/turkiyede-issiz-annelere-gunde-80-lira\/#primaryimage\",\"url\":\"https:\/\/avrupapress.com\/main\/wp-content\/uploads\/2019\/06\/issizlik_fonunda_dusus_1557994652_3589.jpg\",\"contentUrl\":\"https:\/\/avrupapress.com\/main\/wp-content\/uploads\/2019\/06\/issizlik_fonunda_dusus_1557994652_3589.jpg\",\"width\":620,\"height\":360},{\"@type\":\"BreadcrumbList\",\"@id\":\"https:\/\/avrupapress.com\/2019\/06\/15\/turkiyede-issiz-annelere-gunde-80-lira\/#breadcrumb\",\"itemListElement\":[{\"@type\":\"ListItem\",\"position\":1,\"name\":\"Anasayfa\",\"item\":\"https:\/\/avrupapress.com\/\"},{\"@type\":\"ListItem\",\"position\":2,\"name\":\"T\u00fcrkiye&#8217;de \u0130\u015fsiz annelere g\u00fcnde 80 lira!\"}]},{\"@type\":\"WebSite\",\"@id\":\"https:\/\/avrupapress.com\/#website\",\"url\":\"https:\/\/avrupapress.com\/\",\"name\":\"AvrupaPress\",\"description\":\"Haberin Adresi\",\"publisher\":{\"@id\":\"https:\/\/avrupapress.com\/#\/schema\/person\/0223dca19c72c43575bf30d1a2d8f4fa\"},\"potentialAction\":[{\"@type\":\"SearchAction\",\"target\":{\"@type\":\"EntryPoint\",\"urlTemplate\":\"https:\/\/avrupapress.com\/?s={search_term_string}\"},\"query-input\":{\"@type\":\"PropertyValueSpecification\",\"valueRequired\":true,\"valueName\":\"search_term_string\"}}],\"inLanguage\":\"fr-BE\"},{\"@type\":[\"Person\",\"Organization\"],\"@id\":\"https:\/\/avrupapress.com\/#\/schema\/person\/0223dca19c72c43575bf30d1a2d8f4fa\",\"name\":\"Bilgin \u00d6z\u00e7ift\u00e7i\",\"image\":{\"@type\":\"ImageObject\",\"inLanguage\":\"fr-BE\",\"@id\":\"https:\/\/avrupapress.com\/#\/schema\/person\/image\/\",\"url\":\"https:\/\/secure.gravatar.com\/avatar\/0f23b280433a21e1ea7a0adcc46ed0ad16afe3ad8e630fd13d8a017dcbd54ef3?s=96&d=mm&r=g\",\"contentUrl\":\"https:\/\/secure.gravatar.com\/avatar\/0f23b280433a21e1ea7a0adcc46ed0ad16afe3ad8e630fd13d8a017dcbd54ef3?s=96&d=mm&r=g\",\"caption\":\"Bilgin \u00d6z\u00e7ift\u00e7i\"},\"logo\":{\"@id\":\"https:\/\/avrupapress.com\/#\/schema\/person\/image\/\"},\"description\":\"Ne ben, nede sen... Biz ancak \\\"biz\\\" olursak g\u00fc\u00e7l\u00fc olabiliriz\"},{\"@type\":\"Person\",\"@id\":\"https:\/\/avrupapress.com\/#\/schema\/person\/68428444ec60970d1e1b700cf4ca1e8f\",\"name\":\"Edit\u00f6r\",\"image\":{\"@type\":\"ImageObject\",\"inLanguage\":\"fr-BE\",\"@id\":\"https:\/\/avrupapress.com\/#\/schema\/person\/image\/\",\"url\":\"https:\/\/secure.gravatar.com\/avatar\/74996b0977aa5f1559ba9883776652508b229005c0d78fb2597897f0bd651c09?s=96&d=mm&r=g\",\"contentUrl\":\"https:\/\/secure.gravatar.com\/avatar\/74996b0977aa5f1559ba9883776652508b229005c0d78fb2597897f0bd651c09?s=96&d=mm&r=g\",\"caption\":\"Edit\u00f6r\"},\"sameAs\":[\"http:\/\/www.avrupapress.com\"],\"url\":\"https:\/\/avrupapress.com\/main\/author\/editor\/\"}]}<\/script>\n<!-- \/ Yoast SEO plugin. -->","yoast_head_json":{"title":"T\u00fcrkiye'de \u0130\u015fsiz annelere g\u00fcnde 80 lira! - AvrupaPress","robots":{"index":"index","follow":"follow","max-snippet":"max-snippet:-1","max-image-preview":"max-image-preview:large","max-video-preview":"max-video-preview:-1"},"canonical":"https:\/\/avrupapress.com\/2019\/06\/15\/turkiyede-issiz-annelere-gunde-80-lira\/","og_locale":"fr_FR","og_type":"article","og_title":"T\u00fcrkiye'de \u0130\u015fsiz annelere g\u00fcnde 80 lira! - AvrupaPress","og_description":"\u0130\u015eKUR, \u0130\u015fte Anne projesi ile 15 ya\u015f\u0131ndan k\u00fc\u00e7\u00fck \u00e7ocu\u011fu olan ve \u00e7al\u0131\u015fmayan annelere g\u00fcnl\u00fck 80 lira har\u00e7l\u0131k veriyor. \u0130\u015eKUR, i\u015fsiz anneler har\u00e7l\u0131k projesiyle, \u0130\u015eKUR\u2019a kay\u0131tl\u0131 herhangi bir mesle\u011fi olmayan, bir mesle\u011fi olmakla birlikte mesle\u011finde i\u015f bulamayan veya mesle\u011finde yeterli olamayan i\u015fsizlerin niteliklerini geli\u015ftirerek istihdam edilebilirliklerini art\u0131rmay\u0131 ama\u00e7l\u0131yor. \u0130\u015fte, \u0130\u015eKUR i\u015fsiz anne har\u00e7l\u0131\u011f\u0131na ba\u015fvuru \u015fartlar\u0131 \u0130\u015fsiz [&hellip;]","og_url":"https:\/\/avrupapress.com\/2019\/06\/15\/turkiyede-issiz-annelere-gunde-80-lira\/","og_site_name":"AvrupaPress","article_published_time":"2019-06-15T21:40:18+00:00","article_modified_time":"2019-06-15T21:40:19+00:00","og_image":[{"width":620,"height":360,"url":"https:\/\/avrupapress.com\/wp-content\/uploads\/2019\/06\/issizlik_fonunda_dusus_1557994652_3589.jpg","type":"image\/jpeg"}],"author":"Edit\u00f6r","twitter_card":"summary_large_image","twitter_misc":{"\u00c9crit par":"Edit\u00f6r","Dur\u00e9e de lecture est.":"3 minutes"},"schema":{"@context":"https:\/\/schema.org","@graph":[{"@type":"Article","@id":"https:\/\/avrupapress.com\/2019\/06\/15\/turkiyede-issiz-annelere-gunde-80-lira\/#article","isPartOf":{"@id":"https:\/\/avrupapress.com\/2019\/06\/15\/turkiyede-issiz-annelere-gunde-80-lira\/"},"author":{"name":"Edit\u00f6r","@id":"https:\/\/avrupapress.com\/#\/schema\/person\/68428444ec60970d1e1b700cf4ca1e8f"},"headline":"T\u00fcrkiye&rsquo;de \u0130\u015fsiz annelere g\u00fcnde 80 lira!","datePublished":"2019-06-15T21:40:18+00:00","dateModified":"2019-06-15T21:40:19+00:00","mainEntityOfPage":{"@id":"https:\/\/avrupapress.com\/2019\/06\/15\/turkiyede-issiz-annelere-gunde-80-lira\/"},"wordCount":529,"commentCount":0,"publisher":{"@id":"https:\/\/avrupapress.com\/#\/schema\/person\/0223dca19c72c43575bf30d1a2d8f4fa"},"image":{"@id":"https:\/\/avrupapress.com\/2019\/06\/15\/turkiyede-issiz-annelere-gunde-80-lira\/#primaryimage"},"thumbnailUrl":"https:\/\/avrupapress.com\/main\/wp-content\/uploads\/2019\/06\/issizlik_fonunda_dusus_1557994652_3589.jpg","articleSection":["Avrupa","Bel\u00e7ika","D\u00fcnya","Ekonomi","K\u00fclt\u00fcr-Sanat","Tan\u0131t\u0131m","T\u00fcrkiye","Uncategorized"],"inLanguage":"fr-BE","potentialAction":[{"@type":"CommentAction","name":"Comment","target":["https:\/\/avrupapress.com\/2019\/06\/15\/turkiyede-issiz-annelere-gunde-80-lira\/#respond"]}]},{"@type":"WebPage","@id":"https:\/\/avrupapress.com\/2019\/06\/15\/turkiyede-issiz-annelere-gunde-80-lira\/","url":"https:\/\/avrupapress.com\/2019\/06\/15\/turkiyede-issiz-annelere-gunde-80-lira\/","name":"T\u00fcrkiye'de \u0130\u015fsiz annelere g\u00fcnde 80 lira! - AvrupaPress","isPartOf":{"@id":"https:\/\/avrupapress.com\/#website"},"primaryImageOfPage":{"@id":"https:\/\/avrupapress.com\/2019\/06\/15\/turkiyede-issiz-annelere-gunde-80-lira\/#primaryimage"},"image":{"@id":"https:\/\/avrupapress.com\/2019\/06\/15\/turkiyede-issiz-annelere-gunde-80-lira\/#primaryimage"},"thumbnailUrl":"https:\/\/avrupapress.com\/main\/wp-content\/uploads\/2019\/06\/issizlik_fonunda_dusus_1557994652_3589.jpg","datePublished":"2019-06-15T21:40:18+00:00","dateModified":"2019-06-15T21:40:19+00:00","breadcrumb":{"@id":"https:\/\/avrupapress.com\/2019\/06\/15\/turkiyede-issiz-annelere-gunde-80-lira\/#breadcrumb"},"inLanguage":"fr-BE","potentialAction":[{"@type":"ReadAction","target":["https:\/\/avrupapress.com\/2019\/06\/15\/turkiyede-issiz-annelere-gunde-80-lira\/"]}]},{"@type":"ImageObject","inLanguage":"fr-BE","@id":"https:\/\/avrupapress.com\/2019\/06\/15\/turkiyede-issiz-annelere-gunde-80-lira\/#primaryimage","url":"https:\/\/avrupapress.com\/main\/wp-content\/uploads\/2019\/06\/issizlik_fonunda_dusus_1557994652_3589.jpg","contentUrl":"https:\/\/avrupapress.com\/main\/wp-content\/uploads\/2019\/06\/issizlik_fonunda_dusus_1557994652_3589.jpg","width":620,"height":360},{"@type":"BreadcrumbList","@id":"https:\/\/avrupapress.com\/2019\/06\/15\/turkiyede-issiz-annelere-gunde-80-lira\/#breadcrumb","itemListElement":[{"@type":"ListItem","position":1,"name":"Anasayfa","item":"https:\/\/avrupapress.com\/"},{"@type":"ListItem","position":2,"name":"T\u00fcrkiye&#8217;de \u0130\u015fsiz annelere g\u00fcnde 80 lira!"}]},{"@type":"WebSite","@id":"https:\/\/avrupapress.com\/#website","url":"https:\/\/avrupapress.com\/","name":"AvrupaPress","description":"Haberin Adresi","publisher":{"@id":"https:\/\/avrupapress.com\/#\/schema\/person\/0223dca19c72c43575bf30d1a2d8f4fa"},"potentialAction":[{"@type":"SearchAction","target":{"@type":"EntryPoint","urlTemplate":"https:\/\/avrupapress.com\/?s={search_term_string}"},"query-input":{"@type":"PropertyValueSpecification","valueRequired":true,"valueName":"search_term_string"}}],"inLanguage":"fr-BE"},{"@type":["Person","Organization"],"@id":"https:\/\/avrupapress.com\/#\/schema\/person\/0223dca19c72c43575bf30d1a2d8f4fa","name":"Bilgin \u00d6z\u00e7ift\u00e7i","image":{"@type":"ImageObject","inLanguage":"fr-BE","@id":"https:\/\/avrupapress.com\/#\/schema\/person\/image\/","url":"https:\/\/secure.gravatar.com\/avatar\/0f23b280433a21e1ea7a0adcc46ed0ad16afe3ad8e630fd13d8a017dcbd54ef3?s=96&d=mm&r=g","contentUrl":"https:\/\/secure.gravatar.com\/avatar\/0f23b280433a21e1ea7a0adcc46ed0ad16afe3ad8e630fd13d8a017dcbd54ef3?s=96&d=mm&r=g","caption":"Bilgin \u00d6z\u00e7ift\u00e7i"},"logo":{"@id":"https:\/\/avrupapress.com\/#\/schema\/person\/image\/"},"description":"Ne ben, nede sen... Biz ancak \"biz\" olursak g\u00fc\u00e7l\u00fc olabiliriz"},{"@type":"Person","@id":"https:\/\/avrupapress.com\/#\/schema\/person\/68428444ec60970d1e1b700cf4ca1e8f","name":"Edit\u00f6r","image":{"@type":"ImageObject","inLanguage":"fr-BE","@id":"https:\/\/avrupapress.com\/#\/schema\/person\/image\/","url":"https:\/\/secure.gravatar.com\/avatar\/74996b0977aa5f1559ba9883776652508b229005c0d78fb2597897f0bd651c09?s=96&d=mm&r=g","contentUrl":"https:\/\/secure.gravatar.com\/avatar\/74996b0977aa5f1559ba9883776652508b229005c0d78fb2597897f0bd651c09?s=96&d=mm&r=g","caption":"Edit\u00f6r"},"sameAs":["http:\/\/www.avrupapress.com"],"url":"https:\/\/avrupapress.com\/main\/author\/editor\/"}]}},"_links":{"self":[{"href":"https:\/\/avrupapress.com\/main\/wp-json\/wp\/v2\/posts\/9244","targetHints":{"allow":["GET"]}}],"collection":[{"href":"https:\/\/avrupapress.com\/main\/wp-json\/wp\/v2\/posts"}],"about":[{"href":"https:\/\/avrupapress.com\/main\/wp-json\/wp\/v2\/types\/post"}],"author":[{"embeddable":true,"href":"https:\/\/avrupapress.com\/main\/wp-json\/wp\/v2\/users\/3"}],"replies":[{"embeddable":true,"href":"https:\/\/avrupapress.com\/main\/wp-json\/wp\/v2\/comments?post=9244"}],"version-history":[{"count":1,"href":"https:\/\/avrupapress.com\/main\/wp-json\/wp\/v2\/posts\/9244\/revisions"}],"predecessor-version":[{"id":9246,"href":"https:\/\/avrupapress.com\/main\/wp-json\/wp\/v2\/posts\/9244\/revisions\/9246"}],"wp:featuredmedia":[{"embeddable":true,"href":"https:\/\/avrupapress.com\/main\/wp-json\/wp\/v2\/media\/9245"}],"wp:attachment":[{"href":"https:\/\/avrupapress.com\/main\/wp-json\/wp\/v2\/media?parent=9244"}],"wp:term":[{"taxonomy":"category","embeddable":true,"href":"https:\/\/avrupapress.com\/main\/wp-json\/wp\/v2\/categories?post=9244"},{"taxonomy":"post_tag","embeddable":true,"href":"https:\/\/avrupapress.com\/main\/wp-json\/wp\/v2\/tags?post=9244"}],"curies":[{"name":"wp","href":"https:\/\/api.w.org\/{rel}","templated":true}]}}