{"id":9240,"date":"2019-06-15T21:05:29","date_gmt":"2019-06-15T21:05:29","guid":{"rendered":"http:\/\/avrupapress.com\/main\/?p=9240"},"modified":"2019-06-15T21:05:31","modified_gmt":"2019-06-15T21:05:31","slug":"manisayi-ayaga-kaldiran-tweed","status":"publish","type":"post","link":"https:\/\/avrupapress.com\/main\/2019\/06\/15\/manisayi-ayaga-kaldiran-tweed\/","title":{"rendered":"Manisa&rsquo;y\u0131 aya\u011fa kald\u0131ran tweed!"},"content":{"rendered":"\n<p> \u200bManisa&rsquo;da kalp krizi ge\u00e7iren eski MHP&rsquo;li Ziya Elmal\u0131&rsquo;n\u0131n \u00f6l\u00fcm\u00fc \u00fcz\u00fcnt\u00fc yarat\u0131rken baz\u0131 yerel haber siteleri konuyu ba\u015fka ba\u015fka yerlere ta\u015f\u0131d\u0131lar.Att\u0131\u011f\u0131 tweed Manisa&rsquo;y\u0131 aya\u011fa kald\u0131rd\u0131.<br>Manisa \u0130l Sa\u011fl\u0131k M\u00fcd\u00fcr\u00fc Necip Yemenici bir bas\u0131n a\u00e7\u0131klamas\u0131 yapt\u0131.11.06.2019 g\u00fcn\u00fc 112 \u00e7a\u011fr\u0131 merkezine bir ihbar yap\u0131lm\u0131\u015ft\u0131r.Gelen ihbar \u00fczerine saat 08.30-47 aras\u0131 112 ekipleri yola \u00e7\u0131k\u0131p yakla\u015f\u0131k 3 dakika i\u00e7erisinde vakaya ula\u015f\u0131lm\u0131\u015ft\u0131r.<br>Ambulans i\u00e7inde gerekli m\u00fcdahaleyi yapan sa\u011fl\u0131k ekipleri hastadan nab\u0131z alamay\u0131nca k\u0131rm\u0131z\u0131 kod adl\u0131 vaka kodunu 112 komuta merkezine bildirmi\u015ftir.Saat 09.02&rsquo;de en yak\u0131n olan Manisa Merkezefendi Devlet Hastanesi Acil\u00a0 servise getirilmi\u015ftir.<br>Hastaya yakla\u015f\u0131k 40 dakika m\u00fcdahale eden Acil servis ekipleri yap\u0131lan b\u00fct\u00fcn m\u00fcdahaleye kar\u015f\u0131 hasta hayat\u0131n\u0131 kaybetmi\u015ftir. .Hastan\u0131n \u00f6yk\u00fcs\u00fcnde koroner arter hastal\u0131\u011f\u0131 sorgulamas\u0131nda yap\u0131lan EKO&rsquo;da kardiyok ak\u0131m saptanmam\u0131\u015ft\u0131r diyen \u0130l Sa\u011fl\u0131k M\u00fcd\u00fcr\u00fc Necip Yemenici Merkezefendi Devlet Hastanemizde n\u00f6bet\u00e7i olarak Kardiyoloji uzman\u0131m\u0131z vard\u0131r dedi,<br>Baz\u0131 karanl\u0131k ma\u015falar\u0131n bu konuyu f\u0131rsat bilip baz\u0131 manal\u0131 tweed atarak medyay\u0131 aya\u011fa kald\u0131rmay\u0131 ba\u015farm\u0131\u015ft\u0131r.Ba\u015fta FET\u00d6&rsquo;den yakalan\u0131p g\u00f6zalt\u0131na al\u0131nan ve FET\u00d6&rsquo;n\u00fcn gizli kasas\u0131 olarak bilinen ve hakk\u0131nda \u00e7ok say\u0131da yolsuzluk haberlerine kar\u0131\u015fan eski Manisa Merkezefendi Devlet Hastanesi \u00fcroloji uzman\u0131 Fahrettin Er atm\u0131\u015f oldu\u011fu tweed&rsquo;te bak\u0131n ne diyor Manisa Merkezefendi Devlet Hastanesinde 400 yatakl\u0131 bir hastane olmas\u0131na ra\u011fmen bir kardiyoloji uzman\u0131 bulunmad\u0131\u011f\u0131n\u0131 ve Kalp krizi ge\u00e7iren Ziya Elmal\u0131&rsquo;n\u0131n bu y\u00fczden \u00f6ld\u00fc\u011f\u00fcn\u00fc s\u00f6yl\u00fcyor ve bu ay\u0131p Manisa&rsquo;l\u0131lara yeter diyor.<\/p>\n\n\n\n<figure class=\"wp-block-image\"><img loading=\"lazy\" decoding=\"async\" width=\"960\" height=\"424\" src=\"http:\/\/avrupapress.com\/main\/wp-content\/uploads\/2019\/06\/thumbnail_29468825_10156458013884645_422959445778104320_n.jpg\" alt=\"\" class=\"wp-image-9241\" srcset=\"https:\/\/avrupapress.com\/main\/wp-content\/uploads\/2019\/06\/thumbnail_29468825_10156458013884645_422959445778104320_n.jpg 960w, https:\/\/avrupapress.com\/main\/wp-content\/uploads\/2019\/06\/thumbnail_29468825_10156458013884645_422959445778104320_n-300x133.jpg 300w, https:\/\/avrupapress.com\/main\/wp-content\/uploads\/2019\/06\/thumbnail_29468825_10156458013884645_422959445778104320_n-768x339.jpg 768w\" sizes=\"auto, (max-width: 960px) 100vw, 960px\" \/><\/figure>\n\n\n\n<figure class=\"wp-block-image\"><img loading=\"lazy\" decoding=\"async\" width=\"631\" height=\"179\" src=\"http:\/\/avrupapress.com\/main\/wp-content\/uploads\/2019\/06\/thumbnail_k_17.jpg\" alt=\"\" class=\"wp-image-9242\" srcset=\"https:\/\/avrupapress.com\/main\/wp-content\/uploads\/2019\/06\/thumbnail_k_17.jpg 631w, https:\/\/avrupapress.com\/main\/wp-content\/uploads\/2019\/06\/thumbnail_k_17-300x85.jpg 300w\" sizes=\"auto, (max-width: 631px) 100vw, 631px\" \/><\/figure>\n\n\n\n<p><br><strong>HABER MET\u0130N DURMAZ \/AVRUPAPRESS<\/strong><\/p>\n","protected":false},"excerpt":{"rendered":"<p>\u200bManisa&rsquo;da kalp krizi ge\u00e7iren eski MHP&rsquo;li Ziya Elmal\u0131&rsquo;n\u0131n \u00f6l\u00fcm\u00fc \u00fcz\u00fcnt\u00fc yarat\u0131rken baz\u0131 yerel haber siteleri konuyu ba\u015fka ba\u015fka yerlere ta\u015f\u0131d\u0131lar.Att\u0131\u011f\u0131 tweed Manisa&rsquo;y\u0131 aya\u011fa kald\u0131rd\u0131.Manisa \u0130l Sa\u011fl\u0131k M\u00fcd\u00fcr\u00fc Necip Yemenici bir bas\u0131n a\u00e7\u0131klamas\u0131 yapt\u0131.11.06.2019 g\u00fcn\u00fc 112 \u00e7a\u011fr\u0131 merkezine bir ihbar yap\u0131lm\u0131\u015ft\u0131r.Gelen ihbar \u00fczerine saat 08.30-47 aras\u0131 112 ekipleri yola \u00e7\u0131k\u0131p yakla\u015f\u0131k 3 dakika i\u00e7erisinde vakaya ula\u015f\u0131lm\u0131\u015ft\u0131r.Ambulans [&hellip;]<\/p>\n","protected":false},"author":3,"featured_media":9241,"comment_status":"open","ping_status":"open","sticky":false,"template":"","format":"standard","meta":{"footnotes":""},"categories":[19,2,1],"tags":[],"class_list":["post-9240","post","type-post","status-publish","format-standard","has-post-thumbnail","hentry","category-tanitim","category-turkiye","category-uncategorized"],"yoast_head":"<!-- This site is optimized with the Yoast SEO plugin v26.9 - https:\/\/yoast.com\/product\/yoast-seo-wordpress\/ -->\n<title>Manisa&#039;y\u0131 aya\u011fa kald\u0131ran tweed! - AvrupaPress<\/title>\n<meta name=\"robots\" content=\"index, follow, max-snippet:-1, max-image-preview:large, max-video-preview:-1\" \/>\n<link rel=\"canonical\" href=\"https:\/\/avrupapress.com\/2019\/06\/15\/manisayi-ayaga-kaldiran-tweed\/\" \/>\n<meta property=\"og:locale\" content=\"fr_FR\" \/>\n<meta property=\"og:type\" content=\"article\" \/>\n<meta property=\"og:title\" content=\"Manisa&#039;y\u0131 aya\u011fa kald\u0131ran tweed! - AvrupaPress\" \/>\n<meta property=\"og:description\" content=\"\u200bManisa&rsquo;da kalp krizi ge\u00e7iren eski MHP&rsquo;li Ziya Elmal\u0131&rsquo;n\u0131n \u00f6l\u00fcm\u00fc \u00fcz\u00fcnt\u00fc yarat\u0131rken baz\u0131 yerel haber siteleri konuyu ba\u015fka ba\u015fka yerlere ta\u015f\u0131d\u0131lar.Att\u0131\u011f\u0131 tweed Manisa&rsquo;y\u0131 aya\u011fa kald\u0131rd\u0131.Manisa \u0130l Sa\u011fl\u0131k M\u00fcd\u00fcr\u00fc Necip Yemenici bir bas\u0131n a\u00e7\u0131klamas\u0131 yapt\u0131.11.06.2019 g\u00fcn\u00fc 112 \u00e7a\u011fr\u0131 merkezine bir ihbar yap\u0131lm\u0131\u015ft\u0131r.Gelen ihbar \u00fczerine saat 08.30-47 aras\u0131 112 ekipleri yola \u00e7\u0131k\u0131p yakla\u015f\u0131k 3 dakika i\u00e7erisinde vakaya ula\u015f\u0131lm\u0131\u015ft\u0131r.Ambulans [&hellip;]\" \/>\n<meta property=\"og:url\" content=\"https:\/\/avrupapress.com\/2019\/06\/15\/manisayi-ayaga-kaldiran-tweed\/\" \/>\n<meta property=\"og:site_name\" content=\"AvrupaPress\" \/>\n<meta property=\"article:published_time\" content=\"2019-06-15T21:05:29+00:00\" \/>\n<meta property=\"article:modified_time\" content=\"2019-06-15T21:05:31+00:00\" \/>\n<meta property=\"og:image\" content=\"https:\/\/avrupapress.com\/wp-content\/uploads\/2019\/06\/thumbnail_29468825_10156458013884645_422959445778104320_n.jpg\" \/>\n\t<meta property=\"og:image:width\" content=\"960\" \/>\n\t<meta property=\"og:image:height\" content=\"424\" \/>\n\t<meta property=\"og:image:type\" content=\"image\/jpeg\" \/>\n<meta name=\"author\" content=\"Edit\u00f6r\" \/>\n<meta name=\"twitter:card\" content=\"summary_large_image\" \/>\n<meta name=\"twitter:label1\" content=\"\u00c9crit par\" \/>\n\t<meta name=\"twitter:data1\" content=\"Edit\u00f6r\" \/>\n\t<meta name=\"twitter:label2\" content=\"Dur\u00e9e de lecture est.\" \/>\n\t<meta name=\"twitter:data2\" content=\"2 minutes\" \/>\n<script type=\"application\/ld+json\" class=\"yoast-schema-graph\">{\"@context\":\"https:\/\/schema.org\",\"@graph\":[{\"@type\":\"Article\",\"@id\":\"https:\/\/avrupapress.com\/2019\/06\/15\/manisayi-ayaga-kaldiran-tweed\/#article\",\"isPartOf\":{\"@id\":\"https:\/\/avrupapress.com\/2019\/06\/15\/manisayi-ayaga-kaldiran-tweed\/\"},\"author\":{\"name\":\"Edit\u00f6r\",\"@id\":\"https:\/\/avrupapress.com\/#\/schema\/person\/68428444ec60970d1e1b700cf4ca1e8f\"},\"headline\":\"Manisa&rsquo;y\u0131 aya\u011fa kald\u0131ran tweed!\",\"datePublished\":\"2019-06-15T21:05:29+00:00\",\"dateModified\":\"2019-06-15T21:05:31+00:00\",\"mainEntityOfPage\":{\"@id\":\"https:\/\/avrupapress.com\/2019\/06\/15\/manisayi-ayaga-kaldiran-tweed\/\"},\"wordCount\":313,\"commentCount\":0,\"publisher\":{\"@id\":\"https:\/\/avrupapress.com\/#\/schema\/person\/0223dca19c72c43575bf30d1a2d8f4fa\"},\"image\":{\"@id\":\"https:\/\/avrupapress.com\/2019\/06\/15\/manisayi-ayaga-kaldiran-tweed\/#primaryimage\"},\"thumbnailUrl\":\"https:\/\/avrupapress.com\/main\/wp-content\/uploads\/2019\/06\/thumbnail_29468825_10156458013884645_422959445778104320_n.jpg\",\"articleSection\":[\"Tan\u0131t\u0131m\",\"T\u00fcrkiye\",\"Uncategorized\"],\"inLanguage\":\"fr-BE\",\"potentialAction\":[{\"@type\":\"CommentAction\",\"name\":\"Comment\",\"target\":[\"https:\/\/avrupapress.com\/2019\/06\/15\/manisayi-ayaga-kaldiran-tweed\/#respond\"]}]},{\"@type\":\"WebPage\",\"@id\":\"https:\/\/avrupapress.com\/2019\/06\/15\/manisayi-ayaga-kaldiran-tweed\/\",\"url\":\"https:\/\/avrupapress.com\/2019\/06\/15\/manisayi-ayaga-kaldiran-tweed\/\",\"name\":\"Manisa'y\u0131 aya\u011fa kald\u0131ran tweed! - AvrupaPress\",\"isPartOf\":{\"@id\":\"https:\/\/avrupapress.com\/#website\"},\"primaryImageOfPage\":{\"@id\":\"https:\/\/avrupapress.com\/2019\/06\/15\/manisayi-ayaga-kaldiran-tweed\/#primaryimage\"},\"image\":{\"@id\":\"https:\/\/avrupapress.com\/2019\/06\/15\/manisayi-ayaga-kaldiran-tweed\/#primaryimage\"},\"thumbnailUrl\":\"https:\/\/avrupapress.com\/main\/wp-content\/uploads\/2019\/06\/thumbnail_29468825_10156458013884645_422959445778104320_n.jpg\",\"datePublished\":\"2019-06-15T21:05:29+00:00\",\"dateModified\":\"2019-06-15T21:05:31+00:00\",\"breadcrumb\":{\"@id\":\"https:\/\/avrupapress.com\/2019\/06\/15\/manisayi-ayaga-kaldiran-tweed\/#breadcrumb\"},\"inLanguage\":\"fr-BE\",\"potentialAction\":[{\"@type\":\"ReadAction\",\"target\":[\"https:\/\/avrupapress.com\/2019\/06\/15\/manisayi-ayaga-kaldiran-tweed\/\"]}]},{\"@type\":\"ImageObject\",\"inLanguage\":\"fr-BE\",\"@id\":\"https:\/\/avrupapress.com\/2019\/06\/15\/manisayi-ayaga-kaldiran-tweed\/#primaryimage\",\"url\":\"https:\/\/avrupapress.com\/main\/wp-content\/uploads\/2019\/06\/thumbnail_29468825_10156458013884645_422959445778104320_n.jpg\",\"contentUrl\":\"https:\/\/avrupapress.com\/main\/wp-content\/uploads\/2019\/06\/thumbnail_29468825_10156458013884645_422959445778104320_n.jpg\",\"width\":960,\"height\":424},{\"@type\":\"BreadcrumbList\",\"@id\":\"https:\/\/avrupapress.com\/2019\/06\/15\/manisayi-ayaga-kaldiran-tweed\/#breadcrumb\",\"itemListElement\":[{\"@type\":\"ListItem\",\"position\":1,\"name\":\"Anasayfa\",\"item\":\"https:\/\/avrupapress.com\/\"},{\"@type\":\"ListItem\",\"position\":2,\"name\":\"Manisa&#8217;y\u0131 aya\u011fa kald\u0131ran tweed!\"}]},{\"@type\":\"WebSite\",\"@id\":\"https:\/\/avrupapress.com\/#website\",\"url\":\"https:\/\/avrupapress.com\/\",\"name\":\"AvrupaPress\",\"description\":\"Haberin Adresi\",\"publisher\":{\"@id\":\"https:\/\/avrupapress.com\/#\/schema\/person\/0223dca19c72c43575bf30d1a2d8f4fa\"},\"potentialAction\":[{\"@type\":\"SearchAction\",\"target\":{\"@type\":\"EntryPoint\",\"urlTemplate\":\"https:\/\/avrupapress.com\/?s={search_term_string}\"},\"query-input\":{\"@type\":\"PropertyValueSpecification\",\"valueRequired\":true,\"valueName\":\"search_term_string\"}}],\"inLanguage\":\"fr-BE\"},{\"@type\":[\"Person\",\"Organization\"],\"@id\":\"https:\/\/avrupapress.com\/#\/schema\/person\/0223dca19c72c43575bf30d1a2d8f4fa\",\"name\":\"Bilgin \u00d6z\u00e7ift\u00e7i\",\"image\":{\"@type\":\"ImageObject\",\"inLanguage\":\"fr-BE\",\"@id\":\"https:\/\/avrupapress.com\/#\/schema\/person\/image\/\",\"url\":\"https:\/\/secure.gravatar.com\/avatar\/0f23b280433a21e1ea7a0adcc46ed0ad16afe3ad8e630fd13d8a017dcbd54ef3?s=96&d=mm&r=g\",\"contentUrl\":\"https:\/\/secure.gravatar.com\/avatar\/0f23b280433a21e1ea7a0adcc46ed0ad16afe3ad8e630fd13d8a017dcbd54ef3?s=96&d=mm&r=g\",\"caption\":\"Bilgin \u00d6z\u00e7ift\u00e7i\"},\"logo\":{\"@id\":\"https:\/\/avrupapress.com\/#\/schema\/person\/image\/\"},\"description\":\"Ne ben, nede sen... Biz ancak \\\"biz\\\" olursak g\u00fc\u00e7l\u00fc olabiliriz\"},{\"@type\":\"Person\",\"@id\":\"https:\/\/avrupapress.com\/#\/schema\/person\/68428444ec60970d1e1b700cf4ca1e8f\",\"name\":\"Edit\u00f6r\",\"image\":{\"@type\":\"ImageObject\",\"inLanguage\":\"fr-BE\",\"@id\":\"https:\/\/avrupapress.com\/#\/schema\/person\/image\/\",\"url\":\"https:\/\/secure.gravatar.com\/avatar\/74996b0977aa5f1559ba9883776652508b229005c0d78fb2597897f0bd651c09?s=96&d=mm&r=g\",\"contentUrl\":\"https:\/\/secure.gravatar.com\/avatar\/74996b0977aa5f1559ba9883776652508b229005c0d78fb2597897f0bd651c09?s=96&d=mm&r=g\",\"caption\":\"Edit\u00f6r\"},\"sameAs\":[\"http:\/\/www.avrupapress.com\"],\"url\":\"https:\/\/avrupapress.com\/main\/author\/editor\/\"}]}<\/script>\n<!-- \/ Yoast SEO plugin. -->","yoast_head_json":{"title":"Manisa'y\u0131 aya\u011fa kald\u0131ran tweed! - AvrupaPress","robots":{"index":"index","follow":"follow","max-snippet":"max-snippet:-1","max-image-preview":"max-image-preview:large","max-video-preview":"max-video-preview:-1"},"canonical":"https:\/\/avrupapress.com\/2019\/06\/15\/manisayi-ayaga-kaldiran-tweed\/","og_locale":"fr_FR","og_type":"article","og_title":"Manisa'y\u0131 aya\u011fa kald\u0131ran tweed! - AvrupaPress","og_description":"\u200bManisa&rsquo;da kalp krizi ge\u00e7iren eski MHP&rsquo;li Ziya Elmal\u0131&rsquo;n\u0131n \u00f6l\u00fcm\u00fc \u00fcz\u00fcnt\u00fc yarat\u0131rken baz\u0131 yerel haber siteleri konuyu ba\u015fka ba\u015fka yerlere ta\u015f\u0131d\u0131lar.Att\u0131\u011f\u0131 tweed Manisa&rsquo;y\u0131 aya\u011fa kald\u0131rd\u0131.Manisa \u0130l Sa\u011fl\u0131k M\u00fcd\u00fcr\u00fc Necip Yemenici bir bas\u0131n a\u00e7\u0131klamas\u0131 yapt\u0131.11.06.2019 g\u00fcn\u00fc 112 \u00e7a\u011fr\u0131 merkezine bir ihbar yap\u0131lm\u0131\u015ft\u0131r.Gelen ihbar \u00fczerine saat 08.30-47 aras\u0131 112 ekipleri yola \u00e7\u0131k\u0131p yakla\u015f\u0131k 3 dakika i\u00e7erisinde vakaya ula\u015f\u0131lm\u0131\u015ft\u0131r.Ambulans [&hellip;]","og_url":"https:\/\/avrupapress.com\/2019\/06\/15\/manisayi-ayaga-kaldiran-tweed\/","og_site_name":"AvrupaPress","article_published_time":"2019-06-15T21:05:29+00:00","article_modified_time":"2019-06-15T21:05:31+00:00","og_image":[{"width":960,"height":424,"url":"https:\/\/avrupapress.com\/wp-content\/uploads\/2019\/06\/thumbnail_29468825_10156458013884645_422959445778104320_n.jpg","type":"image\/jpeg"}],"author":"Edit\u00f6r","twitter_card":"summary_large_image","twitter_misc":{"\u00c9crit par":"Edit\u00f6r","Dur\u00e9e de lecture est.":"2 minutes"},"schema":{"@context":"https:\/\/schema.org","@graph":[{"@type":"Article","@id":"https:\/\/avrupapress.com\/2019\/06\/15\/manisayi-ayaga-kaldiran-tweed\/#article","isPartOf":{"@id":"https:\/\/avrupapress.com\/2019\/06\/15\/manisayi-ayaga-kaldiran-tweed\/"},"author":{"name":"Edit\u00f6r","@id":"https:\/\/avrupapress.com\/#\/schema\/person\/68428444ec60970d1e1b700cf4ca1e8f"},"headline":"Manisa&rsquo;y\u0131 aya\u011fa kald\u0131ran tweed!","datePublished":"2019-06-15T21:05:29+00:00","dateModified":"2019-06-15T21:05:31+00:00","mainEntityOfPage":{"@id":"https:\/\/avrupapress.com\/2019\/06\/15\/manisayi-ayaga-kaldiran-tweed\/"},"wordCount":313,"commentCount":0,"publisher":{"@id":"https:\/\/avrupapress.com\/#\/schema\/person\/0223dca19c72c43575bf30d1a2d8f4fa"},"image":{"@id":"https:\/\/avrupapress.com\/2019\/06\/15\/manisayi-ayaga-kaldiran-tweed\/#primaryimage"},"thumbnailUrl":"https:\/\/avrupapress.com\/main\/wp-content\/uploads\/2019\/06\/thumbnail_29468825_10156458013884645_422959445778104320_n.jpg","articleSection":["Tan\u0131t\u0131m","T\u00fcrkiye","Uncategorized"],"inLanguage":"fr-BE","potentialAction":[{"@type":"CommentAction","name":"Comment","target":["https:\/\/avrupapress.com\/2019\/06\/15\/manisayi-ayaga-kaldiran-tweed\/#respond"]}]},{"@type":"WebPage","@id":"https:\/\/avrupapress.com\/2019\/06\/15\/manisayi-ayaga-kaldiran-tweed\/","url":"https:\/\/avrupapress.com\/2019\/06\/15\/manisayi-ayaga-kaldiran-tweed\/","name":"Manisa'y\u0131 aya\u011fa kald\u0131ran tweed! - AvrupaPress","isPartOf":{"@id":"https:\/\/avrupapress.com\/#website"},"primaryImageOfPage":{"@id":"https:\/\/avrupapress.com\/2019\/06\/15\/manisayi-ayaga-kaldiran-tweed\/#primaryimage"},"image":{"@id":"https:\/\/avrupapress.com\/2019\/06\/15\/manisayi-ayaga-kaldiran-tweed\/#primaryimage"},"thumbnailUrl":"https:\/\/avrupapress.com\/main\/wp-content\/uploads\/2019\/06\/thumbnail_29468825_10156458013884645_422959445778104320_n.jpg","datePublished":"2019-06-15T21:05:29+00:00","dateModified":"2019-06-15T21:05:31+00:00","breadcrumb":{"@id":"https:\/\/avrupapress.com\/2019\/06\/15\/manisayi-ayaga-kaldiran-tweed\/#breadcrumb"},"inLanguage":"fr-BE","potentialAction":[{"@type":"ReadAction","target":["https:\/\/avrupapress.com\/2019\/06\/15\/manisayi-ayaga-kaldiran-tweed\/"]}]},{"@type":"ImageObject","inLanguage":"fr-BE","@id":"https:\/\/avrupapress.com\/2019\/06\/15\/manisayi-ayaga-kaldiran-tweed\/#primaryimage","url":"https:\/\/avrupapress.com\/main\/wp-content\/uploads\/2019\/06\/thumbnail_29468825_10156458013884645_422959445778104320_n.jpg","contentUrl":"https:\/\/avrupapress.com\/main\/wp-content\/uploads\/2019\/06\/thumbnail_29468825_10156458013884645_422959445778104320_n.jpg","width":960,"height":424},{"@type":"BreadcrumbList","@id":"https:\/\/avrupapress.com\/2019\/06\/15\/manisayi-ayaga-kaldiran-tweed\/#breadcrumb","itemListElement":[{"@type":"ListItem","position":1,"name":"Anasayfa","item":"https:\/\/avrupapress.com\/"},{"@type":"ListItem","position":2,"name":"Manisa&#8217;y\u0131 aya\u011fa kald\u0131ran tweed!"}]},{"@type":"WebSite","@id":"https:\/\/avrupapress.com\/#website","url":"https:\/\/avrupapress.com\/","name":"AvrupaPress","description":"Haberin Adresi","publisher":{"@id":"https:\/\/avrupapress.com\/#\/schema\/person\/0223dca19c72c43575bf30d1a2d8f4fa"},"potentialAction":[{"@type":"SearchAction","target":{"@type":"EntryPoint","urlTemplate":"https:\/\/avrupapress.com\/?s={search_term_string}"},"query-input":{"@type":"PropertyValueSpecification","valueRequired":true,"valueName":"search_term_string"}}],"inLanguage":"fr-BE"},{"@type":["Person","Organization"],"@id":"https:\/\/avrupapress.com\/#\/schema\/person\/0223dca19c72c43575bf30d1a2d8f4fa","name":"Bilgin \u00d6z\u00e7ift\u00e7i","image":{"@type":"ImageObject","inLanguage":"fr-BE","@id":"https:\/\/avrupapress.com\/#\/schema\/person\/image\/","url":"https:\/\/secure.gravatar.com\/avatar\/0f23b280433a21e1ea7a0adcc46ed0ad16afe3ad8e630fd13d8a017dcbd54ef3?s=96&d=mm&r=g","contentUrl":"https:\/\/secure.gravatar.com\/avatar\/0f23b280433a21e1ea7a0adcc46ed0ad16afe3ad8e630fd13d8a017dcbd54ef3?s=96&d=mm&r=g","caption":"Bilgin \u00d6z\u00e7ift\u00e7i"},"logo":{"@id":"https:\/\/avrupapress.com\/#\/schema\/person\/image\/"},"description":"Ne ben, nede sen... Biz ancak \"biz\" olursak g\u00fc\u00e7l\u00fc olabiliriz"},{"@type":"Person","@id":"https:\/\/avrupapress.com\/#\/schema\/person\/68428444ec60970d1e1b700cf4ca1e8f","name":"Edit\u00f6r","image":{"@type":"ImageObject","inLanguage":"fr-BE","@id":"https:\/\/avrupapress.com\/#\/schema\/person\/image\/","url":"https:\/\/secure.gravatar.com\/avatar\/74996b0977aa5f1559ba9883776652508b229005c0d78fb2597897f0bd651c09?s=96&d=mm&r=g","contentUrl":"https:\/\/secure.gravatar.com\/avatar\/74996b0977aa5f1559ba9883776652508b229005c0d78fb2597897f0bd651c09?s=96&d=mm&r=g","caption":"Edit\u00f6r"},"sameAs":["http:\/\/www.avrupapress.com"],"url":"https:\/\/avrupapress.com\/main\/author\/editor\/"}]}},"_links":{"self":[{"href":"https:\/\/avrupapress.com\/main\/wp-json\/wp\/v2\/posts\/9240","targetHints":{"allow":["GET"]}}],"collection":[{"href":"https:\/\/avrupapress.com\/main\/wp-json\/wp\/v2\/posts"}],"about":[{"href":"https:\/\/avrupapress.com\/main\/wp-json\/wp\/v2\/types\/post"}],"author":[{"embeddable":true,"href":"https:\/\/avrupapress.com\/main\/wp-json\/wp\/v2\/users\/3"}],"replies":[{"embeddable":true,"href":"https:\/\/avrupapress.com\/main\/wp-json\/wp\/v2\/comments?post=9240"}],"version-history":[{"count":1,"href":"https:\/\/avrupapress.com\/main\/wp-json\/wp\/v2\/posts\/9240\/revisions"}],"predecessor-version":[{"id":9243,"href":"https:\/\/avrupapress.com\/main\/wp-json\/wp\/v2\/posts\/9240\/revisions\/9243"}],"wp:featuredmedia":[{"embeddable":true,"href":"https:\/\/avrupapress.com\/main\/wp-json\/wp\/v2\/media\/9241"}],"wp:attachment":[{"href":"https:\/\/avrupapress.com\/main\/wp-json\/wp\/v2\/media?parent=9240"}],"wp:term":[{"taxonomy":"category","embeddable":true,"href":"https:\/\/avrupapress.com\/main\/wp-json\/wp\/v2\/categories?post=9240"},{"taxonomy":"post_tag","embeddable":true,"href":"https:\/\/avrupapress.com\/main\/wp-json\/wp\/v2\/tags?post=9240"}],"curies":[{"name":"wp","href":"https:\/\/api.w.org\/{rel}","templated":true}]}}