{"id":9234,"date":"2019-06-13T20:26:13","date_gmt":"2019-06-13T20:26:13","guid":{"rendered":"http:\/\/avrupapress.com\/main\/?p=9234"},"modified":"2019-06-13T20:26:15","modified_gmt":"2019-06-13T20:26:15","slug":"su-savaslari-basladi-mi","status":"publish","type":"post","link":"https:\/\/avrupapress.com\/main\/2019\/06\/13\/su-savaslari-basladi-mi\/","title":{"rendered":"Su sava\u015flar\u0131 ba\u015flad\u0131 m\u0131?"},"content":{"rendered":"\n<p>\n\nManisa B\u00fcy\u00fck\u015fehir Belediyesi Ba\u015fkan\u0131 Cengiz Erg\u00fcn i\u00e7me suyuna y\u00fczde 40 zam yapt\u0131.Manisa&rsquo;da yap\u0131lan su zamm\u0131na vatanda\u015flardan tepki geldi.Suyun en bol oldu\u011fu Manisa&rsquo;da \u015fehir \u015febeke sular\u0131na y\u00fcze 40 yap\u0131lan zam yap\u0131l\u0131nca vatanda\u015flar \u00e7\u0131lg\u0131na d\u00f6nd\u00fc.<br>\u0130zmir&rsquo;in suyunu bile kar\u015f\u0131layan Manisa neden bu kadar zam yapt\u0131\u011f\u0131n\u0131 anlam\u0131\u015f de\u011filiz diyen \u00f6fkeli vatanda\u015flar D\u00fcnya su sava\u015flar\u0131 Cengiz Erg\u00fcn taraf\u0131ndan ba\u015flat\u0131lm\u0131\u015ft\u0131r denildi.<br><\/p>\n\n\n\n<p>Y\u0131lda 68 milyon metrek\u00fcp\u00fcn \u00fczerinde suyun hanelere ula\u015ft\u0131r\u0131ld\u0131\u011f\u0131 Manisa\u2019da, MASK\u0130 Genel M\u00fcd\u00fcrl\u00fc\u011f\u00fc,yap\u0131lan su zamm\u0131 hakk\u0131nda bir a\u00e7\u0131klama yapmad\u0131.<\/p>\n\n\n\n<p><strong>HABER MET\u0130N DURMAZ \/AVRUPAPRESS<\/strong><\/p>\n","protected":false},"excerpt":{"rendered":"<p>Manisa B\u00fcy\u00fck\u015fehir Belediyesi Ba\u015fkan\u0131 Cengiz Erg\u00fcn i\u00e7me suyuna y\u00fczde 40 zam yapt\u0131.Manisa&rsquo;da yap\u0131lan su zamm\u0131na vatanda\u015flardan tepki geldi.Suyun en bol oldu\u011fu Manisa&rsquo;da \u015fehir \u015febeke sular\u0131na y\u00fcze 40 yap\u0131lan zam yap\u0131l\u0131nca vatanda\u015flar \u00e7\u0131lg\u0131na d\u00f6nd\u00fc.\u0130zmir&rsquo;in suyunu bile kar\u015f\u0131layan Manisa neden bu kadar zam yapt\u0131\u011f\u0131n\u0131 anlam\u0131\u015f de\u011filiz diyen \u00f6fkeli vatanda\u015flar D\u00fcnya su sava\u015flar\u0131 Cengiz Erg\u00fcn taraf\u0131ndan ba\u015flat\u0131lm\u0131\u015ft\u0131r denildi. [&hellip;]<\/p>\n","protected":false},"author":3,"featured_media":9235,"comment_status":"open","ping_status":"open","sticky":false,"template":"","format":"standard","meta":{"footnotes":""},"categories":[14,16,3,17,18,19,2,1],"tags":[4826],"class_list":["post-9234","post","type-post","status-publish","format-standard","has-post-thumbnail","hentry","category-avrupa","category-belcika","category-dunya","category-ekonomi","category-kultur-sanat","category-tanitim","category-turkiye","category-uncategorized","tag-su-savaslari-basladi-mi"],"yoast_head":"<!-- This site is optimized with the Yoast SEO plugin v26.9 - https:\/\/yoast.com\/product\/yoast-seo-wordpress\/ -->\n<title>Su sava\u015flar\u0131 ba\u015flad\u0131 m\u0131? - AvrupaPress<\/title>\n<meta name=\"robots\" content=\"index, follow, max-snippet:-1, max-image-preview:large, max-video-preview:-1\" \/>\n<link rel=\"canonical\" href=\"https:\/\/avrupapress.com\/2019\/06\/13\/su-savaslari-basladi-mi\/\" \/>\n<meta property=\"og:locale\" content=\"fr_FR\" \/>\n<meta property=\"og:type\" content=\"article\" \/>\n<meta property=\"og:title\" content=\"Su sava\u015flar\u0131 ba\u015flad\u0131 m\u0131? - AvrupaPress\" \/>\n<meta property=\"og:description\" content=\"Manisa B\u00fcy\u00fck\u015fehir Belediyesi Ba\u015fkan\u0131 Cengiz Erg\u00fcn i\u00e7me suyuna y\u00fczde 40 zam yapt\u0131.Manisa&rsquo;da yap\u0131lan su zamm\u0131na vatanda\u015flardan tepki geldi.Suyun en bol oldu\u011fu Manisa&rsquo;da \u015fehir \u015febeke sular\u0131na y\u00fcze 40 yap\u0131lan zam yap\u0131l\u0131nca vatanda\u015flar \u00e7\u0131lg\u0131na d\u00f6nd\u00fc.\u0130zmir&rsquo;in suyunu bile kar\u015f\u0131layan Manisa neden bu kadar zam yapt\u0131\u011f\u0131n\u0131 anlam\u0131\u015f de\u011filiz diyen \u00f6fkeli vatanda\u015flar D\u00fcnya su sava\u015flar\u0131 Cengiz Erg\u00fcn taraf\u0131ndan ba\u015flat\u0131lm\u0131\u015ft\u0131r denildi. [&hellip;]\" \/>\n<meta property=\"og:url\" content=\"https:\/\/avrupapress.com\/2019\/06\/13\/su-savaslari-basladi-mi\/\" \/>\n<meta property=\"og:site_name\" content=\"AvrupaPress\" \/>\n<meta property=\"article:published_time\" content=\"2019-06-13T20:26:13+00:00\" \/>\n<meta property=\"article:modified_time\" content=\"2019-06-13T20:26:15+00:00\" \/>\n<meta property=\"og:image\" content=\"https:\/\/avrupapress.com\/wp-content\/uploads\/2019\/06\/thumbnail_sbcdd1101-413e-46b2-9cec-c807f6a4de33.jpg\" \/>\n\t<meta property=\"og:image:width\" content=\"800\" \/>\n\t<meta property=\"og:image:height\" content=\"531\" \/>\n\t<meta property=\"og:image:type\" content=\"image\/jpeg\" \/>\n<meta name=\"author\" content=\"Edit\u00f6r\" \/>\n<meta name=\"twitter:card\" content=\"summary_large_image\" \/>\n<meta name=\"twitter:label1\" content=\"\u00c9crit par\" \/>\n\t<meta name=\"twitter:data1\" content=\"Edit\u00f6r\" \/>\n\t<meta name=\"twitter:label2\" content=\"Dur\u00e9e de lecture est.\" \/>\n\t<meta name=\"twitter:data2\" content=\"1 minute\" \/>\n<script type=\"application\/ld+json\" class=\"yoast-schema-graph\">{\"@context\":\"https:\/\/schema.org\",\"@graph\":[{\"@type\":\"Article\",\"@id\":\"https:\/\/avrupapress.com\/2019\/06\/13\/su-savaslari-basladi-mi\/#article\",\"isPartOf\":{\"@id\":\"https:\/\/avrupapress.com\/2019\/06\/13\/su-savaslari-basladi-mi\/\"},\"author\":{\"name\":\"Edit\u00f6r\",\"@id\":\"https:\/\/avrupapress.com\/#\/schema\/person\/68428444ec60970d1e1b700cf4ca1e8f\"},\"headline\":\"Su sava\u015flar\u0131 ba\u015flad\u0131 m\u0131?\",\"datePublished\":\"2019-06-13T20:26:13+00:00\",\"dateModified\":\"2019-06-13T20:26:15+00:00\",\"mainEntityOfPage\":{\"@id\":\"https:\/\/avrupapress.com\/2019\/06\/13\/su-savaslari-basladi-mi\/\"},\"wordCount\":128,\"commentCount\":0,\"publisher\":{\"@id\":\"https:\/\/avrupapress.com\/#\/schema\/person\/0223dca19c72c43575bf30d1a2d8f4fa\"},\"image\":{\"@id\":\"https:\/\/avrupapress.com\/2019\/06\/13\/su-savaslari-basladi-mi\/#primaryimage\"},\"thumbnailUrl\":\"https:\/\/avrupapress.com\/main\/wp-content\/uploads\/2019\/06\/thumbnail_sbcdd1101-413e-46b2-9cec-c807f6a4de33.jpg\",\"keywords\":[\"Su sava\u015flar\u0131 ba\u015flad\u0131 m\u0131?\"],\"articleSection\":[\"Avrupa\",\"Bel\u00e7ika\",\"D\u00fcnya\",\"Ekonomi\",\"K\u00fclt\u00fcr-Sanat\",\"Tan\u0131t\u0131m\",\"T\u00fcrkiye\",\"Uncategorized\"],\"inLanguage\":\"fr-BE\",\"potentialAction\":[{\"@type\":\"CommentAction\",\"name\":\"Comment\",\"target\":[\"https:\/\/avrupapress.com\/2019\/06\/13\/su-savaslari-basladi-mi\/#respond\"]}]},{\"@type\":\"WebPage\",\"@id\":\"https:\/\/avrupapress.com\/2019\/06\/13\/su-savaslari-basladi-mi\/\",\"url\":\"https:\/\/avrupapress.com\/2019\/06\/13\/su-savaslari-basladi-mi\/\",\"name\":\"Su sava\u015flar\u0131 ba\u015flad\u0131 m\u0131? - AvrupaPress\",\"isPartOf\":{\"@id\":\"https:\/\/avrupapress.com\/#website\"},\"primaryImageOfPage\":{\"@id\":\"https:\/\/avrupapress.com\/2019\/06\/13\/su-savaslari-basladi-mi\/#primaryimage\"},\"image\":{\"@id\":\"https:\/\/avrupapress.com\/2019\/06\/13\/su-savaslari-basladi-mi\/#primaryimage\"},\"thumbnailUrl\":\"https:\/\/avrupapress.com\/main\/wp-content\/uploads\/2019\/06\/thumbnail_sbcdd1101-413e-46b2-9cec-c807f6a4de33.jpg\",\"datePublished\":\"2019-06-13T20:26:13+00:00\",\"dateModified\":\"2019-06-13T20:26:15+00:00\",\"breadcrumb\":{\"@id\":\"https:\/\/avrupapress.com\/2019\/06\/13\/su-savaslari-basladi-mi\/#breadcrumb\"},\"inLanguage\":\"fr-BE\",\"potentialAction\":[{\"@type\":\"ReadAction\",\"target\":[\"https:\/\/avrupapress.com\/2019\/06\/13\/su-savaslari-basladi-mi\/\"]}]},{\"@type\":\"ImageObject\",\"inLanguage\":\"fr-BE\",\"@id\":\"https:\/\/avrupapress.com\/2019\/06\/13\/su-savaslari-basladi-mi\/#primaryimage\",\"url\":\"https:\/\/avrupapress.com\/main\/wp-content\/uploads\/2019\/06\/thumbnail_sbcdd1101-413e-46b2-9cec-c807f6a4de33.jpg\",\"contentUrl\":\"https:\/\/avrupapress.com\/main\/wp-content\/uploads\/2019\/06\/thumbnail_sbcdd1101-413e-46b2-9cec-c807f6a4de33.jpg\",\"width\":800,\"height\":531},{\"@type\":\"BreadcrumbList\",\"@id\":\"https:\/\/avrupapress.com\/2019\/06\/13\/su-savaslari-basladi-mi\/#breadcrumb\",\"itemListElement\":[{\"@type\":\"ListItem\",\"position\":1,\"name\":\"Anasayfa\",\"item\":\"https:\/\/avrupapress.com\/\"},{\"@type\":\"ListItem\",\"position\":2,\"name\":\"Su sava\u015flar\u0131 ba\u015flad\u0131 m\u0131?\"}]},{\"@type\":\"WebSite\",\"@id\":\"https:\/\/avrupapress.com\/#website\",\"url\":\"https:\/\/avrupapress.com\/\",\"name\":\"AvrupaPress\",\"description\":\"Haberin Adresi\",\"publisher\":{\"@id\":\"https:\/\/avrupapress.com\/#\/schema\/person\/0223dca19c72c43575bf30d1a2d8f4fa\"},\"potentialAction\":[{\"@type\":\"SearchAction\",\"target\":{\"@type\":\"EntryPoint\",\"urlTemplate\":\"https:\/\/avrupapress.com\/?s={search_term_string}\"},\"query-input\":{\"@type\":\"PropertyValueSpecification\",\"valueRequired\":true,\"valueName\":\"search_term_string\"}}],\"inLanguage\":\"fr-BE\"},{\"@type\":[\"Person\",\"Organization\"],\"@id\":\"https:\/\/avrupapress.com\/#\/schema\/person\/0223dca19c72c43575bf30d1a2d8f4fa\",\"name\":\"Bilgin \u00d6z\u00e7ift\u00e7i\",\"image\":{\"@type\":\"ImageObject\",\"inLanguage\":\"fr-BE\",\"@id\":\"https:\/\/avrupapress.com\/#\/schema\/person\/image\/\",\"url\":\"https:\/\/secure.gravatar.com\/avatar\/0f23b280433a21e1ea7a0adcc46ed0ad16afe3ad8e630fd13d8a017dcbd54ef3?s=96&d=mm&r=g\",\"contentUrl\":\"https:\/\/secure.gravatar.com\/avatar\/0f23b280433a21e1ea7a0adcc46ed0ad16afe3ad8e630fd13d8a017dcbd54ef3?s=96&d=mm&r=g\",\"caption\":\"Bilgin \u00d6z\u00e7ift\u00e7i\"},\"logo\":{\"@id\":\"https:\/\/avrupapress.com\/#\/schema\/person\/image\/\"},\"description\":\"Ne ben, nede sen... Biz ancak \\\"biz\\\" olursak g\u00fc\u00e7l\u00fc olabiliriz\"},{\"@type\":\"Person\",\"@id\":\"https:\/\/avrupapress.com\/#\/schema\/person\/68428444ec60970d1e1b700cf4ca1e8f\",\"name\":\"Edit\u00f6r\",\"image\":{\"@type\":\"ImageObject\",\"inLanguage\":\"fr-BE\",\"@id\":\"https:\/\/avrupapress.com\/#\/schema\/person\/image\/\",\"url\":\"https:\/\/secure.gravatar.com\/avatar\/74996b0977aa5f1559ba9883776652508b229005c0d78fb2597897f0bd651c09?s=96&d=mm&r=g\",\"contentUrl\":\"https:\/\/secure.gravatar.com\/avatar\/74996b0977aa5f1559ba9883776652508b229005c0d78fb2597897f0bd651c09?s=96&d=mm&r=g\",\"caption\":\"Edit\u00f6r\"},\"sameAs\":[\"http:\/\/www.avrupapress.com\"],\"url\":\"https:\/\/avrupapress.com\/main\/author\/editor\/\"}]}<\/script>\n<!-- \/ Yoast SEO plugin. -->","yoast_head_json":{"title":"Su sava\u015flar\u0131 ba\u015flad\u0131 m\u0131? - AvrupaPress","robots":{"index":"index","follow":"follow","max-snippet":"max-snippet:-1","max-image-preview":"max-image-preview:large","max-video-preview":"max-video-preview:-1"},"canonical":"https:\/\/avrupapress.com\/2019\/06\/13\/su-savaslari-basladi-mi\/","og_locale":"fr_FR","og_type":"article","og_title":"Su sava\u015flar\u0131 ba\u015flad\u0131 m\u0131? - AvrupaPress","og_description":"Manisa B\u00fcy\u00fck\u015fehir Belediyesi Ba\u015fkan\u0131 Cengiz Erg\u00fcn i\u00e7me suyuna y\u00fczde 40 zam yapt\u0131.Manisa&rsquo;da yap\u0131lan su zamm\u0131na vatanda\u015flardan tepki geldi.Suyun en bol oldu\u011fu Manisa&rsquo;da \u015fehir \u015febeke sular\u0131na y\u00fcze 40 yap\u0131lan zam yap\u0131l\u0131nca vatanda\u015flar \u00e7\u0131lg\u0131na d\u00f6nd\u00fc.\u0130zmir&rsquo;in suyunu bile kar\u015f\u0131layan Manisa neden bu kadar zam yapt\u0131\u011f\u0131n\u0131 anlam\u0131\u015f de\u011filiz diyen \u00f6fkeli vatanda\u015flar D\u00fcnya su sava\u015flar\u0131 Cengiz Erg\u00fcn taraf\u0131ndan ba\u015flat\u0131lm\u0131\u015ft\u0131r denildi. [&hellip;]","og_url":"https:\/\/avrupapress.com\/2019\/06\/13\/su-savaslari-basladi-mi\/","og_site_name":"AvrupaPress","article_published_time":"2019-06-13T20:26:13+00:00","article_modified_time":"2019-06-13T20:26:15+00:00","og_image":[{"width":800,"height":531,"url":"https:\/\/avrupapress.com\/wp-content\/uploads\/2019\/06\/thumbnail_sbcdd1101-413e-46b2-9cec-c807f6a4de33.jpg","type":"image\/jpeg"}],"author":"Edit\u00f6r","twitter_card":"summary_large_image","twitter_misc":{"\u00c9crit par":"Edit\u00f6r","Dur\u00e9e de lecture est.":"1 minute"},"schema":{"@context":"https:\/\/schema.org","@graph":[{"@type":"Article","@id":"https:\/\/avrupapress.com\/2019\/06\/13\/su-savaslari-basladi-mi\/#article","isPartOf":{"@id":"https:\/\/avrupapress.com\/2019\/06\/13\/su-savaslari-basladi-mi\/"},"author":{"name":"Edit\u00f6r","@id":"https:\/\/avrupapress.com\/#\/schema\/person\/68428444ec60970d1e1b700cf4ca1e8f"},"headline":"Su sava\u015flar\u0131 ba\u015flad\u0131 m\u0131?","datePublished":"2019-06-13T20:26:13+00:00","dateModified":"2019-06-13T20:26:15+00:00","mainEntityOfPage":{"@id":"https:\/\/avrupapress.com\/2019\/06\/13\/su-savaslari-basladi-mi\/"},"wordCount":128,"commentCount":0,"publisher":{"@id":"https:\/\/avrupapress.com\/#\/schema\/person\/0223dca19c72c43575bf30d1a2d8f4fa"},"image":{"@id":"https:\/\/avrupapress.com\/2019\/06\/13\/su-savaslari-basladi-mi\/#primaryimage"},"thumbnailUrl":"https:\/\/avrupapress.com\/main\/wp-content\/uploads\/2019\/06\/thumbnail_sbcdd1101-413e-46b2-9cec-c807f6a4de33.jpg","keywords":["Su sava\u015flar\u0131 ba\u015flad\u0131 m\u0131?"],"articleSection":["Avrupa","Bel\u00e7ika","D\u00fcnya","Ekonomi","K\u00fclt\u00fcr-Sanat","Tan\u0131t\u0131m","T\u00fcrkiye","Uncategorized"],"inLanguage":"fr-BE","potentialAction":[{"@type":"CommentAction","name":"Comment","target":["https:\/\/avrupapress.com\/2019\/06\/13\/su-savaslari-basladi-mi\/#respond"]}]},{"@type":"WebPage","@id":"https:\/\/avrupapress.com\/2019\/06\/13\/su-savaslari-basladi-mi\/","url":"https:\/\/avrupapress.com\/2019\/06\/13\/su-savaslari-basladi-mi\/","name":"Su sava\u015flar\u0131 ba\u015flad\u0131 m\u0131? - AvrupaPress","isPartOf":{"@id":"https:\/\/avrupapress.com\/#website"},"primaryImageOfPage":{"@id":"https:\/\/avrupapress.com\/2019\/06\/13\/su-savaslari-basladi-mi\/#primaryimage"},"image":{"@id":"https:\/\/avrupapress.com\/2019\/06\/13\/su-savaslari-basladi-mi\/#primaryimage"},"thumbnailUrl":"https:\/\/avrupapress.com\/main\/wp-content\/uploads\/2019\/06\/thumbnail_sbcdd1101-413e-46b2-9cec-c807f6a4de33.jpg","datePublished":"2019-06-13T20:26:13+00:00","dateModified":"2019-06-13T20:26:15+00:00","breadcrumb":{"@id":"https:\/\/avrupapress.com\/2019\/06\/13\/su-savaslari-basladi-mi\/#breadcrumb"},"inLanguage":"fr-BE","potentialAction":[{"@type":"ReadAction","target":["https:\/\/avrupapress.com\/2019\/06\/13\/su-savaslari-basladi-mi\/"]}]},{"@type":"ImageObject","inLanguage":"fr-BE","@id":"https:\/\/avrupapress.com\/2019\/06\/13\/su-savaslari-basladi-mi\/#primaryimage","url":"https:\/\/avrupapress.com\/main\/wp-content\/uploads\/2019\/06\/thumbnail_sbcdd1101-413e-46b2-9cec-c807f6a4de33.jpg","contentUrl":"https:\/\/avrupapress.com\/main\/wp-content\/uploads\/2019\/06\/thumbnail_sbcdd1101-413e-46b2-9cec-c807f6a4de33.jpg","width":800,"height":531},{"@type":"BreadcrumbList","@id":"https:\/\/avrupapress.com\/2019\/06\/13\/su-savaslari-basladi-mi\/#breadcrumb","itemListElement":[{"@type":"ListItem","position":1,"name":"Anasayfa","item":"https:\/\/avrupapress.com\/"},{"@type":"ListItem","position":2,"name":"Su sava\u015flar\u0131 ba\u015flad\u0131 m\u0131?"}]},{"@type":"WebSite","@id":"https:\/\/avrupapress.com\/#website","url":"https:\/\/avrupapress.com\/","name":"AvrupaPress","description":"Haberin Adresi","publisher":{"@id":"https:\/\/avrupapress.com\/#\/schema\/person\/0223dca19c72c43575bf30d1a2d8f4fa"},"potentialAction":[{"@type":"SearchAction","target":{"@type":"EntryPoint","urlTemplate":"https:\/\/avrupapress.com\/?s={search_term_string}"},"query-input":{"@type":"PropertyValueSpecification","valueRequired":true,"valueName":"search_term_string"}}],"inLanguage":"fr-BE"},{"@type":["Person","Organization"],"@id":"https:\/\/avrupapress.com\/#\/schema\/person\/0223dca19c72c43575bf30d1a2d8f4fa","name":"Bilgin \u00d6z\u00e7ift\u00e7i","image":{"@type":"ImageObject","inLanguage":"fr-BE","@id":"https:\/\/avrupapress.com\/#\/schema\/person\/image\/","url":"https:\/\/secure.gravatar.com\/avatar\/0f23b280433a21e1ea7a0adcc46ed0ad16afe3ad8e630fd13d8a017dcbd54ef3?s=96&d=mm&r=g","contentUrl":"https:\/\/secure.gravatar.com\/avatar\/0f23b280433a21e1ea7a0adcc46ed0ad16afe3ad8e630fd13d8a017dcbd54ef3?s=96&d=mm&r=g","caption":"Bilgin \u00d6z\u00e7ift\u00e7i"},"logo":{"@id":"https:\/\/avrupapress.com\/#\/schema\/person\/image\/"},"description":"Ne ben, nede sen... Biz ancak \"biz\" olursak g\u00fc\u00e7l\u00fc olabiliriz"},{"@type":"Person","@id":"https:\/\/avrupapress.com\/#\/schema\/person\/68428444ec60970d1e1b700cf4ca1e8f","name":"Edit\u00f6r","image":{"@type":"ImageObject","inLanguage":"fr-BE","@id":"https:\/\/avrupapress.com\/#\/schema\/person\/image\/","url":"https:\/\/secure.gravatar.com\/avatar\/74996b0977aa5f1559ba9883776652508b229005c0d78fb2597897f0bd651c09?s=96&d=mm&r=g","contentUrl":"https:\/\/secure.gravatar.com\/avatar\/74996b0977aa5f1559ba9883776652508b229005c0d78fb2597897f0bd651c09?s=96&d=mm&r=g","caption":"Edit\u00f6r"},"sameAs":["http:\/\/www.avrupapress.com"],"url":"https:\/\/avrupapress.com\/main\/author\/editor\/"}]}},"_links":{"self":[{"href":"https:\/\/avrupapress.com\/main\/wp-json\/wp\/v2\/posts\/9234","targetHints":{"allow":["GET"]}}],"collection":[{"href":"https:\/\/avrupapress.com\/main\/wp-json\/wp\/v2\/posts"}],"about":[{"href":"https:\/\/avrupapress.com\/main\/wp-json\/wp\/v2\/types\/post"}],"author":[{"embeddable":true,"href":"https:\/\/avrupapress.com\/main\/wp-json\/wp\/v2\/users\/3"}],"replies":[{"embeddable":true,"href":"https:\/\/avrupapress.com\/main\/wp-json\/wp\/v2\/comments?post=9234"}],"version-history":[{"count":1,"href":"https:\/\/avrupapress.com\/main\/wp-json\/wp\/v2\/posts\/9234\/revisions"}],"predecessor-version":[{"id":9236,"href":"https:\/\/avrupapress.com\/main\/wp-json\/wp\/v2\/posts\/9234\/revisions\/9236"}],"wp:featuredmedia":[{"embeddable":true,"href":"https:\/\/avrupapress.com\/main\/wp-json\/wp\/v2\/media\/9235"}],"wp:attachment":[{"href":"https:\/\/avrupapress.com\/main\/wp-json\/wp\/v2\/media?parent=9234"}],"wp:term":[{"taxonomy":"category","embeddable":true,"href":"https:\/\/avrupapress.com\/main\/wp-json\/wp\/v2\/categories?post=9234"},{"taxonomy":"post_tag","embeddable":true,"href":"https:\/\/avrupapress.com\/main\/wp-json\/wp\/v2\/tags?post=9234"}],"curies":[{"name":"wp","href":"https:\/\/api.w.org\/{rel}","templated":true}]}}