{"id":6696,"date":"2018-10-10T23:06:20","date_gmt":"2018-10-10T23:06:20","guid":{"rendered":"http:\/\/avrupapress.com\/main\/?p=6696"},"modified":"2018-10-11T21:23:47","modified_gmt":"2018-10-11T21:23:47","slug":"brukselde-protesto-ocalan-ozgur-olmadan-bu-savas-bitmez","status":"publish","type":"post","link":"https:\/\/avrupapress.com\/main\/2018\/10\/10\/brukselde-protesto-ocalan-ozgur-olmadan-bu-savas-bitmez\/","title":{"rendered":"Br\u00fcksel\u2019de protesto: \u00d6calan \u00f6zg\u00fcr olmadan bu sava\u015f bitmez"},"content":{"rendered":"<p><strong>K\u00fcrt Halk \u00d6nderi Abdullah \u00d6calan\u2019a y\u00f6nelik 9 Ekim komplosu, Br\u00fcksel\u2019deki Avrupa Komisyonu binas\u0131 \u00f6n\u00fcnde protesto edildi. \u0130ngiliz parlamenter Julie Ward, \u00d6calan \u00f6zg\u00fcr olmadan bu sava\u015f\u0131n bitmeyece\u011fini s\u00f6yledi.<\/strong><\/p>\n<div class=\"col-sm-8\">\n<article class=\"post\">\n<div class=\"post-content\">\n<div class=\"entry-content\">\n<p>Bel\u00e7ika, Hollanda, Fransa ve Almanya\u2019n\u0131n s\u0131n\u0131r b\u00f6lgelerinden Br\u00fcksel\u2019e gelen y\u00fczlerce ki\u015fi, Avrupa kurumlar\u0131na yak\u0131n Shuman meydan\u0131nda topland\u0131.<\/p>\n<p>\u00d6calan\u2019\u0131n 9 Ekim 1998\u2019de Suriye\u2019den \u00e7\u0131k\u0131\u015f\u0131na ve 1999\u2019da esaret alt\u0131na al\u0131nmas\u0131na yol a\u00e7an komplocu s\u00fcreci k\u0131nayan eylemciler, Avrupa K\u00fcrt Kad\u0131n Hareketi\u2019nin \u00e7a\u011fr\u0131s\u0131yla bir araya geldiler. Saat 13.00 s\u0131ralar\u0131nda ba\u015flayan mitinge kat\u0131lanlar \u00d6calan\u2019\u0131n posterlerinin yan\u0131s\u0131ra, \u201c\u00d6calan\u2019a \u00f6zg\u00fcrl\u00fck\u201d, \u201cCPT \u0130mral\u0131\u2019y\u0131 ziyaret etmeli\u201d, \u201cTecrit i\u015fkencedir\u201d yaz\u0131l\u0131 d\u00f6vizler ta\u015f\u0131d\u0131lar. Ayr\u0131ca bir \u00e7ok dilde \u00d6calan\u2019a \u00f6zg\u00fcrl\u00fck talebinin yer ald\u0131\u011f\u0131 k\u0131rm\u0131z\u0131 bir bez pankart g\u00f6ze \u00e7arpt\u0131. Eyleme Asuri-S\u00fcryaniler, Sosyalist Kad\u0131nlar Birli\u011fi (SKB) ve uluslararas\u0131 s\u0131n\u0131fsal dayan\u0131\u015fma \u00f6rg\u00fct\u00fc Uluslararas\u0131 K\u0131z\u0131l Yard\u0131mla\u015fma destek verdi.<\/p>\n<p>BARI\u015e DERNE\u011e\u0130: AB PKK\u2019Y\u0130 L\u0130STEDEN \u00c7IKARMALI<\/p>\n<p>Mitingde ilk konu\u015fmay\u0131 yapan TJK-E aktivisti Y\u0131ld\u0131z Filimci, Avrupa \u00fclkelerini \u00d6calan\u2019a y\u00f6nelik tecride kar\u015f\u0131 harekete ge\u00e7meye \u00e7a\u011f\u0131r\u0131rken, Bel\u00e7ika Bar\u0131\u015f Derne\u011fi Ba\u015fkan\u0131 Ludo de Brabander, T\u00fcrkiye\u2019deki fa\u015fist bask\u0131lara dikkat \u00e7ekti. Brabander, Erdo\u011fan\u2019\u0131n kendi iktidar\u0131n\u0131 peki\u015ftirmek i\u00e7in s\u00fcrekli d\u00fc\u015fmana ihtiyac\u0131 oldu\u011funu ifade ederek, son y\u0131llarda artan bask\u0131lar\u0131 anlatt\u0131.<\/p>\n<p>Brabander, Avrupa Birli\u011fi\u2019ni de T\u00fcrk devleti ile PKK aras\u0131ndaki sava\u015f\u0131 bir \u201c\u00e7at\u0131\u015fma\u201d olarak tan\u0131mlamas\u0131 ve PKK\u2019yi ter\u00f6rist \u00f6rg\u00fctler listesinden \u00e7\u0131karmas\u0131n\u0131 istedi.<\/p>\n<p>\u00d6CALAN T\u00dcRK\u0130YE\u2019N\u0130N BARI\u015e\u00c7IL GELECE\u011e\u0130N\u0130N ANAHTARIDIR<\/p>\n<p>\u00d6calan\u2019\u0131n 25 y\u0131ld\u0131r siyasi \u00e7\u00f6z\u00fcm i\u00e7in bar\u0131\u015f \u00e7a\u011fr\u0131lar\u0131 yapt\u0131\u011f\u0131n\u0131 ifade eden Brabander, \u201c\u00d6calan siyasi \u00e7\u00f6z\u00fcm i\u00e7in umut oldu. T\u00fcrkiye\u2019nin bar\u0131\u015f\u00e7\u0131l gelece\u011finin anahtar\u0131d\u0131r\u201d diye vurgulad\u0131. Brabander, \u00d6calan ve siyasi tutsaklara \u00f6zg\u00fcrl\u00fck isteyerek konu\u015fmas\u0131na son verdi.<\/p>\n<p>Rojava Kad\u0131n Birli\u011fi\u2019nden Medya Abdo, 9 Ekim komplosunun K\u00fcrt \u00f6zg\u00fcrl\u00fck hareketini tasfiye etmek oldu\u011funu ancak amac\u0131na ula\u015fmad\u0131\u011f\u0131n\u0131 belirterek, \u00d6calan\u2019\u0131n demokratik konfederalizm projesinin Ortado\u011fu\u2019da \u00e7\u00f6z\u00fcm\u00fcn tek umudu oldu\u011funu kaydetti. Abdo, tecride ve A\u0130HM\u2019in i\u015fkenceyi yok sayan karar\u0131na tepki g\u00f6stererek, t\u00fcm kad\u0131nlar\u0131 ve demokratik \u00e7evreleri m\u00fccadeleye \u00e7a\u011f\u0131rd\u0131.<\/p>\n<p>WARD: \u00d6CALAN \u00d6ZG\u00dcR OLMADAN BU SAVA\u015e B\u0130TMEZ<\/p>\n<p>Avrupa Parlamentosu Sosyalist Grup\u2019tan \u0130ngiliz parlamenter Julie Ward da eyleme kat\u0131larak bir konu\u015fma yapt\u0131. Ward, \u201c\u00d6calan \u00f6zg\u00fcr olmadan bu sava\u015f bitmez\u201d dedi. Ward, Birle\u015fik Krall\u0131k\u2019\u0131n Avrupa Birli\u011fi\u2019nden \u00e7\u0131k\u0131\u015f s\u00fcreci olan Brexit\u2019e de dikkat \u00e7ekerken, bunun Avrupa Birli\u011fi de\u011ferlerinin da\u011f\u0131lmas\u0131 oldu\u011funu s\u00f6yledi. Ward, birli\u011fin da\u011f\u0131lmas\u0131n\u0131n \u00d6calan i\u00e7in de iyi olmad\u0131\u011f\u0131n\u0131 ifade etti.<\/p>\n<p>AYDO\u011eAN: FA\u015e\u0130ZMDEN BEKLENT\u0130M\u0130Z YOK<\/p>\n<p>HDP eski Milletvekili Nursel Aydo\u011fan, komplonun direni\u015f sayesinde bo\u015fa \u00e7\u0131kar\u0131ld\u0131\u011f\u0131n\u0131 s\u00f6yledi. Aydo\u011fan, \u201cDireni\u015f ya\u015fam\u0131n her alan\u0131nda esast\u0131r\u201d dedi. T\u00fcrkiye\u2019deki fa\u015fist sald\u0131r\u0131lar\u0131 da anlatan Aydo\u011fan, \u201cFa\u015fizmden bir beklentimiz yok, beklenmez, ancak m\u00fccadele edilir\u201d diye konu\u015ftu. Aydo\u011fan, buna kar\u015f\u0131n Avrupa Birli\u011fi ve kurumlar\u0131n\u0131n sorumluluklar\u0131 oldu\u011funu ve adalet bekleme haklar\u0131n\u0131n oldu\u011funu s\u00f6yledi.<\/p>\n<p>\u015eAKAR: \u00d6CALAN AVRUPA\u2019NIN DA ES\u0130R\u0130D\u0130R<\/p>\n<p>\u00d6calan\u2019\u0131n avukatlar\u0131ndan Mahmut \u015eakar, \u00d6calan\u2019\u0131n 20 y\u0131ld\u0131r \u0130mral\u0131 i\u015fkence sisteminde tutuldu\u011funu hat\u0131rlatarak, \u201c\u0130mral\u0131 i\u015fkence merkezi komplonun bir par\u00e7as\u0131d\u0131r. \u00d6calan orada oldu\u011fu s\u00fcrece, komplo da devam edecektir\u201d diye konu\u015ftu. \u0130mral\u0131 sisteminin olu\u015fmas\u0131nda Avrupa\u2019n\u0131n da rol\u00fcn\u00fcn oldu\u011funa dikkat \u00e7eken \u015eakar, \u201c\u00d6calan ayn\u0131 zamanda Avrupa\u2019n\u0131n da esiridir. T\u00fcrkiye kadar Bat\u0131 da sorumludur\u201d \u015feklinde konu\u015ftu. \u015eakar, \u201cE\u011fer A\u0130HM i\u015fkenceye kar\u015f\u0131 ger\u00e7ek bir soru\u015fturma yapmayacaksa o mahkeme neden var? E\u011fer \u0130\u015fkenceyi \u00d6nleme Komitesi, i\u015fkenceyi yerinde incelemeye gitmiyorsa neden var? Bunu Avrupa kurumlar\u0131na bir kez daha sormam\u0131z gerekiyor\u201d ifadelerini kulland\u0131.<\/p>\n<p>Eylem, yap\u0131lan konu\u015fmalar ard\u0131ndan sona erdi.<\/p>\n<p>Kaynak:\u00a0anfturkce.com<\/p>\n<\/div>\n<p>Metin Demirkapu<\/p>\n<aside id=\"album-container\">\n<div id=\"album\" class=\"owl-carousel owl-theme owl-wrapper owl-loaded owl-drag\">\n<div class=\"owl-stage-outer\">\n<div class=\"owl-stage\">\n<div class=\"owl-item cloned\">\n<div><img class=\"image_V owl-lazy\" data-src=\"https:\/\/d1tr45u6dkwdtq.cloudfront.net\/6249\/09-10-2018-BRUeKSEL-Brueksel-de-protesto-Oecalan-oezguer-olmadan-bu-savas-bitmez-2fffc2pre.jpg\" \/><\/div>\n<\/div>\n<div class=\"owl-item cloned\">\n<div><img class=\"image_V owl-lazy\" data-src=\"https:\/\/d1tr45u6dkwdtq.cloudfront.net\/6249\/09-10-2018-BRUeKSEL-Brueksel-de-protesto-Oecalan-oezguer-olmadan-bu-savas-bitmez-04edb4pre.jpg\" \/><\/div>\n<\/div>\n<div class=\"owl-item cloned\">\n<div><img class=\"image_H owl-lazy\" data-src=\"https:\/\/d1tr45u6dkwdtq.cloudfront.net\/6249\/09-10-2018-BRUeKSEL-Brueksel-de-protesto-Oecalan-oezguer-olmadan-bu-savas-bitmez-e8af4fpre.jpg\" \/><\/div>\n<\/div>\n<div class=\"owl-item cloned\">\n<div><img class=\"image_H owl-lazy\" data-src=\"https:\/\/d1tr45u6dkwdtq.cloudfront.net\/6249\/09-10-2018-BRUeKSEL-Brueksel-de-protesto-Oecalan-oezguer-olmadan-bu-savas-bitmez-fec72epre.jpg\" \/><\/div>\n<\/div>\n<div class=\"owl-item\">\n<div><img decoding=\"async\" class=\"image_H owl-lazy\" src=\"https:\/\/d1tr45u6dkwdtq.cloudfront.net\/6249\/09-10-2018-BRUeKSEL-Brueksel-de-protesto-Oecalan-oezguer-olmadan-bu-savas-bitmez-f29890pre.jpg\" data-src=\"https:\/\/d1tr45u6dkwdtq.cloudfront.net\/6249\/09-10-2018-BRUeKSEL-Brueksel-de-protesto-Oecalan-oezguer-olmadan-bu-savas-bitmez-f29890pre.jpg\" \/><\/div>\n<\/div>\n<div class=\"owl-item active\">\n<div><img decoding=\"async\" class=\"image_H owl-lazy\" src=\"https:\/\/d1tr45u6dkwdtq.cloudfront.net\/6249\/09-10-2018-BRUeKSEL-Brueksel-de-protesto-Oecalan-oezguer-olmadan-bu-savas-bitmez-37b09cpre.jpg\" data-src=\"https:\/\/d1tr45u6dkwdtq.cloudfront.net\/6249\/09-10-2018-BRUeKSEL-Brueksel-de-protesto-Oecalan-oezguer-olmadan-bu-savas-bitmez-37b09cpre.jpg\" \/><\/div>\n<\/div>\n<div class=\"owl-item\">\n<div><img class=\"image_H owl-lazy\" data-src=\"https:\/\/d1tr45u6dkwdtq.cloudfront.net\/6249\/09-10-2018-BRUeKSEL-Brueksel-de-protesto-Oecalan-oezguer-olmadan-bu-savas-bitmez-0ec4fdpre.jpg\" \/><\/div>\n<\/div>\n<div class=\"owl-item\">\n<div><img class=\"image_H owl-lazy\" data-src=\"https:\/\/d1tr45u6dkwdtq.cloudfront.net\/6249\/09-10-2018-BRUeKSEL-Brueksel-de-protesto-Oecalan-oezguer-olmadan-bu-savas-bitmez-58c485pre.jpg\" \/><\/div>\n<\/div>\n<div class=\"owl-item\">\n<div><img class=\"image_V owl-lazy\" data-src=\"https:\/\/d1tr45u6dkwdtq.cloudfront.net\/6249\/09-10-2018-BRUeKSEL-Brueksel-de-protesto-Oecalan-oezguer-olmadan-bu-savas-bitmez-2fffc2pre.jpg\" \/><\/div>\n<\/div>\n<div class=\"owl-item\">\n<div><img class=\"image_V owl-lazy\" data-src=\"https:\/\/d1tr45u6dkwdtq.cloudfront.net\/6249\/09-10-2018-BRUeKSEL-Brueksel-de-protesto-Oecalan-oezguer-olmadan-bu-savas-bitmez-04edb4pre.jpg\" \/><\/div>\n<\/div>\n<div class=\"owl-item\">\n<div><img class=\"image_H owl-lazy\" data-src=\"https:\/\/d1tr45u6dkwdtq.cloudfront.net\/6249\/09-10-2018-BRUeKSEL-Brueksel-de-protesto-Oecalan-oezguer-olmadan-bu-savas-bitmez-e8af4fpre.jpg\" \/><\/div>\n<\/div>\n<div class=\"owl-item\">\n<div><img class=\"image_H owl-lazy\" data-src=\"https:\/\/d1tr45u6dkwdtq.cloudfront.net\/6249\/09-10-2018-BRUeKSEL-Brueksel-de-protesto-Oecalan-oezguer-olmadan-bu-savas-bitmez-fec72epre.jpg\" \/><\/div>\n<\/div>\n<div class=\"owl-item cloned\">\n<div><img decoding=\"async\" class=\"image_H owl-lazy\" src=\"https:\/\/d1tr45u6dkwdtq.cloudfront.net\/6249\/09-10-2018-BRUeKSEL-Brueksel-de-protesto-Oecalan-oezguer-olmadan-bu-savas-bitmez-f29890pre.jpg\" data-src=\"https:\/\/d1tr45u6dkwdtq.cloudfront.net\/6249\/09-10-2018-BRUeKSEL-Brueksel-de-protesto-Oecalan-oezguer-olmadan-bu-savas-bitmez-f29890pre.jpg\" \/><\/div>\n<\/div>\n<div class=\"owl-item cloned\">\n<div><img decoding=\"async\" class=\"image_H owl-lazy\" src=\"https:\/\/d1tr45u6dkwdtq.cloudfront.net\/6249\/09-10-2018-BRUeKSEL-Brueksel-de-protesto-Oecalan-oezguer-olmadan-bu-savas-bitmez-37b09cpre.jpg\" data-src=\"https:\/\/d1tr45u6dkwdtq.cloudfront.net\/6249\/09-10-2018-BRUeKSEL-Brueksel-de-protesto-Oecalan-oezguer-olmadan-bu-savas-bitmez-37b09cpre.jpg\" \/><\/div>\n<\/div>\n<\/div>\n<\/div>\n<div><\/div>\n<div>Metin Demirkapu<\/div>\n<div class=\"owl-stage-outer\">\n<div class=\"owl-stage\">\n<div class=\"owl-item cloned\">\n<div><img class=\"image_H owl-lazy\" data-src=\"https:\/\/d1tr45u6dkwdtq.cloudfront.net\/6249\/09-10-2018-BRUeKSEL-Brueksel-de-protesto-Oecalan-oezguer-olmadan-bu-savas-bitmez-0ec4fdpre.jpg\" \/><\/div>\n<\/div>\n<div class=\"owl-item cloned\">\n<div><img class=\"image_H owl-lazy\" data-src=\"https:\/\/d1tr45u6dkwdtq.cloudfront.net\/6249\/09-10-2018-BRUeKSEL-Brueksel-de-protesto-Oecalan-oezguer-olmadan-bu-savas-bitmez-58c485pre.jpg\" \/><\/div>\n<\/div>\n<\/div>\n<\/div>\n<div class=\"owl-nav\">\n<div class=\"owl-prev\"><\/div>\n<div class=\"owl-next\"><\/div>\n<\/div>\n<\/div>\n<\/aside>\n<\/div>\n<\/article>\n<\/div>\n<div class=\"col-sm-4 sidebar\">\n<div class=\"compact\"><\/div>\n<\/div>\n","protected":false},"excerpt":{"rendered":"<p>K\u00fcrt Halk \u00d6nderi Abdullah \u00d6calan\u2019a y\u00f6nelik 9 Ekim komplosu, Br\u00fcksel\u2019deki Avrupa Komisyonu binas\u0131 \u00f6n\u00fcnde protesto edildi. \u0130ngiliz parlamenter Julie Ward, \u00d6calan \u00f6zg\u00fcr olmadan bu sava\u015f\u0131n bitmeyece\u011fini s\u00f6yledi. Bel\u00e7ika, Hollanda, Fransa ve Almanya\u2019n\u0131n s\u0131n\u0131r b\u00f6lgelerinden Br\u00fcksel\u2019e gelen y\u00fczlerce ki\u015fi, Avrupa kurumlar\u0131na yak\u0131n Shuman meydan\u0131nda topland\u0131. \u00d6calan\u2019\u0131n 9 Ekim 1998\u2019de Suriye\u2019den \u00e7\u0131k\u0131\u015f\u0131na ve 1999\u2019da esaret alt\u0131na al\u0131nmas\u0131na [&hellip;]<\/p>\n","protected":false},"author":3,"featured_media":6697,"comment_status":"open","ping_status":"open","sticky":false,"template":"","format":"standard","meta":{"footnotes":""},"categories":[14,16,3,17,18,19,2,1],"tags":[4307,4309,4308],"class_list":["post-6696","post","type-post","status-publish","format-standard","has-post-thumbnail","hentry","category-avrupa","category-belcika","category-dunya","category-ekonomi","category-kultur-sanat","category-tanitim","category-turkiye","category-uncategorized","tag-brukselde-protesto","tag-bu-savas-bitmez","tag-ocalan-ozgur-olmadan"],"yoast_head":"<!-- This site is optimized with the Yoast SEO plugin v26.9 - https:\/\/yoast.com\/product\/yoast-seo-wordpress\/ -->\n<title>Br\u00fcksel\u2019de protesto: \u00d6calan \u00f6zg\u00fcr olmadan bu sava\u015f bitmez - AvrupaPress<\/title>\n<meta name=\"robots\" content=\"index, follow, max-snippet:-1, max-image-preview:large, max-video-preview:-1\" \/>\n<link rel=\"canonical\" href=\"https:\/\/avrupapress.com\/2018\/10\/10\/brukselde-protesto-ocalan-ozgur-olmadan-bu-savas-bitmez\/\" \/>\n<meta property=\"og:locale\" content=\"fr_FR\" \/>\n<meta property=\"og:type\" content=\"article\" \/>\n<meta property=\"og:title\" content=\"Br\u00fcksel\u2019de protesto: \u00d6calan \u00f6zg\u00fcr olmadan bu sava\u015f bitmez - AvrupaPress\" \/>\n<meta property=\"og:description\" content=\"K\u00fcrt Halk \u00d6nderi Abdullah \u00d6calan\u2019a y\u00f6nelik 9 Ekim komplosu, Br\u00fcksel\u2019deki Avrupa Komisyonu binas\u0131 \u00f6n\u00fcnde protesto edildi. \u0130ngiliz parlamenter Julie Ward, \u00d6calan \u00f6zg\u00fcr olmadan bu sava\u015f\u0131n bitmeyece\u011fini s\u00f6yledi. Bel\u00e7ika, Hollanda, Fransa ve Almanya\u2019n\u0131n s\u0131n\u0131r b\u00f6lgelerinden Br\u00fcksel\u2019e gelen y\u00fczlerce ki\u015fi, Avrupa kurumlar\u0131na yak\u0131n Shuman meydan\u0131nda topland\u0131. \u00d6calan\u2019\u0131n 9 Ekim 1998\u2019de Suriye\u2019den \u00e7\u0131k\u0131\u015f\u0131na ve 1999\u2019da esaret alt\u0131na al\u0131nmas\u0131na [&hellip;]\" \/>\n<meta property=\"og:url\" content=\"https:\/\/avrupapress.com\/2018\/10\/10\/brukselde-protesto-ocalan-ozgur-olmadan-bu-savas-bitmez\/\" \/>\n<meta property=\"og:site_name\" content=\"AvrupaPress\" \/>\n<meta property=\"article:published_time\" content=\"2018-10-10T23:06:20+00:00\" \/>\n<meta property=\"article:modified_time\" content=\"2018-10-11T21:23:47+00:00\" \/>\n<meta property=\"og:image\" content=\"https:\/\/avrupapress.com\/wp-content\/uploads\/2018\/10\/20181009-img-2524b227f9-image.jpg\" \/>\n\t<meta property=\"og:image:width\" content=\"990\" \/>\n\t<meta property=\"og:image:height\" content=\"500\" \/>\n\t<meta property=\"og:image:type\" content=\"image\/jpeg\" \/>\n<meta name=\"author\" content=\"Edit\u00f6r\" \/>\n<meta name=\"twitter:card\" content=\"summary_large_image\" \/>\n<meta name=\"twitter:label1\" content=\"\u00c9crit par\" \/>\n\t<meta name=\"twitter:data1\" content=\"Edit\u00f6r\" \/>\n\t<meta name=\"twitter:label2\" content=\"Dur\u00e9e de lecture est.\" \/>\n\t<meta name=\"twitter:data2\" content=\"4 minutes\" \/>\n<script type=\"application\/ld+json\" class=\"yoast-schema-graph\">{\"@context\":\"https:\/\/schema.org\",\"@graph\":[{\"@type\":\"Article\",\"@id\":\"https:\/\/avrupapress.com\/2018\/10\/10\/brukselde-protesto-ocalan-ozgur-olmadan-bu-savas-bitmez\/#article\",\"isPartOf\":{\"@id\":\"https:\/\/avrupapress.com\/2018\/10\/10\/brukselde-protesto-ocalan-ozgur-olmadan-bu-savas-bitmez\/\"},\"author\":{\"name\":\"Edit\u00f6r\",\"@id\":\"https:\/\/avrupapress.com\/#\/schema\/person\/68428444ec60970d1e1b700cf4ca1e8f\"},\"headline\":\"Br\u00fcksel\u2019de protesto: \u00d6calan \u00f6zg\u00fcr olmadan bu sava\u015f bitmez\",\"datePublished\":\"2018-10-10T23:06:20+00:00\",\"dateModified\":\"2018-10-11T21:23:47+00:00\",\"mainEntityOfPage\":{\"@id\":\"https:\/\/avrupapress.com\/2018\/10\/10\/brukselde-protesto-ocalan-ozgur-olmadan-bu-savas-bitmez\/\"},\"wordCount\":755,\"commentCount\":0,\"publisher\":{\"@id\":\"https:\/\/avrupapress.com\/#\/schema\/person\/0223dca19c72c43575bf30d1a2d8f4fa\"},\"image\":{\"@id\":\"https:\/\/avrupapress.com\/2018\/10\/10\/brukselde-protesto-ocalan-ozgur-olmadan-bu-savas-bitmez\/#primaryimage\"},\"thumbnailUrl\":\"https:\/\/avrupapress.com\/main\/wp-content\/uploads\/2018\/10\/20181009-img-2524b227f9-image.jpg\",\"keywords\":[\"Br\u00fcksel\u2019de protesto:\",\"bu sava\u015f bitmez\",\"\u00d6calan \u00f6zg\u00fcr olmadan\"],\"articleSection\":[\"Avrupa\",\"Bel\u00e7ika\",\"D\u00fcnya\",\"Ekonomi\",\"K\u00fclt\u00fcr-Sanat\",\"Tan\u0131t\u0131m\",\"T\u00fcrkiye\",\"Uncategorized\"],\"inLanguage\":\"fr-BE\",\"potentialAction\":[{\"@type\":\"CommentAction\",\"name\":\"Comment\",\"target\":[\"https:\/\/avrupapress.com\/2018\/10\/10\/brukselde-protesto-ocalan-ozgur-olmadan-bu-savas-bitmez\/#respond\"]}]},{\"@type\":\"WebPage\",\"@id\":\"https:\/\/avrupapress.com\/2018\/10\/10\/brukselde-protesto-ocalan-ozgur-olmadan-bu-savas-bitmez\/\",\"url\":\"https:\/\/avrupapress.com\/2018\/10\/10\/brukselde-protesto-ocalan-ozgur-olmadan-bu-savas-bitmez\/\",\"name\":\"Br\u00fcksel\u2019de protesto: \u00d6calan \u00f6zg\u00fcr olmadan bu sava\u015f bitmez - AvrupaPress\",\"isPartOf\":{\"@id\":\"https:\/\/avrupapress.com\/#website\"},\"primaryImageOfPage\":{\"@id\":\"https:\/\/avrupapress.com\/2018\/10\/10\/brukselde-protesto-ocalan-ozgur-olmadan-bu-savas-bitmez\/#primaryimage\"},\"image\":{\"@id\":\"https:\/\/avrupapress.com\/2018\/10\/10\/brukselde-protesto-ocalan-ozgur-olmadan-bu-savas-bitmez\/#primaryimage\"},\"thumbnailUrl\":\"https:\/\/avrupapress.com\/main\/wp-content\/uploads\/2018\/10\/20181009-img-2524b227f9-image.jpg\",\"datePublished\":\"2018-10-10T23:06:20+00:00\",\"dateModified\":\"2018-10-11T21:23:47+00:00\",\"breadcrumb\":{\"@id\":\"https:\/\/avrupapress.com\/2018\/10\/10\/brukselde-protesto-ocalan-ozgur-olmadan-bu-savas-bitmez\/#breadcrumb\"},\"inLanguage\":\"fr-BE\",\"potentialAction\":[{\"@type\":\"ReadAction\",\"target\":[\"https:\/\/avrupapress.com\/2018\/10\/10\/brukselde-protesto-ocalan-ozgur-olmadan-bu-savas-bitmez\/\"]}]},{\"@type\":\"ImageObject\",\"inLanguage\":\"fr-BE\",\"@id\":\"https:\/\/avrupapress.com\/2018\/10\/10\/brukselde-protesto-ocalan-ozgur-olmadan-bu-savas-bitmez\/#primaryimage\",\"url\":\"https:\/\/avrupapress.com\/main\/wp-content\/uploads\/2018\/10\/20181009-img-2524b227f9-image.jpg\",\"contentUrl\":\"https:\/\/avrupapress.com\/main\/wp-content\/uploads\/2018\/10\/20181009-img-2524b227f9-image.jpg\",\"width\":990,\"height\":500},{\"@type\":\"BreadcrumbList\",\"@id\":\"https:\/\/avrupapress.com\/2018\/10\/10\/brukselde-protesto-ocalan-ozgur-olmadan-bu-savas-bitmez\/#breadcrumb\",\"itemListElement\":[{\"@type\":\"ListItem\",\"position\":1,\"name\":\"Anasayfa\",\"item\":\"https:\/\/avrupapress.com\/\"},{\"@type\":\"ListItem\",\"position\":2,\"name\":\"Br\u00fcksel\u2019de protesto: \u00d6calan \u00f6zg\u00fcr olmadan bu sava\u015f bitmez\"}]},{\"@type\":\"WebSite\",\"@id\":\"https:\/\/avrupapress.com\/#website\",\"url\":\"https:\/\/avrupapress.com\/\",\"name\":\"AvrupaPress\",\"description\":\"Haberin Adresi\",\"publisher\":{\"@id\":\"https:\/\/avrupapress.com\/#\/schema\/person\/0223dca19c72c43575bf30d1a2d8f4fa\"},\"potentialAction\":[{\"@type\":\"SearchAction\",\"target\":{\"@type\":\"EntryPoint\",\"urlTemplate\":\"https:\/\/avrupapress.com\/?s={search_term_string}\"},\"query-input\":{\"@type\":\"PropertyValueSpecification\",\"valueRequired\":true,\"valueName\":\"search_term_string\"}}],\"inLanguage\":\"fr-BE\"},{\"@type\":[\"Person\",\"Organization\"],\"@id\":\"https:\/\/avrupapress.com\/#\/schema\/person\/0223dca19c72c43575bf30d1a2d8f4fa\",\"name\":\"Bilgin \u00d6z\u00e7ift\u00e7i\",\"image\":{\"@type\":\"ImageObject\",\"inLanguage\":\"fr-BE\",\"@id\":\"https:\/\/avrupapress.com\/#\/schema\/person\/image\/\",\"url\":\"https:\/\/secure.gravatar.com\/avatar\/0f23b280433a21e1ea7a0adcc46ed0ad16afe3ad8e630fd13d8a017dcbd54ef3?s=96&d=mm&r=g\",\"contentUrl\":\"https:\/\/secure.gravatar.com\/avatar\/0f23b280433a21e1ea7a0adcc46ed0ad16afe3ad8e630fd13d8a017dcbd54ef3?s=96&d=mm&r=g\",\"caption\":\"Bilgin \u00d6z\u00e7ift\u00e7i\"},\"logo\":{\"@id\":\"https:\/\/avrupapress.com\/#\/schema\/person\/image\/\"},\"description\":\"Ne ben, nede sen... Biz ancak \\\"biz\\\" olursak g\u00fc\u00e7l\u00fc olabiliriz\"},{\"@type\":\"Person\",\"@id\":\"https:\/\/avrupapress.com\/#\/schema\/person\/68428444ec60970d1e1b700cf4ca1e8f\",\"name\":\"Edit\u00f6r\",\"image\":{\"@type\":\"ImageObject\",\"inLanguage\":\"fr-BE\",\"@id\":\"https:\/\/avrupapress.com\/#\/schema\/person\/image\/\",\"url\":\"https:\/\/secure.gravatar.com\/avatar\/74996b0977aa5f1559ba9883776652508b229005c0d78fb2597897f0bd651c09?s=96&d=mm&r=g\",\"contentUrl\":\"https:\/\/secure.gravatar.com\/avatar\/74996b0977aa5f1559ba9883776652508b229005c0d78fb2597897f0bd651c09?s=96&d=mm&r=g\",\"caption\":\"Edit\u00f6r\"},\"sameAs\":[\"http:\/\/www.avrupapress.com\"],\"url\":\"https:\/\/avrupapress.com\/main\/author\/editor\/\"}]}<\/script>\n<!-- \/ Yoast SEO plugin. -->","yoast_head_json":{"title":"Br\u00fcksel\u2019de protesto: \u00d6calan \u00f6zg\u00fcr olmadan bu sava\u015f bitmez - AvrupaPress","robots":{"index":"index","follow":"follow","max-snippet":"max-snippet:-1","max-image-preview":"max-image-preview:large","max-video-preview":"max-video-preview:-1"},"canonical":"https:\/\/avrupapress.com\/2018\/10\/10\/brukselde-protesto-ocalan-ozgur-olmadan-bu-savas-bitmez\/","og_locale":"fr_FR","og_type":"article","og_title":"Br\u00fcksel\u2019de protesto: \u00d6calan \u00f6zg\u00fcr olmadan bu sava\u015f bitmez - AvrupaPress","og_description":"K\u00fcrt Halk \u00d6nderi Abdullah \u00d6calan\u2019a y\u00f6nelik 9 Ekim komplosu, Br\u00fcksel\u2019deki Avrupa Komisyonu binas\u0131 \u00f6n\u00fcnde protesto edildi. \u0130ngiliz parlamenter Julie Ward, \u00d6calan \u00f6zg\u00fcr olmadan bu sava\u015f\u0131n bitmeyece\u011fini s\u00f6yledi. Bel\u00e7ika, Hollanda, Fransa ve Almanya\u2019n\u0131n s\u0131n\u0131r b\u00f6lgelerinden Br\u00fcksel\u2019e gelen y\u00fczlerce ki\u015fi, Avrupa kurumlar\u0131na yak\u0131n Shuman meydan\u0131nda topland\u0131. \u00d6calan\u2019\u0131n 9 Ekim 1998\u2019de Suriye\u2019den \u00e7\u0131k\u0131\u015f\u0131na ve 1999\u2019da esaret alt\u0131na al\u0131nmas\u0131na [&hellip;]","og_url":"https:\/\/avrupapress.com\/2018\/10\/10\/brukselde-protesto-ocalan-ozgur-olmadan-bu-savas-bitmez\/","og_site_name":"AvrupaPress","article_published_time":"2018-10-10T23:06:20+00:00","article_modified_time":"2018-10-11T21:23:47+00:00","og_image":[{"width":990,"height":500,"url":"https:\/\/avrupapress.com\/wp-content\/uploads\/2018\/10\/20181009-img-2524b227f9-image.jpg","type":"image\/jpeg"}],"author":"Edit\u00f6r","twitter_card":"summary_large_image","twitter_misc":{"\u00c9crit par":"Edit\u00f6r","Dur\u00e9e de lecture est.":"4 minutes"},"schema":{"@context":"https:\/\/schema.org","@graph":[{"@type":"Article","@id":"https:\/\/avrupapress.com\/2018\/10\/10\/brukselde-protesto-ocalan-ozgur-olmadan-bu-savas-bitmez\/#article","isPartOf":{"@id":"https:\/\/avrupapress.com\/2018\/10\/10\/brukselde-protesto-ocalan-ozgur-olmadan-bu-savas-bitmez\/"},"author":{"name":"Edit\u00f6r","@id":"https:\/\/avrupapress.com\/#\/schema\/person\/68428444ec60970d1e1b700cf4ca1e8f"},"headline":"Br\u00fcksel\u2019de protesto: \u00d6calan \u00f6zg\u00fcr olmadan bu sava\u015f bitmez","datePublished":"2018-10-10T23:06:20+00:00","dateModified":"2018-10-11T21:23:47+00:00","mainEntityOfPage":{"@id":"https:\/\/avrupapress.com\/2018\/10\/10\/brukselde-protesto-ocalan-ozgur-olmadan-bu-savas-bitmez\/"},"wordCount":755,"commentCount":0,"publisher":{"@id":"https:\/\/avrupapress.com\/#\/schema\/person\/0223dca19c72c43575bf30d1a2d8f4fa"},"image":{"@id":"https:\/\/avrupapress.com\/2018\/10\/10\/brukselde-protesto-ocalan-ozgur-olmadan-bu-savas-bitmez\/#primaryimage"},"thumbnailUrl":"https:\/\/avrupapress.com\/main\/wp-content\/uploads\/2018\/10\/20181009-img-2524b227f9-image.jpg","keywords":["Br\u00fcksel\u2019de protesto:","bu sava\u015f bitmez","\u00d6calan \u00f6zg\u00fcr olmadan"],"articleSection":["Avrupa","Bel\u00e7ika","D\u00fcnya","Ekonomi","K\u00fclt\u00fcr-Sanat","Tan\u0131t\u0131m","T\u00fcrkiye","Uncategorized"],"inLanguage":"fr-BE","potentialAction":[{"@type":"CommentAction","name":"Comment","target":["https:\/\/avrupapress.com\/2018\/10\/10\/brukselde-protesto-ocalan-ozgur-olmadan-bu-savas-bitmez\/#respond"]}]},{"@type":"WebPage","@id":"https:\/\/avrupapress.com\/2018\/10\/10\/brukselde-protesto-ocalan-ozgur-olmadan-bu-savas-bitmez\/","url":"https:\/\/avrupapress.com\/2018\/10\/10\/brukselde-protesto-ocalan-ozgur-olmadan-bu-savas-bitmez\/","name":"Br\u00fcksel\u2019de protesto: \u00d6calan \u00f6zg\u00fcr olmadan bu sava\u015f bitmez - AvrupaPress","isPartOf":{"@id":"https:\/\/avrupapress.com\/#website"},"primaryImageOfPage":{"@id":"https:\/\/avrupapress.com\/2018\/10\/10\/brukselde-protesto-ocalan-ozgur-olmadan-bu-savas-bitmez\/#primaryimage"},"image":{"@id":"https:\/\/avrupapress.com\/2018\/10\/10\/brukselde-protesto-ocalan-ozgur-olmadan-bu-savas-bitmez\/#primaryimage"},"thumbnailUrl":"https:\/\/avrupapress.com\/main\/wp-content\/uploads\/2018\/10\/20181009-img-2524b227f9-image.jpg","datePublished":"2018-10-10T23:06:20+00:00","dateModified":"2018-10-11T21:23:47+00:00","breadcrumb":{"@id":"https:\/\/avrupapress.com\/2018\/10\/10\/brukselde-protesto-ocalan-ozgur-olmadan-bu-savas-bitmez\/#breadcrumb"},"inLanguage":"fr-BE","potentialAction":[{"@type":"ReadAction","target":["https:\/\/avrupapress.com\/2018\/10\/10\/brukselde-protesto-ocalan-ozgur-olmadan-bu-savas-bitmez\/"]}]},{"@type":"ImageObject","inLanguage":"fr-BE","@id":"https:\/\/avrupapress.com\/2018\/10\/10\/brukselde-protesto-ocalan-ozgur-olmadan-bu-savas-bitmez\/#primaryimage","url":"https:\/\/avrupapress.com\/main\/wp-content\/uploads\/2018\/10\/20181009-img-2524b227f9-image.jpg","contentUrl":"https:\/\/avrupapress.com\/main\/wp-content\/uploads\/2018\/10\/20181009-img-2524b227f9-image.jpg","width":990,"height":500},{"@type":"BreadcrumbList","@id":"https:\/\/avrupapress.com\/2018\/10\/10\/brukselde-protesto-ocalan-ozgur-olmadan-bu-savas-bitmez\/#breadcrumb","itemListElement":[{"@type":"ListItem","position":1,"name":"Anasayfa","item":"https:\/\/avrupapress.com\/"},{"@type":"ListItem","position":2,"name":"Br\u00fcksel\u2019de protesto: \u00d6calan \u00f6zg\u00fcr olmadan bu sava\u015f bitmez"}]},{"@type":"WebSite","@id":"https:\/\/avrupapress.com\/#website","url":"https:\/\/avrupapress.com\/","name":"AvrupaPress","description":"Haberin Adresi","publisher":{"@id":"https:\/\/avrupapress.com\/#\/schema\/person\/0223dca19c72c43575bf30d1a2d8f4fa"},"potentialAction":[{"@type":"SearchAction","target":{"@type":"EntryPoint","urlTemplate":"https:\/\/avrupapress.com\/?s={search_term_string}"},"query-input":{"@type":"PropertyValueSpecification","valueRequired":true,"valueName":"search_term_string"}}],"inLanguage":"fr-BE"},{"@type":["Person","Organization"],"@id":"https:\/\/avrupapress.com\/#\/schema\/person\/0223dca19c72c43575bf30d1a2d8f4fa","name":"Bilgin \u00d6z\u00e7ift\u00e7i","image":{"@type":"ImageObject","inLanguage":"fr-BE","@id":"https:\/\/avrupapress.com\/#\/schema\/person\/image\/","url":"https:\/\/secure.gravatar.com\/avatar\/0f23b280433a21e1ea7a0adcc46ed0ad16afe3ad8e630fd13d8a017dcbd54ef3?s=96&d=mm&r=g","contentUrl":"https:\/\/secure.gravatar.com\/avatar\/0f23b280433a21e1ea7a0adcc46ed0ad16afe3ad8e630fd13d8a017dcbd54ef3?s=96&d=mm&r=g","caption":"Bilgin \u00d6z\u00e7ift\u00e7i"},"logo":{"@id":"https:\/\/avrupapress.com\/#\/schema\/person\/image\/"},"description":"Ne ben, nede sen... Biz ancak \"biz\" olursak g\u00fc\u00e7l\u00fc olabiliriz"},{"@type":"Person","@id":"https:\/\/avrupapress.com\/#\/schema\/person\/68428444ec60970d1e1b700cf4ca1e8f","name":"Edit\u00f6r","image":{"@type":"ImageObject","inLanguage":"fr-BE","@id":"https:\/\/avrupapress.com\/#\/schema\/person\/image\/","url":"https:\/\/secure.gravatar.com\/avatar\/74996b0977aa5f1559ba9883776652508b229005c0d78fb2597897f0bd651c09?s=96&d=mm&r=g","contentUrl":"https:\/\/secure.gravatar.com\/avatar\/74996b0977aa5f1559ba9883776652508b229005c0d78fb2597897f0bd651c09?s=96&d=mm&r=g","caption":"Edit\u00f6r"},"sameAs":["http:\/\/www.avrupapress.com"],"url":"https:\/\/avrupapress.com\/main\/author\/editor\/"}]}},"_links":{"self":[{"href":"https:\/\/avrupapress.com\/main\/wp-json\/wp\/v2\/posts\/6696","targetHints":{"allow":["GET"]}}],"collection":[{"href":"https:\/\/avrupapress.com\/main\/wp-json\/wp\/v2\/posts"}],"about":[{"href":"https:\/\/avrupapress.com\/main\/wp-json\/wp\/v2\/types\/post"}],"author":[{"embeddable":true,"href":"https:\/\/avrupapress.com\/main\/wp-json\/wp\/v2\/users\/3"}],"replies":[{"embeddable":true,"href":"https:\/\/avrupapress.com\/main\/wp-json\/wp\/v2\/comments?post=6696"}],"version-history":[{"count":3,"href":"https:\/\/avrupapress.com\/main\/wp-json\/wp\/v2\/posts\/6696\/revisions"}],"predecessor-version":[{"id":6705,"href":"https:\/\/avrupapress.com\/main\/wp-json\/wp\/v2\/posts\/6696\/revisions\/6705"}],"wp:featuredmedia":[{"embeddable":true,"href":"https:\/\/avrupapress.com\/main\/wp-json\/wp\/v2\/media\/6697"}],"wp:attachment":[{"href":"https:\/\/avrupapress.com\/main\/wp-json\/wp\/v2\/media?parent=6696"}],"wp:term":[{"taxonomy":"category","embeddable":true,"href":"https:\/\/avrupapress.com\/main\/wp-json\/wp\/v2\/categories?post=6696"},{"taxonomy":"post_tag","embeddable":true,"href":"https:\/\/avrupapress.com\/main\/wp-json\/wp\/v2\/tags?post=6696"}],"curies":[{"name":"wp","href":"https:\/\/api.w.org\/{rel}","templated":true}]}}