{"id":6515,"date":"2018-09-08T21:19:29","date_gmt":"2018-09-08T21:19:29","guid":{"rendered":"http:\/\/avrupapress.com\/main\/?p=6515"},"modified":"2018-09-08T21:19:29","modified_gmt":"2018-09-08T21:19:29","slug":"turkiye-rusya-ve-iran-arasinda-yerel-parayla-ticaret-anlasmasi","status":"publish","type":"post","link":"https:\/\/avrupapress.com\/main\/2018\/09\/08\/turkiye-rusya-ve-iran-arasinda-yerel-parayla-ticaret-anlasmasi\/","title":{"rendered":"T\u00fcrkiye Rusya ve \u0130ran aras\u0131nda yerel parayla ticaret anla\u015fmas\u0131"},"content":{"rendered":"<p>&nbsp;<\/p>\n<h2 class=\"rhd-article-spot\">\u0130ran Merkez Bankas\u0131 Ba\u015fkan\u0131 Abdunnas\u0131r Himmeti, T\u00fcrkiye, Rusya ve \u0130ran&rsquo;\u0131n yerel para birimleriyle ticaret yapma konusunda mutab\u0131k kald\u0131\u011f\u0131n\u0131 s\u00f6yledi.<\/h2>\n<div class=\"\" data-block=\"true\" data-editor=\"93qr1\" data-offset-key=\"bkl9t-0-0\">\n<div class=\"_1mf _1mj\" data-offset-key=\"bkl9t-0-0\"><span data-offset-key=\"bkl9t-0-0\">Himmeti, bas\u0131na yapt\u0131\u011f\u0131 a\u00e7\u0131klamada, yak\u0131n bir gelecekte T\u00fcrkiye ve Rusya Merkez Bankalar\u0131n\u0131n y\u00f6neticileriyle bir araya geleceklerini ve mutab\u0131k kal\u0131nan hususlar\u0131n h\u0131zl\u0131ca uygulamaya ge\u00e7mesini temenni ettiklerini ifade etti. <\/span><\/div>\n<\/div>\n<div class=\"\" data-block=\"true\" data-editor=\"93qr1\" data-offset-key=\"al9uv-0-0\">\n<div class=\"_1mf _1mj\" data-offset-key=\"al9uv-0-0\"><span data-offset-key=\"al9uv-0-0\">\u00a0<\/span><\/div>\n<\/div>\n<div class=\"\" data-block=\"true\" data-editor=\"93qr1\" data-offset-key=\"j548-0-0\">\n<div class=\"_1mf _1mj\" data-offset-key=\"j548-0-0\"><span data-offset-key=\"j548-0-0\">\u0130ran&rsquo;\u0131n ba\u015fkenti Tahran&rsquo;da d\u00fczenlenen Suriye konulu zirvede Cumhurba\u015fkan\u0131 Recep Tayyip Erdo\u011fan ve Rusya Devlet Ba\u015fkan\u0131 Vladimir Putin&rsquo;in de kat\u0131l\u0131m\u0131yla verimli g\u00f6r\u00fc\u015fmeler yapt\u0131klar\u0131n\u0131 aktaran Abdunnas\u0131r Himmeti, petrol, gaz ve temel \u00fcr\u00fcnlerin al\u0131\u015fveri\u015fi ile bankac\u0131l\u0131k konular\u0131nda uzla\u015f\u0131 sa\u011fland\u0131\u011f\u0131n\u0131 kaydetti. <\/span><\/div>\n<\/div>\n<div class=\"\" data-block=\"true\" data-editor=\"93qr1\" data-offset-key=\"lab3-0-0\">\n<div class=\"_1mf _1mj\" data-offset-key=\"lab3-0-0\"><span data-offset-key=\"lab3-0-0\">\u00a0<\/span><\/div>\n<\/div>\n<div class=\"\" data-block=\"true\" data-editor=\"93qr1\" data-offset-key=\"3gpmm-0-0\">\n<div class=\"_1mf _1mj\" data-offset-key=\"3gpmm-0-0\"><span data-offset-key=\"3gpmm-0-0\">Himmeti, 3 \u00fclkenin de ticarette dolar\u0131n devre d\u0131\u015f\u0131 b\u0131rak\u0131lmas\u0131 konusunda hemfikir oldu\u011funu, T\u00fcrkiye-Rusya-\u0130ran&rsquo;\u0131n kendi para birimleriyle ticaret yapaca\u011f\u0131n\u0131 ve belirlenen kur \u00fczerinden i\u015flem yap\u0131laca\u011f\u0131n\u0131 vurgulad\u0131. <\/span><\/div>\n<\/div>\n<div class=\"\" data-block=\"true\" data-editor=\"93qr1\" data-offset-key=\"6ceiq-0-0\">\n<div class=\"_1mf _1mj\" data-offset-key=\"6ceiq-0-0\"><span data-offset-key=\"6ceiq-0-0\">\u00a0<\/span><\/div>\n<\/div>\n<div class=\"\" data-block=\"true\" data-editor=\"93qr1\" data-offset-key=\"bl8pp-0-0\">\n<div class=\"_1mf _1mj\" data-offset-key=\"bl8pp-0-0\"><span data-offset-key=\"bl8pp-0-0\">Bu arada Himmeti, ge\u00e7en ay \u0130ran&rsquo;da petrol d\u0131\u015f\u0131 ihracattan sa\u011flanan 2 milyar 500 milyon dolar tutar\u0131ndaki gelirin, temel \u00fcr\u00fcnler ve fabrikalara hammadde ithalat\u0131 i\u00e7in d\u00fc\u015f\u00fck kurdan ithalat\u00e7\u0131lara tahsis edildi\u011fini, bundan sonra da serbest piyasada 16 bin t\u00fcmen olan avroyu ithalat\u00e7\u0131lara 9 bin t\u00fcmenden satacaklar\u0131n\u0131 a\u00e7\u0131klad\u0131.<\/span><\/div>\n<div data-offset-key=\"bl8pp-0-0\">\n<p><strong>DOLAR DEVRE DI\u015eI BIRAKILIYOR<\/strong><\/p>\n<p>Himmeti, 3 \u00fclkenin de ticarette dolar\u0131n devre d\u0131\u015f\u0131 b\u0131rak\u0131lmas\u0131 konusunda hemfikir oldu\u011funu, T\u00fcrkiye-Rusya-\u0130ran&rsquo;\u0131n kendi para birimleriyle ticaret yapaca\u011f\u0131n\u0131 ve belirlenen kur \u00fczerinden i\u015flem yap\u0131laca\u011f\u0131n\u0131 vurgulad\u0131.<\/p>\n<p>Bu arada Himmeti, ge\u00e7en ay \u0130ran&rsquo;da petrol d\u0131\u015f\u0131 ihracattan sa\u011flanan 2 milyar 500 milyon dolar tutar\u0131ndaki gelirin, temel \u00fcr\u00fcnler ve fabrikalara hammadde ithalat\u0131 i\u00e7in d\u00fc\u015f\u00fck kurdan ithalat\u00e7\u0131lara tahsis edildi\u011fini, bundan sonra da serbest piyasada 16 bin t\u00fcmen olan avroyu ithalat\u00e7\u0131lara 9 bin t\u00fcmenden satacaklar\u0131n\u0131 a\u00e7\u0131klad\u0131.<img loading=\"lazy\" decoding=\"async\" class=\"alignnone size-medium wp-image-6516\" src=\"http:\/\/avrupapress.com\/main\/wp-content\/uploads\/2018\/09\/3_ulkeden_yerel_parayla_ticaret_anlasmasi_1536427277_9208-300x174.jpg\" alt=\"\" width=\"300\" height=\"174\" srcset=\"https:\/\/avrupapress.com\/main\/wp-content\/uploads\/2018\/09\/3_ulkeden_yerel_parayla_ticaret_anlasmasi_1536427277_9208-300x174.jpg 300w, https:\/\/avrupapress.com\/main\/wp-content\/uploads\/2018\/09\/3_ulkeden_yerel_parayla_ticaret_anlasmasi_1536427277_9208.jpg 620w\" sizes=\"auto, (max-width: 300px) 100vw, 300px\" \/><img loading=\"lazy\" decoding=\"async\" class=\"alignnone size-medium wp-image-6517\" src=\"http:\/\/avrupapress.com\/main\/wp-content\/uploads\/2018\/09\/5b94000418c7730270bd9be4-300x169.jpg\" alt=\"\" width=\"300\" height=\"169\" srcset=\"https:\/\/avrupapress.com\/main\/wp-content\/uploads\/2018\/09\/5b94000418c7730270bd9be4-300x169.jpg 300w, https:\/\/avrupapress.com\/main\/wp-content\/uploads\/2018\/09\/5b94000418c7730270bd9be4.jpg 750w\" sizes=\"auto, (max-width: 300px) 100vw, 300px\" \/><\/p>\n<\/div>\n<\/div>\n","protected":false},"excerpt":{"rendered":"<p>&nbsp; \u0130ran Merkez Bankas\u0131 Ba\u015fkan\u0131 Abdunnas\u0131r Himmeti, T\u00fcrkiye, Rusya ve \u0130ran&rsquo;\u0131n yerel para birimleriyle ticaret yapma konusunda mutab\u0131k kald\u0131\u011f\u0131n\u0131 s\u00f6yledi. Himmeti, bas\u0131na yapt\u0131\u011f\u0131 a\u00e7\u0131klamada, yak\u0131n bir gelecekte T\u00fcrkiye ve Rusya Merkez Bankalar\u0131n\u0131n y\u00f6neticileriyle bir araya geleceklerini ve mutab\u0131k kal\u0131nan hususlar\u0131n h\u0131zl\u0131ca uygulamaya ge\u00e7mesini temenni ettiklerini ifade etti. \u00a0 \u0130ran&rsquo;\u0131n ba\u015fkenti Tahran&rsquo;da d\u00fczenlenen Suriye konulu zirvede [&hellip;]<\/p>\n","protected":false},"author":3,"featured_media":6517,"comment_status":"open","ping_status":"open","sticky":false,"template":"","format":"standard","meta":{"footnotes":""},"categories":[14,16,3,17,18,19,2,1],"tags":[4188,426,206,4189,4,1006],"class_list":["post-6515","post","type-post","status-publish","format-standard","has-post-thumbnail","hentry","category-avrupa","category-belcika","category-dunya","category-ekonomi","category-kultur-sanat","category-tanitim","category-turkiye","category-uncategorized","tag-arasinda-yerel-parayla","tag-iran","tag-rusya","tag-ticaret-anlasmasi","tag-turkiye","tag-ve"],"yoast_head":"<!-- This site is optimized with the Yoast SEO plugin v26.9 - https:\/\/yoast.com\/product\/yoast-seo-wordpress\/ -->\n<title>T\u00fcrkiye Rusya ve \u0130ran aras\u0131nda yerel parayla ticaret anla\u015fmas\u0131 - AvrupaPress<\/title>\n<meta name=\"robots\" content=\"index, follow, max-snippet:-1, max-image-preview:large, max-video-preview:-1\" \/>\n<link rel=\"canonical\" href=\"https:\/\/avrupapress.com\/2018\/09\/08\/turkiye-rusya-ve-iran-arasinda-yerel-parayla-ticaret-anlasmasi\/\" \/>\n<meta property=\"og:locale\" content=\"fr_FR\" \/>\n<meta property=\"og:type\" content=\"article\" \/>\n<meta property=\"og:title\" content=\"T\u00fcrkiye Rusya ve \u0130ran aras\u0131nda yerel parayla ticaret anla\u015fmas\u0131 - AvrupaPress\" \/>\n<meta property=\"og:description\" content=\"&nbsp; \u0130ran Merkez Bankas\u0131 Ba\u015fkan\u0131 Abdunnas\u0131r Himmeti, T\u00fcrkiye, Rusya ve \u0130ran&rsquo;\u0131n yerel para birimleriyle ticaret yapma konusunda mutab\u0131k kald\u0131\u011f\u0131n\u0131 s\u00f6yledi. Himmeti, bas\u0131na yapt\u0131\u011f\u0131 a\u00e7\u0131klamada, yak\u0131n bir gelecekte T\u00fcrkiye ve Rusya Merkez Bankalar\u0131n\u0131n y\u00f6neticileriyle bir araya geleceklerini ve mutab\u0131k kal\u0131nan hususlar\u0131n h\u0131zl\u0131ca uygulamaya ge\u00e7mesini temenni ettiklerini ifade etti. \u00a0 \u0130ran&rsquo;\u0131n ba\u015fkenti Tahran&rsquo;da d\u00fczenlenen Suriye konulu zirvede [&hellip;]\" \/>\n<meta property=\"og:url\" content=\"https:\/\/avrupapress.com\/2018\/09\/08\/turkiye-rusya-ve-iran-arasinda-yerel-parayla-ticaret-anlasmasi\/\" \/>\n<meta property=\"og:site_name\" content=\"AvrupaPress\" \/>\n<meta property=\"article:published_time\" content=\"2018-09-08T21:19:29+00:00\" \/>\n<meta property=\"og:image\" content=\"https:\/\/avrupapress.com\/wp-content\/uploads\/2018\/09\/5b94000418c7730270bd9be4.jpg\" \/>\n\t<meta property=\"og:image:width\" content=\"750\" \/>\n\t<meta property=\"og:image:height\" content=\"422\" \/>\n\t<meta property=\"og:image:type\" content=\"image\/jpeg\" \/>\n<meta name=\"author\" content=\"Edit\u00f6r\" \/>\n<meta name=\"twitter:card\" content=\"summary_large_image\" \/>\n<meta name=\"twitter:label1\" content=\"\u00c9crit par\" \/>\n\t<meta name=\"twitter:data1\" content=\"Edit\u00f6r\" \/>\n\t<meta name=\"twitter:label2\" content=\"Dur\u00e9e de lecture est.\" \/>\n\t<meta name=\"twitter:data2\" content=\"2 minutes\" \/>\n<script type=\"application\/ld+json\" class=\"yoast-schema-graph\">{\"@context\":\"https:\/\/schema.org\",\"@graph\":[{\"@type\":\"Article\",\"@id\":\"https:\/\/avrupapress.com\/2018\/09\/08\/turkiye-rusya-ve-iran-arasinda-yerel-parayla-ticaret-anlasmasi\/#article\",\"isPartOf\":{\"@id\":\"https:\/\/avrupapress.com\/2018\/09\/08\/turkiye-rusya-ve-iran-arasinda-yerel-parayla-ticaret-anlasmasi\/\"},\"author\":{\"name\":\"Edit\u00f6r\",\"@id\":\"https:\/\/avrupapress.com\/#\/schema\/person\/68428444ec60970d1e1b700cf4ca1e8f\"},\"headline\":\"T\u00fcrkiye Rusya ve \u0130ran aras\u0131nda yerel parayla ticaret anla\u015fmas\u0131\",\"datePublished\":\"2018-09-08T21:19:29+00:00\",\"mainEntityOfPage\":{\"@id\":\"https:\/\/avrupapress.com\/2018\/09\/08\/turkiye-rusya-ve-iran-arasinda-yerel-parayla-ticaret-anlasmasi\/\"},\"wordCount\":321,\"commentCount\":0,\"publisher\":{\"@id\":\"https:\/\/avrupapress.com\/#\/schema\/person\/0223dca19c72c43575bf30d1a2d8f4fa\"},\"image\":{\"@id\":\"https:\/\/avrupapress.com\/2018\/09\/08\/turkiye-rusya-ve-iran-arasinda-yerel-parayla-ticaret-anlasmasi\/#primaryimage\"},\"thumbnailUrl\":\"https:\/\/avrupapress.com\/main\/wp-content\/uploads\/2018\/09\/5b94000418c7730270bd9be4.jpg\",\"keywords\":[\"aras\u0131nda yerel parayla\",\"Iran\",\"rusya\",\"ticaret anla\u015fmas\u0131\",\"t\u00fcrkiye\",\"ve\"],\"articleSection\":[\"Avrupa\",\"Bel\u00e7ika\",\"D\u00fcnya\",\"Ekonomi\",\"K\u00fclt\u00fcr-Sanat\",\"Tan\u0131t\u0131m\",\"T\u00fcrkiye\",\"Uncategorized\"],\"inLanguage\":\"fr-BE\",\"potentialAction\":[{\"@type\":\"CommentAction\",\"name\":\"Comment\",\"target\":[\"https:\/\/avrupapress.com\/2018\/09\/08\/turkiye-rusya-ve-iran-arasinda-yerel-parayla-ticaret-anlasmasi\/#respond\"]}]},{\"@type\":\"WebPage\",\"@id\":\"https:\/\/avrupapress.com\/2018\/09\/08\/turkiye-rusya-ve-iran-arasinda-yerel-parayla-ticaret-anlasmasi\/\",\"url\":\"https:\/\/avrupapress.com\/2018\/09\/08\/turkiye-rusya-ve-iran-arasinda-yerel-parayla-ticaret-anlasmasi\/\",\"name\":\"T\u00fcrkiye Rusya ve \u0130ran aras\u0131nda yerel parayla ticaret anla\u015fmas\u0131 - AvrupaPress\",\"isPartOf\":{\"@id\":\"https:\/\/avrupapress.com\/#website\"},\"primaryImageOfPage\":{\"@id\":\"https:\/\/avrupapress.com\/2018\/09\/08\/turkiye-rusya-ve-iran-arasinda-yerel-parayla-ticaret-anlasmasi\/#primaryimage\"},\"image\":{\"@id\":\"https:\/\/avrupapress.com\/2018\/09\/08\/turkiye-rusya-ve-iran-arasinda-yerel-parayla-ticaret-anlasmasi\/#primaryimage\"},\"thumbnailUrl\":\"https:\/\/avrupapress.com\/main\/wp-content\/uploads\/2018\/09\/5b94000418c7730270bd9be4.jpg\",\"datePublished\":\"2018-09-08T21:19:29+00:00\",\"breadcrumb\":{\"@id\":\"https:\/\/avrupapress.com\/2018\/09\/08\/turkiye-rusya-ve-iran-arasinda-yerel-parayla-ticaret-anlasmasi\/#breadcrumb\"},\"inLanguage\":\"fr-BE\",\"potentialAction\":[{\"@type\":\"ReadAction\",\"target\":[\"https:\/\/avrupapress.com\/2018\/09\/08\/turkiye-rusya-ve-iran-arasinda-yerel-parayla-ticaret-anlasmasi\/\"]}]},{\"@type\":\"ImageObject\",\"inLanguage\":\"fr-BE\",\"@id\":\"https:\/\/avrupapress.com\/2018\/09\/08\/turkiye-rusya-ve-iran-arasinda-yerel-parayla-ticaret-anlasmasi\/#primaryimage\",\"url\":\"https:\/\/avrupapress.com\/main\/wp-content\/uploads\/2018\/09\/5b94000418c7730270bd9be4.jpg\",\"contentUrl\":\"https:\/\/avrupapress.com\/main\/wp-content\/uploads\/2018\/09\/5b94000418c7730270bd9be4.jpg\",\"width\":750,\"height\":422},{\"@type\":\"BreadcrumbList\",\"@id\":\"https:\/\/avrupapress.com\/2018\/09\/08\/turkiye-rusya-ve-iran-arasinda-yerel-parayla-ticaret-anlasmasi\/#breadcrumb\",\"itemListElement\":[{\"@type\":\"ListItem\",\"position\":1,\"name\":\"Anasayfa\",\"item\":\"https:\/\/avrupapress.com\/\"},{\"@type\":\"ListItem\",\"position\":2,\"name\":\"T\u00fcrkiye Rusya ve \u0130ran aras\u0131nda yerel parayla ticaret anla\u015fmas\u0131\"}]},{\"@type\":\"WebSite\",\"@id\":\"https:\/\/avrupapress.com\/#website\",\"url\":\"https:\/\/avrupapress.com\/\",\"name\":\"AvrupaPress\",\"description\":\"Haberin Adresi\",\"publisher\":{\"@id\":\"https:\/\/avrupapress.com\/#\/schema\/person\/0223dca19c72c43575bf30d1a2d8f4fa\"},\"potentialAction\":[{\"@type\":\"SearchAction\",\"target\":{\"@type\":\"EntryPoint\",\"urlTemplate\":\"https:\/\/avrupapress.com\/?s={search_term_string}\"},\"query-input\":{\"@type\":\"PropertyValueSpecification\",\"valueRequired\":true,\"valueName\":\"search_term_string\"}}],\"inLanguage\":\"fr-BE\"},{\"@type\":[\"Person\",\"Organization\"],\"@id\":\"https:\/\/avrupapress.com\/#\/schema\/person\/0223dca19c72c43575bf30d1a2d8f4fa\",\"name\":\"Bilgin \u00d6z\u00e7ift\u00e7i\",\"image\":{\"@type\":\"ImageObject\",\"inLanguage\":\"fr-BE\",\"@id\":\"https:\/\/avrupapress.com\/#\/schema\/person\/image\/\",\"url\":\"https:\/\/secure.gravatar.com\/avatar\/0f23b280433a21e1ea7a0adcc46ed0ad16afe3ad8e630fd13d8a017dcbd54ef3?s=96&d=mm&r=g\",\"contentUrl\":\"https:\/\/secure.gravatar.com\/avatar\/0f23b280433a21e1ea7a0adcc46ed0ad16afe3ad8e630fd13d8a017dcbd54ef3?s=96&d=mm&r=g\",\"caption\":\"Bilgin \u00d6z\u00e7ift\u00e7i\"},\"logo\":{\"@id\":\"https:\/\/avrupapress.com\/#\/schema\/person\/image\/\"},\"description\":\"Ne ben, nede sen... Biz ancak \\\"biz\\\" olursak g\u00fc\u00e7l\u00fc olabiliriz\"},{\"@type\":\"Person\",\"@id\":\"https:\/\/avrupapress.com\/#\/schema\/person\/68428444ec60970d1e1b700cf4ca1e8f\",\"name\":\"Edit\u00f6r\",\"image\":{\"@type\":\"ImageObject\",\"inLanguage\":\"fr-BE\",\"@id\":\"https:\/\/avrupapress.com\/#\/schema\/person\/image\/\",\"url\":\"https:\/\/secure.gravatar.com\/avatar\/74996b0977aa5f1559ba9883776652508b229005c0d78fb2597897f0bd651c09?s=96&d=mm&r=g\",\"contentUrl\":\"https:\/\/secure.gravatar.com\/avatar\/74996b0977aa5f1559ba9883776652508b229005c0d78fb2597897f0bd651c09?s=96&d=mm&r=g\",\"caption\":\"Edit\u00f6r\"},\"sameAs\":[\"http:\/\/www.avrupapress.com\"],\"url\":\"https:\/\/avrupapress.com\/main\/author\/editor\/\"}]}<\/script>\n<!-- \/ Yoast SEO plugin. -->","yoast_head_json":{"title":"T\u00fcrkiye Rusya ve \u0130ran aras\u0131nda yerel parayla ticaret anla\u015fmas\u0131 - AvrupaPress","robots":{"index":"index","follow":"follow","max-snippet":"max-snippet:-1","max-image-preview":"max-image-preview:large","max-video-preview":"max-video-preview:-1"},"canonical":"https:\/\/avrupapress.com\/2018\/09\/08\/turkiye-rusya-ve-iran-arasinda-yerel-parayla-ticaret-anlasmasi\/","og_locale":"fr_FR","og_type":"article","og_title":"T\u00fcrkiye Rusya ve \u0130ran aras\u0131nda yerel parayla ticaret anla\u015fmas\u0131 - AvrupaPress","og_description":"&nbsp; \u0130ran Merkez Bankas\u0131 Ba\u015fkan\u0131 Abdunnas\u0131r Himmeti, T\u00fcrkiye, Rusya ve \u0130ran&rsquo;\u0131n yerel para birimleriyle ticaret yapma konusunda mutab\u0131k kald\u0131\u011f\u0131n\u0131 s\u00f6yledi. Himmeti, bas\u0131na yapt\u0131\u011f\u0131 a\u00e7\u0131klamada, yak\u0131n bir gelecekte T\u00fcrkiye ve Rusya Merkez Bankalar\u0131n\u0131n y\u00f6neticileriyle bir araya geleceklerini ve mutab\u0131k kal\u0131nan hususlar\u0131n h\u0131zl\u0131ca uygulamaya ge\u00e7mesini temenni ettiklerini ifade etti. \u00a0 \u0130ran&rsquo;\u0131n ba\u015fkenti Tahran&rsquo;da d\u00fczenlenen Suriye konulu zirvede [&hellip;]","og_url":"https:\/\/avrupapress.com\/2018\/09\/08\/turkiye-rusya-ve-iran-arasinda-yerel-parayla-ticaret-anlasmasi\/","og_site_name":"AvrupaPress","article_published_time":"2018-09-08T21:19:29+00:00","og_image":[{"width":750,"height":422,"url":"https:\/\/avrupapress.com\/wp-content\/uploads\/2018\/09\/5b94000418c7730270bd9be4.jpg","type":"image\/jpeg"}],"author":"Edit\u00f6r","twitter_card":"summary_large_image","twitter_misc":{"\u00c9crit par":"Edit\u00f6r","Dur\u00e9e de lecture est.":"2 minutes"},"schema":{"@context":"https:\/\/schema.org","@graph":[{"@type":"Article","@id":"https:\/\/avrupapress.com\/2018\/09\/08\/turkiye-rusya-ve-iran-arasinda-yerel-parayla-ticaret-anlasmasi\/#article","isPartOf":{"@id":"https:\/\/avrupapress.com\/2018\/09\/08\/turkiye-rusya-ve-iran-arasinda-yerel-parayla-ticaret-anlasmasi\/"},"author":{"name":"Edit\u00f6r","@id":"https:\/\/avrupapress.com\/#\/schema\/person\/68428444ec60970d1e1b700cf4ca1e8f"},"headline":"T\u00fcrkiye Rusya ve \u0130ran aras\u0131nda yerel parayla ticaret anla\u015fmas\u0131","datePublished":"2018-09-08T21:19:29+00:00","mainEntityOfPage":{"@id":"https:\/\/avrupapress.com\/2018\/09\/08\/turkiye-rusya-ve-iran-arasinda-yerel-parayla-ticaret-anlasmasi\/"},"wordCount":321,"commentCount":0,"publisher":{"@id":"https:\/\/avrupapress.com\/#\/schema\/person\/0223dca19c72c43575bf30d1a2d8f4fa"},"image":{"@id":"https:\/\/avrupapress.com\/2018\/09\/08\/turkiye-rusya-ve-iran-arasinda-yerel-parayla-ticaret-anlasmasi\/#primaryimage"},"thumbnailUrl":"https:\/\/avrupapress.com\/main\/wp-content\/uploads\/2018\/09\/5b94000418c7730270bd9be4.jpg","keywords":["aras\u0131nda yerel parayla","Iran","rusya","ticaret anla\u015fmas\u0131","t\u00fcrkiye","ve"],"articleSection":["Avrupa","Bel\u00e7ika","D\u00fcnya","Ekonomi","K\u00fclt\u00fcr-Sanat","Tan\u0131t\u0131m","T\u00fcrkiye","Uncategorized"],"inLanguage":"fr-BE","potentialAction":[{"@type":"CommentAction","name":"Comment","target":["https:\/\/avrupapress.com\/2018\/09\/08\/turkiye-rusya-ve-iran-arasinda-yerel-parayla-ticaret-anlasmasi\/#respond"]}]},{"@type":"WebPage","@id":"https:\/\/avrupapress.com\/2018\/09\/08\/turkiye-rusya-ve-iran-arasinda-yerel-parayla-ticaret-anlasmasi\/","url":"https:\/\/avrupapress.com\/2018\/09\/08\/turkiye-rusya-ve-iran-arasinda-yerel-parayla-ticaret-anlasmasi\/","name":"T\u00fcrkiye Rusya ve \u0130ran aras\u0131nda yerel parayla ticaret anla\u015fmas\u0131 - AvrupaPress","isPartOf":{"@id":"https:\/\/avrupapress.com\/#website"},"primaryImageOfPage":{"@id":"https:\/\/avrupapress.com\/2018\/09\/08\/turkiye-rusya-ve-iran-arasinda-yerel-parayla-ticaret-anlasmasi\/#primaryimage"},"image":{"@id":"https:\/\/avrupapress.com\/2018\/09\/08\/turkiye-rusya-ve-iran-arasinda-yerel-parayla-ticaret-anlasmasi\/#primaryimage"},"thumbnailUrl":"https:\/\/avrupapress.com\/main\/wp-content\/uploads\/2018\/09\/5b94000418c7730270bd9be4.jpg","datePublished":"2018-09-08T21:19:29+00:00","breadcrumb":{"@id":"https:\/\/avrupapress.com\/2018\/09\/08\/turkiye-rusya-ve-iran-arasinda-yerel-parayla-ticaret-anlasmasi\/#breadcrumb"},"inLanguage":"fr-BE","potentialAction":[{"@type":"ReadAction","target":["https:\/\/avrupapress.com\/2018\/09\/08\/turkiye-rusya-ve-iran-arasinda-yerel-parayla-ticaret-anlasmasi\/"]}]},{"@type":"ImageObject","inLanguage":"fr-BE","@id":"https:\/\/avrupapress.com\/2018\/09\/08\/turkiye-rusya-ve-iran-arasinda-yerel-parayla-ticaret-anlasmasi\/#primaryimage","url":"https:\/\/avrupapress.com\/main\/wp-content\/uploads\/2018\/09\/5b94000418c7730270bd9be4.jpg","contentUrl":"https:\/\/avrupapress.com\/main\/wp-content\/uploads\/2018\/09\/5b94000418c7730270bd9be4.jpg","width":750,"height":422},{"@type":"BreadcrumbList","@id":"https:\/\/avrupapress.com\/2018\/09\/08\/turkiye-rusya-ve-iran-arasinda-yerel-parayla-ticaret-anlasmasi\/#breadcrumb","itemListElement":[{"@type":"ListItem","position":1,"name":"Anasayfa","item":"https:\/\/avrupapress.com\/"},{"@type":"ListItem","position":2,"name":"T\u00fcrkiye Rusya ve \u0130ran aras\u0131nda yerel parayla ticaret anla\u015fmas\u0131"}]},{"@type":"WebSite","@id":"https:\/\/avrupapress.com\/#website","url":"https:\/\/avrupapress.com\/","name":"AvrupaPress","description":"Haberin Adresi","publisher":{"@id":"https:\/\/avrupapress.com\/#\/schema\/person\/0223dca19c72c43575bf30d1a2d8f4fa"},"potentialAction":[{"@type":"SearchAction","target":{"@type":"EntryPoint","urlTemplate":"https:\/\/avrupapress.com\/?s={search_term_string}"},"query-input":{"@type":"PropertyValueSpecification","valueRequired":true,"valueName":"search_term_string"}}],"inLanguage":"fr-BE"},{"@type":["Person","Organization"],"@id":"https:\/\/avrupapress.com\/#\/schema\/person\/0223dca19c72c43575bf30d1a2d8f4fa","name":"Bilgin \u00d6z\u00e7ift\u00e7i","image":{"@type":"ImageObject","inLanguage":"fr-BE","@id":"https:\/\/avrupapress.com\/#\/schema\/person\/image\/","url":"https:\/\/secure.gravatar.com\/avatar\/0f23b280433a21e1ea7a0adcc46ed0ad16afe3ad8e630fd13d8a017dcbd54ef3?s=96&d=mm&r=g","contentUrl":"https:\/\/secure.gravatar.com\/avatar\/0f23b280433a21e1ea7a0adcc46ed0ad16afe3ad8e630fd13d8a017dcbd54ef3?s=96&d=mm&r=g","caption":"Bilgin \u00d6z\u00e7ift\u00e7i"},"logo":{"@id":"https:\/\/avrupapress.com\/#\/schema\/person\/image\/"},"description":"Ne ben, nede sen... Biz ancak \"biz\" olursak g\u00fc\u00e7l\u00fc olabiliriz"},{"@type":"Person","@id":"https:\/\/avrupapress.com\/#\/schema\/person\/68428444ec60970d1e1b700cf4ca1e8f","name":"Edit\u00f6r","image":{"@type":"ImageObject","inLanguage":"fr-BE","@id":"https:\/\/avrupapress.com\/#\/schema\/person\/image\/","url":"https:\/\/secure.gravatar.com\/avatar\/74996b0977aa5f1559ba9883776652508b229005c0d78fb2597897f0bd651c09?s=96&d=mm&r=g","contentUrl":"https:\/\/secure.gravatar.com\/avatar\/74996b0977aa5f1559ba9883776652508b229005c0d78fb2597897f0bd651c09?s=96&d=mm&r=g","caption":"Edit\u00f6r"},"sameAs":["http:\/\/www.avrupapress.com"],"url":"https:\/\/avrupapress.com\/main\/author\/editor\/"}]}},"_links":{"self":[{"href":"https:\/\/avrupapress.com\/main\/wp-json\/wp\/v2\/posts\/6515","targetHints":{"allow":["GET"]}}],"collection":[{"href":"https:\/\/avrupapress.com\/main\/wp-json\/wp\/v2\/posts"}],"about":[{"href":"https:\/\/avrupapress.com\/main\/wp-json\/wp\/v2\/types\/post"}],"author":[{"embeddable":true,"href":"https:\/\/avrupapress.com\/main\/wp-json\/wp\/v2\/users\/3"}],"replies":[{"embeddable":true,"href":"https:\/\/avrupapress.com\/main\/wp-json\/wp\/v2\/comments?post=6515"}],"version-history":[{"count":1,"href":"https:\/\/avrupapress.com\/main\/wp-json\/wp\/v2\/posts\/6515\/revisions"}],"predecessor-version":[{"id":6518,"href":"https:\/\/avrupapress.com\/main\/wp-json\/wp\/v2\/posts\/6515\/revisions\/6518"}],"wp:featuredmedia":[{"embeddable":true,"href":"https:\/\/avrupapress.com\/main\/wp-json\/wp\/v2\/media\/6517"}],"wp:attachment":[{"href":"https:\/\/avrupapress.com\/main\/wp-json\/wp\/v2\/media?parent=6515"}],"wp:term":[{"taxonomy":"category","embeddable":true,"href":"https:\/\/avrupapress.com\/main\/wp-json\/wp\/v2\/categories?post=6515"},{"taxonomy":"post_tag","embeddable":true,"href":"https:\/\/avrupapress.com\/main\/wp-json\/wp\/v2\/tags?post=6515"}],"curies":[{"name":"wp","href":"https:\/\/api.w.org\/{rel}","templated":true}]}}