{"id":6510,"date":"2018-09-08T20:32:46","date_gmt":"2018-09-08T20:32:46","guid":{"rendered":"http:\/\/avrupapress.com\/main\/?p=6510"},"modified":"2018-09-08T20:32:46","modified_gmt":"2018-09-08T20:32:46","slug":"cumhuriyete-kin-kusanlar","status":"publish","type":"post","link":"https:\/\/avrupapress.com\/main\/2018\/09\/08\/cumhuriyete-kin-kusanlar\/","title":{"rendered":"CUMHUR\u0130YETE K\u0130N KUSANLAR..!"},"content":{"rendered":"<p>Onca zorluklarla kurulan T\u00fcrkiye Cumhuriyeti\u2019ne kin kusanlar, y\u0131llar \u00f6ncesinde oldu\u011fu gibi bug\u00fcnde a\u00e7\u0131k\u00e7a ortaya \u00e7\u0131km\u0131\u015flar, hukuk tan\u0131madan halk\u0131m\u0131za etnik b\u00f6l\u00fcnme yolunda yol haritalar\u0131 bulmaya \u00e7al\u0131\u015fmaktad\u0131rlar. Oysa T\u00fcrk halk\u0131, y\u0131llar \u00f6nce yolunu \u00e7izmi\u015f, haritas\u0131n\u0131 da bulmu\u015ftur.<\/p>\n<p>Fatih R\u0131fk\u0131 Atay bir yaz\u0131s\u0131nda \u015f\u00f6yle diyordu:<\/p>\n<p>\u2018 Atat\u00fcrk vatan\u0131 zaferiyle, milleti ise devrimleriyle kurtarm\u0131\u015ft\u0131r.\u2019<\/p>\n<p>Senelerce geldi\u011fimiz bu g\u00fcnlerde ne yaz\u0131k ki, o zaferle kazan\u0131lm\u0131\u015f T\u00fcrkiye Cumhuriyeti devletinin birlik ve b\u00fct\u00fcnl\u00fc\u011f\u00fc tart\u0131\u015f\u0131lmaktad\u0131r. \u00c7\u00fcnk\u00fc \u015fer odaklar\u0131 bug\u00fcn meclis \u00e7at\u0131s\u0131 alt\u0131nda, \u015fiddetin, cumhuriyetimizin kurulu\u015fundan g\u00fcn\u00fcm\u00fcze dek geldi\u011fini s\u00f6yleyerek ter\u00f6re a\u00e7\u0131k destek vermektedirler.<\/p>\n<p>\u00dclkemizde ter\u00f6r sorunu ile etnik sorunlar\u0131 birbirine kar\u0131\u015ft\u0131ran zavall\u0131lar mevcut. Bunun en b\u00fcy\u00fck nedeni, ulus devlete kar\u015f\u0131 \u00e7\u0131kanlard\u0131. \u015eimdi bir \u00e7uval bulgur i\u00e7inden kimin ne oldu\u011funu ay\u0131klamaya m\u0131 \u00e7al\u0131\u015f\u0131yoruz? Bir kere te\u015fhisi do\u011fru koymak gerekir. Bu \u00fclkede ter\u00f6r sorununun oldu\u011funu bilerek, bir inat u\u011fruna halk\u0131 b\u00f6lme \u00e7al\u0131\u015fmalar\u0131 anayasal su\u00e7tur. Cezas\u0131n\u0131 da hakimlere ve savc\u0131lara b\u0131rakal\u0131m. Tabii varsa!<\/p>\n<p>Demek ki, 1922 y\u0131l\u0131nda emperyalizme at\u0131lan tokad\u0131n tad\u0131n\u0131n unutulmaya ba\u015flad\u0131\u011f\u0131n\u0131 son geli\u015fmelerden anl\u0131yoruz.<\/p>\n<p>\u00dclkemizdeki sorun, zengin fakir ve hukuksuzluk sorunudur. Karadeniz b\u00f6lgesinin i\u00e7 k\u0131s\u0131mlar\u0131nda ya\u015fayanlar\u0131n s\u0131k\u0131nt\u0131s\u0131, G\u00fcneydo\u011fu b\u00f6lgesinde ya\u015fayanlar\u0131n s\u0131k\u0131nt\u0131s\u0131ndan daha iyi de\u011fil. Neden toprak reformuna gidilmiyor? Gidemezsiniz. \u00c7\u00fcnk\u00fc, s\u00f6m\u00fcr\u00fcc\u00fc \u00fclkeler, bir devleti s\u00f6m\u00fcrmek i\u00e7in huzur istemezler. Bunu sat\u0131lm\u0131\u015f kalemler \u00e7ok iyi bildikleri halde T\u00fcrk medyas\u0131nda cirit at\u0131yorlar.<\/p>\n<p>\u0130nsan can\u0131na kast eden katilleri dinlemek ve onlarla pazarl\u0131\u011fa oturmak, \u00fclkenin gelece\u011fi i\u00e7in felakettir. Bu tehlikeleri g\u00f6ren Ulu kurtar\u0131c\u0131, T\u00fcrkiye Cumhuriyeti devletinin ulus devlet oldu\u011funu her defas\u0131nda vurgulam\u0131\u015ft\u0131r. Bug\u00fcn \u00fclkemizde otuz alt\u0131 dil konu\u015fuluyor olu\u015funu biliyor musun? Sabahtan kalkan, kahraman olmak i\u00e7in devlete asi oluyor. \u0130stiklal mahkemelerinin ne kadar hakl\u0131 d\u00fc\u015f\u00fcncelerle kuruldu\u011funu \u015fimdi daha iyi anla\u015f\u0131l\u0131yor. Her defas\u0131nda \u00fclkeye, bayra\u011fa, orduya ve \u0130stiklal Mar\u015f\u0131\u2019na hakaret eden d\u00fc\u015f\u00fcnce asla hukuk d\u0131\u015f\u0131 kalmamal\u0131.<\/p>\n<p>Peki, cumhuriyete kin kusanlar kimler?<\/p>\n<p>Sizce bilinmiyor mu?<\/p>\n<p>Abd\u00fclvahap ULUD\u00dcZ<\/p>\n","protected":false},"excerpt":{"rendered":"<p>Onca zorluklarla kurulan T\u00fcrkiye Cumhuriyeti\u2019ne kin kusanlar, y\u0131llar \u00f6ncesinde oldu\u011fu gibi bug\u00fcnde a\u00e7\u0131k\u00e7a ortaya \u00e7\u0131km\u0131\u015flar, hukuk tan\u0131madan halk\u0131m\u0131za etnik b\u00f6l\u00fcnme yolunda yol haritalar\u0131 bulmaya \u00e7al\u0131\u015fmaktad\u0131rlar. Oysa T\u00fcrk halk\u0131, y\u0131llar \u00f6nce yolunu \u00e7izmi\u015f, haritas\u0131n\u0131 da bulmu\u015ftur. Fatih R\u0131fk\u0131 Atay bir yaz\u0131s\u0131nda \u015f\u00f6yle diyordu: \u2018 Atat\u00fcrk vatan\u0131 zaferiyle, milleti ise devrimleriyle kurtarm\u0131\u015ft\u0131r.\u2019 Senelerce geldi\u011fimiz bu g\u00fcnlerde ne [&hellip;]<\/p>\n","protected":false},"author":3,"featured_media":5219,"comment_status":"open","ping_status":"open","sticky":false,"template":"","format":"standard","meta":{"footnotes":""},"categories":[14,16,3,17,18,19,2,1],"tags":[4184,4185],"class_list":["post-6510","post","type-post","status-publish","format-standard","has-post-thumbnail","hentry","category-avrupa","category-belcika","category-dunya","category-ekonomi","category-kultur-sanat","category-tanitim","category-turkiye","category-uncategorized","tag-cumhuriyete","tag-kin-kusanlar"],"yoast_head":"<!-- This site is optimized with the Yoast SEO plugin v26.9 - https:\/\/yoast.com\/product\/yoast-seo-wordpress\/ -->\n<title>CUMHUR\u0130YETE K\u0130N KUSANLAR..! - AvrupaPress<\/title>\n<meta name=\"robots\" content=\"index, follow, max-snippet:-1, max-image-preview:large, max-video-preview:-1\" \/>\n<link rel=\"canonical\" href=\"https:\/\/avrupapress.com\/2018\/09\/08\/cumhuriyete-kin-kusanlar\/\" \/>\n<meta property=\"og:locale\" content=\"fr_FR\" \/>\n<meta property=\"og:type\" content=\"article\" \/>\n<meta property=\"og:title\" content=\"CUMHUR\u0130YETE K\u0130N KUSANLAR..! - AvrupaPress\" \/>\n<meta property=\"og:description\" content=\"Onca zorluklarla kurulan T\u00fcrkiye Cumhuriyeti\u2019ne kin kusanlar, y\u0131llar \u00f6ncesinde oldu\u011fu gibi bug\u00fcnde a\u00e7\u0131k\u00e7a ortaya \u00e7\u0131km\u0131\u015flar, hukuk tan\u0131madan halk\u0131m\u0131za etnik b\u00f6l\u00fcnme yolunda yol haritalar\u0131 bulmaya \u00e7al\u0131\u015fmaktad\u0131rlar. Oysa T\u00fcrk halk\u0131, y\u0131llar \u00f6nce yolunu \u00e7izmi\u015f, haritas\u0131n\u0131 da bulmu\u015ftur. Fatih R\u0131fk\u0131 Atay bir yaz\u0131s\u0131nda \u015f\u00f6yle diyordu: \u2018 Atat\u00fcrk vatan\u0131 zaferiyle, milleti ise devrimleriyle kurtarm\u0131\u015ft\u0131r.\u2019 Senelerce geldi\u011fimiz bu g\u00fcnlerde ne [&hellip;]\" \/>\n<meta property=\"og:url\" content=\"https:\/\/avrupapress.com\/2018\/09\/08\/cumhuriyete-kin-kusanlar\/\" \/>\n<meta property=\"og:site_name\" content=\"AvrupaPress\" \/>\n<meta property=\"article:published_time\" content=\"2018-09-08T20:32:46+00:00\" \/>\n<meta property=\"og:image\" content=\"https:\/\/avrupapress.com\/wp-content\/uploads\/2018\/04\/thumbnail_IMG-20171222-WA0007.jpg\" \/>\n\t<meta property=\"og:image:width\" content=\"509\" \/>\n\t<meta property=\"og:image:height\" content=\"714\" \/>\n\t<meta property=\"og:image:type\" content=\"image\/jpeg\" \/>\n<meta name=\"author\" content=\"Edit\u00f6r\" \/>\n<meta name=\"twitter:card\" content=\"summary_large_image\" \/>\n<meta name=\"twitter:label1\" content=\"\u00c9crit par\" \/>\n\t<meta name=\"twitter:data1\" content=\"Edit\u00f6r\" \/>\n\t<meta name=\"twitter:label2\" content=\"Dur\u00e9e de lecture est.\" \/>\n\t<meta name=\"twitter:data2\" content=\"2 minutes\" \/>\n<script type=\"application\/ld+json\" class=\"yoast-schema-graph\">{\"@context\":\"https:\/\/schema.org\",\"@graph\":[{\"@type\":\"Article\",\"@id\":\"https:\/\/avrupapress.com\/2018\/09\/08\/cumhuriyete-kin-kusanlar\/#article\",\"isPartOf\":{\"@id\":\"https:\/\/avrupapress.com\/2018\/09\/08\/cumhuriyete-kin-kusanlar\/\"},\"author\":{\"name\":\"Edit\u00f6r\",\"@id\":\"https:\/\/avrupapress.com\/#\/schema\/person\/68428444ec60970d1e1b700cf4ca1e8f\"},\"headline\":\"CUMHUR\u0130YETE K\u0130N KUSANLAR..!\",\"datePublished\":\"2018-09-08T20:32:46+00:00\",\"mainEntityOfPage\":{\"@id\":\"https:\/\/avrupapress.com\/2018\/09\/08\/cumhuriyete-kin-kusanlar\/\"},\"wordCount\":415,\"commentCount\":0,\"publisher\":{\"@id\":\"https:\/\/avrupapress.com\/#\/schema\/person\/0223dca19c72c43575bf30d1a2d8f4fa\"},\"image\":{\"@id\":\"https:\/\/avrupapress.com\/2018\/09\/08\/cumhuriyete-kin-kusanlar\/#primaryimage\"},\"thumbnailUrl\":\"https:\/\/avrupapress.com\/main\/wp-content\/uploads\/2018\/04\/thumbnail_IMG-20171222-WA0007.jpg\",\"keywords\":[\"CUMHUR\u0130YETE\",\"K\u0130N KUSANLAR..!\"],\"articleSection\":[\"Avrupa\",\"Bel\u00e7ika\",\"D\u00fcnya\",\"Ekonomi\",\"K\u00fclt\u00fcr-Sanat\",\"Tan\u0131t\u0131m\",\"T\u00fcrkiye\",\"Uncategorized\"],\"inLanguage\":\"fr-BE\",\"potentialAction\":[{\"@type\":\"CommentAction\",\"name\":\"Comment\",\"target\":[\"https:\/\/avrupapress.com\/2018\/09\/08\/cumhuriyete-kin-kusanlar\/#respond\"]}]},{\"@type\":\"WebPage\",\"@id\":\"https:\/\/avrupapress.com\/2018\/09\/08\/cumhuriyete-kin-kusanlar\/\",\"url\":\"https:\/\/avrupapress.com\/2018\/09\/08\/cumhuriyete-kin-kusanlar\/\",\"name\":\"CUMHUR\u0130YETE K\u0130N KUSANLAR..! - AvrupaPress\",\"isPartOf\":{\"@id\":\"https:\/\/avrupapress.com\/#website\"},\"primaryImageOfPage\":{\"@id\":\"https:\/\/avrupapress.com\/2018\/09\/08\/cumhuriyete-kin-kusanlar\/#primaryimage\"},\"image\":{\"@id\":\"https:\/\/avrupapress.com\/2018\/09\/08\/cumhuriyete-kin-kusanlar\/#primaryimage\"},\"thumbnailUrl\":\"https:\/\/avrupapress.com\/main\/wp-content\/uploads\/2018\/04\/thumbnail_IMG-20171222-WA0007.jpg\",\"datePublished\":\"2018-09-08T20:32:46+00:00\",\"breadcrumb\":{\"@id\":\"https:\/\/avrupapress.com\/2018\/09\/08\/cumhuriyete-kin-kusanlar\/#breadcrumb\"},\"inLanguage\":\"fr-BE\",\"potentialAction\":[{\"@type\":\"ReadAction\",\"target\":[\"https:\/\/avrupapress.com\/2018\/09\/08\/cumhuriyete-kin-kusanlar\/\"]}]},{\"@type\":\"ImageObject\",\"inLanguage\":\"fr-BE\",\"@id\":\"https:\/\/avrupapress.com\/2018\/09\/08\/cumhuriyete-kin-kusanlar\/#primaryimage\",\"url\":\"https:\/\/avrupapress.com\/main\/wp-content\/uploads\/2018\/04\/thumbnail_IMG-20171222-WA0007.jpg\",\"contentUrl\":\"https:\/\/avrupapress.com\/main\/wp-content\/uploads\/2018\/04\/thumbnail_IMG-20171222-WA0007.jpg\",\"width\":509,\"height\":714},{\"@type\":\"BreadcrumbList\",\"@id\":\"https:\/\/avrupapress.com\/2018\/09\/08\/cumhuriyete-kin-kusanlar\/#breadcrumb\",\"itemListElement\":[{\"@type\":\"ListItem\",\"position\":1,\"name\":\"Anasayfa\",\"item\":\"https:\/\/avrupapress.com\/\"},{\"@type\":\"ListItem\",\"position\":2,\"name\":\"CUMHUR\u0130YETE K\u0130N KUSANLAR..!\"}]},{\"@type\":\"WebSite\",\"@id\":\"https:\/\/avrupapress.com\/#website\",\"url\":\"https:\/\/avrupapress.com\/\",\"name\":\"AvrupaPress\",\"description\":\"Haberin Adresi\",\"publisher\":{\"@id\":\"https:\/\/avrupapress.com\/#\/schema\/person\/0223dca19c72c43575bf30d1a2d8f4fa\"},\"potentialAction\":[{\"@type\":\"SearchAction\",\"target\":{\"@type\":\"EntryPoint\",\"urlTemplate\":\"https:\/\/avrupapress.com\/?s={search_term_string}\"},\"query-input\":{\"@type\":\"PropertyValueSpecification\",\"valueRequired\":true,\"valueName\":\"search_term_string\"}}],\"inLanguage\":\"fr-BE\"},{\"@type\":[\"Person\",\"Organization\"],\"@id\":\"https:\/\/avrupapress.com\/#\/schema\/person\/0223dca19c72c43575bf30d1a2d8f4fa\",\"name\":\"Bilgin \u00d6z\u00e7ift\u00e7i\",\"image\":{\"@type\":\"ImageObject\",\"inLanguage\":\"fr-BE\",\"@id\":\"https:\/\/avrupapress.com\/#\/schema\/person\/image\/\",\"url\":\"https:\/\/secure.gravatar.com\/avatar\/0f23b280433a21e1ea7a0adcc46ed0ad16afe3ad8e630fd13d8a017dcbd54ef3?s=96&d=mm&r=g\",\"contentUrl\":\"https:\/\/secure.gravatar.com\/avatar\/0f23b280433a21e1ea7a0adcc46ed0ad16afe3ad8e630fd13d8a017dcbd54ef3?s=96&d=mm&r=g\",\"caption\":\"Bilgin \u00d6z\u00e7ift\u00e7i\"},\"logo\":{\"@id\":\"https:\/\/avrupapress.com\/#\/schema\/person\/image\/\"},\"description\":\"Ne ben, nede sen... Biz ancak \\\"biz\\\" olursak g\u00fc\u00e7l\u00fc olabiliriz\"},{\"@type\":\"Person\",\"@id\":\"https:\/\/avrupapress.com\/#\/schema\/person\/68428444ec60970d1e1b700cf4ca1e8f\",\"name\":\"Edit\u00f6r\",\"image\":{\"@type\":\"ImageObject\",\"inLanguage\":\"fr-BE\",\"@id\":\"https:\/\/avrupapress.com\/#\/schema\/person\/image\/\",\"url\":\"https:\/\/secure.gravatar.com\/avatar\/74996b0977aa5f1559ba9883776652508b229005c0d78fb2597897f0bd651c09?s=96&d=mm&r=g\",\"contentUrl\":\"https:\/\/secure.gravatar.com\/avatar\/74996b0977aa5f1559ba9883776652508b229005c0d78fb2597897f0bd651c09?s=96&d=mm&r=g\",\"caption\":\"Edit\u00f6r\"},\"sameAs\":[\"http:\/\/www.avrupapress.com\"],\"url\":\"https:\/\/avrupapress.com\/main\/author\/editor\/\"}]}<\/script>\n<!-- \/ Yoast SEO plugin. -->","yoast_head_json":{"title":"CUMHUR\u0130YETE K\u0130N KUSANLAR..! - AvrupaPress","robots":{"index":"index","follow":"follow","max-snippet":"max-snippet:-1","max-image-preview":"max-image-preview:large","max-video-preview":"max-video-preview:-1"},"canonical":"https:\/\/avrupapress.com\/2018\/09\/08\/cumhuriyete-kin-kusanlar\/","og_locale":"fr_FR","og_type":"article","og_title":"CUMHUR\u0130YETE K\u0130N KUSANLAR..! - AvrupaPress","og_description":"Onca zorluklarla kurulan T\u00fcrkiye Cumhuriyeti\u2019ne kin kusanlar, y\u0131llar \u00f6ncesinde oldu\u011fu gibi bug\u00fcnde a\u00e7\u0131k\u00e7a ortaya \u00e7\u0131km\u0131\u015flar, hukuk tan\u0131madan halk\u0131m\u0131za etnik b\u00f6l\u00fcnme yolunda yol haritalar\u0131 bulmaya \u00e7al\u0131\u015fmaktad\u0131rlar. Oysa T\u00fcrk halk\u0131, y\u0131llar \u00f6nce yolunu \u00e7izmi\u015f, haritas\u0131n\u0131 da bulmu\u015ftur. Fatih R\u0131fk\u0131 Atay bir yaz\u0131s\u0131nda \u015f\u00f6yle diyordu: \u2018 Atat\u00fcrk vatan\u0131 zaferiyle, milleti ise devrimleriyle kurtarm\u0131\u015ft\u0131r.\u2019 Senelerce geldi\u011fimiz bu g\u00fcnlerde ne [&hellip;]","og_url":"https:\/\/avrupapress.com\/2018\/09\/08\/cumhuriyete-kin-kusanlar\/","og_site_name":"AvrupaPress","article_published_time":"2018-09-08T20:32:46+00:00","og_image":[{"width":509,"height":714,"url":"https:\/\/avrupapress.com\/wp-content\/uploads\/2018\/04\/thumbnail_IMG-20171222-WA0007.jpg","type":"image\/jpeg"}],"author":"Edit\u00f6r","twitter_card":"summary_large_image","twitter_misc":{"\u00c9crit par":"Edit\u00f6r","Dur\u00e9e de lecture est.":"2 minutes"},"schema":{"@context":"https:\/\/schema.org","@graph":[{"@type":"Article","@id":"https:\/\/avrupapress.com\/2018\/09\/08\/cumhuriyete-kin-kusanlar\/#article","isPartOf":{"@id":"https:\/\/avrupapress.com\/2018\/09\/08\/cumhuriyete-kin-kusanlar\/"},"author":{"name":"Edit\u00f6r","@id":"https:\/\/avrupapress.com\/#\/schema\/person\/68428444ec60970d1e1b700cf4ca1e8f"},"headline":"CUMHUR\u0130YETE K\u0130N KUSANLAR..!","datePublished":"2018-09-08T20:32:46+00:00","mainEntityOfPage":{"@id":"https:\/\/avrupapress.com\/2018\/09\/08\/cumhuriyete-kin-kusanlar\/"},"wordCount":415,"commentCount":0,"publisher":{"@id":"https:\/\/avrupapress.com\/#\/schema\/person\/0223dca19c72c43575bf30d1a2d8f4fa"},"image":{"@id":"https:\/\/avrupapress.com\/2018\/09\/08\/cumhuriyete-kin-kusanlar\/#primaryimage"},"thumbnailUrl":"https:\/\/avrupapress.com\/main\/wp-content\/uploads\/2018\/04\/thumbnail_IMG-20171222-WA0007.jpg","keywords":["CUMHUR\u0130YETE","K\u0130N KUSANLAR..!"],"articleSection":["Avrupa","Bel\u00e7ika","D\u00fcnya","Ekonomi","K\u00fclt\u00fcr-Sanat","Tan\u0131t\u0131m","T\u00fcrkiye","Uncategorized"],"inLanguage":"fr-BE","potentialAction":[{"@type":"CommentAction","name":"Comment","target":["https:\/\/avrupapress.com\/2018\/09\/08\/cumhuriyete-kin-kusanlar\/#respond"]}]},{"@type":"WebPage","@id":"https:\/\/avrupapress.com\/2018\/09\/08\/cumhuriyete-kin-kusanlar\/","url":"https:\/\/avrupapress.com\/2018\/09\/08\/cumhuriyete-kin-kusanlar\/","name":"CUMHUR\u0130YETE K\u0130N KUSANLAR..! - AvrupaPress","isPartOf":{"@id":"https:\/\/avrupapress.com\/#website"},"primaryImageOfPage":{"@id":"https:\/\/avrupapress.com\/2018\/09\/08\/cumhuriyete-kin-kusanlar\/#primaryimage"},"image":{"@id":"https:\/\/avrupapress.com\/2018\/09\/08\/cumhuriyete-kin-kusanlar\/#primaryimage"},"thumbnailUrl":"https:\/\/avrupapress.com\/main\/wp-content\/uploads\/2018\/04\/thumbnail_IMG-20171222-WA0007.jpg","datePublished":"2018-09-08T20:32:46+00:00","breadcrumb":{"@id":"https:\/\/avrupapress.com\/2018\/09\/08\/cumhuriyete-kin-kusanlar\/#breadcrumb"},"inLanguage":"fr-BE","potentialAction":[{"@type":"ReadAction","target":["https:\/\/avrupapress.com\/2018\/09\/08\/cumhuriyete-kin-kusanlar\/"]}]},{"@type":"ImageObject","inLanguage":"fr-BE","@id":"https:\/\/avrupapress.com\/2018\/09\/08\/cumhuriyete-kin-kusanlar\/#primaryimage","url":"https:\/\/avrupapress.com\/main\/wp-content\/uploads\/2018\/04\/thumbnail_IMG-20171222-WA0007.jpg","contentUrl":"https:\/\/avrupapress.com\/main\/wp-content\/uploads\/2018\/04\/thumbnail_IMG-20171222-WA0007.jpg","width":509,"height":714},{"@type":"BreadcrumbList","@id":"https:\/\/avrupapress.com\/2018\/09\/08\/cumhuriyete-kin-kusanlar\/#breadcrumb","itemListElement":[{"@type":"ListItem","position":1,"name":"Anasayfa","item":"https:\/\/avrupapress.com\/"},{"@type":"ListItem","position":2,"name":"CUMHUR\u0130YETE K\u0130N KUSANLAR..!"}]},{"@type":"WebSite","@id":"https:\/\/avrupapress.com\/#website","url":"https:\/\/avrupapress.com\/","name":"AvrupaPress","description":"Haberin Adresi","publisher":{"@id":"https:\/\/avrupapress.com\/#\/schema\/person\/0223dca19c72c43575bf30d1a2d8f4fa"},"potentialAction":[{"@type":"SearchAction","target":{"@type":"EntryPoint","urlTemplate":"https:\/\/avrupapress.com\/?s={search_term_string}"},"query-input":{"@type":"PropertyValueSpecification","valueRequired":true,"valueName":"search_term_string"}}],"inLanguage":"fr-BE"},{"@type":["Person","Organization"],"@id":"https:\/\/avrupapress.com\/#\/schema\/person\/0223dca19c72c43575bf30d1a2d8f4fa","name":"Bilgin \u00d6z\u00e7ift\u00e7i","image":{"@type":"ImageObject","inLanguage":"fr-BE","@id":"https:\/\/avrupapress.com\/#\/schema\/person\/image\/","url":"https:\/\/secure.gravatar.com\/avatar\/0f23b280433a21e1ea7a0adcc46ed0ad16afe3ad8e630fd13d8a017dcbd54ef3?s=96&d=mm&r=g","contentUrl":"https:\/\/secure.gravatar.com\/avatar\/0f23b280433a21e1ea7a0adcc46ed0ad16afe3ad8e630fd13d8a017dcbd54ef3?s=96&d=mm&r=g","caption":"Bilgin \u00d6z\u00e7ift\u00e7i"},"logo":{"@id":"https:\/\/avrupapress.com\/#\/schema\/person\/image\/"},"description":"Ne ben, nede sen... Biz ancak \"biz\" olursak g\u00fc\u00e7l\u00fc olabiliriz"},{"@type":"Person","@id":"https:\/\/avrupapress.com\/#\/schema\/person\/68428444ec60970d1e1b700cf4ca1e8f","name":"Edit\u00f6r","image":{"@type":"ImageObject","inLanguage":"fr-BE","@id":"https:\/\/avrupapress.com\/#\/schema\/person\/image\/","url":"https:\/\/secure.gravatar.com\/avatar\/74996b0977aa5f1559ba9883776652508b229005c0d78fb2597897f0bd651c09?s=96&d=mm&r=g","contentUrl":"https:\/\/secure.gravatar.com\/avatar\/74996b0977aa5f1559ba9883776652508b229005c0d78fb2597897f0bd651c09?s=96&d=mm&r=g","caption":"Edit\u00f6r"},"sameAs":["http:\/\/www.avrupapress.com"],"url":"https:\/\/avrupapress.com\/main\/author\/editor\/"}]}},"_links":{"self":[{"href":"https:\/\/avrupapress.com\/main\/wp-json\/wp\/v2\/posts\/6510","targetHints":{"allow":["GET"]}}],"collection":[{"href":"https:\/\/avrupapress.com\/main\/wp-json\/wp\/v2\/posts"}],"about":[{"href":"https:\/\/avrupapress.com\/main\/wp-json\/wp\/v2\/types\/post"}],"author":[{"embeddable":true,"href":"https:\/\/avrupapress.com\/main\/wp-json\/wp\/v2\/users\/3"}],"replies":[{"embeddable":true,"href":"https:\/\/avrupapress.com\/main\/wp-json\/wp\/v2\/comments?post=6510"}],"version-history":[{"count":1,"href":"https:\/\/avrupapress.com\/main\/wp-json\/wp\/v2\/posts\/6510\/revisions"}],"predecessor-version":[{"id":6511,"href":"https:\/\/avrupapress.com\/main\/wp-json\/wp\/v2\/posts\/6510\/revisions\/6511"}],"wp:featuredmedia":[{"embeddable":true,"href":"https:\/\/avrupapress.com\/main\/wp-json\/wp\/v2\/media\/5219"}],"wp:attachment":[{"href":"https:\/\/avrupapress.com\/main\/wp-json\/wp\/v2\/media?parent=6510"}],"wp:term":[{"taxonomy":"category","embeddable":true,"href":"https:\/\/avrupapress.com\/main\/wp-json\/wp\/v2\/categories?post=6510"},{"taxonomy":"post_tag","embeddable":true,"href":"https:\/\/avrupapress.com\/main\/wp-json\/wp\/v2\/tags?post=6510"}],"curies":[{"name":"wp","href":"https:\/\/api.w.org\/{rel}","templated":true}]}}