{"id":6185,"date":"2018-07-30T08:58:52","date_gmt":"2018-07-30T08:58:52","guid":{"rendered":"http:\/\/avrupapress.com\/main\/?p=6185"},"modified":"2018-07-30T08:58:52","modified_gmt":"2018-07-30T08:58:52","slug":"9-aylik-tek-tip-askerlik-sistemi-gelecek-yeni-sistemde-askerlik","status":"publish","type":"post","link":"https:\/\/avrupapress.com\/main\/2018\/07\/30\/9-aylik-tek-tip-askerlik-sistemi-gelecek-yeni-sistemde-askerlik\/","title":{"rendered":"9 Ayl\u0131k Tek Tip Askerlik sistemi gelecek! Yeni sistemde askerlik&#8230;"},"content":{"rendered":"<p>&nbsp;<\/p>\n<h2 class=\"spot\">Cumhurba\u015fkan\u0131 Recep Tayyip Erdo\u011fan&rsquo;\u0131n a\u00e7\u0131klamalar\u0131 do\u011frultusunda, yeni sistemde 9 Ayl\u0131k Tek Tip Askerlik gelecek. Buna g\u00f6re, profesyonel ordu sistemine ge\u00e7ilinceye dek herkes i\u00e7in \u00f6ng\u00f6r\u00fclen 9 Ayl\u0131k Tek Tip Askerlik Sisteminde, 3 ayl\u0131k Temel E\u011fitimin ard\u0131ndan 6 ay s\u00fcresince asgari \u00fccret miktar\u0131n\u0131 \u00f6deyenler terhis edilecek.<\/h2>\n<p>Cumhurba\u015fkan\u0131 Recep Tayyip Erdo\u011fan&rsquo;\u0131n a\u00e7\u0131klamalar\u0131nda yer verdi\u011fi\u00a0yeni sistemde askerlik\u00a0konusuna ili\u015fkin ayr\u0131nt\u0131lar netli\u011fe kavu\u015fmaya ba\u015flad\u0131. Yeni d\u00f6nemde 9 Ayl\u0131k Tep Tip\u00a0Askerlik\u00a0uygulamas\u0131n\u0131n hayata ge\u00e7irilmesi i\u00e7in ad\u0131m at\u0131larak,\u00a0profesyonel ordu sistemine ge\u00e7i\u015f yap\u0131l\u0131ncaya dek bu sistemin herkes i\u00e7in \u00f6ng\u00f6r\u00fcld\u00fc\u011f\u00fcn\u00fcn bilgisine ula\u015f\u0131ld\u0131.\u00a09 Ayl\u0131k Tek Tip Askerlik\u00a0\u015feklinde adland\u0131r\u0131lan yeni sistemde; 3 ay boyunca verilecek Temel E\u011fitimin akabinde 6 ay s\u00fcresince asgari \u00fccret miktar\u0131n\u0131 \u00f6deyenler terhis edilecek. \u00d6te yandan belirtilen miktarda paray\u0131 \u00f6demeyi tercih etmeyip askerde kalmaya devam eden vatanda\u015flar i\u00e7in ise 6 boyunca asgari \u00fccret miktar\u0131n\u0131n \u00f6denece\u011fi bilgisine ula\u015f\u0131ld\u0131. \u0130\u015fte, e\u011fitimli ve e\u011fitimsiz ki\u015filer aras\u0131ndaki fark\u0131n ortadan kald\u0131r\u0131lmas\u0131n\u0131n hedeflendi\u011fi 9 Ayl\u0131k Tek Tip Askerlik detaylar\u0131&#8230;<\/p>\n<p><a class=\"inner_related_news\" href=\"http:\/\/www.haber7.com\/guncel\/haber\/2678894-bedelli-askerlik-egitim-verilecek-birlikler-bedelli-askerlik-kislalari\" target=\"_blank\" rel=\"noopener\"><img decoding=\"async\" src=\"http:\/\/i2.haber7.net\/\/haber\/haber7\/thumbs\/\/2018\/30\/bedelli_askerlik_hangi_birliklerde_egitim_verilecek_bedelli_kitalari_1532772453_5647.jpg\" \/><strong>Bedelli Askerlik e\u011fitim verilecek birlikler! Bedelli Askerlik k\u0131\u015flalar\u0131<\/strong><\/a><\/p>\n<div class=\"readmore\"><\/div>\n<p><strong>9 AYLIK TEK T\u0130P ASKERL\u0130K DETAYLARI NELERD\u0130R?<\/strong><\/p>\n<p>\u2018&rsquo;Vatan hizmetinin herkes i\u00e7in e\u015fit \u015fartlarda olmas\u0131, e\u011fitimli insan g\u00fcc\u00fcnden daha uzun ve etkin bi\u00e7imde yararlan\u0131lmas\u0131\u00a0\u00bb prensibiyle hareket edilerek profesyonel ordu sistemine ge\u00e7i\u015f yap\u0131l\u0131ncaya de\u011fin herkes i\u00e7in 9 Ayl\u0131k Tek Tip Askerlik uygulamas\u0131n\u0131n hayata ge\u00e7irilmesi planl\u0131yor. \u015eimdiye dek \u201cUzun d\u00f6nem erlik, k\u0131sa d\u00f6nem erlik, yedek subay, bedelli, d\u00f6vizli ve kamuda \u00e7al\u0131\u015fma\u201d \u015feklinde milyonlarca vatani g\u00f6revini yerine getirecek vatanda\u015flar i\u00e7in uygulamaya al\u0131nan askerlik sisteminde 3 ay s\u00fcresince verilecek Temel E\u011fitimin sonras\u0131nda 6 ay boyunca asgari \u00fccret miktar\u0131n\u0131 \u00f6deyen vatanda\u015flar terhis edilecek. Ayn\u0131 zamanda 9 Ayl\u0131k Tek Tip Askerlik sistemine g\u00f6re, belirtilen miktarda paray\u0131 \u00f6demeyi tercih etmeyip askerde kalmaya devam eden ki\u015filer i\u00e7in de 6 s\u00fcresince asgari \u00fccret miktar\u0131 \u00f6denecek. E\u011fitimli ve e\u011fitimsiz ki\u015filer aras\u0131ndaki fark\u0131n ortadan kald\u0131r\u0131lmas\u0131n\u0131n hedeflendi\u011fi 9 Ayl\u0131k Tek Tip Askerlik sisteminde 3 ayl\u0131k Temel E\u011fitimin ger\u00e7ekle\u015ftirilmesi, kalan 6 ay\u0131n k\u0131tada ge\u00e7irilmesi ve yedek subayl\u0131\u011f\u0131n da tamamen kald\u0131r\u0131lmas\u0131 d\u00fc\u015f\u00fcn\u00fcl\u00fcyor.<\/p>\n<p><a class=\"inner_related_news\" href=\"http:\/\/www.haber7.com\/guncel\/haber\/2650764-askerlik-sistemi-sil-bastan-degisecek-yeni-donemde-askerlik-detaylari\" target=\"_blank\" rel=\"noopener\"><img decoding=\"async\" src=\"http:\/\/i2.haber7.net\/\/haber\/haber7\/thumbs\/\/2018\/26\/askerlik_sistemi_tamamen_degisecek_yeni_sistemde_askerlik_detaylari_1529907232_7006.Jpeg\" \/><strong>Askerlik sistemi sil ba\u015ftan de\u011fi\u015fecek! Yeni d\u00f6nemde askerlik detaylar\u0131<\/strong><\/a><\/p>\n<p><strong><img decoding=\"async\" src=\"http:\/\/i2.haber7.net\/\/haber\/haber7\/photos\/2018\/30\/K7RWQ_1532602314_0871.jpg\" alt=\"ASKERL\u0130K\" \/><\/strong><\/p>\n","protected":false},"excerpt":{"rendered":"<p>&nbsp; Cumhurba\u015fkan\u0131 Recep Tayyip Erdo\u011fan&rsquo;\u0131n a\u00e7\u0131klamalar\u0131 do\u011frultusunda, yeni sistemde 9 Ayl\u0131k Tek Tip Askerlik gelecek. Buna g\u00f6re, profesyonel ordu sistemine ge\u00e7ilinceye dek herkes i\u00e7in \u00f6ng\u00f6r\u00fclen 9 Ayl\u0131k Tek Tip Askerlik Sisteminde, 3 ayl\u0131k Temel E\u011fitimin ard\u0131ndan 6 ay s\u00fcresince asgari \u00fccret miktar\u0131n\u0131 \u00f6deyenler terhis edilecek. Cumhurba\u015fkan\u0131 Recep Tayyip Erdo\u011fan&rsquo;\u0131n a\u00e7\u0131klamalar\u0131nda yer verdi\u011fi\u00a0yeni sistemde askerlik\u00a0konusuna ili\u015fkin [&hellip;]<\/p>\n","protected":false},"author":3,"featured_media":6186,"comment_status":"open","ping_status":"open","sticky":false,"template":"","format":"standard","meta":{"footnotes":""},"categories":[14,16,3,17,18,19,2,1],"tags":[3985,3986,3987],"class_list":["post-6185","post","type-post","status-publish","format-standard","has-post-thumbnail","hentry","category-avrupa","category-belcika","category-dunya","category-ekonomi","category-kultur-sanat","category-tanitim","category-turkiye","category-uncategorized","tag-9-aylik-tek-tip","tag-askerlik-sistemi-gelecek","tag-yeni-sistemde-askerlik"],"yoast_head":"<!-- This site is optimized with the Yoast SEO plugin v26.9 - https:\/\/yoast.com\/product\/yoast-seo-wordpress\/ -->\n<title>9 Ayl\u0131k Tek Tip Askerlik sistemi gelecek! Yeni sistemde askerlik... - AvrupaPress<\/title>\n<meta name=\"robots\" content=\"index, follow, max-snippet:-1, max-image-preview:large, max-video-preview:-1\" \/>\n<link rel=\"canonical\" href=\"https:\/\/avrupapress.com\/2018\/07\/30\/9-aylik-tek-tip-askerlik-sistemi-gelecek-yeni-sistemde-askerlik\/\" \/>\n<meta property=\"og:locale\" content=\"fr_FR\" \/>\n<meta property=\"og:type\" content=\"article\" \/>\n<meta property=\"og:title\" content=\"9 Ayl\u0131k Tek Tip Askerlik sistemi gelecek! Yeni sistemde askerlik... - AvrupaPress\" \/>\n<meta property=\"og:description\" content=\"&nbsp; Cumhurba\u015fkan\u0131 Recep Tayyip Erdo\u011fan&rsquo;\u0131n a\u00e7\u0131klamalar\u0131 do\u011frultusunda, yeni sistemde 9 Ayl\u0131k Tek Tip Askerlik gelecek. Buna g\u00f6re, profesyonel ordu sistemine ge\u00e7ilinceye dek herkes i\u00e7in \u00f6ng\u00f6r\u00fclen 9 Ayl\u0131k Tek Tip Askerlik Sisteminde, 3 ayl\u0131k Temel E\u011fitimin ard\u0131ndan 6 ay s\u00fcresince asgari \u00fccret miktar\u0131n\u0131 \u00f6deyenler terhis edilecek. Cumhurba\u015fkan\u0131 Recep Tayyip Erdo\u011fan&rsquo;\u0131n a\u00e7\u0131klamalar\u0131nda yer verdi\u011fi\u00a0yeni sistemde askerlik\u00a0konusuna ili\u015fkin [&hellip;]\" \/>\n<meta property=\"og:url\" content=\"https:\/\/avrupapress.com\/2018\/07\/30\/9-aylik-tek-tip-askerlik-sistemi-gelecek-yeni-sistemde-askerlik\/\" \/>\n<meta property=\"og:site_name\" content=\"AvrupaPress\" \/>\n<meta property=\"article:published_time\" content=\"2018-07-30T08:58:52+00:00\" \/>\n<meta property=\"og:image\" content=\"https:\/\/avrupapress.com\/wp-content\/uploads\/2018\/07\/9_aylik_tek_tip_askerlik_sistemi_gelecek_2018_yeni_sistemde_askerlik_1532602271_2001.jpg\" \/>\n\t<meta property=\"og:image:width\" content=\"620\" \/>\n\t<meta property=\"og:image:height\" content=\"360\" \/>\n\t<meta property=\"og:image:type\" content=\"image\/jpeg\" \/>\n<meta name=\"author\" content=\"Edit\u00f6r\" \/>\n<meta name=\"twitter:card\" content=\"summary_large_image\" \/>\n<meta name=\"twitter:label1\" content=\"\u00c9crit par\" \/>\n\t<meta name=\"twitter:data1\" content=\"Edit\u00f6r\" \/>\n\t<meta name=\"twitter:label2\" content=\"Dur\u00e9e de lecture est.\" \/>\n\t<meta name=\"twitter:data2\" content=\"2 minutes\" \/>\n<script type=\"application\/ld+json\" class=\"yoast-schema-graph\">{\"@context\":\"https:\/\/schema.org\",\"@graph\":[{\"@type\":\"Article\",\"@id\":\"https:\/\/avrupapress.com\/2018\/07\/30\/9-aylik-tek-tip-askerlik-sistemi-gelecek-yeni-sistemde-askerlik\/#article\",\"isPartOf\":{\"@id\":\"https:\/\/avrupapress.com\/2018\/07\/30\/9-aylik-tek-tip-askerlik-sistemi-gelecek-yeni-sistemde-askerlik\/\"},\"author\":{\"name\":\"Edit\u00f6r\",\"@id\":\"https:\/\/avrupapress.com\/#\/schema\/person\/68428444ec60970d1e1b700cf4ca1e8f\"},\"headline\":\"9 Ayl\u0131k Tek Tip Askerlik sistemi gelecek! Yeni sistemde askerlik&#8230;\",\"datePublished\":\"2018-07-30T08:58:52+00:00\",\"mainEntityOfPage\":{\"@id\":\"https:\/\/avrupapress.com\/2018\/07\/30\/9-aylik-tek-tip-askerlik-sistemi-gelecek-yeni-sistemde-askerlik\/\"},\"wordCount\":445,\"commentCount\":0,\"publisher\":{\"@id\":\"https:\/\/avrupapress.com\/#\/schema\/person\/0223dca19c72c43575bf30d1a2d8f4fa\"},\"image\":{\"@id\":\"https:\/\/avrupapress.com\/2018\/07\/30\/9-aylik-tek-tip-askerlik-sistemi-gelecek-yeni-sistemde-askerlik\/#primaryimage\"},\"thumbnailUrl\":\"https:\/\/avrupapress.com\/main\/wp-content\/uploads\/2018\/07\/9_aylik_tek_tip_askerlik_sistemi_gelecek_2018_yeni_sistemde_askerlik_1532602271_2001.jpg\",\"keywords\":[\"9 Ayl\u0131k Tek Tip\",\"Askerlik sistemi gelecek!\",\"Yeni sistemde askerlik...\"],\"articleSection\":[\"Avrupa\",\"Bel\u00e7ika\",\"D\u00fcnya\",\"Ekonomi\",\"K\u00fclt\u00fcr-Sanat\",\"Tan\u0131t\u0131m\",\"T\u00fcrkiye\",\"Uncategorized\"],\"inLanguage\":\"fr-BE\",\"potentialAction\":[{\"@type\":\"CommentAction\",\"name\":\"Comment\",\"target\":[\"https:\/\/avrupapress.com\/2018\/07\/30\/9-aylik-tek-tip-askerlik-sistemi-gelecek-yeni-sistemde-askerlik\/#respond\"]}]},{\"@type\":\"WebPage\",\"@id\":\"https:\/\/avrupapress.com\/2018\/07\/30\/9-aylik-tek-tip-askerlik-sistemi-gelecek-yeni-sistemde-askerlik\/\",\"url\":\"https:\/\/avrupapress.com\/2018\/07\/30\/9-aylik-tek-tip-askerlik-sistemi-gelecek-yeni-sistemde-askerlik\/\",\"name\":\"9 Ayl\u0131k Tek Tip Askerlik sistemi gelecek! Yeni sistemde askerlik... - AvrupaPress\",\"isPartOf\":{\"@id\":\"https:\/\/avrupapress.com\/#website\"},\"primaryImageOfPage\":{\"@id\":\"https:\/\/avrupapress.com\/2018\/07\/30\/9-aylik-tek-tip-askerlik-sistemi-gelecek-yeni-sistemde-askerlik\/#primaryimage\"},\"image\":{\"@id\":\"https:\/\/avrupapress.com\/2018\/07\/30\/9-aylik-tek-tip-askerlik-sistemi-gelecek-yeni-sistemde-askerlik\/#primaryimage\"},\"thumbnailUrl\":\"https:\/\/avrupapress.com\/main\/wp-content\/uploads\/2018\/07\/9_aylik_tek_tip_askerlik_sistemi_gelecek_2018_yeni_sistemde_askerlik_1532602271_2001.jpg\",\"datePublished\":\"2018-07-30T08:58:52+00:00\",\"breadcrumb\":{\"@id\":\"https:\/\/avrupapress.com\/2018\/07\/30\/9-aylik-tek-tip-askerlik-sistemi-gelecek-yeni-sistemde-askerlik\/#breadcrumb\"},\"inLanguage\":\"fr-BE\",\"potentialAction\":[{\"@type\":\"ReadAction\",\"target\":[\"https:\/\/avrupapress.com\/2018\/07\/30\/9-aylik-tek-tip-askerlik-sistemi-gelecek-yeni-sistemde-askerlik\/\"]}]},{\"@type\":\"ImageObject\",\"inLanguage\":\"fr-BE\",\"@id\":\"https:\/\/avrupapress.com\/2018\/07\/30\/9-aylik-tek-tip-askerlik-sistemi-gelecek-yeni-sistemde-askerlik\/#primaryimage\",\"url\":\"https:\/\/avrupapress.com\/main\/wp-content\/uploads\/2018\/07\/9_aylik_tek_tip_askerlik_sistemi_gelecek_2018_yeni_sistemde_askerlik_1532602271_2001.jpg\",\"contentUrl\":\"https:\/\/avrupapress.com\/main\/wp-content\/uploads\/2018\/07\/9_aylik_tek_tip_askerlik_sistemi_gelecek_2018_yeni_sistemde_askerlik_1532602271_2001.jpg\",\"width\":620,\"height\":360},{\"@type\":\"BreadcrumbList\",\"@id\":\"https:\/\/avrupapress.com\/2018\/07\/30\/9-aylik-tek-tip-askerlik-sistemi-gelecek-yeni-sistemde-askerlik\/#breadcrumb\",\"itemListElement\":[{\"@type\":\"ListItem\",\"position\":1,\"name\":\"Anasayfa\",\"item\":\"https:\/\/avrupapress.com\/\"},{\"@type\":\"ListItem\",\"position\":2,\"name\":\"9 Ayl\u0131k Tek Tip Askerlik sistemi gelecek! Yeni sistemde askerlik&#8230;\"}]},{\"@type\":\"WebSite\",\"@id\":\"https:\/\/avrupapress.com\/#website\",\"url\":\"https:\/\/avrupapress.com\/\",\"name\":\"AvrupaPress\",\"description\":\"Haberin Adresi\",\"publisher\":{\"@id\":\"https:\/\/avrupapress.com\/#\/schema\/person\/0223dca19c72c43575bf30d1a2d8f4fa\"},\"potentialAction\":[{\"@type\":\"SearchAction\",\"target\":{\"@type\":\"EntryPoint\",\"urlTemplate\":\"https:\/\/avrupapress.com\/?s={search_term_string}\"},\"query-input\":{\"@type\":\"PropertyValueSpecification\",\"valueRequired\":true,\"valueName\":\"search_term_string\"}}],\"inLanguage\":\"fr-BE\"},{\"@type\":[\"Person\",\"Organization\"],\"@id\":\"https:\/\/avrupapress.com\/#\/schema\/person\/0223dca19c72c43575bf30d1a2d8f4fa\",\"name\":\"Bilgin \u00d6z\u00e7ift\u00e7i\",\"image\":{\"@type\":\"ImageObject\",\"inLanguage\":\"fr-BE\",\"@id\":\"https:\/\/avrupapress.com\/#\/schema\/person\/image\/\",\"url\":\"https:\/\/secure.gravatar.com\/avatar\/0f23b280433a21e1ea7a0adcc46ed0ad16afe3ad8e630fd13d8a017dcbd54ef3?s=96&d=mm&r=g\",\"contentUrl\":\"https:\/\/secure.gravatar.com\/avatar\/0f23b280433a21e1ea7a0adcc46ed0ad16afe3ad8e630fd13d8a017dcbd54ef3?s=96&d=mm&r=g\",\"caption\":\"Bilgin \u00d6z\u00e7ift\u00e7i\"},\"logo\":{\"@id\":\"https:\/\/avrupapress.com\/#\/schema\/person\/image\/\"},\"description\":\"Ne ben, nede sen... Biz ancak \\\"biz\\\" olursak g\u00fc\u00e7l\u00fc olabiliriz\"},{\"@type\":\"Person\",\"@id\":\"https:\/\/avrupapress.com\/#\/schema\/person\/68428444ec60970d1e1b700cf4ca1e8f\",\"name\":\"Edit\u00f6r\",\"image\":{\"@type\":\"ImageObject\",\"inLanguage\":\"fr-BE\",\"@id\":\"https:\/\/avrupapress.com\/#\/schema\/person\/image\/\",\"url\":\"https:\/\/secure.gravatar.com\/avatar\/74996b0977aa5f1559ba9883776652508b229005c0d78fb2597897f0bd651c09?s=96&d=mm&r=g\",\"contentUrl\":\"https:\/\/secure.gravatar.com\/avatar\/74996b0977aa5f1559ba9883776652508b229005c0d78fb2597897f0bd651c09?s=96&d=mm&r=g\",\"caption\":\"Edit\u00f6r\"},\"sameAs\":[\"http:\/\/www.avrupapress.com\"],\"url\":\"https:\/\/avrupapress.com\/main\/author\/editor\/\"}]}<\/script>\n<!-- \/ Yoast SEO plugin. -->","yoast_head_json":{"title":"9 Ayl\u0131k Tek Tip Askerlik sistemi gelecek! Yeni sistemde askerlik... - AvrupaPress","robots":{"index":"index","follow":"follow","max-snippet":"max-snippet:-1","max-image-preview":"max-image-preview:large","max-video-preview":"max-video-preview:-1"},"canonical":"https:\/\/avrupapress.com\/2018\/07\/30\/9-aylik-tek-tip-askerlik-sistemi-gelecek-yeni-sistemde-askerlik\/","og_locale":"fr_FR","og_type":"article","og_title":"9 Ayl\u0131k Tek Tip Askerlik sistemi gelecek! Yeni sistemde askerlik... - AvrupaPress","og_description":"&nbsp; Cumhurba\u015fkan\u0131 Recep Tayyip Erdo\u011fan&rsquo;\u0131n a\u00e7\u0131klamalar\u0131 do\u011frultusunda, yeni sistemde 9 Ayl\u0131k Tek Tip Askerlik gelecek. Buna g\u00f6re, profesyonel ordu sistemine ge\u00e7ilinceye dek herkes i\u00e7in \u00f6ng\u00f6r\u00fclen 9 Ayl\u0131k Tek Tip Askerlik Sisteminde, 3 ayl\u0131k Temel E\u011fitimin ard\u0131ndan 6 ay s\u00fcresince asgari \u00fccret miktar\u0131n\u0131 \u00f6deyenler terhis edilecek. Cumhurba\u015fkan\u0131 Recep Tayyip Erdo\u011fan&rsquo;\u0131n a\u00e7\u0131klamalar\u0131nda yer verdi\u011fi\u00a0yeni sistemde askerlik\u00a0konusuna ili\u015fkin [&hellip;]","og_url":"https:\/\/avrupapress.com\/2018\/07\/30\/9-aylik-tek-tip-askerlik-sistemi-gelecek-yeni-sistemde-askerlik\/","og_site_name":"AvrupaPress","article_published_time":"2018-07-30T08:58:52+00:00","og_image":[{"width":620,"height":360,"url":"https:\/\/avrupapress.com\/wp-content\/uploads\/2018\/07\/9_aylik_tek_tip_askerlik_sistemi_gelecek_2018_yeni_sistemde_askerlik_1532602271_2001.jpg","type":"image\/jpeg"}],"author":"Edit\u00f6r","twitter_card":"summary_large_image","twitter_misc":{"\u00c9crit par":"Edit\u00f6r","Dur\u00e9e de lecture est.":"2 minutes"},"schema":{"@context":"https:\/\/schema.org","@graph":[{"@type":"Article","@id":"https:\/\/avrupapress.com\/2018\/07\/30\/9-aylik-tek-tip-askerlik-sistemi-gelecek-yeni-sistemde-askerlik\/#article","isPartOf":{"@id":"https:\/\/avrupapress.com\/2018\/07\/30\/9-aylik-tek-tip-askerlik-sistemi-gelecek-yeni-sistemde-askerlik\/"},"author":{"name":"Edit\u00f6r","@id":"https:\/\/avrupapress.com\/#\/schema\/person\/68428444ec60970d1e1b700cf4ca1e8f"},"headline":"9 Ayl\u0131k Tek Tip Askerlik sistemi gelecek! Yeni sistemde askerlik&#8230;","datePublished":"2018-07-30T08:58:52+00:00","mainEntityOfPage":{"@id":"https:\/\/avrupapress.com\/2018\/07\/30\/9-aylik-tek-tip-askerlik-sistemi-gelecek-yeni-sistemde-askerlik\/"},"wordCount":445,"commentCount":0,"publisher":{"@id":"https:\/\/avrupapress.com\/#\/schema\/person\/0223dca19c72c43575bf30d1a2d8f4fa"},"image":{"@id":"https:\/\/avrupapress.com\/2018\/07\/30\/9-aylik-tek-tip-askerlik-sistemi-gelecek-yeni-sistemde-askerlik\/#primaryimage"},"thumbnailUrl":"https:\/\/avrupapress.com\/main\/wp-content\/uploads\/2018\/07\/9_aylik_tek_tip_askerlik_sistemi_gelecek_2018_yeni_sistemde_askerlik_1532602271_2001.jpg","keywords":["9 Ayl\u0131k Tek Tip","Askerlik sistemi gelecek!","Yeni sistemde askerlik..."],"articleSection":["Avrupa","Bel\u00e7ika","D\u00fcnya","Ekonomi","K\u00fclt\u00fcr-Sanat","Tan\u0131t\u0131m","T\u00fcrkiye","Uncategorized"],"inLanguage":"fr-BE","potentialAction":[{"@type":"CommentAction","name":"Comment","target":["https:\/\/avrupapress.com\/2018\/07\/30\/9-aylik-tek-tip-askerlik-sistemi-gelecek-yeni-sistemde-askerlik\/#respond"]}]},{"@type":"WebPage","@id":"https:\/\/avrupapress.com\/2018\/07\/30\/9-aylik-tek-tip-askerlik-sistemi-gelecek-yeni-sistemde-askerlik\/","url":"https:\/\/avrupapress.com\/2018\/07\/30\/9-aylik-tek-tip-askerlik-sistemi-gelecek-yeni-sistemde-askerlik\/","name":"9 Ayl\u0131k Tek Tip Askerlik sistemi gelecek! Yeni sistemde askerlik... - AvrupaPress","isPartOf":{"@id":"https:\/\/avrupapress.com\/#website"},"primaryImageOfPage":{"@id":"https:\/\/avrupapress.com\/2018\/07\/30\/9-aylik-tek-tip-askerlik-sistemi-gelecek-yeni-sistemde-askerlik\/#primaryimage"},"image":{"@id":"https:\/\/avrupapress.com\/2018\/07\/30\/9-aylik-tek-tip-askerlik-sistemi-gelecek-yeni-sistemde-askerlik\/#primaryimage"},"thumbnailUrl":"https:\/\/avrupapress.com\/main\/wp-content\/uploads\/2018\/07\/9_aylik_tek_tip_askerlik_sistemi_gelecek_2018_yeni_sistemde_askerlik_1532602271_2001.jpg","datePublished":"2018-07-30T08:58:52+00:00","breadcrumb":{"@id":"https:\/\/avrupapress.com\/2018\/07\/30\/9-aylik-tek-tip-askerlik-sistemi-gelecek-yeni-sistemde-askerlik\/#breadcrumb"},"inLanguage":"fr-BE","potentialAction":[{"@type":"ReadAction","target":["https:\/\/avrupapress.com\/2018\/07\/30\/9-aylik-tek-tip-askerlik-sistemi-gelecek-yeni-sistemde-askerlik\/"]}]},{"@type":"ImageObject","inLanguage":"fr-BE","@id":"https:\/\/avrupapress.com\/2018\/07\/30\/9-aylik-tek-tip-askerlik-sistemi-gelecek-yeni-sistemde-askerlik\/#primaryimage","url":"https:\/\/avrupapress.com\/main\/wp-content\/uploads\/2018\/07\/9_aylik_tek_tip_askerlik_sistemi_gelecek_2018_yeni_sistemde_askerlik_1532602271_2001.jpg","contentUrl":"https:\/\/avrupapress.com\/main\/wp-content\/uploads\/2018\/07\/9_aylik_tek_tip_askerlik_sistemi_gelecek_2018_yeni_sistemde_askerlik_1532602271_2001.jpg","width":620,"height":360},{"@type":"BreadcrumbList","@id":"https:\/\/avrupapress.com\/2018\/07\/30\/9-aylik-tek-tip-askerlik-sistemi-gelecek-yeni-sistemde-askerlik\/#breadcrumb","itemListElement":[{"@type":"ListItem","position":1,"name":"Anasayfa","item":"https:\/\/avrupapress.com\/"},{"@type":"ListItem","position":2,"name":"9 Ayl\u0131k Tek Tip Askerlik sistemi gelecek! Yeni sistemde askerlik&#8230;"}]},{"@type":"WebSite","@id":"https:\/\/avrupapress.com\/#website","url":"https:\/\/avrupapress.com\/","name":"AvrupaPress","description":"Haberin Adresi","publisher":{"@id":"https:\/\/avrupapress.com\/#\/schema\/person\/0223dca19c72c43575bf30d1a2d8f4fa"},"potentialAction":[{"@type":"SearchAction","target":{"@type":"EntryPoint","urlTemplate":"https:\/\/avrupapress.com\/?s={search_term_string}"},"query-input":{"@type":"PropertyValueSpecification","valueRequired":true,"valueName":"search_term_string"}}],"inLanguage":"fr-BE"},{"@type":["Person","Organization"],"@id":"https:\/\/avrupapress.com\/#\/schema\/person\/0223dca19c72c43575bf30d1a2d8f4fa","name":"Bilgin \u00d6z\u00e7ift\u00e7i","image":{"@type":"ImageObject","inLanguage":"fr-BE","@id":"https:\/\/avrupapress.com\/#\/schema\/person\/image\/","url":"https:\/\/secure.gravatar.com\/avatar\/0f23b280433a21e1ea7a0adcc46ed0ad16afe3ad8e630fd13d8a017dcbd54ef3?s=96&d=mm&r=g","contentUrl":"https:\/\/secure.gravatar.com\/avatar\/0f23b280433a21e1ea7a0adcc46ed0ad16afe3ad8e630fd13d8a017dcbd54ef3?s=96&d=mm&r=g","caption":"Bilgin \u00d6z\u00e7ift\u00e7i"},"logo":{"@id":"https:\/\/avrupapress.com\/#\/schema\/person\/image\/"},"description":"Ne ben, nede sen... Biz ancak \"biz\" olursak g\u00fc\u00e7l\u00fc olabiliriz"},{"@type":"Person","@id":"https:\/\/avrupapress.com\/#\/schema\/person\/68428444ec60970d1e1b700cf4ca1e8f","name":"Edit\u00f6r","image":{"@type":"ImageObject","inLanguage":"fr-BE","@id":"https:\/\/avrupapress.com\/#\/schema\/person\/image\/","url":"https:\/\/secure.gravatar.com\/avatar\/74996b0977aa5f1559ba9883776652508b229005c0d78fb2597897f0bd651c09?s=96&d=mm&r=g","contentUrl":"https:\/\/secure.gravatar.com\/avatar\/74996b0977aa5f1559ba9883776652508b229005c0d78fb2597897f0bd651c09?s=96&d=mm&r=g","caption":"Edit\u00f6r"},"sameAs":["http:\/\/www.avrupapress.com"],"url":"https:\/\/avrupapress.com\/main\/author\/editor\/"}]}},"_links":{"self":[{"href":"https:\/\/avrupapress.com\/main\/wp-json\/wp\/v2\/posts\/6185","targetHints":{"allow":["GET"]}}],"collection":[{"href":"https:\/\/avrupapress.com\/main\/wp-json\/wp\/v2\/posts"}],"about":[{"href":"https:\/\/avrupapress.com\/main\/wp-json\/wp\/v2\/types\/post"}],"author":[{"embeddable":true,"href":"https:\/\/avrupapress.com\/main\/wp-json\/wp\/v2\/users\/3"}],"replies":[{"embeddable":true,"href":"https:\/\/avrupapress.com\/main\/wp-json\/wp\/v2\/comments?post=6185"}],"version-history":[{"count":1,"href":"https:\/\/avrupapress.com\/main\/wp-json\/wp\/v2\/posts\/6185\/revisions"}],"predecessor-version":[{"id":6187,"href":"https:\/\/avrupapress.com\/main\/wp-json\/wp\/v2\/posts\/6185\/revisions\/6187"}],"wp:featuredmedia":[{"embeddable":true,"href":"https:\/\/avrupapress.com\/main\/wp-json\/wp\/v2\/media\/6186"}],"wp:attachment":[{"href":"https:\/\/avrupapress.com\/main\/wp-json\/wp\/v2\/media?parent=6185"}],"wp:term":[{"taxonomy":"category","embeddable":true,"href":"https:\/\/avrupapress.com\/main\/wp-json\/wp\/v2\/categories?post=6185"},{"taxonomy":"post_tag","embeddable":true,"href":"https:\/\/avrupapress.com\/main\/wp-json\/wp\/v2\/tags?post=6185"}],"curies":[{"name":"wp","href":"https:\/\/api.w.org\/{rel}","templated":true}]}}