{"id":6127,"date":"2018-07-25T06:37:37","date_gmt":"2018-07-25T06:37:37","guid":{"rendered":"http:\/\/avrupapress.com\/main\/?p=6127"},"modified":"2018-07-25T06:37:37","modified_gmt":"2018-07-25T06:37:37","slug":"almanyada-ic-istihbarat-uetdyi-takibe-almis","status":"publish","type":"post","link":"https:\/\/avrupapress.com\/main\/2018\/07\/25\/almanyada-ic-istihbarat-uetdyi-takibe-almis\/","title":{"rendered":"Almanya\u2019da i\u00e7 istihbarat UETD\u2019yi takibe alm\u0131\u015f"},"content":{"rendered":"<p>&nbsp;<\/p>\n<h2 class=\"spot\">Almanya \u0130\u00e7i\u015fleri Bakan\u0131 Horst Seehofer ve i\u00e7 istihbarat birimi olan Anayasay\u0131 Koruma Te\u015fkilat\u0131 (BfV) Ba\u015fkan\u0131 Hans Georg Maassen, ba\u015fkent Berlin\u2019de y\u0131ll\u0131k istihbarat raporunu a\u00e7\u0131klad\u0131.<\/h2>\n<p>lman istihbarat\u0131, raporun yabanc\u0131 istihbarat te\u015fkilatlar\u0131 b\u00f6l\u00fcm\u00fcnde Milli \u0130stihbarat Te\u015fkilat\u0131\u2019na (M\u0130T) da yer verdi. BfV Ba\u015fkan\u0131 Maassen, M\u0130T\u2019i ter\u00f6rle m\u00fccadelede partner olarak nitelendirdi ancak Almanya\u2019da muhalifler hakk\u0131nda istihbarat toplamas\u0131n\u0131n kabul edilemeyece\u011fini s\u00f6yledi.<\/p>\n<p>Maassen ayr\u0131ca, Avrupal\u0131 T\u00fcrk Demokratlar Birli\u011fi\u2019ni (UETD) milliyet\u00e7i bir grup olarak tan\u0131mlad\u0131 ve Almanya\u2019n\u0131n \u00f6zg\u00fcrl\u00fck\u00e7\u00fc, demokratik d\u00fczeniyle uyu\u015fmad\u0131\u011f\u0131n\u0131 s\u00f6yledi.<\/p>\n<div class=\"readmore\"><\/div>\n<p>Maassen, \u201cPeki UETD\u2019yi g\u00f6zlemliyor musunuz?\u201d sorusuna da \u201cEvet\u201d yan\u0131t\u0131n\u0131 verdi.<\/p>\n<p>\u00d6te yandan rapora g\u00f6re; Almanya\u2019da 12 bin 700 \u015fiddet yanl\u0131s\u0131 var. A\u015f\u0131r\u0131 sa\u011fc\u0131lar\u0131n say\u0131s\u0131 ise 23 binden 24 bine ula\u015ft\u0131.<\/p>\n","protected":false},"excerpt":{"rendered":"<p>&nbsp; Almanya \u0130\u00e7i\u015fleri Bakan\u0131 Horst Seehofer ve i\u00e7 istihbarat birimi olan Anayasay\u0131 Koruma Te\u015fkilat\u0131 (BfV) Ba\u015fkan\u0131 Hans Georg Maassen, ba\u015fkent Berlin\u2019de y\u0131ll\u0131k istihbarat raporunu a\u00e7\u0131klad\u0131. lman istihbarat\u0131, raporun yabanc\u0131 istihbarat te\u015fkilatlar\u0131 b\u00f6l\u00fcm\u00fcnde Milli \u0130stihbarat Te\u015fkilat\u0131\u2019na (M\u0130T) da yer verdi. BfV Ba\u015fkan\u0131 Maassen, M\u0130T\u2019i ter\u00f6rle m\u00fccadelede partner olarak nitelendirdi ancak Almanya\u2019da muhalifler hakk\u0131nda istihbarat toplamas\u0131n\u0131n kabul [&hellip;]<\/p>\n","protected":false},"author":3,"featured_media":6128,"comment_status":"open","ping_status":"open","sticky":false,"template":"","format":"standard","meta":{"footnotes":""},"categories":[14,16,3,17,18,19,2,1],"tags":[1069,3955,3957,3956],"class_list":["post-6127","post","type-post","status-publish","format-standard","has-post-thumbnail","hentry","category-avrupa","category-belcika","category-dunya","category-ekonomi","category-kultur-sanat","category-tanitim","category-turkiye","category-uncategorized","tag-almanyada","tag-ic-istihbarat","tag-takibe-almis","tag-uetdyi"],"yoast_head":"<!-- This site is optimized with the Yoast SEO plugin v26.9 - https:\/\/yoast.com\/product\/yoast-seo-wordpress\/ -->\n<title>Almanya\u2019da i\u00e7 istihbarat UETD\u2019yi takibe alm\u0131\u015f - AvrupaPress<\/title>\n<meta name=\"robots\" content=\"index, follow, max-snippet:-1, max-image-preview:large, max-video-preview:-1\" \/>\n<link rel=\"canonical\" href=\"https:\/\/avrupapress.com\/2018\/07\/25\/almanyada-ic-istihbarat-uetdyi-takibe-almis\/\" \/>\n<meta property=\"og:locale\" content=\"fr_FR\" \/>\n<meta property=\"og:type\" content=\"article\" \/>\n<meta property=\"og:title\" content=\"Almanya\u2019da i\u00e7 istihbarat UETD\u2019yi takibe alm\u0131\u015f - AvrupaPress\" \/>\n<meta property=\"og:description\" content=\"&nbsp; Almanya \u0130\u00e7i\u015fleri Bakan\u0131 Horst Seehofer ve i\u00e7 istihbarat birimi olan Anayasay\u0131 Koruma Te\u015fkilat\u0131 (BfV) Ba\u015fkan\u0131 Hans Georg Maassen, ba\u015fkent Berlin\u2019de y\u0131ll\u0131k istihbarat raporunu a\u00e7\u0131klad\u0131. lman istihbarat\u0131, raporun yabanc\u0131 istihbarat te\u015fkilatlar\u0131 b\u00f6l\u00fcm\u00fcnde Milli \u0130stihbarat Te\u015fkilat\u0131\u2019na (M\u0130T) da yer verdi. BfV Ba\u015fkan\u0131 Maassen, M\u0130T\u2019i ter\u00f6rle m\u00fccadelede partner olarak nitelendirdi ancak Almanya\u2019da muhalifler hakk\u0131nda istihbarat toplamas\u0131n\u0131n kabul [&hellip;]\" \/>\n<meta property=\"og:url\" content=\"https:\/\/avrupapress.com\/2018\/07\/25\/almanyada-ic-istihbarat-uetdyi-takibe-almis\/\" \/>\n<meta property=\"og:site_name\" content=\"AvrupaPress\" \/>\n<meta property=\"article:published_time\" content=\"2018-07-25T06:37:37+00:00\" \/>\n<meta property=\"og:image\" content=\"https:\/\/avrupapress.com\/wp-content\/uploads\/2018\/07\/umOES_1532495545_5847.jpg\" \/>\n\t<meta property=\"og:image:width\" content=\"620\" \/>\n\t<meta property=\"og:image:height\" content=\"360\" \/>\n\t<meta property=\"og:image:type\" content=\"image\/jpeg\" \/>\n<meta name=\"author\" content=\"Edit\u00f6r\" \/>\n<meta name=\"twitter:card\" content=\"summary_large_image\" \/>\n<meta name=\"twitter:label1\" content=\"\u00c9crit par\" \/>\n\t<meta name=\"twitter:data1\" content=\"Edit\u00f6r\" \/>\n\t<meta name=\"twitter:label2\" content=\"Dur\u00e9e de lecture est.\" \/>\n\t<meta name=\"twitter:data2\" content=\"1 minute\" \/>\n<script type=\"application\/ld+json\" class=\"yoast-schema-graph\">{\"@context\":\"https:\/\/schema.org\",\"@graph\":[{\"@type\":\"Article\",\"@id\":\"https:\/\/avrupapress.com\/2018\/07\/25\/almanyada-ic-istihbarat-uetdyi-takibe-almis\/#article\",\"isPartOf\":{\"@id\":\"https:\/\/avrupapress.com\/2018\/07\/25\/almanyada-ic-istihbarat-uetdyi-takibe-almis\/\"},\"author\":{\"name\":\"Edit\u00f6r\",\"@id\":\"https:\/\/avrupapress.com\/#\/schema\/person\/68428444ec60970d1e1b700cf4ca1e8f\"},\"headline\":\"Almanya\u2019da i\u00e7 istihbarat UETD\u2019yi takibe alm\u0131\u015f\",\"datePublished\":\"2018-07-25T06:37:37+00:00\",\"mainEntityOfPage\":{\"@id\":\"https:\/\/avrupapress.com\/2018\/07\/25\/almanyada-ic-istihbarat-uetdyi-takibe-almis\/\"},\"wordCount\":163,\"commentCount\":0,\"publisher\":{\"@id\":\"https:\/\/avrupapress.com\/#\/schema\/person\/0223dca19c72c43575bf30d1a2d8f4fa\"},\"image\":{\"@id\":\"https:\/\/avrupapress.com\/2018\/07\/25\/almanyada-ic-istihbarat-uetdyi-takibe-almis\/#primaryimage\"},\"thumbnailUrl\":\"https:\/\/avrupapress.com\/main\/wp-content\/uploads\/2018\/07\/umOES_1532495545_5847.jpg\",\"keywords\":[\"Almanya\u2019da\",\"i\u00e7 istihbarat\",\"takibe alm\u0131\u015f\",\"UETD\u2019yi\"],\"articleSection\":[\"Avrupa\",\"Bel\u00e7ika\",\"D\u00fcnya\",\"Ekonomi\",\"K\u00fclt\u00fcr-Sanat\",\"Tan\u0131t\u0131m\",\"T\u00fcrkiye\",\"Uncategorized\"],\"inLanguage\":\"fr-BE\",\"potentialAction\":[{\"@type\":\"CommentAction\",\"name\":\"Comment\",\"target\":[\"https:\/\/avrupapress.com\/2018\/07\/25\/almanyada-ic-istihbarat-uetdyi-takibe-almis\/#respond\"]}]},{\"@type\":\"WebPage\",\"@id\":\"https:\/\/avrupapress.com\/2018\/07\/25\/almanyada-ic-istihbarat-uetdyi-takibe-almis\/\",\"url\":\"https:\/\/avrupapress.com\/2018\/07\/25\/almanyada-ic-istihbarat-uetdyi-takibe-almis\/\",\"name\":\"Almanya\u2019da i\u00e7 istihbarat UETD\u2019yi takibe alm\u0131\u015f - AvrupaPress\",\"isPartOf\":{\"@id\":\"https:\/\/avrupapress.com\/#website\"},\"primaryImageOfPage\":{\"@id\":\"https:\/\/avrupapress.com\/2018\/07\/25\/almanyada-ic-istihbarat-uetdyi-takibe-almis\/#primaryimage\"},\"image\":{\"@id\":\"https:\/\/avrupapress.com\/2018\/07\/25\/almanyada-ic-istihbarat-uetdyi-takibe-almis\/#primaryimage\"},\"thumbnailUrl\":\"https:\/\/avrupapress.com\/main\/wp-content\/uploads\/2018\/07\/umOES_1532495545_5847.jpg\",\"datePublished\":\"2018-07-25T06:37:37+00:00\",\"breadcrumb\":{\"@id\":\"https:\/\/avrupapress.com\/2018\/07\/25\/almanyada-ic-istihbarat-uetdyi-takibe-almis\/#breadcrumb\"},\"inLanguage\":\"fr-BE\",\"potentialAction\":[{\"@type\":\"ReadAction\",\"target\":[\"https:\/\/avrupapress.com\/2018\/07\/25\/almanyada-ic-istihbarat-uetdyi-takibe-almis\/\"]}]},{\"@type\":\"ImageObject\",\"inLanguage\":\"fr-BE\",\"@id\":\"https:\/\/avrupapress.com\/2018\/07\/25\/almanyada-ic-istihbarat-uetdyi-takibe-almis\/#primaryimage\",\"url\":\"https:\/\/avrupapress.com\/main\/wp-content\/uploads\/2018\/07\/umOES_1532495545_5847.jpg\",\"contentUrl\":\"https:\/\/avrupapress.com\/main\/wp-content\/uploads\/2018\/07\/umOES_1532495545_5847.jpg\",\"width\":620,\"height\":360},{\"@type\":\"BreadcrumbList\",\"@id\":\"https:\/\/avrupapress.com\/2018\/07\/25\/almanyada-ic-istihbarat-uetdyi-takibe-almis\/#breadcrumb\",\"itemListElement\":[{\"@type\":\"ListItem\",\"position\":1,\"name\":\"Anasayfa\",\"item\":\"https:\/\/avrupapress.com\/\"},{\"@type\":\"ListItem\",\"position\":2,\"name\":\"Almanya\u2019da i\u00e7 istihbarat UETD\u2019yi takibe alm\u0131\u015f\"}]},{\"@type\":\"WebSite\",\"@id\":\"https:\/\/avrupapress.com\/#website\",\"url\":\"https:\/\/avrupapress.com\/\",\"name\":\"AvrupaPress\",\"description\":\"Haberin Adresi\",\"publisher\":{\"@id\":\"https:\/\/avrupapress.com\/#\/schema\/person\/0223dca19c72c43575bf30d1a2d8f4fa\"},\"potentialAction\":[{\"@type\":\"SearchAction\",\"target\":{\"@type\":\"EntryPoint\",\"urlTemplate\":\"https:\/\/avrupapress.com\/?s={search_term_string}\"},\"query-input\":{\"@type\":\"PropertyValueSpecification\",\"valueRequired\":true,\"valueName\":\"search_term_string\"}}],\"inLanguage\":\"fr-BE\"},{\"@type\":[\"Person\",\"Organization\"],\"@id\":\"https:\/\/avrupapress.com\/#\/schema\/person\/0223dca19c72c43575bf30d1a2d8f4fa\",\"name\":\"Bilgin \u00d6z\u00e7ift\u00e7i\",\"image\":{\"@type\":\"ImageObject\",\"inLanguage\":\"fr-BE\",\"@id\":\"https:\/\/avrupapress.com\/#\/schema\/person\/image\/\",\"url\":\"https:\/\/secure.gravatar.com\/avatar\/0f23b280433a21e1ea7a0adcc46ed0ad16afe3ad8e630fd13d8a017dcbd54ef3?s=96&d=mm&r=g\",\"contentUrl\":\"https:\/\/secure.gravatar.com\/avatar\/0f23b280433a21e1ea7a0adcc46ed0ad16afe3ad8e630fd13d8a017dcbd54ef3?s=96&d=mm&r=g\",\"caption\":\"Bilgin \u00d6z\u00e7ift\u00e7i\"},\"logo\":{\"@id\":\"https:\/\/avrupapress.com\/#\/schema\/person\/image\/\"},\"description\":\"Ne ben, nede sen... Biz ancak \\\"biz\\\" olursak g\u00fc\u00e7l\u00fc olabiliriz\"},{\"@type\":\"Person\",\"@id\":\"https:\/\/avrupapress.com\/#\/schema\/person\/68428444ec60970d1e1b700cf4ca1e8f\",\"name\":\"Edit\u00f6r\",\"image\":{\"@type\":\"ImageObject\",\"inLanguage\":\"fr-BE\",\"@id\":\"https:\/\/avrupapress.com\/#\/schema\/person\/image\/\",\"url\":\"https:\/\/secure.gravatar.com\/avatar\/74996b0977aa5f1559ba9883776652508b229005c0d78fb2597897f0bd651c09?s=96&d=mm&r=g\",\"contentUrl\":\"https:\/\/secure.gravatar.com\/avatar\/74996b0977aa5f1559ba9883776652508b229005c0d78fb2597897f0bd651c09?s=96&d=mm&r=g\",\"caption\":\"Edit\u00f6r\"},\"sameAs\":[\"http:\/\/www.avrupapress.com\"],\"url\":\"https:\/\/avrupapress.com\/main\/author\/editor\/\"}]}<\/script>\n<!-- \/ Yoast SEO plugin. -->","yoast_head_json":{"title":"Almanya\u2019da i\u00e7 istihbarat UETD\u2019yi takibe alm\u0131\u015f - AvrupaPress","robots":{"index":"index","follow":"follow","max-snippet":"max-snippet:-1","max-image-preview":"max-image-preview:large","max-video-preview":"max-video-preview:-1"},"canonical":"https:\/\/avrupapress.com\/2018\/07\/25\/almanyada-ic-istihbarat-uetdyi-takibe-almis\/","og_locale":"fr_FR","og_type":"article","og_title":"Almanya\u2019da i\u00e7 istihbarat UETD\u2019yi takibe alm\u0131\u015f - AvrupaPress","og_description":"&nbsp; Almanya \u0130\u00e7i\u015fleri Bakan\u0131 Horst Seehofer ve i\u00e7 istihbarat birimi olan Anayasay\u0131 Koruma Te\u015fkilat\u0131 (BfV) Ba\u015fkan\u0131 Hans Georg Maassen, ba\u015fkent Berlin\u2019de y\u0131ll\u0131k istihbarat raporunu a\u00e7\u0131klad\u0131. lman istihbarat\u0131, raporun yabanc\u0131 istihbarat te\u015fkilatlar\u0131 b\u00f6l\u00fcm\u00fcnde Milli \u0130stihbarat Te\u015fkilat\u0131\u2019na (M\u0130T) da yer verdi. BfV Ba\u015fkan\u0131 Maassen, M\u0130T\u2019i ter\u00f6rle m\u00fccadelede partner olarak nitelendirdi ancak Almanya\u2019da muhalifler hakk\u0131nda istihbarat toplamas\u0131n\u0131n kabul [&hellip;]","og_url":"https:\/\/avrupapress.com\/2018\/07\/25\/almanyada-ic-istihbarat-uetdyi-takibe-almis\/","og_site_name":"AvrupaPress","article_published_time":"2018-07-25T06:37:37+00:00","og_image":[{"width":620,"height":360,"url":"https:\/\/avrupapress.com\/wp-content\/uploads\/2018\/07\/umOES_1532495545_5847.jpg","type":"image\/jpeg"}],"author":"Edit\u00f6r","twitter_card":"summary_large_image","twitter_misc":{"\u00c9crit par":"Edit\u00f6r","Dur\u00e9e de lecture est.":"1 minute"},"schema":{"@context":"https:\/\/schema.org","@graph":[{"@type":"Article","@id":"https:\/\/avrupapress.com\/2018\/07\/25\/almanyada-ic-istihbarat-uetdyi-takibe-almis\/#article","isPartOf":{"@id":"https:\/\/avrupapress.com\/2018\/07\/25\/almanyada-ic-istihbarat-uetdyi-takibe-almis\/"},"author":{"name":"Edit\u00f6r","@id":"https:\/\/avrupapress.com\/#\/schema\/person\/68428444ec60970d1e1b700cf4ca1e8f"},"headline":"Almanya\u2019da i\u00e7 istihbarat UETD\u2019yi takibe alm\u0131\u015f","datePublished":"2018-07-25T06:37:37+00:00","mainEntityOfPage":{"@id":"https:\/\/avrupapress.com\/2018\/07\/25\/almanyada-ic-istihbarat-uetdyi-takibe-almis\/"},"wordCount":163,"commentCount":0,"publisher":{"@id":"https:\/\/avrupapress.com\/#\/schema\/person\/0223dca19c72c43575bf30d1a2d8f4fa"},"image":{"@id":"https:\/\/avrupapress.com\/2018\/07\/25\/almanyada-ic-istihbarat-uetdyi-takibe-almis\/#primaryimage"},"thumbnailUrl":"https:\/\/avrupapress.com\/main\/wp-content\/uploads\/2018\/07\/umOES_1532495545_5847.jpg","keywords":["Almanya\u2019da","i\u00e7 istihbarat","takibe alm\u0131\u015f","UETD\u2019yi"],"articleSection":["Avrupa","Bel\u00e7ika","D\u00fcnya","Ekonomi","K\u00fclt\u00fcr-Sanat","Tan\u0131t\u0131m","T\u00fcrkiye","Uncategorized"],"inLanguage":"fr-BE","potentialAction":[{"@type":"CommentAction","name":"Comment","target":["https:\/\/avrupapress.com\/2018\/07\/25\/almanyada-ic-istihbarat-uetdyi-takibe-almis\/#respond"]}]},{"@type":"WebPage","@id":"https:\/\/avrupapress.com\/2018\/07\/25\/almanyada-ic-istihbarat-uetdyi-takibe-almis\/","url":"https:\/\/avrupapress.com\/2018\/07\/25\/almanyada-ic-istihbarat-uetdyi-takibe-almis\/","name":"Almanya\u2019da i\u00e7 istihbarat UETD\u2019yi takibe alm\u0131\u015f - AvrupaPress","isPartOf":{"@id":"https:\/\/avrupapress.com\/#website"},"primaryImageOfPage":{"@id":"https:\/\/avrupapress.com\/2018\/07\/25\/almanyada-ic-istihbarat-uetdyi-takibe-almis\/#primaryimage"},"image":{"@id":"https:\/\/avrupapress.com\/2018\/07\/25\/almanyada-ic-istihbarat-uetdyi-takibe-almis\/#primaryimage"},"thumbnailUrl":"https:\/\/avrupapress.com\/main\/wp-content\/uploads\/2018\/07\/umOES_1532495545_5847.jpg","datePublished":"2018-07-25T06:37:37+00:00","breadcrumb":{"@id":"https:\/\/avrupapress.com\/2018\/07\/25\/almanyada-ic-istihbarat-uetdyi-takibe-almis\/#breadcrumb"},"inLanguage":"fr-BE","potentialAction":[{"@type":"ReadAction","target":["https:\/\/avrupapress.com\/2018\/07\/25\/almanyada-ic-istihbarat-uetdyi-takibe-almis\/"]}]},{"@type":"ImageObject","inLanguage":"fr-BE","@id":"https:\/\/avrupapress.com\/2018\/07\/25\/almanyada-ic-istihbarat-uetdyi-takibe-almis\/#primaryimage","url":"https:\/\/avrupapress.com\/main\/wp-content\/uploads\/2018\/07\/umOES_1532495545_5847.jpg","contentUrl":"https:\/\/avrupapress.com\/main\/wp-content\/uploads\/2018\/07\/umOES_1532495545_5847.jpg","width":620,"height":360},{"@type":"BreadcrumbList","@id":"https:\/\/avrupapress.com\/2018\/07\/25\/almanyada-ic-istihbarat-uetdyi-takibe-almis\/#breadcrumb","itemListElement":[{"@type":"ListItem","position":1,"name":"Anasayfa","item":"https:\/\/avrupapress.com\/"},{"@type":"ListItem","position":2,"name":"Almanya\u2019da i\u00e7 istihbarat UETD\u2019yi takibe alm\u0131\u015f"}]},{"@type":"WebSite","@id":"https:\/\/avrupapress.com\/#website","url":"https:\/\/avrupapress.com\/","name":"AvrupaPress","description":"Haberin Adresi","publisher":{"@id":"https:\/\/avrupapress.com\/#\/schema\/person\/0223dca19c72c43575bf30d1a2d8f4fa"},"potentialAction":[{"@type":"SearchAction","target":{"@type":"EntryPoint","urlTemplate":"https:\/\/avrupapress.com\/?s={search_term_string}"},"query-input":{"@type":"PropertyValueSpecification","valueRequired":true,"valueName":"search_term_string"}}],"inLanguage":"fr-BE"},{"@type":["Person","Organization"],"@id":"https:\/\/avrupapress.com\/#\/schema\/person\/0223dca19c72c43575bf30d1a2d8f4fa","name":"Bilgin \u00d6z\u00e7ift\u00e7i","image":{"@type":"ImageObject","inLanguage":"fr-BE","@id":"https:\/\/avrupapress.com\/#\/schema\/person\/image\/","url":"https:\/\/secure.gravatar.com\/avatar\/0f23b280433a21e1ea7a0adcc46ed0ad16afe3ad8e630fd13d8a017dcbd54ef3?s=96&d=mm&r=g","contentUrl":"https:\/\/secure.gravatar.com\/avatar\/0f23b280433a21e1ea7a0adcc46ed0ad16afe3ad8e630fd13d8a017dcbd54ef3?s=96&d=mm&r=g","caption":"Bilgin \u00d6z\u00e7ift\u00e7i"},"logo":{"@id":"https:\/\/avrupapress.com\/#\/schema\/person\/image\/"},"description":"Ne ben, nede sen... Biz ancak \"biz\" olursak g\u00fc\u00e7l\u00fc olabiliriz"},{"@type":"Person","@id":"https:\/\/avrupapress.com\/#\/schema\/person\/68428444ec60970d1e1b700cf4ca1e8f","name":"Edit\u00f6r","image":{"@type":"ImageObject","inLanguage":"fr-BE","@id":"https:\/\/avrupapress.com\/#\/schema\/person\/image\/","url":"https:\/\/secure.gravatar.com\/avatar\/74996b0977aa5f1559ba9883776652508b229005c0d78fb2597897f0bd651c09?s=96&d=mm&r=g","contentUrl":"https:\/\/secure.gravatar.com\/avatar\/74996b0977aa5f1559ba9883776652508b229005c0d78fb2597897f0bd651c09?s=96&d=mm&r=g","caption":"Edit\u00f6r"},"sameAs":["http:\/\/www.avrupapress.com"],"url":"https:\/\/avrupapress.com\/main\/author\/editor\/"}]}},"_links":{"self":[{"href":"https:\/\/avrupapress.com\/main\/wp-json\/wp\/v2\/posts\/6127","targetHints":{"allow":["GET"]}}],"collection":[{"href":"https:\/\/avrupapress.com\/main\/wp-json\/wp\/v2\/posts"}],"about":[{"href":"https:\/\/avrupapress.com\/main\/wp-json\/wp\/v2\/types\/post"}],"author":[{"embeddable":true,"href":"https:\/\/avrupapress.com\/main\/wp-json\/wp\/v2\/users\/3"}],"replies":[{"embeddable":true,"href":"https:\/\/avrupapress.com\/main\/wp-json\/wp\/v2\/comments?post=6127"}],"version-history":[{"count":1,"href":"https:\/\/avrupapress.com\/main\/wp-json\/wp\/v2\/posts\/6127\/revisions"}],"predecessor-version":[{"id":6129,"href":"https:\/\/avrupapress.com\/main\/wp-json\/wp\/v2\/posts\/6127\/revisions\/6129"}],"wp:featuredmedia":[{"embeddable":true,"href":"https:\/\/avrupapress.com\/main\/wp-json\/wp\/v2\/media\/6128"}],"wp:attachment":[{"href":"https:\/\/avrupapress.com\/main\/wp-json\/wp\/v2\/media?parent=6127"}],"wp:term":[{"taxonomy":"category","embeddable":true,"href":"https:\/\/avrupapress.com\/main\/wp-json\/wp\/v2\/categories?post=6127"},{"taxonomy":"post_tag","embeddable":true,"href":"https:\/\/avrupapress.com\/main\/wp-json\/wp\/v2\/tags?post=6127"}],"curies":[{"name":"wp","href":"https:\/\/api.w.org\/{rel}","templated":true}]}}