{"id":6124,"date":"2018-07-25T06:26:50","date_gmt":"2018-07-25T06:26:50","guid":{"rendered":"http:\/\/avrupapress.com\/main\/?p=6124"},"modified":"2018-07-25T06:26:50","modified_gmt":"2018-07-25T06:26:50","slug":"pakistan-sandik-basinda-oy-verme-islemi-basladi","status":"publish","type":"post","link":"https:\/\/avrupapress.com\/main\/2018\/07\/25\/pakistan-sandik-basinda-oy-verme-islemi-basladi\/","title":{"rendered":"Pakistan sand\u0131k ba\u015f\u0131nda! Oy verme i\u015flemi ba\u015flad\u0131"},"content":{"rendered":"<p>&nbsp;<\/p>\n<h2 class=\"spot\">Pakistan&rsquo;da 105 milyonu a\u015fk\u0131n se\u00e7men, \u00fclkede 5 y\u0131l yasama g\u00f6revini y\u00fcr\u00fctecek Pakistan Ulusal Meclisi (NA) ve eyalet meclislerinin se\u00e7imi i\u00e7in oy kullanmaya ba\u015flad\u0131.<\/h2>\n<p>lke genelinde oy kullanacak vatanda\u015flar yerel saatle 08.00 itibariyle sand\u0131klara gitmeye ba\u015flad\u0131.<\/p>\n<p>Vatanda\u015flar, dar b\u00f6lge sisteminin uyguland\u0131\u011f\u0131 \u00fclkede kendi b\u00f6lgelerinde yar\u0131\u015fan adaylar aras\u0131ndan se\u00e7im yapacak.<\/p>\n<div class=\"readmore\"><\/div>\n<p>85 bini a\u015fk\u0131n sand\u0131kta oy kullanacak vatanda\u015flar \u00fclkede 5 y\u0131l g\u00f6rev yapacak NA ve eyalet meclisi \u00fcyelerini se\u00e7mek i\u00e7in oy kullanacak.<\/p>\n<p>H\u00fck\u00fcmeti kuracak ba\u015fbakan da NA \u00fcyeleri aras\u0131ndan se\u00e7ilecek.<\/p>\n<p>Eyalet meclislerinde 577 ve NA&rsquo;da 272\u00a0olmak \u00fczere toplamda 849 sandalye i\u00e7in 12 binin \u00fczerinde aday yar\u0131\u015f\u0131yor.<\/p>\n<p>Adaylar se\u00e7ime kat\u0131lma hakk\u0131 olan 100&rsquo;\u00fcn \u00fczerinde parti ve ittifak\u0131n aday olurken, baz\u0131 ba\u011f\u0131ms\u0131z isimler de yar\u0131\u015f\u0131yor.<\/p>\n<p>\u00dclkede oy verme i\u015flemi yerel saatle 18.00&rsquo;de sona erecek.<\/p>\n<p><strong>Milletvekili aday\u0131na sald\u0131r\u0131<\/strong><\/p>\n<p>Pakistan&rsquo;da Milli M\u00fcsl\u00fcman Liginin (MML) milletvekili aday\u0131 Faysal Nedim, se\u00e7im ofisine d\u00fczenlenen el bombal\u0131 sald\u0131r\u0131da yaraland\u0131.<\/p>\n<p>Polis yetkilisi Adil \u00c7andio,\u00a0kimli\u011fi belirsiz ki\u015fi ya da ki\u015filerin\u00a0\u00fclkenin g\u00fcneyindeki Latifabad&rsquo;da oy kullanma i\u015fleminin ba\u015flamas\u0131na saatler kala\u00a0Nedim&rsquo;in ofisine el bombas\u0131 att\u0131\u011f\u0131n\u0131 a\u00e7\u0131klad\u0131.<\/p>\n<p>Nedim ve \u015fof\u00f6r\u00fc, ofise girdikleri s\u0131rada d\u00fczenlenen sald\u0131r\u0131da yaraland\u0131.<\/p>\n<p>\u0130kili, \u00e7evredeki hastanelere kald\u0131r\u0131l\u0131rken sa\u011fl\u0131k durumlar\u0131na ili\u015fkin bir a\u00e7\u0131klama yap\u0131lmad\u0131.<\/p>\n<p>Polis, olay yerinden ka\u00e7an sald\u0131rganlar\u0131n yakalanmas\u0131 i\u00e7in operasyon\u00a0ba\u015flatt\u0131.<\/p>\n<p><strong>\u0130ktidar olma yar\u0131\u015f\u0131<\/strong><\/p>\n<p>Se\u00e7imde \u00fc\u00e7 parti ve bir ittifak \u00f6ne \u00e7\u0131k\u0131yor.<\/p>\n<p>Anketlere g\u00f6re, se\u00e7im hapisteki eski Ba\u015fbakan Navaz \u015eerif&rsquo;in partisi Pakistan M\u00fcsl\u00fcman Ligi-Navaz (PML-N) ile \u0130mran Han&rsquo;\u0131n partisi\u00a0Pakistan Tahrik-i \u0130nsaf\u0131 (Pakistan Adalet Hareketi &#8211; PTI) aras\u0131nda ge\u00e7iyor.<\/p>\n<p>Suikasta u\u011frayan eski Ba\u015fbakan Benazir Butto&rsquo;nun\u00a0o\u011flu Bilaval Butto Zerdari&rsquo;nin Pakistan Halk Partisi (PPP) ile dini gruplar\u0131n\u00a0ittifak\u0131 olan\u00a0Muttahida Meclis-i Amal ittifak\u0131&rsquo;n\u0131n (Birle\u015fik Eylem Konseyi-MMA) ise sand\u0131ktan koalisyon \u00e7\u0131kmas\u0131 halinde kilit partiler rol\u00fcn\u00fc \u00fcstlenmesi bekleniyor.<\/p>\n<p><strong>Kampanya s\u00fcrecine kan bula\u015ft\u0131<\/strong><\/p>\n<p>Pakistan&rsquo;da kampanya s\u00fcrecine ter\u00f6r sald\u0131r\u0131lar\u0131 damga vurdu. Temmuz ay\u0131nda\u00a0adaylara, mitinglere ve parti ofislerine 11 ter\u00f6r sald\u0131r\u0131s\u0131 d\u00fczenlendi.<\/p>\n<p>Sand\u0131klar\u0131n kurulmas\u0131na saatler kala Milli M\u00fcsl\u00fcman Ligi (MML) aday\u0131 Faysal Nedim&rsquo;in se\u00e7im ofisine el bombal\u0131 sald\u0131r\u0131 oldu. Sald\u0131r\u0131da Nedim ve yaraland\u0131.<\/p>\n<p>13 Temmuz&rsquo;da ya\u015fanan ve 150 ki\u015finin hayat\u0131n\u0131 kaybetti\u011fi Mastung sald\u0131r\u0131s\u0131, bunlar\u0131n en kanl\u0131s\u0131 oldu.<\/p>\n<p>Pakistan Ulema Camias\u0131&rsquo;n\u0131n (JUI) \u00f6nde gelenlerinden\u00a0Ekrem Han Durrani ise 10 g\u00fcn i\u00e7inde u\u011frad\u0131\u011f\u0131 biri bombal\u0131 biri silahl\u0131 iki sald\u0131r\u0131dan yara almadan kurtuldu.<\/p>\n<p>Bir milletvekili aday\u0131 ise ailesinin deste\u011fini alamad\u0131\u011f\u0131 gerek\u00e7esiyle intihar etti.<\/p>\n","protected":false},"excerpt":{"rendered":"<p>&nbsp; Pakistan&rsquo;da 105 milyonu a\u015fk\u0131n se\u00e7men, \u00fclkede 5 y\u0131l yasama g\u00f6revini y\u00fcr\u00fctecek Pakistan Ulusal Meclisi (NA) ve eyalet meclislerinin se\u00e7imi i\u00e7in oy kullanmaya ba\u015flad\u0131. lke genelinde oy kullanacak vatanda\u015flar yerel saatle 08.00 itibariyle sand\u0131klara gitmeye ba\u015flad\u0131. Vatanda\u015flar, dar b\u00f6lge sisteminin uyguland\u0131\u011f\u0131 \u00fclkede kendi b\u00f6lgelerinde yar\u0131\u015fan adaylar aras\u0131ndan se\u00e7im yapacak. 85 bini a\u015fk\u0131n sand\u0131kta oy kullanacak [&hellip;]<\/p>\n","protected":false},"author":3,"featured_media":6125,"comment_status":"open","ping_status":"open","sticky":false,"template":"","format":"standard","meta":{"footnotes":""},"categories":[14,16,3,17,18,19,2,1],"tags":[3954,3952,3953],"class_list":["post-6124","post","type-post","status-publish","format-standard","has-post-thumbnail","hentry","category-avrupa","category-belcika","category-dunya","category-ekonomi","category-kultur-sanat","category-tanitim","category-turkiye","category-uncategorized","tag-oy-verme-islemi-basladi","tag-pakistan","tag-sandik-basinda"],"yoast_head":"<!-- This site is optimized with the Yoast SEO plugin v26.9 - https:\/\/yoast.com\/product\/yoast-seo-wordpress\/ -->\n<title>Pakistan sand\u0131k ba\u015f\u0131nda! Oy verme i\u015flemi ba\u015flad\u0131 - AvrupaPress<\/title>\n<meta name=\"robots\" content=\"index, follow, max-snippet:-1, max-image-preview:large, max-video-preview:-1\" \/>\n<link rel=\"canonical\" href=\"https:\/\/avrupapress.com\/2018\/07\/25\/pakistan-sandik-basinda-oy-verme-islemi-basladi\/\" \/>\n<meta property=\"og:locale\" content=\"fr_FR\" \/>\n<meta property=\"og:type\" content=\"article\" \/>\n<meta property=\"og:title\" content=\"Pakistan sand\u0131k ba\u015f\u0131nda! Oy verme i\u015flemi ba\u015flad\u0131 - AvrupaPress\" \/>\n<meta property=\"og:description\" content=\"&nbsp; Pakistan&rsquo;da 105 milyonu a\u015fk\u0131n se\u00e7men, \u00fclkede 5 y\u0131l yasama g\u00f6revini y\u00fcr\u00fctecek Pakistan Ulusal Meclisi (NA) ve eyalet meclislerinin se\u00e7imi i\u00e7in oy kullanmaya ba\u015flad\u0131. lke genelinde oy kullanacak vatanda\u015flar yerel saatle 08.00 itibariyle sand\u0131klara gitmeye ba\u015flad\u0131. Vatanda\u015flar, dar b\u00f6lge sisteminin uyguland\u0131\u011f\u0131 \u00fclkede kendi b\u00f6lgelerinde yar\u0131\u015fan adaylar aras\u0131ndan se\u00e7im yapacak. 85 bini a\u015fk\u0131n sand\u0131kta oy kullanacak [&hellip;]\" \/>\n<meta property=\"og:url\" content=\"https:\/\/avrupapress.com\/2018\/07\/25\/pakistan-sandik-basinda-oy-verme-islemi-basladi\/\" \/>\n<meta property=\"og:site_name\" content=\"AvrupaPress\" \/>\n<meta property=\"article:published_time\" content=\"2018-07-25T06:26:50+00:00\" \/>\n<meta property=\"og:image\" content=\"https:\/\/avrupapress.com\/wp-content\/uploads\/2018\/07\/s53kf_1532498984_3454.jpg\" \/>\n\t<meta property=\"og:image:width\" content=\"620\" \/>\n\t<meta property=\"og:image:height\" content=\"360\" \/>\n\t<meta property=\"og:image:type\" content=\"image\/jpeg\" \/>\n<meta name=\"author\" content=\"Edit\u00f6r\" \/>\n<meta name=\"twitter:card\" content=\"summary_large_image\" \/>\n<meta name=\"twitter:label1\" content=\"\u00c9crit par\" \/>\n\t<meta name=\"twitter:data1\" content=\"Edit\u00f6r\" \/>\n\t<meta name=\"twitter:label2\" content=\"Dur\u00e9e de lecture est.\" \/>\n\t<meta name=\"twitter:data2\" content=\"2 minutes\" \/>\n<script type=\"application\/ld+json\" class=\"yoast-schema-graph\">{\"@context\":\"https:\/\/schema.org\",\"@graph\":[{\"@type\":\"Article\",\"@id\":\"https:\/\/avrupapress.com\/2018\/07\/25\/pakistan-sandik-basinda-oy-verme-islemi-basladi\/#article\",\"isPartOf\":{\"@id\":\"https:\/\/avrupapress.com\/2018\/07\/25\/pakistan-sandik-basinda-oy-verme-islemi-basladi\/\"},\"author\":{\"name\":\"Edit\u00f6r\",\"@id\":\"https:\/\/avrupapress.com\/#\/schema\/person\/68428444ec60970d1e1b700cf4ca1e8f\"},\"headline\":\"Pakistan sand\u0131k ba\u015f\u0131nda! Oy verme i\u015flemi ba\u015flad\u0131\",\"datePublished\":\"2018-07-25T06:26:50+00:00\",\"mainEntityOfPage\":{\"@id\":\"https:\/\/avrupapress.com\/2018\/07\/25\/pakistan-sandik-basinda-oy-verme-islemi-basladi\/\"},\"wordCount\":488,\"commentCount\":0,\"publisher\":{\"@id\":\"https:\/\/avrupapress.com\/#\/schema\/person\/0223dca19c72c43575bf30d1a2d8f4fa\"},\"image\":{\"@id\":\"https:\/\/avrupapress.com\/2018\/07\/25\/pakistan-sandik-basinda-oy-verme-islemi-basladi\/#primaryimage\"},\"thumbnailUrl\":\"https:\/\/avrupapress.com\/main\/wp-content\/uploads\/2018\/07\/s53kf_1532498984_3454.jpg\",\"keywords\":[\"Oy verme i\u015flemi ba\u015flad\u0131\",\"Pakistan\",\"sand\u0131k ba\u015f\u0131nda!\"],\"articleSection\":[\"Avrupa\",\"Bel\u00e7ika\",\"D\u00fcnya\",\"Ekonomi\",\"K\u00fclt\u00fcr-Sanat\",\"Tan\u0131t\u0131m\",\"T\u00fcrkiye\",\"Uncategorized\"],\"inLanguage\":\"fr-BE\",\"potentialAction\":[{\"@type\":\"CommentAction\",\"name\":\"Comment\",\"target\":[\"https:\/\/avrupapress.com\/2018\/07\/25\/pakistan-sandik-basinda-oy-verme-islemi-basladi\/#respond\"]}]},{\"@type\":\"WebPage\",\"@id\":\"https:\/\/avrupapress.com\/2018\/07\/25\/pakistan-sandik-basinda-oy-verme-islemi-basladi\/\",\"url\":\"https:\/\/avrupapress.com\/2018\/07\/25\/pakistan-sandik-basinda-oy-verme-islemi-basladi\/\",\"name\":\"Pakistan sand\u0131k ba\u015f\u0131nda! Oy verme i\u015flemi ba\u015flad\u0131 - AvrupaPress\",\"isPartOf\":{\"@id\":\"https:\/\/avrupapress.com\/#website\"},\"primaryImageOfPage\":{\"@id\":\"https:\/\/avrupapress.com\/2018\/07\/25\/pakistan-sandik-basinda-oy-verme-islemi-basladi\/#primaryimage\"},\"image\":{\"@id\":\"https:\/\/avrupapress.com\/2018\/07\/25\/pakistan-sandik-basinda-oy-verme-islemi-basladi\/#primaryimage\"},\"thumbnailUrl\":\"https:\/\/avrupapress.com\/main\/wp-content\/uploads\/2018\/07\/s53kf_1532498984_3454.jpg\",\"datePublished\":\"2018-07-25T06:26:50+00:00\",\"breadcrumb\":{\"@id\":\"https:\/\/avrupapress.com\/2018\/07\/25\/pakistan-sandik-basinda-oy-verme-islemi-basladi\/#breadcrumb\"},\"inLanguage\":\"fr-BE\",\"potentialAction\":[{\"@type\":\"ReadAction\",\"target\":[\"https:\/\/avrupapress.com\/2018\/07\/25\/pakistan-sandik-basinda-oy-verme-islemi-basladi\/\"]}]},{\"@type\":\"ImageObject\",\"inLanguage\":\"fr-BE\",\"@id\":\"https:\/\/avrupapress.com\/2018\/07\/25\/pakistan-sandik-basinda-oy-verme-islemi-basladi\/#primaryimage\",\"url\":\"https:\/\/avrupapress.com\/main\/wp-content\/uploads\/2018\/07\/s53kf_1532498984_3454.jpg\",\"contentUrl\":\"https:\/\/avrupapress.com\/main\/wp-content\/uploads\/2018\/07\/s53kf_1532498984_3454.jpg\",\"width\":620,\"height\":360},{\"@type\":\"BreadcrumbList\",\"@id\":\"https:\/\/avrupapress.com\/2018\/07\/25\/pakistan-sandik-basinda-oy-verme-islemi-basladi\/#breadcrumb\",\"itemListElement\":[{\"@type\":\"ListItem\",\"position\":1,\"name\":\"Anasayfa\",\"item\":\"https:\/\/avrupapress.com\/\"},{\"@type\":\"ListItem\",\"position\":2,\"name\":\"Pakistan sand\u0131k ba\u015f\u0131nda! Oy verme i\u015flemi ba\u015flad\u0131\"}]},{\"@type\":\"WebSite\",\"@id\":\"https:\/\/avrupapress.com\/#website\",\"url\":\"https:\/\/avrupapress.com\/\",\"name\":\"AvrupaPress\",\"description\":\"Haberin Adresi\",\"publisher\":{\"@id\":\"https:\/\/avrupapress.com\/#\/schema\/person\/0223dca19c72c43575bf30d1a2d8f4fa\"},\"potentialAction\":[{\"@type\":\"SearchAction\",\"target\":{\"@type\":\"EntryPoint\",\"urlTemplate\":\"https:\/\/avrupapress.com\/?s={search_term_string}\"},\"query-input\":{\"@type\":\"PropertyValueSpecification\",\"valueRequired\":true,\"valueName\":\"search_term_string\"}}],\"inLanguage\":\"fr-BE\"},{\"@type\":[\"Person\",\"Organization\"],\"@id\":\"https:\/\/avrupapress.com\/#\/schema\/person\/0223dca19c72c43575bf30d1a2d8f4fa\",\"name\":\"Bilgin \u00d6z\u00e7ift\u00e7i\",\"image\":{\"@type\":\"ImageObject\",\"inLanguage\":\"fr-BE\",\"@id\":\"https:\/\/avrupapress.com\/#\/schema\/person\/image\/\",\"url\":\"https:\/\/secure.gravatar.com\/avatar\/0f23b280433a21e1ea7a0adcc46ed0ad16afe3ad8e630fd13d8a017dcbd54ef3?s=96&d=mm&r=g\",\"contentUrl\":\"https:\/\/secure.gravatar.com\/avatar\/0f23b280433a21e1ea7a0adcc46ed0ad16afe3ad8e630fd13d8a017dcbd54ef3?s=96&d=mm&r=g\",\"caption\":\"Bilgin \u00d6z\u00e7ift\u00e7i\"},\"logo\":{\"@id\":\"https:\/\/avrupapress.com\/#\/schema\/person\/image\/\"},\"description\":\"Ne ben, nede sen... Biz ancak \\\"biz\\\" olursak g\u00fc\u00e7l\u00fc olabiliriz\"},{\"@type\":\"Person\",\"@id\":\"https:\/\/avrupapress.com\/#\/schema\/person\/68428444ec60970d1e1b700cf4ca1e8f\",\"name\":\"Edit\u00f6r\",\"image\":{\"@type\":\"ImageObject\",\"inLanguage\":\"fr-BE\",\"@id\":\"https:\/\/avrupapress.com\/#\/schema\/person\/image\/\",\"url\":\"https:\/\/secure.gravatar.com\/avatar\/74996b0977aa5f1559ba9883776652508b229005c0d78fb2597897f0bd651c09?s=96&d=mm&r=g\",\"contentUrl\":\"https:\/\/secure.gravatar.com\/avatar\/74996b0977aa5f1559ba9883776652508b229005c0d78fb2597897f0bd651c09?s=96&d=mm&r=g\",\"caption\":\"Edit\u00f6r\"},\"sameAs\":[\"http:\/\/www.avrupapress.com\"],\"url\":\"https:\/\/avrupapress.com\/main\/author\/editor\/\"}]}<\/script>\n<!-- \/ Yoast SEO plugin. -->","yoast_head_json":{"title":"Pakistan sand\u0131k ba\u015f\u0131nda! Oy verme i\u015flemi ba\u015flad\u0131 - AvrupaPress","robots":{"index":"index","follow":"follow","max-snippet":"max-snippet:-1","max-image-preview":"max-image-preview:large","max-video-preview":"max-video-preview:-1"},"canonical":"https:\/\/avrupapress.com\/2018\/07\/25\/pakistan-sandik-basinda-oy-verme-islemi-basladi\/","og_locale":"fr_FR","og_type":"article","og_title":"Pakistan sand\u0131k ba\u015f\u0131nda! Oy verme i\u015flemi ba\u015flad\u0131 - AvrupaPress","og_description":"&nbsp; Pakistan&rsquo;da 105 milyonu a\u015fk\u0131n se\u00e7men, \u00fclkede 5 y\u0131l yasama g\u00f6revini y\u00fcr\u00fctecek Pakistan Ulusal Meclisi (NA) ve eyalet meclislerinin se\u00e7imi i\u00e7in oy kullanmaya ba\u015flad\u0131. lke genelinde oy kullanacak vatanda\u015flar yerel saatle 08.00 itibariyle sand\u0131klara gitmeye ba\u015flad\u0131. Vatanda\u015flar, dar b\u00f6lge sisteminin uyguland\u0131\u011f\u0131 \u00fclkede kendi b\u00f6lgelerinde yar\u0131\u015fan adaylar aras\u0131ndan se\u00e7im yapacak. 85 bini a\u015fk\u0131n sand\u0131kta oy kullanacak [&hellip;]","og_url":"https:\/\/avrupapress.com\/2018\/07\/25\/pakistan-sandik-basinda-oy-verme-islemi-basladi\/","og_site_name":"AvrupaPress","article_published_time":"2018-07-25T06:26:50+00:00","og_image":[{"width":620,"height":360,"url":"https:\/\/avrupapress.com\/wp-content\/uploads\/2018\/07\/s53kf_1532498984_3454.jpg","type":"image\/jpeg"}],"author":"Edit\u00f6r","twitter_card":"summary_large_image","twitter_misc":{"\u00c9crit par":"Edit\u00f6r","Dur\u00e9e de lecture est.":"2 minutes"},"schema":{"@context":"https:\/\/schema.org","@graph":[{"@type":"Article","@id":"https:\/\/avrupapress.com\/2018\/07\/25\/pakistan-sandik-basinda-oy-verme-islemi-basladi\/#article","isPartOf":{"@id":"https:\/\/avrupapress.com\/2018\/07\/25\/pakistan-sandik-basinda-oy-verme-islemi-basladi\/"},"author":{"name":"Edit\u00f6r","@id":"https:\/\/avrupapress.com\/#\/schema\/person\/68428444ec60970d1e1b700cf4ca1e8f"},"headline":"Pakistan sand\u0131k ba\u015f\u0131nda! Oy verme i\u015flemi ba\u015flad\u0131","datePublished":"2018-07-25T06:26:50+00:00","mainEntityOfPage":{"@id":"https:\/\/avrupapress.com\/2018\/07\/25\/pakistan-sandik-basinda-oy-verme-islemi-basladi\/"},"wordCount":488,"commentCount":0,"publisher":{"@id":"https:\/\/avrupapress.com\/#\/schema\/person\/0223dca19c72c43575bf30d1a2d8f4fa"},"image":{"@id":"https:\/\/avrupapress.com\/2018\/07\/25\/pakistan-sandik-basinda-oy-verme-islemi-basladi\/#primaryimage"},"thumbnailUrl":"https:\/\/avrupapress.com\/main\/wp-content\/uploads\/2018\/07\/s53kf_1532498984_3454.jpg","keywords":["Oy verme i\u015flemi ba\u015flad\u0131","Pakistan","sand\u0131k ba\u015f\u0131nda!"],"articleSection":["Avrupa","Bel\u00e7ika","D\u00fcnya","Ekonomi","K\u00fclt\u00fcr-Sanat","Tan\u0131t\u0131m","T\u00fcrkiye","Uncategorized"],"inLanguage":"fr-BE","potentialAction":[{"@type":"CommentAction","name":"Comment","target":["https:\/\/avrupapress.com\/2018\/07\/25\/pakistan-sandik-basinda-oy-verme-islemi-basladi\/#respond"]}]},{"@type":"WebPage","@id":"https:\/\/avrupapress.com\/2018\/07\/25\/pakistan-sandik-basinda-oy-verme-islemi-basladi\/","url":"https:\/\/avrupapress.com\/2018\/07\/25\/pakistan-sandik-basinda-oy-verme-islemi-basladi\/","name":"Pakistan sand\u0131k ba\u015f\u0131nda! Oy verme i\u015flemi ba\u015flad\u0131 - AvrupaPress","isPartOf":{"@id":"https:\/\/avrupapress.com\/#website"},"primaryImageOfPage":{"@id":"https:\/\/avrupapress.com\/2018\/07\/25\/pakistan-sandik-basinda-oy-verme-islemi-basladi\/#primaryimage"},"image":{"@id":"https:\/\/avrupapress.com\/2018\/07\/25\/pakistan-sandik-basinda-oy-verme-islemi-basladi\/#primaryimage"},"thumbnailUrl":"https:\/\/avrupapress.com\/main\/wp-content\/uploads\/2018\/07\/s53kf_1532498984_3454.jpg","datePublished":"2018-07-25T06:26:50+00:00","breadcrumb":{"@id":"https:\/\/avrupapress.com\/2018\/07\/25\/pakistan-sandik-basinda-oy-verme-islemi-basladi\/#breadcrumb"},"inLanguage":"fr-BE","potentialAction":[{"@type":"ReadAction","target":["https:\/\/avrupapress.com\/2018\/07\/25\/pakistan-sandik-basinda-oy-verme-islemi-basladi\/"]}]},{"@type":"ImageObject","inLanguage":"fr-BE","@id":"https:\/\/avrupapress.com\/2018\/07\/25\/pakistan-sandik-basinda-oy-verme-islemi-basladi\/#primaryimage","url":"https:\/\/avrupapress.com\/main\/wp-content\/uploads\/2018\/07\/s53kf_1532498984_3454.jpg","contentUrl":"https:\/\/avrupapress.com\/main\/wp-content\/uploads\/2018\/07\/s53kf_1532498984_3454.jpg","width":620,"height":360},{"@type":"BreadcrumbList","@id":"https:\/\/avrupapress.com\/2018\/07\/25\/pakistan-sandik-basinda-oy-verme-islemi-basladi\/#breadcrumb","itemListElement":[{"@type":"ListItem","position":1,"name":"Anasayfa","item":"https:\/\/avrupapress.com\/"},{"@type":"ListItem","position":2,"name":"Pakistan sand\u0131k ba\u015f\u0131nda! Oy verme i\u015flemi ba\u015flad\u0131"}]},{"@type":"WebSite","@id":"https:\/\/avrupapress.com\/#website","url":"https:\/\/avrupapress.com\/","name":"AvrupaPress","description":"Haberin Adresi","publisher":{"@id":"https:\/\/avrupapress.com\/#\/schema\/person\/0223dca19c72c43575bf30d1a2d8f4fa"},"potentialAction":[{"@type":"SearchAction","target":{"@type":"EntryPoint","urlTemplate":"https:\/\/avrupapress.com\/?s={search_term_string}"},"query-input":{"@type":"PropertyValueSpecification","valueRequired":true,"valueName":"search_term_string"}}],"inLanguage":"fr-BE"},{"@type":["Person","Organization"],"@id":"https:\/\/avrupapress.com\/#\/schema\/person\/0223dca19c72c43575bf30d1a2d8f4fa","name":"Bilgin \u00d6z\u00e7ift\u00e7i","image":{"@type":"ImageObject","inLanguage":"fr-BE","@id":"https:\/\/avrupapress.com\/#\/schema\/person\/image\/","url":"https:\/\/secure.gravatar.com\/avatar\/0f23b280433a21e1ea7a0adcc46ed0ad16afe3ad8e630fd13d8a017dcbd54ef3?s=96&d=mm&r=g","contentUrl":"https:\/\/secure.gravatar.com\/avatar\/0f23b280433a21e1ea7a0adcc46ed0ad16afe3ad8e630fd13d8a017dcbd54ef3?s=96&d=mm&r=g","caption":"Bilgin \u00d6z\u00e7ift\u00e7i"},"logo":{"@id":"https:\/\/avrupapress.com\/#\/schema\/person\/image\/"},"description":"Ne ben, nede sen... Biz ancak \"biz\" olursak g\u00fc\u00e7l\u00fc olabiliriz"},{"@type":"Person","@id":"https:\/\/avrupapress.com\/#\/schema\/person\/68428444ec60970d1e1b700cf4ca1e8f","name":"Edit\u00f6r","image":{"@type":"ImageObject","inLanguage":"fr-BE","@id":"https:\/\/avrupapress.com\/#\/schema\/person\/image\/","url":"https:\/\/secure.gravatar.com\/avatar\/74996b0977aa5f1559ba9883776652508b229005c0d78fb2597897f0bd651c09?s=96&d=mm&r=g","contentUrl":"https:\/\/secure.gravatar.com\/avatar\/74996b0977aa5f1559ba9883776652508b229005c0d78fb2597897f0bd651c09?s=96&d=mm&r=g","caption":"Edit\u00f6r"},"sameAs":["http:\/\/www.avrupapress.com"],"url":"https:\/\/avrupapress.com\/main\/author\/editor\/"}]}},"_links":{"self":[{"href":"https:\/\/avrupapress.com\/main\/wp-json\/wp\/v2\/posts\/6124","targetHints":{"allow":["GET"]}}],"collection":[{"href":"https:\/\/avrupapress.com\/main\/wp-json\/wp\/v2\/posts"}],"about":[{"href":"https:\/\/avrupapress.com\/main\/wp-json\/wp\/v2\/types\/post"}],"author":[{"embeddable":true,"href":"https:\/\/avrupapress.com\/main\/wp-json\/wp\/v2\/users\/3"}],"replies":[{"embeddable":true,"href":"https:\/\/avrupapress.com\/main\/wp-json\/wp\/v2\/comments?post=6124"}],"version-history":[{"count":1,"href":"https:\/\/avrupapress.com\/main\/wp-json\/wp\/v2\/posts\/6124\/revisions"}],"predecessor-version":[{"id":6126,"href":"https:\/\/avrupapress.com\/main\/wp-json\/wp\/v2\/posts\/6124\/revisions\/6126"}],"wp:featuredmedia":[{"embeddable":true,"href":"https:\/\/avrupapress.com\/main\/wp-json\/wp\/v2\/media\/6125"}],"wp:attachment":[{"href":"https:\/\/avrupapress.com\/main\/wp-json\/wp\/v2\/media?parent=6124"}],"wp:term":[{"taxonomy":"category","embeddable":true,"href":"https:\/\/avrupapress.com\/main\/wp-json\/wp\/v2\/categories?post=6124"},{"taxonomy":"post_tag","embeddable":true,"href":"https:\/\/avrupapress.com\/main\/wp-json\/wp\/v2\/tags?post=6124"}],"curies":[{"name":"wp","href":"https:\/\/api.w.org\/{rel}","templated":true}]}}