{"id":5627,"date":"2018-05-25T05:15:24","date_gmt":"2018-05-25T05:15:24","guid":{"rendered":"http:\/\/avrupapress.com\/main\/?p=5627"},"modified":"2018-05-25T05:15:24","modified_gmt":"2018-05-25T05:15:24","slug":"yeni-sistem-ile-7-bakanlik-kaldiriliyor-7-bakanligin-ismi-degisiyor","status":"publish","type":"post","link":"https:\/\/avrupapress.com\/main\/2018\/05\/25\/yeni-sistem-ile-7-bakanlik-kaldiriliyor-7-bakanligin-ismi-degisiyor\/","title":{"rendered":"Yeni Sistem ile 7 Bakanl\u0131k Kald\u0131r\u0131l\u0131yor! 7 Bakanl\u0131\u011f\u0131n \u0130smi De\u011fi\u015fiyor!"},"content":{"rendered":"<p><strong>Cumhurba\u015fkanl\u0131\u011f\u0131 H\u00fck\u00fcmet Sistemi ile 7 bakanl\u0131k kald\u0131r\u0131lacak ve 7 bakanl\u0131\u011f\u0131n ise ismi de\u011fi\u015ftirilecek. T\u00fcm geli\u015fmeleri sizler i\u00e7in aktar\u0131yoruz.<\/strong><\/p>\n<p>Bilindi\u011fi \u00fczere ge\u00e7ti\u011fimiz sene yap\u0131lan referandumda evet oyunun \u00e7\u0131kmas\u0131 ile Cumhurba\u015fkanl\u0131\u011f\u0131 H\u00fck\u00fcmet Sistemi kabul edildi. Buna g\u00f6re yeni sistem ile pek \u00e7ok alanda de\u011fi\u015fiklikler yap\u0131lacak iken\u00a0<strong class=\"klink\">bakanl\u0131k<\/strong>larda da de\u011fi\u015fikli\u011fin yap\u0131lmas\u0131 g\u00fcndeme gelmekteydi. Cumhurba\u015fkanl\u0131\u011f\u0131 H\u00fck\u00fcmet Sisteminin \u00e7\u0131kar\u0131lmas\u0131 ile birlikte\u00a0<strong class=\"klink\">7 bakanl\u0131k<\/strong>\u00a0kald\u0131r\u0131lacak ve 7 bakanl\u0131\u011f\u0131n ise ismi de\u011fi\u015ftirilecektir. Peki hangi bakanl\u0131klar\u0131n ismi de\u011fi\u015ftirilecek ve hangi bakanl\u0131klar kald\u0131rlacak?<\/p>\n<p><strong>YAPILACAK DE\u011e\u0130\u015e\u0130KL\u0130KLER<\/strong><\/p>\n<p>Buna g\u00f6re A Haber&rsquo;in yapt\u0131\u011f\u0131 haber detayl\u0131 bir \u015fekilde incelendi\u011finde belirtilen bakanl\u0131klar\u0131n isminin de\u011fi\u015ftirilece\u011fi \u00f6\u011frenildi.\u00a0Aile ve Sosyal Politikalar Bakanl\u0131\u011f\u0131 &#8211;\u00a0<strong>Aile ve Toplum Bakanl\u0131\u011f\u0131,\u00a0<\/strong>Bilim, Sanayi ve Teknoloji Bakanl\u0131\u011f\u0131 &#8211;\u00a0<strong>Sanayi ve Bilim Bakanl\u0131\u011f\u0131,\u00a0<\/strong>\u00c7al\u0131\u015fma ve Sosyal G\u00fcvenlik Bakanl\u0131\u011f\u0131 &#8211;<strong>\u00a0\u0130\u015f Hayat\u0131 ve G\u00fcvenli\u011fi Bakanl\u0131\u011f\u0131,\u00a0<\/strong>\u00c7evre ve \u015eehircilik Bakanl\u0131\u011f\u0131 &#8211;\u00a0<strong>\u015eehircilik Bakanl\u0131\u011f\u0131,\u00a0<\/strong>Enerji ve Tabii Kaynaklar Bakanl\u0131\u011f\u0131 &#8211;\u00a0<strong>Enerji ve Do\u011fal Kaynaklar Bakanl\u0131\u011f\u0131,\u00a0<\/strong>G\u0131da, Tar\u0131m ve Hayvanc\u0131l\u0131k Bakanl\u0131\u011f\u0131 &#8211;\u00a0<strong>Orman, Tar\u0131m ve Hayvanc\u0131l\u0131k Bakanl\u0131\u011f\u0131,\u00a0<\/strong>Milli E\u011fitim Bakanl\u0131\u011f\u0131 &#8211;\u00a0<strong>Milli E\u011fitim ve K\u00fclt\u00fcr Bakanl\u0131\u011f\u0131\u00a0<\/strong>olacak.<\/p>\n<p>Peki hangi bakanl\u0131klar kapanacak? Buna g\u00f6re bakanl\u0131klar kapanmayacak sadece g\u00f6revleri di\u011fer bakanl\u0131klara ba\u011flanacak ve bu sayede 7 bakanl\u0131k kapanm\u0131\u015f olacak. Bu bakanl\u0131klar\u00a0Avrupa Birli\u011fi Bakanl\u0131\u011f\u0131,\u00a0Gen\u00e7lik ve Spor Bakanl\u0131\u011f\u0131,\u00a0Ekonomi Bakanl\u0131\u011f\u0131, Kalk\u0131nma Bakanl\u0131\u011f\u0131,\u00a0G\u00fcmr\u00fck ve Ticaret Bakanl\u0131\u011f\u0131<u>,<\/u>\u00a0Orman ve Su \u0130\u015fleri Bakanl\u0131\u011f\u0131,\u00a0K\u00fclt\u00fcr ve Turizm Bakanl\u0131\u011f\u0131,\u00a0K\u00fclt\u00fcr ve Turizm Bakanl\u0131\u011f\u0131 ise farkl\u0131 bakanl\u0131klara ba\u011flanarak kapanm\u0131\u015f olacak. Yeni geli\u015fmelerin yak\u0131n zamanda kamuoyu ile payla\u015f\u0131lmas\u0131 beklenmektedir.<\/p>\n","protected":false},"excerpt":{"rendered":"<p>Cumhurba\u015fkanl\u0131\u011f\u0131 H\u00fck\u00fcmet Sistemi ile 7 bakanl\u0131k kald\u0131r\u0131lacak ve 7 bakanl\u0131\u011f\u0131n ise ismi de\u011fi\u015ftirilecek. T\u00fcm geli\u015fmeleri sizler i\u00e7in aktar\u0131yoruz. Bilindi\u011fi \u00fczere ge\u00e7ti\u011fimiz sene yap\u0131lan referandumda evet oyunun \u00e7\u0131kmas\u0131 ile Cumhurba\u015fkanl\u0131\u011f\u0131 H\u00fck\u00fcmet Sistemi kabul edildi. Buna g\u00f6re yeni sistem ile pek \u00e7ok alanda de\u011fi\u015fiklikler yap\u0131lacak iken\u00a0bakanl\u0131klarda da de\u011fi\u015fikli\u011fin yap\u0131lmas\u0131 g\u00fcndeme gelmekteydi. Cumhurba\u015fkanl\u0131\u011f\u0131 H\u00fck\u00fcmet Sisteminin \u00e7\u0131kar\u0131lmas\u0131 ile birlikte\u00a07 [&hellip;]<\/p>\n","protected":false},"author":3,"featured_media":5628,"comment_status":"open","ping_status":"open","sticky":false,"template":"","format":"standard","meta":{"footnotes":""},"categories":[14,16,3,17,18,19,2,1],"tags":[3721,3722,3720],"class_list":["post-5627","post","type-post","status-publish","format-standard","has-post-thumbnail","hentry","category-avrupa","category-belcika","category-dunya","category-ekonomi","category-kultur-sanat","category-tanitim","category-turkiye","category-uncategorized","tag-7-bakanlik-kaldiriliyor-7-bakanligin","tag-ismi-degisiyor","tag-yeni-sistem-ile"],"yoast_head":"<!-- This site is optimized with the Yoast SEO plugin v26.9 - https:\/\/yoast.com\/product\/yoast-seo-wordpress\/ -->\n<title>Yeni Sistem ile 7 Bakanl\u0131k Kald\u0131r\u0131l\u0131yor! 7 Bakanl\u0131\u011f\u0131n \u0130smi De\u011fi\u015fiyor! - AvrupaPress<\/title>\n<meta name=\"robots\" content=\"index, follow, max-snippet:-1, max-image-preview:large, max-video-preview:-1\" \/>\n<link rel=\"canonical\" href=\"https:\/\/avrupapress.com\/2018\/05\/25\/yeni-sistem-ile-7-bakanlik-kaldiriliyor-7-bakanligin-ismi-degisiyor\/\" \/>\n<meta property=\"og:locale\" content=\"fr_FR\" \/>\n<meta property=\"og:type\" content=\"article\" \/>\n<meta property=\"og:title\" content=\"Yeni Sistem ile 7 Bakanl\u0131k Kald\u0131r\u0131l\u0131yor! 7 Bakanl\u0131\u011f\u0131n \u0130smi De\u011fi\u015fiyor! - AvrupaPress\" \/>\n<meta property=\"og:description\" content=\"Cumhurba\u015fkanl\u0131\u011f\u0131 H\u00fck\u00fcmet Sistemi ile 7 bakanl\u0131k kald\u0131r\u0131lacak ve 7 bakanl\u0131\u011f\u0131n ise ismi de\u011fi\u015ftirilecek. T\u00fcm geli\u015fmeleri sizler i\u00e7in aktar\u0131yoruz. Bilindi\u011fi \u00fczere ge\u00e7ti\u011fimiz sene yap\u0131lan referandumda evet oyunun \u00e7\u0131kmas\u0131 ile Cumhurba\u015fkanl\u0131\u011f\u0131 H\u00fck\u00fcmet Sistemi kabul edildi. Buna g\u00f6re yeni sistem ile pek \u00e7ok alanda de\u011fi\u015fiklikler yap\u0131lacak iken\u00a0bakanl\u0131klarda da de\u011fi\u015fikli\u011fin yap\u0131lmas\u0131 g\u00fcndeme gelmekteydi. Cumhurba\u015fkanl\u0131\u011f\u0131 H\u00fck\u00fcmet Sisteminin \u00e7\u0131kar\u0131lmas\u0131 ile birlikte\u00a07 [&hellip;]\" \/>\n<meta property=\"og:url\" content=\"https:\/\/avrupapress.com\/2018\/05\/25\/yeni-sistem-ile-7-bakanlik-kaldiriliyor-7-bakanligin-ismi-degisiyor\/\" \/>\n<meta property=\"og:site_name\" content=\"AvrupaPress\" \/>\n<meta property=\"article:published_time\" content=\"2018-05-25T05:15:24+00:00\" \/>\n<meta property=\"og:image\" content=\"https:\/\/avrupapress.com\/wp-content\/uploads\/2018\/05\/240520181926167603916_2.jpg\" \/>\n\t<meta property=\"og:image:width\" content=\"725\" \/>\n\t<meta property=\"og:image:height\" content=\"395\" \/>\n\t<meta property=\"og:image:type\" content=\"image\/jpeg\" \/>\n<meta name=\"author\" content=\"Edit\u00f6r\" \/>\n<meta name=\"twitter:card\" content=\"summary_large_image\" \/>\n<meta name=\"twitter:label1\" content=\"\u00c9crit par\" \/>\n\t<meta name=\"twitter:data1\" content=\"Edit\u00f6r\" \/>\n\t<meta name=\"twitter:label2\" content=\"Dur\u00e9e de lecture est.\" \/>\n\t<meta name=\"twitter:data2\" content=\"2 minutes\" \/>\n<script type=\"application\/ld+json\" class=\"yoast-schema-graph\">{\"@context\":\"https:\/\/schema.org\",\"@graph\":[{\"@type\":\"Article\",\"@id\":\"https:\/\/avrupapress.com\/2018\/05\/25\/yeni-sistem-ile-7-bakanlik-kaldiriliyor-7-bakanligin-ismi-degisiyor\/#article\",\"isPartOf\":{\"@id\":\"https:\/\/avrupapress.com\/2018\/05\/25\/yeni-sistem-ile-7-bakanlik-kaldiriliyor-7-bakanligin-ismi-degisiyor\/\"},\"author\":{\"name\":\"Edit\u00f6r\",\"@id\":\"https:\/\/avrupapress.com\/#\/schema\/person\/68428444ec60970d1e1b700cf4ca1e8f\"},\"headline\":\"Yeni Sistem ile 7 Bakanl\u0131k Kald\u0131r\u0131l\u0131yor! 7 Bakanl\u0131\u011f\u0131n \u0130smi De\u011fi\u015fiyor!\",\"datePublished\":\"2018-05-25T05:15:24+00:00\",\"mainEntityOfPage\":{\"@id\":\"https:\/\/avrupapress.com\/2018\/05\/25\/yeni-sistem-ile-7-bakanlik-kaldiriliyor-7-bakanligin-ismi-degisiyor\/\"},\"wordCount\":328,\"commentCount\":0,\"publisher\":{\"@id\":\"https:\/\/avrupapress.com\/#\/schema\/person\/0223dca19c72c43575bf30d1a2d8f4fa\"},\"image\":{\"@id\":\"https:\/\/avrupapress.com\/2018\/05\/25\/yeni-sistem-ile-7-bakanlik-kaldiriliyor-7-bakanligin-ismi-degisiyor\/#primaryimage\"},\"thumbnailUrl\":\"https:\/\/avrupapress.com\/main\/wp-content\/uploads\/2018\/05\/240520181926167603916_2.jpg\",\"keywords\":[\"7 Bakanl\u0131k Kald\u0131r\u0131l\u0131yor! 7 Bakanl\u0131\u011f\u0131n\",\"\u0130smi De\u011fi\u015fiyor!\",\"Yeni Sistem ile\"],\"articleSection\":[\"Avrupa\",\"Bel\u00e7ika\",\"D\u00fcnya\",\"Ekonomi\",\"K\u00fclt\u00fcr-Sanat\",\"Tan\u0131t\u0131m\",\"T\u00fcrkiye\",\"Uncategorized\"],\"inLanguage\":\"fr-BE\",\"potentialAction\":[{\"@type\":\"CommentAction\",\"name\":\"Comment\",\"target\":[\"https:\/\/avrupapress.com\/2018\/05\/25\/yeni-sistem-ile-7-bakanlik-kaldiriliyor-7-bakanligin-ismi-degisiyor\/#respond\"]}]},{\"@type\":\"WebPage\",\"@id\":\"https:\/\/avrupapress.com\/2018\/05\/25\/yeni-sistem-ile-7-bakanlik-kaldiriliyor-7-bakanligin-ismi-degisiyor\/\",\"url\":\"https:\/\/avrupapress.com\/2018\/05\/25\/yeni-sistem-ile-7-bakanlik-kaldiriliyor-7-bakanligin-ismi-degisiyor\/\",\"name\":\"Yeni Sistem ile 7 Bakanl\u0131k Kald\u0131r\u0131l\u0131yor! 7 Bakanl\u0131\u011f\u0131n \u0130smi De\u011fi\u015fiyor! - AvrupaPress\",\"isPartOf\":{\"@id\":\"https:\/\/avrupapress.com\/#website\"},\"primaryImageOfPage\":{\"@id\":\"https:\/\/avrupapress.com\/2018\/05\/25\/yeni-sistem-ile-7-bakanlik-kaldiriliyor-7-bakanligin-ismi-degisiyor\/#primaryimage\"},\"image\":{\"@id\":\"https:\/\/avrupapress.com\/2018\/05\/25\/yeni-sistem-ile-7-bakanlik-kaldiriliyor-7-bakanligin-ismi-degisiyor\/#primaryimage\"},\"thumbnailUrl\":\"https:\/\/avrupapress.com\/main\/wp-content\/uploads\/2018\/05\/240520181926167603916_2.jpg\",\"datePublished\":\"2018-05-25T05:15:24+00:00\",\"breadcrumb\":{\"@id\":\"https:\/\/avrupapress.com\/2018\/05\/25\/yeni-sistem-ile-7-bakanlik-kaldiriliyor-7-bakanligin-ismi-degisiyor\/#breadcrumb\"},\"inLanguage\":\"fr-BE\",\"potentialAction\":[{\"@type\":\"ReadAction\",\"target\":[\"https:\/\/avrupapress.com\/2018\/05\/25\/yeni-sistem-ile-7-bakanlik-kaldiriliyor-7-bakanligin-ismi-degisiyor\/\"]}]},{\"@type\":\"ImageObject\",\"inLanguage\":\"fr-BE\",\"@id\":\"https:\/\/avrupapress.com\/2018\/05\/25\/yeni-sistem-ile-7-bakanlik-kaldiriliyor-7-bakanligin-ismi-degisiyor\/#primaryimage\",\"url\":\"https:\/\/avrupapress.com\/main\/wp-content\/uploads\/2018\/05\/240520181926167603916_2.jpg\",\"contentUrl\":\"https:\/\/avrupapress.com\/main\/wp-content\/uploads\/2018\/05\/240520181926167603916_2.jpg\",\"width\":725,\"height\":395},{\"@type\":\"BreadcrumbList\",\"@id\":\"https:\/\/avrupapress.com\/2018\/05\/25\/yeni-sistem-ile-7-bakanlik-kaldiriliyor-7-bakanligin-ismi-degisiyor\/#breadcrumb\",\"itemListElement\":[{\"@type\":\"ListItem\",\"position\":1,\"name\":\"Anasayfa\",\"item\":\"https:\/\/avrupapress.com\/\"},{\"@type\":\"ListItem\",\"position\":2,\"name\":\"Yeni Sistem ile 7 Bakanl\u0131k Kald\u0131r\u0131l\u0131yor! 7 Bakanl\u0131\u011f\u0131n \u0130smi De\u011fi\u015fiyor!\"}]},{\"@type\":\"WebSite\",\"@id\":\"https:\/\/avrupapress.com\/#website\",\"url\":\"https:\/\/avrupapress.com\/\",\"name\":\"AvrupaPress\",\"description\":\"Haberin Adresi\",\"publisher\":{\"@id\":\"https:\/\/avrupapress.com\/#\/schema\/person\/0223dca19c72c43575bf30d1a2d8f4fa\"},\"potentialAction\":[{\"@type\":\"SearchAction\",\"target\":{\"@type\":\"EntryPoint\",\"urlTemplate\":\"https:\/\/avrupapress.com\/?s={search_term_string}\"},\"query-input\":{\"@type\":\"PropertyValueSpecification\",\"valueRequired\":true,\"valueName\":\"search_term_string\"}}],\"inLanguage\":\"fr-BE\"},{\"@type\":[\"Person\",\"Organization\"],\"@id\":\"https:\/\/avrupapress.com\/#\/schema\/person\/0223dca19c72c43575bf30d1a2d8f4fa\",\"name\":\"Bilgin \u00d6z\u00e7ift\u00e7i\",\"image\":{\"@type\":\"ImageObject\",\"inLanguage\":\"fr-BE\",\"@id\":\"https:\/\/avrupapress.com\/#\/schema\/person\/image\/\",\"url\":\"https:\/\/secure.gravatar.com\/avatar\/0f23b280433a21e1ea7a0adcc46ed0ad16afe3ad8e630fd13d8a017dcbd54ef3?s=96&d=mm&r=g\",\"contentUrl\":\"https:\/\/secure.gravatar.com\/avatar\/0f23b280433a21e1ea7a0adcc46ed0ad16afe3ad8e630fd13d8a017dcbd54ef3?s=96&d=mm&r=g\",\"caption\":\"Bilgin \u00d6z\u00e7ift\u00e7i\"},\"logo\":{\"@id\":\"https:\/\/avrupapress.com\/#\/schema\/person\/image\/\"},\"description\":\"Ne ben, nede sen... Biz ancak \\\"biz\\\" olursak g\u00fc\u00e7l\u00fc olabiliriz\"},{\"@type\":\"Person\",\"@id\":\"https:\/\/avrupapress.com\/#\/schema\/person\/68428444ec60970d1e1b700cf4ca1e8f\",\"name\":\"Edit\u00f6r\",\"image\":{\"@type\":\"ImageObject\",\"inLanguage\":\"fr-BE\",\"@id\":\"https:\/\/avrupapress.com\/#\/schema\/person\/image\/\",\"url\":\"https:\/\/secure.gravatar.com\/avatar\/74996b0977aa5f1559ba9883776652508b229005c0d78fb2597897f0bd651c09?s=96&d=mm&r=g\",\"contentUrl\":\"https:\/\/secure.gravatar.com\/avatar\/74996b0977aa5f1559ba9883776652508b229005c0d78fb2597897f0bd651c09?s=96&d=mm&r=g\",\"caption\":\"Edit\u00f6r\"},\"sameAs\":[\"http:\/\/www.avrupapress.com\"],\"url\":\"https:\/\/avrupapress.com\/main\/author\/editor\/\"}]}<\/script>\n<!-- \/ Yoast SEO plugin. -->","yoast_head_json":{"title":"Yeni Sistem ile 7 Bakanl\u0131k Kald\u0131r\u0131l\u0131yor! 7 Bakanl\u0131\u011f\u0131n \u0130smi De\u011fi\u015fiyor! - AvrupaPress","robots":{"index":"index","follow":"follow","max-snippet":"max-snippet:-1","max-image-preview":"max-image-preview:large","max-video-preview":"max-video-preview:-1"},"canonical":"https:\/\/avrupapress.com\/2018\/05\/25\/yeni-sistem-ile-7-bakanlik-kaldiriliyor-7-bakanligin-ismi-degisiyor\/","og_locale":"fr_FR","og_type":"article","og_title":"Yeni Sistem ile 7 Bakanl\u0131k Kald\u0131r\u0131l\u0131yor! 7 Bakanl\u0131\u011f\u0131n \u0130smi De\u011fi\u015fiyor! - AvrupaPress","og_description":"Cumhurba\u015fkanl\u0131\u011f\u0131 H\u00fck\u00fcmet Sistemi ile 7 bakanl\u0131k kald\u0131r\u0131lacak ve 7 bakanl\u0131\u011f\u0131n ise ismi de\u011fi\u015ftirilecek. T\u00fcm geli\u015fmeleri sizler i\u00e7in aktar\u0131yoruz. Bilindi\u011fi \u00fczere ge\u00e7ti\u011fimiz sene yap\u0131lan referandumda evet oyunun \u00e7\u0131kmas\u0131 ile Cumhurba\u015fkanl\u0131\u011f\u0131 H\u00fck\u00fcmet Sistemi kabul edildi. Buna g\u00f6re yeni sistem ile pek \u00e7ok alanda de\u011fi\u015fiklikler yap\u0131lacak iken\u00a0bakanl\u0131klarda da de\u011fi\u015fikli\u011fin yap\u0131lmas\u0131 g\u00fcndeme gelmekteydi. Cumhurba\u015fkanl\u0131\u011f\u0131 H\u00fck\u00fcmet Sisteminin \u00e7\u0131kar\u0131lmas\u0131 ile birlikte\u00a07 [&hellip;]","og_url":"https:\/\/avrupapress.com\/2018\/05\/25\/yeni-sistem-ile-7-bakanlik-kaldiriliyor-7-bakanligin-ismi-degisiyor\/","og_site_name":"AvrupaPress","article_published_time":"2018-05-25T05:15:24+00:00","og_image":[{"width":725,"height":395,"url":"https:\/\/avrupapress.com\/wp-content\/uploads\/2018\/05\/240520181926167603916_2.jpg","type":"image\/jpeg"}],"author":"Edit\u00f6r","twitter_card":"summary_large_image","twitter_misc":{"\u00c9crit par":"Edit\u00f6r","Dur\u00e9e de lecture est.":"2 minutes"},"schema":{"@context":"https:\/\/schema.org","@graph":[{"@type":"Article","@id":"https:\/\/avrupapress.com\/2018\/05\/25\/yeni-sistem-ile-7-bakanlik-kaldiriliyor-7-bakanligin-ismi-degisiyor\/#article","isPartOf":{"@id":"https:\/\/avrupapress.com\/2018\/05\/25\/yeni-sistem-ile-7-bakanlik-kaldiriliyor-7-bakanligin-ismi-degisiyor\/"},"author":{"name":"Edit\u00f6r","@id":"https:\/\/avrupapress.com\/#\/schema\/person\/68428444ec60970d1e1b700cf4ca1e8f"},"headline":"Yeni Sistem ile 7 Bakanl\u0131k Kald\u0131r\u0131l\u0131yor! 7 Bakanl\u0131\u011f\u0131n \u0130smi De\u011fi\u015fiyor!","datePublished":"2018-05-25T05:15:24+00:00","mainEntityOfPage":{"@id":"https:\/\/avrupapress.com\/2018\/05\/25\/yeni-sistem-ile-7-bakanlik-kaldiriliyor-7-bakanligin-ismi-degisiyor\/"},"wordCount":328,"commentCount":0,"publisher":{"@id":"https:\/\/avrupapress.com\/#\/schema\/person\/0223dca19c72c43575bf30d1a2d8f4fa"},"image":{"@id":"https:\/\/avrupapress.com\/2018\/05\/25\/yeni-sistem-ile-7-bakanlik-kaldiriliyor-7-bakanligin-ismi-degisiyor\/#primaryimage"},"thumbnailUrl":"https:\/\/avrupapress.com\/main\/wp-content\/uploads\/2018\/05\/240520181926167603916_2.jpg","keywords":["7 Bakanl\u0131k Kald\u0131r\u0131l\u0131yor! 7 Bakanl\u0131\u011f\u0131n","\u0130smi De\u011fi\u015fiyor!","Yeni Sistem ile"],"articleSection":["Avrupa","Bel\u00e7ika","D\u00fcnya","Ekonomi","K\u00fclt\u00fcr-Sanat","Tan\u0131t\u0131m","T\u00fcrkiye","Uncategorized"],"inLanguage":"fr-BE","potentialAction":[{"@type":"CommentAction","name":"Comment","target":["https:\/\/avrupapress.com\/2018\/05\/25\/yeni-sistem-ile-7-bakanlik-kaldiriliyor-7-bakanligin-ismi-degisiyor\/#respond"]}]},{"@type":"WebPage","@id":"https:\/\/avrupapress.com\/2018\/05\/25\/yeni-sistem-ile-7-bakanlik-kaldiriliyor-7-bakanligin-ismi-degisiyor\/","url":"https:\/\/avrupapress.com\/2018\/05\/25\/yeni-sistem-ile-7-bakanlik-kaldiriliyor-7-bakanligin-ismi-degisiyor\/","name":"Yeni Sistem ile 7 Bakanl\u0131k Kald\u0131r\u0131l\u0131yor! 7 Bakanl\u0131\u011f\u0131n \u0130smi De\u011fi\u015fiyor! - AvrupaPress","isPartOf":{"@id":"https:\/\/avrupapress.com\/#website"},"primaryImageOfPage":{"@id":"https:\/\/avrupapress.com\/2018\/05\/25\/yeni-sistem-ile-7-bakanlik-kaldiriliyor-7-bakanligin-ismi-degisiyor\/#primaryimage"},"image":{"@id":"https:\/\/avrupapress.com\/2018\/05\/25\/yeni-sistem-ile-7-bakanlik-kaldiriliyor-7-bakanligin-ismi-degisiyor\/#primaryimage"},"thumbnailUrl":"https:\/\/avrupapress.com\/main\/wp-content\/uploads\/2018\/05\/240520181926167603916_2.jpg","datePublished":"2018-05-25T05:15:24+00:00","breadcrumb":{"@id":"https:\/\/avrupapress.com\/2018\/05\/25\/yeni-sistem-ile-7-bakanlik-kaldiriliyor-7-bakanligin-ismi-degisiyor\/#breadcrumb"},"inLanguage":"fr-BE","potentialAction":[{"@type":"ReadAction","target":["https:\/\/avrupapress.com\/2018\/05\/25\/yeni-sistem-ile-7-bakanlik-kaldiriliyor-7-bakanligin-ismi-degisiyor\/"]}]},{"@type":"ImageObject","inLanguage":"fr-BE","@id":"https:\/\/avrupapress.com\/2018\/05\/25\/yeni-sistem-ile-7-bakanlik-kaldiriliyor-7-bakanligin-ismi-degisiyor\/#primaryimage","url":"https:\/\/avrupapress.com\/main\/wp-content\/uploads\/2018\/05\/240520181926167603916_2.jpg","contentUrl":"https:\/\/avrupapress.com\/main\/wp-content\/uploads\/2018\/05\/240520181926167603916_2.jpg","width":725,"height":395},{"@type":"BreadcrumbList","@id":"https:\/\/avrupapress.com\/2018\/05\/25\/yeni-sistem-ile-7-bakanlik-kaldiriliyor-7-bakanligin-ismi-degisiyor\/#breadcrumb","itemListElement":[{"@type":"ListItem","position":1,"name":"Anasayfa","item":"https:\/\/avrupapress.com\/"},{"@type":"ListItem","position":2,"name":"Yeni Sistem ile 7 Bakanl\u0131k Kald\u0131r\u0131l\u0131yor! 7 Bakanl\u0131\u011f\u0131n \u0130smi De\u011fi\u015fiyor!"}]},{"@type":"WebSite","@id":"https:\/\/avrupapress.com\/#website","url":"https:\/\/avrupapress.com\/","name":"AvrupaPress","description":"Haberin Adresi","publisher":{"@id":"https:\/\/avrupapress.com\/#\/schema\/person\/0223dca19c72c43575bf30d1a2d8f4fa"},"potentialAction":[{"@type":"SearchAction","target":{"@type":"EntryPoint","urlTemplate":"https:\/\/avrupapress.com\/?s={search_term_string}"},"query-input":{"@type":"PropertyValueSpecification","valueRequired":true,"valueName":"search_term_string"}}],"inLanguage":"fr-BE"},{"@type":["Person","Organization"],"@id":"https:\/\/avrupapress.com\/#\/schema\/person\/0223dca19c72c43575bf30d1a2d8f4fa","name":"Bilgin \u00d6z\u00e7ift\u00e7i","image":{"@type":"ImageObject","inLanguage":"fr-BE","@id":"https:\/\/avrupapress.com\/#\/schema\/person\/image\/","url":"https:\/\/secure.gravatar.com\/avatar\/0f23b280433a21e1ea7a0adcc46ed0ad16afe3ad8e630fd13d8a017dcbd54ef3?s=96&d=mm&r=g","contentUrl":"https:\/\/secure.gravatar.com\/avatar\/0f23b280433a21e1ea7a0adcc46ed0ad16afe3ad8e630fd13d8a017dcbd54ef3?s=96&d=mm&r=g","caption":"Bilgin \u00d6z\u00e7ift\u00e7i"},"logo":{"@id":"https:\/\/avrupapress.com\/#\/schema\/person\/image\/"},"description":"Ne ben, nede sen... Biz ancak \"biz\" olursak g\u00fc\u00e7l\u00fc olabiliriz"},{"@type":"Person","@id":"https:\/\/avrupapress.com\/#\/schema\/person\/68428444ec60970d1e1b700cf4ca1e8f","name":"Edit\u00f6r","image":{"@type":"ImageObject","inLanguage":"fr-BE","@id":"https:\/\/avrupapress.com\/#\/schema\/person\/image\/","url":"https:\/\/secure.gravatar.com\/avatar\/74996b0977aa5f1559ba9883776652508b229005c0d78fb2597897f0bd651c09?s=96&d=mm&r=g","contentUrl":"https:\/\/secure.gravatar.com\/avatar\/74996b0977aa5f1559ba9883776652508b229005c0d78fb2597897f0bd651c09?s=96&d=mm&r=g","caption":"Edit\u00f6r"},"sameAs":["http:\/\/www.avrupapress.com"],"url":"https:\/\/avrupapress.com\/main\/author\/editor\/"}]}},"_links":{"self":[{"href":"https:\/\/avrupapress.com\/main\/wp-json\/wp\/v2\/posts\/5627","targetHints":{"allow":["GET"]}}],"collection":[{"href":"https:\/\/avrupapress.com\/main\/wp-json\/wp\/v2\/posts"}],"about":[{"href":"https:\/\/avrupapress.com\/main\/wp-json\/wp\/v2\/types\/post"}],"author":[{"embeddable":true,"href":"https:\/\/avrupapress.com\/main\/wp-json\/wp\/v2\/users\/3"}],"replies":[{"embeddable":true,"href":"https:\/\/avrupapress.com\/main\/wp-json\/wp\/v2\/comments?post=5627"}],"version-history":[{"count":1,"href":"https:\/\/avrupapress.com\/main\/wp-json\/wp\/v2\/posts\/5627\/revisions"}],"predecessor-version":[{"id":5629,"href":"https:\/\/avrupapress.com\/main\/wp-json\/wp\/v2\/posts\/5627\/revisions\/5629"}],"wp:featuredmedia":[{"embeddable":true,"href":"https:\/\/avrupapress.com\/main\/wp-json\/wp\/v2\/media\/5628"}],"wp:attachment":[{"href":"https:\/\/avrupapress.com\/main\/wp-json\/wp\/v2\/media?parent=5627"}],"wp:term":[{"taxonomy":"category","embeddable":true,"href":"https:\/\/avrupapress.com\/main\/wp-json\/wp\/v2\/categories?post=5627"},{"taxonomy":"post_tag","embeddable":true,"href":"https:\/\/avrupapress.com\/main\/wp-json\/wp\/v2\/tags?post=5627"}],"curies":[{"name":"wp","href":"https:\/\/api.w.org\/{rel}","templated":true}]}}