{"id":5622,"date":"2018-05-23T21:51:45","date_gmt":"2018-05-23T21:51:45","guid":{"rendered":"http:\/\/avrupapress.com\/main\/?p=5622"},"modified":"2018-05-23T21:51:45","modified_gmt":"2018-05-23T21:51:45","slug":"ab-komisyonu-2019-butce-taslagini-belirledi","status":"publish","type":"post","link":"https:\/\/avrupapress.com\/main\/2018\/05\/23\/ab-komisyonu-2019-butce-taslagini-belirledi\/","title":{"rendered":"AB Komisyonu 2019 b\u00fct\u00e7e tasla\u011f\u0131n\u0131 belirledi"},"content":{"rendered":"<p>&nbsp;<\/p>\n<h2 class=\"spot\">Avrupa Birli\u011fi (AB) Komisyonu, 2019 y\u0131l\u0131 b\u00fct\u00e7e tasla\u011f\u0131nda, gelirleri 166 milyar avro, harcamalar\u0131 ise 149 milyar avro olarak belirledi.<\/h2>\n<p>AB\u00a0Komisyonu, 2019 y\u0131l\u0131\u00a0b\u00fct\u00e7e\u00a0tasla\u011f\u0131 teklifini a\u00e7\u0131klad\u0131.<\/p>\n<p>Buna g\u00f6re, AB&rsquo;nin 2019 y\u0131l\u0131 b\u00fct\u00e7esinde gelirler 166 milyar avro, harcamalar ise 149 milyar avro d\u00fczeyinde ger\u00e7ekle\u015fecek.<\/p>\n<div class=\"readmore\"><\/div>\n<p>Avrupa&rsquo;n\u0131n ekonomik b\u00fcy\u00fcmesine katk\u0131 sa\u011flamak i\u00e7in toplam 80 milyar avroluk kaynak kullan\u0131lacak. Bu kayna\u011f\u0131n 12,5 milyar avrosu\u00a0 Ar-Ge\u00a0 programlar\u0131na, 2,6 milyar avrosu e\u011fitim program\u0131 Erasmus&rsquo;a, 3,8 milyar avrosu\u00a0 altyap\u0131 desteklerine aktar\u0131lacak. AB Uyum Politikas\u0131&rsquo;na 57 milyar avro ve Ortak Tar\u0131m Politikas\u0131&rsquo;na (CAP)\u00a0 60 milyar avro sa\u011flanacak.<\/p>\n<p>T\u00fcrkiye&rsquo;deki Suriyeli s\u0131\u011f\u0131nmac\u0131lara y\u00f6nelik destek program\u0131na 1,5 milyar avroluk kaynak verilecek.<\/p>\n<p>\u0130ngiltere, birlikten ayr\u0131lacak olmas\u0131na ra\u011fmen 2020 y\u0131l\u0131na kadar \u00f6nceden vermi\u015f oldu\u011fu b\u00fct\u00e7e taahh\u00fctlerini yerine getirecek.<\/p>\n<p>A\u00e7\u0131klanan b\u00fct\u00e7e tasla\u011f\u0131, AB Konseyi ve Avrupa Parlamentosu ile yap\u0131lan g\u00f6r\u00fc\u015fmelerin tamamlanmas\u0131n\u0131n ard\u0131ndan gerekli onaylar\u0131n al\u0131nmas\u0131yla y\u00fcr\u00fcrl\u00fc\u011fe girecek.<\/p>\n<p>\u00dcye \u00fclkeler taraf\u0131ndan ortak olarak belirlenen siyasi ve ekonomik hedefleri ger\u00e7ekle\u015ftirmek \u00fczere kullan\u0131lan b\u00fct\u00e7enin \u00f6nemli bir b\u00f6l\u00fcm\u00fc, \u00fcye \u00fclkeler aras\u0131nda ekonomik ve siyasi b\u00fct\u00fcnle\u015fmeyi g\u00fc\u00e7lendirmeyi ama\u00e7l\u0131yor.<\/p>\n<p>AB b\u00fct\u00e7esinde gelir kalemleri b\u00fcy\u00fck \u00f6l\u00e7\u00fcde \u00fcye \u00fclkeler taraf\u0131ndan sa\u011flanan kaynaklardan meydana geliyor. B\u00fct\u00e7enin harcamalar k\u0131sm\u0131, tar\u0131m, ekonomik ve yap\u0131sal fonlar, ara\u015ft\u0131rma, e\u011fitim, d\u0131\u015f ili\u015fkiler, geni\u015fleme ve idari giderlerden olu\u015fuyor.<\/p>\n<p>AB b\u00fct\u00e7esinin denetimini ise L\u00fcksemburg merkezli Avrupa Say\u0131\u015ftay\u0131 ger\u00e7ekle\u015ftiriyor.<\/p>\n","protected":false},"excerpt":{"rendered":"<p>&nbsp; Avrupa Birli\u011fi (AB) Komisyonu, 2019 y\u0131l\u0131 b\u00fct\u00e7e tasla\u011f\u0131nda, gelirleri 166 milyar avro, harcamalar\u0131 ise 149 milyar avro olarak belirledi. AB\u00a0Komisyonu, 2019 y\u0131l\u0131\u00a0b\u00fct\u00e7e\u00a0tasla\u011f\u0131 teklifini a\u00e7\u0131klad\u0131. Buna g\u00f6re, AB&rsquo;nin 2019 y\u0131l\u0131 b\u00fct\u00e7esinde gelirler 166 milyar avro, harcamalar ise 149 milyar avro d\u00fczeyinde ger\u00e7ekle\u015fecek. Avrupa&rsquo;n\u0131n ekonomik b\u00fcy\u00fcmesine katk\u0131 sa\u011flamak i\u00e7in toplam 80 milyar avroluk kaynak kullan\u0131lacak. Bu [&hellip;]<\/p>\n","protected":false},"author":3,"featured_media":5623,"comment_status":"open","ping_status":"open","sticky":false,"template":"","format":"standard","meta":{"footnotes":""},"categories":[14,16,3,17,18,19,2,1],"tags":[3715,3714,3716],"class_list":["post-5622","post","type-post","status-publish","format-standard","has-post-thumbnail","hentry","category-avrupa","category-belcika","category-dunya","category-ekonomi","category-kultur-sanat","category-tanitim","category-turkiye","category-uncategorized","tag-2019-butce","tag-ab-komisyonu","tag-taslagini-belirledi"],"yoast_head":"<!-- This site is optimized with the Yoast SEO plugin v26.9 - https:\/\/yoast.com\/product\/yoast-seo-wordpress\/ -->\n<title>AB Komisyonu 2019 b\u00fct\u00e7e tasla\u011f\u0131n\u0131 belirledi - AvrupaPress<\/title>\n<meta name=\"robots\" content=\"index, follow, max-snippet:-1, max-image-preview:large, max-video-preview:-1\" \/>\n<link rel=\"canonical\" href=\"https:\/\/avrupapress.com\/2018\/05\/23\/ab-komisyonu-2019-butce-taslagini-belirledi\/\" \/>\n<meta property=\"og:locale\" content=\"fr_FR\" \/>\n<meta property=\"og:type\" content=\"article\" \/>\n<meta property=\"og:title\" content=\"AB Komisyonu 2019 b\u00fct\u00e7e tasla\u011f\u0131n\u0131 belirledi - AvrupaPress\" \/>\n<meta property=\"og:description\" content=\"&nbsp; Avrupa Birli\u011fi (AB) Komisyonu, 2019 y\u0131l\u0131 b\u00fct\u00e7e tasla\u011f\u0131nda, gelirleri 166 milyar avro, harcamalar\u0131 ise 149 milyar avro olarak belirledi. AB\u00a0Komisyonu, 2019 y\u0131l\u0131\u00a0b\u00fct\u00e7e\u00a0tasla\u011f\u0131 teklifini a\u00e7\u0131klad\u0131. Buna g\u00f6re, AB&rsquo;nin 2019 y\u0131l\u0131 b\u00fct\u00e7esinde gelirler 166 milyar avro, harcamalar ise 149 milyar avro d\u00fczeyinde ger\u00e7ekle\u015fecek. Avrupa&rsquo;n\u0131n ekonomik b\u00fcy\u00fcmesine katk\u0131 sa\u011flamak i\u00e7in toplam 80 milyar avroluk kaynak kullan\u0131lacak. Bu [&hellip;]\" \/>\n<meta property=\"og:url\" content=\"https:\/\/avrupapress.com\/2018\/05\/23\/ab-komisyonu-2019-butce-taslagini-belirledi\/\" \/>\n<meta property=\"og:site_name\" content=\"AvrupaPress\" \/>\n<meta property=\"article:published_time\" content=\"2018-05-23T21:51:45+00:00\" \/>\n<meta property=\"og:image\" content=\"https:\/\/avrupapress.com\/wp-content\/uploads\/2018\/05\/ab_komisyonu_2019_butce_taslagini_belirledi_1527075219_8374.jpg\" \/>\n\t<meta property=\"og:image:width\" content=\"620\" \/>\n\t<meta property=\"og:image:height\" content=\"360\" \/>\n\t<meta property=\"og:image:type\" content=\"image\/jpeg\" \/>\n<meta name=\"author\" content=\"Edit\u00f6r\" \/>\n<meta name=\"twitter:card\" content=\"summary_large_image\" \/>\n<meta name=\"twitter:label1\" content=\"\u00c9crit par\" \/>\n\t<meta name=\"twitter:data1\" content=\"Edit\u00f6r\" \/>\n\t<meta name=\"twitter:label2\" content=\"Dur\u00e9e de lecture est.\" \/>\n\t<meta name=\"twitter:data2\" content=\"1 minute\" \/>\n<script type=\"application\/ld+json\" class=\"yoast-schema-graph\">{\"@context\":\"https:\/\/schema.org\",\"@graph\":[{\"@type\":\"Article\",\"@id\":\"https:\/\/avrupapress.com\/2018\/05\/23\/ab-komisyonu-2019-butce-taslagini-belirledi\/#article\",\"isPartOf\":{\"@id\":\"https:\/\/avrupapress.com\/2018\/05\/23\/ab-komisyonu-2019-butce-taslagini-belirledi\/\"},\"author\":{\"name\":\"Edit\u00f6r\",\"@id\":\"https:\/\/avrupapress.com\/#\/schema\/person\/68428444ec60970d1e1b700cf4ca1e8f\"},\"headline\":\"AB Komisyonu 2019 b\u00fct\u00e7e tasla\u011f\u0131n\u0131 belirledi\",\"datePublished\":\"2018-05-23T21:51:45+00:00\",\"mainEntityOfPage\":{\"@id\":\"https:\/\/avrupapress.com\/2018\/05\/23\/ab-komisyonu-2019-butce-taslagini-belirledi\/\"},\"wordCount\":291,\"commentCount\":0,\"publisher\":{\"@id\":\"https:\/\/avrupapress.com\/#\/schema\/person\/0223dca19c72c43575bf30d1a2d8f4fa\"},\"image\":{\"@id\":\"https:\/\/avrupapress.com\/2018\/05\/23\/ab-komisyonu-2019-butce-taslagini-belirledi\/#primaryimage\"},\"thumbnailUrl\":\"https:\/\/avrupapress.com\/main\/wp-content\/uploads\/2018\/05\/ab_komisyonu_2019_butce_taslagini_belirledi_1527075219_8374.jpg\",\"keywords\":[\"2019 b\u00fct\u00e7e\",\"AB Komisyonu\",\"tasla\u011f\u0131n\u0131 belirledi\"],\"articleSection\":[\"Avrupa\",\"Bel\u00e7ika\",\"D\u00fcnya\",\"Ekonomi\",\"K\u00fclt\u00fcr-Sanat\",\"Tan\u0131t\u0131m\",\"T\u00fcrkiye\",\"Uncategorized\"],\"inLanguage\":\"fr-BE\",\"potentialAction\":[{\"@type\":\"CommentAction\",\"name\":\"Comment\",\"target\":[\"https:\/\/avrupapress.com\/2018\/05\/23\/ab-komisyonu-2019-butce-taslagini-belirledi\/#respond\"]}]},{\"@type\":\"WebPage\",\"@id\":\"https:\/\/avrupapress.com\/2018\/05\/23\/ab-komisyonu-2019-butce-taslagini-belirledi\/\",\"url\":\"https:\/\/avrupapress.com\/2018\/05\/23\/ab-komisyonu-2019-butce-taslagini-belirledi\/\",\"name\":\"AB Komisyonu 2019 b\u00fct\u00e7e tasla\u011f\u0131n\u0131 belirledi - AvrupaPress\",\"isPartOf\":{\"@id\":\"https:\/\/avrupapress.com\/#website\"},\"primaryImageOfPage\":{\"@id\":\"https:\/\/avrupapress.com\/2018\/05\/23\/ab-komisyonu-2019-butce-taslagini-belirledi\/#primaryimage\"},\"image\":{\"@id\":\"https:\/\/avrupapress.com\/2018\/05\/23\/ab-komisyonu-2019-butce-taslagini-belirledi\/#primaryimage\"},\"thumbnailUrl\":\"https:\/\/avrupapress.com\/main\/wp-content\/uploads\/2018\/05\/ab_komisyonu_2019_butce_taslagini_belirledi_1527075219_8374.jpg\",\"datePublished\":\"2018-05-23T21:51:45+00:00\",\"breadcrumb\":{\"@id\":\"https:\/\/avrupapress.com\/2018\/05\/23\/ab-komisyonu-2019-butce-taslagini-belirledi\/#breadcrumb\"},\"inLanguage\":\"fr-BE\",\"potentialAction\":[{\"@type\":\"ReadAction\",\"target\":[\"https:\/\/avrupapress.com\/2018\/05\/23\/ab-komisyonu-2019-butce-taslagini-belirledi\/\"]}]},{\"@type\":\"ImageObject\",\"inLanguage\":\"fr-BE\",\"@id\":\"https:\/\/avrupapress.com\/2018\/05\/23\/ab-komisyonu-2019-butce-taslagini-belirledi\/#primaryimage\",\"url\":\"https:\/\/avrupapress.com\/main\/wp-content\/uploads\/2018\/05\/ab_komisyonu_2019_butce_taslagini_belirledi_1527075219_8374.jpg\",\"contentUrl\":\"https:\/\/avrupapress.com\/main\/wp-content\/uploads\/2018\/05\/ab_komisyonu_2019_butce_taslagini_belirledi_1527075219_8374.jpg\",\"width\":620,\"height\":360},{\"@type\":\"BreadcrumbList\",\"@id\":\"https:\/\/avrupapress.com\/2018\/05\/23\/ab-komisyonu-2019-butce-taslagini-belirledi\/#breadcrumb\",\"itemListElement\":[{\"@type\":\"ListItem\",\"position\":1,\"name\":\"Anasayfa\",\"item\":\"https:\/\/avrupapress.com\/\"},{\"@type\":\"ListItem\",\"position\":2,\"name\":\"AB Komisyonu 2019 b\u00fct\u00e7e tasla\u011f\u0131n\u0131 belirledi\"}]},{\"@type\":\"WebSite\",\"@id\":\"https:\/\/avrupapress.com\/#website\",\"url\":\"https:\/\/avrupapress.com\/\",\"name\":\"AvrupaPress\",\"description\":\"Haberin Adresi\",\"publisher\":{\"@id\":\"https:\/\/avrupapress.com\/#\/schema\/person\/0223dca19c72c43575bf30d1a2d8f4fa\"},\"potentialAction\":[{\"@type\":\"SearchAction\",\"target\":{\"@type\":\"EntryPoint\",\"urlTemplate\":\"https:\/\/avrupapress.com\/?s={search_term_string}\"},\"query-input\":{\"@type\":\"PropertyValueSpecification\",\"valueRequired\":true,\"valueName\":\"search_term_string\"}}],\"inLanguage\":\"fr-BE\"},{\"@type\":[\"Person\",\"Organization\"],\"@id\":\"https:\/\/avrupapress.com\/#\/schema\/person\/0223dca19c72c43575bf30d1a2d8f4fa\",\"name\":\"Bilgin \u00d6z\u00e7ift\u00e7i\",\"image\":{\"@type\":\"ImageObject\",\"inLanguage\":\"fr-BE\",\"@id\":\"https:\/\/avrupapress.com\/#\/schema\/person\/image\/\",\"url\":\"https:\/\/secure.gravatar.com\/avatar\/0f23b280433a21e1ea7a0adcc46ed0ad16afe3ad8e630fd13d8a017dcbd54ef3?s=96&d=mm&r=g\",\"contentUrl\":\"https:\/\/secure.gravatar.com\/avatar\/0f23b280433a21e1ea7a0adcc46ed0ad16afe3ad8e630fd13d8a017dcbd54ef3?s=96&d=mm&r=g\",\"caption\":\"Bilgin \u00d6z\u00e7ift\u00e7i\"},\"logo\":{\"@id\":\"https:\/\/avrupapress.com\/#\/schema\/person\/image\/\"},\"description\":\"Ne ben, nede sen... Biz ancak \\\"biz\\\" olursak g\u00fc\u00e7l\u00fc olabiliriz\"},{\"@type\":\"Person\",\"@id\":\"https:\/\/avrupapress.com\/#\/schema\/person\/68428444ec60970d1e1b700cf4ca1e8f\",\"name\":\"Edit\u00f6r\",\"image\":{\"@type\":\"ImageObject\",\"inLanguage\":\"fr-BE\",\"@id\":\"https:\/\/avrupapress.com\/#\/schema\/person\/image\/\",\"url\":\"https:\/\/secure.gravatar.com\/avatar\/74996b0977aa5f1559ba9883776652508b229005c0d78fb2597897f0bd651c09?s=96&d=mm&r=g\",\"contentUrl\":\"https:\/\/secure.gravatar.com\/avatar\/74996b0977aa5f1559ba9883776652508b229005c0d78fb2597897f0bd651c09?s=96&d=mm&r=g\",\"caption\":\"Edit\u00f6r\"},\"sameAs\":[\"http:\/\/www.avrupapress.com\"],\"url\":\"https:\/\/avrupapress.com\/main\/author\/editor\/\"}]}<\/script>\n<!-- \/ Yoast SEO plugin. -->","yoast_head_json":{"title":"AB Komisyonu 2019 b\u00fct\u00e7e tasla\u011f\u0131n\u0131 belirledi - AvrupaPress","robots":{"index":"index","follow":"follow","max-snippet":"max-snippet:-1","max-image-preview":"max-image-preview:large","max-video-preview":"max-video-preview:-1"},"canonical":"https:\/\/avrupapress.com\/2018\/05\/23\/ab-komisyonu-2019-butce-taslagini-belirledi\/","og_locale":"fr_FR","og_type":"article","og_title":"AB Komisyonu 2019 b\u00fct\u00e7e tasla\u011f\u0131n\u0131 belirledi - AvrupaPress","og_description":"&nbsp; Avrupa Birli\u011fi (AB) Komisyonu, 2019 y\u0131l\u0131 b\u00fct\u00e7e tasla\u011f\u0131nda, gelirleri 166 milyar avro, harcamalar\u0131 ise 149 milyar avro olarak belirledi. AB\u00a0Komisyonu, 2019 y\u0131l\u0131\u00a0b\u00fct\u00e7e\u00a0tasla\u011f\u0131 teklifini a\u00e7\u0131klad\u0131. Buna g\u00f6re, AB&rsquo;nin 2019 y\u0131l\u0131 b\u00fct\u00e7esinde gelirler 166 milyar avro, harcamalar ise 149 milyar avro d\u00fczeyinde ger\u00e7ekle\u015fecek. Avrupa&rsquo;n\u0131n ekonomik b\u00fcy\u00fcmesine katk\u0131 sa\u011flamak i\u00e7in toplam 80 milyar avroluk kaynak kullan\u0131lacak. Bu [&hellip;]","og_url":"https:\/\/avrupapress.com\/2018\/05\/23\/ab-komisyonu-2019-butce-taslagini-belirledi\/","og_site_name":"AvrupaPress","article_published_time":"2018-05-23T21:51:45+00:00","og_image":[{"width":620,"height":360,"url":"https:\/\/avrupapress.com\/wp-content\/uploads\/2018\/05\/ab_komisyonu_2019_butce_taslagini_belirledi_1527075219_8374.jpg","type":"image\/jpeg"}],"author":"Edit\u00f6r","twitter_card":"summary_large_image","twitter_misc":{"\u00c9crit par":"Edit\u00f6r","Dur\u00e9e de lecture est.":"1 minute"},"schema":{"@context":"https:\/\/schema.org","@graph":[{"@type":"Article","@id":"https:\/\/avrupapress.com\/2018\/05\/23\/ab-komisyonu-2019-butce-taslagini-belirledi\/#article","isPartOf":{"@id":"https:\/\/avrupapress.com\/2018\/05\/23\/ab-komisyonu-2019-butce-taslagini-belirledi\/"},"author":{"name":"Edit\u00f6r","@id":"https:\/\/avrupapress.com\/#\/schema\/person\/68428444ec60970d1e1b700cf4ca1e8f"},"headline":"AB Komisyonu 2019 b\u00fct\u00e7e tasla\u011f\u0131n\u0131 belirledi","datePublished":"2018-05-23T21:51:45+00:00","mainEntityOfPage":{"@id":"https:\/\/avrupapress.com\/2018\/05\/23\/ab-komisyonu-2019-butce-taslagini-belirledi\/"},"wordCount":291,"commentCount":0,"publisher":{"@id":"https:\/\/avrupapress.com\/#\/schema\/person\/0223dca19c72c43575bf30d1a2d8f4fa"},"image":{"@id":"https:\/\/avrupapress.com\/2018\/05\/23\/ab-komisyonu-2019-butce-taslagini-belirledi\/#primaryimage"},"thumbnailUrl":"https:\/\/avrupapress.com\/main\/wp-content\/uploads\/2018\/05\/ab_komisyonu_2019_butce_taslagini_belirledi_1527075219_8374.jpg","keywords":["2019 b\u00fct\u00e7e","AB Komisyonu","tasla\u011f\u0131n\u0131 belirledi"],"articleSection":["Avrupa","Bel\u00e7ika","D\u00fcnya","Ekonomi","K\u00fclt\u00fcr-Sanat","Tan\u0131t\u0131m","T\u00fcrkiye","Uncategorized"],"inLanguage":"fr-BE","potentialAction":[{"@type":"CommentAction","name":"Comment","target":["https:\/\/avrupapress.com\/2018\/05\/23\/ab-komisyonu-2019-butce-taslagini-belirledi\/#respond"]}]},{"@type":"WebPage","@id":"https:\/\/avrupapress.com\/2018\/05\/23\/ab-komisyonu-2019-butce-taslagini-belirledi\/","url":"https:\/\/avrupapress.com\/2018\/05\/23\/ab-komisyonu-2019-butce-taslagini-belirledi\/","name":"AB Komisyonu 2019 b\u00fct\u00e7e tasla\u011f\u0131n\u0131 belirledi - AvrupaPress","isPartOf":{"@id":"https:\/\/avrupapress.com\/#website"},"primaryImageOfPage":{"@id":"https:\/\/avrupapress.com\/2018\/05\/23\/ab-komisyonu-2019-butce-taslagini-belirledi\/#primaryimage"},"image":{"@id":"https:\/\/avrupapress.com\/2018\/05\/23\/ab-komisyonu-2019-butce-taslagini-belirledi\/#primaryimage"},"thumbnailUrl":"https:\/\/avrupapress.com\/main\/wp-content\/uploads\/2018\/05\/ab_komisyonu_2019_butce_taslagini_belirledi_1527075219_8374.jpg","datePublished":"2018-05-23T21:51:45+00:00","breadcrumb":{"@id":"https:\/\/avrupapress.com\/2018\/05\/23\/ab-komisyonu-2019-butce-taslagini-belirledi\/#breadcrumb"},"inLanguage":"fr-BE","potentialAction":[{"@type":"ReadAction","target":["https:\/\/avrupapress.com\/2018\/05\/23\/ab-komisyonu-2019-butce-taslagini-belirledi\/"]}]},{"@type":"ImageObject","inLanguage":"fr-BE","@id":"https:\/\/avrupapress.com\/2018\/05\/23\/ab-komisyonu-2019-butce-taslagini-belirledi\/#primaryimage","url":"https:\/\/avrupapress.com\/main\/wp-content\/uploads\/2018\/05\/ab_komisyonu_2019_butce_taslagini_belirledi_1527075219_8374.jpg","contentUrl":"https:\/\/avrupapress.com\/main\/wp-content\/uploads\/2018\/05\/ab_komisyonu_2019_butce_taslagini_belirledi_1527075219_8374.jpg","width":620,"height":360},{"@type":"BreadcrumbList","@id":"https:\/\/avrupapress.com\/2018\/05\/23\/ab-komisyonu-2019-butce-taslagini-belirledi\/#breadcrumb","itemListElement":[{"@type":"ListItem","position":1,"name":"Anasayfa","item":"https:\/\/avrupapress.com\/"},{"@type":"ListItem","position":2,"name":"AB Komisyonu 2019 b\u00fct\u00e7e tasla\u011f\u0131n\u0131 belirledi"}]},{"@type":"WebSite","@id":"https:\/\/avrupapress.com\/#website","url":"https:\/\/avrupapress.com\/","name":"AvrupaPress","description":"Haberin Adresi","publisher":{"@id":"https:\/\/avrupapress.com\/#\/schema\/person\/0223dca19c72c43575bf30d1a2d8f4fa"},"potentialAction":[{"@type":"SearchAction","target":{"@type":"EntryPoint","urlTemplate":"https:\/\/avrupapress.com\/?s={search_term_string}"},"query-input":{"@type":"PropertyValueSpecification","valueRequired":true,"valueName":"search_term_string"}}],"inLanguage":"fr-BE"},{"@type":["Person","Organization"],"@id":"https:\/\/avrupapress.com\/#\/schema\/person\/0223dca19c72c43575bf30d1a2d8f4fa","name":"Bilgin \u00d6z\u00e7ift\u00e7i","image":{"@type":"ImageObject","inLanguage":"fr-BE","@id":"https:\/\/avrupapress.com\/#\/schema\/person\/image\/","url":"https:\/\/secure.gravatar.com\/avatar\/0f23b280433a21e1ea7a0adcc46ed0ad16afe3ad8e630fd13d8a017dcbd54ef3?s=96&d=mm&r=g","contentUrl":"https:\/\/secure.gravatar.com\/avatar\/0f23b280433a21e1ea7a0adcc46ed0ad16afe3ad8e630fd13d8a017dcbd54ef3?s=96&d=mm&r=g","caption":"Bilgin \u00d6z\u00e7ift\u00e7i"},"logo":{"@id":"https:\/\/avrupapress.com\/#\/schema\/person\/image\/"},"description":"Ne ben, nede sen... Biz ancak \"biz\" olursak g\u00fc\u00e7l\u00fc olabiliriz"},{"@type":"Person","@id":"https:\/\/avrupapress.com\/#\/schema\/person\/68428444ec60970d1e1b700cf4ca1e8f","name":"Edit\u00f6r","image":{"@type":"ImageObject","inLanguage":"fr-BE","@id":"https:\/\/avrupapress.com\/#\/schema\/person\/image\/","url":"https:\/\/secure.gravatar.com\/avatar\/74996b0977aa5f1559ba9883776652508b229005c0d78fb2597897f0bd651c09?s=96&d=mm&r=g","contentUrl":"https:\/\/secure.gravatar.com\/avatar\/74996b0977aa5f1559ba9883776652508b229005c0d78fb2597897f0bd651c09?s=96&d=mm&r=g","caption":"Edit\u00f6r"},"sameAs":["http:\/\/www.avrupapress.com"],"url":"https:\/\/avrupapress.com\/main\/author\/editor\/"}]}},"_links":{"self":[{"href":"https:\/\/avrupapress.com\/main\/wp-json\/wp\/v2\/posts\/5622","targetHints":{"allow":["GET"]}}],"collection":[{"href":"https:\/\/avrupapress.com\/main\/wp-json\/wp\/v2\/posts"}],"about":[{"href":"https:\/\/avrupapress.com\/main\/wp-json\/wp\/v2\/types\/post"}],"author":[{"embeddable":true,"href":"https:\/\/avrupapress.com\/main\/wp-json\/wp\/v2\/users\/3"}],"replies":[{"embeddable":true,"href":"https:\/\/avrupapress.com\/main\/wp-json\/wp\/v2\/comments?post=5622"}],"version-history":[{"count":1,"href":"https:\/\/avrupapress.com\/main\/wp-json\/wp\/v2\/posts\/5622\/revisions"}],"predecessor-version":[{"id":5624,"href":"https:\/\/avrupapress.com\/main\/wp-json\/wp\/v2\/posts\/5622\/revisions\/5624"}],"wp:featuredmedia":[{"embeddable":true,"href":"https:\/\/avrupapress.com\/main\/wp-json\/wp\/v2\/media\/5623"}],"wp:attachment":[{"href":"https:\/\/avrupapress.com\/main\/wp-json\/wp\/v2\/media?parent=5622"}],"wp:term":[{"taxonomy":"category","embeddable":true,"href":"https:\/\/avrupapress.com\/main\/wp-json\/wp\/v2\/categories?post=5622"},{"taxonomy":"post_tag","embeddable":true,"href":"https:\/\/avrupapress.com\/main\/wp-json\/wp\/v2\/tags?post=5622"}],"curies":[{"name":"wp","href":"https:\/\/api.w.org\/{rel}","templated":true}]}}