{"id":5619,"date":"2018-05-23T21:35:03","date_gmt":"2018-05-23T21:35:03","guid":{"rendered":"http:\/\/avrupapress.com\/main\/?p=5619"},"modified":"2018-05-23T21:35:03","modified_gmt":"2018-05-23T21:35:03","slug":"deniz-ve-hava-kuvvetleri-komutanligi-2018-yili-er-alim-ilani-yayimladi-en-az-ilkogretim","status":"publish","type":"post","link":"https:\/\/avrupapress.com\/main\/2018\/05\/23\/deniz-ve-hava-kuvvetleri-komutanligi-2018-yili-er-alim-ilani-yayimladi-en-az-ilkogretim\/","title":{"rendered":"Deniz ve Hava Kuvvetleri Komutanl\u0131\u011f\u0131 2018 Y\u0131l\u0131 Er Al\u0131m \u0130lan\u0131 Yay\u0131mlad\u0131! En Az \u0130lk\u00f6\u011fretim"},"content":{"rendered":"<p>Milli Savunma bakanl\u0131\u011f\u0131na ba\u011fl\u0131 olan Deniz Kuvvetleri Komutanl\u0131\u011f\u0131 ve Hava Kuvvetleri Komutanl\u0131\u011f\u0131 b\u00fcnyesindeki personel eksikli\u011fini kar\u015f\u0131lamak ama\u00e7l\u0131 s\u00f6zle\u015fmeli olarak er al\u0131m\u0131 yapacaklar\u0131n\u0131 belirttiler. \u0130lan hakk\u0131nda detayl\u0131 bilgiye haberimizin devam\u0131ndan ula\u015fabilirsiniz.<\/p>\n<p>Yay\u0131mlanan ilana g\u00f6re Deniz ve\u00a0<strong class=\"klink\">hava Kuvvetleri Komutanl\u0131\u011f\u0131<\/strong>\u00a0b\u00fcnyesine s\u00f6zle\u015fmeli olarak er al\u0131m\u0131 yapacak. Milli Savunma Bakanl\u0131\u011f\u0131na ba\u011fl\u0131 olan\u00a0<strong class=\"klink\">Deniz Kuvvetleri Komutanl\u0131\u011f\u0131<\/strong>\u00a0ve hava Kuvvetleri Komutanl\u0131\u011f\u0131 yay\u0131mlad\u0131klar\u0131 ilana g\u00f6re 2018 y\u0131l\u0131 i\u00e7in S\u00f6zle\u015fmeli Olarak Er al\u0131m\u0131 yapacaklar.\u00a0<strong class=\"klink\">2018 y\u0131l\u0131 er al\u0131m\u0131<\/strong>\u00a0i\u00e7in adaylar\u0131n mezuniyet \u015fart\u0131n\u0131 ve di\u011fer \u015fartlar\u0131 ta\u015f\u0131malar\u0131 \u015fartt\u0131r. Buna g\u00f6re en az ilk\u00f6pretim er al\u0131m\u0131 yap\u0131lacak.<\/p>\n<p><strong>K\u0130MLER BA\u015eVURU YAPAB\u0130L\u0130R?<\/strong><\/p>\n<p>Deniz ve Hava Kuvvetleri Komutanl\u0131\u011f\u0131 S\u00f6zle\u015fmeli er al\u0131m ilan\u0131na ba\u015fvuru yapacak adaylardan genel olarak, T\u00fcrkiye Cumhuriyeti vatanda\u015f\u0131 olmak, Askerlik hizmetini erba\u015f veya er olarak tamamlamam\u0131\u015f ve Ba\u015fvuru yap\u0131ld\u0131\u011f\u0131 y\u0131l\u0131n Ocak ay\u0131 itibari ile 25 ya\u015f\u0131n\u0131 bitirmemi\u015f olmak, En Az ilk\u00f6\u011fretim mezunu veya yurtd\u0131\u015f\u0131 dengi okul mezunu olmak, Askeri okullardan veya TSK dan her ne sebeple olursa olsun il\u015fkisi kesilmemi\u015f olmak, Kamu haklar\u0131ndan mahrum bulunmamak, Askerlik hizmetine ba\u015flam\u0131\u015f veya bitirmemi\u015f olanlar i\u00e7in 20 ya\u015f\u0131ndan g\u00fcn alm\u0131\u015f ve 25 ya\u015f\u0131n\u0131 bitirmemi\u015f olmak, Herhangi bir su\u00e7 h\u00fck\u00fcml\u00fcl\u00fc\u011f\u00fc bulunmamak, TSK da daha \u00f6nce\u00a0subay, astsubay, uzman jandarma veya uzman erba\u015f, s\u00f6zle\u015fmeli erba\u015f ve er olarak istihdam edilmemi\u015f olmak, Herhangi bir ter\u00f6r \u00f6rg\u00fct\u00fc \u00fcyesi olmamak, Askerlik hizmetini yapmakta iken Askerli\u011fe elveri\u015fli de\u011fildir olarak terhis edilmemi\u015f olmak, \u0130landa belirtilen boy ve kilo \u00f6l\u00e7\u00fcm tablosuna uygn olmak \u015fartlar\u0131 aranacakt\u0131r.<\/p>\n<p>Yukar\u0131daki \u015fartlar\u0131 ta\u015f\u0131yan adaylar\u0131n ba\u015fvurular\u0131 kabul edilecektir. Aksi taktirde ba\u015fvuru \u015fartlar\u0131n\u0131 ta\u015f\u0131mad\u0131klar\u0131 anla\u015f\u0131l\u0131rsa ba\u015fvuru i\u015femleri iptal edilecektir.<\/p>\n<p><strong>BA\u015eVURULAR:<\/strong><\/p>\n<p>Ba\u015fvuruda bulunacak olan adaylar ba\u015fvular\u0131n\u0131\u00a0https:\/\/personeltemin.msb.gov.tr internet adresinden e-devlet ile giri\u015f yaparak \u00e7evrimi\u00e7i (online) ger\u00e7ekle\u015ftireceklerdir.\u00a0Adaylar\u0131n \u00e7evrimi\u00e7i (online) ba\u015fvuru formunu doldurmalar\u0131n\u0131 m\u00fcteakip ba\u015fvuru bilgileri ba\u015fvuru merkezinde kayda girecektir. Ba\u015fvurunun tamamlanmas\u0131n\u0131 m\u00fcteakip b\u00fct\u00fcn i\u015flemlerde TC Kimlik Numaras\u0131 kullan\u0131lacakt\u0131r. \u0130lan hakk\u0131nda daha detayl\u0131 bilgi almak i\u00e7in ilan\u0131n tam metnini incelemeniz gerekmektedir. \u0130lan\u0131n tam metni i\u00e7in a\u015fa\u011f\u0131daki ba\u011flant\u0131y\u0131 kullanabilirsiniz.<\/p>\n<p><a href=\"http:\/\/www.isinolsa.com\/images\/upload\/dkk_ve_hkk.pdf\" target=\"_blank\" rel=\"noopener\"><strong>\u0130lan\u0131n Tam Metni<\/strong><\/a><\/p>\n","protected":false},"excerpt":{"rendered":"<p>Milli Savunma bakanl\u0131\u011f\u0131na ba\u011fl\u0131 olan Deniz Kuvvetleri Komutanl\u0131\u011f\u0131 ve Hava Kuvvetleri Komutanl\u0131\u011f\u0131 b\u00fcnyesindeki personel eksikli\u011fini kar\u015f\u0131lamak ama\u00e7l\u0131 s\u00f6zle\u015fmeli olarak er al\u0131m\u0131 yapacaklar\u0131n\u0131 belirttiler. \u0130lan hakk\u0131nda detayl\u0131 bilgiye haberimizin devam\u0131ndan ula\u015fabilirsiniz. Yay\u0131mlanan ilana g\u00f6re Deniz ve\u00a0hava Kuvvetleri Komutanl\u0131\u011f\u0131\u00a0b\u00fcnyesine s\u00f6zle\u015fmeli olarak er al\u0131m\u0131 yapacak. Milli Savunma Bakanl\u0131\u011f\u0131na ba\u011fl\u0131 olan\u00a0Deniz Kuvvetleri Komutanl\u0131\u011f\u0131\u00a0ve hava Kuvvetleri Komutanl\u0131\u011f\u0131 yay\u0131mlad\u0131klar\u0131 ilana g\u00f6re [&hellip;]<\/p>\n","protected":false},"author":3,"featured_media":5620,"comment_status":"open","ping_status":"open","sticky":false,"template":"","format":"standard","meta":{"footnotes":""},"categories":[14,16,3,17,18,19,2,1],"tags":[3709,3713,3711,3710,3712],"class_list":["post-5619","post","type-post","status-publish","format-standard","has-post-thumbnail","hentry","category-avrupa","category-belcika","category-dunya","category-ekonomi","category-kultur-sanat","category-tanitim","category-turkiye","category-uncategorized","tag-deniz-ve-hava-kuvvetleri","tag-en-az-ilkogretim","tag-er-alim-ilani","tag-komutanligi-2018-yili","tag-yayimladi"],"yoast_head":"<!-- This site is optimized with the Yoast SEO plugin v26.9 - https:\/\/yoast.com\/product\/yoast-seo-wordpress\/ -->\n<title>Deniz ve Hava Kuvvetleri Komutanl\u0131\u011f\u0131 2018 Y\u0131l\u0131 Er Al\u0131m \u0130lan\u0131 Yay\u0131mlad\u0131! En Az \u0130lk\u00f6\u011fretim - AvrupaPress<\/title>\n<meta name=\"robots\" content=\"index, follow, max-snippet:-1, max-image-preview:large, max-video-preview:-1\" \/>\n<link rel=\"canonical\" href=\"https:\/\/avrupapress.com\/2018\/05\/23\/deniz-ve-hava-kuvvetleri-komutanligi-2018-yili-er-alim-ilani-yayimladi-en-az-ilkogretim\/\" \/>\n<meta property=\"og:locale\" content=\"fr_FR\" \/>\n<meta property=\"og:type\" content=\"article\" \/>\n<meta property=\"og:title\" content=\"Deniz ve Hava Kuvvetleri Komutanl\u0131\u011f\u0131 2018 Y\u0131l\u0131 Er Al\u0131m \u0130lan\u0131 Yay\u0131mlad\u0131! En Az \u0130lk\u00f6\u011fretim - AvrupaPress\" \/>\n<meta property=\"og:description\" content=\"Milli Savunma bakanl\u0131\u011f\u0131na ba\u011fl\u0131 olan Deniz Kuvvetleri Komutanl\u0131\u011f\u0131 ve Hava Kuvvetleri Komutanl\u0131\u011f\u0131 b\u00fcnyesindeki personel eksikli\u011fini kar\u015f\u0131lamak ama\u00e7l\u0131 s\u00f6zle\u015fmeli olarak er al\u0131m\u0131 yapacaklar\u0131n\u0131 belirttiler. \u0130lan hakk\u0131nda detayl\u0131 bilgiye haberimizin devam\u0131ndan ula\u015fabilirsiniz. Yay\u0131mlanan ilana g\u00f6re Deniz ve\u00a0hava Kuvvetleri Komutanl\u0131\u011f\u0131\u00a0b\u00fcnyesine s\u00f6zle\u015fmeli olarak er al\u0131m\u0131 yapacak. Milli Savunma Bakanl\u0131\u011f\u0131na ba\u011fl\u0131 olan\u00a0Deniz Kuvvetleri Komutanl\u0131\u011f\u0131\u00a0ve hava Kuvvetleri Komutanl\u0131\u011f\u0131 yay\u0131mlad\u0131klar\u0131 ilana g\u00f6re [&hellip;]\" \/>\n<meta property=\"og:url\" content=\"https:\/\/avrupapress.com\/2018\/05\/23\/deniz-ve-hava-kuvvetleri-komutanligi-2018-yili-er-alim-ilani-yayimladi-en-az-ilkogretim\/\" \/>\n<meta property=\"og:site_name\" content=\"AvrupaPress\" \/>\n<meta property=\"article:published_time\" content=\"2018-05-23T21:35:03+00:00\" \/>\n<meta property=\"og:image\" content=\"https:\/\/avrupapress.com\/wp-content\/uploads\/2018\/05\/deniz_ve_hava_kuvvetleri_komutanligi_2018_yili_er_alim_ilani_yayimladi_en_az_ilkogretim_h20029_f4e91.jpg\" \/>\n\t<meta property=\"og:image:width\" content=\"652\" \/>\n\t<meta property=\"og:image:height\" content=\"339\" \/>\n\t<meta property=\"og:image:type\" content=\"image\/jpeg\" \/>\n<meta name=\"author\" content=\"Edit\u00f6r\" \/>\n<meta name=\"twitter:card\" content=\"summary_large_image\" \/>\n<meta name=\"twitter:label1\" content=\"\u00c9crit par\" \/>\n\t<meta name=\"twitter:data1\" content=\"Edit\u00f6r\" \/>\n\t<meta name=\"twitter:label2\" content=\"Dur\u00e9e de lecture est.\" \/>\n\t<meta name=\"twitter:data2\" content=\"2 minutes\" \/>\n<script type=\"application\/ld+json\" class=\"yoast-schema-graph\">{\"@context\":\"https:\/\/schema.org\",\"@graph\":[{\"@type\":\"Article\",\"@id\":\"https:\/\/avrupapress.com\/2018\/05\/23\/deniz-ve-hava-kuvvetleri-komutanligi-2018-yili-er-alim-ilani-yayimladi-en-az-ilkogretim\/#article\",\"isPartOf\":{\"@id\":\"https:\/\/avrupapress.com\/2018\/05\/23\/deniz-ve-hava-kuvvetleri-komutanligi-2018-yili-er-alim-ilani-yayimladi-en-az-ilkogretim\/\"},\"author\":{\"name\":\"Edit\u00f6r\",\"@id\":\"https:\/\/avrupapress.com\/#\/schema\/person\/68428444ec60970d1e1b700cf4ca1e8f\"},\"headline\":\"Deniz ve Hava Kuvvetleri Komutanl\u0131\u011f\u0131 2018 Y\u0131l\u0131 Er Al\u0131m \u0130lan\u0131 Yay\u0131mlad\u0131! En Az \u0130lk\u00f6\u011fretim\",\"datePublished\":\"2018-05-23T21:35:03+00:00\",\"mainEntityOfPage\":{\"@id\":\"https:\/\/avrupapress.com\/2018\/05\/23\/deniz-ve-hava-kuvvetleri-komutanligi-2018-yili-er-alim-ilani-yayimladi-en-az-ilkogretim\/\"},\"wordCount\":436,\"commentCount\":0,\"publisher\":{\"@id\":\"https:\/\/avrupapress.com\/#\/schema\/person\/0223dca19c72c43575bf30d1a2d8f4fa\"},\"image\":{\"@id\":\"https:\/\/avrupapress.com\/2018\/05\/23\/deniz-ve-hava-kuvvetleri-komutanligi-2018-yili-er-alim-ilani-yayimladi-en-az-ilkogretim\/#primaryimage\"},\"thumbnailUrl\":\"https:\/\/avrupapress.com\/main\/wp-content\/uploads\/2018\/05\/deniz_ve_hava_kuvvetleri_komutanligi_2018_yili_er_alim_ilani_yayimladi_en_az_ilkogretim_h20029_f4e91.jpg\",\"keywords\":[\"Deniz ve Hava Kuvvetleri\",\"En Az \u0130lk\u00f6\u011fretim\",\"Er Al\u0131m \u0130lan\u0131\",\"Komutanl\u0131\u011f\u0131 2018 Y\u0131l\u0131\",\"Yay\u0131mlad\u0131!\"],\"articleSection\":[\"Avrupa\",\"Bel\u00e7ika\",\"D\u00fcnya\",\"Ekonomi\",\"K\u00fclt\u00fcr-Sanat\",\"Tan\u0131t\u0131m\",\"T\u00fcrkiye\",\"Uncategorized\"],\"inLanguage\":\"fr-BE\",\"potentialAction\":[{\"@type\":\"CommentAction\",\"name\":\"Comment\",\"target\":[\"https:\/\/avrupapress.com\/2018\/05\/23\/deniz-ve-hava-kuvvetleri-komutanligi-2018-yili-er-alim-ilani-yayimladi-en-az-ilkogretim\/#respond\"]}]},{\"@type\":\"WebPage\",\"@id\":\"https:\/\/avrupapress.com\/2018\/05\/23\/deniz-ve-hava-kuvvetleri-komutanligi-2018-yili-er-alim-ilani-yayimladi-en-az-ilkogretim\/\",\"url\":\"https:\/\/avrupapress.com\/2018\/05\/23\/deniz-ve-hava-kuvvetleri-komutanligi-2018-yili-er-alim-ilani-yayimladi-en-az-ilkogretim\/\",\"name\":\"Deniz ve Hava Kuvvetleri Komutanl\u0131\u011f\u0131 2018 Y\u0131l\u0131 Er Al\u0131m \u0130lan\u0131 Yay\u0131mlad\u0131! En Az \u0130lk\u00f6\u011fretim - AvrupaPress\",\"isPartOf\":{\"@id\":\"https:\/\/avrupapress.com\/#website\"},\"primaryImageOfPage\":{\"@id\":\"https:\/\/avrupapress.com\/2018\/05\/23\/deniz-ve-hava-kuvvetleri-komutanligi-2018-yili-er-alim-ilani-yayimladi-en-az-ilkogretim\/#primaryimage\"},\"image\":{\"@id\":\"https:\/\/avrupapress.com\/2018\/05\/23\/deniz-ve-hava-kuvvetleri-komutanligi-2018-yili-er-alim-ilani-yayimladi-en-az-ilkogretim\/#primaryimage\"},\"thumbnailUrl\":\"https:\/\/avrupapress.com\/main\/wp-content\/uploads\/2018\/05\/deniz_ve_hava_kuvvetleri_komutanligi_2018_yili_er_alim_ilani_yayimladi_en_az_ilkogretim_h20029_f4e91.jpg\",\"datePublished\":\"2018-05-23T21:35:03+00:00\",\"breadcrumb\":{\"@id\":\"https:\/\/avrupapress.com\/2018\/05\/23\/deniz-ve-hava-kuvvetleri-komutanligi-2018-yili-er-alim-ilani-yayimladi-en-az-ilkogretim\/#breadcrumb\"},\"inLanguage\":\"fr-BE\",\"potentialAction\":[{\"@type\":\"ReadAction\",\"target\":[\"https:\/\/avrupapress.com\/2018\/05\/23\/deniz-ve-hava-kuvvetleri-komutanligi-2018-yili-er-alim-ilani-yayimladi-en-az-ilkogretim\/\"]}]},{\"@type\":\"ImageObject\",\"inLanguage\":\"fr-BE\",\"@id\":\"https:\/\/avrupapress.com\/2018\/05\/23\/deniz-ve-hava-kuvvetleri-komutanligi-2018-yili-er-alim-ilani-yayimladi-en-az-ilkogretim\/#primaryimage\",\"url\":\"https:\/\/avrupapress.com\/main\/wp-content\/uploads\/2018\/05\/deniz_ve_hava_kuvvetleri_komutanligi_2018_yili_er_alim_ilani_yayimladi_en_az_ilkogretim_h20029_f4e91.jpg\",\"contentUrl\":\"https:\/\/avrupapress.com\/main\/wp-content\/uploads\/2018\/05\/deniz_ve_hava_kuvvetleri_komutanligi_2018_yili_er_alim_ilani_yayimladi_en_az_ilkogretim_h20029_f4e91.jpg\",\"width\":652,\"height\":339},{\"@type\":\"BreadcrumbList\",\"@id\":\"https:\/\/avrupapress.com\/2018\/05\/23\/deniz-ve-hava-kuvvetleri-komutanligi-2018-yili-er-alim-ilani-yayimladi-en-az-ilkogretim\/#breadcrumb\",\"itemListElement\":[{\"@type\":\"ListItem\",\"position\":1,\"name\":\"Anasayfa\",\"item\":\"https:\/\/avrupapress.com\/\"},{\"@type\":\"ListItem\",\"position\":2,\"name\":\"Deniz ve Hava Kuvvetleri Komutanl\u0131\u011f\u0131 2018 Y\u0131l\u0131 Er Al\u0131m \u0130lan\u0131 Yay\u0131mlad\u0131! En Az \u0130lk\u00f6\u011fretim\"}]},{\"@type\":\"WebSite\",\"@id\":\"https:\/\/avrupapress.com\/#website\",\"url\":\"https:\/\/avrupapress.com\/\",\"name\":\"AvrupaPress\",\"description\":\"Haberin Adresi\",\"publisher\":{\"@id\":\"https:\/\/avrupapress.com\/#\/schema\/person\/0223dca19c72c43575bf30d1a2d8f4fa\"},\"potentialAction\":[{\"@type\":\"SearchAction\",\"target\":{\"@type\":\"EntryPoint\",\"urlTemplate\":\"https:\/\/avrupapress.com\/?s={search_term_string}\"},\"query-input\":{\"@type\":\"PropertyValueSpecification\",\"valueRequired\":true,\"valueName\":\"search_term_string\"}}],\"inLanguage\":\"fr-BE\"},{\"@type\":[\"Person\",\"Organization\"],\"@id\":\"https:\/\/avrupapress.com\/#\/schema\/person\/0223dca19c72c43575bf30d1a2d8f4fa\",\"name\":\"Bilgin \u00d6z\u00e7ift\u00e7i\",\"image\":{\"@type\":\"ImageObject\",\"inLanguage\":\"fr-BE\",\"@id\":\"https:\/\/avrupapress.com\/#\/schema\/person\/image\/\",\"url\":\"https:\/\/secure.gravatar.com\/avatar\/0f23b280433a21e1ea7a0adcc46ed0ad16afe3ad8e630fd13d8a017dcbd54ef3?s=96&d=mm&r=g\",\"contentUrl\":\"https:\/\/secure.gravatar.com\/avatar\/0f23b280433a21e1ea7a0adcc46ed0ad16afe3ad8e630fd13d8a017dcbd54ef3?s=96&d=mm&r=g\",\"caption\":\"Bilgin \u00d6z\u00e7ift\u00e7i\"},\"logo\":{\"@id\":\"https:\/\/avrupapress.com\/#\/schema\/person\/image\/\"},\"description\":\"Ne ben, nede sen... Biz ancak \\\"biz\\\" olursak g\u00fc\u00e7l\u00fc olabiliriz\"},{\"@type\":\"Person\",\"@id\":\"https:\/\/avrupapress.com\/#\/schema\/person\/68428444ec60970d1e1b700cf4ca1e8f\",\"name\":\"Edit\u00f6r\",\"image\":{\"@type\":\"ImageObject\",\"inLanguage\":\"fr-BE\",\"@id\":\"https:\/\/avrupapress.com\/#\/schema\/person\/image\/\",\"url\":\"https:\/\/secure.gravatar.com\/avatar\/74996b0977aa5f1559ba9883776652508b229005c0d78fb2597897f0bd651c09?s=96&d=mm&r=g\",\"contentUrl\":\"https:\/\/secure.gravatar.com\/avatar\/74996b0977aa5f1559ba9883776652508b229005c0d78fb2597897f0bd651c09?s=96&d=mm&r=g\",\"caption\":\"Edit\u00f6r\"},\"sameAs\":[\"http:\/\/www.avrupapress.com\"],\"url\":\"https:\/\/avrupapress.com\/main\/author\/editor\/\"}]}<\/script>\n<!-- \/ Yoast SEO plugin. -->","yoast_head_json":{"title":"Deniz ve Hava Kuvvetleri Komutanl\u0131\u011f\u0131 2018 Y\u0131l\u0131 Er Al\u0131m \u0130lan\u0131 Yay\u0131mlad\u0131! En Az \u0130lk\u00f6\u011fretim - AvrupaPress","robots":{"index":"index","follow":"follow","max-snippet":"max-snippet:-1","max-image-preview":"max-image-preview:large","max-video-preview":"max-video-preview:-1"},"canonical":"https:\/\/avrupapress.com\/2018\/05\/23\/deniz-ve-hava-kuvvetleri-komutanligi-2018-yili-er-alim-ilani-yayimladi-en-az-ilkogretim\/","og_locale":"fr_FR","og_type":"article","og_title":"Deniz ve Hava Kuvvetleri Komutanl\u0131\u011f\u0131 2018 Y\u0131l\u0131 Er Al\u0131m \u0130lan\u0131 Yay\u0131mlad\u0131! En Az \u0130lk\u00f6\u011fretim - AvrupaPress","og_description":"Milli Savunma bakanl\u0131\u011f\u0131na ba\u011fl\u0131 olan Deniz Kuvvetleri Komutanl\u0131\u011f\u0131 ve Hava Kuvvetleri Komutanl\u0131\u011f\u0131 b\u00fcnyesindeki personel eksikli\u011fini kar\u015f\u0131lamak ama\u00e7l\u0131 s\u00f6zle\u015fmeli olarak er al\u0131m\u0131 yapacaklar\u0131n\u0131 belirttiler. \u0130lan hakk\u0131nda detayl\u0131 bilgiye haberimizin devam\u0131ndan ula\u015fabilirsiniz. Yay\u0131mlanan ilana g\u00f6re Deniz ve\u00a0hava Kuvvetleri Komutanl\u0131\u011f\u0131\u00a0b\u00fcnyesine s\u00f6zle\u015fmeli olarak er al\u0131m\u0131 yapacak. Milli Savunma Bakanl\u0131\u011f\u0131na ba\u011fl\u0131 olan\u00a0Deniz Kuvvetleri Komutanl\u0131\u011f\u0131\u00a0ve hava Kuvvetleri Komutanl\u0131\u011f\u0131 yay\u0131mlad\u0131klar\u0131 ilana g\u00f6re [&hellip;]","og_url":"https:\/\/avrupapress.com\/2018\/05\/23\/deniz-ve-hava-kuvvetleri-komutanligi-2018-yili-er-alim-ilani-yayimladi-en-az-ilkogretim\/","og_site_name":"AvrupaPress","article_published_time":"2018-05-23T21:35:03+00:00","og_image":[{"width":652,"height":339,"url":"https:\/\/avrupapress.com\/wp-content\/uploads\/2018\/05\/deniz_ve_hava_kuvvetleri_komutanligi_2018_yili_er_alim_ilani_yayimladi_en_az_ilkogretim_h20029_f4e91.jpg","type":"image\/jpeg"}],"author":"Edit\u00f6r","twitter_card":"summary_large_image","twitter_misc":{"\u00c9crit par":"Edit\u00f6r","Dur\u00e9e de lecture est.":"2 minutes"},"schema":{"@context":"https:\/\/schema.org","@graph":[{"@type":"Article","@id":"https:\/\/avrupapress.com\/2018\/05\/23\/deniz-ve-hava-kuvvetleri-komutanligi-2018-yili-er-alim-ilani-yayimladi-en-az-ilkogretim\/#article","isPartOf":{"@id":"https:\/\/avrupapress.com\/2018\/05\/23\/deniz-ve-hava-kuvvetleri-komutanligi-2018-yili-er-alim-ilani-yayimladi-en-az-ilkogretim\/"},"author":{"name":"Edit\u00f6r","@id":"https:\/\/avrupapress.com\/#\/schema\/person\/68428444ec60970d1e1b700cf4ca1e8f"},"headline":"Deniz ve Hava Kuvvetleri Komutanl\u0131\u011f\u0131 2018 Y\u0131l\u0131 Er Al\u0131m \u0130lan\u0131 Yay\u0131mlad\u0131! En Az \u0130lk\u00f6\u011fretim","datePublished":"2018-05-23T21:35:03+00:00","mainEntityOfPage":{"@id":"https:\/\/avrupapress.com\/2018\/05\/23\/deniz-ve-hava-kuvvetleri-komutanligi-2018-yili-er-alim-ilani-yayimladi-en-az-ilkogretim\/"},"wordCount":436,"commentCount":0,"publisher":{"@id":"https:\/\/avrupapress.com\/#\/schema\/person\/0223dca19c72c43575bf30d1a2d8f4fa"},"image":{"@id":"https:\/\/avrupapress.com\/2018\/05\/23\/deniz-ve-hava-kuvvetleri-komutanligi-2018-yili-er-alim-ilani-yayimladi-en-az-ilkogretim\/#primaryimage"},"thumbnailUrl":"https:\/\/avrupapress.com\/main\/wp-content\/uploads\/2018\/05\/deniz_ve_hava_kuvvetleri_komutanligi_2018_yili_er_alim_ilani_yayimladi_en_az_ilkogretim_h20029_f4e91.jpg","keywords":["Deniz ve Hava Kuvvetleri","En Az \u0130lk\u00f6\u011fretim","Er Al\u0131m \u0130lan\u0131","Komutanl\u0131\u011f\u0131 2018 Y\u0131l\u0131","Yay\u0131mlad\u0131!"],"articleSection":["Avrupa","Bel\u00e7ika","D\u00fcnya","Ekonomi","K\u00fclt\u00fcr-Sanat","Tan\u0131t\u0131m","T\u00fcrkiye","Uncategorized"],"inLanguage":"fr-BE","potentialAction":[{"@type":"CommentAction","name":"Comment","target":["https:\/\/avrupapress.com\/2018\/05\/23\/deniz-ve-hava-kuvvetleri-komutanligi-2018-yili-er-alim-ilani-yayimladi-en-az-ilkogretim\/#respond"]}]},{"@type":"WebPage","@id":"https:\/\/avrupapress.com\/2018\/05\/23\/deniz-ve-hava-kuvvetleri-komutanligi-2018-yili-er-alim-ilani-yayimladi-en-az-ilkogretim\/","url":"https:\/\/avrupapress.com\/2018\/05\/23\/deniz-ve-hava-kuvvetleri-komutanligi-2018-yili-er-alim-ilani-yayimladi-en-az-ilkogretim\/","name":"Deniz ve Hava Kuvvetleri Komutanl\u0131\u011f\u0131 2018 Y\u0131l\u0131 Er Al\u0131m \u0130lan\u0131 Yay\u0131mlad\u0131! En Az \u0130lk\u00f6\u011fretim - AvrupaPress","isPartOf":{"@id":"https:\/\/avrupapress.com\/#website"},"primaryImageOfPage":{"@id":"https:\/\/avrupapress.com\/2018\/05\/23\/deniz-ve-hava-kuvvetleri-komutanligi-2018-yili-er-alim-ilani-yayimladi-en-az-ilkogretim\/#primaryimage"},"image":{"@id":"https:\/\/avrupapress.com\/2018\/05\/23\/deniz-ve-hava-kuvvetleri-komutanligi-2018-yili-er-alim-ilani-yayimladi-en-az-ilkogretim\/#primaryimage"},"thumbnailUrl":"https:\/\/avrupapress.com\/main\/wp-content\/uploads\/2018\/05\/deniz_ve_hava_kuvvetleri_komutanligi_2018_yili_er_alim_ilani_yayimladi_en_az_ilkogretim_h20029_f4e91.jpg","datePublished":"2018-05-23T21:35:03+00:00","breadcrumb":{"@id":"https:\/\/avrupapress.com\/2018\/05\/23\/deniz-ve-hava-kuvvetleri-komutanligi-2018-yili-er-alim-ilani-yayimladi-en-az-ilkogretim\/#breadcrumb"},"inLanguage":"fr-BE","potentialAction":[{"@type":"ReadAction","target":["https:\/\/avrupapress.com\/2018\/05\/23\/deniz-ve-hava-kuvvetleri-komutanligi-2018-yili-er-alim-ilani-yayimladi-en-az-ilkogretim\/"]}]},{"@type":"ImageObject","inLanguage":"fr-BE","@id":"https:\/\/avrupapress.com\/2018\/05\/23\/deniz-ve-hava-kuvvetleri-komutanligi-2018-yili-er-alim-ilani-yayimladi-en-az-ilkogretim\/#primaryimage","url":"https:\/\/avrupapress.com\/main\/wp-content\/uploads\/2018\/05\/deniz_ve_hava_kuvvetleri_komutanligi_2018_yili_er_alim_ilani_yayimladi_en_az_ilkogretim_h20029_f4e91.jpg","contentUrl":"https:\/\/avrupapress.com\/main\/wp-content\/uploads\/2018\/05\/deniz_ve_hava_kuvvetleri_komutanligi_2018_yili_er_alim_ilani_yayimladi_en_az_ilkogretim_h20029_f4e91.jpg","width":652,"height":339},{"@type":"BreadcrumbList","@id":"https:\/\/avrupapress.com\/2018\/05\/23\/deniz-ve-hava-kuvvetleri-komutanligi-2018-yili-er-alim-ilani-yayimladi-en-az-ilkogretim\/#breadcrumb","itemListElement":[{"@type":"ListItem","position":1,"name":"Anasayfa","item":"https:\/\/avrupapress.com\/"},{"@type":"ListItem","position":2,"name":"Deniz ve Hava Kuvvetleri Komutanl\u0131\u011f\u0131 2018 Y\u0131l\u0131 Er Al\u0131m \u0130lan\u0131 Yay\u0131mlad\u0131! En Az \u0130lk\u00f6\u011fretim"}]},{"@type":"WebSite","@id":"https:\/\/avrupapress.com\/#website","url":"https:\/\/avrupapress.com\/","name":"AvrupaPress","description":"Haberin Adresi","publisher":{"@id":"https:\/\/avrupapress.com\/#\/schema\/person\/0223dca19c72c43575bf30d1a2d8f4fa"},"potentialAction":[{"@type":"SearchAction","target":{"@type":"EntryPoint","urlTemplate":"https:\/\/avrupapress.com\/?s={search_term_string}"},"query-input":{"@type":"PropertyValueSpecification","valueRequired":true,"valueName":"search_term_string"}}],"inLanguage":"fr-BE"},{"@type":["Person","Organization"],"@id":"https:\/\/avrupapress.com\/#\/schema\/person\/0223dca19c72c43575bf30d1a2d8f4fa","name":"Bilgin \u00d6z\u00e7ift\u00e7i","image":{"@type":"ImageObject","inLanguage":"fr-BE","@id":"https:\/\/avrupapress.com\/#\/schema\/person\/image\/","url":"https:\/\/secure.gravatar.com\/avatar\/0f23b280433a21e1ea7a0adcc46ed0ad16afe3ad8e630fd13d8a017dcbd54ef3?s=96&d=mm&r=g","contentUrl":"https:\/\/secure.gravatar.com\/avatar\/0f23b280433a21e1ea7a0adcc46ed0ad16afe3ad8e630fd13d8a017dcbd54ef3?s=96&d=mm&r=g","caption":"Bilgin \u00d6z\u00e7ift\u00e7i"},"logo":{"@id":"https:\/\/avrupapress.com\/#\/schema\/person\/image\/"},"description":"Ne ben, nede sen... Biz ancak \"biz\" olursak g\u00fc\u00e7l\u00fc olabiliriz"},{"@type":"Person","@id":"https:\/\/avrupapress.com\/#\/schema\/person\/68428444ec60970d1e1b700cf4ca1e8f","name":"Edit\u00f6r","image":{"@type":"ImageObject","inLanguage":"fr-BE","@id":"https:\/\/avrupapress.com\/#\/schema\/person\/image\/","url":"https:\/\/secure.gravatar.com\/avatar\/74996b0977aa5f1559ba9883776652508b229005c0d78fb2597897f0bd651c09?s=96&d=mm&r=g","contentUrl":"https:\/\/secure.gravatar.com\/avatar\/74996b0977aa5f1559ba9883776652508b229005c0d78fb2597897f0bd651c09?s=96&d=mm&r=g","caption":"Edit\u00f6r"},"sameAs":["http:\/\/www.avrupapress.com"],"url":"https:\/\/avrupapress.com\/main\/author\/editor\/"}]}},"_links":{"self":[{"href":"https:\/\/avrupapress.com\/main\/wp-json\/wp\/v2\/posts\/5619","targetHints":{"allow":["GET"]}}],"collection":[{"href":"https:\/\/avrupapress.com\/main\/wp-json\/wp\/v2\/posts"}],"about":[{"href":"https:\/\/avrupapress.com\/main\/wp-json\/wp\/v2\/types\/post"}],"author":[{"embeddable":true,"href":"https:\/\/avrupapress.com\/main\/wp-json\/wp\/v2\/users\/3"}],"replies":[{"embeddable":true,"href":"https:\/\/avrupapress.com\/main\/wp-json\/wp\/v2\/comments?post=5619"}],"version-history":[{"count":1,"href":"https:\/\/avrupapress.com\/main\/wp-json\/wp\/v2\/posts\/5619\/revisions"}],"predecessor-version":[{"id":5621,"href":"https:\/\/avrupapress.com\/main\/wp-json\/wp\/v2\/posts\/5619\/revisions\/5621"}],"wp:featuredmedia":[{"embeddable":true,"href":"https:\/\/avrupapress.com\/main\/wp-json\/wp\/v2\/media\/5620"}],"wp:attachment":[{"href":"https:\/\/avrupapress.com\/main\/wp-json\/wp\/v2\/media?parent=5619"}],"wp:term":[{"taxonomy":"category","embeddable":true,"href":"https:\/\/avrupapress.com\/main\/wp-json\/wp\/v2\/categories?post=5619"},{"taxonomy":"post_tag","embeddable":true,"href":"https:\/\/avrupapress.com\/main\/wp-json\/wp\/v2\/tags?post=5619"}],"curies":[{"name":"wp","href":"https:\/\/api.w.org\/{rel}","templated":true}]}}