{"id":551,"date":"2017-07-29T08:59:06","date_gmt":"2017-07-29T08:59:06","guid":{"rendered":"http:\/\/avrupapress.com\/main\/?p=551"},"modified":"2017-07-29T08:59:06","modified_gmt":"2017-07-29T08:59:06","slug":"hakimler-ve-savcilar-kurulu-hsk-1-dairesi-3-farkli-kararname-yayimladi-adli-yargida-40-idari-yargida-5-kisinin-gorev-yeri-degisti","status":"publish","type":"post","link":"https:\/\/avrupapress.com\/main\/2017\/07\/29\/hakimler-ve-savcilar-kurulu-hsk-1-dairesi-3-farkli-kararname-yayimladi-adli-yargida-40-idari-yargida-5-kisinin-gorev-yeri-degisti\/","title":{"rendered":"Hakimler ve Savc\u0131lar Kurulu (HSK) 1. Dairesi 3 farkl\u0131 kararname yay\u0131mlad\u0131. Adli yarg\u0131da 40, \u0130dari yarg\u0131da 5 ki\u015finin g\u00f6rev yeri de\u011fi\u015fti"},"content":{"rendered":"<p>Hakimler ve Savc\u0131lar Kurulu (HSK) 1. Dairesi 3 farkl\u0131 kararname yay\u0131mlad\u0131. Adli yarg\u0131da 40, \u0130dari yarg\u0131da 5 ki\u015finin g\u00f6rev yeri de\u011fi\u015fti<\/p>\n<p>\u0130lk kararname ile Anayasa de\u011fi\u015fikli\u011fi uyar\u0131nca kapat\u0131lan askeri mahkemelerde g\u00f6revli 65 askeri hakim adli ve idari yarg\u0131 hakim ve savc\u0131 olarak g\u00f6revlendirildi.<\/p>\n<p>Di\u011fer iki kararname ise adli ve idari yarg\u0131 mensuplar\u0131na ili\u015fkin oldu. 40 adli yarg\u0131, 5 ise idari yarg\u0131 mensubunun g\u00f6rev yer de\u011fi\u015ftirildi.<\/p>\n<p>Bu isimlerin bir k\u0131s\u0131m daha \u00f6nce a\u00e7\u0131\u011fa al\u0131nan hakim ve savc\u0131lardan mesle\u011fe iade edilenlerden oldu\u011fu belirtildi.<\/p>\n","protected":false},"excerpt":{"rendered":"<p>Hakimler ve Savc\u0131lar Kurulu (HSK) 1. Dairesi 3 farkl\u0131 kararname yay\u0131mlad\u0131. Adli yarg\u0131da 40, \u0130dari yarg\u0131da 5 ki\u015finin g\u00f6rev yeri de\u011fi\u015fti \u0130lk kararname ile Anayasa de\u011fi\u015fikli\u011fi uyar\u0131nca kapat\u0131lan askeri mahkemelerde g\u00f6revli 65 askeri hakim adli ve idari yarg\u0131 hakim ve savc\u0131 olarak g\u00f6revlendirildi. Di\u011fer iki kararname ise adli ve idari yarg\u0131 mensuplar\u0131na ili\u015fkin oldu. 40 [&hellip;]<\/p>\n","protected":false},"author":3,"featured_media":0,"comment_status":"open","ping_status":"open","sticky":false,"template":"","format":"standard","meta":{"footnotes":""},"categories":[14,16,3,17,18,19,2],"tags":[241,240,4,242],"class_list":["post-551","post","type-post","status-publish","format-standard","hentry","category-avrupa","category-belcika","category-dunya","category-ekonomi","category-kultur-sanat","category-tanitim","category-turkiye","tag-hsk","tag-kararname","tag-turkiye","tag-yayinlandi"],"yoast_head":"<!-- This site is optimized with the Yoast SEO plugin v26.9 - https:\/\/yoast.com\/product\/yoast-seo-wordpress\/ -->\n<title>Hakimler ve Savc\u0131lar Kurulu (HSK) 1. Dairesi 3 farkl\u0131 kararname yay\u0131mlad\u0131. Adli yarg\u0131da 40, \u0130dari yarg\u0131da 5 ki\u015finin g\u00f6rev yeri de\u011fi\u015fti - AvrupaPress<\/title>\n<meta name=\"robots\" content=\"index, follow, max-snippet:-1, max-image-preview:large, max-video-preview:-1\" \/>\n<link rel=\"canonical\" href=\"https:\/\/avrupapress.com\/2017\/07\/29\/hakimler-ve-savcilar-kurulu-hsk-1-dairesi-3-farkli-kararname-yayimladi-adli-yargida-40-idari-yargida-5-kisinin-gorev-yeri-degisti\/\" \/>\n<meta property=\"og:locale\" content=\"fr_FR\" \/>\n<meta property=\"og:type\" content=\"article\" \/>\n<meta property=\"og:title\" content=\"Hakimler ve Savc\u0131lar Kurulu (HSK) 1. Dairesi 3 farkl\u0131 kararname yay\u0131mlad\u0131. Adli yarg\u0131da 40, \u0130dari yarg\u0131da 5 ki\u015finin g\u00f6rev yeri de\u011fi\u015fti - AvrupaPress\" \/>\n<meta property=\"og:description\" content=\"Hakimler ve Savc\u0131lar Kurulu (HSK) 1. Dairesi 3 farkl\u0131 kararname yay\u0131mlad\u0131. Adli yarg\u0131da 40, \u0130dari yarg\u0131da 5 ki\u015finin g\u00f6rev yeri de\u011fi\u015fti \u0130lk kararname ile Anayasa de\u011fi\u015fikli\u011fi uyar\u0131nca kapat\u0131lan askeri mahkemelerde g\u00f6revli 65 askeri hakim adli ve idari yarg\u0131 hakim ve savc\u0131 olarak g\u00f6revlendirildi. Di\u011fer iki kararname ise adli ve idari yarg\u0131 mensuplar\u0131na ili\u015fkin oldu. 40 [&hellip;]\" \/>\n<meta property=\"og:url\" content=\"https:\/\/avrupapress.com\/2017\/07\/29\/hakimler-ve-savcilar-kurulu-hsk-1-dairesi-3-farkli-kararname-yayimladi-adli-yargida-40-idari-yargida-5-kisinin-gorev-yeri-degisti\/\" \/>\n<meta property=\"og:site_name\" content=\"AvrupaPress\" \/>\n<meta property=\"article:published_time\" content=\"2017-07-29T08:59:06+00:00\" \/>\n<meta name=\"author\" content=\"Edit\u00f6r\" \/>\n<meta name=\"twitter:card\" content=\"summary_large_image\" \/>\n<meta name=\"twitter:label1\" content=\"\u00c9crit par\" \/>\n\t<meta name=\"twitter:data1\" content=\"Edit\u00f6r\" \/>\n\t<meta name=\"twitter:label2\" content=\"Dur\u00e9e de lecture est.\" \/>\n\t<meta name=\"twitter:data2\" content=\"1 minute\" \/>\n<script type=\"application\/ld+json\" class=\"yoast-schema-graph\">{\"@context\":\"https:\/\/schema.org\",\"@graph\":[{\"@type\":\"Article\",\"@id\":\"https:\/\/avrupapress.com\/2017\/07\/29\/hakimler-ve-savcilar-kurulu-hsk-1-dairesi-3-farkli-kararname-yayimladi-adli-yargida-40-idari-yargida-5-kisinin-gorev-yeri-degisti\/#article\",\"isPartOf\":{\"@id\":\"https:\/\/avrupapress.com\/2017\/07\/29\/hakimler-ve-savcilar-kurulu-hsk-1-dairesi-3-farkli-kararname-yayimladi-adli-yargida-40-idari-yargida-5-kisinin-gorev-yeri-degisti\/\"},\"author\":{\"name\":\"Edit\u00f6r\",\"@id\":\"https:\/\/avrupapress.com\/#\/schema\/person\/68428444ec60970d1e1b700cf4ca1e8f\"},\"headline\":\"Hakimler ve Savc\u0131lar Kurulu (HSK) 1. Dairesi 3 farkl\u0131 kararname yay\u0131mlad\u0131. Adli yarg\u0131da 40, \u0130dari yarg\u0131da 5 ki\u015finin g\u00f6rev yeri de\u011fi\u015fti\",\"datePublished\":\"2017-07-29T08:59:06+00:00\",\"mainEntityOfPage\":{\"@id\":\"https:\/\/avrupapress.com\/2017\/07\/29\/hakimler-ve-savcilar-kurulu-hsk-1-dairesi-3-farkli-kararname-yayimladi-adli-yargida-40-idari-yargida-5-kisinin-gorev-yeri-degisti\/\"},\"wordCount\":127,\"commentCount\":0,\"publisher\":{\"@id\":\"https:\/\/avrupapress.com\/#\/schema\/person\/0223dca19c72c43575bf30d1a2d8f4fa\"},\"keywords\":[\"HSK\",\"kararname\",\"t\u00fcrkiye\",\"yayinlandi\"],\"articleSection\":[\"Avrupa\",\"Bel\u00e7ika\",\"D\u00fcnya\",\"Ekonomi\",\"K\u00fclt\u00fcr-Sanat\",\"Tan\u0131t\u0131m\",\"T\u00fcrkiye\"],\"inLanguage\":\"fr-BE\",\"potentialAction\":[{\"@type\":\"CommentAction\",\"name\":\"Comment\",\"target\":[\"https:\/\/avrupapress.com\/2017\/07\/29\/hakimler-ve-savcilar-kurulu-hsk-1-dairesi-3-farkli-kararname-yayimladi-adli-yargida-40-idari-yargida-5-kisinin-gorev-yeri-degisti\/#respond\"]}]},{\"@type\":\"WebPage\",\"@id\":\"https:\/\/avrupapress.com\/2017\/07\/29\/hakimler-ve-savcilar-kurulu-hsk-1-dairesi-3-farkli-kararname-yayimladi-adli-yargida-40-idari-yargida-5-kisinin-gorev-yeri-degisti\/\",\"url\":\"https:\/\/avrupapress.com\/2017\/07\/29\/hakimler-ve-savcilar-kurulu-hsk-1-dairesi-3-farkli-kararname-yayimladi-adli-yargida-40-idari-yargida-5-kisinin-gorev-yeri-degisti\/\",\"name\":\"Hakimler ve Savc\u0131lar Kurulu (HSK) 1. Dairesi 3 farkl\u0131 kararname yay\u0131mlad\u0131. Adli yarg\u0131da 40, \u0130dari yarg\u0131da 5 ki\u015finin g\u00f6rev yeri de\u011fi\u015fti - AvrupaPress\",\"isPartOf\":{\"@id\":\"https:\/\/avrupapress.com\/#website\"},\"datePublished\":\"2017-07-29T08:59:06+00:00\",\"breadcrumb\":{\"@id\":\"https:\/\/avrupapress.com\/2017\/07\/29\/hakimler-ve-savcilar-kurulu-hsk-1-dairesi-3-farkli-kararname-yayimladi-adli-yargida-40-idari-yargida-5-kisinin-gorev-yeri-degisti\/#breadcrumb\"},\"inLanguage\":\"fr-BE\",\"potentialAction\":[{\"@type\":\"ReadAction\",\"target\":[\"https:\/\/avrupapress.com\/2017\/07\/29\/hakimler-ve-savcilar-kurulu-hsk-1-dairesi-3-farkli-kararname-yayimladi-adli-yargida-40-idari-yargida-5-kisinin-gorev-yeri-degisti\/\"]}]},{\"@type\":\"BreadcrumbList\",\"@id\":\"https:\/\/avrupapress.com\/2017\/07\/29\/hakimler-ve-savcilar-kurulu-hsk-1-dairesi-3-farkli-kararname-yayimladi-adli-yargida-40-idari-yargida-5-kisinin-gorev-yeri-degisti\/#breadcrumb\",\"itemListElement\":[{\"@type\":\"ListItem\",\"position\":1,\"name\":\"Anasayfa\",\"item\":\"https:\/\/avrupapress.com\/\"},{\"@type\":\"ListItem\",\"position\":2,\"name\":\"Hakimler ve Savc\u0131lar Kurulu (HSK) 1. Dairesi 3 farkl\u0131 kararname yay\u0131mlad\u0131. Adli yarg\u0131da 40, \u0130dari yarg\u0131da 5 ki\u015finin g\u00f6rev yeri de\u011fi\u015fti\"}]},{\"@type\":\"WebSite\",\"@id\":\"https:\/\/avrupapress.com\/#website\",\"url\":\"https:\/\/avrupapress.com\/\",\"name\":\"AvrupaPress\",\"description\":\"Haberin Adresi\",\"publisher\":{\"@id\":\"https:\/\/avrupapress.com\/#\/schema\/person\/0223dca19c72c43575bf30d1a2d8f4fa\"},\"potentialAction\":[{\"@type\":\"SearchAction\",\"target\":{\"@type\":\"EntryPoint\",\"urlTemplate\":\"https:\/\/avrupapress.com\/?s={search_term_string}\"},\"query-input\":{\"@type\":\"PropertyValueSpecification\",\"valueRequired\":true,\"valueName\":\"search_term_string\"}}],\"inLanguage\":\"fr-BE\"},{\"@type\":[\"Person\",\"Organization\"],\"@id\":\"https:\/\/avrupapress.com\/#\/schema\/person\/0223dca19c72c43575bf30d1a2d8f4fa\",\"name\":\"Bilgin \u00d6z\u00e7ift\u00e7i\",\"image\":{\"@type\":\"ImageObject\",\"inLanguage\":\"fr-BE\",\"@id\":\"https:\/\/avrupapress.com\/#\/schema\/person\/image\/\",\"url\":\"https:\/\/secure.gravatar.com\/avatar\/0f23b280433a21e1ea7a0adcc46ed0ad16afe3ad8e630fd13d8a017dcbd54ef3?s=96&d=mm&r=g\",\"contentUrl\":\"https:\/\/secure.gravatar.com\/avatar\/0f23b280433a21e1ea7a0adcc46ed0ad16afe3ad8e630fd13d8a017dcbd54ef3?s=96&d=mm&r=g\",\"caption\":\"Bilgin \u00d6z\u00e7ift\u00e7i\"},\"logo\":{\"@id\":\"https:\/\/avrupapress.com\/#\/schema\/person\/image\/\"},\"description\":\"Ne ben, nede sen... Biz ancak \\\"biz\\\" olursak g\u00fc\u00e7l\u00fc olabiliriz\"},{\"@type\":\"Person\",\"@id\":\"https:\/\/avrupapress.com\/#\/schema\/person\/68428444ec60970d1e1b700cf4ca1e8f\",\"name\":\"Edit\u00f6r\",\"image\":{\"@type\":\"ImageObject\",\"inLanguage\":\"fr-BE\",\"@id\":\"https:\/\/avrupapress.com\/#\/schema\/person\/image\/\",\"url\":\"https:\/\/secure.gravatar.com\/avatar\/74996b0977aa5f1559ba9883776652508b229005c0d78fb2597897f0bd651c09?s=96&d=mm&r=g\",\"contentUrl\":\"https:\/\/secure.gravatar.com\/avatar\/74996b0977aa5f1559ba9883776652508b229005c0d78fb2597897f0bd651c09?s=96&d=mm&r=g\",\"caption\":\"Edit\u00f6r\"},\"sameAs\":[\"http:\/\/www.avrupapress.com\"],\"url\":\"https:\/\/avrupapress.com\/main\/author\/editor\/\"}]}<\/script>\n<!-- \/ Yoast SEO plugin. -->","yoast_head_json":{"title":"Hakimler ve Savc\u0131lar Kurulu (HSK) 1. Dairesi 3 farkl\u0131 kararname yay\u0131mlad\u0131. Adli yarg\u0131da 40, \u0130dari yarg\u0131da 5 ki\u015finin g\u00f6rev yeri de\u011fi\u015fti - AvrupaPress","robots":{"index":"index","follow":"follow","max-snippet":"max-snippet:-1","max-image-preview":"max-image-preview:large","max-video-preview":"max-video-preview:-1"},"canonical":"https:\/\/avrupapress.com\/2017\/07\/29\/hakimler-ve-savcilar-kurulu-hsk-1-dairesi-3-farkli-kararname-yayimladi-adli-yargida-40-idari-yargida-5-kisinin-gorev-yeri-degisti\/","og_locale":"fr_FR","og_type":"article","og_title":"Hakimler ve Savc\u0131lar Kurulu (HSK) 1. Dairesi 3 farkl\u0131 kararname yay\u0131mlad\u0131. Adli yarg\u0131da 40, \u0130dari yarg\u0131da 5 ki\u015finin g\u00f6rev yeri de\u011fi\u015fti - AvrupaPress","og_description":"Hakimler ve Savc\u0131lar Kurulu (HSK) 1. Dairesi 3 farkl\u0131 kararname yay\u0131mlad\u0131. Adli yarg\u0131da 40, \u0130dari yarg\u0131da 5 ki\u015finin g\u00f6rev yeri de\u011fi\u015fti \u0130lk kararname ile Anayasa de\u011fi\u015fikli\u011fi uyar\u0131nca kapat\u0131lan askeri mahkemelerde g\u00f6revli 65 askeri hakim adli ve idari yarg\u0131 hakim ve savc\u0131 olarak g\u00f6revlendirildi. Di\u011fer iki kararname ise adli ve idari yarg\u0131 mensuplar\u0131na ili\u015fkin oldu. 40 [&hellip;]","og_url":"https:\/\/avrupapress.com\/2017\/07\/29\/hakimler-ve-savcilar-kurulu-hsk-1-dairesi-3-farkli-kararname-yayimladi-adli-yargida-40-idari-yargida-5-kisinin-gorev-yeri-degisti\/","og_site_name":"AvrupaPress","article_published_time":"2017-07-29T08:59:06+00:00","author":"Edit\u00f6r","twitter_card":"summary_large_image","twitter_misc":{"\u00c9crit par":"Edit\u00f6r","Dur\u00e9e de lecture est.":"1 minute"},"schema":{"@context":"https:\/\/schema.org","@graph":[{"@type":"Article","@id":"https:\/\/avrupapress.com\/2017\/07\/29\/hakimler-ve-savcilar-kurulu-hsk-1-dairesi-3-farkli-kararname-yayimladi-adli-yargida-40-idari-yargida-5-kisinin-gorev-yeri-degisti\/#article","isPartOf":{"@id":"https:\/\/avrupapress.com\/2017\/07\/29\/hakimler-ve-savcilar-kurulu-hsk-1-dairesi-3-farkli-kararname-yayimladi-adli-yargida-40-idari-yargida-5-kisinin-gorev-yeri-degisti\/"},"author":{"name":"Edit\u00f6r","@id":"https:\/\/avrupapress.com\/#\/schema\/person\/68428444ec60970d1e1b700cf4ca1e8f"},"headline":"Hakimler ve Savc\u0131lar Kurulu (HSK) 1. Dairesi 3 farkl\u0131 kararname yay\u0131mlad\u0131. Adli yarg\u0131da 40, \u0130dari yarg\u0131da 5 ki\u015finin g\u00f6rev yeri de\u011fi\u015fti","datePublished":"2017-07-29T08:59:06+00:00","mainEntityOfPage":{"@id":"https:\/\/avrupapress.com\/2017\/07\/29\/hakimler-ve-savcilar-kurulu-hsk-1-dairesi-3-farkli-kararname-yayimladi-adli-yargida-40-idari-yargida-5-kisinin-gorev-yeri-degisti\/"},"wordCount":127,"commentCount":0,"publisher":{"@id":"https:\/\/avrupapress.com\/#\/schema\/person\/0223dca19c72c43575bf30d1a2d8f4fa"},"keywords":["HSK","kararname","t\u00fcrkiye","yayinlandi"],"articleSection":["Avrupa","Bel\u00e7ika","D\u00fcnya","Ekonomi","K\u00fclt\u00fcr-Sanat","Tan\u0131t\u0131m","T\u00fcrkiye"],"inLanguage":"fr-BE","potentialAction":[{"@type":"CommentAction","name":"Comment","target":["https:\/\/avrupapress.com\/2017\/07\/29\/hakimler-ve-savcilar-kurulu-hsk-1-dairesi-3-farkli-kararname-yayimladi-adli-yargida-40-idari-yargida-5-kisinin-gorev-yeri-degisti\/#respond"]}]},{"@type":"WebPage","@id":"https:\/\/avrupapress.com\/2017\/07\/29\/hakimler-ve-savcilar-kurulu-hsk-1-dairesi-3-farkli-kararname-yayimladi-adli-yargida-40-idari-yargida-5-kisinin-gorev-yeri-degisti\/","url":"https:\/\/avrupapress.com\/2017\/07\/29\/hakimler-ve-savcilar-kurulu-hsk-1-dairesi-3-farkli-kararname-yayimladi-adli-yargida-40-idari-yargida-5-kisinin-gorev-yeri-degisti\/","name":"Hakimler ve Savc\u0131lar Kurulu (HSK) 1. Dairesi 3 farkl\u0131 kararname yay\u0131mlad\u0131. Adli yarg\u0131da 40, \u0130dari yarg\u0131da 5 ki\u015finin g\u00f6rev yeri de\u011fi\u015fti - AvrupaPress","isPartOf":{"@id":"https:\/\/avrupapress.com\/#website"},"datePublished":"2017-07-29T08:59:06+00:00","breadcrumb":{"@id":"https:\/\/avrupapress.com\/2017\/07\/29\/hakimler-ve-savcilar-kurulu-hsk-1-dairesi-3-farkli-kararname-yayimladi-adli-yargida-40-idari-yargida-5-kisinin-gorev-yeri-degisti\/#breadcrumb"},"inLanguage":"fr-BE","potentialAction":[{"@type":"ReadAction","target":["https:\/\/avrupapress.com\/2017\/07\/29\/hakimler-ve-savcilar-kurulu-hsk-1-dairesi-3-farkli-kararname-yayimladi-adli-yargida-40-idari-yargida-5-kisinin-gorev-yeri-degisti\/"]}]},{"@type":"BreadcrumbList","@id":"https:\/\/avrupapress.com\/2017\/07\/29\/hakimler-ve-savcilar-kurulu-hsk-1-dairesi-3-farkli-kararname-yayimladi-adli-yargida-40-idari-yargida-5-kisinin-gorev-yeri-degisti\/#breadcrumb","itemListElement":[{"@type":"ListItem","position":1,"name":"Anasayfa","item":"https:\/\/avrupapress.com\/"},{"@type":"ListItem","position":2,"name":"Hakimler ve Savc\u0131lar Kurulu (HSK) 1. Dairesi 3 farkl\u0131 kararname yay\u0131mlad\u0131. Adli yarg\u0131da 40, \u0130dari yarg\u0131da 5 ki\u015finin g\u00f6rev yeri de\u011fi\u015fti"}]},{"@type":"WebSite","@id":"https:\/\/avrupapress.com\/#website","url":"https:\/\/avrupapress.com\/","name":"AvrupaPress","description":"Haberin Adresi","publisher":{"@id":"https:\/\/avrupapress.com\/#\/schema\/person\/0223dca19c72c43575bf30d1a2d8f4fa"},"potentialAction":[{"@type":"SearchAction","target":{"@type":"EntryPoint","urlTemplate":"https:\/\/avrupapress.com\/?s={search_term_string}"},"query-input":{"@type":"PropertyValueSpecification","valueRequired":true,"valueName":"search_term_string"}}],"inLanguage":"fr-BE"},{"@type":["Person","Organization"],"@id":"https:\/\/avrupapress.com\/#\/schema\/person\/0223dca19c72c43575bf30d1a2d8f4fa","name":"Bilgin \u00d6z\u00e7ift\u00e7i","image":{"@type":"ImageObject","inLanguage":"fr-BE","@id":"https:\/\/avrupapress.com\/#\/schema\/person\/image\/","url":"https:\/\/secure.gravatar.com\/avatar\/0f23b280433a21e1ea7a0adcc46ed0ad16afe3ad8e630fd13d8a017dcbd54ef3?s=96&d=mm&r=g","contentUrl":"https:\/\/secure.gravatar.com\/avatar\/0f23b280433a21e1ea7a0adcc46ed0ad16afe3ad8e630fd13d8a017dcbd54ef3?s=96&d=mm&r=g","caption":"Bilgin \u00d6z\u00e7ift\u00e7i"},"logo":{"@id":"https:\/\/avrupapress.com\/#\/schema\/person\/image\/"},"description":"Ne ben, nede sen... Biz ancak \"biz\" olursak g\u00fc\u00e7l\u00fc olabiliriz"},{"@type":"Person","@id":"https:\/\/avrupapress.com\/#\/schema\/person\/68428444ec60970d1e1b700cf4ca1e8f","name":"Edit\u00f6r","image":{"@type":"ImageObject","inLanguage":"fr-BE","@id":"https:\/\/avrupapress.com\/#\/schema\/person\/image\/","url":"https:\/\/secure.gravatar.com\/avatar\/74996b0977aa5f1559ba9883776652508b229005c0d78fb2597897f0bd651c09?s=96&d=mm&r=g","contentUrl":"https:\/\/secure.gravatar.com\/avatar\/74996b0977aa5f1559ba9883776652508b229005c0d78fb2597897f0bd651c09?s=96&d=mm&r=g","caption":"Edit\u00f6r"},"sameAs":["http:\/\/www.avrupapress.com"],"url":"https:\/\/avrupapress.com\/main\/author\/editor\/"}]}},"_links":{"self":[{"href":"https:\/\/avrupapress.com\/main\/wp-json\/wp\/v2\/posts\/551","targetHints":{"allow":["GET"]}}],"collection":[{"href":"https:\/\/avrupapress.com\/main\/wp-json\/wp\/v2\/posts"}],"about":[{"href":"https:\/\/avrupapress.com\/main\/wp-json\/wp\/v2\/types\/post"}],"author":[{"embeddable":true,"href":"https:\/\/avrupapress.com\/main\/wp-json\/wp\/v2\/users\/3"}],"replies":[{"embeddable":true,"href":"https:\/\/avrupapress.com\/main\/wp-json\/wp\/v2\/comments?post=551"}],"version-history":[{"count":1,"href":"https:\/\/avrupapress.com\/main\/wp-json\/wp\/v2\/posts\/551\/revisions"}],"predecessor-version":[{"id":553,"href":"https:\/\/avrupapress.com\/main\/wp-json\/wp\/v2\/posts\/551\/revisions\/553"}],"wp:attachment":[{"href":"https:\/\/avrupapress.com\/main\/wp-json\/wp\/v2\/media?parent=551"}],"wp:term":[{"taxonomy":"category","embeddable":true,"href":"https:\/\/avrupapress.com\/main\/wp-json\/wp\/v2\/categories?post=551"},{"taxonomy":"post_tag","embeddable":true,"href":"https:\/\/avrupapress.com\/main\/wp-json\/wp\/v2\/tags?post=551"}],"curies":[{"name":"wp","href":"https:\/\/api.w.org\/{rel}","templated":true}]}}