{"id":531,"date":"2017-07-28T10:27:40","date_gmt":"2017-07-28T10:27:40","guid":{"rendered":"http:\/\/avrupapress.com\/main\/?p=531"},"modified":"2017-07-28T10:27:40","modified_gmt":"2017-07-28T10:27:40","slug":"artik-super-lig-maclarinda-kadrolar-18-degil-21-kisi-olacak","status":"publish","type":"post","link":"https:\/\/avrupapress.com\/main\/2017\/07\/28\/artik-super-lig-maclarinda-kadrolar-18-degil-21-kisi-olacak\/","title":{"rendered":"Art\u0131k S\u00fcper Lig Ma\u00e7lar\u0131nda Kadrolar 18 De\u011fil 21 Ki\u015fi Olacak"},"content":{"rendered":"<h2 class=\"ustblkgenislet2 spot \">Kul\u00fcpler Birli\u011fi, ma\u00e7 kadrolar\u0131n\u0131n 18&rsquo;den 21&rsquo;e \u00e7\u0131kar\u0131lmas\u0131na karar verdi, TFF Ba\u015fkan\u0131 onaylad\u0131. Ayr\u0131ca G\u00fcm\u00fc\u015fda\u011f, \u00f6n\u00fcm\u00fczdeki se\u00e7imde aday olmayaca\u011f\u0131n\u0131 duyurdu.<\/h2>\n<div class=\"haber_metni mb20\">\n<p class=\"selectionShareable\">Spor Toto S\u00fcper Lig 2017\/2018 sezonu \u00f6ncesi Kul\u00fcpler Birli\u011fi ola\u011fan toplant\u0131s\u0131 yap\u0131ld\u0131. Toplant\u0131n\u0131n ard\u0131ndan ba\u015fkan G\u00f6ksel G\u00fcm\u00fc\u015fda\u011f a\u00e7\u0131klamalarda bulundu.<\/p>\n<p class=\"selectionShareable\">G\u00fcm\u00fc\u015fda\u011f, S\u00fcper Lig ma\u00e7lar\u0131nda 18 yerine 21 ki\u015filik kadrolarla oynanmas\u0131 konusunda karar ald\u0131klar\u0131n\u0131, TFF Ba\u015fkan\u0131 Demir\u00f6ren&rsquo;in de buna onay verdi\u011fini belirtti.<\/p>\n<p class=\"selectionShareable\"><strong>VAR, OCAK AYINDA BA\u015eLAYACAK<\/strong><\/p>\n<p class=\"selectionShareable\">Video Hakem Uygulamas\u0131&rsquo;n\u0131n 2018 Ocak&rsquo;ta ba\u015flanaca\u011f\u0131 a\u00e7\u0131kland\u0131.<\/p>\n<p class=\"selectionShareable\">Ayr\u0131ca G\u00fcm\u00fc\u015fda\u011f, 10 A\u011fustos&rsquo;ta yap\u0131lacak Kul\u00fcpler Birli\u011fi ba\u015fkanl\u0131k se\u00e7iminde aday olmayaca\u011f\u0131n\u0131 duyurdu.<\/p>\n<div class=\"clearfix\"><\/div>\n<\/div>\n","protected":false},"excerpt":{"rendered":"<p>Kul\u00fcpler Birli\u011fi, ma\u00e7 kadrolar\u0131n\u0131n 18&rsquo;den 21&rsquo;e \u00e7\u0131kar\u0131lmas\u0131na karar verdi, TFF Ba\u015fkan\u0131 onaylad\u0131. Ayr\u0131ca G\u00fcm\u00fc\u015fda\u011f, \u00f6n\u00fcm\u00fczdeki se\u00e7imde aday olmayaca\u011f\u0131n\u0131 duyurdu. Spor Toto S\u00fcper Lig 2017\/2018 sezonu \u00f6ncesi Kul\u00fcpler Birli\u011fi ola\u011fan toplant\u0131s\u0131 yap\u0131ld\u0131. Toplant\u0131n\u0131n ard\u0131ndan ba\u015fkan G\u00f6ksel G\u00fcm\u00fc\u015fda\u011f a\u00e7\u0131klamalarda bulundu. G\u00fcm\u00fc\u015fda\u011f, S\u00fcper Lig ma\u00e7lar\u0131nda 18 yerine 21 ki\u015filik kadrolarla oynanmas\u0131 konusunda karar ald\u0131klar\u0131n\u0131, TFF Ba\u015fkan\u0131 Demir\u00f6ren&rsquo;in de [&hellip;]<\/p>\n","protected":false},"author":3,"featured_media":0,"comment_status":"open","ping_status":"open","sticky":false,"template":"","format":"standard","meta":{"footnotes":""},"categories":[14,16,3,18,15,19,2],"tags":[170,228,188,4],"class_list":["post-531","post","type-post","status-publish","format-standard","hentry","category-avrupa","category-belcika","category-dunya","category-kultur-sanat","category-spor","category-tanitim","category-turkiye","tag-futbol","tag-takim","tag-tff","tag-turkiye"],"yoast_head":"<!-- This site is optimized with the Yoast SEO plugin v26.9 - https:\/\/yoast.com\/product\/yoast-seo-wordpress\/ -->\n<title>Art\u0131k S\u00fcper Lig Ma\u00e7lar\u0131nda Kadrolar 18 De\u011fil 21 Ki\u015fi Olacak - AvrupaPress<\/title>\n<meta name=\"robots\" content=\"index, follow, max-snippet:-1, max-image-preview:large, max-video-preview:-1\" \/>\n<link rel=\"canonical\" href=\"https:\/\/avrupapress.com\/2017\/07\/28\/artik-super-lig-maclarinda-kadrolar-18-degil-21-kisi-olacak\/\" \/>\n<meta property=\"og:locale\" content=\"fr_FR\" \/>\n<meta property=\"og:type\" content=\"article\" \/>\n<meta property=\"og:title\" content=\"Art\u0131k S\u00fcper Lig Ma\u00e7lar\u0131nda Kadrolar 18 De\u011fil 21 Ki\u015fi Olacak - AvrupaPress\" \/>\n<meta property=\"og:description\" content=\"Kul\u00fcpler Birli\u011fi, ma\u00e7 kadrolar\u0131n\u0131n 18&rsquo;den 21&rsquo;e \u00e7\u0131kar\u0131lmas\u0131na karar verdi, TFF Ba\u015fkan\u0131 onaylad\u0131. Ayr\u0131ca G\u00fcm\u00fc\u015fda\u011f, \u00f6n\u00fcm\u00fczdeki se\u00e7imde aday olmayaca\u011f\u0131n\u0131 duyurdu. Spor Toto S\u00fcper Lig 2017\/2018 sezonu \u00f6ncesi Kul\u00fcpler Birli\u011fi ola\u011fan toplant\u0131s\u0131 yap\u0131ld\u0131. Toplant\u0131n\u0131n ard\u0131ndan ba\u015fkan G\u00f6ksel G\u00fcm\u00fc\u015fda\u011f a\u00e7\u0131klamalarda bulundu. G\u00fcm\u00fc\u015fda\u011f, S\u00fcper Lig ma\u00e7lar\u0131nda 18 yerine 21 ki\u015filik kadrolarla oynanmas\u0131 konusunda karar ald\u0131klar\u0131n\u0131, TFF Ba\u015fkan\u0131 Demir\u00f6ren&rsquo;in de [&hellip;]\" \/>\n<meta property=\"og:url\" content=\"https:\/\/avrupapress.com\/2017\/07\/28\/artik-super-lig-maclarinda-kadrolar-18-degil-21-kisi-olacak\/\" \/>\n<meta property=\"og:site_name\" content=\"AvrupaPress\" \/>\n<meta property=\"article:published_time\" content=\"2017-07-28T10:27:40+00:00\" \/>\n<meta name=\"author\" content=\"Edit\u00f6r\" \/>\n<meta name=\"twitter:card\" content=\"summary_large_image\" \/>\n<meta name=\"twitter:label1\" content=\"\u00c9crit par\" \/>\n\t<meta name=\"twitter:data1\" content=\"Edit\u00f6r\" \/>\n\t<meta name=\"twitter:label2\" content=\"Dur\u00e9e de lecture est.\" \/>\n\t<meta name=\"twitter:data2\" content=\"1 minute\" \/>\n<script type=\"application\/ld+json\" class=\"yoast-schema-graph\">{\"@context\":\"https:\/\/schema.org\",\"@graph\":[{\"@type\":\"Article\",\"@id\":\"https:\/\/avrupapress.com\/2017\/07\/28\/artik-super-lig-maclarinda-kadrolar-18-degil-21-kisi-olacak\/#article\",\"isPartOf\":{\"@id\":\"https:\/\/avrupapress.com\/2017\/07\/28\/artik-super-lig-maclarinda-kadrolar-18-degil-21-kisi-olacak\/\"},\"author\":{\"name\":\"Edit\u00f6r\",\"@id\":\"https:\/\/avrupapress.com\/#\/schema\/person\/68428444ec60970d1e1b700cf4ca1e8f\"},\"headline\":\"Art\u0131k S\u00fcper Lig Ma\u00e7lar\u0131nda Kadrolar 18 De\u011fil 21 Ki\u015fi Olacak\",\"datePublished\":\"2017-07-28T10:27:40+00:00\",\"mainEntityOfPage\":{\"@id\":\"https:\/\/avrupapress.com\/2017\/07\/28\/artik-super-lig-maclarinda-kadrolar-18-degil-21-kisi-olacak\/\"},\"wordCount\":146,\"commentCount\":0,\"publisher\":{\"@id\":\"https:\/\/avrupapress.com\/#\/schema\/person\/0223dca19c72c43575bf30d1a2d8f4fa\"},\"keywords\":[\"futbol\",\"takim\",\"TFF\",\"t\u00fcrkiye\"],\"articleSection\":[\"Avrupa\",\"Bel\u00e7ika\",\"D\u00fcnya\",\"K\u00fclt\u00fcr-Sanat\",\"Spor\",\"Tan\u0131t\u0131m\",\"T\u00fcrkiye\"],\"inLanguage\":\"fr-BE\",\"potentialAction\":[{\"@type\":\"CommentAction\",\"name\":\"Comment\",\"target\":[\"https:\/\/avrupapress.com\/2017\/07\/28\/artik-super-lig-maclarinda-kadrolar-18-degil-21-kisi-olacak\/#respond\"]}]},{\"@type\":\"WebPage\",\"@id\":\"https:\/\/avrupapress.com\/2017\/07\/28\/artik-super-lig-maclarinda-kadrolar-18-degil-21-kisi-olacak\/\",\"url\":\"https:\/\/avrupapress.com\/2017\/07\/28\/artik-super-lig-maclarinda-kadrolar-18-degil-21-kisi-olacak\/\",\"name\":\"Art\u0131k S\u00fcper Lig Ma\u00e7lar\u0131nda Kadrolar 18 De\u011fil 21 Ki\u015fi Olacak - AvrupaPress\",\"isPartOf\":{\"@id\":\"https:\/\/avrupapress.com\/#website\"},\"datePublished\":\"2017-07-28T10:27:40+00:00\",\"breadcrumb\":{\"@id\":\"https:\/\/avrupapress.com\/2017\/07\/28\/artik-super-lig-maclarinda-kadrolar-18-degil-21-kisi-olacak\/#breadcrumb\"},\"inLanguage\":\"fr-BE\",\"potentialAction\":[{\"@type\":\"ReadAction\",\"target\":[\"https:\/\/avrupapress.com\/2017\/07\/28\/artik-super-lig-maclarinda-kadrolar-18-degil-21-kisi-olacak\/\"]}]},{\"@type\":\"BreadcrumbList\",\"@id\":\"https:\/\/avrupapress.com\/2017\/07\/28\/artik-super-lig-maclarinda-kadrolar-18-degil-21-kisi-olacak\/#breadcrumb\",\"itemListElement\":[{\"@type\":\"ListItem\",\"position\":1,\"name\":\"Anasayfa\",\"item\":\"https:\/\/avrupapress.com\/\"},{\"@type\":\"ListItem\",\"position\":2,\"name\":\"Art\u0131k S\u00fcper Lig Ma\u00e7lar\u0131nda Kadrolar 18 De\u011fil 21 Ki\u015fi Olacak\"}]},{\"@type\":\"WebSite\",\"@id\":\"https:\/\/avrupapress.com\/#website\",\"url\":\"https:\/\/avrupapress.com\/\",\"name\":\"AvrupaPress\",\"description\":\"Haberin Adresi\",\"publisher\":{\"@id\":\"https:\/\/avrupapress.com\/#\/schema\/person\/0223dca19c72c43575bf30d1a2d8f4fa\"},\"potentialAction\":[{\"@type\":\"SearchAction\",\"target\":{\"@type\":\"EntryPoint\",\"urlTemplate\":\"https:\/\/avrupapress.com\/?s={search_term_string}\"},\"query-input\":{\"@type\":\"PropertyValueSpecification\",\"valueRequired\":true,\"valueName\":\"search_term_string\"}}],\"inLanguage\":\"fr-BE\"},{\"@type\":[\"Person\",\"Organization\"],\"@id\":\"https:\/\/avrupapress.com\/#\/schema\/person\/0223dca19c72c43575bf30d1a2d8f4fa\",\"name\":\"Bilgin \u00d6z\u00e7ift\u00e7i\",\"image\":{\"@type\":\"ImageObject\",\"inLanguage\":\"fr-BE\",\"@id\":\"https:\/\/avrupapress.com\/#\/schema\/person\/image\/\",\"url\":\"https:\/\/secure.gravatar.com\/avatar\/0f23b280433a21e1ea7a0adcc46ed0ad16afe3ad8e630fd13d8a017dcbd54ef3?s=96&d=mm&r=g\",\"contentUrl\":\"https:\/\/secure.gravatar.com\/avatar\/0f23b280433a21e1ea7a0adcc46ed0ad16afe3ad8e630fd13d8a017dcbd54ef3?s=96&d=mm&r=g\",\"caption\":\"Bilgin \u00d6z\u00e7ift\u00e7i\"},\"logo\":{\"@id\":\"https:\/\/avrupapress.com\/#\/schema\/person\/image\/\"},\"description\":\"Ne ben, nede sen... Biz ancak \\\"biz\\\" olursak g\u00fc\u00e7l\u00fc olabiliriz\"},{\"@type\":\"Person\",\"@id\":\"https:\/\/avrupapress.com\/#\/schema\/person\/68428444ec60970d1e1b700cf4ca1e8f\",\"name\":\"Edit\u00f6r\",\"image\":{\"@type\":\"ImageObject\",\"inLanguage\":\"fr-BE\",\"@id\":\"https:\/\/avrupapress.com\/#\/schema\/person\/image\/\",\"url\":\"https:\/\/secure.gravatar.com\/avatar\/74996b0977aa5f1559ba9883776652508b229005c0d78fb2597897f0bd651c09?s=96&d=mm&r=g\",\"contentUrl\":\"https:\/\/secure.gravatar.com\/avatar\/74996b0977aa5f1559ba9883776652508b229005c0d78fb2597897f0bd651c09?s=96&d=mm&r=g\",\"caption\":\"Edit\u00f6r\"},\"sameAs\":[\"http:\/\/www.avrupapress.com\"],\"url\":\"https:\/\/avrupapress.com\/main\/author\/editor\/\"}]}<\/script>\n<!-- \/ Yoast SEO plugin. -->","yoast_head_json":{"title":"Art\u0131k S\u00fcper Lig Ma\u00e7lar\u0131nda Kadrolar 18 De\u011fil 21 Ki\u015fi Olacak - AvrupaPress","robots":{"index":"index","follow":"follow","max-snippet":"max-snippet:-1","max-image-preview":"max-image-preview:large","max-video-preview":"max-video-preview:-1"},"canonical":"https:\/\/avrupapress.com\/2017\/07\/28\/artik-super-lig-maclarinda-kadrolar-18-degil-21-kisi-olacak\/","og_locale":"fr_FR","og_type":"article","og_title":"Art\u0131k S\u00fcper Lig Ma\u00e7lar\u0131nda Kadrolar 18 De\u011fil 21 Ki\u015fi Olacak - AvrupaPress","og_description":"Kul\u00fcpler Birli\u011fi, ma\u00e7 kadrolar\u0131n\u0131n 18&rsquo;den 21&rsquo;e \u00e7\u0131kar\u0131lmas\u0131na karar verdi, TFF Ba\u015fkan\u0131 onaylad\u0131. Ayr\u0131ca G\u00fcm\u00fc\u015fda\u011f, \u00f6n\u00fcm\u00fczdeki se\u00e7imde aday olmayaca\u011f\u0131n\u0131 duyurdu. Spor Toto S\u00fcper Lig 2017\/2018 sezonu \u00f6ncesi Kul\u00fcpler Birli\u011fi ola\u011fan toplant\u0131s\u0131 yap\u0131ld\u0131. Toplant\u0131n\u0131n ard\u0131ndan ba\u015fkan G\u00f6ksel G\u00fcm\u00fc\u015fda\u011f a\u00e7\u0131klamalarda bulundu. G\u00fcm\u00fc\u015fda\u011f, S\u00fcper Lig ma\u00e7lar\u0131nda 18 yerine 21 ki\u015filik kadrolarla oynanmas\u0131 konusunda karar ald\u0131klar\u0131n\u0131, TFF Ba\u015fkan\u0131 Demir\u00f6ren&rsquo;in de [&hellip;]","og_url":"https:\/\/avrupapress.com\/2017\/07\/28\/artik-super-lig-maclarinda-kadrolar-18-degil-21-kisi-olacak\/","og_site_name":"AvrupaPress","article_published_time":"2017-07-28T10:27:40+00:00","author":"Edit\u00f6r","twitter_card":"summary_large_image","twitter_misc":{"\u00c9crit par":"Edit\u00f6r","Dur\u00e9e de lecture est.":"1 minute"},"schema":{"@context":"https:\/\/schema.org","@graph":[{"@type":"Article","@id":"https:\/\/avrupapress.com\/2017\/07\/28\/artik-super-lig-maclarinda-kadrolar-18-degil-21-kisi-olacak\/#article","isPartOf":{"@id":"https:\/\/avrupapress.com\/2017\/07\/28\/artik-super-lig-maclarinda-kadrolar-18-degil-21-kisi-olacak\/"},"author":{"name":"Edit\u00f6r","@id":"https:\/\/avrupapress.com\/#\/schema\/person\/68428444ec60970d1e1b700cf4ca1e8f"},"headline":"Art\u0131k S\u00fcper Lig Ma\u00e7lar\u0131nda Kadrolar 18 De\u011fil 21 Ki\u015fi Olacak","datePublished":"2017-07-28T10:27:40+00:00","mainEntityOfPage":{"@id":"https:\/\/avrupapress.com\/2017\/07\/28\/artik-super-lig-maclarinda-kadrolar-18-degil-21-kisi-olacak\/"},"wordCount":146,"commentCount":0,"publisher":{"@id":"https:\/\/avrupapress.com\/#\/schema\/person\/0223dca19c72c43575bf30d1a2d8f4fa"},"keywords":["futbol","takim","TFF","t\u00fcrkiye"],"articleSection":["Avrupa","Bel\u00e7ika","D\u00fcnya","K\u00fclt\u00fcr-Sanat","Spor","Tan\u0131t\u0131m","T\u00fcrkiye"],"inLanguage":"fr-BE","potentialAction":[{"@type":"CommentAction","name":"Comment","target":["https:\/\/avrupapress.com\/2017\/07\/28\/artik-super-lig-maclarinda-kadrolar-18-degil-21-kisi-olacak\/#respond"]}]},{"@type":"WebPage","@id":"https:\/\/avrupapress.com\/2017\/07\/28\/artik-super-lig-maclarinda-kadrolar-18-degil-21-kisi-olacak\/","url":"https:\/\/avrupapress.com\/2017\/07\/28\/artik-super-lig-maclarinda-kadrolar-18-degil-21-kisi-olacak\/","name":"Art\u0131k S\u00fcper Lig Ma\u00e7lar\u0131nda Kadrolar 18 De\u011fil 21 Ki\u015fi Olacak - AvrupaPress","isPartOf":{"@id":"https:\/\/avrupapress.com\/#website"},"datePublished":"2017-07-28T10:27:40+00:00","breadcrumb":{"@id":"https:\/\/avrupapress.com\/2017\/07\/28\/artik-super-lig-maclarinda-kadrolar-18-degil-21-kisi-olacak\/#breadcrumb"},"inLanguage":"fr-BE","potentialAction":[{"@type":"ReadAction","target":["https:\/\/avrupapress.com\/2017\/07\/28\/artik-super-lig-maclarinda-kadrolar-18-degil-21-kisi-olacak\/"]}]},{"@type":"BreadcrumbList","@id":"https:\/\/avrupapress.com\/2017\/07\/28\/artik-super-lig-maclarinda-kadrolar-18-degil-21-kisi-olacak\/#breadcrumb","itemListElement":[{"@type":"ListItem","position":1,"name":"Anasayfa","item":"https:\/\/avrupapress.com\/"},{"@type":"ListItem","position":2,"name":"Art\u0131k S\u00fcper Lig Ma\u00e7lar\u0131nda Kadrolar 18 De\u011fil 21 Ki\u015fi Olacak"}]},{"@type":"WebSite","@id":"https:\/\/avrupapress.com\/#website","url":"https:\/\/avrupapress.com\/","name":"AvrupaPress","description":"Haberin Adresi","publisher":{"@id":"https:\/\/avrupapress.com\/#\/schema\/person\/0223dca19c72c43575bf30d1a2d8f4fa"},"potentialAction":[{"@type":"SearchAction","target":{"@type":"EntryPoint","urlTemplate":"https:\/\/avrupapress.com\/?s={search_term_string}"},"query-input":{"@type":"PropertyValueSpecification","valueRequired":true,"valueName":"search_term_string"}}],"inLanguage":"fr-BE"},{"@type":["Person","Organization"],"@id":"https:\/\/avrupapress.com\/#\/schema\/person\/0223dca19c72c43575bf30d1a2d8f4fa","name":"Bilgin \u00d6z\u00e7ift\u00e7i","image":{"@type":"ImageObject","inLanguage":"fr-BE","@id":"https:\/\/avrupapress.com\/#\/schema\/person\/image\/","url":"https:\/\/secure.gravatar.com\/avatar\/0f23b280433a21e1ea7a0adcc46ed0ad16afe3ad8e630fd13d8a017dcbd54ef3?s=96&d=mm&r=g","contentUrl":"https:\/\/secure.gravatar.com\/avatar\/0f23b280433a21e1ea7a0adcc46ed0ad16afe3ad8e630fd13d8a017dcbd54ef3?s=96&d=mm&r=g","caption":"Bilgin \u00d6z\u00e7ift\u00e7i"},"logo":{"@id":"https:\/\/avrupapress.com\/#\/schema\/person\/image\/"},"description":"Ne ben, nede sen... Biz ancak \"biz\" olursak g\u00fc\u00e7l\u00fc olabiliriz"},{"@type":"Person","@id":"https:\/\/avrupapress.com\/#\/schema\/person\/68428444ec60970d1e1b700cf4ca1e8f","name":"Edit\u00f6r","image":{"@type":"ImageObject","inLanguage":"fr-BE","@id":"https:\/\/avrupapress.com\/#\/schema\/person\/image\/","url":"https:\/\/secure.gravatar.com\/avatar\/74996b0977aa5f1559ba9883776652508b229005c0d78fb2597897f0bd651c09?s=96&d=mm&r=g","contentUrl":"https:\/\/secure.gravatar.com\/avatar\/74996b0977aa5f1559ba9883776652508b229005c0d78fb2597897f0bd651c09?s=96&d=mm&r=g","caption":"Edit\u00f6r"},"sameAs":["http:\/\/www.avrupapress.com"],"url":"https:\/\/avrupapress.com\/main\/author\/editor\/"}]}},"_links":{"self":[{"href":"https:\/\/avrupapress.com\/main\/wp-json\/wp\/v2\/posts\/531","targetHints":{"allow":["GET"]}}],"collection":[{"href":"https:\/\/avrupapress.com\/main\/wp-json\/wp\/v2\/posts"}],"about":[{"href":"https:\/\/avrupapress.com\/main\/wp-json\/wp\/v2\/types\/post"}],"author":[{"embeddable":true,"href":"https:\/\/avrupapress.com\/main\/wp-json\/wp\/v2\/users\/3"}],"replies":[{"embeddable":true,"href":"https:\/\/avrupapress.com\/main\/wp-json\/wp\/v2\/comments?post=531"}],"version-history":[{"count":1,"href":"https:\/\/avrupapress.com\/main\/wp-json\/wp\/v2\/posts\/531\/revisions"}],"predecessor-version":[{"id":533,"href":"https:\/\/avrupapress.com\/main\/wp-json\/wp\/v2\/posts\/531\/revisions\/533"}],"wp:attachment":[{"href":"https:\/\/avrupapress.com\/main\/wp-json\/wp\/v2\/media?parent=531"}],"wp:term":[{"taxonomy":"category","embeddable":true,"href":"https:\/\/avrupapress.com\/main\/wp-json\/wp\/v2\/categories?post=531"},{"taxonomy":"post_tag","embeddable":true,"href":"https:\/\/avrupapress.com\/main\/wp-json\/wp\/v2\/tags?post=531"}],"curies":[{"name":"wp","href":"https:\/\/api.w.org\/{rel}","templated":true}]}}