{"id":4839,"date":"2018-03-18T08:10:48","date_gmt":"2018-03-18T08:10:48","guid":{"rendered":"http:\/\/avrupapress.com\/main\/?p=4839"},"modified":"2018-03-18T08:49:45","modified_gmt":"2018-03-18T08:49:45","slug":"tsk-ve-oso-afrin-girdi-ilce-merkezinde-kontrolu-sagladi","status":"publish","type":"post","link":"https:\/\/avrupapress.com\/main\/2018\/03\/18\/tsk-ve-oso-afrin-girdi-ilce-merkezinde-kontrolu-sagladi\/","title":{"rendered":"TSK ve \u00d6SO, Afrin Girdi \u0130l\u00e7e Merkezinde Kontrol\u00fc Sa\u011flad\u0131"},"content":{"rendered":"<h2 class=\"ustblkgenislet2 spot \">Zeytin Dal\u0131 Harekat\u0131&rsquo;n\u0131n 58. g\u00fcn\u00fcnde Afrin&rsquo;e giren \u00d6SO g\u00fc\u00e7leri, il\u00e7e merkezinde kontrol\u00fc sa\u011flad\u0131. \u00d6SO, kent meydan\u0131nda havaya ate\u015f a\u00e7arak kutlama yaparken Kawa heykelini de y\u0131kt\u0131.<\/h2>\n<div class=\"\" data-block=\"true\" data-editor=\"a8r91\" data-offset-key=\"9dsna-0-0\">\n<div class=\"_1mf _1mj\" data-offset-key=\"9dsna-0-0\"><span data-offset-key=\"9dsna-0-0\">T\u00fcrk Silahl\u0131 Kuvvetleri&rsquo;nin (TSK) y\u00fcr\u00fctt\u00fc\u011f\u00fc Zeytin Dal\u0131 Harekat\u0131 kapsam\u0131nda \u00d6SO g\u00fc\u00e7leri, bug\u00fcn sabah\u0131n erken saatlerinde PKK\/YPG&rsquo;li ter\u00f6ristlerden ar\u0131nd\u0131r\u0131lmas\u0131 hedeflenen Afrin&rsquo;e kentin g\u00fcneydo\u011fusundan girdi.<\/span><\/div>\n<\/div>\n<div class=\"\" data-block=\"true\" data-editor=\"a8r91\" data-offset-key=\"b9p8a-0-0\">\n<div class=\"_1mf _1mj\" data-offset-key=\"b9p8a-0-0\"><span data-offset-key=\"b9p8a-0-0\">\u00a0<\/span><\/div>\n<\/div>\n<div class=\"\" data-block=\"true\" data-editor=\"a8r91\" data-offset-key=\"8u5rh-0-0\">\n<div class=\"_1mf _1mj\" data-offset-key=\"8u5rh-0-0\"><span data-offset-key=\"8u5rh-0-0\">\u0130L\u00c7E MERKEZ\u0130NDE KONTROL SA\u011eLANDI<\/span><\/div>\n<\/div>\n<div class=\"\" data-block=\"true\" data-editor=\"a8r91\" data-offset-key=\"6fcts-0-0\">\n<div class=\"_1mf _1mj\" data-offset-key=\"6fcts-0-0\"><span data-offset-key=\"6fcts-0-0\">\u00a0<\/span><\/div>\n<\/div>\n<div class=\"\" data-block=\"true\" data-editor=\"a8r91\" data-offset-key=\"8gvop-0-0\">\n<div class=\"_1mf _1mj\" data-offset-key=\"8gvop-0-0\"><span data-offset-key=\"8gvop-0-0\">Afrin&rsquo;in 2 kilometre kadar i\u00e7erisine girilirken, il\u00e7e merkezinde kontrol\u00fcn sa\u011fland\u0131\u011f\u0131 bilgisi geldi. Bu arada Afrin kent merkezinden ilk g\u00f6r\u00fcnt\u00fcler de gelmeye ba\u015flad\u0131. G\u00fcvenlik Uzman\u0131\u00a0Abdullah A\u011far, d\u00fcn ak\u015fam \u00d6zel Kuvvetlerin operasyona ba\u015flad\u0131\u011f\u0131n\u0131 duyurmu\u015ftu.<\/span><\/div>\n<\/div>\n<figure><img loading=\"lazy\" decoding=\"async\" src=\"https:\/\/foto.haberler.com\/haber\/2018\/03\/18\/son-dakika-tsk-ve-oso-afrin-ilce-merkezinde-10667886_633_m.jpg\" width=\"640\" height=\"485\" \/><\/figure>\n<p class=\"selectionShareable\"><strong>KAWA HEYKEL\u0130N\u0130 \u0130\u015e MAK\u0130NES\u0130YLE YIKTILAR<\/strong><\/p>\n<p class=\"selectionShareable\">\u00d6SO g\u00fc\u00e7leri, baz\u0131 noktalarda \u00e7at\u0131\u015fmalar ya\u015fan\u0131rken, \u00e7ok fazla direni\u015fle kar\u015f\u0131la\u015fmad\u0131. Kontol\u00fcn sa\u011flanmas\u0131n\u0131 kent meydan\u0131nda havaya ate\u015f a\u00e7arak kutlayan \u00d6SO g\u00fc\u00e7leri, burada bulunan Kawa heykelini \u00f6nce silahla ate\u015f a\u00e7arak tahrip etti, ard\u0131ndan da i\u015f makinesiyle y\u0131kt\u0131. \u00d6SO g\u00fc\u00e7lerinin kentin mahallerinde kontrolleri s\u00fcr\u00fcyor.<\/p>\n<figure><img loading=\"lazy\" decoding=\"async\" src=\"https:\/\/foto.haberler.com\/haber\/2018\/03\/18\/son-dakika-tsk-ve-oso-afrin-ilce-merkezinde-10667886_5099_m.jpg\" width=\"640\" height=\"480\" \/><\/figure>\n<p class=\"selectionShareable\"><strong>\u00d6ZEL KUVVETLER OPERASYONA BA\u015eLADI<\/strong><\/p>\n<p class=\"selectionShareable\">CNN T\u00dcRK canl\u0131 yay\u0131n\u0131na kat\u0131lan ter\u00f6r uzman\u0131 Abdullah A\u011far&rsquo;\u0131n verdi\u011fi bilgiye g\u00f6re, Afrin merkezine \u00d6zel Kuvvetlerle birlikte, komandolar ve \u00d6SO birlikleri de girdi.<\/p>\n<p class=\"selectionShareable\">Afrin&rsquo;de &lsquo;Do\u011fu&rsquo; ve &lsquo;Bat\u0131&rsquo; cephesi birle\u015fti ve b\u00f6ylece do\u011fudan ve bat\u0131dan gelen birlikler bulu\u015ftu. TSK&rsquo;dan yap\u0131lan a\u00e7\u0131klamada \u00ab\u00a0Afrin harek\u00e2t alan\u0131nda do\u011fudan bat\u0131ya ve bat\u0131dan do\u011fuya ilerleyen birlikler Afrin kuzeyinde bulu\u015ftular.\u00a0\u00bb denildi.<\/p>\n<figure><img loading=\"lazy\" decoding=\"async\" src=\"https:\/\/foto.haberler.com\/haber\/2018\/03\/18\/son-dakika-oso-birlikleri-afrin-e-girdi-10667886_2889_m.jpg\" width=\"640\" height=\"359\" \/><\/figure>\n<p class=\"selectionShareable\"><strong>T\u00dcRK SAVA\u015e U\u00c7AKLARI AFR\u0130N SEMALARINDA<\/strong><\/p>\n<p class=\"selectionShareable\">\u00d6SO g\u00fc\u00e7lerinin ilerleyi\u015fi s\u00fcrerken, kent merkezinden s\u0131k s\u0131k silah ve patlama sesleri duyuluyor. Ayr\u0131ca, T\u00fcrk sava\u015f u\u00e7aklar\u0131n\u0131n da Afrin semalar\u0131nda u\u00e7tu\u011fu g\u00f6zlendi.<\/p>\n<figure><img loading=\"lazy\" decoding=\"async\" src=\"https:\/\/foto.haberler.com\/haber\/2018\/03\/18\/son-dakika-oso-afrin-ilce-merkezinde-kontrolu-10667886_6769_m.jpg\" width=\"640\" height=\"480\" \/><\/figure>\n<p class=\"selectionShareable\"><strong>&lsquo;ZEYT\u0130N DALI&rsquo; \u0130\u00c7\u0130N TAKV\u0130YE B\u0130RL\u0130KLER SEVK ED\u0130LD\u0130<\/strong><\/p>\n<p class=\"selectionShareable\">Zeytin Dal\u0131 Harekat\u0131 kapsam\u0131nda Suriye s\u0131n\u0131r\u0131nda konu\u015flu birliklere takviye ama\u00e7l\u0131 g\u00f6nderilen askeri ara\u00e7lar, Hatay&rsquo;dan huduttaki birliklere sevk edildi.<\/p>\n<p class=\"selectionShareable\">Hudutlar ile b\u00f6lgede g\u00fcvenlik ve istikrar\u0131 sa\u011flamak, Afrin&rsquo;de YPG\/PKK-DEA\u015e mensuplar\u0131n\u0131 etkisiz hale getirmek, halk\u0131 ter\u00f6r \u00f6rg\u00fct\u00fc \u00fcyelerinin bask\u0131 ve zulm\u00fcnden kurtarmak amac\u0131yla T\u00fcrk Silahl\u0131 Kuvvetleri (TSK) taraf\u0131ndan 20 Ocak&rsquo;ta ba\u015flat\u0131lan Zeytin Dal\u0131 Harekat\u0131 devam ediyor.<\/p>\n<p class=\"selectionShareable\">Harekat kapsam\u0131nda, T\u00fcrkiye&rsquo;deki \u00e7e\u015fitli birliklerden g\u00f6nderilen, aralar\u0131nda tanklar\u0131n da yer ald\u0131\u011f\u0131 askeri ara\u00e7lar, Hatay&rsquo;\u0131n Reyhanl\u0131 ve Hassa il\u00e7esine ula\u015ft\u0131.<\/p>\n<p class=\"selectionShareable\">Ara\u00e7lar, g\u00fcvenlik \u00f6nlemleri alt\u0131nda s\u0131n\u0131r birliklerine sevk edildi.<\/p>\n<figure><img loading=\"lazy\" decoding=\"async\" src=\"https:\/\/foto.haberler.com\/haber\/2018\/03\/18\/son-dakika-oso-birlikleri-afrin-e-girdi-10667886_1911_m.jpg\" width=\"640\" height=\"359\" \/><\/figure>\n<p class=\"selectionShareable\"><strong>S\u0130V\u0130LLER\u0130N \u00c7IKI\u015eI \u0130\u00c7\u0130N KOR\u0130DOR A\u00c7ILMI\u015eTI<\/strong><\/p>\n<p class=\"selectionShareable\">Ge\u00e7ti\u011fimiz g\u00fcnlerde tamamen ku\u015fat\u0131lan Afrin il\u00e7e merkezinden sivillerin \u00e7\u0131kmas\u0131 i\u00e7in 3 kilometrelik bir koridor a\u00e7\u0131lm\u0131\u015ft\u0131. Birka\u00e7 g\u00fcn i\u00e7erisinde binlerce sivil, ter\u00f6r \u00f6rg\u00fct\u00fc PYD\/PKK&rsquo;n\u0131n tehditlerine ra\u011fmen Afrin il\u00e7e merkezini terk etmi\u015fti.<\/p>\n<p class=\"selectionShareable\"><strong>ERDO\u011eAN \u0130\u015eARET\u0130 VERM\u0130\u015eT\u0130<\/strong><\/p>\n<p class=\"selectionShareable\">Hat\u0131rlanaca\u011f\u0131 gibi bug\u00fcn\u00a0Cumhurba\u015fkan\u0131 Erdo\u011fan,\u00a0Diyarbak\u0131r&rsquo;da yapt\u0131\u011f\u0131 konu\u015fmada Afrin&rsquo;in d\u00fc\u015fmesinin an meselesi oldu\u011funu s\u00f6ylemi\u015fti. Erdo\u011fan&rsquo;\u0131n konu\u015fmas\u0131ndan saatler sonra \u00d6zel Kuvvetler Afrin&rsquo;e girdi.<\/p>\n<figure><img loading=\"lazy\" decoding=\"async\" src=\"https:\/\/foto.haberler.com\/haber\/2018\/03\/18\/son-dakika-tsk-ve-oso-afrin-ilce-merkezinde-10667886_8028_m.jpg\" width=\"640\" height=\"480\" \/><\/figure>\n<figure><img loading=\"lazy\" decoding=\"async\" src=\"https:\/\/foto.haberler.com\/haber\/2018\/03\/18\/son-dakika-tsk-ve-oso-afrin-ilce-merkezinde-10667886_3139_m.jpg\" width=\"640\" height=\"480\" \/><\/figure>\n<figure><img loading=\"lazy\" decoding=\"async\" src=\"https:\/\/foto.haberler.com\/haber\/2018\/03\/18\/son-dakika-tsk-ve-oso-afrin-ilce-merkezinde-10667886_7201_m.jpg\" width=\"640\" height=\"566\" \/><\/figure>\n<p>&nbsp;<\/p>\n<figure contenteditable=\"true\"><img loading=\"lazy\" decoding=\"async\" src=\"https:\/\/foto.haberler.com\/haber\/2018\/03\/18\/son-dakika-tsk-ve-oso-afrin-ilce-merkezinde-10667886_2966_m.jpg\" width=\"640\" height=\"467\" \/><\/figure>\n<p>&nbsp;<\/p>\n<figure contenteditable=\"true\"><img loading=\"lazy\" decoding=\"async\" src=\"https:\/\/foto.haberler.com\/haber\/2018\/03\/18\/son-dakika-tsk-ve-oso-afrin-ilce-merkezinde-10667886_3070_m.jpg\" width=\"640\" height=\"401\" \/><\/figure>\n","protected":false},"excerpt":{"rendered":"<p>Zeytin Dal\u0131 Harekat\u0131&rsquo;n\u0131n 58. g\u00fcn\u00fcnde Afrin&rsquo;e giren \u00d6SO g\u00fc\u00e7leri, il\u00e7e merkezinde kontrol\u00fc sa\u011flad\u0131. \u00d6SO, kent meydan\u0131nda havaya ate\u015f a\u00e7arak kutlama yaparken Kawa heykelini de y\u0131kt\u0131. T\u00fcrk Silahl\u0131 Kuvvetleri&rsquo;nin (TSK) y\u00fcr\u00fctt\u00fc\u011f\u00fc Zeytin Dal\u0131 Harekat\u0131 kapsam\u0131nda \u00d6SO g\u00fc\u00e7leri, bug\u00fcn sabah\u0131n erken saatlerinde PKK\/YPG&rsquo;li ter\u00f6ristlerden ar\u0131nd\u0131r\u0131lmas\u0131 hedeflenen Afrin&rsquo;e kentin g\u00fcneydo\u011fusundan girdi. \u00a0 \u0130L\u00c7E MERKEZ\u0130NDE KONTROL SA\u011eLANDI \u00a0 Afrin&rsquo;in [&hellip;]<\/p>\n","protected":false},"author":3,"featured_media":4840,"comment_status":"open","ping_status":"open","sticky":false,"template":"","format":"standard","meta":{"footnotes":""},"categories":[3,2],"tags":[3318,3319,3320,3317],"class_list":["post-4839","post","type-post","status-publish","format-standard","has-post-thumbnail","hentry","category-dunya","category-turkiye","tag-afrin-girdi","tag-ilce-merkezinde","tag-kontrolu-sagladi","tag-tsk-ve-oso"],"yoast_head":"<!-- This site is optimized with the Yoast SEO plugin v26.9 - https:\/\/yoast.com\/product\/yoast-seo-wordpress\/ -->\n<title>TSK ve \u00d6SO, Afrin Girdi \u0130l\u00e7e Merkezinde Kontrol\u00fc Sa\u011flad\u0131 - AvrupaPress<\/title>\n<meta name=\"robots\" content=\"index, follow, max-snippet:-1, max-image-preview:large, max-video-preview:-1\" \/>\n<link rel=\"canonical\" href=\"https:\/\/avrupapress.com\/2018\/03\/18\/tsk-ve-oso-afrin-girdi-ilce-merkezinde-kontrolu-sagladi\/\" \/>\n<meta property=\"og:locale\" content=\"fr_FR\" \/>\n<meta property=\"og:type\" content=\"article\" \/>\n<meta property=\"og:title\" content=\"TSK ve \u00d6SO, Afrin Girdi \u0130l\u00e7e Merkezinde Kontrol\u00fc Sa\u011flad\u0131 - AvrupaPress\" \/>\n<meta property=\"og:description\" content=\"Zeytin Dal\u0131 Harekat\u0131&rsquo;n\u0131n 58. g\u00fcn\u00fcnde Afrin&rsquo;e giren \u00d6SO g\u00fc\u00e7leri, il\u00e7e merkezinde kontrol\u00fc sa\u011flad\u0131. \u00d6SO, kent meydan\u0131nda havaya ate\u015f a\u00e7arak kutlama yaparken Kawa heykelini de y\u0131kt\u0131. T\u00fcrk Silahl\u0131 Kuvvetleri&rsquo;nin (TSK) y\u00fcr\u00fctt\u00fc\u011f\u00fc Zeytin Dal\u0131 Harekat\u0131 kapsam\u0131nda \u00d6SO g\u00fc\u00e7leri, bug\u00fcn sabah\u0131n erken saatlerinde PKK\/YPG&rsquo;li ter\u00f6ristlerden ar\u0131nd\u0131r\u0131lmas\u0131 hedeflenen Afrin&rsquo;e kentin g\u00fcneydo\u011fusundan girdi. \u00a0 \u0130L\u00c7E MERKEZ\u0130NDE KONTROL SA\u011eLANDI \u00a0 Afrin&rsquo;in [&hellip;]\" \/>\n<meta property=\"og:url\" content=\"https:\/\/avrupapress.com\/2018\/03\/18\/tsk-ve-oso-afrin-girdi-ilce-merkezinde-kontrolu-sagladi\/\" \/>\n<meta property=\"og:site_name\" content=\"AvrupaPress\" \/>\n<meta property=\"article:published_time\" content=\"2018-03-18T08:10:48+00:00\" \/>\n<meta property=\"article:modified_time\" content=\"2018-03-18T08:49:45+00:00\" \/>\n<meta property=\"og:image\" content=\"https:\/\/avrupapress.com\/wp-content\/uploads\/2018\/03\/son-dakika-tsk-ve-oso-afrin-ilce-merkezinde-10667886_5099_m.jpg\" \/>\n\t<meta property=\"og:image:width\" content=\"640\" \/>\n\t<meta property=\"og:image:height\" content=\"480\" \/>\n\t<meta property=\"og:image:type\" content=\"image\/jpeg\" \/>\n<meta name=\"author\" content=\"Edit\u00f6r\" \/>\n<meta name=\"twitter:card\" content=\"summary_large_image\" \/>\n<meta name=\"twitter:label1\" content=\"\u00c9crit par\" \/>\n\t<meta name=\"twitter:data1\" content=\"Edit\u00f6r\" \/>\n\t<meta name=\"twitter:label2\" content=\"Dur\u00e9e de lecture est.\" \/>\n\t<meta name=\"twitter:data2\" content=\"3 minutes\" \/>\n<script type=\"application\/ld+json\" class=\"yoast-schema-graph\">{\"@context\":\"https:\/\/schema.org\",\"@graph\":[{\"@type\":\"Article\",\"@id\":\"https:\/\/avrupapress.com\/2018\/03\/18\/tsk-ve-oso-afrin-girdi-ilce-merkezinde-kontrolu-sagladi\/#article\",\"isPartOf\":{\"@id\":\"https:\/\/avrupapress.com\/2018\/03\/18\/tsk-ve-oso-afrin-girdi-ilce-merkezinde-kontrolu-sagladi\/\"},\"author\":{\"name\":\"Edit\u00f6r\",\"@id\":\"https:\/\/avrupapress.com\/#\/schema\/person\/68428444ec60970d1e1b700cf4ca1e8f\"},\"headline\":\"TSK ve \u00d6SO, Afrin Girdi \u0130l\u00e7e Merkezinde Kontrol\u00fc Sa\u011flad\u0131\",\"datePublished\":\"2018-03-18T08:10:48+00:00\",\"dateModified\":\"2018-03-18T08:49:45+00:00\",\"mainEntityOfPage\":{\"@id\":\"https:\/\/avrupapress.com\/2018\/03\/18\/tsk-ve-oso-afrin-girdi-ilce-merkezinde-kontrolu-sagladi\/\"},\"wordCount\":560,\"commentCount\":0,\"publisher\":{\"@id\":\"https:\/\/avrupapress.com\/#\/schema\/person\/0223dca19c72c43575bf30d1a2d8f4fa\"},\"image\":{\"@id\":\"https:\/\/avrupapress.com\/2018\/03\/18\/tsk-ve-oso-afrin-girdi-ilce-merkezinde-kontrolu-sagladi\/#primaryimage\"},\"thumbnailUrl\":\"https:\/\/avrupapress.com\/main\/wp-content\/uploads\/2018\/03\/son-dakika-tsk-ve-oso-afrin-ilce-merkezinde-10667886_5099_m.jpg\",\"keywords\":[\"Afrin Girdi\",\"\u0130l\u00e7e Merkezinde\",\"Kontrol\u00fc Sa\u011flad\u0131\",\"TSK ve \u00d6SO\"],\"articleSection\":[\"D\u00fcnya\",\"T\u00fcrkiye\"],\"inLanguage\":\"fr-BE\",\"potentialAction\":[{\"@type\":\"CommentAction\",\"name\":\"Comment\",\"target\":[\"https:\/\/avrupapress.com\/2018\/03\/18\/tsk-ve-oso-afrin-girdi-ilce-merkezinde-kontrolu-sagladi\/#respond\"]}]},{\"@type\":\"WebPage\",\"@id\":\"https:\/\/avrupapress.com\/2018\/03\/18\/tsk-ve-oso-afrin-girdi-ilce-merkezinde-kontrolu-sagladi\/\",\"url\":\"https:\/\/avrupapress.com\/2018\/03\/18\/tsk-ve-oso-afrin-girdi-ilce-merkezinde-kontrolu-sagladi\/\",\"name\":\"TSK ve \u00d6SO, Afrin Girdi \u0130l\u00e7e Merkezinde Kontrol\u00fc Sa\u011flad\u0131 - AvrupaPress\",\"isPartOf\":{\"@id\":\"https:\/\/avrupapress.com\/#website\"},\"primaryImageOfPage\":{\"@id\":\"https:\/\/avrupapress.com\/2018\/03\/18\/tsk-ve-oso-afrin-girdi-ilce-merkezinde-kontrolu-sagladi\/#primaryimage\"},\"image\":{\"@id\":\"https:\/\/avrupapress.com\/2018\/03\/18\/tsk-ve-oso-afrin-girdi-ilce-merkezinde-kontrolu-sagladi\/#primaryimage\"},\"thumbnailUrl\":\"https:\/\/avrupapress.com\/main\/wp-content\/uploads\/2018\/03\/son-dakika-tsk-ve-oso-afrin-ilce-merkezinde-10667886_5099_m.jpg\",\"datePublished\":\"2018-03-18T08:10:48+00:00\",\"dateModified\":\"2018-03-18T08:49:45+00:00\",\"breadcrumb\":{\"@id\":\"https:\/\/avrupapress.com\/2018\/03\/18\/tsk-ve-oso-afrin-girdi-ilce-merkezinde-kontrolu-sagladi\/#breadcrumb\"},\"inLanguage\":\"fr-BE\",\"potentialAction\":[{\"@type\":\"ReadAction\",\"target\":[\"https:\/\/avrupapress.com\/2018\/03\/18\/tsk-ve-oso-afrin-girdi-ilce-merkezinde-kontrolu-sagladi\/\"]}]},{\"@type\":\"ImageObject\",\"inLanguage\":\"fr-BE\",\"@id\":\"https:\/\/avrupapress.com\/2018\/03\/18\/tsk-ve-oso-afrin-girdi-ilce-merkezinde-kontrolu-sagladi\/#primaryimage\",\"url\":\"https:\/\/avrupapress.com\/main\/wp-content\/uploads\/2018\/03\/son-dakika-tsk-ve-oso-afrin-ilce-merkezinde-10667886_5099_m.jpg\",\"contentUrl\":\"https:\/\/avrupapress.com\/main\/wp-content\/uploads\/2018\/03\/son-dakika-tsk-ve-oso-afrin-ilce-merkezinde-10667886_5099_m.jpg\",\"width\":640,\"height\":480},{\"@type\":\"BreadcrumbList\",\"@id\":\"https:\/\/avrupapress.com\/2018\/03\/18\/tsk-ve-oso-afrin-girdi-ilce-merkezinde-kontrolu-sagladi\/#breadcrumb\",\"itemListElement\":[{\"@type\":\"ListItem\",\"position\":1,\"name\":\"Anasayfa\",\"item\":\"https:\/\/avrupapress.com\/\"},{\"@type\":\"ListItem\",\"position\":2,\"name\":\"TSK ve \u00d6SO, Afrin Girdi \u0130l\u00e7e Merkezinde Kontrol\u00fc Sa\u011flad\u0131\"}]},{\"@type\":\"WebSite\",\"@id\":\"https:\/\/avrupapress.com\/#website\",\"url\":\"https:\/\/avrupapress.com\/\",\"name\":\"AvrupaPress\",\"description\":\"Haberin Adresi\",\"publisher\":{\"@id\":\"https:\/\/avrupapress.com\/#\/schema\/person\/0223dca19c72c43575bf30d1a2d8f4fa\"},\"potentialAction\":[{\"@type\":\"SearchAction\",\"target\":{\"@type\":\"EntryPoint\",\"urlTemplate\":\"https:\/\/avrupapress.com\/?s={search_term_string}\"},\"query-input\":{\"@type\":\"PropertyValueSpecification\",\"valueRequired\":true,\"valueName\":\"search_term_string\"}}],\"inLanguage\":\"fr-BE\"},{\"@type\":[\"Person\",\"Organization\"],\"@id\":\"https:\/\/avrupapress.com\/#\/schema\/person\/0223dca19c72c43575bf30d1a2d8f4fa\",\"name\":\"Bilgin \u00d6z\u00e7ift\u00e7i\",\"image\":{\"@type\":\"ImageObject\",\"inLanguage\":\"fr-BE\",\"@id\":\"https:\/\/avrupapress.com\/#\/schema\/person\/image\/\",\"url\":\"https:\/\/secure.gravatar.com\/avatar\/0f23b280433a21e1ea7a0adcc46ed0ad16afe3ad8e630fd13d8a017dcbd54ef3?s=96&d=mm&r=g\",\"contentUrl\":\"https:\/\/secure.gravatar.com\/avatar\/0f23b280433a21e1ea7a0adcc46ed0ad16afe3ad8e630fd13d8a017dcbd54ef3?s=96&d=mm&r=g\",\"caption\":\"Bilgin \u00d6z\u00e7ift\u00e7i\"},\"logo\":{\"@id\":\"https:\/\/avrupapress.com\/#\/schema\/person\/image\/\"},\"description\":\"Ne ben, nede sen... Biz ancak \\\"biz\\\" olursak g\u00fc\u00e7l\u00fc olabiliriz\"},{\"@type\":\"Person\",\"@id\":\"https:\/\/avrupapress.com\/#\/schema\/person\/68428444ec60970d1e1b700cf4ca1e8f\",\"name\":\"Edit\u00f6r\",\"image\":{\"@type\":\"ImageObject\",\"inLanguage\":\"fr-BE\",\"@id\":\"https:\/\/avrupapress.com\/#\/schema\/person\/image\/\",\"url\":\"https:\/\/secure.gravatar.com\/avatar\/74996b0977aa5f1559ba9883776652508b229005c0d78fb2597897f0bd651c09?s=96&d=mm&r=g\",\"contentUrl\":\"https:\/\/secure.gravatar.com\/avatar\/74996b0977aa5f1559ba9883776652508b229005c0d78fb2597897f0bd651c09?s=96&d=mm&r=g\",\"caption\":\"Edit\u00f6r\"},\"sameAs\":[\"http:\/\/www.avrupapress.com\"],\"url\":\"https:\/\/avrupapress.com\/main\/author\/editor\/\"}]}<\/script>\n<!-- \/ Yoast SEO plugin. -->","yoast_head_json":{"title":"TSK ve \u00d6SO, Afrin Girdi \u0130l\u00e7e Merkezinde Kontrol\u00fc Sa\u011flad\u0131 - AvrupaPress","robots":{"index":"index","follow":"follow","max-snippet":"max-snippet:-1","max-image-preview":"max-image-preview:large","max-video-preview":"max-video-preview:-1"},"canonical":"https:\/\/avrupapress.com\/2018\/03\/18\/tsk-ve-oso-afrin-girdi-ilce-merkezinde-kontrolu-sagladi\/","og_locale":"fr_FR","og_type":"article","og_title":"TSK ve \u00d6SO, Afrin Girdi \u0130l\u00e7e Merkezinde Kontrol\u00fc Sa\u011flad\u0131 - AvrupaPress","og_description":"Zeytin Dal\u0131 Harekat\u0131&rsquo;n\u0131n 58. g\u00fcn\u00fcnde Afrin&rsquo;e giren \u00d6SO g\u00fc\u00e7leri, il\u00e7e merkezinde kontrol\u00fc sa\u011flad\u0131. \u00d6SO, kent meydan\u0131nda havaya ate\u015f a\u00e7arak kutlama yaparken Kawa heykelini de y\u0131kt\u0131. T\u00fcrk Silahl\u0131 Kuvvetleri&rsquo;nin (TSK) y\u00fcr\u00fctt\u00fc\u011f\u00fc Zeytin Dal\u0131 Harekat\u0131 kapsam\u0131nda \u00d6SO g\u00fc\u00e7leri, bug\u00fcn sabah\u0131n erken saatlerinde PKK\/YPG&rsquo;li ter\u00f6ristlerden ar\u0131nd\u0131r\u0131lmas\u0131 hedeflenen Afrin&rsquo;e kentin g\u00fcneydo\u011fusundan girdi. \u00a0 \u0130L\u00c7E MERKEZ\u0130NDE KONTROL SA\u011eLANDI \u00a0 Afrin&rsquo;in [&hellip;]","og_url":"https:\/\/avrupapress.com\/2018\/03\/18\/tsk-ve-oso-afrin-girdi-ilce-merkezinde-kontrolu-sagladi\/","og_site_name":"AvrupaPress","article_published_time":"2018-03-18T08:10:48+00:00","article_modified_time":"2018-03-18T08:49:45+00:00","og_image":[{"width":640,"height":480,"url":"https:\/\/avrupapress.com\/wp-content\/uploads\/2018\/03\/son-dakika-tsk-ve-oso-afrin-ilce-merkezinde-10667886_5099_m.jpg","type":"image\/jpeg"}],"author":"Edit\u00f6r","twitter_card":"summary_large_image","twitter_misc":{"\u00c9crit par":"Edit\u00f6r","Dur\u00e9e de lecture est.":"3 minutes"},"schema":{"@context":"https:\/\/schema.org","@graph":[{"@type":"Article","@id":"https:\/\/avrupapress.com\/2018\/03\/18\/tsk-ve-oso-afrin-girdi-ilce-merkezinde-kontrolu-sagladi\/#article","isPartOf":{"@id":"https:\/\/avrupapress.com\/2018\/03\/18\/tsk-ve-oso-afrin-girdi-ilce-merkezinde-kontrolu-sagladi\/"},"author":{"name":"Edit\u00f6r","@id":"https:\/\/avrupapress.com\/#\/schema\/person\/68428444ec60970d1e1b700cf4ca1e8f"},"headline":"TSK ve \u00d6SO, Afrin Girdi \u0130l\u00e7e Merkezinde Kontrol\u00fc Sa\u011flad\u0131","datePublished":"2018-03-18T08:10:48+00:00","dateModified":"2018-03-18T08:49:45+00:00","mainEntityOfPage":{"@id":"https:\/\/avrupapress.com\/2018\/03\/18\/tsk-ve-oso-afrin-girdi-ilce-merkezinde-kontrolu-sagladi\/"},"wordCount":560,"commentCount":0,"publisher":{"@id":"https:\/\/avrupapress.com\/#\/schema\/person\/0223dca19c72c43575bf30d1a2d8f4fa"},"image":{"@id":"https:\/\/avrupapress.com\/2018\/03\/18\/tsk-ve-oso-afrin-girdi-ilce-merkezinde-kontrolu-sagladi\/#primaryimage"},"thumbnailUrl":"https:\/\/avrupapress.com\/main\/wp-content\/uploads\/2018\/03\/son-dakika-tsk-ve-oso-afrin-ilce-merkezinde-10667886_5099_m.jpg","keywords":["Afrin Girdi","\u0130l\u00e7e Merkezinde","Kontrol\u00fc Sa\u011flad\u0131","TSK ve \u00d6SO"],"articleSection":["D\u00fcnya","T\u00fcrkiye"],"inLanguage":"fr-BE","potentialAction":[{"@type":"CommentAction","name":"Comment","target":["https:\/\/avrupapress.com\/2018\/03\/18\/tsk-ve-oso-afrin-girdi-ilce-merkezinde-kontrolu-sagladi\/#respond"]}]},{"@type":"WebPage","@id":"https:\/\/avrupapress.com\/2018\/03\/18\/tsk-ve-oso-afrin-girdi-ilce-merkezinde-kontrolu-sagladi\/","url":"https:\/\/avrupapress.com\/2018\/03\/18\/tsk-ve-oso-afrin-girdi-ilce-merkezinde-kontrolu-sagladi\/","name":"TSK ve \u00d6SO, Afrin Girdi \u0130l\u00e7e Merkezinde Kontrol\u00fc Sa\u011flad\u0131 - AvrupaPress","isPartOf":{"@id":"https:\/\/avrupapress.com\/#website"},"primaryImageOfPage":{"@id":"https:\/\/avrupapress.com\/2018\/03\/18\/tsk-ve-oso-afrin-girdi-ilce-merkezinde-kontrolu-sagladi\/#primaryimage"},"image":{"@id":"https:\/\/avrupapress.com\/2018\/03\/18\/tsk-ve-oso-afrin-girdi-ilce-merkezinde-kontrolu-sagladi\/#primaryimage"},"thumbnailUrl":"https:\/\/avrupapress.com\/main\/wp-content\/uploads\/2018\/03\/son-dakika-tsk-ve-oso-afrin-ilce-merkezinde-10667886_5099_m.jpg","datePublished":"2018-03-18T08:10:48+00:00","dateModified":"2018-03-18T08:49:45+00:00","breadcrumb":{"@id":"https:\/\/avrupapress.com\/2018\/03\/18\/tsk-ve-oso-afrin-girdi-ilce-merkezinde-kontrolu-sagladi\/#breadcrumb"},"inLanguage":"fr-BE","potentialAction":[{"@type":"ReadAction","target":["https:\/\/avrupapress.com\/2018\/03\/18\/tsk-ve-oso-afrin-girdi-ilce-merkezinde-kontrolu-sagladi\/"]}]},{"@type":"ImageObject","inLanguage":"fr-BE","@id":"https:\/\/avrupapress.com\/2018\/03\/18\/tsk-ve-oso-afrin-girdi-ilce-merkezinde-kontrolu-sagladi\/#primaryimage","url":"https:\/\/avrupapress.com\/main\/wp-content\/uploads\/2018\/03\/son-dakika-tsk-ve-oso-afrin-ilce-merkezinde-10667886_5099_m.jpg","contentUrl":"https:\/\/avrupapress.com\/main\/wp-content\/uploads\/2018\/03\/son-dakika-tsk-ve-oso-afrin-ilce-merkezinde-10667886_5099_m.jpg","width":640,"height":480},{"@type":"BreadcrumbList","@id":"https:\/\/avrupapress.com\/2018\/03\/18\/tsk-ve-oso-afrin-girdi-ilce-merkezinde-kontrolu-sagladi\/#breadcrumb","itemListElement":[{"@type":"ListItem","position":1,"name":"Anasayfa","item":"https:\/\/avrupapress.com\/"},{"@type":"ListItem","position":2,"name":"TSK ve \u00d6SO, Afrin Girdi \u0130l\u00e7e Merkezinde Kontrol\u00fc Sa\u011flad\u0131"}]},{"@type":"WebSite","@id":"https:\/\/avrupapress.com\/#website","url":"https:\/\/avrupapress.com\/","name":"AvrupaPress","description":"Haberin Adresi","publisher":{"@id":"https:\/\/avrupapress.com\/#\/schema\/person\/0223dca19c72c43575bf30d1a2d8f4fa"},"potentialAction":[{"@type":"SearchAction","target":{"@type":"EntryPoint","urlTemplate":"https:\/\/avrupapress.com\/?s={search_term_string}"},"query-input":{"@type":"PropertyValueSpecification","valueRequired":true,"valueName":"search_term_string"}}],"inLanguage":"fr-BE"},{"@type":["Person","Organization"],"@id":"https:\/\/avrupapress.com\/#\/schema\/person\/0223dca19c72c43575bf30d1a2d8f4fa","name":"Bilgin \u00d6z\u00e7ift\u00e7i","image":{"@type":"ImageObject","inLanguage":"fr-BE","@id":"https:\/\/avrupapress.com\/#\/schema\/person\/image\/","url":"https:\/\/secure.gravatar.com\/avatar\/0f23b280433a21e1ea7a0adcc46ed0ad16afe3ad8e630fd13d8a017dcbd54ef3?s=96&d=mm&r=g","contentUrl":"https:\/\/secure.gravatar.com\/avatar\/0f23b280433a21e1ea7a0adcc46ed0ad16afe3ad8e630fd13d8a017dcbd54ef3?s=96&d=mm&r=g","caption":"Bilgin \u00d6z\u00e7ift\u00e7i"},"logo":{"@id":"https:\/\/avrupapress.com\/#\/schema\/person\/image\/"},"description":"Ne ben, nede sen... Biz ancak \"biz\" olursak g\u00fc\u00e7l\u00fc olabiliriz"},{"@type":"Person","@id":"https:\/\/avrupapress.com\/#\/schema\/person\/68428444ec60970d1e1b700cf4ca1e8f","name":"Edit\u00f6r","image":{"@type":"ImageObject","inLanguage":"fr-BE","@id":"https:\/\/avrupapress.com\/#\/schema\/person\/image\/","url":"https:\/\/secure.gravatar.com\/avatar\/74996b0977aa5f1559ba9883776652508b229005c0d78fb2597897f0bd651c09?s=96&d=mm&r=g","contentUrl":"https:\/\/secure.gravatar.com\/avatar\/74996b0977aa5f1559ba9883776652508b229005c0d78fb2597897f0bd651c09?s=96&d=mm&r=g","caption":"Edit\u00f6r"},"sameAs":["http:\/\/www.avrupapress.com"],"url":"https:\/\/avrupapress.com\/main\/author\/editor\/"}]}},"_links":{"self":[{"href":"https:\/\/avrupapress.com\/main\/wp-json\/wp\/v2\/posts\/4839","targetHints":{"allow":["GET"]}}],"collection":[{"href":"https:\/\/avrupapress.com\/main\/wp-json\/wp\/v2\/posts"}],"about":[{"href":"https:\/\/avrupapress.com\/main\/wp-json\/wp\/v2\/types\/post"}],"author":[{"embeddable":true,"href":"https:\/\/avrupapress.com\/main\/wp-json\/wp\/v2\/users\/3"}],"replies":[{"embeddable":true,"href":"https:\/\/avrupapress.com\/main\/wp-json\/wp\/v2\/comments?post=4839"}],"version-history":[{"count":2,"href":"https:\/\/avrupapress.com\/main\/wp-json\/wp\/v2\/posts\/4839\/revisions"}],"predecessor-version":[{"id":4847,"href":"https:\/\/avrupapress.com\/main\/wp-json\/wp\/v2\/posts\/4839\/revisions\/4847"}],"wp:featuredmedia":[{"embeddable":true,"href":"https:\/\/avrupapress.com\/main\/wp-json\/wp\/v2\/media\/4840"}],"wp:attachment":[{"href":"https:\/\/avrupapress.com\/main\/wp-json\/wp\/v2\/media?parent=4839"}],"wp:term":[{"taxonomy":"category","embeddable":true,"href":"https:\/\/avrupapress.com\/main\/wp-json\/wp\/v2\/categories?post=4839"},{"taxonomy":"post_tag","embeddable":true,"href":"https:\/\/avrupapress.com\/main\/wp-json\/wp\/v2\/tags?post=4839"}],"curies":[{"name":"wp","href":"https:\/\/api.w.org\/{rel}","templated":true}]}}