{"id":483,"date":"2017-07-27T08:12:50","date_gmt":"2017-07-27T08:12:50","guid":{"rendered":"http:\/\/avrupapress.com\/main\/?p=483"},"modified":"2017-07-27T08:12:50","modified_gmt":"2017-07-27T08:12:50","slug":"basaksehir-avantaji-kapti-belcikada-toplamda-6-gol","status":"publish","type":"post","link":"https:\/\/avrupapress.com\/main\/2017\/07\/27\/basaksehir-avantaji-kapti-belcikada-toplamda-6-gol\/","title":{"rendered":"Ba\u015fak\u015fehir Avantaj\u0131 Kapt\u0131 Bel\u00e7ika&rsquo;da toplamda 6 gol"},"content":{"rendered":"<h2>Medipol Ba\u015fak\u015fehir, \u015eampiyonlar Ligi \u00fc\u00e7\u00fcnc\u00fc \u00f6n eleme turu ilk ma\u00e7\u0131nda deplasmanda Club Brugge ile 3-3 berabere kald\u0131<\/h2>\n<div class=\"\" data-block=\"true\" data-editor=\"6agfq\" data-offset-key=\"cojlk-0-0\">\n<div class=\"_1mf _1mj\" data-offset-key=\"cojlk-0-0\"><span data-offset-key=\"cojlk-0-0\">UEFA \u015eampiyonlar Ligi 3. \u00f6n eleme turu ilk ma\u00e7\u0131nda Medipol Ba\u015fak\u015fehir, 2-0 geriye d\u00fc\u015ft\u00fc\u011f\u00fc ma\u00e7ta Bel\u00e7ika deplasman\u0131nda Club Brugge ile 3-3 berabere kald\u0131 ve T\u00fcrkiye&rsquo;ye r\u00f6van\u015f ma\u00e7\u0131 i\u00e7in avantajl\u0131 bir skorla d\u00f6nd\u00fc.<\/span><\/div>\n<\/div>\n<div class=\"\" data-block=\"true\" data-editor=\"6agfq\" data-offset-key=\"7iglh-0-0\">\n<div class=\"_1mf _1mj\" data-offset-key=\"7iglh-0-0\"><span data-offset-key=\"7iglh-0-0\">\u00a0<\/span><\/div>\n<\/div>\n<div class=\"\" data-block=\"true\" data-editor=\"6agfq\" data-offset-key=\"pu8i-0-0\">\n<div class=\"_1mf _1mj\" data-offset-key=\"pu8i-0-0\"><span data-offset-key=\"pu8i-0-0\">Club Brugge: 3 &#8211; Medipol Ba\u015fak\u015fehir: 3<\/span><\/div>\n<\/div>\n<div class=\"\" data-block=\"true\" data-editor=\"6agfq\" data-offset-key=\"betqr-0-0\">\n<div class=\"_1mf _1mj\" data-offset-key=\"betqr-0-0\"><span data-offset-key=\"betqr-0-0\">\u00a0<\/span><\/div>\n<\/div>\n<div class=\"\" data-block=\"true\" data-editor=\"6agfq\" data-offset-key=\"jdoi-0-0\">\n<div class=\"_1mf _1mj\" data-offset-key=\"jdoi-0-0\"><span data-offset-key=\"jdoi-0-0\">Stat: Jan Breydel<\/span><\/div>\n<\/div>\n<div class=\"\" data-block=\"true\" data-editor=\"6agfq\" data-offset-key=\"dh4on-0-0\">\n<div class=\"_1mf _1mj\" data-offset-key=\"dh4on-0-0\"><span data-offset-key=\"dh4on-0-0\">\u00a0<\/span><\/div>\n<\/div>\n<div class=\"\" data-block=\"true\" data-editor=\"6agfq\" data-offset-key=\"5r5ir-0-0\">\n<div class=\"_1mf _1mj\" data-offset-key=\"5r5ir-0-0\"><span data-offset-key=\"5r5ir-0-0\">Hakemler: Paolo Mazzoleni, Fabiano Preti, Giacomo Paganessi (\u0130talya)<\/span><\/div>\n<\/div>\n<div class=\"\" data-block=\"true\" data-editor=\"6agfq\" data-offset-key=\"2vih2-0-0\">\n<div class=\"_1mf _1mj\" data-offset-key=\"2vih2-0-0\"><span data-offset-key=\"2vih2-0-0\">\u00a0<\/span><\/div>\n<\/div>\n<div class=\"\" data-block=\"true\" data-editor=\"6agfq\" data-offset-key=\"7qor2-0-0\">\n<div class=\"_1mf _1mj\" data-offset-key=\"7qor2-0-0\"><span data-offset-key=\"7qor2-0-0\">Club Brugge: Horvath, Mechele, Engels, Denswil, Palacios, Nakamba, Vormer, De Bock (Dk. 59 Touba), Refaelov (Dk. 75 Vanaken), Bonaventure (Dk. 62 Izquierdo), Perbet<\/span><\/div>\n<\/div>\n<div class=\"\" data-block=\"true\" data-editor=\"6agfq\" data-offset-key=\"4e7nh-0-0\">\n<div class=\"_1mf _1mj\" data-offset-key=\"4e7nh-0-0\"><span data-offset-key=\"4e7nh-0-0\">\u00a0<\/span><\/div>\n<\/div>\n<div class=\"\" data-block=\"true\" data-editor=\"6agfq\" data-offset-key=\"1j55g-0-0\">\n<div class=\"_1mf _1mj\" data-offset-key=\"1j55g-0-0\"><span data-offset-key=\"1j55g-0-0\">Medipol Ba\u015fak\u015fehir: Volkan Babacan, Caicara, Attamah, Epureanu, Clichy, Visca (Dk. 83 Tunay Torun), Emre Bel\u00f6zo\u011flu (Dk. 77 G\u00f6khan \u0130nler), Mahmut Tekdemir, Elia (Dk. 89 Napoleoni), Mossoro, Adebayor<\/span><\/div>\n<\/div>\n<div class=\"\" data-block=\"true\" data-editor=\"6agfq\" data-offset-key=\"6vqmv-0-0\">\n<div class=\"_1mf _1mj\" data-offset-key=\"6vqmv-0-0\"><span data-offset-key=\"6vqmv-0-0\">\u00a0<\/span><\/div>\n<\/div>\n<div class=\"\" data-block=\"true\" data-editor=\"6agfq\" data-offset-key=\"1fv97-0-0\">\n<div class=\"_1mf _1mj\" data-offset-key=\"1fv97-0-0\"><span data-offset-key=\"1fv97-0-0\">Goller: Dk. 5 Bonaventure, Dk. 16 ve 78 Denswil (Club Brugge), Dk. 59 ve 74 Mossoro, Dk. 63 Elia (Medipol Ba\u015fak\u015fehir)<\/span><\/div>\n<\/div>\n<div class=\"\" data-block=\"true\" data-editor=\"6agfq\" data-offset-key=\"b6g26-0-0\">\n<div class=\"_1mf _1mj\" data-offset-key=\"b6g26-0-0\"><span data-offset-key=\"b6g26-0-0\">\u00a0<\/span><\/div>\n<\/div>\n<div class=\"\" data-block=\"true\" data-editor=\"6agfq\" data-offset-key=\"dbdie-0-0\">\n<div class=\"_1mf _1mj\" data-offset-key=\"dbdie-0-0\"><span data-offset-key=\"dbdie-0-0\">Sar\u0131 kart: Dk. 60 Epureanu (Medipol Ba\u015fak\u015fehir)<\/span><\/div>\n<\/div>\n","protected":false},"excerpt":{"rendered":"<p>Medipol Ba\u015fak\u015fehir, \u015eampiyonlar Ligi \u00fc\u00e7\u00fcnc\u00fc \u00f6n eleme turu ilk ma\u00e7\u0131nda deplasmanda Club Brugge ile 3-3 berabere kald\u0131 UEFA \u015eampiyonlar Ligi 3. \u00f6n eleme turu ilk ma\u00e7\u0131nda Medipol Ba\u015fak\u015fehir, 2-0 geriye d\u00fc\u015ft\u00fc\u011f\u00fc ma\u00e7ta Bel\u00e7ika deplasman\u0131nda Club Brugge ile 3-3 berabere kald\u0131 ve T\u00fcrkiye&rsquo;ye r\u00f6van\u015f ma\u00e7\u0131 i\u00e7in avantajl\u0131 bir skorla d\u00f6nd\u00fc. \u00a0 Club Brugge: 3 &#8211; Medipol [&hellip;]<\/p>\n","protected":false},"author":3,"featured_media":0,"comment_status":"open","ping_status":"open","sticky":false,"template":"","format":"standard","meta":{"footnotes":""},"categories":[14,16,3,15,19,2],"tags":[123,6,202,185,170,187,4],"class_list":["post-483","post","type-post","status-publish","format-standard","hentry","category-avrupa","category-belcika","category-dunya","category-spor","category-tanitim","category-turkiye","tag-basaksehir","tag-belcika","tag-beraber","tag-brugge","tag-futbol","tag-mac","tag-turkiye"],"yoast_head":"<!-- This site is optimized with the Yoast SEO plugin v26.9 - https:\/\/yoast.com\/product\/yoast-seo-wordpress\/ -->\n<title>Ba\u015fak\u015fehir Avantaj\u0131 Kapt\u0131 Bel\u00e7ika&#039;da toplamda 6 gol - AvrupaPress<\/title>\n<meta name=\"robots\" content=\"index, follow, max-snippet:-1, max-image-preview:large, max-video-preview:-1\" \/>\n<link rel=\"canonical\" href=\"https:\/\/avrupapress.com\/2017\/07\/27\/basaksehir-avantaji-kapti-belcikada-toplamda-6-gol\/\" \/>\n<meta property=\"og:locale\" content=\"fr_FR\" \/>\n<meta property=\"og:type\" content=\"article\" \/>\n<meta property=\"og:title\" content=\"Ba\u015fak\u015fehir Avantaj\u0131 Kapt\u0131 Bel\u00e7ika&#039;da toplamda 6 gol - AvrupaPress\" \/>\n<meta property=\"og:description\" content=\"Medipol Ba\u015fak\u015fehir, \u015eampiyonlar Ligi \u00fc\u00e7\u00fcnc\u00fc \u00f6n eleme turu ilk ma\u00e7\u0131nda deplasmanda Club Brugge ile 3-3 berabere kald\u0131 UEFA \u015eampiyonlar Ligi 3. \u00f6n eleme turu ilk ma\u00e7\u0131nda Medipol Ba\u015fak\u015fehir, 2-0 geriye d\u00fc\u015ft\u00fc\u011f\u00fc ma\u00e7ta Bel\u00e7ika deplasman\u0131nda Club Brugge ile 3-3 berabere kald\u0131 ve T\u00fcrkiye&rsquo;ye r\u00f6van\u015f ma\u00e7\u0131 i\u00e7in avantajl\u0131 bir skorla d\u00f6nd\u00fc. \u00a0 Club Brugge: 3 &#8211; Medipol [&hellip;]\" \/>\n<meta property=\"og:url\" content=\"https:\/\/avrupapress.com\/2017\/07\/27\/basaksehir-avantaji-kapti-belcikada-toplamda-6-gol\/\" \/>\n<meta property=\"og:site_name\" content=\"AvrupaPress\" \/>\n<meta property=\"article:published_time\" content=\"2017-07-27T08:12:50+00:00\" \/>\n<meta name=\"author\" content=\"Edit\u00f6r\" \/>\n<meta name=\"twitter:card\" content=\"summary_large_image\" \/>\n<meta name=\"twitter:label1\" content=\"\u00c9crit par\" \/>\n\t<meta name=\"twitter:data1\" content=\"Edit\u00f6r\" \/>\n\t<meta name=\"twitter:label2\" content=\"Dur\u00e9e de lecture est.\" \/>\n\t<meta name=\"twitter:data2\" content=\"1 minute\" \/>\n<script type=\"application\/ld+json\" class=\"yoast-schema-graph\">{\"@context\":\"https:\/\/schema.org\",\"@graph\":[{\"@type\":\"Article\",\"@id\":\"https:\/\/avrupapress.com\/2017\/07\/27\/basaksehir-avantaji-kapti-belcikada-toplamda-6-gol\/#article\",\"isPartOf\":{\"@id\":\"https:\/\/avrupapress.com\/2017\/07\/27\/basaksehir-avantaji-kapti-belcikada-toplamda-6-gol\/\"},\"author\":{\"name\":\"Edit\u00f6r\",\"@id\":\"https:\/\/avrupapress.com\/#\/schema\/person\/68428444ec60970d1e1b700cf4ca1e8f\"},\"headline\":\"Ba\u015fak\u015fehir Avantaj\u0131 Kapt\u0131 Bel\u00e7ika&rsquo;da toplamda 6 gol\",\"datePublished\":\"2017-07-27T08:12:50+00:00\",\"mainEntityOfPage\":{\"@id\":\"https:\/\/avrupapress.com\/2017\/07\/27\/basaksehir-avantaji-kapti-belcikada-toplamda-6-gol\/\"},\"wordCount\":163,\"commentCount\":0,\"publisher\":{\"@id\":\"https:\/\/avrupapress.com\/#\/schema\/person\/0223dca19c72c43575bf30d1a2d8f4fa\"},\"keywords\":[\"Basaksehir\",\"bel\u00e7ika\",\"beraber\",\"brugge\",\"futbol\",\"mac\",\"t\u00fcrkiye\"],\"articleSection\":[\"Avrupa\",\"Bel\u00e7ika\",\"D\u00fcnya\",\"Spor\",\"Tan\u0131t\u0131m\",\"T\u00fcrkiye\"],\"inLanguage\":\"fr-BE\",\"potentialAction\":[{\"@type\":\"CommentAction\",\"name\":\"Comment\",\"target\":[\"https:\/\/avrupapress.com\/2017\/07\/27\/basaksehir-avantaji-kapti-belcikada-toplamda-6-gol\/#respond\"]}]},{\"@type\":\"WebPage\",\"@id\":\"https:\/\/avrupapress.com\/2017\/07\/27\/basaksehir-avantaji-kapti-belcikada-toplamda-6-gol\/\",\"url\":\"https:\/\/avrupapress.com\/2017\/07\/27\/basaksehir-avantaji-kapti-belcikada-toplamda-6-gol\/\",\"name\":\"Ba\u015fak\u015fehir Avantaj\u0131 Kapt\u0131 Bel\u00e7ika'da toplamda 6 gol - AvrupaPress\",\"isPartOf\":{\"@id\":\"https:\/\/avrupapress.com\/#website\"},\"datePublished\":\"2017-07-27T08:12:50+00:00\",\"breadcrumb\":{\"@id\":\"https:\/\/avrupapress.com\/2017\/07\/27\/basaksehir-avantaji-kapti-belcikada-toplamda-6-gol\/#breadcrumb\"},\"inLanguage\":\"fr-BE\",\"potentialAction\":[{\"@type\":\"ReadAction\",\"target\":[\"https:\/\/avrupapress.com\/2017\/07\/27\/basaksehir-avantaji-kapti-belcikada-toplamda-6-gol\/\"]}]},{\"@type\":\"BreadcrumbList\",\"@id\":\"https:\/\/avrupapress.com\/2017\/07\/27\/basaksehir-avantaji-kapti-belcikada-toplamda-6-gol\/#breadcrumb\",\"itemListElement\":[{\"@type\":\"ListItem\",\"position\":1,\"name\":\"Anasayfa\",\"item\":\"https:\/\/avrupapress.com\/\"},{\"@type\":\"ListItem\",\"position\":2,\"name\":\"Ba\u015fak\u015fehir Avantaj\u0131 Kapt\u0131 Bel\u00e7ika&#8217;da toplamda 6 gol\"}]},{\"@type\":\"WebSite\",\"@id\":\"https:\/\/avrupapress.com\/#website\",\"url\":\"https:\/\/avrupapress.com\/\",\"name\":\"AvrupaPress\",\"description\":\"Haberin Adresi\",\"publisher\":{\"@id\":\"https:\/\/avrupapress.com\/#\/schema\/person\/0223dca19c72c43575bf30d1a2d8f4fa\"},\"potentialAction\":[{\"@type\":\"SearchAction\",\"target\":{\"@type\":\"EntryPoint\",\"urlTemplate\":\"https:\/\/avrupapress.com\/?s={search_term_string}\"},\"query-input\":{\"@type\":\"PropertyValueSpecification\",\"valueRequired\":true,\"valueName\":\"search_term_string\"}}],\"inLanguage\":\"fr-BE\"},{\"@type\":[\"Person\",\"Organization\"],\"@id\":\"https:\/\/avrupapress.com\/#\/schema\/person\/0223dca19c72c43575bf30d1a2d8f4fa\",\"name\":\"Bilgin \u00d6z\u00e7ift\u00e7i\",\"image\":{\"@type\":\"ImageObject\",\"inLanguage\":\"fr-BE\",\"@id\":\"https:\/\/avrupapress.com\/#\/schema\/person\/image\/\",\"url\":\"https:\/\/secure.gravatar.com\/avatar\/0f23b280433a21e1ea7a0adcc46ed0ad16afe3ad8e630fd13d8a017dcbd54ef3?s=96&d=mm&r=g\",\"contentUrl\":\"https:\/\/secure.gravatar.com\/avatar\/0f23b280433a21e1ea7a0adcc46ed0ad16afe3ad8e630fd13d8a017dcbd54ef3?s=96&d=mm&r=g\",\"caption\":\"Bilgin \u00d6z\u00e7ift\u00e7i\"},\"logo\":{\"@id\":\"https:\/\/avrupapress.com\/#\/schema\/person\/image\/\"},\"description\":\"Ne ben, nede sen... Biz ancak \\\"biz\\\" olursak g\u00fc\u00e7l\u00fc olabiliriz\"},{\"@type\":\"Person\",\"@id\":\"https:\/\/avrupapress.com\/#\/schema\/person\/68428444ec60970d1e1b700cf4ca1e8f\",\"name\":\"Edit\u00f6r\",\"image\":{\"@type\":\"ImageObject\",\"inLanguage\":\"fr-BE\",\"@id\":\"https:\/\/avrupapress.com\/#\/schema\/person\/image\/\",\"url\":\"https:\/\/secure.gravatar.com\/avatar\/74996b0977aa5f1559ba9883776652508b229005c0d78fb2597897f0bd651c09?s=96&d=mm&r=g\",\"contentUrl\":\"https:\/\/secure.gravatar.com\/avatar\/74996b0977aa5f1559ba9883776652508b229005c0d78fb2597897f0bd651c09?s=96&d=mm&r=g\",\"caption\":\"Edit\u00f6r\"},\"sameAs\":[\"http:\/\/www.avrupapress.com\"],\"url\":\"https:\/\/avrupapress.com\/main\/author\/editor\/\"}]}<\/script>\n<!-- \/ Yoast SEO plugin. -->","yoast_head_json":{"title":"Ba\u015fak\u015fehir Avantaj\u0131 Kapt\u0131 Bel\u00e7ika'da toplamda 6 gol - AvrupaPress","robots":{"index":"index","follow":"follow","max-snippet":"max-snippet:-1","max-image-preview":"max-image-preview:large","max-video-preview":"max-video-preview:-1"},"canonical":"https:\/\/avrupapress.com\/2017\/07\/27\/basaksehir-avantaji-kapti-belcikada-toplamda-6-gol\/","og_locale":"fr_FR","og_type":"article","og_title":"Ba\u015fak\u015fehir Avantaj\u0131 Kapt\u0131 Bel\u00e7ika'da toplamda 6 gol - AvrupaPress","og_description":"Medipol Ba\u015fak\u015fehir, \u015eampiyonlar Ligi \u00fc\u00e7\u00fcnc\u00fc \u00f6n eleme turu ilk ma\u00e7\u0131nda deplasmanda Club Brugge ile 3-3 berabere kald\u0131 UEFA \u015eampiyonlar Ligi 3. \u00f6n eleme turu ilk ma\u00e7\u0131nda Medipol Ba\u015fak\u015fehir, 2-0 geriye d\u00fc\u015ft\u00fc\u011f\u00fc ma\u00e7ta Bel\u00e7ika deplasman\u0131nda Club Brugge ile 3-3 berabere kald\u0131 ve T\u00fcrkiye&rsquo;ye r\u00f6van\u015f ma\u00e7\u0131 i\u00e7in avantajl\u0131 bir skorla d\u00f6nd\u00fc. \u00a0 Club Brugge: 3 &#8211; Medipol [&hellip;]","og_url":"https:\/\/avrupapress.com\/2017\/07\/27\/basaksehir-avantaji-kapti-belcikada-toplamda-6-gol\/","og_site_name":"AvrupaPress","article_published_time":"2017-07-27T08:12:50+00:00","author":"Edit\u00f6r","twitter_card":"summary_large_image","twitter_misc":{"\u00c9crit par":"Edit\u00f6r","Dur\u00e9e de lecture est.":"1 minute"},"schema":{"@context":"https:\/\/schema.org","@graph":[{"@type":"Article","@id":"https:\/\/avrupapress.com\/2017\/07\/27\/basaksehir-avantaji-kapti-belcikada-toplamda-6-gol\/#article","isPartOf":{"@id":"https:\/\/avrupapress.com\/2017\/07\/27\/basaksehir-avantaji-kapti-belcikada-toplamda-6-gol\/"},"author":{"name":"Edit\u00f6r","@id":"https:\/\/avrupapress.com\/#\/schema\/person\/68428444ec60970d1e1b700cf4ca1e8f"},"headline":"Ba\u015fak\u015fehir Avantaj\u0131 Kapt\u0131 Bel\u00e7ika&rsquo;da toplamda 6 gol","datePublished":"2017-07-27T08:12:50+00:00","mainEntityOfPage":{"@id":"https:\/\/avrupapress.com\/2017\/07\/27\/basaksehir-avantaji-kapti-belcikada-toplamda-6-gol\/"},"wordCount":163,"commentCount":0,"publisher":{"@id":"https:\/\/avrupapress.com\/#\/schema\/person\/0223dca19c72c43575bf30d1a2d8f4fa"},"keywords":["Basaksehir","bel\u00e7ika","beraber","brugge","futbol","mac","t\u00fcrkiye"],"articleSection":["Avrupa","Bel\u00e7ika","D\u00fcnya","Spor","Tan\u0131t\u0131m","T\u00fcrkiye"],"inLanguage":"fr-BE","potentialAction":[{"@type":"CommentAction","name":"Comment","target":["https:\/\/avrupapress.com\/2017\/07\/27\/basaksehir-avantaji-kapti-belcikada-toplamda-6-gol\/#respond"]}]},{"@type":"WebPage","@id":"https:\/\/avrupapress.com\/2017\/07\/27\/basaksehir-avantaji-kapti-belcikada-toplamda-6-gol\/","url":"https:\/\/avrupapress.com\/2017\/07\/27\/basaksehir-avantaji-kapti-belcikada-toplamda-6-gol\/","name":"Ba\u015fak\u015fehir Avantaj\u0131 Kapt\u0131 Bel\u00e7ika'da toplamda 6 gol - AvrupaPress","isPartOf":{"@id":"https:\/\/avrupapress.com\/#website"},"datePublished":"2017-07-27T08:12:50+00:00","breadcrumb":{"@id":"https:\/\/avrupapress.com\/2017\/07\/27\/basaksehir-avantaji-kapti-belcikada-toplamda-6-gol\/#breadcrumb"},"inLanguage":"fr-BE","potentialAction":[{"@type":"ReadAction","target":["https:\/\/avrupapress.com\/2017\/07\/27\/basaksehir-avantaji-kapti-belcikada-toplamda-6-gol\/"]}]},{"@type":"BreadcrumbList","@id":"https:\/\/avrupapress.com\/2017\/07\/27\/basaksehir-avantaji-kapti-belcikada-toplamda-6-gol\/#breadcrumb","itemListElement":[{"@type":"ListItem","position":1,"name":"Anasayfa","item":"https:\/\/avrupapress.com\/"},{"@type":"ListItem","position":2,"name":"Ba\u015fak\u015fehir Avantaj\u0131 Kapt\u0131 Bel\u00e7ika&#8217;da toplamda 6 gol"}]},{"@type":"WebSite","@id":"https:\/\/avrupapress.com\/#website","url":"https:\/\/avrupapress.com\/","name":"AvrupaPress","description":"Haberin Adresi","publisher":{"@id":"https:\/\/avrupapress.com\/#\/schema\/person\/0223dca19c72c43575bf30d1a2d8f4fa"},"potentialAction":[{"@type":"SearchAction","target":{"@type":"EntryPoint","urlTemplate":"https:\/\/avrupapress.com\/?s={search_term_string}"},"query-input":{"@type":"PropertyValueSpecification","valueRequired":true,"valueName":"search_term_string"}}],"inLanguage":"fr-BE"},{"@type":["Person","Organization"],"@id":"https:\/\/avrupapress.com\/#\/schema\/person\/0223dca19c72c43575bf30d1a2d8f4fa","name":"Bilgin \u00d6z\u00e7ift\u00e7i","image":{"@type":"ImageObject","inLanguage":"fr-BE","@id":"https:\/\/avrupapress.com\/#\/schema\/person\/image\/","url":"https:\/\/secure.gravatar.com\/avatar\/0f23b280433a21e1ea7a0adcc46ed0ad16afe3ad8e630fd13d8a017dcbd54ef3?s=96&d=mm&r=g","contentUrl":"https:\/\/secure.gravatar.com\/avatar\/0f23b280433a21e1ea7a0adcc46ed0ad16afe3ad8e630fd13d8a017dcbd54ef3?s=96&d=mm&r=g","caption":"Bilgin \u00d6z\u00e7ift\u00e7i"},"logo":{"@id":"https:\/\/avrupapress.com\/#\/schema\/person\/image\/"},"description":"Ne ben, nede sen... Biz ancak \"biz\" olursak g\u00fc\u00e7l\u00fc olabiliriz"},{"@type":"Person","@id":"https:\/\/avrupapress.com\/#\/schema\/person\/68428444ec60970d1e1b700cf4ca1e8f","name":"Edit\u00f6r","image":{"@type":"ImageObject","inLanguage":"fr-BE","@id":"https:\/\/avrupapress.com\/#\/schema\/person\/image\/","url":"https:\/\/secure.gravatar.com\/avatar\/74996b0977aa5f1559ba9883776652508b229005c0d78fb2597897f0bd651c09?s=96&d=mm&r=g","contentUrl":"https:\/\/secure.gravatar.com\/avatar\/74996b0977aa5f1559ba9883776652508b229005c0d78fb2597897f0bd651c09?s=96&d=mm&r=g","caption":"Edit\u00f6r"},"sameAs":["http:\/\/www.avrupapress.com"],"url":"https:\/\/avrupapress.com\/main\/author\/editor\/"}]}},"_links":{"self":[{"href":"https:\/\/avrupapress.com\/main\/wp-json\/wp\/v2\/posts\/483","targetHints":{"allow":["GET"]}}],"collection":[{"href":"https:\/\/avrupapress.com\/main\/wp-json\/wp\/v2\/posts"}],"about":[{"href":"https:\/\/avrupapress.com\/main\/wp-json\/wp\/v2\/types\/post"}],"author":[{"embeddable":true,"href":"https:\/\/avrupapress.com\/main\/wp-json\/wp\/v2\/users\/3"}],"replies":[{"embeddable":true,"href":"https:\/\/avrupapress.com\/main\/wp-json\/wp\/v2\/comments?post=483"}],"version-history":[{"count":1,"href":"https:\/\/avrupapress.com\/main\/wp-json\/wp\/v2\/posts\/483\/revisions"}],"predecessor-version":[{"id":485,"href":"https:\/\/avrupapress.com\/main\/wp-json\/wp\/v2\/posts\/483\/revisions\/485"}],"wp:attachment":[{"href":"https:\/\/avrupapress.com\/main\/wp-json\/wp\/v2\/media?parent=483"}],"wp:term":[{"taxonomy":"category","embeddable":true,"href":"https:\/\/avrupapress.com\/main\/wp-json\/wp\/v2\/categories?post=483"},{"taxonomy":"post_tag","embeddable":true,"href":"https:\/\/avrupapress.com\/main\/wp-json\/wp\/v2\/tags?post=483"}],"curies":[{"name":"wp","href":"https:\/\/api.w.org\/{rel}","templated":true}]}}