{"id":4825,"date":"2018-03-14T21:34:37","date_gmt":"2018-03-14T21:34:37","guid":{"rendered":"http:\/\/avrupapress.com\/main\/?p=4825"},"modified":"2018-03-14T21:34:37","modified_gmt":"2018-03-14T21:34:37","slug":"erdogan-suerden-surpriz-klip","status":"publish","type":"post","link":"https:\/\/avrupapress.com\/main\/2018\/03\/14\/erdogan-suerden-surpriz-klip\/","title":{"rendered":"ERDO\u011eAN S\u00dcER\u2019DEN S\u00dcRPR\u0130Z KL\u0130P"},"content":{"rendered":"<p>Belcikanin saygin televizyon kanallarindan biri olan AKTIF TV de belcikanin sevilen ses sanatcilarindan olan Erdogan Suer\u00a0 \u00c7anakkale Zaferinin 103 yildonumu nedeniyle bir klib hazirladi<\/p>\n<p>Bel\u00e7ika\u2019da sevilen ses sanat\u00e7\u0131s\u0131 Erdo\u011fan S\u00fcer \u00c7anakkale Zaferinin 103. Y\u0131l\u0131na adad\u0131\u011f\u0131 \u201c\u00c7anakkale \u00d6zel\u201d klibi i\u00e7in st\u00fcdyo \u00e7al\u0131\u015fmalar\u0131na ba\u015flad\u0131.<\/p>\n<p>Bel\u00e7ikal\u0131 T\u00fcrkler \u00c7anakkale gibi bir zaferi unutmad\u0131 diyerek duygular\u0131n\u0131 ifade eden S\u00fcer, \u201c\u00c7anakkale\u2019de \u015fehit d\u00fc\u015fen Mehmet\u00e7iklerin ba\u011f\u0131ms\u0131zl\u0131k, vatan, bayrak ve kutsal de\u011ferlerimiz u\u011fruna \u00f6l\u00fcm\u00fc hi\u00e7 teredd\u00fct etmeden g\u00f6ze ald\u0131\u011f\u0131n\u0131, bu de\u011ferler u\u011fruna \u015fehit olmay\u0131 ula\u015f\u0131labilecek en y\u00fcksek mertebe olarak kabul edip, de\u011ferlileri u\u011fruna \u00c7anakkale\u2019de teredd\u00fct etmeden sahip \u00e7\u0131kan ecdad\u0131m\u0131z, bizlere \u00c7anakkale Zaferini miras b\u0131rakm\u0131\u015ft\u0131r\u201d diye konu\u015ftu.<\/p>\n<p>\u201c\u00c7anakkale \u00d6zel\u201d adl\u0131 klibin 18 Mart 2018 tarihinde gece yar\u0131s\u0131 00:01\u2019de, sosyal medya \u00fczerinden kamuoyuyla payla\u015f\u0131laca\u011f\u0131 ifade edildi.<\/p>\n<p>S\u00fcer, ge\u00e7ti\u011fimiz y\u0131llarda, TRT\u2019de yay\u0131nlanan \u201cS\u0131ra Sende T\u00fcrkiye\u201d adl\u0131 programda da yer alm\u0131\u015f, Bel\u00e7ika\u2019da ya\u015fayan T\u00fcrkler taraf\u0131ndan b\u00fcy\u00fck takdir kazanm\u0131\u015ft\u0131. Erdo\u011fan S\u00fcer, yeni nesil ses sanat\u00e7\u0131lar\u0131na \u00f6rnek olan ki\u015fili\u011fiyle tan\u0131l\u0131yor.<\/p>\n","protected":false},"excerpt":{"rendered":"<p>Belcikanin saygin televizyon kanallarindan biri olan AKTIF TV de belcikanin sevilen ses sanatcilarindan olan Erdogan Suer\u00a0 \u00c7anakkale Zaferinin 103 yildonumu nedeniyle bir klib hazirladi Bel\u00e7ika\u2019da sevilen ses sanat\u00e7\u0131s\u0131 Erdo\u011fan S\u00fcer \u00c7anakkale Zaferinin 103. Y\u0131l\u0131na adad\u0131\u011f\u0131 \u201c\u00c7anakkale \u00d6zel\u201d klibi i\u00e7in st\u00fcdyo \u00e7al\u0131\u015fmalar\u0131na ba\u015flad\u0131. Bel\u00e7ikal\u0131 T\u00fcrkler \u00c7anakkale gibi bir zaferi unutmad\u0131 diyerek duygular\u0131n\u0131 ifade eden S\u00fcer, \u201c\u00c7anakkale\u2019de [&hellip;]<\/p>\n","protected":false},"author":3,"featured_media":4826,"comment_status":"open","ping_status":"open","sticky":false,"template":"","format":"standard","meta":{"footnotes":""},"categories":[14,16,3,17,18,19,2,1],"tags":[3307,3308],"class_list":["post-4825","post","type-post","status-publish","format-standard","has-post-thumbnail","hentry","category-avrupa","category-belcika","category-dunya","category-ekonomi","category-kultur-sanat","category-tanitim","category-turkiye","category-uncategorized","tag-erdogan-suerden","tag-surpriz-klip"],"yoast_head":"<!-- This site is optimized with the Yoast SEO plugin v26.9 - https:\/\/yoast.com\/product\/yoast-seo-wordpress\/ -->\n<title>ERDO\u011eAN S\u00dcER\u2019DEN S\u00dcRPR\u0130Z KL\u0130P - AvrupaPress<\/title>\n<meta name=\"robots\" content=\"index, follow, max-snippet:-1, max-image-preview:large, max-video-preview:-1\" \/>\n<link rel=\"canonical\" href=\"https:\/\/avrupapress.com\/2018\/03\/14\/erdogan-suerden-surpriz-klip\/\" \/>\n<meta property=\"og:locale\" content=\"fr_FR\" \/>\n<meta property=\"og:type\" content=\"article\" \/>\n<meta property=\"og:title\" content=\"ERDO\u011eAN S\u00dcER\u2019DEN S\u00dcRPR\u0130Z KL\u0130P - AvrupaPress\" \/>\n<meta property=\"og:description\" content=\"Belcikanin saygin televizyon kanallarindan biri olan AKTIF TV de belcikanin sevilen ses sanatcilarindan olan Erdogan Suer\u00a0 \u00c7anakkale Zaferinin 103 yildonumu nedeniyle bir klib hazirladi Bel\u00e7ika\u2019da sevilen ses sanat\u00e7\u0131s\u0131 Erdo\u011fan S\u00fcer \u00c7anakkale Zaferinin 103. Y\u0131l\u0131na adad\u0131\u011f\u0131 \u201c\u00c7anakkale \u00d6zel\u201d klibi i\u00e7in st\u00fcdyo \u00e7al\u0131\u015fmalar\u0131na ba\u015flad\u0131. Bel\u00e7ikal\u0131 T\u00fcrkler \u00c7anakkale gibi bir zaferi unutmad\u0131 diyerek duygular\u0131n\u0131 ifade eden S\u00fcer, \u201c\u00c7anakkale\u2019de [&hellip;]\" \/>\n<meta property=\"og:url\" content=\"https:\/\/avrupapress.com\/2018\/03\/14\/erdogan-suerden-surpriz-klip\/\" \/>\n<meta property=\"og:site_name\" content=\"AvrupaPress\" \/>\n<meta property=\"article:published_time\" content=\"2018-03-14T21:34:37+00:00\" \/>\n<meta property=\"og:image\" content=\"https:\/\/avrupapress.com\/wp-content\/uploads\/2018\/03\/thumbnail_Erdogan-Suer.jpg\" \/>\n\t<meta property=\"og:image:width\" content=\"1280\" \/>\n\t<meta property=\"og:image:height\" content=\"720\" \/>\n\t<meta property=\"og:image:type\" content=\"image\/jpeg\" \/>\n<meta name=\"author\" content=\"Edit\u00f6r\" \/>\n<meta name=\"twitter:card\" content=\"summary_large_image\" \/>\n<meta name=\"twitter:label1\" content=\"\u00c9crit par\" \/>\n\t<meta name=\"twitter:data1\" content=\"Edit\u00f6r\" \/>\n\t<meta name=\"twitter:label2\" content=\"Dur\u00e9e de lecture est.\" \/>\n\t<meta name=\"twitter:data2\" content=\"1 minute\" \/>\n<script type=\"application\/ld+json\" class=\"yoast-schema-graph\">{\"@context\":\"https:\/\/schema.org\",\"@graph\":[{\"@type\":\"Article\",\"@id\":\"https:\/\/avrupapress.com\/2018\/03\/14\/erdogan-suerden-surpriz-klip\/#article\",\"isPartOf\":{\"@id\":\"https:\/\/avrupapress.com\/2018\/03\/14\/erdogan-suerden-surpriz-klip\/\"},\"author\":{\"name\":\"Edit\u00f6r\",\"@id\":\"https:\/\/avrupapress.com\/#\/schema\/person\/68428444ec60970d1e1b700cf4ca1e8f\"},\"headline\":\"ERDO\u011eAN S\u00dcER\u2019DEN S\u00dcRPR\u0130Z KL\u0130P\",\"datePublished\":\"2018-03-14T21:34:37+00:00\",\"mainEntityOfPage\":{\"@id\":\"https:\/\/avrupapress.com\/2018\/03\/14\/erdogan-suerden-surpriz-klip\/\"},\"wordCount\":220,\"commentCount\":0,\"publisher\":{\"@id\":\"https:\/\/avrupapress.com\/#\/schema\/person\/0223dca19c72c43575bf30d1a2d8f4fa\"},\"image\":{\"@id\":\"https:\/\/avrupapress.com\/2018\/03\/14\/erdogan-suerden-surpriz-klip\/#primaryimage\"},\"thumbnailUrl\":\"https:\/\/avrupapress.com\/main\/wp-content\/uploads\/2018\/03\/thumbnail_Erdogan-Suer.jpg\",\"keywords\":[\"ERDO\u011eAN S\u00dcER\u2019DEN\",\"S\u00dcRPR\u0130Z KL\u0130P\"],\"articleSection\":[\"Avrupa\",\"Bel\u00e7ika\",\"D\u00fcnya\",\"Ekonomi\",\"K\u00fclt\u00fcr-Sanat\",\"Tan\u0131t\u0131m\",\"T\u00fcrkiye\",\"Uncategorized\"],\"inLanguage\":\"fr-BE\",\"potentialAction\":[{\"@type\":\"CommentAction\",\"name\":\"Comment\",\"target\":[\"https:\/\/avrupapress.com\/2018\/03\/14\/erdogan-suerden-surpriz-klip\/#respond\"]}]},{\"@type\":\"WebPage\",\"@id\":\"https:\/\/avrupapress.com\/2018\/03\/14\/erdogan-suerden-surpriz-klip\/\",\"url\":\"https:\/\/avrupapress.com\/2018\/03\/14\/erdogan-suerden-surpriz-klip\/\",\"name\":\"ERDO\u011eAN S\u00dcER\u2019DEN S\u00dcRPR\u0130Z KL\u0130P - AvrupaPress\",\"isPartOf\":{\"@id\":\"https:\/\/avrupapress.com\/#website\"},\"primaryImageOfPage\":{\"@id\":\"https:\/\/avrupapress.com\/2018\/03\/14\/erdogan-suerden-surpriz-klip\/#primaryimage\"},\"image\":{\"@id\":\"https:\/\/avrupapress.com\/2018\/03\/14\/erdogan-suerden-surpriz-klip\/#primaryimage\"},\"thumbnailUrl\":\"https:\/\/avrupapress.com\/main\/wp-content\/uploads\/2018\/03\/thumbnail_Erdogan-Suer.jpg\",\"datePublished\":\"2018-03-14T21:34:37+00:00\",\"breadcrumb\":{\"@id\":\"https:\/\/avrupapress.com\/2018\/03\/14\/erdogan-suerden-surpriz-klip\/#breadcrumb\"},\"inLanguage\":\"fr-BE\",\"potentialAction\":[{\"@type\":\"ReadAction\",\"target\":[\"https:\/\/avrupapress.com\/2018\/03\/14\/erdogan-suerden-surpriz-klip\/\"]}]},{\"@type\":\"ImageObject\",\"inLanguage\":\"fr-BE\",\"@id\":\"https:\/\/avrupapress.com\/2018\/03\/14\/erdogan-suerden-surpriz-klip\/#primaryimage\",\"url\":\"https:\/\/avrupapress.com\/main\/wp-content\/uploads\/2018\/03\/thumbnail_Erdogan-Suer.jpg\",\"contentUrl\":\"https:\/\/avrupapress.com\/main\/wp-content\/uploads\/2018\/03\/thumbnail_Erdogan-Suer.jpg\",\"width\":1280,\"height\":720},{\"@type\":\"BreadcrumbList\",\"@id\":\"https:\/\/avrupapress.com\/2018\/03\/14\/erdogan-suerden-surpriz-klip\/#breadcrumb\",\"itemListElement\":[{\"@type\":\"ListItem\",\"position\":1,\"name\":\"Anasayfa\",\"item\":\"https:\/\/avrupapress.com\/\"},{\"@type\":\"ListItem\",\"position\":2,\"name\":\"ERDO\u011eAN S\u00dcER\u2019DEN S\u00dcRPR\u0130Z KL\u0130P\"}]},{\"@type\":\"WebSite\",\"@id\":\"https:\/\/avrupapress.com\/#website\",\"url\":\"https:\/\/avrupapress.com\/\",\"name\":\"AvrupaPress\",\"description\":\"Haberin Adresi\",\"publisher\":{\"@id\":\"https:\/\/avrupapress.com\/#\/schema\/person\/0223dca19c72c43575bf30d1a2d8f4fa\"},\"potentialAction\":[{\"@type\":\"SearchAction\",\"target\":{\"@type\":\"EntryPoint\",\"urlTemplate\":\"https:\/\/avrupapress.com\/?s={search_term_string}\"},\"query-input\":{\"@type\":\"PropertyValueSpecification\",\"valueRequired\":true,\"valueName\":\"search_term_string\"}}],\"inLanguage\":\"fr-BE\"},{\"@type\":[\"Person\",\"Organization\"],\"@id\":\"https:\/\/avrupapress.com\/#\/schema\/person\/0223dca19c72c43575bf30d1a2d8f4fa\",\"name\":\"Bilgin \u00d6z\u00e7ift\u00e7i\",\"image\":{\"@type\":\"ImageObject\",\"inLanguage\":\"fr-BE\",\"@id\":\"https:\/\/avrupapress.com\/#\/schema\/person\/image\/\",\"url\":\"https:\/\/secure.gravatar.com\/avatar\/0f23b280433a21e1ea7a0adcc46ed0ad16afe3ad8e630fd13d8a017dcbd54ef3?s=96&d=mm&r=g\",\"contentUrl\":\"https:\/\/secure.gravatar.com\/avatar\/0f23b280433a21e1ea7a0adcc46ed0ad16afe3ad8e630fd13d8a017dcbd54ef3?s=96&d=mm&r=g\",\"caption\":\"Bilgin \u00d6z\u00e7ift\u00e7i\"},\"logo\":{\"@id\":\"https:\/\/avrupapress.com\/#\/schema\/person\/image\/\"},\"description\":\"Ne ben, nede sen... Biz ancak \\\"biz\\\" olursak g\u00fc\u00e7l\u00fc olabiliriz\"},{\"@type\":\"Person\",\"@id\":\"https:\/\/avrupapress.com\/#\/schema\/person\/68428444ec60970d1e1b700cf4ca1e8f\",\"name\":\"Edit\u00f6r\",\"image\":{\"@type\":\"ImageObject\",\"inLanguage\":\"fr-BE\",\"@id\":\"https:\/\/avrupapress.com\/#\/schema\/person\/image\/\",\"url\":\"https:\/\/secure.gravatar.com\/avatar\/74996b0977aa5f1559ba9883776652508b229005c0d78fb2597897f0bd651c09?s=96&d=mm&r=g\",\"contentUrl\":\"https:\/\/secure.gravatar.com\/avatar\/74996b0977aa5f1559ba9883776652508b229005c0d78fb2597897f0bd651c09?s=96&d=mm&r=g\",\"caption\":\"Edit\u00f6r\"},\"sameAs\":[\"http:\/\/www.avrupapress.com\"],\"url\":\"https:\/\/avrupapress.com\/main\/author\/editor\/\"}]}<\/script>\n<!-- \/ Yoast SEO plugin. -->","yoast_head_json":{"title":"ERDO\u011eAN S\u00dcER\u2019DEN S\u00dcRPR\u0130Z KL\u0130P - AvrupaPress","robots":{"index":"index","follow":"follow","max-snippet":"max-snippet:-1","max-image-preview":"max-image-preview:large","max-video-preview":"max-video-preview:-1"},"canonical":"https:\/\/avrupapress.com\/2018\/03\/14\/erdogan-suerden-surpriz-klip\/","og_locale":"fr_FR","og_type":"article","og_title":"ERDO\u011eAN S\u00dcER\u2019DEN S\u00dcRPR\u0130Z KL\u0130P - AvrupaPress","og_description":"Belcikanin saygin televizyon kanallarindan biri olan AKTIF TV de belcikanin sevilen ses sanatcilarindan olan Erdogan Suer\u00a0 \u00c7anakkale Zaferinin 103 yildonumu nedeniyle bir klib hazirladi Bel\u00e7ika\u2019da sevilen ses sanat\u00e7\u0131s\u0131 Erdo\u011fan S\u00fcer \u00c7anakkale Zaferinin 103. Y\u0131l\u0131na adad\u0131\u011f\u0131 \u201c\u00c7anakkale \u00d6zel\u201d klibi i\u00e7in st\u00fcdyo \u00e7al\u0131\u015fmalar\u0131na ba\u015flad\u0131. Bel\u00e7ikal\u0131 T\u00fcrkler \u00c7anakkale gibi bir zaferi unutmad\u0131 diyerek duygular\u0131n\u0131 ifade eden S\u00fcer, \u201c\u00c7anakkale\u2019de [&hellip;]","og_url":"https:\/\/avrupapress.com\/2018\/03\/14\/erdogan-suerden-surpriz-klip\/","og_site_name":"AvrupaPress","article_published_time":"2018-03-14T21:34:37+00:00","og_image":[{"width":1280,"height":720,"url":"https:\/\/avrupapress.com\/wp-content\/uploads\/2018\/03\/thumbnail_Erdogan-Suer.jpg","type":"image\/jpeg"}],"author":"Edit\u00f6r","twitter_card":"summary_large_image","twitter_misc":{"\u00c9crit par":"Edit\u00f6r","Dur\u00e9e de lecture est.":"1 minute"},"schema":{"@context":"https:\/\/schema.org","@graph":[{"@type":"Article","@id":"https:\/\/avrupapress.com\/2018\/03\/14\/erdogan-suerden-surpriz-klip\/#article","isPartOf":{"@id":"https:\/\/avrupapress.com\/2018\/03\/14\/erdogan-suerden-surpriz-klip\/"},"author":{"name":"Edit\u00f6r","@id":"https:\/\/avrupapress.com\/#\/schema\/person\/68428444ec60970d1e1b700cf4ca1e8f"},"headline":"ERDO\u011eAN S\u00dcER\u2019DEN S\u00dcRPR\u0130Z KL\u0130P","datePublished":"2018-03-14T21:34:37+00:00","mainEntityOfPage":{"@id":"https:\/\/avrupapress.com\/2018\/03\/14\/erdogan-suerden-surpriz-klip\/"},"wordCount":220,"commentCount":0,"publisher":{"@id":"https:\/\/avrupapress.com\/#\/schema\/person\/0223dca19c72c43575bf30d1a2d8f4fa"},"image":{"@id":"https:\/\/avrupapress.com\/2018\/03\/14\/erdogan-suerden-surpriz-klip\/#primaryimage"},"thumbnailUrl":"https:\/\/avrupapress.com\/main\/wp-content\/uploads\/2018\/03\/thumbnail_Erdogan-Suer.jpg","keywords":["ERDO\u011eAN S\u00dcER\u2019DEN","S\u00dcRPR\u0130Z KL\u0130P"],"articleSection":["Avrupa","Bel\u00e7ika","D\u00fcnya","Ekonomi","K\u00fclt\u00fcr-Sanat","Tan\u0131t\u0131m","T\u00fcrkiye","Uncategorized"],"inLanguage":"fr-BE","potentialAction":[{"@type":"CommentAction","name":"Comment","target":["https:\/\/avrupapress.com\/2018\/03\/14\/erdogan-suerden-surpriz-klip\/#respond"]}]},{"@type":"WebPage","@id":"https:\/\/avrupapress.com\/2018\/03\/14\/erdogan-suerden-surpriz-klip\/","url":"https:\/\/avrupapress.com\/2018\/03\/14\/erdogan-suerden-surpriz-klip\/","name":"ERDO\u011eAN S\u00dcER\u2019DEN S\u00dcRPR\u0130Z KL\u0130P - AvrupaPress","isPartOf":{"@id":"https:\/\/avrupapress.com\/#website"},"primaryImageOfPage":{"@id":"https:\/\/avrupapress.com\/2018\/03\/14\/erdogan-suerden-surpriz-klip\/#primaryimage"},"image":{"@id":"https:\/\/avrupapress.com\/2018\/03\/14\/erdogan-suerden-surpriz-klip\/#primaryimage"},"thumbnailUrl":"https:\/\/avrupapress.com\/main\/wp-content\/uploads\/2018\/03\/thumbnail_Erdogan-Suer.jpg","datePublished":"2018-03-14T21:34:37+00:00","breadcrumb":{"@id":"https:\/\/avrupapress.com\/2018\/03\/14\/erdogan-suerden-surpriz-klip\/#breadcrumb"},"inLanguage":"fr-BE","potentialAction":[{"@type":"ReadAction","target":["https:\/\/avrupapress.com\/2018\/03\/14\/erdogan-suerden-surpriz-klip\/"]}]},{"@type":"ImageObject","inLanguage":"fr-BE","@id":"https:\/\/avrupapress.com\/2018\/03\/14\/erdogan-suerden-surpriz-klip\/#primaryimage","url":"https:\/\/avrupapress.com\/main\/wp-content\/uploads\/2018\/03\/thumbnail_Erdogan-Suer.jpg","contentUrl":"https:\/\/avrupapress.com\/main\/wp-content\/uploads\/2018\/03\/thumbnail_Erdogan-Suer.jpg","width":1280,"height":720},{"@type":"BreadcrumbList","@id":"https:\/\/avrupapress.com\/2018\/03\/14\/erdogan-suerden-surpriz-klip\/#breadcrumb","itemListElement":[{"@type":"ListItem","position":1,"name":"Anasayfa","item":"https:\/\/avrupapress.com\/"},{"@type":"ListItem","position":2,"name":"ERDO\u011eAN S\u00dcER\u2019DEN S\u00dcRPR\u0130Z KL\u0130P"}]},{"@type":"WebSite","@id":"https:\/\/avrupapress.com\/#website","url":"https:\/\/avrupapress.com\/","name":"AvrupaPress","description":"Haberin Adresi","publisher":{"@id":"https:\/\/avrupapress.com\/#\/schema\/person\/0223dca19c72c43575bf30d1a2d8f4fa"},"potentialAction":[{"@type":"SearchAction","target":{"@type":"EntryPoint","urlTemplate":"https:\/\/avrupapress.com\/?s={search_term_string}"},"query-input":{"@type":"PropertyValueSpecification","valueRequired":true,"valueName":"search_term_string"}}],"inLanguage":"fr-BE"},{"@type":["Person","Organization"],"@id":"https:\/\/avrupapress.com\/#\/schema\/person\/0223dca19c72c43575bf30d1a2d8f4fa","name":"Bilgin \u00d6z\u00e7ift\u00e7i","image":{"@type":"ImageObject","inLanguage":"fr-BE","@id":"https:\/\/avrupapress.com\/#\/schema\/person\/image\/","url":"https:\/\/secure.gravatar.com\/avatar\/0f23b280433a21e1ea7a0adcc46ed0ad16afe3ad8e630fd13d8a017dcbd54ef3?s=96&d=mm&r=g","contentUrl":"https:\/\/secure.gravatar.com\/avatar\/0f23b280433a21e1ea7a0adcc46ed0ad16afe3ad8e630fd13d8a017dcbd54ef3?s=96&d=mm&r=g","caption":"Bilgin \u00d6z\u00e7ift\u00e7i"},"logo":{"@id":"https:\/\/avrupapress.com\/#\/schema\/person\/image\/"},"description":"Ne ben, nede sen... Biz ancak \"biz\" olursak g\u00fc\u00e7l\u00fc olabiliriz"},{"@type":"Person","@id":"https:\/\/avrupapress.com\/#\/schema\/person\/68428444ec60970d1e1b700cf4ca1e8f","name":"Edit\u00f6r","image":{"@type":"ImageObject","inLanguage":"fr-BE","@id":"https:\/\/avrupapress.com\/#\/schema\/person\/image\/","url":"https:\/\/secure.gravatar.com\/avatar\/74996b0977aa5f1559ba9883776652508b229005c0d78fb2597897f0bd651c09?s=96&d=mm&r=g","contentUrl":"https:\/\/secure.gravatar.com\/avatar\/74996b0977aa5f1559ba9883776652508b229005c0d78fb2597897f0bd651c09?s=96&d=mm&r=g","caption":"Edit\u00f6r"},"sameAs":["http:\/\/www.avrupapress.com"],"url":"https:\/\/avrupapress.com\/main\/author\/editor\/"}]}},"_links":{"self":[{"href":"https:\/\/avrupapress.com\/main\/wp-json\/wp\/v2\/posts\/4825","targetHints":{"allow":["GET"]}}],"collection":[{"href":"https:\/\/avrupapress.com\/main\/wp-json\/wp\/v2\/posts"}],"about":[{"href":"https:\/\/avrupapress.com\/main\/wp-json\/wp\/v2\/types\/post"}],"author":[{"embeddable":true,"href":"https:\/\/avrupapress.com\/main\/wp-json\/wp\/v2\/users\/3"}],"replies":[{"embeddable":true,"href":"https:\/\/avrupapress.com\/main\/wp-json\/wp\/v2\/comments?post=4825"}],"version-history":[{"count":1,"href":"https:\/\/avrupapress.com\/main\/wp-json\/wp\/v2\/posts\/4825\/revisions"}],"predecessor-version":[{"id":4827,"href":"https:\/\/avrupapress.com\/main\/wp-json\/wp\/v2\/posts\/4825\/revisions\/4827"}],"wp:featuredmedia":[{"embeddable":true,"href":"https:\/\/avrupapress.com\/main\/wp-json\/wp\/v2\/media\/4826"}],"wp:attachment":[{"href":"https:\/\/avrupapress.com\/main\/wp-json\/wp\/v2\/media?parent=4825"}],"wp:term":[{"taxonomy":"category","embeddable":true,"href":"https:\/\/avrupapress.com\/main\/wp-json\/wp\/v2\/categories?post=4825"},{"taxonomy":"post_tag","embeddable":true,"href":"https:\/\/avrupapress.com\/main\/wp-json\/wp\/v2\/tags?post=4825"}],"curies":[{"name":"wp","href":"https:\/\/api.w.org\/{rel}","templated":true}]}}