{"id":433,"date":"2017-07-24T15:09:53","date_gmt":"2017-07-24T15:09:53","guid":{"rendered":"http:\/\/avrupapress.com\/main\/?p=433"},"modified":"2017-07-24T15:09:53","modified_gmt":"2017-07-24T15:09:53","slug":"yeni-hukumet-sozcusu-bekir-bozdag-oldu-iste-yeni-hukumette-gorev-dagilimi","status":"publish","type":"post","link":"https:\/\/avrupapress.com\/main\/2017\/07\/24\/yeni-hukumet-sozcusu-bekir-bozdag-oldu-iste-yeni-hukumette-gorev-dagilimi\/","title":{"rendered":"Yeni H\u00fck\u00fcmet S\u00f6zc\u00fcs\u00fc Bekir Bozda\u011f Oldu! \u0130\u015fte Yeni H\u00fck\u00fcmette G\u00f6rev Da\u011f\u0131l\u0131m\u0131"},"content":{"rendered":"<p>Kabine de\u011fi\u015fikli\u011fi sonras\u0131 ilk kez toplanan Bakanlar Kurulu&rsquo;nda g\u00f6rev da\u011f\u0131l\u0131m\u0131 yap\u0131ld\u0131. G\u00f6rev da\u011f\u0131l\u0131m\u0131 sonras\u0131 yeni h\u00fck\u00fcmet s\u00f6zc\u00fcs\u00fc olan Bekir Bozda\u011f, Ba\u015fbakan Yard\u0131mc\u0131lar\u0131n\u0131n yeni g\u00f6revlerini a\u00e7\u0131klad\u0131.<\/p>\n<p><strong>BA\u015eBAKAN YARDIMCILARININ G\u00d6REVE DA\u011eILIMI<\/strong><\/p>\n<p><strong>\u00ab\u00a0Bug\u00fcnk\u00fc Bakanlar Kurulumuzun g\u00fcndeminde yenilenen e\u011fitim \u00f6\u011fretim programlar\u0131n\u0131n sunumu yap\u0131ld\u0131. Di\u011fer bir konu da h\u00fck\u00fcmetimizin \u00f6n\u00fcm\u00fczdeki 6 ay i\u00e7inde yapaca\u011f\u0131 \u00e7al\u0131\u015fmalara ili\u015fkin de\u011ferlendirmeler. \u00d6n\u00fcm\u00fczdeki g\u00fcnlerde de\u011ferlendirmeler kamuoyu ile payla\u015f\u0131lacakt\u0131r.\u00a0\u00bb<\/strong>\u00a0\u00a0diyen Bekir Bozda\u011f a\u00e7\u0131klamas\u0131na \u015f\u00f6yle devam etti:<\/p>\n<p>Ba\u015fbakan yard\u0131mc\u0131lar\u0131n\u0131n g\u00f6revlerine dair de\u011ferlendirme yap\u0131ld\u0131. Buna g\u00f6re, Milli G\u00fcvenlik Kurulu, M\u0130T, TOK\u0130, TMSF ve T\u00fcrkiye Varl\u0131k Fonu, Ba\u015fbakan\u0131m\u0131za ba\u011fl\u0131 olarak \u00e7al\u0131\u015facak.<\/p>\n<p><strong>Bekir Bozda\u011f,\u00a0<\/strong>H\u00fck\u00fcmet S\u00f6zc\u00fcl\u00fc\u011f\u00fc, Dan\u0131\u015ftay, Diyanet, TRT ve AA,<\/p>\n<p><strong>Mehmet \u015eim\u015fek,\u00a0<\/strong>Ekonomi konusu ve bankalar<\/p>\n<p><strong>Fikri I\u015f\u0131k,<\/strong>\u00a0Yat\u0131r\u0131mlar\u0131n koordinasyonu, Atat\u00fcrk Dil ve Tarih Kurumu<\/p>\n<p><strong>Recep Akda\u011f;<\/strong>\u00a0K\u0131br\u0131s, AFAD, Yat\u0131r\u0131m Ajans\u0131 ile ilgili \u00e7al\u0131\u015fmalar\u0131 y\u00fcr\u00fctecek.<\/p>\n<p><strong>Hakan \u00c7avu\u015fo\u011flu;<\/strong>\u00a0Medeniyetler ittifak\u0131, 100. y\u0131l anma program\u0131 ile ilgili \u00e7al\u0131\u015fmalar, Yurt D\u0131\u015f\u0131 T\u00fcrkler ve Akbara Topluluklar Ba\u015fkanl\u0131\u011f\u0131\u00a0\u00bb<\/p>\n<p><strong>MESC\u0130D-\u0130 AKSA&rsquo;NIN \u0130SRA\u0130L G\u00dc\u00c7LER\u0130 TARAFINDAN \u0130\u015eGAL G\u0130R\u0130\u015e\u0130M\u0130<\/strong><\/p>\n<p>\u0130srail&rsquo;in Harem-i \u015eerif hakk\u0131nda uygulad\u0131\u011f\u0131 kararlar b\u00fct\u00fcn \u0130slam d\u00fcnyas\u0131nda insan haklar\u0131na inanan herkes kat\u0131nda infiale yol a\u00e7m\u0131\u015ft\u0131r. Bu uygulamalar\u0131 protesto eden m\u00fcsl\u00fcmanlar\u0131n \u00fczerine \u0130srail polisinin \u015fiddet uygulamas\u0131 ve baz\u0131 M\u00fcsl\u00fcmanlar\u0131n hayat\u0131n\u0131 kaybetmesi gibi ho\u015f olmayan olaylar ya\u015fanm\u0131\u015ft\u0131r. Bu kabul edilemez. Bu insan haklar\u0131n\u0131n a\u00e7\u0131k\u00e7a ihlalidir. \u0130srail H\u00fck\u00fcmetini bu uygulamalar\u0131 derhal sonland\u0131rmaya Say\u0131n Cumhurba\u015fkan\u0131m\u0131z davet etmit\u015fir. Taraflar ile konuyu g\u00f6r\u00fc\u015fm\u00fc\u015f ve \u0130\u0130T zirvesi d\u00f6nem ba\u015fkan\u0131 s\u0131fat\u0131yla uluslararas\u0131 toplumu harekete \u00e7a\u011f\u0131rm\u0131\u015ft\u0131r. Mescid-i Aksa M\u00fcsl\u00fcmanlar\u0131n ilk k\u0131blesidir, M\u00fcsl\u00fcmanlar aras\u0131nda kutsal olan 3 mabetden biridir. \u0130srail h\u00fck\u00fcmeti Kud\u00fcs&rsquo;\u00fcn ve Mescidi Aksa&rsquo;n\u0131n kutsiyetine sayg\u0131 duymakla y\u00fck\u00fcml\u00fcd\u00fcr. Ayr\u0131ca Haremi \u015eerif&rsquo;te kurulan metal dedekt\u00f6rlerin kald\u0131r\u0131lmas\u0131 ve m\u00fcsl\u00fcmanlara konulan k\u0131s\u0131tlamalar\u0131n ortadan kald\u0131r\u0131lmas\u0131n\u0131 buradan T\u00fcrkiye olarak \u0130srail y\u00f6netiminden basiretli ad\u0131mlar atmas\u0131n\u0131 istiyoruz. E\u011fer \u0130srail h\u00fck\u00fcmeti bu konuda kulaklar\u0131n\u0131 t\u0131kar ve ad\u0131m atmassa buradaki olaylar\u0131n ba\u015fka sonu\u00e7lar do\u011furmas\u0131ndan endi\u015fe ederiz. Uluslararas\u0131 toplumu bu konuda ortak bir tutum almaya bir kez daha davet ediyoruz. Din ve vicdan h\u00fcrriyeti temel bir insan hakk\u0131d\u0131r. B\u00f6ylesi bir durumda hepimizin bu haks\u0131zl\u0131\u011fa kar\u015f\u0131 ortak tutum koymas\u0131 gereklidir.<\/p>\n<p>&nbsp;<\/p>\n","protected":false},"excerpt":{"rendered":"<p>Kabine de\u011fi\u015fikli\u011fi sonras\u0131 ilk kez toplanan Bakanlar Kurulu&rsquo;nda g\u00f6rev da\u011f\u0131l\u0131m\u0131 yap\u0131ld\u0131. G\u00f6rev da\u011f\u0131l\u0131m\u0131 sonras\u0131 yeni h\u00fck\u00fcmet s\u00f6zc\u00fcs\u00fc olan Bekir Bozda\u011f, Ba\u015fbakan Yard\u0131mc\u0131lar\u0131n\u0131n yeni g\u00f6revlerini a\u00e7\u0131klad\u0131. BA\u015eBAKAN YARDIMCILARININ G\u00d6REVE DA\u011eILIMI \u00ab\u00a0Bug\u00fcnk\u00fc Bakanlar Kurulumuzun g\u00fcndeminde yenilenen e\u011fitim \u00f6\u011fretim programlar\u0131n\u0131n sunumu yap\u0131ld\u0131. Di\u011fer bir konu da h\u00fck\u00fcmetimizin \u00f6n\u00fcm\u00fczdeki 6 ay i\u00e7inde yapaca\u011f\u0131 \u00e7al\u0131\u015fmalara ili\u015fkin de\u011ferlendirmeler. \u00d6n\u00fcm\u00fczdeki g\u00fcnlerde de\u011ferlendirmeler [&hellip;]<\/p>\n","protected":false},"author":3,"featured_media":0,"comment_status":"open","ping_status":"open","sticky":false,"template":"","format":"standard","meta":{"footnotes":""},"categories":[14,16,3,17,18,19,2],"tags":[167,168,169,4],"class_list":["post-433","post","type-post","status-publish","format-standard","hentry","category-avrupa","category-belcika","category-dunya","category-ekonomi","category-kultur-sanat","category-tanitim","category-turkiye","tag-bakanlar-kurulu","tag-bekir-bozdag","tag-hukumet-sozcusu","tag-turkiye"],"yoast_head":"<!-- This site is optimized with the Yoast SEO plugin v26.9 - https:\/\/yoast.com\/product\/yoast-seo-wordpress\/ -->\n<title>Yeni H\u00fck\u00fcmet S\u00f6zc\u00fcs\u00fc Bekir Bozda\u011f Oldu! \u0130\u015fte Yeni H\u00fck\u00fcmette G\u00f6rev Da\u011f\u0131l\u0131m\u0131 - AvrupaPress<\/title>\n<meta name=\"robots\" content=\"index, follow, max-snippet:-1, max-image-preview:large, max-video-preview:-1\" \/>\n<link rel=\"canonical\" href=\"https:\/\/avrupapress.com\/2017\/07\/24\/yeni-hukumet-sozcusu-bekir-bozdag-oldu-iste-yeni-hukumette-gorev-dagilimi\/\" \/>\n<meta property=\"og:locale\" content=\"fr_FR\" \/>\n<meta property=\"og:type\" content=\"article\" \/>\n<meta property=\"og:title\" content=\"Yeni H\u00fck\u00fcmet S\u00f6zc\u00fcs\u00fc Bekir Bozda\u011f Oldu! \u0130\u015fte Yeni H\u00fck\u00fcmette G\u00f6rev Da\u011f\u0131l\u0131m\u0131 - AvrupaPress\" \/>\n<meta property=\"og:description\" content=\"Kabine de\u011fi\u015fikli\u011fi sonras\u0131 ilk kez toplanan Bakanlar Kurulu&rsquo;nda g\u00f6rev da\u011f\u0131l\u0131m\u0131 yap\u0131ld\u0131. G\u00f6rev da\u011f\u0131l\u0131m\u0131 sonras\u0131 yeni h\u00fck\u00fcmet s\u00f6zc\u00fcs\u00fc olan Bekir Bozda\u011f, Ba\u015fbakan Yard\u0131mc\u0131lar\u0131n\u0131n yeni g\u00f6revlerini a\u00e7\u0131klad\u0131. BA\u015eBAKAN YARDIMCILARININ G\u00d6REVE DA\u011eILIMI \u00ab\u00a0Bug\u00fcnk\u00fc Bakanlar Kurulumuzun g\u00fcndeminde yenilenen e\u011fitim \u00f6\u011fretim programlar\u0131n\u0131n sunumu yap\u0131ld\u0131. Di\u011fer bir konu da h\u00fck\u00fcmetimizin \u00f6n\u00fcm\u00fczdeki 6 ay i\u00e7inde yapaca\u011f\u0131 \u00e7al\u0131\u015fmalara ili\u015fkin de\u011ferlendirmeler. \u00d6n\u00fcm\u00fczdeki g\u00fcnlerde de\u011ferlendirmeler [&hellip;]\" \/>\n<meta property=\"og:url\" content=\"https:\/\/avrupapress.com\/2017\/07\/24\/yeni-hukumet-sozcusu-bekir-bozdag-oldu-iste-yeni-hukumette-gorev-dagilimi\/\" \/>\n<meta property=\"og:site_name\" content=\"AvrupaPress\" \/>\n<meta property=\"article:published_time\" content=\"2017-07-24T15:09:53+00:00\" \/>\n<meta name=\"author\" content=\"Edit\u00f6r\" \/>\n<meta name=\"twitter:card\" content=\"summary_large_image\" \/>\n<meta name=\"twitter:label1\" content=\"\u00c9crit par\" \/>\n\t<meta name=\"twitter:data1\" content=\"Edit\u00f6r\" \/>\n\t<meta name=\"twitter:label2\" content=\"Dur\u00e9e de lecture est.\" \/>\n\t<meta name=\"twitter:data2\" content=\"2 minutes\" \/>\n<script type=\"application\/ld+json\" class=\"yoast-schema-graph\">{\"@context\":\"https:\/\/schema.org\",\"@graph\":[{\"@type\":\"Article\",\"@id\":\"https:\/\/avrupapress.com\/2017\/07\/24\/yeni-hukumet-sozcusu-bekir-bozdag-oldu-iste-yeni-hukumette-gorev-dagilimi\/#article\",\"isPartOf\":{\"@id\":\"https:\/\/avrupapress.com\/2017\/07\/24\/yeni-hukumet-sozcusu-bekir-bozdag-oldu-iste-yeni-hukumette-gorev-dagilimi\/\"},\"author\":{\"name\":\"Edit\u00f6r\",\"@id\":\"https:\/\/avrupapress.com\/#\/schema\/person\/68428444ec60970d1e1b700cf4ca1e8f\"},\"headline\":\"Yeni H\u00fck\u00fcmet S\u00f6zc\u00fcs\u00fc Bekir Bozda\u011f Oldu! \u0130\u015fte Yeni H\u00fck\u00fcmette G\u00f6rev Da\u011f\u0131l\u0131m\u0131\",\"datePublished\":\"2017-07-24T15:09:53+00:00\",\"mainEntityOfPage\":{\"@id\":\"https:\/\/avrupapress.com\/2017\/07\/24\/yeni-hukumet-sozcusu-bekir-bozdag-oldu-iste-yeni-hukumette-gorev-dagilimi\/\"},\"wordCount\":511,\"commentCount\":0,\"publisher\":{\"@id\":\"https:\/\/avrupapress.com\/#\/schema\/person\/0223dca19c72c43575bf30d1a2d8f4fa\"},\"keywords\":[\"bakanlar kurulu\",\"bekir bozdag\",\"hukumet sozcusu\",\"t\u00fcrkiye\"],\"articleSection\":[\"Avrupa\",\"Bel\u00e7ika\",\"D\u00fcnya\",\"Ekonomi\",\"K\u00fclt\u00fcr-Sanat\",\"Tan\u0131t\u0131m\",\"T\u00fcrkiye\"],\"inLanguage\":\"fr-BE\",\"potentialAction\":[{\"@type\":\"CommentAction\",\"name\":\"Comment\",\"target\":[\"https:\/\/avrupapress.com\/2017\/07\/24\/yeni-hukumet-sozcusu-bekir-bozdag-oldu-iste-yeni-hukumette-gorev-dagilimi\/#respond\"]}]},{\"@type\":\"WebPage\",\"@id\":\"https:\/\/avrupapress.com\/2017\/07\/24\/yeni-hukumet-sozcusu-bekir-bozdag-oldu-iste-yeni-hukumette-gorev-dagilimi\/\",\"url\":\"https:\/\/avrupapress.com\/2017\/07\/24\/yeni-hukumet-sozcusu-bekir-bozdag-oldu-iste-yeni-hukumette-gorev-dagilimi\/\",\"name\":\"Yeni H\u00fck\u00fcmet S\u00f6zc\u00fcs\u00fc Bekir Bozda\u011f Oldu! \u0130\u015fte Yeni H\u00fck\u00fcmette G\u00f6rev Da\u011f\u0131l\u0131m\u0131 - AvrupaPress\",\"isPartOf\":{\"@id\":\"https:\/\/avrupapress.com\/#website\"},\"datePublished\":\"2017-07-24T15:09:53+00:00\",\"breadcrumb\":{\"@id\":\"https:\/\/avrupapress.com\/2017\/07\/24\/yeni-hukumet-sozcusu-bekir-bozdag-oldu-iste-yeni-hukumette-gorev-dagilimi\/#breadcrumb\"},\"inLanguage\":\"fr-BE\",\"potentialAction\":[{\"@type\":\"ReadAction\",\"target\":[\"https:\/\/avrupapress.com\/2017\/07\/24\/yeni-hukumet-sozcusu-bekir-bozdag-oldu-iste-yeni-hukumette-gorev-dagilimi\/\"]}]},{\"@type\":\"BreadcrumbList\",\"@id\":\"https:\/\/avrupapress.com\/2017\/07\/24\/yeni-hukumet-sozcusu-bekir-bozdag-oldu-iste-yeni-hukumette-gorev-dagilimi\/#breadcrumb\",\"itemListElement\":[{\"@type\":\"ListItem\",\"position\":1,\"name\":\"Anasayfa\",\"item\":\"https:\/\/avrupapress.com\/\"},{\"@type\":\"ListItem\",\"position\":2,\"name\":\"Yeni H\u00fck\u00fcmet S\u00f6zc\u00fcs\u00fc Bekir Bozda\u011f Oldu! \u0130\u015fte Yeni H\u00fck\u00fcmette G\u00f6rev Da\u011f\u0131l\u0131m\u0131\"}]},{\"@type\":\"WebSite\",\"@id\":\"https:\/\/avrupapress.com\/#website\",\"url\":\"https:\/\/avrupapress.com\/\",\"name\":\"AvrupaPress\",\"description\":\"Haberin Adresi\",\"publisher\":{\"@id\":\"https:\/\/avrupapress.com\/#\/schema\/person\/0223dca19c72c43575bf30d1a2d8f4fa\"},\"potentialAction\":[{\"@type\":\"SearchAction\",\"target\":{\"@type\":\"EntryPoint\",\"urlTemplate\":\"https:\/\/avrupapress.com\/?s={search_term_string}\"},\"query-input\":{\"@type\":\"PropertyValueSpecification\",\"valueRequired\":true,\"valueName\":\"search_term_string\"}}],\"inLanguage\":\"fr-BE\"},{\"@type\":[\"Person\",\"Organization\"],\"@id\":\"https:\/\/avrupapress.com\/#\/schema\/person\/0223dca19c72c43575bf30d1a2d8f4fa\",\"name\":\"Bilgin \u00d6z\u00e7ift\u00e7i\",\"image\":{\"@type\":\"ImageObject\",\"inLanguage\":\"fr-BE\",\"@id\":\"https:\/\/avrupapress.com\/#\/schema\/person\/image\/\",\"url\":\"https:\/\/secure.gravatar.com\/avatar\/0f23b280433a21e1ea7a0adcc46ed0ad16afe3ad8e630fd13d8a017dcbd54ef3?s=96&d=mm&r=g\",\"contentUrl\":\"https:\/\/secure.gravatar.com\/avatar\/0f23b280433a21e1ea7a0adcc46ed0ad16afe3ad8e630fd13d8a017dcbd54ef3?s=96&d=mm&r=g\",\"caption\":\"Bilgin \u00d6z\u00e7ift\u00e7i\"},\"logo\":{\"@id\":\"https:\/\/avrupapress.com\/#\/schema\/person\/image\/\"},\"description\":\"Ne ben, nede sen... Biz ancak \\\"biz\\\" olursak g\u00fc\u00e7l\u00fc olabiliriz\"},{\"@type\":\"Person\",\"@id\":\"https:\/\/avrupapress.com\/#\/schema\/person\/68428444ec60970d1e1b700cf4ca1e8f\",\"name\":\"Edit\u00f6r\",\"image\":{\"@type\":\"ImageObject\",\"inLanguage\":\"fr-BE\",\"@id\":\"https:\/\/avrupapress.com\/#\/schema\/person\/image\/\",\"url\":\"https:\/\/secure.gravatar.com\/avatar\/74996b0977aa5f1559ba9883776652508b229005c0d78fb2597897f0bd651c09?s=96&d=mm&r=g\",\"contentUrl\":\"https:\/\/secure.gravatar.com\/avatar\/74996b0977aa5f1559ba9883776652508b229005c0d78fb2597897f0bd651c09?s=96&d=mm&r=g\",\"caption\":\"Edit\u00f6r\"},\"sameAs\":[\"http:\/\/www.avrupapress.com\"],\"url\":\"https:\/\/avrupapress.com\/main\/author\/editor\/\"}]}<\/script>\n<!-- \/ Yoast SEO plugin. -->","yoast_head_json":{"title":"Yeni H\u00fck\u00fcmet S\u00f6zc\u00fcs\u00fc Bekir Bozda\u011f Oldu! \u0130\u015fte Yeni H\u00fck\u00fcmette G\u00f6rev Da\u011f\u0131l\u0131m\u0131 - AvrupaPress","robots":{"index":"index","follow":"follow","max-snippet":"max-snippet:-1","max-image-preview":"max-image-preview:large","max-video-preview":"max-video-preview:-1"},"canonical":"https:\/\/avrupapress.com\/2017\/07\/24\/yeni-hukumet-sozcusu-bekir-bozdag-oldu-iste-yeni-hukumette-gorev-dagilimi\/","og_locale":"fr_FR","og_type":"article","og_title":"Yeni H\u00fck\u00fcmet S\u00f6zc\u00fcs\u00fc Bekir Bozda\u011f Oldu! \u0130\u015fte Yeni H\u00fck\u00fcmette G\u00f6rev Da\u011f\u0131l\u0131m\u0131 - AvrupaPress","og_description":"Kabine de\u011fi\u015fikli\u011fi sonras\u0131 ilk kez toplanan Bakanlar Kurulu&rsquo;nda g\u00f6rev da\u011f\u0131l\u0131m\u0131 yap\u0131ld\u0131. G\u00f6rev da\u011f\u0131l\u0131m\u0131 sonras\u0131 yeni h\u00fck\u00fcmet s\u00f6zc\u00fcs\u00fc olan Bekir Bozda\u011f, Ba\u015fbakan Yard\u0131mc\u0131lar\u0131n\u0131n yeni g\u00f6revlerini a\u00e7\u0131klad\u0131. BA\u015eBAKAN YARDIMCILARININ G\u00d6REVE DA\u011eILIMI \u00ab\u00a0Bug\u00fcnk\u00fc Bakanlar Kurulumuzun g\u00fcndeminde yenilenen e\u011fitim \u00f6\u011fretim programlar\u0131n\u0131n sunumu yap\u0131ld\u0131. Di\u011fer bir konu da h\u00fck\u00fcmetimizin \u00f6n\u00fcm\u00fczdeki 6 ay i\u00e7inde yapaca\u011f\u0131 \u00e7al\u0131\u015fmalara ili\u015fkin de\u011ferlendirmeler. \u00d6n\u00fcm\u00fczdeki g\u00fcnlerde de\u011ferlendirmeler [&hellip;]","og_url":"https:\/\/avrupapress.com\/2017\/07\/24\/yeni-hukumet-sozcusu-bekir-bozdag-oldu-iste-yeni-hukumette-gorev-dagilimi\/","og_site_name":"AvrupaPress","article_published_time":"2017-07-24T15:09:53+00:00","author":"Edit\u00f6r","twitter_card":"summary_large_image","twitter_misc":{"\u00c9crit par":"Edit\u00f6r","Dur\u00e9e de lecture est.":"2 minutes"},"schema":{"@context":"https:\/\/schema.org","@graph":[{"@type":"Article","@id":"https:\/\/avrupapress.com\/2017\/07\/24\/yeni-hukumet-sozcusu-bekir-bozdag-oldu-iste-yeni-hukumette-gorev-dagilimi\/#article","isPartOf":{"@id":"https:\/\/avrupapress.com\/2017\/07\/24\/yeni-hukumet-sozcusu-bekir-bozdag-oldu-iste-yeni-hukumette-gorev-dagilimi\/"},"author":{"name":"Edit\u00f6r","@id":"https:\/\/avrupapress.com\/#\/schema\/person\/68428444ec60970d1e1b700cf4ca1e8f"},"headline":"Yeni H\u00fck\u00fcmet S\u00f6zc\u00fcs\u00fc Bekir Bozda\u011f Oldu! \u0130\u015fte Yeni H\u00fck\u00fcmette G\u00f6rev Da\u011f\u0131l\u0131m\u0131","datePublished":"2017-07-24T15:09:53+00:00","mainEntityOfPage":{"@id":"https:\/\/avrupapress.com\/2017\/07\/24\/yeni-hukumet-sozcusu-bekir-bozdag-oldu-iste-yeni-hukumette-gorev-dagilimi\/"},"wordCount":511,"commentCount":0,"publisher":{"@id":"https:\/\/avrupapress.com\/#\/schema\/person\/0223dca19c72c43575bf30d1a2d8f4fa"},"keywords":["bakanlar kurulu","bekir bozdag","hukumet sozcusu","t\u00fcrkiye"],"articleSection":["Avrupa","Bel\u00e7ika","D\u00fcnya","Ekonomi","K\u00fclt\u00fcr-Sanat","Tan\u0131t\u0131m","T\u00fcrkiye"],"inLanguage":"fr-BE","potentialAction":[{"@type":"CommentAction","name":"Comment","target":["https:\/\/avrupapress.com\/2017\/07\/24\/yeni-hukumet-sozcusu-bekir-bozdag-oldu-iste-yeni-hukumette-gorev-dagilimi\/#respond"]}]},{"@type":"WebPage","@id":"https:\/\/avrupapress.com\/2017\/07\/24\/yeni-hukumet-sozcusu-bekir-bozdag-oldu-iste-yeni-hukumette-gorev-dagilimi\/","url":"https:\/\/avrupapress.com\/2017\/07\/24\/yeni-hukumet-sozcusu-bekir-bozdag-oldu-iste-yeni-hukumette-gorev-dagilimi\/","name":"Yeni H\u00fck\u00fcmet S\u00f6zc\u00fcs\u00fc Bekir Bozda\u011f Oldu! \u0130\u015fte Yeni H\u00fck\u00fcmette G\u00f6rev Da\u011f\u0131l\u0131m\u0131 - AvrupaPress","isPartOf":{"@id":"https:\/\/avrupapress.com\/#website"},"datePublished":"2017-07-24T15:09:53+00:00","breadcrumb":{"@id":"https:\/\/avrupapress.com\/2017\/07\/24\/yeni-hukumet-sozcusu-bekir-bozdag-oldu-iste-yeni-hukumette-gorev-dagilimi\/#breadcrumb"},"inLanguage":"fr-BE","potentialAction":[{"@type":"ReadAction","target":["https:\/\/avrupapress.com\/2017\/07\/24\/yeni-hukumet-sozcusu-bekir-bozdag-oldu-iste-yeni-hukumette-gorev-dagilimi\/"]}]},{"@type":"BreadcrumbList","@id":"https:\/\/avrupapress.com\/2017\/07\/24\/yeni-hukumet-sozcusu-bekir-bozdag-oldu-iste-yeni-hukumette-gorev-dagilimi\/#breadcrumb","itemListElement":[{"@type":"ListItem","position":1,"name":"Anasayfa","item":"https:\/\/avrupapress.com\/"},{"@type":"ListItem","position":2,"name":"Yeni H\u00fck\u00fcmet S\u00f6zc\u00fcs\u00fc Bekir Bozda\u011f Oldu! \u0130\u015fte Yeni H\u00fck\u00fcmette G\u00f6rev Da\u011f\u0131l\u0131m\u0131"}]},{"@type":"WebSite","@id":"https:\/\/avrupapress.com\/#website","url":"https:\/\/avrupapress.com\/","name":"AvrupaPress","description":"Haberin Adresi","publisher":{"@id":"https:\/\/avrupapress.com\/#\/schema\/person\/0223dca19c72c43575bf30d1a2d8f4fa"},"potentialAction":[{"@type":"SearchAction","target":{"@type":"EntryPoint","urlTemplate":"https:\/\/avrupapress.com\/?s={search_term_string}"},"query-input":{"@type":"PropertyValueSpecification","valueRequired":true,"valueName":"search_term_string"}}],"inLanguage":"fr-BE"},{"@type":["Person","Organization"],"@id":"https:\/\/avrupapress.com\/#\/schema\/person\/0223dca19c72c43575bf30d1a2d8f4fa","name":"Bilgin \u00d6z\u00e7ift\u00e7i","image":{"@type":"ImageObject","inLanguage":"fr-BE","@id":"https:\/\/avrupapress.com\/#\/schema\/person\/image\/","url":"https:\/\/secure.gravatar.com\/avatar\/0f23b280433a21e1ea7a0adcc46ed0ad16afe3ad8e630fd13d8a017dcbd54ef3?s=96&d=mm&r=g","contentUrl":"https:\/\/secure.gravatar.com\/avatar\/0f23b280433a21e1ea7a0adcc46ed0ad16afe3ad8e630fd13d8a017dcbd54ef3?s=96&d=mm&r=g","caption":"Bilgin \u00d6z\u00e7ift\u00e7i"},"logo":{"@id":"https:\/\/avrupapress.com\/#\/schema\/person\/image\/"},"description":"Ne ben, nede sen... Biz ancak \"biz\" olursak g\u00fc\u00e7l\u00fc olabiliriz"},{"@type":"Person","@id":"https:\/\/avrupapress.com\/#\/schema\/person\/68428444ec60970d1e1b700cf4ca1e8f","name":"Edit\u00f6r","image":{"@type":"ImageObject","inLanguage":"fr-BE","@id":"https:\/\/avrupapress.com\/#\/schema\/person\/image\/","url":"https:\/\/secure.gravatar.com\/avatar\/74996b0977aa5f1559ba9883776652508b229005c0d78fb2597897f0bd651c09?s=96&d=mm&r=g","contentUrl":"https:\/\/secure.gravatar.com\/avatar\/74996b0977aa5f1559ba9883776652508b229005c0d78fb2597897f0bd651c09?s=96&d=mm&r=g","caption":"Edit\u00f6r"},"sameAs":["http:\/\/www.avrupapress.com"],"url":"https:\/\/avrupapress.com\/main\/author\/editor\/"}]}},"_links":{"self":[{"href":"https:\/\/avrupapress.com\/main\/wp-json\/wp\/v2\/posts\/433","targetHints":{"allow":["GET"]}}],"collection":[{"href":"https:\/\/avrupapress.com\/main\/wp-json\/wp\/v2\/posts"}],"about":[{"href":"https:\/\/avrupapress.com\/main\/wp-json\/wp\/v2\/types\/post"}],"author":[{"embeddable":true,"href":"https:\/\/avrupapress.com\/main\/wp-json\/wp\/v2\/users\/3"}],"replies":[{"embeddable":true,"href":"https:\/\/avrupapress.com\/main\/wp-json\/wp\/v2\/comments?post=433"}],"version-history":[{"count":1,"href":"https:\/\/avrupapress.com\/main\/wp-json\/wp\/v2\/posts\/433\/revisions"}],"predecessor-version":[{"id":435,"href":"https:\/\/avrupapress.com\/main\/wp-json\/wp\/v2\/posts\/433\/revisions\/435"}],"wp:attachment":[{"href":"https:\/\/avrupapress.com\/main\/wp-json\/wp\/v2\/media?parent=433"}],"wp:term":[{"taxonomy":"category","embeddable":true,"href":"https:\/\/avrupapress.com\/main\/wp-json\/wp\/v2\/categories?post=433"},{"taxonomy":"post_tag","embeddable":true,"href":"https:\/\/avrupapress.com\/main\/wp-json\/wp\/v2\/tags?post=433"}],"curies":[{"name":"wp","href":"https:\/\/api.w.org\/{rel}","templated":true}]}}