{"id":4076,"date":"2018-01-28T00:02:37","date_gmt":"2018-01-28T00:02:37","guid":{"rendered":"http:\/\/avrupapress.com\/main\/?p=4076"},"modified":"2018-01-28T00:02:37","modified_gmt":"2018-01-28T00:02:37","slug":"ufka-yolculuk-sinavi-kayitlari-basladi","status":"publish","type":"post","link":"https:\/\/avrupapress.com\/main\/2018\/01\/28\/ufka-yolculuk-sinavi-kayitlari-basladi\/","title":{"rendered":"Ufka Yolculuk S\u0131nav\u0131 Kay\u0131tlar\u0131 Ba\u015flad\u0131"},"content":{"rendered":"<h2 class=\"ustblkgenislet2 spot \">Server Gen\u00e7lik ve Spor Kul\u00fcb\u00fc taraf\u0131ndan uluslararas\u0131 \u00e7apta d\u00fczenlenen Ufka Yolculuk Bilgi ve K\u00fclt\u00fcr Yar\u0131\u015fmalar\u0131n\u0131n 6\u2019nc\u0131s\u0131, \u201cKur\u2019an ve S\u00fcnnet B\u00fct\u00fcnl\u00fc\u011f\u00fc\u201d konusuyla kay\u0131tlara ba\u015flad\u0131.<\/h2>\n<div class=\"\" data-block=\"true\" data-editor=\"7r8n1\" data-offset-key=\"c2nj0-0-0\">\n<div class=\"_1mf _1mj\" data-offset-key=\"c2nj0-0-0\"><span data-offset-key=\"c2nj0-0-0\">Server Gen\u00e7lik ve Spor Kul\u00fcb\u00fc taraf\u0131ndan uluslararas\u0131 \u00e7apta d\u00fczenlenen Ufka Yolculuk Bilgi ve K\u00fclt\u00fcr Yar\u0131\u015fmalar\u0131n\u0131n 6&rsquo;nc\u0131s\u0131, \u00ab\u00a0Kur&rsquo;an ve S\u00fcnnet B\u00fct\u00fcnl\u00fc\u011f\u00fc\u00a0\u00bb konusuyla kay\u0131tlara ba\u015flad\u0131.<\/span><\/div>\n<\/div>\n<div class=\"\" data-block=\"true\" data-editor=\"7r8n1\" data-offset-key=\"2dti5-0-0\">\n<div class=\"_1mf _1mj\" data-offset-key=\"2dti5-0-0\"><span data-offset-key=\"2dti5-0-0\">\u00a0<\/span><\/div>\n<\/div>\n<div class=\"\" data-block=\"true\" data-editor=\"7r8n1\" data-offset-key=\"ai1n6-0-0\">\n<div class=\"_1mf _1mj\" data-offset-key=\"ai1n6-0-0\"><span data-offset-key=\"ai1n6-0-0\">A\u011fr\u0131&rsquo;da organizasyonu proje orta\u011f\u0131 olarak A\u011fr\u0131 E\u011fitim \u00c7evre Gen\u00e7lik ve Spor Kul\u00fcb\u00fc (A\u011e\u00c7ED) ger\u00e7ekle\u015ftirecek. \u00ab\u00a0S\u00fcnnet Olmadan \u00dcmmet Olmaz\u00a0\u00bb temas\u0131yla 3 dil ve 11 ayr\u0131 kategoride d\u00fczenlenecek 6. Ufka Yolculuk K\u00fclt\u00fcr Yar\u0131\u015fmas\u0131&rsquo;n\u0131n 13 Kas\u0131m 2017 tarihinde ba\u015flayan kay\u0131tlar\u0131, 25 \u015eubat 2018 tarihine kadar devam edecek.<\/span><\/div>\n<\/div>\n<div class=\"\" data-block=\"true\" data-editor=\"7r8n1\" data-offset-key=\"34oi5-0-0\">\n<div class=\"_1mf _1mj\" data-offset-key=\"34oi5-0-0\"><span data-offset-key=\"34oi5-0-0\">\u00a0<\/span><\/div>\n<\/div>\n<div class=\"\" data-block=\"true\" data-editor=\"7r8n1\" data-offset-key=\"53fc3-0-0\">\n<div class=\"_1mf _1mj\" data-offset-key=\"53fc3-0-0\"><span data-offset-key=\"53fc3-0-0\">Ba\u015fvurular \u0130nternetten, yaz\u0131l\u0131 s\u0131nav 1 Nisan&rsquo;da<\/span><\/div>\n<\/div>\n<div class=\"\" data-block=\"true\" data-editor=\"7r8n1\" data-offset-key=\"6qlsk-0-0\">\n<div class=\"_1mf _1mj\" data-offset-key=\"6qlsk-0-0\"><span data-offset-key=\"6qlsk-0-0\">\u00a0<\/span><\/div>\n<\/div>\n<div class=\"\" data-block=\"true\" data-editor=\"7r8n1\" data-offset-key=\"1npqd-0-0\">\n<div class=\"_1mf _1mj\" data-offset-key=\"1npqd-0-0\"><span data-offset-key=\"1npqd-0-0\">www.ufkayolculuk.com internet sitesinden \u00fccretsiz ba\u015fvurular\u0131n yap\u0131ld\u0131\u011f\u0131 yar\u0131\u015fman\u0131n yaz\u0131l\u0131 s\u0131nav\u0131 1 Nisan 2018 tarihinde yap\u0131lacak. Engelliler ve mahkumlar\u0131n kat\u0131labildi\u011fi yar\u0131\u015fma 11 farkl\u0131 kategoride yap\u0131lacak. A, B, C, D, E, F ve I kategorileri T\u00fcrk\u00e7e dilinde, G, H ve K kategorileri Arap\u00e7a dilinde, J Kategorisi ise \u0130ngilizce dilinde olacak. Her kategori sorular\u0131n\u0131n ayr\u0131 haz\u0131rlanaca\u011f\u0131 yar\u0131\u015fma; A Kategorisi (10 ya\u015f alt\u0131), B Kategorisi (10-14 ya\u015f), C Kategorisi (14-19 ya\u015f), D Kategorisi (19-30 ya\u015f), E Kategorisi (30 ya\u015f \u00fcst\u00fc), F Kategorisi\/\u0130htisas Kategorisi (Resmi veya fahri din g\u00f6revlileri), (imamlar, m\u00fcezzinler, Kur&rsquo;an kursu hocalar\u0131, vaizler vs.), G Kategorisi (Arap\u00e7a 18 ya\u015f alt\u0131), H Kategorisi (Arap\u00e7a 18 ya\u015f \u00fcst\u00fc), I Kategorisi (T\u00fcrk\u00e7e online), J Kategorisi (\u0130ngilizce online), K Kategorisi (Arap\u00e7a online) olmak \u00fczere 7&rsquo;den 70&rsquo;ine 8 milyar insanl\u0131\u011f\u0131n istifadesine sunulacak.<\/span><\/div>\n<\/div>\n<div class=\"\" data-block=\"true\" data-editor=\"7r8n1\" data-offset-key=\"8fc2q-0-0\">\n<div class=\"_1mf _1mj\" data-offset-key=\"8fc2q-0-0\"><span data-offset-key=\"8fc2q-0-0\">\u00a0<\/span><\/div>\n<\/div>\n<div class=\"\" data-block=\"true\" data-editor=\"7r8n1\" data-offset-key=\"blqib-0-0\">\n<div class=\"_1mf _1mj\" data-offset-key=\"blqib-0-0\"><span data-offset-key=\"blqib-0-0\">D\u00fcnyan\u0131n Her Noktas\u0131ndan Online S\u0131nav Heyecan\u0131<\/span><\/div>\n<\/div>\n<div class=\"\" data-block=\"true\" data-editor=\"7r8n1\" data-offset-key=\"aqi5l-0-0\">\n<div class=\"_1mf _1mj\" data-offset-key=\"aqi5l-0-0\"><span data-offset-key=\"aqi5l-0-0\">\u00a0<\/span><\/div>\n<\/div>\n<div class=\"\" data-block=\"true\" data-editor=\"7r8n1\" data-offset-key=\"cl4d3-0-0\">\n<div class=\"_1mf _1mj\" data-offset-key=\"cl4d3-0-0\"><span data-offset-key=\"cl4d3-0-0\">Yar\u0131\u015fmaya s\u0131n\u0131flardan ba\u011f\u0131ms\u0131z olarak www.ufkayolculuk.com sitesi \u00fczerinden I (T\u00fcrk\u00e7e online) kategorisinde 1 Nisan tarihinde saat: 10.15&rsquo;de (TS\u0130), J (\u0130ngilizce online) ve K (Arap\u00e7a online) kategorilerinde 8 Nisan 2018 saat: 11.00 ve 18.00&rsquo;de (UTC) yap\u0131lacak.<\/span><\/div>\n<\/div>\n<div class=\"\" data-block=\"true\" data-editor=\"7r8n1\" data-offset-key=\"4831q-0-0\">\n<div class=\"_1mf _1mj\" data-offset-key=\"4831q-0-0\"><span data-offset-key=\"4831q-0-0\">\u00a0<\/span><\/div>\n<\/div>\n<div class=\"\" data-block=\"true\" data-editor=\"7r8n1\" data-offset-key=\"ah04g-0-0\">\n<div class=\"_1mf _1mj\" data-offset-key=\"ah04g-0-0\"><span data-offset-key=\"ah04g-0-0\">\u00ab\u00a0Kazananlar \u0130sterse Umre&rsquo;ye, \u0130sterse Dost \u00dclkeye Gidecek\u00a0\u00bb<\/span><\/div>\n<\/div>\n<div class=\"\" data-block=\"true\" data-editor=\"7r8n1\" data-offset-key=\"9lkhs-0-0\">\n<div class=\"_1mf _1mj\" data-offset-key=\"9lkhs-0-0\"><span data-offset-key=\"9lkhs-0-0\">\u00a0<\/span><\/div>\n<\/div>\n<div class=\"\" data-block=\"true\" data-editor=\"7r8n1\" data-offset-key=\"43qij-0-0\">\n<div class=\"_1mf _1mj\" data-offset-key=\"43qij-0-0\"><span data-offset-key=\"43qij-0-0\">Yar\u0131\u015fman\u0131n A, B, C, D, E, F, G, H kategorilerinde birinci olanlar 2 Umre Seyahati + 2 bin 500 lira veya 2 Dosta Yolculuk + 2 bin 500 lira, ikinci olanlar 2 Umre Seyahati + bin 500 lira veya 2 Dosta Yolculuk + bin 500 lira, \u00fc\u00e7\u00fcnc\u00fc olanlar 2 Umre Seyahati + 500 lira veya 2 Dosta Yolculuk + 500 lira \u00f6d\u00fcllerine hak kazanacak.<\/span><\/div>\n<\/div>\n<div class=\"\" data-block=\"true\" data-editor=\"7r8n1\" data-offset-key=\"54meb-0-0\">\n<div class=\"_1mf _1mj\" data-offset-key=\"54meb-0-0\"><span data-offset-key=\"54meb-0-0\">\u00a0<\/span><\/div>\n<\/div>\n<div class=\"\" data-block=\"true\" data-editor=\"7r8n1\" data-offset-key=\"54et5-0-0\">\n<div class=\"_1mf _1mj\" data-offset-key=\"54et5-0-0\"><span data-offset-key=\"54et5-0-0\">Bu kategorilerde 4. &#8211; 10. olanlara ve I, J, K kategorilerinde ilk \u00fc\u00e7e girenler ise tablet bilgisayar \u00f6d\u00fcllerini kazanacak.<\/span><\/div>\n<\/div>\n<div class=\"\" data-block=\"true\" data-editor=\"7r8n1\" data-offset-key=\"97ij6-0-0\">\n<div class=\"_1mf _1mj\" data-offset-key=\"97ij6-0-0\"><span data-offset-key=\"97ij6-0-0\">\u00a0<\/span><\/div>\n<\/div>\n<div class=\"\" data-block=\"true\" data-editor=\"7r8n1\" data-offset-key=\"bt3lo-0-0\">\n<div class=\"_1mf _1mj\" data-offset-key=\"bt3lo-0-0\"><span data-offset-key=\"bt3lo-0-0\">\u00ab\u00a0Destek Olan Kurumlar\u00a0\u00bb<\/span><\/div>\n<\/div>\n<div class=\"\" data-block=\"true\" data-editor=\"7r8n1\" data-offset-key=\"4b95i-0-0\">\n<div class=\"_1mf _1mj\" data-offset-key=\"4b95i-0-0\"><span data-offset-key=\"4b95i-0-0\">\u00a0<\/span><\/div>\n<\/div>\n<div class=\"\" data-block=\"true\" data-editor=\"7r8n1\" data-offset-key=\"28d0l-0-0\">\n<div class=\"_1mf _1mj\" data-offset-key=\"28d0l-0-0\"><span data-offset-key=\"28d0l-0-0\">Projeye destek olan; Milli E\u011fitim Bakanl\u0131\u011f\u0131, Adalet Bakanl\u0131\u011f\u0131, Gen\u00e7lik ve Spor Bakanl\u0131\u011f\u0131, K\u00fclt\u00fcr ve Turizm Bakanl\u0131\u011f\u0131, Aile ve Sosyal Politikalar Bakanl\u0131\u011f\u0131, Diyanet \u0130\u015fleri Ba\u015fkanl\u0131\u011f\u0131 yan\u0131nda resmi ve \u00f6zel y\u00fczlerce kurum, kurulu\u015f, kul\u00fcp, vak\u0131f ve derneklerin ortakl\u0131\u011f\u0131nda on binlerce g\u00f6n\u00fcll\u00fc ile ger\u00e7ekle\u015fmesi bekleniyor. Kur&rsquo;an-\u0131 Kerim Meali konusuyla d\u00fczenlenen Ufka Yolculuk 5. Bilgi ve K\u00fclt\u00fcr Yar\u0131\u015fmas\u0131, bin 754&rsquo;\u00fc yurtd\u0131\u015f\u0131ndan, 6 bin 969&rsquo;u cezaevlerinden olmak \u00fczere T\u00fcrkiye geneli ve 98 \u00fclkeden 595 bin 372 ki\u015fi kay\u0131t yapt\u0131rd\u0131.<\/span><\/div>\n<\/div>\n<div class=\"\" data-block=\"true\" data-editor=\"7r8n1\" data-offset-key=\"do9sn-0-0\">\n<div class=\"_1mf _1mj\" data-offset-key=\"do9sn-0-0\"><span data-offset-key=\"do9sn-0-0\">\u00a0<\/span><\/div>\n<\/div>\n<div class=\"\" data-block=\"true\" data-editor=\"7r8n1\" data-offset-key=\"fsr8p-0-0\">\n<div class=\"_1mf _1mj\" data-offset-key=\"fsr8p-0-0\"><span data-offset-key=\"fsr8p-0-0\">T\u00fcrkiye&rsquo;nin 81 ili, 853 il\u00e7esi, KKTC, Almanya, Bel\u00e7ika, Kazakistan, \u0130ngiltere ve \u0130sve\u00e7&rsquo;teki s\u0131nav merkezlerinde, 235 cezaevinde, www.ufkayolculuk.com web sitesi \u00fczerinden ise d\u00fcnya genelinde ba\u015far\u0131yla tamamlanan bu organizasyona 17 bin 246 g\u00f6n\u00fcll\u00fc destek verdi.<\/span><\/div>\n<\/div>\n<div class=\"\" data-block=\"true\" data-editor=\"7r8n1\" data-offset-key=\"e24fo-0-0\">\n<div class=\"_1mf _1mj\" data-offset-key=\"e24fo-0-0\"><span data-offset-key=\"e24fo-0-0\">\u00a0<\/span><\/div>\n<\/div>\n<div class=\"\" data-block=\"true\" data-editor=\"7r8n1\" data-offset-key=\"1s1n0-0-0\">\n<div class=\"_1mf _1mj\" data-offset-key=\"1s1n0-0-0\"><span data-offset-key=\"1s1n0-0-0\">T\u00fcrkiye&rsquo;nin en geni\u015f kat\u0131l\u0131ml\u0131 sivil yar\u0131\u015fma organizasyonu olan Ufka Yolculuk Bilgi ve K\u00fclt\u00fcr Yar\u0131\u015fmalar\u0131na \u015fimdiye kadar toplamda 1 milyon 494 bin 802 ki\u015fi kay\u0131t yapt\u0131rd\u0131.<\/span><\/div>\n<\/div>\n","protected":false},"excerpt":{"rendered":"<p>Server Gen\u00e7lik ve Spor Kul\u00fcb\u00fc taraf\u0131ndan uluslararas\u0131 \u00e7apta d\u00fczenlenen Ufka Yolculuk Bilgi ve K\u00fclt\u00fcr Yar\u0131\u015fmalar\u0131n\u0131n 6\u2019nc\u0131s\u0131, \u201cKur\u2019an ve S\u00fcnnet B\u00fct\u00fcnl\u00fc\u011f\u00fc\u201d konusuyla kay\u0131tlara ba\u015flad\u0131. Server Gen\u00e7lik ve Spor Kul\u00fcb\u00fc taraf\u0131ndan uluslararas\u0131 \u00e7apta d\u00fczenlenen Ufka Yolculuk Bilgi ve K\u00fclt\u00fcr Yar\u0131\u015fmalar\u0131n\u0131n 6&rsquo;nc\u0131s\u0131, \u00ab\u00a0Kur&rsquo;an ve S\u00fcnnet B\u00fct\u00fcnl\u00fc\u011f\u00fc\u00a0\u00bb konusuyla kay\u0131tlara ba\u015flad\u0131. \u00a0 A\u011fr\u0131&rsquo;da organizasyonu proje orta\u011f\u0131 olarak A\u011fr\u0131 E\u011fitim \u00c7evre [&hellip;]<\/p>\n","protected":false},"author":3,"featured_media":4077,"comment_status":"open","ping_status":"open","sticky":false,"template":"","format":"standard","meta":{"footnotes":""},"categories":[14,16,3,17,18,19,2,1],"tags":[2911,2910,365],"class_list":["post-4076","post","type-post","status-publish","format-standard","has-post-thumbnail","hentry","category-avrupa","category-belcika","category-dunya","category-ekonomi","category-kultur-sanat","category-tanitim","category-turkiye","category-uncategorized","tag-sinavi-kayitlari-basladi","tag-ufka","tag-yolculuk"],"yoast_head":"<!-- This site is optimized with the Yoast SEO plugin v26.9 - https:\/\/yoast.com\/product\/yoast-seo-wordpress\/ -->\n<title>Ufka Yolculuk S\u0131nav\u0131 Kay\u0131tlar\u0131 Ba\u015flad\u0131 - AvrupaPress<\/title>\n<meta name=\"robots\" content=\"index, follow, max-snippet:-1, max-image-preview:large, max-video-preview:-1\" \/>\n<link rel=\"canonical\" href=\"https:\/\/avrupapress.com\/2018\/01\/28\/ufka-yolculuk-sinavi-kayitlari-basladi\/\" \/>\n<meta property=\"og:locale\" content=\"fr_FR\" \/>\n<meta property=\"og:type\" content=\"article\" \/>\n<meta property=\"og:title\" content=\"Ufka Yolculuk S\u0131nav\u0131 Kay\u0131tlar\u0131 Ba\u015flad\u0131 - AvrupaPress\" \/>\n<meta property=\"og:description\" content=\"Server Gen\u00e7lik ve Spor Kul\u00fcb\u00fc taraf\u0131ndan uluslararas\u0131 \u00e7apta d\u00fczenlenen Ufka Yolculuk Bilgi ve K\u00fclt\u00fcr Yar\u0131\u015fmalar\u0131n\u0131n 6\u2019nc\u0131s\u0131, \u201cKur\u2019an ve S\u00fcnnet B\u00fct\u00fcnl\u00fc\u011f\u00fc\u201d konusuyla kay\u0131tlara ba\u015flad\u0131. Server Gen\u00e7lik ve Spor Kul\u00fcb\u00fc taraf\u0131ndan uluslararas\u0131 \u00e7apta d\u00fczenlenen Ufka Yolculuk Bilgi ve K\u00fclt\u00fcr Yar\u0131\u015fmalar\u0131n\u0131n 6&rsquo;nc\u0131s\u0131, \u00ab\u00a0Kur&rsquo;an ve S\u00fcnnet B\u00fct\u00fcnl\u00fc\u011f\u00fc\u00a0\u00bb konusuyla kay\u0131tlara ba\u015flad\u0131. \u00a0 A\u011fr\u0131&rsquo;da organizasyonu proje orta\u011f\u0131 olarak A\u011fr\u0131 E\u011fitim \u00c7evre [&hellip;]\" \/>\n<meta property=\"og:url\" content=\"https:\/\/avrupapress.com\/2018\/01\/28\/ufka-yolculuk-sinavi-kayitlari-basladi\/\" \/>\n<meta property=\"og:site_name\" content=\"AvrupaPress\" \/>\n<meta property=\"article:published_time\" content=\"2018-01-28T00:02:37+00:00\" \/>\n<meta property=\"og:image\" content=\"https:\/\/avrupapress.com\/wp-content\/uploads\/2018\/01\/ufka-yolculuk-sinavi-kayitlari-basladi-10500619_o.jpg\" \/>\n\t<meta property=\"og:image:width\" content=\"640\" \/>\n\t<meta property=\"og:image:height\" content=\"516\" \/>\n\t<meta property=\"og:image:type\" content=\"image\/jpeg\" \/>\n<meta name=\"author\" content=\"Edit\u00f6r\" \/>\n<meta name=\"twitter:card\" content=\"summary_large_image\" \/>\n<meta name=\"twitter:label1\" content=\"\u00c9crit par\" \/>\n\t<meta name=\"twitter:data1\" content=\"Edit\u00f6r\" \/>\n\t<meta name=\"twitter:label2\" content=\"Dur\u00e9e de lecture est.\" \/>\n\t<meta name=\"twitter:data2\" content=\"3 minutes\" \/>\n<script type=\"application\/ld+json\" class=\"yoast-schema-graph\">{\"@context\":\"https:\/\/schema.org\",\"@graph\":[{\"@type\":\"Article\",\"@id\":\"https:\/\/avrupapress.com\/2018\/01\/28\/ufka-yolculuk-sinavi-kayitlari-basladi\/#article\",\"isPartOf\":{\"@id\":\"https:\/\/avrupapress.com\/2018\/01\/28\/ufka-yolculuk-sinavi-kayitlari-basladi\/\"},\"author\":{\"name\":\"Edit\u00f6r\",\"@id\":\"https:\/\/avrupapress.com\/#\/schema\/person\/68428444ec60970d1e1b700cf4ca1e8f\"},\"headline\":\"Ufka Yolculuk S\u0131nav\u0131 Kay\u0131tlar\u0131 Ba\u015flad\u0131\",\"datePublished\":\"2018-01-28T00:02:37+00:00\",\"mainEntityOfPage\":{\"@id\":\"https:\/\/avrupapress.com\/2018\/01\/28\/ufka-yolculuk-sinavi-kayitlari-basladi\/\"},\"wordCount\":587,\"commentCount\":0,\"publisher\":{\"@id\":\"https:\/\/avrupapress.com\/#\/schema\/person\/0223dca19c72c43575bf30d1a2d8f4fa\"},\"image\":{\"@id\":\"https:\/\/avrupapress.com\/2018\/01\/28\/ufka-yolculuk-sinavi-kayitlari-basladi\/#primaryimage\"},\"thumbnailUrl\":\"https:\/\/avrupapress.com\/main\/wp-content\/uploads\/2018\/01\/ufka-yolculuk-sinavi-kayitlari-basladi-10500619_o.jpg\",\"keywords\":[\"S\u0131nav\u0131 Kay\u0131tlar\u0131 Ba\u015flad\u0131\",\"Ufka\",\"Yolculuk\"],\"articleSection\":[\"Avrupa\",\"Bel\u00e7ika\",\"D\u00fcnya\",\"Ekonomi\",\"K\u00fclt\u00fcr-Sanat\",\"Tan\u0131t\u0131m\",\"T\u00fcrkiye\",\"Uncategorized\"],\"inLanguage\":\"fr-BE\",\"potentialAction\":[{\"@type\":\"CommentAction\",\"name\":\"Comment\",\"target\":[\"https:\/\/avrupapress.com\/2018\/01\/28\/ufka-yolculuk-sinavi-kayitlari-basladi\/#respond\"]}]},{\"@type\":\"WebPage\",\"@id\":\"https:\/\/avrupapress.com\/2018\/01\/28\/ufka-yolculuk-sinavi-kayitlari-basladi\/\",\"url\":\"https:\/\/avrupapress.com\/2018\/01\/28\/ufka-yolculuk-sinavi-kayitlari-basladi\/\",\"name\":\"Ufka Yolculuk S\u0131nav\u0131 Kay\u0131tlar\u0131 Ba\u015flad\u0131 - AvrupaPress\",\"isPartOf\":{\"@id\":\"https:\/\/avrupapress.com\/#website\"},\"primaryImageOfPage\":{\"@id\":\"https:\/\/avrupapress.com\/2018\/01\/28\/ufka-yolculuk-sinavi-kayitlari-basladi\/#primaryimage\"},\"image\":{\"@id\":\"https:\/\/avrupapress.com\/2018\/01\/28\/ufka-yolculuk-sinavi-kayitlari-basladi\/#primaryimage\"},\"thumbnailUrl\":\"https:\/\/avrupapress.com\/main\/wp-content\/uploads\/2018\/01\/ufka-yolculuk-sinavi-kayitlari-basladi-10500619_o.jpg\",\"datePublished\":\"2018-01-28T00:02:37+00:00\",\"breadcrumb\":{\"@id\":\"https:\/\/avrupapress.com\/2018\/01\/28\/ufka-yolculuk-sinavi-kayitlari-basladi\/#breadcrumb\"},\"inLanguage\":\"fr-BE\",\"potentialAction\":[{\"@type\":\"ReadAction\",\"target\":[\"https:\/\/avrupapress.com\/2018\/01\/28\/ufka-yolculuk-sinavi-kayitlari-basladi\/\"]}]},{\"@type\":\"ImageObject\",\"inLanguage\":\"fr-BE\",\"@id\":\"https:\/\/avrupapress.com\/2018\/01\/28\/ufka-yolculuk-sinavi-kayitlari-basladi\/#primaryimage\",\"url\":\"https:\/\/avrupapress.com\/main\/wp-content\/uploads\/2018\/01\/ufka-yolculuk-sinavi-kayitlari-basladi-10500619_o.jpg\",\"contentUrl\":\"https:\/\/avrupapress.com\/main\/wp-content\/uploads\/2018\/01\/ufka-yolculuk-sinavi-kayitlari-basladi-10500619_o.jpg\",\"width\":640,\"height\":516},{\"@type\":\"BreadcrumbList\",\"@id\":\"https:\/\/avrupapress.com\/2018\/01\/28\/ufka-yolculuk-sinavi-kayitlari-basladi\/#breadcrumb\",\"itemListElement\":[{\"@type\":\"ListItem\",\"position\":1,\"name\":\"Anasayfa\",\"item\":\"https:\/\/avrupapress.com\/\"},{\"@type\":\"ListItem\",\"position\":2,\"name\":\"Ufka Yolculuk S\u0131nav\u0131 Kay\u0131tlar\u0131 Ba\u015flad\u0131\"}]},{\"@type\":\"WebSite\",\"@id\":\"https:\/\/avrupapress.com\/#website\",\"url\":\"https:\/\/avrupapress.com\/\",\"name\":\"AvrupaPress\",\"description\":\"Haberin Adresi\",\"publisher\":{\"@id\":\"https:\/\/avrupapress.com\/#\/schema\/person\/0223dca19c72c43575bf30d1a2d8f4fa\"},\"potentialAction\":[{\"@type\":\"SearchAction\",\"target\":{\"@type\":\"EntryPoint\",\"urlTemplate\":\"https:\/\/avrupapress.com\/?s={search_term_string}\"},\"query-input\":{\"@type\":\"PropertyValueSpecification\",\"valueRequired\":true,\"valueName\":\"search_term_string\"}}],\"inLanguage\":\"fr-BE\"},{\"@type\":[\"Person\",\"Organization\"],\"@id\":\"https:\/\/avrupapress.com\/#\/schema\/person\/0223dca19c72c43575bf30d1a2d8f4fa\",\"name\":\"Bilgin \u00d6z\u00e7ift\u00e7i\",\"image\":{\"@type\":\"ImageObject\",\"inLanguage\":\"fr-BE\",\"@id\":\"https:\/\/avrupapress.com\/#\/schema\/person\/image\/\",\"url\":\"https:\/\/secure.gravatar.com\/avatar\/0f23b280433a21e1ea7a0adcc46ed0ad16afe3ad8e630fd13d8a017dcbd54ef3?s=96&d=mm&r=g\",\"contentUrl\":\"https:\/\/secure.gravatar.com\/avatar\/0f23b280433a21e1ea7a0adcc46ed0ad16afe3ad8e630fd13d8a017dcbd54ef3?s=96&d=mm&r=g\",\"caption\":\"Bilgin \u00d6z\u00e7ift\u00e7i\"},\"logo\":{\"@id\":\"https:\/\/avrupapress.com\/#\/schema\/person\/image\/\"},\"description\":\"Ne ben, nede sen... Biz ancak \\\"biz\\\" olursak g\u00fc\u00e7l\u00fc olabiliriz\"},{\"@type\":\"Person\",\"@id\":\"https:\/\/avrupapress.com\/#\/schema\/person\/68428444ec60970d1e1b700cf4ca1e8f\",\"name\":\"Edit\u00f6r\",\"image\":{\"@type\":\"ImageObject\",\"inLanguage\":\"fr-BE\",\"@id\":\"https:\/\/avrupapress.com\/#\/schema\/person\/image\/\",\"url\":\"https:\/\/secure.gravatar.com\/avatar\/74996b0977aa5f1559ba9883776652508b229005c0d78fb2597897f0bd651c09?s=96&d=mm&r=g\",\"contentUrl\":\"https:\/\/secure.gravatar.com\/avatar\/74996b0977aa5f1559ba9883776652508b229005c0d78fb2597897f0bd651c09?s=96&d=mm&r=g\",\"caption\":\"Edit\u00f6r\"},\"sameAs\":[\"http:\/\/www.avrupapress.com\"],\"url\":\"https:\/\/avrupapress.com\/main\/author\/editor\/\"}]}<\/script>\n<!-- \/ Yoast SEO plugin. -->","yoast_head_json":{"title":"Ufka Yolculuk S\u0131nav\u0131 Kay\u0131tlar\u0131 Ba\u015flad\u0131 - AvrupaPress","robots":{"index":"index","follow":"follow","max-snippet":"max-snippet:-1","max-image-preview":"max-image-preview:large","max-video-preview":"max-video-preview:-1"},"canonical":"https:\/\/avrupapress.com\/2018\/01\/28\/ufka-yolculuk-sinavi-kayitlari-basladi\/","og_locale":"fr_FR","og_type":"article","og_title":"Ufka Yolculuk S\u0131nav\u0131 Kay\u0131tlar\u0131 Ba\u015flad\u0131 - AvrupaPress","og_description":"Server Gen\u00e7lik ve Spor Kul\u00fcb\u00fc taraf\u0131ndan uluslararas\u0131 \u00e7apta d\u00fczenlenen Ufka Yolculuk Bilgi ve K\u00fclt\u00fcr Yar\u0131\u015fmalar\u0131n\u0131n 6\u2019nc\u0131s\u0131, \u201cKur\u2019an ve S\u00fcnnet B\u00fct\u00fcnl\u00fc\u011f\u00fc\u201d konusuyla kay\u0131tlara ba\u015flad\u0131. Server Gen\u00e7lik ve Spor Kul\u00fcb\u00fc taraf\u0131ndan uluslararas\u0131 \u00e7apta d\u00fczenlenen Ufka Yolculuk Bilgi ve K\u00fclt\u00fcr Yar\u0131\u015fmalar\u0131n\u0131n 6&rsquo;nc\u0131s\u0131, \u00ab\u00a0Kur&rsquo;an ve S\u00fcnnet B\u00fct\u00fcnl\u00fc\u011f\u00fc\u00a0\u00bb konusuyla kay\u0131tlara ba\u015flad\u0131. \u00a0 A\u011fr\u0131&rsquo;da organizasyonu proje orta\u011f\u0131 olarak A\u011fr\u0131 E\u011fitim \u00c7evre [&hellip;]","og_url":"https:\/\/avrupapress.com\/2018\/01\/28\/ufka-yolculuk-sinavi-kayitlari-basladi\/","og_site_name":"AvrupaPress","article_published_time":"2018-01-28T00:02:37+00:00","og_image":[{"width":640,"height":516,"url":"https:\/\/avrupapress.com\/wp-content\/uploads\/2018\/01\/ufka-yolculuk-sinavi-kayitlari-basladi-10500619_o.jpg","type":"image\/jpeg"}],"author":"Edit\u00f6r","twitter_card":"summary_large_image","twitter_misc":{"\u00c9crit par":"Edit\u00f6r","Dur\u00e9e de lecture est.":"3 minutes"},"schema":{"@context":"https:\/\/schema.org","@graph":[{"@type":"Article","@id":"https:\/\/avrupapress.com\/2018\/01\/28\/ufka-yolculuk-sinavi-kayitlari-basladi\/#article","isPartOf":{"@id":"https:\/\/avrupapress.com\/2018\/01\/28\/ufka-yolculuk-sinavi-kayitlari-basladi\/"},"author":{"name":"Edit\u00f6r","@id":"https:\/\/avrupapress.com\/#\/schema\/person\/68428444ec60970d1e1b700cf4ca1e8f"},"headline":"Ufka Yolculuk S\u0131nav\u0131 Kay\u0131tlar\u0131 Ba\u015flad\u0131","datePublished":"2018-01-28T00:02:37+00:00","mainEntityOfPage":{"@id":"https:\/\/avrupapress.com\/2018\/01\/28\/ufka-yolculuk-sinavi-kayitlari-basladi\/"},"wordCount":587,"commentCount":0,"publisher":{"@id":"https:\/\/avrupapress.com\/#\/schema\/person\/0223dca19c72c43575bf30d1a2d8f4fa"},"image":{"@id":"https:\/\/avrupapress.com\/2018\/01\/28\/ufka-yolculuk-sinavi-kayitlari-basladi\/#primaryimage"},"thumbnailUrl":"https:\/\/avrupapress.com\/main\/wp-content\/uploads\/2018\/01\/ufka-yolculuk-sinavi-kayitlari-basladi-10500619_o.jpg","keywords":["S\u0131nav\u0131 Kay\u0131tlar\u0131 Ba\u015flad\u0131","Ufka","Yolculuk"],"articleSection":["Avrupa","Bel\u00e7ika","D\u00fcnya","Ekonomi","K\u00fclt\u00fcr-Sanat","Tan\u0131t\u0131m","T\u00fcrkiye","Uncategorized"],"inLanguage":"fr-BE","potentialAction":[{"@type":"CommentAction","name":"Comment","target":["https:\/\/avrupapress.com\/2018\/01\/28\/ufka-yolculuk-sinavi-kayitlari-basladi\/#respond"]}]},{"@type":"WebPage","@id":"https:\/\/avrupapress.com\/2018\/01\/28\/ufka-yolculuk-sinavi-kayitlari-basladi\/","url":"https:\/\/avrupapress.com\/2018\/01\/28\/ufka-yolculuk-sinavi-kayitlari-basladi\/","name":"Ufka Yolculuk S\u0131nav\u0131 Kay\u0131tlar\u0131 Ba\u015flad\u0131 - AvrupaPress","isPartOf":{"@id":"https:\/\/avrupapress.com\/#website"},"primaryImageOfPage":{"@id":"https:\/\/avrupapress.com\/2018\/01\/28\/ufka-yolculuk-sinavi-kayitlari-basladi\/#primaryimage"},"image":{"@id":"https:\/\/avrupapress.com\/2018\/01\/28\/ufka-yolculuk-sinavi-kayitlari-basladi\/#primaryimage"},"thumbnailUrl":"https:\/\/avrupapress.com\/main\/wp-content\/uploads\/2018\/01\/ufka-yolculuk-sinavi-kayitlari-basladi-10500619_o.jpg","datePublished":"2018-01-28T00:02:37+00:00","breadcrumb":{"@id":"https:\/\/avrupapress.com\/2018\/01\/28\/ufka-yolculuk-sinavi-kayitlari-basladi\/#breadcrumb"},"inLanguage":"fr-BE","potentialAction":[{"@type":"ReadAction","target":["https:\/\/avrupapress.com\/2018\/01\/28\/ufka-yolculuk-sinavi-kayitlari-basladi\/"]}]},{"@type":"ImageObject","inLanguage":"fr-BE","@id":"https:\/\/avrupapress.com\/2018\/01\/28\/ufka-yolculuk-sinavi-kayitlari-basladi\/#primaryimage","url":"https:\/\/avrupapress.com\/main\/wp-content\/uploads\/2018\/01\/ufka-yolculuk-sinavi-kayitlari-basladi-10500619_o.jpg","contentUrl":"https:\/\/avrupapress.com\/main\/wp-content\/uploads\/2018\/01\/ufka-yolculuk-sinavi-kayitlari-basladi-10500619_o.jpg","width":640,"height":516},{"@type":"BreadcrumbList","@id":"https:\/\/avrupapress.com\/2018\/01\/28\/ufka-yolculuk-sinavi-kayitlari-basladi\/#breadcrumb","itemListElement":[{"@type":"ListItem","position":1,"name":"Anasayfa","item":"https:\/\/avrupapress.com\/"},{"@type":"ListItem","position":2,"name":"Ufka Yolculuk S\u0131nav\u0131 Kay\u0131tlar\u0131 Ba\u015flad\u0131"}]},{"@type":"WebSite","@id":"https:\/\/avrupapress.com\/#website","url":"https:\/\/avrupapress.com\/","name":"AvrupaPress","description":"Haberin Adresi","publisher":{"@id":"https:\/\/avrupapress.com\/#\/schema\/person\/0223dca19c72c43575bf30d1a2d8f4fa"},"potentialAction":[{"@type":"SearchAction","target":{"@type":"EntryPoint","urlTemplate":"https:\/\/avrupapress.com\/?s={search_term_string}"},"query-input":{"@type":"PropertyValueSpecification","valueRequired":true,"valueName":"search_term_string"}}],"inLanguage":"fr-BE"},{"@type":["Person","Organization"],"@id":"https:\/\/avrupapress.com\/#\/schema\/person\/0223dca19c72c43575bf30d1a2d8f4fa","name":"Bilgin \u00d6z\u00e7ift\u00e7i","image":{"@type":"ImageObject","inLanguage":"fr-BE","@id":"https:\/\/avrupapress.com\/#\/schema\/person\/image\/","url":"https:\/\/secure.gravatar.com\/avatar\/0f23b280433a21e1ea7a0adcc46ed0ad16afe3ad8e630fd13d8a017dcbd54ef3?s=96&d=mm&r=g","contentUrl":"https:\/\/secure.gravatar.com\/avatar\/0f23b280433a21e1ea7a0adcc46ed0ad16afe3ad8e630fd13d8a017dcbd54ef3?s=96&d=mm&r=g","caption":"Bilgin \u00d6z\u00e7ift\u00e7i"},"logo":{"@id":"https:\/\/avrupapress.com\/#\/schema\/person\/image\/"},"description":"Ne ben, nede sen... Biz ancak \"biz\" olursak g\u00fc\u00e7l\u00fc olabiliriz"},{"@type":"Person","@id":"https:\/\/avrupapress.com\/#\/schema\/person\/68428444ec60970d1e1b700cf4ca1e8f","name":"Edit\u00f6r","image":{"@type":"ImageObject","inLanguage":"fr-BE","@id":"https:\/\/avrupapress.com\/#\/schema\/person\/image\/","url":"https:\/\/secure.gravatar.com\/avatar\/74996b0977aa5f1559ba9883776652508b229005c0d78fb2597897f0bd651c09?s=96&d=mm&r=g","contentUrl":"https:\/\/secure.gravatar.com\/avatar\/74996b0977aa5f1559ba9883776652508b229005c0d78fb2597897f0bd651c09?s=96&d=mm&r=g","caption":"Edit\u00f6r"},"sameAs":["http:\/\/www.avrupapress.com"],"url":"https:\/\/avrupapress.com\/main\/author\/editor\/"}]}},"_links":{"self":[{"href":"https:\/\/avrupapress.com\/main\/wp-json\/wp\/v2\/posts\/4076","targetHints":{"allow":["GET"]}}],"collection":[{"href":"https:\/\/avrupapress.com\/main\/wp-json\/wp\/v2\/posts"}],"about":[{"href":"https:\/\/avrupapress.com\/main\/wp-json\/wp\/v2\/types\/post"}],"author":[{"embeddable":true,"href":"https:\/\/avrupapress.com\/main\/wp-json\/wp\/v2\/users\/3"}],"replies":[{"embeddable":true,"href":"https:\/\/avrupapress.com\/main\/wp-json\/wp\/v2\/comments?post=4076"}],"version-history":[{"count":1,"href":"https:\/\/avrupapress.com\/main\/wp-json\/wp\/v2\/posts\/4076\/revisions"}],"predecessor-version":[{"id":4078,"href":"https:\/\/avrupapress.com\/main\/wp-json\/wp\/v2\/posts\/4076\/revisions\/4078"}],"wp:featuredmedia":[{"embeddable":true,"href":"https:\/\/avrupapress.com\/main\/wp-json\/wp\/v2\/media\/4077"}],"wp:attachment":[{"href":"https:\/\/avrupapress.com\/main\/wp-json\/wp\/v2\/media?parent=4076"}],"wp:term":[{"taxonomy":"category","embeddable":true,"href":"https:\/\/avrupapress.com\/main\/wp-json\/wp\/v2\/categories?post=4076"},{"taxonomy":"post_tag","embeddable":true,"href":"https:\/\/avrupapress.com\/main\/wp-json\/wp\/v2\/tags?post=4076"}],"curies":[{"name":"wp","href":"https:\/\/api.w.org\/{rel}","templated":true}]}}