{"id":3908,"date":"2018-01-20T20:18:27","date_gmt":"2018-01-20T20:18:27","guid":{"rendered":"http:\/\/avrupapress.com\/main\/?p=3908"},"modified":"2018-01-20T20:18:36","modified_gmt":"2018-01-20T20:18:36","slug":"brukselde-yeni-ulasim-hatlari","status":"publish","type":"post","link":"https:\/\/avrupapress.com\/main\/2018\/01\/20\/brukselde-yeni-ulasim-hatlari\/","title":{"rendered":"BR\u00dcKSEL\u2019de YEN\u0130 ULA\u015eIM HATLARI\u2026"},"content":{"rendered":"<p>Yeni \u201cMetro\u201d hatt\u0131 3 ile 18 istasyona sahip. Bu yeni hat ile 10.3 km&rsquo;nin \u00fczerine \u00e7\u0131kacak ve \u015fehri kuzeyden g\u00fcneye ge\u00e7ecek. Evere, 20 dakika sonra \u015fehir merkezi \u00fczerinden orman\u2019a ba\u011flanacak. Bir\u00e7ok kullan\u0131c\u0131n\u0131n bekledi\u011fi k\u00fc\u00e7\u00fck bir devrim niteli\u011finde oldu\u011fu a\u00e7\u0131klamalara yer verilirken, \u201cgelecekteki 3 m\u00e9tro hatt\u0131 k\u0131smen, Gare du Nord ve Place Albert aras\u0131ndaki ormandaki \u00ab\u00a0metro\u201d \u00f6ncesi tramvaylarda k\u0131smen varl\u0131\u011f\u0131n\u0131 s\u00fcrd\u00fcrecek\u201d a\u00e7\u0131klamada denildi. Proje, \u201cGare du Nord\u201d u \u201cEvere\u201ddeki \u201cBordet\u201d istasyonuna ba\u011flayan yeni bir b\u00f6l\u00fcm\u00fcn in\u015fas\u0131 ile b\u00f6lgenin kuzeyine de uzatmay\u0131 hedefliyorlar. Bu arada, mevcut b\u00f6l\u00fcm \u201cGare du Nord\u201d ve \u201cPlace Albert\u201d aras\u0131 tam bir metroya d\u00f6n\u00fc\u015ft\u00fcr\u00fcld\u00fc\u2026<\/p>\n<p>\u201cBordet\u201d ve \u201cAlbert\u201d aras\u0131ndaki gelecekteki metro hatt\u0131n\u0131n olu\u015fturulmas\u0131 sayesinde ST\u0130B, n\u00fcfusun her ge\u00e7en y\u0131l artt\u0131\u011f\u0131 bu b\u00f6lgede giderek artan ziyaret\u00e7i ak\u0131\u015f\u0131n\u0131n ihtiyac\u0131na rahat cevap verebilece\u011fi ifade edildi. ST\u0130P, Br\u00fcksel Ba\u015fkent b\u00f6lgesi&rsquo;nde, seyahat kalitesinin b\u00fcy\u00fck kentler i\u00e7in gittik\u00e7e \u00f6nem kazand\u0131\u011f\u0131 bir d\u00f6nemde, daha modern hale gelen t\u00fcm ula\u015f\u0131m hizmetlerine d\u00f6n\u00fc\u015ft\u00fc\u011f\u00fcn\u00fc a\u00e7\u0131klad\u0131\u2026<\/p>\n<p>&#8212;&#8212;&#8212;MODERN VE UYGULAMALI \u0130STASYONLAR<\/p>\n<p>Bu proje ayn\u0131 zamanda, y\u00fczey geli\u015fimi i\u00e7in kat\u0131l\u0131mc\u0131 bir \u00e7er\u00e7evede vatanda\u015flar\u0131n beklentilerini kar\u015f\u0131layacak olan kullan\u0131c\u0131 istasyonlar ve kamusal alanlar \u00fczerine odakland\u0131\u011f\u0131n\u0131 g\u00f6stermekte&#8230;<\/p>\n","protected":false},"excerpt":{"rendered":"<p>Yeni \u201cMetro\u201d hatt\u0131 3 ile 18 istasyona sahip. Bu yeni hat ile 10.3 km&rsquo;nin \u00fczerine \u00e7\u0131kacak ve \u015fehri kuzeyden g\u00fcneye ge\u00e7ecek. Evere, 20 dakika sonra \u015fehir merkezi \u00fczerinden orman\u2019a ba\u011flanacak. Bir\u00e7ok kullan\u0131c\u0131n\u0131n bekledi\u011fi k\u00fc\u00e7\u00fck bir devrim niteli\u011finde oldu\u011fu a\u00e7\u0131klamalara yer verilirken, \u201cgelecekteki 3 m\u00e9tro hatt\u0131 k\u0131smen, Gare du Nord ve Place Albert aras\u0131ndaki ormandaki \u00ab\u00a0metro\u201d [&hellip;]<\/p>\n","protected":false},"author":3,"featured_media":3909,"comment_status":"open","ping_status":"open","sticky":false,"template":"","format":"standard","meta":{"footnotes":""},"categories":[14,16,3,17,18,19,2,1],"tags":[961,2802],"class_list":["post-3908","post","type-post","status-publish","format-standard","has-post-thumbnail","hentry","category-avrupa","category-belcika","category-dunya","category-ekonomi","category-kultur-sanat","category-tanitim","category-turkiye","category-uncategorized","tag-brukselde","tag-yeni-ulasim-hatlari"],"yoast_head":"<!-- This site is optimized with the Yoast SEO plugin v26.9 - https:\/\/yoast.com\/product\/yoast-seo-wordpress\/ -->\n<title>BR\u00dcKSEL\u2019de YEN\u0130 ULA\u015eIM HATLARI\u2026 - AvrupaPress<\/title>\n<meta name=\"robots\" content=\"index, follow, max-snippet:-1, max-image-preview:large, max-video-preview:-1\" \/>\n<link rel=\"canonical\" href=\"https:\/\/avrupapress.com\/2018\/01\/20\/brukselde-yeni-ulasim-hatlari\/\" \/>\n<meta property=\"og:locale\" content=\"fr_FR\" \/>\n<meta property=\"og:type\" content=\"article\" \/>\n<meta property=\"og:title\" content=\"BR\u00dcKSEL\u2019de YEN\u0130 ULA\u015eIM HATLARI\u2026 - AvrupaPress\" \/>\n<meta property=\"og:description\" content=\"Yeni \u201cMetro\u201d hatt\u0131 3 ile 18 istasyona sahip. Bu yeni hat ile 10.3 km&rsquo;nin \u00fczerine \u00e7\u0131kacak ve \u015fehri kuzeyden g\u00fcneye ge\u00e7ecek. Evere, 20 dakika sonra \u015fehir merkezi \u00fczerinden orman\u2019a ba\u011flanacak. Bir\u00e7ok kullan\u0131c\u0131n\u0131n bekledi\u011fi k\u00fc\u00e7\u00fck bir devrim niteli\u011finde oldu\u011fu a\u00e7\u0131klamalara yer verilirken, \u201cgelecekteki 3 m\u00e9tro hatt\u0131 k\u0131smen, Gare du Nord ve Place Albert aras\u0131ndaki ormandaki \u00ab\u00a0metro\u201d [&hellip;]\" \/>\n<meta property=\"og:url\" content=\"https:\/\/avrupapress.com\/2018\/01\/20\/brukselde-yeni-ulasim-hatlari\/\" \/>\n<meta property=\"og:site_name\" content=\"AvrupaPress\" \/>\n<meta property=\"article:published_time\" content=\"2018-01-20T20:18:27+00:00\" \/>\n<meta property=\"article:modified_time\" content=\"2018-01-20T20:18:36+00:00\" \/>\n<meta property=\"og:image\" content=\"https:\/\/avrupapress.com\/wp-content\/uploads\/2018\/01\/bruekselde-yeni-ulasim-hatlari-6146.jpg\" \/>\n\t<meta property=\"og:image:width\" content=\"640\" \/>\n\t<meta property=\"og:image:height\" content=\"429\" \/>\n\t<meta property=\"og:image:type\" content=\"image\/jpeg\" \/>\n<meta name=\"author\" content=\"Edit\u00f6r\" \/>\n<meta name=\"twitter:card\" content=\"summary_large_image\" \/>\n<meta name=\"twitter:label1\" content=\"\u00c9crit par\" \/>\n\t<meta name=\"twitter:data1\" content=\"Edit\u00f6r\" \/>\n\t<meta name=\"twitter:label2\" content=\"Dur\u00e9e de lecture est.\" \/>\n\t<meta name=\"twitter:data2\" content=\"1 minute\" \/>\n<script type=\"application\/ld+json\" class=\"yoast-schema-graph\">{\"@context\":\"https:\/\/schema.org\",\"@graph\":[{\"@type\":\"Article\",\"@id\":\"https:\/\/avrupapress.com\/2018\/01\/20\/brukselde-yeni-ulasim-hatlari\/#article\",\"isPartOf\":{\"@id\":\"https:\/\/avrupapress.com\/2018\/01\/20\/brukselde-yeni-ulasim-hatlari\/\"},\"author\":{\"name\":\"Edit\u00f6r\",\"@id\":\"https:\/\/avrupapress.com\/#\/schema\/person\/68428444ec60970d1e1b700cf4ca1e8f\"},\"headline\":\"BR\u00dcKSEL\u2019de YEN\u0130 ULA\u015eIM HATLARI\u2026\",\"datePublished\":\"2018-01-20T20:18:27+00:00\",\"dateModified\":\"2018-01-20T20:18:36+00:00\",\"mainEntityOfPage\":{\"@id\":\"https:\/\/avrupapress.com\/2018\/01\/20\/brukselde-yeni-ulasim-hatlari\/\"},\"wordCount\":249,\"commentCount\":0,\"publisher\":{\"@id\":\"https:\/\/avrupapress.com\/#\/schema\/person\/0223dca19c72c43575bf30d1a2d8f4fa\"},\"image\":{\"@id\":\"https:\/\/avrupapress.com\/2018\/01\/20\/brukselde-yeni-ulasim-hatlari\/#primaryimage\"},\"thumbnailUrl\":\"https:\/\/avrupapress.com\/main\/wp-content\/uploads\/2018\/01\/bruekselde-yeni-ulasim-hatlari-6146.jpg\",\"keywords\":[\"Br\u00fcksel'de\",\"YEN\u0130 ULA\u015eIM HATLARI\u2026\"],\"articleSection\":[\"Avrupa\",\"Bel\u00e7ika\",\"D\u00fcnya\",\"Ekonomi\",\"K\u00fclt\u00fcr-Sanat\",\"Tan\u0131t\u0131m\",\"T\u00fcrkiye\",\"Uncategorized\"],\"inLanguage\":\"fr-BE\",\"potentialAction\":[{\"@type\":\"CommentAction\",\"name\":\"Comment\",\"target\":[\"https:\/\/avrupapress.com\/2018\/01\/20\/brukselde-yeni-ulasim-hatlari\/#respond\"]}]},{\"@type\":\"WebPage\",\"@id\":\"https:\/\/avrupapress.com\/2018\/01\/20\/brukselde-yeni-ulasim-hatlari\/\",\"url\":\"https:\/\/avrupapress.com\/2018\/01\/20\/brukselde-yeni-ulasim-hatlari\/\",\"name\":\"BR\u00dcKSEL\u2019de YEN\u0130 ULA\u015eIM HATLARI\u2026 - AvrupaPress\",\"isPartOf\":{\"@id\":\"https:\/\/avrupapress.com\/#website\"},\"primaryImageOfPage\":{\"@id\":\"https:\/\/avrupapress.com\/2018\/01\/20\/brukselde-yeni-ulasim-hatlari\/#primaryimage\"},\"image\":{\"@id\":\"https:\/\/avrupapress.com\/2018\/01\/20\/brukselde-yeni-ulasim-hatlari\/#primaryimage\"},\"thumbnailUrl\":\"https:\/\/avrupapress.com\/main\/wp-content\/uploads\/2018\/01\/bruekselde-yeni-ulasim-hatlari-6146.jpg\",\"datePublished\":\"2018-01-20T20:18:27+00:00\",\"dateModified\":\"2018-01-20T20:18:36+00:00\",\"breadcrumb\":{\"@id\":\"https:\/\/avrupapress.com\/2018\/01\/20\/brukselde-yeni-ulasim-hatlari\/#breadcrumb\"},\"inLanguage\":\"fr-BE\",\"potentialAction\":[{\"@type\":\"ReadAction\",\"target\":[\"https:\/\/avrupapress.com\/2018\/01\/20\/brukselde-yeni-ulasim-hatlari\/\"]}]},{\"@type\":\"ImageObject\",\"inLanguage\":\"fr-BE\",\"@id\":\"https:\/\/avrupapress.com\/2018\/01\/20\/brukselde-yeni-ulasim-hatlari\/#primaryimage\",\"url\":\"https:\/\/avrupapress.com\/main\/wp-content\/uploads\/2018\/01\/bruekselde-yeni-ulasim-hatlari-6146.jpg\",\"contentUrl\":\"https:\/\/avrupapress.com\/main\/wp-content\/uploads\/2018\/01\/bruekselde-yeni-ulasim-hatlari-6146.jpg\",\"width\":640,\"height\":429},{\"@type\":\"BreadcrumbList\",\"@id\":\"https:\/\/avrupapress.com\/2018\/01\/20\/brukselde-yeni-ulasim-hatlari\/#breadcrumb\",\"itemListElement\":[{\"@type\":\"ListItem\",\"position\":1,\"name\":\"Anasayfa\",\"item\":\"https:\/\/avrupapress.com\/\"},{\"@type\":\"ListItem\",\"position\":2,\"name\":\"BR\u00dcKSEL\u2019de YEN\u0130 ULA\u015eIM HATLARI\u2026\"}]},{\"@type\":\"WebSite\",\"@id\":\"https:\/\/avrupapress.com\/#website\",\"url\":\"https:\/\/avrupapress.com\/\",\"name\":\"AvrupaPress\",\"description\":\"Haberin Adresi\",\"publisher\":{\"@id\":\"https:\/\/avrupapress.com\/#\/schema\/person\/0223dca19c72c43575bf30d1a2d8f4fa\"},\"potentialAction\":[{\"@type\":\"SearchAction\",\"target\":{\"@type\":\"EntryPoint\",\"urlTemplate\":\"https:\/\/avrupapress.com\/?s={search_term_string}\"},\"query-input\":{\"@type\":\"PropertyValueSpecification\",\"valueRequired\":true,\"valueName\":\"search_term_string\"}}],\"inLanguage\":\"fr-BE\"},{\"@type\":[\"Person\",\"Organization\"],\"@id\":\"https:\/\/avrupapress.com\/#\/schema\/person\/0223dca19c72c43575bf30d1a2d8f4fa\",\"name\":\"Bilgin \u00d6z\u00e7ift\u00e7i\",\"image\":{\"@type\":\"ImageObject\",\"inLanguage\":\"fr-BE\",\"@id\":\"https:\/\/avrupapress.com\/#\/schema\/person\/image\/\",\"url\":\"https:\/\/secure.gravatar.com\/avatar\/0f23b280433a21e1ea7a0adcc46ed0ad16afe3ad8e630fd13d8a017dcbd54ef3?s=96&d=mm&r=g\",\"contentUrl\":\"https:\/\/secure.gravatar.com\/avatar\/0f23b280433a21e1ea7a0adcc46ed0ad16afe3ad8e630fd13d8a017dcbd54ef3?s=96&d=mm&r=g\",\"caption\":\"Bilgin \u00d6z\u00e7ift\u00e7i\"},\"logo\":{\"@id\":\"https:\/\/avrupapress.com\/#\/schema\/person\/image\/\"},\"description\":\"Ne ben, nede sen... Biz ancak \\\"biz\\\" olursak g\u00fc\u00e7l\u00fc olabiliriz\"},{\"@type\":\"Person\",\"@id\":\"https:\/\/avrupapress.com\/#\/schema\/person\/68428444ec60970d1e1b700cf4ca1e8f\",\"name\":\"Edit\u00f6r\",\"image\":{\"@type\":\"ImageObject\",\"inLanguage\":\"fr-BE\",\"@id\":\"https:\/\/avrupapress.com\/#\/schema\/person\/image\/\",\"url\":\"https:\/\/secure.gravatar.com\/avatar\/74996b0977aa5f1559ba9883776652508b229005c0d78fb2597897f0bd651c09?s=96&d=mm&r=g\",\"contentUrl\":\"https:\/\/secure.gravatar.com\/avatar\/74996b0977aa5f1559ba9883776652508b229005c0d78fb2597897f0bd651c09?s=96&d=mm&r=g\",\"caption\":\"Edit\u00f6r\"},\"sameAs\":[\"http:\/\/www.avrupapress.com\"],\"url\":\"https:\/\/avrupapress.com\/main\/author\/editor\/\"}]}<\/script>\n<!-- \/ Yoast SEO plugin. -->","yoast_head_json":{"title":"BR\u00dcKSEL\u2019de YEN\u0130 ULA\u015eIM HATLARI\u2026 - AvrupaPress","robots":{"index":"index","follow":"follow","max-snippet":"max-snippet:-1","max-image-preview":"max-image-preview:large","max-video-preview":"max-video-preview:-1"},"canonical":"https:\/\/avrupapress.com\/2018\/01\/20\/brukselde-yeni-ulasim-hatlari\/","og_locale":"fr_FR","og_type":"article","og_title":"BR\u00dcKSEL\u2019de YEN\u0130 ULA\u015eIM HATLARI\u2026 - AvrupaPress","og_description":"Yeni \u201cMetro\u201d hatt\u0131 3 ile 18 istasyona sahip. Bu yeni hat ile 10.3 km&rsquo;nin \u00fczerine \u00e7\u0131kacak ve \u015fehri kuzeyden g\u00fcneye ge\u00e7ecek. Evere, 20 dakika sonra \u015fehir merkezi \u00fczerinden orman\u2019a ba\u011flanacak. Bir\u00e7ok kullan\u0131c\u0131n\u0131n bekledi\u011fi k\u00fc\u00e7\u00fck bir devrim niteli\u011finde oldu\u011fu a\u00e7\u0131klamalara yer verilirken, \u201cgelecekteki 3 m\u00e9tro hatt\u0131 k\u0131smen, Gare du Nord ve Place Albert aras\u0131ndaki ormandaki \u00ab\u00a0metro\u201d [&hellip;]","og_url":"https:\/\/avrupapress.com\/2018\/01\/20\/brukselde-yeni-ulasim-hatlari\/","og_site_name":"AvrupaPress","article_published_time":"2018-01-20T20:18:27+00:00","article_modified_time":"2018-01-20T20:18:36+00:00","og_image":[{"width":640,"height":429,"url":"https:\/\/avrupapress.com\/wp-content\/uploads\/2018\/01\/bruekselde-yeni-ulasim-hatlari-6146.jpg","type":"image\/jpeg"}],"author":"Edit\u00f6r","twitter_card":"summary_large_image","twitter_misc":{"\u00c9crit par":"Edit\u00f6r","Dur\u00e9e de lecture est.":"1 minute"},"schema":{"@context":"https:\/\/schema.org","@graph":[{"@type":"Article","@id":"https:\/\/avrupapress.com\/2018\/01\/20\/brukselde-yeni-ulasim-hatlari\/#article","isPartOf":{"@id":"https:\/\/avrupapress.com\/2018\/01\/20\/brukselde-yeni-ulasim-hatlari\/"},"author":{"name":"Edit\u00f6r","@id":"https:\/\/avrupapress.com\/#\/schema\/person\/68428444ec60970d1e1b700cf4ca1e8f"},"headline":"BR\u00dcKSEL\u2019de YEN\u0130 ULA\u015eIM HATLARI\u2026","datePublished":"2018-01-20T20:18:27+00:00","dateModified":"2018-01-20T20:18:36+00:00","mainEntityOfPage":{"@id":"https:\/\/avrupapress.com\/2018\/01\/20\/brukselde-yeni-ulasim-hatlari\/"},"wordCount":249,"commentCount":0,"publisher":{"@id":"https:\/\/avrupapress.com\/#\/schema\/person\/0223dca19c72c43575bf30d1a2d8f4fa"},"image":{"@id":"https:\/\/avrupapress.com\/2018\/01\/20\/brukselde-yeni-ulasim-hatlari\/#primaryimage"},"thumbnailUrl":"https:\/\/avrupapress.com\/main\/wp-content\/uploads\/2018\/01\/bruekselde-yeni-ulasim-hatlari-6146.jpg","keywords":["Br\u00fcksel'de","YEN\u0130 ULA\u015eIM HATLARI\u2026"],"articleSection":["Avrupa","Bel\u00e7ika","D\u00fcnya","Ekonomi","K\u00fclt\u00fcr-Sanat","Tan\u0131t\u0131m","T\u00fcrkiye","Uncategorized"],"inLanguage":"fr-BE","potentialAction":[{"@type":"CommentAction","name":"Comment","target":["https:\/\/avrupapress.com\/2018\/01\/20\/brukselde-yeni-ulasim-hatlari\/#respond"]}]},{"@type":"WebPage","@id":"https:\/\/avrupapress.com\/2018\/01\/20\/brukselde-yeni-ulasim-hatlari\/","url":"https:\/\/avrupapress.com\/2018\/01\/20\/brukselde-yeni-ulasim-hatlari\/","name":"BR\u00dcKSEL\u2019de YEN\u0130 ULA\u015eIM HATLARI\u2026 - AvrupaPress","isPartOf":{"@id":"https:\/\/avrupapress.com\/#website"},"primaryImageOfPage":{"@id":"https:\/\/avrupapress.com\/2018\/01\/20\/brukselde-yeni-ulasim-hatlari\/#primaryimage"},"image":{"@id":"https:\/\/avrupapress.com\/2018\/01\/20\/brukselde-yeni-ulasim-hatlari\/#primaryimage"},"thumbnailUrl":"https:\/\/avrupapress.com\/main\/wp-content\/uploads\/2018\/01\/bruekselde-yeni-ulasim-hatlari-6146.jpg","datePublished":"2018-01-20T20:18:27+00:00","dateModified":"2018-01-20T20:18:36+00:00","breadcrumb":{"@id":"https:\/\/avrupapress.com\/2018\/01\/20\/brukselde-yeni-ulasim-hatlari\/#breadcrumb"},"inLanguage":"fr-BE","potentialAction":[{"@type":"ReadAction","target":["https:\/\/avrupapress.com\/2018\/01\/20\/brukselde-yeni-ulasim-hatlari\/"]}]},{"@type":"ImageObject","inLanguage":"fr-BE","@id":"https:\/\/avrupapress.com\/2018\/01\/20\/brukselde-yeni-ulasim-hatlari\/#primaryimage","url":"https:\/\/avrupapress.com\/main\/wp-content\/uploads\/2018\/01\/bruekselde-yeni-ulasim-hatlari-6146.jpg","contentUrl":"https:\/\/avrupapress.com\/main\/wp-content\/uploads\/2018\/01\/bruekselde-yeni-ulasim-hatlari-6146.jpg","width":640,"height":429},{"@type":"BreadcrumbList","@id":"https:\/\/avrupapress.com\/2018\/01\/20\/brukselde-yeni-ulasim-hatlari\/#breadcrumb","itemListElement":[{"@type":"ListItem","position":1,"name":"Anasayfa","item":"https:\/\/avrupapress.com\/"},{"@type":"ListItem","position":2,"name":"BR\u00dcKSEL\u2019de YEN\u0130 ULA\u015eIM HATLARI\u2026"}]},{"@type":"WebSite","@id":"https:\/\/avrupapress.com\/#website","url":"https:\/\/avrupapress.com\/","name":"AvrupaPress","description":"Haberin Adresi","publisher":{"@id":"https:\/\/avrupapress.com\/#\/schema\/person\/0223dca19c72c43575bf30d1a2d8f4fa"},"potentialAction":[{"@type":"SearchAction","target":{"@type":"EntryPoint","urlTemplate":"https:\/\/avrupapress.com\/?s={search_term_string}"},"query-input":{"@type":"PropertyValueSpecification","valueRequired":true,"valueName":"search_term_string"}}],"inLanguage":"fr-BE"},{"@type":["Person","Organization"],"@id":"https:\/\/avrupapress.com\/#\/schema\/person\/0223dca19c72c43575bf30d1a2d8f4fa","name":"Bilgin \u00d6z\u00e7ift\u00e7i","image":{"@type":"ImageObject","inLanguage":"fr-BE","@id":"https:\/\/avrupapress.com\/#\/schema\/person\/image\/","url":"https:\/\/secure.gravatar.com\/avatar\/0f23b280433a21e1ea7a0adcc46ed0ad16afe3ad8e630fd13d8a017dcbd54ef3?s=96&d=mm&r=g","contentUrl":"https:\/\/secure.gravatar.com\/avatar\/0f23b280433a21e1ea7a0adcc46ed0ad16afe3ad8e630fd13d8a017dcbd54ef3?s=96&d=mm&r=g","caption":"Bilgin \u00d6z\u00e7ift\u00e7i"},"logo":{"@id":"https:\/\/avrupapress.com\/#\/schema\/person\/image\/"},"description":"Ne ben, nede sen... Biz ancak \"biz\" olursak g\u00fc\u00e7l\u00fc olabiliriz"},{"@type":"Person","@id":"https:\/\/avrupapress.com\/#\/schema\/person\/68428444ec60970d1e1b700cf4ca1e8f","name":"Edit\u00f6r","image":{"@type":"ImageObject","inLanguage":"fr-BE","@id":"https:\/\/avrupapress.com\/#\/schema\/person\/image\/","url":"https:\/\/secure.gravatar.com\/avatar\/74996b0977aa5f1559ba9883776652508b229005c0d78fb2597897f0bd651c09?s=96&d=mm&r=g","contentUrl":"https:\/\/secure.gravatar.com\/avatar\/74996b0977aa5f1559ba9883776652508b229005c0d78fb2597897f0bd651c09?s=96&d=mm&r=g","caption":"Edit\u00f6r"},"sameAs":["http:\/\/www.avrupapress.com"],"url":"https:\/\/avrupapress.com\/main\/author\/editor\/"}]}},"_links":{"self":[{"href":"https:\/\/avrupapress.com\/main\/wp-json\/wp\/v2\/posts\/3908","targetHints":{"allow":["GET"]}}],"collection":[{"href":"https:\/\/avrupapress.com\/main\/wp-json\/wp\/v2\/posts"}],"about":[{"href":"https:\/\/avrupapress.com\/main\/wp-json\/wp\/v2\/types\/post"}],"author":[{"embeddable":true,"href":"https:\/\/avrupapress.com\/main\/wp-json\/wp\/v2\/users\/3"}],"replies":[{"embeddable":true,"href":"https:\/\/avrupapress.com\/main\/wp-json\/wp\/v2\/comments?post=3908"}],"version-history":[{"count":1,"href":"https:\/\/avrupapress.com\/main\/wp-json\/wp\/v2\/posts\/3908\/revisions"}],"predecessor-version":[{"id":3910,"href":"https:\/\/avrupapress.com\/main\/wp-json\/wp\/v2\/posts\/3908\/revisions\/3910"}],"wp:featuredmedia":[{"embeddable":true,"href":"https:\/\/avrupapress.com\/main\/wp-json\/wp\/v2\/media\/3909"}],"wp:attachment":[{"href":"https:\/\/avrupapress.com\/main\/wp-json\/wp\/v2\/media?parent=3908"}],"wp:term":[{"taxonomy":"category","embeddable":true,"href":"https:\/\/avrupapress.com\/main\/wp-json\/wp\/v2\/categories?post=3908"},{"taxonomy":"post_tag","embeddable":true,"href":"https:\/\/avrupapress.com\/main\/wp-json\/wp\/v2\/tags?post=3908"}],"curies":[{"name":"wp","href":"https:\/\/api.w.org\/{rel}","templated":true}]}}