{"id":36304,"date":"2026-09-05T21:20:56","date_gmt":"2026-09-05T21:20:56","guid":{"rendered":"https:\/\/avrupapress.com\/main\/?p=36304"},"modified":"2026-09-05T21:35:12","modified_gmt":"2026-09-05T21:35:12","slug":"genkte-fenerbahce-fan-club-acildi-sari-lacivertli-taraftarlarin-yeni-bulusma-noktasi-oldu","status":"publish","type":"post","link":"https:\/\/avrupapress.com\/main\/2026\/09\/05\/genkte-fenerbahce-fan-club-acildi-sari-lacivertli-taraftarlarin-yeni-bulusma-noktasi-oldu\/","title":{"rendered":"BEL\u00c7\u0130KA\u00a0GENK\u2019TE FENERBAH\u00c7E FAN CLUB A\u00c7ILDI: SARI-LAC\u0130VERTL\u0130 TARAFTARLARIN YEN\u0130 BULU\u015eMA NOKTASI OLDU"},"content":{"rendered":"<p><strong>BiLGIN \u00d6Z\u00c7\u0130FC\u0130 \/ BEL\u00c7\u0130KA \u2013 GENK<\/strong><\/p>\n<p><strong>Sar\u0131-lacivertli taraftarlar\u0131n bulu\u015fma noktas\u0131 b\u00fcy\u00fcd\u00fc: Fenerbah\u00e7e Fan Club Genk, yeni ve daha geni\u015f lokalinde faaliyetlerine h\u0131z verdi<\/strong><\/p>\n<p>Bel\u00e7ika\u2019n\u0131n Genk kentinde Fenerbah\u00e7e\u2019ye g\u00f6n\u00fcl veren taraftarlar\u0131 bir araya getiren Genk Fenerbah\u00e7eliler Fan Kul\u00fcb\u00fc, yeni ve daha geni\u015f lokalinin a\u00e7\u0131l\u0131\u015f\u0131yla faaliyetlerini yeni bir merkezde s\u00fcrd\u00fcr\u00fcyor. Temmuz 2026 itibar\u0131yla yeni adresine ta\u015f\u0131nan kul\u00fcp, sar\u0131-lacivertli taraftarlar\u0131n bulu\u015fma noktas\u0131 olma yolunda \u00e7al\u0131\u015fmalar\u0131n\u0131 b\u00fcy\u00fct\u00fcyor.<br \/>\nZaveldriesstraat 23, 3600 Genk adresindeki yeni lokal i\u00e7in d\u00fczenlenen a\u00e7\u0131l\u0131\u015f program\u0131na Anvers Ba\u015fkonsolosu \u0130smail Sefa Y\u00fcceer, UID Bel\u00e7ika Halkla \u0130li\u015fkiler Ba\u015fkan\u0131 Y\u0131lmaz Kurtal, Ali \u00c7a\u011flar, Genk Belediye Ba\u015fkan\u0131 Wim Dries, siyaset\u00e7iler ve \u00e7ok say\u0131da Fenerbah\u00e7e taraftar\u0131 kat\u0131ld\u0131.<br \/>\nA\u00e7\u0131l\u0131\u015fta Fenerbah\u00e7e sevgisi ve taraftar dayan\u0131\u015fmas\u0131 \u00f6n plana \u00e7\u0131karken, kul\u00fcp y\u00f6neticileri yeni merkezin yaln\u0131zca ma\u00e7lar\u0131n izlendi\u011fi bir mek\u00e2n de\u011fil, Genk ve \u00e7evresindeki Fenerbah\u00e7elilerin sosyal anlamda da bulu\u015faca\u011f\u0131 bir adres olaca\u011f\u0131n\u0131 vurgulad\u0131.<br \/>\nYeni lokal, \u00f6zellikle S\u00fcper Lig ve Avrupa kupas\u0131 kar\u015f\u0131la\u015fmalar\u0131nda sar\u0131-lacivertli taraftarlar\u0131 dev ekran kar\u015f\u0131s\u0131nda bulu\u015fturuyor. Kul\u00fcp b\u00fcnyesinde ayr\u0131ca sosyal etkinlikler, mangal organizasyonlar\u0131 ve \u00e7e\u015fitli taraftar bulu\u015fmalar\u0131 d\u00fczenleniyor.<br \/>\nKul\u00fcp Ba\u015fkan\u0131 Hac\u0131 Bayram Dursun, y\u00f6netimden M\u00fccahit \u0130rtem ve di\u011fer y\u00f6neticiler, a\u00e7\u0131l\u0131\u015fa kat\u0131lan misafirlere ev sahipli\u011fi yaparken, kul\u00fcb\u00fcn faaliyetlerinin \u00f6n\u00fcm\u00fczdeki d\u00f6nemde daha da geni\u015fletilmesinin hedeflendi\u011fi belirtildi. Ma\u00e7 ve etkinlik organizasyonlar\u0131na kat\u0131lacak \u00fcyelerin \u00fcyelik kartlar\u0131n\u0131 (lidkaart) yanlar\u0131nda bulundurmalar\u0131 gerekiyor.<br \/>\nGenk Fenerbah\u00e7eliler Fan Kul\u00fcb\u00fc\u2019n\u00fcn etkinlikleri, \u00fcyelik \u015fartlar\u0131 ve ma\u00e7 organizasyonlar\u0131na ili\u015fkin g\u00fcncel duyurular ise kul\u00fcb\u00fcn resmi sosyal medya hesaplar\u0131ndan takip edilebiliyor.<\/p>\n<p><strong>Bilgin \u00d6z\u00e7ifci\u00a0 \/\u00a0 AvrupaPress | Genk<\/strong><\/p>\n","protected":false},"excerpt":{"rendered":"<p>BiLGIN \u00d6Z\u00c7\u0130FC\u0130 \/ BEL\u00c7\u0130KA \u2013 GENK Sar\u0131-lacivertli taraftarlar\u0131n bulu\u015fma noktas\u0131 b\u00fcy\u00fcd\u00fc: Fenerbah\u00e7e Fan Club Genk, yeni ve daha geni\u015f lokalinde faaliyetlerine h\u0131z verdi Bel\u00e7ika\u2019n\u0131n Genk kentinde Fenerbah\u00e7e\u2019ye g\u00f6n\u00fcl veren taraftarlar\u0131 bir araya getiren Genk Fenerbah\u00e7eliler Fan Kul\u00fcb\u00fc, yeni ve daha geni\u015f lokalinin a\u00e7\u0131l\u0131\u015f\u0131yla faaliyetlerini yeni bir merkezde s\u00fcrd\u00fcr\u00fcyor. Temmuz 2026 itibar\u0131yla yeni adresine ta\u015f\u0131nan kul\u00fcp, [&hellip;]<\/p>\n","protected":false},"author":3,"featured_media":36307,"comment_status":"closed","ping_status":"open","sticky":false,"template":"","format":"standard","meta":{"footnotes":""},"categories":[14,16,3,17,18,15,19,2,1],"tags":[],"class_list":["post-36304","post","type-post","status-publish","format-standard","has-post-thumbnail","hentry","category-avrupa","category-belcika","category-dunya","category-ekonomi","category-kultur-sanat","category-spor","category-tanitim","category-turkiye","category-uncategorized"],"yoast_head":"<!-- This site is optimized with the Yoast SEO plugin v26.9 - https:\/\/yoast.com\/product\/yoast-seo-wordpress\/ -->\n<title>BEL\u00c7\u0130KA\u00a0GENK\u2019TE FENERBAH\u00c7E FAN CLUB A\u00c7ILDI: SARI-LAC\u0130VERTL\u0130 TARAFTARLARIN YEN\u0130 BULU\u015eMA NOKTASI OLDU - AvrupaPress<\/title>\n<meta name=\"robots\" content=\"index, follow, max-snippet:-1, max-image-preview:large, max-video-preview:-1\" \/>\n<link rel=\"canonical\" href=\"https:\/\/avrupapress.com\/main\/2026\/09\/05\/genkte-fenerbahce-fan-club-acildi-sari-lacivertli-taraftarlarin-yeni-bulusma-noktasi-oldu\/\" \/>\n<meta property=\"og:locale\" content=\"fr_FR\" \/>\n<meta property=\"og:type\" content=\"article\" \/>\n<meta property=\"og:title\" content=\"BEL\u00c7\u0130KA\u00a0GENK\u2019TE FENERBAH\u00c7E FAN CLUB A\u00c7ILDI: SARI-LAC\u0130VERTL\u0130 TARAFTARLARIN YEN\u0130 BULU\u015eMA NOKTASI OLDU - AvrupaPress\" \/>\n<meta property=\"og:description\" content=\"BiLGIN \u00d6Z\u00c7\u0130FC\u0130 \/ BEL\u00c7\u0130KA \u2013 GENK Sar\u0131-lacivertli taraftarlar\u0131n bulu\u015fma noktas\u0131 b\u00fcy\u00fcd\u00fc: Fenerbah\u00e7e Fan Club Genk, yeni ve daha geni\u015f lokalinde faaliyetlerine h\u0131z verdi Bel\u00e7ika\u2019n\u0131n Genk kentinde Fenerbah\u00e7e\u2019ye g\u00f6n\u00fcl veren taraftarlar\u0131 bir araya getiren Genk Fenerbah\u00e7eliler Fan Kul\u00fcb\u00fc, yeni ve daha geni\u015f lokalinin a\u00e7\u0131l\u0131\u015f\u0131yla faaliyetlerini yeni bir merkezde s\u00fcrd\u00fcr\u00fcyor. Temmuz 2026 itibar\u0131yla yeni adresine ta\u015f\u0131nan kul\u00fcp, [&hellip;]\" \/>\n<meta property=\"og:url\" content=\"https:\/\/avrupapress.com\/main\/2026\/09\/05\/genkte-fenerbahce-fan-club-acildi-sari-lacivertli-taraftarlarin-yeni-bulusma-noktasi-oldu\/\" \/>\n<meta property=\"og:site_name\" content=\"AvrupaPress\" \/>\n<meta property=\"article:published_time\" content=\"2026-09-05T21:20:56+00:00\" \/>\n<meta property=\"article:modified_time\" content=\"2026-09-05T21:35:12+00:00\" \/>\n<meta property=\"og:image\" content=\"https:\/\/avrupapress.com\/main\/wp-content\/uploads\/2026\/09\/FB_IMG_1788643797432.jpg\" \/>\n\t<meta property=\"og:image:width\" content=\"2048\" \/>\n\t<meta property=\"og:image:height\" content=\"1536\" \/>\n\t<meta property=\"og:image:type\" content=\"image\/jpeg\" \/>\n<meta name=\"author\" content=\"Edit\u00f6r\" \/>\n<meta name=\"twitter:card\" content=\"summary_large_image\" \/>\n<meta name=\"twitter:label1\" content=\"\u00c9crit par\" \/>\n\t<meta name=\"twitter:data1\" content=\"Edit\u00f6r\" \/>\n\t<meta name=\"twitter:label2\" content=\"Dur\u00e9e de lecture est.\" \/>\n\t<meta name=\"twitter:data2\" content=\"2 minutes\" \/>\n<script type=\"application\/ld+json\" class=\"yoast-schema-graph\">{\"@context\":\"https:\/\/schema.org\",\"@graph\":[{\"@type\":\"Article\",\"@id\":\"https:\/\/avrupapress.com\/main\/2026\/09\/05\/genkte-fenerbahce-fan-club-acildi-sari-lacivertli-taraftarlarin-yeni-bulusma-noktasi-oldu\/#article\",\"isPartOf\":{\"@id\":\"https:\/\/avrupapress.com\/main\/2026\/09\/05\/genkte-fenerbahce-fan-club-acildi-sari-lacivertli-taraftarlarin-yeni-bulusma-noktasi-oldu\/\"},\"author\":{\"name\":\"Edit\u00f6r\",\"@id\":\"https:\/\/avrupapress.com\/#\/schema\/person\/68428444ec60970d1e1b700cf4ca1e8f\"},\"headline\":\"BEL\u00c7\u0130KA\u00a0GENK\u2019TE FENERBAH\u00c7E FAN CLUB A\u00c7ILDI: SARI-LAC\u0130VERTL\u0130 TARAFTARLARIN YEN\u0130 BULU\u015eMA NOKTASI OLDU\",\"datePublished\":\"2026-09-05T21:20:56+00:00\",\"dateModified\":\"2026-09-05T21:35:12+00:00\",\"mainEntityOfPage\":{\"@id\":\"https:\/\/avrupapress.com\/main\/2026\/09\/05\/genkte-fenerbahce-fan-club-acildi-sari-lacivertli-taraftarlarin-yeni-bulusma-noktasi-oldu\/\"},\"wordCount\":345,\"publisher\":{\"@id\":\"https:\/\/avrupapress.com\/#\/schema\/person\/0223dca19c72c43575bf30d1a2d8f4fa\"},\"image\":{\"@id\":\"https:\/\/avrupapress.com\/main\/2026\/09\/05\/genkte-fenerbahce-fan-club-acildi-sari-lacivertli-taraftarlarin-yeni-bulusma-noktasi-oldu\/#primaryimage\"},\"thumbnailUrl\":\"https:\/\/avrupapress.com\/main\/wp-content\/uploads\/2026\/09\/FB_IMG_1788643797432.jpg\",\"articleSection\":[\"Avrupa\",\"Bel\u00e7ika\",\"D\u00fcnya\",\"Ekonomi\",\"K\u00fclt\u00fcr-Sanat\",\"Spor\",\"Tan\u0131t\u0131m\",\"T\u00fcrkiye\",\"Uncategorized\"],\"inLanguage\":\"fr-BE\"},{\"@type\":\"WebPage\",\"@id\":\"https:\/\/avrupapress.com\/main\/2026\/09\/05\/genkte-fenerbahce-fan-club-acildi-sari-lacivertli-taraftarlarin-yeni-bulusma-noktasi-oldu\/\",\"url\":\"https:\/\/avrupapress.com\/main\/2026\/09\/05\/genkte-fenerbahce-fan-club-acildi-sari-lacivertli-taraftarlarin-yeni-bulusma-noktasi-oldu\/\",\"name\":\"BEL\u00c7\u0130KA\u00a0GENK\u2019TE FENERBAH\u00c7E FAN CLUB A\u00c7ILDI: SARI-LAC\u0130VERTL\u0130 TARAFTARLARIN YEN\u0130 BULU\u015eMA NOKTASI OLDU - AvrupaPress\",\"isPartOf\":{\"@id\":\"https:\/\/avrupapress.com\/#website\"},\"primaryImageOfPage\":{\"@id\":\"https:\/\/avrupapress.com\/main\/2026\/09\/05\/genkte-fenerbahce-fan-club-acildi-sari-lacivertli-taraftarlarin-yeni-bulusma-noktasi-oldu\/#primaryimage\"},\"image\":{\"@id\":\"https:\/\/avrupapress.com\/main\/2026\/09\/05\/genkte-fenerbahce-fan-club-acildi-sari-lacivertli-taraftarlarin-yeni-bulusma-noktasi-oldu\/#primaryimage\"},\"thumbnailUrl\":\"https:\/\/avrupapress.com\/main\/wp-content\/uploads\/2026\/09\/FB_IMG_1788643797432.jpg\",\"datePublished\":\"2026-09-05T21:20:56+00:00\",\"dateModified\":\"2026-09-05T21:35:12+00:00\",\"breadcrumb\":{\"@id\":\"https:\/\/avrupapress.com\/main\/2026\/09\/05\/genkte-fenerbahce-fan-club-acildi-sari-lacivertli-taraftarlarin-yeni-bulusma-noktasi-oldu\/#breadcrumb\"},\"inLanguage\":\"fr-BE\",\"potentialAction\":[{\"@type\":\"ReadAction\",\"target\":[\"https:\/\/avrupapress.com\/main\/2026\/09\/05\/genkte-fenerbahce-fan-club-acildi-sari-lacivertli-taraftarlarin-yeni-bulusma-noktasi-oldu\/\"]}]},{\"@type\":\"ImageObject\",\"inLanguage\":\"fr-BE\",\"@id\":\"https:\/\/avrupapress.com\/main\/2026\/09\/05\/genkte-fenerbahce-fan-club-acildi-sari-lacivertli-taraftarlarin-yeni-bulusma-noktasi-oldu\/#primaryimage\",\"url\":\"https:\/\/avrupapress.com\/main\/wp-content\/uploads\/2026\/09\/FB_IMG_1788643797432.jpg\",\"contentUrl\":\"https:\/\/avrupapress.com\/main\/wp-content\/uploads\/2026\/09\/FB_IMG_1788643797432.jpg\",\"width\":2048,\"height\":1536},{\"@type\":\"BreadcrumbList\",\"@id\":\"https:\/\/avrupapress.com\/main\/2026\/09\/05\/genkte-fenerbahce-fan-club-acildi-sari-lacivertli-taraftarlarin-yeni-bulusma-noktasi-oldu\/#breadcrumb\",\"itemListElement\":[{\"@type\":\"ListItem\",\"position\":1,\"name\":\"Anasayfa\",\"item\":\"https:\/\/avrupapress.com\/\"},{\"@type\":\"ListItem\",\"position\":2,\"name\":\"BEL\u00c7\u0130KA\u00a0GENK\u2019TE FENERBAH\u00c7E FAN CLUB A\u00c7ILDI: SARI-LAC\u0130VERTL\u0130 TARAFTARLARIN YEN\u0130 BULU\u015eMA NOKTASI OLDU\"}]},{\"@type\":\"WebSite\",\"@id\":\"https:\/\/avrupapress.com\/#website\",\"url\":\"https:\/\/avrupapress.com\/\",\"name\":\"AvrupaPress\",\"description\":\"Haberin Adresi\",\"publisher\":{\"@id\":\"https:\/\/avrupapress.com\/#\/schema\/person\/0223dca19c72c43575bf30d1a2d8f4fa\"},\"potentialAction\":[{\"@type\":\"SearchAction\",\"target\":{\"@type\":\"EntryPoint\",\"urlTemplate\":\"https:\/\/avrupapress.com\/?s={search_term_string}\"},\"query-input\":{\"@type\":\"PropertyValueSpecification\",\"valueRequired\":true,\"valueName\":\"search_term_string\"}}],\"inLanguage\":\"fr-BE\"},{\"@type\":[\"Person\",\"Organization\"],\"@id\":\"https:\/\/avrupapress.com\/#\/schema\/person\/0223dca19c72c43575bf30d1a2d8f4fa\",\"name\":\"Bilgin \u00d6z\u00e7ift\u00e7i\",\"image\":{\"@type\":\"ImageObject\",\"inLanguage\":\"fr-BE\",\"@id\":\"https:\/\/avrupapress.com\/#\/schema\/person\/image\/\",\"url\":\"https:\/\/secure.gravatar.com\/avatar\/0f23b280433a21e1ea7a0adcc46ed0ad16afe3ad8e630fd13d8a017dcbd54ef3?s=96&d=mm&r=g\",\"contentUrl\":\"https:\/\/secure.gravatar.com\/avatar\/0f23b280433a21e1ea7a0adcc46ed0ad16afe3ad8e630fd13d8a017dcbd54ef3?s=96&d=mm&r=g\",\"caption\":\"Bilgin \u00d6z\u00e7ift\u00e7i\"},\"logo\":{\"@id\":\"https:\/\/avrupapress.com\/#\/schema\/person\/image\/\"},\"description\":\"Ne ben, nede sen... Biz ancak \\\"biz\\\" olursak g\u00fc\u00e7l\u00fc olabiliriz\"},{\"@type\":\"Person\",\"@id\":\"https:\/\/avrupapress.com\/#\/schema\/person\/68428444ec60970d1e1b700cf4ca1e8f\",\"name\":\"Edit\u00f6r\",\"image\":{\"@type\":\"ImageObject\",\"inLanguage\":\"fr-BE\",\"@id\":\"https:\/\/avrupapress.com\/#\/schema\/person\/image\/\",\"url\":\"https:\/\/secure.gravatar.com\/avatar\/74996b0977aa5f1559ba9883776652508b229005c0d78fb2597897f0bd651c09?s=96&d=mm&r=g\",\"contentUrl\":\"https:\/\/secure.gravatar.com\/avatar\/74996b0977aa5f1559ba9883776652508b229005c0d78fb2597897f0bd651c09?s=96&d=mm&r=g\",\"caption\":\"Edit\u00f6r\"},\"sameAs\":[\"http:\/\/www.avrupapress.com\"],\"url\":\"https:\/\/avrupapress.com\/main\/author\/editor\/\"}]}<\/script>\n<!-- \/ Yoast SEO plugin. -->","yoast_head_json":{"title":"BEL\u00c7\u0130KA\u00a0GENK\u2019TE FENERBAH\u00c7E FAN CLUB A\u00c7ILDI: SARI-LAC\u0130VERTL\u0130 TARAFTARLARIN YEN\u0130 BULU\u015eMA NOKTASI OLDU - AvrupaPress","robots":{"index":"index","follow":"follow","max-snippet":"max-snippet:-1","max-image-preview":"max-image-preview:large","max-video-preview":"max-video-preview:-1"},"canonical":"https:\/\/avrupapress.com\/main\/2026\/09\/05\/genkte-fenerbahce-fan-club-acildi-sari-lacivertli-taraftarlarin-yeni-bulusma-noktasi-oldu\/","og_locale":"fr_FR","og_type":"article","og_title":"BEL\u00c7\u0130KA\u00a0GENK\u2019TE FENERBAH\u00c7E FAN CLUB A\u00c7ILDI: SARI-LAC\u0130VERTL\u0130 TARAFTARLARIN YEN\u0130 BULU\u015eMA NOKTASI OLDU - AvrupaPress","og_description":"BiLGIN \u00d6Z\u00c7\u0130FC\u0130 \/ BEL\u00c7\u0130KA \u2013 GENK Sar\u0131-lacivertli taraftarlar\u0131n bulu\u015fma noktas\u0131 b\u00fcy\u00fcd\u00fc: Fenerbah\u00e7e Fan Club Genk, yeni ve daha geni\u015f lokalinde faaliyetlerine h\u0131z verdi Bel\u00e7ika\u2019n\u0131n Genk kentinde Fenerbah\u00e7e\u2019ye g\u00f6n\u00fcl veren taraftarlar\u0131 bir araya getiren Genk Fenerbah\u00e7eliler Fan Kul\u00fcb\u00fc, yeni ve daha geni\u015f lokalinin a\u00e7\u0131l\u0131\u015f\u0131yla faaliyetlerini yeni bir merkezde s\u00fcrd\u00fcr\u00fcyor. Temmuz 2026 itibar\u0131yla yeni adresine ta\u015f\u0131nan kul\u00fcp, [&hellip;]","og_url":"https:\/\/avrupapress.com\/main\/2026\/09\/05\/genkte-fenerbahce-fan-club-acildi-sari-lacivertli-taraftarlarin-yeni-bulusma-noktasi-oldu\/","og_site_name":"AvrupaPress","article_published_time":"2026-09-05T21:20:56+00:00","article_modified_time":"2026-09-05T21:35:12+00:00","og_image":[{"width":2048,"height":1536,"url":"https:\/\/avrupapress.com\/main\/wp-content\/uploads\/2026\/09\/FB_IMG_1788643797432.jpg","type":"image\/jpeg"}],"author":"Edit\u00f6r","twitter_card":"summary_large_image","twitter_misc":{"\u00c9crit par":"Edit\u00f6r","Dur\u00e9e de lecture est.":"2 minutes"},"schema":{"@context":"https:\/\/schema.org","@graph":[{"@type":"Article","@id":"https:\/\/avrupapress.com\/main\/2026\/09\/05\/genkte-fenerbahce-fan-club-acildi-sari-lacivertli-taraftarlarin-yeni-bulusma-noktasi-oldu\/#article","isPartOf":{"@id":"https:\/\/avrupapress.com\/main\/2026\/09\/05\/genkte-fenerbahce-fan-club-acildi-sari-lacivertli-taraftarlarin-yeni-bulusma-noktasi-oldu\/"},"author":{"name":"Edit\u00f6r","@id":"https:\/\/avrupapress.com\/#\/schema\/person\/68428444ec60970d1e1b700cf4ca1e8f"},"headline":"BEL\u00c7\u0130KA\u00a0GENK\u2019TE FENERBAH\u00c7E FAN CLUB A\u00c7ILDI: SARI-LAC\u0130VERTL\u0130 TARAFTARLARIN YEN\u0130 BULU\u015eMA NOKTASI OLDU","datePublished":"2026-09-05T21:20:56+00:00","dateModified":"2026-09-05T21:35:12+00:00","mainEntityOfPage":{"@id":"https:\/\/avrupapress.com\/main\/2026\/09\/05\/genkte-fenerbahce-fan-club-acildi-sari-lacivertli-taraftarlarin-yeni-bulusma-noktasi-oldu\/"},"wordCount":345,"publisher":{"@id":"https:\/\/avrupapress.com\/#\/schema\/person\/0223dca19c72c43575bf30d1a2d8f4fa"},"image":{"@id":"https:\/\/avrupapress.com\/main\/2026\/09\/05\/genkte-fenerbahce-fan-club-acildi-sari-lacivertli-taraftarlarin-yeni-bulusma-noktasi-oldu\/#primaryimage"},"thumbnailUrl":"https:\/\/avrupapress.com\/main\/wp-content\/uploads\/2026\/09\/FB_IMG_1788643797432.jpg","articleSection":["Avrupa","Bel\u00e7ika","D\u00fcnya","Ekonomi","K\u00fclt\u00fcr-Sanat","Spor","Tan\u0131t\u0131m","T\u00fcrkiye","Uncategorized"],"inLanguage":"fr-BE"},{"@type":"WebPage","@id":"https:\/\/avrupapress.com\/main\/2026\/09\/05\/genkte-fenerbahce-fan-club-acildi-sari-lacivertli-taraftarlarin-yeni-bulusma-noktasi-oldu\/","url":"https:\/\/avrupapress.com\/main\/2026\/09\/05\/genkte-fenerbahce-fan-club-acildi-sari-lacivertli-taraftarlarin-yeni-bulusma-noktasi-oldu\/","name":"BEL\u00c7\u0130KA\u00a0GENK\u2019TE FENERBAH\u00c7E FAN CLUB A\u00c7ILDI: SARI-LAC\u0130VERTL\u0130 TARAFTARLARIN YEN\u0130 BULU\u015eMA NOKTASI OLDU - AvrupaPress","isPartOf":{"@id":"https:\/\/avrupapress.com\/#website"},"primaryImageOfPage":{"@id":"https:\/\/avrupapress.com\/main\/2026\/09\/05\/genkte-fenerbahce-fan-club-acildi-sari-lacivertli-taraftarlarin-yeni-bulusma-noktasi-oldu\/#primaryimage"},"image":{"@id":"https:\/\/avrupapress.com\/main\/2026\/09\/05\/genkte-fenerbahce-fan-club-acildi-sari-lacivertli-taraftarlarin-yeni-bulusma-noktasi-oldu\/#primaryimage"},"thumbnailUrl":"https:\/\/avrupapress.com\/main\/wp-content\/uploads\/2026\/09\/FB_IMG_1788643797432.jpg","datePublished":"2026-09-05T21:20:56+00:00","dateModified":"2026-09-05T21:35:12+00:00","breadcrumb":{"@id":"https:\/\/avrupapress.com\/main\/2026\/09\/05\/genkte-fenerbahce-fan-club-acildi-sari-lacivertli-taraftarlarin-yeni-bulusma-noktasi-oldu\/#breadcrumb"},"inLanguage":"fr-BE","potentialAction":[{"@type":"ReadAction","target":["https:\/\/avrupapress.com\/main\/2026\/09\/05\/genkte-fenerbahce-fan-club-acildi-sari-lacivertli-taraftarlarin-yeni-bulusma-noktasi-oldu\/"]}]},{"@type":"ImageObject","inLanguage":"fr-BE","@id":"https:\/\/avrupapress.com\/main\/2026\/09\/05\/genkte-fenerbahce-fan-club-acildi-sari-lacivertli-taraftarlarin-yeni-bulusma-noktasi-oldu\/#primaryimage","url":"https:\/\/avrupapress.com\/main\/wp-content\/uploads\/2026\/09\/FB_IMG_1788643797432.jpg","contentUrl":"https:\/\/avrupapress.com\/main\/wp-content\/uploads\/2026\/09\/FB_IMG_1788643797432.jpg","width":2048,"height":1536},{"@type":"BreadcrumbList","@id":"https:\/\/avrupapress.com\/main\/2026\/09\/05\/genkte-fenerbahce-fan-club-acildi-sari-lacivertli-taraftarlarin-yeni-bulusma-noktasi-oldu\/#breadcrumb","itemListElement":[{"@type":"ListItem","position":1,"name":"Anasayfa","item":"https:\/\/avrupapress.com\/"},{"@type":"ListItem","position":2,"name":"BEL\u00c7\u0130KA\u00a0GENK\u2019TE FENERBAH\u00c7E FAN CLUB A\u00c7ILDI: SARI-LAC\u0130VERTL\u0130 TARAFTARLARIN YEN\u0130 BULU\u015eMA NOKTASI OLDU"}]},{"@type":"WebSite","@id":"https:\/\/avrupapress.com\/#website","url":"https:\/\/avrupapress.com\/","name":"AvrupaPress","description":"Haberin Adresi","publisher":{"@id":"https:\/\/avrupapress.com\/#\/schema\/person\/0223dca19c72c43575bf30d1a2d8f4fa"},"potentialAction":[{"@type":"SearchAction","target":{"@type":"EntryPoint","urlTemplate":"https:\/\/avrupapress.com\/?s={search_term_string}"},"query-input":{"@type":"PropertyValueSpecification","valueRequired":true,"valueName":"search_term_string"}}],"inLanguage":"fr-BE"},{"@type":["Person","Organization"],"@id":"https:\/\/avrupapress.com\/#\/schema\/person\/0223dca19c72c43575bf30d1a2d8f4fa","name":"Bilgin \u00d6z\u00e7ift\u00e7i","image":{"@type":"ImageObject","inLanguage":"fr-BE","@id":"https:\/\/avrupapress.com\/#\/schema\/person\/image\/","url":"https:\/\/secure.gravatar.com\/avatar\/0f23b280433a21e1ea7a0adcc46ed0ad16afe3ad8e630fd13d8a017dcbd54ef3?s=96&d=mm&r=g","contentUrl":"https:\/\/secure.gravatar.com\/avatar\/0f23b280433a21e1ea7a0adcc46ed0ad16afe3ad8e630fd13d8a017dcbd54ef3?s=96&d=mm&r=g","caption":"Bilgin \u00d6z\u00e7ift\u00e7i"},"logo":{"@id":"https:\/\/avrupapress.com\/#\/schema\/person\/image\/"},"description":"Ne ben, nede sen... Biz ancak \"biz\" olursak g\u00fc\u00e7l\u00fc olabiliriz"},{"@type":"Person","@id":"https:\/\/avrupapress.com\/#\/schema\/person\/68428444ec60970d1e1b700cf4ca1e8f","name":"Edit\u00f6r","image":{"@type":"ImageObject","inLanguage":"fr-BE","@id":"https:\/\/avrupapress.com\/#\/schema\/person\/image\/","url":"https:\/\/secure.gravatar.com\/avatar\/74996b0977aa5f1559ba9883776652508b229005c0d78fb2597897f0bd651c09?s=96&d=mm&r=g","contentUrl":"https:\/\/secure.gravatar.com\/avatar\/74996b0977aa5f1559ba9883776652508b229005c0d78fb2597897f0bd651c09?s=96&d=mm&r=g","caption":"Edit\u00f6r"},"sameAs":["http:\/\/www.avrupapress.com"],"url":"https:\/\/avrupapress.com\/main\/author\/editor\/"}]}},"_links":{"self":[{"href":"https:\/\/avrupapress.com\/main\/wp-json\/wp\/v2\/posts\/36304","targetHints":{"allow":["GET"]}}],"collection":[{"href":"https:\/\/avrupapress.com\/main\/wp-json\/wp\/v2\/posts"}],"about":[{"href":"https:\/\/avrupapress.com\/main\/wp-json\/wp\/v2\/types\/post"}],"author":[{"embeddable":true,"href":"https:\/\/avrupapress.com\/main\/wp-json\/wp\/v2\/users\/3"}],"replies":[{"embeddable":true,"href":"https:\/\/avrupapress.com\/main\/wp-json\/wp\/v2\/comments?post=36304"}],"version-history":[{"count":3,"href":"https:\/\/avrupapress.com\/main\/wp-json\/wp\/v2\/posts\/36304\/revisions"}],"predecessor-version":[{"id":36309,"href":"https:\/\/avrupapress.com\/main\/wp-json\/wp\/v2\/posts\/36304\/revisions\/36309"}],"wp:featuredmedia":[{"embeddable":true,"href":"https:\/\/avrupapress.com\/main\/wp-json\/wp\/v2\/media\/36307"}],"wp:attachment":[{"href":"https:\/\/avrupapress.com\/main\/wp-json\/wp\/v2\/media?parent=36304"}],"wp:term":[{"taxonomy":"category","embeddable":true,"href":"https:\/\/avrupapress.com\/main\/wp-json\/wp\/v2\/categories?post=36304"},{"taxonomy":"post_tag","embeddable":true,"href":"https:\/\/avrupapress.com\/main\/wp-json\/wp\/v2\/tags?post=36304"}],"curies":[{"name":"wp","href":"https:\/\/api.w.org\/{rel}","templated":true}]}}