{"id":36301,"date":"2026-09-05T19:20:39","date_gmt":"2026-09-05T19:20:39","guid":{"rendered":"https:\/\/avrupapress.com\/main\/?p=36301"},"modified":"2026-09-05T19:20:44","modified_gmt":"2026-09-05T19:20:44","slug":"filenin-sultanlari-avrupa-sampiyonasinda-finalde","status":"publish","type":"post","link":"https:\/\/avrupapress.com\/main\/2026\/09\/05\/filenin-sultanlari-avrupa-sampiyonasinda-finalde\/","title":{"rendered":"Filenin Sultanlar\u0131 Avrupa \u015eampiyonas\u0131&rsquo;nda finalde"},"content":{"rendered":"<h2>BILGIN\u00a0 OZCIFCI\u00a0 \/ SIRBISTAN<\/h2>\n<h2 class=\"news-spot\">A Milli Kad\u0131n Voleybol Tak\u0131m\u0131m\u0131z, Avrupa \u015eampiyonas\u0131&rsquo;nda S\u0131rbistan&rsquo;\u0131 3-0 yenerek finale y\u00fckseldi. Filenin Sultanlar\u0131, yar\u0131n finalde Polonya-\u0130talya m\u00fcsabakas\u0131n\u0131n galibiyle kar\u015f\u0131la\u015facak.<\/h2>\n<div class=\"news-image\"><picture><source srcset=\"https:\/\/trthaberstatic.cdn.wp.trt.com.tr\/resimler\/2486000\/filenin-sultanlari-2487138_3.jpg\" media=\"(max-width: 320px)\" data-srcset=\"https:\/\/trthaberstatic.cdn.wp.trt.com.tr\/resimler\/2486000\/filenin-sultanlari-2487138_3.jpg\" \/><source srcset=\"https:\/\/trthaberstatic.cdn.wp.trt.com.tr\/resimler\/2486000\/filenin-sultanlari-2487138_2.jpg\" media=\"(max-width: 576px)\" data-srcset=\"https:\/\/trthaberstatic.cdn.wp.trt.com.tr\/resimler\/2486000\/filenin-sultanlari-2487138_2.jpg\" \/><source srcset=\"https:\/\/trthaberstatic.cdn.wp.trt.com.tr\/resimler\/2486000\/filenin-sultanlari-2487138_1.jpg\" media=\"(max-width: 1470px)\" data-srcset=\"https:\/\/trthaberstatic.cdn.wp.trt.com.tr\/resimler\/2486000\/filenin-sultanlari-2487138_1.jpg\" \/><source srcset=\"https:\/\/trthaberstatic.cdn.wp.trt.com.tr\/resimler\/2486000\/filenin-sultanlari-2487138.jpg\" data-srcset=\"https:\/\/trthaberstatic.cdn.wp.trt.com.tr\/resimler\/2486000\/filenin-sultanlari-2487138.jpg\" \/><img loading=\"lazy\" decoding=\"async\" class=\" lazyloaded\" src=\"https:\/\/trthaberstatic.cdn.wp.trt.com.tr\/resimler\/2486000\/filenin-sultanlari-2487138.jpg\" alt=\"Filenin Sultanlar\u0131 finalde\" width=\"1013\" height=\"569\" data-src=\"https:\/\/trthaberstatic.cdn.wp.trt.com.tr\/resimler\/2486000\/filenin-sultanlari-2487138.jpg\" \/><\/picture><\/div>\n<div class=\"social-links-container\">\n<p>&nbsp;<\/p>\n<\/div>\n<div class=\"news-content\">\n<p>Ay-y\u0131ld\u0131zl\u0131 ekip, Eda Erdem D\u00fcndar ve Melissa Vargas&rsquo;\u0131n etkili performans\u0131yla Sinan Erdem Spor Salonu&rsquo;nda oynanan yar\u0131 final ma\u00e7\u0131n\u0131n ilk setini 25-20 kazand\u0131.<\/p>\n<p>\u0130kinci sete de iyi ba\u015flayan milli tak\u0131m, Zehra G\u00fcne\u015f&rsquo;in blo\u011fuyla 3-0&rsquo;l\u0131k seri yakalad\u0131: 7-3. Sonras\u0131nda toparlanan S\u0131rbistan, Vargas&rsquo;\u0131n 3 metre \u00e7izgisi ihlali sonras\u0131nda beraberli\u011fi sa\u011flad\u0131: 12-12. Ard\u0131ndan toparlanan ay-y\u0131ld\u0131zl\u0131lar, setin sonlar\u0131na do\u011fru Eda Erdem D\u00fcndar&rsquo;\u0131n smac\u0131yla fark\u0131 6&rsquo;ya \u00e7\u0131kard\u0131: 23-17. Milli tak\u0131m, hata yapmayarak kar\u015f\u0131la\u015fman\u0131n ikinci setini 25-19 kazand\u0131. Ayr\u0131ca ikinci sette T\u00fcrkiye 2-1 \u00f6ne ge\u00e7tikten sonra S\u0131rbistan Ba\u015fantren\u00f6r\u00fc Zoran Terzic \u00ab\u00a0challenge\u00a0\u00bb hakk\u0131n\u0131 kulland\u0131. Say\u0131n\u0131n tekrardan T\u00fcrkiye lehine verilmesinin ard\u0131ndan itirazlar\u0131na devam eden Terzic, ma\u00e7\u0131n hakemi taraf\u0131ndan sar\u0131 kartla cezaland\u0131r\u0131ld\u0131.<\/p>\n<p>&nbsp;<\/p>\n<p><img decoding=\"async\" src=\"https:\/\/www.trthaber.com\/dosyalar\/images\/AA-42391637.jpg\" alt=\"Filenin Sultanlar\u0131 finalde\" \/><\/p>\n<p>&nbsp;<\/p>\n<p>Taraftar deste\u011fini arkas\u0131na alan ay-y\u0131ld\u0131zl\u0131lar, Vargas&rsquo;\u0131n smac\u0131yla \u00fc\u00e7\u00fcnc\u00fc sete 4-0 \u00fcst\u00fcn ba\u015flad\u0131. Sonras\u0131nda rakibi kar\u015f\u0131s\u0131ndaki \u00fcst\u00fcn oyununu devam ettiren T\u00fcrkiye, Eda Erdem D\u00fcndar&rsquo;\u0131n plasesiyle fark\u0131 7&rsquo;ye \u00e7\u0131kard\u0131: 10-3. H\u00fcc\u00fcmdaki etkili performans\u0131n\u0131 devam ettiren milli tak\u0131m, Elif \u015eahin&rsquo;in plasesiyle durumu 20-14 yapt\u0131. \u00dc\u00e7\u00fcnc\u00fc seti de 25-20 kazanan milli tak\u0131m, kar\u015f\u0131la\u015fmadan 3-0 galip ayr\u0131ld\u0131.<\/p>\n<h2>Bakan Bak, kar\u015f\u0131la\u015fmay\u0131 izledi<\/h2>\n<p>Gen\u00e7lik ve Spor Bakan\u0131 Osman A\u015fk\u0131n Bak, kar\u015f\u0131la\u015fmay\u0131 yerinde takip etti.<\/p>\n<p>M\u00fccadeleyi saha kenar\u0131nda izleyen Bakan Bak&rsquo;a T\u00fcrkiye Voleybol Federasyonu Ba\u015fkan\u0131 Mehmet Akif \u00dcst\u00fcnda\u011f e\u015flik etti.<\/p>\n<h2>\u0130leti\u015fim Ba\u015fkan\u0131 Duran&rsquo;dan tebrik mesaj\u0131<\/h2>\n<p>\u0130leti\u015fim Ba\u015fkan\u0131 Burhanettin Duran, NSosyal hesab\u0131ndan yapt\u0131\u011f\u0131 payla\u015f\u0131mda A Milli Kad\u0131n Voleybol Tak\u0131m\u0131m\u0131z\u0131 tebrik etti.<\/p>\n<p>Duran, payla\u015f\u0131m\u0131nda \u015fu ifadeleri kulland\u0131:<\/p>\n<p><em>\u00ab\u00a0CEV Trendyol 2026 Kad\u0131nlar Avrupa \u015eampiyonas\u0131 yar\u0131 finalinde S\u0131rbistan\u2019\u0131 3-0 ma\u011flup ederek finale y\u00fckselen A Milli Kad\u0131n Voleybol Tak\u0131m\u0131m\u0131z\u0131 kutluyorum. Sahaya yans\u0131tt\u0131klar\u0131 m\u00fccadele, inan\u00e7, kararl\u0131l\u0131k ve g\u00fc\u00e7l\u00fc tak\u0131m ruhuyla bizlere b\u00fcy\u00fck bir gurur ya\u015fatan millilerimizin finalde de ayn\u0131 azimle m\u00fccadele ederek Avrupa \u015fampiyonlu\u011funa ula\u015faca\u011f\u0131na y\u00fcrekten inan\u0131yorum.\u00a0\u00bb<\/em><\/p>\n<h2>Final ma\u00e7\u0131ndaki rakibimiz \u0130talya oldu<\/h2>\n<p>CEV Kad\u0131nlar Avrupa Voleybol \u015eampiyonas\u0131 yar\u0131 final ma\u00e7\u0131nda Polonya ile \u0130talya, Sinan Erdem Spor Salonu&rsquo;nda kar\u015f\u0131la\u015ft\u0131. Polonya&rsquo;y\u0131 3-1 ma\u011flup eden \u0130talya, finalde T\u00fcrkiye&rsquo;nin rakibi oldu.<\/p>\n<p>Filenin Sultanlar\u0131 yar\u0131n saat 19.00&rsquo;da Sinan Erdem Spor Salonu&rsquo;ndaki finalde \u0130talya ile kar\u015f\u0131 kar\u015f\u0131ya gelecek. M\u00fccadele TRT 1 ekranlar\u0131ndan yay\u0131nlanacak.<\/p>\n<\/div>\n<p><strong>Bilgin Ozcifci\u00a0 \u00a0 \u00a0 \u00a0 \/\u00a0 \u00a0 \u00a0 \u00a0 AVRUPAPRESS<\/strong><\/p>\n","protected":false},"excerpt":{"rendered":"<p>BILGIN\u00a0 OZCIFCI\u00a0 \/ SIRBISTAN A Milli Kad\u0131n Voleybol Tak\u0131m\u0131m\u0131z, Avrupa \u015eampiyonas\u0131&rsquo;nda S\u0131rbistan&rsquo;\u0131 3-0 yenerek finale y\u00fckseldi. Filenin Sultanlar\u0131, yar\u0131n finalde Polonya-\u0130talya m\u00fcsabakas\u0131n\u0131n galibiyle kar\u015f\u0131la\u015facak. &nbsp; Ay-y\u0131ld\u0131zl\u0131 ekip, Eda Erdem D\u00fcndar ve Melissa Vargas&rsquo;\u0131n etkili performans\u0131yla Sinan Erdem Spor Salonu&rsquo;nda oynanan yar\u0131 final ma\u00e7\u0131n\u0131n ilk setini 25-20 kazand\u0131. \u0130kinci sete de iyi ba\u015flayan milli tak\u0131m, Zehra [&hellip;]<\/p>\n","protected":false},"author":3,"featured_media":36302,"comment_status":"closed","ping_status":"open","sticky":false,"template":"","format":"standard","meta":{"footnotes":""},"categories":[14,16,3,17,18,15,19,2,1],"tags":[],"class_list":["post-36301","post","type-post","status-publish","format-standard","has-post-thumbnail","hentry","category-avrupa","category-belcika","category-dunya","category-ekonomi","category-kultur-sanat","category-spor","category-tanitim","category-turkiye","category-uncategorized"],"yoast_head":"<!-- This site is optimized with the Yoast SEO plugin v26.9 - https:\/\/yoast.com\/product\/yoast-seo-wordpress\/ -->\n<title>Filenin Sultanlar\u0131 Avrupa \u015eampiyonas\u0131&#039;nda finalde - AvrupaPress<\/title>\n<meta name=\"robots\" content=\"index, follow, max-snippet:-1, max-image-preview:large, max-video-preview:-1\" \/>\n<link rel=\"canonical\" href=\"https:\/\/avrupapress.com\/main\/2026\/09\/05\/filenin-sultanlari-avrupa-sampiyonasinda-finalde\/\" \/>\n<meta property=\"og:locale\" content=\"fr_FR\" \/>\n<meta property=\"og:type\" content=\"article\" \/>\n<meta property=\"og:title\" content=\"Filenin Sultanlar\u0131 Avrupa \u015eampiyonas\u0131&#039;nda finalde - AvrupaPress\" \/>\n<meta property=\"og:description\" content=\"BILGIN\u00a0 OZCIFCI\u00a0 \/ SIRBISTAN A Milli Kad\u0131n Voleybol Tak\u0131m\u0131m\u0131z, Avrupa \u015eampiyonas\u0131&rsquo;nda S\u0131rbistan&rsquo;\u0131 3-0 yenerek finale y\u00fckseldi. Filenin Sultanlar\u0131, yar\u0131n finalde Polonya-\u0130talya m\u00fcsabakas\u0131n\u0131n galibiyle kar\u015f\u0131la\u015facak. &nbsp; Ay-y\u0131ld\u0131zl\u0131 ekip, Eda Erdem D\u00fcndar ve Melissa Vargas&rsquo;\u0131n etkili performans\u0131yla Sinan Erdem Spor Salonu&rsquo;nda oynanan yar\u0131 final ma\u00e7\u0131n\u0131n ilk setini 25-20 kazand\u0131. \u0130kinci sete de iyi ba\u015flayan milli tak\u0131m, Zehra [&hellip;]\" \/>\n<meta property=\"og:url\" content=\"https:\/\/avrupapress.com\/main\/2026\/09\/05\/filenin-sultanlari-avrupa-sampiyonasinda-finalde\/\" \/>\n<meta property=\"og:site_name\" content=\"AvrupaPress\" \/>\n<meta property=\"article:published_time\" content=\"2026-09-05T19:20:39+00:00\" \/>\n<meta property=\"article:modified_time\" content=\"2026-09-05T19:20:44+00:00\" \/>\n<meta property=\"og:image\" content=\"https:\/\/avrupapress.com\/main\/wp-content\/uploads\/2026\/09\/filenin-sultanlari-2487138_1.jpg\" \/>\n\t<meta property=\"og:image:width\" content=\"800\" \/>\n\t<meta property=\"og:image:height\" content=\"450\" \/>\n\t<meta property=\"og:image:type\" content=\"image\/jpeg\" \/>\n<meta name=\"author\" content=\"Edit\u00f6r\" \/>\n<meta name=\"twitter:card\" content=\"summary_large_image\" \/>\n<meta name=\"twitter:label1\" content=\"\u00c9crit par\" \/>\n\t<meta name=\"twitter:data1\" content=\"Edit\u00f6r\" \/>\n\t<meta name=\"twitter:label2\" content=\"Dur\u00e9e de lecture est.\" \/>\n\t<meta name=\"twitter:data2\" content=\"3 minutes\" \/>\n<script type=\"application\/ld+json\" class=\"yoast-schema-graph\">{\"@context\":\"https:\/\/schema.org\",\"@graph\":[{\"@type\":\"Article\",\"@id\":\"https:\/\/avrupapress.com\/main\/2026\/09\/05\/filenin-sultanlari-avrupa-sampiyonasinda-finalde\/#article\",\"isPartOf\":{\"@id\":\"https:\/\/avrupapress.com\/main\/2026\/09\/05\/filenin-sultanlari-avrupa-sampiyonasinda-finalde\/\"},\"author\":{\"name\":\"Edit\u00f6r\",\"@id\":\"https:\/\/avrupapress.com\/#\/schema\/person\/68428444ec60970d1e1b700cf4ca1e8f\"},\"headline\":\"Filenin Sultanlar\u0131 Avrupa \u015eampiyonas\u0131&rsquo;nda finalde\",\"datePublished\":\"2026-09-05T19:20:39+00:00\",\"dateModified\":\"2026-09-05T19:20:44+00:00\",\"mainEntityOfPage\":{\"@id\":\"https:\/\/avrupapress.com\/main\/2026\/09\/05\/filenin-sultanlari-avrupa-sampiyonasinda-finalde\/\"},\"wordCount\":485,\"publisher\":{\"@id\":\"https:\/\/avrupapress.com\/#\/schema\/person\/0223dca19c72c43575bf30d1a2d8f4fa\"},\"image\":{\"@id\":\"https:\/\/avrupapress.com\/main\/2026\/09\/05\/filenin-sultanlari-avrupa-sampiyonasinda-finalde\/#primaryimage\"},\"thumbnailUrl\":\"https:\/\/avrupapress.com\/main\/wp-content\/uploads\/2026\/09\/filenin-sultanlari-2487138_1.jpg\",\"articleSection\":[\"Avrupa\",\"Bel\u00e7ika\",\"D\u00fcnya\",\"Ekonomi\",\"K\u00fclt\u00fcr-Sanat\",\"Spor\",\"Tan\u0131t\u0131m\",\"T\u00fcrkiye\",\"Uncategorized\"],\"inLanguage\":\"fr-BE\"},{\"@type\":\"WebPage\",\"@id\":\"https:\/\/avrupapress.com\/main\/2026\/09\/05\/filenin-sultanlari-avrupa-sampiyonasinda-finalde\/\",\"url\":\"https:\/\/avrupapress.com\/main\/2026\/09\/05\/filenin-sultanlari-avrupa-sampiyonasinda-finalde\/\",\"name\":\"Filenin Sultanlar\u0131 Avrupa \u015eampiyonas\u0131'nda finalde - AvrupaPress\",\"isPartOf\":{\"@id\":\"https:\/\/avrupapress.com\/#website\"},\"primaryImageOfPage\":{\"@id\":\"https:\/\/avrupapress.com\/main\/2026\/09\/05\/filenin-sultanlari-avrupa-sampiyonasinda-finalde\/#primaryimage\"},\"image\":{\"@id\":\"https:\/\/avrupapress.com\/main\/2026\/09\/05\/filenin-sultanlari-avrupa-sampiyonasinda-finalde\/#primaryimage\"},\"thumbnailUrl\":\"https:\/\/avrupapress.com\/main\/wp-content\/uploads\/2026\/09\/filenin-sultanlari-2487138_1.jpg\",\"datePublished\":\"2026-09-05T19:20:39+00:00\",\"dateModified\":\"2026-09-05T19:20:44+00:00\",\"breadcrumb\":{\"@id\":\"https:\/\/avrupapress.com\/main\/2026\/09\/05\/filenin-sultanlari-avrupa-sampiyonasinda-finalde\/#breadcrumb\"},\"inLanguage\":\"fr-BE\",\"potentialAction\":[{\"@type\":\"ReadAction\",\"target\":[\"https:\/\/avrupapress.com\/main\/2026\/09\/05\/filenin-sultanlari-avrupa-sampiyonasinda-finalde\/\"]}]},{\"@type\":\"ImageObject\",\"inLanguage\":\"fr-BE\",\"@id\":\"https:\/\/avrupapress.com\/main\/2026\/09\/05\/filenin-sultanlari-avrupa-sampiyonasinda-finalde\/#primaryimage\",\"url\":\"https:\/\/avrupapress.com\/main\/wp-content\/uploads\/2026\/09\/filenin-sultanlari-2487138_1.jpg\",\"contentUrl\":\"https:\/\/avrupapress.com\/main\/wp-content\/uploads\/2026\/09\/filenin-sultanlari-2487138_1.jpg\",\"width\":800,\"height\":450},{\"@type\":\"BreadcrumbList\",\"@id\":\"https:\/\/avrupapress.com\/main\/2026\/09\/05\/filenin-sultanlari-avrupa-sampiyonasinda-finalde\/#breadcrumb\",\"itemListElement\":[{\"@type\":\"ListItem\",\"position\":1,\"name\":\"Anasayfa\",\"item\":\"https:\/\/avrupapress.com\/\"},{\"@type\":\"ListItem\",\"position\":2,\"name\":\"Filenin Sultanlar\u0131 Avrupa \u015eampiyonas\u0131&#8217;nda finalde\"}]},{\"@type\":\"WebSite\",\"@id\":\"https:\/\/avrupapress.com\/#website\",\"url\":\"https:\/\/avrupapress.com\/\",\"name\":\"AvrupaPress\",\"description\":\"Haberin Adresi\",\"publisher\":{\"@id\":\"https:\/\/avrupapress.com\/#\/schema\/person\/0223dca19c72c43575bf30d1a2d8f4fa\"},\"potentialAction\":[{\"@type\":\"SearchAction\",\"target\":{\"@type\":\"EntryPoint\",\"urlTemplate\":\"https:\/\/avrupapress.com\/?s={search_term_string}\"},\"query-input\":{\"@type\":\"PropertyValueSpecification\",\"valueRequired\":true,\"valueName\":\"search_term_string\"}}],\"inLanguage\":\"fr-BE\"},{\"@type\":[\"Person\",\"Organization\"],\"@id\":\"https:\/\/avrupapress.com\/#\/schema\/person\/0223dca19c72c43575bf30d1a2d8f4fa\",\"name\":\"Bilgin \u00d6z\u00e7ift\u00e7i\",\"image\":{\"@type\":\"ImageObject\",\"inLanguage\":\"fr-BE\",\"@id\":\"https:\/\/avrupapress.com\/#\/schema\/person\/image\/\",\"url\":\"https:\/\/secure.gravatar.com\/avatar\/0f23b280433a21e1ea7a0adcc46ed0ad16afe3ad8e630fd13d8a017dcbd54ef3?s=96&d=mm&r=g\",\"contentUrl\":\"https:\/\/secure.gravatar.com\/avatar\/0f23b280433a21e1ea7a0adcc46ed0ad16afe3ad8e630fd13d8a017dcbd54ef3?s=96&d=mm&r=g\",\"caption\":\"Bilgin \u00d6z\u00e7ift\u00e7i\"},\"logo\":{\"@id\":\"https:\/\/avrupapress.com\/#\/schema\/person\/image\/\"},\"description\":\"Ne ben, nede sen... Biz ancak \\\"biz\\\" olursak g\u00fc\u00e7l\u00fc olabiliriz\"},{\"@type\":\"Person\",\"@id\":\"https:\/\/avrupapress.com\/#\/schema\/person\/68428444ec60970d1e1b700cf4ca1e8f\",\"name\":\"Edit\u00f6r\",\"image\":{\"@type\":\"ImageObject\",\"inLanguage\":\"fr-BE\",\"@id\":\"https:\/\/avrupapress.com\/#\/schema\/person\/image\/\",\"url\":\"https:\/\/secure.gravatar.com\/avatar\/74996b0977aa5f1559ba9883776652508b229005c0d78fb2597897f0bd651c09?s=96&d=mm&r=g\",\"contentUrl\":\"https:\/\/secure.gravatar.com\/avatar\/74996b0977aa5f1559ba9883776652508b229005c0d78fb2597897f0bd651c09?s=96&d=mm&r=g\",\"caption\":\"Edit\u00f6r\"},\"sameAs\":[\"http:\/\/www.avrupapress.com\"],\"url\":\"https:\/\/avrupapress.com\/main\/author\/editor\/\"}]}<\/script>\n<!-- \/ Yoast SEO plugin. -->","yoast_head_json":{"title":"Filenin Sultanlar\u0131 Avrupa \u015eampiyonas\u0131'nda finalde - AvrupaPress","robots":{"index":"index","follow":"follow","max-snippet":"max-snippet:-1","max-image-preview":"max-image-preview:large","max-video-preview":"max-video-preview:-1"},"canonical":"https:\/\/avrupapress.com\/main\/2026\/09\/05\/filenin-sultanlari-avrupa-sampiyonasinda-finalde\/","og_locale":"fr_FR","og_type":"article","og_title":"Filenin Sultanlar\u0131 Avrupa \u015eampiyonas\u0131'nda finalde - AvrupaPress","og_description":"BILGIN\u00a0 OZCIFCI\u00a0 \/ SIRBISTAN A Milli Kad\u0131n Voleybol Tak\u0131m\u0131m\u0131z, Avrupa \u015eampiyonas\u0131&rsquo;nda S\u0131rbistan&rsquo;\u0131 3-0 yenerek finale y\u00fckseldi. Filenin Sultanlar\u0131, yar\u0131n finalde Polonya-\u0130talya m\u00fcsabakas\u0131n\u0131n galibiyle kar\u015f\u0131la\u015facak. &nbsp; Ay-y\u0131ld\u0131zl\u0131 ekip, Eda Erdem D\u00fcndar ve Melissa Vargas&rsquo;\u0131n etkili performans\u0131yla Sinan Erdem Spor Salonu&rsquo;nda oynanan yar\u0131 final ma\u00e7\u0131n\u0131n ilk setini 25-20 kazand\u0131. \u0130kinci sete de iyi ba\u015flayan milli tak\u0131m, Zehra [&hellip;]","og_url":"https:\/\/avrupapress.com\/main\/2026\/09\/05\/filenin-sultanlari-avrupa-sampiyonasinda-finalde\/","og_site_name":"AvrupaPress","article_published_time":"2026-09-05T19:20:39+00:00","article_modified_time":"2026-09-05T19:20:44+00:00","og_image":[{"width":800,"height":450,"url":"https:\/\/avrupapress.com\/main\/wp-content\/uploads\/2026\/09\/filenin-sultanlari-2487138_1.jpg","type":"image\/jpeg"}],"author":"Edit\u00f6r","twitter_card":"summary_large_image","twitter_misc":{"\u00c9crit par":"Edit\u00f6r","Dur\u00e9e de lecture est.":"3 minutes"},"schema":{"@context":"https:\/\/schema.org","@graph":[{"@type":"Article","@id":"https:\/\/avrupapress.com\/main\/2026\/09\/05\/filenin-sultanlari-avrupa-sampiyonasinda-finalde\/#article","isPartOf":{"@id":"https:\/\/avrupapress.com\/main\/2026\/09\/05\/filenin-sultanlari-avrupa-sampiyonasinda-finalde\/"},"author":{"name":"Edit\u00f6r","@id":"https:\/\/avrupapress.com\/#\/schema\/person\/68428444ec60970d1e1b700cf4ca1e8f"},"headline":"Filenin Sultanlar\u0131 Avrupa \u015eampiyonas\u0131&rsquo;nda finalde","datePublished":"2026-09-05T19:20:39+00:00","dateModified":"2026-09-05T19:20:44+00:00","mainEntityOfPage":{"@id":"https:\/\/avrupapress.com\/main\/2026\/09\/05\/filenin-sultanlari-avrupa-sampiyonasinda-finalde\/"},"wordCount":485,"publisher":{"@id":"https:\/\/avrupapress.com\/#\/schema\/person\/0223dca19c72c43575bf30d1a2d8f4fa"},"image":{"@id":"https:\/\/avrupapress.com\/main\/2026\/09\/05\/filenin-sultanlari-avrupa-sampiyonasinda-finalde\/#primaryimage"},"thumbnailUrl":"https:\/\/avrupapress.com\/main\/wp-content\/uploads\/2026\/09\/filenin-sultanlari-2487138_1.jpg","articleSection":["Avrupa","Bel\u00e7ika","D\u00fcnya","Ekonomi","K\u00fclt\u00fcr-Sanat","Spor","Tan\u0131t\u0131m","T\u00fcrkiye","Uncategorized"],"inLanguage":"fr-BE"},{"@type":"WebPage","@id":"https:\/\/avrupapress.com\/main\/2026\/09\/05\/filenin-sultanlari-avrupa-sampiyonasinda-finalde\/","url":"https:\/\/avrupapress.com\/main\/2026\/09\/05\/filenin-sultanlari-avrupa-sampiyonasinda-finalde\/","name":"Filenin Sultanlar\u0131 Avrupa \u015eampiyonas\u0131'nda finalde - AvrupaPress","isPartOf":{"@id":"https:\/\/avrupapress.com\/#website"},"primaryImageOfPage":{"@id":"https:\/\/avrupapress.com\/main\/2026\/09\/05\/filenin-sultanlari-avrupa-sampiyonasinda-finalde\/#primaryimage"},"image":{"@id":"https:\/\/avrupapress.com\/main\/2026\/09\/05\/filenin-sultanlari-avrupa-sampiyonasinda-finalde\/#primaryimage"},"thumbnailUrl":"https:\/\/avrupapress.com\/main\/wp-content\/uploads\/2026\/09\/filenin-sultanlari-2487138_1.jpg","datePublished":"2026-09-05T19:20:39+00:00","dateModified":"2026-09-05T19:20:44+00:00","breadcrumb":{"@id":"https:\/\/avrupapress.com\/main\/2026\/09\/05\/filenin-sultanlari-avrupa-sampiyonasinda-finalde\/#breadcrumb"},"inLanguage":"fr-BE","potentialAction":[{"@type":"ReadAction","target":["https:\/\/avrupapress.com\/main\/2026\/09\/05\/filenin-sultanlari-avrupa-sampiyonasinda-finalde\/"]}]},{"@type":"ImageObject","inLanguage":"fr-BE","@id":"https:\/\/avrupapress.com\/main\/2026\/09\/05\/filenin-sultanlari-avrupa-sampiyonasinda-finalde\/#primaryimage","url":"https:\/\/avrupapress.com\/main\/wp-content\/uploads\/2026\/09\/filenin-sultanlari-2487138_1.jpg","contentUrl":"https:\/\/avrupapress.com\/main\/wp-content\/uploads\/2026\/09\/filenin-sultanlari-2487138_1.jpg","width":800,"height":450},{"@type":"BreadcrumbList","@id":"https:\/\/avrupapress.com\/main\/2026\/09\/05\/filenin-sultanlari-avrupa-sampiyonasinda-finalde\/#breadcrumb","itemListElement":[{"@type":"ListItem","position":1,"name":"Anasayfa","item":"https:\/\/avrupapress.com\/"},{"@type":"ListItem","position":2,"name":"Filenin Sultanlar\u0131 Avrupa \u015eampiyonas\u0131&#8217;nda finalde"}]},{"@type":"WebSite","@id":"https:\/\/avrupapress.com\/#website","url":"https:\/\/avrupapress.com\/","name":"AvrupaPress","description":"Haberin Adresi","publisher":{"@id":"https:\/\/avrupapress.com\/#\/schema\/person\/0223dca19c72c43575bf30d1a2d8f4fa"},"potentialAction":[{"@type":"SearchAction","target":{"@type":"EntryPoint","urlTemplate":"https:\/\/avrupapress.com\/?s={search_term_string}"},"query-input":{"@type":"PropertyValueSpecification","valueRequired":true,"valueName":"search_term_string"}}],"inLanguage":"fr-BE"},{"@type":["Person","Organization"],"@id":"https:\/\/avrupapress.com\/#\/schema\/person\/0223dca19c72c43575bf30d1a2d8f4fa","name":"Bilgin \u00d6z\u00e7ift\u00e7i","image":{"@type":"ImageObject","inLanguage":"fr-BE","@id":"https:\/\/avrupapress.com\/#\/schema\/person\/image\/","url":"https:\/\/secure.gravatar.com\/avatar\/0f23b280433a21e1ea7a0adcc46ed0ad16afe3ad8e630fd13d8a017dcbd54ef3?s=96&d=mm&r=g","contentUrl":"https:\/\/secure.gravatar.com\/avatar\/0f23b280433a21e1ea7a0adcc46ed0ad16afe3ad8e630fd13d8a017dcbd54ef3?s=96&d=mm&r=g","caption":"Bilgin \u00d6z\u00e7ift\u00e7i"},"logo":{"@id":"https:\/\/avrupapress.com\/#\/schema\/person\/image\/"},"description":"Ne ben, nede sen... Biz ancak \"biz\" olursak g\u00fc\u00e7l\u00fc olabiliriz"},{"@type":"Person","@id":"https:\/\/avrupapress.com\/#\/schema\/person\/68428444ec60970d1e1b700cf4ca1e8f","name":"Edit\u00f6r","image":{"@type":"ImageObject","inLanguage":"fr-BE","@id":"https:\/\/avrupapress.com\/#\/schema\/person\/image\/","url":"https:\/\/secure.gravatar.com\/avatar\/74996b0977aa5f1559ba9883776652508b229005c0d78fb2597897f0bd651c09?s=96&d=mm&r=g","contentUrl":"https:\/\/secure.gravatar.com\/avatar\/74996b0977aa5f1559ba9883776652508b229005c0d78fb2597897f0bd651c09?s=96&d=mm&r=g","caption":"Edit\u00f6r"},"sameAs":["http:\/\/www.avrupapress.com"],"url":"https:\/\/avrupapress.com\/main\/author\/editor\/"}]}},"_links":{"self":[{"href":"https:\/\/avrupapress.com\/main\/wp-json\/wp\/v2\/posts\/36301","targetHints":{"allow":["GET"]}}],"collection":[{"href":"https:\/\/avrupapress.com\/main\/wp-json\/wp\/v2\/posts"}],"about":[{"href":"https:\/\/avrupapress.com\/main\/wp-json\/wp\/v2\/types\/post"}],"author":[{"embeddable":true,"href":"https:\/\/avrupapress.com\/main\/wp-json\/wp\/v2\/users\/3"}],"replies":[{"embeddable":true,"href":"https:\/\/avrupapress.com\/main\/wp-json\/wp\/v2\/comments?post=36301"}],"version-history":[{"count":1,"href":"https:\/\/avrupapress.com\/main\/wp-json\/wp\/v2\/posts\/36301\/revisions"}],"predecessor-version":[{"id":36303,"href":"https:\/\/avrupapress.com\/main\/wp-json\/wp\/v2\/posts\/36301\/revisions\/36303"}],"wp:featuredmedia":[{"embeddable":true,"href":"https:\/\/avrupapress.com\/main\/wp-json\/wp\/v2\/media\/36302"}],"wp:attachment":[{"href":"https:\/\/avrupapress.com\/main\/wp-json\/wp\/v2\/media?parent=36301"}],"wp:term":[{"taxonomy":"category","embeddable":true,"href":"https:\/\/avrupapress.com\/main\/wp-json\/wp\/v2\/categories?post=36301"},{"taxonomy":"post_tag","embeddable":true,"href":"https:\/\/avrupapress.com\/main\/wp-json\/wp\/v2\/tags?post=36301"}],"curies":[{"name":"wp","href":"https:\/\/api.w.org\/{rel}","templated":true}]}}