{"id":36298,"date":"2026-09-05T17:51:42","date_gmt":"2026-09-05T17:51:42","guid":{"rendered":"https:\/\/avrupapress.com\/main\/?p=36298"},"modified":"2026-09-05T17:51:49","modified_gmt":"2026-09-05T17:51:49","slug":"tigaddan-ankarada-kritik-hamle-turkiye-gazeteciler-birligi-icin-dugmeye-basildi","status":"publish","type":"post","link":"https:\/\/avrupapress.com\/main\/2026\/09\/05\/tigaddan-ankarada-kritik-hamle-turkiye-gazeteciler-birligi-icin-dugmeye-basildi\/","title":{"rendered":"T\u0130GAD\u2019DAN ANKARA\u2019DA KR\u0130T\u0130K HAMLE: \u201cT\u00dcRK\u0130YE GAZETEC\u0130LER B\u0130RL\u0130\u011e\u0130\u201d \u0130\u00c7\u0130N D\u00dc\u011eMEYE BASILDI"},"content":{"rendered":"<p><strong>Bilgin \u00d6z\u00e7ifci. \/\u00a0 ANKARA<\/strong><\/p>\n<p>Gazetecilerin mesleki, sosyal, ekonomik ve \u00f6zl\u00fck haklar\u0131n\u0131 tek \u00e7at\u0131 alt\u0131nda g\u00fc\u00e7lendirmeyi hedefleyen T\u0130GAD, haz\u0131rlad\u0131\u011f\u0131 \u201cT\u00fcrkiye Gazeteciler Birli\u011fi\u201d kanun teklifi tasla\u011f\u0131n\u0131 Ankara\u2019da Adalet Bakan\u0131 Ak\u0131n G\u00fcrlek ba\u015fta olmak \u00fczere siyasi ve b\u00fcrokratik isimlere sundu.<br \/>\nANKARA \u2013 T\u00fcrkiye \u0130nternet Gazetecili\u011fi Derne\u011fi (T\u0130GAD), gazetecilik mesle\u011finin gelece\u011fi a\u00e7\u0131s\u0131ndan \u00f6nemli bir yasal d\u00fczenleme \u00f6nerisini Ankara\u2019n\u0131n g\u00fcndemine ta\u015f\u0131d\u0131.<br \/>\nT\u0130GAD Genel Ba\u015fkan\u0131 Okan Ge\u00e7gel ba\u015fkanl\u0131\u011f\u0131ndaki heyet, geleneksel ve dijital medyada g\u00f6rev yapan gazetecilerin ortak bir mesleki \u00e7at\u0131 alt\u0131nda temsil edilmesini ama\u00e7layan \u201cT\u00fcrkiye Gazeteciler Birli\u011fi\u201d i\u00e7in haz\u0131rlanan kanun teklifi tasla\u011f\u0131n\u0131 siyasi ve b\u00fcrokratik \u00e7evrelere sundu.<br \/>\nT\u0130GAD heyetinin Ankara temaslar\u0131nda Adalet Bakan\u0131 Ak\u0131n G\u00fcrlek, Saadet Partisi Genel Ba\u015fkan\u0131 Mahmut Ar\u0131kan, Emniyet Genel M\u00fcd\u00fcr\u00fc Ali Fidan ve \u0130leti\u015fim Ba\u015fkanl\u0131\u011f\u0131 Dijital Medya Koordinat\u00f6r\u00fc Aslan De\u011firmenci ile g\u00f6r\u00fc\u015fmeler ger\u00e7ekle\u015ftirildi.<br \/>\nTASLAK ADALET BAKANI G\u00dcRLEK\u2019E SUNULDU<br \/>\nT\u0130GAD heyeti, Adalet Bakan\u0131 Ak\u0131n G\u00fcrlek\u2019i Ankara Hakimevi\u2019nde ziyaret etti.<br \/>\nG\u00f6r\u00fc\u015fmede T\u0130GAD Genel Ba\u015fkan\u0131 Okan Ge\u00e7gel, \u201cT\u00fcrkiye Gazeteciler Birli\u011fi\u201d kurulmas\u0131na ili\u015fkin haz\u0131rlanan kanun teklifi tasla\u011f\u0131 ile yasal yap\u0131lanma raporunu Bakan G\u00fcrlek\u2019e sundu.<br \/>\nGe\u00e7gel, kurulmas\u0131 planlanan birli\u011fin Anayasa\u2019n\u0131n 135\u2019inci maddesi kapsam\u0131nda kamu kurumu niteli\u011finde meslek kurulu\u015fu olarak yap\u0131land\u0131r\u0131lmas\u0131n\u0131 hedeflediklerini belirtti.<br \/>\n\u00d6nerilen yap\u0131yla gazetecilerin mesleki ve \u00f6zl\u00fck haklar\u0131n\u0131n g\u00fc\u00e7lendirilmesi, meslek eti\u011fi ve standartlar\u0131n\u0131n geli\u015ftirilmesi ve \u00f6zellikle dijital gazetecili\u011fin hukuki stat\u00fcs\u00fcn\u00fcn g\u00fc\u00e7lendirilmesi ama\u00e7lan\u0131yor.<br \/>\nBakan G\u00fcrlek\u2019in sunulan taslak ve raporun incelenmesi ve gerekli de\u011ferlendirmelerin yap\u0131lmas\u0131 y\u00f6n\u00fcnde talimat verdi\u011fi belirtildi.<br \/>\nG\u00fcrlek\u2019in, gerekli yasal zeminin olu\u015fturulmas\u0131 halinde T\u00fcrkiye Gazeteciler Birli\u011fi\u2019nin gazetecilik mesle\u011fine \u00f6nemli katk\u0131lar sa\u011flayabilece\u011fini ifade etti\u011fi ve Bakanl\u0131k olarak gerekli deste\u011fin verilebilece\u011fini kaydetti\u011fi aktar\u0131ld\u0131.<br \/>\nMECL\u0130S \u0130\u00c7\u0130N DESTEK ARAYI\u015eI<br \/>\nT\u0130GAD\u2019\u0131n Ankara temaslar\u0131nda siyasi kanat da \u00f6nemli bir yer tuttu.<br \/>\nT\u0130GAD Genel Ba\u015fkan\u0131 Okan Ge\u00e7gel, Saadet Partisi Genel Ba\u015fkan\u0131 Mahmut Ar\u0131kan\u2019\u0131 ziyaret ederek haz\u0131rlanan kanun teklifi tasla\u011f\u0131n\u0131 sundu.<br \/>\nG\u00f6r\u00fc\u015fmede, gazetecilik alan\u0131ndaki mevcut da\u011f\u0131n\u0131k yap\u0131n\u0131n ortak bir mesleki \u00e7at\u0131 alt\u0131nda bulu\u015fturulmas\u0131n\u0131n \u00f6nemine dikkat \u00e7ekilirken, T\u0130GAD taraf\u0131ndan TBMM\u2019de y\u00fcr\u00fct\u00fclebilecek olas\u0131 yasal \u00e7al\u0131\u015fmalar i\u00e7in destek talep edildi.<br \/>\nMahmut Ar\u0131kan\u2019\u0131n ise gazetecilerin ortak bir mesleki yap\u0131 i\u00e7erisinde temsil edilmesinin \u00f6nemli oldu\u011funu belirterek, Saadet Partisi olarak \u00e7al\u0131\u015fmaya destek vermeye haz\u0131r olduklar\u0131n\u0131 ifade etti\u011fi bildirildi.<br \/>\nEMN\u0130YET VE \u0130LET\u0130\u015e\u0130M BA\u015eKANLI\u011eI \u0130LE DE G\u00d6R\u00dc\u015e\u00dcLD\u00dc<br \/>\nT\u0130GAD heyeti, Ankara program\u0131 kapsam\u0131nda Emniyet Genel M\u00fcd\u00fcr\u00fc Ali Fidan ve \u0130leti\u015fim Ba\u015fkanl\u0131\u011f\u0131 Dijital Medya Koordinat\u00f6r\u00fc Aslan De\u011firmenci ile de bir araya geldi.<br \/>\nG\u00f6r\u00fc\u015fmelerde haz\u0131rlanan \u201cT\u00fcrkiye Gazeteciler Birli\u011fi\u201d projesinin yan\u0131 s\u0131ra gazetecilik mesle\u011finin mevcut durumu, dijital medyan\u0131n geli\u015fimi ve mesle\u011fin gelece\u011fine ili\u015fkin de\u011ferlendirmelerde bulunuldu.<br \/>\nGELENEKSEL MEDYA VE D\u0130J\u0130TAL MEDYA AYNI \u00c7ATIDA BULU\u015eACAK<br \/>\nT\u0130GAD\u2019\u0131n haz\u0131rlad\u0131\u011f\u0131 taslakta T\u00fcrkiye Gazeteciler Birli\u011fi\u2019nin temel hedefleri aras\u0131nda gazetecilik mesle\u011finin g\u00fcn\u00fcn ko\u015fullar\u0131na g\u00f6re yeniden yap\u0131land\u0131r\u0131lmas\u0131, gazetecilerin mesleki, sosyal, ekonomik ve \u00f6zl\u00fck haklar\u0131n\u0131n korunmas\u0131, etik kurallar\u0131n ve mesleki standartlar\u0131n geli\u015ftirilmesi yer al\u0131yor.<br \/>\n\u00d6nerilen yap\u0131 yaln\u0131zca geleneksel medya \u00e7al\u0131\u015fanlar\u0131n\u0131 de\u011fil, dijital medya sekt\u00f6r\u00fcn\u00fc de kapsayacak \u015fekilde tasarlan\u0131yor.<br \/>\nBirli\u011fin;<br \/>\nGazete ve dergilerde \u00e7al\u0131\u015fan gazetecileri,<br \/>\nRadyo ve televizyon \u00e7al\u0131\u015fanlar\u0131n\u0131,<br \/>\n\u0130nternet haber sitelerini,<br \/>\nHaber ajanslar\u0131n\u0131,<br \/>\nDijital medya kurulu\u015flar\u0131n\u0131,<br \/>\nBa\u011f\u0131ms\u0131z gazetecilik yapan meslek mensuplar\u0131n\u0131<br \/>\nortak bir mesleki yap\u0131 alt\u0131nda temsil etmesi hedefleniyor.<br \/>\nGAZETEC\u0130L\u0130KTE YEN\u0130 B\u0130R D\u00d6NEM\u0130N KAPISI A\u00c7ILAB\u0130L\u0130R<br \/>\nT\u0130GAD\u2019\u0131n \u00f6nerisi yasala\u015f\u0131rsa, T\u00fcrkiye\u2019de gazetecilik mesle\u011finin temsil, meslek standartlar\u0131 ve \u00f6zl\u00fck haklar\u0131 a\u00e7\u0131s\u0131ndan \u00f6nemli bir de\u011fi\u015fim s\u00fcrecine girmesi g\u00fcndeme gelebilecek.<br \/>\nAncak \u00f6nerinin hayata ge\u00e7ebilmesi i\u00e7in haz\u0131rlanan kanun teklifinin ilgili kurumlar taraf\u0131ndan de\u011ferlendirilmesi, gerekli yasal s\u00fcre\u00e7lerin tamamlanmas\u0131 ve TBMM\u2019de yasala\u015fmas\u0131 gerekiyor.<br \/>\nT\u0130GAD\u2019\u0131n Ankara\u2019da ger\u00e7ekle\u015ftirdi\u011fi temaslar, T\u00fcrkiye\u2019de gazetecilerin ortak bir meslek kurulu\u015fu \u00e7at\u0131s\u0131 alt\u0131nda \u00f6rg\u00fctlenmesine y\u00f6nelik yeni bir tart\u0131\u015fman\u0131n da kap\u0131s\u0131n\u0131 aralad\u0131.<\/p>\n<p><strong>Bilgin \u00d6zcifci.\u00a0 \u00a0 \u00a0 \u00a0\/\u00a0 \u00a0 \u00a0 \u00a0 AVRUPAPRESS<\/strong><\/p>\n","protected":false},"excerpt":{"rendered":"<p>Bilgin \u00d6z\u00e7ifci. \/\u00a0 ANKARA Gazetecilerin mesleki, sosyal, ekonomik ve \u00f6zl\u00fck haklar\u0131n\u0131 tek \u00e7at\u0131 alt\u0131nda g\u00fc\u00e7lendirmeyi hedefleyen T\u0130GAD, haz\u0131rlad\u0131\u011f\u0131 \u201cT\u00fcrkiye Gazeteciler Birli\u011fi\u201d kanun teklifi tasla\u011f\u0131n\u0131 Ankara\u2019da Adalet Bakan\u0131 Ak\u0131n G\u00fcrlek ba\u015fta olmak \u00fczere siyasi ve b\u00fcrokratik isimlere sundu. ANKARA \u2013 T\u00fcrkiye \u0130nternet Gazetecili\u011fi Derne\u011fi (T\u0130GAD), gazetecilik mesle\u011finin gelece\u011fi a\u00e7\u0131s\u0131ndan \u00f6nemli bir yasal d\u00fczenleme \u00f6nerisini Ankara\u2019n\u0131n g\u00fcndemine [&hellip;]<\/p>\n","protected":false},"author":3,"featured_media":36299,"comment_status":"closed","ping_status":"open","sticky":false,"template":"","format":"standard","meta":{"footnotes":""},"categories":[14,16,3,17,18,15,19,2,1],"tags":[],"class_list":["post-36298","post","type-post","status-publish","format-standard","has-post-thumbnail","hentry","category-avrupa","category-belcika","category-dunya","category-ekonomi","category-kultur-sanat","category-spor","category-tanitim","category-turkiye","category-uncategorized"],"yoast_head":"<!-- This site is optimized with the Yoast SEO plugin v26.9 - https:\/\/yoast.com\/product\/yoast-seo-wordpress\/ -->\n<title>T\u0130GAD\u2019DAN ANKARA\u2019DA KR\u0130T\u0130K HAMLE: \u201cT\u00dcRK\u0130YE GAZETEC\u0130LER B\u0130RL\u0130\u011e\u0130\u201d \u0130\u00c7\u0130N D\u00dc\u011eMEYE BASILDI - AvrupaPress<\/title>\n<meta name=\"robots\" content=\"index, follow, max-snippet:-1, max-image-preview:large, max-video-preview:-1\" \/>\n<link rel=\"canonical\" href=\"https:\/\/avrupapress.com\/main\/2026\/09\/05\/tigaddan-ankarada-kritik-hamle-turkiye-gazeteciler-birligi-icin-dugmeye-basildi\/\" \/>\n<meta property=\"og:locale\" content=\"fr_FR\" \/>\n<meta property=\"og:type\" content=\"article\" \/>\n<meta property=\"og:title\" content=\"T\u0130GAD\u2019DAN ANKARA\u2019DA KR\u0130T\u0130K HAMLE: \u201cT\u00dcRK\u0130YE GAZETEC\u0130LER B\u0130RL\u0130\u011e\u0130\u201d \u0130\u00c7\u0130N D\u00dc\u011eMEYE BASILDI - AvrupaPress\" \/>\n<meta property=\"og:description\" content=\"Bilgin \u00d6z\u00e7ifci. \/\u00a0 ANKARA Gazetecilerin mesleki, sosyal, ekonomik ve \u00f6zl\u00fck haklar\u0131n\u0131 tek \u00e7at\u0131 alt\u0131nda g\u00fc\u00e7lendirmeyi hedefleyen T\u0130GAD, haz\u0131rlad\u0131\u011f\u0131 \u201cT\u00fcrkiye Gazeteciler Birli\u011fi\u201d kanun teklifi tasla\u011f\u0131n\u0131 Ankara\u2019da Adalet Bakan\u0131 Ak\u0131n G\u00fcrlek ba\u015fta olmak \u00fczere siyasi ve b\u00fcrokratik isimlere sundu. ANKARA \u2013 T\u00fcrkiye \u0130nternet Gazetecili\u011fi Derne\u011fi (T\u0130GAD), gazetecilik mesle\u011finin gelece\u011fi a\u00e7\u0131s\u0131ndan \u00f6nemli bir yasal d\u00fczenleme \u00f6nerisini Ankara\u2019n\u0131n g\u00fcndemine [&hellip;]\" \/>\n<meta property=\"og:url\" content=\"https:\/\/avrupapress.com\/main\/2026\/09\/05\/tigaddan-ankarada-kritik-hamle-turkiye-gazeteciler-birligi-icin-dugmeye-basildi\/\" \/>\n<meta property=\"og:site_name\" content=\"AvrupaPress\" \/>\n<meta property=\"article:published_time\" content=\"2026-09-05T17:51:42+00:00\" \/>\n<meta property=\"article:modified_time\" content=\"2026-09-05T17:51:49+00:00\" \/>\n<meta property=\"og:image\" content=\"https:\/\/avrupapress.com\/main\/wp-content\/uploads\/2026\/09\/Screenshot_20260905_194131_Facebook.jpg\" \/>\n\t<meta property=\"og:image:width\" content=\"1080\" \/>\n\t<meta property=\"og:image:height\" content=\"623\" \/>\n\t<meta property=\"og:image:type\" content=\"image\/jpeg\" \/>\n<meta name=\"author\" content=\"Edit\u00f6r\" \/>\n<meta name=\"twitter:card\" content=\"summary_large_image\" \/>\n<meta name=\"twitter:label1\" content=\"\u00c9crit par\" \/>\n\t<meta name=\"twitter:data1\" content=\"Edit\u00f6r\" \/>\n\t<meta name=\"twitter:label2\" content=\"Dur\u00e9e de lecture est.\" \/>\n\t<meta name=\"twitter:data2\" content=\"3 minutes\" \/>\n<script type=\"application\/ld+json\" class=\"yoast-schema-graph\">{\"@context\":\"https:\/\/schema.org\",\"@graph\":[{\"@type\":\"Article\",\"@id\":\"https:\/\/avrupapress.com\/main\/2026\/09\/05\/tigaddan-ankarada-kritik-hamle-turkiye-gazeteciler-birligi-icin-dugmeye-basildi\/#article\",\"isPartOf\":{\"@id\":\"https:\/\/avrupapress.com\/main\/2026\/09\/05\/tigaddan-ankarada-kritik-hamle-turkiye-gazeteciler-birligi-icin-dugmeye-basildi\/\"},\"author\":{\"name\":\"Edit\u00f6r\",\"@id\":\"https:\/\/avrupapress.com\/#\/schema\/person\/68428444ec60970d1e1b700cf4ca1e8f\"},\"headline\":\"T\u0130GAD\u2019DAN ANKARA\u2019DA KR\u0130T\u0130K HAMLE: \u201cT\u00dcRK\u0130YE GAZETEC\u0130LER B\u0130RL\u0130\u011e\u0130\u201d \u0130\u00c7\u0130N D\u00dc\u011eMEYE BASILDI\",\"datePublished\":\"2026-09-05T17:51:42+00:00\",\"dateModified\":\"2026-09-05T17:51:49+00:00\",\"mainEntityOfPage\":{\"@id\":\"https:\/\/avrupapress.com\/main\/2026\/09\/05\/tigaddan-ankarada-kritik-hamle-turkiye-gazeteciler-birligi-icin-dugmeye-basildi\/\"},\"wordCount\":826,\"publisher\":{\"@id\":\"https:\/\/avrupapress.com\/#\/schema\/person\/0223dca19c72c43575bf30d1a2d8f4fa\"},\"image\":{\"@id\":\"https:\/\/avrupapress.com\/main\/2026\/09\/05\/tigaddan-ankarada-kritik-hamle-turkiye-gazeteciler-birligi-icin-dugmeye-basildi\/#primaryimage\"},\"thumbnailUrl\":\"https:\/\/avrupapress.com\/main\/wp-content\/uploads\/2026\/09\/Screenshot_20260905_194131_Facebook.jpg\",\"articleSection\":[\"Avrupa\",\"Bel\u00e7ika\",\"D\u00fcnya\",\"Ekonomi\",\"K\u00fclt\u00fcr-Sanat\",\"Spor\",\"Tan\u0131t\u0131m\",\"T\u00fcrkiye\",\"Uncategorized\"],\"inLanguage\":\"fr-BE\"},{\"@type\":\"WebPage\",\"@id\":\"https:\/\/avrupapress.com\/main\/2026\/09\/05\/tigaddan-ankarada-kritik-hamle-turkiye-gazeteciler-birligi-icin-dugmeye-basildi\/\",\"url\":\"https:\/\/avrupapress.com\/main\/2026\/09\/05\/tigaddan-ankarada-kritik-hamle-turkiye-gazeteciler-birligi-icin-dugmeye-basildi\/\",\"name\":\"T\u0130GAD\u2019DAN ANKARA\u2019DA KR\u0130T\u0130K HAMLE: \u201cT\u00dcRK\u0130YE GAZETEC\u0130LER B\u0130RL\u0130\u011e\u0130\u201d \u0130\u00c7\u0130N D\u00dc\u011eMEYE BASILDI - AvrupaPress\",\"isPartOf\":{\"@id\":\"https:\/\/avrupapress.com\/#website\"},\"primaryImageOfPage\":{\"@id\":\"https:\/\/avrupapress.com\/main\/2026\/09\/05\/tigaddan-ankarada-kritik-hamle-turkiye-gazeteciler-birligi-icin-dugmeye-basildi\/#primaryimage\"},\"image\":{\"@id\":\"https:\/\/avrupapress.com\/main\/2026\/09\/05\/tigaddan-ankarada-kritik-hamle-turkiye-gazeteciler-birligi-icin-dugmeye-basildi\/#primaryimage\"},\"thumbnailUrl\":\"https:\/\/avrupapress.com\/main\/wp-content\/uploads\/2026\/09\/Screenshot_20260905_194131_Facebook.jpg\",\"datePublished\":\"2026-09-05T17:51:42+00:00\",\"dateModified\":\"2026-09-05T17:51:49+00:00\",\"breadcrumb\":{\"@id\":\"https:\/\/avrupapress.com\/main\/2026\/09\/05\/tigaddan-ankarada-kritik-hamle-turkiye-gazeteciler-birligi-icin-dugmeye-basildi\/#breadcrumb\"},\"inLanguage\":\"fr-BE\",\"potentialAction\":[{\"@type\":\"ReadAction\",\"target\":[\"https:\/\/avrupapress.com\/main\/2026\/09\/05\/tigaddan-ankarada-kritik-hamle-turkiye-gazeteciler-birligi-icin-dugmeye-basildi\/\"]}]},{\"@type\":\"ImageObject\",\"inLanguage\":\"fr-BE\",\"@id\":\"https:\/\/avrupapress.com\/main\/2026\/09\/05\/tigaddan-ankarada-kritik-hamle-turkiye-gazeteciler-birligi-icin-dugmeye-basildi\/#primaryimage\",\"url\":\"https:\/\/avrupapress.com\/main\/wp-content\/uploads\/2026\/09\/Screenshot_20260905_194131_Facebook.jpg\",\"contentUrl\":\"https:\/\/avrupapress.com\/main\/wp-content\/uploads\/2026\/09\/Screenshot_20260905_194131_Facebook.jpg\",\"width\":1080,\"height\":623},{\"@type\":\"BreadcrumbList\",\"@id\":\"https:\/\/avrupapress.com\/main\/2026\/09\/05\/tigaddan-ankarada-kritik-hamle-turkiye-gazeteciler-birligi-icin-dugmeye-basildi\/#breadcrumb\",\"itemListElement\":[{\"@type\":\"ListItem\",\"position\":1,\"name\":\"Anasayfa\",\"item\":\"https:\/\/avrupapress.com\/\"},{\"@type\":\"ListItem\",\"position\":2,\"name\":\"T\u0130GAD\u2019DAN ANKARA\u2019DA KR\u0130T\u0130K HAMLE: \u201cT\u00dcRK\u0130YE GAZETEC\u0130LER B\u0130RL\u0130\u011e\u0130\u201d \u0130\u00c7\u0130N D\u00dc\u011eMEYE BASILDI\"}]},{\"@type\":\"WebSite\",\"@id\":\"https:\/\/avrupapress.com\/#website\",\"url\":\"https:\/\/avrupapress.com\/\",\"name\":\"AvrupaPress\",\"description\":\"Haberin Adresi\",\"publisher\":{\"@id\":\"https:\/\/avrupapress.com\/#\/schema\/person\/0223dca19c72c43575bf30d1a2d8f4fa\"},\"potentialAction\":[{\"@type\":\"SearchAction\",\"target\":{\"@type\":\"EntryPoint\",\"urlTemplate\":\"https:\/\/avrupapress.com\/?s={search_term_string}\"},\"query-input\":{\"@type\":\"PropertyValueSpecification\",\"valueRequired\":true,\"valueName\":\"search_term_string\"}}],\"inLanguage\":\"fr-BE\"},{\"@type\":[\"Person\",\"Organization\"],\"@id\":\"https:\/\/avrupapress.com\/#\/schema\/person\/0223dca19c72c43575bf30d1a2d8f4fa\",\"name\":\"Bilgin \u00d6z\u00e7ift\u00e7i\",\"image\":{\"@type\":\"ImageObject\",\"inLanguage\":\"fr-BE\",\"@id\":\"https:\/\/avrupapress.com\/#\/schema\/person\/image\/\",\"url\":\"https:\/\/secure.gravatar.com\/avatar\/0f23b280433a21e1ea7a0adcc46ed0ad16afe3ad8e630fd13d8a017dcbd54ef3?s=96&d=mm&r=g\",\"contentUrl\":\"https:\/\/secure.gravatar.com\/avatar\/0f23b280433a21e1ea7a0adcc46ed0ad16afe3ad8e630fd13d8a017dcbd54ef3?s=96&d=mm&r=g\",\"caption\":\"Bilgin \u00d6z\u00e7ift\u00e7i\"},\"logo\":{\"@id\":\"https:\/\/avrupapress.com\/#\/schema\/person\/image\/\"},\"description\":\"Ne ben, nede sen... Biz ancak \\\"biz\\\" olursak g\u00fc\u00e7l\u00fc olabiliriz\"},{\"@type\":\"Person\",\"@id\":\"https:\/\/avrupapress.com\/#\/schema\/person\/68428444ec60970d1e1b700cf4ca1e8f\",\"name\":\"Edit\u00f6r\",\"image\":{\"@type\":\"ImageObject\",\"inLanguage\":\"fr-BE\",\"@id\":\"https:\/\/avrupapress.com\/#\/schema\/person\/image\/\",\"url\":\"https:\/\/secure.gravatar.com\/avatar\/74996b0977aa5f1559ba9883776652508b229005c0d78fb2597897f0bd651c09?s=96&d=mm&r=g\",\"contentUrl\":\"https:\/\/secure.gravatar.com\/avatar\/74996b0977aa5f1559ba9883776652508b229005c0d78fb2597897f0bd651c09?s=96&d=mm&r=g\",\"caption\":\"Edit\u00f6r\"},\"sameAs\":[\"http:\/\/www.avrupapress.com\"],\"url\":\"https:\/\/avrupapress.com\/main\/author\/editor\/\"}]}<\/script>\n<!-- \/ Yoast SEO plugin. -->","yoast_head_json":{"title":"T\u0130GAD\u2019DAN ANKARA\u2019DA KR\u0130T\u0130K HAMLE: \u201cT\u00dcRK\u0130YE GAZETEC\u0130LER B\u0130RL\u0130\u011e\u0130\u201d \u0130\u00c7\u0130N D\u00dc\u011eMEYE BASILDI - AvrupaPress","robots":{"index":"index","follow":"follow","max-snippet":"max-snippet:-1","max-image-preview":"max-image-preview:large","max-video-preview":"max-video-preview:-1"},"canonical":"https:\/\/avrupapress.com\/main\/2026\/09\/05\/tigaddan-ankarada-kritik-hamle-turkiye-gazeteciler-birligi-icin-dugmeye-basildi\/","og_locale":"fr_FR","og_type":"article","og_title":"T\u0130GAD\u2019DAN ANKARA\u2019DA KR\u0130T\u0130K HAMLE: \u201cT\u00dcRK\u0130YE GAZETEC\u0130LER B\u0130RL\u0130\u011e\u0130\u201d \u0130\u00c7\u0130N D\u00dc\u011eMEYE BASILDI - AvrupaPress","og_description":"Bilgin \u00d6z\u00e7ifci. \/\u00a0 ANKARA Gazetecilerin mesleki, sosyal, ekonomik ve \u00f6zl\u00fck haklar\u0131n\u0131 tek \u00e7at\u0131 alt\u0131nda g\u00fc\u00e7lendirmeyi hedefleyen T\u0130GAD, haz\u0131rlad\u0131\u011f\u0131 \u201cT\u00fcrkiye Gazeteciler Birli\u011fi\u201d kanun teklifi tasla\u011f\u0131n\u0131 Ankara\u2019da Adalet Bakan\u0131 Ak\u0131n G\u00fcrlek ba\u015fta olmak \u00fczere siyasi ve b\u00fcrokratik isimlere sundu. ANKARA \u2013 T\u00fcrkiye \u0130nternet Gazetecili\u011fi Derne\u011fi (T\u0130GAD), gazetecilik mesle\u011finin gelece\u011fi a\u00e7\u0131s\u0131ndan \u00f6nemli bir yasal d\u00fczenleme \u00f6nerisini Ankara\u2019n\u0131n g\u00fcndemine [&hellip;]","og_url":"https:\/\/avrupapress.com\/main\/2026\/09\/05\/tigaddan-ankarada-kritik-hamle-turkiye-gazeteciler-birligi-icin-dugmeye-basildi\/","og_site_name":"AvrupaPress","article_published_time":"2026-09-05T17:51:42+00:00","article_modified_time":"2026-09-05T17:51:49+00:00","og_image":[{"width":1080,"height":623,"url":"https:\/\/avrupapress.com\/main\/wp-content\/uploads\/2026\/09\/Screenshot_20260905_194131_Facebook.jpg","type":"image\/jpeg"}],"author":"Edit\u00f6r","twitter_card":"summary_large_image","twitter_misc":{"\u00c9crit par":"Edit\u00f6r","Dur\u00e9e de lecture est.":"3 minutes"},"schema":{"@context":"https:\/\/schema.org","@graph":[{"@type":"Article","@id":"https:\/\/avrupapress.com\/main\/2026\/09\/05\/tigaddan-ankarada-kritik-hamle-turkiye-gazeteciler-birligi-icin-dugmeye-basildi\/#article","isPartOf":{"@id":"https:\/\/avrupapress.com\/main\/2026\/09\/05\/tigaddan-ankarada-kritik-hamle-turkiye-gazeteciler-birligi-icin-dugmeye-basildi\/"},"author":{"name":"Edit\u00f6r","@id":"https:\/\/avrupapress.com\/#\/schema\/person\/68428444ec60970d1e1b700cf4ca1e8f"},"headline":"T\u0130GAD\u2019DAN ANKARA\u2019DA KR\u0130T\u0130K HAMLE: \u201cT\u00dcRK\u0130YE GAZETEC\u0130LER B\u0130RL\u0130\u011e\u0130\u201d \u0130\u00c7\u0130N D\u00dc\u011eMEYE BASILDI","datePublished":"2026-09-05T17:51:42+00:00","dateModified":"2026-09-05T17:51:49+00:00","mainEntityOfPage":{"@id":"https:\/\/avrupapress.com\/main\/2026\/09\/05\/tigaddan-ankarada-kritik-hamle-turkiye-gazeteciler-birligi-icin-dugmeye-basildi\/"},"wordCount":826,"publisher":{"@id":"https:\/\/avrupapress.com\/#\/schema\/person\/0223dca19c72c43575bf30d1a2d8f4fa"},"image":{"@id":"https:\/\/avrupapress.com\/main\/2026\/09\/05\/tigaddan-ankarada-kritik-hamle-turkiye-gazeteciler-birligi-icin-dugmeye-basildi\/#primaryimage"},"thumbnailUrl":"https:\/\/avrupapress.com\/main\/wp-content\/uploads\/2026\/09\/Screenshot_20260905_194131_Facebook.jpg","articleSection":["Avrupa","Bel\u00e7ika","D\u00fcnya","Ekonomi","K\u00fclt\u00fcr-Sanat","Spor","Tan\u0131t\u0131m","T\u00fcrkiye","Uncategorized"],"inLanguage":"fr-BE"},{"@type":"WebPage","@id":"https:\/\/avrupapress.com\/main\/2026\/09\/05\/tigaddan-ankarada-kritik-hamle-turkiye-gazeteciler-birligi-icin-dugmeye-basildi\/","url":"https:\/\/avrupapress.com\/main\/2026\/09\/05\/tigaddan-ankarada-kritik-hamle-turkiye-gazeteciler-birligi-icin-dugmeye-basildi\/","name":"T\u0130GAD\u2019DAN ANKARA\u2019DA KR\u0130T\u0130K HAMLE: \u201cT\u00dcRK\u0130YE GAZETEC\u0130LER B\u0130RL\u0130\u011e\u0130\u201d \u0130\u00c7\u0130N D\u00dc\u011eMEYE BASILDI - AvrupaPress","isPartOf":{"@id":"https:\/\/avrupapress.com\/#website"},"primaryImageOfPage":{"@id":"https:\/\/avrupapress.com\/main\/2026\/09\/05\/tigaddan-ankarada-kritik-hamle-turkiye-gazeteciler-birligi-icin-dugmeye-basildi\/#primaryimage"},"image":{"@id":"https:\/\/avrupapress.com\/main\/2026\/09\/05\/tigaddan-ankarada-kritik-hamle-turkiye-gazeteciler-birligi-icin-dugmeye-basildi\/#primaryimage"},"thumbnailUrl":"https:\/\/avrupapress.com\/main\/wp-content\/uploads\/2026\/09\/Screenshot_20260905_194131_Facebook.jpg","datePublished":"2026-09-05T17:51:42+00:00","dateModified":"2026-09-05T17:51:49+00:00","breadcrumb":{"@id":"https:\/\/avrupapress.com\/main\/2026\/09\/05\/tigaddan-ankarada-kritik-hamle-turkiye-gazeteciler-birligi-icin-dugmeye-basildi\/#breadcrumb"},"inLanguage":"fr-BE","potentialAction":[{"@type":"ReadAction","target":["https:\/\/avrupapress.com\/main\/2026\/09\/05\/tigaddan-ankarada-kritik-hamle-turkiye-gazeteciler-birligi-icin-dugmeye-basildi\/"]}]},{"@type":"ImageObject","inLanguage":"fr-BE","@id":"https:\/\/avrupapress.com\/main\/2026\/09\/05\/tigaddan-ankarada-kritik-hamle-turkiye-gazeteciler-birligi-icin-dugmeye-basildi\/#primaryimage","url":"https:\/\/avrupapress.com\/main\/wp-content\/uploads\/2026\/09\/Screenshot_20260905_194131_Facebook.jpg","contentUrl":"https:\/\/avrupapress.com\/main\/wp-content\/uploads\/2026\/09\/Screenshot_20260905_194131_Facebook.jpg","width":1080,"height":623},{"@type":"BreadcrumbList","@id":"https:\/\/avrupapress.com\/main\/2026\/09\/05\/tigaddan-ankarada-kritik-hamle-turkiye-gazeteciler-birligi-icin-dugmeye-basildi\/#breadcrumb","itemListElement":[{"@type":"ListItem","position":1,"name":"Anasayfa","item":"https:\/\/avrupapress.com\/"},{"@type":"ListItem","position":2,"name":"T\u0130GAD\u2019DAN ANKARA\u2019DA KR\u0130T\u0130K HAMLE: \u201cT\u00dcRK\u0130YE GAZETEC\u0130LER B\u0130RL\u0130\u011e\u0130\u201d \u0130\u00c7\u0130N D\u00dc\u011eMEYE BASILDI"}]},{"@type":"WebSite","@id":"https:\/\/avrupapress.com\/#website","url":"https:\/\/avrupapress.com\/","name":"AvrupaPress","description":"Haberin Adresi","publisher":{"@id":"https:\/\/avrupapress.com\/#\/schema\/person\/0223dca19c72c43575bf30d1a2d8f4fa"},"potentialAction":[{"@type":"SearchAction","target":{"@type":"EntryPoint","urlTemplate":"https:\/\/avrupapress.com\/?s={search_term_string}"},"query-input":{"@type":"PropertyValueSpecification","valueRequired":true,"valueName":"search_term_string"}}],"inLanguage":"fr-BE"},{"@type":["Person","Organization"],"@id":"https:\/\/avrupapress.com\/#\/schema\/person\/0223dca19c72c43575bf30d1a2d8f4fa","name":"Bilgin \u00d6z\u00e7ift\u00e7i","image":{"@type":"ImageObject","inLanguage":"fr-BE","@id":"https:\/\/avrupapress.com\/#\/schema\/person\/image\/","url":"https:\/\/secure.gravatar.com\/avatar\/0f23b280433a21e1ea7a0adcc46ed0ad16afe3ad8e630fd13d8a017dcbd54ef3?s=96&d=mm&r=g","contentUrl":"https:\/\/secure.gravatar.com\/avatar\/0f23b280433a21e1ea7a0adcc46ed0ad16afe3ad8e630fd13d8a017dcbd54ef3?s=96&d=mm&r=g","caption":"Bilgin \u00d6z\u00e7ift\u00e7i"},"logo":{"@id":"https:\/\/avrupapress.com\/#\/schema\/person\/image\/"},"description":"Ne ben, nede sen... Biz ancak \"biz\" olursak g\u00fc\u00e7l\u00fc olabiliriz"},{"@type":"Person","@id":"https:\/\/avrupapress.com\/#\/schema\/person\/68428444ec60970d1e1b700cf4ca1e8f","name":"Edit\u00f6r","image":{"@type":"ImageObject","inLanguage":"fr-BE","@id":"https:\/\/avrupapress.com\/#\/schema\/person\/image\/","url":"https:\/\/secure.gravatar.com\/avatar\/74996b0977aa5f1559ba9883776652508b229005c0d78fb2597897f0bd651c09?s=96&d=mm&r=g","contentUrl":"https:\/\/secure.gravatar.com\/avatar\/74996b0977aa5f1559ba9883776652508b229005c0d78fb2597897f0bd651c09?s=96&d=mm&r=g","caption":"Edit\u00f6r"},"sameAs":["http:\/\/www.avrupapress.com"],"url":"https:\/\/avrupapress.com\/main\/author\/editor\/"}]}},"_links":{"self":[{"href":"https:\/\/avrupapress.com\/main\/wp-json\/wp\/v2\/posts\/36298","targetHints":{"allow":["GET"]}}],"collection":[{"href":"https:\/\/avrupapress.com\/main\/wp-json\/wp\/v2\/posts"}],"about":[{"href":"https:\/\/avrupapress.com\/main\/wp-json\/wp\/v2\/types\/post"}],"author":[{"embeddable":true,"href":"https:\/\/avrupapress.com\/main\/wp-json\/wp\/v2\/users\/3"}],"replies":[{"embeddable":true,"href":"https:\/\/avrupapress.com\/main\/wp-json\/wp\/v2\/comments?post=36298"}],"version-history":[{"count":1,"href":"https:\/\/avrupapress.com\/main\/wp-json\/wp\/v2\/posts\/36298\/revisions"}],"predecessor-version":[{"id":36300,"href":"https:\/\/avrupapress.com\/main\/wp-json\/wp\/v2\/posts\/36298\/revisions\/36300"}],"wp:featuredmedia":[{"embeddable":true,"href":"https:\/\/avrupapress.com\/main\/wp-json\/wp\/v2\/media\/36299"}],"wp:attachment":[{"href":"https:\/\/avrupapress.com\/main\/wp-json\/wp\/v2\/media?parent=36298"}],"wp:term":[{"taxonomy":"category","embeddable":true,"href":"https:\/\/avrupapress.com\/main\/wp-json\/wp\/v2\/categories?post=36298"},{"taxonomy":"post_tag","embeddable":true,"href":"https:\/\/avrupapress.com\/main\/wp-json\/wp\/v2\/tags?post=36298"}],"curies":[{"name":"wp","href":"https:\/\/api.w.org\/{rel}","templated":true}]}}