{"id":36294,"date":"2026-09-05T08:16:57","date_gmt":"2026-09-05T08:16:57","guid":{"rendered":"https:\/\/avrupapress.com\/main\/?p=36294"},"modified":"2026-09-05T08:19:37","modified_gmt":"2026-09-05T08:19:37","slug":"36294","status":"publish","type":"post","link":"https:\/\/avrupapress.com\/main\/2026\/09\/05\/36294\/","title":{"rendered":"BAYAT TAR\u0130H\u0130NE YOLCULUK  # BAYAT HANI  ## \u0130K\u0130 HAN, D\u00d6RT \u00c7E\u015eME, D\u00d6RT Y\u00dcZYILLIK SIR"},"content":{"rendered":"<p><strong>\u00a0BAYAT TAR\u0130H\u0130NE YOLCULUK<\/strong><\/p>\n<p><strong># BAYAT HANI<\/strong><\/p>\n<p><strong>## \u0130K\u0130 HAN, D\u00d6RT \u00c7E\u015eME, D\u00d6RT Y\u00dcZYILLIK SIR<\/strong><\/p>\n<p>Bug\u00fcn Bayat\u2019ta y\u00fcr\u00fcrken izini g\u00f6remiyoruz. Fakat Osmanl\u0131 belgeleri, bu kasabada hac\u0131lar ve yolcular i\u00e7in kurulmu\u015f iki han bulundu\u011funu a\u00e7\u0131k\u00e7a bildiriyor:<\/p>\n<p>**\u201cHac\u0131lar ve ebn\u00e2-y\u0131 seb\u00eel i\u00e7in Bayad karyesinde iki han ve d\u00f6rt \u00e7e\u015fme bina olunmu\u015ftur.\u201d**<\/p>\n<p>\u201cEbn\u00e2-y\u0131 seb\u00eel\u201d; yolda kalm\u0131\u015f, yard\u0131ma ve bar\u0131nmaya ihtiya\u00e7 duyan yolcular demektir.<\/p>\n<p>\u0130ki han, d\u00f6rt \u00e7e\u015fme\u2026 Bunlar yaln\u0131zca bir k\u00f6y i\u00e7in de\u011fil, Anadolu\u2019dan ge\u00e7en b\u00fcy\u00fck yol i\u00e7in yap\u0131lm\u0131\u015ft\u0131.<\/p>\n<p>## K\u0130MLER BU KAPIDAN GE\u00c7T\u0130?<\/p>\n<p>Bayat Han\u0131\u2019nda hac\u0131lar, t\u00fcccarlar, ulaklar, el\u00e7iler, asker\u00ee g\u00f6revliler ve farkl\u0131 \u015fehirlerden gelen yolcular konaklad\u0131.<\/p>\n<p>\u0130stanbul\u2019dan Hicaz\u2019a uzanan hac yolunda ilerleyen kafileler; Eski\u015fehir, Seyitgazi ve H\u00fcsrevpa\u015fa \u00fczerinden Bayat\u2019a geliyor, buradan Bolvadin, \u0130shakl\u0131, Ak\u015fehir ve Konya y\u00f6n\u00fcne devam ediyordu.<\/p>\n<p>1597 y\u0131l\u0131nda b\u00f6lgeden ge\u00e7en \u0130ngiliz seyyah John Sanderson da Bayat\u2019\u0131 yol \u00fczerindeki menziller aras\u0131nda kaydetti.<\/p>\n<p>Bayat\u2019tan ge\u00e7en en \u00f6nemli misafirlerden biri ise IV. Murad\u2019d\u0131. Padi\u015fah, Ba\u011fdat Seferi s\u0131ras\u0131nda **5 Haziran 1638\u2019de** ordusuyla Bayat menziline ula\u015ft\u0131.<\/p>\n<p>Sefer k\u00e2tibi Bayat i\u00e7in \u015fu dikkat \u00e7ekici notu yazd\u0131:<\/p>\n<p>**\u201cC\u00fcmle a\u011fa\u00e7l\u0131kdur amma muzayaka yokdur, menzili de bir ho\u015f\u00e7adur.\u201d**<\/p>\n<p>Yani:<\/p>\n<p>**\u201cHer taraf a\u011fa\u00e7l\u0131kt\u0131r, s\u0131k\u0131nt\u0131 yoktur; menzili de olduk\u00e7a g\u00fczeldir.\u201d**<\/p>\n<p>## HAN \u00dcCRETS\u0130Z M\u0130YD\u0130?<\/p>\n<p>Bayat\u2019taki hanlar, hac\u0131lar ve yolda kalm\u0131\u015f yolcular i\u00e7in kurulmu\u015f vak\u0131f yap\u0131lar\u0131yd\u0131. Bu nedenle temel bar\u0131nma hizmetinin \u00fccretsiz olmas\u0131 kuvvetle muhtemeldir.<\/p>\n<p>Ancak Bayat Han\u0131\u2019n\u0131n vakfiyesi hen\u00fcz bulunamad\u0131\u011f\u0131 i\u00e7in konaklama, yemek ve hayvan yemi \u00fccretlerinin kesin tarifesini bilmiyoruz.<\/p>\n<p>\u201c\u00dc\u00e7 g\u00fcn \u00fccretsiz kal\u0131n\u0131rd\u0131\u201d, \u201cher yolcuya yemek verilirdi\u201d ve \u201cayakkab\u0131s\u0131 eskiyene yenisi verilirdi\u201d gibi h\u00fck\u00fcmler baz\u0131 b\u00fcy\u00fck imaret ve kervansaraylar\u0131n vakfiyelerinde g\u00f6r\u00fcl\u00fcr. Fakat bunlar\u0131n Bayat Han\u0131\u2019nda da uyguland\u0131\u011f\u0131n\u0131 g\u00f6steren \u00f6zel bir belge \u015fimdilik elimizde yoktur.<\/p>\n<p>## KA\u00c7 ODASI VARDI?<\/p>\n<p>Belgeler Bayat\u2019ta bir de\u011fil, **iki han** bulundu\u011funu bildiriyor. Ancak hanlar\u0131n mimari plan\u0131 ve oda say\u0131lar\u0131n\u0131 g\u00f6steren bir kay\u0131t hen\u00fcz bulunamad\u0131.<\/p>\n<p>D\u00f6nemin benzer menzil hanlar\u0131yla yap\u0131lan mimari kar\u015f\u0131la\u015ft\u0131rmaya g\u00f6re:<\/p>\n<p>**B\u00fcy\u00fck Han\u2019\u0131n yakla\u015f\u0131k 20 odal\u0131, K\u00fc\u00e7\u00fck Han\u2019\u0131n ise 12\u201314 odal\u0131 oldu\u011fu tahmin edilmektedir.**<\/p>\n<p>Buna g\u00f6re Bayat\u2019taki iki handa toplam **32\u201334 yolcu odas\u0131** bulunmu\u015f olabilir.<\/p>\n<p>Bu rakamlar kesin bir belgeye de\u011fil, benzer Osmanl\u0131 menzil hanlar\u0131n\u0131n b\u00fcy\u00fckl\u00fcklerine dayanan mimari tahmindir.<\/p>\n<p>## YOLCU KA\u00c7 GECE KALIRDI?<\/p>\n<p>Bayat bir menzil noktas\u0131yd\u0131. Yolcular\u0131n \u00e7o\u011fu burada bir gece dinleniyor; ihtiya\u00e7lar\u0131n\u0131 kar\u015f\u0131lay\u0131p hayvanlar\u0131n\u0131 sulad\u0131ktan sonra ertesi sabah bir sonraki menzile hareket ediyordu.<\/p>\n<p>Hastal\u0131k, k\u00f6t\u00fc hava, yol g\u00fcvenli\u011fi veya kafilenin beklenmesi gibi durumlarda daha uzun kal\u0131nm\u0131\u015f olabilir. Fakat Bayat Han\u0131\u2019nda azami konaklama s\u00fcresini g\u00f6steren \u00f6zel bir kay\u0131t hen\u00fcz bulunamad\u0131.<\/p>\n<p>## GECE KAPILAR NEDEN KAPANIRDI?<\/p>\n<p>Hanlar\u0131n kal\u0131n duvarlar\u0131 ve b\u00fcy\u00fck kap\u0131lar\u0131 yaln\u0131zca mimari g\u00f6steri\u015f i\u00e7in de\u011fildi. \u0130\u00e7eride bulunan insanlar\u0131n, ticaret mallar\u0131n\u0131n ve hayvanlar\u0131n g\u00fcvenli\u011fini sa\u011fl\u0131yordu.<\/p>\n<p>D\u00f6nemin hanlar\u0131nda kap\u0131lar gece kapat\u0131l\u0131r; ge\u00e7 gelen yolcular kontrol edilerek i\u00e7eri al\u0131n\u0131rd\u0131. Hayvanlar ah\u0131ra ba\u011flan\u0131r, k\u0131ymetli y\u00fckler korunakl\u0131 b\u00f6l\u00fcmlerde tutulurdu.<\/p>\n<p>Sabah hareketinden \u00f6nce yolcular\u0131n e\u015fyalar\u0131n\u0131 ve hayvanlar\u0131n\u0131 kontrol etmeleri de yayg\u0131n bir g\u00fcvenlik uygulamas\u0131yd\u0131.<\/p>\n<p>**\u201cMal\u0131n\u0131z, can\u0131n\u0131z, at\u0131n\u0131z ve e\u015fyan\u0131z tamam m\u0131d\u0131r?\u201d** \u015feklindeki \u00e7a\u011fr\u0131, kervansaraylarla ilgili tarih\u00ee anlat\u0131mlarda ge\u00e7mektedir. Ancak bu s\u00f6z\u00fcn Bayat Han\u0131\u2019nda s\u00f6ylendi\u011fini g\u00f6steren do\u011frudan bir belge hen\u00fcz bulunmam\u0131\u015ft\u0131r.<\/p>\n<p>## HANIN \u0130\u00c7\u0130 NASILDI?<\/p>\n<p>Bayat Han\u0131\u2019n\u0131n plan\u0131 g\u00fcn\u00fcm\u00fcze ula\u015fmad\u0131. D\u00f6nemin benzer yap\u0131lar\u0131 dikkate al\u0131nd\u0131\u011f\u0131nda hanlar\u0131n kal\u0131n ta\u015f veya kerpi\u00e7 duvarl\u0131, b\u00fcy\u00fck ah\u015fap kap\u0131l\u0131 ve geni\u015f avlulu oldu\u011fu d\u00fc\u015f\u00fcn\u00fclebilir.<\/p>\n<p>Avlunun \u00e7evresinde yolcu odalar\u0131, arka b\u00f6l\u00fcmlerde ise at, kat\u0131r ve develer i\u00e7in b\u00fcy\u00fck ah\u0131rlar bulunuyordu. Kap\u0131ya yak\u0131n bir yerde hanc\u0131n\u0131n odas\u0131; avluda veya han\u0131n \u00f6n\u00fcnde \u00e7e\u015fme, su teknesi ve hayvan yalaklar\u0131 bulunmu\u015f olmal\u0131d\u0131r.<\/p>\n<p>Odalar bug\u00fcnk\u00fc otel odalar\u0131 gibi de\u011fildi. \u0130\u00e7lerinde ta\u015f veya toprak seki, e\u015fya koymak i\u00e7in duvar ni\u015fleri ve k\u00fc\u00e7\u00fck bir ocak bulunmas\u0131 muhtemeldir. Yolcular yataklar\u0131n\u0131 ve az\u0131klar\u0131n\u0131 \u00e7o\u011funlukla kendileri ta\u015f\u0131yordu.<\/p>\n<p>## AYNI ANDA KA\u00c7 K\u0130\u015e\u0130 KALIRDI?<\/p>\n<p>Toplam 32\u201334 odan\u0131n bulundu\u011fu kabul edilirse iki han\u0131n normal zamanda yakla\u015f\u0131k **70\u2013100 yolcuyu** a\u011f\u0131rlayabildi\u011fi d\u00fc\u015f\u00fcn\u00fclebilir.<\/p>\n<p>Hac ve sefer g\u00fcnlerinde odalar birka\u00e7 ki\u015fi taraf\u0131ndan payla\u015f\u0131l\u0131r; hizmet\u00e7iler, kervanc\u0131lar ve askerler revaklarda, avluda veya ah\u0131rlar\u0131n y\u00fckseltilmi\u015f sekilerinde yatabilirdi.<\/p>\n<p>At, kat\u0131r ve develer ise yolcu odalar\u0131nda de\u011fil, hanlar\u0131n geni\u015f ah\u0131rlar\u0131nda bar\u0131nd\u0131r\u0131l\u0131rd\u0131.<\/p>\n<p>IV. Murad\u2019\u0131n b\u00fcy\u00fck ordusunun tamam\u0131 hanlara s\u0131\u011fm\u0131\u015f de\u011fildi. Ordu Bayat\u2019\u0131n arkas\u0131ndaki geni\u015f d\u00fczl\u00fckte \u00e7ad\u0131r kurarken hanlar; komutanlar, ulaklar, g\u00f6revliler, k\u0131ymetli y\u00fckler ve ikmal malzemeleri i\u00e7in merkez olarak kullan\u0131lm\u0131\u015f olmal\u0131d\u0131r.<\/p>\n<p>## HANLAR DOLDU\u011eUNDA NEREDE KALINIRDI?<\/p>\n<p>Hac, sefer ve b\u00fcy\u00fck kervanlar\u0131n ge\u00e7i\u015f g\u00fcnlerinde Bayat\u2019taki iki han\u0131n dolmas\u0131 m\u00fcmk\u00fcnd\u00fc. B\u00f6yle zamanlarda yolcular\u0131n bir b\u00f6l\u00fcm\u00fc Bayatl\u0131lar\u0131n evlerinde misafir edilirdi.<\/p>\n<p>Bayat\u2019ta **\u201chanay\u201d** denilen eski evler, k\u00fc\u00e7\u00fck bir han\u0131 and\u0131ran yap\u0131dayd\u0131. Y\u00fcksek ve korunakl\u0131 bir avlu kap\u0131s\u0131ndan girilir; alt katta at, kat\u0131r ve di\u011fer hayvanlar bar\u0131nd\u0131r\u0131l\u0131r, \u00fcst kattaki odalarda ise yolcular kalabilirdi. Y\u00fckler de avluya veya alt kattaki kapal\u0131 b\u00f6l\u00fcmlere yerle\u015ftirilirdi.<\/p>\n<p>B\u00f6ylece yaln\u0131zca iki han de\u011fil, Bayat\u2019\u0131n evleri de yolcular\u0131n konaklamas\u0131na katk\u0131 sa\u011flard\u0131. Kasaba, kalabal\u0131k kafilelerin geldi\u011fi g\u00fcnlerde b\u00fct\u00fcn\u00fcyle b\u00fcy\u00fck bir menzil ve konaklama merkezine d\u00f6n\u00fc\u015f\u00fcrd\u00fc.<\/p>\n<p>Evlerde konaklaman\u0131n \u00fccretli olup olmad\u0131\u011f\u0131na ili\u015fkin Bayat\u2019a ait do\u011frudan bir belge hen\u00fcz bulunamad\u0131. Konaklama bazen misafirlik gelene\u011fiyle \u00fccretsiz, bazen de yiyecek, hayvan yemi ve di\u011fer hizmetler kar\u015f\u0131l\u0131\u011f\u0131nda \u00fccretli yap\u0131lm\u0131\u015f olabilir.<\/p>\n<p>## BAYAT\u2019A NE KAZANDIRDI?<\/p>\n<p>Hanlar Bayat\u2019a yaln\u0131zca yolcu getirmedi.<\/p>\n<p>Pazar\u0131n geli\u015fmesini sa\u011flad\u0131. Ekmek, et, tah\u0131l, saman, arpa, odun ve di\u011fer ihtiya\u00e7lar\u0131n kar\u015f\u0131lanmas\u0131 i\u00e7in \u00fcretim ve ticareti canland\u0131rd\u0131. D\u00f6rt \u00e7e\u015fme ve su yollar\u0131 hem yolculara hem Bayat halk\u0131na hizmet etti.<\/p>\n<p>Fakat bu yolun Bayat\u2019a y\u00fckledi\u011fi a\u011f\u0131r sorumluluklar da vard\u0131. Sefer zamanlar\u0131nda binlerce ekmek, hayvan, yem ve para istenebiliyordu.<\/p>\n<p>Bayat bu b\u00fcy\u00fck yolun hem bereketini g\u00f6rd\u00fc hem de y\u00fck\u00fcn\u00fc ta\u015f\u0131d\u0131.<\/p>\n<p>## D\u00d6RT Y\u00dcZYILLIK SIR<\/p>\n<p>Hanlar\u0131n kesin yeri neredeydi?<\/p>\n<p>\u0130ki han yan yana m\u0131yd\u0131?<\/p>\n<p>D\u00f6rt \u00e7e\u015fme nerelerdeydi?<\/p>\n<p>Sular\u0131 hangi kaynaktan geliyordu?<\/p>\n<p>Hanlar ne zaman ve nas\u0131l y\u0131k\u0131ld\u0131?<\/p>\n<p>Bug\u00fcn bu sorular\u0131n kesin cevaplar\u0131n\u0131 bilmiyoruz. Hanlar\u0131n vakfiyesi ve mimari plan\u0131 hen\u00fcz bulunamad\u0131. Fakat 1597\u2019den 1837\u2019ye kadar uzanan yol ve menzil kay\u0131tlar\u0131, Bayat\u2019\u0131n \u00f6nemli bir konaklama merkezi oldu\u011funu g\u00f6steriyor.<\/p>\n<p>Bir kasaban\u0131n haf\u0131zas\u0131 yaln\u0131zca ta\u015flarda de\u011fil, belgelerde ve insanlar\u0131n hat\u0131ralar\u0131nda saklan\u0131r.<\/p>\n<p>## BAYATLILARA \u00c7A\u011eRI<\/p>\n<p>B\u00fcy\u00fcklerinizden **\u201cHan Yeri\u201d, \u201cHan\u00f6n\u00fc\u201d, \u201cHandibi\u201d, \u201cHanard\u0131\u201d** veya **\u201chanay\u201d** s\u00f6zlerini duydunuz mu?<\/p>\n<p>Yolcular\u0131n kald\u0131\u011f\u0131 s\u00f6ylenen eski bir ev, temel kal\u0131nt\u0131s\u0131, kemer ta\u015f\u0131, \u00e7e\u015fme, ta\u015f yalak veya su yolu hat\u0131rl\u0131yor musunuz?<\/p>\n<p>Yorumlara yaz\u0131n. Bayat\u2019\u0131n iki han\u0131n\u0131n yerini ve unutulan menzil hayat\u0131n\u0131 birlikte ortaya \u00e7\u0131karal\u0131m.<\/p>\n<p>**Kaynaklar:** BOA C.BLD 95\/4732 \u2022 AE.SSLM.III 139\/8422 \u2022 AE.SAMD.III 185\/17990 \u2022 \u0130E.EV 22\/2646 \u2022 MAD 14357 \u2022 KK 2583 \u2022 C.NF 8\/366 \u2022 C.AS 306\/12651 \u2022 C.DH 273\/13634 \u2022 K\u00e2tip \u00c7elebi, *Cihann\u00fcm\u00e2* \u2022 Evliya \u00c7elebi, *Seyahatn\u00e2me*<\/p>\n<p>**Mustafa Ar\u0131**<br \/>\n*Belgelerle Bayat Tarihi*<\/p>\n<p><strong>Mustafa. Ar\u0131.\u00a0 \u00a0 \u00a0 \u00a0 \/\u00a0 \u00a0 \u00a0 \u00a0 \u00a0 AVRUPAPRESS<\/strong><\/p>\n","protected":false},"excerpt":{"rendered":"<p>\u00a0BAYAT TAR\u0130H\u0130NE YOLCULUK # BAYAT HANI ## \u0130K\u0130 HAN, D\u00d6RT \u00c7E\u015eME, D\u00d6RT Y\u00dcZYILLIK SIR Bug\u00fcn Bayat\u2019ta y\u00fcr\u00fcrken izini g\u00f6remiyoruz. Fakat Osmanl\u0131 belgeleri, bu kasabada hac\u0131lar ve yolcular i\u00e7in kurulmu\u015f iki han bulundu\u011funu a\u00e7\u0131k\u00e7a bildiriyor: **\u201cHac\u0131lar ve ebn\u00e2-y\u0131 seb\u00eel i\u00e7in Bayad karyesinde iki han ve d\u00f6rt \u00e7e\u015fme bina olunmu\u015ftur.\u201d** \u201cEbn\u00e2-y\u0131 seb\u00eel\u201d; yolda kalm\u0131\u015f, yard\u0131ma ve bar\u0131nmaya [&hellip;]<\/p>\n","protected":false},"author":3,"featured_media":36295,"comment_status":"closed","ping_status":"open","sticky":false,"template":"","format":"standard","meta":{"footnotes":""},"categories":[14,16,3,17,18,15,19,2,1],"tags":[],"class_list":["post-36294","post","type-post","status-publish","format-standard","has-post-thumbnail","hentry","category-avrupa","category-belcika","category-dunya","category-ekonomi","category-kultur-sanat","category-spor","category-tanitim","category-turkiye","category-uncategorized"],"yoast_head":"<!-- This site is optimized with the Yoast SEO plugin v26.9 - https:\/\/yoast.com\/product\/yoast-seo-wordpress\/ -->\n<title>BAYAT TAR\u0130H\u0130NE YOLCULUK # BAYAT HANI ## \u0130K\u0130 HAN, D\u00d6RT \u00c7E\u015eME, D\u00d6RT Y\u00dcZYILLIK SIR - AvrupaPress<\/title>\n<meta name=\"robots\" content=\"index, follow, max-snippet:-1, max-image-preview:large, max-video-preview:-1\" \/>\n<link rel=\"canonical\" href=\"https:\/\/avrupapress.com\/main\/2026\/09\/05\/36294\/\" \/>\n<meta property=\"og:locale\" content=\"fr_FR\" \/>\n<meta property=\"og:type\" content=\"article\" \/>\n<meta property=\"og:title\" content=\"BAYAT TAR\u0130H\u0130NE YOLCULUK # BAYAT HANI ## \u0130K\u0130 HAN, D\u00d6RT \u00c7E\u015eME, D\u00d6RT Y\u00dcZYILLIK SIR - AvrupaPress\" \/>\n<meta property=\"og:description\" content=\"\u00a0BAYAT TAR\u0130H\u0130NE YOLCULUK # BAYAT HANI ## \u0130K\u0130 HAN, D\u00d6RT \u00c7E\u015eME, D\u00d6RT Y\u00dcZYILLIK SIR Bug\u00fcn Bayat\u2019ta y\u00fcr\u00fcrken izini g\u00f6remiyoruz. Fakat Osmanl\u0131 belgeleri, bu kasabada hac\u0131lar ve yolcular i\u00e7in kurulmu\u015f iki han bulundu\u011funu a\u00e7\u0131k\u00e7a bildiriyor: **\u201cHac\u0131lar ve ebn\u00e2-y\u0131 seb\u00eel i\u00e7in Bayad karyesinde iki han ve d\u00f6rt \u00e7e\u015fme bina olunmu\u015ftur.\u201d** \u201cEbn\u00e2-y\u0131 seb\u00eel\u201d; yolda kalm\u0131\u015f, yard\u0131ma ve bar\u0131nmaya [&hellip;]\" \/>\n<meta property=\"og:url\" content=\"https:\/\/avrupapress.com\/main\/2026\/09\/05\/36294\/\" \/>\n<meta property=\"og:site_name\" content=\"AvrupaPress\" \/>\n<meta property=\"article:published_time\" content=\"2026-09-05T08:16:57+00:00\" \/>\n<meta property=\"article:modified_time\" content=\"2026-09-05T08:19:37+00:00\" \/>\n<meta property=\"og:image\" content=\"https:\/\/avrupapress.com\/main\/wp-content\/uploads\/2026\/09\/FB_IMG_1788595874545.jpg\" \/>\n\t<meta property=\"og:image:width\" content=\"1122\" \/>\n\t<meta property=\"og:image:height\" content=\"894\" \/>\n\t<meta property=\"og:image:type\" content=\"image\/jpeg\" \/>\n<meta name=\"author\" content=\"Edit\u00f6r\" \/>\n<meta name=\"twitter:card\" content=\"summary_large_image\" \/>\n<meta name=\"twitter:label1\" content=\"\u00c9crit par\" \/>\n\t<meta name=\"twitter:data1\" content=\"Edit\u00f6r\" \/>\n\t<meta name=\"twitter:label2\" content=\"Dur\u00e9e de lecture est.\" \/>\n\t<meta name=\"twitter:data2\" content=\"6 minutes\" \/>\n<script type=\"application\/ld+json\" class=\"yoast-schema-graph\">{\"@context\":\"https:\/\/schema.org\",\"@graph\":[{\"@type\":\"Article\",\"@id\":\"https:\/\/avrupapress.com\/main\/2026\/09\/05\/36294\/#article\",\"isPartOf\":{\"@id\":\"https:\/\/avrupapress.com\/main\/2026\/09\/05\/36294\/\"},\"author\":{\"name\":\"Edit\u00f6r\",\"@id\":\"https:\/\/avrupapress.com\/#\/schema\/person\/68428444ec60970d1e1b700cf4ca1e8f\"},\"headline\":\"BAYAT TAR\u0130H\u0130NE YOLCULUK # BAYAT HANI ## \u0130K\u0130 HAN, D\u00d6RT \u00c7E\u015eME, D\u00d6RT Y\u00dcZYILLIK SIR\",\"datePublished\":\"2026-09-05T08:16:57+00:00\",\"dateModified\":\"2026-09-05T08:19:37+00:00\",\"mainEntityOfPage\":{\"@id\":\"https:\/\/avrupapress.com\/main\/2026\/09\/05\/36294\/\"},\"wordCount\":1417,\"publisher\":{\"@id\":\"https:\/\/avrupapress.com\/#\/schema\/person\/0223dca19c72c43575bf30d1a2d8f4fa\"},\"image\":{\"@id\":\"https:\/\/avrupapress.com\/main\/2026\/09\/05\/36294\/#primaryimage\"},\"thumbnailUrl\":\"https:\/\/avrupapress.com\/main\/wp-content\/uploads\/2026\/09\/FB_IMG_1788595874545.jpg\",\"articleSection\":[\"Avrupa\",\"Bel\u00e7ika\",\"D\u00fcnya\",\"Ekonomi\",\"K\u00fclt\u00fcr-Sanat\",\"Spor\",\"Tan\u0131t\u0131m\",\"T\u00fcrkiye\",\"Uncategorized\"],\"inLanguage\":\"fr-BE\"},{\"@type\":\"WebPage\",\"@id\":\"https:\/\/avrupapress.com\/main\/2026\/09\/05\/36294\/\",\"url\":\"https:\/\/avrupapress.com\/main\/2026\/09\/05\/36294\/\",\"name\":\"BAYAT TAR\u0130H\u0130NE YOLCULUK # BAYAT HANI ## \u0130K\u0130 HAN, D\u00d6RT \u00c7E\u015eME, D\u00d6RT Y\u00dcZYILLIK SIR - AvrupaPress\",\"isPartOf\":{\"@id\":\"https:\/\/avrupapress.com\/#website\"},\"primaryImageOfPage\":{\"@id\":\"https:\/\/avrupapress.com\/main\/2026\/09\/05\/36294\/#primaryimage\"},\"image\":{\"@id\":\"https:\/\/avrupapress.com\/main\/2026\/09\/05\/36294\/#primaryimage\"},\"thumbnailUrl\":\"https:\/\/avrupapress.com\/main\/wp-content\/uploads\/2026\/09\/FB_IMG_1788595874545.jpg\",\"datePublished\":\"2026-09-05T08:16:57+00:00\",\"dateModified\":\"2026-09-05T08:19:37+00:00\",\"breadcrumb\":{\"@id\":\"https:\/\/avrupapress.com\/main\/2026\/09\/05\/36294\/#breadcrumb\"},\"inLanguage\":\"fr-BE\",\"potentialAction\":[{\"@type\":\"ReadAction\",\"target\":[\"https:\/\/avrupapress.com\/main\/2026\/09\/05\/36294\/\"]}]},{\"@type\":\"ImageObject\",\"inLanguage\":\"fr-BE\",\"@id\":\"https:\/\/avrupapress.com\/main\/2026\/09\/05\/36294\/#primaryimage\",\"url\":\"https:\/\/avrupapress.com\/main\/wp-content\/uploads\/2026\/09\/FB_IMG_1788595874545.jpg\",\"contentUrl\":\"https:\/\/avrupapress.com\/main\/wp-content\/uploads\/2026\/09\/FB_IMG_1788595874545.jpg\",\"width\":1122,\"height\":894},{\"@type\":\"BreadcrumbList\",\"@id\":\"https:\/\/avrupapress.com\/main\/2026\/09\/05\/36294\/#breadcrumb\",\"itemListElement\":[{\"@type\":\"ListItem\",\"position\":1,\"name\":\"Anasayfa\",\"item\":\"https:\/\/avrupapress.com\/\"},{\"@type\":\"ListItem\",\"position\":2,\"name\":\"BAYAT TAR\u0130H\u0130NE YOLCULUK # BAYAT HANI ## \u0130K\u0130 HAN, D\u00d6RT \u00c7E\u015eME, D\u00d6RT Y\u00dcZYILLIK SIR\"}]},{\"@type\":\"WebSite\",\"@id\":\"https:\/\/avrupapress.com\/#website\",\"url\":\"https:\/\/avrupapress.com\/\",\"name\":\"AvrupaPress\",\"description\":\"Haberin Adresi\",\"publisher\":{\"@id\":\"https:\/\/avrupapress.com\/#\/schema\/person\/0223dca19c72c43575bf30d1a2d8f4fa\"},\"potentialAction\":[{\"@type\":\"SearchAction\",\"target\":{\"@type\":\"EntryPoint\",\"urlTemplate\":\"https:\/\/avrupapress.com\/?s={search_term_string}\"},\"query-input\":{\"@type\":\"PropertyValueSpecification\",\"valueRequired\":true,\"valueName\":\"search_term_string\"}}],\"inLanguage\":\"fr-BE\"},{\"@type\":[\"Person\",\"Organization\"],\"@id\":\"https:\/\/avrupapress.com\/#\/schema\/person\/0223dca19c72c43575bf30d1a2d8f4fa\",\"name\":\"Bilgin \u00d6z\u00e7ift\u00e7i\",\"image\":{\"@type\":\"ImageObject\",\"inLanguage\":\"fr-BE\",\"@id\":\"https:\/\/avrupapress.com\/#\/schema\/person\/image\/\",\"url\":\"https:\/\/secure.gravatar.com\/avatar\/0f23b280433a21e1ea7a0adcc46ed0ad16afe3ad8e630fd13d8a017dcbd54ef3?s=96&d=mm&r=g\",\"contentUrl\":\"https:\/\/secure.gravatar.com\/avatar\/0f23b280433a21e1ea7a0adcc46ed0ad16afe3ad8e630fd13d8a017dcbd54ef3?s=96&d=mm&r=g\",\"caption\":\"Bilgin \u00d6z\u00e7ift\u00e7i\"},\"logo\":{\"@id\":\"https:\/\/avrupapress.com\/#\/schema\/person\/image\/\"},\"description\":\"Ne ben, nede sen... Biz ancak \\\"biz\\\" olursak g\u00fc\u00e7l\u00fc olabiliriz\"},{\"@type\":\"Person\",\"@id\":\"https:\/\/avrupapress.com\/#\/schema\/person\/68428444ec60970d1e1b700cf4ca1e8f\",\"name\":\"Edit\u00f6r\",\"image\":{\"@type\":\"ImageObject\",\"inLanguage\":\"fr-BE\",\"@id\":\"https:\/\/avrupapress.com\/#\/schema\/person\/image\/\",\"url\":\"https:\/\/secure.gravatar.com\/avatar\/74996b0977aa5f1559ba9883776652508b229005c0d78fb2597897f0bd651c09?s=96&d=mm&r=g\",\"contentUrl\":\"https:\/\/secure.gravatar.com\/avatar\/74996b0977aa5f1559ba9883776652508b229005c0d78fb2597897f0bd651c09?s=96&d=mm&r=g\",\"caption\":\"Edit\u00f6r\"},\"sameAs\":[\"http:\/\/www.avrupapress.com\"],\"url\":\"https:\/\/avrupapress.com\/main\/author\/editor\/\"}]}<\/script>\n<!-- \/ Yoast SEO plugin. -->","yoast_head_json":{"title":"BAYAT TAR\u0130H\u0130NE YOLCULUK # BAYAT HANI ## \u0130K\u0130 HAN, D\u00d6RT \u00c7E\u015eME, D\u00d6RT Y\u00dcZYILLIK SIR - AvrupaPress","robots":{"index":"index","follow":"follow","max-snippet":"max-snippet:-1","max-image-preview":"max-image-preview:large","max-video-preview":"max-video-preview:-1"},"canonical":"https:\/\/avrupapress.com\/main\/2026\/09\/05\/36294\/","og_locale":"fr_FR","og_type":"article","og_title":"BAYAT TAR\u0130H\u0130NE YOLCULUK # BAYAT HANI ## \u0130K\u0130 HAN, D\u00d6RT \u00c7E\u015eME, D\u00d6RT Y\u00dcZYILLIK SIR - AvrupaPress","og_description":"\u00a0BAYAT TAR\u0130H\u0130NE YOLCULUK # BAYAT HANI ## \u0130K\u0130 HAN, D\u00d6RT \u00c7E\u015eME, D\u00d6RT Y\u00dcZYILLIK SIR Bug\u00fcn Bayat\u2019ta y\u00fcr\u00fcrken izini g\u00f6remiyoruz. Fakat Osmanl\u0131 belgeleri, bu kasabada hac\u0131lar ve yolcular i\u00e7in kurulmu\u015f iki han bulundu\u011funu a\u00e7\u0131k\u00e7a bildiriyor: **\u201cHac\u0131lar ve ebn\u00e2-y\u0131 seb\u00eel i\u00e7in Bayad karyesinde iki han ve d\u00f6rt \u00e7e\u015fme bina olunmu\u015ftur.\u201d** \u201cEbn\u00e2-y\u0131 seb\u00eel\u201d; yolda kalm\u0131\u015f, yard\u0131ma ve bar\u0131nmaya [&hellip;]","og_url":"https:\/\/avrupapress.com\/main\/2026\/09\/05\/36294\/","og_site_name":"AvrupaPress","article_published_time":"2026-09-05T08:16:57+00:00","article_modified_time":"2026-09-05T08:19:37+00:00","og_image":[{"width":1122,"height":894,"url":"https:\/\/avrupapress.com\/main\/wp-content\/uploads\/2026\/09\/FB_IMG_1788595874545.jpg","type":"image\/jpeg"}],"author":"Edit\u00f6r","twitter_card":"summary_large_image","twitter_misc":{"\u00c9crit par":"Edit\u00f6r","Dur\u00e9e de lecture est.":"6 minutes"},"schema":{"@context":"https:\/\/schema.org","@graph":[{"@type":"Article","@id":"https:\/\/avrupapress.com\/main\/2026\/09\/05\/36294\/#article","isPartOf":{"@id":"https:\/\/avrupapress.com\/main\/2026\/09\/05\/36294\/"},"author":{"name":"Edit\u00f6r","@id":"https:\/\/avrupapress.com\/#\/schema\/person\/68428444ec60970d1e1b700cf4ca1e8f"},"headline":"BAYAT TAR\u0130H\u0130NE YOLCULUK # BAYAT HANI ## \u0130K\u0130 HAN, D\u00d6RT \u00c7E\u015eME, D\u00d6RT Y\u00dcZYILLIK SIR","datePublished":"2026-09-05T08:16:57+00:00","dateModified":"2026-09-05T08:19:37+00:00","mainEntityOfPage":{"@id":"https:\/\/avrupapress.com\/main\/2026\/09\/05\/36294\/"},"wordCount":1417,"publisher":{"@id":"https:\/\/avrupapress.com\/#\/schema\/person\/0223dca19c72c43575bf30d1a2d8f4fa"},"image":{"@id":"https:\/\/avrupapress.com\/main\/2026\/09\/05\/36294\/#primaryimage"},"thumbnailUrl":"https:\/\/avrupapress.com\/main\/wp-content\/uploads\/2026\/09\/FB_IMG_1788595874545.jpg","articleSection":["Avrupa","Bel\u00e7ika","D\u00fcnya","Ekonomi","K\u00fclt\u00fcr-Sanat","Spor","Tan\u0131t\u0131m","T\u00fcrkiye","Uncategorized"],"inLanguage":"fr-BE"},{"@type":"WebPage","@id":"https:\/\/avrupapress.com\/main\/2026\/09\/05\/36294\/","url":"https:\/\/avrupapress.com\/main\/2026\/09\/05\/36294\/","name":"BAYAT TAR\u0130H\u0130NE YOLCULUK # BAYAT HANI ## \u0130K\u0130 HAN, D\u00d6RT \u00c7E\u015eME, D\u00d6RT Y\u00dcZYILLIK SIR - AvrupaPress","isPartOf":{"@id":"https:\/\/avrupapress.com\/#website"},"primaryImageOfPage":{"@id":"https:\/\/avrupapress.com\/main\/2026\/09\/05\/36294\/#primaryimage"},"image":{"@id":"https:\/\/avrupapress.com\/main\/2026\/09\/05\/36294\/#primaryimage"},"thumbnailUrl":"https:\/\/avrupapress.com\/main\/wp-content\/uploads\/2026\/09\/FB_IMG_1788595874545.jpg","datePublished":"2026-09-05T08:16:57+00:00","dateModified":"2026-09-05T08:19:37+00:00","breadcrumb":{"@id":"https:\/\/avrupapress.com\/main\/2026\/09\/05\/36294\/#breadcrumb"},"inLanguage":"fr-BE","potentialAction":[{"@type":"ReadAction","target":["https:\/\/avrupapress.com\/main\/2026\/09\/05\/36294\/"]}]},{"@type":"ImageObject","inLanguage":"fr-BE","@id":"https:\/\/avrupapress.com\/main\/2026\/09\/05\/36294\/#primaryimage","url":"https:\/\/avrupapress.com\/main\/wp-content\/uploads\/2026\/09\/FB_IMG_1788595874545.jpg","contentUrl":"https:\/\/avrupapress.com\/main\/wp-content\/uploads\/2026\/09\/FB_IMG_1788595874545.jpg","width":1122,"height":894},{"@type":"BreadcrumbList","@id":"https:\/\/avrupapress.com\/main\/2026\/09\/05\/36294\/#breadcrumb","itemListElement":[{"@type":"ListItem","position":1,"name":"Anasayfa","item":"https:\/\/avrupapress.com\/"},{"@type":"ListItem","position":2,"name":"BAYAT TAR\u0130H\u0130NE YOLCULUK # BAYAT HANI ## \u0130K\u0130 HAN, D\u00d6RT \u00c7E\u015eME, D\u00d6RT Y\u00dcZYILLIK SIR"}]},{"@type":"WebSite","@id":"https:\/\/avrupapress.com\/#website","url":"https:\/\/avrupapress.com\/","name":"AvrupaPress","description":"Haberin Adresi","publisher":{"@id":"https:\/\/avrupapress.com\/#\/schema\/person\/0223dca19c72c43575bf30d1a2d8f4fa"},"potentialAction":[{"@type":"SearchAction","target":{"@type":"EntryPoint","urlTemplate":"https:\/\/avrupapress.com\/?s={search_term_string}"},"query-input":{"@type":"PropertyValueSpecification","valueRequired":true,"valueName":"search_term_string"}}],"inLanguage":"fr-BE"},{"@type":["Person","Organization"],"@id":"https:\/\/avrupapress.com\/#\/schema\/person\/0223dca19c72c43575bf30d1a2d8f4fa","name":"Bilgin \u00d6z\u00e7ift\u00e7i","image":{"@type":"ImageObject","inLanguage":"fr-BE","@id":"https:\/\/avrupapress.com\/#\/schema\/person\/image\/","url":"https:\/\/secure.gravatar.com\/avatar\/0f23b280433a21e1ea7a0adcc46ed0ad16afe3ad8e630fd13d8a017dcbd54ef3?s=96&d=mm&r=g","contentUrl":"https:\/\/secure.gravatar.com\/avatar\/0f23b280433a21e1ea7a0adcc46ed0ad16afe3ad8e630fd13d8a017dcbd54ef3?s=96&d=mm&r=g","caption":"Bilgin \u00d6z\u00e7ift\u00e7i"},"logo":{"@id":"https:\/\/avrupapress.com\/#\/schema\/person\/image\/"},"description":"Ne ben, nede sen... Biz ancak \"biz\" olursak g\u00fc\u00e7l\u00fc olabiliriz"},{"@type":"Person","@id":"https:\/\/avrupapress.com\/#\/schema\/person\/68428444ec60970d1e1b700cf4ca1e8f","name":"Edit\u00f6r","image":{"@type":"ImageObject","inLanguage":"fr-BE","@id":"https:\/\/avrupapress.com\/#\/schema\/person\/image\/","url":"https:\/\/secure.gravatar.com\/avatar\/74996b0977aa5f1559ba9883776652508b229005c0d78fb2597897f0bd651c09?s=96&d=mm&r=g","contentUrl":"https:\/\/secure.gravatar.com\/avatar\/74996b0977aa5f1559ba9883776652508b229005c0d78fb2597897f0bd651c09?s=96&d=mm&r=g","caption":"Edit\u00f6r"},"sameAs":["http:\/\/www.avrupapress.com"],"url":"https:\/\/avrupapress.com\/main\/author\/editor\/"}]}},"_links":{"self":[{"href":"https:\/\/avrupapress.com\/main\/wp-json\/wp\/v2\/posts\/36294","targetHints":{"allow":["GET"]}}],"collection":[{"href":"https:\/\/avrupapress.com\/main\/wp-json\/wp\/v2\/posts"}],"about":[{"href":"https:\/\/avrupapress.com\/main\/wp-json\/wp\/v2\/types\/post"}],"author":[{"embeddable":true,"href":"https:\/\/avrupapress.com\/main\/wp-json\/wp\/v2\/users\/3"}],"replies":[{"embeddable":true,"href":"https:\/\/avrupapress.com\/main\/wp-json\/wp\/v2\/comments?post=36294"}],"version-history":[{"count":2,"href":"https:\/\/avrupapress.com\/main\/wp-json\/wp\/v2\/posts\/36294\/revisions"}],"predecessor-version":[{"id":36297,"href":"https:\/\/avrupapress.com\/main\/wp-json\/wp\/v2\/posts\/36294\/revisions\/36297"}],"wp:featuredmedia":[{"embeddable":true,"href":"https:\/\/avrupapress.com\/main\/wp-json\/wp\/v2\/media\/36295"}],"wp:attachment":[{"href":"https:\/\/avrupapress.com\/main\/wp-json\/wp\/v2\/media?parent=36294"}],"wp:term":[{"taxonomy":"category","embeddable":true,"href":"https:\/\/avrupapress.com\/main\/wp-json\/wp\/v2\/categories?post=36294"},{"taxonomy":"post_tag","embeddable":true,"href":"https:\/\/avrupapress.com\/main\/wp-json\/wp\/v2\/tags?post=36294"}],"curies":[{"name":"wp","href":"https:\/\/api.w.org\/{rel}","templated":true}]}}