{"id":36288,"date":"2026-09-04T19:08:33","date_gmt":"2026-09-04T19:08:33","guid":{"rendered":"https:\/\/avrupapress.com\/main\/?p=36288"},"modified":"2026-09-04T21:10:09","modified_gmt":"2026-09-04T21:10:09","slug":"36288","status":"publish","type":"post","link":"https:\/\/avrupapress.com\/main\/2026\/09\/04\/36288\/","title":{"rendered":"UID Bel\u00e7ika\u2019dan Ba\u015fkonsolos Y\u00fcceer\u2019e Veda Ziyareti"},"content":{"rendered":"<p><strong>Bilgin\u00a0 \u00d6z\u00e7ifci. \/\u00a0 ANVERS<\/strong><\/p>\n<p>G\u00f6rev s\u00fcresi 15 Eyl\u00fcl\u2019de sona erecek olan Anvers Ba\u015fkonsolosu \u0130smail Sefa Y\u00fcceer\u2019e, UID Bel\u00e7ika y\u00f6neticilerinden anlaml\u0131 ziyaret<br \/>\nUluslararas\u0131 Demokratlar Birli\u011fi (UID) Bel\u00e7ika Ba\u015fkan\u0131 Yusuf Ta\u015fp\u0131nar, Halkla \u0130li\u015fkiler Sorumlusu Ahmet Kuruo\u011flu ve K\u00fclt\u00fcr, Sanat ve Bilim Ba\u015fkan\u0131 Mustafa Hakalmaz, g\u00f6rev s\u00fcresi 15 Eyl\u00fcl\u2019de sona erecek olan Anvers Ba\u015fkonsolosu \u0130smail Sefa Y\u00fcceer\u2019i ziyaret etti.<br \/>\n4 Eyl\u00fcl\u2019de ger\u00e7ekle\u015ftirilen ziyarette, g\u00f6rev s\u00fcresi boyunca Bel\u00e7ika\u2019daki T\u00fcrk toplumuna y\u00f6nelik \u00e7al\u0131\u015fmalar ve kar\u015f\u0131l\u0131kl\u0131 i\u015f birli\u011fi ele al\u0131n\u0131rken, Ba\u015fkonsolos Y\u00fcceer\u2019e hizmetleri ve i\u015f birli\u011fi i\u00e7in te\u015fekk\u00fcr edildi.<br \/>\nBa\u015fkonsolosluk taraf\u0131ndan yap\u0131lan a\u00e7\u0131klamada, \u201cG\u00f6rev s\u00fcrem boyunca i\u015fbirli\u011fi i\u00e7erisinde \u00e7al\u0131\u015ft\u0131\u011f\u0131m\u0131z Say\u0131n Ta\u015fp\u0131nar, Say\u0131n Kuruo\u011flu ve Say\u0131n Hakalmaz\u2019a sa\u011fl\u0131k, mutluluk ve ba\u015far\u0131lar diliyoruz\u201d ifadelerine yer verildi.<br \/>\nZiyaret, kar\u015f\u0131l\u0131kl\u0131 iyi dilek ve temennilerin ard\u0131ndan sona erdi<\/p>\n<p>&nbsp;<\/p>\n<p><strong>Bilgin. \u00d6z\u00e7ifci.\u00a0 \u00a0 \u00a0 \u00a0 \/\u00a0 \u00a0 \u00a0 \u00a0 AVRUPAPRESS<\/strong><\/p>\n","protected":false},"excerpt":{"rendered":"<p>Bilgin\u00a0 \u00d6z\u00e7ifci. \/\u00a0 ANVERS G\u00f6rev s\u00fcresi 15 Eyl\u00fcl\u2019de sona erecek olan Anvers Ba\u015fkonsolosu \u0130smail Sefa Y\u00fcceer\u2019e, UID Bel\u00e7ika y\u00f6neticilerinden anlaml\u0131 ziyaret Uluslararas\u0131 Demokratlar Birli\u011fi (UID) Bel\u00e7ika Ba\u015fkan\u0131 Yusuf Ta\u015fp\u0131nar, Halkla \u0130li\u015fkiler Sorumlusu Ahmet Kuruo\u011flu ve K\u00fclt\u00fcr, Sanat ve Bilim Ba\u015fkan\u0131 Mustafa Hakalmaz, g\u00f6rev s\u00fcresi 15 Eyl\u00fcl\u2019de sona erecek olan Anvers Ba\u015fkonsolosu \u0130smail Sefa Y\u00fcceer\u2019i ziyaret [&hellip;]<\/p>\n","protected":false},"author":3,"featured_media":36289,"comment_status":"closed","ping_status":"open","sticky":false,"template":"","format":"standard","meta":{"footnotes":""},"categories":[14,16,3,17,18,15,19,2,1],"tags":[],"class_list":["post-36288","post","type-post","status-publish","format-standard","has-post-thumbnail","hentry","category-avrupa","category-belcika","category-dunya","category-ekonomi","category-kultur-sanat","category-spor","category-tanitim","category-turkiye","category-uncategorized"],"yoast_head":"<!-- This site is optimized with the Yoast SEO plugin v26.9 - https:\/\/yoast.com\/product\/yoast-seo-wordpress\/ -->\n<title>UID Bel\u00e7ika\u2019dan Ba\u015fkonsolos Y\u00fcceer\u2019e Veda Ziyareti - AvrupaPress<\/title>\n<meta name=\"robots\" content=\"index, follow, max-snippet:-1, max-image-preview:large, max-video-preview:-1\" \/>\n<link rel=\"canonical\" href=\"https:\/\/avrupapress.com\/main\/2026\/09\/04\/36288\/\" \/>\n<meta property=\"og:locale\" content=\"fr_FR\" \/>\n<meta property=\"og:type\" content=\"article\" \/>\n<meta property=\"og:title\" content=\"UID Bel\u00e7ika\u2019dan Ba\u015fkonsolos Y\u00fcceer\u2019e Veda Ziyareti - AvrupaPress\" \/>\n<meta property=\"og:description\" content=\"Bilgin\u00a0 \u00d6z\u00e7ifci. \/\u00a0 ANVERS G\u00f6rev s\u00fcresi 15 Eyl\u00fcl\u2019de sona erecek olan Anvers Ba\u015fkonsolosu \u0130smail Sefa Y\u00fcceer\u2019e, UID Bel\u00e7ika y\u00f6neticilerinden anlaml\u0131 ziyaret Uluslararas\u0131 Demokratlar Birli\u011fi (UID) Bel\u00e7ika Ba\u015fkan\u0131 Yusuf Ta\u015fp\u0131nar, Halkla \u0130li\u015fkiler Sorumlusu Ahmet Kuruo\u011flu ve K\u00fclt\u00fcr, Sanat ve Bilim Ba\u015fkan\u0131 Mustafa Hakalmaz, g\u00f6rev s\u00fcresi 15 Eyl\u00fcl\u2019de sona erecek olan Anvers Ba\u015fkonsolosu \u0130smail Sefa Y\u00fcceer\u2019i ziyaret [&hellip;]\" \/>\n<meta property=\"og:url\" content=\"https:\/\/avrupapress.com\/main\/2026\/09\/04\/36288\/\" \/>\n<meta property=\"og:site_name\" content=\"AvrupaPress\" \/>\n<meta property=\"article:published_time\" content=\"2026-09-04T19:08:33+00:00\" \/>\n<meta property=\"article:modified_time\" content=\"2026-09-04T21:10:09+00:00\" \/>\n<meta property=\"og:image\" content=\"https:\/\/avrupapress.com\/main\/wp-content\/uploads\/2026\/09\/FB_IMG_1788548687394.jpg\" \/>\n\t<meta property=\"og:image:width\" content=\"2048\" \/>\n\t<meta property=\"og:image:height\" content=\"1589\" \/>\n\t<meta property=\"og:image:type\" content=\"image\/jpeg\" \/>\n<meta name=\"author\" content=\"Edit\u00f6r\" \/>\n<meta name=\"twitter:card\" content=\"summary_large_image\" \/>\n<meta name=\"twitter:label1\" content=\"\u00c9crit par\" \/>\n\t<meta name=\"twitter:data1\" content=\"Edit\u00f6r\" \/>\n\t<meta name=\"twitter:label2\" content=\"Dur\u00e9e de lecture est.\" \/>\n\t<meta name=\"twitter:data2\" content=\"1 minute\" \/>\n<script type=\"application\/ld+json\" class=\"yoast-schema-graph\">{\"@context\":\"https:\/\/schema.org\",\"@graph\":[{\"@type\":\"Article\",\"@id\":\"https:\/\/avrupapress.com\/main\/2026\/09\/04\/36288\/#article\",\"isPartOf\":{\"@id\":\"https:\/\/avrupapress.com\/main\/2026\/09\/04\/36288\/\"},\"author\":{\"name\":\"Edit\u00f6r\",\"@id\":\"https:\/\/avrupapress.com\/#\/schema\/person\/68428444ec60970d1e1b700cf4ca1e8f\"},\"headline\":\"UID Bel\u00e7ika\u2019dan Ba\u015fkonsolos Y\u00fcceer\u2019e Veda Ziyareti\",\"datePublished\":\"2026-09-04T19:08:33+00:00\",\"dateModified\":\"2026-09-04T21:10:09+00:00\",\"mainEntityOfPage\":{\"@id\":\"https:\/\/avrupapress.com\/main\/2026\/09\/04\/36288\/\"},\"wordCount\":205,\"publisher\":{\"@id\":\"https:\/\/avrupapress.com\/#\/schema\/person\/0223dca19c72c43575bf30d1a2d8f4fa\"},\"image\":{\"@id\":\"https:\/\/avrupapress.com\/main\/2026\/09\/04\/36288\/#primaryimage\"},\"thumbnailUrl\":\"https:\/\/avrupapress.com\/main\/wp-content\/uploads\/2026\/09\/FB_IMG_1788548687394.jpg\",\"articleSection\":[\"Avrupa\",\"Bel\u00e7ika\",\"D\u00fcnya\",\"Ekonomi\",\"K\u00fclt\u00fcr-Sanat\",\"Spor\",\"Tan\u0131t\u0131m\",\"T\u00fcrkiye\",\"Uncategorized\"],\"inLanguage\":\"fr-BE\"},{\"@type\":\"WebPage\",\"@id\":\"https:\/\/avrupapress.com\/main\/2026\/09\/04\/36288\/\",\"url\":\"https:\/\/avrupapress.com\/main\/2026\/09\/04\/36288\/\",\"name\":\"UID Bel\u00e7ika\u2019dan Ba\u015fkonsolos Y\u00fcceer\u2019e Veda Ziyareti - AvrupaPress\",\"isPartOf\":{\"@id\":\"https:\/\/avrupapress.com\/#website\"},\"primaryImageOfPage\":{\"@id\":\"https:\/\/avrupapress.com\/main\/2026\/09\/04\/36288\/#primaryimage\"},\"image\":{\"@id\":\"https:\/\/avrupapress.com\/main\/2026\/09\/04\/36288\/#primaryimage\"},\"thumbnailUrl\":\"https:\/\/avrupapress.com\/main\/wp-content\/uploads\/2026\/09\/FB_IMG_1788548687394.jpg\",\"datePublished\":\"2026-09-04T19:08:33+00:00\",\"dateModified\":\"2026-09-04T21:10:09+00:00\",\"breadcrumb\":{\"@id\":\"https:\/\/avrupapress.com\/main\/2026\/09\/04\/36288\/#breadcrumb\"},\"inLanguage\":\"fr-BE\",\"potentialAction\":[{\"@type\":\"ReadAction\",\"target\":[\"https:\/\/avrupapress.com\/main\/2026\/09\/04\/36288\/\"]}]},{\"@type\":\"ImageObject\",\"inLanguage\":\"fr-BE\",\"@id\":\"https:\/\/avrupapress.com\/main\/2026\/09\/04\/36288\/#primaryimage\",\"url\":\"https:\/\/avrupapress.com\/main\/wp-content\/uploads\/2026\/09\/FB_IMG_1788548687394.jpg\",\"contentUrl\":\"https:\/\/avrupapress.com\/main\/wp-content\/uploads\/2026\/09\/FB_IMG_1788548687394.jpg\",\"width\":2048,\"height\":1589},{\"@type\":\"BreadcrumbList\",\"@id\":\"https:\/\/avrupapress.com\/main\/2026\/09\/04\/36288\/#breadcrumb\",\"itemListElement\":[{\"@type\":\"ListItem\",\"position\":1,\"name\":\"Anasayfa\",\"item\":\"https:\/\/avrupapress.com\/\"},{\"@type\":\"ListItem\",\"position\":2,\"name\":\"UID Bel\u00e7ika\u2019dan Ba\u015fkonsolos Y\u00fcceer\u2019e Veda Ziyareti\"}]},{\"@type\":\"WebSite\",\"@id\":\"https:\/\/avrupapress.com\/#website\",\"url\":\"https:\/\/avrupapress.com\/\",\"name\":\"AvrupaPress\",\"description\":\"Haberin Adresi\",\"publisher\":{\"@id\":\"https:\/\/avrupapress.com\/#\/schema\/person\/0223dca19c72c43575bf30d1a2d8f4fa\"},\"potentialAction\":[{\"@type\":\"SearchAction\",\"target\":{\"@type\":\"EntryPoint\",\"urlTemplate\":\"https:\/\/avrupapress.com\/?s={search_term_string}\"},\"query-input\":{\"@type\":\"PropertyValueSpecification\",\"valueRequired\":true,\"valueName\":\"search_term_string\"}}],\"inLanguage\":\"fr-BE\"},{\"@type\":[\"Person\",\"Organization\"],\"@id\":\"https:\/\/avrupapress.com\/#\/schema\/person\/0223dca19c72c43575bf30d1a2d8f4fa\",\"name\":\"Bilgin \u00d6z\u00e7ift\u00e7i\",\"image\":{\"@type\":\"ImageObject\",\"inLanguage\":\"fr-BE\",\"@id\":\"https:\/\/avrupapress.com\/#\/schema\/person\/image\/\",\"url\":\"https:\/\/secure.gravatar.com\/avatar\/0f23b280433a21e1ea7a0adcc46ed0ad16afe3ad8e630fd13d8a017dcbd54ef3?s=96&d=mm&r=g\",\"contentUrl\":\"https:\/\/secure.gravatar.com\/avatar\/0f23b280433a21e1ea7a0adcc46ed0ad16afe3ad8e630fd13d8a017dcbd54ef3?s=96&d=mm&r=g\",\"caption\":\"Bilgin \u00d6z\u00e7ift\u00e7i\"},\"logo\":{\"@id\":\"https:\/\/avrupapress.com\/#\/schema\/person\/image\/\"},\"description\":\"Ne ben, nede sen... Biz ancak \\\"biz\\\" olursak g\u00fc\u00e7l\u00fc olabiliriz\"},{\"@type\":\"Person\",\"@id\":\"https:\/\/avrupapress.com\/#\/schema\/person\/68428444ec60970d1e1b700cf4ca1e8f\",\"name\":\"Edit\u00f6r\",\"image\":{\"@type\":\"ImageObject\",\"inLanguage\":\"fr-BE\",\"@id\":\"https:\/\/avrupapress.com\/#\/schema\/person\/image\/\",\"url\":\"https:\/\/secure.gravatar.com\/avatar\/74996b0977aa5f1559ba9883776652508b229005c0d78fb2597897f0bd651c09?s=96&d=mm&r=g\",\"contentUrl\":\"https:\/\/secure.gravatar.com\/avatar\/74996b0977aa5f1559ba9883776652508b229005c0d78fb2597897f0bd651c09?s=96&d=mm&r=g\",\"caption\":\"Edit\u00f6r\"},\"sameAs\":[\"http:\/\/www.avrupapress.com\"],\"url\":\"https:\/\/avrupapress.com\/main\/author\/editor\/\"}]}<\/script>\n<!-- \/ Yoast SEO plugin. -->","yoast_head_json":{"title":"UID Bel\u00e7ika\u2019dan Ba\u015fkonsolos Y\u00fcceer\u2019e Veda Ziyareti - AvrupaPress","robots":{"index":"index","follow":"follow","max-snippet":"max-snippet:-1","max-image-preview":"max-image-preview:large","max-video-preview":"max-video-preview:-1"},"canonical":"https:\/\/avrupapress.com\/main\/2026\/09\/04\/36288\/","og_locale":"fr_FR","og_type":"article","og_title":"UID Bel\u00e7ika\u2019dan Ba\u015fkonsolos Y\u00fcceer\u2019e Veda Ziyareti - AvrupaPress","og_description":"Bilgin\u00a0 \u00d6z\u00e7ifci. \/\u00a0 ANVERS G\u00f6rev s\u00fcresi 15 Eyl\u00fcl\u2019de sona erecek olan Anvers Ba\u015fkonsolosu \u0130smail Sefa Y\u00fcceer\u2019e, UID Bel\u00e7ika y\u00f6neticilerinden anlaml\u0131 ziyaret Uluslararas\u0131 Demokratlar Birli\u011fi (UID) Bel\u00e7ika Ba\u015fkan\u0131 Yusuf Ta\u015fp\u0131nar, Halkla \u0130li\u015fkiler Sorumlusu Ahmet Kuruo\u011flu ve K\u00fclt\u00fcr, Sanat ve Bilim Ba\u015fkan\u0131 Mustafa Hakalmaz, g\u00f6rev s\u00fcresi 15 Eyl\u00fcl\u2019de sona erecek olan Anvers Ba\u015fkonsolosu \u0130smail Sefa Y\u00fcceer\u2019i ziyaret [&hellip;]","og_url":"https:\/\/avrupapress.com\/main\/2026\/09\/04\/36288\/","og_site_name":"AvrupaPress","article_published_time":"2026-09-04T19:08:33+00:00","article_modified_time":"2026-09-04T21:10:09+00:00","og_image":[{"width":2048,"height":1589,"url":"https:\/\/avrupapress.com\/main\/wp-content\/uploads\/2026\/09\/FB_IMG_1788548687394.jpg","type":"image\/jpeg"}],"author":"Edit\u00f6r","twitter_card":"summary_large_image","twitter_misc":{"\u00c9crit par":"Edit\u00f6r","Dur\u00e9e de lecture est.":"1 minute"},"schema":{"@context":"https:\/\/schema.org","@graph":[{"@type":"Article","@id":"https:\/\/avrupapress.com\/main\/2026\/09\/04\/36288\/#article","isPartOf":{"@id":"https:\/\/avrupapress.com\/main\/2026\/09\/04\/36288\/"},"author":{"name":"Edit\u00f6r","@id":"https:\/\/avrupapress.com\/#\/schema\/person\/68428444ec60970d1e1b700cf4ca1e8f"},"headline":"UID Bel\u00e7ika\u2019dan Ba\u015fkonsolos Y\u00fcceer\u2019e Veda Ziyareti","datePublished":"2026-09-04T19:08:33+00:00","dateModified":"2026-09-04T21:10:09+00:00","mainEntityOfPage":{"@id":"https:\/\/avrupapress.com\/main\/2026\/09\/04\/36288\/"},"wordCount":205,"publisher":{"@id":"https:\/\/avrupapress.com\/#\/schema\/person\/0223dca19c72c43575bf30d1a2d8f4fa"},"image":{"@id":"https:\/\/avrupapress.com\/main\/2026\/09\/04\/36288\/#primaryimage"},"thumbnailUrl":"https:\/\/avrupapress.com\/main\/wp-content\/uploads\/2026\/09\/FB_IMG_1788548687394.jpg","articleSection":["Avrupa","Bel\u00e7ika","D\u00fcnya","Ekonomi","K\u00fclt\u00fcr-Sanat","Spor","Tan\u0131t\u0131m","T\u00fcrkiye","Uncategorized"],"inLanguage":"fr-BE"},{"@type":"WebPage","@id":"https:\/\/avrupapress.com\/main\/2026\/09\/04\/36288\/","url":"https:\/\/avrupapress.com\/main\/2026\/09\/04\/36288\/","name":"UID Bel\u00e7ika\u2019dan Ba\u015fkonsolos Y\u00fcceer\u2019e Veda Ziyareti - AvrupaPress","isPartOf":{"@id":"https:\/\/avrupapress.com\/#website"},"primaryImageOfPage":{"@id":"https:\/\/avrupapress.com\/main\/2026\/09\/04\/36288\/#primaryimage"},"image":{"@id":"https:\/\/avrupapress.com\/main\/2026\/09\/04\/36288\/#primaryimage"},"thumbnailUrl":"https:\/\/avrupapress.com\/main\/wp-content\/uploads\/2026\/09\/FB_IMG_1788548687394.jpg","datePublished":"2026-09-04T19:08:33+00:00","dateModified":"2026-09-04T21:10:09+00:00","breadcrumb":{"@id":"https:\/\/avrupapress.com\/main\/2026\/09\/04\/36288\/#breadcrumb"},"inLanguage":"fr-BE","potentialAction":[{"@type":"ReadAction","target":["https:\/\/avrupapress.com\/main\/2026\/09\/04\/36288\/"]}]},{"@type":"ImageObject","inLanguage":"fr-BE","@id":"https:\/\/avrupapress.com\/main\/2026\/09\/04\/36288\/#primaryimage","url":"https:\/\/avrupapress.com\/main\/wp-content\/uploads\/2026\/09\/FB_IMG_1788548687394.jpg","contentUrl":"https:\/\/avrupapress.com\/main\/wp-content\/uploads\/2026\/09\/FB_IMG_1788548687394.jpg","width":2048,"height":1589},{"@type":"BreadcrumbList","@id":"https:\/\/avrupapress.com\/main\/2026\/09\/04\/36288\/#breadcrumb","itemListElement":[{"@type":"ListItem","position":1,"name":"Anasayfa","item":"https:\/\/avrupapress.com\/"},{"@type":"ListItem","position":2,"name":"UID Bel\u00e7ika\u2019dan Ba\u015fkonsolos Y\u00fcceer\u2019e Veda Ziyareti"}]},{"@type":"WebSite","@id":"https:\/\/avrupapress.com\/#website","url":"https:\/\/avrupapress.com\/","name":"AvrupaPress","description":"Haberin Adresi","publisher":{"@id":"https:\/\/avrupapress.com\/#\/schema\/person\/0223dca19c72c43575bf30d1a2d8f4fa"},"potentialAction":[{"@type":"SearchAction","target":{"@type":"EntryPoint","urlTemplate":"https:\/\/avrupapress.com\/?s={search_term_string}"},"query-input":{"@type":"PropertyValueSpecification","valueRequired":true,"valueName":"search_term_string"}}],"inLanguage":"fr-BE"},{"@type":["Person","Organization"],"@id":"https:\/\/avrupapress.com\/#\/schema\/person\/0223dca19c72c43575bf30d1a2d8f4fa","name":"Bilgin \u00d6z\u00e7ift\u00e7i","image":{"@type":"ImageObject","inLanguage":"fr-BE","@id":"https:\/\/avrupapress.com\/#\/schema\/person\/image\/","url":"https:\/\/secure.gravatar.com\/avatar\/0f23b280433a21e1ea7a0adcc46ed0ad16afe3ad8e630fd13d8a017dcbd54ef3?s=96&d=mm&r=g","contentUrl":"https:\/\/secure.gravatar.com\/avatar\/0f23b280433a21e1ea7a0adcc46ed0ad16afe3ad8e630fd13d8a017dcbd54ef3?s=96&d=mm&r=g","caption":"Bilgin \u00d6z\u00e7ift\u00e7i"},"logo":{"@id":"https:\/\/avrupapress.com\/#\/schema\/person\/image\/"},"description":"Ne ben, nede sen... Biz ancak \"biz\" olursak g\u00fc\u00e7l\u00fc olabiliriz"},{"@type":"Person","@id":"https:\/\/avrupapress.com\/#\/schema\/person\/68428444ec60970d1e1b700cf4ca1e8f","name":"Edit\u00f6r","image":{"@type":"ImageObject","inLanguage":"fr-BE","@id":"https:\/\/avrupapress.com\/#\/schema\/person\/image\/","url":"https:\/\/secure.gravatar.com\/avatar\/74996b0977aa5f1559ba9883776652508b229005c0d78fb2597897f0bd651c09?s=96&d=mm&r=g","contentUrl":"https:\/\/secure.gravatar.com\/avatar\/74996b0977aa5f1559ba9883776652508b229005c0d78fb2597897f0bd651c09?s=96&d=mm&r=g","caption":"Edit\u00f6r"},"sameAs":["http:\/\/www.avrupapress.com"],"url":"https:\/\/avrupapress.com\/main\/author\/editor\/"}]}},"_links":{"self":[{"href":"https:\/\/avrupapress.com\/main\/wp-json\/wp\/v2\/posts\/36288","targetHints":{"allow":["GET"]}}],"collection":[{"href":"https:\/\/avrupapress.com\/main\/wp-json\/wp\/v2\/posts"}],"about":[{"href":"https:\/\/avrupapress.com\/main\/wp-json\/wp\/v2\/types\/post"}],"author":[{"embeddable":true,"href":"https:\/\/avrupapress.com\/main\/wp-json\/wp\/v2\/users\/3"}],"replies":[{"embeddable":true,"href":"https:\/\/avrupapress.com\/main\/wp-json\/wp\/v2\/comments?post=36288"}],"version-history":[{"count":3,"href":"https:\/\/avrupapress.com\/main\/wp-json\/wp\/v2\/posts\/36288\/revisions"}],"predecessor-version":[{"id":36292,"href":"https:\/\/avrupapress.com\/main\/wp-json\/wp\/v2\/posts\/36288\/revisions\/36292"}],"wp:featuredmedia":[{"embeddable":true,"href":"https:\/\/avrupapress.com\/main\/wp-json\/wp\/v2\/media\/36289"}],"wp:attachment":[{"href":"https:\/\/avrupapress.com\/main\/wp-json\/wp\/v2\/media?parent=36288"}],"wp:term":[{"taxonomy":"category","embeddable":true,"href":"https:\/\/avrupapress.com\/main\/wp-json\/wp\/v2\/categories?post=36288"},{"taxonomy":"post_tag","embeddable":true,"href":"https:\/\/avrupapress.com\/main\/wp-json\/wp\/v2\/tags?post=36288"}],"curies":[{"name":"wp","href":"https:\/\/api.w.org\/{rel}","templated":true}]}}