{"id":36282,"date":"2026-09-03T21:08:39","date_gmt":"2026-09-03T21:08:39","guid":{"rendered":"https:\/\/avrupapress.com\/main\/?p=36282"},"modified":"2026-09-03T21:13:37","modified_gmt":"2026-09-03T21:13:37","slug":"ki-ay-paylasim-yapmadik-peki-neden","status":"publish","type":"post","link":"https:\/\/avrupapress.com\/main\/2026\/09\/03\/ki-ay-paylasim-yapmadik-peki-neden\/","title":{"rendered":"\u0130K\u0130 AY PAYLA\u015eIM YAPMADIK\u2026 PEK\u0130 NEDEN?"},"content":{"rendered":"<p>&nbsp;<\/p>\n<p>De\u011ferli dostlar\u0131m\u0131z, k\u0131ymetli takip\u00e7ilerimiz\u2026<\/p>\n<p>2026 y\u0131l\u0131n\u0131n Temmuz ve A\u011fustos aylar\u0131nda payla\u015f\u0131m yapmama karar\u0131 ald\u0131k. Belki bizi merak edenler, \u201cK\u00fc\u00e7\u00fck Y\u00fcrekler neden sessiz kald\u0131?\u201d diye d\u00fc\u015f\u00fcnenler oldu.<\/p>\n<p>Ama \u015funu herkesin bilmesini isterim ki; sessiz kalmak, durmak demek de\u011fildi\u2026<\/p>\n<p>Tam yedi y\u0131ld\u0131r s\u00fcrd\u00fcrd\u00fc\u011f\u00fcm\u00fcz yard\u0131m faaliyetlerinde gece g\u00fcnd\u00fcz demeden, ihtiya\u00e7 sahibi neredeyse oraya yeti\u015fmeye, bir y\u00fcre\u011fe dokunmaya, bir ailenin derdine \u00e7are olmaya \u00e7al\u0131\u015ft\u0131k. Y\u0131llard\u0131r bu g\u00fczel m\u00fccadeleyi b\u00fcy\u00fck bir \u00f6zveriyle s\u00fcrd\u00fcr\u00fcrken, zaman zaman aileme yeterince vakit ay\u0131ramad\u0131\u011f\u0131m\u0131 da fark ettim.<\/p>\n<p>Bu nedenle bu yaz farkl\u0131 bir karar ald\u0131m\u2026<\/p>\n<p>Bu iki ay\u0131 aileme ay\u0131rd\u0131m.<br \/>\nOnlarla vakit ge\u00e7irdim, y\u0131llard\u0131r ihmal etti\u011fim g\u00fczel anlar\u0131n k\u0131ymetini ya\u015famaya \u00e7al\u0131\u015ft\u0131m. \u00c7\u00fcnk\u00fc insan, ne kadar yo\u011fun olursa olsun ailesinin sevgisine, dostlar\u0131n\u0131n s\u0131cakl\u0131\u011f\u0131na ve sevdikleriyle ge\u00e7irece\u011fi zamana da ihtiya\u00e7 duyuyor.<\/p>\n<p>Ancak memleketime \u00e7ok k\u0131sa s\u00fcrelerle gelmeme ra\u011fmen, K\u00fc\u00e7\u00fck Y\u00fcrekler olarak yard\u0131m \u00e7al\u0131\u015fmalar\u0131m\u0131z\u0131 yine s\u00fcrd\u00fcrd\u00fck. Her zaman oldu\u011fu gibi bu iyilik yolculu\u011funda yan\u0131m\u0131zda olan, isimlerini \u00f6ne \u00e7\u0131karmayan, alk\u0131\u015f beklemeyen, sadece bir ihtiya\u00e7 sahibinin y\u00fcz\u00fcn\u00fc g\u00fcld\u00fcrmek isteyen gizli kahramanlar\u0131m\u0131zla birlikte bir\u00e7ok g\u00fczel \u00e7al\u0131\u015fmaya imza att\u0131k.<\/p>\n<p>\u0130\u015fte sadece Temmuz ve A\u011fustos aylar\u0131nda, k\u0131sa s\u00fcreli memleket ziyaretlerimizde ger\u00e7ekle\u015ftirdi\u011fimiz baz\u0131 yard\u0131mlar:<\/p>\n<p>\u2705 100 adet, tam dolu g\u0131da paketi ihtiya\u00e7 sahibi ailelerimize ula\u015ft\u0131r\u0131ld\u0131.<\/p>\n<p>\u2705 \u00c7evre il\u00e7elerimizden birinde bulunan ihtiya\u00e7 sahibi bir karde\u015fimizin t\u00fcm d\u00fc\u011f\u00fcn masraflar\u0131 kar\u015f\u0131lanarak, hayat\u0131n\u0131n en \u00f6zel g\u00fcn\u00fcnde yan\u0131nda olundu.<\/p>\n<p>\u2705 \u0130htiya\u00e7 sahibi bir karde\u015fimizin \u00e7ama\u015f\u0131r makinesi ihtiyac\u0131 giderildi.<\/p>\n<p>\u2705 Bir karde\u015fimizin derin dondurucu ihtiyac\u0131 kar\u015f\u0131land\u0131.<\/p>\n<p>\u2705 Bir ba\u015fka karde\u015fimizin buzdolab\u0131 ihtiyac\u0131 giderildi.<\/p>\n<p>\u2705 \u0130htiya\u00e7 sahibi bir ailemizin ev e\u015fyas\u0131 ihtiya\u00e7lar\u0131 kar\u015f\u0131land\u0131.<\/p>\n<p>\u2705 15 adet adakl\u0131k kurban kesilerek ihtiya\u00e7 sahiplerine ula\u015ft\u0131r\u0131ld\u0131.<\/p>\n<p>\u2705 \u0130htiya\u00e7 sahibi vatanda\u015flar\u0131m\u0131za y\u00fckl\u00fc miktarda zek\u00e2t yard\u0131m\u0131 yap\u0131larak, g\u00f6n\u00fcllere ve sofralara destek olundu.<\/p>\n<p>\u2705 \u00d6\u011frenci karde\u015flerimizin ihtiya\u00e7lar\u0131 i\u00e7in 17 \u00e7ift ayakkab\u0131 al\u0131narak minik ve gen\u00e7 y\u00fcreklerin y\u00fcz\u00fc g\u00fcld\u00fcr\u00fcld\u00fc.<\/p>\n<p>\u2705ihtiya\u00e7 sahibi otuzsekiz \u00f6grencimizin t\u00fcm ihtiya\u00e7lar\u0131 kar\u015f\u0131land\u0131\u2026<\/p>\n<p>Bunlar\u0131 neden payla\u015f\u0131yoruz?<\/p>\n<p>\u00d6v\u00fcnmek i\u00e7in de\u011fil\u2026<\/p>\n<p>Bir ki\u015finin, bir ailenin veya bir \u00e7ocu\u011fun hayat\u0131na dokunabilmenin ne kadar \u00f6nemli oldu\u011funu g\u00f6stermek i\u00e7in payla\u015f\u0131yoruz. \u00c7\u00fcnk\u00fc inan\u0131yoruz ki iyilik payla\u015ft\u0131k\u00e7a \u00e7o\u011fal\u0131r, umut yay\u0131ld\u0131k\u00e7a b\u00fcy\u00fcr.<\/p>\n<p>Belki sosyal medyada iki ay boyunca \u00e7ok fazla g\u00f6r\u00fcnmedik\u2026 Belki her yapt\u0131\u011f\u0131m\u0131z yard\u0131m\u0131 an\u0131nda payla\u015fmad\u0131k\u2026 Ama K\u00fc\u00e7\u00fck Y\u00fcrekler durmad\u0131. Gizli kahramanlar\u0131m\u0131zla, g\u00f6n\u00fcll\u00fclerimizle ve bizlere g\u00fcvenen de\u011ferli dostlar\u0131m\u0131z\u0131n deste\u011fiyle ihtiya\u00e7 sahibi karde\u015flerimizin yan\u0131nda olmaya devam ettik.<\/p>\n<p>Bu vesileyle, yedi y\u0131ld\u0131r \u00e7\u0131kt\u0131\u011f\u0131m\u0131z bu iyilik yolunda bize inanan, g\u00fcvenen, destek veren ve dualar\u0131n\u0131 eksik etmeyen herkese g\u00f6n\u00fclden te\u015fekk\u00fcr ediyorum.<\/p>\n<p>\u00d6zellikle ismini, foto\u011fraf\u0131n\u0131 ve yapt\u0131\u011f\u0131 iyilikleri \u00f6n plana \u00e7\u0131karmayan; sadece \u201cBir karde\u015fimizin ihtiyac\u0131 var m\u0131?\u201d diye soran gizli kahramanlar\u0131m\u0131za sonsuz \u015f\u00fckranlar\u0131m\u0131z\u0131 sunuyorum.<\/p>\n<p>Biz biliyoruz ki ger\u00e7ek iyilik, bazen kimse g\u00f6rmeden yap\u0131lan iyiliktir\u2026<\/p>\n<p>\u0130ki ay boyunca aileme zaman ay\u0131rd\u0131m, dinlendim, sevdiklerimle hasret giderdim\u2026 \u015eimdi ise yeniden, daha g\u00fc\u00e7l\u00fc ve daha b\u00fcy\u00fck bir heyecanla iyilik yolculu\u011fumuza devam ediyoruz.<\/p>\n<p>\u00c7\u00fcnk\u00fc;<\/p>\n<p>D\u00fcnyan\u0131n neresinde bir K\u00fc\u00e7\u00fck Y\u00fcrek varsa, bizim de orada bir selam\u0131m\u0131z, bir sevgimiz ve imk\u00e2nlar\u0131m\u0131z \u00f6l\u00e7\u00fcs\u00fcnde uzatacak bir elimiz olacakt\u0131r\u2026<\/p>\n<p>Rabbim yap\u0131lan t\u00fcm yard\u0131mlar\u0131 kabul eylesin.<br \/>\nVeren ellerden, vesile olanlardan ve dua edenlerden Allah raz\u0131 olsun.<\/p>\n<p>K\u00dc\u00c7\u00dcK Y\u00dcREKLER DURMUYOR\u2026<br \/>\n\u0130Y\u0130L\u0130K YOLCULU\u011eUMUZ DEVAM ED\u0130YOR\u2026<\/p>\n<p>Sayg\u0131 ve sevgilerimizle\u2026<br \/>\nLevent \u00dcnal<br \/>\nK\u00dc\u00c7\u00dcK Y\u00dcREKLER STRATEJ\u0130K ARA\u015eTIRMALAR MERKEZ\u0130<\/p>\n","protected":false},"excerpt":{"rendered":"<p>&nbsp; De\u011ferli dostlar\u0131m\u0131z, k\u0131ymetli takip\u00e7ilerimiz\u2026 2026 y\u0131l\u0131n\u0131n Temmuz ve A\u011fustos aylar\u0131nda payla\u015f\u0131m yapmama karar\u0131 ald\u0131k. Belki bizi merak edenler, \u201cK\u00fc\u00e7\u00fck Y\u00fcrekler neden sessiz kald\u0131?\u201d diye d\u00fc\u015f\u00fcnenler oldu. Ama \u015funu herkesin bilmesini isterim ki; sessiz kalmak, durmak demek de\u011fildi\u2026 Tam yedi y\u0131ld\u0131r s\u00fcrd\u00fcrd\u00fc\u011f\u00fcm\u00fcz yard\u0131m faaliyetlerinde gece g\u00fcnd\u00fcz demeden, ihtiya\u00e7 sahibi neredeyse oraya yeti\u015fmeye, bir y\u00fcre\u011fe dokunmaya, [&hellip;]<\/p>\n","protected":false},"author":3,"featured_media":36283,"comment_status":"closed","ping_status":"open","sticky":false,"template":"","format":"standard","meta":{"footnotes":""},"categories":[14,16,3,17,18,15,19,2,1],"tags":[],"class_list":["post-36282","post","type-post","status-publish","format-standard","has-post-thumbnail","hentry","category-avrupa","category-belcika","category-dunya","category-ekonomi","category-kultur-sanat","category-spor","category-tanitim","category-turkiye","category-uncategorized"],"yoast_head":"<!-- This site is optimized with the Yoast SEO plugin v26.9 - https:\/\/yoast.com\/product\/yoast-seo-wordpress\/ -->\n<title>\u0130K\u0130 AY PAYLA\u015eIM YAPMADIK\u2026 PEK\u0130 NEDEN? - AvrupaPress<\/title>\n<meta name=\"robots\" content=\"index, follow, max-snippet:-1, max-image-preview:large, max-video-preview:-1\" \/>\n<link rel=\"canonical\" href=\"https:\/\/avrupapress.com\/main\/2026\/09\/03\/ki-ay-paylasim-yapmadik-peki-neden\/\" \/>\n<meta property=\"og:locale\" content=\"fr_FR\" \/>\n<meta property=\"og:type\" content=\"article\" \/>\n<meta property=\"og:title\" content=\"\u0130K\u0130 AY PAYLA\u015eIM YAPMADIK\u2026 PEK\u0130 NEDEN? - AvrupaPress\" \/>\n<meta property=\"og:description\" content=\"&nbsp; De\u011ferli dostlar\u0131m\u0131z, k\u0131ymetli takip\u00e7ilerimiz\u2026 2026 y\u0131l\u0131n\u0131n Temmuz ve A\u011fustos aylar\u0131nda payla\u015f\u0131m yapmama karar\u0131 ald\u0131k. Belki bizi merak edenler, \u201cK\u00fc\u00e7\u00fck Y\u00fcrekler neden sessiz kald\u0131?\u201d diye d\u00fc\u015f\u00fcnenler oldu. Ama \u015funu herkesin bilmesini isterim ki; sessiz kalmak, durmak demek de\u011fildi\u2026 Tam yedi y\u0131ld\u0131r s\u00fcrd\u00fcrd\u00fc\u011f\u00fcm\u00fcz yard\u0131m faaliyetlerinde gece g\u00fcnd\u00fcz demeden, ihtiya\u00e7 sahibi neredeyse oraya yeti\u015fmeye, bir y\u00fcre\u011fe dokunmaya, [&hellip;]\" \/>\n<meta property=\"og:url\" content=\"https:\/\/avrupapress.com\/main\/2026\/09\/03\/ki-ay-paylasim-yapmadik-peki-neden\/\" \/>\n<meta property=\"og:site_name\" content=\"AvrupaPress\" \/>\n<meta property=\"article:published_time\" content=\"2026-09-03T21:08:39+00:00\" \/>\n<meta property=\"article:modified_time\" content=\"2026-09-03T21:13:37+00:00\" \/>\n<meta property=\"og:image\" content=\"https:\/\/avrupapress.com\/main\/wp-content\/uploads\/2026\/09\/Screenshot_20260903_230515_WhatsApp-e1788470002517.jpg\" \/>\n\t<meta property=\"og:image:width\" content=\"1080\" \/>\n\t<meta property=\"og:image:height\" content=\"832\" \/>\n\t<meta property=\"og:image:type\" content=\"image\/jpeg\" \/>\n<meta name=\"author\" content=\"Edit\u00f6r\" \/>\n<meta name=\"twitter:card\" content=\"summary_large_image\" \/>\n<meta name=\"twitter:label1\" content=\"\u00c9crit par\" \/>\n\t<meta name=\"twitter:data1\" content=\"Edit\u00f6r\" \/>\n\t<meta name=\"twitter:label2\" content=\"Dur\u00e9e de lecture est.\" \/>\n\t<meta name=\"twitter:data2\" content=\"3 minutes\" \/>\n<script type=\"application\/ld+json\" class=\"yoast-schema-graph\">{\"@context\":\"https:\/\/schema.org\",\"@graph\":[{\"@type\":\"Article\",\"@id\":\"https:\/\/avrupapress.com\/main\/2026\/09\/03\/ki-ay-paylasim-yapmadik-peki-neden\/#article\",\"isPartOf\":{\"@id\":\"https:\/\/avrupapress.com\/main\/2026\/09\/03\/ki-ay-paylasim-yapmadik-peki-neden\/\"},\"author\":{\"name\":\"Edit\u00f6r\",\"@id\":\"https:\/\/avrupapress.com\/#\/schema\/person\/68428444ec60970d1e1b700cf4ca1e8f\"},\"headline\":\"\u0130K\u0130 AY PAYLA\u015eIM YAPMADIK\u2026 PEK\u0130 NEDEN?\",\"datePublished\":\"2026-09-03T21:08:39+00:00\",\"dateModified\":\"2026-09-03T21:13:37+00:00\",\"mainEntityOfPage\":{\"@id\":\"https:\/\/avrupapress.com\/main\/2026\/09\/03\/ki-ay-paylasim-yapmadik-peki-neden\/\"},\"wordCount\":713,\"publisher\":{\"@id\":\"https:\/\/avrupapress.com\/#\/schema\/person\/0223dca19c72c43575bf30d1a2d8f4fa\"},\"image\":{\"@id\":\"https:\/\/avrupapress.com\/main\/2026\/09\/03\/ki-ay-paylasim-yapmadik-peki-neden\/#primaryimage\"},\"thumbnailUrl\":\"https:\/\/avrupapress.com\/main\/wp-content\/uploads\/2026\/09\/Screenshot_20260903_230515_WhatsApp-e1788470002517.jpg\",\"articleSection\":[\"Avrupa\",\"Bel\u00e7ika\",\"D\u00fcnya\",\"Ekonomi\",\"K\u00fclt\u00fcr-Sanat\",\"Spor\",\"Tan\u0131t\u0131m\",\"T\u00fcrkiye\",\"Uncategorized\"],\"inLanguage\":\"fr-BE\"},{\"@type\":\"WebPage\",\"@id\":\"https:\/\/avrupapress.com\/main\/2026\/09\/03\/ki-ay-paylasim-yapmadik-peki-neden\/\",\"url\":\"https:\/\/avrupapress.com\/main\/2026\/09\/03\/ki-ay-paylasim-yapmadik-peki-neden\/\",\"name\":\"\u0130K\u0130 AY PAYLA\u015eIM YAPMADIK\u2026 PEK\u0130 NEDEN? - AvrupaPress\",\"isPartOf\":{\"@id\":\"https:\/\/avrupapress.com\/#website\"},\"primaryImageOfPage\":{\"@id\":\"https:\/\/avrupapress.com\/main\/2026\/09\/03\/ki-ay-paylasim-yapmadik-peki-neden\/#primaryimage\"},\"image\":{\"@id\":\"https:\/\/avrupapress.com\/main\/2026\/09\/03\/ki-ay-paylasim-yapmadik-peki-neden\/#primaryimage\"},\"thumbnailUrl\":\"https:\/\/avrupapress.com\/main\/wp-content\/uploads\/2026\/09\/Screenshot_20260903_230515_WhatsApp-e1788470002517.jpg\",\"datePublished\":\"2026-09-03T21:08:39+00:00\",\"dateModified\":\"2026-09-03T21:13:37+00:00\",\"breadcrumb\":{\"@id\":\"https:\/\/avrupapress.com\/main\/2026\/09\/03\/ki-ay-paylasim-yapmadik-peki-neden\/#breadcrumb\"},\"inLanguage\":\"fr-BE\",\"potentialAction\":[{\"@type\":\"ReadAction\",\"target\":[\"https:\/\/avrupapress.com\/main\/2026\/09\/03\/ki-ay-paylasim-yapmadik-peki-neden\/\"]}]},{\"@type\":\"ImageObject\",\"inLanguage\":\"fr-BE\",\"@id\":\"https:\/\/avrupapress.com\/main\/2026\/09\/03\/ki-ay-paylasim-yapmadik-peki-neden\/#primaryimage\",\"url\":\"https:\/\/avrupapress.com\/main\/wp-content\/uploads\/2026\/09\/Screenshot_20260903_230515_WhatsApp-e1788470002517.jpg\",\"contentUrl\":\"https:\/\/avrupapress.com\/main\/wp-content\/uploads\/2026\/09\/Screenshot_20260903_230515_WhatsApp-e1788470002517.jpg\",\"width\":1080,\"height\":832},{\"@type\":\"BreadcrumbList\",\"@id\":\"https:\/\/avrupapress.com\/main\/2026\/09\/03\/ki-ay-paylasim-yapmadik-peki-neden\/#breadcrumb\",\"itemListElement\":[{\"@type\":\"ListItem\",\"position\":1,\"name\":\"Anasayfa\",\"item\":\"https:\/\/avrupapress.com\/\"},{\"@type\":\"ListItem\",\"position\":2,\"name\":\"\u0130K\u0130 AY PAYLA\u015eIM YAPMADIK\u2026 PEK\u0130 NEDEN?\"}]},{\"@type\":\"WebSite\",\"@id\":\"https:\/\/avrupapress.com\/#website\",\"url\":\"https:\/\/avrupapress.com\/\",\"name\":\"AvrupaPress\",\"description\":\"Haberin Adresi\",\"publisher\":{\"@id\":\"https:\/\/avrupapress.com\/#\/schema\/person\/0223dca19c72c43575bf30d1a2d8f4fa\"},\"potentialAction\":[{\"@type\":\"SearchAction\",\"target\":{\"@type\":\"EntryPoint\",\"urlTemplate\":\"https:\/\/avrupapress.com\/?s={search_term_string}\"},\"query-input\":{\"@type\":\"PropertyValueSpecification\",\"valueRequired\":true,\"valueName\":\"search_term_string\"}}],\"inLanguage\":\"fr-BE\"},{\"@type\":[\"Person\",\"Organization\"],\"@id\":\"https:\/\/avrupapress.com\/#\/schema\/person\/0223dca19c72c43575bf30d1a2d8f4fa\",\"name\":\"Bilgin \u00d6z\u00e7ift\u00e7i\",\"image\":{\"@type\":\"ImageObject\",\"inLanguage\":\"fr-BE\",\"@id\":\"https:\/\/avrupapress.com\/#\/schema\/person\/image\/\",\"url\":\"https:\/\/secure.gravatar.com\/avatar\/0f23b280433a21e1ea7a0adcc46ed0ad16afe3ad8e630fd13d8a017dcbd54ef3?s=96&d=mm&r=g\",\"contentUrl\":\"https:\/\/secure.gravatar.com\/avatar\/0f23b280433a21e1ea7a0adcc46ed0ad16afe3ad8e630fd13d8a017dcbd54ef3?s=96&d=mm&r=g\",\"caption\":\"Bilgin \u00d6z\u00e7ift\u00e7i\"},\"logo\":{\"@id\":\"https:\/\/avrupapress.com\/#\/schema\/person\/image\/\"},\"description\":\"Ne ben, nede sen... Biz ancak \\\"biz\\\" olursak g\u00fc\u00e7l\u00fc olabiliriz\"},{\"@type\":\"Person\",\"@id\":\"https:\/\/avrupapress.com\/#\/schema\/person\/68428444ec60970d1e1b700cf4ca1e8f\",\"name\":\"Edit\u00f6r\",\"image\":{\"@type\":\"ImageObject\",\"inLanguage\":\"fr-BE\",\"@id\":\"https:\/\/avrupapress.com\/#\/schema\/person\/image\/\",\"url\":\"https:\/\/secure.gravatar.com\/avatar\/74996b0977aa5f1559ba9883776652508b229005c0d78fb2597897f0bd651c09?s=96&d=mm&r=g\",\"contentUrl\":\"https:\/\/secure.gravatar.com\/avatar\/74996b0977aa5f1559ba9883776652508b229005c0d78fb2597897f0bd651c09?s=96&d=mm&r=g\",\"caption\":\"Edit\u00f6r\"},\"sameAs\":[\"http:\/\/www.avrupapress.com\"],\"url\":\"https:\/\/avrupapress.com\/main\/author\/editor\/\"}]}<\/script>\n<!-- \/ Yoast SEO plugin. -->","yoast_head_json":{"title":"\u0130K\u0130 AY PAYLA\u015eIM YAPMADIK\u2026 PEK\u0130 NEDEN? - AvrupaPress","robots":{"index":"index","follow":"follow","max-snippet":"max-snippet:-1","max-image-preview":"max-image-preview:large","max-video-preview":"max-video-preview:-1"},"canonical":"https:\/\/avrupapress.com\/main\/2026\/09\/03\/ki-ay-paylasim-yapmadik-peki-neden\/","og_locale":"fr_FR","og_type":"article","og_title":"\u0130K\u0130 AY PAYLA\u015eIM YAPMADIK\u2026 PEK\u0130 NEDEN? - AvrupaPress","og_description":"&nbsp; De\u011ferli dostlar\u0131m\u0131z, k\u0131ymetli takip\u00e7ilerimiz\u2026 2026 y\u0131l\u0131n\u0131n Temmuz ve A\u011fustos aylar\u0131nda payla\u015f\u0131m yapmama karar\u0131 ald\u0131k. Belki bizi merak edenler, \u201cK\u00fc\u00e7\u00fck Y\u00fcrekler neden sessiz kald\u0131?\u201d diye d\u00fc\u015f\u00fcnenler oldu. Ama \u015funu herkesin bilmesini isterim ki; sessiz kalmak, durmak demek de\u011fildi\u2026 Tam yedi y\u0131ld\u0131r s\u00fcrd\u00fcrd\u00fc\u011f\u00fcm\u00fcz yard\u0131m faaliyetlerinde gece g\u00fcnd\u00fcz demeden, ihtiya\u00e7 sahibi neredeyse oraya yeti\u015fmeye, bir y\u00fcre\u011fe dokunmaya, [&hellip;]","og_url":"https:\/\/avrupapress.com\/main\/2026\/09\/03\/ki-ay-paylasim-yapmadik-peki-neden\/","og_site_name":"AvrupaPress","article_published_time":"2026-09-03T21:08:39+00:00","article_modified_time":"2026-09-03T21:13:37+00:00","og_image":[{"width":1080,"height":832,"url":"https:\/\/avrupapress.com\/main\/wp-content\/uploads\/2026\/09\/Screenshot_20260903_230515_WhatsApp-e1788470002517.jpg","type":"image\/jpeg"}],"author":"Edit\u00f6r","twitter_card":"summary_large_image","twitter_misc":{"\u00c9crit par":"Edit\u00f6r","Dur\u00e9e de lecture est.":"3 minutes"},"schema":{"@context":"https:\/\/schema.org","@graph":[{"@type":"Article","@id":"https:\/\/avrupapress.com\/main\/2026\/09\/03\/ki-ay-paylasim-yapmadik-peki-neden\/#article","isPartOf":{"@id":"https:\/\/avrupapress.com\/main\/2026\/09\/03\/ki-ay-paylasim-yapmadik-peki-neden\/"},"author":{"name":"Edit\u00f6r","@id":"https:\/\/avrupapress.com\/#\/schema\/person\/68428444ec60970d1e1b700cf4ca1e8f"},"headline":"\u0130K\u0130 AY PAYLA\u015eIM YAPMADIK\u2026 PEK\u0130 NEDEN?","datePublished":"2026-09-03T21:08:39+00:00","dateModified":"2026-09-03T21:13:37+00:00","mainEntityOfPage":{"@id":"https:\/\/avrupapress.com\/main\/2026\/09\/03\/ki-ay-paylasim-yapmadik-peki-neden\/"},"wordCount":713,"publisher":{"@id":"https:\/\/avrupapress.com\/#\/schema\/person\/0223dca19c72c43575bf30d1a2d8f4fa"},"image":{"@id":"https:\/\/avrupapress.com\/main\/2026\/09\/03\/ki-ay-paylasim-yapmadik-peki-neden\/#primaryimage"},"thumbnailUrl":"https:\/\/avrupapress.com\/main\/wp-content\/uploads\/2026\/09\/Screenshot_20260903_230515_WhatsApp-e1788470002517.jpg","articleSection":["Avrupa","Bel\u00e7ika","D\u00fcnya","Ekonomi","K\u00fclt\u00fcr-Sanat","Spor","Tan\u0131t\u0131m","T\u00fcrkiye","Uncategorized"],"inLanguage":"fr-BE"},{"@type":"WebPage","@id":"https:\/\/avrupapress.com\/main\/2026\/09\/03\/ki-ay-paylasim-yapmadik-peki-neden\/","url":"https:\/\/avrupapress.com\/main\/2026\/09\/03\/ki-ay-paylasim-yapmadik-peki-neden\/","name":"\u0130K\u0130 AY PAYLA\u015eIM YAPMADIK\u2026 PEK\u0130 NEDEN? - AvrupaPress","isPartOf":{"@id":"https:\/\/avrupapress.com\/#website"},"primaryImageOfPage":{"@id":"https:\/\/avrupapress.com\/main\/2026\/09\/03\/ki-ay-paylasim-yapmadik-peki-neden\/#primaryimage"},"image":{"@id":"https:\/\/avrupapress.com\/main\/2026\/09\/03\/ki-ay-paylasim-yapmadik-peki-neden\/#primaryimage"},"thumbnailUrl":"https:\/\/avrupapress.com\/main\/wp-content\/uploads\/2026\/09\/Screenshot_20260903_230515_WhatsApp-e1788470002517.jpg","datePublished":"2026-09-03T21:08:39+00:00","dateModified":"2026-09-03T21:13:37+00:00","breadcrumb":{"@id":"https:\/\/avrupapress.com\/main\/2026\/09\/03\/ki-ay-paylasim-yapmadik-peki-neden\/#breadcrumb"},"inLanguage":"fr-BE","potentialAction":[{"@type":"ReadAction","target":["https:\/\/avrupapress.com\/main\/2026\/09\/03\/ki-ay-paylasim-yapmadik-peki-neden\/"]}]},{"@type":"ImageObject","inLanguage":"fr-BE","@id":"https:\/\/avrupapress.com\/main\/2026\/09\/03\/ki-ay-paylasim-yapmadik-peki-neden\/#primaryimage","url":"https:\/\/avrupapress.com\/main\/wp-content\/uploads\/2026\/09\/Screenshot_20260903_230515_WhatsApp-e1788470002517.jpg","contentUrl":"https:\/\/avrupapress.com\/main\/wp-content\/uploads\/2026\/09\/Screenshot_20260903_230515_WhatsApp-e1788470002517.jpg","width":1080,"height":832},{"@type":"BreadcrumbList","@id":"https:\/\/avrupapress.com\/main\/2026\/09\/03\/ki-ay-paylasim-yapmadik-peki-neden\/#breadcrumb","itemListElement":[{"@type":"ListItem","position":1,"name":"Anasayfa","item":"https:\/\/avrupapress.com\/"},{"@type":"ListItem","position":2,"name":"\u0130K\u0130 AY PAYLA\u015eIM YAPMADIK\u2026 PEK\u0130 NEDEN?"}]},{"@type":"WebSite","@id":"https:\/\/avrupapress.com\/#website","url":"https:\/\/avrupapress.com\/","name":"AvrupaPress","description":"Haberin Adresi","publisher":{"@id":"https:\/\/avrupapress.com\/#\/schema\/person\/0223dca19c72c43575bf30d1a2d8f4fa"},"potentialAction":[{"@type":"SearchAction","target":{"@type":"EntryPoint","urlTemplate":"https:\/\/avrupapress.com\/?s={search_term_string}"},"query-input":{"@type":"PropertyValueSpecification","valueRequired":true,"valueName":"search_term_string"}}],"inLanguage":"fr-BE"},{"@type":["Person","Organization"],"@id":"https:\/\/avrupapress.com\/#\/schema\/person\/0223dca19c72c43575bf30d1a2d8f4fa","name":"Bilgin \u00d6z\u00e7ift\u00e7i","image":{"@type":"ImageObject","inLanguage":"fr-BE","@id":"https:\/\/avrupapress.com\/#\/schema\/person\/image\/","url":"https:\/\/secure.gravatar.com\/avatar\/0f23b280433a21e1ea7a0adcc46ed0ad16afe3ad8e630fd13d8a017dcbd54ef3?s=96&d=mm&r=g","contentUrl":"https:\/\/secure.gravatar.com\/avatar\/0f23b280433a21e1ea7a0adcc46ed0ad16afe3ad8e630fd13d8a017dcbd54ef3?s=96&d=mm&r=g","caption":"Bilgin \u00d6z\u00e7ift\u00e7i"},"logo":{"@id":"https:\/\/avrupapress.com\/#\/schema\/person\/image\/"},"description":"Ne ben, nede sen... Biz ancak \"biz\" olursak g\u00fc\u00e7l\u00fc olabiliriz"},{"@type":"Person","@id":"https:\/\/avrupapress.com\/#\/schema\/person\/68428444ec60970d1e1b700cf4ca1e8f","name":"Edit\u00f6r","image":{"@type":"ImageObject","inLanguage":"fr-BE","@id":"https:\/\/avrupapress.com\/#\/schema\/person\/image\/","url":"https:\/\/secure.gravatar.com\/avatar\/74996b0977aa5f1559ba9883776652508b229005c0d78fb2597897f0bd651c09?s=96&d=mm&r=g","contentUrl":"https:\/\/secure.gravatar.com\/avatar\/74996b0977aa5f1559ba9883776652508b229005c0d78fb2597897f0bd651c09?s=96&d=mm&r=g","caption":"Edit\u00f6r"},"sameAs":["http:\/\/www.avrupapress.com"],"url":"https:\/\/avrupapress.com\/main\/author\/editor\/"}]}},"_links":{"self":[{"href":"https:\/\/avrupapress.com\/main\/wp-json\/wp\/v2\/posts\/36282","targetHints":{"allow":["GET"]}}],"collection":[{"href":"https:\/\/avrupapress.com\/main\/wp-json\/wp\/v2\/posts"}],"about":[{"href":"https:\/\/avrupapress.com\/main\/wp-json\/wp\/v2\/types\/post"}],"author":[{"embeddable":true,"href":"https:\/\/avrupapress.com\/main\/wp-json\/wp\/v2\/users\/3"}],"replies":[{"embeddable":true,"href":"https:\/\/avrupapress.com\/main\/wp-json\/wp\/v2\/comments?post=36282"}],"version-history":[{"count":3,"href":"https:\/\/avrupapress.com\/main\/wp-json\/wp\/v2\/posts\/36282\/revisions"}],"predecessor-version":[{"id":36286,"href":"https:\/\/avrupapress.com\/main\/wp-json\/wp\/v2\/posts\/36282\/revisions\/36286"}],"wp:featuredmedia":[{"embeddable":true,"href":"https:\/\/avrupapress.com\/main\/wp-json\/wp\/v2\/media\/36283"}],"wp:attachment":[{"href":"https:\/\/avrupapress.com\/main\/wp-json\/wp\/v2\/media?parent=36282"}],"wp:term":[{"taxonomy":"category","embeddable":true,"href":"https:\/\/avrupapress.com\/main\/wp-json\/wp\/v2\/categories?post=36282"},{"taxonomy":"post_tag","embeddable":true,"href":"https:\/\/avrupapress.com\/main\/wp-json\/wp\/v2\/tags?post=36282"}],"curies":[{"name":"wp","href":"https:\/\/api.w.org\/{rel}","templated":true}]}}