{"id":36272,"date":"2026-09-03T10:25:49","date_gmt":"2026-09-03T10:25:49","guid":{"rendered":"https:\/\/avrupapress.com\/main\/?p=36272"},"modified":"2026-09-03T10:26:04","modified_gmt":"2026-09-03T10:26:04","slug":"belcika-eupende-polis-kursunuyla-olumunde-eupende-polis-kursunuyla-olumunde-celiski","status":"publish","type":"post","link":"https:\/\/avrupapress.com\/main\/2026\/09\/03\/belcika-eupende-polis-kursunuyla-olumunde-eupende-polis-kursunuyla-olumunde-celiski\/","title":{"rendered":"BEL\u00c7\u0130KA EUPEN\u2019DE POL\u0130S KUR\u015eUNUYLA \u00d6L\u00dcM\u00dcNDE EUPEN\u2019DE POL\u0130S KUR\u015eUNUYLA \u00d6L\u00dcM\u00dcNDE \u00c7EL\u0130\u015eK\u0130"},"content":{"rendered":"<p><strong>Bilgin \u00d6z\u00e7ifci. \/\u00a0 EUPEN<\/strong><\/p>\n<p>Savc\u0131l\u0131k \u201cB\u0131\u00e7akl\u0131 sald\u0131r\u0131\u201d dedi, aile: \u201cB\u0131\u00e7a\u011f\u0131 yoktu!\u201d<\/p>\n<p>Bel\u00e7ika\u2019n\u0131n Eupen kentinde 4 \u00e7ocuk babas\u0131 Halit Altun\u2019un polis taraf\u0131ndan vurularak \u00f6ld\u00fcr\u00fclmesiyle ilgili soru\u015fturmada savc\u0131l\u0131k ile ailenin anlat\u0131mlar\u0131 birbirinden tamamen farkl\u0131. 42 ya\u015f\u0131ndaki Altun\u2019un \u00f6l\u00fcm\u00fcne ili\u015fkin adli soru\u015fturman\u0131n yan\u0131 s\u0131ra polis denetim kurumu Comit\u00e9 P de inceleme y\u00fcr\u00fct\u00fcyor. Ger\u00e7ek, soru\u015fturmalar\u0131n sonucuyla ortaya \u00e7\u0131kacak.<\/p>\n<p>PARKTAK\u0130 TARTI\u015eMA \u00d6L\u00dcMLE SONU\u00c7LANDI<\/p>\n<p>Olay, 30 A\u011fustos Pazar g\u00fcn\u00fc saat 18.30 s\u0131ralar\u0131nda Eupen\u2019deki Scheiblerplatz\u2019da bulunan parkta meydana geldi.<\/p>\n<p>Yakla\u015f\u0131k 15 y\u0131ld\u0131r Bel\u00e7ika\u2019da ya\u015fayan ve bir kablo fabrikas\u0131nda \u00e7al\u0131\u015fan 4 \u00e7ocuk babas\u0131 Halit Altun, parkta iki aile aras\u0131nda \u00e7ocuklar nedeniyle ba\u015flayan tart\u0131\u015fman\u0131n b\u00fcy\u00fcmesi s\u0131ras\u0131nda polis taraf\u0131ndan a\u00e7\u0131lan ate\u015f sonucu hayat\u0131n\u0131 kaybetti.<\/p>\n<p>\u0130ddiaya g\u00f6re \u00e7ocuklar\u0131n futbol oynarken ya\u015fad\u0131\u011f\u0131 anla\u015fmazl\u0131k k\u0131sa s\u00fcrede yeti\u015fkinlere s\u0131\u00e7rad\u0131 ve olay kalabal\u0131k bir grubun kar\u0131\u015ft\u0131\u011f\u0131 kavgaya d\u00f6n\u00fc\u015ft\u00fc.<\/p>\n<p>SAVCILIK: \u201cBI\u00c7AKLA SALDIRDI\u201d<\/p>\n<p>Eupen Savc\u0131l\u0131\u011f\u0131\u2019n\u0131n a\u00e7\u0131klamas\u0131na g\u00f6re polis olay yerinde tansiyonu d\u00fc\u015f\u00fcrmeye \u00e7al\u0131\u015f\u0131rken Altun b\u0131\u00e7ak \u00e7\u0131kararak kar\u015f\u0131 taraftaki bir ki\u015fiye sald\u0131rd\u0131.<\/p>\n<p>Savc\u0131l\u0131\u011fa g\u00f6re bunun \u00fczerine bir polis memuru iki el ate\u015f etti. Altun olay yerinde ya\u015fam\u0131n\u0131 yitirdi. B\u0131\u00e7akl\u0131 sald\u0131r\u0131ya u\u011frad\u0131\u011f\u0131 belirtilen ki\u015finin ise hayati tehlikesinin bulunmad\u0131\u011f\u0131 bildirildi.<\/p>\n<p>Polisin silah kullan\u0131m\u0131n\u0131n hukuka uygun olup olmad\u0131\u011f\u0131 ise Comit\u00e9 P taraf\u0131ndan ayr\u0131ca ara\u015ft\u0131r\u0131l\u0131yor.<\/p>\n<p>A\u0130LE \u0130DD\u0130AYI REDDED\u0130YOR<\/p>\n<p>Altun ailesinin avukat\u0131 ise savc\u0131l\u0131\u011f\u0131n \u201cb\u0131\u00e7akl\u0131 sald\u0131r\u0131\u201d anlat\u0131m\u0131n\u0131 kesin bir dille reddediyor.<\/p>\n<p>Ailenin iddias\u0131na g\u00f6re Altun\u2019un elinde b\u0131\u00e7ak yoktu; aksine kalabal\u0131k bir grup taraf\u0131ndan darbediliyordu. Polis ate\u015f a\u00e7madan \u00f6nce herhangi bir uyar\u0131da bulunmad\u0131.<\/p>\n<p>Aileye yak\u0131n kaynaklar, Altun\u2019un \u00f6nce bir kur\u015funla vuruldu\u011funu, yere d\u00fc\u015ft\u00fckten sonra ikinci kez ate\u015f edildi\u011fini \u00f6ne s\u00fcr\u00fcyor.<\/p>\n<p>Aile ayr\u0131ca olay s\u0131ras\u0131nda baz\u0131 ki\u015filerin cep telefonlar\u0131yla g\u00f6r\u00fcnt\u00fc \u00e7ekti\u011fini, polis taraf\u0131ndan baz\u0131 telefonlara el konuldu\u011funu ve baz\u0131 telefonlar\u0131n k\u0131r\u0131ld\u0131\u011f\u0131n\u0131 iddia ediyor.<\/p>\n<p>D\u00d6RT \u00c7OCUK BABALARININ \u00d6LD\u00dcR\u00dcLMES\u0130NE TANIK OLDU<\/p>\n<p>En ac\u0131 detay ise Altun\u2019un d\u00f6rt \u00e7ocu\u011funun olay s\u0131ras\u0131nda parkta bulunmas\u0131.<\/p>\n<p>14 ya\u015f\u0131ndaki Cebril, 13 ya\u015f\u0131ndaki Yasin, 12 ya\u015f\u0131ndaki Kamil ve 11 ya\u015f\u0131ndaki \u015eehmuz\u2019un babalar\u0131n\u0131n vurulmas\u0131na tan\u0131k oldu\u011fu belirtiliyor.<\/p>\n<p>Aile, \u00e7ocuklar\u0131n psikolojik destek almas\u0131n\u0131 isterken olay\u0131n t\u00fcm y\u00f6nleriyle ayd\u0131nlat\u0131lmas\u0131n\u0131 ve T\u00fcrk makamlar\u0131n\u0131n s\u00fcreci yak\u0131ndan takip etmesini talep ediyor.<\/p>\n<p>GER\u00c7EK SORU\u015eTURMAYLA ORTAYA \u00c7IKACAK<\/p>\n<p>Savc\u0131l\u0131k ve Comit\u00e9 P taraf\u0131ndan y\u00fcr\u00fct\u00fclen soru\u015fturmalar devam ediyor. Savc\u0131l\u0131k, olay an\u0131na ili\u015fkin g\u00f6r\u00fcnt\u00fcleri bulunan ki\u015filere kay\u0131tlar\u0131n\u0131 teslim etmeleri \u00e7a\u011fr\u0131s\u0131nda bulundu.<\/p>\n<p>Halit Altun\u2019un elinde ger\u00e7ekten b\u0131\u00e7ak olup olmad\u0131\u011f\u0131, polisin ate\u015f a\u00e7mas\u0131n\u0131n hangi ko\u015fullarda ger\u00e7ekle\u015fti\u011fi ve kullan\u0131lan g\u00fcc\u00fcn orant\u0131l\u0131 olup olmad\u0131\u011f\u0131 soru\u015fturman\u0131n sonucunda netle\u015fecek.<\/p>\n<p>AvrupaPress olarak Halit Altun\u2019a Allah\u2019tan rahmet, ailesine ve d\u00f6rt evlad\u0131na sab\u0131r diliyoruz.!<br \/>\nSavc\u0131l\u0131k \u201cB\u0131\u00e7akl\u0131 sald\u0131r\u0131\u201d dedi, aile: \u201cB\u0131\u00e7a\u011f\u0131 yoktu!\u201d<br \/>\nBel\u00e7ika\u2019n\u0131n Eupen kentinde 4 \u00e7ocuk babas\u0131 Halit Altun\u2019un polis taraf\u0131ndan vurularak \u00f6ld\u00fcr\u00fclmesiyle ilgili soru\u015fturmada savc\u0131l\u0131k ile ailenin anlat\u0131mlar\u0131 birbirinden tamamen farkl\u0131. 42 ya\u015f\u0131ndaki Altun\u2019un \u00f6l\u00fcm\u00fcne ili\u015fkin adli soru\u015fturman\u0131n yan\u0131 s\u0131ra polis denetim kurumu Comit\u00e9 P de inceleme y\u00fcr\u00fct\u00fcyor. Ger\u00e7ek, soru\u015fturmalar\u0131n sonucuyla ortaya \u00e7\u0131kacak.<br \/>\nPARKTAK\u0130 TARTI\u015eMA \u00d6L\u00dcMLE SONU\u00c7LANDI<br \/>\nOlay, 30 A\u011fustos Pazar g\u00fcn\u00fc saat 18.30 s\u0131ralar\u0131nda Eupen\u2019deki Scheiblerplatz\u2019da bulunan parkta meydana geldi.<br \/>\nYakla\u015f\u0131k 15 y\u0131ld\u0131r Bel\u00e7ika\u2019da ya\u015fayan ve bir kablo fabrikas\u0131nda \u00e7al\u0131\u015fan 4 \u00e7ocuk babas\u0131 Halit Altun, parkta iki aile aras\u0131nda \u00e7ocuklar nedeniyle ba\u015flayan tart\u0131\u015fman\u0131n b\u00fcy\u00fcmesi s\u0131ras\u0131nda polis taraf\u0131ndan a\u00e7\u0131lan ate\u015f sonucu hayat\u0131n\u0131 kaybetti.<br \/>\n\u0130ddiaya g\u00f6re \u00e7ocuklar\u0131n futbol oynarken ya\u015fad\u0131\u011f\u0131 anla\u015fmazl\u0131k k\u0131sa s\u00fcrede yeti\u015fkinlere s\u0131\u00e7rad\u0131 ve olay kalabal\u0131k bir grubun kar\u0131\u015ft\u0131\u011f\u0131 kavgaya d\u00f6n\u00fc\u015ft\u00fc.<br \/>\nSAVCILIK: \u201cBI\u00c7AKLA SALDIRDI\u201d<br \/>\nEupen Savc\u0131l\u0131\u011f\u0131\u2019n\u0131n a\u00e7\u0131klamas\u0131na g\u00f6re polis olay yerinde tansiyonu d\u00fc\u015f\u00fcrmeye \u00e7al\u0131\u015f\u0131rken Altun b\u0131\u00e7ak \u00e7\u0131kararak kar\u015f\u0131 taraftaki bir ki\u015fiye sald\u0131rd\u0131.<br \/>\nSavc\u0131l\u0131\u011fa g\u00f6re bunun \u00fczerine bir polis memuru iki el ate\u015f etti. Altun olay yerinde ya\u015fam\u0131n\u0131 yitirdi. B\u0131\u00e7akl\u0131 sald\u0131r\u0131ya u\u011frad\u0131\u011f\u0131 belirtilen ki\u015finin ise hayati tehlikesinin bulunmad\u0131\u011f\u0131 bildirildi.<br \/>\nPolisin silah kullan\u0131m\u0131n\u0131n hukuka uygun olup olmad\u0131\u011f\u0131 ise Comit\u00e9 P taraf\u0131ndan ayr\u0131ca ara\u015ft\u0131r\u0131l\u0131yor.<br \/>\nA\u0130LE \u0130DD\u0130AYI REDDED\u0130YOR<br \/>\nAltun ailesinin avukat\u0131 ise savc\u0131l\u0131\u011f\u0131n \u201cb\u0131\u00e7akl\u0131 sald\u0131r\u0131\u201d anlat\u0131m\u0131n\u0131 kesin bir dille reddediyor.<br \/>\nAilenin iddias\u0131na g\u00f6re Altun\u2019un elinde b\u0131\u00e7ak yoktu; aksine kalabal\u0131k bir grup taraf\u0131ndan darbediliyordu. Polis ate\u015f a\u00e7madan \u00f6nce herhangi bir uyar\u0131da bulunmad\u0131.<br \/>\nAileye yak\u0131n kaynaklar, Altun\u2019un \u00f6nce bir kur\u015funla vuruldu\u011funu, yere d\u00fc\u015ft\u00fckten sonra ikinci kez ate\u015f edildi\u011fini \u00f6ne s\u00fcr\u00fcyor.<br \/>\nAile ayr\u0131ca olay s\u0131ras\u0131nda baz\u0131 ki\u015filerin cep telefonlar\u0131yla g\u00f6r\u00fcnt\u00fc \u00e7ekti\u011fini, polis taraf\u0131ndan baz\u0131 telefonlara el konuldu\u011funu ve baz\u0131 telefonlar\u0131n k\u0131r\u0131ld\u0131\u011f\u0131n\u0131 iddia ediyor.<br \/>\nD\u00d6RT \u00c7OCUK BABALARININ \u00d6LD\u00dcR\u00dcLMES\u0130NE TANIK OLDU<br \/>\nEn ac\u0131 detay ise Altun\u2019un d\u00f6rt \u00e7ocu\u011funun olay s\u0131ras\u0131nda parkta bulunmas\u0131.<br \/>\n14 ya\u015f\u0131ndaki Cebril, 13 ya\u015f\u0131ndaki Yasin, 12 ya\u015f\u0131ndaki Kamil ve 11 ya\u015f\u0131ndaki \u015eehmuz\u2019un babalar\u0131n\u0131n vurulmas\u0131na tan\u0131k oldu\u011fu belirtiliyor.<br \/>\nAile, \u00e7ocuklar\u0131n psikolojik destek almas\u0131n\u0131 isterken olay\u0131n t\u00fcm y\u00f6nleriyle ayd\u0131nlat\u0131lmas\u0131n\u0131 ve T\u00fcrk makamlar\u0131n\u0131n s\u00fcreci yak\u0131ndan takip etmesini talep ediyor.<br \/>\nGER\u00c7EK SORU\u015eTURMAYLA ORTAYA \u00c7IKACAK<br \/>\nSavc\u0131l\u0131k ve Comit\u00e9 P taraf\u0131ndan y\u00fcr\u00fct\u00fclen soru\u015fturmalar devam ediyor. Savc\u0131l\u0131k, olay an\u0131na ili\u015fkin g\u00f6r\u00fcnt\u00fcleri bulunan ki\u015filere kay\u0131tlar\u0131n\u0131 teslim etmeleri \u00e7a\u011fr\u0131s\u0131nda bulundu.<br \/>\nHalit Altun\u2019un elinde ger\u00e7ekten b\u0131\u00e7ak olup olmad\u0131\u011f\u0131, polisin ate\u015f a\u00e7mas\u0131n\u0131n hangi ko\u015fullarda ger\u00e7ekle\u015fti\u011fi ve kullan\u0131lan g\u00fcc\u00fcn orant\u0131l\u0131 olup olmad\u0131\u011f\u0131 soru\u015fturman\u0131n sonucunda netle\u015fecek.<br \/>\nAvrupaPress olarak Halit Altun\u2019a Allah\u2019tan rahmet, ailesine ve d\u00f6rt evlad\u0131na sab\u0131r diliyoruz.<\/p>\n<p>&nbsp;<\/p>\n<p><strong>Bilgin \u00d6zcifci.\u00a0 \u00a0 \u00a0 \u00a0\/\u00a0 \u00a0 \u00a0 \u00a0AVRUPAPRESS<\/strong><\/p>\n","protected":false},"excerpt":{"rendered":"<p>Bilgin \u00d6z\u00e7ifci. \/\u00a0 EUPEN Savc\u0131l\u0131k \u201cB\u0131\u00e7akl\u0131 sald\u0131r\u0131\u201d dedi, aile: \u201cB\u0131\u00e7a\u011f\u0131 yoktu!\u201d Bel\u00e7ika\u2019n\u0131n Eupen kentinde 4 \u00e7ocuk babas\u0131 Halit Altun\u2019un polis taraf\u0131ndan vurularak \u00f6ld\u00fcr\u00fclmesiyle ilgili soru\u015fturmada savc\u0131l\u0131k ile ailenin anlat\u0131mlar\u0131 birbirinden tamamen farkl\u0131. 42 ya\u015f\u0131ndaki Altun\u2019un \u00f6l\u00fcm\u00fcne ili\u015fkin adli soru\u015fturman\u0131n yan\u0131 s\u0131ra polis denetim kurumu Comit\u00e9 P de inceleme y\u00fcr\u00fct\u00fcyor. Ger\u00e7ek, soru\u015fturmalar\u0131n sonucuyla ortaya \u00e7\u0131kacak. PARKTAK\u0130 [&hellip;]<\/p>\n","protected":false},"author":3,"featured_media":36277,"comment_status":"closed","ping_status":"open","sticky":false,"template":"","format":"standard","meta":{"footnotes":""},"categories":[14,16,3,17,18,15,19,2,1],"tags":[],"class_list":["post-36272","post","type-post","status-publish","format-standard","has-post-thumbnail","hentry","category-avrupa","category-belcika","category-dunya","category-ekonomi","category-kultur-sanat","category-spor","category-tanitim","category-turkiye","category-uncategorized"],"yoast_head":"<!-- This site is optimized with the Yoast SEO plugin v26.9 - https:\/\/yoast.com\/product\/yoast-seo-wordpress\/ -->\n<title>BEL\u00c7\u0130KA EUPEN\u2019DE POL\u0130S KUR\u015eUNUYLA \u00d6L\u00dcM\u00dcNDE EUPEN\u2019DE POL\u0130S KUR\u015eUNUYLA \u00d6L\u00dcM\u00dcNDE \u00c7EL\u0130\u015eK\u0130 - AvrupaPress<\/title>\n<meta name=\"robots\" content=\"index, follow, max-snippet:-1, max-image-preview:large, max-video-preview:-1\" \/>\n<link rel=\"canonical\" href=\"https:\/\/avrupapress.com\/main\/2026\/09\/03\/belcika-eupende-polis-kursunuyla-olumunde-eupende-polis-kursunuyla-olumunde-celiski\/\" \/>\n<meta property=\"og:locale\" content=\"fr_FR\" \/>\n<meta property=\"og:type\" content=\"article\" \/>\n<meta property=\"og:title\" content=\"BEL\u00c7\u0130KA EUPEN\u2019DE POL\u0130S KUR\u015eUNUYLA \u00d6L\u00dcM\u00dcNDE EUPEN\u2019DE POL\u0130S KUR\u015eUNUYLA \u00d6L\u00dcM\u00dcNDE \u00c7EL\u0130\u015eK\u0130 - AvrupaPress\" \/>\n<meta property=\"og:description\" content=\"Bilgin \u00d6z\u00e7ifci. \/\u00a0 EUPEN Savc\u0131l\u0131k \u201cB\u0131\u00e7akl\u0131 sald\u0131r\u0131\u201d dedi, aile: \u201cB\u0131\u00e7a\u011f\u0131 yoktu!\u201d Bel\u00e7ika\u2019n\u0131n Eupen kentinde 4 \u00e7ocuk babas\u0131 Halit Altun\u2019un polis taraf\u0131ndan vurularak \u00f6ld\u00fcr\u00fclmesiyle ilgili soru\u015fturmada savc\u0131l\u0131k ile ailenin anlat\u0131mlar\u0131 birbirinden tamamen farkl\u0131. 42 ya\u015f\u0131ndaki Altun\u2019un \u00f6l\u00fcm\u00fcne ili\u015fkin adli soru\u015fturman\u0131n yan\u0131 s\u0131ra polis denetim kurumu Comit\u00e9 P de inceleme y\u00fcr\u00fct\u00fcyor. Ger\u00e7ek, soru\u015fturmalar\u0131n sonucuyla ortaya \u00e7\u0131kacak. PARKTAK\u0130 [&hellip;]\" \/>\n<meta property=\"og:url\" content=\"https:\/\/avrupapress.com\/main\/2026\/09\/03\/belcika-eupende-polis-kursunuyla-olumunde-eupende-polis-kursunuyla-olumunde-celiski\/\" \/>\n<meta property=\"og:site_name\" content=\"AvrupaPress\" \/>\n<meta property=\"article:published_time\" content=\"2026-09-03T10:25:49+00:00\" \/>\n<meta property=\"article:modified_time\" content=\"2026-09-03T10:26:04+00:00\" \/>\n<meta property=\"og:image\" content=\"https:\/\/avrupapress.com\/main\/wp-content\/uploads\/2026\/09\/Screenshot_20260903_121118_Google.jpg\" \/>\n\t<meta property=\"og:image:width\" content=\"1080\" \/>\n\t<meta property=\"og:image:height\" content=\"900\" \/>\n\t<meta property=\"og:image:type\" content=\"image\/jpeg\" \/>\n<meta name=\"author\" content=\"Edit\u00f6r\" \/>\n<meta name=\"twitter:card\" content=\"summary_large_image\" \/>\n<meta name=\"twitter:label1\" content=\"\u00c9crit par\" \/>\n\t<meta name=\"twitter:data1\" content=\"Edit\u00f6r\" \/>\n\t<meta name=\"twitter:label2\" content=\"Dur\u00e9e de lecture est.\" \/>\n\t<meta name=\"twitter:data2\" content=\"5 minutes\" \/>\n<script type=\"application\/ld+json\" class=\"yoast-schema-graph\">{\"@context\":\"https:\/\/schema.org\",\"@graph\":[{\"@type\":\"Article\",\"@id\":\"https:\/\/avrupapress.com\/main\/2026\/09\/03\/belcika-eupende-polis-kursunuyla-olumunde-eupende-polis-kursunuyla-olumunde-celiski\/#article\",\"isPartOf\":{\"@id\":\"https:\/\/avrupapress.com\/main\/2026\/09\/03\/belcika-eupende-polis-kursunuyla-olumunde-eupende-polis-kursunuyla-olumunde-celiski\/\"},\"author\":{\"name\":\"Edit\u00f6r\",\"@id\":\"https:\/\/avrupapress.com\/#\/schema\/person\/68428444ec60970d1e1b700cf4ca1e8f\"},\"headline\":\"BEL\u00c7\u0130KA EUPEN\u2019DE POL\u0130S KUR\u015eUNUYLA \u00d6L\u00dcM\u00dcNDE EUPEN\u2019DE POL\u0130S KUR\u015eUNUYLA \u00d6L\u00dcM\u00dcNDE \u00c7EL\u0130\u015eK\u0130\",\"datePublished\":\"2026-09-03T10:25:49+00:00\",\"dateModified\":\"2026-09-03T10:26:04+00:00\",\"mainEntityOfPage\":{\"@id\":\"https:\/\/avrupapress.com\/main\/2026\/09\/03\/belcika-eupende-polis-kursunuyla-olumunde-eupende-polis-kursunuyla-olumunde-celiski\/\"},\"wordCount\":1180,\"publisher\":{\"@id\":\"https:\/\/avrupapress.com\/#\/schema\/person\/0223dca19c72c43575bf30d1a2d8f4fa\"},\"image\":{\"@id\":\"https:\/\/avrupapress.com\/main\/2026\/09\/03\/belcika-eupende-polis-kursunuyla-olumunde-eupende-polis-kursunuyla-olumunde-celiski\/#primaryimage\"},\"thumbnailUrl\":\"https:\/\/avrupapress.com\/main\/wp-content\/uploads\/2026\/09\/Screenshot_20260903_121118_Google.jpg\",\"articleSection\":[\"Avrupa\",\"Bel\u00e7ika\",\"D\u00fcnya\",\"Ekonomi\",\"K\u00fclt\u00fcr-Sanat\",\"Spor\",\"Tan\u0131t\u0131m\",\"T\u00fcrkiye\",\"Uncategorized\"],\"inLanguage\":\"fr-BE\"},{\"@type\":\"WebPage\",\"@id\":\"https:\/\/avrupapress.com\/main\/2026\/09\/03\/belcika-eupende-polis-kursunuyla-olumunde-eupende-polis-kursunuyla-olumunde-celiski\/\",\"url\":\"https:\/\/avrupapress.com\/main\/2026\/09\/03\/belcika-eupende-polis-kursunuyla-olumunde-eupende-polis-kursunuyla-olumunde-celiski\/\",\"name\":\"BEL\u00c7\u0130KA EUPEN\u2019DE POL\u0130S KUR\u015eUNUYLA \u00d6L\u00dcM\u00dcNDE EUPEN\u2019DE POL\u0130S KUR\u015eUNUYLA \u00d6L\u00dcM\u00dcNDE \u00c7EL\u0130\u015eK\u0130 - AvrupaPress\",\"isPartOf\":{\"@id\":\"https:\/\/avrupapress.com\/#website\"},\"primaryImageOfPage\":{\"@id\":\"https:\/\/avrupapress.com\/main\/2026\/09\/03\/belcika-eupende-polis-kursunuyla-olumunde-eupende-polis-kursunuyla-olumunde-celiski\/#primaryimage\"},\"image\":{\"@id\":\"https:\/\/avrupapress.com\/main\/2026\/09\/03\/belcika-eupende-polis-kursunuyla-olumunde-eupende-polis-kursunuyla-olumunde-celiski\/#primaryimage\"},\"thumbnailUrl\":\"https:\/\/avrupapress.com\/main\/wp-content\/uploads\/2026\/09\/Screenshot_20260903_121118_Google.jpg\",\"datePublished\":\"2026-09-03T10:25:49+00:00\",\"dateModified\":\"2026-09-03T10:26:04+00:00\",\"breadcrumb\":{\"@id\":\"https:\/\/avrupapress.com\/main\/2026\/09\/03\/belcika-eupende-polis-kursunuyla-olumunde-eupende-polis-kursunuyla-olumunde-celiski\/#breadcrumb\"},\"inLanguage\":\"fr-BE\",\"potentialAction\":[{\"@type\":\"ReadAction\",\"target\":[\"https:\/\/avrupapress.com\/main\/2026\/09\/03\/belcika-eupende-polis-kursunuyla-olumunde-eupende-polis-kursunuyla-olumunde-celiski\/\"]}]},{\"@type\":\"ImageObject\",\"inLanguage\":\"fr-BE\",\"@id\":\"https:\/\/avrupapress.com\/main\/2026\/09\/03\/belcika-eupende-polis-kursunuyla-olumunde-eupende-polis-kursunuyla-olumunde-celiski\/#primaryimage\",\"url\":\"https:\/\/avrupapress.com\/main\/wp-content\/uploads\/2026\/09\/Screenshot_20260903_121118_Google.jpg\",\"contentUrl\":\"https:\/\/avrupapress.com\/main\/wp-content\/uploads\/2026\/09\/Screenshot_20260903_121118_Google.jpg\",\"width\":1080,\"height\":900},{\"@type\":\"BreadcrumbList\",\"@id\":\"https:\/\/avrupapress.com\/main\/2026\/09\/03\/belcika-eupende-polis-kursunuyla-olumunde-eupende-polis-kursunuyla-olumunde-celiski\/#breadcrumb\",\"itemListElement\":[{\"@type\":\"ListItem\",\"position\":1,\"name\":\"Anasayfa\",\"item\":\"https:\/\/avrupapress.com\/\"},{\"@type\":\"ListItem\",\"position\":2,\"name\":\"BEL\u00c7\u0130KA EUPEN\u2019DE POL\u0130S KUR\u015eUNUYLA \u00d6L\u00dcM\u00dcNDE EUPEN\u2019DE POL\u0130S KUR\u015eUNUYLA \u00d6L\u00dcM\u00dcNDE \u00c7EL\u0130\u015eK\u0130\"}]},{\"@type\":\"WebSite\",\"@id\":\"https:\/\/avrupapress.com\/#website\",\"url\":\"https:\/\/avrupapress.com\/\",\"name\":\"AvrupaPress\",\"description\":\"Haberin Adresi\",\"publisher\":{\"@id\":\"https:\/\/avrupapress.com\/#\/schema\/person\/0223dca19c72c43575bf30d1a2d8f4fa\"},\"potentialAction\":[{\"@type\":\"SearchAction\",\"target\":{\"@type\":\"EntryPoint\",\"urlTemplate\":\"https:\/\/avrupapress.com\/?s={search_term_string}\"},\"query-input\":{\"@type\":\"PropertyValueSpecification\",\"valueRequired\":true,\"valueName\":\"search_term_string\"}}],\"inLanguage\":\"fr-BE\"},{\"@type\":[\"Person\",\"Organization\"],\"@id\":\"https:\/\/avrupapress.com\/#\/schema\/person\/0223dca19c72c43575bf30d1a2d8f4fa\",\"name\":\"Bilgin \u00d6z\u00e7ift\u00e7i\",\"image\":{\"@type\":\"ImageObject\",\"inLanguage\":\"fr-BE\",\"@id\":\"https:\/\/avrupapress.com\/#\/schema\/person\/image\/\",\"url\":\"https:\/\/secure.gravatar.com\/avatar\/0f23b280433a21e1ea7a0adcc46ed0ad16afe3ad8e630fd13d8a017dcbd54ef3?s=96&d=mm&r=g\",\"contentUrl\":\"https:\/\/secure.gravatar.com\/avatar\/0f23b280433a21e1ea7a0adcc46ed0ad16afe3ad8e630fd13d8a017dcbd54ef3?s=96&d=mm&r=g\",\"caption\":\"Bilgin \u00d6z\u00e7ift\u00e7i\"},\"logo\":{\"@id\":\"https:\/\/avrupapress.com\/#\/schema\/person\/image\/\"},\"description\":\"Ne ben, nede sen... Biz ancak \\\"biz\\\" olursak g\u00fc\u00e7l\u00fc olabiliriz\"},{\"@type\":\"Person\",\"@id\":\"https:\/\/avrupapress.com\/#\/schema\/person\/68428444ec60970d1e1b700cf4ca1e8f\",\"name\":\"Edit\u00f6r\",\"image\":{\"@type\":\"ImageObject\",\"inLanguage\":\"fr-BE\",\"@id\":\"https:\/\/avrupapress.com\/#\/schema\/person\/image\/\",\"url\":\"https:\/\/secure.gravatar.com\/avatar\/74996b0977aa5f1559ba9883776652508b229005c0d78fb2597897f0bd651c09?s=96&d=mm&r=g\",\"contentUrl\":\"https:\/\/secure.gravatar.com\/avatar\/74996b0977aa5f1559ba9883776652508b229005c0d78fb2597897f0bd651c09?s=96&d=mm&r=g\",\"caption\":\"Edit\u00f6r\"},\"sameAs\":[\"http:\/\/www.avrupapress.com\"],\"url\":\"https:\/\/avrupapress.com\/main\/author\/editor\/\"}]}<\/script>\n<!-- \/ Yoast SEO plugin. -->","yoast_head_json":{"title":"BEL\u00c7\u0130KA EUPEN\u2019DE POL\u0130S KUR\u015eUNUYLA \u00d6L\u00dcM\u00dcNDE EUPEN\u2019DE POL\u0130S KUR\u015eUNUYLA \u00d6L\u00dcM\u00dcNDE \u00c7EL\u0130\u015eK\u0130 - AvrupaPress","robots":{"index":"index","follow":"follow","max-snippet":"max-snippet:-1","max-image-preview":"max-image-preview:large","max-video-preview":"max-video-preview:-1"},"canonical":"https:\/\/avrupapress.com\/main\/2026\/09\/03\/belcika-eupende-polis-kursunuyla-olumunde-eupende-polis-kursunuyla-olumunde-celiski\/","og_locale":"fr_FR","og_type":"article","og_title":"BEL\u00c7\u0130KA EUPEN\u2019DE POL\u0130S KUR\u015eUNUYLA \u00d6L\u00dcM\u00dcNDE EUPEN\u2019DE POL\u0130S KUR\u015eUNUYLA \u00d6L\u00dcM\u00dcNDE \u00c7EL\u0130\u015eK\u0130 - AvrupaPress","og_description":"Bilgin \u00d6z\u00e7ifci. \/\u00a0 EUPEN Savc\u0131l\u0131k \u201cB\u0131\u00e7akl\u0131 sald\u0131r\u0131\u201d dedi, aile: \u201cB\u0131\u00e7a\u011f\u0131 yoktu!\u201d Bel\u00e7ika\u2019n\u0131n Eupen kentinde 4 \u00e7ocuk babas\u0131 Halit Altun\u2019un polis taraf\u0131ndan vurularak \u00f6ld\u00fcr\u00fclmesiyle ilgili soru\u015fturmada savc\u0131l\u0131k ile ailenin anlat\u0131mlar\u0131 birbirinden tamamen farkl\u0131. 42 ya\u015f\u0131ndaki Altun\u2019un \u00f6l\u00fcm\u00fcne ili\u015fkin adli soru\u015fturman\u0131n yan\u0131 s\u0131ra polis denetim kurumu Comit\u00e9 P de inceleme y\u00fcr\u00fct\u00fcyor. Ger\u00e7ek, soru\u015fturmalar\u0131n sonucuyla ortaya \u00e7\u0131kacak. PARKTAK\u0130 [&hellip;]","og_url":"https:\/\/avrupapress.com\/main\/2026\/09\/03\/belcika-eupende-polis-kursunuyla-olumunde-eupende-polis-kursunuyla-olumunde-celiski\/","og_site_name":"AvrupaPress","article_published_time":"2026-09-03T10:25:49+00:00","article_modified_time":"2026-09-03T10:26:04+00:00","og_image":[{"width":1080,"height":900,"url":"https:\/\/avrupapress.com\/main\/wp-content\/uploads\/2026\/09\/Screenshot_20260903_121118_Google.jpg","type":"image\/jpeg"}],"author":"Edit\u00f6r","twitter_card":"summary_large_image","twitter_misc":{"\u00c9crit par":"Edit\u00f6r","Dur\u00e9e de lecture est.":"5 minutes"},"schema":{"@context":"https:\/\/schema.org","@graph":[{"@type":"Article","@id":"https:\/\/avrupapress.com\/main\/2026\/09\/03\/belcika-eupende-polis-kursunuyla-olumunde-eupende-polis-kursunuyla-olumunde-celiski\/#article","isPartOf":{"@id":"https:\/\/avrupapress.com\/main\/2026\/09\/03\/belcika-eupende-polis-kursunuyla-olumunde-eupende-polis-kursunuyla-olumunde-celiski\/"},"author":{"name":"Edit\u00f6r","@id":"https:\/\/avrupapress.com\/#\/schema\/person\/68428444ec60970d1e1b700cf4ca1e8f"},"headline":"BEL\u00c7\u0130KA EUPEN\u2019DE POL\u0130S KUR\u015eUNUYLA \u00d6L\u00dcM\u00dcNDE EUPEN\u2019DE POL\u0130S KUR\u015eUNUYLA \u00d6L\u00dcM\u00dcNDE \u00c7EL\u0130\u015eK\u0130","datePublished":"2026-09-03T10:25:49+00:00","dateModified":"2026-09-03T10:26:04+00:00","mainEntityOfPage":{"@id":"https:\/\/avrupapress.com\/main\/2026\/09\/03\/belcika-eupende-polis-kursunuyla-olumunde-eupende-polis-kursunuyla-olumunde-celiski\/"},"wordCount":1180,"publisher":{"@id":"https:\/\/avrupapress.com\/#\/schema\/person\/0223dca19c72c43575bf30d1a2d8f4fa"},"image":{"@id":"https:\/\/avrupapress.com\/main\/2026\/09\/03\/belcika-eupende-polis-kursunuyla-olumunde-eupende-polis-kursunuyla-olumunde-celiski\/#primaryimage"},"thumbnailUrl":"https:\/\/avrupapress.com\/main\/wp-content\/uploads\/2026\/09\/Screenshot_20260903_121118_Google.jpg","articleSection":["Avrupa","Bel\u00e7ika","D\u00fcnya","Ekonomi","K\u00fclt\u00fcr-Sanat","Spor","Tan\u0131t\u0131m","T\u00fcrkiye","Uncategorized"],"inLanguage":"fr-BE"},{"@type":"WebPage","@id":"https:\/\/avrupapress.com\/main\/2026\/09\/03\/belcika-eupende-polis-kursunuyla-olumunde-eupende-polis-kursunuyla-olumunde-celiski\/","url":"https:\/\/avrupapress.com\/main\/2026\/09\/03\/belcika-eupende-polis-kursunuyla-olumunde-eupende-polis-kursunuyla-olumunde-celiski\/","name":"BEL\u00c7\u0130KA EUPEN\u2019DE POL\u0130S KUR\u015eUNUYLA \u00d6L\u00dcM\u00dcNDE EUPEN\u2019DE POL\u0130S KUR\u015eUNUYLA \u00d6L\u00dcM\u00dcNDE \u00c7EL\u0130\u015eK\u0130 - AvrupaPress","isPartOf":{"@id":"https:\/\/avrupapress.com\/#website"},"primaryImageOfPage":{"@id":"https:\/\/avrupapress.com\/main\/2026\/09\/03\/belcika-eupende-polis-kursunuyla-olumunde-eupende-polis-kursunuyla-olumunde-celiski\/#primaryimage"},"image":{"@id":"https:\/\/avrupapress.com\/main\/2026\/09\/03\/belcika-eupende-polis-kursunuyla-olumunde-eupende-polis-kursunuyla-olumunde-celiski\/#primaryimage"},"thumbnailUrl":"https:\/\/avrupapress.com\/main\/wp-content\/uploads\/2026\/09\/Screenshot_20260903_121118_Google.jpg","datePublished":"2026-09-03T10:25:49+00:00","dateModified":"2026-09-03T10:26:04+00:00","breadcrumb":{"@id":"https:\/\/avrupapress.com\/main\/2026\/09\/03\/belcika-eupende-polis-kursunuyla-olumunde-eupende-polis-kursunuyla-olumunde-celiski\/#breadcrumb"},"inLanguage":"fr-BE","potentialAction":[{"@type":"ReadAction","target":["https:\/\/avrupapress.com\/main\/2026\/09\/03\/belcika-eupende-polis-kursunuyla-olumunde-eupende-polis-kursunuyla-olumunde-celiski\/"]}]},{"@type":"ImageObject","inLanguage":"fr-BE","@id":"https:\/\/avrupapress.com\/main\/2026\/09\/03\/belcika-eupende-polis-kursunuyla-olumunde-eupende-polis-kursunuyla-olumunde-celiski\/#primaryimage","url":"https:\/\/avrupapress.com\/main\/wp-content\/uploads\/2026\/09\/Screenshot_20260903_121118_Google.jpg","contentUrl":"https:\/\/avrupapress.com\/main\/wp-content\/uploads\/2026\/09\/Screenshot_20260903_121118_Google.jpg","width":1080,"height":900},{"@type":"BreadcrumbList","@id":"https:\/\/avrupapress.com\/main\/2026\/09\/03\/belcika-eupende-polis-kursunuyla-olumunde-eupende-polis-kursunuyla-olumunde-celiski\/#breadcrumb","itemListElement":[{"@type":"ListItem","position":1,"name":"Anasayfa","item":"https:\/\/avrupapress.com\/"},{"@type":"ListItem","position":2,"name":"BEL\u00c7\u0130KA EUPEN\u2019DE POL\u0130S KUR\u015eUNUYLA \u00d6L\u00dcM\u00dcNDE EUPEN\u2019DE POL\u0130S KUR\u015eUNUYLA \u00d6L\u00dcM\u00dcNDE \u00c7EL\u0130\u015eK\u0130"}]},{"@type":"WebSite","@id":"https:\/\/avrupapress.com\/#website","url":"https:\/\/avrupapress.com\/","name":"AvrupaPress","description":"Haberin Adresi","publisher":{"@id":"https:\/\/avrupapress.com\/#\/schema\/person\/0223dca19c72c43575bf30d1a2d8f4fa"},"potentialAction":[{"@type":"SearchAction","target":{"@type":"EntryPoint","urlTemplate":"https:\/\/avrupapress.com\/?s={search_term_string}"},"query-input":{"@type":"PropertyValueSpecification","valueRequired":true,"valueName":"search_term_string"}}],"inLanguage":"fr-BE"},{"@type":["Person","Organization"],"@id":"https:\/\/avrupapress.com\/#\/schema\/person\/0223dca19c72c43575bf30d1a2d8f4fa","name":"Bilgin \u00d6z\u00e7ift\u00e7i","image":{"@type":"ImageObject","inLanguage":"fr-BE","@id":"https:\/\/avrupapress.com\/#\/schema\/person\/image\/","url":"https:\/\/secure.gravatar.com\/avatar\/0f23b280433a21e1ea7a0adcc46ed0ad16afe3ad8e630fd13d8a017dcbd54ef3?s=96&d=mm&r=g","contentUrl":"https:\/\/secure.gravatar.com\/avatar\/0f23b280433a21e1ea7a0adcc46ed0ad16afe3ad8e630fd13d8a017dcbd54ef3?s=96&d=mm&r=g","caption":"Bilgin \u00d6z\u00e7ift\u00e7i"},"logo":{"@id":"https:\/\/avrupapress.com\/#\/schema\/person\/image\/"},"description":"Ne ben, nede sen... Biz ancak \"biz\" olursak g\u00fc\u00e7l\u00fc olabiliriz"},{"@type":"Person","@id":"https:\/\/avrupapress.com\/#\/schema\/person\/68428444ec60970d1e1b700cf4ca1e8f","name":"Edit\u00f6r","image":{"@type":"ImageObject","inLanguage":"fr-BE","@id":"https:\/\/avrupapress.com\/#\/schema\/person\/image\/","url":"https:\/\/secure.gravatar.com\/avatar\/74996b0977aa5f1559ba9883776652508b229005c0d78fb2597897f0bd651c09?s=96&d=mm&r=g","contentUrl":"https:\/\/secure.gravatar.com\/avatar\/74996b0977aa5f1559ba9883776652508b229005c0d78fb2597897f0bd651c09?s=96&d=mm&r=g","caption":"Edit\u00f6r"},"sameAs":["http:\/\/www.avrupapress.com"],"url":"https:\/\/avrupapress.com\/main\/author\/editor\/"}]}},"_links":{"self":[{"href":"https:\/\/avrupapress.com\/main\/wp-json\/wp\/v2\/posts\/36272","targetHints":{"allow":["GET"]}}],"collection":[{"href":"https:\/\/avrupapress.com\/main\/wp-json\/wp\/v2\/posts"}],"about":[{"href":"https:\/\/avrupapress.com\/main\/wp-json\/wp\/v2\/types\/post"}],"author":[{"embeddable":true,"href":"https:\/\/avrupapress.com\/main\/wp-json\/wp\/v2\/users\/3"}],"replies":[{"embeddable":true,"href":"https:\/\/avrupapress.com\/main\/wp-json\/wp\/v2\/comments?post=36272"}],"version-history":[{"count":1,"href":"https:\/\/avrupapress.com\/main\/wp-json\/wp\/v2\/posts\/36272\/revisions"}],"predecessor-version":[{"id":36278,"href":"https:\/\/avrupapress.com\/main\/wp-json\/wp\/v2\/posts\/36272\/revisions\/36278"}],"wp:featuredmedia":[{"embeddable":true,"href":"https:\/\/avrupapress.com\/main\/wp-json\/wp\/v2\/media\/36277"}],"wp:attachment":[{"href":"https:\/\/avrupapress.com\/main\/wp-json\/wp\/v2\/media?parent=36272"}],"wp:term":[{"taxonomy":"category","embeddable":true,"href":"https:\/\/avrupapress.com\/main\/wp-json\/wp\/v2\/categories?post=36272"},{"taxonomy":"post_tag","embeddable":true,"href":"https:\/\/avrupapress.com\/main\/wp-json\/wp\/v2\/tags?post=36272"}],"curies":[{"name":"wp","href":"https:\/\/api.w.org\/{rel}","templated":true}]}}