{"id":36267,"date":"2026-09-02T14:57:50","date_gmt":"2026-09-02T14:57:50","guid":{"rendered":"https:\/\/avrupapress.com\/main\/?p=36267"},"modified":"2026-09-02T14:58:10","modified_gmt":"2026-09-02T14:58:10","slug":"sesimize-kulak-verin","status":"publish","type":"post","link":"https:\/\/avrupapress.com\/main\/2026\/09\/02\/sesimize-kulak-verin\/","title":{"rendered":"SES\u0130M\u0130ZE KULAK VER\u0130N\u2026!!!"},"content":{"rendered":"<ul>\n<li><strong>HABER \/ FOTO\u011eRAF: ERTU\u011eRUL ALTINEL \u2013 B\u0130LG\u0130N \u00d6Z\u00c7\u0130FT\u00c7\u0130 \u2013 AVRUPA PRESS &#8211; BEL\u00c7\u0130KA<\/strong><br \/>\n\u00dclkemiz genelinde yakla\u015f\u0131k 3.500 civar\u0131nda \u00f6zel e\u011fitim ve rehabilitasyon merkezi bulunmakta olup, yakla\u015f\u0131k 605.000 civar\u0131nda \u00f6zel gereksinimli bireye, 60.000\u2019e yak\u0131n personel ile destek e\u011fitimi verilmeye \u00e7al\u0131\u015f\u0131lmaktad\u0131r.<br \/>\nRehabilitasyon merkezlerinden de \u015fu ana kadar yakla\u015f\u0131k 1.000.000 \u00f6zel gereksinimli birey destek e\u011fitim hizmeti alm\u0131\u015f olup, hayat\u0131n i\u00e7ine kar\u0131\u015fm\u0131\u015flard\u0131r.<br \/>\nSon 15 y\u0131ldan bu yana gelir-gider dengesi bozulmu\u015f, g\u00fcn\u00fcm\u00fczde art\u0131k sekt\u00f6r maliyetleri kar\u015f\u0131layamayacak hale gelmi\u015ftir.<br \/>\nKamu, devletin s\u0131rt\u0131na y\u00fck olarak g\u00f6rd\u00fc\u011f\u00fc sekt\u00f6re gerekli deste\u011fi vermeyerek gider ve b\u00fct\u00e7eye y\u00fck mant\u0131\u011f\u0131 ile yakla\u015fm\u0131\u015f ve b\u00fct\u00e7e anlam\u0131nda zaman\u0131n \u015fartlar\u0131na uygun \u00f6denek art\u0131\u015f\u0131 sa\u011flanmam\u0131\u015ft\u0131r. Artan maliyetler kar\u015f\u0131s\u0131nda rehabilitasyon merkezlerinin ayakta kalma \u015fans\u0131 ortadan kalkm\u0131\u015ft\u0131r. Say\u0131sal de\u011ferler ortadad\u0131r, aksini iddia eden kalemi, defteri eline als\u0131n hesaplas\u0131n.<br \/>\nHizmet sekt\u00f6r\u00fc olan \u00f6zel e\u011fitim ve rehabilitasyon merkezlerinin en b\u00fcy\u00fck gider kalemi personel gideri olup, s\u0131ras\u0131yla kira, akaryak\u0131t, \u0131s\u0131nma ve k\u0131rtasiye masraflar\u0131d\u0131r.<br \/>\n2026 y\u0131l\u0131n\u0131n ortalar\u0131na gelindi\u011finde, kurumlar\u0131n b\u00fcy\u00fckl\u00fc\u011f\u00fcne g\u00f6re her bir kurumun ayl\u0131k bazda ortalama 150.000 Tl. ile 250.000 Tl. zarar etti\u011fi g\u00f6zler \u00f6n\u00fcndeki bir ger\u00e7ektir.<br \/>\nDevletin b\u00fct\u00e7e anlam\u0131nda gerekli deste\u011fi vermemesi sebebiyle, sekt\u00f6rde \u00e7al\u0131\u015fan \u00f6\u011fretmenlerimiz de hak etmi\u015f olduklar\u0131 \u00fccretleri alamamaktad\u0131rlar, i\u015f s\u00f6zle\u015fmeleri imzalan\u0131rken, teklif edilen \u00fccretler sebebiyle kurum sahipleri gerek\u00e7elerini anlatmakta zorlanmaktad\u0131rlar.<br \/>\n10\/15 y\u0131l \u00f6nce kamuda \u00e7al\u0131\u015fan \u00f6\u011fretmenlerden y\u00fcksek \u00fccret alan kurum \u00f6\u011fretmenleri bu g\u00fcn kamudaki \u00f6\u011fretmenlerin alm\u0131\u015f olduklar\u0131 \u00fccretin neredeyse yar\u0131s\u0131 veya asgari \u00fccrete kom\u015fu \u00fccretlerle \u00e7al\u0131\u015fmak zorunda kalmaktad\u0131rlar.<br \/>\nY\u0131llard\u0131r Milli E\u011fitim Bakanl\u0131\u011f\u0131 ile Hazine ve Maliye Bakanl\u0131\u011f\u0131n\u0131n rehabilitasyon merkezlerinde zorunlu hale getirmek istedi\u011fi, y\u00fcz tan\u0131ma esas\u0131na dayal\u0131 devam kontrol sistemleri uzun u\u011fra\u015flardan sonra nihayet 2026 y\u0131l\u0131n\u0131n Haziran ay\u0131 itibar\u0131yla y\u00fcr\u00fcrl\u00fc\u011fe girmi\u015ftir. Bu uygulama sepetteki \u00e7\u00fcr\u00fck elmalar\u0131n a\u00e7\u0131\u011fa \u00e7\u0131kmas\u0131 i\u00e7in b\u00fcy\u00fck ve \u00f6nemli bir projedir. Ger\u00e7ek manada i\u015fini yapan rehabilitasyon merkezleri i\u00e7in de\u011fi\u015fen bir \u015fey olmayacakt\u0131r. \u0130\u011fneyi kendimize, \u00e7uvald\u0131z\u0131 da kar\u015f\u0131m\u0131zdakine bat\u0131rmak gerekirse, bahis konusu bu sistemle geriye d\u00f6n\u00fck olarak kimin ne yapt\u0131\u011f\u0131n\u0131n da g\u00f6zler \u00f6n\u00fcne serilece\u011fi bir kar\u015f\u0131la\u015ft\u0131rma imkan\u0131 da kamunun elinde mevcuttur.<br \/>\n\u00d6zel e\u011fitim ve rehabilitasyon merkezleri \u00f6yle kurulu\u015flard\u0131r ki ne vermi\u015f olduklar\u0131 e\u011fitimin \u00fccretlendirmesinde ne de maliyet girdilerindeki kalemlerin fiyatland\u0131rmalar\u0131nda en k\u00fc\u00e7\u00fck bir dahli ve yetkisi bulunmamaktad\u0131r. Kurumlar\u0131n vermi\u015f olduklar\u0131 seans \u00fccretini, \u00e7al\u0131\u015fana \u00f6denecek \u00fccret art\u0131\u015flar\u0131nda baz al\u0131nan asgari \u00fccretin, servislerde kullan\u0131lan akaryak\u0131t\u0131n, elektri\u011fin, suyun, do\u011falgaz\u0131n, kira art\u0131\u015f oranlar\u0131n\u0131n tamam\u0131n\u0131 kamu belirlemekte olup, kurumlar\u0131n fiyat belirleme \u015fans\u0131 ve imkan\u0131 bulunmamaktad\u0131r. B\u00fct\u00fcn bu bile\u015fenleri kamu belirleyip, sonras\u0131nda da sen bu i\u015fi s\u00fcrd\u00fcr demektedir Kamu.<br \/>\nDi\u011fer \u00f6zel e\u011fitim kurumlar\u0131na verilen asgari ve azami \u00fccret tespit etme hakk\u0131 da yoktur \u00d6zel E\u011fitim ve Rehabilitasyon Merkezlerinin. Di\u011fer \u00f6zel e\u011fitim kurumlar\u0131 gibi servis \u00fccreti, kitap paras\u0131 vb. bir \u015feyler talep etme hakk\u0131 da yoktur kurumlar\u0131n. Kamu taraf\u0131ndan belirlenen 968,50 Tl.l\u0131k seans \u00fccreti ile, \u00e7ocu\u011fu evinden al\u0131p, derse sokacaks\u0131n, evine b\u0131rakacaks\u0131n, bu hizmet i\u00e7in, servisin olacak, \u015fof\u00f6r\u00fcn olacak, servis g\u00f6revlin olacak, \u00f6\u011fretmenin olacak ve siz b\u00fct\u00fcn bu giderleri seans ba\u015f\u0131na ald\u0131\u011f\u0131n\u0131z 968,50 Tl. ile kar\u015f\u0131layacaks\u0131n\u0131z.<br \/>\nYap\u0131lan hesaplamalara g\u00f6re, orta \u00f6l\u00e7ekli bir Rehabilitasyon merkezi seans ba\u015f\u0131na bir \u00f6\u011frenciden 60.- Tl. ile 80.- Tl. aras\u0131nda zarar eder hale gelmi\u015ftir. S\u00fcrd\u00fcr\u00fclebilir bir durum de\u011fildir bu.<br \/>\nBu \u015fartlarda tamam\u0131yla kamunun kontrol\u00fcnde y\u00fcr\u00fct\u00fclen hizmetlerin devam\u0131 i\u00e7in, belirlenecek seans \u00fccretlerinin iyile\u015ftirilmesi ile ilave iyile\u015ftirmelerden ba\u015fka alternatif bulunmamaktad\u0131r.<br \/>\nHakk\u0131yla bu i\u015fi yapan kurumlar olarak, bizler devletin s\u0131rt\u0131nda bir y\u00fck de\u011filiz, ancak 2025 y\u0131l\u0131nda verilen s\u00f6zlerin tutulmas\u0131n\u0131, bu \u00e7er\u00e7evede y\u00fcz tan\u0131ma sistemi ile yap\u0131lacak b\u00fct\u00e7e tasarrufunun, yap\u0131lacak \u00fccret art\u0131\u015flar\u0131na ilave olarak, 2027 y\u0131l\u0131 b\u00fct\u00e7esine konulacak e\u011fitim \u00fccretleri \u00f6deneklerine yans\u0131t\u0131lmas\u0131n\u0131, kamunun bak\u0131\u015f a\u00e7\u0131s\u0131n\u0131n de\u011fi\u015fmesini talep etmekteyiz.<br \/>\nAksi halde, \u00f6zel e\u011fitim ve rehabilitasyon merkezlerinin b\u00fcy\u00fck bir k\u0131sm\u0131 kapanmak mecburiyetinde kalacak olup, kurumlarda e\u011fitim g\u00f6ren yakla\u015f\u0131k 600.000 \u00e7ocu\u011fun b\u00fcy\u00fck bir k\u0131sm\u0131 a\u00e7\u0131kta kalacak ve e\u011fitim haklar\u0131ndan yoksun kalacakt\u0131r. Di\u011fer taraftan yakla\u015f\u0131k 60.000 ki\u015fiye istihdam sa\u011flayan kurulu\u015flar\u0131n kapanmas\u0131yla b\u00fcy\u00fck bir oranda \u00e7al\u0131\u015fan i\u015fsiz kalacakt\u0131r. Olu\u015fabilecek bu durum sosyal devlet anlay\u0131\u015f\u0131na yak\u0131\u015fmayan bir sonucu do\u011furacakt\u0131r.<br \/>\n\u0130stenmeyen bu durumlar\u0131n ger\u00e7ekle\u015fmemesi i\u00e7in Kamu taraf\u0131ndan gereken tedbirlerin al\u0131nmas\u0131 art\u0131k bir zaruret halini alm\u0131\u015ft\u0131r.<br \/>\nBizler hal-i p\u00fcr mealimizi arz ettik, bizden s\u00f6ylemesi\u2026<br \/>\n\u00d6ZEL GEREKS\u0130N\u0130ML\u0130 VE DEZAVANTAJLI GURUPLAR SOSYAL, K\u00dcLT\u00dcR, E\u011e\u0130T\u0130M, UYGULAMA, ARA\u015eTIRMA, YARDIMLA\u015eMA VE KORUMA DERNE\u011e\u0130<br \/>\nNEMETT\u0130N BA\u015eKUT<br \/>\nHECE AKADEM\u0130 REHAB\u0130L\u0130TASYON MERKEZ\u0130<br \/>\n<strong>HABER \/ FOTO\u011eRAF: ERTU\u011eRUL ALTINEL \u2013 B\u0130LG\u0130N \u00d6Z\u00c7\u0130FT\u00c7\u0130 \u2013 AVRUPA PRESS &#8211; BEL\u00c7\u0130KA<\/strong><\/li>\n<\/ul>\n","protected":false},"excerpt":{"rendered":"<p>HABER \/ FOTO\u011eRAF: ERTU\u011eRUL ALTINEL \u2013 B\u0130LG\u0130N \u00d6Z\u00c7\u0130FT\u00c7\u0130 \u2013 AVRUPA PRESS &#8211; BEL\u00c7\u0130KA \u00dclkemiz genelinde yakla\u015f\u0131k 3.500 civar\u0131nda \u00f6zel e\u011fitim ve rehabilitasyon merkezi bulunmakta olup, yakla\u015f\u0131k 605.000 civar\u0131nda \u00f6zel gereksinimli bireye, 60.000\u2019e yak\u0131n personel ile destek e\u011fitimi verilmeye \u00e7al\u0131\u015f\u0131lmaktad\u0131r. Rehabilitasyon merkezlerinden de \u015fu ana kadar yakla\u015f\u0131k 1.000.000 \u00f6zel gereksinimli birey destek e\u011fitim hizmeti alm\u0131\u015f olup, [&hellip;]<\/p>\n","protected":false},"author":3,"featured_media":36268,"comment_status":"closed","ping_status":"open","sticky":false,"template":"","format":"standard","meta":{"footnotes":""},"categories":[14,16,3,17,18,15,19,2,1],"tags":[],"class_list":["post-36267","post","type-post","status-publish","format-standard","has-post-thumbnail","hentry","category-avrupa","category-belcika","category-dunya","category-ekonomi","category-kultur-sanat","category-spor","category-tanitim","category-turkiye","category-uncategorized"],"yoast_head":"<!-- This site is optimized with the Yoast SEO plugin v26.9 - https:\/\/yoast.com\/product\/yoast-seo-wordpress\/ -->\n<title>SES\u0130M\u0130ZE KULAK VER\u0130N\u2026!!! - AvrupaPress<\/title>\n<meta name=\"robots\" content=\"index, follow, max-snippet:-1, max-image-preview:large, max-video-preview:-1\" \/>\n<link rel=\"canonical\" href=\"https:\/\/avrupapress.com\/main\/2026\/09\/02\/sesimize-kulak-verin\/\" \/>\n<meta property=\"og:locale\" content=\"fr_FR\" \/>\n<meta property=\"og:type\" content=\"article\" \/>\n<meta property=\"og:title\" content=\"SES\u0130M\u0130ZE KULAK VER\u0130N\u2026!!! - AvrupaPress\" \/>\n<meta property=\"og:description\" content=\"HABER \/ FOTO\u011eRAF: ERTU\u011eRUL ALTINEL \u2013 B\u0130LG\u0130N \u00d6Z\u00c7\u0130FT\u00c7\u0130 \u2013 AVRUPA PRESS &#8211; BEL\u00c7\u0130KA \u00dclkemiz genelinde yakla\u015f\u0131k 3.500 civar\u0131nda \u00f6zel e\u011fitim ve rehabilitasyon merkezi bulunmakta olup, yakla\u015f\u0131k 605.000 civar\u0131nda \u00f6zel gereksinimli bireye, 60.000\u2019e yak\u0131n personel ile destek e\u011fitimi verilmeye \u00e7al\u0131\u015f\u0131lmaktad\u0131r. Rehabilitasyon merkezlerinden de \u015fu ana kadar yakla\u015f\u0131k 1.000.000 \u00f6zel gereksinimli birey destek e\u011fitim hizmeti alm\u0131\u015f olup, [&hellip;]\" \/>\n<meta property=\"og:url\" content=\"https:\/\/avrupapress.com\/main\/2026\/09\/02\/sesimize-kulak-verin\/\" \/>\n<meta property=\"og:site_name\" content=\"AvrupaPress\" \/>\n<meta property=\"article:published_time\" content=\"2026-09-02T14:57:50+00:00\" \/>\n<meta property=\"article:modified_time\" content=\"2026-09-02T14:58:10+00:00\" \/>\n<meta property=\"og:image\" content=\"https:\/\/avrupapress.com\/main\/wp-content\/uploads\/2026\/09\/Screenshot_20260902_165315_WhatsApp.jpg\" \/>\n\t<meta property=\"og:image:width\" content=\"1080\" \/>\n\t<meta property=\"og:image:height\" content=\"1010\" \/>\n\t<meta property=\"og:image:type\" content=\"image\/jpeg\" \/>\n<meta name=\"author\" content=\"Edit\u00f6r\" \/>\n<meta name=\"twitter:card\" content=\"summary_large_image\" \/>\n<meta name=\"twitter:label1\" content=\"\u00c9crit par\" \/>\n\t<meta name=\"twitter:data1\" content=\"Edit\u00f6r\" \/>\n\t<meta name=\"twitter:label2\" content=\"Dur\u00e9e de lecture est.\" \/>\n\t<meta name=\"twitter:data2\" content=\"4 minutes\" \/>\n<script type=\"application\/ld+json\" class=\"yoast-schema-graph\">{\"@context\":\"https:\/\/schema.org\",\"@graph\":[{\"@type\":\"Article\",\"@id\":\"https:\/\/avrupapress.com\/main\/2026\/09\/02\/sesimize-kulak-verin\/#article\",\"isPartOf\":{\"@id\":\"https:\/\/avrupapress.com\/main\/2026\/09\/02\/sesimize-kulak-verin\/\"},\"author\":{\"name\":\"Edit\u00f6r\",\"@id\":\"https:\/\/avrupapress.com\/#\/schema\/person\/68428444ec60970d1e1b700cf4ca1e8f\"},\"headline\":\"SES\u0130M\u0130ZE KULAK VER\u0130N\u2026!!!\",\"datePublished\":\"2026-09-02T14:57:50+00:00\",\"dateModified\":\"2026-09-02T14:58:10+00:00\",\"mainEntityOfPage\":{\"@id\":\"https:\/\/avrupapress.com\/main\/2026\/09\/02\/sesimize-kulak-verin\/\"},\"wordCount\":961,\"publisher\":{\"@id\":\"https:\/\/avrupapress.com\/#\/schema\/person\/0223dca19c72c43575bf30d1a2d8f4fa\"},\"image\":{\"@id\":\"https:\/\/avrupapress.com\/main\/2026\/09\/02\/sesimize-kulak-verin\/#primaryimage\"},\"thumbnailUrl\":\"https:\/\/avrupapress.com\/main\/wp-content\/uploads\/2026\/09\/Screenshot_20260902_165315_WhatsApp.jpg\",\"articleSection\":[\"Avrupa\",\"Bel\u00e7ika\",\"D\u00fcnya\",\"Ekonomi\",\"K\u00fclt\u00fcr-Sanat\",\"Spor\",\"Tan\u0131t\u0131m\",\"T\u00fcrkiye\",\"Uncategorized\"],\"inLanguage\":\"fr-BE\"},{\"@type\":\"WebPage\",\"@id\":\"https:\/\/avrupapress.com\/main\/2026\/09\/02\/sesimize-kulak-verin\/\",\"url\":\"https:\/\/avrupapress.com\/main\/2026\/09\/02\/sesimize-kulak-verin\/\",\"name\":\"SES\u0130M\u0130ZE KULAK VER\u0130N\u2026!!! - AvrupaPress\",\"isPartOf\":{\"@id\":\"https:\/\/avrupapress.com\/#website\"},\"primaryImageOfPage\":{\"@id\":\"https:\/\/avrupapress.com\/main\/2026\/09\/02\/sesimize-kulak-verin\/#primaryimage\"},\"image\":{\"@id\":\"https:\/\/avrupapress.com\/main\/2026\/09\/02\/sesimize-kulak-verin\/#primaryimage\"},\"thumbnailUrl\":\"https:\/\/avrupapress.com\/main\/wp-content\/uploads\/2026\/09\/Screenshot_20260902_165315_WhatsApp.jpg\",\"datePublished\":\"2026-09-02T14:57:50+00:00\",\"dateModified\":\"2026-09-02T14:58:10+00:00\",\"breadcrumb\":{\"@id\":\"https:\/\/avrupapress.com\/main\/2026\/09\/02\/sesimize-kulak-verin\/#breadcrumb\"},\"inLanguage\":\"fr-BE\",\"potentialAction\":[{\"@type\":\"ReadAction\",\"target\":[\"https:\/\/avrupapress.com\/main\/2026\/09\/02\/sesimize-kulak-verin\/\"]}]},{\"@type\":\"ImageObject\",\"inLanguage\":\"fr-BE\",\"@id\":\"https:\/\/avrupapress.com\/main\/2026\/09\/02\/sesimize-kulak-verin\/#primaryimage\",\"url\":\"https:\/\/avrupapress.com\/main\/wp-content\/uploads\/2026\/09\/Screenshot_20260902_165315_WhatsApp.jpg\",\"contentUrl\":\"https:\/\/avrupapress.com\/main\/wp-content\/uploads\/2026\/09\/Screenshot_20260902_165315_WhatsApp.jpg\",\"width\":1080,\"height\":1010},{\"@type\":\"BreadcrumbList\",\"@id\":\"https:\/\/avrupapress.com\/main\/2026\/09\/02\/sesimize-kulak-verin\/#breadcrumb\",\"itemListElement\":[{\"@type\":\"ListItem\",\"position\":1,\"name\":\"Anasayfa\",\"item\":\"https:\/\/avrupapress.com\/\"},{\"@type\":\"ListItem\",\"position\":2,\"name\":\"SES\u0130M\u0130ZE KULAK VER\u0130N\u2026!!!\"}]},{\"@type\":\"WebSite\",\"@id\":\"https:\/\/avrupapress.com\/#website\",\"url\":\"https:\/\/avrupapress.com\/\",\"name\":\"AvrupaPress\",\"description\":\"Haberin Adresi\",\"publisher\":{\"@id\":\"https:\/\/avrupapress.com\/#\/schema\/person\/0223dca19c72c43575bf30d1a2d8f4fa\"},\"potentialAction\":[{\"@type\":\"SearchAction\",\"target\":{\"@type\":\"EntryPoint\",\"urlTemplate\":\"https:\/\/avrupapress.com\/?s={search_term_string}\"},\"query-input\":{\"@type\":\"PropertyValueSpecification\",\"valueRequired\":true,\"valueName\":\"search_term_string\"}}],\"inLanguage\":\"fr-BE\"},{\"@type\":[\"Person\",\"Organization\"],\"@id\":\"https:\/\/avrupapress.com\/#\/schema\/person\/0223dca19c72c43575bf30d1a2d8f4fa\",\"name\":\"Bilgin \u00d6z\u00e7ift\u00e7i\",\"image\":{\"@type\":\"ImageObject\",\"inLanguage\":\"fr-BE\",\"@id\":\"https:\/\/avrupapress.com\/#\/schema\/person\/image\/\",\"url\":\"https:\/\/secure.gravatar.com\/avatar\/0f23b280433a21e1ea7a0adcc46ed0ad16afe3ad8e630fd13d8a017dcbd54ef3?s=96&d=mm&r=g\",\"contentUrl\":\"https:\/\/secure.gravatar.com\/avatar\/0f23b280433a21e1ea7a0adcc46ed0ad16afe3ad8e630fd13d8a017dcbd54ef3?s=96&d=mm&r=g\",\"caption\":\"Bilgin \u00d6z\u00e7ift\u00e7i\"},\"logo\":{\"@id\":\"https:\/\/avrupapress.com\/#\/schema\/person\/image\/\"},\"description\":\"Ne ben, nede sen... Biz ancak \\\"biz\\\" olursak g\u00fc\u00e7l\u00fc olabiliriz\"},{\"@type\":\"Person\",\"@id\":\"https:\/\/avrupapress.com\/#\/schema\/person\/68428444ec60970d1e1b700cf4ca1e8f\",\"name\":\"Edit\u00f6r\",\"image\":{\"@type\":\"ImageObject\",\"inLanguage\":\"fr-BE\",\"@id\":\"https:\/\/avrupapress.com\/#\/schema\/person\/image\/\",\"url\":\"https:\/\/secure.gravatar.com\/avatar\/74996b0977aa5f1559ba9883776652508b229005c0d78fb2597897f0bd651c09?s=96&d=mm&r=g\",\"contentUrl\":\"https:\/\/secure.gravatar.com\/avatar\/74996b0977aa5f1559ba9883776652508b229005c0d78fb2597897f0bd651c09?s=96&d=mm&r=g\",\"caption\":\"Edit\u00f6r\"},\"sameAs\":[\"http:\/\/www.avrupapress.com\"],\"url\":\"https:\/\/avrupapress.com\/main\/author\/editor\/\"}]}<\/script>\n<!-- \/ Yoast SEO plugin. -->","yoast_head_json":{"title":"SES\u0130M\u0130ZE KULAK VER\u0130N\u2026!!! - AvrupaPress","robots":{"index":"index","follow":"follow","max-snippet":"max-snippet:-1","max-image-preview":"max-image-preview:large","max-video-preview":"max-video-preview:-1"},"canonical":"https:\/\/avrupapress.com\/main\/2026\/09\/02\/sesimize-kulak-verin\/","og_locale":"fr_FR","og_type":"article","og_title":"SES\u0130M\u0130ZE KULAK VER\u0130N\u2026!!! - AvrupaPress","og_description":"HABER \/ FOTO\u011eRAF: ERTU\u011eRUL ALTINEL \u2013 B\u0130LG\u0130N \u00d6Z\u00c7\u0130FT\u00c7\u0130 \u2013 AVRUPA PRESS &#8211; BEL\u00c7\u0130KA \u00dclkemiz genelinde yakla\u015f\u0131k 3.500 civar\u0131nda \u00f6zel e\u011fitim ve rehabilitasyon merkezi bulunmakta olup, yakla\u015f\u0131k 605.000 civar\u0131nda \u00f6zel gereksinimli bireye, 60.000\u2019e yak\u0131n personel ile destek e\u011fitimi verilmeye \u00e7al\u0131\u015f\u0131lmaktad\u0131r. Rehabilitasyon merkezlerinden de \u015fu ana kadar yakla\u015f\u0131k 1.000.000 \u00f6zel gereksinimli birey destek e\u011fitim hizmeti alm\u0131\u015f olup, [&hellip;]","og_url":"https:\/\/avrupapress.com\/main\/2026\/09\/02\/sesimize-kulak-verin\/","og_site_name":"AvrupaPress","article_published_time":"2026-09-02T14:57:50+00:00","article_modified_time":"2026-09-02T14:58:10+00:00","og_image":[{"width":1080,"height":1010,"url":"https:\/\/avrupapress.com\/main\/wp-content\/uploads\/2026\/09\/Screenshot_20260902_165315_WhatsApp.jpg","type":"image\/jpeg"}],"author":"Edit\u00f6r","twitter_card":"summary_large_image","twitter_misc":{"\u00c9crit par":"Edit\u00f6r","Dur\u00e9e de lecture est.":"4 minutes"},"schema":{"@context":"https:\/\/schema.org","@graph":[{"@type":"Article","@id":"https:\/\/avrupapress.com\/main\/2026\/09\/02\/sesimize-kulak-verin\/#article","isPartOf":{"@id":"https:\/\/avrupapress.com\/main\/2026\/09\/02\/sesimize-kulak-verin\/"},"author":{"name":"Edit\u00f6r","@id":"https:\/\/avrupapress.com\/#\/schema\/person\/68428444ec60970d1e1b700cf4ca1e8f"},"headline":"SES\u0130M\u0130ZE KULAK VER\u0130N\u2026!!!","datePublished":"2026-09-02T14:57:50+00:00","dateModified":"2026-09-02T14:58:10+00:00","mainEntityOfPage":{"@id":"https:\/\/avrupapress.com\/main\/2026\/09\/02\/sesimize-kulak-verin\/"},"wordCount":961,"publisher":{"@id":"https:\/\/avrupapress.com\/#\/schema\/person\/0223dca19c72c43575bf30d1a2d8f4fa"},"image":{"@id":"https:\/\/avrupapress.com\/main\/2026\/09\/02\/sesimize-kulak-verin\/#primaryimage"},"thumbnailUrl":"https:\/\/avrupapress.com\/main\/wp-content\/uploads\/2026\/09\/Screenshot_20260902_165315_WhatsApp.jpg","articleSection":["Avrupa","Bel\u00e7ika","D\u00fcnya","Ekonomi","K\u00fclt\u00fcr-Sanat","Spor","Tan\u0131t\u0131m","T\u00fcrkiye","Uncategorized"],"inLanguage":"fr-BE"},{"@type":"WebPage","@id":"https:\/\/avrupapress.com\/main\/2026\/09\/02\/sesimize-kulak-verin\/","url":"https:\/\/avrupapress.com\/main\/2026\/09\/02\/sesimize-kulak-verin\/","name":"SES\u0130M\u0130ZE KULAK VER\u0130N\u2026!!! - AvrupaPress","isPartOf":{"@id":"https:\/\/avrupapress.com\/#website"},"primaryImageOfPage":{"@id":"https:\/\/avrupapress.com\/main\/2026\/09\/02\/sesimize-kulak-verin\/#primaryimage"},"image":{"@id":"https:\/\/avrupapress.com\/main\/2026\/09\/02\/sesimize-kulak-verin\/#primaryimage"},"thumbnailUrl":"https:\/\/avrupapress.com\/main\/wp-content\/uploads\/2026\/09\/Screenshot_20260902_165315_WhatsApp.jpg","datePublished":"2026-09-02T14:57:50+00:00","dateModified":"2026-09-02T14:58:10+00:00","breadcrumb":{"@id":"https:\/\/avrupapress.com\/main\/2026\/09\/02\/sesimize-kulak-verin\/#breadcrumb"},"inLanguage":"fr-BE","potentialAction":[{"@type":"ReadAction","target":["https:\/\/avrupapress.com\/main\/2026\/09\/02\/sesimize-kulak-verin\/"]}]},{"@type":"ImageObject","inLanguage":"fr-BE","@id":"https:\/\/avrupapress.com\/main\/2026\/09\/02\/sesimize-kulak-verin\/#primaryimage","url":"https:\/\/avrupapress.com\/main\/wp-content\/uploads\/2026\/09\/Screenshot_20260902_165315_WhatsApp.jpg","contentUrl":"https:\/\/avrupapress.com\/main\/wp-content\/uploads\/2026\/09\/Screenshot_20260902_165315_WhatsApp.jpg","width":1080,"height":1010},{"@type":"BreadcrumbList","@id":"https:\/\/avrupapress.com\/main\/2026\/09\/02\/sesimize-kulak-verin\/#breadcrumb","itemListElement":[{"@type":"ListItem","position":1,"name":"Anasayfa","item":"https:\/\/avrupapress.com\/"},{"@type":"ListItem","position":2,"name":"SES\u0130M\u0130ZE KULAK VER\u0130N\u2026!!!"}]},{"@type":"WebSite","@id":"https:\/\/avrupapress.com\/#website","url":"https:\/\/avrupapress.com\/","name":"AvrupaPress","description":"Haberin Adresi","publisher":{"@id":"https:\/\/avrupapress.com\/#\/schema\/person\/0223dca19c72c43575bf30d1a2d8f4fa"},"potentialAction":[{"@type":"SearchAction","target":{"@type":"EntryPoint","urlTemplate":"https:\/\/avrupapress.com\/?s={search_term_string}"},"query-input":{"@type":"PropertyValueSpecification","valueRequired":true,"valueName":"search_term_string"}}],"inLanguage":"fr-BE"},{"@type":["Person","Organization"],"@id":"https:\/\/avrupapress.com\/#\/schema\/person\/0223dca19c72c43575bf30d1a2d8f4fa","name":"Bilgin \u00d6z\u00e7ift\u00e7i","image":{"@type":"ImageObject","inLanguage":"fr-BE","@id":"https:\/\/avrupapress.com\/#\/schema\/person\/image\/","url":"https:\/\/secure.gravatar.com\/avatar\/0f23b280433a21e1ea7a0adcc46ed0ad16afe3ad8e630fd13d8a017dcbd54ef3?s=96&d=mm&r=g","contentUrl":"https:\/\/secure.gravatar.com\/avatar\/0f23b280433a21e1ea7a0adcc46ed0ad16afe3ad8e630fd13d8a017dcbd54ef3?s=96&d=mm&r=g","caption":"Bilgin \u00d6z\u00e7ift\u00e7i"},"logo":{"@id":"https:\/\/avrupapress.com\/#\/schema\/person\/image\/"},"description":"Ne ben, nede sen... Biz ancak \"biz\" olursak g\u00fc\u00e7l\u00fc olabiliriz"},{"@type":"Person","@id":"https:\/\/avrupapress.com\/#\/schema\/person\/68428444ec60970d1e1b700cf4ca1e8f","name":"Edit\u00f6r","image":{"@type":"ImageObject","inLanguage":"fr-BE","@id":"https:\/\/avrupapress.com\/#\/schema\/person\/image\/","url":"https:\/\/secure.gravatar.com\/avatar\/74996b0977aa5f1559ba9883776652508b229005c0d78fb2597897f0bd651c09?s=96&d=mm&r=g","contentUrl":"https:\/\/secure.gravatar.com\/avatar\/74996b0977aa5f1559ba9883776652508b229005c0d78fb2597897f0bd651c09?s=96&d=mm&r=g","caption":"Edit\u00f6r"},"sameAs":["http:\/\/www.avrupapress.com"],"url":"https:\/\/avrupapress.com\/main\/author\/editor\/"}]}},"_links":{"self":[{"href":"https:\/\/avrupapress.com\/main\/wp-json\/wp\/v2\/posts\/36267","targetHints":{"allow":["GET"]}}],"collection":[{"href":"https:\/\/avrupapress.com\/main\/wp-json\/wp\/v2\/posts"}],"about":[{"href":"https:\/\/avrupapress.com\/main\/wp-json\/wp\/v2\/types\/post"}],"author":[{"embeddable":true,"href":"https:\/\/avrupapress.com\/main\/wp-json\/wp\/v2\/users\/3"}],"replies":[{"embeddable":true,"href":"https:\/\/avrupapress.com\/main\/wp-json\/wp\/v2\/comments?post=36267"}],"version-history":[{"count":1,"href":"https:\/\/avrupapress.com\/main\/wp-json\/wp\/v2\/posts\/36267\/revisions"}],"predecessor-version":[{"id":36269,"href":"https:\/\/avrupapress.com\/main\/wp-json\/wp\/v2\/posts\/36267\/revisions\/36269"}],"wp:featuredmedia":[{"embeddable":true,"href":"https:\/\/avrupapress.com\/main\/wp-json\/wp\/v2\/media\/36268"}],"wp:attachment":[{"href":"https:\/\/avrupapress.com\/main\/wp-json\/wp\/v2\/media?parent=36267"}],"wp:term":[{"taxonomy":"category","embeddable":true,"href":"https:\/\/avrupapress.com\/main\/wp-json\/wp\/v2\/categories?post=36267"},{"taxonomy":"post_tag","embeddable":true,"href":"https:\/\/avrupapress.com\/main\/wp-json\/wp\/v2\/tags?post=36267"}],"curies":[{"name":"wp","href":"https:\/\/api.w.org\/{rel}","templated":true}]}}