{"id":36264,"date":"2026-09-02T14:45:58","date_gmt":"2026-09-02T14:45:58","guid":{"rendered":"https:\/\/avrupapress.com\/main\/?p=36264"},"modified":"2026-09-02T14:46:15","modified_gmt":"2026-09-02T14:46:15","slug":"eskisehirde-mesk-gecesi-izleyicilerden-tam-not-aldi","status":"publish","type":"post","link":"https:\/\/avrupapress.com\/main\/2026\/09\/02\/eskisehirde-mesk-gecesi-izleyicilerden-tam-not-aldi\/","title":{"rendered":"Eski\u015fehir\u2019de \u2018Me\u015fk Gecesi\u2019 izleyicilerden tam not ald\u0131"},"content":{"rendered":"<p>&nbsp;<\/p>\n<p><strong>HABER \/ FOTO\u011eRAF: ERTU\u011eRUL ALTINEL \u2013 B\u0130LG\u0130N \u00d6Z\u00c7\u0130FT\u00c7\u0130 \u2013 AVRUPA PRESS \u2013 BEL\u00c7\u0130KA<\/strong>.<\/p>\n<p>ESK\u0130\u015eEH\u0130R (\u0130HA) &#8211; Eski\u015fehir\u2019de bir mek\u00e2n da d\u00fczenlenen \u2018Me\u015fk Gecesi\u2019 izleyicilerden tam not ald\u0131.<\/p>\n<p>Eski\u015fehir Sultanlar Zeybek Ekibi\u2019nin d\u00fczenledi\u011fi \u2018Me\u015fk Gecesi\u2019 program\u0131n\u0131 izleyiciler zaman zaman ayakta alk\u0131\u015flad\u0131lar. \u2018Me\u015fk Gecesi\u2019ne: Eski\u015fehir T\u00fcrk Halk M\u00fczi\u011fi Korosu ve sanatseverler kat\u0131ld\u0131. Eski\u015fehir saz ustalar\u0131ndan \u0130brahim Oflaz, gelen konuklara hem sesi hem saz\u0131 ile g\u00fczel bir gece ya\u015fatt\u0131. Eski\u015fehir Sultanlar Zeybek Ekibi; Eski\u015fehir halk oyunlar\u0131, oyununu sergilediler. Eski\u015fehir t\u00fcrk\u00fcleri s\u00f6ylendi.<\/p>\n<p>Eski\u015fehir Sultanlar Zeybek Ekibi Ba\u015fkan\u0131 Levent Tolga Akdeniz; \u2018Me\u015fk Gecesi\u2019nde yapt\u0131\u011f\u0131 konu\u015fmas\u0131nda, \u2018\u2019M\u00fczik; insanlar\u0131 bir araya getiren, g\u00f6n\u00fclleri bulu\u015fturan evrensel bir dildir. T\u00fcrk Halk M\u00fczi\u011fi ise milletimizin haf\u0131zas\u0131, k\u00fclt\u00fcr\u00fcm\u00fcz\u00fcn ve de\u011ferlerimizin en g\u00fc\u00e7l\u00fc ta\u015f\u0131y\u0131c\u0131lar\u0131ndan biridir. Bu miras\u0131 ya\u015fatmak ve gelecek nesillere aktarmak hepimizin ortak sorumlulu\u011fudur. Sanat\u0131n ve dostlu\u011fun hi\u00e7 eksik olmad\u0131\u011f\u0131 nice g\u00fczel programlarda yeniden bulu\u015fmay\u0131 arzu ediyoruz\u2019\u2019 dedi.<br \/>\nHepinizi sevgi, sayg\u0131 ve muhabbetle selaml\u0131yorum\u2019\u2019 dedi.<\/p>\n<p>Program sonunda; Eski\u015fehir Sultanlar Zeybek Ekibi Ba\u015fkan\u0131 Levent Tolga Akdeniz, \u2018Me\u015fk Gecesi\u2019nde eme\u011fi ge\u00e7enlere pl\u00e2ket takdim etti.<\/p>\n<p><strong>HABER \/FOTO\u011eRAF: ERTU\u011eRUL ALTINEL \u2013 B\u0130LG\u0130N \u00d6Z\u00c7\u0130FT\u00c7\u0130 \u2013 AVRUPA PRESS \u2013 BEL\u00c7\u0130KA<\/strong><\/p>\n","protected":false},"excerpt":{"rendered":"<p>&nbsp; HABER \/ FOTO\u011eRAF: ERTU\u011eRUL ALTINEL \u2013 B\u0130LG\u0130N \u00d6Z\u00c7\u0130FT\u00c7\u0130 \u2013 AVRUPA PRESS \u2013 BEL\u00c7\u0130KA. ESK\u0130\u015eEH\u0130R (\u0130HA) &#8211; Eski\u015fehir\u2019de bir mek\u00e2n da d\u00fczenlenen \u2018Me\u015fk Gecesi\u2019 izleyicilerden tam not ald\u0131. Eski\u015fehir Sultanlar Zeybek Ekibi\u2019nin d\u00fczenledi\u011fi \u2018Me\u015fk Gecesi\u2019 program\u0131n\u0131 izleyiciler zaman zaman ayakta alk\u0131\u015flad\u0131lar. \u2018Me\u015fk Gecesi\u2019ne: Eski\u015fehir T\u00fcrk Halk M\u00fczi\u011fi Korosu ve sanatseverler kat\u0131ld\u0131. Eski\u015fehir saz ustalar\u0131ndan \u0130brahim [&hellip;]<\/p>\n","protected":false},"author":3,"featured_media":36265,"comment_status":"closed","ping_status":"open","sticky":false,"template":"","format":"standard","meta":{"footnotes":""},"categories":[14,16,3,17,18,15,19,2,1],"tags":[],"class_list":["post-36264","post","type-post","status-publish","format-standard","has-post-thumbnail","hentry","category-avrupa","category-belcika","category-dunya","category-ekonomi","category-kultur-sanat","category-spor","category-tanitim","category-turkiye","category-uncategorized"],"yoast_head":"<!-- This site is optimized with the Yoast SEO plugin v26.9 - https:\/\/yoast.com\/product\/yoast-seo-wordpress\/ -->\n<title>Eski\u015fehir\u2019de \u2018Me\u015fk Gecesi\u2019 izleyicilerden tam not ald\u0131 - AvrupaPress<\/title>\n<meta name=\"robots\" content=\"index, follow, max-snippet:-1, max-image-preview:large, max-video-preview:-1\" \/>\n<link rel=\"canonical\" href=\"https:\/\/avrupapress.com\/main\/2026\/09\/02\/eskisehirde-mesk-gecesi-izleyicilerden-tam-not-aldi\/\" \/>\n<meta property=\"og:locale\" content=\"fr_FR\" \/>\n<meta property=\"og:type\" content=\"article\" \/>\n<meta property=\"og:title\" content=\"Eski\u015fehir\u2019de \u2018Me\u015fk Gecesi\u2019 izleyicilerden tam not ald\u0131 - AvrupaPress\" \/>\n<meta property=\"og:description\" content=\"&nbsp; HABER \/ FOTO\u011eRAF: ERTU\u011eRUL ALTINEL \u2013 B\u0130LG\u0130N \u00d6Z\u00c7\u0130FT\u00c7\u0130 \u2013 AVRUPA PRESS \u2013 BEL\u00c7\u0130KA. ESK\u0130\u015eEH\u0130R (\u0130HA) &#8211; Eski\u015fehir\u2019de bir mek\u00e2n da d\u00fczenlenen \u2018Me\u015fk Gecesi\u2019 izleyicilerden tam not ald\u0131. Eski\u015fehir Sultanlar Zeybek Ekibi\u2019nin d\u00fczenledi\u011fi \u2018Me\u015fk Gecesi\u2019 program\u0131n\u0131 izleyiciler zaman zaman ayakta alk\u0131\u015flad\u0131lar. \u2018Me\u015fk Gecesi\u2019ne: Eski\u015fehir T\u00fcrk Halk M\u00fczi\u011fi Korosu ve sanatseverler kat\u0131ld\u0131. Eski\u015fehir saz ustalar\u0131ndan \u0130brahim [&hellip;]\" \/>\n<meta property=\"og:url\" content=\"https:\/\/avrupapress.com\/main\/2026\/09\/02\/eskisehirde-mesk-gecesi-izleyicilerden-tam-not-aldi\/\" \/>\n<meta property=\"og:site_name\" content=\"AvrupaPress\" \/>\n<meta property=\"article:published_time\" content=\"2026-09-02T14:45:58+00:00\" \/>\n<meta property=\"article:modified_time\" content=\"2026-09-02T14:46:15+00:00\" \/>\n<meta property=\"og:image\" content=\"https:\/\/avrupapress.com\/main\/wp-content\/uploads\/2026\/09\/Screenshot_20260902_164208_WhatsApp.jpg\" \/>\n\t<meta property=\"og:image:width\" content=\"1080\" \/>\n\t<meta property=\"og:image:height\" content=\"695\" \/>\n\t<meta property=\"og:image:type\" content=\"image\/jpeg\" \/>\n<meta name=\"author\" content=\"Edit\u00f6r\" \/>\n<meta name=\"twitter:card\" content=\"summary_large_image\" \/>\n<meta name=\"twitter:label1\" content=\"\u00c9crit par\" \/>\n\t<meta name=\"twitter:data1\" content=\"Edit\u00f6r\" \/>\n\t<meta name=\"twitter:label2\" content=\"Dur\u00e9e de lecture est.\" \/>\n\t<meta name=\"twitter:data2\" content=\"2 minutes\" \/>\n<script type=\"application\/ld+json\" class=\"yoast-schema-graph\">{\"@context\":\"https:\/\/schema.org\",\"@graph\":[{\"@type\":\"Article\",\"@id\":\"https:\/\/avrupapress.com\/main\/2026\/09\/02\/eskisehirde-mesk-gecesi-izleyicilerden-tam-not-aldi\/#article\",\"isPartOf\":{\"@id\":\"https:\/\/avrupapress.com\/main\/2026\/09\/02\/eskisehirde-mesk-gecesi-izleyicilerden-tam-not-aldi\/\"},\"author\":{\"name\":\"Edit\u00f6r\",\"@id\":\"https:\/\/avrupapress.com\/#\/schema\/person\/68428444ec60970d1e1b700cf4ca1e8f\"},\"headline\":\"Eski\u015fehir\u2019de \u2018Me\u015fk Gecesi\u2019 izleyicilerden tam not ald\u0131\",\"datePublished\":\"2026-09-02T14:45:58+00:00\",\"dateModified\":\"2026-09-02T14:46:15+00:00\",\"mainEntityOfPage\":{\"@id\":\"https:\/\/avrupapress.com\/main\/2026\/09\/02\/eskisehirde-mesk-gecesi-izleyicilerden-tam-not-aldi\/\"},\"wordCount\":260,\"publisher\":{\"@id\":\"https:\/\/avrupapress.com\/#\/schema\/person\/0223dca19c72c43575bf30d1a2d8f4fa\"},\"image\":{\"@id\":\"https:\/\/avrupapress.com\/main\/2026\/09\/02\/eskisehirde-mesk-gecesi-izleyicilerden-tam-not-aldi\/#primaryimage\"},\"thumbnailUrl\":\"https:\/\/avrupapress.com\/main\/wp-content\/uploads\/2026\/09\/Screenshot_20260902_164208_WhatsApp.jpg\",\"articleSection\":[\"Avrupa\",\"Bel\u00e7ika\",\"D\u00fcnya\",\"Ekonomi\",\"K\u00fclt\u00fcr-Sanat\",\"Spor\",\"Tan\u0131t\u0131m\",\"T\u00fcrkiye\",\"Uncategorized\"],\"inLanguage\":\"fr-BE\"},{\"@type\":\"WebPage\",\"@id\":\"https:\/\/avrupapress.com\/main\/2026\/09\/02\/eskisehirde-mesk-gecesi-izleyicilerden-tam-not-aldi\/\",\"url\":\"https:\/\/avrupapress.com\/main\/2026\/09\/02\/eskisehirde-mesk-gecesi-izleyicilerden-tam-not-aldi\/\",\"name\":\"Eski\u015fehir\u2019de \u2018Me\u015fk Gecesi\u2019 izleyicilerden tam not ald\u0131 - AvrupaPress\",\"isPartOf\":{\"@id\":\"https:\/\/avrupapress.com\/#website\"},\"primaryImageOfPage\":{\"@id\":\"https:\/\/avrupapress.com\/main\/2026\/09\/02\/eskisehirde-mesk-gecesi-izleyicilerden-tam-not-aldi\/#primaryimage\"},\"image\":{\"@id\":\"https:\/\/avrupapress.com\/main\/2026\/09\/02\/eskisehirde-mesk-gecesi-izleyicilerden-tam-not-aldi\/#primaryimage\"},\"thumbnailUrl\":\"https:\/\/avrupapress.com\/main\/wp-content\/uploads\/2026\/09\/Screenshot_20260902_164208_WhatsApp.jpg\",\"datePublished\":\"2026-09-02T14:45:58+00:00\",\"dateModified\":\"2026-09-02T14:46:15+00:00\",\"breadcrumb\":{\"@id\":\"https:\/\/avrupapress.com\/main\/2026\/09\/02\/eskisehirde-mesk-gecesi-izleyicilerden-tam-not-aldi\/#breadcrumb\"},\"inLanguage\":\"fr-BE\",\"potentialAction\":[{\"@type\":\"ReadAction\",\"target\":[\"https:\/\/avrupapress.com\/main\/2026\/09\/02\/eskisehirde-mesk-gecesi-izleyicilerden-tam-not-aldi\/\"]}]},{\"@type\":\"ImageObject\",\"inLanguage\":\"fr-BE\",\"@id\":\"https:\/\/avrupapress.com\/main\/2026\/09\/02\/eskisehirde-mesk-gecesi-izleyicilerden-tam-not-aldi\/#primaryimage\",\"url\":\"https:\/\/avrupapress.com\/main\/wp-content\/uploads\/2026\/09\/Screenshot_20260902_164208_WhatsApp.jpg\",\"contentUrl\":\"https:\/\/avrupapress.com\/main\/wp-content\/uploads\/2026\/09\/Screenshot_20260902_164208_WhatsApp.jpg\",\"width\":1080,\"height\":695},{\"@type\":\"BreadcrumbList\",\"@id\":\"https:\/\/avrupapress.com\/main\/2026\/09\/02\/eskisehirde-mesk-gecesi-izleyicilerden-tam-not-aldi\/#breadcrumb\",\"itemListElement\":[{\"@type\":\"ListItem\",\"position\":1,\"name\":\"Anasayfa\",\"item\":\"https:\/\/avrupapress.com\/\"},{\"@type\":\"ListItem\",\"position\":2,\"name\":\"Eski\u015fehir\u2019de \u2018Me\u015fk Gecesi\u2019 izleyicilerden tam not ald\u0131\"}]},{\"@type\":\"WebSite\",\"@id\":\"https:\/\/avrupapress.com\/#website\",\"url\":\"https:\/\/avrupapress.com\/\",\"name\":\"AvrupaPress\",\"description\":\"Haberin Adresi\",\"publisher\":{\"@id\":\"https:\/\/avrupapress.com\/#\/schema\/person\/0223dca19c72c43575bf30d1a2d8f4fa\"},\"potentialAction\":[{\"@type\":\"SearchAction\",\"target\":{\"@type\":\"EntryPoint\",\"urlTemplate\":\"https:\/\/avrupapress.com\/?s={search_term_string}\"},\"query-input\":{\"@type\":\"PropertyValueSpecification\",\"valueRequired\":true,\"valueName\":\"search_term_string\"}}],\"inLanguage\":\"fr-BE\"},{\"@type\":[\"Person\",\"Organization\"],\"@id\":\"https:\/\/avrupapress.com\/#\/schema\/person\/0223dca19c72c43575bf30d1a2d8f4fa\",\"name\":\"Bilgin \u00d6z\u00e7ift\u00e7i\",\"image\":{\"@type\":\"ImageObject\",\"inLanguage\":\"fr-BE\",\"@id\":\"https:\/\/avrupapress.com\/#\/schema\/person\/image\/\",\"url\":\"https:\/\/secure.gravatar.com\/avatar\/0f23b280433a21e1ea7a0adcc46ed0ad16afe3ad8e630fd13d8a017dcbd54ef3?s=96&d=mm&r=g\",\"contentUrl\":\"https:\/\/secure.gravatar.com\/avatar\/0f23b280433a21e1ea7a0adcc46ed0ad16afe3ad8e630fd13d8a017dcbd54ef3?s=96&d=mm&r=g\",\"caption\":\"Bilgin \u00d6z\u00e7ift\u00e7i\"},\"logo\":{\"@id\":\"https:\/\/avrupapress.com\/#\/schema\/person\/image\/\"},\"description\":\"Ne ben, nede sen... Biz ancak \\\"biz\\\" olursak g\u00fc\u00e7l\u00fc olabiliriz\"},{\"@type\":\"Person\",\"@id\":\"https:\/\/avrupapress.com\/#\/schema\/person\/68428444ec60970d1e1b700cf4ca1e8f\",\"name\":\"Edit\u00f6r\",\"image\":{\"@type\":\"ImageObject\",\"inLanguage\":\"fr-BE\",\"@id\":\"https:\/\/avrupapress.com\/#\/schema\/person\/image\/\",\"url\":\"https:\/\/secure.gravatar.com\/avatar\/74996b0977aa5f1559ba9883776652508b229005c0d78fb2597897f0bd651c09?s=96&d=mm&r=g\",\"contentUrl\":\"https:\/\/secure.gravatar.com\/avatar\/74996b0977aa5f1559ba9883776652508b229005c0d78fb2597897f0bd651c09?s=96&d=mm&r=g\",\"caption\":\"Edit\u00f6r\"},\"sameAs\":[\"http:\/\/www.avrupapress.com\"],\"url\":\"https:\/\/avrupapress.com\/main\/author\/editor\/\"}]}<\/script>\n<!-- \/ Yoast SEO plugin. -->","yoast_head_json":{"title":"Eski\u015fehir\u2019de \u2018Me\u015fk Gecesi\u2019 izleyicilerden tam not ald\u0131 - AvrupaPress","robots":{"index":"index","follow":"follow","max-snippet":"max-snippet:-1","max-image-preview":"max-image-preview:large","max-video-preview":"max-video-preview:-1"},"canonical":"https:\/\/avrupapress.com\/main\/2026\/09\/02\/eskisehirde-mesk-gecesi-izleyicilerden-tam-not-aldi\/","og_locale":"fr_FR","og_type":"article","og_title":"Eski\u015fehir\u2019de \u2018Me\u015fk Gecesi\u2019 izleyicilerden tam not ald\u0131 - AvrupaPress","og_description":"&nbsp; HABER \/ FOTO\u011eRAF: ERTU\u011eRUL ALTINEL \u2013 B\u0130LG\u0130N \u00d6Z\u00c7\u0130FT\u00c7\u0130 \u2013 AVRUPA PRESS \u2013 BEL\u00c7\u0130KA. ESK\u0130\u015eEH\u0130R (\u0130HA) &#8211; Eski\u015fehir\u2019de bir mek\u00e2n da d\u00fczenlenen \u2018Me\u015fk Gecesi\u2019 izleyicilerden tam not ald\u0131. Eski\u015fehir Sultanlar Zeybek Ekibi\u2019nin d\u00fczenledi\u011fi \u2018Me\u015fk Gecesi\u2019 program\u0131n\u0131 izleyiciler zaman zaman ayakta alk\u0131\u015flad\u0131lar. \u2018Me\u015fk Gecesi\u2019ne: Eski\u015fehir T\u00fcrk Halk M\u00fczi\u011fi Korosu ve sanatseverler kat\u0131ld\u0131. Eski\u015fehir saz ustalar\u0131ndan \u0130brahim [&hellip;]","og_url":"https:\/\/avrupapress.com\/main\/2026\/09\/02\/eskisehirde-mesk-gecesi-izleyicilerden-tam-not-aldi\/","og_site_name":"AvrupaPress","article_published_time":"2026-09-02T14:45:58+00:00","article_modified_time":"2026-09-02T14:46:15+00:00","og_image":[{"width":1080,"height":695,"url":"https:\/\/avrupapress.com\/main\/wp-content\/uploads\/2026\/09\/Screenshot_20260902_164208_WhatsApp.jpg","type":"image\/jpeg"}],"author":"Edit\u00f6r","twitter_card":"summary_large_image","twitter_misc":{"\u00c9crit par":"Edit\u00f6r","Dur\u00e9e de lecture est.":"2 minutes"},"schema":{"@context":"https:\/\/schema.org","@graph":[{"@type":"Article","@id":"https:\/\/avrupapress.com\/main\/2026\/09\/02\/eskisehirde-mesk-gecesi-izleyicilerden-tam-not-aldi\/#article","isPartOf":{"@id":"https:\/\/avrupapress.com\/main\/2026\/09\/02\/eskisehirde-mesk-gecesi-izleyicilerden-tam-not-aldi\/"},"author":{"name":"Edit\u00f6r","@id":"https:\/\/avrupapress.com\/#\/schema\/person\/68428444ec60970d1e1b700cf4ca1e8f"},"headline":"Eski\u015fehir\u2019de \u2018Me\u015fk Gecesi\u2019 izleyicilerden tam not ald\u0131","datePublished":"2026-09-02T14:45:58+00:00","dateModified":"2026-09-02T14:46:15+00:00","mainEntityOfPage":{"@id":"https:\/\/avrupapress.com\/main\/2026\/09\/02\/eskisehirde-mesk-gecesi-izleyicilerden-tam-not-aldi\/"},"wordCount":260,"publisher":{"@id":"https:\/\/avrupapress.com\/#\/schema\/person\/0223dca19c72c43575bf30d1a2d8f4fa"},"image":{"@id":"https:\/\/avrupapress.com\/main\/2026\/09\/02\/eskisehirde-mesk-gecesi-izleyicilerden-tam-not-aldi\/#primaryimage"},"thumbnailUrl":"https:\/\/avrupapress.com\/main\/wp-content\/uploads\/2026\/09\/Screenshot_20260902_164208_WhatsApp.jpg","articleSection":["Avrupa","Bel\u00e7ika","D\u00fcnya","Ekonomi","K\u00fclt\u00fcr-Sanat","Spor","Tan\u0131t\u0131m","T\u00fcrkiye","Uncategorized"],"inLanguage":"fr-BE"},{"@type":"WebPage","@id":"https:\/\/avrupapress.com\/main\/2026\/09\/02\/eskisehirde-mesk-gecesi-izleyicilerden-tam-not-aldi\/","url":"https:\/\/avrupapress.com\/main\/2026\/09\/02\/eskisehirde-mesk-gecesi-izleyicilerden-tam-not-aldi\/","name":"Eski\u015fehir\u2019de \u2018Me\u015fk Gecesi\u2019 izleyicilerden tam not ald\u0131 - AvrupaPress","isPartOf":{"@id":"https:\/\/avrupapress.com\/#website"},"primaryImageOfPage":{"@id":"https:\/\/avrupapress.com\/main\/2026\/09\/02\/eskisehirde-mesk-gecesi-izleyicilerden-tam-not-aldi\/#primaryimage"},"image":{"@id":"https:\/\/avrupapress.com\/main\/2026\/09\/02\/eskisehirde-mesk-gecesi-izleyicilerden-tam-not-aldi\/#primaryimage"},"thumbnailUrl":"https:\/\/avrupapress.com\/main\/wp-content\/uploads\/2026\/09\/Screenshot_20260902_164208_WhatsApp.jpg","datePublished":"2026-09-02T14:45:58+00:00","dateModified":"2026-09-02T14:46:15+00:00","breadcrumb":{"@id":"https:\/\/avrupapress.com\/main\/2026\/09\/02\/eskisehirde-mesk-gecesi-izleyicilerden-tam-not-aldi\/#breadcrumb"},"inLanguage":"fr-BE","potentialAction":[{"@type":"ReadAction","target":["https:\/\/avrupapress.com\/main\/2026\/09\/02\/eskisehirde-mesk-gecesi-izleyicilerden-tam-not-aldi\/"]}]},{"@type":"ImageObject","inLanguage":"fr-BE","@id":"https:\/\/avrupapress.com\/main\/2026\/09\/02\/eskisehirde-mesk-gecesi-izleyicilerden-tam-not-aldi\/#primaryimage","url":"https:\/\/avrupapress.com\/main\/wp-content\/uploads\/2026\/09\/Screenshot_20260902_164208_WhatsApp.jpg","contentUrl":"https:\/\/avrupapress.com\/main\/wp-content\/uploads\/2026\/09\/Screenshot_20260902_164208_WhatsApp.jpg","width":1080,"height":695},{"@type":"BreadcrumbList","@id":"https:\/\/avrupapress.com\/main\/2026\/09\/02\/eskisehirde-mesk-gecesi-izleyicilerden-tam-not-aldi\/#breadcrumb","itemListElement":[{"@type":"ListItem","position":1,"name":"Anasayfa","item":"https:\/\/avrupapress.com\/"},{"@type":"ListItem","position":2,"name":"Eski\u015fehir\u2019de \u2018Me\u015fk Gecesi\u2019 izleyicilerden tam not ald\u0131"}]},{"@type":"WebSite","@id":"https:\/\/avrupapress.com\/#website","url":"https:\/\/avrupapress.com\/","name":"AvrupaPress","description":"Haberin Adresi","publisher":{"@id":"https:\/\/avrupapress.com\/#\/schema\/person\/0223dca19c72c43575bf30d1a2d8f4fa"},"potentialAction":[{"@type":"SearchAction","target":{"@type":"EntryPoint","urlTemplate":"https:\/\/avrupapress.com\/?s={search_term_string}"},"query-input":{"@type":"PropertyValueSpecification","valueRequired":true,"valueName":"search_term_string"}}],"inLanguage":"fr-BE"},{"@type":["Person","Organization"],"@id":"https:\/\/avrupapress.com\/#\/schema\/person\/0223dca19c72c43575bf30d1a2d8f4fa","name":"Bilgin \u00d6z\u00e7ift\u00e7i","image":{"@type":"ImageObject","inLanguage":"fr-BE","@id":"https:\/\/avrupapress.com\/#\/schema\/person\/image\/","url":"https:\/\/secure.gravatar.com\/avatar\/0f23b280433a21e1ea7a0adcc46ed0ad16afe3ad8e630fd13d8a017dcbd54ef3?s=96&d=mm&r=g","contentUrl":"https:\/\/secure.gravatar.com\/avatar\/0f23b280433a21e1ea7a0adcc46ed0ad16afe3ad8e630fd13d8a017dcbd54ef3?s=96&d=mm&r=g","caption":"Bilgin \u00d6z\u00e7ift\u00e7i"},"logo":{"@id":"https:\/\/avrupapress.com\/#\/schema\/person\/image\/"},"description":"Ne ben, nede sen... Biz ancak \"biz\" olursak g\u00fc\u00e7l\u00fc olabiliriz"},{"@type":"Person","@id":"https:\/\/avrupapress.com\/#\/schema\/person\/68428444ec60970d1e1b700cf4ca1e8f","name":"Edit\u00f6r","image":{"@type":"ImageObject","inLanguage":"fr-BE","@id":"https:\/\/avrupapress.com\/#\/schema\/person\/image\/","url":"https:\/\/secure.gravatar.com\/avatar\/74996b0977aa5f1559ba9883776652508b229005c0d78fb2597897f0bd651c09?s=96&d=mm&r=g","contentUrl":"https:\/\/secure.gravatar.com\/avatar\/74996b0977aa5f1559ba9883776652508b229005c0d78fb2597897f0bd651c09?s=96&d=mm&r=g","caption":"Edit\u00f6r"},"sameAs":["http:\/\/www.avrupapress.com"],"url":"https:\/\/avrupapress.com\/main\/author\/editor\/"}]}},"_links":{"self":[{"href":"https:\/\/avrupapress.com\/main\/wp-json\/wp\/v2\/posts\/36264","targetHints":{"allow":["GET"]}}],"collection":[{"href":"https:\/\/avrupapress.com\/main\/wp-json\/wp\/v2\/posts"}],"about":[{"href":"https:\/\/avrupapress.com\/main\/wp-json\/wp\/v2\/types\/post"}],"author":[{"embeddable":true,"href":"https:\/\/avrupapress.com\/main\/wp-json\/wp\/v2\/users\/3"}],"replies":[{"embeddable":true,"href":"https:\/\/avrupapress.com\/main\/wp-json\/wp\/v2\/comments?post=36264"}],"version-history":[{"count":1,"href":"https:\/\/avrupapress.com\/main\/wp-json\/wp\/v2\/posts\/36264\/revisions"}],"predecessor-version":[{"id":36266,"href":"https:\/\/avrupapress.com\/main\/wp-json\/wp\/v2\/posts\/36264\/revisions\/36266"}],"wp:featuredmedia":[{"embeddable":true,"href":"https:\/\/avrupapress.com\/main\/wp-json\/wp\/v2\/media\/36265"}],"wp:attachment":[{"href":"https:\/\/avrupapress.com\/main\/wp-json\/wp\/v2\/media?parent=36264"}],"wp:term":[{"taxonomy":"category","embeddable":true,"href":"https:\/\/avrupapress.com\/main\/wp-json\/wp\/v2\/categories?post=36264"},{"taxonomy":"post_tag","embeddable":true,"href":"https:\/\/avrupapress.com\/main\/wp-json\/wp\/v2\/tags?post=36264"}],"curies":[{"name":"wp","href":"https:\/\/api.w.org\/{rel}","templated":true}]}}