{"id":36261,"date":"2026-09-02T14:39:51","date_gmt":"2026-09-02T14:39:51","guid":{"rendered":"https:\/\/avrupapress.com\/main\/?p=36261"},"modified":"2026-09-02T14:39:58","modified_gmt":"2026-09-02T14:39:58","slug":"emirdagda-camiler-arasi-bilgi-yarismasinda-dereceye-giren-ogrenciler-odullendirildi","status":"publish","type":"post","link":"https:\/\/avrupapress.com\/main\/2026\/09\/02\/emirdagda-camiler-arasi-bilgi-yarismasinda-dereceye-giren-ogrenciler-odullendirildi\/","title":{"rendered":"Emirda\u011f\u2019da \u2018Camiler Aras\u0131 Bilgi Yar\u0131\u015fmas\u0131\u2019nda dereceye giren \u00f6\u011frenciler \u00f6d\u00fcllendirildi"},"content":{"rendered":"<p>&nbsp;<\/p>\n<p><strong>HABER \/FOTO\u011eRAF: ERTU\u011eRUL ALTINEL \u2013 B\u0130LG\u0130N \u00d6Z\u00c7\u0130FT\u00c7\u0130 \u2013 AVRUPA PRESS \u2013 BEL\u00c7\u0130KA<\/strong><\/p>\n<p>&#8211; Emirda\u011f\u2019da \u2018Camiler Aras\u0131 Bilgi Yar\u0131\u015fmas\u0131\u2019nda dereceye giren \u00f6\u011frenciler \u00f6d\u00fcllendirildi.<\/p>\n<p>Emirda\u011f M\u00fcft\u00fcl\u00fc\u011f\u00fc taraf\u0131ndan d\u00fczenlenen \u2018Camiler Aras\u0131 Yaz Kur&rsquo;an Kurslar\u0131 Bilgi Yar\u0131\u015fmas\u0131&rsquo;nda dereceye giren \u00f6\u011frenciler i\u00e7in Emirda\u011f M\u00fcft\u00fcl\u00fck binas\u0131nda \u00f6d\u00fcl t\u00f6reni d\u00fczenlendi. Emirda\u011f \u0130l\u00e7e M\u00fcft\u00fcs\u00fc Cihan Eker taraf\u0131ndan \u00f6\u011frencilere \u00f6d\u00fclleri takdim edildi. \u0130lkokul ve ortaokul kategorilerinde yar\u0131\u015fmada birinci olan \u00f6\u011frencilere bisiklet hediye edildi. Di\u011fer dereceye giren \u00f6\u011frencilere ise para \u00f6d\u00fclleri verildi.<\/p>\n<p>\u00d6d\u00fcllerini alan \u00f6\u011frenciler, b\u00fcy\u00fck mutluluk ya\u015fad\u0131lar ve sevindiler. Emirda\u011f \u0130l\u00e7e M\u00fcft\u00fcs\u00fc Cihan Eker, dereceye giren \u00f6\u011frencileri tebrik etti ve ba\u015far\u0131lar diledi.<\/p>\n<p><strong>HABER \/FOTO\u011eRAF: ERTU\u011eRUL ALTINEL \u2013 B\u0130LG\u0130N \u00d6Z\u00c7\u0130FT\u00c7\u0130 \u2013 AVRUPA PRESS \u2013 BEL\u00c7\u0130KA<\/strong><\/p>\n","protected":false},"excerpt":{"rendered":"<p>&nbsp; HABER \/FOTO\u011eRAF: ERTU\u011eRUL ALTINEL \u2013 B\u0130LG\u0130N \u00d6Z\u00c7\u0130FT\u00c7\u0130 \u2013 AVRUPA PRESS \u2013 BEL\u00c7\u0130KA &#8211; Emirda\u011f\u2019da \u2018Camiler Aras\u0131 Bilgi Yar\u0131\u015fmas\u0131\u2019nda dereceye giren \u00f6\u011frenciler \u00f6d\u00fcllendirildi. Emirda\u011f M\u00fcft\u00fcl\u00fc\u011f\u00fc taraf\u0131ndan d\u00fczenlenen \u2018Camiler Aras\u0131 Yaz Kur&rsquo;an Kurslar\u0131 Bilgi Yar\u0131\u015fmas\u0131&rsquo;nda dereceye giren \u00f6\u011frenciler i\u00e7in Emirda\u011f M\u00fcft\u00fcl\u00fck binas\u0131nda \u00f6d\u00fcl t\u00f6reni d\u00fczenlendi. Emirda\u011f \u0130l\u00e7e M\u00fcft\u00fcs\u00fc Cihan Eker taraf\u0131ndan \u00f6\u011frencilere \u00f6d\u00fclleri takdim edildi. \u0130lkokul [&hellip;]<\/p>\n","protected":false},"author":3,"featured_media":36262,"comment_status":"closed","ping_status":"open","sticky":false,"template":"","format":"standard","meta":{"footnotes":""},"categories":[14,16,3,17,18,15,19,2,1],"tags":[],"class_list":["post-36261","post","type-post","status-publish","format-standard","has-post-thumbnail","hentry","category-avrupa","category-belcika","category-dunya","category-ekonomi","category-kultur-sanat","category-spor","category-tanitim","category-turkiye","category-uncategorized"],"yoast_head":"<!-- This site is optimized with the Yoast SEO plugin v26.9 - https:\/\/yoast.com\/product\/yoast-seo-wordpress\/ -->\n<title>Emirda\u011f\u2019da \u2018Camiler Aras\u0131 Bilgi Yar\u0131\u015fmas\u0131\u2019nda dereceye giren \u00f6\u011frenciler \u00f6d\u00fcllendirildi - AvrupaPress<\/title>\n<meta name=\"robots\" content=\"index, follow, max-snippet:-1, max-image-preview:large, max-video-preview:-1\" \/>\n<link rel=\"canonical\" href=\"https:\/\/avrupapress.com\/main\/2026\/09\/02\/emirdagda-camiler-arasi-bilgi-yarismasinda-dereceye-giren-ogrenciler-odullendirildi\/\" \/>\n<meta property=\"og:locale\" content=\"fr_FR\" \/>\n<meta property=\"og:type\" content=\"article\" \/>\n<meta property=\"og:title\" content=\"Emirda\u011f\u2019da \u2018Camiler Aras\u0131 Bilgi Yar\u0131\u015fmas\u0131\u2019nda dereceye giren \u00f6\u011frenciler \u00f6d\u00fcllendirildi - AvrupaPress\" \/>\n<meta property=\"og:description\" content=\"&nbsp; HABER \/FOTO\u011eRAF: ERTU\u011eRUL ALTINEL \u2013 B\u0130LG\u0130N \u00d6Z\u00c7\u0130FT\u00c7\u0130 \u2013 AVRUPA PRESS \u2013 BEL\u00c7\u0130KA &#8211; Emirda\u011f\u2019da \u2018Camiler Aras\u0131 Bilgi Yar\u0131\u015fmas\u0131\u2019nda dereceye giren \u00f6\u011frenciler \u00f6d\u00fcllendirildi. Emirda\u011f M\u00fcft\u00fcl\u00fc\u011f\u00fc taraf\u0131ndan d\u00fczenlenen \u2018Camiler Aras\u0131 Yaz Kur&rsquo;an Kurslar\u0131 Bilgi Yar\u0131\u015fmas\u0131&rsquo;nda dereceye giren \u00f6\u011frenciler i\u00e7in Emirda\u011f M\u00fcft\u00fcl\u00fck binas\u0131nda \u00f6d\u00fcl t\u00f6reni d\u00fczenlendi. Emirda\u011f \u0130l\u00e7e M\u00fcft\u00fcs\u00fc Cihan Eker taraf\u0131ndan \u00f6\u011frencilere \u00f6d\u00fclleri takdim edildi. \u0130lkokul [&hellip;]\" \/>\n<meta property=\"og:url\" content=\"https:\/\/avrupapress.com\/main\/2026\/09\/02\/emirdagda-camiler-arasi-bilgi-yarismasinda-dereceye-giren-ogrenciler-odullendirildi\/\" \/>\n<meta property=\"og:site_name\" content=\"AvrupaPress\" \/>\n<meta property=\"article:published_time\" content=\"2026-09-02T14:39:51+00:00\" \/>\n<meta property=\"article:modified_time\" content=\"2026-09-02T14:39:58+00:00\" \/>\n<meta property=\"og:image\" content=\"https:\/\/avrupapress.com\/main\/wp-content\/uploads\/2026\/09\/Screenshot_20260902_163604_WhatsApp.jpg\" \/>\n\t<meta property=\"og:image:width\" content=\"1080\" \/>\n\t<meta property=\"og:image:height\" content=\"807\" \/>\n\t<meta property=\"og:image:type\" content=\"image\/jpeg\" \/>\n<meta name=\"author\" content=\"Edit\u00f6r\" \/>\n<meta name=\"twitter:card\" content=\"summary_large_image\" \/>\n<meta name=\"twitter:label1\" content=\"\u00c9crit par\" \/>\n\t<meta name=\"twitter:data1\" content=\"Edit\u00f6r\" \/>\n\t<meta name=\"twitter:label2\" content=\"Dur\u00e9e de lecture est.\" \/>\n\t<meta name=\"twitter:data2\" content=\"1 minute\" \/>\n<script type=\"application\/ld+json\" class=\"yoast-schema-graph\">{\"@context\":\"https:\/\/schema.org\",\"@graph\":[{\"@type\":\"Article\",\"@id\":\"https:\/\/avrupapress.com\/main\/2026\/09\/02\/emirdagda-camiler-arasi-bilgi-yarismasinda-dereceye-giren-ogrenciler-odullendirildi\/#article\",\"isPartOf\":{\"@id\":\"https:\/\/avrupapress.com\/main\/2026\/09\/02\/emirdagda-camiler-arasi-bilgi-yarismasinda-dereceye-giren-ogrenciler-odullendirildi\/\"},\"author\":{\"name\":\"Edit\u00f6r\",\"@id\":\"https:\/\/avrupapress.com\/#\/schema\/person\/68428444ec60970d1e1b700cf4ca1e8f\"},\"headline\":\"Emirda\u011f\u2019da \u2018Camiler Aras\u0131 Bilgi Yar\u0131\u015fmas\u0131\u2019nda dereceye giren \u00f6\u011frenciler \u00f6d\u00fcllendirildi\",\"datePublished\":\"2026-09-02T14:39:51+00:00\",\"dateModified\":\"2026-09-02T14:39:58+00:00\",\"mainEntityOfPage\":{\"@id\":\"https:\/\/avrupapress.com\/main\/2026\/09\/02\/emirdagda-camiler-arasi-bilgi-yarismasinda-dereceye-giren-ogrenciler-odullendirildi\/\"},\"wordCount\":161,\"publisher\":{\"@id\":\"https:\/\/avrupapress.com\/#\/schema\/person\/0223dca19c72c43575bf30d1a2d8f4fa\"},\"image\":{\"@id\":\"https:\/\/avrupapress.com\/main\/2026\/09\/02\/emirdagda-camiler-arasi-bilgi-yarismasinda-dereceye-giren-ogrenciler-odullendirildi\/#primaryimage\"},\"thumbnailUrl\":\"https:\/\/avrupapress.com\/main\/wp-content\/uploads\/2026\/09\/Screenshot_20260902_163604_WhatsApp.jpg\",\"articleSection\":[\"Avrupa\",\"Bel\u00e7ika\",\"D\u00fcnya\",\"Ekonomi\",\"K\u00fclt\u00fcr-Sanat\",\"Spor\",\"Tan\u0131t\u0131m\",\"T\u00fcrkiye\",\"Uncategorized\"],\"inLanguage\":\"fr-BE\"},{\"@type\":\"WebPage\",\"@id\":\"https:\/\/avrupapress.com\/main\/2026\/09\/02\/emirdagda-camiler-arasi-bilgi-yarismasinda-dereceye-giren-ogrenciler-odullendirildi\/\",\"url\":\"https:\/\/avrupapress.com\/main\/2026\/09\/02\/emirdagda-camiler-arasi-bilgi-yarismasinda-dereceye-giren-ogrenciler-odullendirildi\/\",\"name\":\"Emirda\u011f\u2019da \u2018Camiler Aras\u0131 Bilgi Yar\u0131\u015fmas\u0131\u2019nda dereceye giren \u00f6\u011frenciler \u00f6d\u00fcllendirildi - AvrupaPress\",\"isPartOf\":{\"@id\":\"https:\/\/avrupapress.com\/#website\"},\"primaryImageOfPage\":{\"@id\":\"https:\/\/avrupapress.com\/main\/2026\/09\/02\/emirdagda-camiler-arasi-bilgi-yarismasinda-dereceye-giren-ogrenciler-odullendirildi\/#primaryimage\"},\"image\":{\"@id\":\"https:\/\/avrupapress.com\/main\/2026\/09\/02\/emirdagda-camiler-arasi-bilgi-yarismasinda-dereceye-giren-ogrenciler-odullendirildi\/#primaryimage\"},\"thumbnailUrl\":\"https:\/\/avrupapress.com\/main\/wp-content\/uploads\/2026\/09\/Screenshot_20260902_163604_WhatsApp.jpg\",\"datePublished\":\"2026-09-02T14:39:51+00:00\",\"dateModified\":\"2026-09-02T14:39:58+00:00\",\"breadcrumb\":{\"@id\":\"https:\/\/avrupapress.com\/main\/2026\/09\/02\/emirdagda-camiler-arasi-bilgi-yarismasinda-dereceye-giren-ogrenciler-odullendirildi\/#breadcrumb\"},\"inLanguage\":\"fr-BE\",\"potentialAction\":[{\"@type\":\"ReadAction\",\"target\":[\"https:\/\/avrupapress.com\/main\/2026\/09\/02\/emirdagda-camiler-arasi-bilgi-yarismasinda-dereceye-giren-ogrenciler-odullendirildi\/\"]}]},{\"@type\":\"ImageObject\",\"inLanguage\":\"fr-BE\",\"@id\":\"https:\/\/avrupapress.com\/main\/2026\/09\/02\/emirdagda-camiler-arasi-bilgi-yarismasinda-dereceye-giren-ogrenciler-odullendirildi\/#primaryimage\",\"url\":\"https:\/\/avrupapress.com\/main\/wp-content\/uploads\/2026\/09\/Screenshot_20260902_163604_WhatsApp.jpg\",\"contentUrl\":\"https:\/\/avrupapress.com\/main\/wp-content\/uploads\/2026\/09\/Screenshot_20260902_163604_WhatsApp.jpg\",\"width\":1080,\"height\":807},{\"@type\":\"BreadcrumbList\",\"@id\":\"https:\/\/avrupapress.com\/main\/2026\/09\/02\/emirdagda-camiler-arasi-bilgi-yarismasinda-dereceye-giren-ogrenciler-odullendirildi\/#breadcrumb\",\"itemListElement\":[{\"@type\":\"ListItem\",\"position\":1,\"name\":\"Anasayfa\",\"item\":\"https:\/\/avrupapress.com\/\"},{\"@type\":\"ListItem\",\"position\":2,\"name\":\"Emirda\u011f\u2019da \u2018Camiler Aras\u0131 Bilgi Yar\u0131\u015fmas\u0131\u2019nda dereceye giren \u00f6\u011frenciler \u00f6d\u00fcllendirildi\"}]},{\"@type\":\"WebSite\",\"@id\":\"https:\/\/avrupapress.com\/#website\",\"url\":\"https:\/\/avrupapress.com\/\",\"name\":\"AvrupaPress\",\"description\":\"Haberin Adresi\",\"publisher\":{\"@id\":\"https:\/\/avrupapress.com\/#\/schema\/person\/0223dca19c72c43575bf30d1a2d8f4fa\"},\"potentialAction\":[{\"@type\":\"SearchAction\",\"target\":{\"@type\":\"EntryPoint\",\"urlTemplate\":\"https:\/\/avrupapress.com\/?s={search_term_string}\"},\"query-input\":{\"@type\":\"PropertyValueSpecification\",\"valueRequired\":true,\"valueName\":\"search_term_string\"}}],\"inLanguage\":\"fr-BE\"},{\"@type\":[\"Person\",\"Organization\"],\"@id\":\"https:\/\/avrupapress.com\/#\/schema\/person\/0223dca19c72c43575bf30d1a2d8f4fa\",\"name\":\"Bilgin \u00d6z\u00e7ift\u00e7i\",\"image\":{\"@type\":\"ImageObject\",\"inLanguage\":\"fr-BE\",\"@id\":\"https:\/\/avrupapress.com\/#\/schema\/person\/image\/\",\"url\":\"https:\/\/secure.gravatar.com\/avatar\/0f23b280433a21e1ea7a0adcc46ed0ad16afe3ad8e630fd13d8a017dcbd54ef3?s=96&d=mm&r=g\",\"contentUrl\":\"https:\/\/secure.gravatar.com\/avatar\/0f23b280433a21e1ea7a0adcc46ed0ad16afe3ad8e630fd13d8a017dcbd54ef3?s=96&d=mm&r=g\",\"caption\":\"Bilgin \u00d6z\u00e7ift\u00e7i\"},\"logo\":{\"@id\":\"https:\/\/avrupapress.com\/#\/schema\/person\/image\/\"},\"description\":\"Ne ben, nede sen... Biz ancak \\\"biz\\\" olursak g\u00fc\u00e7l\u00fc olabiliriz\"},{\"@type\":\"Person\",\"@id\":\"https:\/\/avrupapress.com\/#\/schema\/person\/68428444ec60970d1e1b700cf4ca1e8f\",\"name\":\"Edit\u00f6r\",\"image\":{\"@type\":\"ImageObject\",\"inLanguage\":\"fr-BE\",\"@id\":\"https:\/\/avrupapress.com\/#\/schema\/person\/image\/\",\"url\":\"https:\/\/secure.gravatar.com\/avatar\/74996b0977aa5f1559ba9883776652508b229005c0d78fb2597897f0bd651c09?s=96&d=mm&r=g\",\"contentUrl\":\"https:\/\/secure.gravatar.com\/avatar\/74996b0977aa5f1559ba9883776652508b229005c0d78fb2597897f0bd651c09?s=96&d=mm&r=g\",\"caption\":\"Edit\u00f6r\"},\"sameAs\":[\"http:\/\/www.avrupapress.com\"],\"url\":\"https:\/\/avrupapress.com\/main\/author\/editor\/\"}]}<\/script>\n<!-- \/ Yoast SEO plugin. -->","yoast_head_json":{"title":"Emirda\u011f\u2019da \u2018Camiler Aras\u0131 Bilgi Yar\u0131\u015fmas\u0131\u2019nda dereceye giren \u00f6\u011frenciler \u00f6d\u00fcllendirildi - AvrupaPress","robots":{"index":"index","follow":"follow","max-snippet":"max-snippet:-1","max-image-preview":"max-image-preview:large","max-video-preview":"max-video-preview:-1"},"canonical":"https:\/\/avrupapress.com\/main\/2026\/09\/02\/emirdagda-camiler-arasi-bilgi-yarismasinda-dereceye-giren-ogrenciler-odullendirildi\/","og_locale":"fr_FR","og_type":"article","og_title":"Emirda\u011f\u2019da \u2018Camiler Aras\u0131 Bilgi Yar\u0131\u015fmas\u0131\u2019nda dereceye giren \u00f6\u011frenciler \u00f6d\u00fcllendirildi - AvrupaPress","og_description":"&nbsp; HABER \/FOTO\u011eRAF: ERTU\u011eRUL ALTINEL \u2013 B\u0130LG\u0130N \u00d6Z\u00c7\u0130FT\u00c7\u0130 \u2013 AVRUPA PRESS \u2013 BEL\u00c7\u0130KA &#8211; Emirda\u011f\u2019da \u2018Camiler Aras\u0131 Bilgi Yar\u0131\u015fmas\u0131\u2019nda dereceye giren \u00f6\u011frenciler \u00f6d\u00fcllendirildi. Emirda\u011f M\u00fcft\u00fcl\u00fc\u011f\u00fc taraf\u0131ndan d\u00fczenlenen \u2018Camiler Aras\u0131 Yaz Kur&rsquo;an Kurslar\u0131 Bilgi Yar\u0131\u015fmas\u0131&rsquo;nda dereceye giren \u00f6\u011frenciler i\u00e7in Emirda\u011f M\u00fcft\u00fcl\u00fck binas\u0131nda \u00f6d\u00fcl t\u00f6reni d\u00fczenlendi. Emirda\u011f \u0130l\u00e7e M\u00fcft\u00fcs\u00fc Cihan Eker taraf\u0131ndan \u00f6\u011frencilere \u00f6d\u00fclleri takdim edildi. \u0130lkokul [&hellip;]","og_url":"https:\/\/avrupapress.com\/main\/2026\/09\/02\/emirdagda-camiler-arasi-bilgi-yarismasinda-dereceye-giren-ogrenciler-odullendirildi\/","og_site_name":"AvrupaPress","article_published_time":"2026-09-02T14:39:51+00:00","article_modified_time":"2026-09-02T14:39:58+00:00","og_image":[{"width":1080,"height":807,"url":"https:\/\/avrupapress.com\/main\/wp-content\/uploads\/2026\/09\/Screenshot_20260902_163604_WhatsApp.jpg","type":"image\/jpeg"}],"author":"Edit\u00f6r","twitter_card":"summary_large_image","twitter_misc":{"\u00c9crit par":"Edit\u00f6r","Dur\u00e9e de lecture est.":"1 minute"},"schema":{"@context":"https:\/\/schema.org","@graph":[{"@type":"Article","@id":"https:\/\/avrupapress.com\/main\/2026\/09\/02\/emirdagda-camiler-arasi-bilgi-yarismasinda-dereceye-giren-ogrenciler-odullendirildi\/#article","isPartOf":{"@id":"https:\/\/avrupapress.com\/main\/2026\/09\/02\/emirdagda-camiler-arasi-bilgi-yarismasinda-dereceye-giren-ogrenciler-odullendirildi\/"},"author":{"name":"Edit\u00f6r","@id":"https:\/\/avrupapress.com\/#\/schema\/person\/68428444ec60970d1e1b700cf4ca1e8f"},"headline":"Emirda\u011f\u2019da \u2018Camiler Aras\u0131 Bilgi Yar\u0131\u015fmas\u0131\u2019nda dereceye giren \u00f6\u011frenciler \u00f6d\u00fcllendirildi","datePublished":"2026-09-02T14:39:51+00:00","dateModified":"2026-09-02T14:39:58+00:00","mainEntityOfPage":{"@id":"https:\/\/avrupapress.com\/main\/2026\/09\/02\/emirdagda-camiler-arasi-bilgi-yarismasinda-dereceye-giren-ogrenciler-odullendirildi\/"},"wordCount":161,"publisher":{"@id":"https:\/\/avrupapress.com\/#\/schema\/person\/0223dca19c72c43575bf30d1a2d8f4fa"},"image":{"@id":"https:\/\/avrupapress.com\/main\/2026\/09\/02\/emirdagda-camiler-arasi-bilgi-yarismasinda-dereceye-giren-ogrenciler-odullendirildi\/#primaryimage"},"thumbnailUrl":"https:\/\/avrupapress.com\/main\/wp-content\/uploads\/2026\/09\/Screenshot_20260902_163604_WhatsApp.jpg","articleSection":["Avrupa","Bel\u00e7ika","D\u00fcnya","Ekonomi","K\u00fclt\u00fcr-Sanat","Spor","Tan\u0131t\u0131m","T\u00fcrkiye","Uncategorized"],"inLanguage":"fr-BE"},{"@type":"WebPage","@id":"https:\/\/avrupapress.com\/main\/2026\/09\/02\/emirdagda-camiler-arasi-bilgi-yarismasinda-dereceye-giren-ogrenciler-odullendirildi\/","url":"https:\/\/avrupapress.com\/main\/2026\/09\/02\/emirdagda-camiler-arasi-bilgi-yarismasinda-dereceye-giren-ogrenciler-odullendirildi\/","name":"Emirda\u011f\u2019da \u2018Camiler Aras\u0131 Bilgi Yar\u0131\u015fmas\u0131\u2019nda dereceye giren \u00f6\u011frenciler \u00f6d\u00fcllendirildi - AvrupaPress","isPartOf":{"@id":"https:\/\/avrupapress.com\/#website"},"primaryImageOfPage":{"@id":"https:\/\/avrupapress.com\/main\/2026\/09\/02\/emirdagda-camiler-arasi-bilgi-yarismasinda-dereceye-giren-ogrenciler-odullendirildi\/#primaryimage"},"image":{"@id":"https:\/\/avrupapress.com\/main\/2026\/09\/02\/emirdagda-camiler-arasi-bilgi-yarismasinda-dereceye-giren-ogrenciler-odullendirildi\/#primaryimage"},"thumbnailUrl":"https:\/\/avrupapress.com\/main\/wp-content\/uploads\/2026\/09\/Screenshot_20260902_163604_WhatsApp.jpg","datePublished":"2026-09-02T14:39:51+00:00","dateModified":"2026-09-02T14:39:58+00:00","breadcrumb":{"@id":"https:\/\/avrupapress.com\/main\/2026\/09\/02\/emirdagda-camiler-arasi-bilgi-yarismasinda-dereceye-giren-ogrenciler-odullendirildi\/#breadcrumb"},"inLanguage":"fr-BE","potentialAction":[{"@type":"ReadAction","target":["https:\/\/avrupapress.com\/main\/2026\/09\/02\/emirdagda-camiler-arasi-bilgi-yarismasinda-dereceye-giren-ogrenciler-odullendirildi\/"]}]},{"@type":"ImageObject","inLanguage":"fr-BE","@id":"https:\/\/avrupapress.com\/main\/2026\/09\/02\/emirdagda-camiler-arasi-bilgi-yarismasinda-dereceye-giren-ogrenciler-odullendirildi\/#primaryimage","url":"https:\/\/avrupapress.com\/main\/wp-content\/uploads\/2026\/09\/Screenshot_20260902_163604_WhatsApp.jpg","contentUrl":"https:\/\/avrupapress.com\/main\/wp-content\/uploads\/2026\/09\/Screenshot_20260902_163604_WhatsApp.jpg","width":1080,"height":807},{"@type":"BreadcrumbList","@id":"https:\/\/avrupapress.com\/main\/2026\/09\/02\/emirdagda-camiler-arasi-bilgi-yarismasinda-dereceye-giren-ogrenciler-odullendirildi\/#breadcrumb","itemListElement":[{"@type":"ListItem","position":1,"name":"Anasayfa","item":"https:\/\/avrupapress.com\/"},{"@type":"ListItem","position":2,"name":"Emirda\u011f\u2019da \u2018Camiler Aras\u0131 Bilgi Yar\u0131\u015fmas\u0131\u2019nda dereceye giren \u00f6\u011frenciler \u00f6d\u00fcllendirildi"}]},{"@type":"WebSite","@id":"https:\/\/avrupapress.com\/#website","url":"https:\/\/avrupapress.com\/","name":"AvrupaPress","description":"Haberin Adresi","publisher":{"@id":"https:\/\/avrupapress.com\/#\/schema\/person\/0223dca19c72c43575bf30d1a2d8f4fa"},"potentialAction":[{"@type":"SearchAction","target":{"@type":"EntryPoint","urlTemplate":"https:\/\/avrupapress.com\/?s={search_term_string}"},"query-input":{"@type":"PropertyValueSpecification","valueRequired":true,"valueName":"search_term_string"}}],"inLanguage":"fr-BE"},{"@type":["Person","Organization"],"@id":"https:\/\/avrupapress.com\/#\/schema\/person\/0223dca19c72c43575bf30d1a2d8f4fa","name":"Bilgin \u00d6z\u00e7ift\u00e7i","image":{"@type":"ImageObject","inLanguage":"fr-BE","@id":"https:\/\/avrupapress.com\/#\/schema\/person\/image\/","url":"https:\/\/secure.gravatar.com\/avatar\/0f23b280433a21e1ea7a0adcc46ed0ad16afe3ad8e630fd13d8a017dcbd54ef3?s=96&d=mm&r=g","contentUrl":"https:\/\/secure.gravatar.com\/avatar\/0f23b280433a21e1ea7a0adcc46ed0ad16afe3ad8e630fd13d8a017dcbd54ef3?s=96&d=mm&r=g","caption":"Bilgin \u00d6z\u00e7ift\u00e7i"},"logo":{"@id":"https:\/\/avrupapress.com\/#\/schema\/person\/image\/"},"description":"Ne ben, nede sen... Biz ancak \"biz\" olursak g\u00fc\u00e7l\u00fc olabiliriz"},{"@type":"Person","@id":"https:\/\/avrupapress.com\/#\/schema\/person\/68428444ec60970d1e1b700cf4ca1e8f","name":"Edit\u00f6r","image":{"@type":"ImageObject","inLanguage":"fr-BE","@id":"https:\/\/avrupapress.com\/#\/schema\/person\/image\/","url":"https:\/\/secure.gravatar.com\/avatar\/74996b0977aa5f1559ba9883776652508b229005c0d78fb2597897f0bd651c09?s=96&d=mm&r=g","contentUrl":"https:\/\/secure.gravatar.com\/avatar\/74996b0977aa5f1559ba9883776652508b229005c0d78fb2597897f0bd651c09?s=96&d=mm&r=g","caption":"Edit\u00f6r"},"sameAs":["http:\/\/www.avrupapress.com"],"url":"https:\/\/avrupapress.com\/main\/author\/editor\/"}]}},"_links":{"self":[{"href":"https:\/\/avrupapress.com\/main\/wp-json\/wp\/v2\/posts\/36261","targetHints":{"allow":["GET"]}}],"collection":[{"href":"https:\/\/avrupapress.com\/main\/wp-json\/wp\/v2\/posts"}],"about":[{"href":"https:\/\/avrupapress.com\/main\/wp-json\/wp\/v2\/types\/post"}],"author":[{"embeddable":true,"href":"https:\/\/avrupapress.com\/main\/wp-json\/wp\/v2\/users\/3"}],"replies":[{"embeddable":true,"href":"https:\/\/avrupapress.com\/main\/wp-json\/wp\/v2\/comments?post=36261"}],"version-history":[{"count":1,"href":"https:\/\/avrupapress.com\/main\/wp-json\/wp\/v2\/posts\/36261\/revisions"}],"predecessor-version":[{"id":36263,"href":"https:\/\/avrupapress.com\/main\/wp-json\/wp\/v2\/posts\/36261\/revisions\/36263"}],"wp:featuredmedia":[{"embeddable":true,"href":"https:\/\/avrupapress.com\/main\/wp-json\/wp\/v2\/media\/36262"}],"wp:attachment":[{"href":"https:\/\/avrupapress.com\/main\/wp-json\/wp\/v2\/media?parent=36261"}],"wp:term":[{"taxonomy":"category","embeddable":true,"href":"https:\/\/avrupapress.com\/main\/wp-json\/wp\/v2\/categories?post=36261"},{"taxonomy":"post_tag","embeddable":true,"href":"https:\/\/avrupapress.com\/main\/wp-json\/wp\/v2\/tags?post=36261"}],"curies":[{"name":"wp","href":"https:\/\/api.w.org\/{rel}","templated":true}]}}