{"id":36247,"date":"2026-08-31T18:51:26","date_gmt":"2026-08-31T18:51:26","guid":{"rendered":"https:\/\/avrupapress.com\/main\/?p=36247"},"modified":"2026-08-31T19:26:04","modified_gmt":"2026-08-31T19:26:04","slug":"ithal-gelin","status":"publish","type":"post","link":"https:\/\/avrupapress.com\/main\/2026\/08\/31\/ithal-gelin\/","title":{"rendered":"\u0130thal Gelin"},"content":{"rendered":"<p>&nbsp;<\/p>\n<p>Yurt d\u0131\u015f\u0131na gelin olarak gelen her kad\u0131n\u0131n hik\u00e2yesi ayn\u0131 de\u011fildir. Kimi yeni bir \u00fclkede g\u00fczel bir hayat kurarken, kimi de ailesinden, dilinden ve al\u0131\u015ft\u0131\u011f\u0131 d\u00fcnyadan uzakta \u00e7ok a\u011f\u0131r s\u0131navlardan ge\u00e7er.<\/p>\n<p>Yeni bir \u00fclkeye geldi\u011finizde dili bilmiyorsan\u0131z, \u00e7evreniz yoksa ve kendi ayaklar\u0131n\u0131z \u00fczerinde duracak imk\u00e2nlara hen\u00fcz sahip de\u011filseniz hayat ba\u015fkalar\u0131n\u0131n insaf\u0131na kalabilir. Baz\u0131 kad\u0131nlar y\u0131llarca \u00f6zg\u00fcrce d\u0131\u015far\u0131 \u00e7\u0131kamadan, sevdikleriyle istedikleri zaman g\u00f6r\u00fc\u015femeden, a\u011f\u0131r sorumluluklar\u0131n alt\u0131nda sessizce ya\u015famaya \u00e7al\u0131\u015fm\u0131\u015ft\u0131r. Bazen hastal\u0131\u011f\u0131n\u0131 bile anlatamam\u0131\u015f, do\u011fruyu \u00f6\u011frenebilmek i\u00e7in ba\u015fkalar\u0131n\u0131n s\u00f6yledi\u011fine g\u00fcvenmek zorunda kalm\u0131\u015ft\u0131r.<\/p>\n<p>D\u0131\u015far\u0131dan bak\u0131ld\u0131\u011f\u0131nda \u201cyurt d\u0131\u015f\u0131nda ya\u015f\u0131yor\u201d denilerek g\u00fczel g\u00f6r\u00fcnen bir hayat\u0131n i\u00e7inde, kimsenin bilmedi\u011fi yaln\u0131zl\u0131klar olabilir. Maddi s\u0131k\u0131nt\u0131, a\u011f\u0131r \u00e7al\u0131\u015fma \u015fartlar\u0131, aile bask\u0131s\u0131 ve memleket \u00f6zlemi insan\u0131n i\u00e7inde derin izler b\u0131rakabilir. En ac\u0131s\u0131 da \u00e7o\u011fu zaman insan\u0131n ya\u015fad\u0131klar\u0131n\u0131 ailesine anlatamamas\u0131 ve g\u00fc\u00e7l\u00fc g\u00f6r\u00fcnmeye \u00e7al\u0131\u015fmas\u0131d\u0131r.<\/p>\n<p>Belki de ge\u00e7mi\u015fte ya\u015fanan bu ac\u0131lar y\u00fcz\u00fcnden bug\u00fcn baz\u0131 gelinler e\u015flerinin ailelerine kar\u015f\u0131 daha mesafeli davran\u0131yor. \u00c7\u00fcnk\u00fc i\u00e7lerinde, \u201c\u00c7ok yakla\u015f\u0131rsam \u00fcz\u00fcl\u00fcr m\u00fcy\u00fcm, ezilir miyim?\u201d korkusu ta\u015f\u0131yor olabilirler. Oysa aile olmak korkuyla de\u011fil, sevgiyle kurulmal\u0131d\u0131r.<\/p>\n<p>O\u011flumuz varsa gelinimiz, k\u0131z\u0131m\u0131z varsa damad\u0131m\u0131z olacakt\u0131r. Kendi evlad\u0131m\u0131za g\u00f6sterdi\u011fimiz de\u011feri, onun hayat\u0131n\u0131 payla\u015ft\u0131\u011f\u0131 insandan esirgememeliyiz. Gen\u00e7lerin yuvalar\u0131na m\u00fcdahale etmek yerine huzurlar\u0131na katk\u0131 sa\u011flamal\u0131, onlar\u0131 birbirinden uzakla\u015ft\u0131rmak yerine birbirlerine yakla\u015ft\u0131rmal\u0131y\u0131z.<\/p>\n<p>Hepimiz hata yapabiliriz. Fakat \u00f6z\u00fcr dilemek insan\u0131 k\u00fc\u00e7\u00fcltmez. Bir \u00e7ocu\u011fun, bir gelinin, bir damad\u0131n ya da bir e\u015fin kalbini k\u0131rd\u0131\u011f\u0131m\u0131zda, o kalbi hayattayken onarmaya \u00e7al\u0131\u015fmak gerekir.<\/p>\n<p>\u00c7\u00fcnk\u00fc bu d\u00fcnya kimseye kalm\u0131yor. Geriye ne mal ne de makam kal\u0131yor; insanlar\u0131n kalbinde b\u0131rakt\u0131\u011f\u0131m\u0131z iyilik ya da k\u0131rg\u0131nl\u0131k kal\u0131yor.<\/p>\n<p>Ke\u015fke hi\u00e7bir insan\u0131n iyi niyeti, sevgisi ve \u00e7aresizli\u011fi ba\u015fkalar\u0131 taraf\u0131ndan kullan\u0131lmasa. Ke\u015fke aileler gen\u00e7lerin hayat\u0131na y\u00fck olmak yerine onlar\u0131n s\u0131\u011f\u0131naca\u011f\u0131 g\u00fcvenli bir liman olabilse.<\/p>\n<p><strong>Gurbet\u00a0 \u00a0 \u00a0 \/\u00a0 \u00a0 \u00a0 AVRUPAPRESS<\/strong><\/p>\n","protected":false},"excerpt":{"rendered":"<p>&nbsp; Yurt d\u0131\u015f\u0131na gelin olarak gelen her kad\u0131n\u0131n hik\u00e2yesi ayn\u0131 de\u011fildir. Kimi yeni bir \u00fclkede g\u00fczel bir hayat kurarken, kimi de ailesinden, dilinden ve al\u0131\u015ft\u0131\u011f\u0131 d\u00fcnyadan uzakta \u00e7ok a\u011f\u0131r s\u0131navlardan ge\u00e7er. Yeni bir \u00fclkeye geldi\u011finizde dili bilmiyorsan\u0131z, \u00e7evreniz yoksa ve kendi ayaklar\u0131n\u0131z \u00fczerinde duracak imk\u00e2nlara hen\u00fcz sahip de\u011filseniz hayat ba\u015fkalar\u0131n\u0131n insaf\u0131na kalabilir. Baz\u0131 kad\u0131nlar y\u0131llarca [&hellip;]<\/p>\n","protected":false},"author":3,"featured_media":36248,"comment_status":"closed","ping_status":"open","sticky":false,"template":"","format":"standard","meta":{"footnotes":""},"categories":[14,16,3,17,18,15,19,2,1],"tags":[],"class_list":["post-36247","post","type-post","status-publish","format-standard","has-post-thumbnail","hentry","category-avrupa","category-belcika","category-dunya","category-ekonomi","category-kultur-sanat","category-spor","category-tanitim","category-turkiye","category-uncategorized"],"yoast_head":"<!-- This site is optimized with the Yoast SEO plugin v26.9 - https:\/\/yoast.com\/product\/yoast-seo-wordpress\/ -->\n<title>\u0130thal Gelin - AvrupaPress<\/title>\n<meta name=\"robots\" content=\"index, follow, max-snippet:-1, max-image-preview:large, max-video-preview:-1\" \/>\n<link rel=\"canonical\" href=\"https:\/\/avrupapress.com\/main\/2026\/08\/31\/ithal-gelin\/\" \/>\n<meta property=\"og:locale\" content=\"fr_FR\" \/>\n<meta property=\"og:type\" content=\"article\" \/>\n<meta property=\"og:title\" content=\"\u0130thal Gelin - AvrupaPress\" \/>\n<meta property=\"og:description\" content=\"&nbsp; Yurt d\u0131\u015f\u0131na gelin olarak gelen her kad\u0131n\u0131n hik\u00e2yesi ayn\u0131 de\u011fildir. Kimi yeni bir \u00fclkede g\u00fczel bir hayat kurarken, kimi de ailesinden, dilinden ve al\u0131\u015ft\u0131\u011f\u0131 d\u00fcnyadan uzakta \u00e7ok a\u011f\u0131r s\u0131navlardan ge\u00e7er. Yeni bir \u00fclkeye geldi\u011finizde dili bilmiyorsan\u0131z, \u00e7evreniz yoksa ve kendi ayaklar\u0131n\u0131z \u00fczerinde duracak imk\u00e2nlara hen\u00fcz sahip de\u011filseniz hayat ba\u015fkalar\u0131n\u0131n insaf\u0131na kalabilir. Baz\u0131 kad\u0131nlar y\u0131llarca [&hellip;]\" \/>\n<meta property=\"og:url\" content=\"https:\/\/avrupapress.com\/main\/2026\/08\/31\/ithal-gelin\/\" \/>\n<meta property=\"og:site_name\" content=\"AvrupaPress\" \/>\n<meta property=\"article:published_time\" content=\"2026-08-31T18:51:26+00:00\" \/>\n<meta property=\"article:modified_time\" content=\"2026-08-31T19:26:04+00:00\" \/>\n<meta property=\"og:image\" content=\"https:\/\/avrupapress.com\/main\/wp-content\/uploads\/2026\/08\/Screenshot_20260831_204311_WhatsApp.jpg\" \/>\n\t<meta property=\"og:image:width\" content=\"1080\" \/>\n\t<meta property=\"og:image:height\" content=\"736\" \/>\n\t<meta property=\"og:image:type\" content=\"image\/jpeg\" \/>\n<meta name=\"author\" content=\"Edit\u00f6r\" \/>\n<meta name=\"twitter:card\" content=\"summary_large_image\" \/>\n<meta name=\"twitter:label1\" content=\"\u00c9crit par\" \/>\n\t<meta name=\"twitter:data1\" content=\"Edit\u00f6r\" \/>\n\t<meta name=\"twitter:label2\" content=\"Dur\u00e9e de lecture est.\" \/>\n\t<meta name=\"twitter:data2\" content=\"2 minutes\" \/>\n<script type=\"application\/ld+json\" class=\"yoast-schema-graph\">{\"@context\":\"https:\/\/schema.org\",\"@graph\":[{\"@type\":\"Article\",\"@id\":\"https:\/\/avrupapress.com\/main\/2026\/08\/31\/ithal-gelin\/#article\",\"isPartOf\":{\"@id\":\"https:\/\/avrupapress.com\/main\/2026\/08\/31\/ithal-gelin\/\"},\"author\":{\"name\":\"Edit\u00f6r\",\"@id\":\"https:\/\/avrupapress.com\/#\/schema\/person\/68428444ec60970d1e1b700cf4ca1e8f\"},\"headline\":\"\u0130thal Gelin\",\"datePublished\":\"2026-08-31T18:51:26+00:00\",\"dateModified\":\"2026-08-31T19:26:04+00:00\",\"mainEntityOfPage\":{\"@id\":\"https:\/\/avrupapress.com\/main\/2026\/08\/31\/ithal-gelin\/\"},\"wordCount\":419,\"publisher\":{\"@id\":\"https:\/\/avrupapress.com\/#\/schema\/person\/0223dca19c72c43575bf30d1a2d8f4fa\"},\"image\":{\"@id\":\"https:\/\/avrupapress.com\/main\/2026\/08\/31\/ithal-gelin\/#primaryimage\"},\"thumbnailUrl\":\"https:\/\/avrupapress.com\/main\/wp-content\/uploads\/2026\/08\/Screenshot_20260831_204311_WhatsApp.jpg\",\"articleSection\":[\"Avrupa\",\"Bel\u00e7ika\",\"D\u00fcnya\",\"Ekonomi\",\"K\u00fclt\u00fcr-Sanat\",\"Spor\",\"Tan\u0131t\u0131m\",\"T\u00fcrkiye\",\"Uncategorized\"],\"inLanguage\":\"fr-BE\"},{\"@type\":\"WebPage\",\"@id\":\"https:\/\/avrupapress.com\/main\/2026\/08\/31\/ithal-gelin\/\",\"url\":\"https:\/\/avrupapress.com\/main\/2026\/08\/31\/ithal-gelin\/\",\"name\":\"\u0130thal Gelin - AvrupaPress\",\"isPartOf\":{\"@id\":\"https:\/\/avrupapress.com\/#website\"},\"primaryImageOfPage\":{\"@id\":\"https:\/\/avrupapress.com\/main\/2026\/08\/31\/ithal-gelin\/#primaryimage\"},\"image\":{\"@id\":\"https:\/\/avrupapress.com\/main\/2026\/08\/31\/ithal-gelin\/#primaryimage\"},\"thumbnailUrl\":\"https:\/\/avrupapress.com\/main\/wp-content\/uploads\/2026\/08\/Screenshot_20260831_204311_WhatsApp.jpg\",\"datePublished\":\"2026-08-31T18:51:26+00:00\",\"dateModified\":\"2026-08-31T19:26:04+00:00\",\"breadcrumb\":{\"@id\":\"https:\/\/avrupapress.com\/main\/2026\/08\/31\/ithal-gelin\/#breadcrumb\"},\"inLanguage\":\"fr-BE\",\"potentialAction\":[{\"@type\":\"ReadAction\",\"target\":[\"https:\/\/avrupapress.com\/main\/2026\/08\/31\/ithal-gelin\/\"]}]},{\"@type\":\"ImageObject\",\"inLanguage\":\"fr-BE\",\"@id\":\"https:\/\/avrupapress.com\/main\/2026\/08\/31\/ithal-gelin\/#primaryimage\",\"url\":\"https:\/\/avrupapress.com\/main\/wp-content\/uploads\/2026\/08\/Screenshot_20260831_204311_WhatsApp.jpg\",\"contentUrl\":\"https:\/\/avrupapress.com\/main\/wp-content\/uploads\/2026\/08\/Screenshot_20260831_204311_WhatsApp.jpg\",\"width\":1080,\"height\":736},{\"@type\":\"BreadcrumbList\",\"@id\":\"https:\/\/avrupapress.com\/main\/2026\/08\/31\/ithal-gelin\/#breadcrumb\",\"itemListElement\":[{\"@type\":\"ListItem\",\"position\":1,\"name\":\"Anasayfa\",\"item\":\"https:\/\/avrupapress.com\/\"},{\"@type\":\"ListItem\",\"position\":2,\"name\":\"\u0130thal Gelin\"}]},{\"@type\":\"WebSite\",\"@id\":\"https:\/\/avrupapress.com\/#website\",\"url\":\"https:\/\/avrupapress.com\/\",\"name\":\"AvrupaPress\",\"description\":\"Haberin Adresi\",\"publisher\":{\"@id\":\"https:\/\/avrupapress.com\/#\/schema\/person\/0223dca19c72c43575bf30d1a2d8f4fa\"},\"potentialAction\":[{\"@type\":\"SearchAction\",\"target\":{\"@type\":\"EntryPoint\",\"urlTemplate\":\"https:\/\/avrupapress.com\/?s={search_term_string}\"},\"query-input\":{\"@type\":\"PropertyValueSpecification\",\"valueRequired\":true,\"valueName\":\"search_term_string\"}}],\"inLanguage\":\"fr-BE\"},{\"@type\":[\"Person\",\"Organization\"],\"@id\":\"https:\/\/avrupapress.com\/#\/schema\/person\/0223dca19c72c43575bf30d1a2d8f4fa\",\"name\":\"Bilgin \u00d6z\u00e7ift\u00e7i\",\"image\":{\"@type\":\"ImageObject\",\"inLanguage\":\"fr-BE\",\"@id\":\"https:\/\/avrupapress.com\/#\/schema\/person\/image\/\",\"url\":\"https:\/\/secure.gravatar.com\/avatar\/0f23b280433a21e1ea7a0adcc46ed0ad16afe3ad8e630fd13d8a017dcbd54ef3?s=96&d=mm&r=g\",\"contentUrl\":\"https:\/\/secure.gravatar.com\/avatar\/0f23b280433a21e1ea7a0adcc46ed0ad16afe3ad8e630fd13d8a017dcbd54ef3?s=96&d=mm&r=g\",\"caption\":\"Bilgin \u00d6z\u00e7ift\u00e7i\"},\"logo\":{\"@id\":\"https:\/\/avrupapress.com\/#\/schema\/person\/image\/\"},\"description\":\"Ne ben, nede sen... Biz ancak \\\"biz\\\" olursak g\u00fc\u00e7l\u00fc olabiliriz\"},{\"@type\":\"Person\",\"@id\":\"https:\/\/avrupapress.com\/#\/schema\/person\/68428444ec60970d1e1b700cf4ca1e8f\",\"name\":\"Edit\u00f6r\",\"image\":{\"@type\":\"ImageObject\",\"inLanguage\":\"fr-BE\",\"@id\":\"https:\/\/avrupapress.com\/#\/schema\/person\/image\/\",\"url\":\"https:\/\/secure.gravatar.com\/avatar\/74996b0977aa5f1559ba9883776652508b229005c0d78fb2597897f0bd651c09?s=96&d=mm&r=g\",\"contentUrl\":\"https:\/\/secure.gravatar.com\/avatar\/74996b0977aa5f1559ba9883776652508b229005c0d78fb2597897f0bd651c09?s=96&d=mm&r=g\",\"caption\":\"Edit\u00f6r\"},\"sameAs\":[\"http:\/\/www.avrupapress.com\"],\"url\":\"https:\/\/avrupapress.com\/main\/author\/editor\/\"}]}<\/script>\n<!-- \/ Yoast SEO plugin. -->","yoast_head_json":{"title":"\u0130thal Gelin - AvrupaPress","robots":{"index":"index","follow":"follow","max-snippet":"max-snippet:-1","max-image-preview":"max-image-preview:large","max-video-preview":"max-video-preview:-1"},"canonical":"https:\/\/avrupapress.com\/main\/2026\/08\/31\/ithal-gelin\/","og_locale":"fr_FR","og_type":"article","og_title":"\u0130thal Gelin - AvrupaPress","og_description":"&nbsp; Yurt d\u0131\u015f\u0131na gelin olarak gelen her kad\u0131n\u0131n hik\u00e2yesi ayn\u0131 de\u011fildir. Kimi yeni bir \u00fclkede g\u00fczel bir hayat kurarken, kimi de ailesinden, dilinden ve al\u0131\u015ft\u0131\u011f\u0131 d\u00fcnyadan uzakta \u00e7ok a\u011f\u0131r s\u0131navlardan ge\u00e7er. Yeni bir \u00fclkeye geldi\u011finizde dili bilmiyorsan\u0131z, \u00e7evreniz yoksa ve kendi ayaklar\u0131n\u0131z \u00fczerinde duracak imk\u00e2nlara hen\u00fcz sahip de\u011filseniz hayat ba\u015fkalar\u0131n\u0131n insaf\u0131na kalabilir. Baz\u0131 kad\u0131nlar y\u0131llarca [&hellip;]","og_url":"https:\/\/avrupapress.com\/main\/2026\/08\/31\/ithal-gelin\/","og_site_name":"AvrupaPress","article_published_time":"2026-08-31T18:51:26+00:00","article_modified_time":"2026-08-31T19:26:04+00:00","og_image":[{"width":1080,"height":736,"url":"https:\/\/avrupapress.com\/main\/wp-content\/uploads\/2026\/08\/Screenshot_20260831_204311_WhatsApp.jpg","type":"image\/jpeg"}],"author":"Edit\u00f6r","twitter_card":"summary_large_image","twitter_misc":{"\u00c9crit par":"Edit\u00f6r","Dur\u00e9e de lecture est.":"2 minutes"},"schema":{"@context":"https:\/\/schema.org","@graph":[{"@type":"Article","@id":"https:\/\/avrupapress.com\/main\/2026\/08\/31\/ithal-gelin\/#article","isPartOf":{"@id":"https:\/\/avrupapress.com\/main\/2026\/08\/31\/ithal-gelin\/"},"author":{"name":"Edit\u00f6r","@id":"https:\/\/avrupapress.com\/#\/schema\/person\/68428444ec60970d1e1b700cf4ca1e8f"},"headline":"\u0130thal Gelin","datePublished":"2026-08-31T18:51:26+00:00","dateModified":"2026-08-31T19:26:04+00:00","mainEntityOfPage":{"@id":"https:\/\/avrupapress.com\/main\/2026\/08\/31\/ithal-gelin\/"},"wordCount":419,"publisher":{"@id":"https:\/\/avrupapress.com\/#\/schema\/person\/0223dca19c72c43575bf30d1a2d8f4fa"},"image":{"@id":"https:\/\/avrupapress.com\/main\/2026\/08\/31\/ithal-gelin\/#primaryimage"},"thumbnailUrl":"https:\/\/avrupapress.com\/main\/wp-content\/uploads\/2026\/08\/Screenshot_20260831_204311_WhatsApp.jpg","articleSection":["Avrupa","Bel\u00e7ika","D\u00fcnya","Ekonomi","K\u00fclt\u00fcr-Sanat","Spor","Tan\u0131t\u0131m","T\u00fcrkiye","Uncategorized"],"inLanguage":"fr-BE"},{"@type":"WebPage","@id":"https:\/\/avrupapress.com\/main\/2026\/08\/31\/ithal-gelin\/","url":"https:\/\/avrupapress.com\/main\/2026\/08\/31\/ithal-gelin\/","name":"\u0130thal Gelin - AvrupaPress","isPartOf":{"@id":"https:\/\/avrupapress.com\/#website"},"primaryImageOfPage":{"@id":"https:\/\/avrupapress.com\/main\/2026\/08\/31\/ithal-gelin\/#primaryimage"},"image":{"@id":"https:\/\/avrupapress.com\/main\/2026\/08\/31\/ithal-gelin\/#primaryimage"},"thumbnailUrl":"https:\/\/avrupapress.com\/main\/wp-content\/uploads\/2026\/08\/Screenshot_20260831_204311_WhatsApp.jpg","datePublished":"2026-08-31T18:51:26+00:00","dateModified":"2026-08-31T19:26:04+00:00","breadcrumb":{"@id":"https:\/\/avrupapress.com\/main\/2026\/08\/31\/ithal-gelin\/#breadcrumb"},"inLanguage":"fr-BE","potentialAction":[{"@type":"ReadAction","target":["https:\/\/avrupapress.com\/main\/2026\/08\/31\/ithal-gelin\/"]}]},{"@type":"ImageObject","inLanguage":"fr-BE","@id":"https:\/\/avrupapress.com\/main\/2026\/08\/31\/ithal-gelin\/#primaryimage","url":"https:\/\/avrupapress.com\/main\/wp-content\/uploads\/2026\/08\/Screenshot_20260831_204311_WhatsApp.jpg","contentUrl":"https:\/\/avrupapress.com\/main\/wp-content\/uploads\/2026\/08\/Screenshot_20260831_204311_WhatsApp.jpg","width":1080,"height":736},{"@type":"BreadcrumbList","@id":"https:\/\/avrupapress.com\/main\/2026\/08\/31\/ithal-gelin\/#breadcrumb","itemListElement":[{"@type":"ListItem","position":1,"name":"Anasayfa","item":"https:\/\/avrupapress.com\/"},{"@type":"ListItem","position":2,"name":"\u0130thal Gelin"}]},{"@type":"WebSite","@id":"https:\/\/avrupapress.com\/#website","url":"https:\/\/avrupapress.com\/","name":"AvrupaPress","description":"Haberin Adresi","publisher":{"@id":"https:\/\/avrupapress.com\/#\/schema\/person\/0223dca19c72c43575bf30d1a2d8f4fa"},"potentialAction":[{"@type":"SearchAction","target":{"@type":"EntryPoint","urlTemplate":"https:\/\/avrupapress.com\/?s={search_term_string}"},"query-input":{"@type":"PropertyValueSpecification","valueRequired":true,"valueName":"search_term_string"}}],"inLanguage":"fr-BE"},{"@type":["Person","Organization"],"@id":"https:\/\/avrupapress.com\/#\/schema\/person\/0223dca19c72c43575bf30d1a2d8f4fa","name":"Bilgin \u00d6z\u00e7ift\u00e7i","image":{"@type":"ImageObject","inLanguage":"fr-BE","@id":"https:\/\/avrupapress.com\/#\/schema\/person\/image\/","url":"https:\/\/secure.gravatar.com\/avatar\/0f23b280433a21e1ea7a0adcc46ed0ad16afe3ad8e630fd13d8a017dcbd54ef3?s=96&d=mm&r=g","contentUrl":"https:\/\/secure.gravatar.com\/avatar\/0f23b280433a21e1ea7a0adcc46ed0ad16afe3ad8e630fd13d8a017dcbd54ef3?s=96&d=mm&r=g","caption":"Bilgin \u00d6z\u00e7ift\u00e7i"},"logo":{"@id":"https:\/\/avrupapress.com\/#\/schema\/person\/image\/"},"description":"Ne ben, nede sen... Biz ancak \"biz\" olursak g\u00fc\u00e7l\u00fc olabiliriz"},{"@type":"Person","@id":"https:\/\/avrupapress.com\/#\/schema\/person\/68428444ec60970d1e1b700cf4ca1e8f","name":"Edit\u00f6r","image":{"@type":"ImageObject","inLanguage":"fr-BE","@id":"https:\/\/avrupapress.com\/#\/schema\/person\/image\/","url":"https:\/\/secure.gravatar.com\/avatar\/74996b0977aa5f1559ba9883776652508b229005c0d78fb2597897f0bd651c09?s=96&d=mm&r=g","contentUrl":"https:\/\/secure.gravatar.com\/avatar\/74996b0977aa5f1559ba9883776652508b229005c0d78fb2597897f0bd651c09?s=96&d=mm&r=g","caption":"Edit\u00f6r"},"sameAs":["http:\/\/www.avrupapress.com"],"url":"https:\/\/avrupapress.com\/main\/author\/editor\/"}]}},"_links":{"self":[{"href":"https:\/\/avrupapress.com\/main\/wp-json\/wp\/v2\/posts\/36247","targetHints":{"allow":["GET"]}}],"collection":[{"href":"https:\/\/avrupapress.com\/main\/wp-json\/wp\/v2\/posts"}],"about":[{"href":"https:\/\/avrupapress.com\/main\/wp-json\/wp\/v2\/types\/post"}],"author":[{"embeddable":true,"href":"https:\/\/avrupapress.com\/main\/wp-json\/wp\/v2\/users\/3"}],"replies":[{"embeddable":true,"href":"https:\/\/avrupapress.com\/main\/wp-json\/wp\/v2\/comments?post=36247"}],"version-history":[{"count":2,"href":"https:\/\/avrupapress.com\/main\/wp-json\/wp\/v2\/posts\/36247\/revisions"}],"predecessor-version":[{"id":36250,"href":"https:\/\/avrupapress.com\/main\/wp-json\/wp\/v2\/posts\/36247\/revisions\/36250"}],"wp:featuredmedia":[{"embeddable":true,"href":"https:\/\/avrupapress.com\/main\/wp-json\/wp\/v2\/media\/36248"}],"wp:attachment":[{"href":"https:\/\/avrupapress.com\/main\/wp-json\/wp\/v2\/media?parent=36247"}],"wp:term":[{"taxonomy":"category","embeddable":true,"href":"https:\/\/avrupapress.com\/main\/wp-json\/wp\/v2\/categories?post=36247"},{"taxonomy":"post_tag","embeddable":true,"href":"https:\/\/avrupapress.com\/main\/wp-json\/wp\/v2\/tags?post=36247"}],"curies":[{"name":"wp","href":"https:\/\/api.w.org\/{rel}","templated":true}]}}