{"id":36244,"date":"2026-08-31T12:17:19","date_gmt":"2026-08-31T12:17:19","guid":{"rendered":"https:\/\/avrupapress.com\/main\/?p=36244"},"modified":"2026-08-31T12:17:27","modified_gmt":"2026-08-31T12:17:27","slug":"36244","status":"publish","type":"post","link":"https:\/\/avrupapress.com\/main\/2026\/08\/31\/36244\/","title":{"rendered":""},"content":{"rendered":"<p><strong>HABER \/ FOTO\u011eRAF: ERTU\u011eRUL ALTINEL \u2013 B\u0130LG\u0130N \u00d6Z\u00c7\u0130FT\u00c7\u0130 \u2013 AVRUPA PRESS \u2013 BEL\u00c7\u0130KA<\/strong><\/p>\n<p>Eski\u015fehir\u2019de 30 A\u011fustos Zafer Bayram\u0131\u2019nda \u015fehitler; rahmetle ve minnetle an\u0131ld\u0131 ve zaferler gururla kutland\u0131.<br \/>\nEski\u015fehir K\u0131z\u0131lelma Turan Derne\u011fi\u2019nde 30 A\u011fustos Zafer Bayram\u0131 nedeniyle kutlama program\u0131 d\u00fczenlendi. Programda: bir dakikal\u0131k \u015fehitlerimiz i\u00e7in sayg\u0131 duru\u015fu yap\u0131ld\u0131 ve akabinde hep birlikte \u0130stiklal Mar\u015f\u0131 s\u00f6ylendi. Kur\u2019an-\u0131 Kerim Tilaveti okundu ve \u015fehitlerimiz i\u00e7in dualar edildi.<br \/>\nProgramda: Dernek Ba\u015fkan\u0131 Ahmet H\u0131zlan yapt\u0131\u011f\u0131 konu\u015fmas\u0131nda, \u2018\u201930 A\u011fustos Zafer Bayram\u0131, milletimizin ba\u011f\u0131ms\u0131zl\u0131k ve \u00f6zg\u00fcrl\u00fck u\u011fruna verdi\u011fi e\u015fsiz m\u00fccadelenin zaferle ta\u00e7land\u0131\u011f\u0131 tarihimizin en \u00f6nemli d\u00f6n\u00fcm noktalar\u0131ndan biridir. B\u00fcy\u00fck Taarruzun 30 A\u011fustos 1922 tarihinde kesin zaferle sonu\u00e7lanmas\u0131, yaln\u0131zca bir askeri ba\u015far\u0131 de\u011fil, ayn\u0131 zamanda milletimizin ba\u011f\u0131ms\u0131z ya\u015fama kararl\u0131l\u0131\u011f\u0131n\u0131n birlik ve beraberlik ruhunun t\u00fcm d\u00fcnyaya ilan\u0131d\u0131r. Bu b\u00fcy\u00fck zafer Gazi Mustafa Kemal Atat\u00fcrk \u00f6nderli\u011finde, milletimizin inan\u00e7, cesaret ve fedak\u00e2rl\u0131\u011f\u0131yla kazan\u0131lm\u0131\u015ft\u0131r. Ge\u00e7mi\u015ften ald\u0131\u011f\u0131m\u0131z g\u00fc\u00e7 ve ilhamla, gelecek nesillere g\u00fc\u00e7l\u00fc, demokratik ve m\u00fcreffeh bir T\u00fcrkiye b\u0131rakmak ortak sorumlulu\u011fumuzdur. \u015eehitlerimizin, yatt\u0131klar\u0131 yer nur, mek\u00e2nlar\u0131 cennet olsun. Rabbim birli\u011fimizi, dirli\u011fimizi daim etsin. T\u00fcrk\u00e7\u00fcl\u00fck, T\u00fcrk devletleri ebediyete kadar var olsun\u2019\u2019 dedi.<br \/>\nProgram sonunda; izleyici ve davetlilere helva ikram\u0131 yap\u0131ld\u0131.<\/p>\n<p><strong>HABER \/ FOTO\u011eRAF: ERTU\u011eRUL ALTINEL \u2013 B\u0130LG\u0130N \u00d6Z\u00c7\u0130FT\u00c7\u0130 \u2013 AVRUPA PRESS \u2013 BEL\u00c7\u0130KA<\/strong><\/p>\n","protected":false},"excerpt":{"rendered":"<p>HABER \/ FOTO\u011eRAF: ERTU\u011eRUL ALTINEL \u2013 B\u0130LG\u0130N \u00d6Z\u00c7\u0130FT\u00c7\u0130 \u2013 AVRUPA PRESS \u2013 BEL\u00c7\u0130KA Eski\u015fehir\u2019de 30 A\u011fustos Zafer Bayram\u0131\u2019nda \u015fehitler; rahmetle ve minnetle an\u0131ld\u0131 ve zaferler gururla kutland\u0131. Eski\u015fehir K\u0131z\u0131lelma Turan Derne\u011fi\u2019nde 30 A\u011fustos Zafer Bayram\u0131 nedeniyle kutlama program\u0131 d\u00fczenlendi. Programda: bir dakikal\u0131k \u015fehitlerimiz i\u00e7in sayg\u0131 duru\u015fu yap\u0131ld\u0131 ve akabinde hep birlikte \u0130stiklal Mar\u015f\u0131 s\u00f6ylendi. Kur\u2019an-\u0131 [&hellip;]<\/p>\n","protected":false},"author":3,"featured_media":36245,"comment_status":"closed","ping_status":"open","sticky":false,"template":"","format":"standard","meta":{"footnotes":""},"categories":[14,16,3,17,18,15,19,2,1],"tags":[],"class_list":["post-36244","post","type-post","status-publish","format-standard","has-post-thumbnail","hentry","category-avrupa","category-belcika","category-dunya","category-ekonomi","category-kultur-sanat","category-spor","category-tanitim","category-turkiye","category-uncategorized"],"yoast_head":"<!-- This site is optimized with the Yoast SEO plugin v26.9 - https:\/\/yoast.com\/product\/yoast-seo-wordpress\/ -->\n<title>- AvrupaPress<\/title>\n<meta name=\"robots\" content=\"index, follow, max-snippet:-1, max-image-preview:large, max-video-preview:-1\" \/>\n<link rel=\"canonical\" href=\"https:\/\/avrupapress.com\/main\/2026\/08\/31\/36244\/\" \/>\n<meta property=\"og:locale\" content=\"fr_FR\" \/>\n<meta property=\"og:type\" content=\"article\" \/>\n<meta property=\"og:title\" content=\"- AvrupaPress\" \/>\n<meta property=\"og:description\" content=\"HABER \/ FOTO\u011eRAF: ERTU\u011eRUL ALTINEL \u2013 B\u0130LG\u0130N \u00d6Z\u00c7\u0130FT\u00c7\u0130 \u2013 AVRUPA PRESS \u2013 BEL\u00c7\u0130KA Eski\u015fehir\u2019de 30 A\u011fustos Zafer Bayram\u0131\u2019nda \u015fehitler; rahmetle ve minnetle an\u0131ld\u0131 ve zaferler gururla kutland\u0131. Eski\u015fehir K\u0131z\u0131lelma Turan Derne\u011fi\u2019nde 30 A\u011fustos Zafer Bayram\u0131 nedeniyle kutlama program\u0131 d\u00fczenlendi. Programda: bir dakikal\u0131k \u015fehitlerimiz i\u00e7in sayg\u0131 duru\u015fu yap\u0131ld\u0131 ve akabinde hep birlikte \u0130stiklal Mar\u015f\u0131 s\u00f6ylendi. Kur\u2019an-\u0131 [&hellip;]\" \/>\n<meta property=\"og:url\" content=\"https:\/\/avrupapress.com\/main\/2026\/08\/31\/36244\/\" \/>\n<meta property=\"og:site_name\" content=\"AvrupaPress\" \/>\n<meta property=\"article:published_time\" content=\"2026-08-31T12:17:19+00:00\" \/>\n<meta property=\"article:modified_time\" content=\"2026-08-31T12:17:27+00:00\" \/>\n<meta property=\"og:image\" content=\"https:\/\/avrupapress.com\/main\/wp-content\/uploads\/2026\/08\/Screenshot_20260831_141403_WhatsApp.jpg\" \/>\n\t<meta property=\"og:image:width\" content=\"1080\" \/>\n\t<meta property=\"og:image:height\" content=\"748\" \/>\n\t<meta property=\"og:image:type\" content=\"image\/jpeg\" \/>\n<meta name=\"author\" content=\"Edit\u00f6r\" \/>\n<meta name=\"twitter:card\" content=\"summary_large_image\" \/>\n<meta name=\"twitter:label1\" content=\"\u00c9crit par\" \/>\n\t<meta name=\"twitter:data1\" content=\"Edit\u00f6r\" \/>\n\t<meta name=\"twitter:label2\" content=\"Dur\u00e9e de lecture est.\" \/>\n\t<meta name=\"twitter:data2\" content=\"2 minutes\" \/>\n<script type=\"application\/ld+json\" class=\"yoast-schema-graph\">{\"@context\":\"https:\/\/schema.org\",\"@graph\":[{\"@type\":\"Article\",\"@id\":\"https:\/\/avrupapress.com\/main\/2026\/08\/31\/36244\/#article\",\"isPartOf\":{\"@id\":\"https:\/\/avrupapress.com\/main\/2026\/08\/31\/36244\/\"},\"author\":{\"name\":\"Edit\u00f6r\",\"@id\":\"https:\/\/avrupapress.com\/#\/schema\/person\/68428444ec60970d1e1b700cf4ca1e8f\"},\"headline\":\"Aucun titre\",\"datePublished\":\"2026-08-31T12:17:19+00:00\",\"dateModified\":\"2026-08-31T12:17:27+00:00\",\"mainEntityOfPage\":{\"@id\":\"https:\/\/avrupapress.com\/main\/2026\/08\/31\/36244\/\"},\"wordCount\":268,\"publisher\":{\"@id\":\"https:\/\/avrupapress.com\/#\/schema\/person\/0223dca19c72c43575bf30d1a2d8f4fa\"},\"image\":{\"@id\":\"https:\/\/avrupapress.com\/main\/2026\/08\/31\/36244\/#primaryimage\"},\"thumbnailUrl\":\"https:\/\/avrupapress.com\/main\/wp-content\/uploads\/2026\/08\/Screenshot_20260831_141403_WhatsApp.jpg\",\"articleSection\":[\"Avrupa\",\"Bel\u00e7ika\",\"D\u00fcnya\",\"Ekonomi\",\"K\u00fclt\u00fcr-Sanat\",\"Spor\",\"Tan\u0131t\u0131m\",\"T\u00fcrkiye\",\"Uncategorized\"],\"inLanguage\":\"fr-BE\"},{\"@type\":\"WebPage\",\"@id\":\"https:\/\/avrupapress.com\/main\/2026\/08\/31\/36244\/\",\"url\":\"https:\/\/avrupapress.com\/main\/2026\/08\/31\/36244\/\",\"name\":\"- AvrupaPress\",\"isPartOf\":{\"@id\":\"https:\/\/avrupapress.com\/#website\"},\"primaryImageOfPage\":{\"@id\":\"https:\/\/avrupapress.com\/main\/2026\/08\/31\/36244\/#primaryimage\"},\"image\":{\"@id\":\"https:\/\/avrupapress.com\/main\/2026\/08\/31\/36244\/#primaryimage\"},\"thumbnailUrl\":\"https:\/\/avrupapress.com\/main\/wp-content\/uploads\/2026\/08\/Screenshot_20260831_141403_WhatsApp.jpg\",\"datePublished\":\"2026-08-31T12:17:19+00:00\",\"dateModified\":\"2026-08-31T12:17:27+00:00\",\"inLanguage\":\"fr-BE\",\"potentialAction\":[{\"@type\":\"ReadAction\",\"target\":[\"https:\/\/avrupapress.com\/main\/2026\/08\/31\/36244\/\"]}]},{\"@type\":\"ImageObject\",\"inLanguage\":\"fr-BE\",\"@id\":\"https:\/\/avrupapress.com\/main\/2026\/08\/31\/36244\/#primaryimage\",\"url\":\"https:\/\/avrupapress.com\/main\/wp-content\/uploads\/2026\/08\/Screenshot_20260831_141403_WhatsApp.jpg\",\"contentUrl\":\"https:\/\/avrupapress.com\/main\/wp-content\/uploads\/2026\/08\/Screenshot_20260831_141403_WhatsApp.jpg\",\"width\":1080,\"height\":748},{\"@type\":\"WebSite\",\"@id\":\"https:\/\/avrupapress.com\/#website\",\"url\":\"https:\/\/avrupapress.com\/\",\"name\":\"AvrupaPress\",\"description\":\"Haberin Adresi\",\"publisher\":{\"@id\":\"https:\/\/avrupapress.com\/#\/schema\/person\/0223dca19c72c43575bf30d1a2d8f4fa\"},\"potentialAction\":[{\"@type\":\"SearchAction\",\"target\":{\"@type\":\"EntryPoint\",\"urlTemplate\":\"https:\/\/avrupapress.com\/?s={search_term_string}\"},\"query-input\":{\"@type\":\"PropertyValueSpecification\",\"valueRequired\":true,\"valueName\":\"search_term_string\"}}],\"inLanguage\":\"fr-BE\"},{\"@type\":[\"Person\",\"Organization\"],\"@id\":\"https:\/\/avrupapress.com\/#\/schema\/person\/0223dca19c72c43575bf30d1a2d8f4fa\",\"name\":\"Bilgin \u00d6z\u00e7ift\u00e7i\",\"image\":{\"@type\":\"ImageObject\",\"inLanguage\":\"fr-BE\",\"@id\":\"https:\/\/avrupapress.com\/#\/schema\/person\/image\/\",\"url\":\"https:\/\/secure.gravatar.com\/avatar\/0f23b280433a21e1ea7a0adcc46ed0ad16afe3ad8e630fd13d8a017dcbd54ef3?s=96&d=mm&r=g\",\"contentUrl\":\"https:\/\/secure.gravatar.com\/avatar\/0f23b280433a21e1ea7a0adcc46ed0ad16afe3ad8e630fd13d8a017dcbd54ef3?s=96&d=mm&r=g\",\"caption\":\"Bilgin \u00d6z\u00e7ift\u00e7i\"},\"logo\":{\"@id\":\"https:\/\/avrupapress.com\/#\/schema\/person\/image\/\"},\"description\":\"Ne ben, nede sen... Biz ancak \\\"biz\\\" olursak g\u00fc\u00e7l\u00fc olabiliriz\"},{\"@type\":\"Person\",\"@id\":\"https:\/\/avrupapress.com\/#\/schema\/person\/68428444ec60970d1e1b700cf4ca1e8f\",\"name\":\"Edit\u00f6r\",\"image\":{\"@type\":\"ImageObject\",\"inLanguage\":\"fr-BE\",\"@id\":\"https:\/\/avrupapress.com\/#\/schema\/person\/image\/\",\"url\":\"https:\/\/secure.gravatar.com\/avatar\/74996b0977aa5f1559ba9883776652508b229005c0d78fb2597897f0bd651c09?s=96&d=mm&r=g\",\"contentUrl\":\"https:\/\/secure.gravatar.com\/avatar\/74996b0977aa5f1559ba9883776652508b229005c0d78fb2597897f0bd651c09?s=96&d=mm&r=g\",\"caption\":\"Edit\u00f6r\"},\"sameAs\":[\"http:\/\/www.avrupapress.com\"],\"url\":\"https:\/\/avrupapress.com\/main\/author\/editor\/\"}]}<\/script>\n<!-- \/ Yoast SEO plugin. -->","yoast_head_json":{"title":"- AvrupaPress","robots":{"index":"index","follow":"follow","max-snippet":"max-snippet:-1","max-image-preview":"max-image-preview:large","max-video-preview":"max-video-preview:-1"},"canonical":"https:\/\/avrupapress.com\/main\/2026\/08\/31\/36244\/","og_locale":"fr_FR","og_type":"article","og_title":"- AvrupaPress","og_description":"HABER \/ FOTO\u011eRAF: ERTU\u011eRUL ALTINEL \u2013 B\u0130LG\u0130N \u00d6Z\u00c7\u0130FT\u00c7\u0130 \u2013 AVRUPA PRESS \u2013 BEL\u00c7\u0130KA Eski\u015fehir\u2019de 30 A\u011fustos Zafer Bayram\u0131\u2019nda \u015fehitler; rahmetle ve minnetle an\u0131ld\u0131 ve zaferler gururla kutland\u0131. Eski\u015fehir K\u0131z\u0131lelma Turan Derne\u011fi\u2019nde 30 A\u011fustos Zafer Bayram\u0131 nedeniyle kutlama program\u0131 d\u00fczenlendi. Programda: bir dakikal\u0131k \u015fehitlerimiz i\u00e7in sayg\u0131 duru\u015fu yap\u0131ld\u0131 ve akabinde hep birlikte \u0130stiklal Mar\u015f\u0131 s\u00f6ylendi. Kur\u2019an-\u0131 [&hellip;]","og_url":"https:\/\/avrupapress.com\/main\/2026\/08\/31\/36244\/","og_site_name":"AvrupaPress","article_published_time":"2026-08-31T12:17:19+00:00","article_modified_time":"2026-08-31T12:17:27+00:00","og_image":[{"width":1080,"height":748,"url":"https:\/\/avrupapress.com\/main\/wp-content\/uploads\/2026\/08\/Screenshot_20260831_141403_WhatsApp.jpg","type":"image\/jpeg"}],"author":"Edit\u00f6r","twitter_card":"summary_large_image","twitter_misc":{"\u00c9crit par":"Edit\u00f6r","Dur\u00e9e de lecture est.":"2 minutes"},"schema":{"@context":"https:\/\/schema.org","@graph":[{"@type":"Article","@id":"https:\/\/avrupapress.com\/main\/2026\/08\/31\/36244\/#article","isPartOf":{"@id":"https:\/\/avrupapress.com\/main\/2026\/08\/31\/36244\/"},"author":{"name":"Edit\u00f6r","@id":"https:\/\/avrupapress.com\/#\/schema\/person\/68428444ec60970d1e1b700cf4ca1e8f"},"headline":"Aucun titre","datePublished":"2026-08-31T12:17:19+00:00","dateModified":"2026-08-31T12:17:27+00:00","mainEntityOfPage":{"@id":"https:\/\/avrupapress.com\/main\/2026\/08\/31\/36244\/"},"wordCount":268,"publisher":{"@id":"https:\/\/avrupapress.com\/#\/schema\/person\/0223dca19c72c43575bf30d1a2d8f4fa"},"image":{"@id":"https:\/\/avrupapress.com\/main\/2026\/08\/31\/36244\/#primaryimage"},"thumbnailUrl":"https:\/\/avrupapress.com\/main\/wp-content\/uploads\/2026\/08\/Screenshot_20260831_141403_WhatsApp.jpg","articleSection":["Avrupa","Bel\u00e7ika","D\u00fcnya","Ekonomi","K\u00fclt\u00fcr-Sanat","Spor","Tan\u0131t\u0131m","T\u00fcrkiye","Uncategorized"],"inLanguage":"fr-BE"},{"@type":"WebPage","@id":"https:\/\/avrupapress.com\/main\/2026\/08\/31\/36244\/","url":"https:\/\/avrupapress.com\/main\/2026\/08\/31\/36244\/","name":"- AvrupaPress","isPartOf":{"@id":"https:\/\/avrupapress.com\/#website"},"primaryImageOfPage":{"@id":"https:\/\/avrupapress.com\/main\/2026\/08\/31\/36244\/#primaryimage"},"image":{"@id":"https:\/\/avrupapress.com\/main\/2026\/08\/31\/36244\/#primaryimage"},"thumbnailUrl":"https:\/\/avrupapress.com\/main\/wp-content\/uploads\/2026\/08\/Screenshot_20260831_141403_WhatsApp.jpg","datePublished":"2026-08-31T12:17:19+00:00","dateModified":"2026-08-31T12:17:27+00:00","inLanguage":"fr-BE","potentialAction":[{"@type":"ReadAction","target":["https:\/\/avrupapress.com\/main\/2026\/08\/31\/36244\/"]}]},{"@type":"ImageObject","inLanguage":"fr-BE","@id":"https:\/\/avrupapress.com\/main\/2026\/08\/31\/36244\/#primaryimage","url":"https:\/\/avrupapress.com\/main\/wp-content\/uploads\/2026\/08\/Screenshot_20260831_141403_WhatsApp.jpg","contentUrl":"https:\/\/avrupapress.com\/main\/wp-content\/uploads\/2026\/08\/Screenshot_20260831_141403_WhatsApp.jpg","width":1080,"height":748},{"@type":"WebSite","@id":"https:\/\/avrupapress.com\/#website","url":"https:\/\/avrupapress.com\/","name":"AvrupaPress","description":"Haberin Adresi","publisher":{"@id":"https:\/\/avrupapress.com\/#\/schema\/person\/0223dca19c72c43575bf30d1a2d8f4fa"},"potentialAction":[{"@type":"SearchAction","target":{"@type":"EntryPoint","urlTemplate":"https:\/\/avrupapress.com\/?s={search_term_string}"},"query-input":{"@type":"PropertyValueSpecification","valueRequired":true,"valueName":"search_term_string"}}],"inLanguage":"fr-BE"},{"@type":["Person","Organization"],"@id":"https:\/\/avrupapress.com\/#\/schema\/person\/0223dca19c72c43575bf30d1a2d8f4fa","name":"Bilgin \u00d6z\u00e7ift\u00e7i","image":{"@type":"ImageObject","inLanguage":"fr-BE","@id":"https:\/\/avrupapress.com\/#\/schema\/person\/image\/","url":"https:\/\/secure.gravatar.com\/avatar\/0f23b280433a21e1ea7a0adcc46ed0ad16afe3ad8e630fd13d8a017dcbd54ef3?s=96&d=mm&r=g","contentUrl":"https:\/\/secure.gravatar.com\/avatar\/0f23b280433a21e1ea7a0adcc46ed0ad16afe3ad8e630fd13d8a017dcbd54ef3?s=96&d=mm&r=g","caption":"Bilgin \u00d6z\u00e7ift\u00e7i"},"logo":{"@id":"https:\/\/avrupapress.com\/#\/schema\/person\/image\/"},"description":"Ne ben, nede sen... Biz ancak \"biz\" olursak g\u00fc\u00e7l\u00fc olabiliriz"},{"@type":"Person","@id":"https:\/\/avrupapress.com\/#\/schema\/person\/68428444ec60970d1e1b700cf4ca1e8f","name":"Edit\u00f6r","image":{"@type":"ImageObject","inLanguage":"fr-BE","@id":"https:\/\/avrupapress.com\/#\/schema\/person\/image\/","url":"https:\/\/secure.gravatar.com\/avatar\/74996b0977aa5f1559ba9883776652508b229005c0d78fb2597897f0bd651c09?s=96&d=mm&r=g","contentUrl":"https:\/\/secure.gravatar.com\/avatar\/74996b0977aa5f1559ba9883776652508b229005c0d78fb2597897f0bd651c09?s=96&d=mm&r=g","caption":"Edit\u00f6r"},"sameAs":["http:\/\/www.avrupapress.com"],"url":"https:\/\/avrupapress.com\/main\/author\/editor\/"}]}},"_links":{"self":[{"href":"https:\/\/avrupapress.com\/main\/wp-json\/wp\/v2\/posts\/36244","targetHints":{"allow":["GET"]}}],"collection":[{"href":"https:\/\/avrupapress.com\/main\/wp-json\/wp\/v2\/posts"}],"about":[{"href":"https:\/\/avrupapress.com\/main\/wp-json\/wp\/v2\/types\/post"}],"author":[{"embeddable":true,"href":"https:\/\/avrupapress.com\/main\/wp-json\/wp\/v2\/users\/3"}],"replies":[{"embeddable":true,"href":"https:\/\/avrupapress.com\/main\/wp-json\/wp\/v2\/comments?post=36244"}],"version-history":[{"count":1,"href":"https:\/\/avrupapress.com\/main\/wp-json\/wp\/v2\/posts\/36244\/revisions"}],"predecessor-version":[{"id":36246,"href":"https:\/\/avrupapress.com\/main\/wp-json\/wp\/v2\/posts\/36244\/revisions\/36246"}],"wp:featuredmedia":[{"embeddable":true,"href":"https:\/\/avrupapress.com\/main\/wp-json\/wp\/v2\/media\/36245"}],"wp:attachment":[{"href":"https:\/\/avrupapress.com\/main\/wp-json\/wp\/v2\/media?parent=36244"}],"wp:term":[{"taxonomy":"category","embeddable":true,"href":"https:\/\/avrupapress.com\/main\/wp-json\/wp\/v2\/categories?post=36244"},{"taxonomy":"post_tag","embeddable":true,"href":"https:\/\/avrupapress.com\/main\/wp-json\/wp\/v2\/tags?post=36244"}],"curies":[{"name":"wp","href":"https:\/\/api.w.org\/{rel}","templated":true}]}}