{"id":36235,"date":"2026-08-31T07:53:57","date_gmt":"2026-08-31T07:53:57","guid":{"rendered":"https:\/\/avrupapress.com\/main\/?p=36235"},"modified":"2026-08-31T07:54:51","modified_gmt":"2026-08-31T07:54:51","slug":"a-d-d-baskani-kazim-saritas-hayatini-kaybetti","status":"publish","type":"post","link":"https:\/\/avrupapress.com\/main\/2026\/08\/31\/a-d-d-baskani-kazim-saritas-hayatini-kaybetti\/","title":{"rendered":"A.D.D EM\u0130RDAG BA\u015eKANI KAZIM SARITA\u015e HAYATINI KAYBETT\u0130"},"content":{"rendered":"<p><strong>Bilgin \u00d6z\u00e7ifci\u00a0 \/\u00a0 EM\u0130RDAG<\/strong><\/p>\n<p>Kaz\u0131m Sar\u0131ta\u015f hayat\u0131n\u0131 kaybetti: Ard\u0131nda 50 y\u0131ll\u0131k emek ve m\u00fccadele b\u0131rakt\u0131<br \/>\nEmirda\u011f\u2019\u0131n sevilen ve sayg\u0131n isimlerinden, Yeminli Mali M\u00fc\u015favir ve ADD Emirda\u011f \u015eube Ba\u015fkan\u0131 Kaz\u0131m Sar\u0131ta\u015f, hayat\u0131n\u0131 kaybetti. Yakla\u015f\u0131k 50 y\u0131ll\u0131k meslek hayat\u0131nda y\u00fczlerce muhasebecinin yeti\u015fmesine katk\u0131 sa\u011flayan Sar\u0131ta\u015f; i\u015f\u00e7inin, k\u00f6yl\u00fcn\u00fcn ve dar gelirlinin yan\u0131nda duran, kooperatif, dernek ve birliklerin kurulmas\u0131nda \u00f6nc\u00fcl\u00fck eden \u00e7al\u0131\u015fmalar\u0131yla il\u00e7ede derin izler b\u0131rakt\u0131.<br \/>\nEmirda\u011f i\u00e7in \u00f6mr\u00fcn\u00fc adad\u0131<br \/>\nMeslek hayat\u0131 boyunca yaln\u0131zca muhasebecilik yapan bir isim olmayan Kaz\u0131m Sar\u0131ta\u015f, sosyal ve toplumsal \u00e7al\u0131\u015fmalar\u0131yla da Emirda\u011f\u2019\u0131n \u00f6nemli de\u011ferleri aras\u0131nda yer ald\u0131.<br \/>\n\u0130\u015f\u00e7iden k\u00f6yl\u00fcye, esnaftan dar gelirli vatanda\u015flara kadar toplumun farkl\u0131 kesimlerinin yan\u0131nda yer alan Sar\u0131ta\u015f, Emirda\u011f\u2019da bir\u00e7ok kooperatif, dernek ve birlik olu\u015fumunda emek verdi.<br \/>\nSon m\u00fccadelesi Atat\u00fcrk K\u00fclt\u00fcr Merkezi oldu<br \/>\nKaz\u0131m Sar\u0131ta\u015f\u2019\u0131n son d\u00f6nemindeki en \u00f6nemli m\u00fccadelelerinden biri ise Modern Emirda\u011f Atat\u00fcrk K\u00fclt\u00fcr Merkezi\u2019nin hayata ge\u00e7irilmesi oldu.<br \/>\nK\u00fclt\u00fcr merkezinin il\u00e7eye kazand\u0131r\u0131lmas\u0131 i\u00e7in son nefesine kadar m\u00fccadele eden Sar\u0131ta\u015f, bu \u00e7abas\u0131yla da Emirda\u011f\u2019\u0131n gelece\u011fine dair duyarl\u0131l\u0131\u011f\u0131n\u0131 ortaya koydu.<br \/>\nGeride b\u0131rakt\u0131\u011f\u0131 yar\u0131m as\u0131rl\u0131k meslek hayat\u0131, yeti\u015ftirdi\u011fi y\u00fczlerce insan ve toplumsal m\u00fccadeleleriyle hat\u0131rlanacak olan Sar\u0131ta\u015f; insanc\u0131l ki\u015fili\u011fi, yard\u0131mseverli\u011fi ve kendine \u00f6zg\u00fc e\u015fsiz kahkahas\u0131yla sevenlerinin haf\u0131zas\u0131nda ya\u015famaya devam edecek.<br \/>\nCenazesi bug\u00fcn topra\u011fa verilecek<br \/>\nKaz\u0131m Sar\u0131ta\u015f\u2019\u0131n cenazesi, bug\u00fcn \u00f6\u011fle namaz\u0131na m\u00fcteakip Emirda\u011f \u00c7ar\u015f\u0131 Camisi\u2019nde k\u0131l\u0131nacak cenaze namaz\u0131n\u0131n ard\u0131ndan G\u00fcneysaray K\u00f6y\u00fc Kabristanl\u0131\u011f\u0131\u2019nda topra\u011fa verilecek.<br \/>\nAvrupaPress Gazetesi olarak merhum Kaz\u0131m Sar\u0131ta\u015f\u2019a Allah\u2019tan rahmet; ailesine, yak\u0131nlar\u0131na, dostlar\u0131na ve t\u00fcm sevenlerine ba\u015fsa\u011fl\u0131\u011f\u0131 diliyoruz.<\/p>\n<p><strong>Bilgin\u00a0 \u00d6z\u00e7ifci.\u00a0 \u00a0 \u00a0 \u00a0 \/\u00a0 \u00a0 \u00a0 \u00a0 \u00a0AVRUPAPRESS<\/strong><\/p>\n","protected":false},"excerpt":{"rendered":"<p>Bilgin \u00d6z\u00e7ifci\u00a0 \/\u00a0 EM\u0130RDAG Kaz\u0131m Sar\u0131ta\u015f hayat\u0131n\u0131 kaybetti: Ard\u0131nda 50 y\u0131ll\u0131k emek ve m\u00fccadele b\u0131rakt\u0131 Emirda\u011f\u2019\u0131n sevilen ve sayg\u0131n isimlerinden, Yeminli Mali M\u00fc\u015favir ve ADD Emirda\u011f \u015eube Ba\u015fkan\u0131 Kaz\u0131m Sar\u0131ta\u015f, hayat\u0131n\u0131 kaybetti. Yakla\u015f\u0131k 50 y\u0131ll\u0131k meslek hayat\u0131nda y\u00fczlerce muhasebecinin yeti\u015fmesine katk\u0131 sa\u011flayan Sar\u0131ta\u015f; i\u015f\u00e7inin, k\u00f6yl\u00fcn\u00fcn ve dar gelirlinin yan\u0131nda duran, kooperatif, dernek ve birliklerin kurulmas\u0131nda [&hellip;]<\/p>\n","protected":false},"author":3,"featured_media":36236,"comment_status":"closed","ping_status":"open","sticky":false,"template":"","format":"standard","meta":{"footnotes":""},"categories":[14,16,3,17,18,15,19,2,1],"tags":[],"class_list":["post-36235","post","type-post","status-publish","format-standard","has-post-thumbnail","hentry","category-avrupa","category-belcika","category-dunya","category-ekonomi","category-kultur-sanat","category-spor","category-tanitim","category-turkiye","category-uncategorized"],"yoast_head":"<!-- This site is optimized with the Yoast SEO plugin v26.9 - https:\/\/yoast.com\/product\/yoast-seo-wordpress\/ -->\n<title>A.D.D EM\u0130RDAG BA\u015eKANI KAZIM SARITA\u015e HAYATINI KAYBETT\u0130 - AvrupaPress<\/title>\n<meta name=\"robots\" content=\"index, follow, max-snippet:-1, max-image-preview:large, max-video-preview:-1\" \/>\n<link rel=\"canonical\" href=\"https:\/\/avrupapress.com\/main\/2026\/08\/31\/a-d-d-baskani-kazim-saritas-hayatini-kaybetti\/\" \/>\n<meta property=\"og:locale\" content=\"fr_FR\" \/>\n<meta property=\"og:type\" content=\"article\" \/>\n<meta property=\"og:title\" content=\"A.D.D EM\u0130RDAG BA\u015eKANI KAZIM SARITA\u015e HAYATINI KAYBETT\u0130 - AvrupaPress\" \/>\n<meta property=\"og:description\" content=\"Bilgin \u00d6z\u00e7ifci\u00a0 \/\u00a0 EM\u0130RDAG Kaz\u0131m Sar\u0131ta\u015f hayat\u0131n\u0131 kaybetti: Ard\u0131nda 50 y\u0131ll\u0131k emek ve m\u00fccadele b\u0131rakt\u0131 Emirda\u011f\u2019\u0131n sevilen ve sayg\u0131n isimlerinden, Yeminli Mali M\u00fc\u015favir ve ADD Emirda\u011f \u015eube Ba\u015fkan\u0131 Kaz\u0131m Sar\u0131ta\u015f, hayat\u0131n\u0131 kaybetti. Yakla\u015f\u0131k 50 y\u0131ll\u0131k meslek hayat\u0131nda y\u00fczlerce muhasebecinin yeti\u015fmesine katk\u0131 sa\u011flayan Sar\u0131ta\u015f; i\u015f\u00e7inin, k\u00f6yl\u00fcn\u00fcn ve dar gelirlinin yan\u0131nda duran, kooperatif, dernek ve birliklerin kurulmas\u0131nda [&hellip;]\" \/>\n<meta property=\"og:url\" content=\"https:\/\/avrupapress.com\/main\/2026\/08\/31\/a-d-d-baskani-kazim-saritas-hayatini-kaybetti\/\" \/>\n<meta property=\"og:site_name\" content=\"AvrupaPress\" \/>\n<meta property=\"article:published_time\" content=\"2026-08-31T07:53:57+00:00\" \/>\n<meta property=\"article:modified_time\" content=\"2026-08-31T07:54:51+00:00\" \/>\n<meta property=\"og:image\" content=\"https:\/\/avrupapress.com\/main\/wp-content\/uploads\/2026\/08\/Screenshot_20260831_094819_Chrome.jpg\" \/>\n\t<meta property=\"og:image:width\" content=\"1080\" \/>\n\t<meta property=\"og:image:height\" content=\"651\" \/>\n\t<meta property=\"og:image:type\" content=\"image\/jpeg\" \/>\n<meta name=\"author\" content=\"Edit\u00f6r\" \/>\n<meta name=\"twitter:card\" content=\"summary_large_image\" \/>\n<meta name=\"twitter:label1\" content=\"\u00c9crit par\" \/>\n\t<meta name=\"twitter:data1\" content=\"Edit\u00f6r\" \/>\n\t<meta name=\"twitter:label2\" content=\"Dur\u00e9e de lecture est.\" \/>\n\t<meta name=\"twitter:data2\" content=\"2 minutes\" \/>\n<script type=\"application\/ld+json\" class=\"yoast-schema-graph\">{\"@context\":\"https:\/\/schema.org\",\"@graph\":[{\"@type\":\"Article\",\"@id\":\"https:\/\/avrupapress.com\/main\/2026\/08\/31\/a-d-d-baskani-kazim-saritas-hayatini-kaybetti\/#article\",\"isPartOf\":{\"@id\":\"https:\/\/avrupapress.com\/main\/2026\/08\/31\/a-d-d-baskani-kazim-saritas-hayatini-kaybetti\/\"},\"author\":{\"name\":\"Edit\u00f6r\",\"@id\":\"https:\/\/avrupapress.com\/#\/schema\/person\/68428444ec60970d1e1b700cf4ca1e8f\"},\"headline\":\"A.D.D EM\u0130RDAG BA\u015eKANI KAZIM SARITA\u015e HAYATINI KAYBETT\u0130\",\"datePublished\":\"2026-08-31T07:53:57+00:00\",\"dateModified\":\"2026-08-31T07:54:51+00:00\",\"mainEntityOfPage\":{\"@id\":\"https:\/\/avrupapress.com\/main\/2026\/08\/31\/a-d-d-baskani-kazim-saritas-hayatini-kaybetti\/\"},\"wordCount\":363,\"publisher\":{\"@id\":\"https:\/\/avrupapress.com\/#\/schema\/person\/0223dca19c72c43575bf30d1a2d8f4fa\"},\"image\":{\"@id\":\"https:\/\/avrupapress.com\/main\/2026\/08\/31\/a-d-d-baskani-kazim-saritas-hayatini-kaybetti\/#primaryimage\"},\"thumbnailUrl\":\"https:\/\/avrupapress.com\/main\/wp-content\/uploads\/2026\/08\/Screenshot_20260831_094819_Chrome.jpg\",\"articleSection\":[\"Avrupa\",\"Bel\u00e7ika\",\"D\u00fcnya\",\"Ekonomi\",\"K\u00fclt\u00fcr-Sanat\",\"Spor\",\"Tan\u0131t\u0131m\",\"T\u00fcrkiye\",\"Uncategorized\"],\"inLanguage\":\"fr-BE\"},{\"@type\":\"WebPage\",\"@id\":\"https:\/\/avrupapress.com\/main\/2026\/08\/31\/a-d-d-baskani-kazim-saritas-hayatini-kaybetti\/\",\"url\":\"https:\/\/avrupapress.com\/main\/2026\/08\/31\/a-d-d-baskani-kazim-saritas-hayatini-kaybetti\/\",\"name\":\"A.D.D EM\u0130RDAG BA\u015eKANI KAZIM SARITA\u015e HAYATINI KAYBETT\u0130 - AvrupaPress\",\"isPartOf\":{\"@id\":\"https:\/\/avrupapress.com\/#website\"},\"primaryImageOfPage\":{\"@id\":\"https:\/\/avrupapress.com\/main\/2026\/08\/31\/a-d-d-baskani-kazim-saritas-hayatini-kaybetti\/#primaryimage\"},\"image\":{\"@id\":\"https:\/\/avrupapress.com\/main\/2026\/08\/31\/a-d-d-baskani-kazim-saritas-hayatini-kaybetti\/#primaryimage\"},\"thumbnailUrl\":\"https:\/\/avrupapress.com\/main\/wp-content\/uploads\/2026\/08\/Screenshot_20260831_094819_Chrome.jpg\",\"datePublished\":\"2026-08-31T07:53:57+00:00\",\"dateModified\":\"2026-08-31T07:54:51+00:00\",\"breadcrumb\":{\"@id\":\"https:\/\/avrupapress.com\/main\/2026\/08\/31\/a-d-d-baskani-kazim-saritas-hayatini-kaybetti\/#breadcrumb\"},\"inLanguage\":\"fr-BE\",\"potentialAction\":[{\"@type\":\"ReadAction\",\"target\":[\"https:\/\/avrupapress.com\/main\/2026\/08\/31\/a-d-d-baskani-kazim-saritas-hayatini-kaybetti\/\"]}]},{\"@type\":\"ImageObject\",\"inLanguage\":\"fr-BE\",\"@id\":\"https:\/\/avrupapress.com\/main\/2026\/08\/31\/a-d-d-baskani-kazim-saritas-hayatini-kaybetti\/#primaryimage\",\"url\":\"https:\/\/avrupapress.com\/main\/wp-content\/uploads\/2026\/08\/Screenshot_20260831_094819_Chrome.jpg\",\"contentUrl\":\"https:\/\/avrupapress.com\/main\/wp-content\/uploads\/2026\/08\/Screenshot_20260831_094819_Chrome.jpg\",\"width\":1080,\"height\":651},{\"@type\":\"BreadcrumbList\",\"@id\":\"https:\/\/avrupapress.com\/main\/2026\/08\/31\/a-d-d-baskani-kazim-saritas-hayatini-kaybetti\/#breadcrumb\",\"itemListElement\":[{\"@type\":\"ListItem\",\"position\":1,\"name\":\"Anasayfa\",\"item\":\"https:\/\/avrupapress.com\/\"},{\"@type\":\"ListItem\",\"position\":2,\"name\":\"A.D.D EM\u0130RDAG BA\u015eKANI KAZIM SARITA\u015e HAYATINI KAYBETT\u0130\"}]},{\"@type\":\"WebSite\",\"@id\":\"https:\/\/avrupapress.com\/#website\",\"url\":\"https:\/\/avrupapress.com\/\",\"name\":\"AvrupaPress\",\"description\":\"Haberin Adresi\",\"publisher\":{\"@id\":\"https:\/\/avrupapress.com\/#\/schema\/person\/0223dca19c72c43575bf30d1a2d8f4fa\"},\"potentialAction\":[{\"@type\":\"SearchAction\",\"target\":{\"@type\":\"EntryPoint\",\"urlTemplate\":\"https:\/\/avrupapress.com\/?s={search_term_string}\"},\"query-input\":{\"@type\":\"PropertyValueSpecification\",\"valueRequired\":true,\"valueName\":\"search_term_string\"}}],\"inLanguage\":\"fr-BE\"},{\"@type\":[\"Person\",\"Organization\"],\"@id\":\"https:\/\/avrupapress.com\/#\/schema\/person\/0223dca19c72c43575bf30d1a2d8f4fa\",\"name\":\"Bilgin \u00d6z\u00e7ift\u00e7i\",\"image\":{\"@type\":\"ImageObject\",\"inLanguage\":\"fr-BE\",\"@id\":\"https:\/\/avrupapress.com\/#\/schema\/person\/image\/\",\"url\":\"https:\/\/secure.gravatar.com\/avatar\/0f23b280433a21e1ea7a0adcc46ed0ad16afe3ad8e630fd13d8a017dcbd54ef3?s=96&d=mm&r=g\",\"contentUrl\":\"https:\/\/secure.gravatar.com\/avatar\/0f23b280433a21e1ea7a0adcc46ed0ad16afe3ad8e630fd13d8a017dcbd54ef3?s=96&d=mm&r=g\",\"caption\":\"Bilgin \u00d6z\u00e7ift\u00e7i\"},\"logo\":{\"@id\":\"https:\/\/avrupapress.com\/#\/schema\/person\/image\/\"},\"description\":\"Ne ben, nede sen... Biz ancak \\\"biz\\\" olursak g\u00fc\u00e7l\u00fc olabiliriz\"},{\"@type\":\"Person\",\"@id\":\"https:\/\/avrupapress.com\/#\/schema\/person\/68428444ec60970d1e1b700cf4ca1e8f\",\"name\":\"Edit\u00f6r\",\"image\":{\"@type\":\"ImageObject\",\"inLanguage\":\"fr-BE\",\"@id\":\"https:\/\/avrupapress.com\/#\/schema\/person\/image\/\",\"url\":\"https:\/\/secure.gravatar.com\/avatar\/74996b0977aa5f1559ba9883776652508b229005c0d78fb2597897f0bd651c09?s=96&d=mm&r=g\",\"contentUrl\":\"https:\/\/secure.gravatar.com\/avatar\/74996b0977aa5f1559ba9883776652508b229005c0d78fb2597897f0bd651c09?s=96&d=mm&r=g\",\"caption\":\"Edit\u00f6r\"},\"sameAs\":[\"http:\/\/www.avrupapress.com\"],\"url\":\"https:\/\/avrupapress.com\/main\/author\/editor\/\"}]}<\/script>\n<!-- \/ Yoast SEO plugin. -->","yoast_head_json":{"title":"A.D.D EM\u0130RDAG BA\u015eKANI KAZIM SARITA\u015e HAYATINI KAYBETT\u0130 - AvrupaPress","robots":{"index":"index","follow":"follow","max-snippet":"max-snippet:-1","max-image-preview":"max-image-preview:large","max-video-preview":"max-video-preview:-1"},"canonical":"https:\/\/avrupapress.com\/main\/2026\/08\/31\/a-d-d-baskani-kazim-saritas-hayatini-kaybetti\/","og_locale":"fr_FR","og_type":"article","og_title":"A.D.D EM\u0130RDAG BA\u015eKANI KAZIM SARITA\u015e HAYATINI KAYBETT\u0130 - AvrupaPress","og_description":"Bilgin \u00d6z\u00e7ifci\u00a0 \/\u00a0 EM\u0130RDAG Kaz\u0131m Sar\u0131ta\u015f hayat\u0131n\u0131 kaybetti: Ard\u0131nda 50 y\u0131ll\u0131k emek ve m\u00fccadele b\u0131rakt\u0131 Emirda\u011f\u2019\u0131n sevilen ve sayg\u0131n isimlerinden, Yeminli Mali M\u00fc\u015favir ve ADD Emirda\u011f \u015eube Ba\u015fkan\u0131 Kaz\u0131m Sar\u0131ta\u015f, hayat\u0131n\u0131 kaybetti. Yakla\u015f\u0131k 50 y\u0131ll\u0131k meslek hayat\u0131nda y\u00fczlerce muhasebecinin yeti\u015fmesine katk\u0131 sa\u011flayan Sar\u0131ta\u015f; i\u015f\u00e7inin, k\u00f6yl\u00fcn\u00fcn ve dar gelirlinin yan\u0131nda duran, kooperatif, dernek ve birliklerin kurulmas\u0131nda [&hellip;]","og_url":"https:\/\/avrupapress.com\/main\/2026\/08\/31\/a-d-d-baskani-kazim-saritas-hayatini-kaybetti\/","og_site_name":"AvrupaPress","article_published_time":"2026-08-31T07:53:57+00:00","article_modified_time":"2026-08-31T07:54:51+00:00","og_image":[{"width":1080,"height":651,"url":"https:\/\/avrupapress.com\/main\/wp-content\/uploads\/2026\/08\/Screenshot_20260831_094819_Chrome.jpg","type":"image\/jpeg"}],"author":"Edit\u00f6r","twitter_card":"summary_large_image","twitter_misc":{"\u00c9crit par":"Edit\u00f6r","Dur\u00e9e de lecture est.":"2 minutes"},"schema":{"@context":"https:\/\/schema.org","@graph":[{"@type":"Article","@id":"https:\/\/avrupapress.com\/main\/2026\/08\/31\/a-d-d-baskani-kazim-saritas-hayatini-kaybetti\/#article","isPartOf":{"@id":"https:\/\/avrupapress.com\/main\/2026\/08\/31\/a-d-d-baskani-kazim-saritas-hayatini-kaybetti\/"},"author":{"name":"Edit\u00f6r","@id":"https:\/\/avrupapress.com\/#\/schema\/person\/68428444ec60970d1e1b700cf4ca1e8f"},"headline":"A.D.D EM\u0130RDAG BA\u015eKANI KAZIM SARITA\u015e HAYATINI KAYBETT\u0130","datePublished":"2026-08-31T07:53:57+00:00","dateModified":"2026-08-31T07:54:51+00:00","mainEntityOfPage":{"@id":"https:\/\/avrupapress.com\/main\/2026\/08\/31\/a-d-d-baskani-kazim-saritas-hayatini-kaybetti\/"},"wordCount":363,"publisher":{"@id":"https:\/\/avrupapress.com\/#\/schema\/person\/0223dca19c72c43575bf30d1a2d8f4fa"},"image":{"@id":"https:\/\/avrupapress.com\/main\/2026\/08\/31\/a-d-d-baskani-kazim-saritas-hayatini-kaybetti\/#primaryimage"},"thumbnailUrl":"https:\/\/avrupapress.com\/main\/wp-content\/uploads\/2026\/08\/Screenshot_20260831_094819_Chrome.jpg","articleSection":["Avrupa","Bel\u00e7ika","D\u00fcnya","Ekonomi","K\u00fclt\u00fcr-Sanat","Spor","Tan\u0131t\u0131m","T\u00fcrkiye","Uncategorized"],"inLanguage":"fr-BE"},{"@type":"WebPage","@id":"https:\/\/avrupapress.com\/main\/2026\/08\/31\/a-d-d-baskani-kazim-saritas-hayatini-kaybetti\/","url":"https:\/\/avrupapress.com\/main\/2026\/08\/31\/a-d-d-baskani-kazim-saritas-hayatini-kaybetti\/","name":"A.D.D EM\u0130RDAG BA\u015eKANI KAZIM SARITA\u015e HAYATINI KAYBETT\u0130 - AvrupaPress","isPartOf":{"@id":"https:\/\/avrupapress.com\/#website"},"primaryImageOfPage":{"@id":"https:\/\/avrupapress.com\/main\/2026\/08\/31\/a-d-d-baskani-kazim-saritas-hayatini-kaybetti\/#primaryimage"},"image":{"@id":"https:\/\/avrupapress.com\/main\/2026\/08\/31\/a-d-d-baskani-kazim-saritas-hayatini-kaybetti\/#primaryimage"},"thumbnailUrl":"https:\/\/avrupapress.com\/main\/wp-content\/uploads\/2026\/08\/Screenshot_20260831_094819_Chrome.jpg","datePublished":"2026-08-31T07:53:57+00:00","dateModified":"2026-08-31T07:54:51+00:00","breadcrumb":{"@id":"https:\/\/avrupapress.com\/main\/2026\/08\/31\/a-d-d-baskani-kazim-saritas-hayatini-kaybetti\/#breadcrumb"},"inLanguage":"fr-BE","potentialAction":[{"@type":"ReadAction","target":["https:\/\/avrupapress.com\/main\/2026\/08\/31\/a-d-d-baskani-kazim-saritas-hayatini-kaybetti\/"]}]},{"@type":"ImageObject","inLanguage":"fr-BE","@id":"https:\/\/avrupapress.com\/main\/2026\/08\/31\/a-d-d-baskani-kazim-saritas-hayatini-kaybetti\/#primaryimage","url":"https:\/\/avrupapress.com\/main\/wp-content\/uploads\/2026\/08\/Screenshot_20260831_094819_Chrome.jpg","contentUrl":"https:\/\/avrupapress.com\/main\/wp-content\/uploads\/2026\/08\/Screenshot_20260831_094819_Chrome.jpg","width":1080,"height":651},{"@type":"BreadcrumbList","@id":"https:\/\/avrupapress.com\/main\/2026\/08\/31\/a-d-d-baskani-kazim-saritas-hayatini-kaybetti\/#breadcrumb","itemListElement":[{"@type":"ListItem","position":1,"name":"Anasayfa","item":"https:\/\/avrupapress.com\/"},{"@type":"ListItem","position":2,"name":"A.D.D EM\u0130RDAG BA\u015eKANI KAZIM SARITA\u015e HAYATINI KAYBETT\u0130"}]},{"@type":"WebSite","@id":"https:\/\/avrupapress.com\/#website","url":"https:\/\/avrupapress.com\/","name":"AvrupaPress","description":"Haberin Adresi","publisher":{"@id":"https:\/\/avrupapress.com\/#\/schema\/person\/0223dca19c72c43575bf30d1a2d8f4fa"},"potentialAction":[{"@type":"SearchAction","target":{"@type":"EntryPoint","urlTemplate":"https:\/\/avrupapress.com\/?s={search_term_string}"},"query-input":{"@type":"PropertyValueSpecification","valueRequired":true,"valueName":"search_term_string"}}],"inLanguage":"fr-BE"},{"@type":["Person","Organization"],"@id":"https:\/\/avrupapress.com\/#\/schema\/person\/0223dca19c72c43575bf30d1a2d8f4fa","name":"Bilgin \u00d6z\u00e7ift\u00e7i","image":{"@type":"ImageObject","inLanguage":"fr-BE","@id":"https:\/\/avrupapress.com\/#\/schema\/person\/image\/","url":"https:\/\/secure.gravatar.com\/avatar\/0f23b280433a21e1ea7a0adcc46ed0ad16afe3ad8e630fd13d8a017dcbd54ef3?s=96&d=mm&r=g","contentUrl":"https:\/\/secure.gravatar.com\/avatar\/0f23b280433a21e1ea7a0adcc46ed0ad16afe3ad8e630fd13d8a017dcbd54ef3?s=96&d=mm&r=g","caption":"Bilgin \u00d6z\u00e7ift\u00e7i"},"logo":{"@id":"https:\/\/avrupapress.com\/#\/schema\/person\/image\/"},"description":"Ne ben, nede sen... Biz ancak \"biz\" olursak g\u00fc\u00e7l\u00fc olabiliriz"},{"@type":"Person","@id":"https:\/\/avrupapress.com\/#\/schema\/person\/68428444ec60970d1e1b700cf4ca1e8f","name":"Edit\u00f6r","image":{"@type":"ImageObject","inLanguage":"fr-BE","@id":"https:\/\/avrupapress.com\/#\/schema\/person\/image\/","url":"https:\/\/secure.gravatar.com\/avatar\/74996b0977aa5f1559ba9883776652508b229005c0d78fb2597897f0bd651c09?s=96&d=mm&r=g","contentUrl":"https:\/\/secure.gravatar.com\/avatar\/74996b0977aa5f1559ba9883776652508b229005c0d78fb2597897f0bd651c09?s=96&d=mm&r=g","caption":"Edit\u00f6r"},"sameAs":["http:\/\/www.avrupapress.com"],"url":"https:\/\/avrupapress.com\/main\/author\/editor\/"}]}},"_links":{"self":[{"href":"https:\/\/avrupapress.com\/main\/wp-json\/wp\/v2\/posts\/36235","targetHints":{"allow":["GET"]}}],"collection":[{"href":"https:\/\/avrupapress.com\/main\/wp-json\/wp\/v2\/posts"}],"about":[{"href":"https:\/\/avrupapress.com\/main\/wp-json\/wp\/v2\/types\/post"}],"author":[{"embeddable":true,"href":"https:\/\/avrupapress.com\/main\/wp-json\/wp\/v2\/users\/3"}],"replies":[{"embeddable":true,"href":"https:\/\/avrupapress.com\/main\/wp-json\/wp\/v2\/comments?post=36235"}],"version-history":[{"count":2,"href":"https:\/\/avrupapress.com\/main\/wp-json\/wp\/v2\/posts\/36235\/revisions"}],"predecessor-version":[{"id":36238,"href":"https:\/\/avrupapress.com\/main\/wp-json\/wp\/v2\/posts\/36235\/revisions\/36238"}],"wp:featuredmedia":[{"embeddable":true,"href":"https:\/\/avrupapress.com\/main\/wp-json\/wp\/v2\/media\/36236"}],"wp:attachment":[{"href":"https:\/\/avrupapress.com\/main\/wp-json\/wp\/v2\/media?parent=36235"}],"wp:term":[{"taxonomy":"category","embeddable":true,"href":"https:\/\/avrupapress.com\/main\/wp-json\/wp\/v2\/categories?post=36235"},{"taxonomy":"post_tag","embeddable":true,"href":"https:\/\/avrupapress.com\/main\/wp-json\/wp\/v2\/tags?post=36235"}],"curies":[{"name":"wp","href":"https:\/\/api.w.org\/{rel}","templated":true}]}}