{"id":36226,"date":"2026-08-30T11:15:54","date_gmt":"2026-08-30T11:15:54","guid":{"rendered":"https:\/\/avrupapress.com\/main\/?p=36226"},"modified":"2026-08-30T11:18:56","modified_gmt":"2026-08-30T11:18:56","slug":"36226","status":"publish","type":"post","link":"https:\/\/avrupapress.com\/main\/2026\/08\/30\/36226\/","title":{"rendered":"Ruhi A\u00e7\u0131kg\u00f6z&rsquo;\u00fcn 30 A\u011fustos Zafer Bayram\u0131 Mesaj\u0131"},"content":{"rendered":"<blockquote><p><strong>Bilgin \u00d6zcifci. \/\u00a0 BRUKSEL<\/strong><\/p><\/blockquote>\n<p>Ruhi A\u00e7\u0131kg\u00f6z\u2019den AK Parti Br\u00fcksel &#8211; AB Temsilcisi Say\u0131n Ruhi A\u00e7\u0131kg\u00f6z&rsquo;\u00fcn 30 A\u011fustos Zafer Bayram\u0131<br \/>\ndolay\u0131s\u0131yla yay\u0131mlad\u0131\u011f\u0131 mesajda,<\/p>\n<p dir=\"ltr\">K\u0131ymetli Vatanda\u015f\u0131m\u0131z;<br \/>\nBug\u00fcn, milletimizin ba\u011f\u0131ms\u0131zl\u0131k ve vatan sevgisinin en b\u00fcy\u00fck simgelerinden biri olan 30 A\u011fustos Zafer Bayram\u0131&rsquo;n\u0131n 104. y\u0131l d\u00f6n\u00fcm\u00fcn\u00fc gurur ve co\u015fkuyla kutluyoruz. Ba\u015fta Gazi Mustafa Kemal Atat\u00fcrk ve silah arkada\u015flar\u0131 olmak \u00fczere, vatan\u0131m\u0131z u\u011fruna m\u00fccadele eden t\u00fcm kahramanlar\u0131m\u0131z\u0131 ve aziz \u015fehitlerimizi rahmet, minnet ve sayg\u0131yla an\u0131yorum.<br \/>\nBu duygu ve d\u00fc\u015f\u00fcncelerle, 30 A\u011fustos Zafer Bayram\u0131m\u0131z\u0131 y\u00fcrekten kutluyor, milletimize birlik, beraberlik ve huzur diliyorum.<br \/>\nSayg\u0131lar\u0131mla,<br \/>\nRuhi A\u00c7IKG\u00d6Z<br \/>\nAK Parti Br\u00fcksel AB Temsilcisi<\/p>\n<p dir=\"ltr\">22. 23. 24. D\u00f6nem Aksaray Milletvekil<\/p>\n<p dir=\"ltr\"><strong>Bilgin \u00d6z\u00e7ifci.\u00a0 \u00a0 \u00a0 \u00a0 \/\u00a0 \u00a0 \u00a0 \u00a0 \u00a0 AVRUPAPRESS<\/strong><\/p>\n","protected":false},"excerpt":{"rendered":"<p>Bilgin \u00d6zcifci. \/\u00a0 BRUKSEL Ruhi A\u00e7\u0131kg\u00f6z\u2019den AK Parti Br\u00fcksel &#8211; AB Temsilcisi Say\u0131n Ruhi A\u00e7\u0131kg\u00f6z&rsquo;\u00fcn 30 A\u011fustos Zafer Bayram\u0131 dolay\u0131s\u0131yla yay\u0131mlad\u0131\u011f\u0131 mesajda, K\u0131ymetli Vatanda\u015f\u0131m\u0131z; Bug\u00fcn, milletimizin ba\u011f\u0131ms\u0131zl\u0131k ve vatan sevgisinin en b\u00fcy\u00fck simgelerinden biri olan 30 A\u011fustos Zafer Bayram\u0131&rsquo;n\u0131n 104. y\u0131l d\u00f6n\u00fcm\u00fcn\u00fc gurur ve co\u015fkuyla kutluyoruz. Ba\u015fta Gazi Mustafa Kemal Atat\u00fcrk ve silah arkada\u015flar\u0131 olmak [&hellip;]<\/p>\n","protected":false},"author":3,"featured_media":36227,"comment_status":"closed","ping_status":"open","sticky":false,"template":"","format":"standard","meta":{"footnotes":""},"categories":[14,16,3,17,18,15,19,2,1],"tags":[],"class_list":["post-36226","post","type-post","status-publish","format-standard","has-post-thumbnail","hentry","category-avrupa","category-belcika","category-dunya","category-ekonomi","category-kultur-sanat","category-spor","category-tanitim","category-turkiye","category-uncategorized"],"yoast_head":"<!-- This site is optimized with the Yoast SEO plugin v26.9 - https:\/\/yoast.com\/product\/yoast-seo-wordpress\/ -->\n<title>Ruhi A\u00e7\u0131kg\u00f6z&#039;\u00fcn 30 A\u011fustos Zafer Bayram\u0131 Mesaj\u0131 - AvrupaPress<\/title>\n<meta name=\"robots\" content=\"index, follow, max-snippet:-1, max-image-preview:large, max-video-preview:-1\" \/>\n<link rel=\"canonical\" href=\"https:\/\/avrupapress.com\/main\/2026\/08\/30\/36226\/\" \/>\n<meta property=\"og:locale\" content=\"fr_FR\" \/>\n<meta property=\"og:type\" content=\"article\" \/>\n<meta property=\"og:title\" content=\"Ruhi A\u00e7\u0131kg\u00f6z&#039;\u00fcn 30 A\u011fustos Zafer Bayram\u0131 Mesaj\u0131 - AvrupaPress\" \/>\n<meta property=\"og:description\" content=\"Bilgin \u00d6zcifci. \/\u00a0 BRUKSEL Ruhi A\u00e7\u0131kg\u00f6z\u2019den AK Parti Br\u00fcksel &#8211; AB Temsilcisi Say\u0131n Ruhi A\u00e7\u0131kg\u00f6z&rsquo;\u00fcn 30 A\u011fustos Zafer Bayram\u0131 dolay\u0131s\u0131yla yay\u0131mlad\u0131\u011f\u0131 mesajda, K\u0131ymetli Vatanda\u015f\u0131m\u0131z; Bug\u00fcn, milletimizin ba\u011f\u0131ms\u0131zl\u0131k ve vatan sevgisinin en b\u00fcy\u00fck simgelerinden biri olan 30 A\u011fustos Zafer Bayram\u0131&rsquo;n\u0131n 104. y\u0131l d\u00f6n\u00fcm\u00fcn\u00fc gurur ve co\u015fkuyla kutluyoruz. Ba\u015fta Gazi Mustafa Kemal Atat\u00fcrk ve silah arkada\u015flar\u0131 olmak [&hellip;]\" \/>\n<meta property=\"og:url\" content=\"https:\/\/avrupapress.com\/main\/2026\/08\/30\/36226\/\" \/>\n<meta property=\"og:site_name\" content=\"AvrupaPress\" \/>\n<meta property=\"article:published_time\" content=\"2026-08-30T11:15:54+00:00\" \/>\n<meta property=\"article:modified_time\" content=\"2026-08-30T11:18:56+00:00\" \/>\n<meta property=\"og:image\" content=\"https:\/\/avrupapress.com\/main\/wp-content\/uploads\/2026\/08\/Screenshot_20260830_130413_Facebook.jpg\" \/>\n\t<meta property=\"og:image:width\" content=\"1080\" \/>\n\t<meta property=\"og:image:height\" content=\"588\" \/>\n\t<meta property=\"og:image:type\" content=\"image\/jpeg\" \/>\n<meta name=\"author\" content=\"Edit\u00f6r\" \/>\n<meta name=\"twitter:card\" content=\"summary_large_image\" \/>\n<meta name=\"twitter:label1\" content=\"\u00c9crit par\" \/>\n\t<meta name=\"twitter:data1\" content=\"Edit\u00f6r\" \/>\n\t<meta name=\"twitter:label2\" content=\"Dur\u00e9e de lecture est.\" \/>\n\t<meta name=\"twitter:data2\" content=\"1 minute\" \/>\n<script type=\"application\/ld+json\" class=\"yoast-schema-graph\">{\"@context\":\"https:\/\/schema.org\",\"@graph\":[{\"@type\":\"Article\",\"@id\":\"https:\/\/avrupapress.com\/main\/2026\/08\/30\/36226\/#article\",\"isPartOf\":{\"@id\":\"https:\/\/avrupapress.com\/main\/2026\/08\/30\/36226\/\"},\"author\":{\"name\":\"Edit\u00f6r\",\"@id\":\"https:\/\/avrupapress.com\/#\/schema\/person\/68428444ec60970d1e1b700cf4ca1e8f\"},\"headline\":\"Ruhi A\u00e7\u0131kg\u00f6z&rsquo;\u00fcn 30 A\u011fustos Zafer Bayram\u0131 Mesaj\u0131\",\"datePublished\":\"2026-08-30T11:15:54+00:00\",\"dateModified\":\"2026-08-30T11:18:56+00:00\",\"mainEntityOfPage\":{\"@id\":\"https:\/\/avrupapress.com\/main\/2026\/08\/30\/36226\/\"},\"wordCount\":158,\"publisher\":{\"@id\":\"https:\/\/avrupapress.com\/#\/schema\/person\/0223dca19c72c43575bf30d1a2d8f4fa\"},\"image\":{\"@id\":\"https:\/\/avrupapress.com\/main\/2026\/08\/30\/36226\/#primaryimage\"},\"thumbnailUrl\":\"https:\/\/avrupapress.com\/main\/wp-content\/uploads\/2026\/08\/Screenshot_20260830_130413_Facebook.jpg\",\"articleSection\":[\"Avrupa\",\"Bel\u00e7ika\",\"D\u00fcnya\",\"Ekonomi\",\"K\u00fclt\u00fcr-Sanat\",\"Spor\",\"Tan\u0131t\u0131m\",\"T\u00fcrkiye\",\"Uncategorized\"],\"inLanguage\":\"fr-BE\"},{\"@type\":\"WebPage\",\"@id\":\"https:\/\/avrupapress.com\/main\/2026\/08\/30\/36226\/\",\"url\":\"https:\/\/avrupapress.com\/main\/2026\/08\/30\/36226\/\",\"name\":\"Ruhi A\u00e7\u0131kg\u00f6z'\u00fcn 30 A\u011fustos Zafer Bayram\u0131 Mesaj\u0131 - AvrupaPress\",\"isPartOf\":{\"@id\":\"https:\/\/avrupapress.com\/#website\"},\"primaryImageOfPage\":{\"@id\":\"https:\/\/avrupapress.com\/main\/2026\/08\/30\/36226\/#primaryimage\"},\"image\":{\"@id\":\"https:\/\/avrupapress.com\/main\/2026\/08\/30\/36226\/#primaryimage\"},\"thumbnailUrl\":\"https:\/\/avrupapress.com\/main\/wp-content\/uploads\/2026\/08\/Screenshot_20260830_130413_Facebook.jpg\",\"datePublished\":\"2026-08-30T11:15:54+00:00\",\"dateModified\":\"2026-08-30T11:18:56+00:00\",\"breadcrumb\":{\"@id\":\"https:\/\/avrupapress.com\/main\/2026\/08\/30\/36226\/#breadcrumb\"},\"inLanguage\":\"fr-BE\",\"potentialAction\":[{\"@type\":\"ReadAction\",\"target\":[\"https:\/\/avrupapress.com\/main\/2026\/08\/30\/36226\/\"]}]},{\"@type\":\"ImageObject\",\"inLanguage\":\"fr-BE\",\"@id\":\"https:\/\/avrupapress.com\/main\/2026\/08\/30\/36226\/#primaryimage\",\"url\":\"https:\/\/avrupapress.com\/main\/wp-content\/uploads\/2026\/08\/Screenshot_20260830_130413_Facebook.jpg\",\"contentUrl\":\"https:\/\/avrupapress.com\/main\/wp-content\/uploads\/2026\/08\/Screenshot_20260830_130413_Facebook.jpg\",\"width\":1080,\"height\":588},{\"@type\":\"BreadcrumbList\",\"@id\":\"https:\/\/avrupapress.com\/main\/2026\/08\/30\/36226\/#breadcrumb\",\"itemListElement\":[{\"@type\":\"ListItem\",\"position\":1,\"name\":\"Anasayfa\",\"item\":\"https:\/\/avrupapress.com\/\"},{\"@type\":\"ListItem\",\"position\":2,\"name\":\"Ruhi A\u00e7\u0131kg\u00f6z&#8217;\u00fcn 30 A\u011fustos Zafer Bayram\u0131 Mesaj\u0131\"}]},{\"@type\":\"WebSite\",\"@id\":\"https:\/\/avrupapress.com\/#website\",\"url\":\"https:\/\/avrupapress.com\/\",\"name\":\"AvrupaPress\",\"description\":\"Haberin Adresi\",\"publisher\":{\"@id\":\"https:\/\/avrupapress.com\/#\/schema\/person\/0223dca19c72c43575bf30d1a2d8f4fa\"},\"potentialAction\":[{\"@type\":\"SearchAction\",\"target\":{\"@type\":\"EntryPoint\",\"urlTemplate\":\"https:\/\/avrupapress.com\/?s={search_term_string}\"},\"query-input\":{\"@type\":\"PropertyValueSpecification\",\"valueRequired\":true,\"valueName\":\"search_term_string\"}}],\"inLanguage\":\"fr-BE\"},{\"@type\":[\"Person\",\"Organization\"],\"@id\":\"https:\/\/avrupapress.com\/#\/schema\/person\/0223dca19c72c43575bf30d1a2d8f4fa\",\"name\":\"Bilgin \u00d6z\u00e7ift\u00e7i\",\"image\":{\"@type\":\"ImageObject\",\"inLanguage\":\"fr-BE\",\"@id\":\"https:\/\/avrupapress.com\/#\/schema\/person\/image\/\",\"url\":\"https:\/\/secure.gravatar.com\/avatar\/0f23b280433a21e1ea7a0adcc46ed0ad16afe3ad8e630fd13d8a017dcbd54ef3?s=96&d=mm&r=g\",\"contentUrl\":\"https:\/\/secure.gravatar.com\/avatar\/0f23b280433a21e1ea7a0adcc46ed0ad16afe3ad8e630fd13d8a017dcbd54ef3?s=96&d=mm&r=g\",\"caption\":\"Bilgin \u00d6z\u00e7ift\u00e7i\"},\"logo\":{\"@id\":\"https:\/\/avrupapress.com\/#\/schema\/person\/image\/\"},\"description\":\"Ne ben, nede sen... Biz ancak \\\"biz\\\" olursak g\u00fc\u00e7l\u00fc olabiliriz\"},{\"@type\":\"Person\",\"@id\":\"https:\/\/avrupapress.com\/#\/schema\/person\/68428444ec60970d1e1b700cf4ca1e8f\",\"name\":\"Edit\u00f6r\",\"image\":{\"@type\":\"ImageObject\",\"inLanguage\":\"fr-BE\",\"@id\":\"https:\/\/avrupapress.com\/#\/schema\/person\/image\/\",\"url\":\"https:\/\/secure.gravatar.com\/avatar\/74996b0977aa5f1559ba9883776652508b229005c0d78fb2597897f0bd651c09?s=96&d=mm&r=g\",\"contentUrl\":\"https:\/\/secure.gravatar.com\/avatar\/74996b0977aa5f1559ba9883776652508b229005c0d78fb2597897f0bd651c09?s=96&d=mm&r=g\",\"caption\":\"Edit\u00f6r\"},\"sameAs\":[\"http:\/\/www.avrupapress.com\"],\"url\":\"https:\/\/avrupapress.com\/main\/author\/editor\/\"}]}<\/script>\n<!-- \/ Yoast SEO plugin. -->","yoast_head_json":{"title":"Ruhi A\u00e7\u0131kg\u00f6z'\u00fcn 30 A\u011fustos Zafer Bayram\u0131 Mesaj\u0131 - AvrupaPress","robots":{"index":"index","follow":"follow","max-snippet":"max-snippet:-1","max-image-preview":"max-image-preview:large","max-video-preview":"max-video-preview:-1"},"canonical":"https:\/\/avrupapress.com\/main\/2026\/08\/30\/36226\/","og_locale":"fr_FR","og_type":"article","og_title":"Ruhi A\u00e7\u0131kg\u00f6z'\u00fcn 30 A\u011fustos Zafer Bayram\u0131 Mesaj\u0131 - AvrupaPress","og_description":"Bilgin \u00d6zcifci. \/\u00a0 BRUKSEL Ruhi A\u00e7\u0131kg\u00f6z\u2019den AK Parti Br\u00fcksel &#8211; AB Temsilcisi Say\u0131n Ruhi A\u00e7\u0131kg\u00f6z&rsquo;\u00fcn 30 A\u011fustos Zafer Bayram\u0131 dolay\u0131s\u0131yla yay\u0131mlad\u0131\u011f\u0131 mesajda, K\u0131ymetli Vatanda\u015f\u0131m\u0131z; Bug\u00fcn, milletimizin ba\u011f\u0131ms\u0131zl\u0131k ve vatan sevgisinin en b\u00fcy\u00fck simgelerinden biri olan 30 A\u011fustos Zafer Bayram\u0131&rsquo;n\u0131n 104. y\u0131l d\u00f6n\u00fcm\u00fcn\u00fc gurur ve co\u015fkuyla kutluyoruz. Ba\u015fta Gazi Mustafa Kemal Atat\u00fcrk ve silah arkada\u015flar\u0131 olmak [&hellip;]","og_url":"https:\/\/avrupapress.com\/main\/2026\/08\/30\/36226\/","og_site_name":"AvrupaPress","article_published_time":"2026-08-30T11:15:54+00:00","article_modified_time":"2026-08-30T11:18:56+00:00","og_image":[{"width":1080,"height":588,"url":"https:\/\/avrupapress.com\/main\/wp-content\/uploads\/2026\/08\/Screenshot_20260830_130413_Facebook.jpg","type":"image\/jpeg"}],"author":"Edit\u00f6r","twitter_card":"summary_large_image","twitter_misc":{"\u00c9crit par":"Edit\u00f6r","Dur\u00e9e de lecture est.":"1 minute"},"schema":{"@context":"https:\/\/schema.org","@graph":[{"@type":"Article","@id":"https:\/\/avrupapress.com\/main\/2026\/08\/30\/36226\/#article","isPartOf":{"@id":"https:\/\/avrupapress.com\/main\/2026\/08\/30\/36226\/"},"author":{"name":"Edit\u00f6r","@id":"https:\/\/avrupapress.com\/#\/schema\/person\/68428444ec60970d1e1b700cf4ca1e8f"},"headline":"Ruhi A\u00e7\u0131kg\u00f6z&rsquo;\u00fcn 30 A\u011fustos Zafer Bayram\u0131 Mesaj\u0131","datePublished":"2026-08-30T11:15:54+00:00","dateModified":"2026-08-30T11:18:56+00:00","mainEntityOfPage":{"@id":"https:\/\/avrupapress.com\/main\/2026\/08\/30\/36226\/"},"wordCount":158,"publisher":{"@id":"https:\/\/avrupapress.com\/#\/schema\/person\/0223dca19c72c43575bf30d1a2d8f4fa"},"image":{"@id":"https:\/\/avrupapress.com\/main\/2026\/08\/30\/36226\/#primaryimage"},"thumbnailUrl":"https:\/\/avrupapress.com\/main\/wp-content\/uploads\/2026\/08\/Screenshot_20260830_130413_Facebook.jpg","articleSection":["Avrupa","Bel\u00e7ika","D\u00fcnya","Ekonomi","K\u00fclt\u00fcr-Sanat","Spor","Tan\u0131t\u0131m","T\u00fcrkiye","Uncategorized"],"inLanguage":"fr-BE"},{"@type":"WebPage","@id":"https:\/\/avrupapress.com\/main\/2026\/08\/30\/36226\/","url":"https:\/\/avrupapress.com\/main\/2026\/08\/30\/36226\/","name":"Ruhi A\u00e7\u0131kg\u00f6z'\u00fcn 30 A\u011fustos Zafer Bayram\u0131 Mesaj\u0131 - AvrupaPress","isPartOf":{"@id":"https:\/\/avrupapress.com\/#website"},"primaryImageOfPage":{"@id":"https:\/\/avrupapress.com\/main\/2026\/08\/30\/36226\/#primaryimage"},"image":{"@id":"https:\/\/avrupapress.com\/main\/2026\/08\/30\/36226\/#primaryimage"},"thumbnailUrl":"https:\/\/avrupapress.com\/main\/wp-content\/uploads\/2026\/08\/Screenshot_20260830_130413_Facebook.jpg","datePublished":"2026-08-30T11:15:54+00:00","dateModified":"2026-08-30T11:18:56+00:00","breadcrumb":{"@id":"https:\/\/avrupapress.com\/main\/2026\/08\/30\/36226\/#breadcrumb"},"inLanguage":"fr-BE","potentialAction":[{"@type":"ReadAction","target":["https:\/\/avrupapress.com\/main\/2026\/08\/30\/36226\/"]}]},{"@type":"ImageObject","inLanguage":"fr-BE","@id":"https:\/\/avrupapress.com\/main\/2026\/08\/30\/36226\/#primaryimage","url":"https:\/\/avrupapress.com\/main\/wp-content\/uploads\/2026\/08\/Screenshot_20260830_130413_Facebook.jpg","contentUrl":"https:\/\/avrupapress.com\/main\/wp-content\/uploads\/2026\/08\/Screenshot_20260830_130413_Facebook.jpg","width":1080,"height":588},{"@type":"BreadcrumbList","@id":"https:\/\/avrupapress.com\/main\/2026\/08\/30\/36226\/#breadcrumb","itemListElement":[{"@type":"ListItem","position":1,"name":"Anasayfa","item":"https:\/\/avrupapress.com\/"},{"@type":"ListItem","position":2,"name":"Ruhi A\u00e7\u0131kg\u00f6z&#8217;\u00fcn 30 A\u011fustos Zafer Bayram\u0131 Mesaj\u0131"}]},{"@type":"WebSite","@id":"https:\/\/avrupapress.com\/#website","url":"https:\/\/avrupapress.com\/","name":"AvrupaPress","description":"Haberin Adresi","publisher":{"@id":"https:\/\/avrupapress.com\/#\/schema\/person\/0223dca19c72c43575bf30d1a2d8f4fa"},"potentialAction":[{"@type":"SearchAction","target":{"@type":"EntryPoint","urlTemplate":"https:\/\/avrupapress.com\/?s={search_term_string}"},"query-input":{"@type":"PropertyValueSpecification","valueRequired":true,"valueName":"search_term_string"}}],"inLanguage":"fr-BE"},{"@type":["Person","Organization"],"@id":"https:\/\/avrupapress.com\/#\/schema\/person\/0223dca19c72c43575bf30d1a2d8f4fa","name":"Bilgin \u00d6z\u00e7ift\u00e7i","image":{"@type":"ImageObject","inLanguage":"fr-BE","@id":"https:\/\/avrupapress.com\/#\/schema\/person\/image\/","url":"https:\/\/secure.gravatar.com\/avatar\/0f23b280433a21e1ea7a0adcc46ed0ad16afe3ad8e630fd13d8a017dcbd54ef3?s=96&d=mm&r=g","contentUrl":"https:\/\/secure.gravatar.com\/avatar\/0f23b280433a21e1ea7a0adcc46ed0ad16afe3ad8e630fd13d8a017dcbd54ef3?s=96&d=mm&r=g","caption":"Bilgin \u00d6z\u00e7ift\u00e7i"},"logo":{"@id":"https:\/\/avrupapress.com\/#\/schema\/person\/image\/"},"description":"Ne ben, nede sen... Biz ancak \"biz\" olursak g\u00fc\u00e7l\u00fc olabiliriz"},{"@type":"Person","@id":"https:\/\/avrupapress.com\/#\/schema\/person\/68428444ec60970d1e1b700cf4ca1e8f","name":"Edit\u00f6r","image":{"@type":"ImageObject","inLanguage":"fr-BE","@id":"https:\/\/avrupapress.com\/#\/schema\/person\/image\/","url":"https:\/\/secure.gravatar.com\/avatar\/74996b0977aa5f1559ba9883776652508b229005c0d78fb2597897f0bd651c09?s=96&d=mm&r=g","contentUrl":"https:\/\/secure.gravatar.com\/avatar\/74996b0977aa5f1559ba9883776652508b229005c0d78fb2597897f0bd651c09?s=96&d=mm&r=g","caption":"Edit\u00f6r"},"sameAs":["http:\/\/www.avrupapress.com"],"url":"https:\/\/avrupapress.com\/main\/author\/editor\/"}]}},"_links":{"self":[{"href":"https:\/\/avrupapress.com\/main\/wp-json\/wp\/v2\/posts\/36226","targetHints":{"allow":["GET"]}}],"collection":[{"href":"https:\/\/avrupapress.com\/main\/wp-json\/wp\/v2\/posts"}],"about":[{"href":"https:\/\/avrupapress.com\/main\/wp-json\/wp\/v2\/types\/post"}],"author":[{"embeddable":true,"href":"https:\/\/avrupapress.com\/main\/wp-json\/wp\/v2\/users\/3"}],"replies":[{"embeddable":true,"href":"https:\/\/avrupapress.com\/main\/wp-json\/wp\/v2\/comments?post=36226"}],"version-history":[{"count":4,"href":"https:\/\/avrupapress.com\/main\/wp-json\/wp\/v2\/posts\/36226\/revisions"}],"predecessor-version":[{"id":36231,"href":"https:\/\/avrupapress.com\/main\/wp-json\/wp\/v2\/posts\/36226\/revisions\/36231"}],"wp:featuredmedia":[{"embeddable":true,"href":"https:\/\/avrupapress.com\/main\/wp-json\/wp\/v2\/media\/36227"}],"wp:attachment":[{"href":"https:\/\/avrupapress.com\/main\/wp-json\/wp\/v2\/media?parent=36226"}],"wp:term":[{"taxonomy":"category","embeddable":true,"href":"https:\/\/avrupapress.com\/main\/wp-json\/wp\/v2\/categories?post=36226"},{"taxonomy":"post_tag","embeddable":true,"href":"https:\/\/avrupapress.com\/main\/wp-json\/wp\/v2\/tags?post=36226"}],"curies":[{"name":"wp","href":"https:\/\/api.w.org\/{rel}","templated":true}]}}