{"id":34617,"date":"2026-05-02T06:06:38","date_gmt":"2026-05-02T06:06:38","guid":{"rendered":"https:\/\/avrupapress.com\/main\/?p=34617"},"modified":"2026-05-02T06:06:47","modified_gmt":"2026-05-02T06:06:47","slug":"bakan-goktas-avrupali-turklerin-yaninda-olmaya-devam-edecegiz","status":"publish","type":"post","link":"https:\/\/avrupapress.com\/main\/2026\/05\/02\/bakan-goktas-avrupali-turklerin-yaninda-olmaya-devam-edecegiz\/","title":{"rendered":"Bakan G\u00f6kta\u015f: \u201cAvrupal\u0131 T\u00fcrklerin Yan\u0131nda Olmaya Devam Edece\u011fiz\u201d"},"content":{"rendered":"<p><strong>Bel\u00e7ika Uluslararas\u0131 Demokratlar Birli\u011fi\u2019nin Gent \u015fehrinde d\u00fczenledi\u011fi \u201cAnadolu\u2019dan Avrupa\u2019ya Ortak Miras Bulu\u015fmalar\u0131\u201d program\u0131naa kat\u0131ldi<\/strong><\/p>\n<p>Mahinur \u00d6zdemir G\u00f6kta\u015f, Bel\u00e7ika\u2019da kat\u0131ld\u0131\u011f\u0131 programda yurt i\u00e7i ve yurt d\u0131\u015f\u0131ndaki vatanda\u015flarla kurulan ba\u011f\u0131n T\u00fcrkiye i\u00e7in \u00f6nemli bir g\u00fc\u00e7 oldu\u011funu vurgulad\u0131. G\u00f6kta\u015f, kendisinin de bu ba\u011f\u0131n bir par\u00e7as\u0131 oldu\u011funu ifade ederek, devletin vatanda\u015f odakl\u0131 yakla\u015f\u0131m\u0131n\u0131n s\u0131n\u0131rlarla s\u0131n\u0131rl\u0131 olmad\u0131\u011f\u0131n\u0131 dile getirdi.<br \/>\nUluslararas\u0131 Demokratlar Birli\u011fi\u2019nin Gent \u015fehrinde d\u00fczenledi\u011fi \u201cAnadolu\u2019dan Avrupa\u2019ya Ortak Miras Bulu\u015fmalar\u0131\u201d program\u0131nda konu\u015fan Bakan G\u00f6kta\u015f, T\u00fcrkiye ile Bel\u00e7ika aras\u0131ndaki ili\u015fkilerin k\u00f6kl\u00fc dostluk ve \u00e7ok boyutlu i\u015f birli\u011fi temelinde geli\u015fti\u011fini belirtti. Bu ili\u015fkilerin en g\u00fc\u00e7l\u00fc ta\u015f\u0131y\u0131c\u0131 unsurlar\u0131ndan birinin Bel\u00e7ika\u2019daki T\u00fcrk toplumu oldu\u011funu vurgulayan G\u00f6kta\u015f, 62 y\u0131ll\u0131k g\u00f6\u00e7 ge\u00e7mi\u015finin bug\u00fcn g\u00fc\u00e7l\u00fc bir ba\u015far\u0131 hik\u00e2yesine d\u00f6n\u00fc\u015ft\u00fc\u011f\u00fcn\u00fc s\u00f6yledi.<br \/>\nBel\u00e7ika\u2019da d\u00f6rt nesle ula\u015fan T\u00fcrk toplumunun ekonomi, siyaset, e\u011fitim ve sivil toplum alanlar\u0131nda etkin rol \u00fcstlendi\u011fine dikkat \u00e7eken G\u00f6kta\u015f, binlerce giri\u015fimcinin hem ya\u015fad\u0131klar\u0131 \u00fclkeye katk\u0131 sundu\u011funu hem de T\u00fcrkiye ile Avrupa aras\u0131nda k\u00f6pr\u00fc g\u00f6revi g\u00f6rd\u00fc\u011f\u00fcn\u00fc ifade etti.<br \/>\nGen\u00e7lerin e\u011fitim ba\u015far\u0131s\u0131n\u0131n toplumun gelece\u011fi a\u00e7\u0131s\u0131ndan kritik oldu\u011funa i\u015faret eden G\u00f6kta\u015f, kimlik, dil ve aidiyet dengesinin korunmas\u0131n\u0131n \u00f6nemine de\u011findi. Aileyi sosyal politikalar\u0131n merkezine ald\u0131klar\u0131n\u0131 belirten G\u00f6kta\u015f, e-Devlet ve e-konsolosluk uygulamalar\u0131yla yurt d\u0131\u015f\u0131ndaki vatanda\u015flar\u0131n kamu hizmetlerine eri\u015fiminin kolayla\u015ft\u0131r\u0131ld\u0131\u011f\u0131n\u0131 s\u00f6yledi.<br \/>\n\u201cVatanda\u015f\u0131m\u0131z nerede olursa olsun T\u00fcrkiye Cumhuriyeti\u2019nin deste\u011fini yan\u0131nda hissetmelidir\u201d anlay\u0131\u015f\u0131yla hareket ettiklerini kaydeden G\u00f6kta\u015f, Bel\u00e7ika\u2019daki T\u00fcrk toplumunun sadece bir diaspora de\u011fil, T\u00fcrkiye\u2019nin de\u011ferlerini Avrupa\u2019ya ta\u015f\u0131yan g\u00fc\u00e7l\u00fc bir yap\u0131 oldu\u011funu vurgulad\u0131.<br \/>\nKonu\u015fmas\u0131nda son d\u00f6nemde yap\u0131lan ele\u015ftirilere de de\u011finen G\u00f6kta\u015f, yurt d\u0131\u015f\u0131nda ya\u015fayan T\u00fcrklerin ba\u015far\u0131 hik\u00e2yelerinden rahats\u0131zl\u0131k duyuldu\u011funu savunarak, bu ba\u015far\u0131lar\u0131n g\u00f6rmezden gelinemeyece\u011fini ifade etti. Cumhurba\u015fkan\u0131 Recep Tayyip Erdo\u011fan\u2019\u0131n \u201cG\u00fc\u00e7l\u00fc T\u00fcrkiye, G\u00fc\u00e7l\u00fc Diaspora\u201d vizyonuna da de\u011finen G\u00f6kta\u015f, T\u00fcrk diasporas\u0131n\u0131n farkl\u0131 alanlardaki ba\u015far\u0131lar\u0131yla gurur duyduklar\u0131n\u0131 dile getirdi.<br \/>\nProgram\u0131n a\u00e7\u0131l\u0131\u015f\u0131nda konu\u015fan T\u00fcrkiye\u2019nin Br\u00fcksel B\u00fcy\u00fckel\u00e7isi Bar\u0131\u015f Tantekin, iki \u00fclke aras\u0131ndaki ili\u015fkilerin k\u00f6kl\u00fc yap\u0131s\u0131na dikkat \u00e7ekerek, Bel\u00e7ika\u2019dan T\u00fcrkiye\u2019ye y\u00f6nelik ekonomik misyon ziyaretinin haz\u0131rl\u0131klar\u0131n\u0131n s\u00fcrd\u00fc\u011f\u00fcn\u00fc a\u00e7\u0131klad\u0131.<br \/>\nUID Genel Ba\u015fkan\u0131 Kenan Hasan Aslan ise program\u0131 \u201cortak bir kader bulu\u015fmas\u0131\u201d olarak nitelendirerek, te\u015fkilat\u0131n 35 \u00fclkede geni\u015f bir g\u00f6n\u00fcll\u00fc a\u011f\u0131yla faaliyet g\u00f6sterdi\u011fini s\u00f6yledi.<br \/>\nKonu\u015fmalar\u0131n ard\u0131ndan d\u00fczenlenen panelde kat\u0131l\u0131mc\u0131lar\u0131n sorular\u0131 yan\u0131tland\u0131. Program sonras\u0131 Gent\u2019te T\u00fcrk esnaf\u0131n\u0131 ziyaret eden Bakan G\u00f6kta\u015f, cuma namaz\u0131 \u00e7\u0131k\u0131\u015f\u0131nda Ey\u00fcp Sultan Camisi cemaatiyle bir araya geldi.<\/p>\n<p><img loading=\"lazy\" decoding=\"async\" class=\"alignnone size-medium wp-image-34618\" src=\"https:\/\/avrupapress.com\/main\/wp-content\/uploads\/2026\/05\/mahinur-ozdemir-goktas-avrupadaki-vatandaslarimizin-yanindayiz-1777647347-e1777701753207-300x188.jpg\" alt=\"\" width=\"300\" height=\"188\" srcset=\"https:\/\/avrupapress.com\/main\/wp-content\/uploads\/2026\/05\/mahinur-ozdemir-goktas-avrupadaki-vatandaslarimizin-yanindayiz-1777647347-e1777701753207-300x188.jpg 300w, https:\/\/avrupapress.com\/main\/wp-content\/uploads\/2026\/05\/mahinur-ozdemir-goktas-avrupadaki-vatandaslarimizin-yanindayiz-1777647347-e1777701753207.jpg 640w\" sizes=\"auto, (max-width: 300px) 100vw, 300px\" \/><\/p>\n<p><img loading=\"lazy\" decoding=\"async\" class=\"alignnone size-medium wp-image-34619\" src=\"https:\/\/avrupapress.com\/main\/wp-content\/uploads\/2026\/05\/WhatsApp-Image-2026-05-02-at-08.48.00-300x191.jpeg\" alt=\"\" width=\"300\" height=\"191\" srcset=\"https:\/\/avrupapress.com\/main\/wp-content\/uploads\/2026\/05\/WhatsApp-Image-2026-05-02-at-08.48.00-300x191.jpeg 300w, https:\/\/avrupapress.com\/main\/wp-content\/uploads\/2026\/05\/WhatsApp-Image-2026-05-02-at-08.48.00-768x490.jpeg 768w, https:\/\/avrupapress.com\/main\/wp-content\/uploads\/2026\/05\/WhatsApp-Image-2026-05-02-at-08.48.00.jpeg 946w\" sizes=\"auto, (max-width: 300px) 100vw, 300px\" \/><\/p>\n<p><img loading=\"lazy\" decoding=\"async\" class=\"alignnone size-medium wp-image-34620\" src=\"https:\/\/avrupapress.com\/main\/wp-content\/uploads\/2026\/05\/WhatsApp-Image-2026-05-02-at-08.48.12-300x197.jpeg\" alt=\"\" width=\"300\" height=\"197\" srcset=\"https:\/\/avrupapress.com\/main\/wp-content\/uploads\/2026\/05\/WhatsApp-Image-2026-05-02-at-08.48.12-300x197.jpeg 300w, https:\/\/avrupapress.com\/main\/wp-content\/uploads\/2026\/05\/WhatsApp-Image-2026-05-02-at-08.48.12-768x504.jpeg 768w, https:\/\/avrupapress.com\/main\/wp-content\/uploads\/2026\/05\/WhatsApp-Image-2026-05-02-at-08.48.12.jpeg 941w\" sizes=\"auto, (max-width: 300px) 100vw, 300px\" \/><\/p>\n<p><img loading=\"lazy\" decoding=\"async\" class=\"alignnone size-medium wp-image-34621\" src=\"https:\/\/avrupapress.com\/main\/wp-content\/uploads\/2026\/05\/WhatsApp-Image-2026-05-02-at-08.48.24-300x204.jpeg\" alt=\"\" width=\"300\" height=\"204\" srcset=\"https:\/\/avrupapress.com\/main\/wp-content\/uploads\/2026\/05\/WhatsApp-Image-2026-05-02-at-08.48.24-300x204.jpeg 300w, https:\/\/avrupapress.com\/main\/wp-content\/uploads\/2026\/05\/WhatsApp-Image-2026-05-02-at-08.48.24-768x523.jpeg 768w, https:\/\/avrupapress.com\/main\/wp-content\/uploads\/2026\/05\/WhatsApp-Image-2026-05-02-at-08.48.24.jpeg 944w\" sizes=\"auto, (max-width: 300px) 100vw, 300px\" \/><\/p>\n<p><img loading=\"lazy\" decoding=\"async\" class=\"alignnone size-medium wp-image-34622\" src=\"https:\/\/avrupapress.com\/main\/wp-content\/uploads\/2026\/05\/WhatsApp-Image-2026-05-02-at-08.48.37-300x199.jpeg\" alt=\"\" width=\"300\" height=\"199\" srcset=\"https:\/\/avrupapress.com\/main\/wp-content\/uploads\/2026\/05\/WhatsApp-Image-2026-05-02-at-08.48.37-300x199.jpeg 300w, https:\/\/avrupapress.com\/main\/wp-content\/uploads\/2026\/05\/WhatsApp-Image-2026-05-02-at-08.48.37-768x510.jpeg 768w, https:\/\/avrupapress.com\/main\/wp-content\/uploads\/2026\/05\/WhatsApp-Image-2026-05-02-at-08.48.37.jpeg 941w\" sizes=\"auto, (max-width: 300px) 100vw, 300px\" \/><\/p>\n<p><img loading=\"lazy\" decoding=\"async\" class=\"alignnone size-medium wp-image-34623\" src=\"https:\/\/avrupapress.com\/main\/wp-content\/uploads\/2026\/05\/WhatsApp-Image-2026-05-02-at-08.49.30-296x300.jpeg\" alt=\"\" width=\"296\" height=\"300\" srcset=\"https:\/\/avrupapress.com\/main\/wp-content\/uploads\/2026\/05\/WhatsApp-Image-2026-05-02-at-08.49.30-296x300.jpeg 296w, https:\/\/avrupapress.com\/main\/wp-content\/uploads\/2026\/05\/WhatsApp-Image-2026-05-02-at-08.49.30-1010x1024.jpeg 1010w, https:\/\/avrupapress.com\/main\/wp-content\/uploads\/2026\/05\/WhatsApp-Image-2026-05-02-at-08.49.30-768x778.jpeg 768w, https:\/\/avrupapress.com\/main\/wp-content\/uploads\/2026\/05\/WhatsApp-Image-2026-05-02-at-08.49.30.jpeg 1320w\" sizes=\"auto, (max-width: 296px) 100vw, 296px\" \/><\/p>\n<p><img loading=\"lazy\" decoding=\"async\" class=\"alignnone size-medium wp-image-34624\" src=\"https:\/\/avrupapress.com\/main\/wp-content\/uploads\/2026\/05\/WhatsApp-Image-2026-05-02-at-08.49.48-300x190.jpeg\" alt=\"\" width=\"300\" height=\"190\" srcset=\"https:\/\/avrupapress.com\/main\/wp-content\/uploads\/2026\/05\/WhatsApp-Image-2026-05-02-at-08.49.48-300x190.jpeg 300w, https:\/\/avrupapress.com\/main\/wp-content\/uploads\/2026\/05\/WhatsApp-Image-2026-05-02-at-08.49.48-1024x649.jpeg 1024w, https:\/\/avrupapress.com\/main\/wp-content\/uploads\/2026\/05\/WhatsApp-Image-2026-05-02-at-08.49.48-768x486.jpeg 768w, https:\/\/avrupapress.com\/main\/wp-content\/uploads\/2026\/05\/WhatsApp-Image-2026-05-02-at-08.49.48.jpeg 1320w\" sizes=\"auto, (max-width: 300px) 100vw, 300px\" \/><\/p>\n<p><img loading=\"lazy\" decoding=\"async\" class=\"alignnone size-medium wp-image-34625\" src=\"https:\/\/avrupapress.com\/main\/wp-content\/uploads\/2026\/05\/mAHINUR_oZDEMIR_gOKTAS_BTH6892-e1777701937698-300x179.jpg\" alt=\"\" width=\"300\" height=\"179\" srcset=\"https:\/\/avrupapress.com\/main\/wp-content\/uploads\/2026\/05\/mAHINUR_oZDEMIR_gOKTAS_BTH6892-e1777701937698-300x179.jpg 300w, https:\/\/avrupapress.com\/main\/wp-content\/uploads\/2026\/05\/mAHINUR_oZDEMIR_gOKTAS_BTH6892-e1777701937698.jpg 640w\" sizes=\"auto, (max-width: 300px) 100vw, 300px\" \/><\/p>\n<p><strong>Bilgin\u00a0 Ozcifci\u00a0 \u00a0 \u00a0 \u00a0 \u00a0 \/\u00a0 \u00a0 \u00a0 \u00a0 \u00a0AVRUPAPRESS<\/strong><\/p>\n","protected":false},"excerpt":{"rendered":"<p>Bel\u00e7ika Uluslararas\u0131 Demokratlar Birli\u011fi\u2019nin Gent \u015fehrinde d\u00fczenledi\u011fi \u201cAnadolu\u2019dan Avrupa\u2019ya Ortak Miras Bulu\u015fmalar\u0131\u201d program\u0131naa kat\u0131ldi Mahinur \u00d6zdemir G\u00f6kta\u015f, Bel\u00e7ika\u2019da kat\u0131ld\u0131\u011f\u0131 programda yurt i\u00e7i ve yurt d\u0131\u015f\u0131ndaki vatanda\u015flarla kurulan ba\u011f\u0131n T\u00fcrkiye i\u00e7in \u00f6nemli bir g\u00fc\u00e7 oldu\u011funu vurgulad\u0131. G\u00f6kta\u015f, kendisinin de bu ba\u011f\u0131n bir par\u00e7as\u0131 oldu\u011funu ifade ederek, devletin vatanda\u015f odakl\u0131 yakla\u015f\u0131m\u0131n\u0131n s\u0131n\u0131rlarla s\u0131n\u0131rl\u0131 olmad\u0131\u011f\u0131n\u0131 dile getirdi. Uluslararas\u0131 [&hellip;]<\/p>\n","protected":false},"author":3,"featured_media":34619,"comment_status":"closed","ping_status":"open","sticky":false,"template":"","format":"standard","meta":{"footnotes":""},"categories":[14,16,3,17,18,15,19,2,1],"tags":[],"class_list":["post-34617","post","type-post","status-publish","format-standard","has-post-thumbnail","hentry","category-avrupa","category-belcika","category-dunya","category-ekonomi","category-kultur-sanat","category-spor","category-tanitim","category-turkiye","category-uncategorized"],"yoast_head":"<!-- This site is optimized with the Yoast SEO plugin v26.9 - https:\/\/yoast.com\/product\/yoast-seo-wordpress\/ -->\n<title>Bakan G\u00f6kta\u015f: \u201cAvrupal\u0131 T\u00fcrklerin Yan\u0131nda Olmaya Devam Edece\u011fiz\u201d - AvrupaPress<\/title>\n<meta name=\"robots\" content=\"index, follow, max-snippet:-1, max-image-preview:large, max-video-preview:-1\" \/>\n<link rel=\"canonical\" href=\"https:\/\/avrupapress.com\/main\/2026\/05\/02\/bakan-goktas-avrupali-turklerin-yaninda-olmaya-devam-edecegiz\/\" \/>\n<meta property=\"og:locale\" content=\"fr_FR\" \/>\n<meta property=\"og:type\" content=\"article\" \/>\n<meta property=\"og:title\" content=\"Bakan G\u00f6kta\u015f: \u201cAvrupal\u0131 T\u00fcrklerin Yan\u0131nda Olmaya Devam Edece\u011fiz\u201d - AvrupaPress\" \/>\n<meta property=\"og:description\" content=\"Bel\u00e7ika Uluslararas\u0131 Demokratlar Birli\u011fi\u2019nin Gent \u015fehrinde d\u00fczenledi\u011fi \u201cAnadolu\u2019dan Avrupa\u2019ya Ortak Miras Bulu\u015fmalar\u0131\u201d program\u0131naa kat\u0131ldi Mahinur \u00d6zdemir G\u00f6kta\u015f, Bel\u00e7ika\u2019da kat\u0131ld\u0131\u011f\u0131 programda yurt i\u00e7i ve yurt d\u0131\u015f\u0131ndaki vatanda\u015flarla kurulan ba\u011f\u0131n T\u00fcrkiye i\u00e7in \u00f6nemli bir g\u00fc\u00e7 oldu\u011funu vurgulad\u0131. G\u00f6kta\u015f, kendisinin de bu ba\u011f\u0131n bir par\u00e7as\u0131 oldu\u011funu ifade ederek, devletin vatanda\u015f odakl\u0131 yakla\u015f\u0131m\u0131n\u0131n s\u0131n\u0131rlarla s\u0131n\u0131rl\u0131 olmad\u0131\u011f\u0131n\u0131 dile getirdi. Uluslararas\u0131 [&hellip;]\" \/>\n<meta property=\"og:url\" content=\"https:\/\/avrupapress.com\/main\/2026\/05\/02\/bakan-goktas-avrupali-turklerin-yaninda-olmaya-devam-edecegiz\/\" \/>\n<meta property=\"og:site_name\" content=\"AvrupaPress\" \/>\n<meta property=\"article:published_time\" content=\"2026-05-02T06:06:38+00:00\" \/>\n<meta property=\"article:modified_time\" content=\"2026-05-02T06:06:47+00:00\" \/>\n<meta property=\"og:image\" content=\"https:\/\/avrupapress.com\/main\/wp-content\/uploads\/2026\/05\/WhatsApp-Image-2026-05-02-at-08.48.00.jpeg\" \/>\n\t<meta property=\"og:image:width\" content=\"946\" \/>\n\t<meta property=\"og:image:height\" content=\"603\" \/>\n\t<meta property=\"og:image:type\" content=\"image\/jpeg\" \/>\n<meta name=\"author\" content=\"Edit\u00f6r\" \/>\n<meta name=\"twitter:card\" content=\"summary_large_image\" \/>\n<meta name=\"twitter:label1\" content=\"\u00c9crit par\" \/>\n\t<meta name=\"twitter:data1\" content=\"Edit\u00f6r\" \/>\n\t<meta name=\"twitter:label2\" content=\"Dur\u00e9e de lecture est.\" \/>\n\t<meta name=\"twitter:data2\" content=\"4 minutes\" \/>\n<script type=\"application\/ld+json\" class=\"yoast-schema-graph\">{\"@context\":\"https:\/\/schema.org\",\"@graph\":[{\"@type\":\"Article\",\"@id\":\"https:\/\/avrupapress.com\/main\/2026\/05\/02\/bakan-goktas-avrupali-turklerin-yaninda-olmaya-devam-edecegiz\/#article\",\"isPartOf\":{\"@id\":\"https:\/\/avrupapress.com\/main\/2026\/05\/02\/bakan-goktas-avrupali-turklerin-yaninda-olmaya-devam-edecegiz\/\"},\"author\":{\"name\":\"Edit\u00f6r\",\"@id\":\"https:\/\/avrupapress.com\/#\/schema\/person\/68428444ec60970d1e1b700cf4ca1e8f\"},\"headline\":\"Bakan G\u00f6kta\u015f: \u201cAvrupal\u0131 T\u00fcrklerin Yan\u0131nda Olmaya Devam Edece\u011fiz\u201d\",\"datePublished\":\"2026-05-02T06:06:38+00:00\",\"dateModified\":\"2026-05-02T06:06:47+00:00\",\"mainEntityOfPage\":{\"@id\":\"https:\/\/avrupapress.com\/main\/2026\/05\/02\/bakan-goktas-avrupali-turklerin-yaninda-olmaya-devam-edecegiz\/\"},\"wordCount\":572,\"publisher\":{\"@id\":\"https:\/\/avrupapress.com\/#\/schema\/person\/0223dca19c72c43575bf30d1a2d8f4fa\"},\"image\":{\"@id\":\"https:\/\/avrupapress.com\/main\/2026\/05\/02\/bakan-goktas-avrupali-turklerin-yaninda-olmaya-devam-edecegiz\/#primaryimage\"},\"thumbnailUrl\":\"https:\/\/avrupapress.com\/main\/wp-content\/uploads\/2026\/05\/WhatsApp-Image-2026-05-02-at-08.48.00.jpeg\",\"articleSection\":[\"Avrupa\",\"Bel\u00e7ika\",\"D\u00fcnya\",\"Ekonomi\",\"K\u00fclt\u00fcr-Sanat\",\"Spor\",\"Tan\u0131t\u0131m\",\"T\u00fcrkiye\",\"Uncategorized\"],\"inLanguage\":\"fr-BE\"},{\"@type\":\"WebPage\",\"@id\":\"https:\/\/avrupapress.com\/main\/2026\/05\/02\/bakan-goktas-avrupali-turklerin-yaninda-olmaya-devam-edecegiz\/\",\"url\":\"https:\/\/avrupapress.com\/main\/2026\/05\/02\/bakan-goktas-avrupali-turklerin-yaninda-olmaya-devam-edecegiz\/\",\"name\":\"Bakan G\u00f6kta\u015f: \u201cAvrupal\u0131 T\u00fcrklerin Yan\u0131nda Olmaya Devam Edece\u011fiz\u201d - AvrupaPress\",\"isPartOf\":{\"@id\":\"https:\/\/avrupapress.com\/#website\"},\"primaryImageOfPage\":{\"@id\":\"https:\/\/avrupapress.com\/main\/2026\/05\/02\/bakan-goktas-avrupali-turklerin-yaninda-olmaya-devam-edecegiz\/#primaryimage\"},\"image\":{\"@id\":\"https:\/\/avrupapress.com\/main\/2026\/05\/02\/bakan-goktas-avrupali-turklerin-yaninda-olmaya-devam-edecegiz\/#primaryimage\"},\"thumbnailUrl\":\"https:\/\/avrupapress.com\/main\/wp-content\/uploads\/2026\/05\/WhatsApp-Image-2026-05-02-at-08.48.00.jpeg\",\"datePublished\":\"2026-05-02T06:06:38+00:00\",\"dateModified\":\"2026-05-02T06:06:47+00:00\",\"breadcrumb\":{\"@id\":\"https:\/\/avrupapress.com\/main\/2026\/05\/02\/bakan-goktas-avrupali-turklerin-yaninda-olmaya-devam-edecegiz\/#breadcrumb\"},\"inLanguage\":\"fr-BE\",\"potentialAction\":[{\"@type\":\"ReadAction\",\"target\":[\"https:\/\/avrupapress.com\/main\/2026\/05\/02\/bakan-goktas-avrupali-turklerin-yaninda-olmaya-devam-edecegiz\/\"]}]},{\"@type\":\"ImageObject\",\"inLanguage\":\"fr-BE\",\"@id\":\"https:\/\/avrupapress.com\/main\/2026\/05\/02\/bakan-goktas-avrupali-turklerin-yaninda-olmaya-devam-edecegiz\/#primaryimage\",\"url\":\"https:\/\/avrupapress.com\/main\/wp-content\/uploads\/2026\/05\/WhatsApp-Image-2026-05-02-at-08.48.00.jpeg\",\"contentUrl\":\"https:\/\/avrupapress.com\/main\/wp-content\/uploads\/2026\/05\/WhatsApp-Image-2026-05-02-at-08.48.00.jpeg\",\"width\":946,\"height\":603},{\"@type\":\"BreadcrumbList\",\"@id\":\"https:\/\/avrupapress.com\/main\/2026\/05\/02\/bakan-goktas-avrupali-turklerin-yaninda-olmaya-devam-edecegiz\/#breadcrumb\",\"itemListElement\":[{\"@type\":\"ListItem\",\"position\":1,\"name\":\"Anasayfa\",\"item\":\"https:\/\/avrupapress.com\/\"},{\"@type\":\"ListItem\",\"position\":2,\"name\":\"Bakan G\u00f6kta\u015f: \u201cAvrupal\u0131 T\u00fcrklerin Yan\u0131nda Olmaya Devam Edece\u011fiz\u201d\"}]},{\"@type\":\"WebSite\",\"@id\":\"https:\/\/avrupapress.com\/#website\",\"url\":\"https:\/\/avrupapress.com\/\",\"name\":\"AvrupaPress\",\"description\":\"Haberin Adresi\",\"publisher\":{\"@id\":\"https:\/\/avrupapress.com\/#\/schema\/person\/0223dca19c72c43575bf30d1a2d8f4fa\"},\"potentialAction\":[{\"@type\":\"SearchAction\",\"target\":{\"@type\":\"EntryPoint\",\"urlTemplate\":\"https:\/\/avrupapress.com\/?s={search_term_string}\"},\"query-input\":{\"@type\":\"PropertyValueSpecification\",\"valueRequired\":true,\"valueName\":\"search_term_string\"}}],\"inLanguage\":\"fr-BE\"},{\"@type\":[\"Person\",\"Organization\"],\"@id\":\"https:\/\/avrupapress.com\/#\/schema\/person\/0223dca19c72c43575bf30d1a2d8f4fa\",\"name\":\"Bilgin \u00d6z\u00e7ift\u00e7i\",\"image\":{\"@type\":\"ImageObject\",\"inLanguage\":\"fr-BE\",\"@id\":\"https:\/\/avrupapress.com\/#\/schema\/person\/image\/\",\"url\":\"https:\/\/secure.gravatar.com\/avatar\/0f23b280433a21e1ea7a0adcc46ed0ad16afe3ad8e630fd13d8a017dcbd54ef3?s=96&d=mm&r=g\",\"contentUrl\":\"https:\/\/secure.gravatar.com\/avatar\/0f23b280433a21e1ea7a0adcc46ed0ad16afe3ad8e630fd13d8a017dcbd54ef3?s=96&d=mm&r=g\",\"caption\":\"Bilgin \u00d6z\u00e7ift\u00e7i\"},\"logo\":{\"@id\":\"https:\/\/avrupapress.com\/#\/schema\/person\/image\/\"},\"description\":\"Ne ben, nede sen... Biz ancak \\\"biz\\\" olursak g\u00fc\u00e7l\u00fc olabiliriz\"},{\"@type\":\"Person\",\"@id\":\"https:\/\/avrupapress.com\/#\/schema\/person\/68428444ec60970d1e1b700cf4ca1e8f\",\"name\":\"Edit\u00f6r\",\"image\":{\"@type\":\"ImageObject\",\"inLanguage\":\"fr-BE\",\"@id\":\"https:\/\/avrupapress.com\/#\/schema\/person\/image\/\",\"url\":\"https:\/\/secure.gravatar.com\/avatar\/74996b0977aa5f1559ba9883776652508b229005c0d78fb2597897f0bd651c09?s=96&d=mm&r=g\",\"contentUrl\":\"https:\/\/secure.gravatar.com\/avatar\/74996b0977aa5f1559ba9883776652508b229005c0d78fb2597897f0bd651c09?s=96&d=mm&r=g\",\"caption\":\"Edit\u00f6r\"},\"sameAs\":[\"http:\/\/www.avrupapress.com\"],\"url\":\"https:\/\/avrupapress.com\/main\/author\/editor\/\"}]}<\/script>\n<!-- \/ Yoast SEO plugin. -->","yoast_head_json":{"title":"Bakan G\u00f6kta\u015f: \u201cAvrupal\u0131 T\u00fcrklerin Yan\u0131nda Olmaya Devam Edece\u011fiz\u201d - AvrupaPress","robots":{"index":"index","follow":"follow","max-snippet":"max-snippet:-1","max-image-preview":"max-image-preview:large","max-video-preview":"max-video-preview:-1"},"canonical":"https:\/\/avrupapress.com\/main\/2026\/05\/02\/bakan-goktas-avrupali-turklerin-yaninda-olmaya-devam-edecegiz\/","og_locale":"fr_FR","og_type":"article","og_title":"Bakan G\u00f6kta\u015f: \u201cAvrupal\u0131 T\u00fcrklerin Yan\u0131nda Olmaya Devam Edece\u011fiz\u201d - AvrupaPress","og_description":"Bel\u00e7ika Uluslararas\u0131 Demokratlar Birli\u011fi\u2019nin Gent \u015fehrinde d\u00fczenledi\u011fi \u201cAnadolu\u2019dan Avrupa\u2019ya Ortak Miras Bulu\u015fmalar\u0131\u201d program\u0131naa kat\u0131ldi Mahinur \u00d6zdemir G\u00f6kta\u015f, Bel\u00e7ika\u2019da kat\u0131ld\u0131\u011f\u0131 programda yurt i\u00e7i ve yurt d\u0131\u015f\u0131ndaki vatanda\u015flarla kurulan ba\u011f\u0131n T\u00fcrkiye i\u00e7in \u00f6nemli bir g\u00fc\u00e7 oldu\u011funu vurgulad\u0131. G\u00f6kta\u015f, kendisinin de bu ba\u011f\u0131n bir par\u00e7as\u0131 oldu\u011funu ifade ederek, devletin vatanda\u015f odakl\u0131 yakla\u015f\u0131m\u0131n\u0131n s\u0131n\u0131rlarla s\u0131n\u0131rl\u0131 olmad\u0131\u011f\u0131n\u0131 dile getirdi. Uluslararas\u0131 [&hellip;]","og_url":"https:\/\/avrupapress.com\/main\/2026\/05\/02\/bakan-goktas-avrupali-turklerin-yaninda-olmaya-devam-edecegiz\/","og_site_name":"AvrupaPress","article_published_time":"2026-05-02T06:06:38+00:00","article_modified_time":"2026-05-02T06:06:47+00:00","og_image":[{"width":946,"height":603,"url":"https:\/\/avrupapress.com\/main\/wp-content\/uploads\/2026\/05\/WhatsApp-Image-2026-05-02-at-08.48.00.jpeg","type":"image\/jpeg"}],"author":"Edit\u00f6r","twitter_card":"summary_large_image","twitter_misc":{"\u00c9crit par":"Edit\u00f6r","Dur\u00e9e de lecture est.":"4 minutes"},"schema":{"@context":"https:\/\/schema.org","@graph":[{"@type":"Article","@id":"https:\/\/avrupapress.com\/main\/2026\/05\/02\/bakan-goktas-avrupali-turklerin-yaninda-olmaya-devam-edecegiz\/#article","isPartOf":{"@id":"https:\/\/avrupapress.com\/main\/2026\/05\/02\/bakan-goktas-avrupali-turklerin-yaninda-olmaya-devam-edecegiz\/"},"author":{"name":"Edit\u00f6r","@id":"https:\/\/avrupapress.com\/#\/schema\/person\/68428444ec60970d1e1b700cf4ca1e8f"},"headline":"Bakan G\u00f6kta\u015f: \u201cAvrupal\u0131 T\u00fcrklerin Yan\u0131nda Olmaya Devam Edece\u011fiz\u201d","datePublished":"2026-05-02T06:06:38+00:00","dateModified":"2026-05-02T06:06:47+00:00","mainEntityOfPage":{"@id":"https:\/\/avrupapress.com\/main\/2026\/05\/02\/bakan-goktas-avrupali-turklerin-yaninda-olmaya-devam-edecegiz\/"},"wordCount":572,"publisher":{"@id":"https:\/\/avrupapress.com\/#\/schema\/person\/0223dca19c72c43575bf30d1a2d8f4fa"},"image":{"@id":"https:\/\/avrupapress.com\/main\/2026\/05\/02\/bakan-goktas-avrupali-turklerin-yaninda-olmaya-devam-edecegiz\/#primaryimage"},"thumbnailUrl":"https:\/\/avrupapress.com\/main\/wp-content\/uploads\/2026\/05\/WhatsApp-Image-2026-05-02-at-08.48.00.jpeg","articleSection":["Avrupa","Bel\u00e7ika","D\u00fcnya","Ekonomi","K\u00fclt\u00fcr-Sanat","Spor","Tan\u0131t\u0131m","T\u00fcrkiye","Uncategorized"],"inLanguage":"fr-BE"},{"@type":"WebPage","@id":"https:\/\/avrupapress.com\/main\/2026\/05\/02\/bakan-goktas-avrupali-turklerin-yaninda-olmaya-devam-edecegiz\/","url":"https:\/\/avrupapress.com\/main\/2026\/05\/02\/bakan-goktas-avrupali-turklerin-yaninda-olmaya-devam-edecegiz\/","name":"Bakan G\u00f6kta\u015f: \u201cAvrupal\u0131 T\u00fcrklerin Yan\u0131nda Olmaya Devam Edece\u011fiz\u201d - AvrupaPress","isPartOf":{"@id":"https:\/\/avrupapress.com\/#website"},"primaryImageOfPage":{"@id":"https:\/\/avrupapress.com\/main\/2026\/05\/02\/bakan-goktas-avrupali-turklerin-yaninda-olmaya-devam-edecegiz\/#primaryimage"},"image":{"@id":"https:\/\/avrupapress.com\/main\/2026\/05\/02\/bakan-goktas-avrupali-turklerin-yaninda-olmaya-devam-edecegiz\/#primaryimage"},"thumbnailUrl":"https:\/\/avrupapress.com\/main\/wp-content\/uploads\/2026\/05\/WhatsApp-Image-2026-05-02-at-08.48.00.jpeg","datePublished":"2026-05-02T06:06:38+00:00","dateModified":"2026-05-02T06:06:47+00:00","breadcrumb":{"@id":"https:\/\/avrupapress.com\/main\/2026\/05\/02\/bakan-goktas-avrupali-turklerin-yaninda-olmaya-devam-edecegiz\/#breadcrumb"},"inLanguage":"fr-BE","potentialAction":[{"@type":"ReadAction","target":["https:\/\/avrupapress.com\/main\/2026\/05\/02\/bakan-goktas-avrupali-turklerin-yaninda-olmaya-devam-edecegiz\/"]}]},{"@type":"ImageObject","inLanguage":"fr-BE","@id":"https:\/\/avrupapress.com\/main\/2026\/05\/02\/bakan-goktas-avrupali-turklerin-yaninda-olmaya-devam-edecegiz\/#primaryimage","url":"https:\/\/avrupapress.com\/main\/wp-content\/uploads\/2026\/05\/WhatsApp-Image-2026-05-02-at-08.48.00.jpeg","contentUrl":"https:\/\/avrupapress.com\/main\/wp-content\/uploads\/2026\/05\/WhatsApp-Image-2026-05-02-at-08.48.00.jpeg","width":946,"height":603},{"@type":"BreadcrumbList","@id":"https:\/\/avrupapress.com\/main\/2026\/05\/02\/bakan-goktas-avrupali-turklerin-yaninda-olmaya-devam-edecegiz\/#breadcrumb","itemListElement":[{"@type":"ListItem","position":1,"name":"Anasayfa","item":"https:\/\/avrupapress.com\/"},{"@type":"ListItem","position":2,"name":"Bakan G\u00f6kta\u015f: \u201cAvrupal\u0131 T\u00fcrklerin Yan\u0131nda Olmaya Devam Edece\u011fiz\u201d"}]},{"@type":"WebSite","@id":"https:\/\/avrupapress.com\/#website","url":"https:\/\/avrupapress.com\/","name":"AvrupaPress","description":"Haberin Adresi","publisher":{"@id":"https:\/\/avrupapress.com\/#\/schema\/person\/0223dca19c72c43575bf30d1a2d8f4fa"},"potentialAction":[{"@type":"SearchAction","target":{"@type":"EntryPoint","urlTemplate":"https:\/\/avrupapress.com\/?s={search_term_string}"},"query-input":{"@type":"PropertyValueSpecification","valueRequired":true,"valueName":"search_term_string"}}],"inLanguage":"fr-BE"},{"@type":["Person","Organization"],"@id":"https:\/\/avrupapress.com\/#\/schema\/person\/0223dca19c72c43575bf30d1a2d8f4fa","name":"Bilgin \u00d6z\u00e7ift\u00e7i","image":{"@type":"ImageObject","inLanguage":"fr-BE","@id":"https:\/\/avrupapress.com\/#\/schema\/person\/image\/","url":"https:\/\/secure.gravatar.com\/avatar\/0f23b280433a21e1ea7a0adcc46ed0ad16afe3ad8e630fd13d8a017dcbd54ef3?s=96&d=mm&r=g","contentUrl":"https:\/\/secure.gravatar.com\/avatar\/0f23b280433a21e1ea7a0adcc46ed0ad16afe3ad8e630fd13d8a017dcbd54ef3?s=96&d=mm&r=g","caption":"Bilgin \u00d6z\u00e7ift\u00e7i"},"logo":{"@id":"https:\/\/avrupapress.com\/#\/schema\/person\/image\/"},"description":"Ne ben, nede sen... Biz ancak \"biz\" olursak g\u00fc\u00e7l\u00fc olabiliriz"},{"@type":"Person","@id":"https:\/\/avrupapress.com\/#\/schema\/person\/68428444ec60970d1e1b700cf4ca1e8f","name":"Edit\u00f6r","image":{"@type":"ImageObject","inLanguage":"fr-BE","@id":"https:\/\/avrupapress.com\/#\/schema\/person\/image\/","url":"https:\/\/secure.gravatar.com\/avatar\/74996b0977aa5f1559ba9883776652508b229005c0d78fb2597897f0bd651c09?s=96&d=mm&r=g","contentUrl":"https:\/\/secure.gravatar.com\/avatar\/74996b0977aa5f1559ba9883776652508b229005c0d78fb2597897f0bd651c09?s=96&d=mm&r=g","caption":"Edit\u00f6r"},"sameAs":["http:\/\/www.avrupapress.com"],"url":"https:\/\/avrupapress.com\/main\/author\/editor\/"}]}},"_links":{"self":[{"href":"https:\/\/avrupapress.com\/main\/wp-json\/wp\/v2\/posts\/34617","targetHints":{"allow":["GET"]}}],"collection":[{"href":"https:\/\/avrupapress.com\/main\/wp-json\/wp\/v2\/posts"}],"about":[{"href":"https:\/\/avrupapress.com\/main\/wp-json\/wp\/v2\/types\/post"}],"author":[{"embeddable":true,"href":"https:\/\/avrupapress.com\/main\/wp-json\/wp\/v2\/users\/3"}],"replies":[{"embeddable":true,"href":"https:\/\/avrupapress.com\/main\/wp-json\/wp\/v2\/comments?post=34617"}],"version-history":[{"count":1,"href":"https:\/\/avrupapress.com\/main\/wp-json\/wp\/v2\/posts\/34617\/revisions"}],"predecessor-version":[{"id":34626,"href":"https:\/\/avrupapress.com\/main\/wp-json\/wp\/v2\/posts\/34617\/revisions\/34626"}],"wp:featuredmedia":[{"embeddable":true,"href":"https:\/\/avrupapress.com\/main\/wp-json\/wp\/v2\/media\/34619"}],"wp:attachment":[{"href":"https:\/\/avrupapress.com\/main\/wp-json\/wp\/v2\/media?parent=34617"}],"wp:term":[{"taxonomy":"category","embeddable":true,"href":"https:\/\/avrupapress.com\/main\/wp-json\/wp\/v2\/categories?post=34617"},{"taxonomy":"post_tag","embeddable":true,"href":"https:\/\/avrupapress.com\/main\/wp-json\/wp\/v2\/tags?post=34617"}],"curies":[{"name":"wp","href":"https:\/\/api.w.org\/{rel}","templated":true}]}}