{"id":34613,"date":"2026-05-01T22:20:00","date_gmt":"2026-05-01T22:20:00","guid":{"rendered":"https:\/\/avrupapress.com\/main\/?p=34613"},"modified":"2026-05-01T22:21:27","modified_gmt":"2026-05-01T22:21:27","slug":"eskisehir-vali-munir-raif-guney-ilkokulu-minik-ogrencileri-geri-donusumu-yerinde-ogrendiler","status":"publish","type":"post","link":"https:\/\/avrupapress.com\/main\/2026\/05\/01\/eskisehir-vali-munir-raif-guney-ilkokulu-minik-ogrencileri-geri-donusumu-yerinde-ogrendiler\/","title":{"rendered":"Eski\u015fehir Vali M\u00fcnir Raif G\u00fcney \u0130lkokulu minik \u00f6\u011frencileri, \u2018geri d\u00f6n\u00fc\u015f\u00fcm\u00fc\u2019 yerinde \u00f6\u011frendiler"},"content":{"rendered":"<p>Eski\u015fehir Vali M\u00fcnir Raif G\u00fcney \u0130lkokulu minik \u00f6\u011frencileri, \u2018geri d\u00f6n\u00fc\u015f\u00fcm\u00fc\u2019 yerinde \u00f6\u011frendiler<\/p>\n<p><strong>HABER \/ FOTO\u011eRAF: ERTU\u011eRUL ALTINEL \u2013 B\u0130LG\u0130N \u00d6Z\u00c7\u0130FT\u00c7\u0130 \u2013 AVRUPA PRESS \u2013 BEL\u00c7\u0130KA.<\/strong><\/p>\n<p>Eski\u015fehir Vali M\u00fcnir Raif G\u00fcney \u0130lkokulu minik \u00f6\u011frencileri, \u2018geri d\u00f6n\u00fc\u015f\u00fcm\u00fc\u2019 yerinde \u00f6\u011frendiler.<\/p>\n<p>Vali M\u00fcnir Raif G\u00fcney \u0130lkokulu 3\/F s\u0131n\u0131f\u0131 \u00f6\u011frencileri; s\u0131n\u0131f \u00f6\u011fretmenleri Elif \u0130lbars rehberli\u011finde, \u00e7evre bilinci kazand\u0131rmaya y\u00f6nelik etkinlik kapsam\u0131nda, Tepeba\u015f\u0131 Belediyesi \u2018Sukurusu Uygulama Merkezi\u2019ni ziyaret ettiler. Ger\u00e7ekle\u015ftirilen gezide \u00f6\u011frenciler; \u2018geri d\u00f6n\u00fc\u015f\u00fcm\u00fcn \u00f6nemi\u2019, \u2018at\u0131klar\u0131n ayr\u0131\u015ft\u0131r\u0131lmas\u0131\u2019 ve \u2018do\u011faya olan katk\u0131lar\u0131\u2019 hakk\u0131nda uzmanlardan bilgi ald\u0131lar. Etkinli\u011fin en dikkat \u00e7ekici b\u00f6l\u00fcm\u00fcnde ise \u00f6\u011frenciler, at\u0131k k\u00e2\u011f\u0131tlar\u0131 kullanarak kendi k\u00e2\u011f\u0131tlar\u0131n\u0131 \u00fcretme f\u0131rsat\u0131 buldular. Hem e\u011flenip hem de geri d\u00f6n\u00fc\u015f\u00fcm\u00fc yerinde \u00f6\u011frenen \u00f6\u011frenciler; \u2018geri d\u00f6n\u00fc\u015f\u00fcm\u00fcn\u2019 yaln\u0131zca bir zorunluluk de\u011fil, ayn\u0131 zamanda \u00fcretken bir s\u00fcre\u00e7 oldu\u011funu deneyimleyerek ke\u015ffettiler.<\/p>\n<p>Bu anlaml\u0131 etkinlik sayesinde; \u00f6\u011frencilerde, \u00e7evreye duyarl\u0131l\u0131k bilinci g\u00fc\u00e7lendi. \u00d6\u011frencilerin s\u00fcrd\u00fcr\u00fclebilir ya\u015fam konusunda fark\u0131ndal\u0131klar\u0131 da artm\u0131\u015f oldu.<\/p>\n<p><img loading=\"lazy\" decoding=\"async\" class=\"alignnone size-medium wp-image-34614\" src=\"https:\/\/avrupapress.com\/main\/wp-content\/uploads\/2026\/05\/WhatsApp-Image-2026-05-01-at-18.15.56-2-1-300x225.jpeg\" alt=\"\" width=\"300\" height=\"225\" srcset=\"https:\/\/avrupapress.com\/main\/wp-content\/uploads\/2026\/05\/WhatsApp-Image-2026-05-01-at-18.15.56-2-1-300x225.jpeg 300w, https:\/\/avrupapress.com\/main\/wp-content\/uploads\/2026\/05\/WhatsApp-Image-2026-05-01-at-18.15.56-2-1-1024x768.jpeg 1024w, https:\/\/avrupapress.com\/main\/wp-content\/uploads\/2026\/05\/WhatsApp-Image-2026-05-01-at-18.15.56-2-1-768x576.jpeg 768w, https:\/\/avrupapress.com\/main\/wp-content\/uploads\/2026\/05\/WhatsApp-Image-2026-05-01-at-18.15.56-2-1-1536x1152.jpeg 1536w, https:\/\/avrupapress.com\/main\/wp-content\/uploads\/2026\/05\/WhatsApp-Image-2026-05-01-at-18.15.56-2-1.jpeg 1600w\" sizes=\"auto, (max-width: 300px) 100vw, 300px\" \/><\/p>\n<p><img loading=\"lazy\" decoding=\"async\" class=\"alignnone size-medium wp-image-34615\" src=\"https:\/\/avrupapress.com\/main\/wp-content\/uploads\/2026\/05\/WhatsApp-Image-2026-05-01-at-18.16.05-300x225.jpeg\" alt=\"\" width=\"300\" height=\"225\" srcset=\"https:\/\/avrupapress.com\/main\/wp-content\/uploads\/2026\/05\/WhatsApp-Image-2026-05-01-at-18.16.05-300x225.jpeg 300w, https:\/\/avrupapress.com\/main\/wp-content\/uploads\/2026\/05\/WhatsApp-Image-2026-05-01-at-18.16.05-1024x768.jpeg 1024w, https:\/\/avrupapress.com\/main\/wp-content\/uploads\/2026\/05\/WhatsApp-Image-2026-05-01-at-18.16.05-768x576.jpeg 768w, https:\/\/avrupapress.com\/main\/wp-content\/uploads\/2026\/05\/WhatsApp-Image-2026-05-01-at-18.16.05-1536x1152.jpeg 1536w, https:\/\/avrupapress.com\/main\/wp-content\/uploads\/2026\/05\/WhatsApp-Image-2026-05-01-at-18.16.05.jpeg 1600w\" sizes=\"auto, (max-width: 300px) 100vw, 300px\" \/><\/p>\n<p><strong>HABER \/ FOTO\u011eRAF: ERTU\u011eRUL ALTINEL \u2013 B\u0130LG\u0130N \u00d6Z\u00c7\u0130FT\u00c7\u0130 \u2013 AVRUPA PRESS \u2013 BEL\u00c7\u0130KA.<\/strong><\/p>\n","protected":false},"excerpt":{"rendered":"<p>Eski\u015fehir Vali M\u00fcnir Raif G\u00fcney \u0130lkokulu minik \u00f6\u011frencileri, \u2018geri d\u00f6n\u00fc\u015f\u00fcm\u00fc\u2019 yerinde \u00f6\u011frendiler HABER \/ FOTO\u011eRAF: ERTU\u011eRUL ALTINEL \u2013 B\u0130LG\u0130N \u00d6Z\u00c7\u0130FT\u00c7\u0130 \u2013 AVRUPA PRESS \u2013 BEL\u00c7\u0130KA. Eski\u015fehir Vali M\u00fcnir Raif G\u00fcney \u0130lkokulu minik \u00f6\u011frencileri, \u2018geri d\u00f6n\u00fc\u015f\u00fcm\u00fc\u2019 yerinde \u00f6\u011frendiler. Vali M\u00fcnir Raif G\u00fcney \u0130lkokulu 3\/F s\u0131n\u0131f\u0131 \u00f6\u011frencileri; s\u0131n\u0131f \u00f6\u011fretmenleri Elif \u0130lbars rehberli\u011finde, \u00e7evre bilinci kazand\u0131rmaya y\u00f6nelik etkinlik [&hellip;]<\/p>\n","protected":false},"author":3,"featured_media":34615,"comment_status":"closed","ping_status":"open","sticky":false,"template":"","format":"standard","meta":{"footnotes":""},"categories":[14,16,3,17,18,15,19,2,1],"tags":[],"class_list":["post-34613","post","type-post","status-publish","format-standard","has-post-thumbnail","hentry","category-avrupa","category-belcika","category-dunya","category-ekonomi","category-kultur-sanat","category-spor","category-tanitim","category-turkiye","category-uncategorized"],"yoast_head":"<!-- This site is optimized with the Yoast SEO plugin v26.9 - https:\/\/yoast.com\/product\/yoast-seo-wordpress\/ -->\n<title>Eski\u015fehir Vali M\u00fcnir Raif G\u00fcney \u0130lkokulu minik \u00f6\u011frencileri, \u2018geri d\u00f6n\u00fc\u015f\u00fcm\u00fc\u2019 yerinde \u00f6\u011frendiler - AvrupaPress<\/title>\n<meta name=\"robots\" content=\"index, follow, max-snippet:-1, max-image-preview:large, max-video-preview:-1\" \/>\n<link rel=\"canonical\" href=\"https:\/\/avrupapress.com\/main\/2026\/05\/01\/eskisehir-vali-munir-raif-guney-ilkokulu-minik-ogrencileri-geri-donusumu-yerinde-ogrendiler\/\" \/>\n<meta property=\"og:locale\" content=\"fr_FR\" \/>\n<meta property=\"og:type\" content=\"article\" \/>\n<meta property=\"og:title\" content=\"Eski\u015fehir Vali M\u00fcnir Raif G\u00fcney \u0130lkokulu minik \u00f6\u011frencileri, \u2018geri d\u00f6n\u00fc\u015f\u00fcm\u00fc\u2019 yerinde \u00f6\u011frendiler - AvrupaPress\" \/>\n<meta property=\"og:description\" content=\"Eski\u015fehir Vali M\u00fcnir Raif G\u00fcney \u0130lkokulu minik \u00f6\u011frencileri, \u2018geri d\u00f6n\u00fc\u015f\u00fcm\u00fc\u2019 yerinde \u00f6\u011frendiler HABER \/ FOTO\u011eRAF: ERTU\u011eRUL ALTINEL \u2013 B\u0130LG\u0130N \u00d6Z\u00c7\u0130FT\u00c7\u0130 \u2013 AVRUPA PRESS \u2013 BEL\u00c7\u0130KA. Eski\u015fehir Vali M\u00fcnir Raif G\u00fcney \u0130lkokulu minik \u00f6\u011frencileri, \u2018geri d\u00f6n\u00fc\u015f\u00fcm\u00fc\u2019 yerinde \u00f6\u011frendiler. Vali M\u00fcnir Raif G\u00fcney \u0130lkokulu 3\/F s\u0131n\u0131f\u0131 \u00f6\u011frencileri; s\u0131n\u0131f \u00f6\u011fretmenleri Elif \u0130lbars rehberli\u011finde, \u00e7evre bilinci kazand\u0131rmaya y\u00f6nelik etkinlik [&hellip;]\" \/>\n<meta property=\"og:url\" content=\"https:\/\/avrupapress.com\/main\/2026\/05\/01\/eskisehir-vali-munir-raif-guney-ilkokulu-minik-ogrencileri-geri-donusumu-yerinde-ogrendiler\/\" \/>\n<meta property=\"og:site_name\" content=\"AvrupaPress\" \/>\n<meta property=\"article:published_time\" content=\"2026-05-01T22:20:00+00:00\" \/>\n<meta property=\"article:modified_time\" content=\"2026-05-01T22:21:27+00:00\" \/>\n<meta property=\"og:image\" content=\"https:\/\/avrupapress.com\/main\/wp-content\/uploads\/2026\/05\/WhatsApp-Image-2026-05-01-at-18.16.05.jpeg\" \/>\n\t<meta property=\"og:image:width\" content=\"1600\" \/>\n\t<meta property=\"og:image:height\" content=\"1200\" \/>\n\t<meta property=\"og:image:type\" content=\"image\/jpeg\" \/>\n<meta name=\"author\" content=\"Edit\u00f6r\" \/>\n<meta name=\"twitter:card\" content=\"summary_large_image\" \/>\n<meta name=\"twitter:label1\" content=\"\u00c9crit par\" \/>\n\t<meta name=\"twitter:data1\" content=\"Edit\u00f6r\" \/>\n\t<meta name=\"twitter:label2\" content=\"Dur\u00e9e de lecture est.\" \/>\n\t<meta name=\"twitter:data2\" content=\"2 minutes\" \/>\n<script type=\"application\/ld+json\" class=\"yoast-schema-graph\">{\"@context\":\"https:\/\/schema.org\",\"@graph\":[{\"@type\":\"Article\",\"@id\":\"https:\/\/avrupapress.com\/main\/2026\/05\/01\/eskisehir-vali-munir-raif-guney-ilkokulu-minik-ogrencileri-geri-donusumu-yerinde-ogrendiler\/#article\",\"isPartOf\":{\"@id\":\"https:\/\/avrupapress.com\/main\/2026\/05\/01\/eskisehir-vali-munir-raif-guney-ilkokulu-minik-ogrencileri-geri-donusumu-yerinde-ogrendiler\/\"},\"author\":{\"name\":\"Edit\u00f6r\",\"@id\":\"https:\/\/avrupapress.com\/#\/schema\/person\/68428444ec60970d1e1b700cf4ca1e8f\"},\"headline\":\"Eski\u015fehir Vali M\u00fcnir Raif G\u00fcney \u0130lkokulu minik \u00f6\u011frencileri, \u2018geri d\u00f6n\u00fc\u015f\u00fcm\u00fc\u2019 yerinde \u00f6\u011frendiler\",\"datePublished\":\"2026-05-01T22:20:00+00:00\",\"dateModified\":\"2026-05-01T22:21:27+00:00\",\"mainEntityOfPage\":{\"@id\":\"https:\/\/avrupapress.com\/main\/2026\/05\/01\/eskisehir-vali-munir-raif-guney-ilkokulu-minik-ogrencileri-geri-donusumu-yerinde-ogrendiler\/\"},\"wordCount\":232,\"publisher\":{\"@id\":\"https:\/\/avrupapress.com\/#\/schema\/person\/0223dca19c72c43575bf30d1a2d8f4fa\"},\"image\":{\"@id\":\"https:\/\/avrupapress.com\/main\/2026\/05\/01\/eskisehir-vali-munir-raif-guney-ilkokulu-minik-ogrencileri-geri-donusumu-yerinde-ogrendiler\/#primaryimage\"},\"thumbnailUrl\":\"https:\/\/avrupapress.com\/main\/wp-content\/uploads\/2026\/05\/WhatsApp-Image-2026-05-01-at-18.16.05.jpeg\",\"articleSection\":[\"Avrupa\",\"Bel\u00e7ika\",\"D\u00fcnya\",\"Ekonomi\",\"K\u00fclt\u00fcr-Sanat\",\"Spor\",\"Tan\u0131t\u0131m\",\"T\u00fcrkiye\",\"Uncategorized\"],\"inLanguage\":\"fr-BE\"},{\"@type\":\"WebPage\",\"@id\":\"https:\/\/avrupapress.com\/main\/2026\/05\/01\/eskisehir-vali-munir-raif-guney-ilkokulu-minik-ogrencileri-geri-donusumu-yerinde-ogrendiler\/\",\"url\":\"https:\/\/avrupapress.com\/main\/2026\/05\/01\/eskisehir-vali-munir-raif-guney-ilkokulu-minik-ogrencileri-geri-donusumu-yerinde-ogrendiler\/\",\"name\":\"Eski\u015fehir Vali M\u00fcnir Raif G\u00fcney \u0130lkokulu minik \u00f6\u011frencileri, \u2018geri d\u00f6n\u00fc\u015f\u00fcm\u00fc\u2019 yerinde \u00f6\u011frendiler - AvrupaPress\",\"isPartOf\":{\"@id\":\"https:\/\/avrupapress.com\/#website\"},\"primaryImageOfPage\":{\"@id\":\"https:\/\/avrupapress.com\/main\/2026\/05\/01\/eskisehir-vali-munir-raif-guney-ilkokulu-minik-ogrencileri-geri-donusumu-yerinde-ogrendiler\/#primaryimage\"},\"image\":{\"@id\":\"https:\/\/avrupapress.com\/main\/2026\/05\/01\/eskisehir-vali-munir-raif-guney-ilkokulu-minik-ogrencileri-geri-donusumu-yerinde-ogrendiler\/#primaryimage\"},\"thumbnailUrl\":\"https:\/\/avrupapress.com\/main\/wp-content\/uploads\/2026\/05\/WhatsApp-Image-2026-05-01-at-18.16.05.jpeg\",\"datePublished\":\"2026-05-01T22:20:00+00:00\",\"dateModified\":\"2026-05-01T22:21:27+00:00\",\"breadcrumb\":{\"@id\":\"https:\/\/avrupapress.com\/main\/2026\/05\/01\/eskisehir-vali-munir-raif-guney-ilkokulu-minik-ogrencileri-geri-donusumu-yerinde-ogrendiler\/#breadcrumb\"},\"inLanguage\":\"fr-BE\",\"potentialAction\":[{\"@type\":\"ReadAction\",\"target\":[\"https:\/\/avrupapress.com\/main\/2026\/05\/01\/eskisehir-vali-munir-raif-guney-ilkokulu-minik-ogrencileri-geri-donusumu-yerinde-ogrendiler\/\"]}]},{\"@type\":\"ImageObject\",\"inLanguage\":\"fr-BE\",\"@id\":\"https:\/\/avrupapress.com\/main\/2026\/05\/01\/eskisehir-vali-munir-raif-guney-ilkokulu-minik-ogrencileri-geri-donusumu-yerinde-ogrendiler\/#primaryimage\",\"url\":\"https:\/\/avrupapress.com\/main\/wp-content\/uploads\/2026\/05\/WhatsApp-Image-2026-05-01-at-18.16.05.jpeg\",\"contentUrl\":\"https:\/\/avrupapress.com\/main\/wp-content\/uploads\/2026\/05\/WhatsApp-Image-2026-05-01-at-18.16.05.jpeg\",\"width\":1600,\"height\":1200},{\"@type\":\"BreadcrumbList\",\"@id\":\"https:\/\/avrupapress.com\/main\/2026\/05\/01\/eskisehir-vali-munir-raif-guney-ilkokulu-minik-ogrencileri-geri-donusumu-yerinde-ogrendiler\/#breadcrumb\",\"itemListElement\":[{\"@type\":\"ListItem\",\"position\":1,\"name\":\"Anasayfa\",\"item\":\"https:\/\/avrupapress.com\/\"},{\"@type\":\"ListItem\",\"position\":2,\"name\":\"Eski\u015fehir Vali M\u00fcnir Raif G\u00fcney \u0130lkokulu minik \u00f6\u011frencileri, \u2018geri d\u00f6n\u00fc\u015f\u00fcm\u00fc\u2019 yerinde \u00f6\u011frendiler\"}]},{\"@type\":\"WebSite\",\"@id\":\"https:\/\/avrupapress.com\/#website\",\"url\":\"https:\/\/avrupapress.com\/\",\"name\":\"AvrupaPress\",\"description\":\"Haberin Adresi\",\"publisher\":{\"@id\":\"https:\/\/avrupapress.com\/#\/schema\/person\/0223dca19c72c43575bf30d1a2d8f4fa\"},\"potentialAction\":[{\"@type\":\"SearchAction\",\"target\":{\"@type\":\"EntryPoint\",\"urlTemplate\":\"https:\/\/avrupapress.com\/?s={search_term_string}\"},\"query-input\":{\"@type\":\"PropertyValueSpecification\",\"valueRequired\":true,\"valueName\":\"search_term_string\"}}],\"inLanguage\":\"fr-BE\"},{\"@type\":[\"Person\",\"Organization\"],\"@id\":\"https:\/\/avrupapress.com\/#\/schema\/person\/0223dca19c72c43575bf30d1a2d8f4fa\",\"name\":\"Bilgin \u00d6z\u00e7ift\u00e7i\",\"image\":{\"@type\":\"ImageObject\",\"inLanguage\":\"fr-BE\",\"@id\":\"https:\/\/avrupapress.com\/#\/schema\/person\/image\/\",\"url\":\"https:\/\/secure.gravatar.com\/avatar\/0f23b280433a21e1ea7a0adcc46ed0ad16afe3ad8e630fd13d8a017dcbd54ef3?s=96&d=mm&r=g\",\"contentUrl\":\"https:\/\/secure.gravatar.com\/avatar\/0f23b280433a21e1ea7a0adcc46ed0ad16afe3ad8e630fd13d8a017dcbd54ef3?s=96&d=mm&r=g\",\"caption\":\"Bilgin \u00d6z\u00e7ift\u00e7i\"},\"logo\":{\"@id\":\"https:\/\/avrupapress.com\/#\/schema\/person\/image\/\"},\"description\":\"Ne ben, nede sen... Biz ancak \\\"biz\\\" olursak g\u00fc\u00e7l\u00fc olabiliriz\"},{\"@type\":\"Person\",\"@id\":\"https:\/\/avrupapress.com\/#\/schema\/person\/68428444ec60970d1e1b700cf4ca1e8f\",\"name\":\"Edit\u00f6r\",\"image\":{\"@type\":\"ImageObject\",\"inLanguage\":\"fr-BE\",\"@id\":\"https:\/\/avrupapress.com\/#\/schema\/person\/image\/\",\"url\":\"https:\/\/secure.gravatar.com\/avatar\/74996b0977aa5f1559ba9883776652508b229005c0d78fb2597897f0bd651c09?s=96&d=mm&r=g\",\"contentUrl\":\"https:\/\/secure.gravatar.com\/avatar\/74996b0977aa5f1559ba9883776652508b229005c0d78fb2597897f0bd651c09?s=96&d=mm&r=g\",\"caption\":\"Edit\u00f6r\"},\"sameAs\":[\"http:\/\/www.avrupapress.com\"],\"url\":\"https:\/\/avrupapress.com\/main\/author\/editor\/\"}]}<\/script>\n<!-- \/ Yoast SEO plugin. -->","yoast_head_json":{"title":"Eski\u015fehir Vali M\u00fcnir Raif G\u00fcney \u0130lkokulu minik \u00f6\u011frencileri, \u2018geri d\u00f6n\u00fc\u015f\u00fcm\u00fc\u2019 yerinde \u00f6\u011frendiler - AvrupaPress","robots":{"index":"index","follow":"follow","max-snippet":"max-snippet:-1","max-image-preview":"max-image-preview:large","max-video-preview":"max-video-preview:-1"},"canonical":"https:\/\/avrupapress.com\/main\/2026\/05\/01\/eskisehir-vali-munir-raif-guney-ilkokulu-minik-ogrencileri-geri-donusumu-yerinde-ogrendiler\/","og_locale":"fr_FR","og_type":"article","og_title":"Eski\u015fehir Vali M\u00fcnir Raif G\u00fcney \u0130lkokulu minik \u00f6\u011frencileri, \u2018geri d\u00f6n\u00fc\u015f\u00fcm\u00fc\u2019 yerinde \u00f6\u011frendiler - AvrupaPress","og_description":"Eski\u015fehir Vali M\u00fcnir Raif G\u00fcney \u0130lkokulu minik \u00f6\u011frencileri, \u2018geri d\u00f6n\u00fc\u015f\u00fcm\u00fc\u2019 yerinde \u00f6\u011frendiler HABER \/ FOTO\u011eRAF: ERTU\u011eRUL ALTINEL \u2013 B\u0130LG\u0130N \u00d6Z\u00c7\u0130FT\u00c7\u0130 \u2013 AVRUPA PRESS \u2013 BEL\u00c7\u0130KA. Eski\u015fehir Vali M\u00fcnir Raif G\u00fcney \u0130lkokulu minik \u00f6\u011frencileri, \u2018geri d\u00f6n\u00fc\u015f\u00fcm\u00fc\u2019 yerinde \u00f6\u011frendiler. Vali M\u00fcnir Raif G\u00fcney \u0130lkokulu 3\/F s\u0131n\u0131f\u0131 \u00f6\u011frencileri; s\u0131n\u0131f \u00f6\u011fretmenleri Elif \u0130lbars rehberli\u011finde, \u00e7evre bilinci kazand\u0131rmaya y\u00f6nelik etkinlik [&hellip;]","og_url":"https:\/\/avrupapress.com\/main\/2026\/05\/01\/eskisehir-vali-munir-raif-guney-ilkokulu-minik-ogrencileri-geri-donusumu-yerinde-ogrendiler\/","og_site_name":"AvrupaPress","article_published_time":"2026-05-01T22:20:00+00:00","article_modified_time":"2026-05-01T22:21:27+00:00","og_image":[{"width":1600,"height":1200,"url":"https:\/\/avrupapress.com\/main\/wp-content\/uploads\/2026\/05\/WhatsApp-Image-2026-05-01-at-18.16.05.jpeg","type":"image\/jpeg"}],"author":"Edit\u00f6r","twitter_card":"summary_large_image","twitter_misc":{"\u00c9crit par":"Edit\u00f6r","Dur\u00e9e de lecture est.":"2 minutes"},"schema":{"@context":"https:\/\/schema.org","@graph":[{"@type":"Article","@id":"https:\/\/avrupapress.com\/main\/2026\/05\/01\/eskisehir-vali-munir-raif-guney-ilkokulu-minik-ogrencileri-geri-donusumu-yerinde-ogrendiler\/#article","isPartOf":{"@id":"https:\/\/avrupapress.com\/main\/2026\/05\/01\/eskisehir-vali-munir-raif-guney-ilkokulu-minik-ogrencileri-geri-donusumu-yerinde-ogrendiler\/"},"author":{"name":"Edit\u00f6r","@id":"https:\/\/avrupapress.com\/#\/schema\/person\/68428444ec60970d1e1b700cf4ca1e8f"},"headline":"Eski\u015fehir Vali M\u00fcnir Raif G\u00fcney \u0130lkokulu minik \u00f6\u011frencileri, \u2018geri d\u00f6n\u00fc\u015f\u00fcm\u00fc\u2019 yerinde \u00f6\u011frendiler","datePublished":"2026-05-01T22:20:00+00:00","dateModified":"2026-05-01T22:21:27+00:00","mainEntityOfPage":{"@id":"https:\/\/avrupapress.com\/main\/2026\/05\/01\/eskisehir-vali-munir-raif-guney-ilkokulu-minik-ogrencileri-geri-donusumu-yerinde-ogrendiler\/"},"wordCount":232,"publisher":{"@id":"https:\/\/avrupapress.com\/#\/schema\/person\/0223dca19c72c43575bf30d1a2d8f4fa"},"image":{"@id":"https:\/\/avrupapress.com\/main\/2026\/05\/01\/eskisehir-vali-munir-raif-guney-ilkokulu-minik-ogrencileri-geri-donusumu-yerinde-ogrendiler\/#primaryimage"},"thumbnailUrl":"https:\/\/avrupapress.com\/main\/wp-content\/uploads\/2026\/05\/WhatsApp-Image-2026-05-01-at-18.16.05.jpeg","articleSection":["Avrupa","Bel\u00e7ika","D\u00fcnya","Ekonomi","K\u00fclt\u00fcr-Sanat","Spor","Tan\u0131t\u0131m","T\u00fcrkiye","Uncategorized"],"inLanguage":"fr-BE"},{"@type":"WebPage","@id":"https:\/\/avrupapress.com\/main\/2026\/05\/01\/eskisehir-vali-munir-raif-guney-ilkokulu-minik-ogrencileri-geri-donusumu-yerinde-ogrendiler\/","url":"https:\/\/avrupapress.com\/main\/2026\/05\/01\/eskisehir-vali-munir-raif-guney-ilkokulu-minik-ogrencileri-geri-donusumu-yerinde-ogrendiler\/","name":"Eski\u015fehir Vali M\u00fcnir Raif G\u00fcney \u0130lkokulu minik \u00f6\u011frencileri, \u2018geri d\u00f6n\u00fc\u015f\u00fcm\u00fc\u2019 yerinde \u00f6\u011frendiler - AvrupaPress","isPartOf":{"@id":"https:\/\/avrupapress.com\/#website"},"primaryImageOfPage":{"@id":"https:\/\/avrupapress.com\/main\/2026\/05\/01\/eskisehir-vali-munir-raif-guney-ilkokulu-minik-ogrencileri-geri-donusumu-yerinde-ogrendiler\/#primaryimage"},"image":{"@id":"https:\/\/avrupapress.com\/main\/2026\/05\/01\/eskisehir-vali-munir-raif-guney-ilkokulu-minik-ogrencileri-geri-donusumu-yerinde-ogrendiler\/#primaryimage"},"thumbnailUrl":"https:\/\/avrupapress.com\/main\/wp-content\/uploads\/2026\/05\/WhatsApp-Image-2026-05-01-at-18.16.05.jpeg","datePublished":"2026-05-01T22:20:00+00:00","dateModified":"2026-05-01T22:21:27+00:00","breadcrumb":{"@id":"https:\/\/avrupapress.com\/main\/2026\/05\/01\/eskisehir-vali-munir-raif-guney-ilkokulu-minik-ogrencileri-geri-donusumu-yerinde-ogrendiler\/#breadcrumb"},"inLanguage":"fr-BE","potentialAction":[{"@type":"ReadAction","target":["https:\/\/avrupapress.com\/main\/2026\/05\/01\/eskisehir-vali-munir-raif-guney-ilkokulu-minik-ogrencileri-geri-donusumu-yerinde-ogrendiler\/"]}]},{"@type":"ImageObject","inLanguage":"fr-BE","@id":"https:\/\/avrupapress.com\/main\/2026\/05\/01\/eskisehir-vali-munir-raif-guney-ilkokulu-minik-ogrencileri-geri-donusumu-yerinde-ogrendiler\/#primaryimage","url":"https:\/\/avrupapress.com\/main\/wp-content\/uploads\/2026\/05\/WhatsApp-Image-2026-05-01-at-18.16.05.jpeg","contentUrl":"https:\/\/avrupapress.com\/main\/wp-content\/uploads\/2026\/05\/WhatsApp-Image-2026-05-01-at-18.16.05.jpeg","width":1600,"height":1200},{"@type":"BreadcrumbList","@id":"https:\/\/avrupapress.com\/main\/2026\/05\/01\/eskisehir-vali-munir-raif-guney-ilkokulu-minik-ogrencileri-geri-donusumu-yerinde-ogrendiler\/#breadcrumb","itemListElement":[{"@type":"ListItem","position":1,"name":"Anasayfa","item":"https:\/\/avrupapress.com\/"},{"@type":"ListItem","position":2,"name":"Eski\u015fehir Vali M\u00fcnir Raif G\u00fcney \u0130lkokulu minik \u00f6\u011frencileri, \u2018geri d\u00f6n\u00fc\u015f\u00fcm\u00fc\u2019 yerinde \u00f6\u011frendiler"}]},{"@type":"WebSite","@id":"https:\/\/avrupapress.com\/#website","url":"https:\/\/avrupapress.com\/","name":"AvrupaPress","description":"Haberin Adresi","publisher":{"@id":"https:\/\/avrupapress.com\/#\/schema\/person\/0223dca19c72c43575bf30d1a2d8f4fa"},"potentialAction":[{"@type":"SearchAction","target":{"@type":"EntryPoint","urlTemplate":"https:\/\/avrupapress.com\/?s={search_term_string}"},"query-input":{"@type":"PropertyValueSpecification","valueRequired":true,"valueName":"search_term_string"}}],"inLanguage":"fr-BE"},{"@type":["Person","Organization"],"@id":"https:\/\/avrupapress.com\/#\/schema\/person\/0223dca19c72c43575bf30d1a2d8f4fa","name":"Bilgin \u00d6z\u00e7ift\u00e7i","image":{"@type":"ImageObject","inLanguage":"fr-BE","@id":"https:\/\/avrupapress.com\/#\/schema\/person\/image\/","url":"https:\/\/secure.gravatar.com\/avatar\/0f23b280433a21e1ea7a0adcc46ed0ad16afe3ad8e630fd13d8a017dcbd54ef3?s=96&d=mm&r=g","contentUrl":"https:\/\/secure.gravatar.com\/avatar\/0f23b280433a21e1ea7a0adcc46ed0ad16afe3ad8e630fd13d8a017dcbd54ef3?s=96&d=mm&r=g","caption":"Bilgin \u00d6z\u00e7ift\u00e7i"},"logo":{"@id":"https:\/\/avrupapress.com\/#\/schema\/person\/image\/"},"description":"Ne ben, nede sen... Biz ancak \"biz\" olursak g\u00fc\u00e7l\u00fc olabiliriz"},{"@type":"Person","@id":"https:\/\/avrupapress.com\/#\/schema\/person\/68428444ec60970d1e1b700cf4ca1e8f","name":"Edit\u00f6r","image":{"@type":"ImageObject","inLanguage":"fr-BE","@id":"https:\/\/avrupapress.com\/#\/schema\/person\/image\/","url":"https:\/\/secure.gravatar.com\/avatar\/74996b0977aa5f1559ba9883776652508b229005c0d78fb2597897f0bd651c09?s=96&d=mm&r=g","contentUrl":"https:\/\/secure.gravatar.com\/avatar\/74996b0977aa5f1559ba9883776652508b229005c0d78fb2597897f0bd651c09?s=96&d=mm&r=g","caption":"Edit\u00f6r"},"sameAs":["http:\/\/www.avrupapress.com"],"url":"https:\/\/avrupapress.com\/main\/author\/editor\/"}]}},"_links":{"self":[{"href":"https:\/\/avrupapress.com\/main\/wp-json\/wp\/v2\/posts\/34613","targetHints":{"allow":["GET"]}}],"collection":[{"href":"https:\/\/avrupapress.com\/main\/wp-json\/wp\/v2\/posts"}],"about":[{"href":"https:\/\/avrupapress.com\/main\/wp-json\/wp\/v2\/types\/post"}],"author":[{"embeddable":true,"href":"https:\/\/avrupapress.com\/main\/wp-json\/wp\/v2\/users\/3"}],"replies":[{"embeddable":true,"href":"https:\/\/avrupapress.com\/main\/wp-json\/wp\/v2\/comments?post=34613"}],"version-history":[{"count":1,"href":"https:\/\/avrupapress.com\/main\/wp-json\/wp\/v2\/posts\/34613\/revisions"}],"predecessor-version":[{"id":34616,"href":"https:\/\/avrupapress.com\/main\/wp-json\/wp\/v2\/posts\/34613\/revisions\/34616"}],"wp:featuredmedia":[{"embeddable":true,"href":"https:\/\/avrupapress.com\/main\/wp-json\/wp\/v2\/media\/34615"}],"wp:attachment":[{"href":"https:\/\/avrupapress.com\/main\/wp-json\/wp\/v2\/media?parent=34613"}],"wp:term":[{"taxonomy":"category","embeddable":true,"href":"https:\/\/avrupapress.com\/main\/wp-json\/wp\/v2\/categories?post=34613"},{"taxonomy":"post_tag","embeddable":true,"href":"https:\/\/avrupapress.com\/main\/wp-json\/wp\/v2\/tags?post=34613"}],"curies":[{"name":"wp","href":"https:\/\/api.w.org\/{rel}","templated":true}]}}